{"id":41231,"date":"2022-08-05T14:20:46","date_gmt":"2022-08-05T12:20:46","guid":{"rendered":"https:\/\/www.laguiadepamplona.com\/actualidad\/?p=41231"},"modified":"2023-04-11T11:47:56","modified_gmt":"2023-04-11T09:47:56","slug":"las-companias-gil-kerer-daniel-abreu-y-ertza-abren-este-sabado-la-septima-edicion-de-danzad-danzad-malditos-que-recupera-su-esencia-itinerante-por-la-ronda-barbazana","status":"publish","type":"post","link":"https:\/\/www.laguiadepamplona.com\/actualidad\/las-companias-gil-kerer-daniel-abreu-y-ertza-abren-este-sabado-la-septima-edicion-de-danzad-danzad-malditos-que-recupera-su-esencia-itinerante-por-la-ronda-barbazana\/","title":{"rendered":"Las compa\u00f1\u00edas Gil Kerer, Daniel Abreu y Ertza abren este s\u00e1bado la s\u00e9ptima edici\u00f3n de Danzad Danzad Malditos que recupera su esencia itinerante por la ronda Barbazana"},"content":{"rendered":"<h5>Los espect\u00e1culos se representar\u00e1n, a partir de las 20 horas, en el rinc\u00f3n del Caballo Blanco, el front\u00f3n Jito Alai y de nuevo en el Caballo Blanco<\/h5>\n<p><!--more--><\/p>\n<p>La s\u00e9ptima edici\u00f3n de Danzad Danzad Malditos comienza ma\u00f1ana s\u00e1bado, a partir de las 20 horas, con los tres primeros espect\u00e1culos incluidos dentro de la programaci\u00f3n del Festival de las Murallas 2022. El ciclo recupera su esencia itinerante tras los dos a\u00f1os de pandemia y volver\u00e1 a presentar propuestas art\u00edsticas en el rinc\u00f3n del Caballo Blanco, en el front\u00f3n Jito Alai y de nuevo en el Caballo Blanco, a trav\u00e9s de un recorrido por la ronda Barbazana en el que combinar\u00e1n la danza y el parkour, disciplina que acompa\u00f1ar\u00e1 al p\u00fablico durante las transiciones a los espacios<\/p>\n<p>La tarde la abrir\u00e1 en el Caballo Blanco el bailar\u00edn y core\u00f3grafo israel\u00ed Gil Kerer con su pieza titulada \u2018Concerto for Mandolin and Strings in C Major by Vivaldi\u2019. La coreograf\u00eda es una especie de danza adulta, juvenil, infantil, con la m\u00fasica y la danza como celebraci\u00f3n, como espacio de libertad, de sencillez, de virtuosismo, de intimidad, de diversi\u00f3n y de amistad. Gil Kerer comenz\u00f3 su camino profesional en KCDC y en Vertigo Dance Company, y desde entonces ha trabajado con numerosos core\u00f3grafos independientes. En 2011 cre\u00f3 su primer solo, \u2018Dive\u2019 con Anat Cederbaum, que gan\u00f3 el primer premio para core\u00f3grafos noveles en el Mash Festival en Jerusal\u00e9n. Desde 2015 trabaja como core\u00f3grafo independiente, actuando y realizando giras con sus piezas por todo el mundo, mientras imparte talleres creativos y art\u00edsticos.<br \/>\n<script async src=\"\/\/pagead2.googlesyndication.com\/pagead\/js\/adsbygoogle.js\"><\/script><br \/>\n<!-- Noticias La Guia de Pamplona --><br \/>\n<ins class=\"adsbygoogle\"\nstyle=\"display:block\"\ndata-ad-client=\"ca-pub-6943679897239327\"\ndata-ad-slot=\"7048180777\"\ndata-ad-format=\"auto\"><\/ins><br \/>\n<script>\n(adsbygoogle = window.adsbygoogle || []).push({});\n<\/script><\/p>\n<p>\u2018\u00cdndico\u2019 es la propuesta que acercar\u00e1 al Jito Alai la compa\u00f1\u00eda canaria Daniel Abreu. El montaje se concibe con la idea de un cuerpo que se contornea en caminos invisibles, que parece chocar contra otros gestos, ideas, densidades\u2026, que va construy\u00e9ndose en un camino que, aunque accidentado, le conforma, como las l\u00edneas del rostro que nunca veremos. Daniel Abreu es un bailar\u00edn y core\u00f3grafo que lleva casi m\u00e1s de 20 a\u00f1os de trayectoria como m\u00e1s de 60 creaciones que ha podido presentar a nivel nacional e internacional. Posee varios galardones como bailar\u00edn y core\u00f3grafo, as\u00ed como otros reconocimientos.<\/p>\n<p>Ya de vuelta en el Caballo Blanco, la compa\u00f1\u00eda Ertza Sorkuntza Artistikoa presentar\u00e1 \u2018Otempodiz\u2019. El tiempo se puede vivir de muchas maneras, incluso ser esclavo de \u00e9l, pero lo que no se puede negar, y esto es v\u00e1lido para cualquier rinc\u00f3n del mundo, es el poder que da la danza, sea cual sea su origen, g\u00e9nero o condici\u00f3n, para vivir el tiempo en un presente absoluto. \u2018Otempodiz\u2019 (El tiempo dice) es el resultado de un proyecto de intercambio y creaci\u00f3n art\u00edstica bidireccional, entre Mozambique y Pa\u00eds Vasco, que\u00a0quiere\u00a0ofrecer\u00a0una oportunidad laboral\u00a0y las herramientas b\u00e1sicas para poder desenvolverse por su propia cuenta en los circuitos internacionales de la danza\u00a0a dos bailarines de\u00a0Maputo.<\/p>\n<p>El ciclo, coordinado un a\u00f1o m\u00e1s por la bailarina y core\u00f3grafa Carmen Larraz, continuar\u00e1 los s\u00e1bados 13 y 20 de agosto, con nuevas propuestas a cargo de compa\u00f1\u00edas nacionales e internacionales. El 12 de agosto presentar\u00e1n sus montajes la compa\u00f1\u00eda Elelei (\u2018A ciegas\u2019), Silvia Batet (\u2018Oblivion\u2019) y Melissa Castillo (\u2018Fuga\u2019). El cierre del programa lo pondr\u00e1n el s\u00e1bado 19 de agosto Areli Mor\u00e1n (\u2018Seguir el curso de una acci\u00f3n particular\u2019), Stefano Mattiello y Clarissa Costagliola (\u2018Entre el v\u00ednculo y la ruptura\u2019) y Anuar Daemon (\u2018Vogue\u2019).<br \/>\n<script async src=\"\/\/pagead2.googlesyndication.com\/pagead\/js\/adsbygoogle.js\"><\/script><br \/>\n<!-- Noticias La Guia de Pamplona --><br \/>\n<ins class=\"adsbygoogle\"\nstyle=\"display:block\"\ndata-ad-client=\"ca-pub-6943679897239327\"\ndata-ad-slot=\"7048180777\"\ndata-ad-format=\"auto\"><\/ins><br \/>\n<script>\n(adsbygoogle = window.adsbygoogle || []).push({});\n<\/script><\/p>\n<p>&nbsp;<\/p>\n<h3>Danzad Danzad Malditos. S\u00e1bados 6, 13 y 20 de agosto. Festival de las Murallas 2022<\/h3>\n<ul>\n<li><strong>S\u00e1bado 6 de agosto. 20:00 horas<\/strong>\n<ul>\n<li>CABALLO BLANCO. \u2018Concerto for Mandolin and Strings in C Major by Vivaldi\u2019. Gil Kerer (Israel)<\/li>\n<li>JITO ALAI. \u2018Indico\u2019. Daniel Abreu (Islas Canarias)<\/li>\n<li>CABALLO BLANCO. \u2018Otempodiz\u2019. C\u00eda Ertza (Pa\u00eds Vasco)<\/li>\n<\/ul>\n<\/li>\n<li><strong>S\u00e1bado 13 de agosto. 20:00 horas<\/strong>\n<ul>\n<li>CABALLO BLANCO. \u2018A ciegas. C\u00eda Elelei (Catalu\u00f1a)<\/li>\n<li>JITO ALAI. \u2018Oblivion\u2019. Silvia Batet (Catalu\u00f1a)<\/li>\n<li>CABALLO BLANCO. \u2018Fuga\u2019. Melissa Castillo (M\u00e9xico)<\/li>\n<\/ul>\n<\/li>\n<li><strong>S\u00e1bado 20 de agosto. 20:00 horas<\/strong>\n<ul>\n<li>CABALLO BLANCO. \u2018Seguir el curso de una acci\u00f3n en particular. Areli Mor\u00e1n (Berl\u00edn\/M\u00e9xico)<\/li>\n<li>JITO ALAI. \u2018Entre el v\u00ednculo y la ruptura\u2019. Stefano Mattiello y Clarissa Costagliola, (Italia\/Pamplona)<\/li>\n<li>CABALLO BLANCO. \u2018Vogue\u2019. Anuar Daemon (Pamplona)<\/li>\n<\/ul>\n<\/li>\n<\/ul>\n","protected":false},"excerpt":{"rendered":"<p>Los espect\u00e1culos se representar\u00e1n, a partir de las 20 horas, en el rinc\u00f3n del Caballo Blanco, el front\u00f3n Jito Alai y de nuevo en el Caballo Blanco<\/p>\n","protected":false},"author":1,"featured_media":41232,"comment_status":"open","ping_status":"closed","sticky":false,"template":"","format":"standard","meta":{"footnotes":""},"categories":[2],"tags":[],"class_list":["post-41231","post","type-post","status-publish","format-standard","has-post-thumbnail","hentry","category-ayuntamiento-pamplona"],"yoast_head":"<!-- This site is optimized with the Yoast SEO plugin v27.3 - https:\/\/yoast.com\/product\/yoast-seo-wordpress\/ -->\n<title>Las compa\u00f1\u00edas Gil Kerer, Daniel Abreu y Ertza abren este s\u00e1bado la s\u00e9ptima edici\u00f3n de Danzad Danzad Malditos que recupera su esencia itinerante por la ronda Barbazana<\/title>\n<meta name=\"description\" content=\"Los espect\u00e1culos se representar\u00e1n, a partir de las 20 horas, en el rinc\u00f3n del Caballo Blanco, el front\u00f3n Jito Alai y de nuevo en el Caballo Blanco\" \/>\n<meta name=\"robots\" content=\"index, follow, max-snippet:-1, max-image-preview:large, max-video-preview:-1\" \/>\n<link rel=\"canonical\" href=\"https:\/\/www.laguiadepamplona.com\/actualidad\/las-companias-gil-kerer-daniel-abreu-y-ertza-abren-este-sabado-la-septima-edicion-de-danzad-danzad-malditos-que-recupera-su-esencia-itinerante-por-la-ronda-barbazana\/\" \/>\n<meta property=\"og:locale\" content=\"es_ES\" \/>\n<meta property=\"og:type\" content=\"article\" \/>\n<meta property=\"og:title\" content=\"Las compa\u00f1\u00edas Gil Kerer, Daniel Abreu y Ertza abren este s\u00e1bado la s\u00e9ptima edici\u00f3n de Danzad Danzad Malditos que recupera su esencia itinerante por la ronda Barbazana\" \/>\n<meta property=\"og:description\" content=\"Los espect\u00e1culos se representar\u00e1n, a partir de las 20 horas, en el rinc\u00f3n del Caballo Blanco, el front\u00f3n Jito Alai y de nuevo en el Caballo Blanco\" \/>\n<meta property=\"og:url\" content=\"https:\/\/www.laguiadepamplona.com\/actualidad\/las-companias-gil-kerer-daniel-abreu-y-ertza-abren-este-sabado-la-septima-edicion-de-danzad-danzad-malditos-que-recupera-su-esencia-itinerante-por-la-ronda-barbazana\/\" \/>\n<meta property=\"og:site_name\" content=\"La Gu\u00eda de Pamplona\" \/>\n<meta property=\"article:publisher\" content=\"https:\/\/www.facebook.com\/laguiadepamplonacom-133175176762273\/?ref=hl\" \/>\n<meta property=\"article:published_time\" content=\"2022-08-05T12:20:46+00:00\" \/>\n<meta property=\"article:modified_time\" content=\"2023-04-11T09:47:56+00:00\" \/>\n<meta property=\"og:image\" content=\"https:\/\/www.laguiadepamplona.com\/actualidad\/wp-content\/uploads\/2022\/08\/ertzaotempodiz-2_0.webp\" \/>\n\t<meta property=\"og:image:width\" content=\"1920\" \/>\n\t<meta property=\"og:image:height\" content=\"1280\" \/>\n\t<meta property=\"og:image:type\" content=\"image\/webp\" \/>\n<meta name=\"author\" content=\"La Gu\u00eda de Pamplona\" \/>\n<meta name=\"twitter:card\" content=\"summary_large_image\" \/>\n<meta name=\"twitter:creator\" content=\"@LaGuiadPamplona\" \/>\n<meta name=\"twitter:site\" content=\"@LaGuiadPamplona\" \/>\n<meta name=\"twitter:label1\" content=\"Escrito por\" \/>\n\t<meta name=\"twitter:data1\" content=\"La Gu\u00eda de Pamplona\" \/>\n\t<meta name=\"twitter:label2\" content=\"Tiempo de lectura\" \/>\n\t<meta name=\"twitter:data2\" content=\"4 minutos\" \/>\n<script type=\"application\/ld+json\" class=\"yoast-schema-graph\">{\"@context\":\"https:\\\/\\\/schema.org\",\"@graph\":[{\"@type\":\"Article\",\"@id\":\"https:\\\/\\\/www.laguiadepamplona.com\\\/actualidad\\\/las-companias-gil-kerer-daniel-abreu-y-ertza-abren-este-sabado-la-septima-edicion-de-danzad-danzad-malditos-que-recupera-su-esencia-itinerante-por-la-ronda-barbazana\\\/#article\",\"isPartOf\":{\"@id\":\"https:\\\/\\\/www.laguiadepamplona.com\\\/actualidad\\\/las-companias-gil-kerer-daniel-abreu-y-ertza-abren-este-sabado-la-septima-edicion-de-danzad-danzad-malditos-que-recupera-su-esencia-itinerante-por-la-ronda-barbazana\\\/\"},\"author\":{\"name\":\"La Gu\u00eda de Pamplona\",\"@id\":\"https:\\\/\\\/www.laguiadepamplona.com\\\/actualidad\\\/#\\\/schema\\\/person\\\/efe887376f0213d4657c93adc50b1fdb\"},\"headline\":\"Las compa\u00f1\u00edas Gil Kerer, Daniel Abreu y Ertza abren este s\u00e1bado la s\u00e9ptima edici\u00f3n de Danzad Danzad Malditos que recupera su esencia itinerante por la ronda Barbazana\",\"datePublished\":\"2022-08-05T12:20:46+00:00\",\"dateModified\":\"2023-04-11T09:47:56+00:00\",\"mainEntityOfPage\":{\"@id\":\"https:\\\/\\\/www.laguiadepamplona.com\\\/actualidad\\\/las-companias-gil-kerer-daniel-abreu-y-ertza-abren-este-sabado-la-septima-edicion-de-danzad-danzad-malditos-que-recupera-su-esencia-itinerante-por-la-ronda-barbazana\\\/\"},\"wordCount\":756,\"commentCount\":0,\"publisher\":{\"@id\":\"https:\\\/\\\/www.laguiadepamplona.com\\\/actualidad\\\/#organization\"},\"image\":{\"@id\":\"https:\\\/\\\/www.laguiadepamplona.com\\\/actualidad\\\/las-companias-gil-kerer-daniel-abreu-y-ertza-abren-este-sabado-la-septima-edicion-de-danzad-danzad-malditos-que-recupera-su-esencia-itinerante-por-la-ronda-barbazana\\\/#primaryimage\"},\"thumbnailUrl\":\"https:\\\/\\\/www.laguiadepamplona.com\\\/actualidad\\\/wp-content\\\/uploads\\\/2022\\\/08\\\/ertzaotempodiz-2_0.webp\",\"articleSection\":[\"Ayto Pamplona\"],\"inLanguage\":\"es\",\"potentialAction\":[{\"@type\":\"CommentAction\",\"name\":\"Comment\",\"target\":[\"https:\\\/\\\/www.laguiadepamplona.com\\\/actualidad\\\/las-companias-gil-kerer-daniel-abreu-y-ertza-abren-este-sabado-la-septima-edicion-de-danzad-danzad-malditos-que-recupera-su-esencia-itinerante-por-la-ronda-barbazana\\\/#respond\"]}]},{\"@type\":\"WebPage\",\"@id\":\"https:\\\/\\\/www.laguiadepamplona.com\\\/actualidad\\\/las-companias-gil-kerer-daniel-abreu-y-ertza-abren-este-sabado-la-septima-edicion-de-danzad-danzad-malditos-que-recupera-su-esencia-itinerante-por-la-ronda-barbazana\\\/\",\"url\":\"https:\\\/\\\/www.laguiadepamplona.com\\\/actualidad\\\/las-companias-gil-kerer-daniel-abreu-y-ertza-abren-este-sabado-la-septima-edicion-de-danzad-danzad-malditos-que-recupera-su-esencia-itinerante-por-la-ronda-barbazana\\\/\",\"name\":\"Las compa\u00f1\u00edas Gil Kerer, Daniel Abreu y Ertza abren este s\u00e1bado la s\u00e9ptima edici\u00f3n de Danzad Danzad Malditos que recupera su esencia itinerante por la ronda Barbazana\",\"isPartOf\":{\"@id\":\"https:\\\/\\\/www.laguiadepamplona.com\\\/actualidad\\\/#website\"},\"primaryImageOfPage\":{\"@id\":\"https:\\\/\\\/www.laguiadepamplona.com\\\/actualidad\\\/las-companias-gil-kerer-daniel-abreu-y-ertza-abren-este-sabado-la-septima-edicion-de-danzad-danzad-malditos-que-recupera-su-esencia-itinerante-por-la-ronda-barbazana\\\/#primaryimage\"},\"image\":{\"@id\":\"https:\\\/\\\/www.laguiadepamplona.com\\\/actualidad\\\/las-companias-gil-kerer-daniel-abreu-y-ertza-abren-este-sabado-la-septima-edicion-de-danzad-danzad-malditos-que-recupera-su-esencia-itinerante-por-la-ronda-barbazana\\\/#primaryimage\"},\"thumbnailUrl\":\"https:\\\/\\\/www.laguiadepamplona.com\\\/actualidad\\\/wp-content\\\/uploads\\\/2022\\\/08\\\/ertzaotempodiz-2_0.webp\",\"datePublished\":\"2022-08-05T12:20:46+00:00\",\"dateModified\":\"2023-04-11T09:47:56+00:00\",\"description\":\"Los espect\u00e1culos se representar\u00e1n, a partir de las 20 horas, en el rinc\u00f3n del Caballo Blanco, el front\u00f3n Jito Alai y de nuevo en el Caballo Blanco\",\"breadcrumb\":{\"@id\":\"https:\\\/\\\/www.laguiadepamplona.com\\\/actualidad\\\/las-companias-gil-kerer-daniel-abreu-y-ertza-abren-este-sabado-la-septima-edicion-de-danzad-danzad-malditos-que-recupera-su-esencia-itinerante-por-la-ronda-barbazana\\\/#breadcrumb\"},\"inLanguage\":\"es\",\"potentialAction\":[{\"@type\":\"ReadAction\",\"target\":[\"https:\\\/\\\/www.laguiadepamplona.com\\\/actualidad\\\/las-companias-gil-kerer-daniel-abreu-y-ertza-abren-este-sabado-la-septima-edicion-de-danzad-danzad-malditos-que-recupera-su-esencia-itinerante-por-la-ronda-barbazana\\\/\"]}]},{\"@type\":\"ImageObject\",\"inLanguage\":\"es\",\"@id\":\"https:\\\/\\\/www.laguiadepamplona.com\\\/actualidad\\\/las-companias-gil-kerer-daniel-abreu-y-ertza-abren-este-sabado-la-septima-edicion-de-danzad-danzad-malditos-que-recupera-su-esencia-itinerante-por-la-ronda-barbazana\\\/#primaryimage\",\"url\":\"https:\\\/\\\/www.laguiadepamplona.com\\\/actualidad\\\/wp-content\\\/uploads\\\/2022\\\/08\\\/ertzaotempodiz-2_0.webp\",\"contentUrl\":\"https:\\\/\\\/www.laguiadepamplona.com\\\/actualidad\\\/wp-content\\\/uploads\\\/2022\\\/08\\\/ertzaotempodiz-2_0.webp\",\"width\":1920,\"height\":1280},{\"@type\":\"BreadcrumbList\",\"@id\":\"https:\\\/\\\/www.laguiadepamplona.com\\\/actualidad\\\/las-companias-gil-kerer-daniel-abreu-y-ertza-abren-este-sabado-la-septima-edicion-de-danzad-danzad-malditos-que-recupera-su-esencia-itinerante-por-la-ronda-barbazana\\\/#breadcrumb\",\"itemListElement\":[{\"@type\":\"ListItem\",\"position\":1,\"name\":\"Portada\",\"item\":\"https:\\\/\\\/www.laguiadepamplona.com\\\/actualidad\\\/\"},{\"@type\":\"ListItem\",\"position\":2,\"name\":\"Las compa\u00f1\u00edas Gil Kerer, Daniel Abreu y Ertza abren este s\u00e1bado la s\u00e9ptima edici\u00f3n de Danzad Danzad Malditos que recupera su esencia itinerante por la ronda Barbazana\"}]},{\"@type\":\"WebSite\",\"@id\":\"https:\\\/\\\/www.laguiadepamplona.com\\\/actualidad\\\/#website\",\"url\":\"https:\\\/\\\/www.laguiadepamplona.com\\\/actualidad\\\/\",\"name\":\"La gu\u00eda de Pamplona\",\"description\":\"Noticias de Pamplona\",\"publisher\":{\"@id\":\"https:\\\/\\\/www.laguiadepamplona.com\\\/actualidad\\\/#organization\"},\"potentialAction\":[{\"@type\":\"SearchAction\",\"target\":{\"@type\":\"EntryPoint\",\"urlTemplate\":\"https:\\\/\\\/www.laguiadepamplona.com\\\/actualidad\\\/?s={search_term_string}\"},\"query-input\":{\"@type\":\"PropertyValueSpecification\",\"valueRequired\":true,\"valueName\":\"search_term_string\"}}],\"inLanguage\":\"es\"},{\"@type\":\"Organization\",\"@id\":\"https:\\\/\\\/www.laguiadepamplona.com\\\/actualidad\\\/#organization\",\"name\":\"La Gu\u00eda de Pamplona \\\/ Noticias\",\"url\":\"https:\\\/\\\/www.laguiadepamplona.com\\\/actualidad\\\/\",\"logo\":{\"@type\":\"ImageObject\",\"inLanguage\":\"es\",\"@id\":\"https:\\\/\\\/www.laguiadepamplona.com\\\/actualidad\\\/#\\\/schema\\\/logo\\\/image\\\/\",\"url\":\"https:\\\/\\\/www.laguiadepamplona.com\\\/actualidad\\\/wp-content\\\/uploads\\\/2018\\\/11\\\/logo-laguiadepamplona18-web1.png\",\"contentUrl\":\"https:\\\/\\\/www.laguiadepamplona.com\\\/actualidad\\\/wp-content\\\/uploads\\\/2018\\\/11\\\/logo-laguiadepamplona18-web1.png\",\"width\":600,\"height\":196,\"caption\":\"La Gu\u00eda de Pamplona \\\/ Noticias\"},\"image\":{\"@id\":\"https:\\\/\\\/www.laguiadepamplona.com\\\/actualidad\\\/#\\\/schema\\\/logo\\\/image\\\/\"},\"sameAs\":[\"https:\\\/\\\/www.facebook.com\\\/laguiadepamplonacom-133175176762273\\\/?ref=hl\",\"https:\\\/\\\/x.com\\\/LaGuiadPamplona\",\"https:\\\/\\\/www.instagram.com\\\/la_guia_de_pamplona\\\/\",\"https:\\\/\\\/www.youtube.com\\\/user\\\/laguiadepamplona\"]},{\"@type\":\"Person\",\"@id\":\"https:\\\/\\\/www.laguiadepamplona.com\\\/actualidad\\\/#\\\/schema\\\/person\\\/efe887376f0213d4657c93adc50b1fdb\",\"name\":\"La Gu\u00eda de Pamplona\",\"image\":{\"@type\":\"ImageObject\",\"inLanguage\":\"es\",\"@id\":\"https:\\\/\\\/secure.gravatar.com\\\/avatar\\\/b6992f131dc8d30ab0dff15446e9d346d9dbd95992de0fef795073f5ea83a81c?s=96&d=mm&r=g\",\"url\":\"https:\\\/\\\/secure.gravatar.com\\\/avatar\\\/b6992f131dc8d30ab0dff15446e9d346d9dbd95992de0fef795073f5ea83a81c?s=96&d=mm&r=g\",\"contentUrl\":\"https:\\\/\\\/secure.gravatar.com\\\/avatar\\\/b6992f131dc8d30ab0dff15446e9d346d9dbd95992de0fef795073f5ea83a81c?s=96&d=mm&r=g\",\"caption\":\"La Gu\u00eda de Pamplona\"}}]}<\/script>\n<!-- \/ Yoast SEO plugin. -->","yoast_head_json":{"title":"Las compa\u00f1\u00edas Gil Kerer, Daniel Abreu y Ertza abren este s\u00e1bado la s\u00e9ptima edici\u00f3n de Danzad Danzad Malditos que recupera su esencia itinerante por la ronda Barbazana","description":"Los espect\u00e1culos se representar\u00e1n, a partir de las 20 horas, en el rinc\u00f3n del Caballo Blanco, el front\u00f3n Jito Alai y de nuevo en el Caballo Blanco","robots":{"index":"index","follow":"follow","max-snippet":"max-snippet:-1","max-image-preview":"max-image-preview:large","max-video-preview":"max-video-preview:-1"},"canonical":"https:\/\/www.laguiadepamplona.com\/actualidad\/las-companias-gil-kerer-daniel-abreu-y-ertza-abren-este-sabado-la-septima-edicion-de-danzad-danzad-malditos-que-recupera-su-esencia-itinerante-por-la-ronda-barbazana\/","og_locale":"es_ES","og_type":"article","og_title":"Las compa\u00f1\u00edas Gil Kerer, Daniel Abreu y Ertza abren este s\u00e1bado la s\u00e9ptima edici\u00f3n de Danzad Danzad Malditos que recupera su esencia itinerante por la ronda Barbazana","og_description":"Los espect\u00e1culos se representar\u00e1n, a partir de las 20 horas, en el rinc\u00f3n del Caballo Blanco, el front\u00f3n Jito Alai y de nuevo en el Caballo Blanco","og_url":"https:\/\/www.laguiadepamplona.com\/actualidad\/las-companias-gil-kerer-daniel-abreu-y-ertza-abren-este-sabado-la-septima-edicion-de-danzad-danzad-malditos-que-recupera-su-esencia-itinerante-por-la-ronda-barbazana\/","og_site_name":"La Gu\u00eda de Pamplona","article_publisher":"https:\/\/www.facebook.com\/laguiadepamplonacom-133175176762273\/?ref=hl","article_published_time":"2022-08-05T12:20:46+00:00","article_modified_time":"2023-04-11T09:47:56+00:00","og_image":[{"width":1920,"height":1280,"url":"https:\/\/www.laguiadepamplona.com\/actualidad\/wp-content\/uploads\/2022\/08\/ertzaotempodiz-2_0.webp","type":"image\/webp"}],"author":"La Gu\u00eda de Pamplona","twitter_card":"summary_large_image","twitter_creator":"@LaGuiadPamplona","twitter_site":"@LaGuiadPamplona","twitter_misc":{"Escrito por":"La Gu\u00eda de Pamplona","Tiempo de lectura":"4 minutos"},"schema":{"@context":"https:\/\/schema.org","@graph":[{"@type":"Article","@id":"https:\/\/www.laguiadepamplona.com\/actualidad\/las-companias-gil-kerer-daniel-abreu-y-ertza-abren-este-sabado-la-septima-edicion-de-danzad-danzad-malditos-que-recupera-su-esencia-itinerante-por-la-ronda-barbazana\/#article","isPartOf":{"@id":"https:\/\/www.laguiadepamplona.com\/actualidad\/las-companias-gil-kerer-daniel-abreu-y-ertza-abren-este-sabado-la-septima-edicion-de-danzad-danzad-malditos-que-recupera-su-esencia-itinerante-por-la-ronda-barbazana\/"},"author":{"name":"La Gu\u00eda de Pamplona","@id":"https:\/\/www.laguiadepamplona.com\/actualidad\/#\/schema\/person\/efe887376f0213d4657c93adc50b1fdb"},"headline":"Las compa\u00f1\u00edas Gil Kerer, Daniel Abreu y Ertza abren este s\u00e1bado la s\u00e9ptima edici\u00f3n de Danzad Danzad Malditos que recupera su esencia itinerante por la ronda Barbazana","datePublished":"2022-08-05T12:20:46+00:00","dateModified":"2023-04-11T09:47:56+00:00","mainEntityOfPage":{"@id":"https:\/\/www.laguiadepamplona.com\/actualidad\/las-companias-gil-kerer-daniel-abreu-y-ertza-abren-este-sabado-la-septima-edicion-de-danzad-danzad-malditos-que-recupera-su-esencia-itinerante-por-la-ronda-barbazana\/"},"wordCount":756,"commentCount":0,"publisher":{"@id":"https:\/\/www.laguiadepamplona.com\/actualidad\/#organization"},"image":{"@id":"https:\/\/www.laguiadepamplona.com\/actualidad\/las-companias-gil-kerer-daniel-abreu-y-ertza-abren-este-sabado-la-septima-edicion-de-danzad-danzad-malditos-que-recupera-su-esencia-itinerante-por-la-ronda-barbazana\/#primaryimage"},"thumbnailUrl":"https:\/\/www.laguiadepamplona.com\/actualidad\/wp-content\/uploads\/2022\/08\/ertzaotempodiz-2_0.webp","articleSection":["Ayto Pamplona"],"inLanguage":"es","potentialAction":[{"@type":"CommentAction","name":"Comment","target":["https:\/\/www.laguiadepamplona.com\/actualidad\/las-companias-gil-kerer-daniel-abreu-y-ertza-abren-este-sabado-la-septima-edicion-de-danzad-danzad-malditos-que-recupera-su-esencia-itinerante-por-la-ronda-barbazana\/#respond"]}]},{"@type":"WebPage","@id":"https:\/\/www.laguiadepamplona.com\/actualidad\/las-companias-gil-kerer-daniel-abreu-y-ertza-abren-este-sabado-la-septima-edicion-de-danzad-danzad-malditos-que-recupera-su-esencia-itinerante-por-la-ronda-barbazana\/","url":"https:\/\/www.laguiadepamplona.com\/actualidad\/las-companias-gil-kerer-daniel-abreu-y-ertza-abren-este-sabado-la-septima-edicion-de-danzad-danzad-malditos-que-recupera-su-esencia-itinerante-por-la-ronda-barbazana\/","name":"Las compa\u00f1\u00edas Gil Kerer, Daniel Abreu y Ertza abren este s\u00e1bado la s\u00e9ptima edici\u00f3n de Danzad Danzad Malditos que recupera su esencia itinerante por la ronda Barbazana","isPartOf":{"@id":"https:\/\/www.laguiadepamplona.com\/actualidad\/#website"},"primaryImageOfPage":{"@id":"https:\/\/www.laguiadepamplona.com\/actualidad\/las-companias-gil-kerer-daniel-abreu-y-ertza-abren-este-sabado-la-septima-edicion-de-danzad-danzad-malditos-que-recupera-su-esencia-itinerante-por-la-ronda-barbazana\/#primaryimage"},"image":{"@id":"https:\/\/www.laguiadepamplona.com\/actualidad\/las-companias-gil-kerer-daniel-abreu-y-ertza-abren-este-sabado-la-septima-edicion-de-danzad-danzad-malditos-que-recupera-su-esencia-itinerante-por-la-ronda-barbazana\/#primaryimage"},"thumbnailUrl":"https:\/\/www.laguiadepamplona.com\/actualidad\/wp-content\/uploads\/2022\/08\/ertzaotempodiz-2_0.webp","datePublished":"2022-08-05T12:20:46+00:00","dateModified":"2023-04-11T09:47:56+00:00","description":"Los espect\u00e1culos se representar\u00e1n, a partir de las 20 horas, en el rinc\u00f3n del Caballo Blanco, el front\u00f3n Jito Alai y de nuevo en el Caballo Blanco","breadcrumb":{"@id":"https:\/\/www.laguiadepamplona.com\/actualidad\/las-companias-gil-kerer-daniel-abreu-y-ertza-abren-este-sabado-la-septima-edicion-de-danzad-danzad-malditos-que-recupera-su-esencia-itinerante-por-la-ronda-barbazana\/#breadcrumb"},"inLanguage":"es","potentialAction":[{"@type":"ReadAction","target":["https:\/\/www.laguiadepamplona.com\/actualidad\/las-companias-gil-kerer-daniel-abreu-y-ertza-abren-este-sabado-la-septima-edicion-de-danzad-danzad-malditos-que-recupera-su-esencia-itinerante-por-la-ronda-barbazana\/"]}]},{"@type":"ImageObject","inLanguage":"es","@id":"https:\/\/www.laguiadepamplona.com\/actualidad\/las-companias-gil-kerer-daniel-abreu-y-ertza-abren-este-sabado-la-septima-edicion-de-danzad-danzad-malditos-que-recupera-su-esencia-itinerante-por-la-ronda-barbazana\/#primaryimage","url":"https:\/\/www.laguiadepamplona.com\/actualidad\/wp-content\/uploads\/2022\/08\/ertzaotempodiz-2_0.webp","contentUrl":"https:\/\/www.laguiadepamplona.com\/actualidad\/wp-content\/uploads\/2022\/08\/ertzaotempodiz-2_0.webp","width":1920,"height":1280},{"@type":"BreadcrumbList","@id":"https:\/\/www.laguiadepamplona.com\/actualidad\/las-companias-gil-kerer-daniel-abreu-y-ertza-abren-este-sabado-la-septima-edicion-de-danzad-danzad-malditos-que-recupera-su-esencia-itinerante-por-la-ronda-barbazana\/#breadcrumb","itemListElement":[{"@type":"ListItem","position":1,"name":"Portada","item":"https:\/\/www.laguiadepamplona.com\/actualidad\/"},{"@type":"ListItem","position":2,"name":"Las compa\u00f1\u00edas Gil Kerer, Daniel Abreu y Ertza abren este s\u00e1bado la s\u00e9ptima edici\u00f3n de Danzad Danzad Malditos que recupera su esencia itinerante por la ronda Barbazana"}]},{"@type":"WebSite","@id":"https:\/\/www.laguiadepamplona.com\/actualidad\/#website","url":"https:\/\/www.laguiadepamplona.com\/actualidad\/","name":"La gu\u00eda de Pamplona","description":"Noticias de Pamplona","publisher":{"@id":"https:\/\/www.laguiadepamplona.com\/actualidad\/#organization"},"potentialAction":[{"@type":"SearchAction","target":{"@type":"EntryPoint","urlTemplate":"https:\/\/www.laguiadepamplona.com\/actualidad\/?s={search_term_string}"},"query-input":{"@type":"PropertyValueSpecification","valueRequired":true,"valueName":"search_term_string"}}],"inLanguage":"es"},{"@type":"Organization","@id":"https:\/\/www.laguiadepamplona.com\/actualidad\/#organization","name":"La Gu\u00eda de Pamplona \/ Noticias","url":"https:\/\/www.laguiadepamplona.com\/actualidad\/","logo":{"@type":"ImageObject","inLanguage":"es","@id":"https:\/\/www.laguiadepamplona.com\/actualidad\/#\/schema\/logo\/image\/","url":"https:\/\/www.laguiadepamplona.com\/actualidad\/wp-content\/uploads\/2018\/11\/logo-laguiadepamplona18-web1.png","contentUrl":"https:\/\/www.laguiadepamplona.com\/actualidad\/wp-content\/uploads\/2018\/11\/logo-laguiadepamplona18-web1.png","width":600,"height":196,"caption":"La Gu\u00eda de Pamplona \/ Noticias"},"image":{"@id":"https:\/\/www.laguiadepamplona.com\/actualidad\/#\/schema\/logo\/image\/"},"sameAs":["https:\/\/www.facebook.com\/laguiadepamplonacom-133175176762273\/?ref=hl","https:\/\/x.com\/LaGuiadPamplona","https:\/\/www.instagram.com\/la_guia_de_pamplona\/","https:\/\/www.youtube.com\/user\/laguiadepamplona"]},{"@type":"Person","@id":"https:\/\/www.laguiadepamplona.com\/actualidad\/#\/schema\/person\/efe887376f0213d4657c93adc50b1fdb","name":"La Gu\u00eda de Pamplona","image":{"@type":"ImageObject","inLanguage":"es","@id":"https:\/\/secure.gravatar.com\/avatar\/b6992f131dc8d30ab0dff15446e9d346d9dbd95992de0fef795073f5ea83a81c?s=96&d=mm&r=g","url":"https:\/\/secure.gravatar.com\/avatar\/b6992f131dc8d30ab0dff15446e9d346d9dbd95992de0fef795073f5ea83a81c?s=96&d=mm&r=g","contentUrl":"https:\/\/secure.gravatar.com\/avatar\/b6992f131dc8d30ab0dff15446e9d346d9dbd95992de0fef795073f5ea83a81c?s=96&d=mm&r=g","caption":"La Gu\u00eda de Pamplona"}}]}},"post_mailing_queue_ids":[],"_links":{"self":[{"href":"https:\/\/www.laguiadepamplona.com\/actualidad\/wp-json\/wp\/v2\/posts\/41231","targetHints":{"allow":["GET"]}}],"collection":[{"href":"https:\/\/www.laguiadepamplona.com\/actualidad\/wp-json\/wp\/v2\/posts"}],"about":[{"href":"https:\/\/www.laguiadepamplona.com\/actualidad\/wp-json\/wp\/v2\/types\/post"}],"author":[{"embeddable":true,"href":"https:\/\/www.laguiadepamplona.com\/actualidad\/wp-json\/wp\/v2\/users\/1"}],"replies":[{"embeddable":true,"href":"https:\/\/www.laguiadepamplona.com\/actualidad\/wp-json\/wp\/v2\/comments?post=41231"}],"version-history":[{"count":0,"href":"https:\/\/www.laguiadepamplona.com\/actualidad\/wp-json\/wp\/v2\/posts\/41231\/revisions"}],"wp:featuredmedia":[{"embeddable":true,"href":"https:\/\/www.laguiadepamplona.com\/actualidad\/wp-json\/wp\/v2\/media\/41232"}],"wp:attachment":[{"href":"https:\/\/www.laguiadepamplona.com\/actualidad\/wp-json\/wp\/v2\/media?parent=41231"}],"wp:term":[{"taxonomy":"category","embeddable":true,"href":"https:\/\/www.laguiadepamplona.com\/actualidad\/wp-json\/wp\/v2\/categories?post=41231"},{"taxonomy":"post_tag","embeddable":true,"href":"https:\/\/www.laguiadepamplona.com\/actualidad\/wp-json\/wp\/v2\/tags?post=41231"}],"curies":[{"name":"wp","href":"https:\/\/api.w.org\/{rel}","templated":true}]}}