{"id":41228,"date":"2022-08-05T14:19:06","date_gmt":"2022-08-05T12:19:06","guid":{"rendered":"https:\/\/www.laguiadepamplona.com\/actualidad\/?p=41228"},"modified":"2023-04-11T11:47:56","modified_gmt":"2023-04-11T09:47:56","slug":"cinco-tardes-para-cantar-bailar-hacer-manualidades-y-hablar-sobre-identidad-sexual","status":"publish","type":"post","link":"https:\/\/www.laguiadepamplona.com\/actualidad\/cinco-tardes-para-cantar-bailar-hacer-manualidades-y-hablar-sobre-identidad-sexual\/","title":{"rendered":"Cinco tardes para cantar, bailar, hacer manualidades y hablar sobre identidad sexual"},"content":{"rendered":"<h5>La Casa de la Juventud contin\u00faa en agosto con su programa gratuito \u2018Cada d\u00eda un plan\u2019, destinado a j\u00f3venes de 14 a 30 a\u00f1os<\/h5>\n<p><!--more--><\/p>\n<p>La Casa de la Juventud sigue con la oferta de hacer \u2018Cada d\u00eda un plan\u2019, una propuesta de ocio gratuito para las tardes del verano destinada a j\u00f3venes de 14 a 30 a\u00f1os. Esta pr\u00f3xima semana se podr\u00e1 cantar, bailar, hacer manualidades o asistir a un taller de Diversidad afectiva y sexual. Las propuestas se desarrollan de lunes a viernes laborables, siempre en horario de 19 a 20.30 horas. Para participar, quienes est\u00e9n interesados tendr\u00e1n que inscribirse antes del comienzo de la sesi\u00f3n y el plazo de inscripci\u00f3n de cada actividad se abrir\u00e1 el d\u00eda anterior. Esta tarde lo previsto es un taller de Crema de rosas para rozaduras impartido por Jos\u00e9 Antonio Vidaurre, profesor de plantas medicinales, cosm\u00e9tica natural y masaje.<br \/>\n<script async src=\"\/\/pagead2.googlesyndication.com\/pagead\/js\/adsbygoogle.js\"><\/script><br \/>\n<!-- Noticias La Guia de Pamplona --><br \/>\n<ins class=\"adsbygoogle\"\nstyle=\"display:block\"\ndata-ad-client=\"ca-pub-6943679897239327\"\ndata-ad-slot=\"7048180777\"\ndata-ad-format=\"auto\"><\/ins><br \/>\n<script>\n(adsbygoogle = window.adsbygoogle || []).push({});\n<\/script><\/p>\n<p>La semana empezar\u00e1 fuerte con la actividad \u2018L\u00e1nzate a cantar\u2019 el d\u00eda 8 de agosto. La cantante y docente de canto Julia Mart\u00ednez explorar\u00e1 las capacidades y caracter\u00edsticas de la voz de las personas participantes ayud\u00e1ndoles a desarrollar habilidades de t\u00e9cnica vocal y de expresividad. Esta actividad est\u00e1 dirigida a personas que parten de cero en este mundo, por ello se trabajar\u00e1n aspectos b\u00e1sicos de la voz como instrumento musical; en el mundo musical se considera que la voz es instrumento de viento, pues se crea mediante los pliegues vocales de una persona.<\/p>\n<p>El martes 9 de agosto la propuesta es una masterclass de Afrodance dirigida por Keneu Ausserladscheider. El m\u00e9todo de aprendizaje se basa en el respeto y recorre en la historia y la cultura de cada uno de los bailes africanos que se ense\u00f1ar\u00e1n y los movimientos que lo construyen. Se ver\u00e1n estilos como \u2018Coup\u00e9 D\u00e9cal\u00e9\u2019, \u2018Kuduro\u2019, \u2018Ndombolo\u2019, \u2018Afro House\u2019, e incluso \u2018Afro fusi\u00f3n\u2019, en el que integrar\u00e1n varios estilos diferentes.<\/p>\n<p>Una hora antes, dentro de la propuesta de animaci\u00f3n de la Casa se podr\u00e1 jugar a el juego de cartas \u2018No te creo, realizar papiroflexia creativa de \u2018Aviones de papel\u2019 y competir para descartarse lo antes posible con las cartas de \u2018Uno\u2019.<br \/>\n<script async src=\"\/\/pagead2.googlesyndication.com\/pagead\/js\/adsbygoogle.js\"><\/script><br \/>\n<!-- Noticias La Guia de Pamplona --><br \/>\n<ins class=\"adsbygoogle\"\nstyle=\"display:block\"\ndata-ad-client=\"ca-pub-6943679897239327\"\ndata-ad-slot=\"7048180777\"\ndata-ad-format=\"auto\"><\/ins><br \/>\n<script>\n(adsbygoogle = window.adsbygoogle || []).push({});\n<\/script><\/p>\n<p><strong>Desde mitad de semana<\/strong><\/p>\n<p>Al d\u00eda siguiente, mi\u00e9rcoles 10 de agosto, la Asesor\u00eda Psicol\u00f3gica de la Casa ofrece un taller de Diversidad afectiva y sexual para hablar de identidad sexual y g\u00e9nero haciendo un recorrido sobre algunos conceptos claves que reflejan la complejidad de manifestaciones y vivencias que existen relativas a la identidad, la orientaci\u00f3n, la genitalidad y la forma de expresarse. La sesi\u00f3n estar\u00e1 dirigida por Idoia \u00c1ngel, responsable de la Asesor\u00eda, y se celebrar\u00e1 en la sala de exposiciones del edificio.<\/p>\n<p>Esta misma semana, el jueves 11 de agosto, se impartir\u00e1 una segunda sesi\u00f3n de baile con Danza Contempor\u00e1nea. Un tipo de expresi\u00f3n corporal que surge como reacci\u00f3n a los estilos cl\u00e1sicos En la clase se buscar\u00e1 que las personas participantes expresen, a trav\u00e9s de los movimientos de su cuerpo, una idea, un sentimiento, una emoci\u00f3n. En este estilo del siglo XX y XXI destaca la improvisaci\u00f3n y versatilidad, a diferencia del car\u00e1cter estricto del ballet. El taller lo impartir\u00e1 Andrea Loyola bailarina y core\u00f3grafa con una amplia experiencia en este campo.<\/p>\n<p>Y para cerrar la semana el viernes 12, dentro del DIY Club, tendr\u00e1 lugar el taller de Decoraci\u00f3n de objetos de cristal. En esta actividad se reutilizar\u00e1n botes y botellas de cristal con los que crear\u00e1n obras de dise\u00f1o para poder darles una segunda vida, es decir, quienes participen podr\u00e1n dise\u00f1ar de un modo ecol\u00f3gico un jarr\u00f3n o lo que pida su imaginaci\u00f3n. Se trabajar\u00e1 con la luz, el color y la perspectiva, los tres elementos que evocan la magia cuando se habla de vidrio. La sesi\u00f3n ser\u00e1 impartida por Garazi Valluerca, profesora de la Casa de la Juventud y Graduada en Arte por la Universidad del Pa\u00eds Vasco, que cuenta con amplia experiencia en este \u00e1mbito.<\/p>\n<p>Para quienes est\u00e9n en la Casa o les apetezca acercarse, la tarde se cerrar\u00e1 en la Cafeter\u00eda con una sesi\u00f3n de karaoke desde las 18.30 horas.<br \/>\n<script async src=\"\/\/pagead2.googlesyndication.com\/pagead\/js\/adsbygoogle.js\"><\/script><br \/>\n<!-- Noticias La Guia de Pamplona --><br \/>\n<ins class=\"adsbygoogle\"\nstyle=\"display:block\"\ndata-ad-client=\"ca-pub-6943679897239327\"\ndata-ad-slot=\"7048180777\"\ndata-ad-format=\"auto\"><\/ins><br \/>\n<script>\n(adsbygoogle = window.adsbygoogle || []).push({});\n<\/script><\/p>\n<p>&nbsp;<\/p>\n<h3><strong>Cada D\u00eda Un Plan + Actividades de animaci\u00f3n<\/strong><\/h3>\n<ul>\n<li><strong>Lunes 8 de agosto<\/strong><\/li>\n<\/ul>\n<p>\u2018L\u00e1nzate a cantar\u2019. Julia Mart\u00ednez cantante y docente de canto<\/p>\n<ul>\n<li><strong>Martes 9 de agosto<\/strong>\n<ul>\n<li>Masterclass de Afrodance<\/li>\n<\/ul>\n<\/li>\n<li><strong>Mi\u00e9rcoles 10 de agosto <\/strong>\n<ul>\n<li>Taller de Diversidad afectiva y sexual. Idoia \u00c1ngel, responsable de la Asesor\u00eda Psicol\u00f3gica de la Casa<\/li>\n<\/ul>\n<\/li>\n<li><strong>Jueves 11 de agosto<\/strong><\/li>\n<\/ul>\n<p>Danza Contempor\u00e1nea. Andrea Loyola bailarina y core\u00f3grafa<\/p>\n<ul>\n<li><strong>Viernes 12 de agosto<\/strong>\n<ul>\n<li>Taller de Decoraci\u00f3n de objetos de cristal. Garazi Valluerca, profesora de la Casa de la Juventud y Graduada en Arte por la Universidad del Pa\u00eds Vasco, que cuenta con amplia experiencia en este \u00e1mbito<\/li>\n<li>Karaoke (18.30 horas)<\/li>\n<\/ul>\n<\/li>\n<\/ul>\n","protected":false},"excerpt":{"rendered":"<p>La Casa de la Juventud contin\u00faa en agosto con su programa gratuito \u2018Cada d\u00eda un plan\u2019, destinado a j\u00f3venes de 14 a 30 a\u00f1os<\/p>\n","protected":false},"author":1,"featured_media":41229,"comment_status":"open","ping_status":"closed","sticky":false,"template":"","format":"standard","meta":{"footnotes":""},"categories":[2],"tags":[],"class_list":["post-41228","post","type-post","status-publish","format-standard","has-post-thumbnail","hentry","category-ayuntamiento-pamplona"],"yoast_head":"<!-- This site is optimized with the Yoast SEO plugin v27.3 - https:\/\/yoast.com\/product\/yoast-seo-wordpress\/ -->\n<title>Cinco tardes para cantar, bailar, hacer manualidades y hablar sobre identidad sexual<\/title>\n<meta name=\"description\" content=\"La Casa de la Juventud contin\u00faa en agosto con su programa gratuito \u2018Cada d\u00eda un plan\u2019, destinado a j\u00f3venes de 14 a 30 a\u00f1os\" \/>\n<meta name=\"robots\" content=\"index, follow, max-snippet:-1, max-image-preview:large, max-video-preview:-1\" \/>\n<link rel=\"canonical\" href=\"https:\/\/www.laguiadepamplona.com\/actualidad\/cinco-tardes-para-cantar-bailar-hacer-manualidades-y-hablar-sobre-identidad-sexual\/\" \/>\n<meta property=\"og:locale\" content=\"es_ES\" \/>\n<meta property=\"og:type\" content=\"article\" \/>\n<meta property=\"og:title\" content=\"Cinco tardes para cantar, bailar, hacer manualidades y hablar sobre identidad sexual\" \/>\n<meta property=\"og:description\" content=\"La Casa de la Juventud contin\u00faa en agosto con su programa gratuito \u2018Cada d\u00eda un plan\u2019, destinado a j\u00f3venes de 14 a 30 a\u00f1os\" \/>\n<meta property=\"og:url\" content=\"https:\/\/www.laguiadepamplona.com\/actualidad\/cinco-tardes-para-cantar-bailar-hacer-manualidades-y-hablar-sobre-identidad-sexual\/\" \/>\n<meta property=\"og:site_name\" content=\"La Gu\u00eda de Pamplona\" \/>\n<meta property=\"article:publisher\" content=\"https:\/\/www.facebook.com\/laguiadepamplonacom-133175176762273\/?ref=hl\" \/>\n<meta property=\"article:published_time\" content=\"2022-08-05T12:19:06+00:00\" \/>\n<meta property=\"article:modified_time\" content=\"2023-04-11T09:47:56+00:00\" \/>\n<meta property=\"og:image\" content=\"https:\/\/www.laguiadepamplona.com\/actualidad\/wp-content\/uploads\/2022\/08\/bailecasajuventudee5a2716_1.webp\" \/>\n\t<meta property=\"og:image:width\" content=\"1920\" \/>\n\t<meta property=\"og:image:height\" content=\"1280\" \/>\n\t<meta property=\"og:image:type\" content=\"image\/webp\" \/>\n<meta name=\"author\" content=\"La Gu\u00eda de Pamplona\" \/>\n<meta name=\"twitter:card\" content=\"summary_large_image\" \/>\n<meta name=\"twitter:creator\" content=\"@LaGuiadPamplona\" \/>\n<meta name=\"twitter:site\" content=\"@LaGuiadPamplona\" \/>\n<meta name=\"twitter:label1\" content=\"Escrito por\" \/>\n\t<meta name=\"twitter:data1\" content=\"La Gu\u00eda de Pamplona\" \/>\n\t<meta name=\"twitter:label2\" content=\"Tiempo de lectura\" \/>\n\t<meta name=\"twitter:data2\" content=\"4 minutos\" \/>\n<script type=\"application\/ld+json\" class=\"yoast-schema-graph\">{\"@context\":\"https:\\\/\\\/schema.org\",\"@graph\":[{\"@type\":\"Article\",\"@id\":\"https:\\\/\\\/www.laguiadepamplona.com\\\/actualidad\\\/cinco-tardes-para-cantar-bailar-hacer-manualidades-y-hablar-sobre-identidad-sexual\\\/#article\",\"isPartOf\":{\"@id\":\"https:\\\/\\\/www.laguiadepamplona.com\\\/actualidad\\\/cinco-tardes-para-cantar-bailar-hacer-manualidades-y-hablar-sobre-identidad-sexual\\\/\"},\"author\":{\"name\":\"La Gu\u00eda de Pamplona\",\"@id\":\"https:\\\/\\\/www.laguiadepamplona.com\\\/actualidad\\\/#\\\/schema\\\/person\\\/efe887376f0213d4657c93adc50b1fdb\"},\"headline\":\"Cinco tardes para cantar, bailar, hacer manualidades y hablar sobre identidad sexual\",\"datePublished\":\"2022-08-05T12:19:06+00:00\",\"dateModified\":\"2023-04-11T09:47:56+00:00\",\"mainEntityOfPage\":{\"@id\":\"https:\\\/\\\/www.laguiadepamplona.com\\\/actualidad\\\/cinco-tardes-para-cantar-bailar-hacer-manualidades-y-hablar-sobre-identidad-sexual\\\/\"},\"wordCount\":836,\"commentCount\":0,\"publisher\":{\"@id\":\"https:\\\/\\\/www.laguiadepamplona.com\\\/actualidad\\\/#organization\"},\"image\":{\"@id\":\"https:\\\/\\\/www.laguiadepamplona.com\\\/actualidad\\\/cinco-tardes-para-cantar-bailar-hacer-manualidades-y-hablar-sobre-identidad-sexual\\\/#primaryimage\"},\"thumbnailUrl\":\"https:\\\/\\\/www.laguiadepamplona.com\\\/actualidad\\\/wp-content\\\/uploads\\\/2022\\\/08\\\/bailecasajuventudee5a2716_1.webp\",\"articleSection\":[\"Ayto Pamplona\"],\"inLanguage\":\"es\",\"potentialAction\":[{\"@type\":\"CommentAction\",\"name\":\"Comment\",\"target\":[\"https:\\\/\\\/www.laguiadepamplona.com\\\/actualidad\\\/cinco-tardes-para-cantar-bailar-hacer-manualidades-y-hablar-sobre-identidad-sexual\\\/#respond\"]}]},{\"@type\":\"WebPage\",\"@id\":\"https:\\\/\\\/www.laguiadepamplona.com\\\/actualidad\\\/cinco-tardes-para-cantar-bailar-hacer-manualidades-y-hablar-sobre-identidad-sexual\\\/\",\"url\":\"https:\\\/\\\/www.laguiadepamplona.com\\\/actualidad\\\/cinco-tardes-para-cantar-bailar-hacer-manualidades-y-hablar-sobre-identidad-sexual\\\/\",\"name\":\"Cinco tardes para cantar, bailar, hacer manualidades y hablar sobre identidad sexual\",\"isPartOf\":{\"@id\":\"https:\\\/\\\/www.laguiadepamplona.com\\\/actualidad\\\/#website\"},\"primaryImageOfPage\":{\"@id\":\"https:\\\/\\\/www.laguiadepamplona.com\\\/actualidad\\\/cinco-tardes-para-cantar-bailar-hacer-manualidades-y-hablar-sobre-identidad-sexual\\\/#primaryimage\"},\"image\":{\"@id\":\"https:\\\/\\\/www.laguiadepamplona.com\\\/actualidad\\\/cinco-tardes-para-cantar-bailar-hacer-manualidades-y-hablar-sobre-identidad-sexual\\\/#primaryimage\"},\"thumbnailUrl\":\"https:\\\/\\\/www.laguiadepamplona.com\\\/actualidad\\\/wp-content\\\/uploads\\\/2022\\\/08\\\/bailecasajuventudee5a2716_1.webp\",\"datePublished\":\"2022-08-05T12:19:06+00:00\",\"dateModified\":\"2023-04-11T09:47:56+00:00\",\"description\":\"La Casa de la Juventud contin\u00faa en agosto con su programa gratuito \u2018Cada d\u00eda un plan\u2019, destinado a j\u00f3venes de 14 a 30 a\u00f1os\",\"breadcrumb\":{\"@id\":\"https:\\\/\\\/www.laguiadepamplona.com\\\/actualidad\\\/cinco-tardes-para-cantar-bailar-hacer-manualidades-y-hablar-sobre-identidad-sexual\\\/#breadcrumb\"},\"inLanguage\":\"es\",\"potentialAction\":[{\"@type\":\"ReadAction\",\"target\":[\"https:\\\/\\\/www.laguiadepamplona.com\\\/actualidad\\\/cinco-tardes-para-cantar-bailar-hacer-manualidades-y-hablar-sobre-identidad-sexual\\\/\"]}]},{\"@type\":\"ImageObject\",\"inLanguage\":\"es\",\"@id\":\"https:\\\/\\\/www.laguiadepamplona.com\\\/actualidad\\\/cinco-tardes-para-cantar-bailar-hacer-manualidades-y-hablar-sobre-identidad-sexual\\\/#primaryimage\",\"url\":\"https:\\\/\\\/www.laguiadepamplona.com\\\/actualidad\\\/wp-content\\\/uploads\\\/2022\\\/08\\\/bailecasajuventudee5a2716_1.webp\",\"contentUrl\":\"https:\\\/\\\/www.laguiadepamplona.com\\\/actualidad\\\/wp-content\\\/uploads\\\/2022\\\/08\\\/bailecasajuventudee5a2716_1.webp\",\"width\":1920,\"height\":1280},{\"@type\":\"BreadcrumbList\",\"@id\":\"https:\\\/\\\/www.laguiadepamplona.com\\\/actualidad\\\/cinco-tardes-para-cantar-bailar-hacer-manualidades-y-hablar-sobre-identidad-sexual\\\/#breadcrumb\",\"itemListElement\":[{\"@type\":\"ListItem\",\"position\":1,\"name\":\"Portada\",\"item\":\"https:\\\/\\\/www.laguiadepamplona.com\\\/actualidad\\\/\"},{\"@type\":\"ListItem\",\"position\":2,\"name\":\"Cinco tardes para cantar, bailar, hacer manualidades y hablar sobre identidad sexual\"}]},{\"@type\":\"WebSite\",\"@id\":\"https:\\\/\\\/www.laguiadepamplona.com\\\/actualidad\\\/#website\",\"url\":\"https:\\\/\\\/www.laguiadepamplona.com\\\/actualidad\\\/\",\"name\":\"La gu\u00eda de Pamplona\",\"description\":\"Noticias de Pamplona\",\"publisher\":{\"@id\":\"https:\\\/\\\/www.laguiadepamplona.com\\\/actualidad\\\/#organization\"},\"potentialAction\":[{\"@type\":\"SearchAction\",\"target\":{\"@type\":\"EntryPoint\",\"urlTemplate\":\"https:\\\/\\\/www.laguiadepamplona.com\\\/actualidad\\\/?s={search_term_string}\"},\"query-input\":{\"@type\":\"PropertyValueSpecification\",\"valueRequired\":true,\"valueName\":\"search_term_string\"}}],\"inLanguage\":\"es\"},{\"@type\":\"Organization\",\"@id\":\"https:\\\/\\\/www.laguiadepamplona.com\\\/actualidad\\\/#organization\",\"name\":\"La Gu\u00eda de Pamplona \\\/ Noticias\",\"url\":\"https:\\\/\\\/www.laguiadepamplona.com\\\/actualidad\\\/\",\"logo\":{\"@type\":\"ImageObject\",\"inLanguage\":\"es\",\"@id\":\"https:\\\/\\\/www.laguiadepamplona.com\\\/actualidad\\\/#\\\/schema\\\/logo\\\/image\\\/\",\"url\":\"https:\\\/\\\/www.laguiadepamplona.com\\\/actualidad\\\/wp-content\\\/uploads\\\/2018\\\/11\\\/logo-laguiadepamplona18-web1.png\",\"contentUrl\":\"https:\\\/\\\/www.laguiadepamplona.com\\\/actualidad\\\/wp-content\\\/uploads\\\/2018\\\/11\\\/logo-laguiadepamplona18-web1.png\",\"width\":600,\"height\":196,\"caption\":\"La Gu\u00eda de Pamplona \\\/ Noticias\"},\"image\":{\"@id\":\"https:\\\/\\\/www.laguiadepamplona.com\\\/actualidad\\\/#\\\/schema\\\/logo\\\/image\\\/\"},\"sameAs\":[\"https:\\\/\\\/www.facebook.com\\\/laguiadepamplonacom-133175176762273\\\/?ref=hl\",\"https:\\\/\\\/x.com\\\/LaGuiadPamplona\",\"https:\\\/\\\/www.instagram.com\\\/la_guia_de_pamplona\\\/\",\"https:\\\/\\\/www.youtube.com\\\/user\\\/laguiadepamplona\"]},{\"@type\":\"Person\",\"@id\":\"https:\\\/\\\/www.laguiadepamplona.com\\\/actualidad\\\/#\\\/schema\\\/person\\\/efe887376f0213d4657c93adc50b1fdb\",\"name\":\"La Gu\u00eda de Pamplona\",\"image\":{\"@type\":\"ImageObject\",\"inLanguage\":\"es\",\"@id\":\"https:\\\/\\\/secure.gravatar.com\\\/avatar\\\/b6992f131dc8d30ab0dff15446e9d346d9dbd95992de0fef795073f5ea83a81c?s=96&d=mm&r=g\",\"url\":\"https:\\\/\\\/secure.gravatar.com\\\/avatar\\\/b6992f131dc8d30ab0dff15446e9d346d9dbd95992de0fef795073f5ea83a81c?s=96&d=mm&r=g\",\"contentUrl\":\"https:\\\/\\\/secure.gravatar.com\\\/avatar\\\/b6992f131dc8d30ab0dff15446e9d346d9dbd95992de0fef795073f5ea83a81c?s=96&d=mm&r=g\",\"caption\":\"La Gu\u00eda de Pamplona\"}}]}<\/script>\n<!-- \/ Yoast SEO plugin. -->","yoast_head_json":{"title":"Cinco tardes para cantar, bailar, hacer manualidades y hablar sobre identidad sexual","description":"La Casa de la Juventud contin\u00faa en agosto con su programa gratuito \u2018Cada d\u00eda un plan\u2019, destinado a j\u00f3venes de 14 a 30 a\u00f1os","robots":{"index":"index","follow":"follow","max-snippet":"max-snippet:-1","max-image-preview":"max-image-preview:large","max-video-preview":"max-video-preview:-1"},"canonical":"https:\/\/www.laguiadepamplona.com\/actualidad\/cinco-tardes-para-cantar-bailar-hacer-manualidades-y-hablar-sobre-identidad-sexual\/","og_locale":"es_ES","og_type":"article","og_title":"Cinco tardes para cantar, bailar, hacer manualidades y hablar sobre identidad sexual","og_description":"La Casa de la Juventud contin\u00faa en agosto con su programa gratuito \u2018Cada d\u00eda un plan\u2019, destinado a j\u00f3venes de 14 a 30 a\u00f1os","og_url":"https:\/\/www.laguiadepamplona.com\/actualidad\/cinco-tardes-para-cantar-bailar-hacer-manualidades-y-hablar-sobre-identidad-sexual\/","og_site_name":"La Gu\u00eda de Pamplona","article_publisher":"https:\/\/www.facebook.com\/laguiadepamplonacom-133175176762273\/?ref=hl","article_published_time":"2022-08-05T12:19:06+00:00","article_modified_time":"2023-04-11T09:47:56+00:00","og_image":[{"width":1920,"height":1280,"url":"https:\/\/www.laguiadepamplona.com\/actualidad\/wp-content\/uploads\/2022\/08\/bailecasajuventudee5a2716_1.webp","type":"image\/webp"}],"author":"La Gu\u00eda de Pamplona","twitter_card":"summary_large_image","twitter_creator":"@LaGuiadPamplona","twitter_site":"@LaGuiadPamplona","twitter_misc":{"Escrito por":"La Gu\u00eda de Pamplona","Tiempo de lectura":"4 minutos"},"schema":{"@context":"https:\/\/schema.org","@graph":[{"@type":"Article","@id":"https:\/\/www.laguiadepamplona.com\/actualidad\/cinco-tardes-para-cantar-bailar-hacer-manualidades-y-hablar-sobre-identidad-sexual\/#article","isPartOf":{"@id":"https:\/\/www.laguiadepamplona.com\/actualidad\/cinco-tardes-para-cantar-bailar-hacer-manualidades-y-hablar-sobre-identidad-sexual\/"},"author":{"name":"La Gu\u00eda de Pamplona","@id":"https:\/\/www.laguiadepamplona.com\/actualidad\/#\/schema\/person\/efe887376f0213d4657c93adc50b1fdb"},"headline":"Cinco tardes para cantar, bailar, hacer manualidades y hablar sobre identidad sexual","datePublished":"2022-08-05T12:19:06+00:00","dateModified":"2023-04-11T09:47:56+00:00","mainEntityOfPage":{"@id":"https:\/\/www.laguiadepamplona.com\/actualidad\/cinco-tardes-para-cantar-bailar-hacer-manualidades-y-hablar-sobre-identidad-sexual\/"},"wordCount":836,"commentCount":0,"publisher":{"@id":"https:\/\/www.laguiadepamplona.com\/actualidad\/#organization"},"image":{"@id":"https:\/\/www.laguiadepamplona.com\/actualidad\/cinco-tardes-para-cantar-bailar-hacer-manualidades-y-hablar-sobre-identidad-sexual\/#primaryimage"},"thumbnailUrl":"https:\/\/www.laguiadepamplona.com\/actualidad\/wp-content\/uploads\/2022\/08\/bailecasajuventudee5a2716_1.webp","articleSection":["Ayto Pamplona"],"inLanguage":"es","potentialAction":[{"@type":"CommentAction","name":"Comment","target":["https:\/\/www.laguiadepamplona.com\/actualidad\/cinco-tardes-para-cantar-bailar-hacer-manualidades-y-hablar-sobre-identidad-sexual\/#respond"]}]},{"@type":"WebPage","@id":"https:\/\/www.laguiadepamplona.com\/actualidad\/cinco-tardes-para-cantar-bailar-hacer-manualidades-y-hablar-sobre-identidad-sexual\/","url":"https:\/\/www.laguiadepamplona.com\/actualidad\/cinco-tardes-para-cantar-bailar-hacer-manualidades-y-hablar-sobre-identidad-sexual\/","name":"Cinco tardes para cantar, bailar, hacer manualidades y hablar sobre identidad sexual","isPartOf":{"@id":"https:\/\/www.laguiadepamplona.com\/actualidad\/#website"},"primaryImageOfPage":{"@id":"https:\/\/www.laguiadepamplona.com\/actualidad\/cinco-tardes-para-cantar-bailar-hacer-manualidades-y-hablar-sobre-identidad-sexual\/#primaryimage"},"image":{"@id":"https:\/\/www.laguiadepamplona.com\/actualidad\/cinco-tardes-para-cantar-bailar-hacer-manualidades-y-hablar-sobre-identidad-sexual\/#primaryimage"},"thumbnailUrl":"https:\/\/www.laguiadepamplona.com\/actualidad\/wp-content\/uploads\/2022\/08\/bailecasajuventudee5a2716_1.webp","datePublished":"2022-08-05T12:19:06+00:00","dateModified":"2023-04-11T09:47:56+00:00","description":"La Casa de la Juventud contin\u00faa en agosto con su programa gratuito \u2018Cada d\u00eda un plan\u2019, destinado a j\u00f3venes de 14 a 30 a\u00f1os","breadcrumb":{"@id":"https:\/\/www.laguiadepamplona.com\/actualidad\/cinco-tardes-para-cantar-bailar-hacer-manualidades-y-hablar-sobre-identidad-sexual\/#breadcrumb"},"inLanguage":"es","potentialAction":[{"@type":"ReadAction","target":["https:\/\/www.laguiadepamplona.com\/actualidad\/cinco-tardes-para-cantar-bailar-hacer-manualidades-y-hablar-sobre-identidad-sexual\/"]}]},{"@type":"ImageObject","inLanguage":"es","@id":"https:\/\/www.laguiadepamplona.com\/actualidad\/cinco-tardes-para-cantar-bailar-hacer-manualidades-y-hablar-sobre-identidad-sexual\/#primaryimage","url":"https:\/\/www.laguiadepamplona.com\/actualidad\/wp-content\/uploads\/2022\/08\/bailecasajuventudee5a2716_1.webp","contentUrl":"https:\/\/www.laguiadepamplona.com\/actualidad\/wp-content\/uploads\/2022\/08\/bailecasajuventudee5a2716_1.webp","width":1920,"height":1280},{"@type":"BreadcrumbList","@id":"https:\/\/www.laguiadepamplona.com\/actualidad\/cinco-tardes-para-cantar-bailar-hacer-manualidades-y-hablar-sobre-identidad-sexual\/#breadcrumb","itemListElement":[{"@type":"ListItem","position":1,"name":"Portada","item":"https:\/\/www.laguiadepamplona.com\/actualidad\/"},{"@type":"ListItem","position":2,"name":"Cinco tardes para cantar, bailar, hacer manualidades y hablar sobre identidad sexual"}]},{"@type":"WebSite","@id":"https:\/\/www.laguiadepamplona.com\/actualidad\/#website","url":"https:\/\/www.laguiadepamplona.com\/actualidad\/","name":"La gu\u00eda de Pamplona","description":"Noticias de Pamplona","publisher":{"@id":"https:\/\/www.laguiadepamplona.com\/actualidad\/#organization"},"potentialAction":[{"@type":"SearchAction","target":{"@type":"EntryPoint","urlTemplate":"https:\/\/www.laguiadepamplona.com\/actualidad\/?s={search_term_string}"},"query-input":{"@type":"PropertyValueSpecification","valueRequired":true,"valueName":"search_term_string"}}],"inLanguage":"es"},{"@type":"Organization","@id":"https:\/\/www.laguiadepamplona.com\/actualidad\/#organization","name":"La Gu\u00eda de Pamplona \/ Noticias","url":"https:\/\/www.laguiadepamplona.com\/actualidad\/","logo":{"@type":"ImageObject","inLanguage":"es","@id":"https:\/\/www.laguiadepamplona.com\/actualidad\/#\/schema\/logo\/image\/","url":"https:\/\/www.laguiadepamplona.com\/actualidad\/wp-content\/uploads\/2018\/11\/logo-laguiadepamplona18-web1.png","contentUrl":"https:\/\/www.laguiadepamplona.com\/actualidad\/wp-content\/uploads\/2018\/11\/logo-laguiadepamplona18-web1.png","width":600,"height":196,"caption":"La Gu\u00eda de Pamplona \/ Noticias"},"image":{"@id":"https:\/\/www.laguiadepamplona.com\/actualidad\/#\/schema\/logo\/image\/"},"sameAs":["https:\/\/www.facebook.com\/laguiadepamplonacom-133175176762273\/?ref=hl","https:\/\/x.com\/LaGuiadPamplona","https:\/\/www.instagram.com\/la_guia_de_pamplona\/","https:\/\/www.youtube.com\/user\/laguiadepamplona"]},{"@type":"Person","@id":"https:\/\/www.laguiadepamplona.com\/actualidad\/#\/schema\/person\/efe887376f0213d4657c93adc50b1fdb","name":"La Gu\u00eda de Pamplona","image":{"@type":"ImageObject","inLanguage":"es","@id":"https:\/\/secure.gravatar.com\/avatar\/b6992f131dc8d30ab0dff15446e9d346d9dbd95992de0fef795073f5ea83a81c?s=96&d=mm&r=g","url":"https:\/\/secure.gravatar.com\/avatar\/b6992f131dc8d30ab0dff15446e9d346d9dbd95992de0fef795073f5ea83a81c?s=96&d=mm&r=g","contentUrl":"https:\/\/secure.gravatar.com\/avatar\/b6992f131dc8d30ab0dff15446e9d346d9dbd95992de0fef795073f5ea83a81c?s=96&d=mm&r=g","caption":"La Gu\u00eda de Pamplona"}}]}},"post_mailing_queue_ids":[],"_links":{"self":[{"href":"https:\/\/www.laguiadepamplona.com\/actualidad\/wp-json\/wp\/v2\/posts\/41228","targetHints":{"allow":["GET"]}}],"collection":[{"href":"https:\/\/www.laguiadepamplona.com\/actualidad\/wp-json\/wp\/v2\/posts"}],"about":[{"href":"https:\/\/www.laguiadepamplona.com\/actualidad\/wp-json\/wp\/v2\/types\/post"}],"author":[{"embeddable":true,"href":"https:\/\/www.laguiadepamplona.com\/actualidad\/wp-json\/wp\/v2\/users\/1"}],"replies":[{"embeddable":true,"href":"https:\/\/www.laguiadepamplona.com\/actualidad\/wp-json\/wp\/v2\/comments?post=41228"}],"version-history":[{"count":0,"href":"https:\/\/www.laguiadepamplona.com\/actualidad\/wp-json\/wp\/v2\/posts\/41228\/revisions"}],"wp:featuredmedia":[{"embeddable":true,"href":"https:\/\/www.laguiadepamplona.com\/actualidad\/wp-json\/wp\/v2\/media\/41229"}],"wp:attachment":[{"href":"https:\/\/www.laguiadepamplona.com\/actualidad\/wp-json\/wp\/v2\/media?parent=41228"}],"wp:term":[{"taxonomy":"category","embeddable":true,"href":"https:\/\/www.laguiadepamplona.com\/actualidad\/wp-json\/wp\/v2\/categories?post=41228"},{"taxonomy":"post_tag","embeddable":true,"href":"https:\/\/www.laguiadepamplona.com\/actualidad\/wp-json\/wp\/v2\/tags?post=41228"}],"curies":[{"name":"wp","href":"https:\/\/api.w.org\/{rel}","templated":true}]}}