{"id":41225,"date":"2022-08-05T14:16:50","date_gmt":"2022-08-05T12:16:50","guid":{"rendered":"https:\/\/www.laguiadepamplona.com\/actualidad\/?p=41225"},"modified":"2023-04-11T11:47:56","modified_gmt":"2023-04-11T09:47:56","slug":"el-lunes-8-se-abre-el-plazo-para-inscribirse-en-la-semana-del-tenis-de-mesa-de-la-casa-de-la-juventud-que-se-celebra-del-22-al-26-de-agosto","status":"publish","type":"post","link":"https:\/\/www.laguiadepamplona.com\/actualidad\/el-lunes-8-se-abre-el-plazo-para-inscribirse-en-la-semana-del-tenis-de-mesa-de-la-casa-de-la-juventud-que-se-celebra-del-22-al-26-de-agosto\/","title":{"rendered":"El lunes 8 se abre el plazo para inscribirse en la Semana del tenis de mesa de la Casa de la Juventud, que se celebra del 22 al 26 de agosto"},"content":{"rendered":"<h5>El programa se dirige a j\u00f3venes de 12 a 30 a\u00f1os e incluye talleres de aprendizaje de dos niveles, exhibici\u00f3n de profesionales y un campeonato<\/h5>\n<p><!--more--><\/p>\n<p>La Casa de la Juventud del Ayuntamiento de Pamplona abre hoy lunes, 8 de agosto, el plazo para las inscripciones gratuitas en la Semana de tenis de mesa, que propone talleres de aprendizaje de dos niveles (iniciaci\u00f3n y perfeccionamiento) y un campeonato, entre el lunes 22 y el viernes 26 de agosto. Las actividades se dirigen a j\u00f3venes de 12 a 30 a\u00f1os y est\u00e1n a cargo de Jos\u00e9 Ignacio Vidaurre, jugador y entrenador de tenis de mesa. El objetivo es acercar este deporte minoritario a la juventud.<br \/>\n<script async src=\"\/\/pagead2.googlesyndication.com\/pagead\/js\/adsbygoogle.js\"><\/script><br \/>\n<!-- Noticias La Guia de Pamplona --><br \/>\n<ins class=\"adsbygoogle\"\nstyle=\"display:block\"\ndata-ad-client=\"ca-pub-6943679897239327\"\ndata-ad-slot=\"7048180777\"\ndata-ad-format=\"auto\"><\/ins><br \/>\n<script>\n(adsbygoogle = window.adsbygoogle || []).push({});\n<\/script><\/p>\n<p>El programa consta de dos partes: del lunes 22 al mi\u00e9rcoles 24 se desarrollar\u00e1n los talleres y el jueves 25 y viernes 26 tendr\u00e1 lugar un peque\u00f1o campeonato entre las personas participantes. Los premios del campeonato ser\u00e1n tarjetas regalo de 60, 40 y 20 euros, respectivamente, en cada grupo. Adem\u00e1s, el viernes 26, las personas participantes tendr\u00e1n la oportunidad de ver una exhibici\u00f3n entre dos profesionales de este deporte.<\/p>\n<p>Las personas interesadas pueden apuntarse en el grupo de iniciaci\u00f3n (de 18 a 19 horas) o en el de perfeccionamiento (19 a 20 horas). Hay 15 plazas en cada grupo. Las inscripciones podr\u00e1n hacerse entre el 8 y el 19 de agosto presencialmente en la Casa de la Juventud o en el tel\u00e9fono 948 233 512. El horario de atenci\u00f3n en verano es de lunes a viernes de 10.30 a 12.00 horas y de 17.00 a 22.00 horas.<br \/>\n<script async src=\"\/\/pagead2.googlesyndication.com\/pagead\/js\/adsbygoogle.js\"><\/script><br \/>\n<!-- Noticias La Guia de Pamplona --><br \/>\n<ins class=\"adsbygoogle\"\nstyle=\"display:block\"\ndata-ad-client=\"ca-pub-6943679897239327\"\ndata-ad-slot=\"7048180777\"\ndata-ad-format=\"auto\"><\/ins><br \/>\n<script>\n(adsbygoogle = window.adsbygoogle || []).push({});\n<\/script><\/p>\n<p><strong>Dos niveles de talleres y de competici\u00f3n<\/strong><\/p>\n<p>En los talleres, de lunes a mi\u00e9rcoles, se trabajar\u00e1 todo lo que abarca el tenis de mesa: t\u00e9cnicas para recoger la raqueta, diferentes modalidades de sacar, movimientos b\u00e1sicos, movimientos de piernas y posici\u00f3n corporal, reflejos, golpeos, t\u00e1cticas a seguir en el juego, etc\u00e9tera. Para conseguir adaptar los talleres al nivel de las personas inscritas, se ofertan dos horarios: de 18 a 19 horas, las sesiones se dirigen a personas que no tengan conocimientos o estos sean muy b\u00e1sicos en el tenis de mesa y la segunda tanda, de 19 a 20 horas, para las personas que tengan un nivel m\u00e1s avanzado. Se realizar\u00e1n las mismas actividades para los dos grupos a\u00f1adiendo un punto de dificultad para el grupo m\u00e1s avanzado.<\/p>\n<p>Durante las jornadas, se va a insistir en el aprendizaje de las reglas de competici\u00f3n, de modo que el jueves y el viernes las personas participantes jueguen un torneo entre ellas. Habr\u00e1 tres premios en las dos categor\u00edas, iniciaci\u00f3n y avanzado: una tarjeta regalo de 60 euros, 40 euros y 20 euros para los tres primeros puestos. Como colof\u00f3n a las jornadas, el \u00faltimo d\u00eda se prev\u00e9 una exhibici\u00f3n con dos jugadores profesionales.<\/p>\n","protected":false},"excerpt":{"rendered":"<p>El programa se dirige a j\u00f3venes de 12 a 30 a\u00f1os e incluye talleres de aprendizaje de dos niveles, exhibici\u00f3n de profesionales y un campeonato<\/p>\n","protected":false},"author":1,"featured_media":41226,"comment_status":"open","ping_status":"closed","sticky":false,"template":"","format":"standard","meta":{"footnotes":""},"categories":[2],"tags":[],"class_list":["post-41225","post","type-post","status-publish","format-standard","has-post-thumbnail","hentry","category-ayuntamiento-pamplona"],"yoast_head":"<!-- This site is optimized with the Yoast SEO plugin v27.5 - https:\/\/yoast.com\/product\/yoast-seo-wordpress\/ -->\n<title>El lunes 8 se abre el plazo para inscribirse en la Semana del tenis de mesa de la Casa de la Juventud, que se celebra del 22 al 26 de agosto<\/title>\n<meta name=\"description\" content=\"El programa se dirige a j\u00f3venes de 12 a 30 a\u00f1os e incluye talleres de aprendizaje de dos niveles, exhibici\u00f3n de profesionales y un campeonato\" \/>\n<meta name=\"robots\" content=\"index, follow, max-snippet:-1, max-image-preview:large, max-video-preview:-1\" \/>\n<link rel=\"canonical\" href=\"https:\/\/www.laguiadepamplona.com\/actualidad\/el-lunes-8-se-abre-el-plazo-para-inscribirse-en-la-semana-del-tenis-de-mesa-de-la-casa-de-la-juventud-que-se-celebra-del-22-al-26-de-agosto\/\" \/>\n<meta property=\"og:locale\" content=\"es_ES\" \/>\n<meta property=\"og:type\" content=\"article\" \/>\n<meta property=\"og:title\" content=\"El lunes 8 se abre el plazo para inscribirse en la Semana del tenis de mesa de la Casa de la Juventud, que se celebra del 22 al 26 de agosto\" \/>\n<meta property=\"og:description\" content=\"El programa se dirige a j\u00f3venes de 12 a 30 a\u00f1os e incluye talleres de aprendizaje de dos niveles, exhibici\u00f3n de profesionales y un campeonato\" \/>\n<meta property=\"og:url\" content=\"https:\/\/www.laguiadepamplona.com\/actualidad\/el-lunes-8-se-abre-el-plazo-para-inscribirse-en-la-semana-del-tenis-de-mesa-de-la-casa-de-la-juventud-que-se-celebra-del-22-al-26-de-agosto\/\" \/>\n<meta property=\"og:site_name\" content=\"La Gu\u00eda de Pamplona\" \/>\n<meta property=\"article:publisher\" content=\"https:\/\/www.facebook.com\/laguiadepamplonacom-133175176762273\/?ref=hl\" \/>\n<meta property=\"article:published_time\" content=\"2022-08-05T12:16:50+00:00\" \/>\n<meta property=\"article:modified_time\" content=\"2023-04-11T09:47:56+00:00\" \/>\n<meta property=\"og:image\" content=\"https:\/\/www.laguiadepamplona.com\/actualidad\/wp-content\/uploads\/2022\/08\/CASA-JUVENTUD_EE5A2896.webp\" \/>\n\t<meta property=\"og:image:width\" content=\"1920\" \/>\n\t<meta property=\"og:image:height\" content=\"1280\" \/>\n\t<meta property=\"og:image:type\" content=\"image\/webp\" \/>\n<meta name=\"author\" content=\"La Gu\u00eda de Pamplona\" \/>\n<meta name=\"twitter:card\" content=\"summary_large_image\" \/>\n<meta name=\"twitter:creator\" content=\"@LaGuiadPamplona\" \/>\n<meta name=\"twitter:site\" content=\"@LaGuiadPamplona\" \/>\n<meta name=\"twitter:label1\" content=\"Escrito por\" \/>\n\t<meta name=\"twitter:data1\" content=\"La Gu\u00eda de Pamplona\" \/>\n\t<meta name=\"twitter:label2\" content=\"Tiempo de lectura\" \/>\n\t<meta name=\"twitter:data2\" content=\"3 minutos\" \/>\n<script type=\"application\/ld+json\" class=\"yoast-schema-graph\">{\"@context\":\"https:\\\/\\\/schema.org\",\"@graph\":[{\"@type\":\"Article\",\"@id\":\"https:\\\/\\\/www.laguiadepamplona.com\\\/actualidad\\\/el-lunes-8-se-abre-el-plazo-para-inscribirse-en-la-semana-del-tenis-de-mesa-de-la-casa-de-la-juventud-que-se-celebra-del-22-al-26-de-agosto\\\/#article\",\"isPartOf\":{\"@id\":\"https:\\\/\\\/www.laguiadepamplona.com\\\/actualidad\\\/el-lunes-8-se-abre-el-plazo-para-inscribirse-en-la-semana-del-tenis-de-mesa-de-la-casa-de-la-juventud-que-se-celebra-del-22-al-26-de-agosto\\\/\"},\"author\":{\"name\":\"La Gu\u00eda de Pamplona\",\"@id\":\"https:\\\/\\\/www.laguiadepamplona.com\\\/actualidad\\\/#\\\/schema\\\/person\\\/efe887376f0213d4657c93adc50b1fdb\"},\"headline\":\"El lunes 8 se abre el plazo para inscribirse en la Semana del tenis de mesa de la Casa de la Juventud, que se celebra del 22 al 26 de agosto\",\"datePublished\":\"2022-08-05T12:16:50+00:00\",\"dateModified\":\"2023-04-11T09:47:56+00:00\",\"mainEntityOfPage\":{\"@id\":\"https:\\\/\\\/www.laguiadepamplona.com\\\/actualidad\\\/el-lunes-8-se-abre-el-plazo-para-inscribirse-en-la-semana-del-tenis-de-mesa-de-la-casa-de-la-juventud-que-se-celebra-del-22-al-26-de-agosto\\\/\"},\"wordCount\":488,\"commentCount\":0,\"publisher\":{\"@id\":\"https:\\\/\\\/www.laguiadepamplona.com\\\/actualidad\\\/#organization\"},\"image\":{\"@id\":\"https:\\\/\\\/www.laguiadepamplona.com\\\/actualidad\\\/el-lunes-8-se-abre-el-plazo-para-inscribirse-en-la-semana-del-tenis-de-mesa-de-la-casa-de-la-juventud-que-se-celebra-del-22-al-26-de-agosto\\\/#primaryimage\"},\"thumbnailUrl\":\"https:\\\/\\\/www.laguiadepamplona.com\\\/actualidad\\\/wp-content\\\/uploads\\\/2022\\\/08\\\/CASA-JUVENTUD_EE5A2896.webp\",\"articleSection\":[\"Ayto Pamplona\"],\"inLanguage\":\"es\",\"potentialAction\":[{\"@type\":\"CommentAction\",\"name\":\"Comment\",\"target\":[\"https:\\\/\\\/www.laguiadepamplona.com\\\/actualidad\\\/el-lunes-8-se-abre-el-plazo-para-inscribirse-en-la-semana-del-tenis-de-mesa-de-la-casa-de-la-juventud-que-se-celebra-del-22-al-26-de-agosto\\\/#respond\"]}]},{\"@type\":\"WebPage\",\"@id\":\"https:\\\/\\\/www.laguiadepamplona.com\\\/actualidad\\\/el-lunes-8-se-abre-el-plazo-para-inscribirse-en-la-semana-del-tenis-de-mesa-de-la-casa-de-la-juventud-que-se-celebra-del-22-al-26-de-agosto\\\/\",\"url\":\"https:\\\/\\\/www.laguiadepamplona.com\\\/actualidad\\\/el-lunes-8-se-abre-el-plazo-para-inscribirse-en-la-semana-del-tenis-de-mesa-de-la-casa-de-la-juventud-que-se-celebra-del-22-al-26-de-agosto\\\/\",\"name\":\"El lunes 8 se abre el plazo para inscribirse en la Semana del tenis de mesa de la Casa de la Juventud, que se celebra del 22 al 26 de agosto\",\"isPartOf\":{\"@id\":\"https:\\\/\\\/www.laguiadepamplona.com\\\/actualidad\\\/#website\"},\"primaryImageOfPage\":{\"@id\":\"https:\\\/\\\/www.laguiadepamplona.com\\\/actualidad\\\/el-lunes-8-se-abre-el-plazo-para-inscribirse-en-la-semana-del-tenis-de-mesa-de-la-casa-de-la-juventud-que-se-celebra-del-22-al-26-de-agosto\\\/#primaryimage\"},\"image\":{\"@id\":\"https:\\\/\\\/www.laguiadepamplona.com\\\/actualidad\\\/el-lunes-8-se-abre-el-plazo-para-inscribirse-en-la-semana-del-tenis-de-mesa-de-la-casa-de-la-juventud-que-se-celebra-del-22-al-26-de-agosto\\\/#primaryimage\"},\"thumbnailUrl\":\"https:\\\/\\\/www.laguiadepamplona.com\\\/actualidad\\\/wp-content\\\/uploads\\\/2022\\\/08\\\/CASA-JUVENTUD_EE5A2896.webp\",\"datePublished\":\"2022-08-05T12:16:50+00:00\",\"dateModified\":\"2023-04-11T09:47:56+00:00\",\"description\":\"El programa se dirige a j\u00f3venes de 12 a 30 a\u00f1os e incluye talleres de aprendizaje de dos niveles, exhibici\u00f3n de profesionales y un campeonato\",\"breadcrumb\":{\"@id\":\"https:\\\/\\\/www.laguiadepamplona.com\\\/actualidad\\\/el-lunes-8-se-abre-el-plazo-para-inscribirse-en-la-semana-del-tenis-de-mesa-de-la-casa-de-la-juventud-que-se-celebra-del-22-al-26-de-agosto\\\/#breadcrumb\"},\"inLanguage\":\"es\",\"potentialAction\":[{\"@type\":\"ReadAction\",\"target\":[\"https:\\\/\\\/www.laguiadepamplona.com\\\/actualidad\\\/el-lunes-8-se-abre-el-plazo-para-inscribirse-en-la-semana-del-tenis-de-mesa-de-la-casa-de-la-juventud-que-se-celebra-del-22-al-26-de-agosto\\\/\"]}]},{\"@type\":\"ImageObject\",\"inLanguage\":\"es\",\"@id\":\"https:\\\/\\\/www.laguiadepamplona.com\\\/actualidad\\\/el-lunes-8-se-abre-el-plazo-para-inscribirse-en-la-semana-del-tenis-de-mesa-de-la-casa-de-la-juventud-que-se-celebra-del-22-al-26-de-agosto\\\/#primaryimage\",\"url\":\"https:\\\/\\\/www.laguiadepamplona.com\\\/actualidad\\\/wp-content\\\/uploads\\\/2022\\\/08\\\/CASA-JUVENTUD_EE5A2896.webp\",\"contentUrl\":\"https:\\\/\\\/www.laguiadepamplona.com\\\/actualidad\\\/wp-content\\\/uploads\\\/2022\\\/08\\\/CASA-JUVENTUD_EE5A2896.webp\",\"width\":1920,\"height\":1280},{\"@type\":\"BreadcrumbList\",\"@id\":\"https:\\\/\\\/www.laguiadepamplona.com\\\/actualidad\\\/el-lunes-8-se-abre-el-plazo-para-inscribirse-en-la-semana-del-tenis-de-mesa-de-la-casa-de-la-juventud-que-se-celebra-del-22-al-26-de-agosto\\\/#breadcrumb\",\"itemListElement\":[{\"@type\":\"ListItem\",\"position\":1,\"name\":\"Portada\",\"item\":\"https:\\\/\\\/www.laguiadepamplona.com\\\/actualidad\\\/\"},{\"@type\":\"ListItem\",\"position\":2,\"name\":\"El lunes 8 se abre el plazo para inscribirse en la Semana del tenis de mesa de la Casa de la Juventud, que se celebra del 22 al 26 de agosto\"}]},{\"@type\":\"WebSite\",\"@id\":\"https:\\\/\\\/www.laguiadepamplona.com\\\/actualidad\\\/#website\",\"url\":\"https:\\\/\\\/www.laguiadepamplona.com\\\/actualidad\\\/\",\"name\":\"La gu\u00eda de Pamplona\",\"description\":\"Noticias de Pamplona\",\"publisher\":{\"@id\":\"https:\\\/\\\/www.laguiadepamplona.com\\\/actualidad\\\/#organization\"},\"potentialAction\":[{\"@type\":\"SearchAction\",\"target\":{\"@type\":\"EntryPoint\",\"urlTemplate\":\"https:\\\/\\\/www.laguiadepamplona.com\\\/actualidad\\\/?s={search_term_string}\"},\"query-input\":{\"@type\":\"PropertyValueSpecification\",\"valueRequired\":true,\"valueName\":\"search_term_string\"}}],\"inLanguage\":\"es\"},{\"@type\":\"Organization\",\"@id\":\"https:\\\/\\\/www.laguiadepamplona.com\\\/actualidad\\\/#organization\",\"name\":\"La Gu\u00eda de Pamplona \\\/ Noticias\",\"url\":\"https:\\\/\\\/www.laguiadepamplona.com\\\/actualidad\\\/\",\"logo\":{\"@type\":\"ImageObject\",\"inLanguage\":\"es\",\"@id\":\"https:\\\/\\\/www.laguiadepamplona.com\\\/actualidad\\\/#\\\/schema\\\/logo\\\/image\\\/\",\"url\":\"https:\\\/\\\/www.laguiadepamplona.com\\\/actualidad\\\/wp-content\\\/uploads\\\/2018\\\/11\\\/logo-laguiadepamplona18-web1.png\",\"contentUrl\":\"https:\\\/\\\/www.laguiadepamplona.com\\\/actualidad\\\/wp-content\\\/uploads\\\/2018\\\/11\\\/logo-laguiadepamplona18-web1.png\",\"width\":600,\"height\":196,\"caption\":\"La Gu\u00eda de Pamplona \\\/ Noticias\"},\"image\":{\"@id\":\"https:\\\/\\\/www.laguiadepamplona.com\\\/actualidad\\\/#\\\/schema\\\/logo\\\/image\\\/\"},\"sameAs\":[\"https:\\\/\\\/www.facebook.com\\\/laguiadepamplonacom-133175176762273\\\/?ref=hl\",\"https:\\\/\\\/x.com\\\/LaGuiadPamplona\",\"https:\\\/\\\/www.instagram.com\\\/la_guia_de_pamplona\\\/\",\"https:\\\/\\\/www.youtube.com\\\/user\\\/laguiadepamplona\"]},{\"@type\":\"Person\",\"@id\":\"https:\\\/\\\/www.laguiadepamplona.com\\\/actualidad\\\/#\\\/schema\\\/person\\\/efe887376f0213d4657c93adc50b1fdb\",\"name\":\"La Gu\u00eda de Pamplona\",\"image\":{\"@type\":\"ImageObject\",\"inLanguage\":\"es\",\"@id\":\"https:\\\/\\\/secure.gravatar.com\\\/avatar\\\/b6992f131dc8d30ab0dff15446e9d346d9dbd95992de0fef795073f5ea83a81c?s=96&d=mm&r=g\",\"url\":\"https:\\\/\\\/secure.gravatar.com\\\/avatar\\\/b6992f131dc8d30ab0dff15446e9d346d9dbd95992de0fef795073f5ea83a81c?s=96&d=mm&r=g\",\"contentUrl\":\"https:\\\/\\\/secure.gravatar.com\\\/avatar\\\/b6992f131dc8d30ab0dff15446e9d346d9dbd95992de0fef795073f5ea83a81c?s=96&d=mm&r=g\",\"caption\":\"La Gu\u00eda de Pamplona\"}}]}<\/script>\n<!-- \/ Yoast SEO plugin. -->","yoast_head_json":{"title":"El lunes 8 se abre el plazo para inscribirse en la Semana del tenis de mesa de la Casa de la Juventud, que se celebra del 22 al 26 de agosto","description":"El programa se dirige a j\u00f3venes de 12 a 30 a\u00f1os e incluye talleres de aprendizaje de dos niveles, exhibici\u00f3n de profesionales y un campeonato","robots":{"index":"index","follow":"follow","max-snippet":"max-snippet:-1","max-image-preview":"max-image-preview:large","max-video-preview":"max-video-preview:-1"},"canonical":"https:\/\/www.laguiadepamplona.com\/actualidad\/el-lunes-8-se-abre-el-plazo-para-inscribirse-en-la-semana-del-tenis-de-mesa-de-la-casa-de-la-juventud-que-se-celebra-del-22-al-26-de-agosto\/","og_locale":"es_ES","og_type":"article","og_title":"El lunes 8 se abre el plazo para inscribirse en la Semana del tenis de mesa de la Casa de la Juventud, que se celebra del 22 al 26 de agosto","og_description":"El programa se dirige a j\u00f3venes de 12 a 30 a\u00f1os e incluye talleres de aprendizaje de dos niveles, exhibici\u00f3n de profesionales y un campeonato","og_url":"https:\/\/www.laguiadepamplona.com\/actualidad\/el-lunes-8-se-abre-el-plazo-para-inscribirse-en-la-semana-del-tenis-de-mesa-de-la-casa-de-la-juventud-que-se-celebra-del-22-al-26-de-agosto\/","og_site_name":"La Gu\u00eda de Pamplona","article_publisher":"https:\/\/www.facebook.com\/laguiadepamplonacom-133175176762273\/?ref=hl","article_published_time":"2022-08-05T12:16:50+00:00","article_modified_time":"2023-04-11T09:47:56+00:00","og_image":[{"width":1920,"height":1280,"url":"https:\/\/www.laguiadepamplona.com\/actualidad\/wp-content\/uploads\/2022\/08\/CASA-JUVENTUD_EE5A2896.webp","type":"image\/webp"}],"author":"La Gu\u00eda de Pamplona","twitter_card":"summary_large_image","twitter_creator":"@LaGuiadPamplona","twitter_site":"@LaGuiadPamplona","twitter_misc":{"Escrito por":"La Gu\u00eda de Pamplona","Tiempo de lectura":"3 minutos"},"schema":{"@context":"https:\/\/schema.org","@graph":[{"@type":"Article","@id":"https:\/\/www.laguiadepamplona.com\/actualidad\/el-lunes-8-se-abre-el-plazo-para-inscribirse-en-la-semana-del-tenis-de-mesa-de-la-casa-de-la-juventud-que-se-celebra-del-22-al-26-de-agosto\/#article","isPartOf":{"@id":"https:\/\/www.laguiadepamplona.com\/actualidad\/el-lunes-8-se-abre-el-plazo-para-inscribirse-en-la-semana-del-tenis-de-mesa-de-la-casa-de-la-juventud-que-se-celebra-del-22-al-26-de-agosto\/"},"author":{"name":"La Gu\u00eda de Pamplona","@id":"https:\/\/www.laguiadepamplona.com\/actualidad\/#\/schema\/person\/efe887376f0213d4657c93adc50b1fdb"},"headline":"El lunes 8 se abre el plazo para inscribirse en la Semana del tenis de mesa de la Casa de la Juventud, que se celebra del 22 al 26 de agosto","datePublished":"2022-08-05T12:16:50+00:00","dateModified":"2023-04-11T09:47:56+00:00","mainEntityOfPage":{"@id":"https:\/\/www.laguiadepamplona.com\/actualidad\/el-lunes-8-se-abre-el-plazo-para-inscribirse-en-la-semana-del-tenis-de-mesa-de-la-casa-de-la-juventud-que-se-celebra-del-22-al-26-de-agosto\/"},"wordCount":488,"commentCount":0,"publisher":{"@id":"https:\/\/www.laguiadepamplona.com\/actualidad\/#organization"},"image":{"@id":"https:\/\/www.laguiadepamplona.com\/actualidad\/el-lunes-8-se-abre-el-plazo-para-inscribirse-en-la-semana-del-tenis-de-mesa-de-la-casa-de-la-juventud-que-se-celebra-del-22-al-26-de-agosto\/#primaryimage"},"thumbnailUrl":"https:\/\/www.laguiadepamplona.com\/actualidad\/wp-content\/uploads\/2022\/08\/CASA-JUVENTUD_EE5A2896.webp","articleSection":["Ayto Pamplona"],"inLanguage":"es","potentialAction":[{"@type":"CommentAction","name":"Comment","target":["https:\/\/www.laguiadepamplona.com\/actualidad\/el-lunes-8-se-abre-el-plazo-para-inscribirse-en-la-semana-del-tenis-de-mesa-de-la-casa-de-la-juventud-que-se-celebra-del-22-al-26-de-agosto\/#respond"]}]},{"@type":"WebPage","@id":"https:\/\/www.laguiadepamplona.com\/actualidad\/el-lunes-8-se-abre-el-plazo-para-inscribirse-en-la-semana-del-tenis-de-mesa-de-la-casa-de-la-juventud-que-se-celebra-del-22-al-26-de-agosto\/","url":"https:\/\/www.laguiadepamplona.com\/actualidad\/el-lunes-8-se-abre-el-plazo-para-inscribirse-en-la-semana-del-tenis-de-mesa-de-la-casa-de-la-juventud-que-se-celebra-del-22-al-26-de-agosto\/","name":"El lunes 8 se abre el plazo para inscribirse en la Semana del tenis de mesa de la Casa de la Juventud, que se celebra del 22 al 26 de agosto","isPartOf":{"@id":"https:\/\/www.laguiadepamplona.com\/actualidad\/#website"},"primaryImageOfPage":{"@id":"https:\/\/www.laguiadepamplona.com\/actualidad\/el-lunes-8-se-abre-el-plazo-para-inscribirse-en-la-semana-del-tenis-de-mesa-de-la-casa-de-la-juventud-que-se-celebra-del-22-al-26-de-agosto\/#primaryimage"},"image":{"@id":"https:\/\/www.laguiadepamplona.com\/actualidad\/el-lunes-8-se-abre-el-plazo-para-inscribirse-en-la-semana-del-tenis-de-mesa-de-la-casa-de-la-juventud-que-se-celebra-del-22-al-26-de-agosto\/#primaryimage"},"thumbnailUrl":"https:\/\/www.laguiadepamplona.com\/actualidad\/wp-content\/uploads\/2022\/08\/CASA-JUVENTUD_EE5A2896.webp","datePublished":"2022-08-05T12:16:50+00:00","dateModified":"2023-04-11T09:47:56+00:00","description":"El programa se dirige a j\u00f3venes de 12 a 30 a\u00f1os e incluye talleres de aprendizaje de dos niveles, exhibici\u00f3n de profesionales y un campeonato","breadcrumb":{"@id":"https:\/\/www.laguiadepamplona.com\/actualidad\/el-lunes-8-se-abre-el-plazo-para-inscribirse-en-la-semana-del-tenis-de-mesa-de-la-casa-de-la-juventud-que-se-celebra-del-22-al-26-de-agosto\/#breadcrumb"},"inLanguage":"es","potentialAction":[{"@type":"ReadAction","target":["https:\/\/www.laguiadepamplona.com\/actualidad\/el-lunes-8-se-abre-el-plazo-para-inscribirse-en-la-semana-del-tenis-de-mesa-de-la-casa-de-la-juventud-que-se-celebra-del-22-al-26-de-agosto\/"]}]},{"@type":"ImageObject","inLanguage":"es","@id":"https:\/\/www.laguiadepamplona.com\/actualidad\/el-lunes-8-se-abre-el-plazo-para-inscribirse-en-la-semana-del-tenis-de-mesa-de-la-casa-de-la-juventud-que-se-celebra-del-22-al-26-de-agosto\/#primaryimage","url":"https:\/\/www.laguiadepamplona.com\/actualidad\/wp-content\/uploads\/2022\/08\/CASA-JUVENTUD_EE5A2896.webp","contentUrl":"https:\/\/www.laguiadepamplona.com\/actualidad\/wp-content\/uploads\/2022\/08\/CASA-JUVENTUD_EE5A2896.webp","width":1920,"height":1280},{"@type":"BreadcrumbList","@id":"https:\/\/www.laguiadepamplona.com\/actualidad\/el-lunes-8-se-abre-el-plazo-para-inscribirse-en-la-semana-del-tenis-de-mesa-de-la-casa-de-la-juventud-que-se-celebra-del-22-al-26-de-agosto\/#breadcrumb","itemListElement":[{"@type":"ListItem","position":1,"name":"Portada","item":"https:\/\/www.laguiadepamplona.com\/actualidad\/"},{"@type":"ListItem","position":2,"name":"El lunes 8 se abre el plazo para inscribirse en la Semana del tenis de mesa de la Casa de la Juventud, que se celebra del 22 al 26 de agosto"}]},{"@type":"WebSite","@id":"https:\/\/www.laguiadepamplona.com\/actualidad\/#website","url":"https:\/\/www.laguiadepamplona.com\/actualidad\/","name":"La gu\u00eda de Pamplona","description":"Noticias de Pamplona","publisher":{"@id":"https:\/\/www.laguiadepamplona.com\/actualidad\/#organization"},"potentialAction":[{"@type":"SearchAction","target":{"@type":"EntryPoint","urlTemplate":"https:\/\/www.laguiadepamplona.com\/actualidad\/?s={search_term_string}"},"query-input":{"@type":"PropertyValueSpecification","valueRequired":true,"valueName":"search_term_string"}}],"inLanguage":"es"},{"@type":"Organization","@id":"https:\/\/www.laguiadepamplona.com\/actualidad\/#organization","name":"La Gu\u00eda de Pamplona \/ Noticias","url":"https:\/\/www.laguiadepamplona.com\/actualidad\/","logo":{"@type":"ImageObject","inLanguage":"es","@id":"https:\/\/www.laguiadepamplona.com\/actualidad\/#\/schema\/logo\/image\/","url":"https:\/\/www.laguiadepamplona.com\/actualidad\/wp-content\/uploads\/2018\/11\/logo-laguiadepamplona18-web1.png","contentUrl":"https:\/\/www.laguiadepamplona.com\/actualidad\/wp-content\/uploads\/2018\/11\/logo-laguiadepamplona18-web1.png","width":600,"height":196,"caption":"La Gu\u00eda de Pamplona \/ Noticias"},"image":{"@id":"https:\/\/www.laguiadepamplona.com\/actualidad\/#\/schema\/logo\/image\/"},"sameAs":["https:\/\/www.facebook.com\/laguiadepamplonacom-133175176762273\/?ref=hl","https:\/\/x.com\/LaGuiadPamplona","https:\/\/www.instagram.com\/la_guia_de_pamplona\/","https:\/\/www.youtube.com\/user\/laguiadepamplona"]},{"@type":"Person","@id":"https:\/\/www.laguiadepamplona.com\/actualidad\/#\/schema\/person\/efe887376f0213d4657c93adc50b1fdb","name":"La Gu\u00eda de Pamplona","image":{"@type":"ImageObject","inLanguage":"es","@id":"https:\/\/secure.gravatar.com\/avatar\/b6992f131dc8d30ab0dff15446e9d346d9dbd95992de0fef795073f5ea83a81c?s=96&d=mm&r=g","url":"https:\/\/secure.gravatar.com\/avatar\/b6992f131dc8d30ab0dff15446e9d346d9dbd95992de0fef795073f5ea83a81c?s=96&d=mm&r=g","contentUrl":"https:\/\/secure.gravatar.com\/avatar\/b6992f131dc8d30ab0dff15446e9d346d9dbd95992de0fef795073f5ea83a81c?s=96&d=mm&r=g","caption":"La Gu\u00eda de Pamplona"}}]}},"post_mailing_queue_ids":[],"_links":{"self":[{"href":"https:\/\/www.laguiadepamplona.com\/actualidad\/wp-json\/wp\/v2\/posts\/41225","targetHints":{"allow":["GET"]}}],"collection":[{"href":"https:\/\/www.laguiadepamplona.com\/actualidad\/wp-json\/wp\/v2\/posts"}],"about":[{"href":"https:\/\/www.laguiadepamplona.com\/actualidad\/wp-json\/wp\/v2\/types\/post"}],"author":[{"embeddable":true,"href":"https:\/\/www.laguiadepamplona.com\/actualidad\/wp-json\/wp\/v2\/users\/1"}],"replies":[{"embeddable":true,"href":"https:\/\/www.laguiadepamplona.com\/actualidad\/wp-json\/wp\/v2\/comments?post=41225"}],"version-history":[{"count":0,"href":"https:\/\/www.laguiadepamplona.com\/actualidad\/wp-json\/wp\/v2\/posts\/41225\/revisions"}],"wp:featuredmedia":[{"embeddable":true,"href":"https:\/\/www.laguiadepamplona.com\/actualidad\/wp-json\/wp\/v2\/media\/41226"}],"wp:attachment":[{"href":"https:\/\/www.laguiadepamplona.com\/actualidad\/wp-json\/wp\/v2\/media?parent=41225"}],"wp:term":[{"taxonomy":"category","embeddable":true,"href":"https:\/\/www.laguiadepamplona.com\/actualidad\/wp-json\/wp\/v2\/categories?post=41225"},{"taxonomy":"post_tag","embeddable":true,"href":"https:\/\/www.laguiadepamplona.com\/actualidad\/wp-json\/wp\/v2\/tags?post=41225"}],"curies":[{"name":"wp","href":"https:\/\/api.w.org\/{rel}","templated":true}]}}