{"id":41217,"date":"2022-08-04T12:57:51","date_gmt":"2022-08-04T10:57:51","guid":{"rendered":"https:\/\/www.laguiadepamplona.com\/actualidad\/?p=41217"},"modified":"2023-04-11T11:47:56","modified_gmt":"2023-04-11T09:47:56","slug":"manana-llega-a-la-ciudad-so-un-espectaculo-circense-que-se-alzo-con-el-premio-del-publico-en-el-festival-malabharia-2020","status":"publish","type":"post","link":"https:\/\/www.laguiadepamplona.com\/actualidad\/manana-llega-a-la-ciudad-so-un-espectaculo-circense-que-se-alzo-con-el-premio-del-publico-en-el-festival-malabharia-2020\/","title":{"rendered":"Ma\u00f1ana llega a la ciudad \u2018S\u00d3\u2019, un espect\u00e1culo circense que se alz\u00f3 con el premio del p\u00fablico en el Festival Malabhar\u00eda 2020"},"content":{"rendered":"<h5>Comienza en la plaza de la Virgen de la O el programa de verano Atardecer Pamplona, tres citas con el arte y la tecnolog\u00eda en las murallas<\/h5>\n<p><!--more--><\/p>\n<p>Comienza ma\u00f1ana Atardecer Pamplona, un programa de acci\u00f3n cultural durante tres viernes consecutivos llevar\u00e1 hasta la plaza de la Virgen de la O iniciativas y experiencias art\u00edsticas, con actividades y espect\u00e1culos gratuitos dirigidos a todo tipo de p\u00fablicos. Pero la especialidad de esta programaci\u00f3n es integrar ciencia, arte, nuevas tecnolog\u00edas y energ\u00edas renovables en una propuesta con vocaci\u00f3n de interactividad. Una instalaci\u00f3n solar fotovoltaica proporciona la energ\u00eda necesaria para que funcionen los recursos tecnol\u00f3gicos que se utilizan en cada sesi\u00f3n.<br \/>\n<script async src=\"\/\/pagead2.googlesyndication.com\/pagead\/js\/adsbygoogle.js\"><\/script><br \/>\n<!-- Noticias La Guia de Pamplona --><br \/>\n<ins class=\"adsbygoogle\"\nstyle=\"display:block\"\ndata-ad-client=\"ca-pub-6943679897239327\"\ndata-ad-slot=\"7048180777\"\ndata-ad-format=\"auto\"><\/ins><br \/>\n<script>\n(adsbygoogle = window.adsbygoogle || []).push({});\n<\/script><\/p>\n<p>El 5 de agosto se inicia este ciclo con la actuaci\u00f3n de Xampatito Pato que, coincidiendo con la puesta de sol recortar\u00e1 contra la muralla su espect\u00e1culo circense S\u00d3. Un personaje obsesivo, cuadriculado y meticuloso que es un ser \u00fanico en su especie rodeado de un sin fin de cajas que escapan a su control y con las que juega para dar forma a su mundo. Del caos surge un universo delirante donde inventa la risa, creando una locura c\u00f3mica y transform\u00e1ndose en un nuevo ser con una nueva figura. Este espect\u00e1culo, de aproximadamente una hora de duraci\u00f3n, ha recibido numerosos galardones, entre ellos el 2\u00ba Premio Panorama Circada 2019 y el premio del P\u00fablico del Festival Malabhar\u00eda 2020.<\/p>\n<p>Es el sexto a\u00f1o consecutivo en el que se programa el ciclo \u2018Atardecer Pamplona. En \u00e9n el que colaboran Ayuntamiento y colectivo ConcienciArte y, salvo el a\u00f1o 2020, en el que por motivos de seguridad sanitaria se traslad\u00f3 al palacio Ezpeleta, siempre ha tenido lugar en la plaza de la Virgen de la O. Entre los colectivos involucrados en las sucesivas ediciones han estado desde la divulgaci\u00f3n de Ne\u00f8nymus, Circonciencia o BigVAn Ciencia, a la danza tecnol\u00f3gica de Eflirkoa y Karrikan.<br \/>\n<script async src=\"\/\/pagead2.googlesyndication.com\/pagead\/js\/adsbygoogle.js\"><\/script><br \/>\n<!-- Noticias La Guia de Pamplona --><br \/>\n<ins class=\"adsbygoogle\"\nstyle=\"display:block\"\ndata-ad-client=\"ca-pub-6943679897239327\"\ndata-ad-slot=\"7048180777\"\ndata-ad-format=\"auto\"><\/ins><br \/>\n<script>\n(adsbygoogle = window.adsbygoogle || []).push({});\n<\/script><\/p>\n<p>&nbsp;<\/p>\n<h3><strong>Actuaciones de Atardecer Pamplona<\/strong><\/h3>\n<p>Lugar: Plaza Virgen de la O<\/p>\n<p>20 horas<\/p>\n<p>Libre participaci\u00f3n<\/p>\n<p>&nbsp;<\/p>\n<p><strong>Viernes 5 de agosto<\/strong><\/p>\n<ul>\n<li>CIRCO<\/li>\n<li>S\u00d6<\/li>\n<li>Xampatito Pato<\/li>\n<\/ul>\n<p><strong>Viernes 12 de agosto<\/strong><\/p>\n<ul>\n<li>CIRCO\/INGENIER\u00cdA<\/li>\n<li>Ma\u00f1a<\/li>\n<li>Compa\u00f1\u00eda Manolo Alc\u00e1ntara<\/li>\n<\/ul>\n<p><strong>Viernes 19 de agosto<\/strong><\/p>\n<ul>\n<li>DANZA\/TECNOLOG\u00cdA<\/li>\n<li>Dentro, fuera o en ning\u00fan lugar<\/li>\n<li>Danzai<\/li>\n<\/ul>\n","protected":false},"excerpt":{"rendered":"<p>Comienza en la plaza de la Virgen de la O el programa de verano Atardecer Pamplona, tres citas con el arte y la tecnolog\u00eda en las murallas<\/p>\n","protected":false},"author":1,"featured_media":41218,"comment_status":"open","ping_status":"closed","sticky":false,"template":"","format":"standard","meta":{"footnotes":""},"categories":[2],"tags":[],"class_list":["post-41217","post","type-post","status-publish","format-standard","has-post-thumbnail","hentry","category-ayuntamiento-pamplona"],"yoast_head":"<!-- This site is optimized with the Yoast SEO plugin v27.3 - https:\/\/yoast.com\/product\/yoast-seo-wordpress\/ -->\n<title>Ma\u00f1ana llega a la ciudad \u2018S\u00d3\u2019, un espect\u00e1culo circense que se alz\u00f3 con el premio del p\u00fablico en el Festival Malabhar\u00eda 2020<\/title>\n<meta name=\"description\" content=\"Comienza en la plaza de la Virgen de la O el programa de verano Atardecer Pamplona, tres citas con el arte y la tecnolog\u00eda en las murallas\" \/>\n<meta name=\"robots\" content=\"index, follow, max-snippet:-1, max-image-preview:large, max-video-preview:-1\" \/>\n<link rel=\"canonical\" href=\"https:\/\/www.laguiadepamplona.com\/actualidad\/manana-llega-a-la-ciudad-so-un-espectaculo-circense-que-se-alzo-con-el-premio-del-publico-en-el-festival-malabharia-2020\/\" \/>\n<meta property=\"og:locale\" content=\"es_ES\" \/>\n<meta property=\"og:type\" content=\"article\" \/>\n<meta property=\"og:title\" content=\"Ma\u00f1ana llega a la ciudad \u2018S\u00d3\u2019, un espect\u00e1culo circense que se alz\u00f3 con el premio del p\u00fablico en el Festival Malabhar\u00eda 2020\" \/>\n<meta property=\"og:description\" content=\"Comienza en la plaza de la Virgen de la O el programa de verano Atardecer Pamplona, tres citas con el arte y la tecnolog\u00eda en las murallas\" \/>\n<meta property=\"og:url\" content=\"https:\/\/www.laguiadepamplona.com\/actualidad\/manana-llega-a-la-ciudad-so-un-espectaculo-circense-que-se-alzo-con-el-premio-del-publico-en-el-festival-malabharia-2020\/\" \/>\n<meta property=\"og:site_name\" content=\"La Gu\u00eda de Pamplona\" \/>\n<meta property=\"article:publisher\" content=\"https:\/\/www.facebook.com\/laguiadepamplonacom-133175176762273\/?ref=hl\" \/>\n<meta property=\"article:published_time\" content=\"2022-08-04T10:57:51+00:00\" \/>\n<meta property=\"article:modified_time\" content=\"2023-04-11T09:47:56+00:00\" \/>\n<meta property=\"og:image\" content=\"https:\/\/www.laguiadepamplona.com\/actualidad\/wp-content\/uploads\/2022\/08\/so\u00b45.webp\" \/>\n\t<meta property=\"og:image:width\" content=\"1920\" \/>\n\t<meta property=\"og:image:height\" content=\"1331\" \/>\n\t<meta property=\"og:image:type\" content=\"image\/webp\" \/>\n<meta name=\"author\" content=\"La Gu\u00eda de Pamplona\" \/>\n<meta name=\"twitter:card\" content=\"summary_large_image\" \/>\n<meta name=\"twitter:creator\" content=\"@LaGuiadPamplona\" \/>\n<meta name=\"twitter:site\" content=\"@LaGuiadPamplona\" \/>\n<meta name=\"twitter:label1\" content=\"Escrito por\" \/>\n\t<meta name=\"twitter:data1\" content=\"La Gu\u00eda de Pamplona\" \/>\n\t<meta name=\"twitter:label2\" content=\"Tiempo de lectura\" \/>\n\t<meta name=\"twitter:data2\" content=\"2 minutos\" \/>\n<script type=\"application\/ld+json\" class=\"yoast-schema-graph\">{\"@context\":\"https:\\\/\\\/schema.org\",\"@graph\":[{\"@type\":\"Article\",\"@id\":\"https:\\\/\\\/www.laguiadepamplona.com\\\/actualidad\\\/manana-llega-a-la-ciudad-so-un-espectaculo-circense-que-se-alzo-con-el-premio-del-publico-en-el-festival-malabharia-2020\\\/#article\",\"isPartOf\":{\"@id\":\"https:\\\/\\\/www.laguiadepamplona.com\\\/actualidad\\\/manana-llega-a-la-ciudad-so-un-espectaculo-circense-que-se-alzo-con-el-premio-del-publico-en-el-festival-malabharia-2020\\\/\"},\"author\":{\"name\":\"La Gu\u00eda de Pamplona\",\"@id\":\"https:\\\/\\\/www.laguiadepamplona.com\\\/actualidad\\\/#\\\/schema\\\/person\\\/efe887376f0213d4657c93adc50b1fdb\"},\"headline\":\"Ma\u00f1ana llega a la ciudad \u2018S\u00d3\u2019, un espect\u00e1culo circense que se alz\u00f3 con el premio del p\u00fablico en el Festival Malabhar\u00eda 2020\",\"datePublished\":\"2022-08-04T10:57:51+00:00\",\"dateModified\":\"2023-04-11T09:47:56+00:00\",\"mainEntityOfPage\":{\"@id\":\"https:\\\/\\\/www.laguiadepamplona.com\\\/actualidad\\\/manana-llega-a-la-ciudad-so-un-espectaculo-circense-que-se-alzo-con-el-premio-del-publico-en-el-festival-malabharia-2020\\\/\"},\"wordCount\":404,\"commentCount\":0,\"publisher\":{\"@id\":\"https:\\\/\\\/www.laguiadepamplona.com\\\/actualidad\\\/#organization\"},\"image\":{\"@id\":\"https:\\\/\\\/www.laguiadepamplona.com\\\/actualidad\\\/manana-llega-a-la-ciudad-so-un-espectaculo-circense-que-se-alzo-con-el-premio-del-publico-en-el-festival-malabharia-2020\\\/#primaryimage\"},\"thumbnailUrl\":\"https:\\\/\\\/www.laguiadepamplona.com\\\/actualidad\\\/wp-content\\\/uploads\\\/2022\\\/08\\\/so\u00b45.webp\",\"articleSection\":[\"Ayto Pamplona\"],\"inLanguage\":\"es\",\"potentialAction\":[{\"@type\":\"CommentAction\",\"name\":\"Comment\",\"target\":[\"https:\\\/\\\/www.laguiadepamplona.com\\\/actualidad\\\/manana-llega-a-la-ciudad-so-un-espectaculo-circense-que-se-alzo-con-el-premio-del-publico-en-el-festival-malabharia-2020\\\/#respond\"]}]},{\"@type\":\"WebPage\",\"@id\":\"https:\\\/\\\/www.laguiadepamplona.com\\\/actualidad\\\/manana-llega-a-la-ciudad-so-un-espectaculo-circense-que-se-alzo-con-el-premio-del-publico-en-el-festival-malabharia-2020\\\/\",\"url\":\"https:\\\/\\\/www.laguiadepamplona.com\\\/actualidad\\\/manana-llega-a-la-ciudad-so-un-espectaculo-circense-que-se-alzo-con-el-premio-del-publico-en-el-festival-malabharia-2020\\\/\",\"name\":\"Ma\u00f1ana llega a la ciudad \u2018S\u00d3\u2019, un espect\u00e1culo circense que se alz\u00f3 con el premio del p\u00fablico en el Festival Malabhar\u00eda 2020\",\"isPartOf\":{\"@id\":\"https:\\\/\\\/www.laguiadepamplona.com\\\/actualidad\\\/#website\"},\"primaryImageOfPage\":{\"@id\":\"https:\\\/\\\/www.laguiadepamplona.com\\\/actualidad\\\/manana-llega-a-la-ciudad-so-un-espectaculo-circense-que-se-alzo-con-el-premio-del-publico-en-el-festival-malabharia-2020\\\/#primaryimage\"},\"image\":{\"@id\":\"https:\\\/\\\/www.laguiadepamplona.com\\\/actualidad\\\/manana-llega-a-la-ciudad-so-un-espectaculo-circense-que-se-alzo-con-el-premio-del-publico-en-el-festival-malabharia-2020\\\/#primaryimage\"},\"thumbnailUrl\":\"https:\\\/\\\/www.laguiadepamplona.com\\\/actualidad\\\/wp-content\\\/uploads\\\/2022\\\/08\\\/so\u00b45.webp\",\"datePublished\":\"2022-08-04T10:57:51+00:00\",\"dateModified\":\"2023-04-11T09:47:56+00:00\",\"description\":\"Comienza en la plaza de la Virgen de la O el programa de verano Atardecer Pamplona, tres citas con el arte y la tecnolog\u00eda en las murallas\",\"breadcrumb\":{\"@id\":\"https:\\\/\\\/www.laguiadepamplona.com\\\/actualidad\\\/manana-llega-a-la-ciudad-so-un-espectaculo-circense-que-se-alzo-con-el-premio-del-publico-en-el-festival-malabharia-2020\\\/#breadcrumb\"},\"inLanguage\":\"es\",\"potentialAction\":[{\"@type\":\"ReadAction\",\"target\":[\"https:\\\/\\\/www.laguiadepamplona.com\\\/actualidad\\\/manana-llega-a-la-ciudad-so-un-espectaculo-circense-que-se-alzo-con-el-premio-del-publico-en-el-festival-malabharia-2020\\\/\"]}]},{\"@type\":\"ImageObject\",\"inLanguage\":\"es\",\"@id\":\"https:\\\/\\\/www.laguiadepamplona.com\\\/actualidad\\\/manana-llega-a-la-ciudad-so-un-espectaculo-circense-que-se-alzo-con-el-premio-del-publico-en-el-festival-malabharia-2020\\\/#primaryimage\",\"url\":\"https:\\\/\\\/www.laguiadepamplona.com\\\/actualidad\\\/wp-content\\\/uploads\\\/2022\\\/08\\\/so\u00b45.webp\",\"contentUrl\":\"https:\\\/\\\/www.laguiadepamplona.com\\\/actualidad\\\/wp-content\\\/uploads\\\/2022\\\/08\\\/so\u00b45.webp\",\"width\":1920,\"height\":1331},{\"@type\":\"BreadcrumbList\",\"@id\":\"https:\\\/\\\/www.laguiadepamplona.com\\\/actualidad\\\/manana-llega-a-la-ciudad-so-un-espectaculo-circense-que-se-alzo-con-el-premio-del-publico-en-el-festival-malabharia-2020\\\/#breadcrumb\",\"itemListElement\":[{\"@type\":\"ListItem\",\"position\":1,\"name\":\"Portada\",\"item\":\"https:\\\/\\\/www.laguiadepamplona.com\\\/actualidad\\\/\"},{\"@type\":\"ListItem\",\"position\":2,\"name\":\"Ma\u00f1ana llega a la ciudad \u2018S\u00d3\u2019, un espect\u00e1culo circense que se alz\u00f3 con el premio del p\u00fablico en el Festival Malabhar\u00eda 2020\"}]},{\"@type\":\"WebSite\",\"@id\":\"https:\\\/\\\/www.laguiadepamplona.com\\\/actualidad\\\/#website\",\"url\":\"https:\\\/\\\/www.laguiadepamplona.com\\\/actualidad\\\/\",\"name\":\"La gu\u00eda de Pamplona\",\"description\":\"Noticias de Pamplona\",\"publisher\":{\"@id\":\"https:\\\/\\\/www.laguiadepamplona.com\\\/actualidad\\\/#organization\"},\"potentialAction\":[{\"@type\":\"SearchAction\",\"target\":{\"@type\":\"EntryPoint\",\"urlTemplate\":\"https:\\\/\\\/www.laguiadepamplona.com\\\/actualidad\\\/?s={search_term_string}\"},\"query-input\":{\"@type\":\"PropertyValueSpecification\",\"valueRequired\":true,\"valueName\":\"search_term_string\"}}],\"inLanguage\":\"es\"},{\"@type\":\"Organization\",\"@id\":\"https:\\\/\\\/www.laguiadepamplona.com\\\/actualidad\\\/#organization\",\"name\":\"La Gu\u00eda de Pamplona \\\/ Noticias\",\"url\":\"https:\\\/\\\/www.laguiadepamplona.com\\\/actualidad\\\/\",\"logo\":{\"@type\":\"ImageObject\",\"inLanguage\":\"es\",\"@id\":\"https:\\\/\\\/www.laguiadepamplona.com\\\/actualidad\\\/#\\\/schema\\\/logo\\\/image\\\/\",\"url\":\"https:\\\/\\\/www.laguiadepamplona.com\\\/actualidad\\\/wp-content\\\/uploads\\\/2018\\\/11\\\/logo-laguiadepamplona18-web1.png\",\"contentUrl\":\"https:\\\/\\\/www.laguiadepamplona.com\\\/actualidad\\\/wp-content\\\/uploads\\\/2018\\\/11\\\/logo-laguiadepamplona18-web1.png\",\"width\":600,\"height\":196,\"caption\":\"La Gu\u00eda de Pamplona \\\/ Noticias\"},\"image\":{\"@id\":\"https:\\\/\\\/www.laguiadepamplona.com\\\/actualidad\\\/#\\\/schema\\\/logo\\\/image\\\/\"},\"sameAs\":[\"https:\\\/\\\/www.facebook.com\\\/laguiadepamplonacom-133175176762273\\\/?ref=hl\",\"https:\\\/\\\/x.com\\\/LaGuiadPamplona\",\"https:\\\/\\\/www.instagram.com\\\/la_guia_de_pamplona\\\/\",\"https:\\\/\\\/www.youtube.com\\\/user\\\/laguiadepamplona\"]},{\"@type\":\"Person\",\"@id\":\"https:\\\/\\\/www.laguiadepamplona.com\\\/actualidad\\\/#\\\/schema\\\/person\\\/efe887376f0213d4657c93adc50b1fdb\",\"name\":\"La Gu\u00eda de Pamplona\",\"image\":{\"@type\":\"ImageObject\",\"inLanguage\":\"es\",\"@id\":\"https:\\\/\\\/secure.gravatar.com\\\/avatar\\\/b6992f131dc8d30ab0dff15446e9d346d9dbd95992de0fef795073f5ea83a81c?s=96&d=mm&r=g\",\"url\":\"https:\\\/\\\/secure.gravatar.com\\\/avatar\\\/b6992f131dc8d30ab0dff15446e9d346d9dbd95992de0fef795073f5ea83a81c?s=96&d=mm&r=g\",\"contentUrl\":\"https:\\\/\\\/secure.gravatar.com\\\/avatar\\\/b6992f131dc8d30ab0dff15446e9d346d9dbd95992de0fef795073f5ea83a81c?s=96&d=mm&r=g\",\"caption\":\"La Gu\u00eda de Pamplona\"}}]}<\/script>\n<!-- \/ Yoast SEO plugin. -->","yoast_head_json":{"title":"Ma\u00f1ana llega a la ciudad \u2018S\u00d3\u2019, un espect\u00e1culo circense que se alz\u00f3 con el premio del p\u00fablico en el Festival Malabhar\u00eda 2020","description":"Comienza en la plaza de la Virgen de la O el programa de verano Atardecer Pamplona, tres citas con el arte y la tecnolog\u00eda en las murallas","robots":{"index":"index","follow":"follow","max-snippet":"max-snippet:-1","max-image-preview":"max-image-preview:large","max-video-preview":"max-video-preview:-1"},"canonical":"https:\/\/www.laguiadepamplona.com\/actualidad\/manana-llega-a-la-ciudad-so-un-espectaculo-circense-que-se-alzo-con-el-premio-del-publico-en-el-festival-malabharia-2020\/","og_locale":"es_ES","og_type":"article","og_title":"Ma\u00f1ana llega a la ciudad \u2018S\u00d3\u2019, un espect\u00e1culo circense que se alz\u00f3 con el premio del p\u00fablico en el Festival Malabhar\u00eda 2020","og_description":"Comienza en la plaza de la Virgen de la O el programa de verano Atardecer Pamplona, tres citas con el arte y la tecnolog\u00eda en las murallas","og_url":"https:\/\/www.laguiadepamplona.com\/actualidad\/manana-llega-a-la-ciudad-so-un-espectaculo-circense-que-se-alzo-con-el-premio-del-publico-en-el-festival-malabharia-2020\/","og_site_name":"La Gu\u00eda de Pamplona","article_publisher":"https:\/\/www.facebook.com\/laguiadepamplonacom-133175176762273\/?ref=hl","article_published_time":"2022-08-04T10:57:51+00:00","article_modified_time":"2023-04-11T09:47:56+00:00","og_image":[{"width":1920,"height":1331,"url":"https:\/\/www.laguiadepamplona.com\/actualidad\/wp-content\/uploads\/2022\/08\/so\u00b45.webp","type":"image\/webp"}],"author":"La Gu\u00eda de Pamplona","twitter_card":"summary_large_image","twitter_creator":"@LaGuiadPamplona","twitter_site":"@LaGuiadPamplona","twitter_misc":{"Escrito por":"La Gu\u00eda de Pamplona","Tiempo de lectura":"2 minutos"},"schema":{"@context":"https:\/\/schema.org","@graph":[{"@type":"Article","@id":"https:\/\/www.laguiadepamplona.com\/actualidad\/manana-llega-a-la-ciudad-so-un-espectaculo-circense-que-se-alzo-con-el-premio-del-publico-en-el-festival-malabharia-2020\/#article","isPartOf":{"@id":"https:\/\/www.laguiadepamplona.com\/actualidad\/manana-llega-a-la-ciudad-so-un-espectaculo-circense-que-se-alzo-con-el-premio-del-publico-en-el-festival-malabharia-2020\/"},"author":{"name":"La Gu\u00eda de Pamplona","@id":"https:\/\/www.laguiadepamplona.com\/actualidad\/#\/schema\/person\/efe887376f0213d4657c93adc50b1fdb"},"headline":"Ma\u00f1ana llega a la ciudad \u2018S\u00d3\u2019, un espect\u00e1culo circense que se alz\u00f3 con el premio del p\u00fablico en el Festival Malabhar\u00eda 2020","datePublished":"2022-08-04T10:57:51+00:00","dateModified":"2023-04-11T09:47:56+00:00","mainEntityOfPage":{"@id":"https:\/\/www.laguiadepamplona.com\/actualidad\/manana-llega-a-la-ciudad-so-un-espectaculo-circense-que-se-alzo-con-el-premio-del-publico-en-el-festival-malabharia-2020\/"},"wordCount":404,"commentCount":0,"publisher":{"@id":"https:\/\/www.laguiadepamplona.com\/actualidad\/#organization"},"image":{"@id":"https:\/\/www.laguiadepamplona.com\/actualidad\/manana-llega-a-la-ciudad-so-un-espectaculo-circense-que-se-alzo-con-el-premio-del-publico-en-el-festival-malabharia-2020\/#primaryimage"},"thumbnailUrl":"https:\/\/www.laguiadepamplona.com\/actualidad\/wp-content\/uploads\/2022\/08\/so\u00b45.webp","articleSection":["Ayto Pamplona"],"inLanguage":"es","potentialAction":[{"@type":"CommentAction","name":"Comment","target":["https:\/\/www.laguiadepamplona.com\/actualidad\/manana-llega-a-la-ciudad-so-un-espectaculo-circense-que-se-alzo-con-el-premio-del-publico-en-el-festival-malabharia-2020\/#respond"]}]},{"@type":"WebPage","@id":"https:\/\/www.laguiadepamplona.com\/actualidad\/manana-llega-a-la-ciudad-so-un-espectaculo-circense-que-se-alzo-con-el-premio-del-publico-en-el-festival-malabharia-2020\/","url":"https:\/\/www.laguiadepamplona.com\/actualidad\/manana-llega-a-la-ciudad-so-un-espectaculo-circense-que-se-alzo-con-el-premio-del-publico-en-el-festival-malabharia-2020\/","name":"Ma\u00f1ana llega a la ciudad \u2018S\u00d3\u2019, un espect\u00e1culo circense que se alz\u00f3 con el premio del p\u00fablico en el Festival Malabhar\u00eda 2020","isPartOf":{"@id":"https:\/\/www.laguiadepamplona.com\/actualidad\/#website"},"primaryImageOfPage":{"@id":"https:\/\/www.laguiadepamplona.com\/actualidad\/manana-llega-a-la-ciudad-so-un-espectaculo-circense-que-se-alzo-con-el-premio-del-publico-en-el-festival-malabharia-2020\/#primaryimage"},"image":{"@id":"https:\/\/www.laguiadepamplona.com\/actualidad\/manana-llega-a-la-ciudad-so-un-espectaculo-circense-que-se-alzo-con-el-premio-del-publico-en-el-festival-malabharia-2020\/#primaryimage"},"thumbnailUrl":"https:\/\/www.laguiadepamplona.com\/actualidad\/wp-content\/uploads\/2022\/08\/so\u00b45.webp","datePublished":"2022-08-04T10:57:51+00:00","dateModified":"2023-04-11T09:47:56+00:00","description":"Comienza en la plaza de la Virgen de la O el programa de verano Atardecer Pamplona, tres citas con el arte y la tecnolog\u00eda en las murallas","breadcrumb":{"@id":"https:\/\/www.laguiadepamplona.com\/actualidad\/manana-llega-a-la-ciudad-so-un-espectaculo-circense-que-se-alzo-con-el-premio-del-publico-en-el-festival-malabharia-2020\/#breadcrumb"},"inLanguage":"es","potentialAction":[{"@type":"ReadAction","target":["https:\/\/www.laguiadepamplona.com\/actualidad\/manana-llega-a-la-ciudad-so-un-espectaculo-circense-que-se-alzo-con-el-premio-del-publico-en-el-festival-malabharia-2020\/"]}]},{"@type":"ImageObject","inLanguage":"es","@id":"https:\/\/www.laguiadepamplona.com\/actualidad\/manana-llega-a-la-ciudad-so-un-espectaculo-circense-que-se-alzo-con-el-premio-del-publico-en-el-festival-malabharia-2020\/#primaryimage","url":"https:\/\/www.laguiadepamplona.com\/actualidad\/wp-content\/uploads\/2022\/08\/so\u00b45.webp","contentUrl":"https:\/\/www.laguiadepamplona.com\/actualidad\/wp-content\/uploads\/2022\/08\/so\u00b45.webp","width":1920,"height":1331},{"@type":"BreadcrumbList","@id":"https:\/\/www.laguiadepamplona.com\/actualidad\/manana-llega-a-la-ciudad-so-un-espectaculo-circense-que-se-alzo-con-el-premio-del-publico-en-el-festival-malabharia-2020\/#breadcrumb","itemListElement":[{"@type":"ListItem","position":1,"name":"Portada","item":"https:\/\/www.laguiadepamplona.com\/actualidad\/"},{"@type":"ListItem","position":2,"name":"Ma\u00f1ana llega a la ciudad \u2018S\u00d3\u2019, un espect\u00e1culo circense que se alz\u00f3 con el premio del p\u00fablico en el Festival Malabhar\u00eda 2020"}]},{"@type":"WebSite","@id":"https:\/\/www.laguiadepamplona.com\/actualidad\/#website","url":"https:\/\/www.laguiadepamplona.com\/actualidad\/","name":"La gu\u00eda de Pamplona","description":"Noticias de Pamplona","publisher":{"@id":"https:\/\/www.laguiadepamplona.com\/actualidad\/#organization"},"potentialAction":[{"@type":"SearchAction","target":{"@type":"EntryPoint","urlTemplate":"https:\/\/www.laguiadepamplona.com\/actualidad\/?s={search_term_string}"},"query-input":{"@type":"PropertyValueSpecification","valueRequired":true,"valueName":"search_term_string"}}],"inLanguage":"es"},{"@type":"Organization","@id":"https:\/\/www.laguiadepamplona.com\/actualidad\/#organization","name":"La Gu\u00eda de Pamplona \/ Noticias","url":"https:\/\/www.laguiadepamplona.com\/actualidad\/","logo":{"@type":"ImageObject","inLanguage":"es","@id":"https:\/\/www.laguiadepamplona.com\/actualidad\/#\/schema\/logo\/image\/","url":"https:\/\/www.laguiadepamplona.com\/actualidad\/wp-content\/uploads\/2018\/11\/logo-laguiadepamplona18-web1.png","contentUrl":"https:\/\/www.laguiadepamplona.com\/actualidad\/wp-content\/uploads\/2018\/11\/logo-laguiadepamplona18-web1.png","width":600,"height":196,"caption":"La Gu\u00eda de Pamplona \/ Noticias"},"image":{"@id":"https:\/\/www.laguiadepamplona.com\/actualidad\/#\/schema\/logo\/image\/"},"sameAs":["https:\/\/www.facebook.com\/laguiadepamplonacom-133175176762273\/?ref=hl","https:\/\/x.com\/LaGuiadPamplona","https:\/\/www.instagram.com\/la_guia_de_pamplona\/","https:\/\/www.youtube.com\/user\/laguiadepamplona"]},{"@type":"Person","@id":"https:\/\/www.laguiadepamplona.com\/actualidad\/#\/schema\/person\/efe887376f0213d4657c93adc50b1fdb","name":"La Gu\u00eda de Pamplona","image":{"@type":"ImageObject","inLanguage":"es","@id":"https:\/\/secure.gravatar.com\/avatar\/b6992f131dc8d30ab0dff15446e9d346d9dbd95992de0fef795073f5ea83a81c?s=96&d=mm&r=g","url":"https:\/\/secure.gravatar.com\/avatar\/b6992f131dc8d30ab0dff15446e9d346d9dbd95992de0fef795073f5ea83a81c?s=96&d=mm&r=g","contentUrl":"https:\/\/secure.gravatar.com\/avatar\/b6992f131dc8d30ab0dff15446e9d346d9dbd95992de0fef795073f5ea83a81c?s=96&d=mm&r=g","caption":"La Gu\u00eda de Pamplona"}}]}},"post_mailing_queue_ids":[],"_links":{"self":[{"href":"https:\/\/www.laguiadepamplona.com\/actualidad\/wp-json\/wp\/v2\/posts\/41217","targetHints":{"allow":["GET"]}}],"collection":[{"href":"https:\/\/www.laguiadepamplona.com\/actualidad\/wp-json\/wp\/v2\/posts"}],"about":[{"href":"https:\/\/www.laguiadepamplona.com\/actualidad\/wp-json\/wp\/v2\/types\/post"}],"author":[{"embeddable":true,"href":"https:\/\/www.laguiadepamplona.com\/actualidad\/wp-json\/wp\/v2\/users\/1"}],"replies":[{"embeddable":true,"href":"https:\/\/www.laguiadepamplona.com\/actualidad\/wp-json\/wp\/v2\/comments?post=41217"}],"version-history":[{"count":0,"href":"https:\/\/www.laguiadepamplona.com\/actualidad\/wp-json\/wp\/v2\/posts\/41217\/revisions"}],"wp:featuredmedia":[{"embeddable":true,"href":"https:\/\/www.laguiadepamplona.com\/actualidad\/wp-json\/wp\/v2\/media\/41218"}],"wp:attachment":[{"href":"https:\/\/www.laguiadepamplona.com\/actualidad\/wp-json\/wp\/v2\/media?parent=41217"}],"wp:term":[{"taxonomy":"category","embeddable":true,"href":"https:\/\/www.laguiadepamplona.com\/actualidad\/wp-json\/wp\/v2\/categories?post=41217"},{"taxonomy":"post_tag","embeddable":true,"href":"https:\/\/www.laguiadepamplona.com\/actualidad\/wp-json\/wp\/v2\/tags?post=41217"}],"curies":[{"name":"wp","href":"https:\/\/api.w.org\/{rel}","templated":true}]}}