{"id":41214,"date":"2022-08-04T12:55:04","date_gmt":"2022-08-04T10:55:04","guid":{"rendered":"https:\/\/www.laguiadepamplona.com\/actualidad\/?p=41214"},"modified":"2023-04-11T11:47:56","modified_gmt":"2023-04-11T09:47:56","slug":"mas-de-2-000-personas-han-visitado-ya-el-centro-de-interpretacion-del-ferrocarril-y-de-las-vias-verdes-de-trinitarios-en-su-primer-mes-de-funcionamiento","status":"publish","type":"post","link":"https:\/\/www.laguiadepamplona.com\/actualidad\/mas-de-2-000-personas-han-visitado-ya-el-centro-de-interpretacion-del-ferrocarril-y-de-las-vias-verdes-de-trinitarios-en-su-primer-mes-de-funcionamiento\/","title":{"rendered":"M\u00e1s de 2.000 personas han visitado ya el Centro de Interpretaci\u00f3n del Ferrocarril y de las V\u00edas Verdes de Trinitarios en su primer mes de funcionamiento"},"content":{"rendered":"<h5>El conocido como \u2018parque del Tren\u2019 abre durante este mes de agosto, de martes a domingo, de 18 a 20 horas<\/h5>\n<p><!--more--><\/p>\n<p>El Centro de Interpretaci\u00f3n del Ferrocarril y las V\u00edas Verdes ubicado en el parque de Trinitarios ha superado los 2.000 visitantes en su primer mes, sus primeros treinta d\u00edas de funcionamiento. Abri\u00f3 al p\u00fablico el pasado 18 de junio y, con el par\u00e9ntesis del cierre en el periodo sanferminero, ha recibido ya a 2.097 personas, un 53,9% de ellas, p\u00fablico infantil. La media de visitantes es de 65 personas por d\u00eda y la jornada con m\u00e1s afluencia fue el mi\u00e9rcoles 29 de junio, con 152 asistentes.<br \/>\n<script async src=\"\/\/pagead2.googlesyndication.com\/pagead\/js\/adsbygoogle.js\"><\/script><br \/>\n<!-- Noticias La Guia de Pamplona --><br \/>\n<ins class=\"adsbygoogle\"\nstyle=\"display:block\"\ndata-ad-client=\"ca-pub-6943679897239327\"\ndata-ad-slot=\"7048180777\"\ndata-ad-format=\"auto\"><\/ins><br \/>\n<script>\n(adsbygoogle = window.adsbygoogle || []).push({});\n<\/script><\/p>\n<p>Durante este mes de agosto el conocido como \u2018parque del tren\u2019 mantendr\u00e1 su horario de verano, con aperturas de martes a domingo, de 18 a 20 horas. A partir del 11 de septiembre y en el mes de octubre, el horario cambiar\u00e1 y se podr\u00e1 visitar el recinto los fines de semana por la ma\u00f1ana, de 11.30 a 13.30 horas. El parque est\u00e1 abierto a todo tipo de p\u00fablicos y las entradas tienen un previo de 1,5 euros para menores hasta 12 a\u00f1os acompa\u00f1ados y de 2,5 euros para j\u00f3venes y personas adultas.<\/p>\n<p>Desde la Asociaci\u00f3n Navarra de Amigos del Ferrocarril, que gestiona el parque por concesi\u00f3n administrativa del Ayuntamiento de Pamplona, se informa de que, el Centro de Interpretaci\u00f3n abrir\u00e1 en funci\u00f3n de la climatolog\u00eda o de situaciones de mantenimiento. De esta forma, se cerrar\u00e1 si la temperatura es superior a 35\u00baC o en invierno inferior a 5\u00baC, llueve, nieva o se est\u00e1n realizando actuaciones de mantenimiento en las v\u00edas y diferentes elementos t\u00e9cnicos del parque.<br \/>\n<script async src=\"\/\/pagead2.googlesyndication.com\/pagead\/js\/adsbygoogle.js\"><\/script><br \/>\n<!-- Noticias La Guia de Pamplona --><br \/>\n<ins class=\"adsbygoogle\"\nstyle=\"display:block\"\ndata-ad-client=\"ca-pub-6943679897239327\"\ndata-ad-slot=\"7048180777\"\ndata-ad-format=\"auto\"><\/ins><br \/>\n<script>\n(adsbygoogle = window.adsbygoogle || []).push({});\n<\/script><\/p>\n<p><strong>Recorrido por el parque<\/strong><\/p>\n<p>El parque pretende acercar a la ciudadan\u00eda la historia del ferrocarril en Navarra, prestando especial atenci\u00f3n a las v\u00edas verdes que recorr\u00edan las Comunidad Foral y que ten\u00edan en Pamplona su punto neur\u00e1lgico. El recorrido, de aproximadamente 750 metros de longitud, permite disfrutar del parque y del entorno de la muralla desde un tren real a escala, que lleva al p\u00fablico a trav\u00e9s de t\u00faneles, puentes y taludes.<\/p>\n<p>Adem\u00e1s del circuito ambientado, el parque cuenta con un edificio de cocheras, para guardar las locomotoras; un edificio principal, simulando la estaci\u00f3n, donde se ubicar\u00e1 una zona expositiva, una biblioteca especializada y un espacio multiusos; y una zona de plato giratorio, donde poder ver distintas locomotoras, el\u00e9ctricas, de vapor, de gasolina y hasta una quitanieves, todas en uso y que llevan a los visitantes por el circuito ferroviario en las distintas \u00e9pocas del a\u00f1o.<br \/>\n<script async src=\"\/\/pagead2.googlesyndication.com\/pagead\/js\/adsbygoogle.js\"><\/script><br \/>\n<!-- Noticias La Guia de Pamplona --><br \/>\n<ins class=\"adsbygoogle\"\nstyle=\"display:block\"\ndata-ad-client=\"ca-pub-6943679897239327\"\ndata-ad-slot=\"7048180777\"\ndata-ad-format=\"auto\"><\/ins><br \/>\n<script>\n(adsbygoogle = window.adsbygoogle || []).push({});\n<\/script><\/p>\n<p>La Asociaci\u00f3n Navarra de Amigos del Ferrocarril est\u00e1 preparando varias actividades espaciales para el pr\u00f3ximo mes de septiembre. Se va a programas una jornada especial con circulaci\u00f3n nocturna en el parque y el fin de semana del 16 al 18 se realizar\u00e1 la Fiesta del Tren con circulaciones especiales en el parque y una programaci\u00f3n que podr\u00e1 consultarse en la web de ANAF, <a href=\"http:\/\/www.anaftren.com\" target=\"_blank\" rel=\"noopener\">www.anaftren.com<\/a>.<\/p>\n","protected":false},"excerpt":{"rendered":"<p>El conocido como \u2018parque del Tren\u2019 abre durante este mes de agosto, de martes a domingo, de 18 a 20 horas<\/p>\n","protected":false},"author":1,"featured_media":41215,"comment_status":"open","ping_status":"closed","sticky":false,"template":"","format":"standard","meta":{"footnotes":""},"categories":[2],"tags":[],"class_list":["post-41214","post","type-post","status-publish","format-standard","has-post-thumbnail","hentry","category-ayuntamiento-pamplona"],"yoast_head":"<!-- This site is optimized with the Yoast SEO plugin v27.3 - https:\/\/yoast.com\/product\/yoast-seo-wordpress\/ -->\n<title>M\u00e1s de 2.000 personas han visitado ya el Centro de Interpretaci\u00f3n del Ferrocarril y de las V\u00edas Verdes de Trinitarios en su primer mes de funcionamiento<\/title>\n<meta name=\"description\" content=\"El conocido como \u2018parque del Tren\u2019 abre durante este mes de agosto, de martes a domingo, de 18 a 20 horas\" \/>\n<meta name=\"robots\" content=\"index, follow, max-snippet:-1, max-image-preview:large, max-video-preview:-1\" \/>\n<link rel=\"canonical\" href=\"https:\/\/www.laguiadepamplona.com\/actualidad\/mas-de-2-000-personas-han-visitado-ya-el-centro-de-interpretacion-del-ferrocarril-y-de-las-vias-verdes-de-trinitarios-en-su-primer-mes-de-funcionamiento\/\" \/>\n<meta property=\"og:locale\" content=\"es_ES\" \/>\n<meta property=\"og:type\" content=\"article\" \/>\n<meta property=\"og:title\" content=\"M\u00e1s de 2.000 personas han visitado ya el Centro de Interpretaci\u00f3n del Ferrocarril y de las V\u00edas Verdes de Trinitarios en su primer mes de funcionamiento\" \/>\n<meta property=\"og:description\" content=\"El conocido como \u2018parque del Tren\u2019 abre durante este mes de agosto, de martes a domingo, de 18 a 20 horas\" \/>\n<meta property=\"og:url\" content=\"https:\/\/www.laguiadepamplona.com\/actualidad\/mas-de-2-000-personas-han-visitado-ya-el-centro-de-interpretacion-del-ferrocarril-y-de-las-vias-verdes-de-trinitarios-en-su-primer-mes-de-funcionamiento\/\" \/>\n<meta property=\"og:site_name\" content=\"La Gu\u00eda de Pamplona\" \/>\n<meta property=\"article:publisher\" content=\"https:\/\/www.facebook.com\/laguiadepamplonacom-133175176762273\/?ref=hl\" \/>\n<meta property=\"article:published_time\" content=\"2022-08-04T10:55:04+00:00\" \/>\n<meta property=\"article:modified_time\" content=\"2023-04-11T09:47:56+00:00\" \/>\n<meta property=\"og:image\" content=\"https:\/\/www.laguiadepamplona.com\/actualidad\/wp-content\/uploads\/2022\/08\/ferrocarril.webp\" \/>\n\t<meta property=\"og:image:width\" content=\"1920\" \/>\n\t<meta property=\"og:image:height\" content=\"1281\" \/>\n\t<meta property=\"og:image:type\" content=\"image\/webp\" \/>\n<meta name=\"author\" content=\"La Gu\u00eda de Pamplona\" \/>\n<meta name=\"twitter:card\" content=\"summary_large_image\" \/>\n<meta name=\"twitter:creator\" content=\"@LaGuiadPamplona\" \/>\n<meta name=\"twitter:site\" content=\"@LaGuiadPamplona\" \/>\n<meta name=\"twitter:label1\" content=\"Escrito por\" \/>\n\t<meta name=\"twitter:data1\" content=\"La Gu\u00eda de Pamplona\" \/>\n\t<meta name=\"twitter:label2\" content=\"Tiempo de lectura\" \/>\n\t<meta name=\"twitter:data2\" content=\"3 minutos\" \/>\n<script type=\"application\/ld+json\" class=\"yoast-schema-graph\">{\"@context\":\"https:\\\/\\\/schema.org\",\"@graph\":[{\"@type\":\"Article\",\"@id\":\"https:\\\/\\\/www.laguiadepamplona.com\\\/actualidad\\\/mas-de-2-000-personas-han-visitado-ya-el-centro-de-interpretacion-del-ferrocarril-y-de-las-vias-verdes-de-trinitarios-en-su-primer-mes-de-funcionamiento\\\/#article\",\"isPartOf\":{\"@id\":\"https:\\\/\\\/www.laguiadepamplona.com\\\/actualidad\\\/mas-de-2-000-personas-han-visitado-ya-el-centro-de-interpretacion-del-ferrocarril-y-de-las-vias-verdes-de-trinitarios-en-su-primer-mes-de-funcionamiento\\\/\"},\"author\":{\"name\":\"La Gu\u00eda de Pamplona\",\"@id\":\"https:\\\/\\\/www.laguiadepamplona.com\\\/actualidad\\\/#\\\/schema\\\/person\\\/efe887376f0213d4657c93adc50b1fdb\"},\"headline\":\"M\u00e1s de 2.000 personas han visitado ya el Centro de Interpretaci\u00f3n del Ferrocarril y de las V\u00edas Verdes de Trinitarios en su primer mes de funcionamiento\",\"datePublished\":\"2022-08-04T10:55:04+00:00\",\"dateModified\":\"2023-04-11T09:47:56+00:00\",\"mainEntityOfPage\":{\"@id\":\"https:\\\/\\\/www.laguiadepamplona.com\\\/actualidad\\\/mas-de-2-000-personas-han-visitado-ya-el-centro-de-interpretacion-del-ferrocarril-y-de-las-vias-verdes-de-trinitarios-en-su-primer-mes-de-funcionamiento\\\/\"},\"wordCount\":533,\"commentCount\":0,\"publisher\":{\"@id\":\"https:\\\/\\\/www.laguiadepamplona.com\\\/actualidad\\\/#organization\"},\"image\":{\"@id\":\"https:\\\/\\\/www.laguiadepamplona.com\\\/actualidad\\\/mas-de-2-000-personas-han-visitado-ya-el-centro-de-interpretacion-del-ferrocarril-y-de-las-vias-verdes-de-trinitarios-en-su-primer-mes-de-funcionamiento\\\/#primaryimage\"},\"thumbnailUrl\":\"https:\\\/\\\/www.laguiadepamplona.com\\\/actualidad\\\/wp-content\\\/uploads\\\/2022\\\/08\\\/ferrocarril.webp\",\"articleSection\":[\"Ayto Pamplona\"],\"inLanguage\":\"es\",\"potentialAction\":[{\"@type\":\"CommentAction\",\"name\":\"Comment\",\"target\":[\"https:\\\/\\\/www.laguiadepamplona.com\\\/actualidad\\\/mas-de-2-000-personas-han-visitado-ya-el-centro-de-interpretacion-del-ferrocarril-y-de-las-vias-verdes-de-trinitarios-en-su-primer-mes-de-funcionamiento\\\/#respond\"]}]},{\"@type\":\"WebPage\",\"@id\":\"https:\\\/\\\/www.laguiadepamplona.com\\\/actualidad\\\/mas-de-2-000-personas-han-visitado-ya-el-centro-de-interpretacion-del-ferrocarril-y-de-las-vias-verdes-de-trinitarios-en-su-primer-mes-de-funcionamiento\\\/\",\"url\":\"https:\\\/\\\/www.laguiadepamplona.com\\\/actualidad\\\/mas-de-2-000-personas-han-visitado-ya-el-centro-de-interpretacion-del-ferrocarril-y-de-las-vias-verdes-de-trinitarios-en-su-primer-mes-de-funcionamiento\\\/\",\"name\":\"M\u00e1s de 2.000 personas han visitado ya el Centro de Interpretaci\u00f3n del Ferrocarril y de las V\u00edas Verdes de Trinitarios en su primer mes de funcionamiento\",\"isPartOf\":{\"@id\":\"https:\\\/\\\/www.laguiadepamplona.com\\\/actualidad\\\/#website\"},\"primaryImageOfPage\":{\"@id\":\"https:\\\/\\\/www.laguiadepamplona.com\\\/actualidad\\\/mas-de-2-000-personas-han-visitado-ya-el-centro-de-interpretacion-del-ferrocarril-y-de-las-vias-verdes-de-trinitarios-en-su-primer-mes-de-funcionamiento\\\/#primaryimage\"},\"image\":{\"@id\":\"https:\\\/\\\/www.laguiadepamplona.com\\\/actualidad\\\/mas-de-2-000-personas-han-visitado-ya-el-centro-de-interpretacion-del-ferrocarril-y-de-las-vias-verdes-de-trinitarios-en-su-primer-mes-de-funcionamiento\\\/#primaryimage\"},\"thumbnailUrl\":\"https:\\\/\\\/www.laguiadepamplona.com\\\/actualidad\\\/wp-content\\\/uploads\\\/2022\\\/08\\\/ferrocarril.webp\",\"datePublished\":\"2022-08-04T10:55:04+00:00\",\"dateModified\":\"2023-04-11T09:47:56+00:00\",\"description\":\"El conocido como \u2018parque del Tren\u2019 abre durante este mes de agosto, de martes a domingo, de 18 a 20 horas\",\"breadcrumb\":{\"@id\":\"https:\\\/\\\/www.laguiadepamplona.com\\\/actualidad\\\/mas-de-2-000-personas-han-visitado-ya-el-centro-de-interpretacion-del-ferrocarril-y-de-las-vias-verdes-de-trinitarios-en-su-primer-mes-de-funcionamiento\\\/#breadcrumb\"},\"inLanguage\":\"es\",\"potentialAction\":[{\"@type\":\"ReadAction\",\"target\":[\"https:\\\/\\\/www.laguiadepamplona.com\\\/actualidad\\\/mas-de-2-000-personas-han-visitado-ya-el-centro-de-interpretacion-del-ferrocarril-y-de-las-vias-verdes-de-trinitarios-en-su-primer-mes-de-funcionamiento\\\/\"]}]},{\"@type\":\"ImageObject\",\"inLanguage\":\"es\",\"@id\":\"https:\\\/\\\/www.laguiadepamplona.com\\\/actualidad\\\/mas-de-2-000-personas-han-visitado-ya-el-centro-de-interpretacion-del-ferrocarril-y-de-las-vias-verdes-de-trinitarios-en-su-primer-mes-de-funcionamiento\\\/#primaryimage\",\"url\":\"https:\\\/\\\/www.laguiadepamplona.com\\\/actualidad\\\/wp-content\\\/uploads\\\/2022\\\/08\\\/ferrocarril.webp\",\"contentUrl\":\"https:\\\/\\\/www.laguiadepamplona.com\\\/actualidad\\\/wp-content\\\/uploads\\\/2022\\\/08\\\/ferrocarril.webp\",\"width\":1920,\"height\":1281},{\"@type\":\"BreadcrumbList\",\"@id\":\"https:\\\/\\\/www.laguiadepamplona.com\\\/actualidad\\\/mas-de-2-000-personas-han-visitado-ya-el-centro-de-interpretacion-del-ferrocarril-y-de-las-vias-verdes-de-trinitarios-en-su-primer-mes-de-funcionamiento\\\/#breadcrumb\",\"itemListElement\":[{\"@type\":\"ListItem\",\"position\":1,\"name\":\"Portada\",\"item\":\"https:\\\/\\\/www.laguiadepamplona.com\\\/actualidad\\\/\"},{\"@type\":\"ListItem\",\"position\":2,\"name\":\"M\u00e1s de 2.000 personas han visitado ya el Centro de Interpretaci\u00f3n del Ferrocarril y de las V\u00edas Verdes de Trinitarios en su primer mes de funcionamiento\"}]},{\"@type\":\"WebSite\",\"@id\":\"https:\\\/\\\/www.laguiadepamplona.com\\\/actualidad\\\/#website\",\"url\":\"https:\\\/\\\/www.laguiadepamplona.com\\\/actualidad\\\/\",\"name\":\"La gu\u00eda de Pamplona\",\"description\":\"Noticias de Pamplona\",\"publisher\":{\"@id\":\"https:\\\/\\\/www.laguiadepamplona.com\\\/actualidad\\\/#organization\"},\"potentialAction\":[{\"@type\":\"SearchAction\",\"target\":{\"@type\":\"EntryPoint\",\"urlTemplate\":\"https:\\\/\\\/www.laguiadepamplona.com\\\/actualidad\\\/?s={search_term_string}\"},\"query-input\":{\"@type\":\"PropertyValueSpecification\",\"valueRequired\":true,\"valueName\":\"search_term_string\"}}],\"inLanguage\":\"es\"},{\"@type\":\"Organization\",\"@id\":\"https:\\\/\\\/www.laguiadepamplona.com\\\/actualidad\\\/#organization\",\"name\":\"La Gu\u00eda de Pamplona \\\/ Noticias\",\"url\":\"https:\\\/\\\/www.laguiadepamplona.com\\\/actualidad\\\/\",\"logo\":{\"@type\":\"ImageObject\",\"inLanguage\":\"es\",\"@id\":\"https:\\\/\\\/www.laguiadepamplona.com\\\/actualidad\\\/#\\\/schema\\\/logo\\\/image\\\/\",\"url\":\"https:\\\/\\\/www.laguiadepamplona.com\\\/actualidad\\\/wp-content\\\/uploads\\\/2018\\\/11\\\/logo-laguiadepamplona18-web1.png\",\"contentUrl\":\"https:\\\/\\\/www.laguiadepamplona.com\\\/actualidad\\\/wp-content\\\/uploads\\\/2018\\\/11\\\/logo-laguiadepamplona18-web1.png\",\"width\":600,\"height\":196,\"caption\":\"La Gu\u00eda de Pamplona \\\/ Noticias\"},\"image\":{\"@id\":\"https:\\\/\\\/www.laguiadepamplona.com\\\/actualidad\\\/#\\\/schema\\\/logo\\\/image\\\/\"},\"sameAs\":[\"https:\\\/\\\/www.facebook.com\\\/laguiadepamplonacom-133175176762273\\\/?ref=hl\",\"https:\\\/\\\/x.com\\\/LaGuiadPamplona\",\"https:\\\/\\\/www.instagram.com\\\/la_guia_de_pamplona\\\/\",\"https:\\\/\\\/www.youtube.com\\\/user\\\/laguiadepamplona\"]},{\"@type\":\"Person\",\"@id\":\"https:\\\/\\\/www.laguiadepamplona.com\\\/actualidad\\\/#\\\/schema\\\/person\\\/efe887376f0213d4657c93adc50b1fdb\",\"name\":\"La Gu\u00eda de Pamplona\",\"image\":{\"@type\":\"ImageObject\",\"inLanguage\":\"es\",\"@id\":\"https:\\\/\\\/secure.gravatar.com\\\/avatar\\\/b6992f131dc8d30ab0dff15446e9d346d9dbd95992de0fef795073f5ea83a81c?s=96&d=mm&r=g\",\"url\":\"https:\\\/\\\/secure.gravatar.com\\\/avatar\\\/b6992f131dc8d30ab0dff15446e9d346d9dbd95992de0fef795073f5ea83a81c?s=96&d=mm&r=g\",\"contentUrl\":\"https:\\\/\\\/secure.gravatar.com\\\/avatar\\\/b6992f131dc8d30ab0dff15446e9d346d9dbd95992de0fef795073f5ea83a81c?s=96&d=mm&r=g\",\"caption\":\"La Gu\u00eda de Pamplona\"}}]}<\/script>\n<!-- \/ Yoast SEO plugin. -->","yoast_head_json":{"title":"M\u00e1s de 2.000 personas han visitado ya el Centro de Interpretaci\u00f3n del Ferrocarril y de las V\u00edas Verdes de Trinitarios en su primer mes de funcionamiento","description":"El conocido como \u2018parque del Tren\u2019 abre durante este mes de agosto, de martes a domingo, de 18 a 20 horas","robots":{"index":"index","follow":"follow","max-snippet":"max-snippet:-1","max-image-preview":"max-image-preview:large","max-video-preview":"max-video-preview:-1"},"canonical":"https:\/\/www.laguiadepamplona.com\/actualidad\/mas-de-2-000-personas-han-visitado-ya-el-centro-de-interpretacion-del-ferrocarril-y-de-las-vias-verdes-de-trinitarios-en-su-primer-mes-de-funcionamiento\/","og_locale":"es_ES","og_type":"article","og_title":"M\u00e1s de 2.000 personas han visitado ya el Centro de Interpretaci\u00f3n del Ferrocarril y de las V\u00edas Verdes de Trinitarios en su primer mes de funcionamiento","og_description":"El conocido como \u2018parque del Tren\u2019 abre durante este mes de agosto, de martes a domingo, de 18 a 20 horas","og_url":"https:\/\/www.laguiadepamplona.com\/actualidad\/mas-de-2-000-personas-han-visitado-ya-el-centro-de-interpretacion-del-ferrocarril-y-de-las-vias-verdes-de-trinitarios-en-su-primer-mes-de-funcionamiento\/","og_site_name":"La Gu\u00eda de Pamplona","article_publisher":"https:\/\/www.facebook.com\/laguiadepamplonacom-133175176762273\/?ref=hl","article_published_time":"2022-08-04T10:55:04+00:00","article_modified_time":"2023-04-11T09:47:56+00:00","og_image":[{"width":1920,"height":1281,"url":"https:\/\/www.laguiadepamplona.com\/actualidad\/wp-content\/uploads\/2022\/08\/ferrocarril.webp","type":"image\/webp"}],"author":"La Gu\u00eda de Pamplona","twitter_card":"summary_large_image","twitter_creator":"@LaGuiadPamplona","twitter_site":"@LaGuiadPamplona","twitter_misc":{"Escrito por":"La Gu\u00eda de Pamplona","Tiempo de lectura":"3 minutos"},"schema":{"@context":"https:\/\/schema.org","@graph":[{"@type":"Article","@id":"https:\/\/www.laguiadepamplona.com\/actualidad\/mas-de-2-000-personas-han-visitado-ya-el-centro-de-interpretacion-del-ferrocarril-y-de-las-vias-verdes-de-trinitarios-en-su-primer-mes-de-funcionamiento\/#article","isPartOf":{"@id":"https:\/\/www.laguiadepamplona.com\/actualidad\/mas-de-2-000-personas-han-visitado-ya-el-centro-de-interpretacion-del-ferrocarril-y-de-las-vias-verdes-de-trinitarios-en-su-primer-mes-de-funcionamiento\/"},"author":{"name":"La Gu\u00eda de Pamplona","@id":"https:\/\/www.laguiadepamplona.com\/actualidad\/#\/schema\/person\/efe887376f0213d4657c93adc50b1fdb"},"headline":"M\u00e1s de 2.000 personas han visitado ya el Centro de Interpretaci\u00f3n del Ferrocarril y de las V\u00edas Verdes de Trinitarios en su primer mes de funcionamiento","datePublished":"2022-08-04T10:55:04+00:00","dateModified":"2023-04-11T09:47:56+00:00","mainEntityOfPage":{"@id":"https:\/\/www.laguiadepamplona.com\/actualidad\/mas-de-2-000-personas-han-visitado-ya-el-centro-de-interpretacion-del-ferrocarril-y-de-las-vias-verdes-de-trinitarios-en-su-primer-mes-de-funcionamiento\/"},"wordCount":533,"commentCount":0,"publisher":{"@id":"https:\/\/www.laguiadepamplona.com\/actualidad\/#organization"},"image":{"@id":"https:\/\/www.laguiadepamplona.com\/actualidad\/mas-de-2-000-personas-han-visitado-ya-el-centro-de-interpretacion-del-ferrocarril-y-de-las-vias-verdes-de-trinitarios-en-su-primer-mes-de-funcionamiento\/#primaryimage"},"thumbnailUrl":"https:\/\/www.laguiadepamplona.com\/actualidad\/wp-content\/uploads\/2022\/08\/ferrocarril.webp","articleSection":["Ayto Pamplona"],"inLanguage":"es","potentialAction":[{"@type":"CommentAction","name":"Comment","target":["https:\/\/www.laguiadepamplona.com\/actualidad\/mas-de-2-000-personas-han-visitado-ya-el-centro-de-interpretacion-del-ferrocarril-y-de-las-vias-verdes-de-trinitarios-en-su-primer-mes-de-funcionamiento\/#respond"]}]},{"@type":"WebPage","@id":"https:\/\/www.laguiadepamplona.com\/actualidad\/mas-de-2-000-personas-han-visitado-ya-el-centro-de-interpretacion-del-ferrocarril-y-de-las-vias-verdes-de-trinitarios-en-su-primer-mes-de-funcionamiento\/","url":"https:\/\/www.laguiadepamplona.com\/actualidad\/mas-de-2-000-personas-han-visitado-ya-el-centro-de-interpretacion-del-ferrocarril-y-de-las-vias-verdes-de-trinitarios-en-su-primer-mes-de-funcionamiento\/","name":"M\u00e1s de 2.000 personas han visitado ya el Centro de Interpretaci\u00f3n del Ferrocarril y de las V\u00edas Verdes de Trinitarios en su primer mes de funcionamiento","isPartOf":{"@id":"https:\/\/www.laguiadepamplona.com\/actualidad\/#website"},"primaryImageOfPage":{"@id":"https:\/\/www.laguiadepamplona.com\/actualidad\/mas-de-2-000-personas-han-visitado-ya-el-centro-de-interpretacion-del-ferrocarril-y-de-las-vias-verdes-de-trinitarios-en-su-primer-mes-de-funcionamiento\/#primaryimage"},"image":{"@id":"https:\/\/www.laguiadepamplona.com\/actualidad\/mas-de-2-000-personas-han-visitado-ya-el-centro-de-interpretacion-del-ferrocarril-y-de-las-vias-verdes-de-trinitarios-en-su-primer-mes-de-funcionamiento\/#primaryimage"},"thumbnailUrl":"https:\/\/www.laguiadepamplona.com\/actualidad\/wp-content\/uploads\/2022\/08\/ferrocarril.webp","datePublished":"2022-08-04T10:55:04+00:00","dateModified":"2023-04-11T09:47:56+00:00","description":"El conocido como \u2018parque del Tren\u2019 abre durante este mes de agosto, de martes a domingo, de 18 a 20 horas","breadcrumb":{"@id":"https:\/\/www.laguiadepamplona.com\/actualidad\/mas-de-2-000-personas-han-visitado-ya-el-centro-de-interpretacion-del-ferrocarril-y-de-las-vias-verdes-de-trinitarios-en-su-primer-mes-de-funcionamiento\/#breadcrumb"},"inLanguage":"es","potentialAction":[{"@type":"ReadAction","target":["https:\/\/www.laguiadepamplona.com\/actualidad\/mas-de-2-000-personas-han-visitado-ya-el-centro-de-interpretacion-del-ferrocarril-y-de-las-vias-verdes-de-trinitarios-en-su-primer-mes-de-funcionamiento\/"]}]},{"@type":"ImageObject","inLanguage":"es","@id":"https:\/\/www.laguiadepamplona.com\/actualidad\/mas-de-2-000-personas-han-visitado-ya-el-centro-de-interpretacion-del-ferrocarril-y-de-las-vias-verdes-de-trinitarios-en-su-primer-mes-de-funcionamiento\/#primaryimage","url":"https:\/\/www.laguiadepamplona.com\/actualidad\/wp-content\/uploads\/2022\/08\/ferrocarril.webp","contentUrl":"https:\/\/www.laguiadepamplona.com\/actualidad\/wp-content\/uploads\/2022\/08\/ferrocarril.webp","width":1920,"height":1281},{"@type":"BreadcrumbList","@id":"https:\/\/www.laguiadepamplona.com\/actualidad\/mas-de-2-000-personas-han-visitado-ya-el-centro-de-interpretacion-del-ferrocarril-y-de-las-vias-verdes-de-trinitarios-en-su-primer-mes-de-funcionamiento\/#breadcrumb","itemListElement":[{"@type":"ListItem","position":1,"name":"Portada","item":"https:\/\/www.laguiadepamplona.com\/actualidad\/"},{"@type":"ListItem","position":2,"name":"M\u00e1s de 2.000 personas han visitado ya el Centro de Interpretaci\u00f3n del Ferrocarril y de las V\u00edas Verdes de Trinitarios en su primer mes de funcionamiento"}]},{"@type":"WebSite","@id":"https:\/\/www.laguiadepamplona.com\/actualidad\/#website","url":"https:\/\/www.laguiadepamplona.com\/actualidad\/","name":"La gu\u00eda de Pamplona","description":"Noticias de Pamplona","publisher":{"@id":"https:\/\/www.laguiadepamplona.com\/actualidad\/#organization"},"potentialAction":[{"@type":"SearchAction","target":{"@type":"EntryPoint","urlTemplate":"https:\/\/www.laguiadepamplona.com\/actualidad\/?s={search_term_string}"},"query-input":{"@type":"PropertyValueSpecification","valueRequired":true,"valueName":"search_term_string"}}],"inLanguage":"es"},{"@type":"Organization","@id":"https:\/\/www.laguiadepamplona.com\/actualidad\/#organization","name":"La Gu\u00eda de Pamplona \/ Noticias","url":"https:\/\/www.laguiadepamplona.com\/actualidad\/","logo":{"@type":"ImageObject","inLanguage":"es","@id":"https:\/\/www.laguiadepamplona.com\/actualidad\/#\/schema\/logo\/image\/","url":"https:\/\/www.laguiadepamplona.com\/actualidad\/wp-content\/uploads\/2018\/11\/logo-laguiadepamplona18-web1.png","contentUrl":"https:\/\/www.laguiadepamplona.com\/actualidad\/wp-content\/uploads\/2018\/11\/logo-laguiadepamplona18-web1.png","width":600,"height":196,"caption":"La Gu\u00eda de Pamplona \/ Noticias"},"image":{"@id":"https:\/\/www.laguiadepamplona.com\/actualidad\/#\/schema\/logo\/image\/"},"sameAs":["https:\/\/www.facebook.com\/laguiadepamplonacom-133175176762273\/?ref=hl","https:\/\/x.com\/LaGuiadPamplona","https:\/\/www.instagram.com\/la_guia_de_pamplona\/","https:\/\/www.youtube.com\/user\/laguiadepamplona"]},{"@type":"Person","@id":"https:\/\/www.laguiadepamplona.com\/actualidad\/#\/schema\/person\/efe887376f0213d4657c93adc50b1fdb","name":"La Gu\u00eda de Pamplona","image":{"@type":"ImageObject","inLanguage":"es","@id":"https:\/\/secure.gravatar.com\/avatar\/b6992f131dc8d30ab0dff15446e9d346d9dbd95992de0fef795073f5ea83a81c?s=96&d=mm&r=g","url":"https:\/\/secure.gravatar.com\/avatar\/b6992f131dc8d30ab0dff15446e9d346d9dbd95992de0fef795073f5ea83a81c?s=96&d=mm&r=g","contentUrl":"https:\/\/secure.gravatar.com\/avatar\/b6992f131dc8d30ab0dff15446e9d346d9dbd95992de0fef795073f5ea83a81c?s=96&d=mm&r=g","caption":"La Gu\u00eda de Pamplona"}}]}},"post_mailing_queue_ids":[],"_links":{"self":[{"href":"https:\/\/www.laguiadepamplona.com\/actualidad\/wp-json\/wp\/v2\/posts\/41214","targetHints":{"allow":["GET"]}}],"collection":[{"href":"https:\/\/www.laguiadepamplona.com\/actualidad\/wp-json\/wp\/v2\/posts"}],"about":[{"href":"https:\/\/www.laguiadepamplona.com\/actualidad\/wp-json\/wp\/v2\/types\/post"}],"author":[{"embeddable":true,"href":"https:\/\/www.laguiadepamplona.com\/actualidad\/wp-json\/wp\/v2\/users\/1"}],"replies":[{"embeddable":true,"href":"https:\/\/www.laguiadepamplona.com\/actualidad\/wp-json\/wp\/v2\/comments?post=41214"}],"version-history":[{"count":0,"href":"https:\/\/www.laguiadepamplona.com\/actualidad\/wp-json\/wp\/v2\/posts\/41214\/revisions"}],"wp:featuredmedia":[{"embeddable":true,"href":"https:\/\/www.laguiadepamplona.com\/actualidad\/wp-json\/wp\/v2\/media\/41215"}],"wp:attachment":[{"href":"https:\/\/www.laguiadepamplona.com\/actualidad\/wp-json\/wp\/v2\/media?parent=41214"}],"wp:term":[{"taxonomy":"category","embeddable":true,"href":"https:\/\/www.laguiadepamplona.com\/actualidad\/wp-json\/wp\/v2\/categories?post=41214"},{"taxonomy":"post_tag","embeddable":true,"href":"https:\/\/www.laguiadepamplona.com\/actualidad\/wp-json\/wp\/v2\/tags?post=41214"}],"curies":[{"name":"wp","href":"https:\/\/api.w.org\/{rel}","templated":true}]}}