{"id":41182,"date":"2022-08-03T19:58:39","date_gmt":"2022-08-03T17:58:39","guid":{"rendered":"https:\/\/www.laguiadepamplona.com\/actualidad\/?p=41182"},"modified":"2023-04-11T11:47:56","modified_gmt":"2023-04-11T09:47:56","slug":"la-coleccion-de-miguel-vidal-mira-de-pirotecnia-aitana-lanzada-el-sabado-9-de-julio-gana-la-votacion-popular-del-xxi-concurso-de-fuegos-artificiales-de-autor-de-san-fermin","status":"publish","type":"post","link":"https:\/\/www.laguiadepamplona.com\/actualidad\/la-coleccion-de-miguel-vidal-mira-de-pirotecnia-aitana-lanzada-el-sabado-9-de-julio-gana-la-votacion-popular-del-xxi-concurso-de-fuegos-artificiales-de-autor-de-san-fermin\/","title":{"rendered":"La colecci\u00f3n de Miguel Vidal Mira, de Pirotecnia Aitana, lanzada el s\u00e1bado 9 de julio gana la votaci\u00f3n popular del XXI Concurso de Fuegos Artificiales de Autor de San Ferm\u00edn"},"content":{"rendered":"<h5>Esta ma\u00f1ana se han entregado los premios sorteados entre las personas que emitieron los 4.526 votos recibidos, un 17% m\u00e1s que en 2019<\/h5>\n<p><!--more--><\/p>\n<p>La colecci\u00f3n \u2018Batec pamplon\u00e8s\u2019 (Latido pamplon\u00e9s), creada por Miguel Vidal Mira, de Pirotecnia Aitana, y lanzada el s\u00e1bado 9 de julio ha obtenido el premio del p\u00fablico del XXI Concurso Internacional de Fuegos Artificiales de Autor de los Sanfermines 2022. Los 4.526 votos recibidos en la votaci\u00f3n popular le han concedido la puntuaci\u00f3n m\u00e1s alta con 8,29 puntos sobre 10. Esta colecci\u00f3n logr\u00f3 el San Ferm\u00edn de Plata concedido por el jurado.<\/p>\n<p>La segunda posici\u00f3n ha sido para \u2018Amigdala Rinascimiento\u2019 (Amigdala Renacimiento), del dise\u00f1ador italiano Federico Tibaldi y la pirotecnia Pyroitaly, disparada el lunes 11 de julio con 8,18 puntos. Curiosamente, la votaci\u00f3n popular ha intercambiado los puestos respecto a las deliberaciones del jurado, pues esta colecci\u00f3n fue la ganadora del San Ferm\u00edn de Oro. La tercera posici\u00f3n en ese simb\u00f3lico \u2018premio del p\u00fablico\u2019 le ha correspondido a la colecci\u00f3n titulada \u2018Emo\u00e7oes\u2019 (Emociones), del portugu\u00e9s Marco Costa y la pirotecnia HC&amp;Filhos Pirotecnia, con 7,94 puntos sobre 10, quemada el martes 12 de julio.<br \/>\n<script async src=\"\/\/pagead2.googlesyndication.com\/pagead\/js\/adsbygoogle.js\"><\/script><br \/>\n<!-- Noticias La Guia de Pamplona --><br \/>\n<ins class=\"adsbygoogle\"\nstyle=\"display:block\"\ndata-ad-client=\"ca-pub-6943679897239327\"\ndata-ad-slot=\"7048180777\"\ndata-ad-format=\"auto\"><\/ins><br \/>\n<script>\n(adsbygoogle = window.adsbygoogle || []).push({});\n<\/script><\/p>\n<p>Los 4.526 votos recibidos en esta edici\u00f3n del concurso suponen un 17% m\u00e1s que los 3.861 votos registrados en 2019. A trav\u00e9s de la web <a href=\"http:\/\/www.sanferminespamplona.es\">www.sanferminespamplona.es<\/a>, se emitieron 4.292 votos, un 94,82 % del total. De estos votos, 2.054 se realizaron a trav\u00e9s de la aplicaci\u00f3n m\u00f3vil. Tambi\u00e9n se pudo votar de forma presencial, mediante cupones, en las urnas habilitadas en Civivox Condestable, en la Oficina de Turismo y en el hipermercado Eroski. Se recibieron 234 cupones con votos. Precisamente, Eroski ha sido patrocinador y colaborador de este evento, junto con Diario de Navarra.<\/p>\n<p>Esta ma\u00f1ana la concejala delegada de Cultura e Igualdad, Mar\u00eda Garc\u00eda-Barberena y la responsable del Departamento Cliente del hipermercado Eroski, Marian Garc\u00eda Mart\u00edn, han entregado los premios sorteados entre todas las personas que han participado en la votaci\u00f3n. Se han repartido 29 premios que han consistido en 3 cafeteras de c\u00e1psulas Tassimo, 9 altavoces Urban Vox 2, 4 altavoces acu\u00e1ticos Sunstech, 8 auriculares deportivos Neckband Blue, 2 torres de sonido DSK-610 Daewo, 2 packs de experiencias y 1 cafetera. El acto de entrega ha tenido lugar en el Patio de los Gigantes del \u00e1rea de Cultura e Igualdad del Ayuntamiento de Pamplona.<\/p>\n","protected":false},"excerpt":{"rendered":"<p>Esta ma\u00f1ana se han entregado los premios sorteados entre las personas que emitieron los 4.526 votos recibidos, un 17% m\u00e1s que en 2019<\/p>\n","protected":false},"author":1,"featured_media":41183,"comment_status":"open","ping_status":"closed","sticky":false,"template":"","format":"standard","meta":{"footnotes":""},"categories":[2],"tags":[],"class_list":["post-41182","post","type-post","status-publish","format-standard","has-post-thumbnail","hentry","category-ayuntamiento-pamplona"],"yoast_head":"<!-- This site is optimized with the Yoast SEO plugin v27.3 - https:\/\/yoast.com\/product\/yoast-seo-wordpress\/ -->\n<title>La colecci\u00f3n de Miguel Vidal Mira, de Pirotecnia Aitana, lanzada el s\u00e1bado 9 de julio gana la votaci\u00f3n popular del XXI Concurso de Fuegos Artificiales de Autor de San Ferm\u00edn<\/title>\n<meta name=\"description\" content=\"Esta ma\u00f1ana se han entregado los premios sorteados entre las personas que emitieron los 4.526 votos recibidos, un 17% m\u00e1s que en 2019\" \/>\n<meta name=\"robots\" content=\"index, follow, max-snippet:-1, max-image-preview:large, max-video-preview:-1\" \/>\n<link rel=\"canonical\" href=\"https:\/\/www.laguiadepamplona.com\/actualidad\/la-coleccion-de-miguel-vidal-mira-de-pirotecnia-aitana-lanzada-el-sabado-9-de-julio-gana-la-votacion-popular-del-xxi-concurso-de-fuegos-artificiales-de-autor-de-san-fermin\/\" \/>\n<meta property=\"og:locale\" content=\"es_ES\" \/>\n<meta property=\"og:type\" content=\"article\" \/>\n<meta property=\"og:title\" content=\"La colecci\u00f3n de Miguel Vidal Mira, de Pirotecnia Aitana, lanzada el s\u00e1bado 9 de julio gana la votaci\u00f3n popular del XXI Concurso de Fuegos Artificiales de Autor de San Ferm\u00edn\" \/>\n<meta property=\"og:description\" content=\"Esta ma\u00f1ana se han entregado los premios sorteados entre las personas que emitieron los 4.526 votos recibidos, un 17% m\u00e1s que en 2019\" \/>\n<meta property=\"og:url\" content=\"https:\/\/www.laguiadepamplona.com\/actualidad\/la-coleccion-de-miguel-vidal-mira-de-pirotecnia-aitana-lanzada-el-sabado-9-de-julio-gana-la-votacion-popular-del-xxi-concurso-de-fuegos-artificiales-de-autor-de-san-fermin\/\" \/>\n<meta property=\"og:site_name\" content=\"La Gu\u00eda de Pamplona\" \/>\n<meta property=\"article:publisher\" content=\"https:\/\/www.facebook.com\/laguiadepamplonacom-133175176762273\/?ref=hl\" \/>\n<meta property=\"article:published_time\" content=\"2022-08-03T17:58:39+00:00\" \/>\n<meta property=\"article:modified_time\" content=\"2023-04-11T09:47:56+00:00\" \/>\n<meta property=\"og:image\" content=\"https:\/\/www.laguiadepamplona.com\/actualidad\/wp-content\/uploads\/2022\/08\/premiosfuegospublicoee5a4313_0.webp\" \/>\n\t<meta property=\"og:image:width\" content=\"1920\" \/>\n\t<meta property=\"og:image:height\" content=\"1280\" \/>\n\t<meta property=\"og:image:type\" content=\"image\/webp\" \/>\n<meta name=\"author\" content=\"La Gu\u00eda de Pamplona\" \/>\n<meta name=\"twitter:card\" content=\"summary_large_image\" \/>\n<meta name=\"twitter:creator\" content=\"@LaGuiadPamplona\" \/>\n<meta name=\"twitter:site\" content=\"@LaGuiadPamplona\" \/>\n<meta name=\"twitter:label1\" content=\"Escrito por\" \/>\n\t<meta name=\"twitter:data1\" content=\"La Gu\u00eda de Pamplona\" \/>\n\t<meta name=\"twitter:label2\" content=\"Tiempo de lectura\" \/>\n\t<meta name=\"twitter:data2\" content=\"2 minutos\" \/>\n<script type=\"application\/ld+json\" class=\"yoast-schema-graph\">{\"@context\":\"https:\\\/\\\/schema.org\",\"@graph\":[{\"@type\":\"Article\",\"@id\":\"https:\\\/\\\/www.laguiadepamplona.com\\\/actualidad\\\/la-coleccion-de-miguel-vidal-mira-de-pirotecnia-aitana-lanzada-el-sabado-9-de-julio-gana-la-votacion-popular-del-xxi-concurso-de-fuegos-artificiales-de-autor-de-san-fermin\\\/#article\",\"isPartOf\":{\"@id\":\"https:\\\/\\\/www.laguiadepamplona.com\\\/actualidad\\\/la-coleccion-de-miguel-vidal-mira-de-pirotecnia-aitana-lanzada-el-sabado-9-de-julio-gana-la-votacion-popular-del-xxi-concurso-de-fuegos-artificiales-de-autor-de-san-fermin\\\/\"},\"author\":{\"name\":\"La Gu\u00eda de Pamplona\",\"@id\":\"https:\\\/\\\/www.laguiadepamplona.com\\\/actualidad\\\/#\\\/schema\\\/person\\\/efe887376f0213d4657c93adc50b1fdb\"},\"headline\":\"La colecci\u00f3n de Miguel Vidal Mira, de Pirotecnia Aitana, lanzada el s\u00e1bado 9 de julio gana la votaci\u00f3n popular del XXI Concurso de Fuegos Artificiales de Autor de San Ferm\u00edn\",\"datePublished\":\"2022-08-03T17:58:39+00:00\",\"dateModified\":\"2023-04-11T09:47:56+00:00\",\"mainEntityOfPage\":{\"@id\":\"https:\\\/\\\/www.laguiadepamplona.com\\\/actualidad\\\/la-coleccion-de-miguel-vidal-mira-de-pirotecnia-aitana-lanzada-el-sabado-9-de-julio-gana-la-votacion-popular-del-xxi-concurso-de-fuegos-artificiales-de-autor-de-san-fermin\\\/\"},\"wordCount\":426,\"commentCount\":0,\"publisher\":{\"@id\":\"https:\\\/\\\/www.laguiadepamplona.com\\\/actualidad\\\/#organization\"},\"image\":{\"@id\":\"https:\\\/\\\/www.laguiadepamplona.com\\\/actualidad\\\/la-coleccion-de-miguel-vidal-mira-de-pirotecnia-aitana-lanzada-el-sabado-9-de-julio-gana-la-votacion-popular-del-xxi-concurso-de-fuegos-artificiales-de-autor-de-san-fermin\\\/#primaryimage\"},\"thumbnailUrl\":\"https:\\\/\\\/www.laguiadepamplona.com\\\/actualidad\\\/wp-content\\\/uploads\\\/2022\\\/08\\\/premiosfuegospublicoee5a4313_0.webp\",\"articleSection\":[\"Ayto Pamplona\"],\"inLanguage\":\"es\",\"potentialAction\":[{\"@type\":\"CommentAction\",\"name\":\"Comment\",\"target\":[\"https:\\\/\\\/www.laguiadepamplona.com\\\/actualidad\\\/la-coleccion-de-miguel-vidal-mira-de-pirotecnia-aitana-lanzada-el-sabado-9-de-julio-gana-la-votacion-popular-del-xxi-concurso-de-fuegos-artificiales-de-autor-de-san-fermin\\\/#respond\"]}]},{\"@type\":\"WebPage\",\"@id\":\"https:\\\/\\\/www.laguiadepamplona.com\\\/actualidad\\\/la-coleccion-de-miguel-vidal-mira-de-pirotecnia-aitana-lanzada-el-sabado-9-de-julio-gana-la-votacion-popular-del-xxi-concurso-de-fuegos-artificiales-de-autor-de-san-fermin\\\/\",\"url\":\"https:\\\/\\\/www.laguiadepamplona.com\\\/actualidad\\\/la-coleccion-de-miguel-vidal-mira-de-pirotecnia-aitana-lanzada-el-sabado-9-de-julio-gana-la-votacion-popular-del-xxi-concurso-de-fuegos-artificiales-de-autor-de-san-fermin\\\/\",\"name\":\"La colecci\u00f3n de Miguel Vidal Mira, de Pirotecnia Aitana, lanzada el s\u00e1bado 9 de julio gana la votaci\u00f3n popular del XXI Concurso de Fuegos Artificiales de Autor de San Ferm\u00edn\",\"isPartOf\":{\"@id\":\"https:\\\/\\\/www.laguiadepamplona.com\\\/actualidad\\\/#website\"},\"primaryImageOfPage\":{\"@id\":\"https:\\\/\\\/www.laguiadepamplona.com\\\/actualidad\\\/la-coleccion-de-miguel-vidal-mira-de-pirotecnia-aitana-lanzada-el-sabado-9-de-julio-gana-la-votacion-popular-del-xxi-concurso-de-fuegos-artificiales-de-autor-de-san-fermin\\\/#primaryimage\"},\"image\":{\"@id\":\"https:\\\/\\\/www.laguiadepamplona.com\\\/actualidad\\\/la-coleccion-de-miguel-vidal-mira-de-pirotecnia-aitana-lanzada-el-sabado-9-de-julio-gana-la-votacion-popular-del-xxi-concurso-de-fuegos-artificiales-de-autor-de-san-fermin\\\/#primaryimage\"},\"thumbnailUrl\":\"https:\\\/\\\/www.laguiadepamplona.com\\\/actualidad\\\/wp-content\\\/uploads\\\/2022\\\/08\\\/premiosfuegospublicoee5a4313_0.webp\",\"datePublished\":\"2022-08-03T17:58:39+00:00\",\"dateModified\":\"2023-04-11T09:47:56+00:00\",\"description\":\"Esta ma\u00f1ana se han entregado los premios sorteados entre las personas que emitieron los 4.526 votos recibidos, un 17% m\u00e1s que en 2019\",\"breadcrumb\":{\"@id\":\"https:\\\/\\\/www.laguiadepamplona.com\\\/actualidad\\\/la-coleccion-de-miguel-vidal-mira-de-pirotecnia-aitana-lanzada-el-sabado-9-de-julio-gana-la-votacion-popular-del-xxi-concurso-de-fuegos-artificiales-de-autor-de-san-fermin\\\/#breadcrumb\"},\"inLanguage\":\"es\",\"potentialAction\":[{\"@type\":\"ReadAction\",\"target\":[\"https:\\\/\\\/www.laguiadepamplona.com\\\/actualidad\\\/la-coleccion-de-miguel-vidal-mira-de-pirotecnia-aitana-lanzada-el-sabado-9-de-julio-gana-la-votacion-popular-del-xxi-concurso-de-fuegos-artificiales-de-autor-de-san-fermin\\\/\"]}]},{\"@type\":\"ImageObject\",\"inLanguage\":\"es\",\"@id\":\"https:\\\/\\\/www.laguiadepamplona.com\\\/actualidad\\\/la-coleccion-de-miguel-vidal-mira-de-pirotecnia-aitana-lanzada-el-sabado-9-de-julio-gana-la-votacion-popular-del-xxi-concurso-de-fuegos-artificiales-de-autor-de-san-fermin\\\/#primaryimage\",\"url\":\"https:\\\/\\\/www.laguiadepamplona.com\\\/actualidad\\\/wp-content\\\/uploads\\\/2022\\\/08\\\/premiosfuegospublicoee5a4313_0.webp\",\"contentUrl\":\"https:\\\/\\\/www.laguiadepamplona.com\\\/actualidad\\\/wp-content\\\/uploads\\\/2022\\\/08\\\/premiosfuegospublicoee5a4313_0.webp\",\"width\":1920,\"height\":1280},{\"@type\":\"BreadcrumbList\",\"@id\":\"https:\\\/\\\/www.laguiadepamplona.com\\\/actualidad\\\/la-coleccion-de-miguel-vidal-mira-de-pirotecnia-aitana-lanzada-el-sabado-9-de-julio-gana-la-votacion-popular-del-xxi-concurso-de-fuegos-artificiales-de-autor-de-san-fermin\\\/#breadcrumb\",\"itemListElement\":[{\"@type\":\"ListItem\",\"position\":1,\"name\":\"Portada\",\"item\":\"https:\\\/\\\/www.laguiadepamplona.com\\\/actualidad\\\/\"},{\"@type\":\"ListItem\",\"position\":2,\"name\":\"La colecci\u00f3n de Miguel Vidal Mira, de Pirotecnia Aitana, lanzada el s\u00e1bado 9 de julio gana la votaci\u00f3n popular del XXI Concurso de Fuegos Artificiales de Autor de San Ferm\u00edn\"}]},{\"@type\":\"WebSite\",\"@id\":\"https:\\\/\\\/www.laguiadepamplona.com\\\/actualidad\\\/#website\",\"url\":\"https:\\\/\\\/www.laguiadepamplona.com\\\/actualidad\\\/\",\"name\":\"La gu\u00eda de Pamplona\",\"description\":\"Noticias de Pamplona\",\"publisher\":{\"@id\":\"https:\\\/\\\/www.laguiadepamplona.com\\\/actualidad\\\/#organization\"},\"potentialAction\":[{\"@type\":\"SearchAction\",\"target\":{\"@type\":\"EntryPoint\",\"urlTemplate\":\"https:\\\/\\\/www.laguiadepamplona.com\\\/actualidad\\\/?s={search_term_string}\"},\"query-input\":{\"@type\":\"PropertyValueSpecification\",\"valueRequired\":true,\"valueName\":\"search_term_string\"}}],\"inLanguage\":\"es\"},{\"@type\":\"Organization\",\"@id\":\"https:\\\/\\\/www.laguiadepamplona.com\\\/actualidad\\\/#organization\",\"name\":\"La Gu\u00eda de Pamplona \\\/ Noticias\",\"url\":\"https:\\\/\\\/www.laguiadepamplona.com\\\/actualidad\\\/\",\"logo\":{\"@type\":\"ImageObject\",\"inLanguage\":\"es\",\"@id\":\"https:\\\/\\\/www.laguiadepamplona.com\\\/actualidad\\\/#\\\/schema\\\/logo\\\/image\\\/\",\"url\":\"https:\\\/\\\/www.laguiadepamplona.com\\\/actualidad\\\/wp-content\\\/uploads\\\/2018\\\/11\\\/logo-laguiadepamplona18-web1.png\",\"contentUrl\":\"https:\\\/\\\/www.laguiadepamplona.com\\\/actualidad\\\/wp-content\\\/uploads\\\/2018\\\/11\\\/logo-laguiadepamplona18-web1.png\",\"width\":600,\"height\":196,\"caption\":\"La Gu\u00eda de Pamplona \\\/ Noticias\"},\"image\":{\"@id\":\"https:\\\/\\\/www.laguiadepamplona.com\\\/actualidad\\\/#\\\/schema\\\/logo\\\/image\\\/\"},\"sameAs\":[\"https:\\\/\\\/www.facebook.com\\\/laguiadepamplonacom-133175176762273\\\/?ref=hl\",\"https:\\\/\\\/x.com\\\/LaGuiadPamplona\",\"https:\\\/\\\/www.instagram.com\\\/la_guia_de_pamplona\\\/\",\"https:\\\/\\\/www.youtube.com\\\/user\\\/laguiadepamplona\"]},{\"@type\":\"Person\",\"@id\":\"https:\\\/\\\/www.laguiadepamplona.com\\\/actualidad\\\/#\\\/schema\\\/person\\\/efe887376f0213d4657c93adc50b1fdb\",\"name\":\"La Gu\u00eda de Pamplona\",\"image\":{\"@type\":\"ImageObject\",\"inLanguage\":\"es\",\"@id\":\"https:\\\/\\\/secure.gravatar.com\\\/avatar\\\/b6992f131dc8d30ab0dff15446e9d346d9dbd95992de0fef795073f5ea83a81c?s=96&d=mm&r=g\",\"url\":\"https:\\\/\\\/secure.gravatar.com\\\/avatar\\\/b6992f131dc8d30ab0dff15446e9d346d9dbd95992de0fef795073f5ea83a81c?s=96&d=mm&r=g\",\"contentUrl\":\"https:\\\/\\\/secure.gravatar.com\\\/avatar\\\/b6992f131dc8d30ab0dff15446e9d346d9dbd95992de0fef795073f5ea83a81c?s=96&d=mm&r=g\",\"caption\":\"La Gu\u00eda de Pamplona\"}}]}<\/script>\n<!-- \/ Yoast SEO plugin. -->","yoast_head_json":{"title":"La colecci\u00f3n de Miguel Vidal Mira, de Pirotecnia Aitana, lanzada el s\u00e1bado 9 de julio gana la votaci\u00f3n popular del XXI Concurso de Fuegos Artificiales de Autor de San Ferm\u00edn","description":"Esta ma\u00f1ana se han entregado los premios sorteados entre las personas que emitieron los 4.526 votos recibidos, un 17% m\u00e1s que en 2019","robots":{"index":"index","follow":"follow","max-snippet":"max-snippet:-1","max-image-preview":"max-image-preview:large","max-video-preview":"max-video-preview:-1"},"canonical":"https:\/\/www.laguiadepamplona.com\/actualidad\/la-coleccion-de-miguel-vidal-mira-de-pirotecnia-aitana-lanzada-el-sabado-9-de-julio-gana-la-votacion-popular-del-xxi-concurso-de-fuegos-artificiales-de-autor-de-san-fermin\/","og_locale":"es_ES","og_type":"article","og_title":"La colecci\u00f3n de Miguel Vidal Mira, de Pirotecnia Aitana, lanzada el s\u00e1bado 9 de julio gana la votaci\u00f3n popular del XXI Concurso de Fuegos Artificiales de Autor de San Ferm\u00edn","og_description":"Esta ma\u00f1ana se han entregado los premios sorteados entre las personas que emitieron los 4.526 votos recibidos, un 17% m\u00e1s que en 2019","og_url":"https:\/\/www.laguiadepamplona.com\/actualidad\/la-coleccion-de-miguel-vidal-mira-de-pirotecnia-aitana-lanzada-el-sabado-9-de-julio-gana-la-votacion-popular-del-xxi-concurso-de-fuegos-artificiales-de-autor-de-san-fermin\/","og_site_name":"La Gu\u00eda de Pamplona","article_publisher":"https:\/\/www.facebook.com\/laguiadepamplonacom-133175176762273\/?ref=hl","article_published_time":"2022-08-03T17:58:39+00:00","article_modified_time":"2023-04-11T09:47:56+00:00","og_image":[{"width":1920,"height":1280,"url":"https:\/\/www.laguiadepamplona.com\/actualidad\/wp-content\/uploads\/2022\/08\/premiosfuegospublicoee5a4313_0.webp","type":"image\/webp"}],"author":"La Gu\u00eda de Pamplona","twitter_card":"summary_large_image","twitter_creator":"@LaGuiadPamplona","twitter_site":"@LaGuiadPamplona","twitter_misc":{"Escrito por":"La Gu\u00eda de Pamplona","Tiempo de lectura":"2 minutos"},"schema":{"@context":"https:\/\/schema.org","@graph":[{"@type":"Article","@id":"https:\/\/www.laguiadepamplona.com\/actualidad\/la-coleccion-de-miguel-vidal-mira-de-pirotecnia-aitana-lanzada-el-sabado-9-de-julio-gana-la-votacion-popular-del-xxi-concurso-de-fuegos-artificiales-de-autor-de-san-fermin\/#article","isPartOf":{"@id":"https:\/\/www.laguiadepamplona.com\/actualidad\/la-coleccion-de-miguel-vidal-mira-de-pirotecnia-aitana-lanzada-el-sabado-9-de-julio-gana-la-votacion-popular-del-xxi-concurso-de-fuegos-artificiales-de-autor-de-san-fermin\/"},"author":{"name":"La Gu\u00eda de Pamplona","@id":"https:\/\/www.laguiadepamplona.com\/actualidad\/#\/schema\/person\/efe887376f0213d4657c93adc50b1fdb"},"headline":"La colecci\u00f3n de Miguel Vidal Mira, de Pirotecnia Aitana, lanzada el s\u00e1bado 9 de julio gana la votaci\u00f3n popular del XXI Concurso de Fuegos Artificiales de Autor de San Ferm\u00edn","datePublished":"2022-08-03T17:58:39+00:00","dateModified":"2023-04-11T09:47:56+00:00","mainEntityOfPage":{"@id":"https:\/\/www.laguiadepamplona.com\/actualidad\/la-coleccion-de-miguel-vidal-mira-de-pirotecnia-aitana-lanzada-el-sabado-9-de-julio-gana-la-votacion-popular-del-xxi-concurso-de-fuegos-artificiales-de-autor-de-san-fermin\/"},"wordCount":426,"commentCount":0,"publisher":{"@id":"https:\/\/www.laguiadepamplona.com\/actualidad\/#organization"},"image":{"@id":"https:\/\/www.laguiadepamplona.com\/actualidad\/la-coleccion-de-miguel-vidal-mira-de-pirotecnia-aitana-lanzada-el-sabado-9-de-julio-gana-la-votacion-popular-del-xxi-concurso-de-fuegos-artificiales-de-autor-de-san-fermin\/#primaryimage"},"thumbnailUrl":"https:\/\/www.laguiadepamplona.com\/actualidad\/wp-content\/uploads\/2022\/08\/premiosfuegospublicoee5a4313_0.webp","articleSection":["Ayto Pamplona"],"inLanguage":"es","potentialAction":[{"@type":"CommentAction","name":"Comment","target":["https:\/\/www.laguiadepamplona.com\/actualidad\/la-coleccion-de-miguel-vidal-mira-de-pirotecnia-aitana-lanzada-el-sabado-9-de-julio-gana-la-votacion-popular-del-xxi-concurso-de-fuegos-artificiales-de-autor-de-san-fermin\/#respond"]}]},{"@type":"WebPage","@id":"https:\/\/www.laguiadepamplona.com\/actualidad\/la-coleccion-de-miguel-vidal-mira-de-pirotecnia-aitana-lanzada-el-sabado-9-de-julio-gana-la-votacion-popular-del-xxi-concurso-de-fuegos-artificiales-de-autor-de-san-fermin\/","url":"https:\/\/www.laguiadepamplona.com\/actualidad\/la-coleccion-de-miguel-vidal-mira-de-pirotecnia-aitana-lanzada-el-sabado-9-de-julio-gana-la-votacion-popular-del-xxi-concurso-de-fuegos-artificiales-de-autor-de-san-fermin\/","name":"La colecci\u00f3n de Miguel Vidal Mira, de Pirotecnia Aitana, lanzada el s\u00e1bado 9 de julio gana la votaci\u00f3n popular del XXI Concurso de Fuegos Artificiales de Autor de San Ferm\u00edn","isPartOf":{"@id":"https:\/\/www.laguiadepamplona.com\/actualidad\/#website"},"primaryImageOfPage":{"@id":"https:\/\/www.laguiadepamplona.com\/actualidad\/la-coleccion-de-miguel-vidal-mira-de-pirotecnia-aitana-lanzada-el-sabado-9-de-julio-gana-la-votacion-popular-del-xxi-concurso-de-fuegos-artificiales-de-autor-de-san-fermin\/#primaryimage"},"image":{"@id":"https:\/\/www.laguiadepamplona.com\/actualidad\/la-coleccion-de-miguel-vidal-mira-de-pirotecnia-aitana-lanzada-el-sabado-9-de-julio-gana-la-votacion-popular-del-xxi-concurso-de-fuegos-artificiales-de-autor-de-san-fermin\/#primaryimage"},"thumbnailUrl":"https:\/\/www.laguiadepamplona.com\/actualidad\/wp-content\/uploads\/2022\/08\/premiosfuegospublicoee5a4313_0.webp","datePublished":"2022-08-03T17:58:39+00:00","dateModified":"2023-04-11T09:47:56+00:00","description":"Esta ma\u00f1ana se han entregado los premios sorteados entre las personas que emitieron los 4.526 votos recibidos, un 17% m\u00e1s que en 2019","breadcrumb":{"@id":"https:\/\/www.laguiadepamplona.com\/actualidad\/la-coleccion-de-miguel-vidal-mira-de-pirotecnia-aitana-lanzada-el-sabado-9-de-julio-gana-la-votacion-popular-del-xxi-concurso-de-fuegos-artificiales-de-autor-de-san-fermin\/#breadcrumb"},"inLanguage":"es","potentialAction":[{"@type":"ReadAction","target":["https:\/\/www.laguiadepamplona.com\/actualidad\/la-coleccion-de-miguel-vidal-mira-de-pirotecnia-aitana-lanzada-el-sabado-9-de-julio-gana-la-votacion-popular-del-xxi-concurso-de-fuegos-artificiales-de-autor-de-san-fermin\/"]}]},{"@type":"ImageObject","inLanguage":"es","@id":"https:\/\/www.laguiadepamplona.com\/actualidad\/la-coleccion-de-miguel-vidal-mira-de-pirotecnia-aitana-lanzada-el-sabado-9-de-julio-gana-la-votacion-popular-del-xxi-concurso-de-fuegos-artificiales-de-autor-de-san-fermin\/#primaryimage","url":"https:\/\/www.laguiadepamplona.com\/actualidad\/wp-content\/uploads\/2022\/08\/premiosfuegospublicoee5a4313_0.webp","contentUrl":"https:\/\/www.laguiadepamplona.com\/actualidad\/wp-content\/uploads\/2022\/08\/premiosfuegospublicoee5a4313_0.webp","width":1920,"height":1280},{"@type":"BreadcrumbList","@id":"https:\/\/www.laguiadepamplona.com\/actualidad\/la-coleccion-de-miguel-vidal-mira-de-pirotecnia-aitana-lanzada-el-sabado-9-de-julio-gana-la-votacion-popular-del-xxi-concurso-de-fuegos-artificiales-de-autor-de-san-fermin\/#breadcrumb","itemListElement":[{"@type":"ListItem","position":1,"name":"Portada","item":"https:\/\/www.laguiadepamplona.com\/actualidad\/"},{"@type":"ListItem","position":2,"name":"La colecci\u00f3n de Miguel Vidal Mira, de Pirotecnia Aitana, lanzada el s\u00e1bado 9 de julio gana la votaci\u00f3n popular del XXI Concurso de Fuegos Artificiales de Autor de San Ferm\u00edn"}]},{"@type":"WebSite","@id":"https:\/\/www.laguiadepamplona.com\/actualidad\/#website","url":"https:\/\/www.laguiadepamplona.com\/actualidad\/","name":"La gu\u00eda de Pamplona","description":"Noticias de Pamplona","publisher":{"@id":"https:\/\/www.laguiadepamplona.com\/actualidad\/#organization"},"potentialAction":[{"@type":"SearchAction","target":{"@type":"EntryPoint","urlTemplate":"https:\/\/www.laguiadepamplona.com\/actualidad\/?s={search_term_string}"},"query-input":{"@type":"PropertyValueSpecification","valueRequired":true,"valueName":"search_term_string"}}],"inLanguage":"es"},{"@type":"Organization","@id":"https:\/\/www.laguiadepamplona.com\/actualidad\/#organization","name":"La Gu\u00eda de Pamplona \/ Noticias","url":"https:\/\/www.laguiadepamplona.com\/actualidad\/","logo":{"@type":"ImageObject","inLanguage":"es","@id":"https:\/\/www.laguiadepamplona.com\/actualidad\/#\/schema\/logo\/image\/","url":"https:\/\/www.laguiadepamplona.com\/actualidad\/wp-content\/uploads\/2018\/11\/logo-laguiadepamplona18-web1.png","contentUrl":"https:\/\/www.laguiadepamplona.com\/actualidad\/wp-content\/uploads\/2018\/11\/logo-laguiadepamplona18-web1.png","width":600,"height":196,"caption":"La Gu\u00eda de Pamplona \/ Noticias"},"image":{"@id":"https:\/\/www.laguiadepamplona.com\/actualidad\/#\/schema\/logo\/image\/"},"sameAs":["https:\/\/www.facebook.com\/laguiadepamplonacom-133175176762273\/?ref=hl","https:\/\/x.com\/LaGuiadPamplona","https:\/\/www.instagram.com\/la_guia_de_pamplona\/","https:\/\/www.youtube.com\/user\/laguiadepamplona"]},{"@type":"Person","@id":"https:\/\/www.laguiadepamplona.com\/actualidad\/#\/schema\/person\/efe887376f0213d4657c93adc50b1fdb","name":"La Gu\u00eda de Pamplona","image":{"@type":"ImageObject","inLanguage":"es","@id":"https:\/\/secure.gravatar.com\/avatar\/b6992f131dc8d30ab0dff15446e9d346d9dbd95992de0fef795073f5ea83a81c?s=96&d=mm&r=g","url":"https:\/\/secure.gravatar.com\/avatar\/b6992f131dc8d30ab0dff15446e9d346d9dbd95992de0fef795073f5ea83a81c?s=96&d=mm&r=g","contentUrl":"https:\/\/secure.gravatar.com\/avatar\/b6992f131dc8d30ab0dff15446e9d346d9dbd95992de0fef795073f5ea83a81c?s=96&d=mm&r=g","caption":"La Gu\u00eda de Pamplona"}}]}},"post_mailing_queue_ids":[],"_links":{"self":[{"href":"https:\/\/www.laguiadepamplona.com\/actualidad\/wp-json\/wp\/v2\/posts\/41182","targetHints":{"allow":["GET"]}}],"collection":[{"href":"https:\/\/www.laguiadepamplona.com\/actualidad\/wp-json\/wp\/v2\/posts"}],"about":[{"href":"https:\/\/www.laguiadepamplona.com\/actualidad\/wp-json\/wp\/v2\/types\/post"}],"author":[{"embeddable":true,"href":"https:\/\/www.laguiadepamplona.com\/actualidad\/wp-json\/wp\/v2\/users\/1"}],"replies":[{"embeddable":true,"href":"https:\/\/www.laguiadepamplona.com\/actualidad\/wp-json\/wp\/v2\/comments?post=41182"}],"version-history":[{"count":0,"href":"https:\/\/www.laguiadepamplona.com\/actualidad\/wp-json\/wp\/v2\/posts\/41182\/revisions"}],"wp:featuredmedia":[{"embeddable":true,"href":"https:\/\/www.laguiadepamplona.com\/actualidad\/wp-json\/wp\/v2\/media\/41183"}],"wp:attachment":[{"href":"https:\/\/www.laguiadepamplona.com\/actualidad\/wp-json\/wp\/v2\/media?parent=41182"}],"wp:term":[{"taxonomy":"category","embeddable":true,"href":"https:\/\/www.laguiadepamplona.com\/actualidad\/wp-json\/wp\/v2\/categories?post=41182"},{"taxonomy":"post_tag","embeddable":true,"href":"https:\/\/www.laguiadepamplona.com\/actualidad\/wp-json\/wp\/v2\/tags?post=41182"}],"curies":[{"name":"wp","href":"https:\/\/api.w.org\/{rel}","templated":true}]}}