{"id":41176,"date":"2022-08-03T19:53:26","date_gmt":"2022-08-03T17:53:26","guid":{"rendered":"https:\/\/www.laguiadepamplona.com\/actualidad\/?p=41176"},"modified":"2023-04-11T11:47:56","modified_gmt":"2023-04-11T09:47:56","slug":"convocatoria-del-uso-para-la-temporada-2022-2023-de-los-campos-de-futbol-municipales-el-campo-de-softbol-los-polideportivos-y-los-complejos-deportivos-municipales","status":"publish","type":"post","link":"https:\/\/www.laguiadepamplona.com\/actualidad\/convocatoria-del-uso-para-la-temporada-2022-2023-de-los-campos-de-futbol-municipales-el-campo-de-softbol-los-polideportivos-y-los-complejos-deportivos-municipales\/","title":{"rendered":"Convocatoria del uso para la temporada 2022-2023 de los campos de f\u00fatbol municipales, el campo de softbol, los polideportivos y los complejos deportivos municipales"},"content":{"rendered":"<h5>Las personas jur\u00eddicas interesadas pueden presentar su solicitud, de manera presencial o telem\u00e1tica, entre el 1 y el 16 de agosto<\/h5>\n<p><!--more--><\/p>\n<p>El pasado lunes 1 de agosto se abri\u00f3 el plazo para que las personas jur\u00eddicas soliciten el uso de diversas instalaciones deportivas municipales para la temporada 2022-2023. En concreto, los espacios que incluye esta convocatoria son los campos de f\u00fatbol de San Jorge, Lezkairu y Rochapea, el campo de softbol (Rochapea), pistas polideportivas, salas deportivas (excluyendo gimnasios y salas de reuniones\/oficinas), el trinquete de Mendillorri, pistas de p\u00e1del de Aranzadi, y calles de piscina en Aranzadi y San Jorge.<br \/>\n<script async src=\"\/\/pagead2.googlesyndication.com\/pagead\/js\/adsbygoogle.js\"><\/script><br \/>\n<!-- Noticias La Guia de Pamplona --><br \/>\n<ins class=\"adsbygoogle\"\nstyle=\"display:block\"\ndata-ad-client=\"ca-pub-6943679897239327\"\ndata-ad-slot=\"7048180777\"\ndata-ad-format=\"auto\"><\/ins><br \/>\n<script>\n(adsbygoogle = window.adsbygoogle || []).push({});\n<\/script><\/p>\n<p>En lo referido a los campos de f\u00fatbol municipales, deber\u00e1n presentar su solicitud todas las entidades interesadas, incluidos los clubes deportivos referentes de dichos campos. Del mismo modo, los equipos participantes del Trofeo Boscos realizar\u00e1n su solicitud a trav\u00e9s del Ente de Promoci\u00f3n Deportiva Trofeo Boscos, y en ning\u00fan caso individualmente.<\/p>\n<p>Los impresos para presentar la solicitud se hallan disponibles en la Sede Electr\u00f3nica del Ayuntamiento de Pamplona (<a href=\"https:\/\/sedeelectronica.pamplona.es\" target=\"_blank\" rel=\"noopener\">https:\/\/sedeelectronica.pamplona.es<\/a>), en la web municipal de deporte (<a href=\"http:\/\/www.pamplona.es\/temas\/deporte\" target=\"_blank\" rel=\"noopener\">www.pamplona.es\/temas\/deporte<\/a>), y a trav\u00e9s del 010. El plazo se abre el primer d\u00eda de agosto y se cierra el martes 16 del mismo mes (incluido). La solicitud se puede presentar bien \u00edntegramente de manera telem\u00e1tica en la Sede Electr\u00f3nica del Ayuntamiento de Pamplona (para lo que se precisa certificado digital), o bien registrando la ficha de solicitud en los registros presenciales operativos. Fuera de este plazo y si hubiera espacio libre, se podr\u00edan admitir solicitudes, utilizando el mismo tr\u00e1mite anterior y preavisando con anterioridad al registro de la solicitud en la Unidad Municipal de Deportes (Tel. 948 420 508 \/ 948 420 517 \/ 948 420 512).<\/p>\n","protected":false},"excerpt":{"rendered":"<p>Las personas jur\u00eddicas interesadas pueden presentar su solicitud, de manera presencial o telem\u00e1tica, entre el 1 y el 16 de agosto<\/p>\n","protected":false},"author":1,"featured_media":41177,"comment_status":"open","ping_status":"closed","sticky":false,"template":"","format":"standard","meta":{"footnotes":""},"categories":[2],"tags":[],"class_list":["post-41176","post","type-post","status-publish","format-standard","has-post-thumbnail","hentry","category-ayuntamiento-pamplona"],"yoast_head":"<!-- This site is optimized with the Yoast SEO plugin v27.5 - https:\/\/yoast.com\/product\/yoast-seo-wordpress\/ -->\n<title>Convocatoria del uso para la temporada 2022-2023 de los campos de f\u00fatbol municipales, el campo de softbol, los polideportivos y los complejos deportivos municipales<\/title>\n<meta name=\"description\" content=\"Las personas jur\u00eddicas interesadas pueden presentar su solicitud, de manera presencial o telem\u00e1tica, entre el 1 y el 16 de agosto\" \/>\n<meta name=\"robots\" content=\"index, follow, max-snippet:-1, max-image-preview:large, max-video-preview:-1\" \/>\n<link rel=\"canonical\" href=\"https:\/\/www.laguiadepamplona.com\/actualidad\/convocatoria-del-uso-para-la-temporada-2022-2023-de-los-campos-de-futbol-municipales-el-campo-de-softbol-los-polideportivos-y-los-complejos-deportivos-municipales\/\" \/>\n<meta property=\"og:locale\" content=\"es_ES\" \/>\n<meta property=\"og:type\" content=\"article\" \/>\n<meta property=\"og:title\" content=\"Convocatoria del uso para la temporada 2022-2023 de los campos de f\u00fatbol municipales, el campo de softbol, los polideportivos y los complejos deportivos municipales\" \/>\n<meta property=\"og:description\" content=\"Las personas jur\u00eddicas interesadas pueden presentar su solicitud, de manera presencial o telem\u00e1tica, entre el 1 y el 16 de agosto\" \/>\n<meta property=\"og:url\" content=\"https:\/\/www.laguiadepamplona.com\/actualidad\/convocatoria-del-uso-para-la-temporada-2022-2023-de-los-campos-de-futbol-municipales-el-campo-de-softbol-los-polideportivos-y-los-complejos-deportivos-municipales\/\" \/>\n<meta property=\"og:site_name\" content=\"La Gu\u00eda de Pamplona\" \/>\n<meta property=\"article:publisher\" content=\"https:\/\/www.facebook.com\/laguiadepamplonacom-133175176762273\/?ref=hl\" \/>\n<meta property=\"article:published_time\" content=\"2022-08-03T17:53:26+00:00\" \/>\n<meta property=\"article:modified_time\" content=\"2023-04-11T09:47:56+00:00\" \/>\n<meta property=\"og:image\" content=\"https:\/\/www.laguiadepamplona.com\/actualidad\/wp-content\/uploads\/2022\/08\/cubierta-grada-campo.webp\" \/>\n\t<meta property=\"og:image:width\" content=\"1920\" \/>\n\t<meta property=\"og:image:height\" content=\"1280\" \/>\n\t<meta property=\"og:image:type\" content=\"image\/webp\" \/>\n<meta name=\"author\" content=\"La Gu\u00eda de Pamplona\" \/>\n<meta name=\"twitter:card\" content=\"summary_large_image\" \/>\n<meta name=\"twitter:creator\" content=\"@LaGuiadPamplona\" \/>\n<meta name=\"twitter:site\" content=\"@LaGuiadPamplona\" \/>\n<meta name=\"twitter:label1\" content=\"Escrito por\" \/>\n\t<meta name=\"twitter:data1\" content=\"La Gu\u00eda de Pamplona\" \/>\n\t<meta name=\"twitter:label2\" content=\"Tiempo de lectura\" \/>\n\t<meta name=\"twitter:data2\" content=\"2 minutos\" \/>\n<script type=\"application\/ld+json\" class=\"yoast-schema-graph\">{\"@context\":\"https:\\\/\\\/schema.org\",\"@graph\":[{\"@type\":\"Article\",\"@id\":\"https:\\\/\\\/www.laguiadepamplona.com\\\/actualidad\\\/convocatoria-del-uso-para-la-temporada-2022-2023-de-los-campos-de-futbol-municipales-el-campo-de-softbol-los-polideportivos-y-los-complejos-deportivos-municipales\\\/#article\",\"isPartOf\":{\"@id\":\"https:\\\/\\\/www.laguiadepamplona.com\\\/actualidad\\\/convocatoria-del-uso-para-la-temporada-2022-2023-de-los-campos-de-futbol-municipales-el-campo-de-softbol-los-polideportivos-y-los-complejos-deportivos-municipales\\\/\"},\"author\":{\"name\":\"La Gu\u00eda de Pamplona\",\"@id\":\"https:\\\/\\\/www.laguiadepamplona.com\\\/actualidad\\\/#\\\/schema\\\/person\\\/efe887376f0213d4657c93adc50b1fdb\"},\"headline\":\"Convocatoria del uso para la temporada 2022-2023 de los campos de f\u00fatbol municipales, el campo de softbol, los polideportivos y los complejos deportivos municipales\",\"datePublished\":\"2022-08-03T17:53:26+00:00\",\"dateModified\":\"2023-04-11T09:47:56+00:00\",\"mainEntityOfPage\":{\"@id\":\"https:\\\/\\\/www.laguiadepamplona.com\\\/actualidad\\\/convocatoria-del-uso-para-la-temporada-2022-2023-de-los-campos-de-futbol-municipales-el-campo-de-softbol-los-polideportivos-y-los-complejos-deportivos-municipales\\\/\"},\"wordCount\":317,\"commentCount\":0,\"publisher\":{\"@id\":\"https:\\\/\\\/www.laguiadepamplona.com\\\/actualidad\\\/#organization\"},\"image\":{\"@id\":\"https:\\\/\\\/www.laguiadepamplona.com\\\/actualidad\\\/convocatoria-del-uso-para-la-temporada-2022-2023-de-los-campos-de-futbol-municipales-el-campo-de-softbol-los-polideportivos-y-los-complejos-deportivos-municipales\\\/#primaryimage\"},\"thumbnailUrl\":\"https:\\\/\\\/www.laguiadepamplona.com\\\/actualidad\\\/wp-content\\\/uploads\\\/2022\\\/08\\\/cubierta-grada-campo.webp\",\"articleSection\":[\"Ayto Pamplona\"],\"inLanguage\":\"es\",\"potentialAction\":[{\"@type\":\"CommentAction\",\"name\":\"Comment\",\"target\":[\"https:\\\/\\\/www.laguiadepamplona.com\\\/actualidad\\\/convocatoria-del-uso-para-la-temporada-2022-2023-de-los-campos-de-futbol-municipales-el-campo-de-softbol-los-polideportivos-y-los-complejos-deportivos-municipales\\\/#respond\"]}]},{\"@type\":\"WebPage\",\"@id\":\"https:\\\/\\\/www.laguiadepamplona.com\\\/actualidad\\\/convocatoria-del-uso-para-la-temporada-2022-2023-de-los-campos-de-futbol-municipales-el-campo-de-softbol-los-polideportivos-y-los-complejos-deportivos-municipales\\\/\",\"url\":\"https:\\\/\\\/www.laguiadepamplona.com\\\/actualidad\\\/convocatoria-del-uso-para-la-temporada-2022-2023-de-los-campos-de-futbol-municipales-el-campo-de-softbol-los-polideportivos-y-los-complejos-deportivos-municipales\\\/\",\"name\":\"Convocatoria del uso para la temporada 2022-2023 de los campos de f\u00fatbol municipales, el campo de softbol, los polideportivos y los complejos deportivos municipales\",\"isPartOf\":{\"@id\":\"https:\\\/\\\/www.laguiadepamplona.com\\\/actualidad\\\/#website\"},\"primaryImageOfPage\":{\"@id\":\"https:\\\/\\\/www.laguiadepamplona.com\\\/actualidad\\\/convocatoria-del-uso-para-la-temporada-2022-2023-de-los-campos-de-futbol-municipales-el-campo-de-softbol-los-polideportivos-y-los-complejos-deportivos-municipales\\\/#primaryimage\"},\"image\":{\"@id\":\"https:\\\/\\\/www.laguiadepamplona.com\\\/actualidad\\\/convocatoria-del-uso-para-la-temporada-2022-2023-de-los-campos-de-futbol-municipales-el-campo-de-softbol-los-polideportivos-y-los-complejos-deportivos-municipales\\\/#primaryimage\"},\"thumbnailUrl\":\"https:\\\/\\\/www.laguiadepamplona.com\\\/actualidad\\\/wp-content\\\/uploads\\\/2022\\\/08\\\/cubierta-grada-campo.webp\",\"datePublished\":\"2022-08-03T17:53:26+00:00\",\"dateModified\":\"2023-04-11T09:47:56+00:00\",\"description\":\"Las personas jur\u00eddicas interesadas pueden presentar su solicitud, de manera presencial o telem\u00e1tica, entre el 1 y el 16 de agosto\",\"breadcrumb\":{\"@id\":\"https:\\\/\\\/www.laguiadepamplona.com\\\/actualidad\\\/convocatoria-del-uso-para-la-temporada-2022-2023-de-los-campos-de-futbol-municipales-el-campo-de-softbol-los-polideportivos-y-los-complejos-deportivos-municipales\\\/#breadcrumb\"},\"inLanguage\":\"es\",\"potentialAction\":[{\"@type\":\"ReadAction\",\"target\":[\"https:\\\/\\\/www.laguiadepamplona.com\\\/actualidad\\\/convocatoria-del-uso-para-la-temporada-2022-2023-de-los-campos-de-futbol-municipales-el-campo-de-softbol-los-polideportivos-y-los-complejos-deportivos-municipales\\\/\"]}]},{\"@type\":\"ImageObject\",\"inLanguage\":\"es\",\"@id\":\"https:\\\/\\\/www.laguiadepamplona.com\\\/actualidad\\\/convocatoria-del-uso-para-la-temporada-2022-2023-de-los-campos-de-futbol-municipales-el-campo-de-softbol-los-polideportivos-y-los-complejos-deportivos-municipales\\\/#primaryimage\",\"url\":\"https:\\\/\\\/www.laguiadepamplona.com\\\/actualidad\\\/wp-content\\\/uploads\\\/2022\\\/08\\\/cubierta-grada-campo.webp\",\"contentUrl\":\"https:\\\/\\\/www.laguiadepamplona.com\\\/actualidad\\\/wp-content\\\/uploads\\\/2022\\\/08\\\/cubierta-grada-campo.webp\",\"width\":1920,\"height\":1280},{\"@type\":\"BreadcrumbList\",\"@id\":\"https:\\\/\\\/www.laguiadepamplona.com\\\/actualidad\\\/convocatoria-del-uso-para-la-temporada-2022-2023-de-los-campos-de-futbol-municipales-el-campo-de-softbol-los-polideportivos-y-los-complejos-deportivos-municipales\\\/#breadcrumb\",\"itemListElement\":[{\"@type\":\"ListItem\",\"position\":1,\"name\":\"Portada\",\"item\":\"https:\\\/\\\/www.laguiadepamplona.com\\\/actualidad\\\/\"},{\"@type\":\"ListItem\",\"position\":2,\"name\":\"Convocatoria del uso para la temporada 2022-2023 de los campos de f\u00fatbol municipales, el campo de softbol, los polideportivos y los complejos deportivos municipales\"}]},{\"@type\":\"WebSite\",\"@id\":\"https:\\\/\\\/www.laguiadepamplona.com\\\/actualidad\\\/#website\",\"url\":\"https:\\\/\\\/www.laguiadepamplona.com\\\/actualidad\\\/\",\"name\":\"La gu\u00eda de Pamplona\",\"description\":\"Noticias de Pamplona\",\"publisher\":{\"@id\":\"https:\\\/\\\/www.laguiadepamplona.com\\\/actualidad\\\/#organization\"},\"potentialAction\":[{\"@type\":\"SearchAction\",\"target\":{\"@type\":\"EntryPoint\",\"urlTemplate\":\"https:\\\/\\\/www.laguiadepamplona.com\\\/actualidad\\\/?s={search_term_string}\"},\"query-input\":{\"@type\":\"PropertyValueSpecification\",\"valueRequired\":true,\"valueName\":\"search_term_string\"}}],\"inLanguage\":\"es\"},{\"@type\":\"Organization\",\"@id\":\"https:\\\/\\\/www.laguiadepamplona.com\\\/actualidad\\\/#organization\",\"name\":\"La Gu\u00eda de Pamplona \\\/ Noticias\",\"url\":\"https:\\\/\\\/www.laguiadepamplona.com\\\/actualidad\\\/\",\"logo\":{\"@type\":\"ImageObject\",\"inLanguage\":\"es\",\"@id\":\"https:\\\/\\\/www.laguiadepamplona.com\\\/actualidad\\\/#\\\/schema\\\/logo\\\/image\\\/\",\"url\":\"https:\\\/\\\/www.laguiadepamplona.com\\\/actualidad\\\/wp-content\\\/uploads\\\/2018\\\/11\\\/logo-laguiadepamplona18-web1.png\",\"contentUrl\":\"https:\\\/\\\/www.laguiadepamplona.com\\\/actualidad\\\/wp-content\\\/uploads\\\/2018\\\/11\\\/logo-laguiadepamplona18-web1.png\",\"width\":600,\"height\":196,\"caption\":\"La Gu\u00eda de Pamplona \\\/ Noticias\"},\"image\":{\"@id\":\"https:\\\/\\\/www.laguiadepamplona.com\\\/actualidad\\\/#\\\/schema\\\/logo\\\/image\\\/\"},\"sameAs\":[\"https:\\\/\\\/www.facebook.com\\\/laguiadepamplonacom-133175176762273\\\/?ref=hl\",\"https:\\\/\\\/x.com\\\/LaGuiadPamplona\",\"https:\\\/\\\/www.instagram.com\\\/la_guia_de_pamplona\\\/\",\"https:\\\/\\\/www.youtube.com\\\/user\\\/laguiadepamplona\"]},{\"@type\":\"Person\",\"@id\":\"https:\\\/\\\/www.laguiadepamplona.com\\\/actualidad\\\/#\\\/schema\\\/person\\\/efe887376f0213d4657c93adc50b1fdb\",\"name\":\"La Gu\u00eda de Pamplona\",\"image\":{\"@type\":\"ImageObject\",\"inLanguage\":\"es\",\"@id\":\"https:\\\/\\\/secure.gravatar.com\\\/avatar\\\/b6992f131dc8d30ab0dff15446e9d346d9dbd95992de0fef795073f5ea83a81c?s=96&d=mm&r=g\",\"url\":\"https:\\\/\\\/secure.gravatar.com\\\/avatar\\\/b6992f131dc8d30ab0dff15446e9d346d9dbd95992de0fef795073f5ea83a81c?s=96&d=mm&r=g\",\"contentUrl\":\"https:\\\/\\\/secure.gravatar.com\\\/avatar\\\/b6992f131dc8d30ab0dff15446e9d346d9dbd95992de0fef795073f5ea83a81c?s=96&d=mm&r=g\",\"caption\":\"La Gu\u00eda de Pamplona\"}}]}<\/script>\n<!-- \/ Yoast SEO plugin. -->","yoast_head_json":{"title":"Convocatoria del uso para la temporada 2022-2023 de los campos de f\u00fatbol municipales, el campo de softbol, los polideportivos y los complejos deportivos municipales","description":"Las personas jur\u00eddicas interesadas pueden presentar su solicitud, de manera presencial o telem\u00e1tica, entre el 1 y el 16 de agosto","robots":{"index":"index","follow":"follow","max-snippet":"max-snippet:-1","max-image-preview":"max-image-preview:large","max-video-preview":"max-video-preview:-1"},"canonical":"https:\/\/www.laguiadepamplona.com\/actualidad\/convocatoria-del-uso-para-la-temporada-2022-2023-de-los-campos-de-futbol-municipales-el-campo-de-softbol-los-polideportivos-y-los-complejos-deportivos-municipales\/","og_locale":"es_ES","og_type":"article","og_title":"Convocatoria del uso para la temporada 2022-2023 de los campos de f\u00fatbol municipales, el campo de softbol, los polideportivos y los complejos deportivos municipales","og_description":"Las personas jur\u00eddicas interesadas pueden presentar su solicitud, de manera presencial o telem\u00e1tica, entre el 1 y el 16 de agosto","og_url":"https:\/\/www.laguiadepamplona.com\/actualidad\/convocatoria-del-uso-para-la-temporada-2022-2023-de-los-campos-de-futbol-municipales-el-campo-de-softbol-los-polideportivos-y-los-complejos-deportivos-municipales\/","og_site_name":"La Gu\u00eda de Pamplona","article_publisher":"https:\/\/www.facebook.com\/laguiadepamplonacom-133175176762273\/?ref=hl","article_published_time":"2022-08-03T17:53:26+00:00","article_modified_time":"2023-04-11T09:47:56+00:00","og_image":[{"width":1920,"height":1280,"url":"https:\/\/www.laguiadepamplona.com\/actualidad\/wp-content\/uploads\/2022\/08\/cubierta-grada-campo.webp","type":"image\/webp"}],"author":"La Gu\u00eda de Pamplona","twitter_card":"summary_large_image","twitter_creator":"@LaGuiadPamplona","twitter_site":"@LaGuiadPamplona","twitter_misc":{"Escrito por":"La Gu\u00eda de Pamplona","Tiempo de lectura":"2 minutos"},"schema":{"@context":"https:\/\/schema.org","@graph":[{"@type":"Article","@id":"https:\/\/www.laguiadepamplona.com\/actualidad\/convocatoria-del-uso-para-la-temporada-2022-2023-de-los-campos-de-futbol-municipales-el-campo-de-softbol-los-polideportivos-y-los-complejos-deportivos-municipales\/#article","isPartOf":{"@id":"https:\/\/www.laguiadepamplona.com\/actualidad\/convocatoria-del-uso-para-la-temporada-2022-2023-de-los-campos-de-futbol-municipales-el-campo-de-softbol-los-polideportivos-y-los-complejos-deportivos-municipales\/"},"author":{"name":"La Gu\u00eda de Pamplona","@id":"https:\/\/www.laguiadepamplona.com\/actualidad\/#\/schema\/person\/efe887376f0213d4657c93adc50b1fdb"},"headline":"Convocatoria del uso para la temporada 2022-2023 de los campos de f\u00fatbol municipales, el campo de softbol, los polideportivos y los complejos deportivos municipales","datePublished":"2022-08-03T17:53:26+00:00","dateModified":"2023-04-11T09:47:56+00:00","mainEntityOfPage":{"@id":"https:\/\/www.laguiadepamplona.com\/actualidad\/convocatoria-del-uso-para-la-temporada-2022-2023-de-los-campos-de-futbol-municipales-el-campo-de-softbol-los-polideportivos-y-los-complejos-deportivos-municipales\/"},"wordCount":317,"commentCount":0,"publisher":{"@id":"https:\/\/www.laguiadepamplona.com\/actualidad\/#organization"},"image":{"@id":"https:\/\/www.laguiadepamplona.com\/actualidad\/convocatoria-del-uso-para-la-temporada-2022-2023-de-los-campos-de-futbol-municipales-el-campo-de-softbol-los-polideportivos-y-los-complejos-deportivos-municipales\/#primaryimage"},"thumbnailUrl":"https:\/\/www.laguiadepamplona.com\/actualidad\/wp-content\/uploads\/2022\/08\/cubierta-grada-campo.webp","articleSection":["Ayto Pamplona"],"inLanguage":"es","potentialAction":[{"@type":"CommentAction","name":"Comment","target":["https:\/\/www.laguiadepamplona.com\/actualidad\/convocatoria-del-uso-para-la-temporada-2022-2023-de-los-campos-de-futbol-municipales-el-campo-de-softbol-los-polideportivos-y-los-complejos-deportivos-municipales\/#respond"]}]},{"@type":"WebPage","@id":"https:\/\/www.laguiadepamplona.com\/actualidad\/convocatoria-del-uso-para-la-temporada-2022-2023-de-los-campos-de-futbol-municipales-el-campo-de-softbol-los-polideportivos-y-los-complejos-deportivos-municipales\/","url":"https:\/\/www.laguiadepamplona.com\/actualidad\/convocatoria-del-uso-para-la-temporada-2022-2023-de-los-campos-de-futbol-municipales-el-campo-de-softbol-los-polideportivos-y-los-complejos-deportivos-municipales\/","name":"Convocatoria del uso para la temporada 2022-2023 de los campos de f\u00fatbol municipales, el campo de softbol, los polideportivos y los complejos deportivos municipales","isPartOf":{"@id":"https:\/\/www.laguiadepamplona.com\/actualidad\/#website"},"primaryImageOfPage":{"@id":"https:\/\/www.laguiadepamplona.com\/actualidad\/convocatoria-del-uso-para-la-temporada-2022-2023-de-los-campos-de-futbol-municipales-el-campo-de-softbol-los-polideportivos-y-los-complejos-deportivos-municipales\/#primaryimage"},"image":{"@id":"https:\/\/www.laguiadepamplona.com\/actualidad\/convocatoria-del-uso-para-la-temporada-2022-2023-de-los-campos-de-futbol-municipales-el-campo-de-softbol-los-polideportivos-y-los-complejos-deportivos-municipales\/#primaryimage"},"thumbnailUrl":"https:\/\/www.laguiadepamplona.com\/actualidad\/wp-content\/uploads\/2022\/08\/cubierta-grada-campo.webp","datePublished":"2022-08-03T17:53:26+00:00","dateModified":"2023-04-11T09:47:56+00:00","description":"Las personas jur\u00eddicas interesadas pueden presentar su solicitud, de manera presencial o telem\u00e1tica, entre el 1 y el 16 de agosto","breadcrumb":{"@id":"https:\/\/www.laguiadepamplona.com\/actualidad\/convocatoria-del-uso-para-la-temporada-2022-2023-de-los-campos-de-futbol-municipales-el-campo-de-softbol-los-polideportivos-y-los-complejos-deportivos-municipales\/#breadcrumb"},"inLanguage":"es","potentialAction":[{"@type":"ReadAction","target":["https:\/\/www.laguiadepamplona.com\/actualidad\/convocatoria-del-uso-para-la-temporada-2022-2023-de-los-campos-de-futbol-municipales-el-campo-de-softbol-los-polideportivos-y-los-complejos-deportivos-municipales\/"]}]},{"@type":"ImageObject","inLanguage":"es","@id":"https:\/\/www.laguiadepamplona.com\/actualidad\/convocatoria-del-uso-para-la-temporada-2022-2023-de-los-campos-de-futbol-municipales-el-campo-de-softbol-los-polideportivos-y-los-complejos-deportivos-municipales\/#primaryimage","url":"https:\/\/www.laguiadepamplona.com\/actualidad\/wp-content\/uploads\/2022\/08\/cubierta-grada-campo.webp","contentUrl":"https:\/\/www.laguiadepamplona.com\/actualidad\/wp-content\/uploads\/2022\/08\/cubierta-grada-campo.webp","width":1920,"height":1280},{"@type":"BreadcrumbList","@id":"https:\/\/www.laguiadepamplona.com\/actualidad\/convocatoria-del-uso-para-la-temporada-2022-2023-de-los-campos-de-futbol-municipales-el-campo-de-softbol-los-polideportivos-y-los-complejos-deportivos-municipales\/#breadcrumb","itemListElement":[{"@type":"ListItem","position":1,"name":"Portada","item":"https:\/\/www.laguiadepamplona.com\/actualidad\/"},{"@type":"ListItem","position":2,"name":"Convocatoria del uso para la temporada 2022-2023 de los campos de f\u00fatbol municipales, el campo de softbol, los polideportivos y los complejos deportivos municipales"}]},{"@type":"WebSite","@id":"https:\/\/www.laguiadepamplona.com\/actualidad\/#website","url":"https:\/\/www.laguiadepamplona.com\/actualidad\/","name":"La gu\u00eda de Pamplona","description":"Noticias de Pamplona","publisher":{"@id":"https:\/\/www.laguiadepamplona.com\/actualidad\/#organization"},"potentialAction":[{"@type":"SearchAction","target":{"@type":"EntryPoint","urlTemplate":"https:\/\/www.laguiadepamplona.com\/actualidad\/?s={search_term_string}"},"query-input":{"@type":"PropertyValueSpecification","valueRequired":true,"valueName":"search_term_string"}}],"inLanguage":"es"},{"@type":"Organization","@id":"https:\/\/www.laguiadepamplona.com\/actualidad\/#organization","name":"La Gu\u00eda de Pamplona \/ Noticias","url":"https:\/\/www.laguiadepamplona.com\/actualidad\/","logo":{"@type":"ImageObject","inLanguage":"es","@id":"https:\/\/www.laguiadepamplona.com\/actualidad\/#\/schema\/logo\/image\/","url":"https:\/\/www.laguiadepamplona.com\/actualidad\/wp-content\/uploads\/2018\/11\/logo-laguiadepamplona18-web1.png","contentUrl":"https:\/\/www.laguiadepamplona.com\/actualidad\/wp-content\/uploads\/2018\/11\/logo-laguiadepamplona18-web1.png","width":600,"height":196,"caption":"La Gu\u00eda de Pamplona \/ Noticias"},"image":{"@id":"https:\/\/www.laguiadepamplona.com\/actualidad\/#\/schema\/logo\/image\/"},"sameAs":["https:\/\/www.facebook.com\/laguiadepamplonacom-133175176762273\/?ref=hl","https:\/\/x.com\/LaGuiadPamplona","https:\/\/www.instagram.com\/la_guia_de_pamplona\/","https:\/\/www.youtube.com\/user\/laguiadepamplona"]},{"@type":"Person","@id":"https:\/\/www.laguiadepamplona.com\/actualidad\/#\/schema\/person\/efe887376f0213d4657c93adc50b1fdb","name":"La Gu\u00eda de Pamplona","image":{"@type":"ImageObject","inLanguage":"es","@id":"https:\/\/secure.gravatar.com\/avatar\/b6992f131dc8d30ab0dff15446e9d346d9dbd95992de0fef795073f5ea83a81c?s=96&d=mm&r=g","url":"https:\/\/secure.gravatar.com\/avatar\/b6992f131dc8d30ab0dff15446e9d346d9dbd95992de0fef795073f5ea83a81c?s=96&d=mm&r=g","contentUrl":"https:\/\/secure.gravatar.com\/avatar\/b6992f131dc8d30ab0dff15446e9d346d9dbd95992de0fef795073f5ea83a81c?s=96&d=mm&r=g","caption":"La Gu\u00eda de Pamplona"}}]}},"post_mailing_queue_ids":[],"_links":{"self":[{"href":"https:\/\/www.laguiadepamplona.com\/actualidad\/wp-json\/wp\/v2\/posts\/41176","targetHints":{"allow":["GET"]}}],"collection":[{"href":"https:\/\/www.laguiadepamplona.com\/actualidad\/wp-json\/wp\/v2\/posts"}],"about":[{"href":"https:\/\/www.laguiadepamplona.com\/actualidad\/wp-json\/wp\/v2\/types\/post"}],"author":[{"embeddable":true,"href":"https:\/\/www.laguiadepamplona.com\/actualidad\/wp-json\/wp\/v2\/users\/1"}],"replies":[{"embeddable":true,"href":"https:\/\/www.laguiadepamplona.com\/actualidad\/wp-json\/wp\/v2\/comments?post=41176"}],"version-history":[{"count":0,"href":"https:\/\/www.laguiadepamplona.com\/actualidad\/wp-json\/wp\/v2\/posts\/41176\/revisions"}],"wp:featuredmedia":[{"embeddable":true,"href":"https:\/\/www.laguiadepamplona.com\/actualidad\/wp-json\/wp\/v2\/media\/41177"}],"wp:attachment":[{"href":"https:\/\/www.laguiadepamplona.com\/actualidad\/wp-json\/wp\/v2\/media?parent=41176"}],"wp:term":[{"taxonomy":"category","embeddable":true,"href":"https:\/\/www.laguiadepamplona.com\/actualidad\/wp-json\/wp\/v2\/categories?post=41176"},{"taxonomy":"post_tag","embeddable":true,"href":"https:\/\/www.laguiadepamplona.com\/actualidad\/wp-json\/wp\/v2\/tags?post=41176"}],"curies":[{"name":"wp","href":"https:\/\/api.w.org\/{rel}","templated":true}]}}