{"id":41170,"date":"2022-08-03T19:32:02","date_gmt":"2022-08-03T17:32:02","guid":{"rendered":"https:\/\/www.laguiadepamplona.com\/actualidad\/?p=41170"},"modified":"2023-04-11T11:47:56","modified_gmt":"2023-04-11T09:47:56","slug":"pamplona-centrara-sus-acciones-dentro-del-proyecto-europeo-potent-en-el-impulso-a-las-comunidades-energeticas-y-el-desarrollo-de-ventanillas-unicas-de-energia","status":"publish","type":"post","link":"https:\/\/www.laguiadepamplona.com\/actualidad\/pamplona-centrara-sus-acciones-dentro-del-proyecto-europeo-potent-en-el-impulso-a-las-comunidades-energeticas-y-el-desarrollo-de-ventanillas-unicas-de-energia\/","title":{"rendered":"Pamplona centrar\u00e1 sus acciones dentro del proyecto europeo POTEnT en el impulso a las comunidades energ\u00e9ticas y el desarrollo de ventanillas \u00fanicas de energ\u00eda"},"content":{"rendered":"<h5>Este proyecto de cooperaci\u00f3n europea ha cerrado su primera fase y ha abierto una segunda, de un a\u00f1o, para la supervisi\u00f3n de los planes y medidas<\/h5>\n<p><!--more--><\/p>\n<p>La primera fase del proyecto europeo POTEnT (Public Organisations Transform Energy Transition) ha llegado ya a su fin despu\u00e9s de tres a\u00f1os de trabajo. Pamplona centrar\u00e1 sus esfuerzos ahora en el impulso de las comunidades energ\u00e9ticas y en el desarrollo de ventanillas \u00fanicas de energ\u00eda como parte del plan de acci\u00f3n aprobado para favorecer la transici\u00f3n energ\u00e9tica. Comienza, por tanto, una segunda fase del proyecto, que supervisar\u00e1 la puesta en marcha de esas medidas y la consecuci\u00f3n de los objetivos previstos.<br \/>\n<script async src=\"\/\/pagead2.googlesyndication.com\/pagead\/js\/adsbygoogle.js\"><\/script><br \/>\n<!-- Noticias La Guia de Pamplona --><br \/>\n<ins class=\"adsbygoogle\"\nstyle=\"display:block\"\ndata-ad-client=\"ca-pub-6943679897239327\"\ndata-ad-slot=\"7048180777\"\ndata-ad-format=\"auto\"><\/ins><br \/>\n<script>\n(adsbygoogle = window.adsbygoogle || []).push({});\n<\/script><\/p>\n<p>POTEnT es un proyecto destinado a fomentar el papel de las autoridades locales en la transici\u00f3n energ\u00e9tica. Est\u00e1 cofinanciado por Interreg Europe, un programa que ayuda a los gobiernos regionales y locales de toda Europa a desarrollar y aplicar mejores pol\u00edticas mediante la creaci\u00f3n de un entorno y oportunidades para compartir soluciones, garantizando as\u00ed que la inversi\u00f3n, la innovaci\u00f3n y los esfuerzos de aplicaci\u00f3n conduzcan a un impacto integrado y sostenible para las personas y para las ciudades.<\/p>\n<p>Representantes de los nueve socios del proyecto, entre ellos Pamplona, de nueve pa\u00edses europeos se reunieron en Parma (Italia) para compartir las buenas pr\u00e1cticas de los planes de acci\u00f3n que se van a implementar en los diferentes territorios. El Ayuntamiento de Pamplona particip\u00f3 con la presencia de personal t\u00e9cnico de la Agencia Energ\u00e9tica y de la Oficina Estrat\u00e9gica municipales, acompa\u00f1ados tambi\u00e9n de representantes del Servicio de Transici\u00f3n Energ\u00e9tica del Gobierno de Navarra y de NASUVINSA. Todos ellos han colaborado en el plan de acci\u00f3n POTEnT de Pamplona, que incluye acciones que reconocen el nuevo papel que debe desempe\u00f1ar la ciudadan\u00eda en la transici\u00f3n energ\u00e9tica en aspectos como las ventanillas \u00fanicas de energ\u00eda y las comunidades energ\u00e9ticas.<br \/>\n<script async src=\"\/\/pagead2.googlesyndication.com\/pagead\/js\/adsbygoogle.js\"><\/script><br \/>\n<!-- Noticias La Guia de Pamplona --><br \/>\n<ins class=\"adsbygoogle\"\nstyle=\"display:block\"\ndata-ad-client=\"ca-pub-6943679897239327\"\ndata-ad-slot=\"7048180777\"\ndata-ad-format=\"auto\"><\/ins><br \/>\n<script>\n(adsbygoogle = window.adsbygoogle || []).push({});\n<\/script><\/p>\n<p>Durante el desarrollo del proyecto, ALOEN, agencia de energ\u00eda y clima del sur de Breta\u00f1a, ha coordinado el proyecto con el objetivo de aprender c\u00f3mo lograr una mayor reducci\u00f3n de emisiones de carbono, aprovechando el potencial de la acci\u00f3n directa y local de la ciudadan\u00eda y las comunidades. Con 2 millones de euros de presupuesto y a trav\u00e9s de la cooperaci\u00f3n transfronteriza, se han recogido m\u00e1s de 40 buenas pr\u00e1cticas, se han realizado m\u00e1s de 20 visitas de estudio y se han desarrollado 8 planes de acci\u00f3n regionales y locales para mejorar los instrumentos pol\u00edticos existentes que, como resultado, permitir\u00e1n la implementaci\u00f3n de nuevos proyectos de transici\u00f3n energ\u00e9tica.<\/p>\n<p>Esos resultados del proyecto lo supervisar\u00e1n los socios en una segunda fase durante los pr\u00f3ximos doce meses. En ese tiempo se evaluar\u00e1 el impacto de las actividades de aprendizaje interregionales y se presentar\u00e1n las conclusiones en la Conferencia Final de POTEnT en mayo de 2023. Durante esa fase, deben implementarse los planes de acci\u00f3n desarrollados por los socios. Este proyecto se encuadra en la Estrategia Go Green que engloba todas las actuaciones en materia de lucha contra el cambio clim\u00e1tico desarrolladas por la ciudad y define las nuevas l\u00edneas de actuaci\u00f3n para los pr\u00f3ximos a\u00f1os.<\/p>\n","protected":false},"excerpt":{"rendered":"<p>Este proyecto de cooperaci\u00f3n europea ha cerrado su primera fase y ha abierto una segunda, de un a\u00f1o, para la supervisi\u00f3n de los planes y medidas<\/p>\n","protected":false},"author":1,"featured_media":41171,"comment_status":"open","ping_status":"closed","sticky":false,"template":"","format":"standard","meta":{"footnotes":""},"categories":[2],"tags":[],"class_list":["post-41170","post","type-post","status-publish","format-standard","has-post-thumbnail","hentry","category-ayuntamiento-pamplona"],"yoast_head":"<!-- This site is optimized with the Yoast SEO plugin v27.3 - https:\/\/yoast.com\/product\/yoast-seo-wordpress\/ -->\n<title>Pamplona centrar\u00e1 sus acciones dentro del proyecto europeo POTEnT en el impulso a las comunidades energ\u00e9ticas y el desarrollo de ventanillas \u00fanicas de energ\u00eda<\/title>\n<meta name=\"robots\" content=\"index, follow, max-snippet:-1, max-image-preview:large, max-video-preview:-1\" \/>\n<link rel=\"canonical\" href=\"https:\/\/www.laguiadepamplona.com\/actualidad\/pamplona-centrara-sus-acciones-dentro-del-proyecto-europeo-potent-en-el-impulso-a-las-comunidades-energeticas-y-el-desarrollo-de-ventanillas-unicas-de-energia\/\" \/>\n<meta property=\"og:locale\" content=\"es_ES\" \/>\n<meta property=\"og:type\" content=\"article\" \/>\n<meta property=\"og:title\" content=\"Pamplona centrar\u00e1 sus acciones dentro del proyecto europeo POTEnT en el impulso a las comunidades energ\u00e9ticas y el desarrollo de ventanillas \u00fanicas de energ\u00eda\" \/>\n<meta property=\"og:description\" content=\"Este proyecto de cooperaci\u00f3n europea ha cerrado su primera fase y ha abierto una segunda, de un a\u00f1o, para la supervisi\u00f3n de los planes y medidas\" \/>\n<meta property=\"og:url\" content=\"https:\/\/www.laguiadepamplona.com\/actualidad\/pamplona-centrara-sus-acciones-dentro-del-proyecto-europeo-potent-en-el-impulso-a-las-comunidades-energeticas-y-el-desarrollo-de-ventanillas-unicas-de-energia\/\" \/>\n<meta property=\"og:site_name\" content=\"La Gu\u00eda de Pamplona\" \/>\n<meta property=\"article:publisher\" content=\"https:\/\/www.facebook.com\/laguiadepamplonacom-133175176762273\/?ref=hl\" \/>\n<meta property=\"article:published_time\" content=\"2022-08-03T17:32:02+00:00\" \/>\n<meta property=\"article:modified_time\" content=\"2023-04-11T09:47:56+00:00\" \/>\n<meta property=\"og:image\" content=\"https:\/\/www.laguiadepamplona.com\/actualidad\/wp-content\/uploads\/2022\/08\/potent.webp\" \/>\n\t<meta property=\"og:image:width\" content=\"1920\" \/>\n\t<meta property=\"og:image:height\" content=\"886\" \/>\n\t<meta property=\"og:image:type\" content=\"image\/webp\" \/>\n<meta name=\"author\" content=\"La Gu\u00eda de Pamplona\" \/>\n<meta name=\"twitter:card\" content=\"summary_large_image\" \/>\n<meta name=\"twitter:creator\" content=\"@LaGuiadPamplona\" \/>\n<meta name=\"twitter:site\" content=\"@LaGuiadPamplona\" \/>\n<meta name=\"twitter:label1\" content=\"Escrito por\" \/>\n\t<meta name=\"twitter:data1\" content=\"La Gu\u00eda de Pamplona\" \/>\n\t<meta name=\"twitter:label2\" content=\"Tiempo de lectura\" \/>\n\t<meta name=\"twitter:data2\" content=\"3 minutos\" \/>\n<script type=\"application\/ld+json\" class=\"yoast-schema-graph\">{\"@context\":\"https:\\\/\\\/schema.org\",\"@graph\":[{\"@type\":\"Article\",\"@id\":\"https:\\\/\\\/www.laguiadepamplona.com\\\/actualidad\\\/pamplona-centrara-sus-acciones-dentro-del-proyecto-europeo-potent-en-el-impulso-a-las-comunidades-energeticas-y-el-desarrollo-de-ventanillas-unicas-de-energia\\\/#article\",\"isPartOf\":{\"@id\":\"https:\\\/\\\/www.laguiadepamplona.com\\\/actualidad\\\/pamplona-centrara-sus-acciones-dentro-del-proyecto-europeo-potent-en-el-impulso-a-las-comunidades-energeticas-y-el-desarrollo-de-ventanillas-unicas-de-energia\\\/\"},\"author\":{\"name\":\"La Gu\u00eda de Pamplona\",\"@id\":\"https:\\\/\\\/www.laguiadepamplona.com\\\/actualidad\\\/#\\\/schema\\\/person\\\/efe887376f0213d4657c93adc50b1fdb\"},\"headline\":\"Pamplona centrar\u00e1 sus acciones dentro del proyecto europeo POTEnT en el impulso a las comunidades energ\u00e9ticas y el desarrollo de ventanillas \u00fanicas de energ\u00eda\",\"datePublished\":\"2022-08-03T17:32:02+00:00\",\"dateModified\":\"2023-04-11T09:47:56+00:00\",\"mainEntityOfPage\":{\"@id\":\"https:\\\/\\\/www.laguiadepamplona.com\\\/actualidad\\\/pamplona-centrara-sus-acciones-dentro-del-proyecto-europeo-potent-en-el-impulso-a-las-comunidades-energeticas-y-el-desarrollo-de-ventanillas-unicas-de-energia\\\/\"},\"wordCount\":586,\"commentCount\":0,\"publisher\":{\"@id\":\"https:\\\/\\\/www.laguiadepamplona.com\\\/actualidad\\\/#organization\"},\"image\":{\"@id\":\"https:\\\/\\\/www.laguiadepamplona.com\\\/actualidad\\\/pamplona-centrara-sus-acciones-dentro-del-proyecto-europeo-potent-en-el-impulso-a-las-comunidades-energeticas-y-el-desarrollo-de-ventanillas-unicas-de-energia\\\/#primaryimage\"},\"thumbnailUrl\":\"https:\\\/\\\/www.laguiadepamplona.com\\\/actualidad\\\/wp-content\\\/uploads\\\/2022\\\/08\\\/potent.webp\",\"articleSection\":[\"Ayto Pamplona\"],\"inLanguage\":\"es\",\"potentialAction\":[{\"@type\":\"CommentAction\",\"name\":\"Comment\",\"target\":[\"https:\\\/\\\/www.laguiadepamplona.com\\\/actualidad\\\/pamplona-centrara-sus-acciones-dentro-del-proyecto-europeo-potent-en-el-impulso-a-las-comunidades-energeticas-y-el-desarrollo-de-ventanillas-unicas-de-energia\\\/#respond\"]}]},{\"@type\":\"WebPage\",\"@id\":\"https:\\\/\\\/www.laguiadepamplona.com\\\/actualidad\\\/pamplona-centrara-sus-acciones-dentro-del-proyecto-europeo-potent-en-el-impulso-a-las-comunidades-energeticas-y-el-desarrollo-de-ventanillas-unicas-de-energia\\\/\",\"url\":\"https:\\\/\\\/www.laguiadepamplona.com\\\/actualidad\\\/pamplona-centrara-sus-acciones-dentro-del-proyecto-europeo-potent-en-el-impulso-a-las-comunidades-energeticas-y-el-desarrollo-de-ventanillas-unicas-de-energia\\\/\",\"name\":\"Pamplona centrar\u00e1 sus acciones dentro del proyecto europeo POTEnT en el impulso a las comunidades energ\u00e9ticas y el desarrollo de ventanillas \u00fanicas de energ\u00eda\",\"isPartOf\":{\"@id\":\"https:\\\/\\\/www.laguiadepamplona.com\\\/actualidad\\\/#website\"},\"primaryImageOfPage\":{\"@id\":\"https:\\\/\\\/www.laguiadepamplona.com\\\/actualidad\\\/pamplona-centrara-sus-acciones-dentro-del-proyecto-europeo-potent-en-el-impulso-a-las-comunidades-energeticas-y-el-desarrollo-de-ventanillas-unicas-de-energia\\\/#primaryimage\"},\"image\":{\"@id\":\"https:\\\/\\\/www.laguiadepamplona.com\\\/actualidad\\\/pamplona-centrara-sus-acciones-dentro-del-proyecto-europeo-potent-en-el-impulso-a-las-comunidades-energeticas-y-el-desarrollo-de-ventanillas-unicas-de-energia\\\/#primaryimage\"},\"thumbnailUrl\":\"https:\\\/\\\/www.laguiadepamplona.com\\\/actualidad\\\/wp-content\\\/uploads\\\/2022\\\/08\\\/potent.webp\",\"datePublished\":\"2022-08-03T17:32:02+00:00\",\"dateModified\":\"2023-04-11T09:47:56+00:00\",\"breadcrumb\":{\"@id\":\"https:\\\/\\\/www.laguiadepamplona.com\\\/actualidad\\\/pamplona-centrara-sus-acciones-dentro-del-proyecto-europeo-potent-en-el-impulso-a-las-comunidades-energeticas-y-el-desarrollo-de-ventanillas-unicas-de-energia\\\/#breadcrumb\"},\"inLanguage\":\"es\",\"potentialAction\":[{\"@type\":\"ReadAction\",\"target\":[\"https:\\\/\\\/www.laguiadepamplona.com\\\/actualidad\\\/pamplona-centrara-sus-acciones-dentro-del-proyecto-europeo-potent-en-el-impulso-a-las-comunidades-energeticas-y-el-desarrollo-de-ventanillas-unicas-de-energia\\\/\"]}]},{\"@type\":\"ImageObject\",\"inLanguage\":\"es\",\"@id\":\"https:\\\/\\\/www.laguiadepamplona.com\\\/actualidad\\\/pamplona-centrara-sus-acciones-dentro-del-proyecto-europeo-potent-en-el-impulso-a-las-comunidades-energeticas-y-el-desarrollo-de-ventanillas-unicas-de-energia\\\/#primaryimage\",\"url\":\"https:\\\/\\\/www.laguiadepamplona.com\\\/actualidad\\\/wp-content\\\/uploads\\\/2022\\\/08\\\/potent.webp\",\"contentUrl\":\"https:\\\/\\\/www.laguiadepamplona.com\\\/actualidad\\\/wp-content\\\/uploads\\\/2022\\\/08\\\/potent.webp\",\"width\":1920,\"height\":886},{\"@type\":\"BreadcrumbList\",\"@id\":\"https:\\\/\\\/www.laguiadepamplona.com\\\/actualidad\\\/pamplona-centrara-sus-acciones-dentro-del-proyecto-europeo-potent-en-el-impulso-a-las-comunidades-energeticas-y-el-desarrollo-de-ventanillas-unicas-de-energia\\\/#breadcrumb\",\"itemListElement\":[{\"@type\":\"ListItem\",\"position\":1,\"name\":\"Portada\",\"item\":\"https:\\\/\\\/www.laguiadepamplona.com\\\/actualidad\\\/\"},{\"@type\":\"ListItem\",\"position\":2,\"name\":\"Pamplona centrar\u00e1 sus acciones dentro del proyecto europeo POTEnT en el impulso a las comunidades energ\u00e9ticas y el desarrollo de ventanillas \u00fanicas de energ\u00eda\"}]},{\"@type\":\"WebSite\",\"@id\":\"https:\\\/\\\/www.laguiadepamplona.com\\\/actualidad\\\/#website\",\"url\":\"https:\\\/\\\/www.laguiadepamplona.com\\\/actualidad\\\/\",\"name\":\"La gu\u00eda de Pamplona\",\"description\":\"Noticias de Pamplona\",\"publisher\":{\"@id\":\"https:\\\/\\\/www.laguiadepamplona.com\\\/actualidad\\\/#organization\"},\"potentialAction\":[{\"@type\":\"SearchAction\",\"target\":{\"@type\":\"EntryPoint\",\"urlTemplate\":\"https:\\\/\\\/www.laguiadepamplona.com\\\/actualidad\\\/?s={search_term_string}\"},\"query-input\":{\"@type\":\"PropertyValueSpecification\",\"valueRequired\":true,\"valueName\":\"search_term_string\"}}],\"inLanguage\":\"es\"},{\"@type\":\"Organization\",\"@id\":\"https:\\\/\\\/www.laguiadepamplona.com\\\/actualidad\\\/#organization\",\"name\":\"La Gu\u00eda de Pamplona \\\/ Noticias\",\"url\":\"https:\\\/\\\/www.laguiadepamplona.com\\\/actualidad\\\/\",\"logo\":{\"@type\":\"ImageObject\",\"inLanguage\":\"es\",\"@id\":\"https:\\\/\\\/www.laguiadepamplona.com\\\/actualidad\\\/#\\\/schema\\\/logo\\\/image\\\/\",\"url\":\"https:\\\/\\\/www.laguiadepamplona.com\\\/actualidad\\\/wp-content\\\/uploads\\\/2018\\\/11\\\/logo-laguiadepamplona18-web1.png\",\"contentUrl\":\"https:\\\/\\\/www.laguiadepamplona.com\\\/actualidad\\\/wp-content\\\/uploads\\\/2018\\\/11\\\/logo-laguiadepamplona18-web1.png\",\"width\":600,\"height\":196,\"caption\":\"La Gu\u00eda de Pamplona \\\/ Noticias\"},\"image\":{\"@id\":\"https:\\\/\\\/www.laguiadepamplona.com\\\/actualidad\\\/#\\\/schema\\\/logo\\\/image\\\/\"},\"sameAs\":[\"https:\\\/\\\/www.facebook.com\\\/laguiadepamplonacom-133175176762273\\\/?ref=hl\",\"https:\\\/\\\/x.com\\\/LaGuiadPamplona\",\"https:\\\/\\\/www.instagram.com\\\/la_guia_de_pamplona\\\/\",\"https:\\\/\\\/www.youtube.com\\\/user\\\/laguiadepamplona\"]},{\"@type\":\"Person\",\"@id\":\"https:\\\/\\\/www.laguiadepamplona.com\\\/actualidad\\\/#\\\/schema\\\/person\\\/efe887376f0213d4657c93adc50b1fdb\",\"name\":\"La Gu\u00eda de Pamplona\",\"image\":{\"@type\":\"ImageObject\",\"inLanguage\":\"es\",\"@id\":\"https:\\\/\\\/secure.gravatar.com\\\/avatar\\\/b6992f131dc8d30ab0dff15446e9d346d9dbd95992de0fef795073f5ea83a81c?s=96&d=mm&r=g\",\"url\":\"https:\\\/\\\/secure.gravatar.com\\\/avatar\\\/b6992f131dc8d30ab0dff15446e9d346d9dbd95992de0fef795073f5ea83a81c?s=96&d=mm&r=g\",\"contentUrl\":\"https:\\\/\\\/secure.gravatar.com\\\/avatar\\\/b6992f131dc8d30ab0dff15446e9d346d9dbd95992de0fef795073f5ea83a81c?s=96&d=mm&r=g\",\"caption\":\"La Gu\u00eda de Pamplona\"}}]}<\/script>\n<!-- \/ Yoast SEO plugin. -->","yoast_head_json":{"title":"Pamplona centrar\u00e1 sus acciones dentro del proyecto europeo POTEnT en el impulso a las comunidades energ\u00e9ticas y el desarrollo de ventanillas \u00fanicas de energ\u00eda","robots":{"index":"index","follow":"follow","max-snippet":"max-snippet:-1","max-image-preview":"max-image-preview:large","max-video-preview":"max-video-preview:-1"},"canonical":"https:\/\/www.laguiadepamplona.com\/actualidad\/pamplona-centrara-sus-acciones-dentro-del-proyecto-europeo-potent-en-el-impulso-a-las-comunidades-energeticas-y-el-desarrollo-de-ventanillas-unicas-de-energia\/","og_locale":"es_ES","og_type":"article","og_title":"Pamplona centrar\u00e1 sus acciones dentro del proyecto europeo POTEnT en el impulso a las comunidades energ\u00e9ticas y el desarrollo de ventanillas \u00fanicas de energ\u00eda","og_description":"Este proyecto de cooperaci\u00f3n europea ha cerrado su primera fase y ha abierto una segunda, de un a\u00f1o, para la supervisi\u00f3n de los planes y medidas","og_url":"https:\/\/www.laguiadepamplona.com\/actualidad\/pamplona-centrara-sus-acciones-dentro-del-proyecto-europeo-potent-en-el-impulso-a-las-comunidades-energeticas-y-el-desarrollo-de-ventanillas-unicas-de-energia\/","og_site_name":"La Gu\u00eda de Pamplona","article_publisher":"https:\/\/www.facebook.com\/laguiadepamplonacom-133175176762273\/?ref=hl","article_published_time":"2022-08-03T17:32:02+00:00","article_modified_time":"2023-04-11T09:47:56+00:00","og_image":[{"width":1920,"height":886,"url":"https:\/\/www.laguiadepamplona.com\/actualidad\/wp-content\/uploads\/2022\/08\/potent.webp","type":"image\/webp"}],"author":"La Gu\u00eda de Pamplona","twitter_card":"summary_large_image","twitter_creator":"@LaGuiadPamplona","twitter_site":"@LaGuiadPamplona","twitter_misc":{"Escrito por":"La Gu\u00eda de Pamplona","Tiempo de lectura":"3 minutos"},"schema":{"@context":"https:\/\/schema.org","@graph":[{"@type":"Article","@id":"https:\/\/www.laguiadepamplona.com\/actualidad\/pamplona-centrara-sus-acciones-dentro-del-proyecto-europeo-potent-en-el-impulso-a-las-comunidades-energeticas-y-el-desarrollo-de-ventanillas-unicas-de-energia\/#article","isPartOf":{"@id":"https:\/\/www.laguiadepamplona.com\/actualidad\/pamplona-centrara-sus-acciones-dentro-del-proyecto-europeo-potent-en-el-impulso-a-las-comunidades-energeticas-y-el-desarrollo-de-ventanillas-unicas-de-energia\/"},"author":{"name":"La Gu\u00eda de Pamplona","@id":"https:\/\/www.laguiadepamplona.com\/actualidad\/#\/schema\/person\/efe887376f0213d4657c93adc50b1fdb"},"headline":"Pamplona centrar\u00e1 sus acciones dentro del proyecto europeo POTEnT en el impulso a las comunidades energ\u00e9ticas y el desarrollo de ventanillas \u00fanicas de energ\u00eda","datePublished":"2022-08-03T17:32:02+00:00","dateModified":"2023-04-11T09:47:56+00:00","mainEntityOfPage":{"@id":"https:\/\/www.laguiadepamplona.com\/actualidad\/pamplona-centrara-sus-acciones-dentro-del-proyecto-europeo-potent-en-el-impulso-a-las-comunidades-energeticas-y-el-desarrollo-de-ventanillas-unicas-de-energia\/"},"wordCount":586,"commentCount":0,"publisher":{"@id":"https:\/\/www.laguiadepamplona.com\/actualidad\/#organization"},"image":{"@id":"https:\/\/www.laguiadepamplona.com\/actualidad\/pamplona-centrara-sus-acciones-dentro-del-proyecto-europeo-potent-en-el-impulso-a-las-comunidades-energeticas-y-el-desarrollo-de-ventanillas-unicas-de-energia\/#primaryimage"},"thumbnailUrl":"https:\/\/www.laguiadepamplona.com\/actualidad\/wp-content\/uploads\/2022\/08\/potent.webp","articleSection":["Ayto Pamplona"],"inLanguage":"es","potentialAction":[{"@type":"CommentAction","name":"Comment","target":["https:\/\/www.laguiadepamplona.com\/actualidad\/pamplona-centrara-sus-acciones-dentro-del-proyecto-europeo-potent-en-el-impulso-a-las-comunidades-energeticas-y-el-desarrollo-de-ventanillas-unicas-de-energia\/#respond"]}]},{"@type":"WebPage","@id":"https:\/\/www.laguiadepamplona.com\/actualidad\/pamplona-centrara-sus-acciones-dentro-del-proyecto-europeo-potent-en-el-impulso-a-las-comunidades-energeticas-y-el-desarrollo-de-ventanillas-unicas-de-energia\/","url":"https:\/\/www.laguiadepamplona.com\/actualidad\/pamplona-centrara-sus-acciones-dentro-del-proyecto-europeo-potent-en-el-impulso-a-las-comunidades-energeticas-y-el-desarrollo-de-ventanillas-unicas-de-energia\/","name":"Pamplona centrar\u00e1 sus acciones dentro del proyecto europeo POTEnT en el impulso a las comunidades energ\u00e9ticas y el desarrollo de ventanillas \u00fanicas de energ\u00eda","isPartOf":{"@id":"https:\/\/www.laguiadepamplona.com\/actualidad\/#website"},"primaryImageOfPage":{"@id":"https:\/\/www.laguiadepamplona.com\/actualidad\/pamplona-centrara-sus-acciones-dentro-del-proyecto-europeo-potent-en-el-impulso-a-las-comunidades-energeticas-y-el-desarrollo-de-ventanillas-unicas-de-energia\/#primaryimage"},"image":{"@id":"https:\/\/www.laguiadepamplona.com\/actualidad\/pamplona-centrara-sus-acciones-dentro-del-proyecto-europeo-potent-en-el-impulso-a-las-comunidades-energeticas-y-el-desarrollo-de-ventanillas-unicas-de-energia\/#primaryimage"},"thumbnailUrl":"https:\/\/www.laguiadepamplona.com\/actualidad\/wp-content\/uploads\/2022\/08\/potent.webp","datePublished":"2022-08-03T17:32:02+00:00","dateModified":"2023-04-11T09:47:56+00:00","breadcrumb":{"@id":"https:\/\/www.laguiadepamplona.com\/actualidad\/pamplona-centrara-sus-acciones-dentro-del-proyecto-europeo-potent-en-el-impulso-a-las-comunidades-energeticas-y-el-desarrollo-de-ventanillas-unicas-de-energia\/#breadcrumb"},"inLanguage":"es","potentialAction":[{"@type":"ReadAction","target":["https:\/\/www.laguiadepamplona.com\/actualidad\/pamplona-centrara-sus-acciones-dentro-del-proyecto-europeo-potent-en-el-impulso-a-las-comunidades-energeticas-y-el-desarrollo-de-ventanillas-unicas-de-energia\/"]}]},{"@type":"ImageObject","inLanguage":"es","@id":"https:\/\/www.laguiadepamplona.com\/actualidad\/pamplona-centrara-sus-acciones-dentro-del-proyecto-europeo-potent-en-el-impulso-a-las-comunidades-energeticas-y-el-desarrollo-de-ventanillas-unicas-de-energia\/#primaryimage","url":"https:\/\/www.laguiadepamplona.com\/actualidad\/wp-content\/uploads\/2022\/08\/potent.webp","contentUrl":"https:\/\/www.laguiadepamplona.com\/actualidad\/wp-content\/uploads\/2022\/08\/potent.webp","width":1920,"height":886},{"@type":"BreadcrumbList","@id":"https:\/\/www.laguiadepamplona.com\/actualidad\/pamplona-centrara-sus-acciones-dentro-del-proyecto-europeo-potent-en-el-impulso-a-las-comunidades-energeticas-y-el-desarrollo-de-ventanillas-unicas-de-energia\/#breadcrumb","itemListElement":[{"@type":"ListItem","position":1,"name":"Portada","item":"https:\/\/www.laguiadepamplona.com\/actualidad\/"},{"@type":"ListItem","position":2,"name":"Pamplona centrar\u00e1 sus acciones dentro del proyecto europeo POTEnT en el impulso a las comunidades energ\u00e9ticas y el desarrollo de ventanillas \u00fanicas de energ\u00eda"}]},{"@type":"WebSite","@id":"https:\/\/www.laguiadepamplona.com\/actualidad\/#website","url":"https:\/\/www.laguiadepamplona.com\/actualidad\/","name":"La gu\u00eda de Pamplona","description":"Noticias de Pamplona","publisher":{"@id":"https:\/\/www.laguiadepamplona.com\/actualidad\/#organization"},"potentialAction":[{"@type":"SearchAction","target":{"@type":"EntryPoint","urlTemplate":"https:\/\/www.laguiadepamplona.com\/actualidad\/?s={search_term_string}"},"query-input":{"@type":"PropertyValueSpecification","valueRequired":true,"valueName":"search_term_string"}}],"inLanguage":"es"},{"@type":"Organization","@id":"https:\/\/www.laguiadepamplona.com\/actualidad\/#organization","name":"La Gu\u00eda de Pamplona \/ Noticias","url":"https:\/\/www.laguiadepamplona.com\/actualidad\/","logo":{"@type":"ImageObject","inLanguage":"es","@id":"https:\/\/www.laguiadepamplona.com\/actualidad\/#\/schema\/logo\/image\/","url":"https:\/\/www.laguiadepamplona.com\/actualidad\/wp-content\/uploads\/2018\/11\/logo-laguiadepamplona18-web1.png","contentUrl":"https:\/\/www.laguiadepamplona.com\/actualidad\/wp-content\/uploads\/2018\/11\/logo-laguiadepamplona18-web1.png","width":600,"height":196,"caption":"La Gu\u00eda de Pamplona \/ Noticias"},"image":{"@id":"https:\/\/www.laguiadepamplona.com\/actualidad\/#\/schema\/logo\/image\/"},"sameAs":["https:\/\/www.facebook.com\/laguiadepamplonacom-133175176762273\/?ref=hl","https:\/\/x.com\/LaGuiadPamplona","https:\/\/www.instagram.com\/la_guia_de_pamplona\/","https:\/\/www.youtube.com\/user\/laguiadepamplona"]},{"@type":"Person","@id":"https:\/\/www.laguiadepamplona.com\/actualidad\/#\/schema\/person\/efe887376f0213d4657c93adc50b1fdb","name":"La Gu\u00eda de Pamplona","image":{"@type":"ImageObject","inLanguage":"es","@id":"https:\/\/secure.gravatar.com\/avatar\/b6992f131dc8d30ab0dff15446e9d346d9dbd95992de0fef795073f5ea83a81c?s=96&d=mm&r=g","url":"https:\/\/secure.gravatar.com\/avatar\/b6992f131dc8d30ab0dff15446e9d346d9dbd95992de0fef795073f5ea83a81c?s=96&d=mm&r=g","contentUrl":"https:\/\/secure.gravatar.com\/avatar\/b6992f131dc8d30ab0dff15446e9d346d9dbd95992de0fef795073f5ea83a81c?s=96&d=mm&r=g","caption":"La Gu\u00eda de Pamplona"}}]}},"post_mailing_queue_ids":[],"_links":{"self":[{"href":"https:\/\/www.laguiadepamplona.com\/actualidad\/wp-json\/wp\/v2\/posts\/41170","targetHints":{"allow":["GET"]}}],"collection":[{"href":"https:\/\/www.laguiadepamplona.com\/actualidad\/wp-json\/wp\/v2\/posts"}],"about":[{"href":"https:\/\/www.laguiadepamplona.com\/actualidad\/wp-json\/wp\/v2\/types\/post"}],"author":[{"embeddable":true,"href":"https:\/\/www.laguiadepamplona.com\/actualidad\/wp-json\/wp\/v2\/users\/1"}],"replies":[{"embeddable":true,"href":"https:\/\/www.laguiadepamplona.com\/actualidad\/wp-json\/wp\/v2\/comments?post=41170"}],"version-history":[{"count":0,"href":"https:\/\/www.laguiadepamplona.com\/actualidad\/wp-json\/wp\/v2\/posts\/41170\/revisions"}],"wp:featuredmedia":[{"embeddable":true,"href":"https:\/\/www.laguiadepamplona.com\/actualidad\/wp-json\/wp\/v2\/media\/41171"}],"wp:attachment":[{"href":"https:\/\/www.laguiadepamplona.com\/actualidad\/wp-json\/wp\/v2\/media?parent=41170"}],"wp:term":[{"taxonomy":"category","embeddable":true,"href":"https:\/\/www.laguiadepamplona.com\/actualidad\/wp-json\/wp\/v2\/categories?post=41170"},{"taxonomy":"post_tag","embeddable":true,"href":"https:\/\/www.laguiadepamplona.com\/actualidad\/wp-json\/wp\/v2\/tags?post=41170"}],"curies":[{"name":"wp","href":"https:\/\/api.w.org\/{rel}","templated":true}]}}