{"id":41167,"date":"2022-08-03T19:25:34","date_gmt":"2022-08-03T17:25:34","guid":{"rendered":"https:\/\/www.laguiadepamplona.com\/actualidad\/?p=41167"},"modified":"2023-04-11T11:47:57","modified_gmt":"2023-04-11T09:47:57","slug":"esta-semana-se-han-iniciado-las-catas-de-caldos-navarros-maridados-con-pinchos-en-la-ciudadela-de-pamplona","status":"publish","type":"post","link":"https:\/\/www.laguiadepamplona.com\/actualidad\/esta-semana-se-han-iniciado-las-catas-de-caldos-navarros-maridados-con-pinchos-en-la-ciudadela-de-pamplona\/","title":{"rendered":"Esta semana se han iniciado las catas de caldos navarros maridados con pinchos en la Ciudadela de Pamplona"},"content":{"rendered":"<h5>Todos los martes y mi\u00e9rcoles hasta el 7 de septiembre tendr\u00e1 lugar esta actividad que se engloba bajo el t\u00edtulo \u2018Armon\u00edas del Camino\u2019<\/h5>\n<p><!--more--><\/p>\n<p>Han comenzado esta semana las catas de vino con Denominaci\u00f3n de Origen Navarra, una oferta estival del Ayuntamiento de Pamplona que, en esta ocasi\u00f3n, se ha ligado al Camino de Santiago. Las catas tienen lugar en la Ciudadela (exterior del edificio de la sala de Armas) y permiten saborear vinos maridados con productos de la tierra, de ah\u00ed su nombre: \u2018Armon\u00edas del Camino\u2019.<br \/>\n<script async src=\"\/\/pagead2.googlesyndication.com\/pagead\/js\/adsbygoogle.js\"><\/script><br \/>\n<!-- Noticias La Guia de Pamplona --><br \/>\n<ins class=\"adsbygoogle\"\nstyle=\"display:block\"\ndata-ad-client=\"ca-pub-6943679897239327\"\ndata-ad-slot=\"7048180777\"\ndata-ad-format=\"auto\"><\/ins><br \/>\n<script>\n(adsbygoogle = window.adsbygoogle || []).push({});\n<\/script><\/p>\n<p>Las catas se iniciaron ayer y esta tarde tendr\u00e1 lugar la segunda sesi\u00f3n, ambas con todas las plazas agotadas. Pero hasta el 7 de septiembre habr\u00e1 opci\u00f3n de participar en alguna, ya que tendr\u00e1n lugar todos los martes y mi\u00e9rcoles hasta esa fecha. Las citas tendr\u00e1n lugar de 19.30 a 20.30 horas. Se ha escogido dos grupos de vinos, de tal forma que martes y mi\u00e9rcoles se proponen presentaciones diferentes. Cada grupo estar\u00e1 formado por un blanco, un rosado, un vino tinto y un moscatel, todos pertenecientes a la Selecci\u00f3n Vinos D.O. Navarra 2022. Los vinos estar\u00e1n maridados con un pincho elaborado por la cocina del restaurante Baserriberri.<\/p>\n<p>La actividad dura alrededor de 75 minutos y se realiza en colaboraci\u00f3n con la Denominaci\u00f3n de Origen Navarra. Las catas est\u00e1n dirigidas por Migueltxo Go\u00f1i, formador del Consejo Regulador de la DO Navarra que ir\u00e1 desgranando informaci\u00f3n sobre la navarra vin\u00edcola, los tipos de vinos y uvas que se cultivan etc., para luego abordar las pautas b\u00e1sicas para catar: tipos de copas, partes del recipiente, colores, notas, sabores etc. No ser\u00e1n catas t\u00e9cnicas sino pautas para poder comenzar en ese arte. El precio de cada sesi\u00f3n es de 8 euros, un euro menos si se presenta la tarjeta PIC Pamplona. Las reservas se deben realizar en la web <a href=\"https:\/\/ayuntamientopamplona.sacatuentrada.es\/\" target=\"_blank\" rel=\"noopener\">https:\/\/ayuntamientopamplona.sacatuentrada.es\/<\/a>.<\/p>\n<p>Hace m\u00e1s de 15 a\u00f1os que el Ayuntamiento de Pamplona programa en verano distintas modalidades de catas de caldos navarros, una actividad que en ocasiones se ha complementado con cata de aceites de la tierra. La proyecci\u00f3n gastron\u00f3mica de la ciudad ante el turista y el visitante se suma as\u00ed a una oferta de ocio vinculada al paladar y a la nariz que tambi\u00e9n goza todos los a\u00f1os del favor de la ciudadan\u00eda.<br \/>\n<script async src=\"\/\/pagead2.googlesyndication.com\/pagead\/js\/adsbygoogle.js\"><\/script><br \/>\n<!-- Noticias La Guia de Pamplona --><br \/>\n<ins class=\"adsbygoogle\"\nstyle=\"display:block\"\ndata-ad-client=\"ca-pub-6943679897239327\"\ndata-ad-slot=\"7048180777\"\ndata-ad-format=\"auto\"><\/ins><br \/>\n<script>\n(adsbygoogle = window.adsbygoogle || []).push({});\n<\/script><\/p>\n<p>&nbsp;<\/p>\n<h3>La propuesta de caldos 2022<\/h3>\n<p><strong>Martes<\/strong><\/p>\n<ul>\n<li>Beramendi Blanco 2021<\/li>\n<li>Sarr\u00eda Cinco Rosado 2021<\/li>\n<li>Marco Real Syrah 2020<\/li>\n<li>Ochoa Moscatel Vendimia Tard\u00eda 2020<\/li>\n<\/ul>\n<p><strong>Mi\u00e9rcoles<\/strong><\/p>\n<ul>\n<li>Guerinda La Blanca 2021<\/li>\n<li>Ledea Rosado 2021<\/li>\n<li>Vi\u00f1a Zorzal Se\u00f1ora de las Alturas 2020<\/li>\n<li>Emergente Moscatel 2021<\/li>\n<\/ul>\n","protected":false},"excerpt":{"rendered":"<p>Todos los martes y mi\u00e9rcoles hasta el 7 de septiembre tendr\u00e1 lugar esta actividad que se engloba bajo el t\u00edtulo \u2018Armon\u00edas del Camino\u2019<\/p>\n","protected":false},"author":1,"featured_media":41168,"comment_status":"open","ping_status":"closed","sticky":false,"template":"","format":"standard","meta":{"footnotes":""},"categories":[2],"tags":[],"class_list":["post-41167","post","type-post","status-publish","format-standard","has-post-thumbnail","hentry","category-ayuntamiento-pamplona"],"yoast_head":"<!-- This site is optimized with the Yoast SEO plugin v27.3 - https:\/\/yoast.com\/product\/yoast-seo-wordpress\/ -->\n<title>Esta semana se han iniciado las catas de caldos navarros maridados con pinchos en la Ciudadela de Pamplona<\/title>\n<meta name=\"description\" content=\"Todos los martes y mi\u00e9rcoles hasta el 7 de septiembre tendr\u00e1 lugar esta actividad que se engloba bajo el t\u00edtulo \u2018Armon\u00edas del Camino\u2019\" \/>\n<meta name=\"robots\" content=\"index, follow, max-snippet:-1, max-image-preview:large, max-video-preview:-1\" \/>\n<link rel=\"canonical\" href=\"https:\/\/www.laguiadepamplona.com\/actualidad\/esta-semana-se-han-iniciado-las-catas-de-caldos-navarros-maridados-con-pinchos-en-la-ciudadela-de-pamplona\/\" \/>\n<meta property=\"og:locale\" content=\"es_ES\" \/>\n<meta property=\"og:type\" content=\"article\" \/>\n<meta property=\"og:title\" content=\"Esta semana se han iniciado las catas de caldos navarros maridados con pinchos en la Ciudadela de Pamplona\" \/>\n<meta property=\"og:description\" content=\"Todos los martes y mi\u00e9rcoles hasta el 7 de septiembre tendr\u00e1 lugar esta actividad que se engloba bajo el t\u00edtulo \u2018Armon\u00edas del Camino\u2019\" \/>\n<meta property=\"og:url\" content=\"https:\/\/www.laguiadepamplona.com\/actualidad\/esta-semana-se-han-iniciado-las-catas-de-caldos-navarros-maridados-con-pinchos-en-la-ciudadela-de-pamplona\/\" \/>\n<meta property=\"og:site_name\" content=\"La Gu\u00eda de Pamplona\" \/>\n<meta property=\"article:publisher\" content=\"https:\/\/www.facebook.com\/laguiadepamplonacom-133175176762273\/?ref=hl\" \/>\n<meta property=\"article:published_time\" content=\"2022-08-03T17:25:34+00:00\" \/>\n<meta property=\"article:modified_time\" content=\"2023-04-11T09:47:57+00:00\" \/>\n<meta property=\"og:image\" content=\"https:\/\/www.laguiadepamplona.com\/actualidad\/wp-content\/uploads\/2022\/08\/catasdevinociudaelaee5a3599.webp\" \/>\n\t<meta property=\"og:image:width\" content=\"1920\" \/>\n\t<meta property=\"og:image:height\" content=\"1280\" \/>\n\t<meta property=\"og:image:type\" content=\"image\/webp\" \/>\n<meta name=\"author\" content=\"La Gu\u00eda de Pamplona\" \/>\n<meta name=\"twitter:card\" content=\"summary_large_image\" \/>\n<meta name=\"twitter:creator\" content=\"@LaGuiadPamplona\" \/>\n<meta name=\"twitter:site\" content=\"@LaGuiadPamplona\" \/>\n<meta name=\"twitter:label1\" content=\"Escrito por\" \/>\n\t<meta name=\"twitter:data1\" content=\"La Gu\u00eda de Pamplona\" \/>\n\t<meta name=\"twitter:label2\" content=\"Tiempo de lectura\" \/>\n\t<meta name=\"twitter:data2\" content=\"2 minutos\" \/>\n<script type=\"application\/ld+json\" class=\"yoast-schema-graph\">{\"@context\":\"https:\\\/\\\/schema.org\",\"@graph\":[{\"@type\":\"Article\",\"@id\":\"https:\\\/\\\/www.laguiadepamplona.com\\\/actualidad\\\/esta-semana-se-han-iniciado-las-catas-de-caldos-navarros-maridados-con-pinchos-en-la-ciudadela-de-pamplona\\\/#article\",\"isPartOf\":{\"@id\":\"https:\\\/\\\/www.laguiadepamplona.com\\\/actualidad\\\/esta-semana-se-han-iniciado-las-catas-de-caldos-navarros-maridados-con-pinchos-en-la-ciudadela-de-pamplona\\\/\"},\"author\":{\"name\":\"La Gu\u00eda de Pamplona\",\"@id\":\"https:\\\/\\\/www.laguiadepamplona.com\\\/actualidad\\\/#\\\/schema\\\/person\\\/efe887376f0213d4657c93adc50b1fdb\"},\"headline\":\"Esta semana se han iniciado las catas de caldos navarros maridados con pinchos en la Ciudadela de Pamplona\",\"datePublished\":\"2022-08-03T17:25:34+00:00\",\"dateModified\":\"2023-04-11T09:47:57+00:00\",\"mainEntityOfPage\":{\"@id\":\"https:\\\/\\\/www.laguiadepamplona.com\\\/actualidad\\\/esta-semana-se-han-iniciado-las-catas-de-caldos-navarros-maridados-con-pinchos-en-la-ciudadela-de-pamplona\\\/\"},\"wordCount\":458,\"commentCount\":0,\"publisher\":{\"@id\":\"https:\\\/\\\/www.laguiadepamplona.com\\\/actualidad\\\/#organization\"},\"image\":{\"@id\":\"https:\\\/\\\/www.laguiadepamplona.com\\\/actualidad\\\/esta-semana-se-han-iniciado-las-catas-de-caldos-navarros-maridados-con-pinchos-en-la-ciudadela-de-pamplona\\\/#primaryimage\"},\"thumbnailUrl\":\"https:\\\/\\\/www.laguiadepamplona.com\\\/actualidad\\\/wp-content\\\/uploads\\\/2022\\\/08\\\/catasdevinociudaelaee5a3599.webp\",\"articleSection\":[\"Ayto Pamplona\"],\"inLanguage\":\"es\",\"potentialAction\":[{\"@type\":\"CommentAction\",\"name\":\"Comment\",\"target\":[\"https:\\\/\\\/www.laguiadepamplona.com\\\/actualidad\\\/esta-semana-se-han-iniciado-las-catas-de-caldos-navarros-maridados-con-pinchos-en-la-ciudadela-de-pamplona\\\/#respond\"]}]},{\"@type\":\"WebPage\",\"@id\":\"https:\\\/\\\/www.laguiadepamplona.com\\\/actualidad\\\/esta-semana-se-han-iniciado-las-catas-de-caldos-navarros-maridados-con-pinchos-en-la-ciudadela-de-pamplona\\\/\",\"url\":\"https:\\\/\\\/www.laguiadepamplona.com\\\/actualidad\\\/esta-semana-se-han-iniciado-las-catas-de-caldos-navarros-maridados-con-pinchos-en-la-ciudadela-de-pamplona\\\/\",\"name\":\"Esta semana se han iniciado las catas de caldos navarros maridados con pinchos en la Ciudadela de Pamplona\",\"isPartOf\":{\"@id\":\"https:\\\/\\\/www.laguiadepamplona.com\\\/actualidad\\\/#website\"},\"primaryImageOfPage\":{\"@id\":\"https:\\\/\\\/www.laguiadepamplona.com\\\/actualidad\\\/esta-semana-se-han-iniciado-las-catas-de-caldos-navarros-maridados-con-pinchos-en-la-ciudadela-de-pamplona\\\/#primaryimage\"},\"image\":{\"@id\":\"https:\\\/\\\/www.laguiadepamplona.com\\\/actualidad\\\/esta-semana-se-han-iniciado-las-catas-de-caldos-navarros-maridados-con-pinchos-en-la-ciudadela-de-pamplona\\\/#primaryimage\"},\"thumbnailUrl\":\"https:\\\/\\\/www.laguiadepamplona.com\\\/actualidad\\\/wp-content\\\/uploads\\\/2022\\\/08\\\/catasdevinociudaelaee5a3599.webp\",\"datePublished\":\"2022-08-03T17:25:34+00:00\",\"dateModified\":\"2023-04-11T09:47:57+00:00\",\"description\":\"Todos los martes y mi\u00e9rcoles hasta el 7 de septiembre tendr\u00e1 lugar esta actividad que se engloba bajo el t\u00edtulo \u2018Armon\u00edas del Camino\u2019\",\"breadcrumb\":{\"@id\":\"https:\\\/\\\/www.laguiadepamplona.com\\\/actualidad\\\/esta-semana-se-han-iniciado-las-catas-de-caldos-navarros-maridados-con-pinchos-en-la-ciudadela-de-pamplona\\\/#breadcrumb\"},\"inLanguage\":\"es\",\"potentialAction\":[{\"@type\":\"ReadAction\",\"target\":[\"https:\\\/\\\/www.laguiadepamplona.com\\\/actualidad\\\/esta-semana-se-han-iniciado-las-catas-de-caldos-navarros-maridados-con-pinchos-en-la-ciudadela-de-pamplona\\\/\"]}]},{\"@type\":\"ImageObject\",\"inLanguage\":\"es\",\"@id\":\"https:\\\/\\\/www.laguiadepamplona.com\\\/actualidad\\\/esta-semana-se-han-iniciado-las-catas-de-caldos-navarros-maridados-con-pinchos-en-la-ciudadela-de-pamplona\\\/#primaryimage\",\"url\":\"https:\\\/\\\/www.laguiadepamplona.com\\\/actualidad\\\/wp-content\\\/uploads\\\/2022\\\/08\\\/catasdevinociudaelaee5a3599.webp\",\"contentUrl\":\"https:\\\/\\\/www.laguiadepamplona.com\\\/actualidad\\\/wp-content\\\/uploads\\\/2022\\\/08\\\/catasdevinociudaelaee5a3599.webp\",\"width\":1920,\"height\":1280},{\"@type\":\"BreadcrumbList\",\"@id\":\"https:\\\/\\\/www.laguiadepamplona.com\\\/actualidad\\\/esta-semana-se-han-iniciado-las-catas-de-caldos-navarros-maridados-con-pinchos-en-la-ciudadela-de-pamplona\\\/#breadcrumb\",\"itemListElement\":[{\"@type\":\"ListItem\",\"position\":1,\"name\":\"Portada\",\"item\":\"https:\\\/\\\/www.laguiadepamplona.com\\\/actualidad\\\/\"},{\"@type\":\"ListItem\",\"position\":2,\"name\":\"Esta semana se han iniciado las catas de caldos navarros maridados con pinchos en la Ciudadela de Pamplona\"}]},{\"@type\":\"WebSite\",\"@id\":\"https:\\\/\\\/www.laguiadepamplona.com\\\/actualidad\\\/#website\",\"url\":\"https:\\\/\\\/www.laguiadepamplona.com\\\/actualidad\\\/\",\"name\":\"La gu\u00eda de Pamplona\",\"description\":\"Noticias de Pamplona\",\"publisher\":{\"@id\":\"https:\\\/\\\/www.laguiadepamplona.com\\\/actualidad\\\/#organization\"},\"potentialAction\":[{\"@type\":\"SearchAction\",\"target\":{\"@type\":\"EntryPoint\",\"urlTemplate\":\"https:\\\/\\\/www.laguiadepamplona.com\\\/actualidad\\\/?s={search_term_string}\"},\"query-input\":{\"@type\":\"PropertyValueSpecification\",\"valueRequired\":true,\"valueName\":\"search_term_string\"}}],\"inLanguage\":\"es\"},{\"@type\":\"Organization\",\"@id\":\"https:\\\/\\\/www.laguiadepamplona.com\\\/actualidad\\\/#organization\",\"name\":\"La Gu\u00eda de Pamplona \\\/ Noticias\",\"url\":\"https:\\\/\\\/www.laguiadepamplona.com\\\/actualidad\\\/\",\"logo\":{\"@type\":\"ImageObject\",\"inLanguage\":\"es\",\"@id\":\"https:\\\/\\\/www.laguiadepamplona.com\\\/actualidad\\\/#\\\/schema\\\/logo\\\/image\\\/\",\"url\":\"https:\\\/\\\/www.laguiadepamplona.com\\\/actualidad\\\/wp-content\\\/uploads\\\/2018\\\/11\\\/logo-laguiadepamplona18-web1.png\",\"contentUrl\":\"https:\\\/\\\/www.laguiadepamplona.com\\\/actualidad\\\/wp-content\\\/uploads\\\/2018\\\/11\\\/logo-laguiadepamplona18-web1.png\",\"width\":600,\"height\":196,\"caption\":\"La Gu\u00eda de Pamplona \\\/ Noticias\"},\"image\":{\"@id\":\"https:\\\/\\\/www.laguiadepamplona.com\\\/actualidad\\\/#\\\/schema\\\/logo\\\/image\\\/\"},\"sameAs\":[\"https:\\\/\\\/www.facebook.com\\\/laguiadepamplonacom-133175176762273\\\/?ref=hl\",\"https:\\\/\\\/x.com\\\/LaGuiadPamplona\",\"https:\\\/\\\/www.instagram.com\\\/la_guia_de_pamplona\\\/\",\"https:\\\/\\\/www.youtube.com\\\/user\\\/laguiadepamplona\"]},{\"@type\":\"Person\",\"@id\":\"https:\\\/\\\/www.laguiadepamplona.com\\\/actualidad\\\/#\\\/schema\\\/person\\\/efe887376f0213d4657c93adc50b1fdb\",\"name\":\"La Gu\u00eda de Pamplona\",\"image\":{\"@type\":\"ImageObject\",\"inLanguage\":\"es\",\"@id\":\"https:\\\/\\\/secure.gravatar.com\\\/avatar\\\/b6992f131dc8d30ab0dff15446e9d346d9dbd95992de0fef795073f5ea83a81c?s=96&d=mm&r=g\",\"url\":\"https:\\\/\\\/secure.gravatar.com\\\/avatar\\\/b6992f131dc8d30ab0dff15446e9d346d9dbd95992de0fef795073f5ea83a81c?s=96&d=mm&r=g\",\"contentUrl\":\"https:\\\/\\\/secure.gravatar.com\\\/avatar\\\/b6992f131dc8d30ab0dff15446e9d346d9dbd95992de0fef795073f5ea83a81c?s=96&d=mm&r=g\",\"caption\":\"La Gu\u00eda de Pamplona\"}}]}<\/script>\n<!-- \/ Yoast SEO plugin. -->","yoast_head_json":{"title":"Esta semana se han iniciado las catas de caldos navarros maridados con pinchos en la Ciudadela de Pamplona","description":"Todos los martes y mi\u00e9rcoles hasta el 7 de septiembre tendr\u00e1 lugar esta actividad que se engloba bajo el t\u00edtulo \u2018Armon\u00edas del Camino\u2019","robots":{"index":"index","follow":"follow","max-snippet":"max-snippet:-1","max-image-preview":"max-image-preview:large","max-video-preview":"max-video-preview:-1"},"canonical":"https:\/\/www.laguiadepamplona.com\/actualidad\/esta-semana-se-han-iniciado-las-catas-de-caldos-navarros-maridados-con-pinchos-en-la-ciudadela-de-pamplona\/","og_locale":"es_ES","og_type":"article","og_title":"Esta semana se han iniciado las catas de caldos navarros maridados con pinchos en la Ciudadela de Pamplona","og_description":"Todos los martes y mi\u00e9rcoles hasta el 7 de septiembre tendr\u00e1 lugar esta actividad que se engloba bajo el t\u00edtulo \u2018Armon\u00edas del Camino\u2019","og_url":"https:\/\/www.laguiadepamplona.com\/actualidad\/esta-semana-se-han-iniciado-las-catas-de-caldos-navarros-maridados-con-pinchos-en-la-ciudadela-de-pamplona\/","og_site_name":"La Gu\u00eda de Pamplona","article_publisher":"https:\/\/www.facebook.com\/laguiadepamplonacom-133175176762273\/?ref=hl","article_published_time":"2022-08-03T17:25:34+00:00","article_modified_time":"2023-04-11T09:47:57+00:00","og_image":[{"width":1920,"height":1280,"url":"https:\/\/www.laguiadepamplona.com\/actualidad\/wp-content\/uploads\/2022\/08\/catasdevinociudaelaee5a3599.webp","type":"image\/webp"}],"author":"La Gu\u00eda de Pamplona","twitter_card":"summary_large_image","twitter_creator":"@LaGuiadPamplona","twitter_site":"@LaGuiadPamplona","twitter_misc":{"Escrito por":"La Gu\u00eda de Pamplona","Tiempo de lectura":"2 minutos"},"schema":{"@context":"https:\/\/schema.org","@graph":[{"@type":"Article","@id":"https:\/\/www.laguiadepamplona.com\/actualidad\/esta-semana-se-han-iniciado-las-catas-de-caldos-navarros-maridados-con-pinchos-en-la-ciudadela-de-pamplona\/#article","isPartOf":{"@id":"https:\/\/www.laguiadepamplona.com\/actualidad\/esta-semana-se-han-iniciado-las-catas-de-caldos-navarros-maridados-con-pinchos-en-la-ciudadela-de-pamplona\/"},"author":{"name":"La Gu\u00eda de Pamplona","@id":"https:\/\/www.laguiadepamplona.com\/actualidad\/#\/schema\/person\/efe887376f0213d4657c93adc50b1fdb"},"headline":"Esta semana se han iniciado las catas de caldos navarros maridados con pinchos en la Ciudadela de Pamplona","datePublished":"2022-08-03T17:25:34+00:00","dateModified":"2023-04-11T09:47:57+00:00","mainEntityOfPage":{"@id":"https:\/\/www.laguiadepamplona.com\/actualidad\/esta-semana-se-han-iniciado-las-catas-de-caldos-navarros-maridados-con-pinchos-en-la-ciudadela-de-pamplona\/"},"wordCount":458,"commentCount":0,"publisher":{"@id":"https:\/\/www.laguiadepamplona.com\/actualidad\/#organization"},"image":{"@id":"https:\/\/www.laguiadepamplona.com\/actualidad\/esta-semana-se-han-iniciado-las-catas-de-caldos-navarros-maridados-con-pinchos-en-la-ciudadela-de-pamplona\/#primaryimage"},"thumbnailUrl":"https:\/\/www.laguiadepamplona.com\/actualidad\/wp-content\/uploads\/2022\/08\/catasdevinociudaelaee5a3599.webp","articleSection":["Ayto Pamplona"],"inLanguage":"es","potentialAction":[{"@type":"CommentAction","name":"Comment","target":["https:\/\/www.laguiadepamplona.com\/actualidad\/esta-semana-se-han-iniciado-las-catas-de-caldos-navarros-maridados-con-pinchos-en-la-ciudadela-de-pamplona\/#respond"]}]},{"@type":"WebPage","@id":"https:\/\/www.laguiadepamplona.com\/actualidad\/esta-semana-se-han-iniciado-las-catas-de-caldos-navarros-maridados-con-pinchos-en-la-ciudadela-de-pamplona\/","url":"https:\/\/www.laguiadepamplona.com\/actualidad\/esta-semana-se-han-iniciado-las-catas-de-caldos-navarros-maridados-con-pinchos-en-la-ciudadela-de-pamplona\/","name":"Esta semana se han iniciado las catas de caldos navarros maridados con pinchos en la Ciudadela de Pamplona","isPartOf":{"@id":"https:\/\/www.laguiadepamplona.com\/actualidad\/#website"},"primaryImageOfPage":{"@id":"https:\/\/www.laguiadepamplona.com\/actualidad\/esta-semana-se-han-iniciado-las-catas-de-caldos-navarros-maridados-con-pinchos-en-la-ciudadela-de-pamplona\/#primaryimage"},"image":{"@id":"https:\/\/www.laguiadepamplona.com\/actualidad\/esta-semana-se-han-iniciado-las-catas-de-caldos-navarros-maridados-con-pinchos-en-la-ciudadela-de-pamplona\/#primaryimage"},"thumbnailUrl":"https:\/\/www.laguiadepamplona.com\/actualidad\/wp-content\/uploads\/2022\/08\/catasdevinociudaelaee5a3599.webp","datePublished":"2022-08-03T17:25:34+00:00","dateModified":"2023-04-11T09:47:57+00:00","description":"Todos los martes y mi\u00e9rcoles hasta el 7 de septiembre tendr\u00e1 lugar esta actividad que se engloba bajo el t\u00edtulo \u2018Armon\u00edas del Camino\u2019","breadcrumb":{"@id":"https:\/\/www.laguiadepamplona.com\/actualidad\/esta-semana-se-han-iniciado-las-catas-de-caldos-navarros-maridados-con-pinchos-en-la-ciudadela-de-pamplona\/#breadcrumb"},"inLanguage":"es","potentialAction":[{"@type":"ReadAction","target":["https:\/\/www.laguiadepamplona.com\/actualidad\/esta-semana-se-han-iniciado-las-catas-de-caldos-navarros-maridados-con-pinchos-en-la-ciudadela-de-pamplona\/"]}]},{"@type":"ImageObject","inLanguage":"es","@id":"https:\/\/www.laguiadepamplona.com\/actualidad\/esta-semana-se-han-iniciado-las-catas-de-caldos-navarros-maridados-con-pinchos-en-la-ciudadela-de-pamplona\/#primaryimage","url":"https:\/\/www.laguiadepamplona.com\/actualidad\/wp-content\/uploads\/2022\/08\/catasdevinociudaelaee5a3599.webp","contentUrl":"https:\/\/www.laguiadepamplona.com\/actualidad\/wp-content\/uploads\/2022\/08\/catasdevinociudaelaee5a3599.webp","width":1920,"height":1280},{"@type":"BreadcrumbList","@id":"https:\/\/www.laguiadepamplona.com\/actualidad\/esta-semana-se-han-iniciado-las-catas-de-caldos-navarros-maridados-con-pinchos-en-la-ciudadela-de-pamplona\/#breadcrumb","itemListElement":[{"@type":"ListItem","position":1,"name":"Portada","item":"https:\/\/www.laguiadepamplona.com\/actualidad\/"},{"@type":"ListItem","position":2,"name":"Esta semana se han iniciado las catas de caldos navarros maridados con pinchos en la Ciudadela de Pamplona"}]},{"@type":"WebSite","@id":"https:\/\/www.laguiadepamplona.com\/actualidad\/#website","url":"https:\/\/www.laguiadepamplona.com\/actualidad\/","name":"La gu\u00eda de Pamplona","description":"Noticias de Pamplona","publisher":{"@id":"https:\/\/www.laguiadepamplona.com\/actualidad\/#organization"},"potentialAction":[{"@type":"SearchAction","target":{"@type":"EntryPoint","urlTemplate":"https:\/\/www.laguiadepamplona.com\/actualidad\/?s={search_term_string}"},"query-input":{"@type":"PropertyValueSpecification","valueRequired":true,"valueName":"search_term_string"}}],"inLanguage":"es"},{"@type":"Organization","@id":"https:\/\/www.laguiadepamplona.com\/actualidad\/#organization","name":"La Gu\u00eda de Pamplona \/ Noticias","url":"https:\/\/www.laguiadepamplona.com\/actualidad\/","logo":{"@type":"ImageObject","inLanguage":"es","@id":"https:\/\/www.laguiadepamplona.com\/actualidad\/#\/schema\/logo\/image\/","url":"https:\/\/www.laguiadepamplona.com\/actualidad\/wp-content\/uploads\/2018\/11\/logo-laguiadepamplona18-web1.png","contentUrl":"https:\/\/www.laguiadepamplona.com\/actualidad\/wp-content\/uploads\/2018\/11\/logo-laguiadepamplona18-web1.png","width":600,"height":196,"caption":"La Gu\u00eda de Pamplona \/ Noticias"},"image":{"@id":"https:\/\/www.laguiadepamplona.com\/actualidad\/#\/schema\/logo\/image\/"},"sameAs":["https:\/\/www.facebook.com\/laguiadepamplonacom-133175176762273\/?ref=hl","https:\/\/x.com\/LaGuiadPamplona","https:\/\/www.instagram.com\/la_guia_de_pamplona\/","https:\/\/www.youtube.com\/user\/laguiadepamplona"]},{"@type":"Person","@id":"https:\/\/www.laguiadepamplona.com\/actualidad\/#\/schema\/person\/efe887376f0213d4657c93adc50b1fdb","name":"La Gu\u00eda de Pamplona","image":{"@type":"ImageObject","inLanguage":"es","@id":"https:\/\/secure.gravatar.com\/avatar\/b6992f131dc8d30ab0dff15446e9d346d9dbd95992de0fef795073f5ea83a81c?s=96&d=mm&r=g","url":"https:\/\/secure.gravatar.com\/avatar\/b6992f131dc8d30ab0dff15446e9d346d9dbd95992de0fef795073f5ea83a81c?s=96&d=mm&r=g","contentUrl":"https:\/\/secure.gravatar.com\/avatar\/b6992f131dc8d30ab0dff15446e9d346d9dbd95992de0fef795073f5ea83a81c?s=96&d=mm&r=g","caption":"La Gu\u00eda de Pamplona"}}]}},"post_mailing_queue_ids":[],"_links":{"self":[{"href":"https:\/\/www.laguiadepamplona.com\/actualidad\/wp-json\/wp\/v2\/posts\/41167","targetHints":{"allow":["GET"]}}],"collection":[{"href":"https:\/\/www.laguiadepamplona.com\/actualidad\/wp-json\/wp\/v2\/posts"}],"about":[{"href":"https:\/\/www.laguiadepamplona.com\/actualidad\/wp-json\/wp\/v2\/types\/post"}],"author":[{"embeddable":true,"href":"https:\/\/www.laguiadepamplona.com\/actualidad\/wp-json\/wp\/v2\/users\/1"}],"replies":[{"embeddable":true,"href":"https:\/\/www.laguiadepamplona.com\/actualidad\/wp-json\/wp\/v2\/comments?post=41167"}],"version-history":[{"count":0,"href":"https:\/\/www.laguiadepamplona.com\/actualidad\/wp-json\/wp\/v2\/posts\/41167\/revisions"}],"wp:featuredmedia":[{"embeddable":true,"href":"https:\/\/www.laguiadepamplona.com\/actualidad\/wp-json\/wp\/v2\/media\/41168"}],"wp:attachment":[{"href":"https:\/\/www.laguiadepamplona.com\/actualidad\/wp-json\/wp\/v2\/media?parent=41167"}],"wp:term":[{"taxonomy":"category","embeddable":true,"href":"https:\/\/www.laguiadepamplona.com\/actualidad\/wp-json\/wp\/v2\/categories?post=41167"},{"taxonomy":"post_tag","embeddable":true,"href":"https:\/\/www.laguiadepamplona.com\/actualidad\/wp-json\/wp\/v2\/tags?post=41167"}],"curies":[{"name":"wp","href":"https:\/\/api.w.org\/{rel}","templated":true}]}}