{"id":41159,"date":"2022-08-02T13:04:58","date_gmt":"2022-08-02T11:04:58","guid":{"rendered":"https:\/\/www.laguiadepamplona.com\/actualidad\/?p=41159"},"modified":"2023-04-11T11:47:57","modified_gmt":"2023-04-11T09:47:57","slug":"nueve-conciertos-conforman-este-verano-el-ciclo-de-salas-de-musica-en-la-calle-que-comienza-este-miercoles-con-micky-the-buzz-en-el-fortin-de-san-bartolome","status":"publish","type":"post","link":"https:\/\/www.laguiadepamplona.com\/actualidad\/nueve-conciertos-conforman-este-verano-el-ciclo-de-salas-de-musica-en-la-calle-que-comienza-este-miercoles-con-micky-the-buzz-en-el-fortin-de-san-bartolome\/","title":{"rendered":"Nueve conciertos conforman este verano el ciclo de Salas de M\u00fasica en la Calle, que comienza este mi\u00e9rcoles con Micky &#038; The Buzz en el fort\u00edn de San Bartolom\u00e9"},"content":{"rendered":"<h5>Habr\u00e1 conciertos todos los mi\u00e9rcoles de agosto y septiembre gracias a un ciclo con el que el Ayuntamiento apoya a las salas de m\u00fasica de Pamplona<\/h5>\n<p><!--more--><\/p>\n<div id='gallery-1' class='gallery galleryid-41159 gallery-columns-3 gallery-size-medium'><figure class='gallery-item'>\n\t\t\t<div class='gallery-icon landscape'>\n\t\t\t\t<a href='https:\/\/www.laguiadepamplona.com\/actualidad\/wp-content\/uploads\/2022\/08\/smcrrss1_0.jpg'><img loading=\"lazy\" decoding=\"async\" width=\"300\" height=\"300\" src=\"https:\/\/www.laguiadepamplona.com\/actualidad\/wp-content\/uploads\/2022\/08\/smcrrss1_0-300x300.jpg\" class=\"attachment-medium size-medium\" alt=\"\" srcset=\"https:\/\/www.laguiadepamplona.com\/actualidad\/wp-content\/uploads\/2022\/08\/smcrrss1_0-300x300.jpg 300w, https:\/\/www.laguiadepamplona.com\/actualidad\/wp-content\/uploads\/2022\/08\/smcrrss1_0-682x682.jpg 682w, https:\/\/www.laguiadepamplona.com\/actualidad\/wp-content\/uploads\/2022\/08\/smcrrss1_0-150x150.jpg 150w, https:\/\/www.laguiadepamplona.com\/actualidad\/wp-content\/uploads\/2022\/08\/smcrrss1_0-768x768.jpg 768w, https:\/\/www.laguiadepamplona.com\/actualidad\/wp-content\/uploads\/2022\/08\/smcrrss1_0-64x64.jpg 64w, https:\/\/www.laguiadepamplona.com\/actualidad\/wp-content\/uploads\/2022\/08\/smcrrss1_0-640x640.jpg 640w, https:\/\/www.laguiadepamplona.com\/actualidad\/wp-content\/uploads\/2022\/08\/smcrrss1_0-550x550.jpg 550w, https:\/\/www.laguiadepamplona.com\/actualidad\/wp-content\/uploads\/2022\/08\/smcrrss1_0-1100x1100.jpg 1100w, https:\/\/www.laguiadepamplona.com\/actualidad\/wp-content\/uploads\/2022\/08\/smcrrss1_0.jpg 1200w\" sizes=\"auto, (max-width: 300px) 100vw, 300px\" \/><\/a>\n\t\t\t<\/div><\/figure><figure class='gallery-item'>\n\t\t\t<div class='gallery-icon landscape'>\n\t\t\t\t<a href='https:\/\/www.laguiadepamplona.com\/actualidad\/wp-content\/uploads\/2022\/08\/smcrrss2.jpg'><img loading=\"lazy\" decoding=\"async\" width=\"300\" height=\"300\" src=\"https:\/\/www.laguiadepamplona.com\/actualidad\/wp-content\/uploads\/2022\/08\/smcrrss2-300x300.jpg\" class=\"attachment-medium size-medium\" alt=\"\" srcset=\"https:\/\/www.laguiadepamplona.com\/actualidad\/wp-content\/uploads\/2022\/08\/smcrrss2-300x300.jpg 300w, https:\/\/www.laguiadepamplona.com\/actualidad\/wp-content\/uploads\/2022\/08\/smcrrss2-682x682.jpg 682w, https:\/\/www.laguiadepamplona.com\/actualidad\/wp-content\/uploads\/2022\/08\/smcrrss2-150x150.jpg 150w, https:\/\/www.laguiadepamplona.com\/actualidad\/wp-content\/uploads\/2022\/08\/smcrrss2-768x768.jpg 768w, https:\/\/www.laguiadepamplona.com\/actualidad\/wp-content\/uploads\/2022\/08\/smcrrss2-64x64.jpg 64w, https:\/\/www.laguiadepamplona.com\/actualidad\/wp-content\/uploads\/2022\/08\/smcrrss2-640x640.jpg 640w, https:\/\/www.laguiadepamplona.com\/actualidad\/wp-content\/uploads\/2022\/08\/smcrrss2-550x550.jpg 550w, https:\/\/www.laguiadepamplona.com\/actualidad\/wp-content\/uploads\/2022\/08\/smcrrss2-1100x1100.jpg 1100w, https:\/\/www.laguiadepamplona.com\/actualidad\/wp-content\/uploads\/2022\/08\/smcrrss2.jpg 1200w\" sizes=\"auto, (max-width: 300px) 100vw, 300px\" \/><\/a>\n\t\t\t<\/div><\/figure><figure class='gallery-item'>\n\t\t\t<div class='gallery-icon landscape'>\n\t\t\t\t<a href='https:\/\/www.laguiadepamplona.com\/actualidad\/wp-content\/uploads\/2022\/08\/smcrrss3.jpg'><img loading=\"lazy\" decoding=\"async\" width=\"300\" height=\"300\" src=\"https:\/\/www.laguiadepamplona.com\/actualidad\/wp-content\/uploads\/2022\/08\/smcrrss3-300x300.jpg\" class=\"attachment-medium size-medium\" alt=\"\" srcset=\"https:\/\/www.laguiadepamplona.com\/actualidad\/wp-content\/uploads\/2022\/08\/smcrrss3-300x300.jpg 300w, https:\/\/www.laguiadepamplona.com\/actualidad\/wp-content\/uploads\/2022\/08\/smcrrss3-682x682.jpg 682w, https:\/\/www.laguiadepamplona.com\/actualidad\/wp-content\/uploads\/2022\/08\/smcrrss3-150x150.jpg 150w, https:\/\/www.laguiadepamplona.com\/actualidad\/wp-content\/uploads\/2022\/08\/smcrrss3-768x768.jpg 768w, https:\/\/www.laguiadepamplona.com\/actualidad\/wp-content\/uploads\/2022\/08\/smcrrss3-64x64.jpg 64w, https:\/\/www.laguiadepamplona.com\/actualidad\/wp-content\/uploads\/2022\/08\/smcrrss3-640x640.jpg 640w, https:\/\/www.laguiadepamplona.com\/actualidad\/wp-content\/uploads\/2022\/08\/smcrrss3-550x550.jpg 550w, https:\/\/www.laguiadepamplona.com\/actualidad\/wp-content\/uploads\/2022\/08\/smcrrss3-1100x1100.jpg 1100w, https:\/\/www.laguiadepamplona.com\/actualidad\/wp-content\/uploads\/2022\/08\/smcrrss3.jpg 1200w\" sizes=\"auto, (max-width: 300px) 100vw, 300px\" \/><\/a>\n\t\t\t<\/div><\/figure>\n\t\t<\/div>\n\n<p>El ciclo Salas de M\u00fasica en la Calle comienza ma\u00f1ana mi\u00e9rcoles con la actuaci\u00f3n en el fort\u00edn de San Bartolom\u00e9 de la banda Micky &amp; The Buzz. El Ayuntamiento de Pamplona vuelve un verano m\u00e1s a apoyar la labor cultural y musical de las salas de m\u00fasica de la ciudad, con un programa de nueve conciertos en seis espacios al aire libre. Todos los mi\u00e9rcoles de agosto y septiembre hay programadas actuaci\u00f3n con diferentes estilos musicales para abarcar la mayor cantidad de g\u00e9neros posibles.<br \/>\n<script async src=\"\/\/pagead2.googlesyndication.com\/pagead\/js\/adsbygoogle.js\"><\/script><br \/>\n<!-- Noticias La Guia de Pamplona --><br \/>\n<ins class=\"adsbygoogle\"\nstyle=\"display:block\"\ndata-ad-client=\"ca-pub-6943679897239327\"\ndata-ad-slot=\"7048180777\"\ndata-ad-format=\"auto\"><\/ins><br \/>\n<script>\n(adsbygoogle = window.adsbygoogle || []).push({});\n<\/script><\/p>\n<p>El ciclo se realiza con la colaboraci\u00f3n de las salas de m\u00fasica Rockcolletion, Zentral, Toki Leza, Katrakrak, Terminal, Txintxarri, Akelarre, Garazi y Krawill &amp; Infernu. Todas las actuaciones comenzar\u00e1n a las 20 horas, con entrada libre. Dos conciertos, el primero y el \u00faltimo, tendr\u00e1n lugar en el fort\u00edn de San Bartolom\u00e9, y el resto se repartir\u00e1n por la plaza de la Compa\u00f1\u00eda, que acoger\u00e1 tres actuaciones, la plaza de los Burgos, la calle Mayor, la plaza de la O y el patio de las Salesianas en el barrio de Txantrea.<\/p>\n<p>Micky &amp; The Buzz es un quinteto bilba\u00edno con m\u00fasicos de amplia trayectoria en otras bandas y con la voz de la italiana Micky Piano.\u00a0 Su m\u00fasica es una mezcla de rock&amp;roll, rockabilly, rhythm and blues, swing o twist. Su directo cuenta con fren\u00e9ticos temas de puro rock&amp;roll rebosantes de energ\u00eda, ritmo y diversi\u00f3n; frescas y en\u00e9rgicas piezas con la poderosa y magn\u00e9tica interpretaci\u00f3n vocal de su cantante; y electrizantes guitarras, saxos y una secci\u00f3n r\u00edtmica que atrapa al p\u00fablico. Entre sus influencias est\u00e1n grupos y artistas como Roy Montrell, Collins Kids, Little Walter, Wynona Carr, Don &amp; Dewey, Wynonie Harris, Larry Williams, Wanda Jackson, Mina, Stray Cats\u2026 Este concierto cuenta con la colaboraci\u00f3n de Rockcollection.<br \/>\n<script async src=\"\/\/pagead2.googlesyndication.com\/pagead\/js\/adsbygoogle.js\"><\/script><br \/>\n<!-- Noticias La Guia de Pamplona --><br \/>\n<ins class=\"adsbygoogle\"\nstyle=\"display:block\"\ndata-ad-client=\"ca-pub-6943679897239327\"\ndata-ad-slot=\"7048180777\"\ndata-ad-format=\"auto\"><\/ins><br \/>\n<script>\n(adsbygoogle = window.adsbygoogle || []).push({});\n<\/script><\/p>\n<p>La semana que viene, el mi\u00e9rcoles 10 de agosto, ser\u00e1 el turno del indie pop de Mirua en la plaza de los Burgos; el 17 de agosto, m\u00fasica country y <em>rockabilly<\/em> con Russafians en la plaza de la Compa\u00f1\u00eda; el 24 actuar\u00e1 la Broken Brothers Brass Band en la calle Mayor; y cerrar\u00e1 el mes el rock de Thursday\u00b4s Pussy Dogs en Compa\u00f1\u00eda. Cuatro conciertos m\u00e1s en septiembre, con el pop \u2013 rock de Miqui Puig Canta (Sound System) en la plaza de la O el d\u00eda 7, con el <em>ska<\/em> rock de La Topadora en Salesianas el 14, con el <em>indie<\/em> rock de Mouth en la plaza de la Compa\u00f1\u00eda el mi\u00e9rcoles 21 y con el cierre en el fort\u00edn de San Bartolom\u00e9 el 28 de septiembre con la m\u00fasica heavy metal de Electrikeel y Wojtyla.<\/p>\n","protected":false},"excerpt":{"rendered":"<p>Habr\u00e1 conciertos todos los mi\u00e9rcoles de agosto y septiembre gracias a un ciclo con el que el Ayuntamiento apoya a las salas de m\u00fasica de Pamplona<\/p>\n","protected":false},"author":1,"featured_media":41160,"comment_status":"open","ping_status":"closed","sticky":false,"template":"","format":"standard","meta":{"footnotes":""},"categories":[2],"tags":[],"class_list":["post-41159","post","type-post","status-publish","format-standard","has-post-thumbnail","hentry","category-ayuntamiento-pamplona"],"yoast_head":"<!-- This site is optimized with the Yoast SEO plugin v27.3 - https:\/\/yoast.com\/product\/yoast-seo-wordpress\/ -->\n<title>Nueve conciertos conforman este verano el ciclo de Salas de M\u00fasica en la Calle, que comienza este mi\u00e9rcoles con Micky &amp; The Buzz en el fort\u00edn de San Bartolom\u00e9<\/title>\n<meta name=\"description\" content=\"Habr\u00e1 conciertos todos los mi\u00e9rcoles de agosto y septiembre gracias a un ciclo con el que el Ayuntamiento apoya a las salas de m\u00fasica de Pamplona\" \/>\n<meta name=\"robots\" content=\"index, follow, max-snippet:-1, max-image-preview:large, max-video-preview:-1\" \/>\n<link rel=\"canonical\" href=\"https:\/\/www.laguiadepamplona.com\/actualidad\/nueve-conciertos-conforman-este-verano-el-ciclo-de-salas-de-musica-en-la-calle-que-comienza-este-miercoles-con-micky-the-buzz-en-el-fortin-de-san-bartolome\/\" \/>\n<meta property=\"og:locale\" content=\"es_ES\" \/>\n<meta property=\"og:type\" content=\"article\" \/>\n<meta property=\"og:title\" content=\"Nueve conciertos conforman este verano el ciclo de Salas de M\u00fasica en la Calle, que comienza este mi\u00e9rcoles con Micky &amp; The Buzz en el fort\u00edn de San Bartolom\u00e9\" \/>\n<meta property=\"og:description\" content=\"Habr\u00e1 conciertos todos los mi\u00e9rcoles de agosto y septiembre gracias a un ciclo con el que el Ayuntamiento apoya a las salas de m\u00fasica de Pamplona\" \/>\n<meta property=\"og:url\" content=\"https:\/\/www.laguiadepamplona.com\/actualidad\/nueve-conciertos-conforman-este-verano-el-ciclo-de-salas-de-musica-en-la-calle-que-comienza-este-miercoles-con-micky-the-buzz-en-el-fortin-de-san-bartolome\/\" \/>\n<meta property=\"og:site_name\" content=\"La Gu\u00eda de Pamplona\" \/>\n<meta property=\"article:publisher\" content=\"https:\/\/www.facebook.com\/laguiadepamplonacom-133175176762273\/?ref=hl\" \/>\n<meta property=\"article:published_time\" content=\"2022-08-02T11:04:58+00:00\" \/>\n<meta property=\"article:modified_time\" content=\"2023-04-11T09:47:57+00:00\" \/>\n<meta property=\"og:image\" content=\"https:\/\/www.laguiadepamplona.com\/actualidad\/wp-content\/uploads\/2022\/08\/smcrrss1_0.jpg\" \/>\n\t<meta property=\"og:image:width\" content=\"1200\" \/>\n\t<meta property=\"og:image:height\" content=\"1200\" \/>\n\t<meta property=\"og:image:type\" content=\"image\/jpeg\" \/>\n<meta name=\"author\" content=\"La Gu\u00eda de Pamplona\" \/>\n<meta name=\"twitter:card\" content=\"summary_large_image\" \/>\n<meta name=\"twitter:creator\" content=\"@LaGuiadPamplona\" \/>\n<meta name=\"twitter:site\" content=\"@LaGuiadPamplona\" \/>\n<meta name=\"twitter:label1\" content=\"Escrito por\" \/>\n\t<meta name=\"twitter:data1\" content=\"La Gu\u00eda de Pamplona\" \/>\n\t<meta name=\"twitter:label2\" content=\"Tiempo de lectura\" \/>\n\t<meta name=\"twitter:data2\" content=\"3 minutos\" \/>\n<script type=\"application\/ld+json\" class=\"yoast-schema-graph\">{\"@context\":\"https:\\\/\\\/schema.org\",\"@graph\":[{\"@type\":\"Article\",\"@id\":\"https:\\\/\\\/www.laguiadepamplona.com\\\/actualidad\\\/nueve-conciertos-conforman-este-verano-el-ciclo-de-salas-de-musica-en-la-calle-que-comienza-este-miercoles-con-micky-the-buzz-en-el-fortin-de-san-bartolome\\\/#article\",\"isPartOf\":{\"@id\":\"https:\\\/\\\/www.laguiadepamplona.com\\\/actualidad\\\/nueve-conciertos-conforman-este-verano-el-ciclo-de-salas-de-musica-en-la-calle-que-comienza-este-miercoles-con-micky-the-buzz-en-el-fortin-de-san-bartolome\\\/\"},\"author\":{\"name\":\"La Gu\u00eda de Pamplona\",\"@id\":\"https:\\\/\\\/www.laguiadepamplona.com\\\/actualidad\\\/#\\\/schema\\\/person\\\/efe887376f0213d4657c93adc50b1fdb\"},\"headline\":\"Nueve conciertos conforman este verano el ciclo de Salas de M\u00fasica en la Calle, que comienza este mi\u00e9rcoles con Micky &#038; The Buzz en el fort\u00edn de San Bartolom\u00e9\",\"datePublished\":\"2022-08-02T11:04:58+00:00\",\"dateModified\":\"2023-04-11T09:47:57+00:00\",\"mainEntityOfPage\":{\"@id\":\"https:\\\/\\\/www.laguiadepamplona.com\\\/actualidad\\\/nueve-conciertos-conforman-este-verano-el-ciclo-de-salas-de-musica-en-la-calle-que-comienza-este-miercoles-con-micky-the-buzz-en-el-fortin-de-san-bartolome\\\/\"},\"wordCount\":529,\"commentCount\":0,\"publisher\":{\"@id\":\"https:\\\/\\\/www.laguiadepamplona.com\\\/actualidad\\\/#organization\"},\"image\":{\"@id\":\"https:\\\/\\\/www.laguiadepamplona.com\\\/actualidad\\\/nueve-conciertos-conforman-este-verano-el-ciclo-de-salas-de-musica-en-la-calle-que-comienza-este-miercoles-con-micky-the-buzz-en-el-fortin-de-san-bartolome\\\/#primaryimage\"},\"thumbnailUrl\":\"https:\\\/\\\/www.laguiadepamplona.com\\\/actualidad\\\/wp-content\\\/uploads\\\/2022\\\/08\\\/smcrrss1_0.jpg\",\"articleSection\":[\"Ayto Pamplona\"],\"inLanguage\":\"es\",\"potentialAction\":[{\"@type\":\"CommentAction\",\"name\":\"Comment\",\"target\":[\"https:\\\/\\\/www.laguiadepamplona.com\\\/actualidad\\\/nueve-conciertos-conforman-este-verano-el-ciclo-de-salas-de-musica-en-la-calle-que-comienza-este-miercoles-con-micky-the-buzz-en-el-fortin-de-san-bartolome\\\/#respond\"]}]},{\"@type\":\"WebPage\",\"@id\":\"https:\\\/\\\/www.laguiadepamplona.com\\\/actualidad\\\/nueve-conciertos-conforman-este-verano-el-ciclo-de-salas-de-musica-en-la-calle-que-comienza-este-miercoles-con-micky-the-buzz-en-el-fortin-de-san-bartolome\\\/\",\"url\":\"https:\\\/\\\/www.laguiadepamplona.com\\\/actualidad\\\/nueve-conciertos-conforman-este-verano-el-ciclo-de-salas-de-musica-en-la-calle-que-comienza-este-miercoles-con-micky-the-buzz-en-el-fortin-de-san-bartolome\\\/\",\"name\":\"Nueve conciertos conforman este verano el ciclo de Salas de M\u00fasica en la Calle, que comienza este mi\u00e9rcoles con Micky & The Buzz en el fort\u00edn de San Bartolom\u00e9\",\"isPartOf\":{\"@id\":\"https:\\\/\\\/www.laguiadepamplona.com\\\/actualidad\\\/#website\"},\"primaryImageOfPage\":{\"@id\":\"https:\\\/\\\/www.laguiadepamplona.com\\\/actualidad\\\/nueve-conciertos-conforman-este-verano-el-ciclo-de-salas-de-musica-en-la-calle-que-comienza-este-miercoles-con-micky-the-buzz-en-el-fortin-de-san-bartolome\\\/#primaryimage\"},\"image\":{\"@id\":\"https:\\\/\\\/www.laguiadepamplona.com\\\/actualidad\\\/nueve-conciertos-conforman-este-verano-el-ciclo-de-salas-de-musica-en-la-calle-que-comienza-este-miercoles-con-micky-the-buzz-en-el-fortin-de-san-bartolome\\\/#primaryimage\"},\"thumbnailUrl\":\"https:\\\/\\\/www.laguiadepamplona.com\\\/actualidad\\\/wp-content\\\/uploads\\\/2022\\\/08\\\/smcrrss1_0.jpg\",\"datePublished\":\"2022-08-02T11:04:58+00:00\",\"dateModified\":\"2023-04-11T09:47:57+00:00\",\"description\":\"Habr\u00e1 conciertos todos los mi\u00e9rcoles de agosto y septiembre gracias a un ciclo con el que el Ayuntamiento apoya a las salas de m\u00fasica de Pamplona\",\"breadcrumb\":{\"@id\":\"https:\\\/\\\/www.laguiadepamplona.com\\\/actualidad\\\/nueve-conciertos-conforman-este-verano-el-ciclo-de-salas-de-musica-en-la-calle-que-comienza-este-miercoles-con-micky-the-buzz-en-el-fortin-de-san-bartolome\\\/#breadcrumb\"},\"inLanguage\":\"es\",\"potentialAction\":[{\"@type\":\"ReadAction\",\"target\":[\"https:\\\/\\\/www.laguiadepamplona.com\\\/actualidad\\\/nueve-conciertos-conforman-este-verano-el-ciclo-de-salas-de-musica-en-la-calle-que-comienza-este-miercoles-con-micky-the-buzz-en-el-fortin-de-san-bartolome\\\/\"]}]},{\"@type\":\"ImageObject\",\"inLanguage\":\"es\",\"@id\":\"https:\\\/\\\/www.laguiadepamplona.com\\\/actualidad\\\/nueve-conciertos-conforman-este-verano-el-ciclo-de-salas-de-musica-en-la-calle-que-comienza-este-miercoles-con-micky-the-buzz-en-el-fortin-de-san-bartolome\\\/#primaryimage\",\"url\":\"https:\\\/\\\/www.laguiadepamplona.com\\\/actualidad\\\/wp-content\\\/uploads\\\/2022\\\/08\\\/smcrrss1_0.jpg\",\"contentUrl\":\"https:\\\/\\\/www.laguiadepamplona.com\\\/actualidad\\\/wp-content\\\/uploads\\\/2022\\\/08\\\/smcrrss1_0.jpg\",\"width\":1200,\"height\":1200},{\"@type\":\"BreadcrumbList\",\"@id\":\"https:\\\/\\\/www.laguiadepamplona.com\\\/actualidad\\\/nueve-conciertos-conforman-este-verano-el-ciclo-de-salas-de-musica-en-la-calle-que-comienza-este-miercoles-con-micky-the-buzz-en-el-fortin-de-san-bartolome\\\/#breadcrumb\",\"itemListElement\":[{\"@type\":\"ListItem\",\"position\":1,\"name\":\"Portada\",\"item\":\"https:\\\/\\\/www.laguiadepamplona.com\\\/actualidad\\\/\"},{\"@type\":\"ListItem\",\"position\":2,\"name\":\"Nueve conciertos conforman este verano el ciclo de Salas de M\u00fasica en la Calle, que comienza este mi\u00e9rcoles con Micky &#038; The Buzz en el fort\u00edn de San Bartolom\u00e9\"}]},{\"@type\":\"WebSite\",\"@id\":\"https:\\\/\\\/www.laguiadepamplona.com\\\/actualidad\\\/#website\",\"url\":\"https:\\\/\\\/www.laguiadepamplona.com\\\/actualidad\\\/\",\"name\":\"La gu\u00eda de Pamplona\",\"description\":\"Noticias de Pamplona\",\"publisher\":{\"@id\":\"https:\\\/\\\/www.laguiadepamplona.com\\\/actualidad\\\/#organization\"},\"potentialAction\":[{\"@type\":\"SearchAction\",\"target\":{\"@type\":\"EntryPoint\",\"urlTemplate\":\"https:\\\/\\\/www.laguiadepamplona.com\\\/actualidad\\\/?s={search_term_string}\"},\"query-input\":{\"@type\":\"PropertyValueSpecification\",\"valueRequired\":true,\"valueName\":\"search_term_string\"}}],\"inLanguage\":\"es\"},{\"@type\":\"Organization\",\"@id\":\"https:\\\/\\\/www.laguiadepamplona.com\\\/actualidad\\\/#organization\",\"name\":\"La Gu\u00eda de Pamplona \\\/ Noticias\",\"url\":\"https:\\\/\\\/www.laguiadepamplona.com\\\/actualidad\\\/\",\"logo\":{\"@type\":\"ImageObject\",\"inLanguage\":\"es\",\"@id\":\"https:\\\/\\\/www.laguiadepamplona.com\\\/actualidad\\\/#\\\/schema\\\/logo\\\/image\\\/\",\"url\":\"https:\\\/\\\/www.laguiadepamplona.com\\\/actualidad\\\/wp-content\\\/uploads\\\/2018\\\/11\\\/logo-laguiadepamplona18-web1.png\",\"contentUrl\":\"https:\\\/\\\/www.laguiadepamplona.com\\\/actualidad\\\/wp-content\\\/uploads\\\/2018\\\/11\\\/logo-laguiadepamplona18-web1.png\",\"width\":600,\"height\":196,\"caption\":\"La Gu\u00eda de Pamplona \\\/ Noticias\"},\"image\":{\"@id\":\"https:\\\/\\\/www.laguiadepamplona.com\\\/actualidad\\\/#\\\/schema\\\/logo\\\/image\\\/\"},\"sameAs\":[\"https:\\\/\\\/www.facebook.com\\\/laguiadepamplonacom-133175176762273\\\/?ref=hl\",\"https:\\\/\\\/x.com\\\/LaGuiadPamplona\",\"https:\\\/\\\/www.instagram.com\\\/la_guia_de_pamplona\\\/\",\"https:\\\/\\\/www.youtube.com\\\/user\\\/laguiadepamplona\"]},{\"@type\":\"Person\",\"@id\":\"https:\\\/\\\/www.laguiadepamplona.com\\\/actualidad\\\/#\\\/schema\\\/person\\\/efe887376f0213d4657c93adc50b1fdb\",\"name\":\"La Gu\u00eda de Pamplona\",\"image\":{\"@type\":\"ImageObject\",\"inLanguage\":\"es\",\"@id\":\"https:\\\/\\\/secure.gravatar.com\\\/avatar\\\/b6992f131dc8d30ab0dff15446e9d346d9dbd95992de0fef795073f5ea83a81c?s=96&d=mm&r=g\",\"url\":\"https:\\\/\\\/secure.gravatar.com\\\/avatar\\\/b6992f131dc8d30ab0dff15446e9d346d9dbd95992de0fef795073f5ea83a81c?s=96&d=mm&r=g\",\"contentUrl\":\"https:\\\/\\\/secure.gravatar.com\\\/avatar\\\/b6992f131dc8d30ab0dff15446e9d346d9dbd95992de0fef795073f5ea83a81c?s=96&d=mm&r=g\",\"caption\":\"La Gu\u00eda de Pamplona\"}}]}<\/script>\n<!-- \/ Yoast SEO plugin. -->","yoast_head_json":{"title":"Nueve conciertos conforman este verano el ciclo de Salas de M\u00fasica en la Calle, que comienza este mi\u00e9rcoles con Micky & The Buzz en el fort\u00edn de San Bartolom\u00e9","description":"Habr\u00e1 conciertos todos los mi\u00e9rcoles de agosto y septiembre gracias a un ciclo con el que el Ayuntamiento apoya a las salas de m\u00fasica de Pamplona","robots":{"index":"index","follow":"follow","max-snippet":"max-snippet:-1","max-image-preview":"max-image-preview:large","max-video-preview":"max-video-preview:-1"},"canonical":"https:\/\/www.laguiadepamplona.com\/actualidad\/nueve-conciertos-conforman-este-verano-el-ciclo-de-salas-de-musica-en-la-calle-que-comienza-este-miercoles-con-micky-the-buzz-en-el-fortin-de-san-bartolome\/","og_locale":"es_ES","og_type":"article","og_title":"Nueve conciertos conforman este verano el ciclo de Salas de M\u00fasica en la Calle, que comienza este mi\u00e9rcoles con Micky & The Buzz en el fort\u00edn de San Bartolom\u00e9","og_description":"Habr\u00e1 conciertos todos los mi\u00e9rcoles de agosto y septiembre gracias a un ciclo con el que el Ayuntamiento apoya a las salas de m\u00fasica de Pamplona","og_url":"https:\/\/www.laguiadepamplona.com\/actualidad\/nueve-conciertos-conforman-este-verano-el-ciclo-de-salas-de-musica-en-la-calle-que-comienza-este-miercoles-con-micky-the-buzz-en-el-fortin-de-san-bartolome\/","og_site_name":"La Gu\u00eda de Pamplona","article_publisher":"https:\/\/www.facebook.com\/laguiadepamplonacom-133175176762273\/?ref=hl","article_published_time":"2022-08-02T11:04:58+00:00","article_modified_time":"2023-04-11T09:47:57+00:00","og_image":[{"width":1200,"height":1200,"url":"https:\/\/www.laguiadepamplona.com\/actualidad\/wp-content\/uploads\/2022\/08\/smcrrss1_0.jpg","type":"image\/jpeg"}],"author":"La Gu\u00eda de Pamplona","twitter_card":"summary_large_image","twitter_creator":"@LaGuiadPamplona","twitter_site":"@LaGuiadPamplona","twitter_misc":{"Escrito por":"La Gu\u00eda de Pamplona","Tiempo de lectura":"3 minutos"},"schema":{"@context":"https:\/\/schema.org","@graph":[{"@type":"Article","@id":"https:\/\/www.laguiadepamplona.com\/actualidad\/nueve-conciertos-conforman-este-verano-el-ciclo-de-salas-de-musica-en-la-calle-que-comienza-este-miercoles-con-micky-the-buzz-en-el-fortin-de-san-bartolome\/#article","isPartOf":{"@id":"https:\/\/www.laguiadepamplona.com\/actualidad\/nueve-conciertos-conforman-este-verano-el-ciclo-de-salas-de-musica-en-la-calle-que-comienza-este-miercoles-con-micky-the-buzz-en-el-fortin-de-san-bartolome\/"},"author":{"name":"La Gu\u00eda de Pamplona","@id":"https:\/\/www.laguiadepamplona.com\/actualidad\/#\/schema\/person\/efe887376f0213d4657c93adc50b1fdb"},"headline":"Nueve conciertos conforman este verano el ciclo de Salas de M\u00fasica en la Calle, que comienza este mi\u00e9rcoles con Micky &#038; The Buzz en el fort\u00edn de San Bartolom\u00e9","datePublished":"2022-08-02T11:04:58+00:00","dateModified":"2023-04-11T09:47:57+00:00","mainEntityOfPage":{"@id":"https:\/\/www.laguiadepamplona.com\/actualidad\/nueve-conciertos-conforman-este-verano-el-ciclo-de-salas-de-musica-en-la-calle-que-comienza-este-miercoles-con-micky-the-buzz-en-el-fortin-de-san-bartolome\/"},"wordCount":529,"commentCount":0,"publisher":{"@id":"https:\/\/www.laguiadepamplona.com\/actualidad\/#organization"},"image":{"@id":"https:\/\/www.laguiadepamplona.com\/actualidad\/nueve-conciertos-conforman-este-verano-el-ciclo-de-salas-de-musica-en-la-calle-que-comienza-este-miercoles-con-micky-the-buzz-en-el-fortin-de-san-bartolome\/#primaryimage"},"thumbnailUrl":"https:\/\/www.laguiadepamplona.com\/actualidad\/wp-content\/uploads\/2022\/08\/smcrrss1_0.jpg","articleSection":["Ayto Pamplona"],"inLanguage":"es","potentialAction":[{"@type":"CommentAction","name":"Comment","target":["https:\/\/www.laguiadepamplona.com\/actualidad\/nueve-conciertos-conforman-este-verano-el-ciclo-de-salas-de-musica-en-la-calle-que-comienza-este-miercoles-con-micky-the-buzz-en-el-fortin-de-san-bartolome\/#respond"]}]},{"@type":"WebPage","@id":"https:\/\/www.laguiadepamplona.com\/actualidad\/nueve-conciertos-conforman-este-verano-el-ciclo-de-salas-de-musica-en-la-calle-que-comienza-este-miercoles-con-micky-the-buzz-en-el-fortin-de-san-bartolome\/","url":"https:\/\/www.laguiadepamplona.com\/actualidad\/nueve-conciertos-conforman-este-verano-el-ciclo-de-salas-de-musica-en-la-calle-que-comienza-este-miercoles-con-micky-the-buzz-en-el-fortin-de-san-bartolome\/","name":"Nueve conciertos conforman este verano el ciclo de Salas de M\u00fasica en la Calle, que comienza este mi\u00e9rcoles con Micky & The Buzz en el fort\u00edn de San Bartolom\u00e9","isPartOf":{"@id":"https:\/\/www.laguiadepamplona.com\/actualidad\/#website"},"primaryImageOfPage":{"@id":"https:\/\/www.laguiadepamplona.com\/actualidad\/nueve-conciertos-conforman-este-verano-el-ciclo-de-salas-de-musica-en-la-calle-que-comienza-este-miercoles-con-micky-the-buzz-en-el-fortin-de-san-bartolome\/#primaryimage"},"image":{"@id":"https:\/\/www.laguiadepamplona.com\/actualidad\/nueve-conciertos-conforman-este-verano-el-ciclo-de-salas-de-musica-en-la-calle-que-comienza-este-miercoles-con-micky-the-buzz-en-el-fortin-de-san-bartolome\/#primaryimage"},"thumbnailUrl":"https:\/\/www.laguiadepamplona.com\/actualidad\/wp-content\/uploads\/2022\/08\/smcrrss1_0.jpg","datePublished":"2022-08-02T11:04:58+00:00","dateModified":"2023-04-11T09:47:57+00:00","description":"Habr\u00e1 conciertos todos los mi\u00e9rcoles de agosto y septiembre gracias a un ciclo con el que el Ayuntamiento apoya a las salas de m\u00fasica de Pamplona","breadcrumb":{"@id":"https:\/\/www.laguiadepamplona.com\/actualidad\/nueve-conciertos-conforman-este-verano-el-ciclo-de-salas-de-musica-en-la-calle-que-comienza-este-miercoles-con-micky-the-buzz-en-el-fortin-de-san-bartolome\/#breadcrumb"},"inLanguage":"es","potentialAction":[{"@type":"ReadAction","target":["https:\/\/www.laguiadepamplona.com\/actualidad\/nueve-conciertos-conforman-este-verano-el-ciclo-de-salas-de-musica-en-la-calle-que-comienza-este-miercoles-con-micky-the-buzz-en-el-fortin-de-san-bartolome\/"]}]},{"@type":"ImageObject","inLanguage":"es","@id":"https:\/\/www.laguiadepamplona.com\/actualidad\/nueve-conciertos-conforman-este-verano-el-ciclo-de-salas-de-musica-en-la-calle-que-comienza-este-miercoles-con-micky-the-buzz-en-el-fortin-de-san-bartolome\/#primaryimage","url":"https:\/\/www.laguiadepamplona.com\/actualidad\/wp-content\/uploads\/2022\/08\/smcrrss1_0.jpg","contentUrl":"https:\/\/www.laguiadepamplona.com\/actualidad\/wp-content\/uploads\/2022\/08\/smcrrss1_0.jpg","width":1200,"height":1200},{"@type":"BreadcrumbList","@id":"https:\/\/www.laguiadepamplona.com\/actualidad\/nueve-conciertos-conforman-este-verano-el-ciclo-de-salas-de-musica-en-la-calle-que-comienza-este-miercoles-con-micky-the-buzz-en-el-fortin-de-san-bartolome\/#breadcrumb","itemListElement":[{"@type":"ListItem","position":1,"name":"Portada","item":"https:\/\/www.laguiadepamplona.com\/actualidad\/"},{"@type":"ListItem","position":2,"name":"Nueve conciertos conforman este verano el ciclo de Salas de M\u00fasica en la Calle, que comienza este mi\u00e9rcoles con Micky &#038; The Buzz en el fort\u00edn de San Bartolom\u00e9"}]},{"@type":"WebSite","@id":"https:\/\/www.laguiadepamplona.com\/actualidad\/#website","url":"https:\/\/www.laguiadepamplona.com\/actualidad\/","name":"La gu\u00eda de Pamplona","description":"Noticias de Pamplona","publisher":{"@id":"https:\/\/www.laguiadepamplona.com\/actualidad\/#organization"},"potentialAction":[{"@type":"SearchAction","target":{"@type":"EntryPoint","urlTemplate":"https:\/\/www.laguiadepamplona.com\/actualidad\/?s={search_term_string}"},"query-input":{"@type":"PropertyValueSpecification","valueRequired":true,"valueName":"search_term_string"}}],"inLanguage":"es"},{"@type":"Organization","@id":"https:\/\/www.laguiadepamplona.com\/actualidad\/#organization","name":"La Gu\u00eda de Pamplona \/ Noticias","url":"https:\/\/www.laguiadepamplona.com\/actualidad\/","logo":{"@type":"ImageObject","inLanguage":"es","@id":"https:\/\/www.laguiadepamplona.com\/actualidad\/#\/schema\/logo\/image\/","url":"https:\/\/www.laguiadepamplona.com\/actualidad\/wp-content\/uploads\/2018\/11\/logo-laguiadepamplona18-web1.png","contentUrl":"https:\/\/www.laguiadepamplona.com\/actualidad\/wp-content\/uploads\/2018\/11\/logo-laguiadepamplona18-web1.png","width":600,"height":196,"caption":"La Gu\u00eda de Pamplona \/ Noticias"},"image":{"@id":"https:\/\/www.laguiadepamplona.com\/actualidad\/#\/schema\/logo\/image\/"},"sameAs":["https:\/\/www.facebook.com\/laguiadepamplonacom-133175176762273\/?ref=hl","https:\/\/x.com\/LaGuiadPamplona","https:\/\/www.instagram.com\/la_guia_de_pamplona\/","https:\/\/www.youtube.com\/user\/laguiadepamplona"]},{"@type":"Person","@id":"https:\/\/www.laguiadepamplona.com\/actualidad\/#\/schema\/person\/efe887376f0213d4657c93adc50b1fdb","name":"La Gu\u00eda de Pamplona","image":{"@type":"ImageObject","inLanguage":"es","@id":"https:\/\/secure.gravatar.com\/avatar\/b6992f131dc8d30ab0dff15446e9d346d9dbd95992de0fef795073f5ea83a81c?s=96&d=mm&r=g","url":"https:\/\/secure.gravatar.com\/avatar\/b6992f131dc8d30ab0dff15446e9d346d9dbd95992de0fef795073f5ea83a81c?s=96&d=mm&r=g","contentUrl":"https:\/\/secure.gravatar.com\/avatar\/b6992f131dc8d30ab0dff15446e9d346d9dbd95992de0fef795073f5ea83a81c?s=96&d=mm&r=g","caption":"La Gu\u00eda de Pamplona"}}]}},"post_mailing_queue_ids":[],"_links":{"self":[{"href":"https:\/\/www.laguiadepamplona.com\/actualidad\/wp-json\/wp\/v2\/posts\/41159","targetHints":{"allow":["GET"]}}],"collection":[{"href":"https:\/\/www.laguiadepamplona.com\/actualidad\/wp-json\/wp\/v2\/posts"}],"about":[{"href":"https:\/\/www.laguiadepamplona.com\/actualidad\/wp-json\/wp\/v2\/types\/post"}],"author":[{"embeddable":true,"href":"https:\/\/www.laguiadepamplona.com\/actualidad\/wp-json\/wp\/v2\/users\/1"}],"replies":[{"embeddable":true,"href":"https:\/\/www.laguiadepamplona.com\/actualidad\/wp-json\/wp\/v2\/comments?post=41159"}],"version-history":[{"count":0,"href":"https:\/\/www.laguiadepamplona.com\/actualidad\/wp-json\/wp\/v2\/posts\/41159\/revisions"}],"wp:featuredmedia":[{"embeddable":true,"href":"https:\/\/www.laguiadepamplona.com\/actualidad\/wp-json\/wp\/v2\/media\/41160"}],"wp:attachment":[{"href":"https:\/\/www.laguiadepamplona.com\/actualidad\/wp-json\/wp\/v2\/media?parent=41159"}],"wp:term":[{"taxonomy":"category","embeddable":true,"href":"https:\/\/www.laguiadepamplona.com\/actualidad\/wp-json\/wp\/v2\/categories?post=41159"},{"taxonomy":"post_tag","embeddable":true,"href":"https:\/\/www.laguiadepamplona.com\/actualidad\/wp-json\/wp\/v2\/tags?post=41159"}],"curies":[{"name":"wp","href":"https:\/\/api.w.org\/{rel}","templated":true}]}}