{"id":41156,"date":"2022-08-02T12:41:37","date_gmt":"2022-08-02T10:41:37","guid":{"rendered":"https:\/\/www.laguiadepamplona.com\/actualidad\/?p=41156"},"modified":"2023-04-11T11:47:57","modified_gmt":"2023-04-11T09:47:57","slug":"la-biblioteca-publica-de-san-francisco-acoge-hasta-el-31-de-agosto-conciencia-y-arte-una-exposicion-de-catorce-ilustraciones-de-la-disenadora-navarra-olaia-merino","status":"publish","type":"post","link":"https:\/\/www.laguiadepamplona.com\/actualidad\/la-biblioteca-publica-de-san-francisco-acoge-hasta-el-31-de-agosto-conciencia-y-arte-una-exposicion-de-catorce-ilustraciones-de-la-disenadora-navarra-olaia-merino\/","title":{"rendered":"La Biblioteca P\u00fablica de San Francisco acoge hasta el 31 de agosto \u2018Conciencia y arte\u2019, una exposici\u00f3n de catorce ilustraciones de la dise\u00f1adora navarra Olaia Merino"},"content":{"rendered":"<h5>Autora del cartel de Sanfermines de este a\u00f1o, Olaia Merino trata de concienciar en la muestra sobre el respeto y cuidado del medio ambiente<\/h5>\n<p><!--more--><\/p>\n<p>Adwin es una ni\u00f1a de 9 a\u00f1os que vive en el bosque, ama los lugares escondidos de ese bosque y sue\u00f1a que alg\u00fan d\u00eda todo el mundo sea tan bonito como su bosque. As\u00ed comienza la historia que la pamplonesa Olaia Merino narra en \u2018Conciencia y arte\u2019, una exposici\u00f3n de catorce ilustraciones que se puede visitar en la entrada de la Biblioteca P\u00fablica de San Francisco hasta el 31 de agosto.<br \/>\n<script async src=\"\/\/pagead2.googlesyndication.com\/pagead\/js\/adsbygoogle.js\"><\/script><br \/>\n<!-- Noticias La Guia de Pamplona --><br \/>\n<ins class=\"adsbygoogle\"\nstyle=\"display:block\"\ndata-ad-client=\"ca-pub-6943679897239327\"\ndata-ad-slot=\"7048180777\"\ndata-ad-format=\"auto\"><\/ins><br \/>\n<script>\n(adsbygoogle = window.adsbygoogle || []).push({});\n<\/script><\/p>\n<p>La muestra trata de concienciar sobre el medio ambiente, a trav\u00e9s de la historia del sufrimiento de una ni\u00f1a a causa de la devastaci\u00f3n y deforestaci\u00f3n de los bosques. La t\u00e9cnica utilizada para la creaci\u00f3n de los dibujos es la de la ilustraci\u00f3n manual, realizada a mano alzada con bol\u00edgrafo. El color, presente para destacar algunos motivos, as\u00ed como algunos otros detalles, se han a\u00f1adido de forma digital con programas como Photoshop o Illustrator.\u00a0 En la exposici\u00f3n ha colaborado tambi\u00e9n su madre, con unos cuadros hechos mediante la t\u00e9cnica de relieve con pintura.<\/p>\n<p>Olaia Merino es una dise\u00f1adora e ilustradora navarra, vecina de Sarriguren, que este a\u00f1o gan\u00f3 el concurso de carteles de San Ferm\u00edn con su obra \u2018Beti Bezala\u2019, que ha anunciado las fiestas tras dos a\u00f1os de pandemia. Su trabajo abarca <em>branding<\/em> e identidad, dise\u00f1o y pasi\u00f3n, publicidad y comunicaciones, sonido y movimiento. Estudi\u00f3 Bellas Artes en Leioa y decidi\u00f3 que el dise\u00f1o gr\u00e1fico era su camino. Empez\u00f3 estudiando en la Escuela de Arte de Pamplona y termin\u00f3 en Salesianos Urnieta, haciendo un Grado de Dise\u00f1o y Edici\u00f3n de Publicaciones Impresas y Multimedia. Cuenta, adem\u00e1s, con un master en dise\u00f1o web en Zaragoza.<\/p>\n","protected":false},"excerpt":{"rendered":"<p>Autora del cartel de Sanfermines de este a\u00f1o, Olaia Merino trata de concienciar en la muestra sobre el respeto y cuidado del medio ambiente<\/p>\n","protected":false},"author":1,"featured_media":41157,"comment_status":"open","ping_status":"closed","sticky":false,"template":"","format":"standard","meta":{"footnotes":""},"categories":[2],"tags":[],"class_list":["post-41156","post","type-post","status-publish","format-standard","has-post-thumbnail","hentry","category-ayuntamiento-pamplona"],"yoast_head":"<!-- This site is optimized with the Yoast SEO plugin v27.5 - https:\/\/yoast.com\/product\/yoast-seo-wordpress\/ -->\n<title>La Biblioteca P\u00fablica de San Francisco acoge hasta el 31 de agosto \u2018Conciencia y arte\u2019, una exposici\u00f3n de catorce ilustraciones de la dise\u00f1adora navarra Olaia Merino<\/title>\n<meta name=\"description\" content=\"Autora del cartel de Sanfermines de este a\u00f1o, Olaia Merino trata de concienciar en la muestra sobre el respeto y cuidado del medio ambiente\" \/>\n<meta name=\"robots\" content=\"index, follow, max-snippet:-1, max-image-preview:large, max-video-preview:-1\" \/>\n<link rel=\"canonical\" href=\"https:\/\/www.laguiadepamplona.com\/actualidad\/la-biblioteca-publica-de-san-francisco-acoge-hasta-el-31-de-agosto-conciencia-y-arte-una-exposicion-de-catorce-ilustraciones-de-la-disenadora-navarra-olaia-merino\/\" \/>\n<meta property=\"og:locale\" content=\"es_ES\" \/>\n<meta property=\"og:type\" content=\"article\" \/>\n<meta property=\"og:title\" content=\"La Biblioteca P\u00fablica de San Francisco acoge hasta el 31 de agosto \u2018Conciencia y arte\u2019, una exposici\u00f3n de catorce ilustraciones de la dise\u00f1adora navarra Olaia Merino\" \/>\n<meta property=\"og:description\" content=\"Autora del cartel de Sanfermines de este a\u00f1o, Olaia Merino trata de concienciar en la muestra sobre el respeto y cuidado del medio ambiente\" \/>\n<meta property=\"og:url\" content=\"https:\/\/www.laguiadepamplona.com\/actualidad\/la-biblioteca-publica-de-san-francisco-acoge-hasta-el-31-de-agosto-conciencia-y-arte-una-exposicion-de-catorce-ilustraciones-de-la-disenadora-navarra-olaia-merino\/\" \/>\n<meta property=\"og:site_name\" content=\"La Gu\u00eda de Pamplona\" \/>\n<meta property=\"article:publisher\" content=\"https:\/\/www.facebook.com\/laguiadepamplonacom-133175176762273\/?ref=hl\" \/>\n<meta property=\"article:published_time\" content=\"2022-08-02T10:41:37+00:00\" \/>\n<meta property=\"article:modified_time\" content=\"2023-04-11T09:47:57+00:00\" \/>\n<meta property=\"og:image\" content=\"https:\/\/www.laguiadepamplona.com\/actualidad\/wp-content\/uploads\/2022\/08\/expo-olaia2_1.jpg\" \/>\n\t<meta property=\"og:image:width\" content=\"1122\" \/>\n\t<meta property=\"og:image:height\" content=\"638\" \/>\n\t<meta property=\"og:image:type\" content=\"image\/jpeg\" \/>\n<meta name=\"author\" content=\"La Gu\u00eda de Pamplona\" \/>\n<meta name=\"twitter:card\" content=\"summary_large_image\" \/>\n<meta name=\"twitter:creator\" content=\"@LaGuiadPamplona\" \/>\n<meta name=\"twitter:site\" content=\"@LaGuiadPamplona\" \/>\n<meta name=\"twitter:label1\" content=\"Escrito por\" \/>\n\t<meta name=\"twitter:data1\" content=\"La Gu\u00eda de Pamplona\" \/>\n\t<meta name=\"twitter:label2\" content=\"Tiempo de lectura\" \/>\n\t<meta name=\"twitter:data2\" content=\"2 minutos\" \/>\n<script type=\"application\/ld+json\" class=\"yoast-schema-graph\">{\"@context\":\"https:\\\/\\\/schema.org\",\"@graph\":[{\"@type\":\"Article\",\"@id\":\"https:\\\/\\\/www.laguiadepamplona.com\\\/actualidad\\\/la-biblioteca-publica-de-san-francisco-acoge-hasta-el-31-de-agosto-conciencia-y-arte-una-exposicion-de-catorce-ilustraciones-de-la-disenadora-navarra-olaia-merino\\\/#article\",\"isPartOf\":{\"@id\":\"https:\\\/\\\/www.laguiadepamplona.com\\\/actualidad\\\/la-biblioteca-publica-de-san-francisco-acoge-hasta-el-31-de-agosto-conciencia-y-arte-una-exposicion-de-catorce-ilustraciones-de-la-disenadora-navarra-olaia-merino\\\/\"},\"author\":{\"name\":\"La Gu\u00eda de Pamplona\",\"@id\":\"https:\\\/\\\/www.laguiadepamplona.com\\\/actualidad\\\/#\\\/schema\\\/person\\\/efe887376f0213d4657c93adc50b1fdb\"},\"headline\":\"La Biblioteca P\u00fablica de San Francisco acoge hasta el 31 de agosto \u2018Conciencia y arte\u2019, una exposici\u00f3n de catorce ilustraciones de la dise\u00f1adora navarra Olaia Merino\",\"datePublished\":\"2022-08-02T10:41:37+00:00\",\"dateModified\":\"2023-04-11T09:47:57+00:00\",\"mainEntityOfPage\":{\"@id\":\"https:\\\/\\\/www.laguiadepamplona.com\\\/actualidad\\\/la-biblioteca-publica-de-san-francisco-acoge-hasta-el-31-de-agosto-conciencia-y-arte-una-exposicion-de-catorce-ilustraciones-de-la-disenadora-navarra-olaia-merino\\\/\"},\"wordCount\":348,\"commentCount\":0,\"publisher\":{\"@id\":\"https:\\\/\\\/www.laguiadepamplona.com\\\/actualidad\\\/#organization\"},\"image\":{\"@id\":\"https:\\\/\\\/www.laguiadepamplona.com\\\/actualidad\\\/la-biblioteca-publica-de-san-francisco-acoge-hasta-el-31-de-agosto-conciencia-y-arte-una-exposicion-de-catorce-ilustraciones-de-la-disenadora-navarra-olaia-merino\\\/#primaryimage\"},\"thumbnailUrl\":\"https:\\\/\\\/www.laguiadepamplona.com\\\/actualidad\\\/wp-content\\\/uploads\\\/2022\\\/08\\\/expo-olaia2_1.jpg\",\"articleSection\":[\"Ayto Pamplona\"],\"inLanguage\":\"es\",\"potentialAction\":[{\"@type\":\"CommentAction\",\"name\":\"Comment\",\"target\":[\"https:\\\/\\\/www.laguiadepamplona.com\\\/actualidad\\\/la-biblioteca-publica-de-san-francisco-acoge-hasta-el-31-de-agosto-conciencia-y-arte-una-exposicion-de-catorce-ilustraciones-de-la-disenadora-navarra-olaia-merino\\\/#respond\"]}]},{\"@type\":\"WebPage\",\"@id\":\"https:\\\/\\\/www.laguiadepamplona.com\\\/actualidad\\\/la-biblioteca-publica-de-san-francisco-acoge-hasta-el-31-de-agosto-conciencia-y-arte-una-exposicion-de-catorce-ilustraciones-de-la-disenadora-navarra-olaia-merino\\\/\",\"url\":\"https:\\\/\\\/www.laguiadepamplona.com\\\/actualidad\\\/la-biblioteca-publica-de-san-francisco-acoge-hasta-el-31-de-agosto-conciencia-y-arte-una-exposicion-de-catorce-ilustraciones-de-la-disenadora-navarra-olaia-merino\\\/\",\"name\":\"La Biblioteca P\u00fablica de San Francisco acoge hasta el 31 de agosto \u2018Conciencia y arte\u2019, una exposici\u00f3n de catorce ilustraciones de la dise\u00f1adora navarra Olaia Merino\",\"isPartOf\":{\"@id\":\"https:\\\/\\\/www.laguiadepamplona.com\\\/actualidad\\\/#website\"},\"primaryImageOfPage\":{\"@id\":\"https:\\\/\\\/www.laguiadepamplona.com\\\/actualidad\\\/la-biblioteca-publica-de-san-francisco-acoge-hasta-el-31-de-agosto-conciencia-y-arte-una-exposicion-de-catorce-ilustraciones-de-la-disenadora-navarra-olaia-merino\\\/#primaryimage\"},\"image\":{\"@id\":\"https:\\\/\\\/www.laguiadepamplona.com\\\/actualidad\\\/la-biblioteca-publica-de-san-francisco-acoge-hasta-el-31-de-agosto-conciencia-y-arte-una-exposicion-de-catorce-ilustraciones-de-la-disenadora-navarra-olaia-merino\\\/#primaryimage\"},\"thumbnailUrl\":\"https:\\\/\\\/www.laguiadepamplona.com\\\/actualidad\\\/wp-content\\\/uploads\\\/2022\\\/08\\\/expo-olaia2_1.jpg\",\"datePublished\":\"2022-08-02T10:41:37+00:00\",\"dateModified\":\"2023-04-11T09:47:57+00:00\",\"description\":\"Autora del cartel de Sanfermines de este a\u00f1o, Olaia Merino trata de concienciar en la muestra sobre el respeto y cuidado del medio ambiente\",\"breadcrumb\":{\"@id\":\"https:\\\/\\\/www.laguiadepamplona.com\\\/actualidad\\\/la-biblioteca-publica-de-san-francisco-acoge-hasta-el-31-de-agosto-conciencia-y-arte-una-exposicion-de-catorce-ilustraciones-de-la-disenadora-navarra-olaia-merino\\\/#breadcrumb\"},\"inLanguage\":\"es\",\"potentialAction\":[{\"@type\":\"ReadAction\",\"target\":[\"https:\\\/\\\/www.laguiadepamplona.com\\\/actualidad\\\/la-biblioteca-publica-de-san-francisco-acoge-hasta-el-31-de-agosto-conciencia-y-arte-una-exposicion-de-catorce-ilustraciones-de-la-disenadora-navarra-olaia-merino\\\/\"]}]},{\"@type\":\"ImageObject\",\"inLanguage\":\"es\",\"@id\":\"https:\\\/\\\/www.laguiadepamplona.com\\\/actualidad\\\/la-biblioteca-publica-de-san-francisco-acoge-hasta-el-31-de-agosto-conciencia-y-arte-una-exposicion-de-catorce-ilustraciones-de-la-disenadora-navarra-olaia-merino\\\/#primaryimage\",\"url\":\"https:\\\/\\\/www.laguiadepamplona.com\\\/actualidad\\\/wp-content\\\/uploads\\\/2022\\\/08\\\/expo-olaia2_1.jpg\",\"contentUrl\":\"https:\\\/\\\/www.laguiadepamplona.com\\\/actualidad\\\/wp-content\\\/uploads\\\/2022\\\/08\\\/expo-olaia2_1.jpg\",\"width\":1122,\"height\":638},{\"@type\":\"BreadcrumbList\",\"@id\":\"https:\\\/\\\/www.laguiadepamplona.com\\\/actualidad\\\/la-biblioteca-publica-de-san-francisco-acoge-hasta-el-31-de-agosto-conciencia-y-arte-una-exposicion-de-catorce-ilustraciones-de-la-disenadora-navarra-olaia-merino\\\/#breadcrumb\",\"itemListElement\":[{\"@type\":\"ListItem\",\"position\":1,\"name\":\"Portada\",\"item\":\"https:\\\/\\\/www.laguiadepamplona.com\\\/actualidad\\\/\"},{\"@type\":\"ListItem\",\"position\":2,\"name\":\"La Biblioteca P\u00fablica de San Francisco acoge hasta el 31 de agosto \u2018Conciencia y arte\u2019, una exposici\u00f3n de catorce ilustraciones de la dise\u00f1adora navarra Olaia Merino\"}]},{\"@type\":\"WebSite\",\"@id\":\"https:\\\/\\\/www.laguiadepamplona.com\\\/actualidad\\\/#website\",\"url\":\"https:\\\/\\\/www.laguiadepamplona.com\\\/actualidad\\\/\",\"name\":\"La gu\u00eda de Pamplona\",\"description\":\"Noticias de Pamplona\",\"publisher\":{\"@id\":\"https:\\\/\\\/www.laguiadepamplona.com\\\/actualidad\\\/#organization\"},\"potentialAction\":[{\"@type\":\"SearchAction\",\"target\":{\"@type\":\"EntryPoint\",\"urlTemplate\":\"https:\\\/\\\/www.laguiadepamplona.com\\\/actualidad\\\/?s={search_term_string}\"},\"query-input\":{\"@type\":\"PropertyValueSpecification\",\"valueRequired\":true,\"valueName\":\"search_term_string\"}}],\"inLanguage\":\"es\"},{\"@type\":\"Organization\",\"@id\":\"https:\\\/\\\/www.laguiadepamplona.com\\\/actualidad\\\/#organization\",\"name\":\"La Gu\u00eda de Pamplona \\\/ Noticias\",\"url\":\"https:\\\/\\\/www.laguiadepamplona.com\\\/actualidad\\\/\",\"logo\":{\"@type\":\"ImageObject\",\"inLanguage\":\"es\",\"@id\":\"https:\\\/\\\/www.laguiadepamplona.com\\\/actualidad\\\/#\\\/schema\\\/logo\\\/image\\\/\",\"url\":\"https:\\\/\\\/www.laguiadepamplona.com\\\/actualidad\\\/wp-content\\\/uploads\\\/2018\\\/11\\\/logo-laguiadepamplona18-web1.png\",\"contentUrl\":\"https:\\\/\\\/www.laguiadepamplona.com\\\/actualidad\\\/wp-content\\\/uploads\\\/2018\\\/11\\\/logo-laguiadepamplona18-web1.png\",\"width\":600,\"height\":196,\"caption\":\"La Gu\u00eda de Pamplona \\\/ Noticias\"},\"image\":{\"@id\":\"https:\\\/\\\/www.laguiadepamplona.com\\\/actualidad\\\/#\\\/schema\\\/logo\\\/image\\\/\"},\"sameAs\":[\"https:\\\/\\\/www.facebook.com\\\/laguiadepamplonacom-133175176762273\\\/?ref=hl\",\"https:\\\/\\\/x.com\\\/LaGuiadPamplona\",\"https:\\\/\\\/www.instagram.com\\\/la_guia_de_pamplona\\\/\",\"https:\\\/\\\/www.youtube.com\\\/user\\\/laguiadepamplona\"]},{\"@type\":\"Person\",\"@id\":\"https:\\\/\\\/www.laguiadepamplona.com\\\/actualidad\\\/#\\\/schema\\\/person\\\/efe887376f0213d4657c93adc50b1fdb\",\"name\":\"La Gu\u00eda de Pamplona\",\"image\":{\"@type\":\"ImageObject\",\"inLanguage\":\"es\",\"@id\":\"https:\\\/\\\/secure.gravatar.com\\\/avatar\\\/b6992f131dc8d30ab0dff15446e9d346d9dbd95992de0fef795073f5ea83a81c?s=96&d=mm&r=g\",\"url\":\"https:\\\/\\\/secure.gravatar.com\\\/avatar\\\/b6992f131dc8d30ab0dff15446e9d346d9dbd95992de0fef795073f5ea83a81c?s=96&d=mm&r=g\",\"contentUrl\":\"https:\\\/\\\/secure.gravatar.com\\\/avatar\\\/b6992f131dc8d30ab0dff15446e9d346d9dbd95992de0fef795073f5ea83a81c?s=96&d=mm&r=g\",\"caption\":\"La Gu\u00eda de Pamplona\"}}]}<\/script>\n<!-- \/ Yoast SEO plugin. -->","yoast_head_json":{"title":"La Biblioteca P\u00fablica de San Francisco acoge hasta el 31 de agosto \u2018Conciencia y arte\u2019, una exposici\u00f3n de catorce ilustraciones de la dise\u00f1adora navarra Olaia Merino","description":"Autora del cartel de Sanfermines de este a\u00f1o, Olaia Merino trata de concienciar en la muestra sobre el respeto y cuidado del medio ambiente","robots":{"index":"index","follow":"follow","max-snippet":"max-snippet:-1","max-image-preview":"max-image-preview:large","max-video-preview":"max-video-preview:-1"},"canonical":"https:\/\/www.laguiadepamplona.com\/actualidad\/la-biblioteca-publica-de-san-francisco-acoge-hasta-el-31-de-agosto-conciencia-y-arte-una-exposicion-de-catorce-ilustraciones-de-la-disenadora-navarra-olaia-merino\/","og_locale":"es_ES","og_type":"article","og_title":"La Biblioteca P\u00fablica de San Francisco acoge hasta el 31 de agosto \u2018Conciencia y arte\u2019, una exposici\u00f3n de catorce ilustraciones de la dise\u00f1adora navarra Olaia Merino","og_description":"Autora del cartel de Sanfermines de este a\u00f1o, Olaia Merino trata de concienciar en la muestra sobre el respeto y cuidado del medio ambiente","og_url":"https:\/\/www.laguiadepamplona.com\/actualidad\/la-biblioteca-publica-de-san-francisco-acoge-hasta-el-31-de-agosto-conciencia-y-arte-una-exposicion-de-catorce-ilustraciones-de-la-disenadora-navarra-olaia-merino\/","og_site_name":"La Gu\u00eda de Pamplona","article_publisher":"https:\/\/www.facebook.com\/laguiadepamplonacom-133175176762273\/?ref=hl","article_published_time":"2022-08-02T10:41:37+00:00","article_modified_time":"2023-04-11T09:47:57+00:00","og_image":[{"width":1122,"height":638,"url":"https:\/\/www.laguiadepamplona.com\/actualidad\/wp-content\/uploads\/2022\/08\/expo-olaia2_1.jpg","type":"image\/jpeg"}],"author":"La Gu\u00eda de Pamplona","twitter_card":"summary_large_image","twitter_creator":"@LaGuiadPamplona","twitter_site":"@LaGuiadPamplona","twitter_misc":{"Escrito por":"La Gu\u00eda de Pamplona","Tiempo de lectura":"2 minutos"},"schema":{"@context":"https:\/\/schema.org","@graph":[{"@type":"Article","@id":"https:\/\/www.laguiadepamplona.com\/actualidad\/la-biblioteca-publica-de-san-francisco-acoge-hasta-el-31-de-agosto-conciencia-y-arte-una-exposicion-de-catorce-ilustraciones-de-la-disenadora-navarra-olaia-merino\/#article","isPartOf":{"@id":"https:\/\/www.laguiadepamplona.com\/actualidad\/la-biblioteca-publica-de-san-francisco-acoge-hasta-el-31-de-agosto-conciencia-y-arte-una-exposicion-de-catorce-ilustraciones-de-la-disenadora-navarra-olaia-merino\/"},"author":{"name":"La Gu\u00eda de Pamplona","@id":"https:\/\/www.laguiadepamplona.com\/actualidad\/#\/schema\/person\/efe887376f0213d4657c93adc50b1fdb"},"headline":"La Biblioteca P\u00fablica de San Francisco acoge hasta el 31 de agosto \u2018Conciencia y arte\u2019, una exposici\u00f3n de catorce ilustraciones de la dise\u00f1adora navarra Olaia Merino","datePublished":"2022-08-02T10:41:37+00:00","dateModified":"2023-04-11T09:47:57+00:00","mainEntityOfPage":{"@id":"https:\/\/www.laguiadepamplona.com\/actualidad\/la-biblioteca-publica-de-san-francisco-acoge-hasta-el-31-de-agosto-conciencia-y-arte-una-exposicion-de-catorce-ilustraciones-de-la-disenadora-navarra-olaia-merino\/"},"wordCount":348,"commentCount":0,"publisher":{"@id":"https:\/\/www.laguiadepamplona.com\/actualidad\/#organization"},"image":{"@id":"https:\/\/www.laguiadepamplona.com\/actualidad\/la-biblioteca-publica-de-san-francisco-acoge-hasta-el-31-de-agosto-conciencia-y-arte-una-exposicion-de-catorce-ilustraciones-de-la-disenadora-navarra-olaia-merino\/#primaryimage"},"thumbnailUrl":"https:\/\/www.laguiadepamplona.com\/actualidad\/wp-content\/uploads\/2022\/08\/expo-olaia2_1.jpg","articleSection":["Ayto Pamplona"],"inLanguage":"es","potentialAction":[{"@type":"CommentAction","name":"Comment","target":["https:\/\/www.laguiadepamplona.com\/actualidad\/la-biblioteca-publica-de-san-francisco-acoge-hasta-el-31-de-agosto-conciencia-y-arte-una-exposicion-de-catorce-ilustraciones-de-la-disenadora-navarra-olaia-merino\/#respond"]}]},{"@type":"WebPage","@id":"https:\/\/www.laguiadepamplona.com\/actualidad\/la-biblioteca-publica-de-san-francisco-acoge-hasta-el-31-de-agosto-conciencia-y-arte-una-exposicion-de-catorce-ilustraciones-de-la-disenadora-navarra-olaia-merino\/","url":"https:\/\/www.laguiadepamplona.com\/actualidad\/la-biblioteca-publica-de-san-francisco-acoge-hasta-el-31-de-agosto-conciencia-y-arte-una-exposicion-de-catorce-ilustraciones-de-la-disenadora-navarra-olaia-merino\/","name":"La Biblioteca P\u00fablica de San Francisco acoge hasta el 31 de agosto \u2018Conciencia y arte\u2019, una exposici\u00f3n de catorce ilustraciones de la dise\u00f1adora navarra Olaia Merino","isPartOf":{"@id":"https:\/\/www.laguiadepamplona.com\/actualidad\/#website"},"primaryImageOfPage":{"@id":"https:\/\/www.laguiadepamplona.com\/actualidad\/la-biblioteca-publica-de-san-francisco-acoge-hasta-el-31-de-agosto-conciencia-y-arte-una-exposicion-de-catorce-ilustraciones-de-la-disenadora-navarra-olaia-merino\/#primaryimage"},"image":{"@id":"https:\/\/www.laguiadepamplona.com\/actualidad\/la-biblioteca-publica-de-san-francisco-acoge-hasta-el-31-de-agosto-conciencia-y-arte-una-exposicion-de-catorce-ilustraciones-de-la-disenadora-navarra-olaia-merino\/#primaryimage"},"thumbnailUrl":"https:\/\/www.laguiadepamplona.com\/actualidad\/wp-content\/uploads\/2022\/08\/expo-olaia2_1.jpg","datePublished":"2022-08-02T10:41:37+00:00","dateModified":"2023-04-11T09:47:57+00:00","description":"Autora del cartel de Sanfermines de este a\u00f1o, Olaia Merino trata de concienciar en la muestra sobre el respeto y cuidado del medio ambiente","breadcrumb":{"@id":"https:\/\/www.laguiadepamplona.com\/actualidad\/la-biblioteca-publica-de-san-francisco-acoge-hasta-el-31-de-agosto-conciencia-y-arte-una-exposicion-de-catorce-ilustraciones-de-la-disenadora-navarra-olaia-merino\/#breadcrumb"},"inLanguage":"es","potentialAction":[{"@type":"ReadAction","target":["https:\/\/www.laguiadepamplona.com\/actualidad\/la-biblioteca-publica-de-san-francisco-acoge-hasta-el-31-de-agosto-conciencia-y-arte-una-exposicion-de-catorce-ilustraciones-de-la-disenadora-navarra-olaia-merino\/"]}]},{"@type":"ImageObject","inLanguage":"es","@id":"https:\/\/www.laguiadepamplona.com\/actualidad\/la-biblioteca-publica-de-san-francisco-acoge-hasta-el-31-de-agosto-conciencia-y-arte-una-exposicion-de-catorce-ilustraciones-de-la-disenadora-navarra-olaia-merino\/#primaryimage","url":"https:\/\/www.laguiadepamplona.com\/actualidad\/wp-content\/uploads\/2022\/08\/expo-olaia2_1.jpg","contentUrl":"https:\/\/www.laguiadepamplona.com\/actualidad\/wp-content\/uploads\/2022\/08\/expo-olaia2_1.jpg","width":1122,"height":638},{"@type":"BreadcrumbList","@id":"https:\/\/www.laguiadepamplona.com\/actualidad\/la-biblioteca-publica-de-san-francisco-acoge-hasta-el-31-de-agosto-conciencia-y-arte-una-exposicion-de-catorce-ilustraciones-de-la-disenadora-navarra-olaia-merino\/#breadcrumb","itemListElement":[{"@type":"ListItem","position":1,"name":"Portada","item":"https:\/\/www.laguiadepamplona.com\/actualidad\/"},{"@type":"ListItem","position":2,"name":"La Biblioteca P\u00fablica de San Francisco acoge hasta el 31 de agosto \u2018Conciencia y arte\u2019, una exposici\u00f3n de catorce ilustraciones de la dise\u00f1adora navarra Olaia Merino"}]},{"@type":"WebSite","@id":"https:\/\/www.laguiadepamplona.com\/actualidad\/#website","url":"https:\/\/www.laguiadepamplona.com\/actualidad\/","name":"La gu\u00eda de Pamplona","description":"Noticias de Pamplona","publisher":{"@id":"https:\/\/www.laguiadepamplona.com\/actualidad\/#organization"},"potentialAction":[{"@type":"SearchAction","target":{"@type":"EntryPoint","urlTemplate":"https:\/\/www.laguiadepamplona.com\/actualidad\/?s={search_term_string}"},"query-input":{"@type":"PropertyValueSpecification","valueRequired":true,"valueName":"search_term_string"}}],"inLanguage":"es"},{"@type":"Organization","@id":"https:\/\/www.laguiadepamplona.com\/actualidad\/#organization","name":"La Gu\u00eda de Pamplona \/ Noticias","url":"https:\/\/www.laguiadepamplona.com\/actualidad\/","logo":{"@type":"ImageObject","inLanguage":"es","@id":"https:\/\/www.laguiadepamplona.com\/actualidad\/#\/schema\/logo\/image\/","url":"https:\/\/www.laguiadepamplona.com\/actualidad\/wp-content\/uploads\/2018\/11\/logo-laguiadepamplona18-web1.png","contentUrl":"https:\/\/www.laguiadepamplona.com\/actualidad\/wp-content\/uploads\/2018\/11\/logo-laguiadepamplona18-web1.png","width":600,"height":196,"caption":"La Gu\u00eda de Pamplona \/ Noticias"},"image":{"@id":"https:\/\/www.laguiadepamplona.com\/actualidad\/#\/schema\/logo\/image\/"},"sameAs":["https:\/\/www.facebook.com\/laguiadepamplonacom-133175176762273\/?ref=hl","https:\/\/x.com\/LaGuiadPamplona","https:\/\/www.instagram.com\/la_guia_de_pamplona\/","https:\/\/www.youtube.com\/user\/laguiadepamplona"]},{"@type":"Person","@id":"https:\/\/www.laguiadepamplona.com\/actualidad\/#\/schema\/person\/efe887376f0213d4657c93adc50b1fdb","name":"La Gu\u00eda de Pamplona","image":{"@type":"ImageObject","inLanguage":"es","@id":"https:\/\/secure.gravatar.com\/avatar\/b6992f131dc8d30ab0dff15446e9d346d9dbd95992de0fef795073f5ea83a81c?s=96&d=mm&r=g","url":"https:\/\/secure.gravatar.com\/avatar\/b6992f131dc8d30ab0dff15446e9d346d9dbd95992de0fef795073f5ea83a81c?s=96&d=mm&r=g","contentUrl":"https:\/\/secure.gravatar.com\/avatar\/b6992f131dc8d30ab0dff15446e9d346d9dbd95992de0fef795073f5ea83a81c?s=96&d=mm&r=g","caption":"La Gu\u00eda de Pamplona"}}]}},"post_mailing_queue_ids":[],"_links":{"self":[{"href":"https:\/\/www.laguiadepamplona.com\/actualidad\/wp-json\/wp\/v2\/posts\/41156","targetHints":{"allow":["GET"]}}],"collection":[{"href":"https:\/\/www.laguiadepamplona.com\/actualidad\/wp-json\/wp\/v2\/posts"}],"about":[{"href":"https:\/\/www.laguiadepamplona.com\/actualidad\/wp-json\/wp\/v2\/types\/post"}],"author":[{"embeddable":true,"href":"https:\/\/www.laguiadepamplona.com\/actualidad\/wp-json\/wp\/v2\/users\/1"}],"replies":[{"embeddable":true,"href":"https:\/\/www.laguiadepamplona.com\/actualidad\/wp-json\/wp\/v2\/comments?post=41156"}],"version-history":[{"count":0,"href":"https:\/\/www.laguiadepamplona.com\/actualidad\/wp-json\/wp\/v2\/posts\/41156\/revisions"}],"wp:featuredmedia":[{"embeddable":true,"href":"https:\/\/www.laguiadepamplona.com\/actualidad\/wp-json\/wp\/v2\/media\/41157"}],"wp:attachment":[{"href":"https:\/\/www.laguiadepamplona.com\/actualidad\/wp-json\/wp\/v2\/media?parent=41156"}],"wp:term":[{"taxonomy":"category","embeddable":true,"href":"https:\/\/www.laguiadepamplona.com\/actualidad\/wp-json\/wp\/v2\/categories?post=41156"},{"taxonomy":"post_tag","embeddable":true,"href":"https:\/\/www.laguiadepamplona.com\/actualidad\/wp-json\/wp\/v2\/tags?post=41156"}],"curies":[{"name":"wp","href":"https:\/\/api.w.org\/{rel}","templated":true}]}}