{"id":41153,"date":"2022-08-02T12:34:12","date_gmt":"2022-08-02T10:34:12","guid":{"rendered":"https:\/\/www.laguiadepamplona.com\/actualidad\/?p=41153"},"modified":"2023-04-11T11:47:57","modified_gmt":"2023-04-11T09:47:57","slug":"kayak-en-el-arga-la-propuesta-de-ocio-del-ayuntamiento-de-pamplona-para-el-calor-del-verano","status":"publish","type":"post","link":"https:\/\/www.laguiadepamplona.com\/actualidad\/kayak-en-el-arga-la-propuesta-de-ocio-del-ayuntamiento-de-pamplona-para-el-calor-del-verano\/","title":{"rendered":"Kayak en el Arga, la propuesta de ocio del Ayuntamiento de Pamplona para el calor del verano"},"content":{"rendered":"<h5>Los martes de agosto tambi\u00e9n se hacen rutas hist\u00f3rico-naturalistas en bicicleta por la ciudad con el recorrido \u2018Pamplona a pedales\u2019<\/h5>\n<p><!--more--><\/p>\n<p>Estos d\u00edas de intenso calor el Ayuntamiento invita a acercarse al r\u00edo Arga y disfrutar de la naturaleza a trav\u00e9s de la pr\u00e1ctica del pirag\u00fcismo. Para ciudadanos, visitantes y turistas, en colaboraci\u00f3n con la Escuela de Pirag\u00fcismo, de lunes a domingo hay una cita con los kayaks.<\/p>\n<p>Es una actividad con una duraci\u00f3n prevista de 2 horas, con el l\u00edmite de edad de 4 a\u00f1os, aunque los menores de 16 a\u00f1os deber\u00e1n estar acompa\u00f1ados por una persona adulta (entre los 4 y los 9 a\u00f1os debe ser un responsable directo del menor). Es una actividad de iniciaci\u00f3n, por lo que el \u00fanico requisito para participar es saber nadar. Aunque los kayaks son dobles, en caso de grupos impares, existe una individual. El recorrido est\u00e1 planteado desde la Escuela de Pirag\u00fcismo hasta el puente nuevo de Beloso en Burlada.<br \/>\n<script async src=\"\/\/pagead2.googlesyndication.com\/pagead\/js\/adsbygoogle.js\"><\/script><br \/>\n<!-- Noticias La Guia de Pamplona --><br \/>\n<ins class=\"adsbygoogle\"\nstyle=\"display:block\"\ndata-ad-client=\"ca-pub-6943679897239327\"\ndata-ad-slot=\"7048180777\"\ndata-ad-format=\"auto\"><\/ins><br \/>\n<script>\n(adsbygoogle = window.adsbygoogle || []).push({});\n<\/script><\/p>\n<p>Este mes de agosto de lunes a viernes hay dos propuestas diarias (a las 11 y a las 16.30 horas) y s\u00e1bados, domingos y festivos, un \u00fanico recorrido a las 12 horas. las plazas cuestas 18 eros para las personas mayores de 15 a\u00f1os y 15 para las menores de esa edad. Para quienes tengan la tarjeta Pamplona Iru\u00f1a Card (PIC) se ofrecen descuentos sobre esos importes. El punto de encuentro es el embarcadero que hay en la misma puerta del hangar de las piraguas con acceso directo al r\u00edo en el Molino de Caparroso. Es necesario que las personas participantes lleven ba\u00f1ador o culote o mallas, adem\u00e1s de una camiseta. En los pies: escarpines, cangrejeras, chancletas atadas o zapatillas deportivas.<\/p>\n<p>Esta propuesta de ocio, especialmente apetecible para los d\u00edas de calor, es la primera de dos ofertas tur\u00edstico-deportivas nuevas para el verano. A los recorridos en el Arga se han sumado en este 2022 las visitas en bicicleta; las dos requieren reserva previa a trav\u00e9s de la oficina de turismo (plaza Consistorial s\/n; 948420700\u2013639780937 y oficinaturismo @pamplona.es) o en la <a href=\"https:\/\/ayuntamientopamplona.sacatuentrada.es\/\" target=\"_blank\" rel=\"noopener\">web oficial<\/a>.<br \/>\n<script async src=\"\/\/pagead2.googlesyndication.com\/pagead\/js\/adsbygoogle.js\"><\/script><br \/>\n<!-- Noticias La Guia de Pamplona --><br \/>\n<ins class=\"adsbygoogle\"\nstyle=\"display:block\"\ndata-ad-client=\"ca-pub-6943679897239327\"\ndata-ad-slot=\"7048180777\"\ndata-ad-format=\"auto\"><\/ins><br \/>\n<script>\n(adsbygoogle = window.adsbygoogle || []).push({});\n<\/script><\/p>\n<p>Y, tambi\u00e9n como otra forma de ver la ciudad y hacer ejercicio se propone la visita \u2018Pamplona a pedales\u2019 todos los martes de agosto a las 16.30 horas, con salida desde la Plaza del castillo (a la altura el caf\u00e9 Iru\u00f1a). El recorrido dura tres horas y a partir de la plaza de toros se desplaza por Parque Media Luna, Parque Fluvial del Arga, Camino de Santiago, Murallas, Casco Hist\u00f3rico, Parque de la Taconera, Parque de la Ciudadela, Universidad de Navarra, Universidad P\u00fablica, Segundo Ensanche. La salida se ofrece en castellano, ingl\u00e9s, franc\u00e9s, a un precio de 15 euros por participante y no incluye el alquiler de bicicleta por lo que las personas participantes pueden, o llevar su propia bici, u obtenerla mediante el sistema de Bicicletas El\u00e9ctricas del Ayuntamiento de Pamplona.<\/p>\n<p>En \u2018Pamplona a pedales\u2019 tambi\u00e9n existen descuentos a trav\u00e9s de la PIC, una tarjeta gratuita que se puede obtener en la oficina de turismo a la cual se pueden obtener entradas a monumentos, museos o visitas guiadas a la ciudad e incluso excursiones desde Pamplona, con descuentos sobre la tarifa oficial. Estas visitas, como el resto de las incluidas en la oferta tur\u00edstica julio-octubre se gestionan en colaboraci\u00f3n entre Ayuntamiento y empresas tur\u00edsticas de la ciudad.<\/p>\n","protected":false},"excerpt":{"rendered":"<p>Los martes de agosto tambi\u00e9n se hacen rutas hist\u00f3rico-naturalistas en bicicleta por la ciudad con el recorrido \u2018Pamplona a pedales\u2019<\/p>\n","protected":false},"author":1,"featured_media":41154,"comment_status":"open","ping_status":"closed","sticky":false,"template":"","format":"standard","meta":{"footnotes":""},"categories":[2],"tags":[],"class_list":["post-41153","post","type-post","status-publish","format-standard","has-post-thumbnail","hentry","category-ayuntamiento-pamplona"],"yoast_head":"<!-- This site is optimized with the Yoast SEO plugin v27.3 - https:\/\/yoast.com\/product\/yoast-seo-wordpress\/ -->\n<title>Kayak en el Arga, la propuesta de ocio del Ayuntamiento de Pamplona para el calor del verano<\/title>\n<meta name=\"description\" content=\"Los martes de agosto tambi\u00e9n se hacen rutas hist\u00f3rico-naturalistas en bicicleta por la ciudad con el recorrido \u2018Pamplona a pedales\u2019\" \/>\n<meta name=\"robots\" content=\"index, follow, max-snippet:-1, max-image-preview:large, max-video-preview:-1\" \/>\n<link rel=\"canonical\" href=\"https:\/\/www.laguiadepamplona.com\/actualidad\/kayak-en-el-arga-la-propuesta-de-ocio-del-ayuntamiento-de-pamplona-para-el-calor-del-verano\/\" \/>\n<meta property=\"og:locale\" content=\"es_ES\" \/>\n<meta property=\"og:type\" content=\"article\" \/>\n<meta property=\"og:title\" content=\"Kayak en el Arga, la propuesta de ocio del Ayuntamiento de Pamplona para el calor del verano\" \/>\n<meta property=\"og:description\" content=\"Los martes de agosto tambi\u00e9n se hacen rutas hist\u00f3rico-naturalistas en bicicleta por la ciudad con el recorrido \u2018Pamplona a pedales\u2019\" \/>\n<meta property=\"og:url\" content=\"https:\/\/www.laguiadepamplona.com\/actualidad\/kayak-en-el-arga-la-propuesta-de-ocio-del-ayuntamiento-de-pamplona-para-el-calor-del-verano\/\" \/>\n<meta property=\"og:site_name\" content=\"La Gu\u00eda de Pamplona\" \/>\n<meta property=\"article:publisher\" content=\"https:\/\/www.facebook.com\/laguiadepamplonacom-133175176762273\/?ref=hl\" \/>\n<meta property=\"article:published_time\" content=\"2022-08-02T10:34:12+00:00\" \/>\n<meta property=\"article:modified_time\" content=\"2023-04-11T09:47:57+00:00\" \/>\n<meta property=\"og:image\" content=\"https:\/\/www.laguiadepamplona.com\/actualidad\/wp-content\/uploads\/2022\/08\/kayak-arga.jpg\" \/>\n\t<meta property=\"og:image:width\" content=\"960\" \/>\n\t<meta property=\"og:image:height\" content=\"720\" \/>\n\t<meta property=\"og:image:type\" content=\"image\/jpeg\" \/>\n<meta name=\"author\" content=\"La Gu\u00eda de Pamplona\" \/>\n<meta name=\"twitter:card\" content=\"summary_large_image\" \/>\n<meta name=\"twitter:creator\" content=\"@LaGuiadPamplona\" \/>\n<meta name=\"twitter:site\" content=\"@LaGuiadPamplona\" \/>\n<meta name=\"twitter:label1\" content=\"Escrito por\" \/>\n\t<meta name=\"twitter:data1\" content=\"La Gu\u00eda de Pamplona\" \/>\n\t<meta name=\"twitter:label2\" content=\"Tiempo de lectura\" \/>\n\t<meta name=\"twitter:data2\" content=\"3 minutos\" \/>\n<script type=\"application\/ld+json\" class=\"yoast-schema-graph\">{\"@context\":\"https:\\\/\\\/schema.org\",\"@graph\":[{\"@type\":\"Article\",\"@id\":\"https:\\\/\\\/www.laguiadepamplona.com\\\/actualidad\\\/kayak-en-el-arga-la-propuesta-de-ocio-del-ayuntamiento-de-pamplona-para-el-calor-del-verano\\\/#article\",\"isPartOf\":{\"@id\":\"https:\\\/\\\/www.laguiadepamplona.com\\\/actualidad\\\/kayak-en-el-arga-la-propuesta-de-ocio-del-ayuntamiento-de-pamplona-para-el-calor-del-verano\\\/\"},\"author\":{\"name\":\"La Gu\u00eda de Pamplona\",\"@id\":\"https:\\\/\\\/www.laguiadepamplona.com\\\/actualidad\\\/#\\\/schema\\\/person\\\/efe887376f0213d4657c93adc50b1fdb\"},\"headline\":\"Kayak en el Arga, la propuesta de ocio del Ayuntamiento de Pamplona para el calor del verano\",\"datePublished\":\"2022-08-02T10:34:12+00:00\",\"dateModified\":\"2023-04-11T09:47:57+00:00\",\"mainEntityOfPage\":{\"@id\":\"https:\\\/\\\/www.laguiadepamplona.com\\\/actualidad\\\/kayak-en-el-arga-la-propuesta-de-ocio-del-ayuntamiento-de-pamplona-para-el-calor-del-verano\\\/\"},\"wordCount\":592,\"commentCount\":0,\"publisher\":{\"@id\":\"https:\\\/\\\/www.laguiadepamplona.com\\\/actualidad\\\/#organization\"},\"image\":{\"@id\":\"https:\\\/\\\/www.laguiadepamplona.com\\\/actualidad\\\/kayak-en-el-arga-la-propuesta-de-ocio-del-ayuntamiento-de-pamplona-para-el-calor-del-verano\\\/#primaryimage\"},\"thumbnailUrl\":\"https:\\\/\\\/www.laguiadepamplona.com\\\/actualidad\\\/wp-content\\\/uploads\\\/2022\\\/08\\\/kayak-arga.jpg\",\"articleSection\":[\"Ayto Pamplona\"],\"inLanguage\":\"es\",\"potentialAction\":[{\"@type\":\"CommentAction\",\"name\":\"Comment\",\"target\":[\"https:\\\/\\\/www.laguiadepamplona.com\\\/actualidad\\\/kayak-en-el-arga-la-propuesta-de-ocio-del-ayuntamiento-de-pamplona-para-el-calor-del-verano\\\/#respond\"]}]},{\"@type\":\"WebPage\",\"@id\":\"https:\\\/\\\/www.laguiadepamplona.com\\\/actualidad\\\/kayak-en-el-arga-la-propuesta-de-ocio-del-ayuntamiento-de-pamplona-para-el-calor-del-verano\\\/\",\"url\":\"https:\\\/\\\/www.laguiadepamplona.com\\\/actualidad\\\/kayak-en-el-arga-la-propuesta-de-ocio-del-ayuntamiento-de-pamplona-para-el-calor-del-verano\\\/\",\"name\":\"Kayak en el Arga, la propuesta de ocio del Ayuntamiento de Pamplona para el calor del verano\",\"isPartOf\":{\"@id\":\"https:\\\/\\\/www.laguiadepamplona.com\\\/actualidad\\\/#website\"},\"primaryImageOfPage\":{\"@id\":\"https:\\\/\\\/www.laguiadepamplona.com\\\/actualidad\\\/kayak-en-el-arga-la-propuesta-de-ocio-del-ayuntamiento-de-pamplona-para-el-calor-del-verano\\\/#primaryimage\"},\"image\":{\"@id\":\"https:\\\/\\\/www.laguiadepamplona.com\\\/actualidad\\\/kayak-en-el-arga-la-propuesta-de-ocio-del-ayuntamiento-de-pamplona-para-el-calor-del-verano\\\/#primaryimage\"},\"thumbnailUrl\":\"https:\\\/\\\/www.laguiadepamplona.com\\\/actualidad\\\/wp-content\\\/uploads\\\/2022\\\/08\\\/kayak-arga.jpg\",\"datePublished\":\"2022-08-02T10:34:12+00:00\",\"dateModified\":\"2023-04-11T09:47:57+00:00\",\"description\":\"Los martes de agosto tambi\u00e9n se hacen rutas hist\u00f3rico-naturalistas en bicicleta por la ciudad con el recorrido \u2018Pamplona a pedales\u2019\",\"breadcrumb\":{\"@id\":\"https:\\\/\\\/www.laguiadepamplona.com\\\/actualidad\\\/kayak-en-el-arga-la-propuesta-de-ocio-del-ayuntamiento-de-pamplona-para-el-calor-del-verano\\\/#breadcrumb\"},\"inLanguage\":\"es\",\"potentialAction\":[{\"@type\":\"ReadAction\",\"target\":[\"https:\\\/\\\/www.laguiadepamplona.com\\\/actualidad\\\/kayak-en-el-arga-la-propuesta-de-ocio-del-ayuntamiento-de-pamplona-para-el-calor-del-verano\\\/\"]}]},{\"@type\":\"ImageObject\",\"inLanguage\":\"es\",\"@id\":\"https:\\\/\\\/www.laguiadepamplona.com\\\/actualidad\\\/kayak-en-el-arga-la-propuesta-de-ocio-del-ayuntamiento-de-pamplona-para-el-calor-del-verano\\\/#primaryimage\",\"url\":\"https:\\\/\\\/www.laguiadepamplona.com\\\/actualidad\\\/wp-content\\\/uploads\\\/2022\\\/08\\\/kayak-arga.jpg\",\"contentUrl\":\"https:\\\/\\\/www.laguiadepamplona.com\\\/actualidad\\\/wp-content\\\/uploads\\\/2022\\\/08\\\/kayak-arga.jpg\",\"width\":960,\"height\":720},{\"@type\":\"BreadcrumbList\",\"@id\":\"https:\\\/\\\/www.laguiadepamplona.com\\\/actualidad\\\/kayak-en-el-arga-la-propuesta-de-ocio-del-ayuntamiento-de-pamplona-para-el-calor-del-verano\\\/#breadcrumb\",\"itemListElement\":[{\"@type\":\"ListItem\",\"position\":1,\"name\":\"Portada\",\"item\":\"https:\\\/\\\/www.laguiadepamplona.com\\\/actualidad\\\/\"},{\"@type\":\"ListItem\",\"position\":2,\"name\":\"Kayak en el Arga, la propuesta de ocio del Ayuntamiento de Pamplona para el calor del verano\"}]},{\"@type\":\"WebSite\",\"@id\":\"https:\\\/\\\/www.laguiadepamplona.com\\\/actualidad\\\/#website\",\"url\":\"https:\\\/\\\/www.laguiadepamplona.com\\\/actualidad\\\/\",\"name\":\"La gu\u00eda de Pamplona\",\"description\":\"Noticias de Pamplona\",\"publisher\":{\"@id\":\"https:\\\/\\\/www.laguiadepamplona.com\\\/actualidad\\\/#organization\"},\"potentialAction\":[{\"@type\":\"SearchAction\",\"target\":{\"@type\":\"EntryPoint\",\"urlTemplate\":\"https:\\\/\\\/www.laguiadepamplona.com\\\/actualidad\\\/?s={search_term_string}\"},\"query-input\":{\"@type\":\"PropertyValueSpecification\",\"valueRequired\":true,\"valueName\":\"search_term_string\"}}],\"inLanguage\":\"es\"},{\"@type\":\"Organization\",\"@id\":\"https:\\\/\\\/www.laguiadepamplona.com\\\/actualidad\\\/#organization\",\"name\":\"La Gu\u00eda de Pamplona \\\/ Noticias\",\"url\":\"https:\\\/\\\/www.laguiadepamplona.com\\\/actualidad\\\/\",\"logo\":{\"@type\":\"ImageObject\",\"inLanguage\":\"es\",\"@id\":\"https:\\\/\\\/www.laguiadepamplona.com\\\/actualidad\\\/#\\\/schema\\\/logo\\\/image\\\/\",\"url\":\"https:\\\/\\\/www.laguiadepamplona.com\\\/actualidad\\\/wp-content\\\/uploads\\\/2018\\\/11\\\/logo-laguiadepamplona18-web1.png\",\"contentUrl\":\"https:\\\/\\\/www.laguiadepamplona.com\\\/actualidad\\\/wp-content\\\/uploads\\\/2018\\\/11\\\/logo-laguiadepamplona18-web1.png\",\"width\":600,\"height\":196,\"caption\":\"La Gu\u00eda de Pamplona \\\/ Noticias\"},\"image\":{\"@id\":\"https:\\\/\\\/www.laguiadepamplona.com\\\/actualidad\\\/#\\\/schema\\\/logo\\\/image\\\/\"},\"sameAs\":[\"https:\\\/\\\/www.facebook.com\\\/laguiadepamplonacom-133175176762273\\\/?ref=hl\",\"https:\\\/\\\/x.com\\\/LaGuiadPamplona\",\"https:\\\/\\\/www.instagram.com\\\/la_guia_de_pamplona\\\/\",\"https:\\\/\\\/www.youtube.com\\\/user\\\/laguiadepamplona\"]},{\"@type\":\"Person\",\"@id\":\"https:\\\/\\\/www.laguiadepamplona.com\\\/actualidad\\\/#\\\/schema\\\/person\\\/efe887376f0213d4657c93adc50b1fdb\",\"name\":\"La Gu\u00eda de Pamplona\",\"image\":{\"@type\":\"ImageObject\",\"inLanguage\":\"es\",\"@id\":\"https:\\\/\\\/secure.gravatar.com\\\/avatar\\\/b6992f131dc8d30ab0dff15446e9d346d9dbd95992de0fef795073f5ea83a81c?s=96&d=mm&r=g\",\"url\":\"https:\\\/\\\/secure.gravatar.com\\\/avatar\\\/b6992f131dc8d30ab0dff15446e9d346d9dbd95992de0fef795073f5ea83a81c?s=96&d=mm&r=g\",\"contentUrl\":\"https:\\\/\\\/secure.gravatar.com\\\/avatar\\\/b6992f131dc8d30ab0dff15446e9d346d9dbd95992de0fef795073f5ea83a81c?s=96&d=mm&r=g\",\"caption\":\"La Gu\u00eda de Pamplona\"}}]}<\/script>\n<!-- \/ Yoast SEO plugin. -->","yoast_head_json":{"title":"Kayak en el Arga, la propuesta de ocio del Ayuntamiento de Pamplona para el calor del verano","description":"Los martes de agosto tambi\u00e9n se hacen rutas hist\u00f3rico-naturalistas en bicicleta por la ciudad con el recorrido \u2018Pamplona a pedales\u2019","robots":{"index":"index","follow":"follow","max-snippet":"max-snippet:-1","max-image-preview":"max-image-preview:large","max-video-preview":"max-video-preview:-1"},"canonical":"https:\/\/www.laguiadepamplona.com\/actualidad\/kayak-en-el-arga-la-propuesta-de-ocio-del-ayuntamiento-de-pamplona-para-el-calor-del-verano\/","og_locale":"es_ES","og_type":"article","og_title":"Kayak en el Arga, la propuesta de ocio del Ayuntamiento de Pamplona para el calor del verano","og_description":"Los martes de agosto tambi\u00e9n se hacen rutas hist\u00f3rico-naturalistas en bicicleta por la ciudad con el recorrido \u2018Pamplona a pedales\u2019","og_url":"https:\/\/www.laguiadepamplona.com\/actualidad\/kayak-en-el-arga-la-propuesta-de-ocio-del-ayuntamiento-de-pamplona-para-el-calor-del-verano\/","og_site_name":"La Gu\u00eda de Pamplona","article_publisher":"https:\/\/www.facebook.com\/laguiadepamplonacom-133175176762273\/?ref=hl","article_published_time":"2022-08-02T10:34:12+00:00","article_modified_time":"2023-04-11T09:47:57+00:00","og_image":[{"width":960,"height":720,"url":"https:\/\/www.laguiadepamplona.com\/actualidad\/wp-content\/uploads\/2022\/08\/kayak-arga.jpg","type":"image\/jpeg"}],"author":"La Gu\u00eda de Pamplona","twitter_card":"summary_large_image","twitter_creator":"@LaGuiadPamplona","twitter_site":"@LaGuiadPamplona","twitter_misc":{"Escrito por":"La Gu\u00eda de Pamplona","Tiempo de lectura":"3 minutos"},"schema":{"@context":"https:\/\/schema.org","@graph":[{"@type":"Article","@id":"https:\/\/www.laguiadepamplona.com\/actualidad\/kayak-en-el-arga-la-propuesta-de-ocio-del-ayuntamiento-de-pamplona-para-el-calor-del-verano\/#article","isPartOf":{"@id":"https:\/\/www.laguiadepamplona.com\/actualidad\/kayak-en-el-arga-la-propuesta-de-ocio-del-ayuntamiento-de-pamplona-para-el-calor-del-verano\/"},"author":{"name":"La Gu\u00eda de Pamplona","@id":"https:\/\/www.laguiadepamplona.com\/actualidad\/#\/schema\/person\/efe887376f0213d4657c93adc50b1fdb"},"headline":"Kayak en el Arga, la propuesta de ocio del Ayuntamiento de Pamplona para el calor del verano","datePublished":"2022-08-02T10:34:12+00:00","dateModified":"2023-04-11T09:47:57+00:00","mainEntityOfPage":{"@id":"https:\/\/www.laguiadepamplona.com\/actualidad\/kayak-en-el-arga-la-propuesta-de-ocio-del-ayuntamiento-de-pamplona-para-el-calor-del-verano\/"},"wordCount":592,"commentCount":0,"publisher":{"@id":"https:\/\/www.laguiadepamplona.com\/actualidad\/#organization"},"image":{"@id":"https:\/\/www.laguiadepamplona.com\/actualidad\/kayak-en-el-arga-la-propuesta-de-ocio-del-ayuntamiento-de-pamplona-para-el-calor-del-verano\/#primaryimage"},"thumbnailUrl":"https:\/\/www.laguiadepamplona.com\/actualidad\/wp-content\/uploads\/2022\/08\/kayak-arga.jpg","articleSection":["Ayto Pamplona"],"inLanguage":"es","potentialAction":[{"@type":"CommentAction","name":"Comment","target":["https:\/\/www.laguiadepamplona.com\/actualidad\/kayak-en-el-arga-la-propuesta-de-ocio-del-ayuntamiento-de-pamplona-para-el-calor-del-verano\/#respond"]}]},{"@type":"WebPage","@id":"https:\/\/www.laguiadepamplona.com\/actualidad\/kayak-en-el-arga-la-propuesta-de-ocio-del-ayuntamiento-de-pamplona-para-el-calor-del-verano\/","url":"https:\/\/www.laguiadepamplona.com\/actualidad\/kayak-en-el-arga-la-propuesta-de-ocio-del-ayuntamiento-de-pamplona-para-el-calor-del-verano\/","name":"Kayak en el Arga, la propuesta de ocio del Ayuntamiento de Pamplona para el calor del verano","isPartOf":{"@id":"https:\/\/www.laguiadepamplona.com\/actualidad\/#website"},"primaryImageOfPage":{"@id":"https:\/\/www.laguiadepamplona.com\/actualidad\/kayak-en-el-arga-la-propuesta-de-ocio-del-ayuntamiento-de-pamplona-para-el-calor-del-verano\/#primaryimage"},"image":{"@id":"https:\/\/www.laguiadepamplona.com\/actualidad\/kayak-en-el-arga-la-propuesta-de-ocio-del-ayuntamiento-de-pamplona-para-el-calor-del-verano\/#primaryimage"},"thumbnailUrl":"https:\/\/www.laguiadepamplona.com\/actualidad\/wp-content\/uploads\/2022\/08\/kayak-arga.jpg","datePublished":"2022-08-02T10:34:12+00:00","dateModified":"2023-04-11T09:47:57+00:00","description":"Los martes de agosto tambi\u00e9n se hacen rutas hist\u00f3rico-naturalistas en bicicleta por la ciudad con el recorrido \u2018Pamplona a pedales\u2019","breadcrumb":{"@id":"https:\/\/www.laguiadepamplona.com\/actualidad\/kayak-en-el-arga-la-propuesta-de-ocio-del-ayuntamiento-de-pamplona-para-el-calor-del-verano\/#breadcrumb"},"inLanguage":"es","potentialAction":[{"@type":"ReadAction","target":["https:\/\/www.laguiadepamplona.com\/actualidad\/kayak-en-el-arga-la-propuesta-de-ocio-del-ayuntamiento-de-pamplona-para-el-calor-del-verano\/"]}]},{"@type":"ImageObject","inLanguage":"es","@id":"https:\/\/www.laguiadepamplona.com\/actualidad\/kayak-en-el-arga-la-propuesta-de-ocio-del-ayuntamiento-de-pamplona-para-el-calor-del-verano\/#primaryimage","url":"https:\/\/www.laguiadepamplona.com\/actualidad\/wp-content\/uploads\/2022\/08\/kayak-arga.jpg","contentUrl":"https:\/\/www.laguiadepamplona.com\/actualidad\/wp-content\/uploads\/2022\/08\/kayak-arga.jpg","width":960,"height":720},{"@type":"BreadcrumbList","@id":"https:\/\/www.laguiadepamplona.com\/actualidad\/kayak-en-el-arga-la-propuesta-de-ocio-del-ayuntamiento-de-pamplona-para-el-calor-del-verano\/#breadcrumb","itemListElement":[{"@type":"ListItem","position":1,"name":"Portada","item":"https:\/\/www.laguiadepamplona.com\/actualidad\/"},{"@type":"ListItem","position":2,"name":"Kayak en el Arga, la propuesta de ocio del Ayuntamiento de Pamplona para el calor del verano"}]},{"@type":"WebSite","@id":"https:\/\/www.laguiadepamplona.com\/actualidad\/#website","url":"https:\/\/www.laguiadepamplona.com\/actualidad\/","name":"La gu\u00eda de Pamplona","description":"Noticias de Pamplona","publisher":{"@id":"https:\/\/www.laguiadepamplona.com\/actualidad\/#organization"},"potentialAction":[{"@type":"SearchAction","target":{"@type":"EntryPoint","urlTemplate":"https:\/\/www.laguiadepamplona.com\/actualidad\/?s={search_term_string}"},"query-input":{"@type":"PropertyValueSpecification","valueRequired":true,"valueName":"search_term_string"}}],"inLanguage":"es"},{"@type":"Organization","@id":"https:\/\/www.laguiadepamplona.com\/actualidad\/#organization","name":"La Gu\u00eda de Pamplona \/ Noticias","url":"https:\/\/www.laguiadepamplona.com\/actualidad\/","logo":{"@type":"ImageObject","inLanguage":"es","@id":"https:\/\/www.laguiadepamplona.com\/actualidad\/#\/schema\/logo\/image\/","url":"https:\/\/www.laguiadepamplona.com\/actualidad\/wp-content\/uploads\/2018\/11\/logo-laguiadepamplona18-web1.png","contentUrl":"https:\/\/www.laguiadepamplona.com\/actualidad\/wp-content\/uploads\/2018\/11\/logo-laguiadepamplona18-web1.png","width":600,"height":196,"caption":"La Gu\u00eda de Pamplona \/ Noticias"},"image":{"@id":"https:\/\/www.laguiadepamplona.com\/actualidad\/#\/schema\/logo\/image\/"},"sameAs":["https:\/\/www.facebook.com\/laguiadepamplonacom-133175176762273\/?ref=hl","https:\/\/x.com\/LaGuiadPamplona","https:\/\/www.instagram.com\/la_guia_de_pamplona\/","https:\/\/www.youtube.com\/user\/laguiadepamplona"]},{"@type":"Person","@id":"https:\/\/www.laguiadepamplona.com\/actualidad\/#\/schema\/person\/efe887376f0213d4657c93adc50b1fdb","name":"La Gu\u00eda de Pamplona","image":{"@type":"ImageObject","inLanguage":"es","@id":"https:\/\/secure.gravatar.com\/avatar\/b6992f131dc8d30ab0dff15446e9d346d9dbd95992de0fef795073f5ea83a81c?s=96&d=mm&r=g","url":"https:\/\/secure.gravatar.com\/avatar\/b6992f131dc8d30ab0dff15446e9d346d9dbd95992de0fef795073f5ea83a81c?s=96&d=mm&r=g","contentUrl":"https:\/\/secure.gravatar.com\/avatar\/b6992f131dc8d30ab0dff15446e9d346d9dbd95992de0fef795073f5ea83a81c?s=96&d=mm&r=g","caption":"La Gu\u00eda de Pamplona"}}]}},"post_mailing_queue_ids":[],"_links":{"self":[{"href":"https:\/\/www.laguiadepamplona.com\/actualidad\/wp-json\/wp\/v2\/posts\/41153","targetHints":{"allow":["GET"]}}],"collection":[{"href":"https:\/\/www.laguiadepamplona.com\/actualidad\/wp-json\/wp\/v2\/posts"}],"about":[{"href":"https:\/\/www.laguiadepamplona.com\/actualidad\/wp-json\/wp\/v2\/types\/post"}],"author":[{"embeddable":true,"href":"https:\/\/www.laguiadepamplona.com\/actualidad\/wp-json\/wp\/v2\/users\/1"}],"replies":[{"embeddable":true,"href":"https:\/\/www.laguiadepamplona.com\/actualidad\/wp-json\/wp\/v2\/comments?post=41153"}],"version-history":[{"count":0,"href":"https:\/\/www.laguiadepamplona.com\/actualidad\/wp-json\/wp\/v2\/posts\/41153\/revisions"}],"wp:featuredmedia":[{"embeddable":true,"href":"https:\/\/www.laguiadepamplona.com\/actualidad\/wp-json\/wp\/v2\/media\/41154"}],"wp:attachment":[{"href":"https:\/\/www.laguiadepamplona.com\/actualidad\/wp-json\/wp\/v2\/media?parent=41153"}],"wp:term":[{"taxonomy":"category","embeddable":true,"href":"https:\/\/www.laguiadepamplona.com\/actualidad\/wp-json\/wp\/v2\/categories?post=41153"},{"taxonomy":"post_tag","embeddable":true,"href":"https:\/\/www.laguiadepamplona.com\/actualidad\/wp-json\/wp\/v2\/tags?post=41153"}],"curies":[{"name":"wp","href":"https:\/\/api.w.org\/{rel}","templated":true}]}}