{"id":41148,"date":"2022-08-02T12:29:53","date_gmt":"2022-08-02T10:29:53","guid":{"rendered":"https:\/\/www.laguiadepamplona.com\/actualidad\/?p=41148"},"modified":"2023-04-11T11:47:57","modified_gmt":"2023-04-11T09:47:57","slug":"comienza-esta-tarde-la-programacion-familiar-en-el-palacio-de-ezpeleta-que-se-extendera-hasta-el-24-de-agosto","status":"publish","type":"post","link":"https:\/\/www.laguiadepamplona.com\/actualidad\/comienza-esta-tarde-la-programacion-familiar-en-el-palacio-de-ezpeleta-que-se-extendera-hasta-el-24-de-agosto\/","title":{"rendered":"Comienza esta tarde la programaci\u00f3n familiar en el palacio de Ezpeleta que se extender\u00e1 hasta el 24 de agosto"},"content":{"rendered":"<h5>Son actividades gratuitas, aunque algunas de las programadas requieren inscripci\u00f3n previa mediante el sistema habitual de la red Civivox<\/h5>\n<p><!--more--><\/p>\n<p>Esta semana el palacio de Ezpeleta (entrada por la calle San Francisco del Casco Antiguo) contin\u00faa con la programaci\u00f3n estival. Esta tarde los clowns tomar\u00e1n el patio a las 19 horas con el espect\u00e1culo \u2018Gabe\u2019 de Oihulari Klown, una compa\u00f1\u00eda que inici\u00f3 su andadura en 1988 dentro de esta modalidad art\u00edstica y que tambi\u00e9n trabaja en el \u00e1mbito de la narraci\u00f3n oral. Es el ciclo de Artes de Calle que tendr\u00e1 lugar en ese espacio cada martes de agosto, con entrada libre.<br \/>\n<script async src=\"\/\/pagead2.googlesyndication.com\/pagead\/js\/adsbygoogle.js\"><\/script><br \/>\n<!-- Noticias La Guia de Pamplona --><br \/>\n<ins class=\"adsbygoogle\"\nstyle=\"display:block\"\ndata-ad-client=\"ca-pub-6943679897239327\"\ndata-ad-slot=\"7048180777\"\ndata-ad-format=\"auto\"><\/ins><br \/>\n<script>\n(adsbygoogle = window.adsbygoogle || []).push({});\n<\/script><\/p>\n<p>Los mi\u00e9rcoles, a esa misma hora, los espect\u00e1culos de Ezpeleta est\u00e1n agrupados bajo el t\u00edtulo \u2018Respirando m\u00fasica en familia\u2019. En este caso el 3 de agosto la banda del Capit\u00e1n Corchea, liderada por el saxofonista, compositor, inventor de instrumentos, letrista, poeta, cantante, creador y director art\u00edstico de varios festivales internacionales de jazz Jos\u00e9 Luis Guti\u00e9rrez, presenta su \u00faltimo \u00e1lbum La Contraria, en un show recomendado por la Red Nacional de Teatros. Ser\u00e1 un concierto did\u00e1ctico desde el humor.<\/p>\n<p>El jueves 4 de agosto el patio combinar\u00e1 taller y espect\u00e1culo. A las 18.30 horas est\u00e1 previsto un taller de circo de Prospero Teatro que acoger\u00e1 dos grupos de 10 ni\u00f1os y ni\u00f1as de entre 5 y 10 a\u00f1os, en compa\u00f1\u00eda de una persona adulta. Se trata de descubrir los g\u00e9neros circenses a trav\u00e9s de ejercicios de coordinaci\u00f3n, concentraci\u00f3n, creaci\u00f3n colectiva y disociaci\u00f3n. El taller es gratuito, pero hace falta inscripci\u00f3n previa en <a href=\"http:\/\/www.pamplonaescultura.es\" target=\"_blank\" rel=\"noopener\">www.pamplonaescultura.es<\/a>, en el tel\u00e9fono de Atenci\u00f3n Ciudadana 010 o presencialmente en cualquier Civivox. Luego, a las 20 horas, las personas presentes, podr\u00e1n disfrutar como p\u00fablico o como artistas del espect\u00e1culo gratuito \u2018Kapikua Circus\u2019.<br \/>\n<script async src=\"\/\/pagead2.googlesyndication.com\/pagead\/js\/adsbygoogle.js\"><\/script><br \/>\n<!-- Noticias La Guia de Pamplona --><br \/>\n<ins class=\"adsbygoogle\"\nstyle=\"display:block\"\ndata-ad-client=\"ca-pub-6943679897239327\"\ndata-ad-slot=\"7048180777\"\ndata-ad-format=\"auto\"><\/ins><br \/>\n<script>\n(adsbygoogle = window.adsbygoogle || []).push({});\n<\/script><\/p>\n<p>La oferta de este espacio incluye juegos y espacios creativos. El lunes 8 de agosto Jokai la completa con \u2018Larun\u2019, una instalaci\u00f3n de juegos artesanales inspirados en la mitolog\u00eda vasca ideada por Jon Artola Urrutia y Jabier Leoz Aristu. Es una muestra itinerante compuesta por una colecci\u00f3n de juegos creativos realizados artesanalmente y con un dise\u00f1o exclusivo, tanto en la realizaci\u00f3n t\u00e9cnica, como en la art\u00edstica. Esta muestra est\u00e1 hecha para participar y quiere poner en valor el juego inclusivo, aut\u00f3nomo, creativo y cooperativo, en tiempos en los que los dispositivos electr\u00f3nicos acaparan la forma de jugar y relacionarse<\/p>\n<p>Adem\u00e1s, quiere promover las relaciones intergeneracionales ya que el espacio est\u00e1 dirigida a dos tipos de p\u00fablico. Por un lado, ni\u00f1as y ni\u00f1os de 0 a 3 a\u00f1os que dentro del llamado Espacio Montessori experimentar\u00e1n por rincones con el autoaprendizaje mediante su interacci\u00f3n con materiales dise\u00f1ados exclusivamente para la manipulaci\u00f3n sensorial y, por otro un espacio m\u00e1s generalista para personas de entre 3 y 99 a\u00f1os.<\/p>\n","protected":false},"excerpt":{"rendered":"<p>Son actividades gratuitas, aunque algunas de las programadas requieren inscripci\u00f3n previa mediante el sistema habitual de la red Civivox<\/p>\n","protected":false},"author":1,"featured_media":41150,"comment_status":"open","ping_status":"closed","sticky":false,"template":"","format":"standard","meta":{"footnotes":""},"categories":[2],"tags":[],"class_list":["post-41148","post","type-post","status-publish","format-standard","has-post-thumbnail","hentry","category-ayuntamiento-pamplona"],"yoast_head":"<!-- This site is optimized with the Yoast SEO plugin v27.3 - https:\/\/yoast.com\/product\/yoast-seo-wordpress\/ -->\n<title>Comienza esta tarde la programaci\u00f3n familiar en el palacio de Ezpeleta que se extender\u00e1 hasta el 24 de agosto<\/title>\n<meta name=\"description\" content=\"Son actividades gratuitas, aunque algunas de las programadas requieren inscripci\u00f3n previa mediante el sistema habitual de la red Civivox\" \/>\n<meta name=\"robots\" content=\"index, follow, max-snippet:-1, max-image-preview:large, max-video-preview:-1\" \/>\n<link rel=\"canonical\" href=\"https:\/\/www.laguiadepamplona.com\/actualidad\/comienza-esta-tarde-la-programacion-familiar-en-el-palacio-de-ezpeleta-que-se-extendera-hasta-el-24-de-agosto\/\" \/>\n<meta property=\"og:locale\" content=\"es_ES\" \/>\n<meta property=\"og:type\" content=\"article\" \/>\n<meta property=\"og:title\" content=\"Comienza esta tarde la programaci\u00f3n familiar en el palacio de Ezpeleta que se extender\u00e1 hasta el 24 de agosto\" \/>\n<meta property=\"og:description\" content=\"Son actividades gratuitas, aunque algunas de las programadas requieren inscripci\u00f3n previa mediante el sistema habitual de la red Civivox\" \/>\n<meta property=\"og:url\" content=\"https:\/\/www.laguiadepamplona.com\/actualidad\/comienza-esta-tarde-la-programacion-familiar-en-el-palacio-de-ezpeleta-que-se-extendera-hasta-el-24-de-agosto\/\" \/>\n<meta property=\"og:site_name\" content=\"La Gu\u00eda de Pamplona\" \/>\n<meta property=\"article:publisher\" content=\"https:\/\/www.facebook.com\/laguiadepamplonacom-133175176762273\/?ref=hl\" \/>\n<meta property=\"article:published_time\" content=\"2022-08-02T10:29:53+00:00\" \/>\n<meta property=\"article:modified_time\" content=\"2023-04-11T09:47:57+00:00\" \/>\n<meta property=\"og:image\" content=\"https:\/\/www.laguiadepamplona.com\/actualidad\/wp-content\/uploads\/2022\/08\/ARTE-EN-LA-CALLE-PALACIO-EZPELETA-F1A5877.webp\" \/>\n\t<meta property=\"og:image:width\" content=\"1920\" \/>\n\t<meta property=\"og:image:height\" content=\"1280\" \/>\n\t<meta property=\"og:image:type\" content=\"image\/webp\" \/>\n<meta name=\"author\" content=\"La Gu\u00eda de Pamplona\" \/>\n<meta name=\"twitter:card\" content=\"summary_large_image\" \/>\n<meta name=\"twitter:creator\" content=\"@LaGuiadPamplona\" \/>\n<meta name=\"twitter:site\" content=\"@LaGuiadPamplona\" \/>\n<meta name=\"twitter:label1\" content=\"Escrito por\" \/>\n\t<meta name=\"twitter:data1\" content=\"La Gu\u00eda de Pamplona\" \/>\n\t<meta name=\"twitter:label2\" content=\"Tiempo de lectura\" \/>\n\t<meta name=\"twitter:data2\" content=\"3 minutos\" \/>\n<script type=\"application\/ld+json\" class=\"yoast-schema-graph\">{\"@context\":\"https:\\\/\\\/schema.org\",\"@graph\":[{\"@type\":\"Article\",\"@id\":\"https:\\\/\\\/www.laguiadepamplona.com\\\/actualidad\\\/comienza-esta-tarde-la-programacion-familiar-en-el-palacio-de-ezpeleta-que-se-extendera-hasta-el-24-de-agosto\\\/#article\",\"isPartOf\":{\"@id\":\"https:\\\/\\\/www.laguiadepamplona.com\\\/actualidad\\\/comienza-esta-tarde-la-programacion-familiar-en-el-palacio-de-ezpeleta-que-se-extendera-hasta-el-24-de-agosto\\\/\"},\"author\":{\"name\":\"La Gu\u00eda de Pamplona\",\"@id\":\"https:\\\/\\\/www.laguiadepamplona.com\\\/actualidad\\\/#\\\/schema\\\/person\\\/efe887376f0213d4657c93adc50b1fdb\"},\"headline\":\"Comienza esta tarde la programaci\u00f3n familiar en el palacio de Ezpeleta que se extender\u00e1 hasta el 24 de agosto\",\"datePublished\":\"2022-08-02T10:29:53+00:00\",\"dateModified\":\"2023-04-11T09:47:57+00:00\",\"mainEntityOfPage\":{\"@id\":\"https:\\\/\\\/www.laguiadepamplona.com\\\/actualidad\\\/comienza-esta-tarde-la-programacion-familiar-en-el-palacio-de-ezpeleta-que-se-extendera-hasta-el-24-de-agosto\\\/\"},\"wordCount\":511,\"commentCount\":0,\"publisher\":{\"@id\":\"https:\\\/\\\/www.laguiadepamplona.com\\\/actualidad\\\/#organization\"},\"image\":{\"@id\":\"https:\\\/\\\/www.laguiadepamplona.com\\\/actualidad\\\/comienza-esta-tarde-la-programacion-familiar-en-el-palacio-de-ezpeleta-que-se-extendera-hasta-el-24-de-agosto\\\/#primaryimage\"},\"thumbnailUrl\":\"https:\\\/\\\/www.laguiadepamplona.com\\\/actualidad\\\/wp-content\\\/uploads\\\/2022\\\/08\\\/ARTE-EN-LA-CALLE-PALACIO-EZPELETA-F1A5877.webp\",\"articleSection\":[\"Ayto Pamplona\"],\"inLanguage\":\"es\",\"potentialAction\":[{\"@type\":\"CommentAction\",\"name\":\"Comment\",\"target\":[\"https:\\\/\\\/www.laguiadepamplona.com\\\/actualidad\\\/comienza-esta-tarde-la-programacion-familiar-en-el-palacio-de-ezpeleta-que-se-extendera-hasta-el-24-de-agosto\\\/#respond\"]}]},{\"@type\":\"WebPage\",\"@id\":\"https:\\\/\\\/www.laguiadepamplona.com\\\/actualidad\\\/comienza-esta-tarde-la-programacion-familiar-en-el-palacio-de-ezpeleta-que-se-extendera-hasta-el-24-de-agosto\\\/\",\"url\":\"https:\\\/\\\/www.laguiadepamplona.com\\\/actualidad\\\/comienza-esta-tarde-la-programacion-familiar-en-el-palacio-de-ezpeleta-que-se-extendera-hasta-el-24-de-agosto\\\/\",\"name\":\"Comienza esta tarde la programaci\u00f3n familiar en el palacio de Ezpeleta que se extender\u00e1 hasta el 24 de agosto\",\"isPartOf\":{\"@id\":\"https:\\\/\\\/www.laguiadepamplona.com\\\/actualidad\\\/#website\"},\"primaryImageOfPage\":{\"@id\":\"https:\\\/\\\/www.laguiadepamplona.com\\\/actualidad\\\/comienza-esta-tarde-la-programacion-familiar-en-el-palacio-de-ezpeleta-que-se-extendera-hasta-el-24-de-agosto\\\/#primaryimage\"},\"image\":{\"@id\":\"https:\\\/\\\/www.laguiadepamplona.com\\\/actualidad\\\/comienza-esta-tarde-la-programacion-familiar-en-el-palacio-de-ezpeleta-que-se-extendera-hasta-el-24-de-agosto\\\/#primaryimage\"},\"thumbnailUrl\":\"https:\\\/\\\/www.laguiadepamplona.com\\\/actualidad\\\/wp-content\\\/uploads\\\/2022\\\/08\\\/ARTE-EN-LA-CALLE-PALACIO-EZPELETA-F1A5877.webp\",\"datePublished\":\"2022-08-02T10:29:53+00:00\",\"dateModified\":\"2023-04-11T09:47:57+00:00\",\"description\":\"Son actividades gratuitas, aunque algunas de las programadas requieren inscripci\u00f3n previa mediante el sistema habitual de la red Civivox\",\"breadcrumb\":{\"@id\":\"https:\\\/\\\/www.laguiadepamplona.com\\\/actualidad\\\/comienza-esta-tarde-la-programacion-familiar-en-el-palacio-de-ezpeleta-que-se-extendera-hasta-el-24-de-agosto\\\/#breadcrumb\"},\"inLanguage\":\"es\",\"potentialAction\":[{\"@type\":\"ReadAction\",\"target\":[\"https:\\\/\\\/www.laguiadepamplona.com\\\/actualidad\\\/comienza-esta-tarde-la-programacion-familiar-en-el-palacio-de-ezpeleta-que-se-extendera-hasta-el-24-de-agosto\\\/\"]}]},{\"@type\":\"ImageObject\",\"inLanguage\":\"es\",\"@id\":\"https:\\\/\\\/www.laguiadepamplona.com\\\/actualidad\\\/comienza-esta-tarde-la-programacion-familiar-en-el-palacio-de-ezpeleta-que-se-extendera-hasta-el-24-de-agosto\\\/#primaryimage\",\"url\":\"https:\\\/\\\/www.laguiadepamplona.com\\\/actualidad\\\/wp-content\\\/uploads\\\/2022\\\/08\\\/ARTE-EN-LA-CALLE-PALACIO-EZPELETA-F1A5877.webp\",\"contentUrl\":\"https:\\\/\\\/www.laguiadepamplona.com\\\/actualidad\\\/wp-content\\\/uploads\\\/2022\\\/08\\\/ARTE-EN-LA-CALLE-PALACIO-EZPELETA-F1A5877.webp\",\"width\":1920,\"height\":1280},{\"@type\":\"BreadcrumbList\",\"@id\":\"https:\\\/\\\/www.laguiadepamplona.com\\\/actualidad\\\/comienza-esta-tarde-la-programacion-familiar-en-el-palacio-de-ezpeleta-que-se-extendera-hasta-el-24-de-agosto\\\/#breadcrumb\",\"itemListElement\":[{\"@type\":\"ListItem\",\"position\":1,\"name\":\"Portada\",\"item\":\"https:\\\/\\\/www.laguiadepamplona.com\\\/actualidad\\\/\"},{\"@type\":\"ListItem\",\"position\":2,\"name\":\"Comienza esta tarde la programaci\u00f3n familiar en el palacio de Ezpeleta que se extender\u00e1 hasta el 24 de agosto\"}]},{\"@type\":\"WebSite\",\"@id\":\"https:\\\/\\\/www.laguiadepamplona.com\\\/actualidad\\\/#website\",\"url\":\"https:\\\/\\\/www.laguiadepamplona.com\\\/actualidad\\\/\",\"name\":\"La gu\u00eda de Pamplona\",\"description\":\"Noticias de Pamplona\",\"publisher\":{\"@id\":\"https:\\\/\\\/www.laguiadepamplona.com\\\/actualidad\\\/#organization\"},\"potentialAction\":[{\"@type\":\"SearchAction\",\"target\":{\"@type\":\"EntryPoint\",\"urlTemplate\":\"https:\\\/\\\/www.laguiadepamplona.com\\\/actualidad\\\/?s={search_term_string}\"},\"query-input\":{\"@type\":\"PropertyValueSpecification\",\"valueRequired\":true,\"valueName\":\"search_term_string\"}}],\"inLanguage\":\"es\"},{\"@type\":\"Organization\",\"@id\":\"https:\\\/\\\/www.laguiadepamplona.com\\\/actualidad\\\/#organization\",\"name\":\"La Gu\u00eda de Pamplona \\\/ Noticias\",\"url\":\"https:\\\/\\\/www.laguiadepamplona.com\\\/actualidad\\\/\",\"logo\":{\"@type\":\"ImageObject\",\"inLanguage\":\"es\",\"@id\":\"https:\\\/\\\/www.laguiadepamplona.com\\\/actualidad\\\/#\\\/schema\\\/logo\\\/image\\\/\",\"url\":\"https:\\\/\\\/www.laguiadepamplona.com\\\/actualidad\\\/wp-content\\\/uploads\\\/2018\\\/11\\\/logo-laguiadepamplona18-web1.png\",\"contentUrl\":\"https:\\\/\\\/www.laguiadepamplona.com\\\/actualidad\\\/wp-content\\\/uploads\\\/2018\\\/11\\\/logo-laguiadepamplona18-web1.png\",\"width\":600,\"height\":196,\"caption\":\"La Gu\u00eda de Pamplona \\\/ Noticias\"},\"image\":{\"@id\":\"https:\\\/\\\/www.laguiadepamplona.com\\\/actualidad\\\/#\\\/schema\\\/logo\\\/image\\\/\"},\"sameAs\":[\"https:\\\/\\\/www.facebook.com\\\/laguiadepamplonacom-133175176762273\\\/?ref=hl\",\"https:\\\/\\\/x.com\\\/LaGuiadPamplona\",\"https:\\\/\\\/www.instagram.com\\\/la_guia_de_pamplona\\\/\",\"https:\\\/\\\/www.youtube.com\\\/user\\\/laguiadepamplona\"]},{\"@type\":\"Person\",\"@id\":\"https:\\\/\\\/www.laguiadepamplona.com\\\/actualidad\\\/#\\\/schema\\\/person\\\/efe887376f0213d4657c93adc50b1fdb\",\"name\":\"La Gu\u00eda de Pamplona\",\"image\":{\"@type\":\"ImageObject\",\"inLanguage\":\"es\",\"@id\":\"https:\\\/\\\/secure.gravatar.com\\\/avatar\\\/b6992f131dc8d30ab0dff15446e9d346d9dbd95992de0fef795073f5ea83a81c?s=96&d=mm&r=g\",\"url\":\"https:\\\/\\\/secure.gravatar.com\\\/avatar\\\/b6992f131dc8d30ab0dff15446e9d346d9dbd95992de0fef795073f5ea83a81c?s=96&d=mm&r=g\",\"contentUrl\":\"https:\\\/\\\/secure.gravatar.com\\\/avatar\\\/b6992f131dc8d30ab0dff15446e9d346d9dbd95992de0fef795073f5ea83a81c?s=96&d=mm&r=g\",\"caption\":\"La Gu\u00eda de Pamplona\"}}]}<\/script>\n<!-- \/ Yoast SEO plugin. -->","yoast_head_json":{"title":"Comienza esta tarde la programaci\u00f3n familiar en el palacio de Ezpeleta que se extender\u00e1 hasta el 24 de agosto","description":"Son actividades gratuitas, aunque algunas de las programadas requieren inscripci\u00f3n previa mediante el sistema habitual de la red Civivox","robots":{"index":"index","follow":"follow","max-snippet":"max-snippet:-1","max-image-preview":"max-image-preview:large","max-video-preview":"max-video-preview:-1"},"canonical":"https:\/\/www.laguiadepamplona.com\/actualidad\/comienza-esta-tarde-la-programacion-familiar-en-el-palacio-de-ezpeleta-que-se-extendera-hasta-el-24-de-agosto\/","og_locale":"es_ES","og_type":"article","og_title":"Comienza esta tarde la programaci\u00f3n familiar en el palacio de Ezpeleta que se extender\u00e1 hasta el 24 de agosto","og_description":"Son actividades gratuitas, aunque algunas de las programadas requieren inscripci\u00f3n previa mediante el sistema habitual de la red Civivox","og_url":"https:\/\/www.laguiadepamplona.com\/actualidad\/comienza-esta-tarde-la-programacion-familiar-en-el-palacio-de-ezpeleta-que-se-extendera-hasta-el-24-de-agosto\/","og_site_name":"La Gu\u00eda de Pamplona","article_publisher":"https:\/\/www.facebook.com\/laguiadepamplonacom-133175176762273\/?ref=hl","article_published_time":"2022-08-02T10:29:53+00:00","article_modified_time":"2023-04-11T09:47:57+00:00","og_image":[{"width":1920,"height":1280,"url":"https:\/\/www.laguiadepamplona.com\/actualidad\/wp-content\/uploads\/2022\/08\/ARTE-EN-LA-CALLE-PALACIO-EZPELETA-F1A5877.webp","type":"image\/webp"}],"author":"La Gu\u00eda de Pamplona","twitter_card":"summary_large_image","twitter_creator":"@LaGuiadPamplona","twitter_site":"@LaGuiadPamplona","twitter_misc":{"Escrito por":"La Gu\u00eda de Pamplona","Tiempo de lectura":"3 minutos"},"schema":{"@context":"https:\/\/schema.org","@graph":[{"@type":"Article","@id":"https:\/\/www.laguiadepamplona.com\/actualidad\/comienza-esta-tarde-la-programacion-familiar-en-el-palacio-de-ezpeleta-que-se-extendera-hasta-el-24-de-agosto\/#article","isPartOf":{"@id":"https:\/\/www.laguiadepamplona.com\/actualidad\/comienza-esta-tarde-la-programacion-familiar-en-el-palacio-de-ezpeleta-que-se-extendera-hasta-el-24-de-agosto\/"},"author":{"name":"La Gu\u00eda de Pamplona","@id":"https:\/\/www.laguiadepamplona.com\/actualidad\/#\/schema\/person\/efe887376f0213d4657c93adc50b1fdb"},"headline":"Comienza esta tarde la programaci\u00f3n familiar en el palacio de Ezpeleta que se extender\u00e1 hasta el 24 de agosto","datePublished":"2022-08-02T10:29:53+00:00","dateModified":"2023-04-11T09:47:57+00:00","mainEntityOfPage":{"@id":"https:\/\/www.laguiadepamplona.com\/actualidad\/comienza-esta-tarde-la-programacion-familiar-en-el-palacio-de-ezpeleta-que-se-extendera-hasta-el-24-de-agosto\/"},"wordCount":511,"commentCount":0,"publisher":{"@id":"https:\/\/www.laguiadepamplona.com\/actualidad\/#organization"},"image":{"@id":"https:\/\/www.laguiadepamplona.com\/actualidad\/comienza-esta-tarde-la-programacion-familiar-en-el-palacio-de-ezpeleta-que-se-extendera-hasta-el-24-de-agosto\/#primaryimage"},"thumbnailUrl":"https:\/\/www.laguiadepamplona.com\/actualidad\/wp-content\/uploads\/2022\/08\/ARTE-EN-LA-CALLE-PALACIO-EZPELETA-F1A5877.webp","articleSection":["Ayto Pamplona"],"inLanguage":"es","potentialAction":[{"@type":"CommentAction","name":"Comment","target":["https:\/\/www.laguiadepamplona.com\/actualidad\/comienza-esta-tarde-la-programacion-familiar-en-el-palacio-de-ezpeleta-que-se-extendera-hasta-el-24-de-agosto\/#respond"]}]},{"@type":"WebPage","@id":"https:\/\/www.laguiadepamplona.com\/actualidad\/comienza-esta-tarde-la-programacion-familiar-en-el-palacio-de-ezpeleta-que-se-extendera-hasta-el-24-de-agosto\/","url":"https:\/\/www.laguiadepamplona.com\/actualidad\/comienza-esta-tarde-la-programacion-familiar-en-el-palacio-de-ezpeleta-que-se-extendera-hasta-el-24-de-agosto\/","name":"Comienza esta tarde la programaci\u00f3n familiar en el palacio de Ezpeleta que se extender\u00e1 hasta el 24 de agosto","isPartOf":{"@id":"https:\/\/www.laguiadepamplona.com\/actualidad\/#website"},"primaryImageOfPage":{"@id":"https:\/\/www.laguiadepamplona.com\/actualidad\/comienza-esta-tarde-la-programacion-familiar-en-el-palacio-de-ezpeleta-que-se-extendera-hasta-el-24-de-agosto\/#primaryimage"},"image":{"@id":"https:\/\/www.laguiadepamplona.com\/actualidad\/comienza-esta-tarde-la-programacion-familiar-en-el-palacio-de-ezpeleta-que-se-extendera-hasta-el-24-de-agosto\/#primaryimage"},"thumbnailUrl":"https:\/\/www.laguiadepamplona.com\/actualidad\/wp-content\/uploads\/2022\/08\/ARTE-EN-LA-CALLE-PALACIO-EZPELETA-F1A5877.webp","datePublished":"2022-08-02T10:29:53+00:00","dateModified":"2023-04-11T09:47:57+00:00","description":"Son actividades gratuitas, aunque algunas de las programadas requieren inscripci\u00f3n previa mediante el sistema habitual de la red Civivox","breadcrumb":{"@id":"https:\/\/www.laguiadepamplona.com\/actualidad\/comienza-esta-tarde-la-programacion-familiar-en-el-palacio-de-ezpeleta-que-se-extendera-hasta-el-24-de-agosto\/#breadcrumb"},"inLanguage":"es","potentialAction":[{"@type":"ReadAction","target":["https:\/\/www.laguiadepamplona.com\/actualidad\/comienza-esta-tarde-la-programacion-familiar-en-el-palacio-de-ezpeleta-que-se-extendera-hasta-el-24-de-agosto\/"]}]},{"@type":"ImageObject","inLanguage":"es","@id":"https:\/\/www.laguiadepamplona.com\/actualidad\/comienza-esta-tarde-la-programacion-familiar-en-el-palacio-de-ezpeleta-que-se-extendera-hasta-el-24-de-agosto\/#primaryimage","url":"https:\/\/www.laguiadepamplona.com\/actualidad\/wp-content\/uploads\/2022\/08\/ARTE-EN-LA-CALLE-PALACIO-EZPELETA-F1A5877.webp","contentUrl":"https:\/\/www.laguiadepamplona.com\/actualidad\/wp-content\/uploads\/2022\/08\/ARTE-EN-LA-CALLE-PALACIO-EZPELETA-F1A5877.webp","width":1920,"height":1280},{"@type":"BreadcrumbList","@id":"https:\/\/www.laguiadepamplona.com\/actualidad\/comienza-esta-tarde-la-programacion-familiar-en-el-palacio-de-ezpeleta-que-se-extendera-hasta-el-24-de-agosto\/#breadcrumb","itemListElement":[{"@type":"ListItem","position":1,"name":"Portada","item":"https:\/\/www.laguiadepamplona.com\/actualidad\/"},{"@type":"ListItem","position":2,"name":"Comienza esta tarde la programaci\u00f3n familiar en el palacio de Ezpeleta que se extender\u00e1 hasta el 24 de agosto"}]},{"@type":"WebSite","@id":"https:\/\/www.laguiadepamplona.com\/actualidad\/#website","url":"https:\/\/www.laguiadepamplona.com\/actualidad\/","name":"La gu\u00eda de Pamplona","description":"Noticias de Pamplona","publisher":{"@id":"https:\/\/www.laguiadepamplona.com\/actualidad\/#organization"},"potentialAction":[{"@type":"SearchAction","target":{"@type":"EntryPoint","urlTemplate":"https:\/\/www.laguiadepamplona.com\/actualidad\/?s={search_term_string}"},"query-input":{"@type":"PropertyValueSpecification","valueRequired":true,"valueName":"search_term_string"}}],"inLanguage":"es"},{"@type":"Organization","@id":"https:\/\/www.laguiadepamplona.com\/actualidad\/#organization","name":"La Gu\u00eda de Pamplona \/ Noticias","url":"https:\/\/www.laguiadepamplona.com\/actualidad\/","logo":{"@type":"ImageObject","inLanguage":"es","@id":"https:\/\/www.laguiadepamplona.com\/actualidad\/#\/schema\/logo\/image\/","url":"https:\/\/www.laguiadepamplona.com\/actualidad\/wp-content\/uploads\/2018\/11\/logo-laguiadepamplona18-web1.png","contentUrl":"https:\/\/www.laguiadepamplona.com\/actualidad\/wp-content\/uploads\/2018\/11\/logo-laguiadepamplona18-web1.png","width":600,"height":196,"caption":"La Gu\u00eda de Pamplona \/ Noticias"},"image":{"@id":"https:\/\/www.laguiadepamplona.com\/actualidad\/#\/schema\/logo\/image\/"},"sameAs":["https:\/\/www.facebook.com\/laguiadepamplonacom-133175176762273\/?ref=hl","https:\/\/x.com\/LaGuiadPamplona","https:\/\/www.instagram.com\/la_guia_de_pamplona\/","https:\/\/www.youtube.com\/user\/laguiadepamplona"]},{"@type":"Person","@id":"https:\/\/www.laguiadepamplona.com\/actualidad\/#\/schema\/person\/efe887376f0213d4657c93adc50b1fdb","name":"La Gu\u00eda de Pamplona","image":{"@type":"ImageObject","inLanguage":"es","@id":"https:\/\/secure.gravatar.com\/avatar\/b6992f131dc8d30ab0dff15446e9d346d9dbd95992de0fef795073f5ea83a81c?s=96&d=mm&r=g","url":"https:\/\/secure.gravatar.com\/avatar\/b6992f131dc8d30ab0dff15446e9d346d9dbd95992de0fef795073f5ea83a81c?s=96&d=mm&r=g","contentUrl":"https:\/\/secure.gravatar.com\/avatar\/b6992f131dc8d30ab0dff15446e9d346d9dbd95992de0fef795073f5ea83a81c?s=96&d=mm&r=g","caption":"La Gu\u00eda de Pamplona"}}]}},"post_mailing_queue_ids":[],"_links":{"self":[{"href":"https:\/\/www.laguiadepamplona.com\/actualidad\/wp-json\/wp\/v2\/posts\/41148","targetHints":{"allow":["GET"]}}],"collection":[{"href":"https:\/\/www.laguiadepamplona.com\/actualidad\/wp-json\/wp\/v2\/posts"}],"about":[{"href":"https:\/\/www.laguiadepamplona.com\/actualidad\/wp-json\/wp\/v2\/types\/post"}],"author":[{"embeddable":true,"href":"https:\/\/www.laguiadepamplona.com\/actualidad\/wp-json\/wp\/v2\/users\/1"}],"replies":[{"embeddable":true,"href":"https:\/\/www.laguiadepamplona.com\/actualidad\/wp-json\/wp\/v2\/comments?post=41148"}],"version-history":[{"count":0,"href":"https:\/\/www.laguiadepamplona.com\/actualidad\/wp-json\/wp\/v2\/posts\/41148\/revisions"}],"wp:featuredmedia":[{"embeddable":true,"href":"https:\/\/www.laguiadepamplona.com\/actualidad\/wp-json\/wp\/v2\/media\/41150"}],"wp:attachment":[{"href":"https:\/\/www.laguiadepamplona.com\/actualidad\/wp-json\/wp\/v2\/media?parent=41148"}],"wp:term":[{"taxonomy":"category","embeddable":true,"href":"https:\/\/www.laguiadepamplona.com\/actualidad\/wp-json\/wp\/v2\/categories?post=41148"},{"taxonomy":"post_tag","embeddable":true,"href":"https:\/\/www.laguiadepamplona.com\/actualidad\/wp-json\/wp\/v2\/tags?post=41148"}],"curies":[{"name":"wp","href":"https:\/\/api.w.org\/{rel}","templated":true}]}}