{"id":41142,"date":"2022-07-04T15:51:59","date_gmt":"2022-07-04T13:51:59","guid":{"rendered":"https:\/\/www.laguiadepamplona.com\/actualidad\/?p=41142"},"modified":"2023-04-11T11:47:57","modified_gmt":"2023-04-11T09:47:57","slug":"la-junta-de-proteccion-civil-supervisa-el-dispositivo-de-sanfermines-y-recomienda-precaucion-ante-el-incremento-de-casos-de-covid-19","status":"publish","type":"post","link":"https:\/\/www.laguiadepamplona.com\/actualidad\/la-junta-de-proteccion-civil-supervisa-el-dispositivo-de-sanfermines-y-recomienda-precaucion-ante-el-incremento-de-casos-de-covid-19\/","title":{"rendered":"La Junta de Protecci\u00f3n Civil supervisa el dispositivo de Sanfermines y recomienda precauci\u00f3n ante el incremento de casos de COVID-19"},"content":{"rendered":"<h5 class=\"v12Subtitulo\">El alcalde ha presidido la Junta, que supone la culminaci\u00f3n de m\u00faltiples reuniones sectoriales para organizar las fiestas<\/h5>\n<p><!--more--><\/p>\n<p class=\"v13Texto\">La Junta de Protecci\u00f3n Civil Municipal ha dado hoy el visto bueno al dispositivo de seguridad de estos Sanfermines, que incluye, como ya se anunci\u00f3 la semana pasada, un incremento en el n\u00famero de agentes de polic\u00eda para la vigilancia de la ciudad y la creaci\u00f3n de un centro de coordinaci\u00f3n de todas las polic\u00edas ubicado en la Casa Consistorial. En total ser\u00e1n\u00a0415 agentes de Polic\u00eda Municipal quienes participen en el dispositivo, que contar\u00e1 con m\u00e1s de 2.700 agentes entre Polic\u00eda Nacional, Guardia Civil, Polic\u00eda Foral y Polic\u00eda Municipal.\u00a0Adem\u00e1s del centro de coordinaci\u00f3n policial, en estos Sanfermines se pondr\u00e1 en marcha un nuevo protocolo de atenci\u00f3n ante hipot\u00e9ticas lesiones graves que pudieran ocurrir durante la celebraci\u00f3n de las vaquillas.<\/p>\n<p class=\"v13Texto\">En concreto, se ha acordado una forma de actuaci\u00f3n para prevenir que las lesiones provocadas por la vaquilla puedan agravarse a la hora de trasladar al herido. En este sentido, se ha establecido el trabajo coordinado de pastores y personal de Cruz Roja, as\u00ed como el apoyo del \u2018speaker\u2019 de la plaza de Toros, que realizar\u00e1 indicaciones por megafon\u00eda.<\/p>\n<p><script async src=\"\/\/pagead2.googlesyndication.com\/pagead\/js\/adsbygoogle.js\"><\/script><br \/>\n<!-- Noticias La Guia de Pamplona --><br \/>\n<ins class=\"adsbygoogle\"\nstyle=\"display:block\"\ndata-ad-client=\"ca-pub-6943679897239327\"\ndata-ad-slot=\"7048180777\"\ndata-ad-format=\"auto\"><\/ins><br \/>\n<script>\n(adsbygoogle = window.adsbygoogle || []).push({});\n<\/script><\/p>\n<p class=\"v13Texto\">El alcalde de Pamplona, Enrique Maya, ha presidido hoy la Junta, en la que han participado responsables de\u00a0Protecci\u00f3n Civil, Polic\u00eda Municipal, Igualdad, Cultura, Servicios Sociales o Limpieza, representantes de otras Administraciones y Organizaciones como Polic\u00eda Foral, Nacional y Guardia civil, Mancomunidad de la Comarca de Pamplona, tanto de sus servicios de Transporte como de los de Recogida de Residuos, Casa Misericordia,\u00a0 la Direcci\u00f3n de Urgencias Extrahospitalarias y de Atenci\u00f3n Primaria, o Cruz Roja y DYA, entre otros.<\/p>\n<p class=\"v13Texto\">Este encuentro de hoy supone el colof\u00f3n a una serie de reuniones sectoriales en las que se ha trabajado la organizaci\u00f3n de los Sanfermines en los diferentes \u00e1mbitos implicados en la fiesta. En este sentido, se han llevado a cabo reuniones de trabajo sobre temas polic\u00edas, sanitarios, limpieza y recogida de residuos, transporte, protecci\u00f3n civil y festejos, entre otros. El alcalde Enrique Maya\u00a0ha agradecido de antemano el trabajo que tienen por delante todas las organizaciones presentes en la reuni\u00f3n y ha confiado en que los Sanfermines se celebren de forma alegre, festiva y sin ning\u00fan tipo de incidencia.<\/p>\n<p><script async src=\"\/\/pagead2.googlesyndication.com\/pagead\/js\/adsbygoogle.js\"><\/script><br \/>\n<!-- Noticias La Guia de Pamplona --><br \/>\n<ins class=\"adsbygoogle\"\nstyle=\"display:block\"\ndata-ad-client=\"ca-pub-6943679897239327\"\ndata-ad-slot=\"7048180777\"\ndata-ad-format=\"auto\"><\/ins><br \/>\n<script>\n(adsbygoogle = window.adsbygoogle || []).push({});\n<\/script><\/p>\n<p class=\"v14Ladillo\"><strong>Protecci\u00f3n ante el COVID-19<\/strong><\/p>\n<p class=\"v13Texto\">Adem\u00e1s de analizar dispositivo especial para Sanfermines, los asistentes a la Junta han mostrado su preocupaci\u00f3n por el aumento de casos de COVID-19 en las \u00faltimas semanas. En este sentido, se ha recordado la obligaci\u00f3n de llevar mascarilla en el transporte p\u00fablico, que se reforzar\u00e1 estos d\u00edas de fiesta para atender la creciente demanda de pasajeros que buscan llegar al centro de la fiesta.<\/p>\n<p class=\"v13Texto\">Asimismo, el personal de seguridad y sanitario ha insistido en la necesidad proteger y cuidar a las personas m\u00e1s vulnerables, evitando situaciones de riesgo.<\/p>\n","protected":false},"excerpt":{"rendered":"<p>El alcalde ha presidido la Junta, que supone la culminaci\u00f3n de m\u00faltiples reuniones sectoriales para organizar las fiestas<\/p>\n","protected":false},"author":1,"featured_media":41143,"comment_status":"open","ping_status":"closed","sticky":false,"template":"","format":"standard","meta":{"footnotes":""},"categories":[2,9406],"tags":[],"class_list":["post-41142","post","type-post","status-publish","format-standard","has-post-thumbnail","hentry","category-ayuntamiento-pamplona","category-san-fermin"],"yoast_head":"<!-- This site is optimized with the Yoast SEO plugin v27.3 - https:\/\/yoast.com\/product\/yoast-seo-wordpress\/ -->\n<title>La Junta de Protecci\u00f3n Civil supervisa el dispositivo de Sanfermines y recomienda precauci\u00f3n ante el incremento de casos de COVID-19<\/title>\n<meta name=\"description\" content=\"El alcalde ha presidido la Junta, que supone la culminaci\u00f3n de m\u00faltiples reuniones sectoriales para organizar las fiestas\" \/>\n<meta name=\"robots\" content=\"index, follow, max-snippet:-1, max-image-preview:large, max-video-preview:-1\" \/>\n<link rel=\"canonical\" href=\"https:\/\/www.laguiadepamplona.com\/actualidad\/la-junta-de-proteccion-civil-supervisa-el-dispositivo-de-sanfermines-y-recomienda-precaucion-ante-el-incremento-de-casos-de-covid-19\/\" \/>\n<meta property=\"og:locale\" content=\"es_ES\" \/>\n<meta property=\"og:type\" content=\"article\" \/>\n<meta property=\"og:title\" content=\"La Junta de Protecci\u00f3n Civil supervisa el dispositivo de Sanfermines y recomienda precauci\u00f3n ante el incremento de casos de COVID-19\" \/>\n<meta property=\"og:description\" content=\"El alcalde ha presidido la Junta, que supone la culminaci\u00f3n de m\u00faltiples reuniones sectoriales para organizar las fiestas\" \/>\n<meta property=\"og:url\" content=\"https:\/\/www.laguiadepamplona.com\/actualidad\/la-junta-de-proteccion-civil-supervisa-el-dispositivo-de-sanfermines-y-recomienda-precaucion-ante-el-incremento-de-casos-de-covid-19\/\" \/>\n<meta property=\"og:site_name\" content=\"La Gu\u00eda de Pamplona\" \/>\n<meta property=\"article:publisher\" content=\"https:\/\/www.facebook.com\/laguiadepamplonacom-133175176762273\/?ref=hl\" \/>\n<meta property=\"article:published_time\" content=\"2022-07-04T13:51:59+00:00\" \/>\n<meta property=\"article:modified_time\" content=\"2023-04-11T09:47:57+00:00\" \/>\n<meta property=\"og:image\" content=\"https:\/\/www.laguiadepamplona.com\/actualidad\/wp-content\/uploads\/2022\/07\/q5a6214seguridad22-07-04.webp\" \/>\n\t<meta property=\"og:image:width\" content=\"1920\" \/>\n\t<meta property=\"og:image:height\" content=\"1281\" \/>\n\t<meta property=\"og:image:type\" content=\"image\/webp\" \/>\n<meta name=\"author\" content=\"La Gu\u00eda de Pamplona\" \/>\n<meta name=\"twitter:card\" content=\"summary_large_image\" \/>\n<meta name=\"twitter:creator\" content=\"@LaGuiadPamplona\" \/>\n<meta name=\"twitter:site\" content=\"@LaGuiadPamplona\" \/>\n<meta name=\"twitter:label1\" content=\"Escrito por\" \/>\n\t<meta name=\"twitter:data1\" content=\"La Gu\u00eda de Pamplona\" \/>\n\t<meta name=\"twitter:label2\" content=\"Tiempo de lectura\" \/>\n\t<meta name=\"twitter:data2\" content=\"3 minutos\" \/>\n<script type=\"application\/ld+json\" class=\"yoast-schema-graph\">{\"@context\":\"https:\\\/\\\/schema.org\",\"@graph\":[{\"@type\":\"Article\",\"@id\":\"https:\\\/\\\/www.laguiadepamplona.com\\\/actualidad\\\/la-junta-de-proteccion-civil-supervisa-el-dispositivo-de-sanfermines-y-recomienda-precaucion-ante-el-incremento-de-casos-de-covid-19\\\/#article\",\"isPartOf\":{\"@id\":\"https:\\\/\\\/www.laguiadepamplona.com\\\/actualidad\\\/la-junta-de-proteccion-civil-supervisa-el-dispositivo-de-sanfermines-y-recomienda-precaucion-ante-el-incremento-de-casos-de-covid-19\\\/\"},\"author\":{\"name\":\"La Gu\u00eda de Pamplona\",\"@id\":\"https:\\\/\\\/www.laguiadepamplona.com\\\/actualidad\\\/#\\\/schema\\\/person\\\/efe887376f0213d4657c93adc50b1fdb\"},\"headline\":\"La Junta de Protecci\u00f3n Civil supervisa el dispositivo de Sanfermines y recomienda precauci\u00f3n ante el incremento de casos de COVID-19\",\"datePublished\":\"2022-07-04T13:51:59+00:00\",\"dateModified\":\"2023-04-11T09:47:57+00:00\",\"mainEntityOfPage\":{\"@id\":\"https:\\\/\\\/www.laguiadepamplona.com\\\/actualidad\\\/la-junta-de-proteccion-civil-supervisa-el-dispositivo-de-sanfermines-y-recomienda-precaucion-ante-el-incremento-de-casos-de-covid-19\\\/\"},\"wordCount\":526,\"commentCount\":0,\"publisher\":{\"@id\":\"https:\\\/\\\/www.laguiadepamplona.com\\\/actualidad\\\/#organization\"},\"image\":{\"@id\":\"https:\\\/\\\/www.laguiadepamplona.com\\\/actualidad\\\/la-junta-de-proteccion-civil-supervisa-el-dispositivo-de-sanfermines-y-recomienda-precaucion-ante-el-incremento-de-casos-de-covid-19\\\/#primaryimage\"},\"thumbnailUrl\":\"https:\\\/\\\/www.laguiadepamplona.com\\\/actualidad\\\/wp-content\\\/uploads\\\/2022\\\/07\\\/q5a6214seguridad22-07-04.webp\",\"articleSection\":[\"Ayto Pamplona\",\"San Ferm\u00edn\"],\"inLanguage\":\"es\",\"potentialAction\":[{\"@type\":\"CommentAction\",\"name\":\"Comment\",\"target\":[\"https:\\\/\\\/www.laguiadepamplona.com\\\/actualidad\\\/la-junta-de-proteccion-civil-supervisa-el-dispositivo-de-sanfermines-y-recomienda-precaucion-ante-el-incremento-de-casos-de-covid-19\\\/#respond\"]}]},{\"@type\":\"WebPage\",\"@id\":\"https:\\\/\\\/www.laguiadepamplona.com\\\/actualidad\\\/la-junta-de-proteccion-civil-supervisa-el-dispositivo-de-sanfermines-y-recomienda-precaucion-ante-el-incremento-de-casos-de-covid-19\\\/\",\"url\":\"https:\\\/\\\/www.laguiadepamplona.com\\\/actualidad\\\/la-junta-de-proteccion-civil-supervisa-el-dispositivo-de-sanfermines-y-recomienda-precaucion-ante-el-incremento-de-casos-de-covid-19\\\/\",\"name\":\"La Junta de Protecci\u00f3n Civil supervisa el dispositivo de Sanfermines y recomienda precauci\u00f3n ante el incremento de casos de COVID-19\",\"isPartOf\":{\"@id\":\"https:\\\/\\\/www.laguiadepamplona.com\\\/actualidad\\\/#website\"},\"primaryImageOfPage\":{\"@id\":\"https:\\\/\\\/www.laguiadepamplona.com\\\/actualidad\\\/la-junta-de-proteccion-civil-supervisa-el-dispositivo-de-sanfermines-y-recomienda-precaucion-ante-el-incremento-de-casos-de-covid-19\\\/#primaryimage\"},\"image\":{\"@id\":\"https:\\\/\\\/www.laguiadepamplona.com\\\/actualidad\\\/la-junta-de-proteccion-civil-supervisa-el-dispositivo-de-sanfermines-y-recomienda-precaucion-ante-el-incremento-de-casos-de-covid-19\\\/#primaryimage\"},\"thumbnailUrl\":\"https:\\\/\\\/www.laguiadepamplona.com\\\/actualidad\\\/wp-content\\\/uploads\\\/2022\\\/07\\\/q5a6214seguridad22-07-04.webp\",\"datePublished\":\"2022-07-04T13:51:59+00:00\",\"dateModified\":\"2023-04-11T09:47:57+00:00\",\"description\":\"El alcalde ha presidido la Junta, que supone la culminaci\u00f3n de m\u00faltiples reuniones sectoriales para organizar las fiestas\",\"breadcrumb\":{\"@id\":\"https:\\\/\\\/www.laguiadepamplona.com\\\/actualidad\\\/la-junta-de-proteccion-civil-supervisa-el-dispositivo-de-sanfermines-y-recomienda-precaucion-ante-el-incremento-de-casos-de-covid-19\\\/#breadcrumb\"},\"inLanguage\":\"es\",\"potentialAction\":[{\"@type\":\"ReadAction\",\"target\":[\"https:\\\/\\\/www.laguiadepamplona.com\\\/actualidad\\\/la-junta-de-proteccion-civil-supervisa-el-dispositivo-de-sanfermines-y-recomienda-precaucion-ante-el-incremento-de-casos-de-covid-19\\\/\"]}]},{\"@type\":\"ImageObject\",\"inLanguage\":\"es\",\"@id\":\"https:\\\/\\\/www.laguiadepamplona.com\\\/actualidad\\\/la-junta-de-proteccion-civil-supervisa-el-dispositivo-de-sanfermines-y-recomienda-precaucion-ante-el-incremento-de-casos-de-covid-19\\\/#primaryimage\",\"url\":\"https:\\\/\\\/www.laguiadepamplona.com\\\/actualidad\\\/wp-content\\\/uploads\\\/2022\\\/07\\\/q5a6214seguridad22-07-04.webp\",\"contentUrl\":\"https:\\\/\\\/www.laguiadepamplona.com\\\/actualidad\\\/wp-content\\\/uploads\\\/2022\\\/07\\\/q5a6214seguridad22-07-04.webp\",\"width\":1920,\"height\":1281},{\"@type\":\"BreadcrumbList\",\"@id\":\"https:\\\/\\\/www.laguiadepamplona.com\\\/actualidad\\\/la-junta-de-proteccion-civil-supervisa-el-dispositivo-de-sanfermines-y-recomienda-precaucion-ante-el-incremento-de-casos-de-covid-19\\\/#breadcrumb\",\"itemListElement\":[{\"@type\":\"ListItem\",\"position\":1,\"name\":\"Portada\",\"item\":\"https:\\\/\\\/www.laguiadepamplona.com\\\/actualidad\\\/\"},{\"@type\":\"ListItem\",\"position\":2,\"name\":\"La Junta de Protecci\u00f3n Civil supervisa el dispositivo de Sanfermines y recomienda precauci\u00f3n ante el incremento de casos de COVID-19\"}]},{\"@type\":\"WebSite\",\"@id\":\"https:\\\/\\\/www.laguiadepamplona.com\\\/actualidad\\\/#website\",\"url\":\"https:\\\/\\\/www.laguiadepamplona.com\\\/actualidad\\\/\",\"name\":\"La gu\u00eda de Pamplona\",\"description\":\"Noticias de Pamplona\",\"publisher\":{\"@id\":\"https:\\\/\\\/www.laguiadepamplona.com\\\/actualidad\\\/#organization\"},\"potentialAction\":[{\"@type\":\"SearchAction\",\"target\":{\"@type\":\"EntryPoint\",\"urlTemplate\":\"https:\\\/\\\/www.laguiadepamplona.com\\\/actualidad\\\/?s={search_term_string}\"},\"query-input\":{\"@type\":\"PropertyValueSpecification\",\"valueRequired\":true,\"valueName\":\"search_term_string\"}}],\"inLanguage\":\"es\"},{\"@type\":\"Organization\",\"@id\":\"https:\\\/\\\/www.laguiadepamplona.com\\\/actualidad\\\/#organization\",\"name\":\"La Gu\u00eda de Pamplona \\\/ Noticias\",\"url\":\"https:\\\/\\\/www.laguiadepamplona.com\\\/actualidad\\\/\",\"logo\":{\"@type\":\"ImageObject\",\"inLanguage\":\"es\",\"@id\":\"https:\\\/\\\/www.laguiadepamplona.com\\\/actualidad\\\/#\\\/schema\\\/logo\\\/image\\\/\",\"url\":\"https:\\\/\\\/www.laguiadepamplona.com\\\/actualidad\\\/wp-content\\\/uploads\\\/2018\\\/11\\\/logo-laguiadepamplona18-web1.png\",\"contentUrl\":\"https:\\\/\\\/www.laguiadepamplona.com\\\/actualidad\\\/wp-content\\\/uploads\\\/2018\\\/11\\\/logo-laguiadepamplona18-web1.png\",\"width\":600,\"height\":196,\"caption\":\"La Gu\u00eda de Pamplona \\\/ Noticias\"},\"image\":{\"@id\":\"https:\\\/\\\/www.laguiadepamplona.com\\\/actualidad\\\/#\\\/schema\\\/logo\\\/image\\\/\"},\"sameAs\":[\"https:\\\/\\\/www.facebook.com\\\/laguiadepamplonacom-133175176762273\\\/?ref=hl\",\"https:\\\/\\\/x.com\\\/LaGuiadPamplona\",\"https:\\\/\\\/www.instagram.com\\\/la_guia_de_pamplona\\\/\",\"https:\\\/\\\/www.youtube.com\\\/user\\\/laguiadepamplona\"]},{\"@type\":\"Person\",\"@id\":\"https:\\\/\\\/www.laguiadepamplona.com\\\/actualidad\\\/#\\\/schema\\\/person\\\/efe887376f0213d4657c93adc50b1fdb\",\"name\":\"La Gu\u00eda de Pamplona\",\"image\":{\"@type\":\"ImageObject\",\"inLanguage\":\"es\",\"@id\":\"https:\\\/\\\/secure.gravatar.com\\\/avatar\\\/b6992f131dc8d30ab0dff15446e9d346d9dbd95992de0fef795073f5ea83a81c?s=96&d=mm&r=g\",\"url\":\"https:\\\/\\\/secure.gravatar.com\\\/avatar\\\/b6992f131dc8d30ab0dff15446e9d346d9dbd95992de0fef795073f5ea83a81c?s=96&d=mm&r=g\",\"contentUrl\":\"https:\\\/\\\/secure.gravatar.com\\\/avatar\\\/b6992f131dc8d30ab0dff15446e9d346d9dbd95992de0fef795073f5ea83a81c?s=96&d=mm&r=g\",\"caption\":\"La Gu\u00eda de Pamplona\"}}]}<\/script>\n<!-- \/ Yoast SEO plugin. -->","yoast_head_json":{"title":"La Junta de Protecci\u00f3n Civil supervisa el dispositivo de Sanfermines y recomienda precauci\u00f3n ante el incremento de casos de COVID-19","description":"El alcalde ha presidido la Junta, que supone la culminaci\u00f3n de m\u00faltiples reuniones sectoriales para organizar las fiestas","robots":{"index":"index","follow":"follow","max-snippet":"max-snippet:-1","max-image-preview":"max-image-preview:large","max-video-preview":"max-video-preview:-1"},"canonical":"https:\/\/www.laguiadepamplona.com\/actualidad\/la-junta-de-proteccion-civil-supervisa-el-dispositivo-de-sanfermines-y-recomienda-precaucion-ante-el-incremento-de-casos-de-covid-19\/","og_locale":"es_ES","og_type":"article","og_title":"La Junta de Protecci\u00f3n Civil supervisa el dispositivo de Sanfermines y recomienda precauci\u00f3n ante el incremento de casos de COVID-19","og_description":"El alcalde ha presidido la Junta, que supone la culminaci\u00f3n de m\u00faltiples reuniones sectoriales para organizar las fiestas","og_url":"https:\/\/www.laguiadepamplona.com\/actualidad\/la-junta-de-proteccion-civil-supervisa-el-dispositivo-de-sanfermines-y-recomienda-precaucion-ante-el-incremento-de-casos-de-covid-19\/","og_site_name":"La Gu\u00eda de Pamplona","article_publisher":"https:\/\/www.facebook.com\/laguiadepamplonacom-133175176762273\/?ref=hl","article_published_time":"2022-07-04T13:51:59+00:00","article_modified_time":"2023-04-11T09:47:57+00:00","og_image":[{"width":1920,"height":1281,"url":"https:\/\/www.laguiadepamplona.com\/actualidad\/wp-content\/uploads\/2022\/07\/q5a6214seguridad22-07-04.webp","type":"image\/webp"}],"author":"La Gu\u00eda de Pamplona","twitter_card":"summary_large_image","twitter_creator":"@LaGuiadPamplona","twitter_site":"@LaGuiadPamplona","twitter_misc":{"Escrito por":"La Gu\u00eda de Pamplona","Tiempo de lectura":"3 minutos"},"schema":{"@context":"https:\/\/schema.org","@graph":[{"@type":"Article","@id":"https:\/\/www.laguiadepamplona.com\/actualidad\/la-junta-de-proteccion-civil-supervisa-el-dispositivo-de-sanfermines-y-recomienda-precaucion-ante-el-incremento-de-casos-de-covid-19\/#article","isPartOf":{"@id":"https:\/\/www.laguiadepamplona.com\/actualidad\/la-junta-de-proteccion-civil-supervisa-el-dispositivo-de-sanfermines-y-recomienda-precaucion-ante-el-incremento-de-casos-de-covid-19\/"},"author":{"name":"La Gu\u00eda de Pamplona","@id":"https:\/\/www.laguiadepamplona.com\/actualidad\/#\/schema\/person\/efe887376f0213d4657c93adc50b1fdb"},"headline":"La Junta de Protecci\u00f3n Civil supervisa el dispositivo de Sanfermines y recomienda precauci\u00f3n ante el incremento de casos de COVID-19","datePublished":"2022-07-04T13:51:59+00:00","dateModified":"2023-04-11T09:47:57+00:00","mainEntityOfPage":{"@id":"https:\/\/www.laguiadepamplona.com\/actualidad\/la-junta-de-proteccion-civil-supervisa-el-dispositivo-de-sanfermines-y-recomienda-precaucion-ante-el-incremento-de-casos-de-covid-19\/"},"wordCount":526,"commentCount":0,"publisher":{"@id":"https:\/\/www.laguiadepamplona.com\/actualidad\/#organization"},"image":{"@id":"https:\/\/www.laguiadepamplona.com\/actualidad\/la-junta-de-proteccion-civil-supervisa-el-dispositivo-de-sanfermines-y-recomienda-precaucion-ante-el-incremento-de-casos-de-covid-19\/#primaryimage"},"thumbnailUrl":"https:\/\/www.laguiadepamplona.com\/actualidad\/wp-content\/uploads\/2022\/07\/q5a6214seguridad22-07-04.webp","articleSection":["Ayto Pamplona","San Ferm\u00edn"],"inLanguage":"es","potentialAction":[{"@type":"CommentAction","name":"Comment","target":["https:\/\/www.laguiadepamplona.com\/actualidad\/la-junta-de-proteccion-civil-supervisa-el-dispositivo-de-sanfermines-y-recomienda-precaucion-ante-el-incremento-de-casos-de-covid-19\/#respond"]}]},{"@type":"WebPage","@id":"https:\/\/www.laguiadepamplona.com\/actualidad\/la-junta-de-proteccion-civil-supervisa-el-dispositivo-de-sanfermines-y-recomienda-precaucion-ante-el-incremento-de-casos-de-covid-19\/","url":"https:\/\/www.laguiadepamplona.com\/actualidad\/la-junta-de-proteccion-civil-supervisa-el-dispositivo-de-sanfermines-y-recomienda-precaucion-ante-el-incremento-de-casos-de-covid-19\/","name":"La Junta de Protecci\u00f3n Civil supervisa el dispositivo de Sanfermines y recomienda precauci\u00f3n ante el incremento de casos de COVID-19","isPartOf":{"@id":"https:\/\/www.laguiadepamplona.com\/actualidad\/#website"},"primaryImageOfPage":{"@id":"https:\/\/www.laguiadepamplona.com\/actualidad\/la-junta-de-proteccion-civil-supervisa-el-dispositivo-de-sanfermines-y-recomienda-precaucion-ante-el-incremento-de-casos-de-covid-19\/#primaryimage"},"image":{"@id":"https:\/\/www.laguiadepamplona.com\/actualidad\/la-junta-de-proteccion-civil-supervisa-el-dispositivo-de-sanfermines-y-recomienda-precaucion-ante-el-incremento-de-casos-de-covid-19\/#primaryimage"},"thumbnailUrl":"https:\/\/www.laguiadepamplona.com\/actualidad\/wp-content\/uploads\/2022\/07\/q5a6214seguridad22-07-04.webp","datePublished":"2022-07-04T13:51:59+00:00","dateModified":"2023-04-11T09:47:57+00:00","description":"El alcalde ha presidido la Junta, que supone la culminaci\u00f3n de m\u00faltiples reuniones sectoriales para organizar las fiestas","breadcrumb":{"@id":"https:\/\/www.laguiadepamplona.com\/actualidad\/la-junta-de-proteccion-civil-supervisa-el-dispositivo-de-sanfermines-y-recomienda-precaucion-ante-el-incremento-de-casos-de-covid-19\/#breadcrumb"},"inLanguage":"es","potentialAction":[{"@type":"ReadAction","target":["https:\/\/www.laguiadepamplona.com\/actualidad\/la-junta-de-proteccion-civil-supervisa-el-dispositivo-de-sanfermines-y-recomienda-precaucion-ante-el-incremento-de-casos-de-covid-19\/"]}]},{"@type":"ImageObject","inLanguage":"es","@id":"https:\/\/www.laguiadepamplona.com\/actualidad\/la-junta-de-proteccion-civil-supervisa-el-dispositivo-de-sanfermines-y-recomienda-precaucion-ante-el-incremento-de-casos-de-covid-19\/#primaryimage","url":"https:\/\/www.laguiadepamplona.com\/actualidad\/wp-content\/uploads\/2022\/07\/q5a6214seguridad22-07-04.webp","contentUrl":"https:\/\/www.laguiadepamplona.com\/actualidad\/wp-content\/uploads\/2022\/07\/q5a6214seguridad22-07-04.webp","width":1920,"height":1281},{"@type":"BreadcrumbList","@id":"https:\/\/www.laguiadepamplona.com\/actualidad\/la-junta-de-proteccion-civil-supervisa-el-dispositivo-de-sanfermines-y-recomienda-precaucion-ante-el-incremento-de-casos-de-covid-19\/#breadcrumb","itemListElement":[{"@type":"ListItem","position":1,"name":"Portada","item":"https:\/\/www.laguiadepamplona.com\/actualidad\/"},{"@type":"ListItem","position":2,"name":"La Junta de Protecci\u00f3n Civil supervisa el dispositivo de Sanfermines y recomienda precauci\u00f3n ante el incremento de casos de COVID-19"}]},{"@type":"WebSite","@id":"https:\/\/www.laguiadepamplona.com\/actualidad\/#website","url":"https:\/\/www.laguiadepamplona.com\/actualidad\/","name":"La gu\u00eda de Pamplona","description":"Noticias de Pamplona","publisher":{"@id":"https:\/\/www.laguiadepamplona.com\/actualidad\/#organization"},"potentialAction":[{"@type":"SearchAction","target":{"@type":"EntryPoint","urlTemplate":"https:\/\/www.laguiadepamplona.com\/actualidad\/?s={search_term_string}"},"query-input":{"@type":"PropertyValueSpecification","valueRequired":true,"valueName":"search_term_string"}}],"inLanguage":"es"},{"@type":"Organization","@id":"https:\/\/www.laguiadepamplona.com\/actualidad\/#organization","name":"La Gu\u00eda de Pamplona \/ Noticias","url":"https:\/\/www.laguiadepamplona.com\/actualidad\/","logo":{"@type":"ImageObject","inLanguage":"es","@id":"https:\/\/www.laguiadepamplona.com\/actualidad\/#\/schema\/logo\/image\/","url":"https:\/\/www.laguiadepamplona.com\/actualidad\/wp-content\/uploads\/2018\/11\/logo-laguiadepamplona18-web1.png","contentUrl":"https:\/\/www.laguiadepamplona.com\/actualidad\/wp-content\/uploads\/2018\/11\/logo-laguiadepamplona18-web1.png","width":600,"height":196,"caption":"La Gu\u00eda de Pamplona \/ Noticias"},"image":{"@id":"https:\/\/www.laguiadepamplona.com\/actualidad\/#\/schema\/logo\/image\/"},"sameAs":["https:\/\/www.facebook.com\/laguiadepamplonacom-133175176762273\/?ref=hl","https:\/\/x.com\/LaGuiadPamplona","https:\/\/www.instagram.com\/la_guia_de_pamplona\/","https:\/\/www.youtube.com\/user\/laguiadepamplona"]},{"@type":"Person","@id":"https:\/\/www.laguiadepamplona.com\/actualidad\/#\/schema\/person\/efe887376f0213d4657c93adc50b1fdb","name":"La Gu\u00eda de Pamplona","image":{"@type":"ImageObject","inLanguage":"es","@id":"https:\/\/secure.gravatar.com\/avatar\/b6992f131dc8d30ab0dff15446e9d346d9dbd95992de0fef795073f5ea83a81c?s=96&d=mm&r=g","url":"https:\/\/secure.gravatar.com\/avatar\/b6992f131dc8d30ab0dff15446e9d346d9dbd95992de0fef795073f5ea83a81c?s=96&d=mm&r=g","contentUrl":"https:\/\/secure.gravatar.com\/avatar\/b6992f131dc8d30ab0dff15446e9d346d9dbd95992de0fef795073f5ea83a81c?s=96&d=mm&r=g","caption":"La Gu\u00eda de Pamplona"}}]}},"post_mailing_queue_ids":[],"_links":{"self":[{"href":"https:\/\/www.laguiadepamplona.com\/actualidad\/wp-json\/wp\/v2\/posts\/41142","targetHints":{"allow":["GET"]}}],"collection":[{"href":"https:\/\/www.laguiadepamplona.com\/actualidad\/wp-json\/wp\/v2\/posts"}],"about":[{"href":"https:\/\/www.laguiadepamplona.com\/actualidad\/wp-json\/wp\/v2\/types\/post"}],"author":[{"embeddable":true,"href":"https:\/\/www.laguiadepamplona.com\/actualidad\/wp-json\/wp\/v2\/users\/1"}],"replies":[{"embeddable":true,"href":"https:\/\/www.laguiadepamplona.com\/actualidad\/wp-json\/wp\/v2\/comments?post=41142"}],"version-history":[{"count":0,"href":"https:\/\/www.laguiadepamplona.com\/actualidad\/wp-json\/wp\/v2\/posts\/41142\/revisions"}],"wp:featuredmedia":[{"embeddable":true,"href":"https:\/\/www.laguiadepamplona.com\/actualidad\/wp-json\/wp\/v2\/media\/41143"}],"wp:attachment":[{"href":"https:\/\/www.laguiadepamplona.com\/actualidad\/wp-json\/wp\/v2\/media?parent=41142"}],"wp:term":[{"taxonomy":"category","embeddable":true,"href":"https:\/\/www.laguiadepamplona.com\/actualidad\/wp-json\/wp\/v2\/categories?post=41142"},{"taxonomy":"post_tag","embeddable":true,"href":"https:\/\/www.laguiadepamplona.com\/actualidad\/wp-json\/wp\/v2\/tags?post=41142"}],"curies":[{"name":"wp","href":"https:\/\/api.w.org\/{rel}","templated":true}]}}