{"id":41140,"date":"2022-07-04T15:49:22","date_gmt":"2022-07-04T13:49:22","guid":{"rendered":"https:\/\/www.laguiadepamplona.com\/actualidad\/?p=41140"},"modified":"2023-04-11T11:47:57","modified_gmt":"2023-04-11T09:47:57","slug":"el-centro-de-la-ciudad-se-cierra-al-trafico-desde-manana-martes-dia-en-el-que-entra-en-funcionamiento-la-zona-naranja-en-todas-las-plazas-de-estacionamiento-regulado","status":"publish","type":"post","link":"https:\/\/www.laguiadepamplona.com\/actualidad\/el-centro-de-la-ciudad-se-cierra-al-trafico-desde-manana-martes-dia-en-el-que-entra-en-funcionamiento-la-zona-naranja-en-todas-las-plazas-de-estacionamiento-regulado\/","title":{"rendered":"El centro de la ciudad se cierra al tr\u00e1fico desde ma\u00f1ana martes, d\u00eda en el que entra en funcionamiento la zona naranja en todas las plazas de estacionamiento regulado"},"content":{"rendered":"<h5 class=\"v12Subtitulo\">El servicio de alquiler de bicicletas el\u00e9ctricas suspender\u00e1 su actividad ma\u00f1ana martes y la reanudar\u00e1 el 15 de julio<\/h5>\n<p class=\"v1MsoNormal\"><!--more--><\/p>\n<p class=\"v13Texto\">En v\u00edsperas ya del inicio de las fiestas de San Ferm\u00edn, la ciudad cambia su fisonom\u00eda en lo relativo al tr\u00e1fico y el aparcamiento. Ma\u00f1ana martes 5 de julio entra en funcionamiento la zona naranja como modalidad \u00fanica de estacionamiento en las plazas reguladas. Tambi\u00e9n ma\u00f1ana se cierran al tr\u00e1fico los accesos al centro de la ciudad y la circulaci\u00f3n por el Casco Antiguo y se suspende el servicio municipal de alquiler de bicicletas el\u00e9ctricas hasta despu\u00e9s de los Sanfermines.<\/p>\n<p class=\"v13Texto\">Desde\u00a0las 00:00 horas del d\u00eda 5 hasta las 24:00 horas del d\u00eda 14 de julio Pamplona ser\u00e1 zona naranja de estacionamiento. Esa zona comprende el actual sector 2 de la zona regulada en el Segundo Ensanche, desde la avenida de la Baja Navarra, avenida de Conde Oliveto y avenida del Ej\u00e9rcito hacia el sur; el sector 3 con Milagrosa y Azpilaga\u00f1a; el sector 4 Iturrama; el sector 5 Ermitaga\u00f1a, Mendebaldea y Echavacoiz Norte; el sector 6 San Juan; el sector 7 de aparcamiento de zona hospitalaria; el sector 8 Rochapea; el sector 9 San Jorge; y el sector 10 Txantrea. La zona estar\u00e1 debidamente se\u00f1alizada verticalmente con la informaci\u00f3n del tipo de estacionamiento como zona naranja con un tiempo m\u00e1ximo de 24 horas y los parqu\u00edmetros ubicados en esa zona tambi\u00e9n tendr\u00e1n la informaci\u00f3n correspondiente y \u00fanicamente expender\u00e1n tiques con la tarifa aplicable a la zona naranja.<\/p>\n<p class=\"v13Texto\">En ese mismo periodo de tiempo, en la zona comprendida entre la avenida de la Baja Navarra, avenida de Conde Oliveto, avenida del Ej\u00e9rcito y el l\u00edmite con el sector 1 (Casco Antiguo) podr\u00e1n estacionar en aquellos lugares donde est\u00e9 autorizado el aparcamiento \u00fanicamente quienes tengan tarjeta de residente del sector 1 \u00f3 2. \u00a0Tambi\u00e9n ser\u00e1n zonas restringidas a residentes de esos sectores las situada junto a la sociedad Larraina, calles Juli\u00e1n Arteaga, Sandoval, Navas de Tolosa.<\/p>\n<p><script async src=\"\/\/pagead2.googlesyndication.com\/pagead\/js\/adsbygoogle.js\"><\/script><br \/>\n<!-- Noticias La Guia de Pamplona --><br \/>\n<ins class=\"adsbygoogle\"\nstyle=\"display:block\"\ndata-ad-client=\"ca-pub-6943679897239327\"\ndata-ad-slot=\"7048180777\"\ndata-ad-format=\"auto\"><\/ins><br \/>\n<script>\n(adsbygoogle = window.adsbygoogle || []).push({});\n<\/script><\/p>\n<p class=\"v14Ladillo\"><strong>Cierre del Casco Antiguo<\/strong><\/p>\n<p class=\"v13Texto\">Los accesos al Casco Antiguo quedar\u00e1n cerrados al tr\u00e1fico desde las 8 horas del 5 de julio hasta las 14 horas del 15 de julio y se suspender\u00e1 la aplicaci\u00f3n de las normas de acceso y circulaci\u00f3n por el barrio. Est\u00e1n excluidos de esta prohibici\u00f3n el transporte urbano de la Comarca de Pamplona, taxis de servicio, veh\u00edculos de polic\u00eda, ambulancias, veh\u00edculos del parque de bomberos y otros servicios municipales, adem\u00e1s de aqu\u00e9llos que cuenten con permiso expreso y por escrito expedido por Polic\u00eda Municipal.<\/p>\n<p class=\"v13Texto\">En la zona de las Huertas de Santo Domingo, plaza de Santa Mar\u00eda la Real y vial de Taconera y camino del Club Nataci\u00f3n podr\u00e1n estacionar vecinos y vecinas con tarjeta de residente del sector 1, con las limitaciones para entrar y salir derivadas de la celebraci\u00f3n de determinados actos festivos como Encierro, Encierrillo&#8230; El aparcamiento junto a los Corrales del Gas ser\u00e1 de uso exclusivo para residentes del Sector 1 y 8.<\/p>\n<p class=\"v13Texto\">Se recuerda que\u00a0est\u00e1 prohibido el estacionamiento de caravanas en la v\u00eda p\u00fablica en Pamplona, as\u00ed como el estacionamiento de autocaravanas para ser utilizadas como vivienda, excepto en el parking espec\u00edfico de Trinitarios.<\/p>\n<p><script async src=\"\/\/pagead2.googlesyndication.com\/pagead\/js\/adsbygoogle.js\"><\/script><br \/>\n<!-- Noticias La Guia de Pamplona --><br \/>\n<ins class=\"adsbygoogle\"\nstyle=\"display:block\"\ndata-ad-client=\"ca-pub-6943679897239327\"\ndata-ad-slot=\"7048180777\"\ndata-ad-format=\"auto\"><\/ins><br \/>\n<script>\n(adsbygoogle = window.adsbygoogle || []).push({});\n<\/script><\/p>\n<p class=\"v14Ladillo\"><strong>Sobre el servicio de alquiler de bicis el\u00e9ctricas<\/strong><\/p>\n<p class=\"v13Texto\">Durante las fiestas de San Ferm\u00edn, el servicio municipal de alquiler de bicicletas el\u00e9ctricas suspende su actividad. El sistema seguir\u00e1 funcionando durante este lunes, aunque se ha comenzado ya la retirada de algunas bicicletas. Ma\u00f1ana d\u00eda 5 de julio, a partir de las 8 horas, ya no se podr\u00e1n utilizar las bicicletas. Dos de las bases se desmontar\u00e1n, las de Plaza de Toros y plaza de la Compa\u00f1\u00eda, debido al mayor tr\u00e1nsito en esos entornos en Sanfermines.<\/p>\n<p class=\"v13Texto\">Tras las fiestas, a partir del 15 de julio, comenzar\u00e1n a reponerse las bicicletas y el servicio volver\u00e1 a estar operativo previsiblemente ese mismo d\u00eda, cuando haya ya un n\u00famero de bicicletas \u00f3ptimos para poder ponerlo en marcha. Durante el fin de semana se terminar\u00e1 el despliegue de bicicletas por las bases.\u00a0 Toda esta informaci\u00f3n se est\u00e1 comunicando a las personas usuarias del servicio a trav\u00e9s de la app de Ride On y por correo electr\u00f3nico. De todo ello y sobre todo de las fechas de desactivaci\u00f3n del servicio y su vuelta a la normalidad se avisar\u00e1 a todos los usuarios v\u00eda APP y correo electr\u00f3nico<\/p>\n","protected":false},"excerpt":{"rendered":"<p>El servicio de alquiler de bicicletas el\u00e9ctricas suspender\u00e1 su actividad ma\u00f1ana martes y la reanudar\u00e1 el 15 de julio<\/p>\n","protected":false},"author":1,"featured_media":40625,"comment_status":"open","ping_status":"closed","sticky":false,"template":"","format":"standard","meta":{"footnotes":""},"categories":[2],"tags":[],"class_list":["post-41140","post","type-post","status-publish","format-standard","has-post-thumbnail","hentry","category-ayuntamiento-pamplona"],"yoast_head":"<!-- This site is optimized with the Yoast SEO plugin v27.5 - https:\/\/yoast.com\/product\/yoast-seo-wordpress\/ -->\n<title>El centro de la ciudad se cierra al tr\u00e1fico desde ma\u00f1ana martes, d\u00eda en el que entra en funcionamiento la zona naranja en todas las plazas de estacionamiento regulado<\/title>\n<meta name=\"description\" content=\"El servicio de alquiler de bicicletas el\u00e9ctricas suspender\u00e1 su actividad ma\u00f1ana martes y la reanudar\u00e1 el 15 de julio\" \/>\n<meta name=\"robots\" content=\"index, follow, max-snippet:-1, max-image-preview:large, max-video-preview:-1\" \/>\n<link rel=\"canonical\" href=\"https:\/\/www.laguiadepamplona.com\/actualidad\/el-centro-de-la-ciudad-se-cierra-al-trafico-desde-manana-martes-dia-en-el-que-entra-en-funcionamiento-la-zona-naranja-en-todas-las-plazas-de-estacionamiento-regulado\/\" \/>\n<meta property=\"og:locale\" content=\"es_ES\" \/>\n<meta property=\"og:type\" content=\"article\" \/>\n<meta property=\"og:title\" content=\"El centro de la ciudad se cierra al tr\u00e1fico desde ma\u00f1ana martes, d\u00eda en el que entra en funcionamiento la zona naranja en todas las plazas de estacionamiento regulado\" \/>\n<meta property=\"og:description\" content=\"El servicio de alquiler de bicicletas el\u00e9ctricas suspender\u00e1 su actividad ma\u00f1ana martes y la reanudar\u00e1 el 15 de julio\" \/>\n<meta property=\"og:url\" content=\"https:\/\/www.laguiadepamplona.com\/actualidad\/el-centro-de-la-ciudad-se-cierra-al-trafico-desde-manana-martes-dia-en-el-que-entra-en-funcionamiento-la-zona-naranja-en-todas-las-plazas-de-estacionamiento-regulado\/\" \/>\n<meta property=\"og:site_name\" content=\"La Gu\u00eda de Pamplona\" \/>\n<meta property=\"article:publisher\" content=\"https:\/\/www.facebook.com\/laguiadepamplonacom-133175176762273\/?ref=hl\" \/>\n<meta property=\"article:published_time\" content=\"2022-07-04T13:49:22+00:00\" \/>\n<meta property=\"article:modified_time\" content=\"2023-04-11T09:47:57+00:00\" \/>\n<meta property=\"og:image\" content=\"https:\/\/www.laguiadepamplona.com\/actualidad\/wp-content\/uploads\/2022\/06\/zona-naranja.webp\" \/>\n\t<meta property=\"og:image:width\" content=\"1920\" \/>\n\t<meta property=\"og:image:height\" content=\"1280\" \/>\n\t<meta property=\"og:image:type\" content=\"image\/webp\" \/>\n<meta name=\"author\" content=\"La Gu\u00eda de Pamplona\" \/>\n<meta name=\"twitter:card\" content=\"summary_large_image\" \/>\n<meta name=\"twitter:creator\" content=\"@LaGuiadPamplona\" \/>\n<meta name=\"twitter:site\" content=\"@LaGuiadPamplona\" \/>\n<meta name=\"twitter:label1\" content=\"Escrito por\" \/>\n\t<meta name=\"twitter:data1\" content=\"La Gu\u00eda de Pamplona\" \/>\n\t<meta name=\"twitter:label2\" content=\"Tiempo de lectura\" \/>\n\t<meta name=\"twitter:data2\" content=\"4 minutos\" \/>\n<script type=\"application\/ld+json\" class=\"yoast-schema-graph\">{\"@context\":\"https:\\\/\\\/schema.org\",\"@graph\":[{\"@type\":\"Article\",\"@id\":\"https:\\\/\\\/www.laguiadepamplona.com\\\/actualidad\\\/el-centro-de-la-ciudad-se-cierra-al-trafico-desde-manana-martes-dia-en-el-que-entra-en-funcionamiento-la-zona-naranja-en-todas-las-plazas-de-estacionamiento-regulado\\\/#article\",\"isPartOf\":{\"@id\":\"https:\\\/\\\/www.laguiadepamplona.com\\\/actualidad\\\/el-centro-de-la-ciudad-se-cierra-al-trafico-desde-manana-martes-dia-en-el-que-entra-en-funcionamiento-la-zona-naranja-en-todas-las-plazas-de-estacionamiento-regulado\\\/\"},\"author\":{\"name\":\"La Gu\u00eda de Pamplona\",\"@id\":\"https:\\\/\\\/www.laguiadepamplona.com\\\/actualidad\\\/#\\\/schema\\\/person\\\/efe887376f0213d4657c93adc50b1fdb\"},\"headline\":\"El centro de la ciudad se cierra al tr\u00e1fico desde ma\u00f1ana martes, d\u00eda en el que entra en funcionamiento la zona naranja en todas las plazas de estacionamiento regulado\",\"datePublished\":\"2022-07-04T13:49:22+00:00\",\"dateModified\":\"2023-04-11T09:47:57+00:00\",\"mainEntityOfPage\":{\"@id\":\"https:\\\/\\\/www.laguiadepamplona.com\\\/actualidad\\\/el-centro-de-la-ciudad-se-cierra-al-trafico-desde-manana-martes-dia-en-el-que-entra-en-funcionamiento-la-zona-naranja-en-todas-las-plazas-de-estacionamiento-regulado\\\/\"},\"wordCount\":780,\"commentCount\":0,\"publisher\":{\"@id\":\"https:\\\/\\\/www.laguiadepamplona.com\\\/actualidad\\\/#organization\"},\"image\":{\"@id\":\"https:\\\/\\\/www.laguiadepamplona.com\\\/actualidad\\\/el-centro-de-la-ciudad-se-cierra-al-trafico-desde-manana-martes-dia-en-el-que-entra-en-funcionamiento-la-zona-naranja-en-todas-las-plazas-de-estacionamiento-regulado\\\/#primaryimage\"},\"thumbnailUrl\":\"https:\\\/\\\/www.laguiadepamplona.com\\\/actualidad\\\/wp-content\\\/uploads\\\/2022\\\/06\\\/zona-naranja.webp\",\"articleSection\":[\"Ayto Pamplona\"],\"inLanguage\":\"es\",\"potentialAction\":[{\"@type\":\"CommentAction\",\"name\":\"Comment\",\"target\":[\"https:\\\/\\\/www.laguiadepamplona.com\\\/actualidad\\\/el-centro-de-la-ciudad-se-cierra-al-trafico-desde-manana-martes-dia-en-el-que-entra-en-funcionamiento-la-zona-naranja-en-todas-las-plazas-de-estacionamiento-regulado\\\/#respond\"]}]},{\"@type\":\"WebPage\",\"@id\":\"https:\\\/\\\/www.laguiadepamplona.com\\\/actualidad\\\/el-centro-de-la-ciudad-se-cierra-al-trafico-desde-manana-martes-dia-en-el-que-entra-en-funcionamiento-la-zona-naranja-en-todas-las-plazas-de-estacionamiento-regulado\\\/\",\"url\":\"https:\\\/\\\/www.laguiadepamplona.com\\\/actualidad\\\/el-centro-de-la-ciudad-se-cierra-al-trafico-desde-manana-martes-dia-en-el-que-entra-en-funcionamiento-la-zona-naranja-en-todas-las-plazas-de-estacionamiento-regulado\\\/\",\"name\":\"El centro de la ciudad se cierra al tr\u00e1fico desde ma\u00f1ana martes, d\u00eda en el que entra en funcionamiento la zona naranja en todas las plazas de estacionamiento regulado\",\"isPartOf\":{\"@id\":\"https:\\\/\\\/www.laguiadepamplona.com\\\/actualidad\\\/#website\"},\"primaryImageOfPage\":{\"@id\":\"https:\\\/\\\/www.laguiadepamplona.com\\\/actualidad\\\/el-centro-de-la-ciudad-se-cierra-al-trafico-desde-manana-martes-dia-en-el-que-entra-en-funcionamiento-la-zona-naranja-en-todas-las-plazas-de-estacionamiento-regulado\\\/#primaryimage\"},\"image\":{\"@id\":\"https:\\\/\\\/www.laguiadepamplona.com\\\/actualidad\\\/el-centro-de-la-ciudad-se-cierra-al-trafico-desde-manana-martes-dia-en-el-que-entra-en-funcionamiento-la-zona-naranja-en-todas-las-plazas-de-estacionamiento-regulado\\\/#primaryimage\"},\"thumbnailUrl\":\"https:\\\/\\\/www.laguiadepamplona.com\\\/actualidad\\\/wp-content\\\/uploads\\\/2022\\\/06\\\/zona-naranja.webp\",\"datePublished\":\"2022-07-04T13:49:22+00:00\",\"dateModified\":\"2023-04-11T09:47:57+00:00\",\"description\":\"El servicio de alquiler de bicicletas el\u00e9ctricas suspender\u00e1 su actividad ma\u00f1ana martes y la reanudar\u00e1 el 15 de julio\",\"breadcrumb\":{\"@id\":\"https:\\\/\\\/www.laguiadepamplona.com\\\/actualidad\\\/el-centro-de-la-ciudad-se-cierra-al-trafico-desde-manana-martes-dia-en-el-que-entra-en-funcionamiento-la-zona-naranja-en-todas-las-plazas-de-estacionamiento-regulado\\\/#breadcrumb\"},\"inLanguage\":\"es\",\"potentialAction\":[{\"@type\":\"ReadAction\",\"target\":[\"https:\\\/\\\/www.laguiadepamplona.com\\\/actualidad\\\/el-centro-de-la-ciudad-se-cierra-al-trafico-desde-manana-martes-dia-en-el-que-entra-en-funcionamiento-la-zona-naranja-en-todas-las-plazas-de-estacionamiento-regulado\\\/\"]}]},{\"@type\":\"ImageObject\",\"inLanguage\":\"es\",\"@id\":\"https:\\\/\\\/www.laguiadepamplona.com\\\/actualidad\\\/el-centro-de-la-ciudad-se-cierra-al-trafico-desde-manana-martes-dia-en-el-que-entra-en-funcionamiento-la-zona-naranja-en-todas-las-plazas-de-estacionamiento-regulado\\\/#primaryimage\",\"url\":\"https:\\\/\\\/www.laguiadepamplona.com\\\/actualidad\\\/wp-content\\\/uploads\\\/2022\\\/06\\\/zona-naranja.webp\",\"contentUrl\":\"https:\\\/\\\/www.laguiadepamplona.com\\\/actualidad\\\/wp-content\\\/uploads\\\/2022\\\/06\\\/zona-naranja.webp\",\"width\":1920,\"height\":1280},{\"@type\":\"BreadcrumbList\",\"@id\":\"https:\\\/\\\/www.laguiadepamplona.com\\\/actualidad\\\/el-centro-de-la-ciudad-se-cierra-al-trafico-desde-manana-martes-dia-en-el-que-entra-en-funcionamiento-la-zona-naranja-en-todas-las-plazas-de-estacionamiento-regulado\\\/#breadcrumb\",\"itemListElement\":[{\"@type\":\"ListItem\",\"position\":1,\"name\":\"Portada\",\"item\":\"https:\\\/\\\/www.laguiadepamplona.com\\\/actualidad\\\/\"},{\"@type\":\"ListItem\",\"position\":2,\"name\":\"El centro de la ciudad se cierra al tr\u00e1fico desde ma\u00f1ana martes, d\u00eda en el que entra en funcionamiento la zona naranja en todas las plazas de estacionamiento regulado\"}]},{\"@type\":\"WebSite\",\"@id\":\"https:\\\/\\\/www.laguiadepamplona.com\\\/actualidad\\\/#website\",\"url\":\"https:\\\/\\\/www.laguiadepamplona.com\\\/actualidad\\\/\",\"name\":\"La gu\u00eda de Pamplona\",\"description\":\"Noticias de Pamplona\",\"publisher\":{\"@id\":\"https:\\\/\\\/www.laguiadepamplona.com\\\/actualidad\\\/#organization\"},\"potentialAction\":[{\"@type\":\"SearchAction\",\"target\":{\"@type\":\"EntryPoint\",\"urlTemplate\":\"https:\\\/\\\/www.laguiadepamplona.com\\\/actualidad\\\/?s={search_term_string}\"},\"query-input\":{\"@type\":\"PropertyValueSpecification\",\"valueRequired\":true,\"valueName\":\"search_term_string\"}}],\"inLanguage\":\"es\"},{\"@type\":\"Organization\",\"@id\":\"https:\\\/\\\/www.laguiadepamplona.com\\\/actualidad\\\/#organization\",\"name\":\"La Gu\u00eda de Pamplona \\\/ Noticias\",\"url\":\"https:\\\/\\\/www.laguiadepamplona.com\\\/actualidad\\\/\",\"logo\":{\"@type\":\"ImageObject\",\"inLanguage\":\"es\",\"@id\":\"https:\\\/\\\/www.laguiadepamplona.com\\\/actualidad\\\/#\\\/schema\\\/logo\\\/image\\\/\",\"url\":\"https:\\\/\\\/www.laguiadepamplona.com\\\/actualidad\\\/wp-content\\\/uploads\\\/2018\\\/11\\\/logo-laguiadepamplona18-web1.png\",\"contentUrl\":\"https:\\\/\\\/www.laguiadepamplona.com\\\/actualidad\\\/wp-content\\\/uploads\\\/2018\\\/11\\\/logo-laguiadepamplona18-web1.png\",\"width\":600,\"height\":196,\"caption\":\"La Gu\u00eda de Pamplona \\\/ Noticias\"},\"image\":{\"@id\":\"https:\\\/\\\/www.laguiadepamplona.com\\\/actualidad\\\/#\\\/schema\\\/logo\\\/image\\\/\"},\"sameAs\":[\"https:\\\/\\\/www.facebook.com\\\/laguiadepamplonacom-133175176762273\\\/?ref=hl\",\"https:\\\/\\\/x.com\\\/LaGuiadPamplona\",\"https:\\\/\\\/www.instagram.com\\\/la_guia_de_pamplona\\\/\",\"https:\\\/\\\/www.youtube.com\\\/user\\\/laguiadepamplona\"]},{\"@type\":\"Person\",\"@id\":\"https:\\\/\\\/www.laguiadepamplona.com\\\/actualidad\\\/#\\\/schema\\\/person\\\/efe887376f0213d4657c93adc50b1fdb\",\"name\":\"La Gu\u00eda de Pamplona\",\"image\":{\"@type\":\"ImageObject\",\"inLanguage\":\"es\",\"@id\":\"https:\\\/\\\/secure.gravatar.com\\\/avatar\\\/b6992f131dc8d30ab0dff15446e9d346d9dbd95992de0fef795073f5ea83a81c?s=96&d=mm&r=g\",\"url\":\"https:\\\/\\\/secure.gravatar.com\\\/avatar\\\/b6992f131dc8d30ab0dff15446e9d346d9dbd95992de0fef795073f5ea83a81c?s=96&d=mm&r=g\",\"contentUrl\":\"https:\\\/\\\/secure.gravatar.com\\\/avatar\\\/b6992f131dc8d30ab0dff15446e9d346d9dbd95992de0fef795073f5ea83a81c?s=96&d=mm&r=g\",\"caption\":\"La Gu\u00eda de Pamplona\"}}]}<\/script>\n<!-- \/ Yoast SEO plugin. -->","yoast_head_json":{"title":"El centro de la ciudad se cierra al tr\u00e1fico desde ma\u00f1ana martes, d\u00eda en el que entra en funcionamiento la zona naranja en todas las plazas de estacionamiento regulado","description":"El servicio de alquiler de bicicletas el\u00e9ctricas suspender\u00e1 su actividad ma\u00f1ana martes y la reanudar\u00e1 el 15 de julio","robots":{"index":"index","follow":"follow","max-snippet":"max-snippet:-1","max-image-preview":"max-image-preview:large","max-video-preview":"max-video-preview:-1"},"canonical":"https:\/\/www.laguiadepamplona.com\/actualidad\/el-centro-de-la-ciudad-se-cierra-al-trafico-desde-manana-martes-dia-en-el-que-entra-en-funcionamiento-la-zona-naranja-en-todas-las-plazas-de-estacionamiento-regulado\/","og_locale":"es_ES","og_type":"article","og_title":"El centro de la ciudad se cierra al tr\u00e1fico desde ma\u00f1ana martes, d\u00eda en el que entra en funcionamiento la zona naranja en todas las plazas de estacionamiento regulado","og_description":"El servicio de alquiler de bicicletas el\u00e9ctricas suspender\u00e1 su actividad ma\u00f1ana martes y la reanudar\u00e1 el 15 de julio","og_url":"https:\/\/www.laguiadepamplona.com\/actualidad\/el-centro-de-la-ciudad-se-cierra-al-trafico-desde-manana-martes-dia-en-el-que-entra-en-funcionamiento-la-zona-naranja-en-todas-las-plazas-de-estacionamiento-regulado\/","og_site_name":"La Gu\u00eda de Pamplona","article_publisher":"https:\/\/www.facebook.com\/laguiadepamplonacom-133175176762273\/?ref=hl","article_published_time":"2022-07-04T13:49:22+00:00","article_modified_time":"2023-04-11T09:47:57+00:00","og_image":[{"width":1920,"height":1280,"url":"https:\/\/www.laguiadepamplona.com\/actualidad\/wp-content\/uploads\/2022\/06\/zona-naranja.webp","type":"image\/webp"}],"author":"La Gu\u00eda de Pamplona","twitter_card":"summary_large_image","twitter_creator":"@LaGuiadPamplona","twitter_site":"@LaGuiadPamplona","twitter_misc":{"Escrito por":"La Gu\u00eda de Pamplona","Tiempo de lectura":"4 minutos"},"schema":{"@context":"https:\/\/schema.org","@graph":[{"@type":"Article","@id":"https:\/\/www.laguiadepamplona.com\/actualidad\/el-centro-de-la-ciudad-se-cierra-al-trafico-desde-manana-martes-dia-en-el-que-entra-en-funcionamiento-la-zona-naranja-en-todas-las-plazas-de-estacionamiento-regulado\/#article","isPartOf":{"@id":"https:\/\/www.laguiadepamplona.com\/actualidad\/el-centro-de-la-ciudad-se-cierra-al-trafico-desde-manana-martes-dia-en-el-que-entra-en-funcionamiento-la-zona-naranja-en-todas-las-plazas-de-estacionamiento-regulado\/"},"author":{"name":"La Gu\u00eda de Pamplona","@id":"https:\/\/www.laguiadepamplona.com\/actualidad\/#\/schema\/person\/efe887376f0213d4657c93adc50b1fdb"},"headline":"El centro de la ciudad se cierra al tr\u00e1fico desde ma\u00f1ana martes, d\u00eda en el que entra en funcionamiento la zona naranja en todas las plazas de estacionamiento regulado","datePublished":"2022-07-04T13:49:22+00:00","dateModified":"2023-04-11T09:47:57+00:00","mainEntityOfPage":{"@id":"https:\/\/www.laguiadepamplona.com\/actualidad\/el-centro-de-la-ciudad-se-cierra-al-trafico-desde-manana-martes-dia-en-el-que-entra-en-funcionamiento-la-zona-naranja-en-todas-las-plazas-de-estacionamiento-regulado\/"},"wordCount":780,"commentCount":0,"publisher":{"@id":"https:\/\/www.laguiadepamplona.com\/actualidad\/#organization"},"image":{"@id":"https:\/\/www.laguiadepamplona.com\/actualidad\/el-centro-de-la-ciudad-se-cierra-al-trafico-desde-manana-martes-dia-en-el-que-entra-en-funcionamiento-la-zona-naranja-en-todas-las-plazas-de-estacionamiento-regulado\/#primaryimage"},"thumbnailUrl":"https:\/\/www.laguiadepamplona.com\/actualidad\/wp-content\/uploads\/2022\/06\/zona-naranja.webp","articleSection":["Ayto Pamplona"],"inLanguage":"es","potentialAction":[{"@type":"CommentAction","name":"Comment","target":["https:\/\/www.laguiadepamplona.com\/actualidad\/el-centro-de-la-ciudad-se-cierra-al-trafico-desde-manana-martes-dia-en-el-que-entra-en-funcionamiento-la-zona-naranja-en-todas-las-plazas-de-estacionamiento-regulado\/#respond"]}]},{"@type":"WebPage","@id":"https:\/\/www.laguiadepamplona.com\/actualidad\/el-centro-de-la-ciudad-se-cierra-al-trafico-desde-manana-martes-dia-en-el-que-entra-en-funcionamiento-la-zona-naranja-en-todas-las-plazas-de-estacionamiento-regulado\/","url":"https:\/\/www.laguiadepamplona.com\/actualidad\/el-centro-de-la-ciudad-se-cierra-al-trafico-desde-manana-martes-dia-en-el-que-entra-en-funcionamiento-la-zona-naranja-en-todas-las-plazas-de-estacionamiento-regulado\/","name":"El centro de la ciudad se cierra al tr\u00e1fico desde ma\u00f1ana martes, d\u00eda en el que entra en funcionamiento la zona naranja en todas las plazas de estacionamiento regulado","isPartOf":{"@id":"https:\/\/www.laguiadepamplona.com\/actualidad\/#website"},"primaryImageOfPage":{"@id":"https:\/\/www.laguiadepamplona.com\/actualidad\/el-centro-de-la-ciudad-se-cierra-al-trafico-desde-manana-martes-dia-en-el-que-entra-en-funcionamiento-la-zona-naranja-en-todas-las-plazas-de-estacionamiento-regulado\/#primaryimage"},"image":{"@id":"https:\/\/www.laguiadepamplona.com\/actualidad\/el-centro-de-la-ciudad-se-cierra-al-trafico-desde-manana-martes-dia-en-el-que-entra-en-funcionamiento-la-zona-naranja-en-todas-las-plazas-de-estacionamiento-regulado\/#primaryimage"},"thumbnailUrl":"https:\/\/www.laguiadepamplona.com\/actualidad\/wp-content\/uploads\/2022\/06\/zona-naranja.webp","datePublished":"2022-07-04T13:49:22+00:00","dateModified":"2023-04-11T09:47:57+00:00","description":"El servicio de alquiler de bicicletas el\u00e9ctricas suspender\u00e1 su actividad ma\u00f1ana martes y la reanudar\u00e1 el 15 de julio","breadcrumb":{"@id":"https:\/\/www.laguiadepamplona.com\/actualidad\/el-centro-de-la-ciudad-se-cierra-al-trafico-desde-manana-martes-dia-en-el-que-entra-en-funcionamiento-la-zona-naranja-en-todas-las-plazas-de-estacionamiento-regulado\/#breadcrumb"},"inLanguage":"es","potentialAction":[{"@type":"ReadAction","target":["https:\/\/www.laguiadepamplona.com\/actualidad\/el-centro-de-la-ciudad-se-cierra-al-trafico-desde-manana-martes-dia-en-el-que-entra-en-funcionamiento-la-zona-naranja-en-todas-las-plazas-de-estacionamiento-regulado\/"]}]},{"@type":"ImageObject","inLanguage":"es","@id":"https:\/\/www.laguiadepamplona.com\/actualidad\/el-centro-de-la-ciudad-se-cierra-al-trafico-desde-manana-martes-dia-en-el-que-entra-en-funcionamiento-la-zona-naranja-en-todas-las-plazas-de-estacionamiento-regulado\/#primaryimage","url":"https:\/\/www.laguiadepamplona.com\/actualidad\/wp-content\/uploads\/2022\/06\/zona-naranja.webp","contentUrl":"https:\/\/www.laguiadepamplona.com\/actualidad\/wp-content\/uploads\/2022\/06\/zona-naranja.webp","width":1920,"height":1280},{"@type":"BreadcrumbList","@id":"https:\/\/www.laguiadepamplona.com\/actualidad\/el-centro-de-la-ciudad-se-cierra-al-trafico-desde-manana-martes-dia-en-el-que-entra-en-funcionamiento-la-zona-naranja-en-todas-las-plazas-de-estacionamiento-regulado\/#breadcrumb","itemListElement":[{"@type":"ListItem","position":1,"name":"Portada","item":"https:\/\/www.laguiadepamplona.com\/actualidad\/"},{"@type":"ListItem","position":2,"name":"El centro de la ciudad se cierra al tr\u00e1fico desde ma\u00f1ana martes, d\u00eda en el que entra en funcionamiento la zona naranja en todas las plazas de estacionamiento regulado"}]},{"@type":"WebSite","@id":"https:\/\/www.laguiadepamplona.com\/actualidad\/#website","url":"https:\/\/www.laguiadepamplona.com\/actualidad\/","name":"La gu\u00eda de Pamplona","description":"Noticias de Pamplona","publisher":{"@id":"https:\/\/www.laguiadepamplona.com\/actualidad\/#organization"},"potentialAction":[{"@type":"SearchAction","target":{"@type":"EntryPoint","urlTemplate":"https:\/\/www.laguiadepamplona.com\/actualidad\/?s={search_term_string}"},"query-input":{"@type":"PropertyValueSpecification","valueRequired":true,"valueName":"search_term_string"}}],"inLanguage":"es"},{"@type":"Organization","@id":"https:\/\/www.laguiadepamplona.com\/actualidad\/#organization","name":"La Gu\u00eda de Pamplona \/ Noticias","url":"https:\/\/www.laguiadepamplona.com\/actualidad\/","logo":{"@type":"ImageObject","inLanguage":"es","@id":"https:\/\/www.laguiadepamplona.com\/actualidad\/#\/schema\/logo\/image\/","url":"https:\/\/www.laguiadepamplona.com\/actualidad\/wp-content\/uploads\/2018\/11\/logo-laguiadepamplona18-web1.png","contentUrl":"https:\/\/www.laguiadepamplona.com\/actualidad\/wp-content\/uploads\/2018\/11\/logo-laguiadepamplona18-web1.png","width":600,"height":196,"caption":"La Gu\u00eda de Pamplona \/ Noticias"},"image":{"@id":"https:\/\/www.laguiadepamplona.com\/actualidad\/#\/schema\/logo\/image\/"},"sameAs":["https:\/\/www.facebook.com\/laguiadepamplonacom-133175176762273\/?ref=hl","https:\/\/x.com\/LaGuiadPamplona","https:\/\/www.instagram.com\/la_guia_de_pamplona\/","https:\/\/www.youtube.com\/user\/laguiadepamplona"]},{"@type":"Person","@id":"https:\/\/www.laguiadepamplona.com\/actualidad\/#\/schema\/person\/efe887376f0213d4657c93adc50b1fdb","name":"La Gu\u00eda de Pamplona","image":{"@type":"ImageObject","inLanguage":"es","@id":"https:\/\/secure.gravatar.com\/avatar\/b6992f131dc8d30ab0dff15446e9d346d9dbd95992de0fef795073f5ea83a81c?s=96&d=mm&r=g","url":"https:\/\/secure.gravatar.com\/avatar\/b6992f131dc8d30ab0dff15446e9d346d9dbd95992de0fef795073f5ea83a81c?s=96&d=mm&r=g","contentUrl":"https:\/\/secure.gravatar.com\/avatar\/b6992f131dc8d30ab0dff15446e9d346d9dbd95992de0fef795073f5ea83a81c?s=96&d=mm&r=g","caption":"La Gu\u00eda de Pamplona"}}]}},"post_mailing_queue_ids":[],"_links":{"self":[{"href":"https:\/\/www.laguiadepamplona.com\/actualidad\/wp-json\/wp\/v2\/posts\/41140","targetHints":{"allow":["GET"]}}],"collection":[{"href":"https:\/\/www.laguiadepamplona.com\/actualidad\/wp-json\/wp\/v2\/posts"}],"about":[{"href":"https:\/\/www.laguiadepamplona.com\/actualidad\/wp-json\/wp\/v2\/types\/post"}],"author":[{"embeddable":true,"href":"https:\/\/www.laguiadepamplona.com\/actualidad\/wp-json\/wp\/v2\/users\/1"}],"replies":[{"embeddable":true,"href":"https:\/\/www.laguiadepamplona.com\/actualidad\/wp-json\/wp\/v2\/comments?post=41140"}],"version-history":[{"count":0,"href":"https:\/\/www.laguiadepamplona.com\/actualidad\/wp-json\/wp\/v2\/posts\/41140\/revisions"}],"wp:featuredmedia":[{"embeddable":true,"href":"https:\/\/www.laguiadepamplona.com\/actualidad\/wp-json\/wp\/v2\/media\/40625"}],"wp:attachment":[{"href":"https:\/\/www.laguiadepamplona.com\/actualidad\/wp-json\/wp\/v2\/media?parent=41140"}],"wp:term":[{"taxonomy":"category","embeddable":true,"href":"https:\/\/www.laguiadepamplona.com\/actualidad\/wp-json\/wp\/v2\/categories?post=41140"},{"taxonomy":"post_tag","embeddable":true,"href":"https:\/\/www.laguiadepamplona.com\/actualidad\/wp-json\/wp\/v2\/tags?post=41140"}],"curies":[{"name":"wp","href":"https:\/\/api.w.org\/{rel}","templated":true}]}}