{"id":41133,"date":"2022-07-04T13:55:37","date_gmt":"2022-07-04T11:55:37","guid":{"rendered":"https:\/\/www.laguiadepamplona.com\/actualidad\/?p=41133"},"modified":"2023-04-11T11:47:57","modified_gmt":"2023-04-11T09:47:57","slug":"convocadas-las-ayudas-a-la-edicion-de-libros-o-revistas-relacionadas-con-pamplona-en-soporte-papel-o-en-soporte-electronico","status":"publish","type":"post","link":"https:\/\/www.laguiadepamplona.com\/actualidad\/convocadas-las-ayudas-a-la-edicion-de-libros-o-revistas-relacionadas-con-pamplona-en-soporte-papel-o-en-soporte-electronico\/","title":{"rendered":"Convocadas las ayudas a la edici\u00f3n de libros o revistas relacionadas con Pamplona en soporte papel o en soporte electr\u00f3nico"},"content":{"rendered":"<h5 class=\"v12Subtitulo\">La convocatoria cuenta con un presupuesto de 10.000 euros y se pueden presentar proyectos hasta el 11 de julio<\/h5>\n<p class=\"v1MsoNormal\"><!--more--><\/p>\n<p class=\"v13Texto\">La convocatoria de ayudas a la edici\u00f3n tiene por objeto apoyar econ\u00f3micamente a entidades sin \u00e1nimo de lucro para la edici\u00f3n de libros o revistas relacionadas con Pamplona, su cultura, folclore, personajes e historia, tanto en soporte tradicional (papel) como en soporte electr\u00f3nico. El Ayuntamiento de Pamplona destina 10.000 euros a esta convocatoria dirigida a obras ser\u00e1n originales e in\u00e9ditas, facs\u00edmil, primeras traducciones al euskera o castellano o reimpresiones de libros originales agotados (siempre que su \u00faltima impresi\u00f3n sea de hace m\u00e1s de diez a\u00f1os, tenga un m\u00ednimo de 15% de nuevos contenidos, una nueva maqueta y un nuevo ISBN).<\/p>\n<p><script async src=\"\/\/pagead2.googlesyndication.com\/pagead\/js\/adsbygoogle.js\"><\/script><br \/>\n<!-- Noticias La Guia de Pamplona --><br \/>\n<ins class=\"adsbygoogle\"\nstyle=\"display:block\"\ndata-ad-client=\"ca-pub-6943679897239327\"\ndata-ad-slot=\"7048180777\"\ndata-ad-format=\"auto\"><\/ins><br \/>\n<script>\n(adsbygoogle = window.adsbygoogle || []).push({});\n<\/script><\/p>\n<p class=\"v13Texto\">Se trata de esta manera de impulsar la creaci\u00f3n y edici\u00f3n de publicaciones (libros o revistas) que tengan una relaci\u00f3n directa con Pamplona, promuevan la identidad del municipio y contribuyan al fomento de la cultura pamplonesa desde cualquiera de sus perspectivas hist\u00f3rica, territorial, social&#8230; Se admitir\u00e1n obras en cualquiera de las dos lenguas oficiales de Pamplona, publicadas entre el 1 de enero al 30 de noviembre de 2022, ambos inclusive. Los gastos de edici\u00f3n deben estar facturados en el a\u00f1o de la convocatoria. Los t\u00edtulos que se publiquen simult\u00e1neamente en formato papel y en formato digital se presentar\u00e1n en una sola solicitud conjunta.<\/p>\n<p class=\"v13Texto\">Pueden concurrir a estas ayudas entidades sin \u00e1nimo de lucro en cuyos estatutos conste que la finalidad de la entidad es de car\u00e1cter cultural. Deben estar legalmente constituidas con anterioridad de un a\u00f1o a la publicaci\u00f3n en el BON de la convocatoria, tener domicilio social y fiscal en Espa\u00f1a y estar al corriente de las obligaciones tributarias con el Ayuntamiento de Pamplona y con la Seguridad Social. Asimismo, no deber\u00e1n tener pendiente de justificar subvenciones anteriores concedidas por el Ayuntamiento de Pamplona cuyo plazo de justificaci\u00f3n hubiera finalizado. Cada entidad solicitante podr\u00e1 presentar un \u00fanico proyecto.<\/p>\n<p><script async src=\"\/\/pagead2.googlesyndication.com\/pagead\/js\/adsbygoogle.js\"><\/script><br \/>\n<!-- Noticias La Guia de Pamplona --><br \/>\n<ins class=\"adsbygoogle\"\nstyle=\"display:block\"\ndata-ad-client=\"ca-pub-6943679897239327\"\ndata-ad-slot=\"7048180777\"\ndata-ad-format=\"auto\"><\/ins><br \/>\n<script>\n(adsbygoogle = window.adsbygoogle || []).push({});\n<\/script><\/p>\n<p class=\"v14Ladillo\"><strong>Gastos subvencionables<\/strong><\/p>\n<p class=\"v13Texto\">El plazo de presentaci\u00f3n de solicitud para esta convocatoria finaliza el pr\u00f3ximo 11 de julio. Se deber\u00e1n presentar de forma telem\u00e1tica a trav\u00e9s del tr\u00e1mite\u00a0<a href=\"https:\/\/sedeelectronica.pamplona.es\/FichaTramite.aspx?id=229967TA&amp;idioma=1\" target=\"_blank\" rel=\"noopener noreferrer\">\u2018Solicitud electr\u00f3nica de subvenciones para personas jur\u00eddicas\u2019<\/a>, publicado en la Sede Electr\u00f3nica del Ayuntamiento de Pamplona. La informaci\u00f3n de las bases de estas ayudas a la edici\u00f3n se puede consultar en el\u00a0<a href=\"https:\/\/bon.navarra.es\/es\/anuncio\/-\/texto\/2022\/114\/62\" target=\"_blank\" rel=\"noopener noreferrer\">Bolet\u00edn Oficial de Navarra n\u00famero 114<\/a>\u00a0de 9 de junio o en la web municipal,\u00a0<a href=\"http:\/\/www.pamplona.es\/\" target=\"_blank\" rel=\"noopener noreferrer\">www.pamplona.es<\/a>.<\/p>\n<p><script async src=\"\/\/pagead2.googlesyndication.com\/pagead\/js\/adsbygoogle.js\"><\/script><br \/>\n<!-- Noticias La Guia de Pamplona --><br \/>\n<ins class=\"adsbygoogle\"\nstyle=\"display:block\"\ndata-ad-client=\"ca-pub-6943679897239327\"\ndata-ad-slot=\"7048180777\"\ndata-ad-format=\"auto\"><\/ins><br \/>\n<script>\n(adsbygoogle = window.adsbygoogle || []).push({});\n<\/script><\/p>\n<p class=\"v13Texto\">Espec\u00edficamente, se considerar\u00e1n gastos subvencionables los referidos a la producci\u00f3n editorial, incluyendo todos los procesos necesarios para la publicaci\u00f3n, es decir, dise\u00f1o y maquetaci\u00f3n de cubierta e interior, ilustraci\u00f3n, fotograf\u00eda y tratamiento de im\u00e1genes (conversi\u00f3n de formatos o resoluciones, digitalizaci\u00f3n, retoque y limpieza) y servicio de traducci\u00f3n. Se incluyen tambi\u00e9n, a efectos de esta convocatoria, los gastos en derechos de autor\u00eda (SGAE, etc.), la impresi\u00f3n de publicaciones y la gesti\u00f3n con las plataformas de publicaci\u00f3n digital.<\/p>\n","protected":false},"excerpt":{"rendered":"<p>La convocatoria cuenta con un presupuesto de 10.000 euros y se pueden presentar proyectos hasta el 11 de julio<\/p>\n","protected":false},"author":1,"featured_media":40836,"comment_status":"open","ping_status":"closed","sticky":false,"template":"","format":"standard","meta":{"footnotes":""},"categories":[2],"tags":[],"class_list":["post-41133","post","type-post","status-publish","format-standard","has-post-thumbnail","hentry","category-ayuntamiento-pamplona"],"yoast_head":"<!-- This site is optimized with the Yoast SEO plugin v27.3 - https:\/\/yoast.com\/product\/yoast-seo-wordpress\/ -->\n<title>Convocadas las ayudas a la edici\u00f3n de libros o revistas relacionadas con Pamplona en soporte papel o en soporte electr\u00f3nico<\/title>\n<meta name=\"description\" content=\"La convocatoria cuenta con un presupuesto de 10.000 euros y se pueden presentar proyectos hasta el 11 de julio\" \/>\n<meta name=\"robots\" content=\"index, follow, max-snippet:-1, max-image-preview:large, max-video-preview:-1\" \/>\n<link rel=\"canonical\" href=\"https:\/\/www.laguiadepamplona.com\/actualidad\/convocadas-las-ayudas-a-la-edicion-de-libros-o-revistas-relacionadas-con-pamplona-en-soporte-papel-o-en-soporte-electronico\/\" \/>\n<meta property=\"og:locale\" content=\"es_ES\" \/>\n<meta property=\"og:type\" content=\"article\" \/>\n<meta property=\"og:title\" content=\"Convocadas las ayudas a la edici\u00f3n de libros o revistas relacionadas con Pamplona en soporte papel o en soporte electr\u00f3nico\" \/>\n<meta property=\"og:description\" content=\"La convocatoria cuenta con un presupuesto de 10.000 euros y se pueden presentar proyectos hasta el 11 de julio\" \/>\n<meta property=\"og:url\" content=\"https:\/\/www.laguiadepamplona.com\/actualidad\/convocadas-las-ayudas-a-la-edicion-de-libros-o-revistas-relacionadas-con-pamplona-en-soporte-papel-o-en-soporte-electronico\/\" \/>\n<meta property=\"og:site_name\" content=\"La Gu\u00eda de Pamplona\" \/>\n<meta property=\"article:publisher\" content=\"https:\/\/www.facebook.com\/laguiadepamplonacom-133175176762273\/?ref=hl\" \/>\n<meta property=\"article:published_time\" content=\"2022-07-04T11:55:37+00:00\" \/>\n<meta property=\"article:modified_time\" content=\"2023-04-11T09:47:57+00:00\" \/>\n<meta property=\"og:image\" content=\"https:\/\/www.laguiadepamplona.com\/actualidad\/wp-content\/uploads\/2022\/06\/libros_3.webp\" \/>\n\t<meta property=\"og:image:width\" content=\"1920\" \/>\n\t<meta property=\"og:image:height\" content=\"1440\" \/>\n\t<meta property=\"og:image:type\" content=\"image\/webp\" \/>\n<meta name=\"author\" content=\"La Gu\u00eda de Pamplona\" \/>\n<meta name=\"twitter:card\" content=\"summary_large_image\" \/>\n<meta name=\"twitter:creator\" content=\"@LaGuiadPamplona\" \/>\n<meta name=\"twitter:site\" content=\"@LaGuiadPamplona\" \/>\n<meta name=\"twitter:label1\" content=\"Escrito por\" \/>\n\t<meta name=\"twitter:data1\" content=\"La Gu\u00eda de Pamplona\" \/>\n\t<meta name=\"twitter:label2\" content=\"Tiempo de lectura\" \/>\n\t<meta name=\"twitter:data2\" content=\"3 minutos\" \/>\n<script type=\"application\/ld+json\" class=\"yoast-schema-graph\">{\"@context\":\"https:\\\/\\\/schema.org\",\"@graph\":[{\"@type\":\"Article\",\"@id\":\"https:\\\/\\\/www.laguiadepamplona.com\\\/actualidad\\\/convocadas-las-ayudas-a-la-edicion-de-libros-o-revistas-relacionadas-con-pamplona-en-soporte-papel-o-en-soporte-electronico\\\/#article\",\"isPartOf\":{\"@id\":\"https:\\\/\\\/www.laguiadepamplona.com\\\/actualidad\\\/convocadas-las-ayudas-a-la-edicion-de-libros-o-revistas-relacionadas-con-pamplona-en-soporte-papel-o-en-soporte-electronico\\\/\"},\"author\":{\"name\":\"La Gu\u00eda de Pamplona\",\"@id\":\"https:\\\/\\\/www.laguiadepamplona.com\\\/actualidad\\\/#\\\/schema\\\/person\\\/efe887376f0213d4657c93adc50b1fdb\"},\"headline\":\"Convocadas las ayudas a la edici\u00f3n de libros o revistas relacionadas con Pamplona en soporte papel o en soporte electr\u00f3nico\",\"datePublished\":\"2022-07-04T11:55:37+00:00\",\"dateModified\":\"2023-04-11T09:47:57+00:00\",\"mainEntityOfPage\":{\"@id\":\"https:\\\/\\\/www.laguiadepamplona.com\\\/actualidad\\\/convocadas-las-ayudas-a-la-edicion-de-libros-o-revistas-relacionadas-con-pamplona-en-soporte-papel-o-en-soporte-electronico\\\/\"},\"wordCount\":540,\"commentCount\":0,\"publisher\":{\"@id\":\"https:\\\/\\\/www.laguiadepamplona.com\\\/actualidad\\\/#organization\"},\"image\":{\"@id\":\"https:\\\/\\\/www.laguiadepamplona.com\\\/actualidad\\\/convocadas-las-ayudas-a-la-edicion-de-libros-o-revistas-relacionadas-con-pamplona-en-soporte-papel-o-en-soporte-electronico\\\/#primaryimage\"},\"thumbnailUrl\":\"https:\\\/\\\/www.laguiadepamplona.com\\\/actualidad\\\/wp-content\\\/uploads\\\/2022\\\/06\\\/libros_3.webp\",\"articleSection\":[\"Ayto Pamplona\"],\"inLanguage\":\"es\",\"potentialAction\":[{\"@type\":\"CommentAction\",\"name\":\"Comment\",\"target\":[\"https:\\\/\\\/www.laguiadepamplona.com\\\/actualidad\\\/convocadas-las-ayudas-a-la-edicion-de-libros-o-revistas-relacionadas-con-pamplona-en-soporte-papel-o-en-soporte-electronico\\\/#respond\"]}]},{\"@type\":\"WebPage\",\"@id\":\"https:\\\/\\\/www.laguiadepamplona.com\\\/actualidad\\\/convocadas-las-ayudas-a-la-edicion-de-libros-o-revistas-relacionadas-con-pamplona-en-soporte-papel-o-en-soporte-electronico\\\/\",\"url\":\"https:\\\/\\\/www.laguiadepamplona.com\\\/actualidad\\\/convocadas-las-ayudas-a-la-edicion-de-libros-o-revistas-relacionadas-con-pamplona-en-soporte-papel-o-en-soporte-electronico\\\/\",\"name\":\"Convocadas las ayudas a la edici\u00f3n de libros o revistas relacionadas con Pamplona en soporte papel o en soporte electr\u00f3nico\",\"isPartOf\":{\"@id\":\"https:\\\/\\\/www.laguiadepamplona.com\\\/actualidad\\\/#website\"},\"primaryImageOfPage\":{\"@id\":\"https:\\\/\\\/www.laguiadepamplona.com\\\/actualidad\\\/convocadas-las-ayudas-a-la-edicion-de-libros-o-revistas-relacionadas-con-pamplona-en-soporte-papel-o-en-soporte-electronico\\\/#primaryimage\"},\"image\":{\"@id\":\"https:\\\/\\\/www.laguiadepamplona.com\\\/actualidad\\\/convocadas-las-ayudas-a-la-edicion-de-libros-o-revistas-relacionadas-con-pamplona-en-soporte-papel-o-en-soporte-electronico\\\/#primaryimage\"},\"thumbnailUrl\":\"https:\\\/\\\/www.laguiadepamplona.com\\\/actualidad\\\/wp-content\\\/uploads\\\/2022\\\/06\\\/libros_3.webp\",\"datePublished\":\"2022-07-04T11:55:37+00:00\",\"dateModified\":\"2023-04-11T09:47:57+00:00\",\"description\":\"La convocatoria cuenta con un presupuesto de 10.000 euros y se pueden presentar proyectos hasta el 11 de julio\",\"breadcrumb\":{\"@id\":\"https:\\\/\\\/www.laguiadepamplona.com\\\/actualidad\\\/convocadas-las-ayudas-a-la-edicion-de-libros-o-revistas-relacionadas-con-pamplona-en-soporte-papel-o-en-soporte-electronico\\\/#breadcrumb\"},\"inLanguage\":\"es\",\"potentialAction\":[{\"@type\":\"ReadAction\",\"target\":[\"https:\\\/\\\/www.laguiadepamplona.com\\\/actualidad\\\/convocadas-las-ayudas-a-la-edicion-de-libros-o-revistas-relacionadas-con-pamplona-en-soporte-papel-o-en-soporte-electronico\\\/\"]}]},{\"@type\":\"ImageObject\",\"inLanguage\":\"es\",\"@id\":\"https:\\\/\\\/www.laguiadepamplona.com\\\/actualidad\\\/convocadas-las-ayudas-a-la-edicion-de-libros-o-revistas-relacionadas-con-pamplona-en-soporte-papel-o-en-soporte-electronico\\\/#primaryimage\",\"url\":\"https:\\\/\\\/www.laguiadepamplona.com\\\/actualidad\\\/wp-content\\\/uploads\\\/2022\\\/06\\\/libros_3.webp\",\"contentUrl\":\"https:\\\/\\\/www.laguiadepamplona.com\\\/actualidad\\\/wp-content\\\/uploads\\\/2022\\\/06\\\/libros_3.webp\",\"width\":1920,\"height\":1440,\"caption\":\"libros\"},{\"@type\":\"BreadcrumbList\",\"@id\":\"https:\\\/\\\/www.laguiadepamplona.com\\\/actualidad\\\/convocadas-las-ayudas-a-la-edicion-de-libros-o-revistas-relacionadas-con-pamplona-en-soporte-papel-o-en-soporte-electronico\\\/#breadcrumb\",\"itemListElement\":[{\"@type\":\"ListItem\",\"position\":1,\"name\":\"Portada\",\"item\":\"https:\\\/\\\/www.laguiadepamplona.com\\\/actualidad\\\/\"},{\"@type\":\"ListItem\",\"position\":2,\"name\":\"Convocadas las ayudas a la edici\u00f3n de libros o revistas relacionadas con Pamplona en soporte papel o en soporte electr\u00f3nico\"}]},{\"@type\":\"WebSite\",\"@id\":\"https:\\\/\\\/www.laguiadepamplona.com\\\/actualidad\\\/#website\",\"url\":\"https:\\\/\\\/www.laguiadepamplona.com\\\/actualidad\\\/\",\"name\":\"La gu\u00eda de Pamplona\",\"description\":\"Noticias de Pamplona\",\"publisher\":{\"@id\":\"https:\\\/\\\/www.laguiadepamplona.com\\\/actualidad\\\/#organization\"},\"potentialAction\":[{\"@type\":\"SearchAction\",\"target\":{\"@type\":\"EntryPoint\",\"urlTemplate\":\"https:\\\/\\\/www.laguiadepamplona.com\\\/actualidad\\\/?s={search_term_string}\"},\"query-input\":{\"@type\":\"PropertyValueSpecification\",\"valueRequired\":true,\"valueName\":\"search_term_string\"}}],\"inLanguage\":\"es\"},{\"@type\":\"Organization\",\"@id\":\"https:\\\/\\\/www.laguiadepamplona.com\\\/actualidad\\\/#organization\",\"name\":\"La Gu\u00eda de Pamplona \\\/ Noticias\",\"url\":\"https:\\\/\\\/www.laguiadepamplona.com\\\/actualidad\\\/\",\"logo\":{\"@type\":\"ImageObject\",\"inLanguage\":\"es\",\"@id\":\"https:\\\/\\\/www.laguiadepamplona.com\\\/actualidad\\\/#\\\/schema\\\/logo\\\/image\\\/\",\"url\":\"https:\\\/\\\/www.laguiadepamplona.com\\\/actualidad\\\/wp-content\\\/uploads\\\/2018\\\/11\\\/logo-laguiadepamplona18-web1.png\",\"contentUrl\":\"https:\\\/\\\/www.laguiadepamplona.com\\\/actualidad\\\/wp-content\\\/uploads\\\/2018\\\/11\\\/logo-laguiadepamplona18-web1.png\",\"width\":600,\"height\":196,\"caption\":\"La Gu\u00eda de Pamplona \\\/ Noticias\"},\"image\":{\"@id\":\"https:\\\/\\\/www.laguiadepamplona.com\\\/actualidad\\\/#\\\/schema\\\/logo\\\/image\\\/\"},\"sameAs\":[\"https:\\\/\\\/www.facebook.com\\\/laguiadepamplonacom-133175176762273\\\/?ref=hl\",\"https:\\\/\\\/x.com\\\/LaGuiadPamplona\",\"https:\\\/\\\/www.instagram.com\\\/la_guia_de_pamplona\\\/\",\"https:\\\/\\\/www.youtube.com\\\/user\\\/laguiadepamplona\"]},{\"@type\":\"Person\",\"@id\":\"https:\\\/\\\/www.laguiadepamplona.com\\\/actualidad\\\/#\\\/schema\\\/person\\\/efe887376f0213d4657c93adc50b1fdb\",\"name\":\"La Gu\u00eda de Pamplona\",\"image\":{\"@type\":\"ImageObject\",\"inLanguage\":\"es\",\"@id\":\"https:\\\/\\\/secure.gravatar.com\\\/avatar\\\/b6992f131dc8d30ab0dff15446e9d346d9dbd95992de0fef795073f5ea83a81c?s=96&d=mm&r=g\",\"url\":\"https:\\\/\\\/secure.gravatar.com\\\/avatar\\\/b6992f131dc8d30ab0dff15446e9d346d9dbd95992de0fef795073f5ea83a81c?s=96&d=mm&r=g\",\"contentUrl\":\"https:\\\/\\\/secure.gravatar.com\\\/avatar\\\/b6992f131dc8d30ab0dff15446e9d346d9dbd95992de0fef795073f5ea83a81c?s=96&d=mm&r=g\",\"caption\":\"La Gu\u00eda de Pamplona\"}}]}<\/script>\n<!-- \/ Yoast SEO plugin. -->","yoast_head_json":{"title":"Convocadas las ayudas a la edici\u00f3n de libros o revistas relacionadas con Pamplona en soporte papel o en soporte electr\u00f3nico","description":"La convocatoria cuenta con un presupuesto de 10.000 euros y se pueden presentar proyectos hasta el 11 de julio","robots":{"index":"index","follow":"follow","max-snippet":"max-snippet:-1","max-image-preview":"max-image-preview:large","max-video-preview":"max-video-preview:-1"},"canonical":"https:\/\/www.laguiadepamplona.com\/actualidad\/convocadas-las-ayudas-a-la-edicion-de-libros-o-revistas-relacionadas-con-pamplona-en-soporte-papel-o-en-soporte-electronico\/","og_locale":"es_ES","og_type":"article","og_title":"Convocadas las ayudas a la edici\u00f3n de libros o revistas relacionadas con Pamplona en soporte papel o en soporte electr\u00f3nico","og_description":"La convocatoria cuenta con un presupuesto de 10.000 euros y se pueden presentar proyectos hasta el 11 de julio","og_url":"https:\/\/www.laguiadepamplona.com\/actualidad\/convocadas-las-ayudas-a-la-edicion-de-libros-o-revistas-relacionadas-con-pamplona-en-soporte-papel-o-en-soporte-electronico\/","og_site_name":"La Gu\u00eda de Pamplona","article_publisher":"https:\/\/www.facebook.com\/laguiadepamplonacom-133175176762273\/?ref=hl","article_published_time":"2022-07-04T11:55:37+00:00","article_modified_time":"2023-04-11T09:47:57+00:00","og_image":[{"width":1920,"height":1440,"url":"https:\/\/www.laguiadepamplona.com\/actualidad\/wp-content\/uploads\/2022\/06\/libros_3.webp","type":"image\/webp"}],"author":"La Gu\u00eda de Pamplona","twitter_card":"summary_large_image","twitter_creator":"@LaGuiadPamplona","twitter_site":"@LaGuiadPamplona","twitter_misc":{"Escrito por":"La Gu\u00eda de Pamplona","Tiempo de lectura":"3 minutos"},"schema":{"@context":"https:\/\/schema.org","@graph":[{"@type":"Article","@id":"https:\/\/www.laguiadepamplona.com\/actualidad\/convocadas-las-ayudas-a-la-edicion-de-libros-o-revistas-relacionadas-con-pamplona-en-soporte-papel-o-en-soporte-electronico\/#article","isPartOf":{"@id":"https:\/\/www.laguiadepamplona.com\/actualidad\/convocadas-las-ayudas-a-la-edicion-de-libros-o-revistas-relacionadas-con-pamplona-en-soporte-papel-o-en-soporte-electronico\/"},"author":{"name":"La Gu\u00eda de Pamplona","@id":"https:\/\/www.laguiadepamplona.com\/actualidad\/#\/schema\/person\/efe887376f0213d4657c93adc50b1fdb"},"headline":"Convocadas las ayudas a la edici\u00f3n de libros o revistas relacionadas con Pamplona en soporte papel o en soporte electr\u00f3nico","datePublished":"2022-07-04T11:55:37+00:00","dateModified":"2023-04-11T09:47:57+00:00","mainEntityOfPage":{"@id":"https:\/\/www.laguiadepamplona.com\/actualidad\/convocadas-las-ayudas-a-la-edicion-de-libros-o-revistas-relacionadas-con-pamplona-en-soporte-papel-o-en-soporte-electronico\/"},"wordCount":540,"commentCount":0,"publisher":{"@id":"https:\/\/www.laguiadepamplona.com\/actualidad\/#organization"},"image":{"@id":"https:\/\/www.laguiadepamplona.com\/actualidad\/convocadas-las-ayudas-a-la-edicion-de-libros-o-revistas-relacionadas-con-pamplona-en-soporte-papel-o-en-soporte-electronico\/#primaryimage"},"thumbnailUrl":"https:\/\/www.laguiadepamplona.com\/actualidad\/wp-content\/uploads\/2022\/06\/libros_3.webp","articleSection":["Ayto Pamplona"],"inLanguage":"es","potentialAction":[{"@type":"CommentAction","name":"Comment","target":["https:\/\/www.laguiadepamplona.com\/actualidad\/convocadas-las-ayudas-a-la-edicion-de-libros-o-revistas-relacionadas-con-pamplona-en-soporte-papel-o-en-soporte-electronico\/#respond"]}]},{"@type":"WebPage","@id":"https:\/\/www.laguiadepamplona.com\/actualidad\/convocadas-las-ayudas-a-la-edicion-de-libros-o-revistas-relacionadas-con-pamplona-en-soporte-papel-o-en-soporte-electronico\/","url":"https:\/\/www.laguiadepamplona.com\/actualidad\/convocadas-las-ayudas-a-la-edicion-de-libros-o-revistas-relacionadas-con-pamplona-en-soporte-papel-o-en-soporte-electronico\/","name":"Convocadas las ayudas a la edici\u00f3n de libros o revistas relacionadas con Pamplona en soporte papel o en soporte electr\u00f3nico","isPartOf":{"@id":"https:\/\/www.laguiadepamplona.com\/actualidad\/#website"},"primaryImageOfPage":{"@id":"https:\/\/www.laguiadepamplona.com\/actualidad\/convocadas-las-ayudas-a-la-edicion-de-libros-o-revistas-relacionadas-con-pamplona-en-soporte-papel-o-en-soporte-electronico\/#primaryimage"},"image":{"@id":"https:\/\/www.laguiadepamplona.com\/actualidad\/convocadas-las-ayudas-a-la-edicion-de-libros-o-revistas-relacionadas-con-pamplona-en-soporte-papel-o-en-soporte-electronico\/#primaryimage"},"thumbnailUrl":"https:\/\/www.laguiadepamplona.com\/actualidad\/wp-content\/uploads\/2022\/06\/libros_3.webp","datePublished":"2022-07-04T11:55:37+00:00","dateModified":"2023-04-11T09:47:57+00:00","description":"La convocatoria cuenta con un presupuesto de 10.000 euros y se pueden presentar proyectos hasta el 11 de julio","breadcrumb":{"@id":"https:\/\/www.laguiadepamplona.com\/actualidad\/convocadas-las-ayudas-a-la-edicion-de-libros-o-revistas-relacionadas-con-pamplona-en-soporte-papel-o-en-soporte-electronico\/#breadcrumb"},"inLanguage":"es","potentialAction":[{"@type":"ReadAction","target":["https:\/\/www.laguiadepamplona.com\/actualidad\/convocadas-las-ayudas-a-la-edicion-de-libros-o-revistas-relacionadas-con-pamplona-en-soporte-papel-o-en-soporte-electronico\/"]}]},{"@type":"ImageObject","inLanguage":"es","@id":"https:\/\/www.laguiadepamplona.com\/actualidad\/convocadas-las-ayudas-a-la-edicion-de-libros-o-revistas-relacionadas-con-pamplona-en-soporte-papel-o-en-soporte-electronico\/#primaryimage","url":"https:\/\/www.laguiadepamplona.com\/actualidad\/wp-content\/uploads\/2022\/06\/libros_3.webp","contentUrl":"https:\/\/www.laguiadepamplona.com\/actualidad\/wp-content\/uploads\/2022\/06\/libros_3.webp","width":1920,"height":1440,"caption":"libros"},{"@type":"BreadcrumbList","@id":"https:\/\/www.laguiadepamplona.com\/actualidad\/convocadas-las-ayudas-a-la-edicion-de-libros-o-revistas-relacionadas-con-pamplona-en-soporte-papel-o-en-soporte-electronico\/#breadcrumb","itemListElement":[{"@type":"ListItem","position":1,"name":"Portada","item":"https:\/\/www.laguiadepamplona.com\/actualidad\/"},{"@type":"ListItem","position":2,"name":"Convocadas las ayudas a la edici\u00f3n de libros o revistas relacionadas con Pamplona en soporte papel o en soporte electr\u00f3nico"}]},{"@type":"WebSite","@id":"https:\/\/www.laguiadepamplona.com\/actualidad\/#website","url":"https:\/\/www.laguiadepamplona.com\/actualidad\/","name":"La gu\u00eda de Pamplona","description":"Noticias de Pamplona","publisher":{"@id":"https:\/\/www.laguiadepamplona.com\/actualidad\/#organization"},"potentialAction":[{"@type":"SearchAction","target":{"@type":"EntryPoint","urlTemplate":"https:\/\/www.laguiadepamplona.com\/actualidad\/?s={search_term_string}"},"query-input":{"@type":"PropertyValueSpecification","valueRequired":true,"valueName":"search_term_string"}}],"inLanguage":"es"},{"@type":"Organization","@id":"https:\/\/www.laguiadepamplona.com\/actualidad\/#organization","name":"La Gu\u00eda de Pamplona \/ Noticias","url":"https:\/\/www.laguiadepamplona.com\/actualidad\/","logo":{"@type":"ImageObject","inLanguage":"es","@id":"https:\/\/www.laguiadepamplona.com\/actualidad\/#\/schema\/logo\/image\/","url":"https:\/\/www.laguiadepamplona.com\/actualidad\/wp-content\/uploads\/2018\/11\/logo-laguiadepamplona18-web1.png","contentUrl":"https:\/\/www.laguiadepamplona.com\/actualidad\/wp-content\/uploads\/2018\/11\/logo-laguiadepamplona18-web1.png","width":600,"height":196,"caption":"La Gu\u00eda de Pamplona \/ Noticias"},"image":{"@id":"https:\/\/www.laguiadepamplona.com\/actualidad\/#\/schema\/logo\/image\/"},"sameAs":["https:\/\/www.facebook.com\/laguiadepamplonacom-133175176762273\/?ref=hl","https:\/\/x.com\/LaGuiadPamplona","https:\/\/www.instagram.com\/la_guia_de_pamplona\/","https:\/\/www.youtube.com\/user\/laguiadepamplona"]},{"@type":"Person","@id":"https:\/\/www.laguiadepamplona.com\/actualidad\/#\/schema\/person\/efe887376f0213d4657c93adc50b1fdb","name":"La Gu\u00eda de Pamplona","image":{"@type":"ImageObject","inLanguage":"es","@id":"https:\/\/secure.gravatar.com\/avatar\/b6992f131dc8d30ab0dff15446e9d346d9dbd95992de0fef795073f5ea83a81c?s=96&d=mm&r=g","url":"https:\/\/secure.gravatar.com\/avatar\/b6992f131dc8d30ab0dff15446e9d346d9dbd95992de0fef795073f5ea83a81c?s=96&d=mm&r=g","contentUrl":"https:\/\/secure.gravatar.com\/avatar\/b6992f131dc8d30ab0dff15446e9d346d9dbd95992de0fef795073f5ea83a81c?s=96&d=mm&r=g","caption":"La Gu\u00eda de Pamplona"}}]}},"post_mailing_queue_ids":[],"_links":{"self":[{"href":"https:\/\/www.laguiadepamplona.com\/actualidad\/wp-json\/wp\/v2\/posts\/41133","targetHints":{"allow":["GET"]}}],"collection":[{"href":"https:\/\/www.laguiadepamplona.com\/actualidad\/wp-json\/wp\/v2\/posts"}],"about":[{"href":"https:\/\/www.laguiadepamplona.com\/actualidad\/wp-json\/wp\/v2\/types\/post"}],"author":[{"embeddable":true,"href":"https:\/\/www.laguiadepamplona.com\/actualidad\/wp-json\/wp\/v2\/users\/1"}],"replies":[{"embeddable":true,"href":"https:\/\/www.laguiadepamplona.com\/actualidad\/wp-json\/wp\/v2\/comments?post=41133"}],"version-history":[{"count":0,"href":"https:\/\/www.laguiadepamplona.com\/actualidad\/wp-json\/wp\/v2\/posts\/41133\/revisions"}],"wp:featuredmedia":[{"embeddable":true,"href":"https:\/\/www.laguiadepamplona.com\/actualidad\/wp-json\/wp\/v2\/media\/40836"}],"wp:attachment":[{"href":"https:\/\/www.laguiadepamplona.com\/actualidad\/wp-json\/wp\/v2\/media?parent=41133"}],"wp:term":[{"taxonomy":"category","embeddable":true,"href":"https:\/\/www.laguiadepamplona.com\/actualidad\/wp-json\/wp\/v2\/categories?post=41133"},{"taxonomy":"post_tag","embeddable":true,"href":"https:\/\/www.laguiadepamplona.com\/actualidad\/wp-json\/wp\/v2\/tags?post=41133"}],"curies":[{"name":"wp","href":"https:\/\/api.w.org\/{rel}","templated":true}]}}