{"id":41130,"date":"2022-07-01T16:54:26","date_gmt":"2022-07-01T14:54:26","guid":{"rendered":"https:\/\/www.laguiadepamplona.com\/actualidad\/?p=41130"},"modified":"2023-04-11T11:47:57","modified_gmt":"2023-04-11T09:47:57","slug":"ayuntamiento-de-pamplona-y-gobierno-de-navarra-colaboran-en-el-desarrollo-del-programa-de-transicion-para-personas-solicitantes-de-proteccion-internacional-o-acogida-humanitaria","status":"publish","type":"post","link":"https:\/\/www.laguiadepamplona.com\/actualidad\/ayuntamiento-de-pamplona-y-gobierno-de-navarra-colaboran-en-el-desarrollo-del-programa-de-transicion-para-personas-solicitantes-de-proteccion-internacional-o-acogida-humanitaria\/","title":{"rendered":"Ayuntamiento de Pamplona y Gobierno de Navarra colaboran en el desarrollo del Programa de Transici\u00f3n para personas solicitantes de protecci\u00f3n internacional o acogida humanitaria \u00a0"},"content":{"rendered":"<h5>El programa se desarrollar\u00e1 en el chal\u00e9 de Caparroso, edificio de titularidad municipal, que el Ayuntamiento arrendar\u00e1 al Gobierno de Navarra<\/h5>\n<p><!--more--><\/p>\n<p>El alcalde de Pamplona, Enrique Maya, y el consejero de Pol\u00edticas Migratorias y Justicia, Eduardo Santos, han firmado esta ma\u00f1ana un convenio de colaboraci\u00f3n para el desarrollo del Programa de Transici\u00f3n para personas solicitantes de protecci\u00f3n internacional o del programa de Acogida Humanitaria. El convenio establece el arrendamiento del chal\u00e9 de Caparroso como centro de acogida del programa durante los pr\u00f3ximos cuatro a\u00f1os.<br \/>\n<script async src=\"\/\/pagead2.googlesyndication.com\/pagead\/js\/adsbygoogle.js\"><\/script><br \/>\n<!-- Noticias La Guia de Pamplona --><br \/>\n<ins class=\"adsbygoogle\"\nstyle=\"display:block\"\ndata-ad-client=\"ca-pub-6943679897239327\"\ndata-ad-slot=\"7048180777\"\ndata-ad-format=\"auto\"><\/ins><br \/>\n<script>\n(adsbygoogle = window.adsbygoogle || []).push({});\n<\/script><\/p>\n<p>El Ayuntamiento de Pamplona es propietario del chal\u00e9 de Caparroso, un inmueble situado en el camino del Molino Caparroso n\u00ba 4 bajo. Tiene capacidad para 17 plazas repartidas en 5 habitaciones dobles, 2 habitaciones triples y 1 habitaci\u00f3n individual, pudi\u00e9ndose hacer uso puntual de m\u00e1s plazas en funci\u00f3n de la composici\u00f3n de las unidades convivenciales. El Programa de Transici\u00f3n que desarrolla el Departamento de Pol\u00edticas Migratorias y Justicia del Gobierno de Navarra se gestiona actualmente a trav\u00e9s de la Comisi\u00f3n de Espa\u00f1ola de Ayuda al Refugiado (CEAR). El convenio recoge un canon anual de 3.300 euros por el arrendamiento.<\/p>\n<p>El chal\u00e9 de Caparroso podr\u00e1 acoger a personas y familias migrantes que hayan sido solicitantes o beneficiarias de protecci\u00f3n internacional y que se han visto obligadas a abandonar el Programa de Acogida para personas solicitantes de Protecci\u00f3n Internacional y el Programa de Ayuda Humanitaria financiados por el Ministerio de Inclusi\u00f3n, Seguridad Social y Migraciones, bien por haber sido denegada su solicitud, bien por haber finalizado la estancia, quedando en situaci\u00f3n de vulnerabilidad y exclusi\u00f3n social. Esas familias que no cumplen los requisitos necesarios para acceder al programa de primera acogida, no pueden encuadrarse en ning\u00fan marco de protecci\u00f3n y, en caso de tener menores a su cargo, hace que la situaci\u00f3n sea de m\u00e1xima vulnerabilidad si no disponen de un recurso habitacional, pudiendo generarse incluso factores de desprotecci\u00f3n.<br \/>\n<script async src=\"\/\/pagead2.googlesyndication.com\/pagead\/js\/adsbygoogle.js\"><\/script><br \/>\n<!-- Noticias La Guia de Pamplona --><br \/>\n<ins class=\"adsbygoogle\"\nstyle=\"display:block\"\ndata-ad-client=\"ca-pub-6943679897239327\"\ndata-ad-slot=\"7048180777\"\ndata-ad-format=\"auto\"><\/ins><br \/>\n<script>\n(adsbygoogle = window.adsbygoogle || []).push({});\n<\/script><\/p>\n<p>En caso de disponer de plazas libres, se podr\u00e1 derivar a este recurso a personas y familias en situaci\u00f3n de vulnerabilidad que hayan seguido un itinerario con Cruz Roja y CEAR dentro del Programa de Acogida Humanitaria y, en situaciones excepcionales, a personas solicitantes de protecci\u00f3n internacional en situaci\u00f3n de extrema vulnerabilidad que no hayan seguido un itinerario con ninguna de esas entidades, con especial atenci\u00f3n a las derivadas desde el Ayuntamiento de Pamplona. El acceso al programa de manera excepcional se har\u00e1 previa valoraci\u00f3n por una Comisi\u00f3n formada por CEAR y por la Direcci\u00f3n General de Pol\u00edticas Migratorias y deber\u00e1 contar con la aprobaci\u00f3n de la Direcci\u00f3n.<\/p>\n","protected":false},"excerpt":{"rendered":"<p>El programa se desarrollar\u00e1 en el chal\u00e9 de Caparroso, edificio de titularidad municipal, que el Ayuntamiento arrendar\u00e1 al Gobierno de Navarra<\/p>\n","protected":false},"author":1,"featured_media":41131,"comment_status":"open","ping_status":"closed","sticky":false,"template":"","format":"standard","meta":{"footnotes":""},"categories":[2],"tags":[],"class_list":["post-41130","post","type-post","status-publish","format-standard","has-post-thumbnail","hentry","category-ayuntamiento-pamplona"],"yoast_head":"<!-- This site is optimized with the Yoast SEO plugin v27.3 - https:\/\/yoast.com\/product\/yoast-seo-wordpress\/ -->\n<title>Ayuntamiento de Pamplona y Gobierno de Navarra colaboran en el desarrollo del Programa de Transici\u00f3n para personas solicitantes de protecci\u00f3n internacional o acogida humanitaria \u00a0<\/title>\n<meta name=\"description\" content=\"El programa se desarrollar\u00e1 en el chal\u00e9 de Caparroso, edificio de titularidad municipal, que el Ayuntamiento arrendar\u00e1 al Gobierno de Navarra\" \/>\n<meta name=\"robots\" content=\"index, follow, max-snippet:-1, max-image-preview:large, max-video-preview:-1\" \/>\n<link rel=\"canonical\" href=\"https:\/\/www.laguiadepamplona.com\/actualidad\/ayuntamiento-de-pamplona-y-gobierno-de-navarra-colaboran-en-el-desarrollo-del-programa-de-transicion-para-personas-solicitantes-de-proteccion-internacional-o-acogida-humanitaria\/\" \/>\n<meta property=\"og:locale\" content=\"es_ES\" \/>\n<meta property=\"og:type\" content=\"article\" \/>\n<meta property=\"og:title\" content=\"Ayuntamiento de Pamplona y Gobierno de Navarra colaboran en el desarrollo del Programa de Transici\u00f3n para personas solicitantes de protecci\u00f3n internacional o acogida humanitaria \u00a0\" \/>\n<meta property=\"og:description\" content=\"El programa se desarrollar\u00e1 en el chal\u00e9 de Caparroso, edificio de titularidad municipal, que el Ayuntamiento arrendar\u00e1 al Gobierno de Navarra\" \/>\n<meta property=\"og:url\" content=\"https:\/\/www.laguiadepamplona.com\/actualidad\/ayuntamiento-de-pamplona-y-gobierno-de-navarra-colaboran-en-el-desarrollo-del-programa-de-transicion-para-personas-solicitantes-de-proteccion-internacional-o-acogida-humanitaria\/\" \/>\n<meta property=\"og:site_name\" content=\"La Gu\u00eda de Pamplona\" \/>\n<meta property=\"article:publisher\" content=\"https:\/\/www.facebook.com\/laguiadepamplonacom-133175176762273\/?ref=hl\" \/>\n<meta property=\"article:published_time\" content=\"2022-07-01T14:54:26+00:00\" \/>\n<meta property=\"article:modified_time\" content=\"2023-04-11T09:47:57+00:00\" \/>\n<meta property=\"og:image\" content=\"https:\/\/www.laguiadepamplona.com\/actualidad\/wp-content\/uploads\/2022\/07\/q5a3791pleno22-07-01.webp\" \/>\n\t<meta property=\"og:image:width\" content=\"1920\" \/>\n\t<meta property=\"og:image:height\" content=\"1281\" \/>\n\t<meta property=\"og:image:type\" content=\"image\/webp\" \/>\n<meta name=\"author\" content=\"La Gu\u00eda de Pamplona\" \/>\n<meta name=\"twitter:card\" content=\"summary_large_image\" \/>\n<meta name=\"twitter:creator\" content=\"@LaGuiadPamplona\" \/>\n<meta name=\"twitter:site\" content=\"@LaGuiadPamplona\" \/>\n<meta name=\"twitter:label1\" content=\"Escrito por\" \/>\n\t<meta name=\"twitter:data1\" content=\"La Gu\u00eda de Pamplona\" \/>\n\t<meta name=\"twitter:label2\" content=\"Tiempo de lectura\" \/>\n\t<meta name=\"twitter:data2\" content=\"2 minutos\" \/>\n<script type=\"application\/ld+json\" class=\"yoast-schema-graph\">{\"@context\":\"https:\\\/\\\/schema.org\",\"@graph\":[{\"@type\":\"Article\",\"@id\":\"https:\\\/\\\/www.laguiadepamplona.com\\\/actualidad\\\/ayuntamiento-de-pamplona-y-gobierno-de-navarra-colaboran-en-el-desarrollo-del-programa-de-transicion-para-personas-solicitantes-de-proteccion-internacional-o-acogida-humanitaria\\\/#article\",\"isPartOf\":{\"@id\":\"https:\\\/\\\/www.laguiadepamplona.com\\\/actualidad\\\/ayuntamiento-de-pamplona-y-gobierno-de-navarra-colaboran-en-el-desarrollo-del-programa-de-transicion-para-personas-solicitantes-de-proteccion-internacional-o-acogida-humanitaria\\\/\"},\"author\":{\"name\":\"La Gu\u00eda de Pamplona\",\"@id\":\"https:\\\/\\\/www.laguiadepamplona.com\\\/actualidad\\\/#\\\/schema\\\/person\\\/efe887376f0213d4657c93adc50b1fdb\"},\"headline\":\"Ayuntamiento de Pamplona y Gobierno de Navarra colaboran en el desarrollo del Programa de Transici\u00f3n para personas solicitantes de protecci\u00f3n internacional o acogida humanitaria \u00a0\",\"datePublished\":\"2022-07-01T14:54:26+00:00\",\"dateModified\":\"2023-04-11T09:47:57+00:00\",\"mainEntityOfPage\":{\"@id\":\"https:\\\/\\\/www.laguiadepamplona.com\\\/actualidad\\\/ayuntamiento-de-pamplona-y-gobierno-de-navarra-colaboran-en-el-desarrollo-del-programa-de-transicion-para-personas-solicitantes-de-proteccion-internacional-o-acogida-humanitaria\\\/\"},\"wordCount\":476,\"commentCount\":0,\"publisher\":{\"@id\":\"https:\\\/\\\/www.laguiadepamplona.com\\\/actualidad\\\/#organization\"},\"image\":{\"@id\":\"https:\\\/\\\/www.laguiadepamplona.com\\\/actualidad\\\/ayuntamiento-de-pamplona-y-gobierno-de-navarra-colaboran-en-el-desarrollo-del-programa-de-transicion-para-personas-solicitantes-de-proteccion-internacional-o-acogida-humanitaria\\\/#primaryimage\"},\"thumbnailUrl\":\"https:\\\/\\\/www.laguiadepamplona.com\\\/actualidad\\\/wp-content\\\/uploads\\\/2022\\\/07\\\/q5a3791pleno22-07-01.webp\",\"articleSection\":[\"Ayto Pamplona\"],\"inLanguage\":\"es\",\"potentialAction\":[{\"@type\":\"CommentAction\",\"name\":\"Comment\",\"target\":[\"https:\\\/\\\/www.laguiadepamplona.com\\\/actualidad\\\/ayuntamiento-de-pamplona-y-gobierno-de-navarra-colaboran-en-el-desarrollo-del-programa-de-transicion-para-personas-solicitantes-de-proteccion-internacional-o-acogida-humanitaria\\\/#respond\"]}]},{\"@type\":\"WebPage\",\"@id\":\"https:\\\/\\\/www.laguiadepamplona.com\\\/actualidad\\\/ayuntamiento-de-pamplona-y-gobierno-de-navarra-colaboran-en-el-desarrollo-del-programa-de-transicion-para-personas-solicitantes-de-proteccion-internacional-o-acogida-humanitaria\\\/\",\"url\":\"https:\\\/\\\/www.laguiadepamplona.com\\\/actualidad\\\/ayuntamiento-de-pamplona-y-gobierno-de-navarra-colaboran-en-el-desarrollo-del-programa-de-transicion-para-personas-solicitantes-de-proteccion-internacional-o-acogida-humanitaria\\\/\",\"name\":\"Ayuntamiento de Pamplona y Gobierno de Navarra colaboran en el desarrollo del Programa de Transici\u00f3n para personas solicitantes de protecci\u00f3n internacional o acogida humanitaria \u00a0\",\"isPartOf\":{\"@id\":\"https:\\\/\\\/www.laguiadepamplona.com\\\/actualidad\\\/#website\"},\"primaryImageOfPage\":{\"@id\":\"https:\\\/\\\/www.laguiadepamplona.com\\\/actualidad\\\/ayuntamiento-de-pamplona-y-gobierno-de-navarra-colaboran-en-el-desarrollo-del-programa-de-transicion-para-personas-solicitantes-de-proteccion-internacional-o-acogida-humanitaria\\\/#primaryimage\"},\"image\":{\"@id\":\"https:\\\/\\\/www.laguiadepamplona.com\\\/actualidad\\\/ayuntamiento-de-pamplona-y-gobierno-de-navarra-colaboran-en-el-desarrollo-del-programa-de-transicion-para-personas-solicitantes-de-proteccion-internacional-o-acogida-humanitaria\\\/#primaryimage\"},\"thumbnailUrl\":\"https:\\\/\\\/www.laguiadepamplona.com\\\/actualidad\\\/wp-content\\\/uploads\\\/2022\\\/07\\\/q5a3791pleno22-07-01.webp\",\"datePublished\":\"2022-07-01T14:54:26+00:00\",\"dateModified\":\"2023-04-11T09:47:57+00:00\",\"description\":\"El programa se desarrollar\u00e1 en el chal\u00e9 de Caparroso, edificio de titularidad municipal, que el Ayuntamiento arrendar\u00e1 al Gobierno de Navarra\",\"breadcrumb\":{\"@id\":\"https:\\\/\\\/www.laguiadepamplona.com\\\/actualidad\\\/ayuntamiento-de-pamplona-y-gobierno-de-navarra-colaboran-en-el-desarrollo-del-programa-de-transicion-para-personas-solicitantes-de-proteccion-internacional-o-acogida-humanitaria\\\/#breadcrumb\"},\"inLanguage\":\"es\",\"potentialAction\":[{\"@type\":\"ReadAction\",\"target\":[\"https:\\\/\\\/www.laguiadepamplona.com\\\/actualidad\\\/ayuntamiento-de-pamplona-y-gobierno-de-navarra-colaboran-en-el-desarrollo-del-programa-de-transicion-para-personas-solicitantes-de-proteccion-internacional-o-acogida-humanitaria\\\/\"]}]},{\"@type\":\"ImageObject\",\"inLanguage\":\"es\",\"@id\":\"https:\\\/\\\/www.laguiadepamplona.com\\\/actualidad\\\/ayuntamiento-de-pamplona-y-gobierno-de-navarra-colaboran-en-el-desarrollo-del-programa-de-transicion-para-personas-solicitantes-de-proteccion-internacional-o-acogida-humanitaria\\\/#primaryimage\",\"url\":\"https:\\\/\\\/www.laguiadepamplona.com\\\/actualidad\\\/wp-content\\\/uploads\\\/2022\\\/07\\\/q5a3791pleno22-07-01.webp\",\"contentUrl\":\"https:\\\/\\\/www.laguiadepamplona.com\\\/actualidad\\\/wp-content\\\/uploads\\\/2022\\\/07\\\/q5a3791pleno22-07-01.webp\",\"width\":1920,\"height\":1281},{\"@type\":\"BreadcrumbList\",\"@id\":\"https:\\\/\\\/www.laguiadepamplona.com\\\/actualidad\\\/ayuntamiento-de-pamplona-y-gobierno-de-navarra-colaboran-en-el-desarrollo-del-programa-de-transicion-para-personas-solicitantes-de-proteccion-internacional-o-acogida-humanitaria\\\/#breadcrumb\",\"itemListElement\":[{\"@type\":\"ListItem\",\"position\":1,\"name\":\"Portada\",\"item\":\"https:\\\/\\\/www.laguiadepamplona.com\\\/actualidad\\\/\"},{\"@type\":\"ListItem\",\"position\":2,\"name\":\"Ayuntamiento de Pamplona y Gobierno de Navarra colaboran en el desarrollo del Programa de Transici\u00f3n para personas solicitantes de protecci\u00f3n internacional o acogida humanitaria \u00a0\"}]},{\"@type\":\"WebSite\",\"@id\":\"https:\\\/\\\/www.laguiadepamplona.com\\\/actualidad\\\/#website\",\"url\":\"https:\\\/\\\/www.laguiadepamplona.com\\\/actualidad\\\/\",\"name\":\"La gu\u00eda de Pamplona\",\"description\":\"Noticias de Pamplona\",\"publisher\":{\"@id\":\"https:\\\/\\\/www.laguiadepamplona.com\\\/actualidad\\\/#organization\"},\"potentialAction\":[{\"@type\":\"SearchAction\",\"target\":{\"@type\":\"EntryPoint\",\"urlTemplate\":\"https:\\\/\\\/www.laguiadepamplona.com\\\/actualidad\\\/?s={search_term_string}\"},\"query-input\":{\"@type\":\"PropertyValueSpecification\",\"valueRequired\":true,\"valueName\":\"search_term_string\"}}],\"inLanguage\":\"es\"},{\"@type\":\"Organization\",\"@id\":\"https:\\\/\\\/www.laguiadepamplona.com\\\/actualidad\\\/#organization\",\"name\":\"La Gu\u00eda de Pamplona \\\/ Noticias\",\"url\":\"https:\\\/\\\/www.laguiadepamplona.com\\\/actualidad\\\/\",\"logo\":{\"@type\":\"ImageObject\",\"inLanguage\":\"es\",\"@id\":\"https:\\\/\\\/www.laguiadepamplona.com\\\/actualidad\\\/#\\\/schema\\\/logo\\\/image\\\/\",\"url\":\"https:\\\/\\\/www.laguiadepamplona.com\\\/actualidad\\\/wp-content\\\/uploads\\\/2018\\\/11\\\/logo-laguiadepamplona18-web1.png\",\"contentUrl\":\"https:\\\/\\\/www.laguiadepamplona.com\\\/actualidad\\\/wp-content\\\/uploads\\\/2018\\\/11\\\/logo-laguiadepamplona18-web1.png\",\"width\":600,\"height\":196,\"caption\":\"La Gu\u00eda de Pamplona \\\/ Noticias\"},\"image\":{\"@id\":\"https:\\\/\\\/www.laguiadepamplona.com\\\/actualidad\\\/#\\\/schema\\\/logo\\\/image\\\/\"},\"sameAs\":[\"https:\\\/\\\/www.facebook.com\\\/laguiadepamplonacom-133175176762273\\\/?ref=hl\",\"https:\\\/\\\/x.com\\\/LaGuiadPamplona\",\"https:\\\/\\\/www.instagram.com\\\/la_guia_de_pamplona\\\/\",\"https:\\\/\\\/www.youtube.com\\\/user\\\/laguiadepamplona\"]},{\"@type\":\"Person\",\"@id\":\"https:\\\/\\\/www.laguiadepamplona.com\\\/actualidad\\\/#\\\/schema\\\/person\\\/efe887376f0213d4657c93adc50b1fdb\",\"name\":\"La Gu\u00eda de Pamplona\",\"image\":{\"@type\":\"ImageObject\",\"inLanguage\":\"es\",\"@id\":\"https:\\\/\\\/secure.gravatar.com\\\/avatar\\\/b6992f131dc8d30ab0dff15446e9d346d9dbd95992de0fef795073f5ea83a81c?s=96&d=mm&r=g\",\"url\":\"https:\\\/\\\/secure.gravatar.com\\\/avatar\\\/b6992f131dc8d30ab0dff15446e9d346d9dbd95992de0fef795073f5ea83a81c?s=96&d=mm&r=g\",\"contentUrl\":\"https:\\\/\\\/secure.gravatar.com\\\/avatar\\\/b6992f131dc8d30ab0dff15446e9d346d9dbd95992de0fef795073f5ea83a81c?s=96&d=mm&r=g\",\"caption\":\"La Gu\u00eda de Pamplona\"}}]}<\/script>\n<!-- \/ Yoast SEO plugin. -->","yoast_head_json":{"title":"Ayuntamiento de Pamplona y Gobierno de Navarra colaboran en el desarrollo del Programa de Transici\u00f3n para personas solicitantes de protecci\u00f3n internacional o acogida humanitaria \u00a0","description":"El programa se desarrollar\u00e1 en el chal\u00e9 de Caparroso, edificio de titularidad municipal, que el Ayuntamiento arrendar\u00e1 al Gobierno de Navarra","robots":{"index":"index","follow":"follow","max-snippet":"max-snippet:-1","max-image-preview":"max-image-preview:large","max-video-preview":"max-video-preview:-1"},"canonical":"https:\/\/www.laguiadepamplona.com\/actualidad\/ayuntamiento-de-pamplona-y-gobierno-de-navarra-colaboran-en-el-desarrollo-del-programa-de-transicion-para-personas-solicitantes-de-proteccion-internacional-o-acogida-humanitaria\/","og_locale":"es_ES","og_type":"article","og_title":"Ayuntamiento de Pamplona y Gobierno de Navarra colaboran en el desarrollo del Programa de Transici\u00f3n para personas solicitantes de protecci\u00f3n internacional o acogida humanitaria \u00a0","og_description":"El programa se desarrollar\u00e1 en el chal\u00e9 de Caparroso, edificio de titularidad municipal, que el Ayuntamiento arrendar\u00e1 al Gobierno de Navarra","og_url":"https:\/\/www.laguiadepamplona.com\/actualidad\/ayuntamiento-de-pamplona-y-gobierno-de-navarra-colaboran-en-el-desarrollo-del-programa-de-transicion-para-personas-solicitantes-de-proteccion-internacional-o-acogida-humanitaria\/","og_site_name":"La Gu\u00eda de Pamplona","article_publisher":"https:\/\/www.facebook.com\/laguiadepamplonacom-133175176762273\/?ref=hl","article_published_time":"2022-07-01T14:54:26+00:00","article_modified_time":"2023-04-11T09:47:57+00:00","og_image":[{"width":1920,"height":1281,"url":"https:\/\/www.laguiadepamplona.com\/actualidad\/wp-content\/uploads\/2022\/07\/q5a3791pleno22-07-01.webp","type":"image\/webp"}],"author":"La Gu\u00eda de Pamplona","twitter_card":"summary_large_image","twitter_creator":"@LaGuiadPamplona","twitter_site":"@LaGuiadPamplona","twitter_misc":{"Escrito por":"La Gu\u00eda de Pamplona","Tiempo de lectura":"2 minutos"},"schema":{"@context":"https:\/\/schema.org","@graph":[{"@type":"Article","@id":"https:\/\/www.laguiadepamplona.com\/actualidad\/ayuntamiento-de-pamplona-y-gobierno-de-navarra-colaboran-en-el-desarrollo-del-programa-de-transicion-para-personas-solicitantes-de-proteccion-internacional-o-acogida-humanitaria\/#article","isPartOf":{"@id":"https:\/\/www.laguiadepamplona.com\/actualidad\/ayuntamiento-de-pamplona-y-gobierno-de-navarra-colaboran-en-el-desarrollo-del-programa-de-transicion-para-personas-solicitantes-de-proteccion-internacional-o-acogida-humanitaria\/"},"author":{"name":"La Gu\u00eda de Pamplona","@id":"https:\/\/www.laguiadepamplona.com\/actualidad\/#\/schema\/person\/efe887376f0213d4657c93adc50b1fdb"},"headline":"Ayuntamiento de Pamplona y Gobierno de Navarra colaboran en el desarrollo del Programa de Transici\u00f3n para personas solicitantes de protecci\u00f3n internacional o acogida humanitaria \u00a0","datePublished":"2022-07-01T14:54:26+00:00","dateModified":"2023-04-11T09:47:57+00:00","mainEntityOfPage":{"@id":"https:\/\/www.laguiadepamplona.com\/actualidad\/ayuntamiento-de-pamplona-y-gobierno-de-navarra-colaboran-en-el-desarrollo-del-programa-de-transicion-para-personas-solicitantes-de-proteccion-internacional-o-acogida-humanitaria\/"},"wordCount":476,"commentCount":0,"publisher":{"@id":"https:\/\/www.laguiadepamplona.com\/actualidad\/#organization"},"image":{"@id":"https:\/\/www.laguiadepamplona.com\/actualidad\/ayuntamiento-de-pamplona-y-gobierno-de-navarra-colaboran-en-el-desarrollo-del-programa-de-transicion-para-personas-solicitantes-de-proteccion-internacional-o-acogida-humanitaria\/#primaryimage"},"thumbnailUrl":"https:\/\/www.laguiadepamplona.com\/actualidad\/wp-content\/uploads\/2022\/07\/q5a3791pleno22-07-01.webp","articleSection":["Ayto Pamplona"],"inLanguage":"es","potentialAction":[{"@type":"CommentAction","name":"Comment","target":["https:\/\/www.laguiadepamplona.com\/actualidad\/ayuntamiento-de-pamplona-y-gobierno-de-navarra-colaboran-en-el-desarrollo-del-programa-de-transicion-para-personas-solicitantes-de-proteccion-internacional-o-acogida-humanitaria\/#respond"]}]},{"@type":"WebPage","@id":"https:\/\/www.laguiadepamplona.com\/actualidad\/ayuntamiento-de-pamplona-y-gobierno-de-navarra-colaboran-en-el-desarrollo-del-programa-de-transicion-para-personas-solicitantes-de-proteccion-internacional-o-acogida-humanitaria\/","url":"https:\/\/www.laguiadepamplona.com\/actualidad\/ayuntamiento-de-pamplona-y-gobierno-de-navarra-colaboran-en-el-desarrollo-del-programa-de-transicion-para-personas-solicitantes-de-proteccion-internacional-o-acogida-humanitaria\/","name":"Ayuntamiento de Pamplona y Gobierno de Navarra colaboran en el desarrollo del Programa de Transici\u00f3n para personas solicitantes de protecci\u00f3n internacional o acogida humanitaria \u00a0","isPartOf":{"@id":"https:\/\/www.laguiadepamplona.com\/actualidad\/#website"},"primaryImageOfPage":{"@id":"https:\/\/www.laguiadepamplona.com\/actualidad\/ayuntamiento-de-pamplona-y-gobierno-de-navarra-colaboran-en-el-desarrollo-del-programa-de-transicion-para-personas-solicitantes-de-proteccion-internacional-o-acogida-humanitaria\/#primaryimage"},"image":{"@id":"https:\/\/www.laguiadepamplona.com\/actualidad\/ayuntamiento-de-pamplona-y-gobierno-de-navarra-colaboran-en-el-desarrollo-del-programa-de-transicion-para-personas-solicitantes-de-proteccion-internacional-o-acogida-humanitaria\/#primaryimage"},"thumbnailUrl":"https:\/\/www.laguiadepamplona.com\/actualidad\/wp-content\/uploads\/2022\/07\/q5a3791pleno22-07-01.webp","datePublished":"2022-07-01T14:54:26+00:00","dateModified":"2023-04-11T09:47:57+00:00","description":"El programa se desarrollar\u00e1 en el chal\u00e9 de Caparroso, edificio de titularidad municipal, que el Ayuntamiento arrendar\u00e1 al Gobierno de Navarra","breadcrumb":{"@id":"https:\/\/www.laguiadepamplona.com\/actualidad\/ayuntamiento-de-pamplona-y-gobierno-de-navarra-colaboran-en-el-desarrollo-del-programa-de-transicion-para-personas-solicitantes-de-proteccion-internacional-o-acogida-humanitaria\/#breadcrumb"},"inLanguage":"es","potentialAction":[{"@type":"ReadAction","target":["https:\/\/www.laguiadepamplona.com\/actualidad\/ayuntamiento-de-pamplona-y-gobierno-de-navarra-colaboran-en-el-desarrollo-del-programa-de-transicion-para-personas-solicitantes-de-proteccion-internacional-o-acogida-humanitaria\/"]}]},{"@type":"ImageObject","inLanguage":"es","@id":"https:\/\/www.laguiadepamplona.com\/actualidad\/ayuntamiento-de-pamplona-y-gobierno-de-navarra-colaboran-en-el-desarrollo-del-programa-de-transicion-para-personas-solicitantes-de-proteccion-internacional-o-acogida-humanitaria\/#primaryimage","url":"https:\/\/www.laguiadepamplona.com\/actualidad\/wp-content\/uploads\/2022\/07\/q5a3791pleno22-07-01.webp","contentUrl":"https:\/\/www.laguiadepamplona.com\/actualidad\/wp-content\/uploads\/2022\/07\/q5a3791pleno22-07-01.webp","width":1920,"height":1281},{"@type":"BreadcrumbList","@id":"https:\/\/www.laguiadepamplona.com\/actualidad\/ayuntamiento-de-pamplona-y-gobierno-de-navarra-colaboran-en-el-desarrollo-del-programa-de-transicion-para-personas-solicitantes-de-proteccion-internacional-o-acogida-humanitaria\/#breadcrumb","itemListElement":[{"@type":"ListItem","position":1,"name":"Portada","item":"https:\/\/www.laguiadepamplona.com\/actualidad\/"},{"@type":"ListItem","position":2,"name":"Ayuntamiento de Pamplona y Gobierno de Navarra colaboran en el desarrollo del Programa de Transici\u00f3n para personas solicitantes de protecci\u00f3n internacional o acogida humanitaria \u00a0"}]},{"@type":"WebSite","@id":"https:\/\/www.laguiadepamplona.com\/actualidad\/#website","url":"https:\/\/www.laguiadepamplona.com\/actualidad\/","name":"La gu\u00eda de Pamplona","description":"Noticias de Pamplona","publisher":{"@id":"https:\/\/www.laguiadepamplona.com\/actualidad\/#organization"},"potentialAction":[{"@type":"SearchAction","target":{"@type":"EntryPoint","urlTemplate":"https:\/\/www.laguiadepamplona.com\/actualidad\/?s={search_term_string}"},"query-input":{"@type":"PropertyValueSpecification","valueRequired":true,"valueName":"search_term_string"}}],"inLanguage":"es"},{"@type":"Organization","@id":"https:\/\/www.laguiadepamplona.com\/actualidad\/#organization","name":"La Gu\u00eda de Pamplona \/ Noticias","url":"https:\/\/www.laguiadepamplona.com\/actualidad\/","logo":{"@type":"ImageObject","inLanguage":"es","@id":"https:\/\/www.laguiadepamplona.com\/actualidad\/#\/schema\/logo\/image\/","url":"https:\/\/www.laguiadepamplona.com\/actualidad\/wp-content\/uploads\/2018\/11\/logo-laguiadepamplona18-web1.png","contentUrl":"https:\/\/www.laguiadepamplona.com\/actualidad\/wp-content\/uploads\/2018\/11\/logo-laguiadepamplona18-web1.png","width":600,"height":196,"caption":"La Gu\u00eda de Pamplona \/ Noticias"},"image":{"@id":"https:\/\/www.laguiadepamplona.com\/actualidad\/#\/schema\/logo\/image\/"},"sameAs":["https:\/\/www.facebook.com\/laguiadepamplonacom-133175176762273\/?ref=hl","https:\/\/x.com\/LaGuiadPamplona","https:\/\/www.instagram.com\/la_guia_de_pamplona\/","https:\/\/www.youtube.com\/user\/laguiadepamplona"]},{"@type":"Person","@id":"https:\/\/www.laguiadepamplona.com\/actualidad\/#\/schema\/person\/efe887376f0213d4657c93adc50b1fdb","name":"La Gu\u00eda de Pamplona","image":{"@type":"ImageObject","inLanguage":"es","@id":"https:\/\/secure.gravatar.com\/avatar\/b6992f131dc8d30ab0dff15446e9d346d9dbd95992de0fef795073f5ea83a81c?s=96&d=mm&r=g","url":"https:\/\/secure.gravatar.com\/avatar\/b6992f131dc8d30ab0dff15446e9d346d9dbd95992de0fef795073f5ea83a81c?s=96&d=mm&r=g","contentUrl":"https:\/\/secure.gravatar.com\/avatar\/b6992f131dc8d30ab0dff15446e9d346d9dbd95992de0fef795073f5ea83a81c?s=96&d=mm&r=g","caption":"La Gu\u00eda de Pamplona"}}]}},"post_mailing_queue_ids":[],"_links":{"self":[{"href":"https:\/\/www.laguiadepamplona.com\/actualidad\/wp-json\/wp\/v2\/posts\/41130","targetHints":{"allow":["GET"]}}],"collection":[{"href":"https:\/\/www.laguiadepamplona.com\/actualidad\/wp-json\/wp\/v2\/posts"}],"about":[{"href":"https:\/\/www.laguiadepamplona.com\/actualidad\/wp-json\/wp\/v2\/types\/post"}],"author":[{"embeddable":true,"href":"https:\/\/www.laguiadepamplona.com\/actualidad\/wp-json\/wp\/v2\/users\/1"}],"replies":[{"embeddable":true,"href":"https:\/\/www.laguiadepamplona.com\/actualidad\/wp-json\/wp\/v2\/comments?post=41130"}],"version-history":[{"count":0,"href":"https:\/\/www.laguiadepamplona.com\/actualidad\/wp-json\/wp\/v2\/posts\/41130\/revisions"}],"wp:featuredmedia":[{"embeddable":true,"href":"https:\/\/www.laguiadepamplona.com\/actualidad\/wp-json\/wp\/v2\/media\/41131"}],"wp:attachment":[{"href":"https:\/\/www.laguiadepamplona.com\/actualidad\/wp-json\/wp\/v2\/media?parent=41130"}],"wp:term":[{"taxonomy":"category","embeddable":true,"href":"https:\/\/www.laguiadepamplona.com\/actualidad\/wp-json\/wp\/v2\/categories?post=41130"},{"taxonomy":"post_tag","embeddable":true,"href":"https:\/\/www.laguiadepamplona.com\/actualidad\/wp-json\/wp\/v2\/tags?post=41130"}],"curies":[{"name":"wp","href":"https:\/\/api.w.org\/{rel}","templated":true}]}}