{"id":41119,"date":"2022-07-01T16:47:52","date_gmt":"2022-07-01T14:47:52","guid":{"rendered":"https:\/\/www.laguiadepamplona.com\/actualidad\/?p=41119"},"modified":"2023-04-11T11:47:58","modified_gmt":"2023-04-11T09:47:58","slug":"el-ayuntamiento-de-pamplona-realizara-durante-los-dias-de-san-fermin-una-encuesta-sobre-el-gasto-directo-en-fiestas-a-traves-de-un-muestreo-de-2-000-entrevistas-a-pie-de-calle","status":"publish","type":"post","link":"https:\/\/www.laguiadepamplona.com\/actualidad\/el-ayuntamiento-de-pamplona-realizara-durante-los-dias-de-san-fermin-una-encuesta-sobre-el-gasto-directo-en-fiestas-a-traves-de-un-muestreo-de-2-000-entrevistas-a-pie-de-calle\/","title":{"rendered":"El Ayuntamiento de Pamplona realizar\u00e1 durante los d\u00edas de San Ferm\u00edn una encuesta sobre el gasto directo en fiestas a trav\u00e9s de un muestreo de 2.000 entrevistas a pie de calle"},"content":{"rendered":"<h5>De esta forma se quiere contar con informaci\u00f3n actualizada sobre el volumen de gasto directo generado en fiestas por turistas y residentes<\/h5>\n<p><!--more--><\/p>\n<p>Durante los pr\u00f3ximos Sanfermines, el Ayuntamiento de Pamplona va a realizar una encuesta sobre el gasto directo en fiestas. Se quiere, de esta manera, actualizar la informaci\u00f3n de a\u00f1os anteriores sobre el volumen de gasto directo que generan las fiestas. Se prev\u00e9 llevar a cabo unas 2.000 entrevistas en diferentes puntos de la ciudad entre el 6 y el 14 de julio, tanto a turistas nacionales e internacionales como a residentes de Navarra.<br \/>\n<script async src=\"\/\/pagead2.googlesyndication.com\/pagead\/js\/adsbygoogle.js\"><\/script><br \/>\n<!-- Noticias La Guia de Pamplona --><br \/>\n<ins class=\"adsbygoogle\"\nstyle=\"display:block\"\ndata-ad-client=\"ca-pub-6943679897239327\"\ndata-ad-slot=\"7048180777\"\ndata-ad-format=\"auto\"><\/ins><br \/>\n<script>\n(adsbygoogle = window.adsbygoogle || []).push({});\n<\/script><\/p>\n<p>La encuesta se enmarca en el programa de Planes de Sostenibilidad Tur\u00edstica en Destinos \u2013 Pamplona SF365, incluido dentro del Plan de Recuperaci\u00f3n, Transformaci\u00f3n y Resiliencia (PRTR) del Gobierno de Espa\u00f1a, financiado a trav\u00e9s de los fondos europeos Next Generation EU. El trabajo cuenta tambi\u00e9n con la colaboraci\u00f3n del Departamento de Turismo, Comercio y Consumo del Gobierno de Navarra, que ha facilitado informaci\u00f3n de estudios anteriores similares para poder tomarlos como referencia.<\/p>\n<p>Para llevar a cabo el muestreo de 2.000 entrevistas se han generado tres subgrupos o targets, turista nacional, turista internacional y residentes en Navarra. Se dise\u00f1a una muestra para cada uno de los colectivos, si bien, posteriormente se dispondr\u00e1 de los datos de elevaci\u00f3n\/ponderaci\u00f3n a partir de los datos recabados por el Ayuntamiento de Pamplona. La respuesta al cuestionario llevar\u00e1 en torno a 6-7 minutos de duraci\u00f3n. Las entrevistas se desarrollar\u00e1n en diferentes puntos urbanos, en los momentos de potencial contacto con los asistentes\/participantes y en los diferentes d\u00edas de celebraci\u00f3n de las fiestas.<br \/>\n<script async src=\"\/\/pagead2.googlesyndication.com\/pagead\/js\/adsbygoogle.js\"><\/script><br \/>\n<!-- Noticias La Guia de Pamplona --><br \/>\n<ins class=\"adsbygoogle\"\nstyle=\"display:block\"\ndata-ad-client=\"ca-pub-6943679897239327\"\ndata-ad-slot=\"7048180777\"\ndata-ad-format=\"auto\"><\/ins><br \/>\n<script>\n(adsbygoogle = window.adsbygoogle || []).push({});\n<\/script><\/p>\n<p>La asistencia t\u00e9cnica, que realizar\u00e1 la empresa Ikerfel con un presupuesto de 13.900 euros (IVA excluido), llevar\u00e1 a cabo el dise\u00f1o del cuestionario, definir\u00e1 las caracter\u00edsticas t\u00e9cnicas de la encuesta, realizar\u00e1 las entrevistas necesarias y entregar\u00e1 la informaci\u00f3n obtenida y los informes requeridos. Los resultados y la memoria final deber\u00e1n remitirse al Ayuntamiento de Pamplona antes del 31 de agosto.<\/p>\n","protected":false},"excerpt":{"rendered":"<p>De esta forma se quiere contar con informaci\u00f3n actualizada sobre el volumen de gasto directo generado en fiestas por turistas y residentes<\/p>\n","protected":false},"author":1,"featured_media":41120,"comment_status":"open","ping_status":"closed","sticky":false,"template":"","format":"standard","meta":{"footnotes":""},"categories":[2,9406],"tags":[],"class_list":["post-41119","post","type-post","status-publish","format-standard","has-post-thumbnail","hentry","category-ayuntamiento-pamplona","category-san-fermin"],"yoast_head":"<!-- This site is optimized with the Yoast SEO plugin v27.5 - https:\/\/yoast.com\/product\/yoast-seo-wordpress\/ -->\n<title>El Ayuntamiento de Pamplona realizar\u00e1 durante los d\u00edas de San Ferm\u00edn una encuesta sobre el gasto directo en fiestas a trav\u00e9s de un muestreo de 2.000 entrevistas a pie de calle<\/title>\n<meta name=\"description\" content=\"De esta forma se quiere contar con informaci\u00f3n actualizada sobre el volumen de gasto directo generado en fiestas por turistas y residentes\" \/>\n<meta name=\"robots\" content=\"index, follow, max-snippet:-1, max-image-preview:large, max-video-preview:-1\" \/>\n<link rel=\"canonical\" href=\"https:\/\/www.laguiadepamplona.com\/actualidad\/el-ayuntamiento-de-pamplona-realizara-durante-los-dias-de-san-fermin-una-encuesta-sobre-el-gasto-directo-en-fiestas-a-traves-de-un-muestreo-de-2-000-entrevistas-a-pie-de-calle\/\" \/>\n<meta property=\"og:locale\" content=\"es_ES\" \/>\n<meta property=\"og:type\" content=\"article\" \/>\n<meta property=\"og:title\" content=\"El Ayuntamiento de Pamplona realizar\u00e1 durante los d\u00edas de San Ferm\u00edn una encuesta sobre el gasto directo en fiestas a trav\u00e9s de un muestreo de 2.000 entrevistas a pie de calle\" \/>\n<meta property=\"og:description\" content=\"De esta forma se quiere contar con informaci\u00f3n actualizada sobre el volumen de gasto directo generado en fiestas por turistas y residentes\" \/>\n<meta property=\"og:url\" content=\"https:\/\/www.laguiadepamplona.com\/actualidad\/el-ayuntamiento-de-pamplona-realizara-durante-los-dias-de-san-fermin-una-encuesta-sobre-el-gasto-directo-en-fiestas-a-traves-de-un-muestreo-de-2-000-entrevistas-a-pie-de-calle\/\" \/>\n<meta property=\"og:site_name\" content=\"La Gu\u00eda de Pamplona\" \/>\n<meta property=\"article:publisher\" content=\"https:\/\/www.facebook.com\/laguiadepamplonacom-133175176762273\/?ref=hl\" \/>\n<meta property=\"article:published_time\" content=\"2022-07-01T14:47:52+00:00\" \/>\n<meta property=\"article:modified_time\" content=\"2023-04-11T09:47:58+00:00\" \/>\n<meta property=\"og:image\" content=\"https:\/\/www.laguiadepamplona.com\/actualidad\/wp-content\/uploads\/2022\/07\/barracas-san-fermin.webp\" \/>\n\t<meta property=\"og:image:width\" content=\"1920\" \/>\n\t<meta property=\"og:image:height\" content=\"1280\" \/>\n\t<meta property=\"og:image:type\" content=\"image\/webp\" \/>\n<meta name=\"author\" content=\"La Gu\u00eda de Pamplona\" \/>\n<meta name=\"twitter:card\" content=\"summary_large_image\" \/>\n<meta name=\"twitter:creator\" content=\"@LaGuiadPamplona\" \/>\n<meta name=\"twitter:site\" content=\"@LaGuiadPamplona\" \/>\n<meta name=\"twitter:label1\" content=\"Escrito por\" \/>\n\t<meta name=\"twitter:data1\" content=\"La Gu\u00eda de Pamplona\" \/>\n\t<meta name=\"twitter:label2\" content=\"Tiempo de lectura\" \/>\n\t<meta name=\"twitter:data2\" content=\"2 minutos\" \/>\n<script type=\"application\/ld+json\" class=\"yoast-schema-graph\">{\"@context\":\"https:\\\/\\\/schema.org\",\"@graph\":[{\"@type\":\"Article\",\"@id\":\"https:\\\/\\\/www.laguiadepamplona.com\\\/actualidad\\\/el-ayuntamiento-de-pamplona-realizara-durante-los-dias-de-san-fermin-una-encuesta-sobre-el-gasto-directo-en-fiestas-a-traves-de-un-muestreo-de-2-000-entrevistas-a-pie-de-calle\\\/#article\",\"isPartOf\":{\"@id\":\"https:\\\/\\\/www.laguiadepamplona.com\\\/actualidad\\\/el-ayuntamiento-de-pamplona-realizara-durante-los-dias-de-san-fermin-una-encuesta-sobre-el-gasto-directo-en-fiestas-a-traves-de-un-muestreo-de-2-000-entrevistas-a-pie-de-calle\\\/\"},\"author\":{\"name\":\"La Gu\u00eda de Pamplona\",\"@id\":\"https:\\\/\\\/www.laguiadepamplona.com\\\/actualidad\\\/#\\\/schema\\\/person\\\/efe887376f0213d4657c93adc50b1fdb\"},\"headline\":\"El Ayuntamiento de Pamplona realizar\u00e1 durante los d\u00edas de San Ferm\u00edn una encuesta sobre el gasto directo en fiestas a trav\u00e9s de un muestreo de 2.000 entrevistas a pie de calle\",\"datePublished\":\"2022-07-01T14:47:52+00:00\",\"dateModified\":\"2023-04-11T09:47:58+00:00\",\"mainEntityOfPage\":{\"@id\":\"https:\\\/\\\/www.laguiadepamplona.com\\\/actualidad\\\/el-ayuntamiento-de-pamplona-realizara-durante-los-dias-de-san-fermin-una-encuesta-sobre-el-gasto-directo-en-fiestas-a-traves-de-un-muestreo-de-2-000-entrevistas-a-pie-de-calle\\\/\"},\"wordCount\":374,\"commentCount\":0,\"publisher\":{\"@id\":\"https:\\\/\\\/www.laguiadepamplona.com\\\/actualidad\\\/#organization\"},\"image\":{\"@id\":\"https:\\\/\\\/www.laguiadepamplona.com\\\/actualidad\\\/el-ayuntamiento-de-pamplona-realizara-durante-los-dias-de-san-fermin-una-encuesta-sobre-el-gasto-directo-en-fiestas-a-traves-de-un-muestreo-de-2-000-entrevistas-a-pie-de-calle\\\/#primaryimage\"},\"thumbnailUrl\":\"https:\\\/\\\/www.laguiadepamplona.com\\\/actualidad\\\/wp-content\\\/uploads\\\/2022\\\/07\\\/barracas-san-fermin.webp\",\"articleSection\":[\"Ayto Pamplona\",\"San Ferm\u00edn\"],\"inLanguage\":\"es\",\"potentialAction\":[{\"@type\":\"CommentAction\",\"name\":\"Comment\",\"target\":[\"https:\\\/\\\/www.laguiadepamplona.com\\\/actualidad\\\/el-ayuntamiento-de-pamplona-realizara-durante-los-dias-de-san-fermin-una-encuesta-sobre-el-gasto-directo-en-fiestas-a-traves-de-un-muestreo-de-2-000-entrevistas-a-pie-de-calle\\\/#respond\"]}]},{\"@type\":\"WebPage\",\"@id\":\"https:\\\/\\\/www.laguiadepamplona.com\\\/actualidad\\\/el-ayuntamiento-de-pamplona-realizara-durante-los-dias-de-san-fermin-una-encuesta-sobre-el-gasto-directo-en-fiestas-a-traves-de-un-muestreo-de-2-000-entrevistas-a-pie-de-calle\\\/\",\"url\":\"https:\\\/\\\/www.laguiadepamplona.com\\\/actualidad\\\/el-ayuntamiento-de-pamplona-realizara-durante-los-dias-de-san-fermin-una-encuesta-sobre-el-gasto-directo-en-fiestas-a-traves-de-un-muestreo-de-2-000-entrevistas-a-pie-de-calle\\\/\",\"name\":\"El Ayuntamiento de Pamplona realizar\u00e1 durante los d\u00edas de San Ferm\u00edn una encuesta sobre el gasto directo en fiestas a trav\u00e9s de un muestreo de 2.000 entrevistas a pie de calle\",\"isPartOf\":{\"@id\":\"https:\\\/\\\/www.laguiadepamplona.com\\\/actualidad\\\/#website\"},\"primaryImageOfPage\":{\"@id\":\"https:\\\/\\\/www.laguiadepamplona.com\\\/actualidad\\\/el-ayuntamiento-de-pamplona-realizara-durante-los-dias-de-san-fermin-una-encuesta-sobre-el-gasto-directo-en-fiestas-a-traves-de-un-muestreo-de-2-000-entrevistas-a-pie-de-calle\\\/#primaryimage\"},\"image\":{\"@id\":\"https:\\\/\\\/www.laguiadepamplona.com\\\/actualidad\\\/el-ayuntamiento-de-pamplona-realizara-durante-los-dias-de-san-fermin-una-encuesta-sobre-el-gasto-directo-en-fiestas-a-traves-de-un-muestreo-de-2-000-entrevistas-a-pie-de-calle\\\/#primaryimage\"},\"thumbnailUrl\":\"https:\\\/\\\/www.laguiadepamplona.com\\\/actualidad\\\/wp-content\\\/uploads\\\/2022\\\/07\\\/barracas-san-fermin.webp\",\"datePublished\":\"2022-07-01T14:47:52+00:00\",\"dateModified\":\"2023-04-11T09:47:58+00:00\",\"description\":\"De esta forma se quiere contar con informaci\u00f3n actualizada sobre el volumen de gasto directo generado en fiestas por turistas y residentes\",\"breadcrumb\":{\"@id\":\"https:\\\/\\\/www.laguiadepamplona.com\\\/actualidad\\\/el-ayuntamiento-de-pamplona-realizara-durante-los-dias-de-san-fermin-una-encuesta-sobre-el-gasto-directo-en-fiestas-a-traves-de-un-muestreo-de-2-000-entrevistas-a-pie-de-calle\\\/#breadcrumb\"},\"inLanguage\":\"es\",\"potentialAction\":[{\"@type\":\"ReadAction\",\"target\":[\"https:\\\/\\\/www.laguiadepamplona.com\\\/actualidad\\\/el-ayuntamiento-de-pamplona-realizara-durante-los-dias-de-san-fermin-una-encuesta-sobre-el-gasto-directo-en-fiestas-a-traves-de-un-muestreo-de-2-000-entrevistas-a-pie-de-calle\\\/\"]}]},{\"@type\":\"ImageObject\",\"inLanguage\":\"es\",\"@id\":\"https:\\\/\\\/www.laguiadepamplona.com\\\/actualidad\\\/el-ayuntamiento-de-pamplona-realizara-durante-los-dias-de-san-fermin-una-encuesta-sobre-el-gasto-directo-en-fiestas-a-traves-de-un-muestreo-de-2-000-entrevistas-a-pie-de-calle\\\/#primaryimage\",\"url\":\"https:\\\/\\\/www.laguiadepamplona.com\\\/actualidad\\\/wp-content\\\/uploads\\\/2022\\\/07\\\/barracas-san-fermin.webp\",\"contentUrl\":\"https:\\\/\\\/www.laguiadepamplona.com\\\/actualidad\\\/wp-content\\\/uploads\\\/2022\\\/07\\\/barracas-san-fermin.webp\",\"width\":1920,\"height\":1280},{\"@type\":\"BreadcrumbList\",\"@id\":\"https:\\\/\\\/www.laguiadepamplona.com\\\/actualidad\\\/el-ayuntamiento-de-pamplona-realizara-durante-los-dias-de-san-fermin-una-encuesta-sobre-el-gasto-directo-en-fiestas-a-traves-de-un-muestreo-de-2-000-entrevistas-a-pie-de-calle\\\/#breadcrumb\",\"itemListElement\":[{\"@type\":\"ListItem\",\"position\":1,\"name\":\"Portada\",\"item\":\"https:\\\/\\\/www.laguiadepamplona.com\\\/actualidad\\\/\"},{\"@type\":\"ListItem\",\"position\":2,\"name\":\"El Ayuntamiento de Pamplona realizar\u00e1 durante los d\u00edas de San Ferm\u00edn una encuesta sobre el gasto directo en fiestas a trav\u00e9s de un muestreo de 2.000 entrevistas a pie de calle\"}]},{\"@type\":\"WebSite\",\"@id\":\"https:\\\/\\\/www.laguiadepamplona.com\\\/actualidad\\\/#website\",\"url\":\"https:\\\/\\\/www.laguiadepamplona.com\\\/actualidad\\\/\",\"name\":\"La gu\u00eda de Pamplona\",\"description\":\"Noticias de Pamplona\",\"publisher\":{\"@id\":\"https:\\\/\\\/www.laguiadepamplona.com\\\/actualidad\\\/#organization\"},\"potentialAction\":[{\"@type\":\"SearchAction\",\"target\":{\"@type\":\"EntryPoint\",\"urlTemplate\":\"https:\\\/\\\/www.laguiadepamplona.com\\\/actualidad\\\/?s={search_term_string}\"},\"query-input\":{\"@type\":\"PropertyValueSpecification\",\"valueRequired\":true,\"valueName\":\"search_term_string\"}}],\"inLanguage\":\"es\"},{\"@type\":\"Organization\",\"@id\":\"https:\\\/\\\/www.laguiadepamplona.com\\\/actualidad\\\/#organization\",\"name\":\"La Gu\u00eda de Pamplona \\\/ Noticias\",\"url\":\"https:\\\/\\\/www.laguiadepamplona.com\\\/actualidad\\\/\",\"logo\":{\"@type\":\"ImageObject\",\"inLanguage\":\"es\",\"@id\":\"https:\\\/\\\/www.laguiadepamplona.com\\\/actualidad\\\/#\\\/schema\\\/logo\\\/image\\\/\",\"url\":\"https:\\\/\\\/www.laguiadepamplona.com\\\/actualidad\\\/wp-content\\\/uploads\\\/2018\\\/11\\\/logo-laguiadepamplona18-web1.png\",\"contentUrl\":\"https:\\\/\\\/www.laguiadepamplona.com\\\/actualidad\\\/wp-content\\\/uploads\\\/2018\\\/11\\\/logo-laguiadepamplona18-web1.png\",\"width\":600,\"height\":196,\"caption\":\"La Gu\u00eda de Pamplona \\\/ Noticias\"},\"image\":{\"@id\":\"https:\\\/\\\/www.laguiadepamplona.com\\\/actualidad\\\/#\\\/schema\\\/logo\\\/image\\\/\"},\"sameAs\":[\"https:\\\/\\\/www.facebook.com\\\/laguiadepamplonacom-133175176762273\\\/?ref=hl\",\"https:\\\/\\\/x.com\\\/LaGuiadPamplona\",\"https:\\\/\\\/www.instagram.com\\\/la_guia_de_pamplona\\\/\",\"https:\\\/\\\/www.youtube.com\\\/user\\\/laguiadepamplona\"]},{\"@type\":\"Person\",\"@id\":\"https:\\\/\\\/www.laguiadepamplona.com\\\/actualidad\\\/#\\\/schema\\\/person\\\/efe887376f0213d4657c93adc50b1fdb\",\"name\":\"La Gu\u00eda de Pamplona\",\"image\":{\"@type\":\"ImageObject\",\"inLanguage\":\"es\",\"@id\":\"https:\\\/\\\/secure.gravatar.com\\\/avatar\\\/b6992f131dc8d30ab0dff15446e9d346d9dbd95992de0fef795073f5ea83a81c?s=96&d=mm&r=g\",\"url\":\"https:\\\/\\\/secure.gravatar.com\\\/avatar\\\/b6992f131dc8d30ab0dff15446e9d346d9dbd95992de0fef795073f5ea83a81c?s=96&d=mm&r=g\",\"contentUrl\":\"https:\\\/\\\/secure.gravatar.com\\\/avatar\\\/b6992f131dc8d30ab0dff15446e9d346d9dbd95992de0fef795073f5ea83a81c?s=96&d=mm&r=g\",\"caption\":\"La Gu\u00eda de Pamplona\"}}]}<\/script>\n<!-- \/ Yoast SEO plugin. -->","yoast_head_json":{"title":"El Ayuntamiento de Pamplona realizar\u00e1 durante los d\u00edas de San Ferm\u00edn una encuesta sobre el gasto directo en fiestas a trav\u00e9s de un muestreo de 2.000 entrevistas a pie de calle","description":"De esta forma se quiere contar con informaci\u00f3n actualizada sobre el volumen de gasto directo generado en fiestas por turistas y residentes","robots":{"index":"index","follow":"follow","max-snippet":"max-snippet:-1","max-image-preview":"max-image-preview:large","max-video-preview":"max-video-preview:-1"},"canonical":"https:\/\/www.laguiadepamplona.com\/actualidad\/el-ayuntamiento-de-pamplona-realizara-durante-los-dias-de-san-fermin-una-encuesta-sobre-el-gasto-directo-en-fiestas-a-traves-de-un-muestreo-de-2-000-entrevistas-a-pie-de-calle\/","og_locale":"es_ES","og_type":"article","og_title":"El Ayuntamiento de Pamplona realizar\u00e1 durante los d\u00edas de San Ferm\u00edn una encuesta sobre el gasto directo en fiestas a trav\u00e9s de un muestreo de 2.000 entrevistas a pie de calle","og_description":"De esta forma se quiere contar con informaci\u00f3n actualizada sobre el volumen de gasto directo generado en fiestas por turistas y residentes","og_url":"https:\/\/www.laguiadepamplona.com\/actualidad\/el-ayuntamiento-de-pamplona-realizara-durante-los-dias-de-san-fermin-una-encuesta-sobre-el-gasto-directo-en-fiestas-a-traves-de-un-muestreo-de-2-000-entrevistas-a-pie-de-calle\/","og_site_name":"La Gu\u00eda de Pamplona","article_publisher":"https:\/\/www.facebook.com\/laguiadepamplonacom-133175176762273\/?ref=hl","article_published_time":"2022-07-01T14:47:52+00:00","article_modified_time":"2023-04-11T09:47:58+00:00","og_image":[{"width":1920,"height":1280,"url":"https:\/\/www.laguiadepamplona.com\/actualidad\/wp-content\/uploads\/2022\/07\/barracas-san-fermin.webp","type":"image\/webp"}],"author":"La Gu\u00eda de Pamplona","twitter_card":"summary_large_image","twitter_creator":"@LaGuiadPamplona","twitter_site":"@LaGuiadPamplona","twitter_misc":{"Escrito por":"La Gu\u00eda de Pamplona","Tiempo de lectura":"2 minutos"},"schema":{"@context":"https:\/\/schema.org","@graph":[{"@type":"Article","@id":"https:\/\/www.laguiadepamplona.com\/actualidad\/el-ayuntamiento-de-pamplona-realizara-durante-los-dias-de-san-fermin-una-encuesta-sobre-el-gasto-directo-en-fiestas-a-traves-de-un-muestreo-de-2-000-entrevistas-a-pie-de-calle\/#article","isPartOf":{"@id":"https:\/\/www.laguiadepamplona.com\/actualidad\/el-ayuntamiento-de-pamplona-realizara-durante-los-dias-de-san-fermin-una-encuesta-sobre-el-gasto-directo-en-fiestas-a-traves-de-un-muestreo-de-2-000-entrevistas-a-pie-de-calle\/"},"author":{"name":"La Gu\u00eda de Pamplona","@id":"https:\/\/www.laguiadepamplona.com\/actualidad\/#\/schema\/person\/efe887376f0213d4657c93adc50b1fdb"},"headline":"El Ayuntamiento de Pamplona realizar\u00e1 durante los d\u00edas de San Ferm\u00edn una encuesta sobre el gasto directo en fiestas a trav\u00e9s de un muestreo de 2.000 entrevistas a pie de calle","datePublished":"2022-07-01T14:47:52+00:00","dateModified":"2023-04-11T09:47:58+00:00","mainEntityOfPage":{"@id":"https:\/\/www.laguiadepamplona.com\/actualidad\/el-ayuntamiento-de-pamplona-realizara-durante-los-dias-de-san-fermin-una-encuesta-sobre-el-gasto-directo-en-fiestas-a-traves-de-un-muestreo-de-2-000-entrevistas-a-pie-de-calle\/"},"wordCount":374,"commentCount":0,"publisher":{"@id":"https:\/\/www.laguiadepamplona.com\/actualidad\/#organization"},"image":{"@id":"https:\/\/www.laguiadepamplona.com\/actualidad\/el-ayuntamiento-de-pamplona-realizara-durante-los-dias-de-san-fermin-una-encuesta-sobre-el-gasto-directo-en-fiestas-a-traves-de-un-muestreo-de-2-000-entrevistas-a-pie-de-calle\/#primaryimage"},"thumbnailUrl":"https:\/\/www.laguiadepamplona.com\/actualidad\/wp-content\/uploads\/2022\/07\/barracas-san-fermin.webp","articleSection":["Ayto Pamplona","San Ferm\u00edn"],"inLanguage":"es","potentialAction":[{"@type":"CommentAction","name":"Comment","target":["https:\/\/www.laguiadepamplona.com\/actualidad\/el-ayuntamiento-de-pamplona-realizara-durante-los-dias-de-san-fermin-una-encuesta-sobre-el-gasto-directo-en-fiestas-a-traves-de-un-muestreo-de-2-000-entrevistas-a-pie-de-calle\/#respond"]}]},{"@type":"WebPage","@id":"https:\/\/www.laguiadepamplona.com\/actualidad\/el-ayuntamiento-de-pamplona-realizara-durante-los-dias-de-san-fermin-una-encuesta-sobre-el-gasto-directo-en-fiestas-a-traves-de-un-muestreo-de-2-000-entrevistas-a-pie-de-calle\/","url":"https:\/\/www.laguiadepamplona.com\/actualidad\/el-ayuntamiento-de-pamplona-realizara-durante-los-dias-de-san-fermin-una-encuesta-sobre-el-gasto-directo-en-fiestas-a-traves-de-un-muestreo-de-2-000-entrevistas-a-pie-de-calle\/","name":"El Ayuntamiento de Pamplona realizar\u00e1 durante los d\u00edas de San Ferm\u00edn una encuesta sobre el gasto directo en fiestas a trav\u00e9s de un muestreo de 2.000 entrevistas a pie de calle","isPartOf":{"@id":"https:\/\/www.laguiadepamplona.com\/actualidad\/#website"},"primaryImageOfPage":{"@id":"https:\/\/www.laguiadepamplona.com\/actualidad\/el-ayuntamiento-de-pamplona-realizara-durante-los-dias-de-san-fermin-una-encuesta-sobre-el-gasto-directo-en-fiestas-a-traves-de-un-muestreo-de-2-000-entrevistas-a-pie-de-calle\/#primaryimage"},"image":{"@id":"https:\/\/www.laguiadepamplona.com\/actualidad\/el-ayuntamiento-de-pamplona-realizara-durante-los-dias-de-san-fermin-una-encuesta-sobre-el-gasto-directo-en-fiestas-a-traves-de-un-muestreo-de-2-000-entrevistas-a-pie-de-calle\/#primaryimage"},"thumbnailUrl":"https:\/\/www.laguiadepamplona.com\/actualidad\/wp-content\/uploads\/2022\/07\/barracas-san-fermin.webp","datePublished":"2022-07-01T14:47:52+00:00","dateModified":"2023-04-11T09:47:58+00:00","description":"De esta forma se quiere contar con informaci\u00f3n actualizada sobre el volumen de gasto directo generado en fiestas por turistas y residentes","breadcrumb":{"@id":"https:\/\/www.laguiadepamplona.com\/actualidad\/el-ayuntamiento-de-pamplona-realizara-durante-los-dias-de-san-fermin-una-encuesta-sobre-el-gasto-directo-en-fiestas-a-traves-de-un-muestreo-de-2-000-entrevistas-a-pie-de-calle\/#breadcrumb"},"inLanguage":"es","potentialAction":[{"@type":"ReadAction","target":["https:\/\/www.laguiadepamplona.com\/actualidad\/el-ayuntamiento-de-pamplona-realizara-durante-los-dias-de-san-fermin-una-encuesta-sobre-el-gasto-directo-en-fiestas-a-traves-de-un-muestreo-de-2-000-entrevistas-a-pie-de-calle\/"]}]},{"@type":"ImageObject","inLanguage":"es","@id":"https:\/\/www.laguiadepamplona.com\/actualidad\/el-ayuntamiento-de-pamplona-realizara-durante-los-dias-de-san-fermin-una-encuesta-sobre-el-gasto-directo-en-fiestas-a-traves-de-un-muestreo-de-2-000-entrevistas-a-pie-de-calle\/#primaryimage","url":"https:\/\/www.laguiadepamplona.com\/actualidad\/wp-content\/uploads\/2022\/07\/barracas-san-fermin.webp","contentUrl":"https:\/\/www.laguiadepamplona.com\/actualidad\/wp-content\/uploads\/2022\/07\/barracas-san-fermin.webp","width":1920,"height":1280},{"@type":"BreadcrumbList","@id":"https:\/\/www.laguiadepamplona.com\/actualidad\/el-ayuntamiento-de-pamplona-realizara-durante-los-dias-de-san-fermin-una-encuesta-sobre-el-gasto-directo-en-fiestas-a-traves-de-un-muestreo-de-2-000-entrevistas-a-pie-de-calle\/#breadcrumb","itemListElement":[{"@type":"ListItem","position":1,"name":"Portada","item":"https:\/\/www.laguiadepamplona.com\/actualidad\/"},{"@type":"ListItem","position":2,"name":"El Ayuntamiento de Pamplona realizar\u00e1 durante los d\u00edas de San Ferm\u00edn una encuesta sobre el gasto directo en fiestas a trav\u00e9s de un muestreo de 2.000 entrevistas a pie de calle"}]},{"@type":"WebSite","@id":"https:\/\/www.laguiadepamplona.com\/actualidad\/#website","url":"https:\/\/www.laguiadepamplona.com\/actualidad\/","name":"La gu\u00eda de Pamplona","description":"Noticias de Pamplona","publisher":{"@id":"https:\/\/www.laguiadepamplona.com\/actualidad\/#organization"},"potentialAction":[{"@type":"SearchAction","target":{"@type":"EntryPoint","urlTemplate":"https:\/\/www.laguiadepamplona.com\/actualidad\/?s={search_term_string}"},"query-input":{"@type":"PropertyValueSpecification","valueRequired":true,"valueName":"search_term_string"}}],"inLanguage":"es"},{"@type":"Organization","@id":"https:\/\/www.laguiadepamplona.com\/actualidad\/#organization","name":"La Gu\u00eda de Pamplona \/ Noticias","url":"https:\/\/www.laguiadepamplona.com\/actualidad\/","logo":{"@type":"ImageObject","inLanguage":"es","@id":"https:\/\/www.laguiadepamplona.com\/actualidad\/#\/schema\/logo\/image\/","url":"https:\/\/www.laguiadepamplona.com\/actualidad\/wp-content\/uploads\/2018\/11\/logo-laguiadepamplona18-web1.png","contentUrl":"https:\/\/www.laguiadepamplona.com\/actualidad\/wp-content\/uploads\/2018\/11\/logo-laguiadepamplona18-web1.png","width":600,"height":196,"caption":"La Gu\u00eda de Pamplona \/ Noticias"},"image":{"@id":"https:\/\/www.laguiadepamplona.com\/actualidad\/#\/schema\/logo\/image\/"},"sameAs":["https:\/\/www.facebook.com\/laguiadepamplonacom-133175176762273\/?ref=hl","https:\/\/x.com\/LaGuiadPamplona","https:\/\/www.instagram.com\/la_guia_de_pamplona\/","https:\/\/www.youtube.com\/user\/laguiadepamplona"]},{"@type":"Person","@id":"https:\/\/www.laguiadepamplona.com\/actualidad\/#\/schema\/person\/efe887376f0213d4657c93adc50b1fdb","name":"La Gu\u00eda de Pamplona","image":{"@type":"ImageObject","inLanguage":"es","@id":"https:\/\/secure.gravatar.com\/avatar\/b6992f131dc8d30ab0dff15446e9d346d9dbd95992de0fef795073f5ea83a81c?s=96&d=mm&r=g","url":"https:\/\/secure.gravatar.com\/avatar\/b6992f131dc8d30ab0dff15446e9d346d9dbd95992de0fef795073f5ea83a81c?s=96&d=mm&r=g","contentUrl":"https:\/\/secure.gravatar.com\/avatar\/b6992f131dc8d30ab0dff15446e9d346d9dbd95992de0fef795073f5ea83a81c?s=96&d=mm&r=g","caption":"La Gu\u00eda de Pamplona"}}]}},"post_mailing_queue_ids":[],"_links":{"self":[{"href":"https:\/\/www.laguiadepamplona.com\/actualidad\/wp-json\/wp\/v2\/posts\/41119","targetHints":{"allow":["GET"]}}],"collection":[{"href":"https:\/\/www.laguiadepamplona.com\/actualidad\/wp-json\/wp\/v2\/posts"}],"about":[{"href":"https:\/\/www.laguiadepamplona.com\/actualidad\/wp-json\/wp\/v2\/types\/post"}],"author":[{"embeddable":true,"href":"https:\/\/www.laguiadepamplona.com\/actualidad\/wp-json\/wp\/v2\/users\/1"}],"replies":[{"embeddable":true,"href":"https:\/\/www.laguiadepamplona.com\/actualidad\/wp-json\/wp\/v2\/comments?post=41119"}],"version-history":[{"count":0,"href":"https:\/\/www.laguiadepamplona.com\/actualidad\/wp-json\/wp\/v2\/posts\/41119\/revisions"}],"wp:featuredmedia":[{"embeddable":true,"href":"https:\/\/www.laguiadepamplona.com\/actualidad\/wp-json\/wp\/v2\/media\/41120"}],"wp:attachment":[{"href":"https:\/\/www.laguiadepamplona.com\/actualidad\/wp-json\/wp\/v2\/media?parent=41119"}],"wp:term":[{"taxonomy":"category","embeddable":true,"href":"https:\/\/www.laguiadepamplona.com\/actualidad\/wp-json\/wp\/v2\/categories?post=41119"},{"taxonomy":"post_tag","embeddable":true,"href":"https:\/\/www.laguiadepamplona.com\/actualidad\/wp-json\/wp\/v2\/tags?post=41119"}],"curies":[{"name":"wp","href":"https:\/\/api.w.org\/{rel}","templated":true}]}}