{"id":41111,"date":"2022-07-01T16:41:12","date_gmt":"2022-07-01T14:41:12","guid":{"rendered":"https:\/\/www.laguiadepamplona.com\/actualidad\/?p=41111"},"modified":"2023-04-11T11:47:58","modified_gmt":"2023-04-11T09:47:58","slug":"el-ii-encierro-del-ajedrez-se-traslada-al-paseo-de-recoletos-de-madrid-con-60-partidas-simultaneas-este-domingo-y-la-presencia-entre-otros-de-magnus-carlsen-y-judit-polgar","status":"publish","type":"post","link":"https:\/\/www.laguiadepamplona.com\/actualidad\/el-ii-encierro-del-ajedrez-se-traslada-al-paseo-de-recoletos-de-madrid-con-60-partidas-simultaneas-este-domingo-y-la-presencia-entre-otros-de-magnus-carlsen-y-judit-polgar\/","title":{"rendered":"El \u2018II Encierro del Ajedrez\u2019 se traslada al paseo de Recoletos de Madrid, con 60 partidas simult\u00e1neas este domingo y la presencia, entre otros, de Magnus Carlsen y Judit Polgar"},"content":{"rendered":"<h5>El 13 de julio se disputar\u00e1 en Pamplona, en formato online, el \u2018San Ferm\u00edn Mundial femenino\u2019, con m\u00e1s de 300 participantes de 20 pa\u00edses<\/h5>\n<p><!--more--><\/p>\n<p><a href=\"https:\/\/www.laguiadepamplona.com\/actualidad\/wp-content\/uploads\/2022\/07\/cartel-ajedrez22-mad-pam1.webp\"><img loading=\"lazy\" decoding=\"async\" class=\"alignleft size-medium wp-image-41113\" src=\"https:\/\/www.laguiadepamplona.com\/actualidad\/wp-content\/uploads\/2022\/07\/cartel-ajedrez22-mad-pam1-178x300.webp\" alt=\"\" width=\"178\" height=\"300\" srcset=\"https:\/\/www.laguiadepamplona.com\/actualidad\/wp-content\/uploads\/2022\/07\/cartel-ajedrez22-mad-pam1-178x300.webp 178w, https:\/\/www.laguiadepamplona.com\/actualidad\/wp-content\/uploads\/2022\/07\/cartel-ajedrez22-mad-pam1-406x682.webp 406w, https:\/\/www.laguiadepamplona.com\/actualidad\/wp-content\/uploads\/2022\/07\/cartel-ajedrez22-mad-pam1-768x1291.webp 768w, https:\/\/www.laguiadepamplona.com\/actualidad\/wp-content\/uploads\/2022\/07\/cartel-ajedrez22-mad-pam1-640x1076.webp 640w, https:\/\/www.laguiadepamplona.com\/actualidad\/wp-content\/uploads\/2022\/07\/cartel-ajedrez22-mad-pam1.webp 892w\" sizes=\"auto, (max-width: 178px) 100vw, 178px\" \/><\/a>Madrid acoger\u00e1 este a\u00f1o la segunda edici\u00f3n del \u2018Encierro del Ajedrez\u2019, con 60 partidas simult\u00e1neas este domingo en el paseo de Recoletos. Seis grandes maestros participar\u00e1n en esta iniciativa promovida por Sanferfood y la plataforma Chess24, con apoyo del Ayuntamiento de Pamplona. Se prev\u00e9 la asistencia de Magnus Carlsen y Judit Polgar, considerados el mejor y la mejor ajedrecista del mundo. Esta fiesta del ajedrez tendr\u00e1 un segundo hito, el mi\u00e9rcoles 13 de julio, con el \u2018San Ferm\u00edn Mundial femenino\u2019, que se disputar\u00e1 en formato online m\u00e1s de 300 participantes de una veintena de pa\u00edses.<\/p>\n<p>Este domingo en Madrid seis grandes ajedrecistas, entre ellos los conocidos Rey Enigma y los presentadores online El Divis y Pepe Cuenca, disputar\u00e1n esas partidas simult\u00e1neas. Las partidas mantendr\u00e1n la est\u00e9tica sanferminera, con los grandes maestros portando unos cuernos de pl\u00e1stico a modo de toros y con los jugadores, como corredores del encierro, con sus pa\u00f1uelos rojos al cuello. Para recrear m\u00e1s fielmente un encierro se llevar\u00e1 y colocar\u00e1 un tramo real del vallado de Pamplona. Cualquier persona puede participar e inscribirse en esta iniciativa poni\u00e9ndose en contacto con la Federaci\u00f3n Madrile\u00f1a de Ajedrez.<br \/>\n<script async src=\"\/\/pagead2.googlesyndication.com\/pagead\/js\/adsbygoogle.js\"><\/script><br \/>\n<!-- Noticias La Guia de Pamplona --><br \/>\n<ins class=\"adsbygoogle\"\nstyle=\"display:block\"\ndata-ad-client=\"ca-pub-6943679897239327\"\ndata-ad-slot=\"7048180777\"\ndata-ad-format=\"auto\"><\/ins><br \/>\n<script>\n(adsbygoogle = window.adsbygoogle || []).push({});\n<\/script><\/p>\n<p>El cohete inicial que dar\u00e1 inicio a las partidas <strong><u>a las 11 horas<\/u><\/strong> se lanzar\u00e1 en <strong><u>el paseo de Recoletos 1, esquina con la plaza de Cibeles<\/u><\/strong>. El momento contar\u00e1 con la presencia de la <strong><u>concejala delegada de Cultura e Igualdad, Mar\u00eda Garc\u00eda-Barberena, la concejala especial de Turismo, Carmen Alba, y la concejala delegada del \u00e1rea de Gobierno de Cultural, Turismo y Deporte del Ayuntamiento de Madrid, Andrea Levy<\/u><\/strong>. Participar\u00e1 tambi\u00e9n el <strong><u>fundador de Sanferfood, Mikel Urmeneta<\/u><\/strong>. Antes del inicio de las partidas las autoridades atender\u00e1n a los medios junto al vallado instalado.<\/p>\n<p>Esta iniciativa se enmarca en el proyecto \u2018Festival Cultural Online San Ferm\u00edn Mundial. La fiesta inteligente\u2019, que se puso en marcha en 2021 como escaparate para la promoci\u00f3n de la gastronom\u00eda, el turismo y la cultura de una ciudad como Pamplona, que suspend\u00eda por segundo a\u00f1o consecutivo sus fiestas. El a\u00f1o pasado se organiz\u00f3 el primer \u2018Encierro del ajedrez\u2019, con seis ajedrecistas de alto nivel jugando 80 partidas simult\u00e1neas a lo largo del recorrido del encierro, desde la cuesta de Santo Domingo hasta la Plaza de Toros. Esta actividad y el torneo de ajedrez online, con Magnus Carlson como ganador final, consiguieron 30,2 millones de impactos y una audiencia potencial de 278 millones de personas en todo el mundo.<br \/>\n<script async src=\"\/\/pagead2.googlesyndication.com\/pagead\/js\/adsbygoogle.js\"><\/script><br \/>\n<!-- Noticias La Guia de Pamplona --><br \/>\n<ins class=\"adsbygoogle\"\nstyle=\"display:block\"\ndata-ad-client=\"ca-pub-6943679897239327\"\ndata-ad-slot=\"7048180777\"\ndata-ad-format=\"auto\"><\/ins><br \/>\n<script>\n(adsbygoogle = window.adsbygoogle || []).push({});\n<\/script><\/p>\n<p><strong>Ajedrez femenino en Pamplona<\/strong><\/p>\n<p>El torneo online de Pamplona el pr\u00f3ximo 13 de julio se centrar\u00e1 en las jugadoras de ajedrez para visualizar y feminizar la imagen de las fiestas y de la ciudad. El denominado \u2018San Ferm\u00edn Mundial 22: Torneo Femenino\u2019 mantiene el formato online y cuenta ya con la participaci\u00f3n de m\u00e1s de 300 jugadoras de una veintena de pa\u00edses. La retransmisi\u00f3n de las partidas desde Pamplona el d\u00eda 13 de julio las realizar\u00e1n El Divis y Pepe Cuenca a trav\u00e9s del canal Chess24. El premio para la ganadora ser\u00e1 un viaje a los Sanfermines de 2023.<\/p>\n<p>Este torneo servir\u00e1 tambi\u00e9n como plataforma publicitaria para la ciudad de Pamplona. Durante la emisi\u00f3n de las partidas y sus descansos, se exhibir\u00e1n v\u00eddeos promocionales de la ciudad y de las fiestas de San Ferm\u00edn.<\/p>\n","protected":false},"excerpt":{"rendered":"<p>El 13 de julio se disputar\u00e1 en Pamplona, en formato online, el \u2018San Ferm\u00edn Mundial femenino\u2019, con m\u00e1s de 300 participantes de 20 pa\u00edses<\/p>\n","protected":false},"author":1,"featured_media":41112,"comment_status":"open","ping_status":"closed","sticky":false,"template":"","format":"standard","meta":{"footnotes":""},"categories":[2,9406],"tags":[],"class_list":["post-41111","post","type-post","status-publish","format-standard","has-post-thumbnail","hentry","category-ayuntamiento-pamplona","category-san-fermin"],"yoast_head":"<!-- This site is optimized with the Yoast SEO plugin v27.3 - https:\/\/yoast.com\/product\/yoast-seo-wordpress\/ -->\n<title>El \u2018II Encierro del Ajedrez\u2019 se traslada al paseo de Recoletos de Madrid, con 60 partidas simult\u00e1neas este domingo y la presencia, entre otros, de Magnus Carlsen y Judit Polgar<\/title>\n<meta name=\"description\" content=\"El 13 de julio se disputar\u00e1 en Pamplona, en formato online, el \u2018San Ferm\u00edn Mundial femenino\u2019, con m\u00e1s de 300 participantes de 20 pa\u00edses\" \/>\n<meta name=\"robots\" content=\"index, follow, max-snippet:-1, max-image-preview:large, max-video-preview:-1\" \/>\n<link rel=\"canonical\" href=\"https:\/\/www.laguiadepamplona.com\/actualidad\/el-ii-encierro-del-ajedrez-se-traslada-al-paseo-de-recoletos-de-madrid-con-60-partidas-simultaneas-este-domingo-y-la-presencia-entre-otros-de-magnus-carlsen-y-judit-polgar\/\" \/>\n<meta property=\"og:locale\" content=\"es_ES\" \/>\n<meta property=\"og:type\" content=\"article\" \/>\n<meta property=\"og:title\" content=\"El \u2018II Encierro del Ajedrez\u2019 se traslada al paseo de Recoletos de Madrid, con 60 partidas simult\u00e1neas este domingo y la presencia, entre otros, de Magnus Carlsen y Judit Polgar\" \/>\n<meta property=\"og:description\" content=\"El 13 de julio se disputar\u00e1 en Pamplona, en formato online, el \u2018San Ferm\u00edn Mundial femenino\u2019, con m\u00e1s de 300 participantes de 20 pa\u00edses\" \/>\n<meta property=\"og:url\" content=\"https:\/\/www.laguiadepamplona.com\/actualidad\/el-ii-encierro-del-ajedrez-se-traslada-al-paseo-de-recoletos-de-madrid-con-60-partidas-simultaneas-este-domingo-y-la-presencia-entre-otros-de-magnus-carlsen-y-judit-polgar\/\" \/>\n<meta property=\"og:site_name\" content=\"La Gu\u00eda de Pamplona\" \/>\n<meta property=\"article:publisher\" content=\"https:\/\/www.facebook.com\/laguiadepamplonacom-133175176762273\/?ref=hl\" \/>\n<meta property=\"article:published_time\" content=\"2022-07-01T14:41:12+00:00\" \/>\n<meta property=\"article:modified_time\" content=\"2023-04-11T09:47:58+00:00\" \/>\n<meta property=\"og:image\" content=\"https:\/\/www.laguiadepamplona.com\/actualidad\/wp-content\/uploads\/2022\/07\/cartel-ajedrez22-mad-pam.webp\" \/>\n\t<meta property=\"og:image:width\" content=\"1920\" \/>\n\t<meta property=\"og:image:height\" content=\"850\" \/>\n\t<meta property=\"og:image:type\" content=\"image\/webp\" \/>\n<meta name=\"author\" content=\"La Gu\u00eda de Pamplona\" \/>\n<meta name=\"twitter:card\" content=\"summary_large_image\" \/>\n<meta name=\"twitter:creator\" content=\"@LaGuiadPamplona\" \/>\n<meta name=\"twitter:site\" content=\"@LaGuiadPamplona\" \/>\n<meta name=\"twitter:label1\" content=\"Escrito por\" \/>\n\t<meta name=\"twitter:data1\" content=\"La Gu\u00eda de Pamplona\" \/>\n\t<meta name=\"twitter:label2\" content=\"Tiempo de lectura\" \/>\n\t<meta name=\"twitter:data2\" content=\"3 minutos\" \/>\n<script type=\"application\/ld+json\" class=\"yoast-schema-graph\">{\"@context\":\"https:\\\/\\\/schema.org\",\"@graph\":[{\"@type\":\"Article\",\"@id\":\"https:\\\/\\\/www.laguiadepamplona.com\\\/actualidad\\\/el-ii-encierro-del-ajedrez-se-traslada-al-paseo-de-recoletos-de-madrid-con-60-partidas-simultaneas-este-domingo-y-la-presencia-entre-otros-de-magnus-carlsen-y-judit-polgar\\\/#article\",\"isPartOf\":{\"@id\":\"https:\\\/\\\/www.laguiadepamplona.com\\\/actualidad\\\/el-ii-encierro-del-ajedrez-se-traslada-al-paseo-de-recoletos-de-madrid-con-60-partidas-simultaneas-este-domingo-y-la-presencia-entre-otros-de-magnus-carlsen-y-judit-polgar\\\/\"},\"author\":{\"name\":\"La Gu\u00eda de Pamplona\",\"@id\":\"https:\\\/\\\/www.laguiadepamplona.com\\\/actualidad\\\/#\\\/schema\\\/person\\\/efe887376f0213d4657c93adc50b1fdb\"},\"headline\":\"El \u2018II Encierro del Ajedrez\u2019 se traslada al paseo de Recoletos de Madrid, con 60 partidas simult\u00e1neas este domingo y la presencia, entre otros, de Magnus Carlsen y Judit Polgar\",\"datePublished\":\"2022-07-01T14:41:12+00:00\",\"dateModified\":\"2023-04-11T09:47:58+00:00\",\"mainEntityOfPage\":{\"@id\":\"https:\\\/\\\/www.laguiadepamplona.com\\\/actualidad\\\/el-ii-encierro-del-ajedrez-se-traslada-al-paseo-de-recoletos-de-madrid-con-60-partidas-simultaneas-este-domingo-y-la-presencia-entre-otros-de-magnus-carlsen-y-judit-polgar\\\/\"},\"wordCount\":618,\"commentCount\":0,\"publisher\":{\"@id\":\"https:\\\/\\\/www.laguiadepamplona.com\\\/actualidad\\\/#organization\"},\"image\":{\"@id\":\"https:\\\/\\\/www.laguiadepamplona.com\\\/actualidad\\\/el-ii-encierro-del-ajedrez-se-traslada-al-paseo-de-recoletos-de-madrid-con-60-partidas-simultaneas-este-domingo-y-la-presencia-entre-otros-de-magnus-carlsen-y-judit-polgar\\\/#primaryimage\"},\"thumbnailUrl\":\"https:\\\/\\\/www.laguiadepamplona.com\\\/actualidad\\\/wp-content\\\/uploads\\\/2022\\\/07\\\/cartel-ajedrez22-mad-pam.webp\",\"articleSection\":[\"Ayto Pamplona\",\"San Ferm\u00edn\"],\"inLanguage\":\"es\",\"potentialAction\":[{\"@type\":\"CommentAction\",\"name\":\"Comment\",\"target\":[\"https:\\\/\\\/www.laguiadepamplona.com\\\/actualidad\\\/el-ii-encierro-del-ajedrez-se-traslada-al-paseo-de-recoletos-de-madrid-con-60-partidas-simultaneas-este-domingo-y-la-presencia-entre-otros-de-magnus-carlsen-y-judit-polgar\\\/#respond\"]}]},{\"@type\":\"WebPage\",\"@id\":\"https:\\\/\\\/www.laguiadepamplona.com\\\/actualidad\\\/el-ii-encierro-del-ajedrez-se-traslada-al-paseo-de-recoletos-de-madrid-con-60-partidas-simultaneas-este-domingo-y-la-presencia-entre-otros-de-magnus-carlsen-y-judit-polgar\\\/\",\"url\":\"https:\\\/\\\/www.laguiadepamplona.com\\\/actualidad\\\/el-ii-encierro-del-ajedrez-se-traslada-al-paseo-de-recoletos-de-madrid-con-60-partidas-simultaneas-este-domingo-y-la-presencia-entre-otros-de-magnus-carlsen-y-judit-polgar\\\/\",\"name\":\"El \u2018II Encierro del Ajedrez\u2019 se traslada al paseo de Recoletos de Madrid, con 60 partidas simult\u00e1neas este domingo y la presencia, entre otros, de Magnus Carlsen y Judit Polgar\",\"isPartOf\":{\"@id\":\"https:\\\/\\\/www.laguiadepamplona.com\\\/actualidad\\\/#website\"},\"primaryImageOfPage\":{\"@id\":\"https:\\\/\\\/www.laguiadepamplona.com\\\/actualidad\\\/el-ii-encierro-del-ajedrez-se-traslada-al-paseo-de-recoletos-de-madrid-con-60-partidas-simultaneas-este-domingo-y-la-presencia-entre-otros-de-magnus-carlsen-y-judit-polgar\\\/#primaryimage\"},\"image\":{\"@id\":\"https:\\\/\\\/www.laguiadepamplona.com\\\/actualidad\\\/el-ii-encierro-del-ajedrez-se-traslada-al-paseo-de-recoletos-de-madrid-con-60-partidas-simultaneas-este-domingo-y-la-presencia-entre-otros-de-magnus-carlsen-y-judit-polgar\\\/#primaryimage\"},\"thumbnailUrl\":\"https:\\\/\\\/www.laguiadepamplona.com\\\/actualidad\\\/wp-content\\\/uploads\\\/2022\\\/07\\\/cartel-ajedrez22-mad-pam.webp\",\"datePublished\":\"2022-07-01T14:41:12+00:00\",\"dateModified\":\"2023-04-11T09:47:58+00:00\",\"description\":\"El 13 de julio se disputar\u00e1 en Pamplona, en formato online, el \u2018San Ferm\u00edn Mundial femenino\u2019, con m\u00e1s de 300 participantes de 20 pa\u00edses\",\"breadcrumb\":{\"@id\":\"https:\\\/\\\/www.laguiadepamplona.com\\\/actualidad\\\/el-ii-encierro-del-ajedrez-se-traslada-al-paseo-de-recoletos-de-madrid-con-60-partidas-simultaneas-este-domingo-y-la-presencia-entre-otros-de-magnus-carlsen-y-judit-polgar\\\/#breadcrumb\"},\"inLanguage\":\"es\",\"potentialAction\":[{\"@type\":\"ReadAction\",\"target\":[\"https:\\\/\\\/www.laguiadepamplona.com\\\/actualidad\\\/el-ii-encierro-del-ajedrez-se-traslada-al-paseo-de-recoletos-de-madrid-con-60-partidas-simultaneas-este-domingo-y-la-presencia-entre-otros-de-magnus-carlsen-y-judit-polgar\\\/\"]}]},{\"@type\":\"ImageObject\",\"inLanguage\":\"es\",\"@id\":\"https:\\\/\\\/www.laguiadepamplona.com\\\/actualidad\\\/el-ii-encierro-del-ajedrez-se-traslada-al-paseo-de-recoletos-de-madrid-con-60-partidas-simultaneas-este-domingo-y-la-presencia-entre-otros-de-magnus-carlsen-y-judit-polgar\\\/#primaryimage\",\"url\":\"https:\\\/\\\/www.laguiadepamplona.com\\\/actualidad\\\/wp-content\\\/uploads\\\/2022\\\/07\\\/cartel-ajedrez22-mad-pam.webp\",\"contentUrl\":\"https:\\\/\\\/www.laguiadepamplona.com\\\/actualidad\\\/wp-content\\\/uploads\\\/2022\\\/07\\\/cartel-ajedrez22-mad-pam.webp\",\"width\":1920,\"height\":850},{\"@type\":\"BreadcrumbList\",\"@id\":\"https:\\\/\\\/www.laguiadepamplona.com\\\/actualidad\\\/el-ii-encierro-del-ajedrez-se-traslada-al-paseo-de-recoletos-de-madrid-con-60-partidas-simultaneas-este-domingo-y-la-presencia-entre-otros-de-magnus-carlsen-y-judit-polgar\\\/#breadcrumb\",\"itemListElement\":[{\"@type\":\"ListItem\",\"position\":1,\"name\":\"Portada\",\"item\":\"https:\\\/\\\/www.laguiadepamplona.com\\\/actualidad\\\/\"},{\"@type\":\"ListItem\",\"position\":2,\"name\":\"El \u2018II Encierro del Ajedrez\u2019 se traslada al paseo de Recoletos de Madrid, con 60 partidas simult\u00e1neas este domingo y la presencia, entre otros, de Magnus Carlsen y Judit Polgar\"}]},{\"@type\":\"WebSite\",\"@id\":\"https:\\\/\\\/www.laguiadepamplona.com\\\/actualidad\\\/#website\",\"url\":\"https:\\\/\\\/www.laguiadepamplona.com\\\/actualidad\\\/\",\"name\":\"La gu\u00eda de Pamplona\",\"description\":\"Noticias de Pamplona\",\"publisher\":{\"@id\":\"https:\\\/\\\/www.laguiadepamplona.com\\\/actualidad\\\/#organization\"},\"potentialAction\":[{\"@type\":\"SearchAction\",\"target\":{\"@type\":\"EntryPoint\",\"urlTemplate\":\"https:\\\/\\\/www.laguiadepamplona.com\\\/actualidad\\\/?s={search_term_string}\"},\"query-input\":{\"@type\":\"PropertyValueSpecification\",\"valueRequired\":true,\"valueName\":\"search_term_string\"}}],\"inLanguage\":\"es\"},{\"@type\":\"Organization\",\"@id\":\"https:\\\/\\\/www.laguiadepamplona.com\\\/actualidad\\\/#organization\",\"name\":\"La Gu\u00eda de Pamplona \\\/ Noticias\",\"url\":\"https:\\\/\\\/www.laguiadepamplona.com\\\/actualidad\\\/\",\"logo\":{\"@type\":\"ImageObject\",\"inLanguage\":\"es\",\"@id\":\"https:\\\/\\\/www.laguiadepamplona.com\\\/actualidad\\\/#\\\/schema\\\/logo\\\/image\\\/\",\"url\":\"https:\\\/\\\/www.laguiadepamplona.com\\\/actualidad\\\/wp-content\\\/uploads\\\/2018\\\/11\\\/logo-laguiadepamplona18-web1.png\",\"contentUrl\":\"https:\\\/\\\/www.laguiadepamplona.com\\\/actualidad\\\/wp-content\\\/uploads\\\/2018\\\/11\\\/logo-laguiadepamplona18-web1.png\",\"width\":600,\"height\":196,\"caption\":\"La Gu\u00eda de Pamplona \\\/ Noticias\"},\"image\":{\"@id\":\"https:\\\/\\\/www.laguiadepamplona.com\\\/actualidad\\\/#\\\/schema\\\/logo\\\/image\\\/\"},\"sameAs\":[\"https:\\\/\\\/www.facebook.com\\\/laguiadepamplonacom-133175176762273\\\/?ref=hl\",\"https:\\\/\\\/x.com\\\/LaGuiadPamplona\",\"https:\\\/\\\/www.instagram.com\\\/la_guia_de_pamplona\\\/\",\"https:\\\/\\\/www.youtube.com\\\/user\\\/laguiadepamplona\"]},{\"@type\":\"Person\",\"@id\":\"https:\\\/\\\/www.laguiadepamplona.com\\\/actualidad\\\/#\\\/schema\\\/person\\\/efe887376f0213d4657c93adc50b1fdb\",\"name\":\"La Gu\u00eda de Pamplona\",\"image\":{\"@type\":\"ImageObject\",\"inLanguage\":\"es\",\"@id\":\"https:\\\/\\\/secure.gravatar.com\\\/avatar\\\/b6992f131dc8d30ab0dff15446e9d346d9dbd95992de0fef795073f5ea83a81c?s=96&d=mm&r=g\",\"url\":\"https:\\\/\\\/secure.gravatar.com\\\/avatar\\\/b6992f131dc8d30ab0dff15446e9d346d9dbd95992de0fef795073f5ea83a81c?s=96&d=mm&r=g\",\"contentUrl\":\"https:\\\/\\\/secure.gravatar.com\\\/avatar\\\/b6992f131dc8d30ab0dff15446e9d346d9dbd95992de0fef795073f5ea83a81c?s=96&d=mm&r=g\",\"caption\":\"La Gu\u00eda de Pamplona\"}}]}<\/script>\n<!-- \/ Yoast SEO plugin. -->","yoast_head_json":{"title":"El \u2018II Encierro del Ajedrez\u2019 se traslada al paseo de Recoletos de Madrid, con 60 partidas simult\u00e1neas este domingo y la presencia, entre otros, de Magnus Carlsen y Judit Polgar","description":"El 13 de julio se disputar\u00e1 en Pamplona, en formato online, el \u2018San Ferm\u00edn Mundial femenino\u2019, con m\u00e1s de 300 participantes de 20 pa\u00edses","robots":{"index":"index","follow":"follow","max-snippet":"max-snippet:-1","max-image-preview":"max-image-preview:large","max-video-preview":"max-video-preview:-1"},"canonical":"https:\/\/www.laguiadepamplona.com\/actualidad\/el-ii-encierro-del-ajedrez-se-traslada-al-paseo-de-recoletos-de-madrid-con-60-partidas-simultaneas-este-domingo-y-la-presencia-entre-otros-de-magnus-carlsen-y-judit-polgar\/","og_locale":"es_ES","og_type":"article","og_title":"El \u2018II Encierro del Ajedrez\u2019 se traslada al paseo de Recoletos de Madrid, con 60 partidas simult\u00e1neas este domingo y la presencia, entre otros, de Magnus Carlsen y Judit Polgar","og_description":"El 13 de julio se disputar\u00e1 en Pamplona, en formato online, el \u2018San Ferm\u00edn Mundial femenino\u2019, con m\u00e1s de 300 participantes de 20 pa\u00edses","og_url":"https:\/\/www.laguiadepamplona.com\/actualidad\/el-ii-encierro-del-ajedrez-se-traslada-al-paseo-de-recoletos-de-madrid-con-60-partidas-simultaneas-este-domingo-y-la-presencia-entre-otros-de-magnus-carlsen-y-judit-polgar\/","og_site_name":"La Gu\u00eda de Pamplona","article_publisher":"https:\/\/www.facebook.com\/laguiadepamplonacom-133175176762273\/?ref=hl","article_published_time":"2022-07-01T14:41:12+00:00","article_modified_time":"2023-04-11T09:47:58+00:00","og_image":[{"width":1920,"height":850,"url":"https:\/\/www.laguiadepamplona.com\/actualidad\/wp-content\/uploads\/2022\/07\/cartel-ajedrez22-mad-pam.webp","type":"image\/webp"}],"author":"La Gu\u00eda de Pamplona","twitter_card":"summary_large_image","twitter_creator":"@LaGuiadPamplona","twitter_site":"@LaGuiadPamplona","twitter_misc":{"Escrito por":"La Gu\u00eda de Pamplona","Tiempo de lectura":"3 minutos"},"schema":{"@context":"https:\/\/schema.org","@graph":[{"@type":"Article","@id":"https:\/\/www.laguiadepamplona.com\/actualidad\/el-ii-encierro-del-ajedrez-se-traslada-al-paseo-de-recoletos-de-madrid-con-60-partidas-simultaneas-este-domingo-y-la-presencia-entre-otros-de-magnus-carlsen-y-judit-polgar\/#article","isPartOf":{"@id":"https:\/\/www.laguiadepamplona.com\/actualidad\/el-ii-encierro-del-ajedrez-se-traslada-al-paseo-de-recoletos-de-madrid-con-60-partidas-simultaneas-este-domingo-y-la-presencia-entre-otros-de-magnus-carlsen-y-judit-polgar\/"},"author":{"name":"La Gu\u00eda de Pamplona","@id":"https:\/\/www.laguiadepamplona.com\/actualidad\/#\/schema\/person\/efe887376f0213d4657c93adc50b1fdb"},"headline":"El \u2018II Encierro del Ajedrez\u2019 se traslada al paseo de Recoletos de Madrid, con 60 partidas simult\u00e1neas este domingo y la presencia, entre otros, de Magnus Carlsen y Judit Polgar","datePublished":"2022-07-01T14:41:12+00:00","dateModified":"2023-04-11T09:47:58+00:00","mainEntityOfPage":{"@id":"https:\/\/www.laguiadepamplona.com\/actualidad\/el-ii-encierro-del-ajedrez-se-traslada-al-paseo-de-recoletos-de-madrid-con-60-partidas-simultaneas-este-domingo-y-la-presencia-entre-otros-de-magnus-carlsen-y-judit-polgar\/"},"wordCount":618,"commentCount":0,"publisher":{"@id":"https:\/\/www.laguiadepamplona.com\/actualidad\/#organization"},"image":{"@id":"https:\/\/www.laguiadepamplona.com\/actualidad\/el-ii-encierro-del-ajedrez-se-traslada-al-paseo-de-recoletos-de-madrid-con-60-partidas-simultaneas-este-domingo-y-la-presencia-entre-otros-de-magnus-carlsen-y-judit-polgar\/#primaryimage"},"thumbnailUrl":"https:\/\/www.laguiadepamplona.com\/actualidad\/wp-content\/uploads\/2022\/07\/cartel-ajedrez22-mad-pam.webp","articleSection":["Ayto Pamplona","San Ferm\u00edn"],"inLanguage":"es","potentialAction":[{"@type":"CommentAction","name":"Comment","target":["https:\/\/www.laguiadepamplona.com\/actualidad\/el-ii-encierro-del-ajedrez-se-traslada-al-paseo-de-recoletos-de-madrid-con-60-partidas-simultaneas-este-domingo-y-la-presencia-entre-otros-de-magnus-carlsen-y-judit-polgar\/#respond"]}]},{"@type":"WebPage","@id":"https:\/\/www.laguiadepamplona.com\/actualidad\/el-ii-encierro-del-ajedrez-se-traslada-al-paseo-de-recoletos-de-madrid-con-60-partidas-simultaneas-este-domingo-y-la-presencia-entre-otros-de-magnus-carlsen-y-judit-polgar\/","url":"https:\/\/www.laguiadepamplona.com\/actualidad\/el-ii-encierro-del-ajedrez-se-traslada-al-paseo-de-recoletos-de-madrid-con-60-partidas-simultaneas-este-domingo-y-la-presencia-entre-otros-de-magnus-carlsen-y-judit-polgar\/","name":"El \u2018II Encierro del Ajedrez\u2019 se traslada al paseo de Recoletos de Madrid, con 60 partidas simult\u00e1neas este domingo y la presencia, entre otros, de Magnus Carlsen y Judit Polgar","isPartOf":{"@id":"https:\/\/www.laguiadepamplona.com\/actualidad\/#website"},"primaryImageOfPage":{"@id":"https:\/\/www.laguiadepamplona.com\/actualidad\/el-ii-encierro-del-ajedrez-se-traslada-al-paseo-de-recoletos-de-madrid-con-60-partidas-simultaneas-este-domingo-y-la-presencia-entre-otros-de-magnus-carlsen-y-judit-polgar\/#primaryimage"},"image":{"@id":"https:\/\/www.laguiadepamplona.com\/actualidad\/el-ii-encierro-del-ajedrez-se-traslada-al-paseo-de-recoletos-de-madrid-con-60-partidas-simultaneas-este-domingo-y-la-presencia-entre-otros-de-magnus-carlsen-y-judit-polgar\/#primaryimage"},"thumbnailUrl":"https:\/\/www.laguiadepamplona.com\/actualidad\/wp-content\/uploads\/2022\/07\/cartel-ajedrez22-mad-pam.webp","datePublished":"2022-07-01T14:41:12+00:00","dateModified":"2023-04-11T09:47:58+00:00","description":"El 13 de julio se disputar\u00e1 en Pamplona, en formato online, el \u2018San Ferm\u00edn Mundial femenino\u2019, con m\u00e1s de 300 participantes de 20 pa\u00edses","breadcrumb":{"@id":"https:\/\/www.laguiadepamplona.com\/actualidad\/el-ii-encierro-del-ajedrez-se-traslada-al-paseo-de-recoletos-de-madrid-con-60-partidas-simultaneas-este-domingo-y-la-presencia-entre-otros-de-magnus-carlsen-y-judit-polgar\/#breadcrumb"},"inLanguage":"es","potentialAction":[{"@type":"ReadAction","target":["https:\/\/www.laguiadepamplona.com\/actualidad\/el-ii-encierro-del-ajedrez-se-traslada-al-paseo-de-recoletos-de-madrid-con-60-partidas-simultaneas-este-domingo-y-la-presencia-entre-otros-de-magnus-carlsen-y-judit-polgar\/"]}]},{"@type":"ImageObject","inLanguage":"es","@id":"https:\/\/www.laguiadepamplona.com\/actualidad\/el-ii-encierro-del-ajedrez-se-traslada-al-paseo-de-recoletos-de-madrid-con-60-partidas-simultaneas-este-domingo-y-la-presencia-entre-otros-de-magnus-carlsen-y-judit-polgar\/#primaryimage","url":"https:\/\/www.laguiadepamplona.com\/actualidad\/wp-content\/uploads\/2022\/07\/cartel-ajedrez22-mad-pam.webp","contentUrl":"https:\/\/www.laguiadepamplona.com\/actualidad\/wp-content\/uploads\/2022\/07\/cartel-ajedrez22-mad-pam.webp","width":1920,"height":850},{"@type":"BreadcrumbList","@id":"https:\/\/www.laguiadepamplona.com\/actualidad\/el-ii-encierro-del-ajedrez-se-traslada-al-paseo-de-recoletos-de-madrid-con-60-partidas-simultaneas-este-domingo-y-la-presencia-entre-otros-de-magnus-carlsen-y-judit-polgar\/#breadcrumb","itemListElement":[{"@type":"ListItem","position":1,"name":"Portada","item":"https:\/\/www.laguiadepamplona.com\/actualidad\/"},{"@type":"ListItem","position":2,"name":"El \u2018II Encierro del Ajedrez\u2019 se traslada al paseo de Recoletos de Madrid, con 60 partidas simult\u00e1neas este domingo y la presencia, entre otros, de Magnus Carlsen y Judit Polgar"}]},{"@type":"WebSite","@id":"https:\/\/www.laguiadepamplona.com\/actualidad\/#website","url":"https:\/\/www.laguiadepamplona.com\/actualidad\/","name":"La gu\u00eda de Pamplona","description":"Noticias de Pamplona","publisher":{"@id":"https:\/\/www.laguiadepamplona.com\/actualidad\/#organization"},"potentialAction":[{"@type":"SearchAction","target":{"@type":"EntryPoint","urlTemplate":"https:\/\/www.laguiadepamplona.com\/actualidad\/?s={search_term_string}"},"query-input":{"@type":"PropertyValueSpecification","valueRequired":true,"valueName":"search_term_string"}}],"inLanguage":"es"},{"@type":"Organization","@id":"https:\/\/www.laguiadepamplona.com\/actualidad\/#organization","name":"La Gu\u00eda de Pamplona \/ Noticias","url":"https:\/\/www.laguiadepamplona.com\/actualidad\/","logo":{"@type":"ImageObject","inLanguage":"es","@id":"https:\/\/www.laguiadepamplona.com\/actualidad\/#\/schema\/logo\/image\/","url":"https:\/\/www.laguiadepamplona.com\/actualidad\/wp-content\/uploads\/2018\/11\/logo-laguiadepamplona18-web1.png","contentUrl":"https:\/\/www.laguiadepamplona.com\/actualidad\/wp-content\/uploads\/2018\/11\/logo-laguiadepamplona18-web1.png","width":600,"height":196,"caption":"La Gu\u00eda de Pamplona \/ Noticias"},"image":{"@id":"https:\/\/www.laguiadepamplona.com\/actualidad\/#\/schema\/logo\/image\/"},"sameAs":["https:\/\/www.facebook.com\/laguiadepamplonacom-133175176762273\/?ref=hl","https:\/\/x.com\/LaGuiadPamplona","https:\/\/www.instagram.com\/la_guia_de_pamplona\/","https:\/\/www.youtube.com\/user\/laguiadepamplona"]},{"@type":"Person","@id":"https:\/\/www.laguiadepamplona.com\/actualidad\/#\/schema\/person\/efe887376f0213d4657c93adc50b1fdb","name":"La Gu\u00eda de Pamplona","image":{"@type":"ImageObject","inLanguage":"es","@id":"https:\/\/secure.gravatar.com\/avatar\/b6992f131dc8d30ab0dff15446e9d346d9dbd95992de0fef795073f5ea83a81c?s=96&d=mm&r=g","url":"https:\/\/secure.gravatar.com\/avatar\/b6992f131dc8d30ab0dff15446e9d346d9dbd95992de0fef795073f5ea83a81c?s=96&d=mm&r=g","contentUrl":"https:\/\/secure.gravatar.com\/avatar\/b6992f131dc8d30ab0dff15446e9d346d9dbd95992de0fef795073f5ea83a81c?s=96&d=mm&r=g","caption":"La Gu\u00eda de Pamplona"}}]}},"post_mailing_queue_ids":[],"_links":{"self":[{"href":"https:\/\/www.laguiadepamplona.com\/actualidad\/wp-json\/wp\/v2\/posts\/41111","targetHints":{"allow":["GET"]}}],"collection":[{"href":"https:\/\/www.laguiadepamplona.com\/actualidad\/wp-json\/wp\/v2\/posts"}],"about":[{"href":"https:\/\/www.laguiadepamplona.com\/actualidad\/wp-json\/wp\/v2\/types\/post"}],"author":[{"embeddable":true,"href":"https:\/\/www.laguiadepamplona.com\/actualidad\/wp-json\/wp\/v2\/users\/1"}],"replies":[{"embeddable":true,"href":"https:\/\/www.laguiadepamplona.com\/actualidad\/wp-json\/wp\/v2\/comments?post=41111"}],"version-history":[{"count":0,"href":"https:\/\/www.laguiadepamplona.com\/actualidad\/wp-json\/wp\/v2\/posts\/41111\/revisions"}],"wp:featuredmedia":[{"embeddable":true,"href":"https:\/\/www.laguiadepamplona.com\/actualidad\/wp-json\/wp\/v2\/media\/41112"}],"wp:attachment":[{"href":"https:\/\/www.laguiadepamplona.com\/actualidad\/wp-json\/wp\/v2\/media?parent=41111"}],"wp:term":[{"taxonomy":"category","embeddable":true,"href":"https:\/\/www.laguiadepamplona.com\/actualidad\/wp-json\/wp\/v2\/categories?post=41111"},{"taxonomy":"post_tag","embeddable":true,"href":"https:\/\/www.laguiadepamplona.com\/actualidad\/wp-json\/wp\/v2\/tags?post=41111"}],"curies":[{"name":"wp","href":"https:\/\/api.w.org\/{rel}","templated":true}]}}