{"id":41104,"date":"2022-06-30T18:21:35","date_gmt":"2022-06-30T16:21:35","guid":{"rendered":"https:\/\/www.laguiadepamplona.com\/actualidad\/?p=41104"},"modified":"2023-04-11T11:47:58","modified_gmt":"2023-04-11T09:47:58","slug":"la-exposicion-de-lo-que-nos-une-analiza-las-coincidencias-en-la-celebracion-de-los-sanfermines-y-la-fiesta-alcoyana-de-moros-y-cristianos","status":"publish","type":"post","link":"https:\/\/www.laguiadepamplona.com\/actualidad\/la-exposicion-de-lo-que-nos-une-analiza-las-coincidencias-en-la-celebracion-de-los-sanfermines-y-la-fiesta-alcoyana-de-moros-y-cristianos\/","title":{"rendered":"La exposici\u00f3n \u2018De lo que nos une\u2019 analiza las coincidencias en la celebraci\u00f3n de los Sanfermines y la fiesta alcoyana de Moros y Cristianos"},"content":{"rendered":"<h5>Condestable acoge, hasta el 20 de agosto, esta muestra que incluye carteler\u00eda, trajes, una instalaci\u00f3n art\u00edstica y un espacio de realidad virtual<\/h5>\n<p><!--more--><\/p>\n<p>Los Sanfermines de Pamplona y la fiesta de los Moros y Cristianos de Alcoy, a priori, poco tienen que ver. \u00c9sa es la percepci\u00f3n que cualquier persona podr\u00eda tener al hablar de ambos festejos. No obstante, una vez analizadas una y otra, las coincidencias, los paralelismos, se multiplican. \u00c9sa es la base sobre la que se sustenta la exposici\u00f3n \u2018De lo que nos une. Fiesta, cultura y tradiciones de San Jorge a San Ferm\u00edn\u2019, que se ha inaugurado hoy en el Palacio de Condestable y que podr\u00e1 visitarse hasta el 20 de agosto. En el acto de presentaci\u00f3n han participado la concejala de Cultura e Igualdad, Mar\u00eda Garc\u00eda-Barberena, el director de \u00c1rea de Cultura e Igualdad, Jorge Urd\u00e1noz, el director del Museo Alcoi\u00e0 de la Fiesta, Jos\u00e9 Pascual, el presidente de la Asociaci\u00f3n de San Jorge, Juan Jos\u00e9 Olcina, y la comisaria de la exposici\u00f3n, M\u00f3nica Jover.<br \/>\n<script async src=\"\/\/pagead2.googlesyndication.com\/pagead\/js\/adsbygoogle.js\"><\/script><br \/>\n<!-- Noticias La Guia de Pamplona --><br \/>\n<ins class=\"adsbygoogle\"\nstyle=\"display:block\"\ndata-ad-client=\"ca-pub-6943679897239327\"\ndata-ad-slot=\"7048180777\"\ndata-ad-format=\"auto\"><\/ins><br \/>\n<script>\n(adsbygoogle = window.adsbygoogle || []).push({});\n<\/script><\/p>\n<p>La muestra, promovida por el Museo Alcoi\u00e0 y la Asociaci\u00f3n San Jorge de Alcoy, analiza la uni\u00f3n entre ambos festejos en aspectos como la apertura de las fiestas, la procesi\u00f3n, el hecho de que San Ferm\u00edn y San Jorge fueran coet\u00e1neos y, sobre todo, el esp\u00edritu de la fiesta. Todo ello lo hace a trav\u00e9s de un recorrido por los cuatro d\u00edas de festejos alcoyanos en el mes de abril. La exposici\u00f3n trae a Pamplona seis carteles de las fiestas, de distintas \u00e9pocas, fotograf\u00edas de la trilog\u00eda alcoyana, una producci\u00f3n audiovisual que resume los principales actos de los d\u00edas festivos y una selecci\u00f3n de indumentaria festera. As\u00ed, se han tra\u00eddo trajes de capit\u00e1n, alf\u00e9rez y de San Jorge, adem\u00e1s de un traje del equivalente al mozo de pe\u00f1a de Alcoy.<\/p>\n<p>Una de las pe\u00f1as, o fil\u00e0, es la de los \u2018Navarros\u2019, que este 2022 ha celebrado su 150 aniversario en estas Fiestas de Moros y Cristianos, si bien el aniversario lo hizo en 2020, aunque debido a la pandemia no lo pudo festejar. Con este motivo, la formaci\u00f3n sac\u00f3 a la calle en el acto de la \u2018Entrada Cristiana\u2019, una escuadra especial que recordaba sus or\u00edgenes y que plasmaba una de las primeras vestimentas que tuvo la Fil\u00e0 y que mantuvo en vigor hasta pr\u00e1cticamente el a\u00f1o 1903. Con motivo de la exposici\u00f3n, el Museo Alcoi\u00e0 y la Asociaci\u00f3n San Jorge de Alcoy han tra\u00eddo a Pamplona uno de esos trajes originales, que es, adem\u00e1s, el m\u00e1s antiguo que se conserva de la Fil\u00e0 Navarros.<br \/>\n<script async src=\"\/\/pagead2.googlesyndication.com\/pagead\/js\/adsbygoogle.js\"><\/script><br \/>\n<!-- Noticias La Guia de Pamplona --><br \/>\n<ins class=\"adsbygoogle\"\nstyle=\"display:block\"\ndata-ad-client=\"ca-pub-6943679897239327\"\ndata-ad-slot=\"7048180777\"\ndata-ad-format=\"auto\"><\/ins><br \/>\n<script>\n(adsbygoogle = window.adsbygoogle || []).push({});\n<\/script><\/p>\n<p>A todo ello se suma, adem\u00e1s, una instalaci\u00f3n art\u00edstica que une, mediante hilos, dos esculturas de San Ferm\u00edn y San Jorge, simbolizando ese paralelismo entre ambos, y una zona de realidad virtual sobre las fiestas. El visitante podr\u00e1, a trav\u00e9s de unas gafas 3D, sumergirse en la celebraci\u00f3n alcoyana, zambullirse en medio de la fiesta, para vivir en primera persona el preg\u00f3n, los desfiles, la entrada de los moros, la entrada de los cristianos, las guerrillas y la masclet\u00e1.<\/p>\n<p>La exposici\u00f3n es fruto de la colaboraci\u00f3n entre Pamplona y Alcoy, que arranc\u00f3 en el mes de abril, con motivo de la celebraci\u00f3n de las fiestas en honor a San Jorge. Entonces, el Museo Alcoi\u00e0 acogi\u00f3 la muestra \u2018Las mujeres en los carteles de San Ferm\u00edn\u2019, que, a trav\u00e9s de 45 carteles, analizaba la relaci\u00f3n de las mujeres con la fiesta desde mitad del siglo XIX hasta la actualidad; tiempo en el que han pasado de ser representadas en los carteles a ser las autoras de los mismo. Ahora, coincidiendo con la celebraci\u00f3n de los Sanfermines, la Asociaci\u00f3n San Jorge de Alcoy trae a Pamplona sus fiestas de Moros y Cristianos, declaradas de Inter\u00e9s Tur\u00edstico Internacional en 1980.<\/p>\n","protected":false},"excerpt":{"rendered":"<p>Condestable acoge, hasta el 20 de agosto, esta muestra que incluye carteler\u00eda, trajes, una instalaci\u00f3n art\u00edstica y un espacio de realidad virtual<\/p>\n","protected":false},"author":1,"featured_media":41105,"comment_status":"open","ping_status":"closed","sticky":false,"template":"","format":"standard","meta":{"footnotes":""},"categories":[2],"tags":[],"class_list":["post-41104","post","type-post","status-publish","format-standard","has-post-thumbnail","hentry","category-ayuntamiento-pamplona"],"yoast_head":"<!-- This site is optimized with the Yoast SEO plugin v27.5 - https:\/\/yoast.com\/product\/yoast-seo-wordpress\/ -->\n<title>La exposici\u00f3n \u2018De lo que nos une\u2019 analiza las coincidencias en la celebraci\u00f3n de los Sanfermines y la fiesta alcoyana de Moros y Cristianos<\/title>\n<meta name=\"description\" content=\"Condestable acoge, hasta el 20 de agosto, esta muestra que incluye carteler\u00eda, trajes, una instalaci\u00f3n art\u00edstica y un espacio de realidad virtual\" \/>\n<meta name=\"robots\" content=\"index, follow, max-snippet:-1, max-image-preview:large, max-video-preview:-1\" \/>\n<link rel=\"canonical\" href=\"https:\/\/www.laguiadepamplona.com\/actualidad\/la-exposicion-de-lo-que-nos-une-analiza-las-coincidencias-en-la-celebracion-de-los-sanfermines-y-la-fiesta-alcoyana-de-moros-y-cristianos\/\" \/>\n<meta property=\"og:locale\" content=\"es_ES\" \/>\n<meta property=\"og:type\" content=\"article\" \/>\n<meta property=\"og:title\" content=\"La exposici\u00f3n \u2018De lo que nos une\u2019 analiza las coincidencias en la celebraci\u00f3n de los Sanfermines y la fiesta alcoyana de Moros y Cristianos\" \/>\n<meta property=\"og:description\" content=\"Condestable acoge, hasta el 20 de agosto, esta muestra que incluye carteler\u00eda, trajes, una instalaci\u00f3n art\u00edstica y un espacio de realidad virtual\" \/>\n<meta property=\"og:url\" content=\"https:\/\/www.laguiadepamplona.com\/actualidad\/la-exposicion-de-lo-que-nos-une-analiza-las-coincidencias-en-la-celebracion-de-los-sanfermines-y-la-fiesta-alcoyana-de-moros-y-cristianos\/\" \/>\n<meta property=\"og:site_name\" content=\"La Gu\u00eda de Pamplona\" \/>\n<meta property=\"article:publisher\" content=\"https:\/\/www.facebook.com\/laguiadepamplonacom-133175176762273\/?ref=hl\" \/>\n<meta property=\"article:published_time\" content=\"2022-06-30T16:21:35+00:00\" \/>\n<meta property=\"article:modified_time\" content=\"2023-04-11T09:47:58+00:00\" \/>\n<meta property=\"og:image\" content=\"https:\/\/www.laguiadepamplona.com\/actualidad\/wp-content\/uploads\/2022\/06\/expoloquenosuneee5a7756.webp\" \/>\n\t<meta property=\"og:image:width\" content=\"1920\" \/>\n\t<meta property=\"og:image:height\" content=\"1280\" \/>\n\t<meta property=\"og:image:type\" content=\"image\/webp\" \/>\n<meta name=\"author\" content=\"La Gu\u00eda de Pamplona\" \/>\n<meta name=\"twitter:card\" content=\"summary_large_image\" \/>\n<meta name=\"twitter:creator\" content=\"@LaGuiadPamplona\" \/>\n<meta name=\"twitter:site\" content=\"@LaGuiadPamplona\" \/>\n<meta name=\"twitter:label1\" content=\"Escrito por\" \/>\n\t<meta name=\"twitter:data1\" content=\"La Gu\u00eda de Pamplona\" \/>\n\t<meta name=\"twitter:label2\" content=\"Tiempo de lectura\" \/>\n\t<meta name=\"twitter:data2\" content=\"3 minutos\" \/>\n<script type=\"application\/ld+json\" class=\"yoast-schema-graph\">{\"@context\":\"https:\\\/\\\/schema.org\",\"@graph\":[{\"@type\":\"Article\",\"@id\":\"https:\\\/\\\/www.laguiadepamplona.com\\\/actualidad\\\/la-exposicion-de-lo-que-nos-une-analiza-las-coincidencias-en-la-celebracion-de-los-sanfermines-y-la-fiesta-alcoyana-de-moros-y-cristianos\\\/#article\",\"isPartOf\":{\"@id\":\"https:\\\/\\\/www.laguiadepamplona.com\\\/actualidad\\\/la-exposicion-de-lo-que-nos-une-analiza-las-coincidencias-en-la-celebracion-de-los-sanfermines-y-la-fiesta-alcoyana-de-moros-y-cristianos\\\/\"},\"author\":{\"name\":\"La Gu\u00eda de Pamplona\",\"@id\":\"https:\\\/\\\/www.laguiadepamplona.com\\\/actualidad\\\/#\\\/schema\\\/person\\\/efe887376f0213d4657c93adc50b1fdb\"},\"headline\":\"La exposici\u00f3n \u2018De lo que nos une\u2019 analiza las coincidencias en la celebraci\u00f3n de los Sanfermines y la fiesta alcoyana de Moros y Cristianos\",\"datePublished\":\"2022-06-30T16:21:35+00:00\",\"dateModified\":\"2023-04-11T09:47:58+00:00\",\"mainEntityOfPage\":{\"@id\":\"https:\\\/\\\/www.laguiadepamplona.com\\\/actualidad\\\/la-exposicion-de-lo-que-nos-une-analiza-las-coincidencias-en-la-celebracion-de-los-sanfermines-y-la-fiesta-alcoyana-de-moros-y-cristianos\\\/\"},\"wordCount\":699,\"commentCount\":0,\"publisher\":{\"@id\":\"https:\\\/\\\/www.laguiadepamplona.com\\\/actualidad\\\/#organization\"},\"image\":{\"@id\":\"https:\\\/\\\/www.laguiadepamplona.com\\\/actualidad\\\/la-exposicion-de-lo-que-nos-une-analiza-las-coincidencias-en-la-celebracion-de-los-sanfermines-y-la-fiesta-alcoyana-de-moros-y-cristianos\\\/#primaryimage\"},\"thumbnailUrl\":\"https:\\\/\\\/www.laguiadepamplona.com\\\/actualidad\\\/wp-content\\\/uploads\\\/2022\\\/06\\\/expoloquenosuneee5a7756.webp\",\"articleSection\":[\"Ayto Pamplona\"],\"inLanguage\":\"es\",\"potentialAction\":[{\"@type\":\"CommentAction\",\"name\":\"Comment\",\"target\":[\"https:\\\/\\\/www.laguiadepamplona.com\\\/actualidad\\\/la-exposicion-de-lo-que-nos-une-analiza-las-coincidencias-en-la-celebracion-de-los-sanfermines-y-la-fiesta-alcoyana-de-moros-y-cristianos\\\/#respond\"]}]},{\"@type\":\"WebPage\",\"@id\":\"https:\\\/\\\/www.laguiadepamplona.com\\\/actualidad\\\/la-exposicion-de-lo-que-nos-une-analiza-las-coincidencias-en-la-celebracion-de-los-sanfermines-y-la-fiesta-alcoyana-de-moros-y-cristianos\\\/\",\"url\":\"https:\\\/\\\/www.laguiadepamplona.com\\\/actualidad\\\/la-exposicion-de-lo-que-nos-une-analiza-las-coincidencias-en-la-celebracion-de-los-sanfermines-y-la-fiesta-alcoyana-de-moros-y-cristianos\\\/\",\"name\":\"La exposici\u00f3n \u2018De lo que nos une\u2019 analiza las coincidencias en la celebraci\u00f3n de los Sanfermines y la fiesta alcoyana de Moros y Cristianos\",\"isPartOf\":{\"@id\":\"https:\\\/\\\/www.laguiadepamplona.com\\\/actualidad\\\/#website\"},\"primaryImageOfPage\":{\"@id\":\"https:\\\/\\\/www.laguiadepamplona.com\\\/actualidad\\\/la-exposicion-de-lo-que-nos-une-analiza-las-coincidencias-en-la-celebracion-de-los-sanfermines-y-la-fiesta-alcoyana-de-moros-y-cristianos\\\/#primaryimage\"},\"image\":{\"@id\":\"https:\\\/\\\/www.laguiadepamplona.com\\\/actualidad\\\/la-exposicion-de-lo-que-nos-une-analiza-las-coincidencias-en-la-celebracion-de-los-sanfermines-y-la-fiesta-alcoyana-de-moros-y-cristianos\\\/#primaryimage\"},\"thumbnailUrl\":\"https:\\\/\\\/www.laguiadepamplona.com\\\/actualidad\\\/wp-content\\\/uploads\\\/2022\\\/06\\\/expoloquenosuneee5a7756.webp\",\"datePublished\":\"2022-06-30T16:21:35+00:00\",\"dateModified\":\"2023-04-11T09:47:58+00:00\",\"description\":\"Condestable acoge, hasta el 20 de agosto, esta muestra que incluye carteler\u00eda, trajes, una instalaci\u00f3n art\u00edstica y un espacio de realidad virtual\",\"breadcrumb\":{\"@id\":\"https:\\\/\\\/www.laguiadepamplona.com\\\/actualidad\\\/la-exposicion-de-lo-que-nos-une-analiza-las-coincidencias-en-la-celebracion-de-los-sanfermines-y-la-fiesta-alcoyana-de-moros-y-cristianos\\\/#breadcrumb\"},\"inLanguage\":\"es\",\"potentialAction\":[{\"@type\":\"ReadAction\",\"target\":[\"https:\\\/\\\/www.laguiadepamplona.com\\\/actualidad\\\/la-exposicion-de-lo-que-nos-une-analiza-las-coincidencias-en-la-celebracion-de-los-sanfermines-y-la-fiesta-alcoyana-de-moros-y-cristianos\\\/\"]}]},{\"@type\":\"ImageObject\",\"inLanguage\":\"es\",\"@id\":\"https:\\\/\\\/www.laguiadepamplona.com\\\/actualidad\\\/la-exposicion-de-lo-que-nos-une-analiza-las-coincidencias-en-la-celebracion-de-los-sanfermines-y-la-fiesta-alcoyana-de-moros-y-cristianos\\\/#primaryimage\",\"url\":\"https:\\\/\\\/www.laguiadepamplona.com\\\/actualidad\\\/wp-content\\\/uploads\\\/2022\\\/06\\\/expoloquenosuneee5a7756.webp\",\"contentUrl\":\"https:\\\/\\\/www.laguiadepamplona.com\\\/actualidad\\\/wp-content\\\/uploads\\\/2022\\\/06\\\/expoloquenosuneee5a7756.webp\",\"width\":1920,\"height\":1280},{\"@type\":\"BreadcrumbList\",\"@id\":\"https:\\\/\\\/www.laguiadepamplona.com\\\/actualidad\\\/la-exposicion-de-lo-que-nos-une-analiza-las-coincidencias-en-la-celebracion-de-los-sanfermines-y-la-fiesta-alcoyana-de-moros-y-cristianos\\\/#breadcrumb\",\"itemListElement\":[{\"@type\":\"ListItem\",\"position\":1,\"name\":\"Portada\",\"item\":\"https:\\\/\\\/www.laguiadepamplona.com\\\/actualidad\\\/\"},{\"@type\":\"ListItem\",\"position\":2,\"name\":\"La exposici\u00f3n \u2018De lo que nos une\u2019 analiza las coincidencias en la celebraci\u00f3n de los Sanfermines y la fiesta alcoyana de Moros y Cristianos\"}]},{\"@type\":\"WebSite\",\"@id\":\"https:\\\/\\\/www.laguiadepamplona.com\\\/actualidad\\\/#website\",\"url\":\"https:\\\/\\\/www.laguiadepamplona.com\\\/actualidad\\\/\",\"name\":\"La gu\u00eda de Pamplona\",\"description\":\"Noticias de Pamplona\",\"publisher\":{\"@id\":\"https:\\\/\\\/www.laguiadepamplona.com\\\/actualidad\\\/#organization\"},\"potentialAction\":[{\"@type\":\"SearchAction\",\"target\":{\"@type\":\"EntryPoint\",\"urlTemplate\":\"https:\\\/\\\/www.laguiadepamplona.com\\\/actualidad\\\/?s={search_term_string}\"},\"query-input\":{\"@type\":\"PropertyValueSpecification\",\"valueRequired\":true,\"valueName\":\"search_term_string\"}}],\"inLanguage\":\"es\"},{\"@type\":\"Organization\",\"@id\":\"https:\\\/\\\/www.laguiadepamplona.com\\\/actualidad\\\/#organization\",\"name\":\"La Gu\u00eda de Pamplona \\\/ Noticias\",\"url\":\"https:\\\/\\\/www.laguiadepamplona.com\\\/actualidad\\\/\",\"logo\":{\"@type\":\"ImageObject\",\"inLanguage\":\"es\",\"@id\":\"https:\\\/\\\/www.laguiadepamplona.com\\\/actualidad\\\/#\\\/schema\\\/logo\\\/image\\\/\",\"url\":\"https:\\\/\\\/www.laguiadepamplona.com\\\/actualidad\\\/wp-content\\\/uploads\\\/2018\\\/11\\\/logo-laguiadepamplona18-web1.png\",\"contentUrl\":\"https:\\\/\\\/www.laguiadepamplona.com\\\/actualidad\\\/wp-content\\\/uploads\\\/2018\\\/11\\\/logo-laguiadepamplona18-web1.png\",\"width\":600,\"height\":196,\"caption\":\"La Gu\u00eda de Pamplona \\\/ Noticias\"},\"image\":{\"@id\":\"https:\\\/\\\/www.laguiadepamplona.com\\\/actualidad\\\/#\\\/schema\\\/logo\\\/image\\\/\"},\"sameAs\":[\"https:\\\/\\\/www.facebook.com\\\/laguiadepamplonacom-133175176762273\\\/?ref=hl\",\"https:\\\/\\\/x.com\\\/LaGuiadPamplona\",\"https:\\\/\\\/www.instagram.com\\\/la_guia_de_pamplona\\\/\",\"https:\\\/\\\/www.youtube.com\\\/user\\\/laguiadepamplona\"]},{\"@type\":\"Person\",\"@id\":\"https:\\\/\\\/www.laguiadepamplona.com\\\/actualidad\\\/#\\\/schema\\\/person\\\/efe887376f0213d4657c93adc50b1fdb\",\"name\":\"La Gu\u00eda de Pamplona\",\"image\":{\"@type\":\"ImageObject\",\"inLanguage\":\"es\",\"@id\":\"https:\\\/\\\/secure.gravatar.com\\\/avatar\\\/b6992f131dc8d30ab0dff15446e9d346d9dbd95992de0fef795073f5ea83a81c?s=96&d=mm&r=g\",\"url\":\"https:\\\/\\\/secure.gravatar.com\\\/avatar\\\/b6992f131dc8d30ab0dff15446e9d346d9dbd95992de0fef795073f5ea83a81c?s=96&d=mm&r=g\",\"contentUrl\":\"https:\\\/\\\/secure.gravatar.com\\\/avatar\\\/b6992f131dc8d30ab0dff15446e9d346d9dbd95992de0fef795073f5ea83a81c?s=96&d=mm&r=g\",\"caption\":\"La Gu\u00eda de Pamplona\"}}]}<\/script>\n<!-- \/ Yoast SEO plugin. -->","yoast_head_json":{"title":"La exposici\u00f3n \u2018De lo que nos une\u2019 analiza las coincidencias en la celebraci\u00f3n de los Sanfermines y la fiesta alcoyana de Moros y Cristianos","description":"Condestable acoge, hasta el 20 de agosto, esta muestra que incluye carteler\u00eda, trajes, una instalaci\u00f3n art\u00edstica y un espacio de realidad virtual","robots":{"index":"index","follow":"follow","max-snippet":"max-snippet:-1","max-image-preview":"max-image-preview:large","max-video-preview":"max-video-preview:-1"},"canonical":"https:\/\/www.laguiadepamplona.com\/actualidad\/la-exposicion-de-lo-que-nos-une-analiza-las-coincidencias-en-la-celebracion-de-los-sanfermines-y-la-fiesta-alcoyana-de-moros-y-cristianos\/","og_locale":"es_ES","og_type":"article","og_title":"La exposici\u00f3n \u2018De lo que nos une\u2019 analiza las coincidencias en la celebraci\u00f3n de los Sanfermines y la fiesta alcoyana de Moros y Cristianos","og_description":"Condestable acoge, hasta el 20 de agosto, esta muestra que incluye carteler\u00eda, trajes, una instalaci\u00f3n art\u00edstica y un espacio de realidad virtual","og_url":"https:\/\/www.laguiadepamplona.com\/actualidad\/la-exposicion-de-lo-que-nos-une-analiza-las-coincidencias-en-la-celebracion-de-los-sanfermines-y-la-fiesta-alcoyana-de-moros-y-cristianos\/","og_site_name":"La Gu\u00eda de Pamplona","article_publisher":"https:\/\/www.facebook.com\/laguiadepamplonacom-133175176762273\/?ref=hl","article_published_time":"2022-06-30T16:21:35+00:00","article_modified_time":"2023-04-11T09:47:58+00:00","og_image":[{"width":1920,"height":1280,"url":"https:\/\/www.laguiadepamplona.com\/actualidad\/wp-content\/uploads\/2022\/06\/expoloquenosuneee5a7756.webp","type":"image\/webp"}],"author":"La Gu\u00eda de Pamplona","twitter_card":"summary_large_image","twitter_creator":"@LaGuiadPamplona","twitter_site":"@LaGuiadPamplona","twitter_misc":{"Escrito por":"La Gu\u00eda de Pamplona","Tiempo de lectura":"3 minutos"},"schema":{"@context":"https:\/\/schema.org","@graph":[{"@type":"Article","@id":"https:\/\/www.laguiadepamplona.com\/actualidad\/la-exposicion-de-lo-que-nos-une-analiza-las-coincidencias-en-la-celebracion-de-los-sanfermines-y-la-fiesta-alcoyana-de-moros-y-cristianos\/#article","isPartOf":{"@id":"https:\/\/www.laguiadepamplona.com\/actualidad\/la-exposicion-de-lo-que-nos-une-analiza-las-coincidencias-en-la-celebracion-de-los-sanfermines-y-la-fiesta-alcoyana-de-moros-y-cristianos\/"},"author":{"name":"La Gu\u00eda de Pamplona","@id":"https:\/\/www.laguiadepamplona.com\/actualidad\/#\/schema\/person\/efe887376f0213d4657c93adc50b1fdb"},"headline":"La exposici\u00f3n \u2018De lo que nos une\u2019 analiza las coincidencias en la celebraci\u00f3n de los Sanfermines y la fiesta alcoyana de Moros y Cristianos","datePublished":"2022-06-30T16:21:35+00:00","dateModified":"2023-04-11T09:47:58+00:00","mainEntityOfPage":{"@id":"https:\/\/www.laguiadepamplona.com\/actualidad\/la-exposicion-de-lo-que-nos-une-analiza-las-coincidencias-en-la-celebracion-de-los-sanfermines-y-la-fiesta-alcoyana-de-moros-y-cristianos\/"},"wordCount":699,"commentCount":0,"publisher":{"@id":"https:\/\/www.laguiadepamplona.com\/actualidad\/#organization"},"image":{"@id":"https:\/\/www.laguiadepamplona.com\/actualidad\/la-exposicion-de-lo-que-nos-une-analiza-las-coincidencias-en-la-celebracion-de-los-sanfermines-y-la-fiesta-alcoyana-de-moros-y-cristianos\/#primaryimage"},"thumbnailUrl":"https:\/\/www.laguiadepamplona.com\/actualidad\/wp-content\/uploads\/2022\/06\/expoloquenosuneee5a7756.webp","articleSection":["Ayto Pamplona"],"inLanguage":"es","potentialAction":[{"@type":"CommentAction","name":"Comment","target":["https:\/\/www.laguiadepamplona.com\/actualidad\/la-exposicion-de-lo-que-nos-une-analiza-las-coincidencias-en-la-celebracion-de-los-sanfermines-y-la-fiesta-alcoyana-de-moros-y-cristianos\/#respond"]}]},{"@type":"WebPage","@id":"https:\/\/www.laguiadepamplona.com\/actualidad\/la-exposicion-de-lo-que-nos-une-analiza-las-coincidencias-en-la-celebracion-de-los-sanfermines-y-la-fiesta-alcoyana-de-moros-y-cristianos\/","url":"https:\/\/www.laguiadepamplona.com\/actualidad\/la-exposicion-de-lo-que-nos-une-analiza-las-coincidencias-en-la-celebracion-de-los-sanfermines-y-la-fiesta-alcoyana-de-moros-y-cristianos\/","name":"La exposici\u00f3n \u2018De lo que nos une\u2019 analiza las coincidencias en la celebraci\u00f3n de los Sanfermines y la fiesta alcoyana de Moros y Cristianos","isPartOf":{"@id":"https:\/\/www.laguiadepamplona.com\/actualidad\/#website"},"primaryImageOfPage":{"@id":"https:\/\/www.laguiadepamplona.com\/actualidad\/la-exposicion-de-lo-que-nos-une-analiza-las-coincidencias-en-la-celebracion-de-los-sanfermines-y-la-fiesta-alcoyana-de-moros-y-cristianos\/#primaryimage"},"image":{"@id":"https:\/\/www.laguiadepamplona.com\/actualidad\/la-exposicion-de-lo-que-nos-une-analiza-las-coincidencias-en-la-celebracion-de-los-sanfermines-y-la-fiesta-alcoyana-de-moros-y-cristianos\/#primaryimage"},"thumbnailUrl":"https:\/\/www.laguiadepamplona.com\/actualidad\/wp-content\/uploads\/2022\/06\/expoloquenosuneee5a7756.webp","datePublished":"2022-06-30T16:21:35+00:00","dateModified":"2023-04-11T09:47:58+00:00","description":"Condestable acoge, hasta el 20 de agosto, esta muestra que incluye carteler\u00eda, trajes, una instalaci\u00f3n art\u00edstica y un espacio de realidad virtual","breadcrumb":{"@id":"https:\/\/www.laguiadepamplona.com\/actualidad\/la-exposicion-de-lo-que-nos-une-analiza-las-coincidencias-en-la-celebracion-de-los-sanfermines-y-la-fiesta-alcoyana-de-moros-y-cristianos\/#breadcrumb"},"inLanguage":"es","potentialAction":[{"@type":"ReadAction","target":["https:\/\/www.laguiadepamplona.com\/actualidad\/la-exposicion-de-lo-que-nos-une-analiza-las-coincidencias-en-la-celebracion-de-los-sanfermines-y-la-fiesta-alcoyana-de-moros-y-cristianos\/"]}]},{"@type":"ImageObject","inLanguage":"es","@id":"https:\/\/www.laguiadepamplona.com\/actualidad\/la-exposicion-de-lo-que-nos-une-analiza-las-coincidencias-en-la-celebracion-de-los-sanfermines-y-la-fiesta-alcoyana-de-moros-y-cristianos\/#primaryimage","url":"https:\/\/www.laguiadepamplona.com\/actualidad\/wp-content\/uploads\/2022\/06\/expoloquenosuneee5a7756.webp","contentUrl":"https:\/\/www.laguiadepamplona.com\/actualidad\/wp-content\/uploads\/2022\/06\/expoloquenosuneee5a7756.webp","width":1920,"height":1280},{"@type":"BreadcrumbList","@id":"https:\/\/www.laguiadepamplona.com\/actualidad\/la-exposicion-de-lo-que-nos-une-analiza-las-coincidencias-en-la-celebracion-de-los-sanfermines-y-la-fiesta-alcoyana-de-moros-y-cristianos\/#breadcrumb","itemListElement":[{"@type":"ListItem","position":1,"name":"Portada","item":"https:\/\/www.laguiadepamplona.com\/actualidad\/"},{"@type":"ListItem","position":2,"name":"La exposici\u00f3n \u2018De lo que nos une\u2019 analiza las coincidencias en la celebraci\u00f3n de los Sanfermines y la fiesta alcoyana de Moros y Cristianos"}]},{"@type":"WebSite","@id":"https:\/\/www.laguiadepamplona.com\/actualidad\/#website","url":"https:\/\/www.laguiadepamplona.com\/actualidad\/","name":"La gu\u00eda de Pamplona","description":"Noticias de Pamplona","publisher":{"@id":"https:\/\/www.laguiadepamplona.com\/actualidad\/#organization"},"potentialAction":[{"@type":"SearchAction","target":{"@type":"EntryPoint","urlTemplate":"https:\/\/www.laguiadepamplona.com\/actualidad\/?s={search_term_string}"},"query-input":{"@type":"PropertyValueSpecification","valueRequired":true,"valueName":"search_term_string"}}],"inLanguage":"es"},{"@type":"Organization","@id":"https:\/\/www.laguiadepamplona.com\/actualidad\/#organization","name":"La Gu\u00eda de Pamplona \/ Noticias","url":"https:\/\/www.laguiadepamplona.com\/actualidad\/","logo":{"@type":"ImageObject","inLanguage":"es","@id":"https:\/\/www.laguiadepamplona.com\/actualidad\/#\/schema\/logo\/image\/","url":"https:\/\/www.laguiadepamplona.com\/actualidad\/wp-content\/uploads\/2018\/11\/logo-laguiadepamplona18-web1.png","contentUrl":"https:\/\/www.laguiadepamplona.com\/actualidad\/wp-content\/uploads\/2018\/11\/logo-laguiadepamplona18-web1.png","width":600,"height":196,"caption":"La Gu\u00eda de Pamplona \/ Noticias"},"image":{"@id":"https:\/\/www.laguiadepamplona.com\/actualidad\/#\/schema\/logo\/image\/"},"sameAs":["https:\/\/www.facebook.com\/laguiadepamplonacom-133175176762273\/?ref=hl","https:\/\/x.com\/LaGuiadPamplona","https:\/\/www.instagram.com\/la_guia_de_pamplona\/","https:\/\/www.youtube.com\/user\/laguiadepamplona"]},{"@type":"Person","@id":"https:\/\/www.laguiadepamplona.com\/actualidad\/#\/schema\/person\/efe887376f0213d4657c93adc50b1fdb","name":"La Gu\u00eda de Pamplona","image":{"@type":"ImageObject","inLanguage":"es","@id":"https:\/\/secure.gravatar.com\/avatar\/b6992f131dc8d30ab0dff15446e9d346d9dbd95992de0fef795073f5ea83a81c?s=96&d=mm&r=g","url":"https:\/\/secure.gravatar.com\/avatar\/b6992f131dc8d30ab0dff15446e9d346d9dbd95992de0fef795073f5ea83a81c?s=96&d=mm&r=g","contentUrl":"https:\/\/secure.gravatar.com\/avatar\/b6992f131dc8d30ab0dff15446e9d346d9dbd95992de0fef795073f5ea83a81c?s=96&d=mm&r=g","caption":"La Gu\u00eda de Pamplona"}}]}},"post_mailing_queue_ids":[],"_links":{"self":[{"href":"https:\/\/www.laguiadepamplona.com\/actualidad\/wp-json\/wp\/v2\/posts\/41104","targetHints":{"allow":["GET"]}}],"collection":[{"href":"https:\/\/www.laguiadepamplona.com\/actualidad\/wp-json\/wp\/v2\/posts"}],"about":[{"href":"https:\/\/www.laguiadepamplona.com\/actualidad\/wp-json\/wp\/v2\/types\/post"}],"author":[{"embeddable":true,"href":"https:\/\/www.laguiadepamplona.com\/actualidad\/wp-json\/wp\/v2\/users\/1"}],"replies":[{"embeddable":true,"href":"https:\/\/www.laguiadepamplona.com\/actualidad\/wp-json\/wp\/v2\/comments?post=41104"}],"version-history":[{"count":0,"href":"https:\/\/www.laguiadepamplona.com\/actualidad\/wp-json\/wp\/v2\/posts\/41104\/revisions"}],"wp:featuredmedia":[{"embeddable":true,"href":"https:\/\/www.laguiadepamplona.com\/actualidad\/wp-json\/wp\/v2\/media\/41105"}],"wp:attachment":[{"href":"https:\/\/www.laguiadepamplona.com\/actualidad\/wp-json\/wp\/v2\/media?parent=41104"}],"wp:term":[{"taxonomy":"category","embeddable":true,"href":"https:\/\/www.laguiadepamplona.com\/actualidad\/wp-json\/wp\/v2\/categories?post=41104"},{"taxonomy":"post_tag","embeddable":true,"href":"https:\/\/www.laguiadepamplona.com\/actualidad\/wp-json\/wp\/v2\/tags?post=41104"}],"curies":[{"name":"wp","href":"https:\/\/api.w.org\/{rel}","templated":true}]}}