{"id":41094,"date":"2022-06-30T13:15:26","date_gmt":"2022-06-30T11:15:26","guid":{"rendered":"https:\/\/www.laguiadepamplona.com\/actualidad\/?p=41094"},"modified":"2023-04-11T11:47:58","modified_gmt":"2023-04-11T09:47:58","slug":"94-locales-de-hosteleria-de-la-ciudad-se-suman-a-la-campana-del-vaso-verde-reutilizable-del-ayuntamiento-de-pamplona-en-san-fermin","status":"publish","type":"post","link":"https:\/\/www.laguiadepamplona.com\/actualidad\/94-locales-de-hosteleria-de-la-ciudad-se-suman-a-la-campana-del-vaso-verde-reutilizable-del-ayuntamiento-de-pamplona-en-san-fermin\/","title":{"rendered":"94 locales de hosteler\u00eda de la ciudad se suman a la campa\u00f1a del vaso verde reutilizable del Ayuntamiento de Pamplona en San Ferm\u00edn"},"content":{"rendered":"<h5>Para evitar el pl\u00e1stico de un solo uso o el empleo de cristal se han previsto otras iniciativas como \u201ctabernas del agua\u201d o el uso de vasos de Caravinagre<\/h5>\n<p><!--more--><\/p>\n<p>94 locales de hosteler\u00eda de la ciudad se han sumado este a\u00f1o 2022 al sistema de vaso reutilizable municipal. Entre ellos est\u00e1n 13 pe\u00f1as y concesiones municipales como la plaza de los Fueros y la Casas Regionales o el entorno de la plaza de Toros. Contar\u00e1n con el vaso verde reutilizable la calle Aldapa, del Carmen, San Gregorio, San Nicol\u00e1s, San Agust\u00edn, Compa\u00f1\u00eda, San Francisco, Navarrer\u00eda, Calderer\u00eda, la plaza Consistorial y plaza del Castillo.<\/p>\n<p>Durante estos d\u00edas la Fundaci\u00f3n Varazdin, entidad adjudicataria del contrato del sistema log\u00edstico del vaso reutilizable repartir\u00e1 800.000 vasos en los locales participantes. Cada vaso devuelto por la clientela ser\u00e1 limpiado y puesto de nuevo en circulaci\u00f3n de forma que se calcula que el n\u00famero de usos totales superar\u00e1 los dos millones. Esa cifra es tambi\u00e9n la de vasos desechables que no acabar\u00e1n en el suelo, entre la basura de barrido, con destino a vertedero.<br \/>\n<script async src=\"\/\/pagead2.googlesyndication.com\/pagead\/js\/adsbygoogle.js\"><\/script><br \/>\n<!-- Noticias La Guia de Pamplona --><br \/>\n<ins class=\"adsbygoogle\"\nstyle=\"display:block\"\ndata-ad-client=\"ca-pub-6943679897239327\"\ndata-ad-slot=\"7048180777\"\ndata-ad-format=\"auto\"><\/ins><br \/>\n<script>\n(adsbygoogle = window.adsbygoogle || []).push({});\n<\/script><\/p>\n<p>La clientela adquiere el vaso adelantando un euro de fianza junto con la bebida que pida y podr\u00e1 utilizarlo una o tantas veces como desee. Una vez que quiera dejar de hacer uso de ese vaso reutilizable, podr\u00e1 devolverlo en el establecimiento en el que lo adquiri\u00f3 o en cualquier otro que se encuentre adherido al sistema, donde le devolver\u00e1n el euro adelantado. El sistema del vaso reutilizable cuenta con una campa\u00f1a basada en carteles y pegatinas que identificar\u00e1n a los locales participantes. El uso del vaso reutilizable evita el empleo de vasos de un solo uso, desechables, de modo que se asemeja al vaso de cristal, que tras la consumici\u00f3n se higieniza y se vuelve a utilizar.<\/p>\n<p>Adem\u00e1s del vaso verde, en varios espacios o actos municipales como la kalejira de las culturas, el espacio festivo de la plaza de los Fueros o la oferta de actividades JuegoRejuego (Taconera), habr\u00e1 \u201ctabernas del agua\u201d para menores y adolescentes en las que habr\u00e1 disponibles otros vasos reutilizables municipales. En este caso no se cobrar\u00e1 un euro por usarlos, pero se recomienda devolverlos para que vuelvan a entrar en ese sistema. Asimismo, el Consistorio pondr\u00e1 a disposici\u00f3n de los viajeros que accedan desde la estaci\u00f3n de RENFE otro vaso reutilizable, este con la imagen de Caravinagre, que ser\u00e1 tambi\u00e9n el que use Polic\u00eda Municipal para sustituir los que se retiren de cristal en el acceso al Chupinazo.<br \/>\n<script async src=\"\/\/pagead2.googlesyndication.com\/pagead\/js\/adsbygoogle.js\"><\/script><br \/>\n<!-- Noticias La Guia de Pamplona --><br \/>\n<ins class=\"adsbygoogle\"\nstyle=\"display:block\"\ndata-ad-client=\"ca-pub-6943679897239327\"\ndata-ad-slot=\"7048180777\"\ndata-ad-format=\"auto\"><\/ins><br \/>\n<script>\n(adsbygoogle = window.adsbygoogle || []).push({});\n<\/script><\/p>\n<p>El sistema del vaso verde reutilizable en San Fermin, que se ampl\u00eda a lo largo del a\u00f1o a otros espacios festivos de la ciudad, permite la reducci\u00f3n de residuos apostando por una cultura y unas fiestas sin pl\u00e1stico, adem\u00e1s de contribuir a la inserci\u00f3n socio-laboral de personas en situaci\u00f3n de exclusi\u00f3n social y a la econom\u00eda circular y se enmarca en las actuaciones de la estrategia Go Green Pamplona, una planificaci\u00f3n de acciones que apuesta por trabajar en actuaciones contra el cambio clim\u00e1tico.<\/p>\n","protected":false},"excerpt":{"rendered":"<p>Para evitar el pl\u00e1stico de un solo uso o el empleo de cristal se han previsto otras iniciativas como \u201ctabernas del agua\u201d o el uso de vasos de Caravinagre<\/p>\n","protected":false},"author":1,"featured_media":41095,"comment_status":"open","ping_status":"closed","sticky":false,"template":"","format":"standard","meta":{"footnotes":""},"categories":[2],"tags":[],"class_list":["post-41094","post","type-post","status-publish","format-standard","has-post-thumbnail","hentry","category-ayuntamiento-pamplona"],"yoast_head":"<!-- This site is optimized with the Yoast SEO plugin v27.3 - https:\/\/yoast.com\/product\/yoast-seo-wordpress\/ -->\n<title>94 locales de hosteler\u00eda de la ciudad se suman a la campa\u00f1a del vaso verde reutilizable del Ayuntamiento de Pamplona en San Ferm\u00edn<\/title>\n<meta name=\"description\" content=\"Para evitar el pl\u00e1stico de un solo uso o el empleo de cristal se han previsto otras iniciativas como \u201ctabernas del agua\u201d o el uso de vasos de Caravinagre\" \/>\n<meta name=\"robots\" content=\"index, follow, max-snippet:-1, max-image-preview:large, max-video-preview:-1\" \/>\n<link rel=\"canonical\" href=\"https:\/\/www.laguiadepamplona.com\/actualidad\/94-locales-de-hosteleria-de-la-ciudad-se-suman-a-la-campana-del-vaso-verde-reutilizable-del-ayuntamiento-de-pamplona-en-san-fermin\/\" \/>\n<meta property=\"og:locale\" content=\"es_ES\" \/>\n<meta property=\"og:type\" content=\"article\" \/>\n<meta property=\"og:title\" content=\"94 locales de hosteler\u00eda de la ciudad se suman a la campa\u00f1a del vaso verde reutilizable del Ayuntamiento de Pamplona en San Ferm\u00edn\" \/>\n<meta property=\"og:description\" content=\"Para evitar el pl\u00e1stico de un solo uso o el empleo de cristal se han previsto otras iniciativas como \u201ctabernas del agua\u201d o el uso de vasos de Caravinagre\" \/>\n<meta property=\"og:url\" content=\"https:\/\/www.laguiadepamplona.com\/actualidad\/94-locales-de-hosteleria-de-la-ciudad-se-suman-a-la-campana-del-vaso-verde-reutilizable-del-ayuntamiento-de-pamplona-en-san-fermin\/\" \/>\n<meta property=\"og:site_name\" content=\"La Gu\u00eda de Pamplona\" \/>\n<meta property=\"article:publisher\" content=\"https:\/\/www.facebook.com\/laguiadepamplonacom-133175176762273\/?ref=hl\" \/>\n<meta property=\"article:published_time\" content=\"2022-06-30T11:15:26+00:00\" \/>\n<meta property=\"article:modified_time\" content=\"2023-04-11T09:47:58+00:00\" \/>\n<meta property=\"og:image\" content=\"https:\/\/www.laguiadepamplona.com\/actualidad\/wp-content\/uploads\/2022\/06\/vaso-verde-san-fermin.webp\" \/>\n\t<meta property=\"og:image:width\" content=\"1921\" \/>\n\t<meta property=\"og:image:height\" content=\"1081\" \/>\n\t<meta property=\"og:image:type\" content=\"image\/webp\" \/>\n<meta name=\"author\" content=\"La Gu\u00eda de Pamplona\" \/>\n<meta name=\"twitter:card\" content=\"summary_large_image\" \/>\n<meta name=\"twitter:creator\" content=\"@LaGuiadPamplona\" \/>\n<meta name=\"twitter:site\" content=\"@LaGuiadPamplona\" \/>\n<meta name=\"twitter:label1\" content=\"Escrito por\" \/>\n\t<meta name=\"twitter:data1\" content=\"La Gu\u00eda de Pamplona\" \/>\n\t<meta name=\"twitter:label2\" content=\"Tiempo de lectura\" \/>\n\t<meta name=\"twitter:data2\" content=\"3 minutos\" \/>\n<script type=\"application\/ld+json\" class=\"yoast-schema-graph\">{\"@context\":\"https:\\\/\\\/schema.org\",\"@graph\":[{\"@type\":\"Article\",\"@id\":\"https:\\\/\\\/www.laguiadepamplona.com\\\/actualidad\\\/94-locales-de-hosteleria-de-la-ciudad-se-suman-a-la-campana-del-vaso-verde-reutilizable-del-ayuntamiento-de-pamplona-en-san-fermin\\\/#article\",\"isPartOf\":{\"@id\":\"https:\\\/\\\/www.laguiadepamplona.com\\\/actualidad\\\/94-locales-de-hosteleria-de-la-ciudad-se-suman-a-la-campana-del-vaso-verde-reutilizable-del-ayuntamiento-de-pamplona-en-san-fermin\\\/\"},\"author\":{\"name\":\"La Gu\u00eda de Pamplona\",\"@id\":\"https:\\\/\\\/www.laguiadepamplona.com\\\/actualidad\\\/#\\\/schema\\\/person\\\/efe887376f0213d4657c93adc50b1fdb\"},\"headline\":\"94 locales de hosteler\u00eda de la ciudad se suman a la campa\u00f1a del vaso verde reutilizable del Ayuntamiento de Pamplona en San Ferm\u00edn\",\"datePublished\":\"2022-06-30T11:15:26+00:00\",\"dateModified\":\"2023-04-11T09:47:58+00:00\",\"mainEntityOfPage\":{\"@id\":\"https:\\\/\\\/www.laguiadepamplona.com\\\/actualidad\\\/94-locales-de-hosteleria-de-la-ciudad-se-suman-a-la-campana-del-vaso-verde-reutilizable-del-ayuntamiento-de-pamplona-en-san-fermin\\\/\"},\"wordCount\":555,\"commentCount\":0,\"publisher\":{\"@id\":\"https:\\\/\\\/www.laguiadepamplona.com\\\/actualidad\\\/#organization\"},\"image\":{\"@id\":\"https:\\\/\\\/www.laguiadepamplona.com\\\/actualidad\\\/94-locales-de-hosteleria-de-la-ciudad-se-suman-a-la-campana-del-vaso-verde-reutilizable-del-ayuntamiento-de-pamplona-en-san-fermin\\\/#primaryimage\"},\"thumbnailUrl\":\"https:\\\/\\\/www.laguiadepamplona.com\\\/actualidad\\\/wp-content\\\/uploads\\\/2022\\\/06\\\/vaso-verde-san-fermin.webp\",\"articleSection\":[\"Ayto Pamplona\"],\"inLanguage\":\"es\",\"potentialAction\":[{\"@type\":\"CommentAction\",\"name\":\"Comment\",\"target\":[\"https:\\\/\\\/www.laguiadepamplona.com\\\/actualidad\\\/94-locales-de-hosteleria-de-la-ciudad-se-suman-a-la-campana-del-vaso-verde-reutilizable-del-ayuntamiento-de-pamplona-en-san-fermin\\\/#respond\"]}]},{\"@type\":\"WebPage\",\"@id\":\"https:\\\/\\\/www.laguiadepamplona.com\\\/actualidad\\\/94-locales-de-hosteleria-de-la-ciudad-se-suman-a-la-campana-del-vaso-verde-reutilizable-del-ayuntamiento-de-pamplona-en-san-fermin\\\/\",\"url\":\"https:\\\/\\\/www.laguiadepamplona.com\\\/actualidad\\\/94-locales-de-hosteleria-de-la-ciudad-se-suman-a-la-campana-del-vaso-verde-reutilizable-del-ayuntamiento-de-pamplona-en-san-fermin\\\/\",\"name\":\"94 locales de hosteler\u00eda de la ciudad se suman a la campa\u00f1a del vaso verde reutilizable del Ayuntamiento de Pamplona en San Ferm\u00edn\",\"isPartOf\":{\"@id\":\"https:\\\/\\\/www.laguiadepamplona.com\\\/actualidad\\\/#website\"},\"primaryImageOfPage\":{\"@id\":\"https:\\\/\\\/www.laguiadepamplona.com\\\/actualidad\\\/94-locales-de-hosteleria-de-la-ciudad-se-suman-a-la-campana-del-vaso-verde-reutilizable-del-ayuntamiento-de-pamplona-en-san-fermin\\\/#primaryimage\"},\"image\":{\"@id\":\"https:\\\/\\\/www.laguiadepamplona.com\\\/actualidad\\\/94-locales-de-hosteleria-de-la-ciudad-se-suman-a-la-campana-del-vaso-verde-reutilizable-del-ayuntamiento-de-pamplona-en-san-fermin\\\/#primaryimage\"},\"thumbnailUrl\":\"https:\\\/\\\/www.laguiadepamplona.com\\\/actualidad\\\/wp-content\\\/uploads\\\/2022\\\/06\\\/vaso-verde-san-fermin.webp\",\"datePublished\":\"2022-06-30T11:15:26+00:00\",\"dateModified\":\"2023-04-11T09:47:58+00:00\",\"description\":\"Para evitar el pl\u00e1stico de un solo uso o el empleo de cristal se han previsto otras iniciativas como \u201ctabernas del agua\u201d o el uso de vasos de Caravinagre\",\"breadcrumb\":{\"@id\":\"https:\\\/\\\/www.laguiadepamplona.com\\\/actualidad\\\/94-locales-de-hosteleria-de-la-ciudad-se-suman-a-la-campana-del-vaso-verde-reutilizable-del-ayuntamiento-de-pamplona-en-san-fermin\\\/#breadcrumb\"},\"inLanguage\":\"es\",\"potentialAction\":[{\"@type\":\"ReadAction\",\"target\":[\"https:\\\/\\\/www.laguiadepamplona.com\\\/actualidad\\\/94-locales-de-hosteleria-de-la-ciudad-se-suman-a-la-campana-del-vaso-verde-reutilizable-del-ayuntamiento-de-pamplona-en-san-fermin\\\/\"]}]},{\"@type\":\"ImageObject\",\"inLanguage\":\"es\",\"@id\":\"https:\\\/\\\/www.laguiadepamplona.com\\\/actualidad\\\/94-locales-de-hosteleria-de-la-ciudad-se-suman-a-la-campana-del-vaso-verde-reutilizable-del-ayuntamiento-de-pamplona-en-san-fermin\\\/#primaryimage\",\"url\":\"https:\\\/\\\/www.laguiadepamplona.com\\\/actualidad\\\/wp-content\\\/uploads\\\/2022\\\/06\\\/vaso-verde-san-fermin.webp\",\"contentUrl\":\"https:\\\/\\\/www.laguiadepamplona.com\\\/actualidad\\\/wp-content\\\/uploads\\\/2022\\\/06\\\/vaso-verde-san-fermin.webp\",\"width\":1921,\"height\":1081},{\"@type\":\"BreadcrumbList\",\"@id\":\"https:\\\/\\\/www.laguiadepamplona.com\\\/actualidad\\\/94-locales-de-hosteleria-de-la-ciudad-se-suman-a-la-campana-del-vaso-verde-reutilizable-del-ayuntamiento-de-pamplona-en-san-fermin\\\/#breadcrumb\",\"itemListElement\":[{\"@type\":\"ListItem\",\"position\":1,\"name\":\"Portada\",\"item\":\"https:\\\/\\\/www.laguiadepamplona.com\\\/actualidad\\\/\"},{\"@type\":\"ListItem\",\"position\":2,\"name\":\"94 locales de hosteler\u00eda de la ciudad se suman a la campa\u00f1a del vaso verde reutilizable del Ayuntamiento de Pamplona en San Ferm\u00edn\"}]},{\"@type\":\"WebSite\",\"@id\":\"https:\\\/\\\/www.laguiadepamplona.com\\\/actualidad\\\/#website\",\"url\":\"https:\\\/\\\/www.laguiadepamplona.com\\\/actualidad\\\/\",\"name\":\"La gu\u00eda de Pamplona\",\"description\":\"Noticias de Pamplona\",\"publisher\":{\"@id\":\"https:\\\/\\\/www.laguiadepamplona.com\\\/actualidad\\\/#organization\"},\"potentialAction\":[{\"@type\":\"SearchAction\",\"target\":{\"@type\":\"EntryPoint\",\"urlTemplate\":\"https:\\\/\\\/www.laguiadepamplona.com\\\/actualidad\\\/?s={search_term_string}\"},\"query-input\":{\"@type\":\"PropertyValueSpecification\",\"valueRequired\":true,\"valueName\":\"search_term_string\"}}],\"inLanguage\":\"es\"},{\"@type\":\"Organization\",\"@id\":\"https:\\\/\\\/www.laguiadepamplona.com\\\/actualidad\\\/#organization\",\"name\":\"La Gu\u00eda de Pamplona \\\/ Noticias\",\"url\":\"https:\\\/\\\/www.laguiadepamplona.com\\\/actualidad\\\/\",\"logo\":{\"@type\":\"ImageObject\",\"inLanguage\":\"es\",\"@id\":\"https:\\\/\\\/www.laguiadepamplona.com\\\/actualidad\\\/#\\\/schema\\\/logo\\\/image\\\/\",\"url\":\"https:\\\/\\\/www.laguiadepamplona.com\\\/actualidad\\\/wp-content\\\/uploads\\\/2018\\\/11\\\/logo-laguiadepamplona18-web1.png\",\"contentUrl\":\"https:\\\/\\\/www.laguiadepamplona.com\\\/actualidad\\\/wp-content\\\/uploads\\\/2018\\\/11\\\/logo-laguiadepamplona18-web1.png\",\"width\":600,\"height\":196,\"caption\":\"La Gu\u00eda de Pamplona \\\/ Noticias\"},\"image\":{\"@id\":\"https:\\\/\\\/www.laguiadepamplona.com\\\/actualidad\\\/#\\\/schema\\\/logo\\\/image\\\/\"},\"sameAs\":[\"https:\\\/\\\/www.facebook.com\\\/laguiadepamplonacom-133175176762273\\\/?ref=hl\",\"https:\\\/\\\/x.com\\\/LaGuiadPamplona\",\"https:\\\/\\\/www.instagram.com\\\/la_guia_de_pamplona\\\/\",\"https:\\\/\\\/www.youtube.com\\\/user\\\/laguiadepamplona\"]},{\"@type\":\"Person\",\"@id\":\"https:\\\/\\\/www.laguiadepamplona.com\\\/actualidad\\\/#\\\/schema\\\/person\\\/efe887376f0213d4657c93adc50b1fdb\",\"name\":\"La Gu\u00eda de Pamplona\",\"image\":{\"@type\":\"ImageObject\",\"inLanguage\":\"es\",\"@id\":\"https:\\\/\\\/secure.gravatar.com\\\/avatar\\\/b6992f131dc8d30ab0dff15446e9d346d9dbd95992de0fef795073f5ea83a81c?s=96&d=mm&r=g\",\"url\":\"https:\\\/\\\/secure.gravatar.com\\\/avatar\\\/b6992f131dc8d30ab0dff15446e9d346d9dbd95992de0fef795073f5ea83a81c?s=96&d=mm&r=g\",\"contentUrl\":\"https:\\\/\\\/secure.gravatar.com\\\/avatar\\\/b6992f131dc8d30ab0dff15446e9d346d9dbd95992de0fef795073f5ea83a81c?s=96&d=mm&r=g\",\"caption\":\"La Gu\u00eda de Pamplona\"}}]}<\/script>\n<!-- \/ Yoast SEO plugin. -->","yoast_head_json":{"title":"94 locales de hosteler\u00eda de la ciudad se suman a la campa\u00f1a del vaso verde reutilizable del Ayuntamiento de Pamplona en San Ferm\u00edn","description":"Para evitar el pl\u00e1stico de un solo uso o el empleo de cristal se han previsto otras iniciativas como \u201ctabernas del agua\u201d o el uso de vasos de Caravinagre","robots":{"index":"index","follow":"follow","max-snippet":"max-snippet:-1","max-image-preview":"max-image-preview:large","max-video-preview":"max-video-preview:-1"},"canonical":"https:\/\/www.laguiadepamplona.com\/actualidad\/94-locales-de-hosteleria-de-la-ciudad-se-suman-a-la-campana-del-vaso-verde-reutilizable-del-ayuntamiento-de-pamplona-en-san-fermin\/","og_locale":"es_ES","og_type":"article","og_title":"94 locales de hosteler\u00eda de la ciudad se suman a la campa\u00f1a del vaso verde reutilizable del Ayuntamiento de Pamplona en San Ferm\u00edn","og_description":"Para evitar el pl\u00e1stico de un solo uso o el empleo de cristal se han previsto otras iniciativas como \u201ctabernas del agua\u201d o el uso de vasos de Caravinagre","og_url":"https:\/\/www.laguiadepamplona.com\/actualidad\/94-locales-de-hosteleria-de-la-ciudad-se-suman-a-la-campana-del-vaso-verde-reutilizable-del-ayuntamiento-de-pamplona-en-san-fermin\/","og_site_name":"La Gu\u00eda de Pamplona","article_publisher":"https:\/\/www.facebook.com\/laguiadepamplonacom-133175176762273\/?ref=hl","article_published_time":"2022-06-30T11:15:26+00:00","article_modified_time":"2023-04-11T09:47:58+00:00","og_image":[{"width":1921,"height":1081,"url":"https:\/\/www.laguiadepamplona.com\/actualidad\/wp-content\/uploads\/2022\/06\/vaso-verde-san-fermin.webp","type":"image\/webp"}],"author":"La Gu\u00eda de Pamplona","twitter_card":"summary_large_image","twitter_creator":"@LaGuiadPamplona","twitter_site":"@LaGuiadPamplona","twitter_misc":{"Escrito por":"La Gu\u00eda de Pamplona","Tiempo de lectura":"3 minutos"},"schema":{"@context":"https:\/\/schema.org","@graph":[{"@type":"Article","@id":"https:\/\/www.laguiadepamplona.com\/actualidad\/94-locales-de-hosteleria-de-la-ciudad-se-suman-a-la-campana-del-vaso-verde-reutilizable-del-ayuntamiento-de-pamplona-en-san-fermin\/#article","isPartOf":{"@id":"https:\/\/www.laguiadepamplona.com\/actualidad\/94-locales-de-hosteleria-de-la-ciudad-se-suman-a-la-campana-del-vaso-verde-reutilizable-del-ayuntamiento-de-pamplona-en-san-fermin\/"},"author":{"name":"La Gu\u00eda de Pamplona","@id":"https:\/\/www.laguiadepamplona.com\/actualidad\/#\/schema\/person\/efe887376f0213d4657c93adc50b1fdb"},"headline":"94 locales de hosteler\u00eda de la ciudad se suman a la campa\u00f1a del vaso verde reutilizable del Ayuntamiento de Pamplona en San Ferm\u00edn","datePublished":"2022-06-30T11:15:26+00:00","dateModified":"2023-04-11T09:47:58+00:00","mainEntityOfPage":{"@id":"https:\/\/www.laguiadepamplona.com\/actualidad\/94-locales-de-hosteleria-de-la-ciudad-se-suman-a-la-campana-del-vaso-verde-reutilizable-del-ayuntamiento-de-pamplona-en-san-fermin\/"},"wordCount":555,"commentCount":0,"publisher":{"@id":"https:\/\/www.laguiadepamplona.com\/actualidad\/#organization"},"image":{"@id":"https:\/\/www.laguiadepamplona.com\/actualidad\/94-locales-de-hosteleria-de-la-ciudad-se-suman-a-la-campana-del-vaso-verde-reutilizable-del-ayuntamiento-de-pamplona-en-san-fermin\/#primaryimage"},"thumbnailUrl":"https:\/\/www.laguiadepamplona.com\/actualidad\/wp-content\/uploads\/2022\/06\/vaso-verde-san-fermin.webp","articleSection":["Ayto Pamplona"],"inLanguage":"es","potentialAction":[{"@type":"CommentAction","name":"Comment","target":["https:\/\/www.laguiadepamplona.com\/actualidad\/94-locales-de-hosteleria-de-la-ciudad-se-suman-a-la-campana-del-vaso-verde-reutilizable-del-ayuntamiento-de-pamplona-en-san-fermin\/#respond"]}]},{"@type":"WebPage","@id":"https:\/\/www.laguiadepamplona.com\/actualidad\/94-locales-de-hosteleria-de-la-ciudad-se-suman-a-la-campana-del-vaso-verde-reutilizable-del-ayuntamiento-de-pamplona-en-san-fermin\/","url":"https:\/\/www.laguiadepamplona.com\/actualidad\/94-locales-de-hosteleria-de-la-ciudad-se-suman-a-la-campana-del-vaso-verde-reutilizable-del-ayuntamiento-de-pamplona-en-san-fermin\/","name":"94 locales de hosteler\u00eda de la ciudad se suman a la campa\u00f1a del vaso verde reutilizable del Ayuntamiento de Pamplona en San Ferm\u00edn","isPartOf":{"@id":"https:\/\/www.laguiadepamplona.com\/actualidad\/#website"},"primaryImageOfPage":{"@id":"https:\/\/www.laguiadepamplona.com\/actualidad\/94-locales-de-hosteleria-de-la-ciudad-se-suman-a-la-campana-del-vaso-verde-reutilizable-del-ayuntamiento-de-pamplona-en-san-fermin\/#primaryimage"},"image":{"@id":"https:\/\/www.laguiadepamplona.com\/actualidad\/94-locales-de-hosteleria-de-la-ciudad-se-suman-a-la-campana-del-vaso-verde-reutilizable-del-ayuntamiento-de-pamplona-en-san-fermin\/#primaryimage"},"thumbnailUrl":"https:\/\/www.laguiadepamplona.com\/actualidad\/wp-content\/uploads\/2022\/06\/vaso-verde-san-fermin.webp","datePublished":"2022-06-30T11:15:26+00:00","dateModified":"2023-04-11T09:47:58+00:00","description":"Para evitar el pl\u00e1stico de un solo uso o el empleo de cristal se han previsto otras iniciativas como \u201ctabernas del agua\u201d o el uso de vasos de Caravinagre","breadcrumb":{"@id":"https:\/\/www.laguiadepamplona.com\/actualidad\/94-locales-de-hosteleria-de-la-ciudad-se-suman-a-la-campana-del-vaso-verde-reutilizable-del-ayuntamiento-de-pamplona-en-san-fermin\/#breadcrumb"},"inLanguage":"es","potentialAction":[{"@type":"ReadAction","target":["https:\/\/www.laguiadepamplona.com\/actualidad\/94-locales-de-hosteleria-de-la-ciudad-se-suman-a-la-campana-del-vaso-verde-reutilizable-del-ayuntamiento-de-pamplona-en-san-fermin\/"]}]},{"@type":"ImageObject","inLanguage":"es","@id":"https:\/\/www.laguiadepamplona.com\/actualidad\/94-locales-de-hosteleria-de-la-ciudad-se-suman-a-la-campana-del-vaso-verde-reutilizable-del-ayuntamiento-de-pamplona-en-san-fermin\/#primaryimage","url":"https:\/\/www.laguiadepamplona.com\/actualidad\/wp-content\/uploads\/2022\/06\/vaso-verde-san-fermin.webp","contentUrl":"https:\/\/www.laguiadepamplona.com\/actualidad\/wp-content\/uploads\/2022\/06\/vaso-verde-san-fermin.webp","width":1921,"height":1081},{"@type":"BreadcrumbList","@id":"https:\/\/www.laguiadepamplona.com\/actualidad\/94-locales-de-hosteleria-de-la-ciudad-se-suman-a-la-campana-del-vaso-verde-reutilizable-del-ayuntamiento-de-pamplona-en-san-fermin\/#breadcrumb","itemListElement":[{"@type":"ListItem","position":1,"name":"Portada","item":"https:\/\/www.laguiadepamplona.com\/actualidad\/"},{"@type":"ListItem","position":2,"name":"94 locales de hosteler\u00eda de la ciudad se suman a la campa\u00f1a del vaso verde reutilizable del Ayuntamiento de Pamplona en San Ferm\u00edn"}]},{"@type":"WebSite","@id":"https:\/\/www.laguiadepamplona.com\/actualidad\/#website","url":"https:\/\/www.laguiadepamplona.com\/actualidad\/","name":"La gu\u00eda de Pamplona","description":"Noticias de Pamplona","publisher":{"@id":"https:\/\/www.laguiadepamplona.com\/actualidad\/#organization"},"potentialAction":[{"@type":"SearchAction","target":{"@type":"EntryPoint","urlTemplate":"https:\/\/www.laguiadepamplona.com\/actualidad\/?s={search_term_string}"},"query-input":{"@type":"PropertyValueSpecification","valueRequired":true,"valueName":"search_term_string"}}],"inLanguage":"es"},{"@type":"Organization","@id":"https:\/\/www.laguiadepamplona.com\/actualidad\/#organization","name":"La Gu\u00eda de Pamplona \/ Noticias","url":"https:\/\/www.laguiadepamplona.com\/actualidad\/","logo":{"@type":"ImageObject","inLanguage":"es","@id":"https:\/\/www.laguiadepamplona.com\/actualidad\/#\/schema\/logo\/image\/","url":"https:\/\/www.laguiadepamplona.com\/actualidad\/wp-content\/uploads\/2018\/11\/logo-laguiadepamplona18-web1.png","contentUrl":"https:\/\/www.laguiadepamplona.com\/actualidad\/wp-content\/uploads\/2018\/11\/logo-laguiadepamplona18-web1.png","width":600,"height":196,"caption":"La Gu\u00eda de Pamplona \/ Noticias"},"image":{"@id":"https:\/\/www.laguiadepamplona.com\/actualidad\/#\/schema\/logo\/image\/"},"sameAs":["https:\/\/www.facebook.com\/laguiadepamplonacom-133175176762273\/?ref=hl","https:\/\/x.com\/LaGuiadPamplona","https:\/\/www.instagram.com\/la_guia_de_pamplona\/","https:\/\/www.youtube.com\/user\/laguiadepamplona"]},{"@type":"Person","@id":"https:\/\/www.laguiadepamplona.com\/actualidad\/#\/schema\/person\/efe887376f0213d4657c93adc50b1fdb","name":"La Gu\u00eda de Pamplona","image":{"@type":"ImageObject","inLanguage":"es","@id":"https:\/\/secure.gravatar.com\/avatar\/b6992f131dc8d30ab0dff15446e9d346d9dbd95992de0fef795073f5ea83a81c?s=96&d=mm&r=g","url":"https:\/\/secure.gravatar.com\/avatar\/b6992f131dc8d30ab0dff15446e9d346d9dbd95992de0fef795073f5ea83a81c?s=96&d=mm&r=g","contentUrl":"https:\/\/secure.gravatar.com\/avatar\/b6992f131dc8d30ab0dff15446e9d346d9dbd95992de0fef795073f5ea83a81c?s=96&d=mm&r=g","caption":"La Gu\u00eda de Pamplona"}}]}},"post_mailing_queue_ids":[],"_links":{"self":[{"href":"https:\/\/www.laguiadepamplona.com\/actualidad\/wp-json\/wp\/v2\/posts\/41094","targetHints":{"allow":["GET"]}}],"collection":[{"href":"https:\/\/www.laguiadepamplona.com\/actualidad\/wp-json\/wp\/v2\/posts"}],"about":[{"href":"https:\/\/www.laguiadepamplona.com\/actualidad\/wp-json\/wp\/v2\/types\/post"}],"author":[{"embeddable":true,"href":"https:\/\/www.laguiadepamplona.com\/actualidad\/wp-json\/wp\/v2\/users\/1"}],"replies":[{"embeddable":true,"href":"https:\/\/www.laguiadepamplona.com\/actualidad\/wp-json\/wp\/v2\/comments?post=41094"}],"version-history":[{"count":0,"href":"https:\/\/www.laguiadepamplona.com\/actualidad\/wp-json\/wp\/v2\/posts\/41094\/revisions"}],"wp:featuredmedia":[{"embeddable":true,"href":"https:\/\/www.laguiadepamplona.com\/actualidad\/wp-json\/wp\/v2\/media\/41095"}],"wp:attachment":[{"href":"https:\/\/www.laguiadepamplona.com\/actualidad\/wp-json\/wp\/v2\/media?parent=41094"}],"wp:term":[{"taxonomy":"category","embeddable":true,"href":"https:\/\/www.laguiadepamplona.com\/actualidad\/wp-json\/wp\/v2\/categories?post=41094"},{"taxonomy":"post_tag","embeddable":true,"href":"https:\/\/www.laguiadepamplona.com\/actualidad\/wp-json\/wp\/v2\/tags?post=41094"}],"curies":[{"name":"wp","href":"https:\/\/api.w.org\/{rel}","templated":true}]}}