{"id":41092,"date":"2022-06-30T13:13:29","date_gmt":"2022-06-30T11:13:29","guid":{"rendered":"https:\/\/www.laguiadepamplona.com\/actualidad\/?p=41092"},"modified":"2023-04-11T11:47:58","modified_gmt":"2023-04-11T09:47:58","slug":"la-pamplonesa-recupera-este-sabado-el-tradicional-concierto-presanferminero-tras-dos-anos-suspendido-por-la-pandemia-de-la-covid-19","status":"publish","type":"post","link":"https:\/\/www.laguiadepamplona.com\/actualidad\/la-pamplonesa-recupera-este-sabado-el-tradicional-concierto-presanferminero-tras-dos-anos-suspendido-por-la-pandemia-de-la-covid-19\/","title":{"rendered":"La Pamplonesa recupera este s\u00e1bado el tradicional concierto presanferminero tras dos a\u00f1os suspendido por la pandemia de la COVID-19"},"content":{"rendered":"<h5>La banda sonora de las fiestas volver\u00e1 a sonar en la Plaza Consistorial, con la participaci\u00f3n tambi\u00e9n de las bandas de Gaiteros y Txistularis de Pamplona<\/h5>\n<p><!--more--><\/p>\n<p>La m\u00fasica sanferminera sonar\u00e1 unos d\u00edas antes del comienzo de las fiestas en la Plaza Consistorial. La banda municipal de m\u00fasica La Pamplonesa protagonizar\u00e1 este s\u00e1bado el tradicional concierto presanferminero, donde se podr\u00e1 escuchar la banda sonora de las fiestas. Este concierto vuelve tras dos a\u00f1os suspendido debido a la pandemia y como aperitivo de lo que vendr\u00e1 d\u00edas despu\u00e9s. La actuaci\u00f3n comenzar\u00e1 a las 20 horas, con entrada libre.<br \/>\n<script async src=\"\/\/pagead2.googlesyndication.com\/pagead\/js\/adsbygoogle.js\"><\/script><br \/>\n<!-- Noticias La Guia de Pamplona --><br \/>\n<ins class=\"adsbygoogle\"\nstyle=\"display:block\"\ndata-ad-client=\"ca-pub-6943679897239327\"\ndata-ad-slot=\"7048180777\"\ndata-ad-format=\"auto\"><\/ins><br \/>\n<script>\n(adsbygoogle = window.adsbygoogle || []).push({});\n<\/script><\/p>\n<p>La Pamplonesa cuenta para este concierto con la colaboraci\u00f3n de la Banda de Txistularis del Ayuntamiento de Pamplona y la Banda de Gaiteros del Ayuntamiento de Pamplona, con las que interpretar\u00e1 diferentes piezas, entre ellas, una versi\u00f3n del himno de Osasuna adaptada para la ocasi\u00f3n. No faltar\u00e1n tampoco la \u2018Biribilketa\u2019 de Ga\u00ednza, el \u2018Vals de los Gigantes\u2019 de Turrillas o la \u2018Polonesa\u2019.<\/p>\n<p>El concierto realiza un recorrido por la fiesta con pasacalles, pasodobles y jotas, m\u00fasica popular y tradicional que conforma la esencia de los Sanfermines. La Pamplonesa comenzar\u00e1 con \u2018\u00a1\u00c1nimo pues!\u2019 y continuar\u00e1 con \u2018Clar\u00edn de fiestas\u2019 de Turrillas y \u2018Las siete calles\u2019. El pasodoble \u2018El asombro de Damasco\u2019 de P. Luna y la marcha \u2018Mochol\u00ed\u2019 de D. Vela pondr\u00e1n el punto nost\u00e1lgico y de recuerdo de pasados Sanfermines y \u2018Pamplona Feria del Toro\u2019 y \u2018Pamplona y sus pe\u00f1as\u2019, el punto taurino y festivo. Tras la aparici\u00f3n de los gaiteros y txistularis y sus piezas conjuntas, el concierto ir\u00e1 finalizando con la jota \u2018La Pilindros\u2019 de S. Cervantes, las dianas y la jota \u2018La Dominguera\u2019, tambi\u00e9n de S. Cervantes, que cerrar\u00e1 el concierto.<\/p>\n","protected":false},"excerpt":{"rendered":"<p>La banda sonora de las fiestas volver\u00e1 a sonar en la Plaza Consistorial, con la participaci\u00f3n tambi\u00e9n de las bandas de Gaiteros y Txistularis de Pamplona<\/p>\n","protected":false},"author":1,"featured_media":40731,"comment_status":"open","ping_status":"closed","sticky":false,"template":"","format":"standard","meta":{"footnotes":""},"categories":[2],"tags":[],"class_list":["post-41092","post","type-post","status-publish","format-standard","has-post-thumbnail","hentry","category-ayuntamiento-pamplona"],"yoast_head":"<!-- This site is optimized with the Yoast SEO plugin v27.3 - https:\/\/yoast.com\/product\/yoast-seo-wordpress\/ -->\n<title>La Pamplonesa recupera este s\u00e1bado el tradicional concierto presanferminero tras dos a\u00f1os suspendido por la pandemia de la COVID-19<\/title>\n<meta name=\"description\" content=\"La banda sonora de las fiestas volver\u00e1 a sonar en la Plaza Consistorial, con la participaci\u00f3n tambi\u00e9n de las bandas de Gaiteros y Txistularis de Pamplona\" \/>\n<meta name=\"robots\" content=\"index, follow, max-snippet:-1, max-image-preview:large, max-video-preview:-1\" \/>\n<link rel=\"canonical\" href=\"https:\/\/www.laguiadepamplona.com\/actualidad\/la-pamplonesa-recupera-este-sabado-el-tradicional-concierto-presanferminero-tras-dos-anos-suspendido-por-la-pandemia-de-la-covid-19\/\" \/>\n<meta property=\"og:locale\" content=\"es_ES\" \/>\n<meta property=\"og:type\" content=\"article\" \/>\n<meta property=\"og:title\" content=\"La Pamplonesa recupera este s\u00e1bado el tradicional concierto presanferminero tras dos a\u00f1os suspendido por la pandemia de la COVID-19\" \/>\n<meta property=\"og:description\" content=\"La banda sonora de las fiestas volver\u00e1 a sonar en la Plaza Consistorial, con la participaci\u00f3n tambi\u00e9n de las bandas de Gaiteros y Txistularis de Pamplona\" \/>\n<meta property=\"og:url\" content=\"https:\/\/www.laguiadepamplona.com\/actualidad\/la-pamplonesa-recupera-este-sabado-el-tradicional-concierto-presanferminero-tras-dos-anos-suspendido-por-la-pandemia-de-la-covid-19\/\" \/>\n<meta property=\"og:site_name\" content=\"La Gu\u00eda de Pamplona\" \/>\n<meta property=\"article:publisher\" content=\"https:\/\/www.facebook.com\/laguiadepamplonacom-133175176762273\/?ref=hl\" \/>\n<meta property=\"article:published_time\" content=\"2022-06-30T11:13:29+00:00\" \/>\n<meta property=\"article:modified_time\" content=\"2023-04-11T09:47:58+00:00\" \/>\n<meta property=\"og:image\" content=\"https:\/\/www.laguiadepamplona.com\/actualidad\/wp-content\/uploads\/2022\/06\/concierto_pamplonesa_plaza_consistorial.webp\" \/>\n\t<meta property=\"og:image:width\" content=\"1920\" \/>\n\t<meta property=\"og:image:height\" content=\"1260\" \/>\n\t<meta property=\"og:image:type\" content=\"image\/webp\" \/>\n<meta name=\"author\" content=\"La Gu\u00eda de Pamplona\" \/>\n<meta name=\"twitter:card\" content=\"summary_large_image\" \/>\n<meta name=\"twitter:creator\" content=\"@LaGuiadPamplona\" \/>\n<meta name=\"twitter:site\" content=\"@LaGuiadPamplona\" \/>\n<meta name=\"twitter:label1\" content=\"Escrito por\" \/>\n\t<meta name=\"twitter:data1\" content=\"La Gu\u00eda de Pamplona\" \/>\n\t<meta name=\"twitter:label2\" content=\"Tiempo de lectura\" \/>\n\t<meta name=\"twitter:data2\" content=\"2 minutos\" \/>\n<script type=\"application\/ld+json\" class=\"yoast-schema-graph\">{\"@context\":\"https:\\\/\\\/schema.org\",\"@graph\":[{\"@type\":\"Article\",\"@id\":\"https:\\\/\\\/www.laguiadepamplona.com\\\/actualidad\\\/la-pamplonesa-recupera-este-sabado-el-tradicional-concierto-presanferminero-tras-dos-anos-suspendido-por-la-pandemia-de-la-covid-19\\\/#article\",\"isPartOf\":{\"@id\":\"https:\\\/\\\/www.laguiadepamplona.com\\\/actualidad\\\/la-pamplonesa-recupera-este-sabado-el-tradicional-concierto-presanferminero-tras-dos-anos-suspendido-por-la-pandemia-de-la-covid-19\\\/\"},\"author\":{\"name\":\"La Gu\u00eda de Pamplona\",\"@id\":\"https:\\\/\\\/www.laguiadepamplona.com\\\/actualidad\\\/#\\\/schema\\\/person\\\/efe887376f0213d4657c93adc50b1fdb\"},\"headline\":\"La Pamplonesa recupera este s\u00e1bado el tradicional concierto presanferminero tras dos a\u00f1os suspendido por la pandemia de la COVID-19\",\"datePublished\":\"2022-06-30T11:13:29+00:00\",\"dateModified\":\"2023-04-11T09:47:58+00:00\",\"mainEntityOfPage\":{\"@id\":\"https:\\\/\\\/www.laguiadepamplona.com\\\/actualidad\\\/la-pamplonesa-recupera-este-sabado-el-tradicional-concierto-presanferminero-tras-dos-anos-suspendido-por-la-pandemia-de-la-covid-19\\\/\"},\"wordCount\":322,\"commentCount\":0,\"publisher\":{\"@id\":\"https:\\\/\\\/www.laguiadepamplona.com\\\/actualidad\\\/#organization\"},\"image\":{\"@id\":\"https:\\\/\\\/www.laguiadepamplona.com\\\/actualidad\\\/la-pamplonesa-recupera-este-sabado-el-tradicional-concierto-presanferminero-tras-dos-anos-suspendido-por-la-pandemia-de-la-covid-19\\\/#primaryimage\"},\"thumbnailUrl\":\"https:\\\/\\\/www.laguiadepamplona.com\\\/actualidad\\\/wp-content\\\/uploads\\\/2022\\\/06\\\/concierto_pamplonesa_plaza_consistorial.webp\",\"articleSection\":[\"Ayto Pamplona\"],\"inLanguage\":\"es\",\"potentialAction\":[{\"@type\":\"CommentAction\",\"name\":\"Comment\",\"target\":[\"https:\\\/\\\/www.laguiadepamplona.com\\\/actualidad\\\/la-pamplonesa-recupera-este-sabado-el-tradicional-concierto-presanferminero-tras-dos-anos-suspendido-por-la-pandemia-de-la-covid-19\\\/#respond\"]}]},{\"@type\":\"WebPage\",\"@id\":\"https:\\\/\\\/www.laguiadepamplona.com\\\/actualidad\\\/la-pamplonesa-recupera-este-sabado-el-tradicional-concierto-presanferminero-tras-dos-anos-suspendido-por-la-pandemia-de-la-covid-19\\\/\",\"url\":\"https:\\\/\\\/www.laguiadepamplona.com\\\/actualidad\\\/la-pamplonesa-recupera-este-sabado-el-tradicional-concierto-presanferminero-tras-dos-anos-suspendido-por-la-pandemia-de-la-covid-19\\\/\",\"name\":\"La Pamplonesa recupera este s\u00e1bado el tradicional concierto presanferminero tras dos a\u00f1os suspendido por la pandemia de la COVID-19\",\"isPartOf\":{\"@id\":\"https:\\\/\\\/www.laguiadepamplona.com\\\/actualidad\\\/#website\"},\"primaryImageOfPage\":{\"@id\":\"https:\\\/\\\/www.laguiadepamplona.com\\\/actualidad\\\/la-pamplonesa-recupera-este-sabado-el-tradicional-concierto-presanferminero-tras-dos-anos-suspendido-por-la-pandemia-de-la-covid-19\\\/#primaryimage\"},\"image\":{\"@id\":\"https:\\\/\\\/www.laguiadepamplona.com\\\/actualidad\\\/la-pamplonesa-recupera-este-sabado-el-tradicional-concierto-presanferminero-tras-dos-anos-suspendido-por-la-pandemia-de-la-covid-19\\\/#primaryimage\"},\"thumbnailUrl\":\"https:\\\/\\\/www.laguiadepamplona.com\\\/actualidad\\\/wp-content\\\/uploads\\\/2022\\\/06\\\/concierto_pamplonesa_plaza_consistorial.webp\",\"datePublished\":\"2022-06-30T11:13:29+00:00\",\"dateModified\":\"2023-04-11T09:47:58+00:00\",\"description\":\"La banda sonora de las fiestas volver\u00e1 a sonar en la Plaza Consistorial, con la participaci\u00f3n tambi\u00e9n de las bandas de Gaiteros y Txistularis de Pamplona\",\"breadcrumb\":{\"@id\":\"https:\\\/\\\/www.laguiadepamplona.com\\\/actualidad\\\/la-pamplonesa-recupera-este-sabado-el-tradicional-concierto-presanferminero-tras-dos-anos-suspendido-por-la-pandemia-de-la-covid-19\\\/#breadcrumb\"},\"inLanguage\":\"es\",\"potentialAction\":[{\"@type\":\"ReadAction\",\"target\":[\"https:\\\/\\\/www.laguiadepamplona.com\\\/actualidad\\\/la-pamplonesa-recupera-este-sabado-el-tradicional-concierto-presanferminero-tras-dos-anos-suspendido-por-la-pandemia-de-la-covid-19\\\/\"]}]},{\"@type\":\"ImageObject\",\"inLanguage\":\"es\",\"@id\":\"https:\\\/\\\/www.laguiadepamplona.com\\\/actualidad\\\/la-pamplonesa-recupera-este-sabado-el-tradicional-concierto-presanferminero-tras-dos-anos-suspendido-por-la-pandemia-de-la-covid-19\\\/#primaryimage\",\"url\":\"https:\\\/\\\/www.laguiadepamplona.com\\\/actualidad\\\/wp-content\\\/uploads\\\/2022\\\/06\\\/concierto_pamplonesa_plaza_consistorial.webp\",\"contentUrl\":\"https:\\\/\\\/www.laguiadepamplona.com\\\/actualidad\\\/wp-content\\\/uploads\\\/2022\\\/06\\\/concierto_pamplonesa_plaza_consistorial.webp\",\"width\":1920,\"height\":1260,\"caption\":\"la-pamplonesa\"},{\"@type\":\"BreadcrumbList\",\"@id\":\"https:\\\/\\\/www.laguiadepamplona.com\\\/actualidad\\\/la-pamplonesa-recupera-este-sabado-el-tradicional-concierto-presanferminero-tras-dos-anos-suspendido-por-la-pandemia-de-la-covid-19\\\/#breadcrumb\",\"itemListElement\":[{\"@type\":\"ListItem\",\"position\":1,\"name\":\"Portada\",\"item\":\"https:\\\/\\\/www.laguiadepamplona.com\\\/actualidad\\\/\"},{\"@type\":\"ListItem\",\"position\":2,\"name\":\"La Pamplonesa recupera este s\u00e1bado el tradicional concierto presanferminero tras dos a\u00f1os suspendido por la pandemia de la COVID-19\"}]},{\"@type\":\"WebSite\",\"@id\":\"https:\\\/\\\/www.laguiadepamplona.com\\\/actualidad\\\/#website\",\"url\":\"https:\\\/\\\/www.laguiadepamplona.com\\\/actualidad\\\/\",\"name\":\"La gu\u00eda de Pamplona\",\"description\":\"Noticias de Pamplona\",\"publisher\":{\"@id\":\"https:\\\/\\\/www.laguiadepamplona.com\\\/actualidad\\\/#organization\"},\"potentialAction\":[{\"@type\":\"SearchAction\",\"target\":{\"@type\":\"EntryPoint\",\"urlTemplate\":\"https:\\\/\\\/www.laguiadepamplona.com\\\/actualidad\\\/?s={search_term_string}\"},\"query-input\":{\"@type\":\"PropertyValueSpecification\",\"valueRequired\":true,\"valueName\":\"search_term_string\"}}],\"inLanguage\":\"es\"},{\"@type\":\"Organization\",\"@id\":\"https:\\\/\\\/www.laguiadepamplona.com\\\/actualidad\\\/#organization\",\"name\":\"La Gu\u00eda de Pamplona \\\/ Noticias\",\"url\":\"https:\\\/\\\/www.laguiadepamplona.com\\\/actualidad\\\/\",\"logo\":{\"@type\":\"ImageObject\",\"inLanguage\":\"es\",\"@id\":\"https:\\\/\\\/www.laguiadepamplona.com\\\/actualidad\\\/#\\\/schema\\\/logo\\\/image\\\/\",\"url\":\"https:\\\/\\\/www.laguiadepamplona.com\\\/actualidad\\\/wp-content\\\/uploads\\\/2018\\\/11\\\/logo-laguiadepamplona18-web1.png\",\"contentUrl\":\"https:\\\/\\\/www.laguiadepamplona.com\\\/actualidad\\\/wp-content\\\/uploads\\\/2018\\\/11\\\/logo-laguiadepamplona18-web1.png\",\"width\":600,\"height\":196,\"caption\":\"La Gu\u00eda de Pamplona \\\/ Noticias\"},\"image\":{\"@id\":\"https:\\\/\\\/www.laguiadepamplona.com\\\/actualidad\\\/#\\\/schema\\\/logo\\\/image\\\/\"},\"sameAs\":[\"https:\\\/\\\/www.facebook.com\\\/laguiadepamplonacom-133175176762273\\\/?ref=hl\",\"https:\\\/\\\/x.com\\\/LaGuiadPamplona\",\"https:\\\/\\\/www.instagram.com\\\/la_guia_de_pamplona\\\/\",\"https:\\\/\\\/www.youtube.com\\\/user\\\/laguiadepamplona\"]},{\"@type\":\"Person\",\"@id\":\"https:\\\/\\\/www.laguiadepamplona.com\\\/actualidad\\\/#\\\/schema\\\/person\\\/efe887376f0213d4657c93adc50b1fdb\",\"name\":\"La Gu\u00eda de Pamplona\",\"image\":{\"@type\":\"ImageObject\",\"inLanguage\":\"es\",\"@id\":\"https:\\\/\\\/secure.gravatar.com\\\/avatar\\\/b6992f131dc8d30ab0dff15446e9d346d9dbd95992de0fef795073f5ea83a81c?s=96&d=mm&r=g\",\"url\":\"https:\\\/\\\/secure.gravatar.com\\\/avatar\\\/b6992f131dc8d30ab0dff15446e9d346d9dbd95992de0fef795073f5ea83a81c?s=96&d=mm&r=g\",\"contentUrl\":\"https:\\\/\\\/secure.gravatar.com\\\/avatar\\\/b6992f131dc8d30ab0dff15446e9d346d9dbd95992de0fef795073f5ea83a81c?s=96&d=mm&r=g\",\"caption\":\"La Gu\u00eda de Pamplona\"}}]}<\/script>\n<!-- \/ Yoast SEO plugin. -->","yoast_head_json":{"title":"La Pamplonesa recupera este s\u00e1bado el tradicional concierto presanferminero tras dos a\u00f1os suspendido por la pandemia de la COVID-19","description":"La banda sonora de las fiestas volver\u00e1 a sonar en la Plaza Consistorial, con la participaci\u00f3n tambi\u00e9n de las bandas de Gaiteros y Txistularis de Pamplona","robots":{"index":"index","follow":"follow","max-snippet":"max-snippet:-1","max-image-preview":"max-image-preview:large","max-video-preview":"max-video-preview:-1"},"canonical":"https:\/\/www.laguiadepamplona.com\/actualidad\/la-pamplonesa-recupera-este-sabado-el-tradicional-concierto-presanferminero-tras-dos-anos-suspendido-por-la-pandemia-de-la-covid-19\/","og_locale":"es_ES","og_type":"article","og_title":"La Pamplonesa recupera este s\u00e1bado el tradicional concierto presanferminero tras dos a\u00f1os suspendido por la pandemia de la COVID-19","og_description":"La banda sonora de las fiestas volver\u00e1 a sonar en la Plaza Consistorial, con la participaci\u00f3n tambi\u00e9n de las bandas de Gaiteros y Txistularis de Pamplona","og_url":"https:\/\/www.laguiadepamplona.com\/actualidad\/la-pamplonesa-recupera-este-sabado-el-tradicional-concierto-presanferminero-tras-dos-anos-suspendido-por-la-pandemia-de-la-covid-19\/","og_site_name":"La Gu\u00eda de Pamplona","article_publisher":"https:\/\/www.facebook.com\/laguiadepamplonacom-133175176762273\/?ref=hl","article_published_time":"2022-06-30T11:13:29+00:00","article_modified_time":"2023-04-11T09:47:58+00:00","og_image":[{"width":1920,"height":1260,"url":"https:\/\/www.laguiadepamplona.com\/actualidad\/wp-content\/uploads\/2022\/06\/concierto_pamplonesa_plaza_consistorial.webp","type":"image\/webp"}],"author":"La Gu\u00eda de Pamplona","twitter_card":"summary_large_image","twitter_creator":"@LaGuiadPamplona","twitter_site":"@LaGuiadPamplona","twitter_misc":{"Escrito por":"La Gu\u00eda de Pamplona","Tiempo de lectura":"2 minutos"},"schema":{"@context":"https:\/\/schema.org","@graph":[{"@type":"Article","@id":"https:\/\/www.laguiadepamplona.com\/actualidad\/la-pamplonesa-recupera-este-sabado-el-tradicional-concierto-presanferminero-tras-dos-anos-suspendido-por-la-pandemia-de-la-covid-19\/#article","isPartOf":{"@id":"https:\/\/www.laguiadepamplona.com\/actualidad\/la-pamplonesa-recupera-este-sabado-el-tradicional-concierto-presanferminero-tras-dos-anos-suspendido-por-la-pandemia-de-la-covid-19\/"},"author":{"name":"La Gu\u00eda de Pamplona","@id":"https:\/\/www.laguiadepamplona.com\/actualidad\/#\/schema\/person\/efe887376f0213d4657c93adc50b1fdb"},"headline":"La Pamplonesa recupera este s\u00e1bado el tradicional concierto presanferminero tras dos a\u00f1os suspendido por la pandemia de la COVID-19","datePublished":"2022-06-30T11:13:29+00:00","dateModified":"2023-04-11T09:47:58+00:00","mainEntityOfPage":{"@id":"https:\/\/www.laguiadepamplona.com\/actualidad\/la-pamplonesa-recupera-este-sabado-el-tradicional-concierto-presanferminero-tras-dos-anos-suspendido-por-la-pandemia-de-la-covid-19\/"},"wordCount":322,"commentCount":0,"publisher":{"@id":"https:\/\/www.laguiadepamplona.com\/actualidad\/#organization"},"image":{"@id":"https:\/\/www.laguiadepamplona.com\/actualidad\/la-pamplonesa-recupera-este-sabado-el-tradicional-concierto-presanferminero-tras-dos-anos-suspendido-por-la-pandemia-de-la-covid-19\/#primaryimage"},"thumbnailUrl":"https:\/\/www.laguiadepamplona.com\/actualidad\/wp-content\/uploads\/2022\/06\/concierto_pamplonesa_plaza_consistorial.webp","articleSection":["Ayto Pamplona"],"inLanguage":"es","potentialAction":[{"@type":"CommentAction","name":"Comment","target":["https:\/\/www.laguiadepamplona.com\/actualidad\/la-pamplonesa-recupera-este-sabado-el-tradicional-concierto-presanferminero-tras-dos-anos-suspendido-por-la-pandemia-de-la-covid-19\/#respond"]}]},{"@type":"WebPage","@id":"https:\/\/www.laguiadepamplona.com\/actualidad\/la-pamplonesa-recupera-este-sabado-el-tradicional-concierto-presanferminero-tras-dos-anos-suspendido-por-la-pandemia-de-la-covid-19\/","url":"https:\/\/www.laguiadepamplona.com\/actualidad\/la-pamplonesa-recupera-este-sabado-el-tradicional-concierto-presanferminero-tras-dos-anos-suspendido-por-la-pandemia-de-la-covid-19\/","name":"La Pamplonesa recupera este s\u00e1bado el tradicional concierto presanferminero tras dos a\u00f1os suspendido por la pandemia de la COVID-19","isPartOf":{"@id":"https:\/\/www.laguiadepamplona.com\/actualidad\/#website"},"primaryImageOfPage":{"@id":"https:\/\/www.laguiadepamplona.com\/actualidad\/la-pamplonesa-recupera-este-sabado-el-tradicional-concierto-presanferminero-tras-dos-anos-suspendido-por-la-pandemia-de-la-covid-19\/#primaryimage"},"image":{"@id":"https:\/\/www.laguiadepamplona.com\/actualidad\/la-pamplonesa-recupera-este-sabado-el-tradicional-concierto-presanferminero-tras-dos-anos-suspendido-por-la-pandemia-de-la-covid-19\/#primaryimage"},"thumbnailUrl":"https:\/\/www.laguiadepamplona.com\/actualidad\/wp-content\/uploads\/2022\/06\/concierto_pamplonesa_plaza_consistorial.webp","datePublished":"2022-06-30T11:13:29+00:00","dateModified":"2023-04-11T09:47:58+00:00","description":"La banda sonora de las fiestas volver\u00e1 a sonar en la Plaza Consistorial, con la participaci\u00f3n tambi\u00e9n de las bandas de Gaiteros y Txistularis de Pamplona","breadcrumb":{"@id":"https:\/\/www.laguiadepamplona.com\/actualidad\/la-pamplonesa-recupera-este-sabado-el-tradicional-concierto-presanferminero-tras-dos-anos-suspendido-por-la-pandemia-de-la-covid-19\/#breadcrumb"},"inLanguage":"es","potentialAction":[{"@type":"ReadAction","target":["https:\/\/www.laguiadepamplona.com\/actualidad\/la-pamplonesa-recupera-este-sabado-el-tradicional-concierto-presanferminero-tras-dos-anos-suspendido-por-la-pandemia-de-la-covid-19\/"]}]},{"@type":"ImageObject","inLanguage":"es","@id":"https:\/\/www.laguiadepamplona.com\/actualidad\/la-pamplonesa-recupera-este-sabado-el-tradicional-concierto-presanferminero-tras-dos-anos-suspendido-por-la-pandemia-de-la-covid-19\/#primaryimage","url":"https:\/\/www.laguiadepamplona.com\/actualidad\/wp-content\/uploads\/2022\/06\/concierto_pamplonesa_plaza_consistorial.webp","contentUrl":"https:\/\/www.laguiadepamplona.com\/actualidad\/wp-content\/uploads\/2022\/06\/concierto_pamplonesa_plaza_consistorial.webp","width":1920,"height":1260,"caption":"la-pamplonesa"},{"@type":"BreadcrumbList","@id":"https:\/\/www.laguiadepamplona.com\/actualidad\/la-pamplonesa-recupera-este-sabado-el-tradicional-concierto-presanferminero-tras-dos-anos-suspendido-por-la-pandemia-de-la-covid-19\/#breadcrumb","itemListElement":[{"@type":"ListItem","position":1,"name":"Portada","item":"https:\/\/www.laguiadepamplona.com\/actualidad\/"},{"@type":"ListItem","position":2,"name":"La Pamplonesa recupera este s\u00e1bado el tradicional concierto presanferminero tras dos a\u00f1os suspendido por la pandemia de la COVID-19"}]},{"@type":"WebSite","@id":"https:\/\/www.laguiadepamplona.com\/actualidad\/#website","url":"https:\/\/www.laguiadepamplona.com\/actualidad\/","name":"La gu\u00eda de Pamplona","description":"Noticias de Pamplona","publisher":{"@id":"https:\/\/www.laguiadepamplona.com\/actualidad\/#organization"},"potentialAction":[{"@type":"SearchAction","target":{"@type":"EntryPoint","urlTemplate":"https:\/\/www.laguiadepamplona.com\/actualidad\/?s={search_term_string}"},"query-input":{"@type":"PropertyValueSpecification","valueRequired":true,"valueName":"search_term_string"}}],"inLanguage":"es"},{"@type":"Organization","@id":"https:\/\/www.laguiadepamplona.com\/actualidad\/#organization","name":"La Gu\u00eda de Pamplona \/ Noticias","url":"https:\/\/www.laguiadepamplona.com\/actualidad\/","logo":{"@type":"ImageObject","inLanguage":"es","@id":"https:\/\/www.laguiadepamplona.com\/actualidad\/#\/schema\/logo\/image\/","url":"https:\/\/www.laguiadepamplona.com\/actualidad\/wp-content\/uploads\/2018\/11\/logo-laguiadepamplona18-web1.png","contentUrl":"https:\/\/www.laguiadepamplona.com\/actualidad\/wp-content\/uploads\/2018\/11\/logo-laguiadepamplona18-web1.png","width":600,"height":196,"caption":"La Gu\u00eda de Pamplona \/ Noticias"},"image":{"@id":"https:\/\/www.laguiadepamplona.com\/actualidad\/#\/schema\/logo\/image\/"},"sameAs":["https:\/\/www.facebook.com\/laguiadepamplonacom-133175176762273\/?ref=hl","https:\/\/x.com\/LaGuiadPamplona","https:\/\/www.instagram.com\/la_guia_de_pamplona\/","https:\/\/www.youtube.com\/user\/laguiadepamplona"]},{"@type":"Person","@id":"https:\/\/www.laguiadepamplona.com\/actualidad\/#\/schema\/person\/efe887376f0213d4657c93adc50b1fdb","name":"La Gu\u00eda de Pamplona","image":{"@type":"ImageObject","inLanguage":"es","@id":"https:\/\/secure.gravatar.com\/avatar\/b6992f131dc8d30ab0dff15446e9d346d9dbd95992de0fef795073f5ea83a81c?s=96&d=mm&r=g","url":"https:\/\/secure.gravatar.com\/avatar\/b6992f131dc8d30ab0dff15446e9d346d9dbd95992de0fef795073f5ea83a81c?s=96&d=mm&r=g","contentUrl":"https:\/\/secure.gravatar.com\/avatar\/b6992f131dc8d30ab0dff15446e9d346d9dbd95992de0fef795073f5ea83a81c?s=96&d=mm&r=g","caption":"La Gu\u00eda de Pamplona"}}]}},"post_mailing_queue_ids":[],"_links":{"self":[{"href":"https:\/\/www.laguiadepamplona.com\/actualidad\/wp-json\/wp\/v2\/posts\/41092","targetHints":{"allow":["GET"]}}],"collection":[{"href":"https:\/\/www.laguiadepamplona.com\/actualidad\/wp-json\/wp\/v2\/posts"}],"about":[{"href":"https:\/\/www.laguiadepamplona.com\/actualidad\/wp-json\/wp\/v2\/types\/post"}],"author":[{"embeddable":true,"href":"https:\/\/www.laguiadepamplona.com\/actualidad\/wp-json\/wp\/v2\/users\/1"}],"replies":[{"embeddable":true,"href":"https:\/\/www.laguiadepamplona.com\/actualidad\/wp-json\/wp\/v2\/comments?post=41092"}],"version-history":[{"count":0,"href":"https:\/\/www.laguiadepamplona.com\/actualidad\/wp-json\/wp\/v2\/posts\/41092\/revisions"}],"wp:featuredmedia":[{"embeddable":true,"href":"https:\/\/www.laguiadepamplona.com\/actualidad\/wp-json\/wp\/v2\/media\/40731"}],"wp:attachment":[{"href":"https:\/\/www.laguiadepamplona.com\/actualidad\/wp-json\/wp\/v2\/media?parent=41092"}],"wp:term":[{"taxonomy":"category","embeddable":true,"href":"https:\/\/www.laguiadepamplona.com\/actualidad\/wp-json\/wp\/v2\/categories?post=41092"},{"taxonomy":"post_tag","embeddable":true,"href":"https:\/\/www.laguiadepamplona.com\/actualidad\/wp-json\/wp\/v2\/tags?post=41092"}],"curies":[{"name":"wp","href":"https:\/\/api.w.org\/{rel}","templated":true}]}}