{"id":41078,"date":"2022-06-29T15:32:54","date_gmt":"2022-06-29T13:32:54","guid":{"rendered":"https:\/\/www.laguiadepamplona.com\/actualidad\/?p=41078"},"modified":"2023-04-11T11:47:58","modified_gmt":"2023-04-11T09:47:58","slug":"los-fosos-de-la-media-luna-permitiran-a-ninos-y-adolescentes-hasta-14-anos-iniciarse-en-la-practica-deportiva-durante-sanfermines","status":"publish","type":"post","link":"https:\/\/www.laguiadepamplona.com\/actualidad\/los-fosos-de-la-media-luna-permitiran-a-ninos-y-adolescentes-hasta-14-anos-iniciarse-en-la-practica-deportiva-durante-sanfermines\/","title":{"rendered":"Los fosos de la Media Luna permitir\u00e1n a ni\u00f1os y adolescentes hasta 14 a\u00f1os iniciarse en la pr\u00e1ctica deportiva durante Sanfermines"},"content":{"rendered":"<h5>El espacio deportivo SportKids, gestado con la colaboraci\u00f3n de 17 federaciones, estar\u00e1 abierto del 7 al 14 de julio en horario de ma\u00f1ana y tarde<\/h5>\n<p><!--more--><\/p>\n<p>El Ayuntamiento de Pamplona, en colaboraci\u00f3n con 17 federaciones deportivas de Navarra, convertir\u00e1 estos Sanfermines los fosos de la Media Luna en un espacio deportivo y de ocio para ni\u00f1os, ni\u00f1as y adolescentes de 8 a 14 a\u00f1os. Esta iniciativa, bautizada como \u2018SportKids\u2019, permitir\u00e1 a los j\u00f3venes iniciarse en deportes como el baloncesto, el balonmano, el rugby, el tiro con arco y la esgrima, entre otros. El recito estar\u00e1 operativo desde el 7 al 14 de julio, en horario de ma\u00f1ana, de 11 a 13.30, y de tarde, de 18 a 20.30 horas.<\/p>\n<p>Las actividades se han repartido en distintos espacios. As\u00ed, se usar\u00e1n los dos fosos del lugar, donde se impartir\u00e1n clases de esgrima, golf, b\u00e9isbol, balonmano, voleibol y gimnasia, y donde se podr\u00e1n jugar partidos de baloncesto y f\u00fatbol. Los asistentes tambi\u00e9n tendr\u00e1n la posibilidad de iniciarse en la pr\u00e1ctica del atletismo y podr\u00e1n aprender a jugar al ajedrez, al tiempo que disputan peque\u00f1as partidas. Tambi\u00e9n se habilitar\u00e1 la zona ajardinada del entorno, donde se realizar\u00e1n pr\u00e1cticas de rugby, teakwondo e h\u00edpica. Por su parte, en el Centro de Interpretaci\u00f3n de las Murallas, ubicado en el Fort\u00edn de San Bartolom\u00e9, se ubicar\u00e1n las disciplinas de tiro con arco y p\u00e1del. Y el Molino de Caparroso acoger\u00e1 las clases de iniciaci\u00f3n al pirag\u00fcismo.<br \/>\n<script async src=\"\/\/pagead2.googlesyndication.com\/pagead\/js\/adsbygoogle.js\"><\/script><br \/>\n<!-- Noticias La Guia de Pamplona --><br \/>\n<ins class=\"adsbygoogle\"\nstyle=\"display:block\"\ndata-ad-client=\"ca-pub-6943679897239327\"\ndata-ad-slot=\"7048180777\"\ndata-ad-format=\"auto\"><\/ins><br \/>\n<script>\n(adsbygoogle = window.adsbygoogle || []).push({});\n<\/script><\/p>\n<p><strong>Los deportes ir\u00e1n variando en funci\u00f3n de los d\u00edas y los espacios.\u00a0<\/strong><\/p>\n<p>Todas estas actividades se realizar\u00e1n con la colaboraci\u00f3n de las distintas federaciones y contar\u00e1n con monitores para orientar a los j\u00f3venes en las caracter\u00edsticas de cada deporte. Adem\u00e1s de resolver cualquier duda que les surja, la clave ser\u00e1 poder practicar los deportes ofertados y conocer de primera mano c\u00f3mo son, cu\u00e1les son las normas de juego y sus caracter\u00edsticas principales. Esta ma\u00f1ana ha tenido lugar una reuni\u00f3n de coordinaci\u00f3n entre el Ayuntamiento y los representantes de las distintas federaciones para ultimar algunos aspectos como la vigilancia nocturna del recinto, que correr\u00e1 a cargo de los \u2018naranjitos\u2019, o la presencia de personal de DYA y Cruz Roja para atender diversas eventualidades que puedan ocurrir.<br \/>\n<script async src=\"\/\/pagead2.googlesyndication.com\/pagead\/js\/adsbygoogle.js\"><\/script><br \/>\n<!-- Noticias La Guia de Pamplona --><br \/>\n<ins class=\"adsbygoogle\"\nstyle=\"display:block\"\ndata-ad-client=\"ca-pub-6943679897239327\"\ndata-ad-slot=\"7048180777\"\ndata-ad-format=\"auto\"><\/ins><br \/>\n<script>\n(adsbygoogle = window.adsbygoogle || []).push({});\n<\/script><\/p>\n<p><strong>Alimentos saludables<\/strong><\/p>\n<p>Este espacio deportivo se completar\u00e1 con un lugar denominado \u2018Tercer tiempo\u2019, en el que los participantes podr\u00e1n tomarse un momento de respiro y reponer fuerzas tomando leche y comiendo fruta fresca. Este \u2018Tercer tiempo\u2019 se habilitar\u00e1 todos los d\u00edas a partir de las 19 horas, gracias a la colaboraci\u00f3n de Lacturale y Florette, que suministrar\u00e1n los alimentos. Adem\u00e1s, en colaboraci\u00f3n con la Mancomunidad de la Comarca de Pamplona, \u2018SportKids\u2019 dispondr\u00e1 con un stand denominado la \u2018Taberna del agua\u2019 para la hidrataci\u00f3n de los j\u00f3venes deportistas.<\/p>\n<p>Adem\u00e1s, el speaker del estado del Sadar, Eduardo D\u00edaz, ser\u00e1 el encargado de amenizar las jornadas deportivas en el recinto, entrevistando a monitores y participantes. Todo ello, envuelto en m\u00fasica sanferminera y actual. Asimismo, a diario se sortear\u00e1n regalos facilitados por las federaciones entre todas las personas que acudan a SportKids y rellenen los boletos que estar\u00e1n disponibles en el lugar.<br \/>\n<script async src=\"\/\/pagead2.googlesyndication.com\/pagead\/js\/adsbygoogle.js\"><\/script><br \/>\n<!-- Noticias La Guia de Pamplona --><br \/>\n<ins class=\"adsbygoogle\"\nstyle=\"display:block\"\ndata-ad-client=\"ca-pub-6943679897239327\"\ndata-ad-slot=\"7048180777\"\ndata-ad-format=\"auto\"><\/ins><br \/>\n<script>\n(adsbygoogle = window.adsbygoogle || []).push({});\n<\/script><\/p>\n<p>&nbsp;<\/p>\n<h4>Federaciones Colaboradoras<\/h4>\n<ul>\n<li>Federaci\u00f3n Navarra de Ajedrez<\/li>\n<li>Federaci\u00f3n Navarra de Atletismo<\/li>\n<li>Federaci\u00f3n Navarra de Baloncesto<\/li>\n<li>Federaci\u00f3n Navarra de Balonmano<\/li>\n<li>Federaci\u00f3n Navarra de B\u00e9isbol y S\u00f3fbol<\/li>\n<li>Federaci\u00f3n Navarra de Deportes Adaptados<\/li>\n<li>Federaci\u00f3n Navarra de Esgrima<\/li>\n<li>Federaci\u00f3n Navarra de F\u00fatbol<\/li>\n<li>Federaci\u00f3n Navarra de Gimnasia<\/li>\n<li>Federaci\u00f3n Navarra de Golf<\/li>\n<li>Federaci\u00f3n Navarra de H\u00edpica<\/li>\n<li>Federaci\u00f3n Navarra de P\u00e1del<\/li>\n<li>Federaci\u00f3n Navarra de Pirag\u00fcismo<\/li>\n<li>Federaci\u00f3n Navarra de Rugby<\/li>\n<li>Federaci\u00f3n Navarra de Teakwondo<\/li>\n<li>Federaci\u00f3n Navarra de Tiro con Arco<\/li>\n<li>Federaci\u00f3n Navarra de Voleibol<\/li>\n<\/ul>\n","protected":false},"excerpt":{"rendered":"<p>El espacio deportivo SportKids, gestado con la colaboraci\u00f3n de 17 federaciones, estar\u00e1 abierto del 7 al 14 de julio en horario de ma\u00f1ana y tarde<\/p>\n","protected":false},"author":1,"featured_media":41079,"comment_status":"open","ping_status":"closed","sticky":false,"template":"","format":"standard","meta":{"footnotes":""},"categories":[2,9406],"tags":[],"class_list":["post-41078","post","type-post","status-publish","format-standard","has-post-thumbnail","hentry","category-ayuntamiento-pamplona","category-san-fermin"],"yoast_head":"<!-- This site is optimized with the Yoast SEO plugin v27.3 - https:\/\/yoast.com\/product\/yoast-seo-wordpress\/ -->\n<title>Los fosos de la Media Luna permitir\u00e1n a ni\u00f1os y adolescentes hasta 14 a\u00f1os iniciarse en la pr\u00e1ctica deportiva durante Sanfermines<\/title>\n<meta name=\"description\" content=\"El espacio deportivo SportKids, gestado con la colaboraci\u00f3n de 17 federaciones, estar\u00e1 abierto del 7 al 14 de julio en horario de ma\u00f1ana y tarde\" \/>\n<meta name=\"robots\" content=\"index, follow, max-snippet:-1, max-image-preview:large, max-video-preview:-1\" \/>\n<link rel=\"canonical\" href=\"https:\/\/www.laguiadepamplona.com\/actualidad\/los-fosos-de-la-media-luna-permitiran-a-ninos-y-adolescentes-hasta-14-anos-iniciarse-en-la-practica-deportiva-durante-sanfermines\/\" \/>\n<meta property=\"og:locale\" content=\"es_ES\" \/>\n<meta property=\"og:type\" content=\"article\" \/>\n<meta property=\"og:title\" content=\"Los fosos de la Media Luna permitir\u00e1n a ni\u00f1os y adolescentes hasta 14 a\u00f1os iniciarse en la pr\u00e1ctica deportiva durante Sanfermines\" \/>\n<meta property=\"og:description\" content=\"El espacio deportivo SportKids, gestado con la colaboraci\u00f3n de 17 federaciones, estar\u00e1 abierto del 7 al 14 de julio en horario de ma\u00f1ana y tarde\" \/>\n<meta property=\"og:url\" content=\"https:\/\/www.laguiadepamplona.com\/actualidad\/los-fosos-de-la-media-luna-permitiran-a-ninos-y-adolescentes-hasta-14-anos-iniciarse-en-la-practica-deportiva-durante-sanfermines\/\" \/>\n<meta property=\"og:site_name\" content=\"La Gu\u00eda de Pamplona\" \/>\n<meta property=\"article:publisher\" content=\"https:\/\/www.facebook.com\/laguiadepamplonacom-133175176762273\/?ref=hl\" \/>\n<meta property=\"article:published_time\" content=\"2022-06-29T13:32:54+00:00\" \/>\n<meta property=\"article:modified_time\" content=\"2023-04-11T09:47:58+00:00\" \/>\n<meta property=\"og:image\" content=\"https:\/\/www.laguiadepamplona.com\/actualidad\/wp-content\/uploads\/2022\/06\/reunfederacionessportkidssfee5a7489.webp\" \/>\n\t<meta property=\"og:image:width\" content=\"1920\" \/>\n\t<meta property=\"og:image:height\" content=\"1280\" \/>\n\t<meta property=\"og:image:type\" content=\"image\/webp\" \/>\n<meta name=\"author\" content=\"La Gu\u00eda de Pamplona\" \/>\n<meta name=\"twitter:card\" content=\"summary_large_image\" \/>\n<meta name=\"twitter:creator\" content=\"@LaGuiadPamplona\" \/>\n<meta name=\"twitter:site\" content=\"@LaGuiadPamplona\" \/>\n<meta name=\"twitter:label1\" content=\"Escrito por\" \/>\n\t<meta name=\"twitter:data1\" content=\"La Gu\u00eda de Pamplona\" \/>\n\t<meta name=\"twitter:label2\" content=\"Tiempo de lectura\" \/>\n\t<meta name=\"twitter:data2\" content=\"3 minutos\" \/>\n<script type=\"application\/ld+json\" class=\"yoast-schema-graph\">{\"@context\":\"https:\\\/\\\/schema.org\",\"@graph\":[{\"@type\":\"Article\",\"@id\":\"https:\\\/\\\/www.laguiadepamplona.com\\\/actualidad\\\/los-fosos-de-la-media-luna-permitiran-a-ninos-y-adolescentes-hasta-14-anos-iniciarse-en-la-practica-deportiva-durante-sanfermines\\\/#article\",\"isPartOf\":{\"@id\":\"https:\\\/\\\/www.laguiadepamplona.com\\\/actualidad\\\/los-fosos-de-la-media-luna-permitiran-a-ninos-y-adolescentes-hasta-14-anos-iniciarse-en-la-practica-deportiva-durante-sanfermines\\\/\"},\"author\":{\"name\":\"La Gu\u00eda de Pamplona\",\"@id\":\"https:\\\/\\\/www.laguiadepamplona.com\\\/actualidad\\\/#\\\/schema\\\/person\\\/efe887376f0213d4657c93adc50b1fdb\"},\"headline\":\"Los fosos de la Media Luna permitir\u00e1n a ni\u00f1os y adolescentes hasta 14 a\u00f1os iniciarse en la pr\u00e1ctica deportiva durante Sanfermines\",\"datePublished\":\"2022-06-29T13:32:54+00:00\",\"dateModified\":\"2023-04-11T09:47:58+00:00\",\"mainEntityOfPage\":{\"@id\":\"https:\\\/\\\/www.laguiadepamplona.com\\\/actualidad\\\/los-fosos-de-la-media-luna-permitiran-a-ninos-y-adolescentes-hasta-14-anos-iniciarse-en-la-practica-deportiva-durante-sanfermines\\\/\"},\"wordCount\":678,\"commentCount\":0,\"publisher\":{\"@id\":\"https:\\\/\\\/www.laguiadepamplona.com\\\/actualidad\\\/#organization\"},\"image\":{\"@id\":\"https:\\\/\\\/www.laguiadepamplona.com\\\/actualidad\\\/los-fosos-de-la-media-luna-permitiran-a-ninos-y-adolescentes-hasta-14-anos-iniciarse-en-la-practica-deportiva-durante-sanfermines\\\/#primaryimage\"},\"thumbnailUrl\":\"https:\\\/\\\/www.laguiadepamplona.com\\\/actualidad\\\/wp-content\\\/uploads\\\/2022\\\/06\\\/reunfederacionessportkidssfee5a7489.webp\",\"articleSection\":[\"Ayto Pamplona\",\"San Ferm\u00edn\"],\"inLanguage\":\"es\",\"potentialAction\":[{\"@type\":\"CommentAction\",\"name\":\"Comment\",\"target\":[\"https:\\\/\\\/www.laguiadepamplona.com\\\/actualidad\\\/los-fosos-de-la-media-luna-permitiran-a-ninos-y-adolescentes-hasta-14-anos-iniciarse-en-la-practica-deportiva-durante-sanfermines\\\/#respond\"]}]},{\"@type\":\"WebPage\",\"@id\":\"https:\\\/\\\/www.laguiadepamplona.com\\\/actualidad\\\/los-fosos-de-la-media-luna-permitiran-a-ninos-y-adolescentes-hasta-14-anos-iniciarse-en-la-practica-deportiva-durante-sanfermines\\\/\",\"url\":\"https:\\\/\\\/www.laguiadepamplona.com\\\/actualidad\\\/los-fosos-de-la-media-luna-permitiran-a-ninos-y-adolescentes-hasta-14-anos-iniciarse-en-la-practica-deportiva-durante-sanfermines\\\/\",\"name\":\"Los fosos de la Media Luna permitir\u00e1n a ni\u00f1os y adolescentes hasta 14 a\u00f1os iniciarse en la pr\u00e1ctica deportiva durante Sanfermines\",\"isPartOf\":{\"@id\":\"https:\\\/\\\/www.laguiadepamplona.com\\\/actualidad\\\/#website\"},\"primaryImageOfPage\":{\"@id\":\"https:\\\/\\\/www.laguiadepamplona.com\\\/actualidad\\\/los-fosos-de-la-media-luna-permitiran-a-ninos-y-adolescentes-hasta-14-anos-iniciarse-en-la-practica-deportiva-durante-sanfermines\\\/#primaryimage\"},\"image\":{\"@id\":\"https:\\\/\\\/www.laguiadepamplona.com\\\/actualidad\\\/los-fosos-de-la-media-luna-permitiran-a-ninos-y-adolescentes-hasta-14-anos-iniciarse-en-la-practica-deportiva-durante-sanfermines\\\/#primaryimage\"},\"thumbnailUrl\":\"https:\\\/\\\/www.laguiadepamplona.com\\\/actualidad\\\/wp-content\\\/uploads\\\/2022\\\/06\\\/reunfederacionessportkidssfee5a7489.webp\",\"datePublished\":\"2022-06-29T13:32:54+00:00\",\"dateModified\":\"2023-04-11T09:47:58+00:00\",\"description\":\"El espacio deportivo SportKids, gestado con la colaboraci\u00f3n de 17 federaciones, estar\u00e1 abierto del 7 al 14 de julio en horario de ma\u00f1ana y tarde\",\"breadcrumb\":{\"@id\":\"https:\\\/\\\/www.laguiadepamplona.com\\\/actualidad\\\/los-fosos-de-la-media-luna-permitiran-a-ninos-y-adolescentes-hasta-14-anos-iniciarse-en-la-practica-deportiva-durante-sanfermines\\\/#breadcrumb\"},\"inLanguage\":\"es\",\"potentialAction\":[{\"@type\":\"ReadAction\",\"target\":[\"https:\\\/\\\/www.laguiadepamplona.com\\\/actualidad\\\/los-fosos-de-la-media-luna-permitiran-a-ninos-y-adolescentes-hasta-14-anos-iniciarse-en-la-practica-deportiva-durante-sanfermines\\\/\"]}]},{\"@type\":\"ImageObject\",\"inLanguage\":\"es\",\"@id\":\"https:\\\/\\\/www.laguiadepamplona.com\\\/actualidad\\\/los-fosos-de-la-media-luna-permitiran-a-ninos-y-adolescentes-hasta-14-anos-iniciarse-en-la-practica-deportiva-durante-sanfermines\\\/#primaryimage\",\"url\":\"https:\\\/\\\/www.laguiadepamplona.com\\\/actualidad\\\/wp-content\\\/uploads\\\/2022\\\/06\\\/reunfederacionessportkidssfee5a7489.webp\",\"contentUrl\":\"https:\\\/\\\/www.laguiadepamplona.com\\\/actualidad\\\/wp-content\\\/uploads\\\/2022\\\/06\\\/reunfederacionessportkidssfee5a7489.webp\",\"width\":1920,\"height\":1280},{\"@type\":\"BreadcrumbList\",\"@id\":\"https:\\\/\\\/www.laguiadepamplona.com\\\/actualidad\\\/los-fosos-de-la-media-luna-permitiran-a-ninos-y-adolescentes-hasta-14-anos-iniciarse-en-la-practica-deportiva-durante-sanfermines\\\/#breadcrumb\",\"itemListElement\":[{\"@type\":\"ListItem\",\"position\":1,\"name\":\"Portada\",\"item\":\"https:\\\/\\\/www.laguiadepamplona.com\\\/actualidad\\\/\"},{\"@type\":\"ListItem\",\"position\":2,\"name\":\"Los fosos de la Media Luna permitir\u00e1n a ni\u00f1os y adolescentes hasta 14 a\u00f1os iniciarse en la pr\u00e1ctica deportiva durante Sanfermines\"}]},{\"@type\":\"WebSite\",\"@id\":\"https:\\\/\\\/www.laguiadepamplona.com\\\/actualidad\\\/#website\",\"url\":\"https:\\\/\\\/www.laguiadepamplona.com\\\/actualidad\\\/\",\"name\":\"La gu\u00eda de Pamplona\",\"description\":\"Noticias de Pamplona\",\"publisher\":{\"@id\":\"https:\\\/\\\/www.laguiadepamplona.com\\\/actualidad\\\/#organization\"},\"potentialAction\":[{\"@type\":\"SearchAction\",\"target\":{\"@type\":\"EntryPoint\",\"urlTemplate\":\"https:\\\/\\\/www.laguiadepamplona.com\\\/actualidad\\\/?s={search_term_string}\"},\"query-input\":{\"@type\":\"PropertyValueSpecification\",\"valueRequired\":true,\"valueName\":\"search_term_string\"}}],\"inLanguage\":\"es\"},{\"@type\":\"Organization\",\"@id\":\"https:\\\/\\\/www.laguiadepamplona.com\\\/actualidad\\\/#organization\",\"name\":\"La Gu\u00eda de Pamplona \\\/ Noticias\",\"url\":\"https:\\\/\\\/www.laguiadepamplona.com\\\/actualidad\\\/\",\"logo\":{\"@type\":\"ImageObject\",\"inLanguage\":\"es\",\"@id\":\"https:\\\/\\\/www.laguiadepamplona.com\\\/actualidad\\\/#\\\/schema\\\/logo\\\/image\\\/\",\"url\":\"https:\\\/\\\/www.laguiadepamplona.com\\\/actualidad\\\/wp-content\\\/uploads\\\/2018\\\/11\\\/logo-laguiadepamplona18-web1.png\",\"contentUrl\":\"https:\\\/\\\/www.laguiadepamplona.com\\\/actualidad\\\/wp-content\\\/uploads\\\/2018\\\/11\\\/logo-laguiadepamplona18-web1.png\",\"width\":600,\"height\":196,\"caption\":\"La Gu\u00eda de Pamplona \\\/ Noticias\"},\"image\":{\"@id\":\"https:\\\/\\\/www.laguiadepamplona.com\\\/actualidad\\\/#\\\/schema\\\/logo\\\/image\\\/\"},\"sameAs\":[\"https:\\\/\\\/www.facebook.com\\\/laguiadepamplonacom-133175176762273\\\/?ref=hl\",\"https:\\\/\\\/x.com\\\/LaGuiadPamplona\",\"https:\\\/\\\/www.instagram.com\\\/la_guia_de_pamplona\\\/\",\"https:\\\/\\\/www.youtube.com\\\/user\\\/laguiadepamplona\"]},{\"@type\":\"Person\",\"@id\":\"https:\\\/\\\/www.laguiadepamplona.com\\\/actualidad\\\/#\\\/schema\\\/person\\\/efe887376f0213d4657c93adc50b1fdb\",\"name\":\"La Gu\u00eda de Pamplona\",\"image\":{\"@type\":\"ImageObject\",\"inLanguage\":\"es\",\"@id\":\"https:\\\/\\\/secure.gravatar.com\\\/avatar\\\/b6992f131dc8d30ab0dff15446e9d346d9dbd95992de0fef795073f5ea83a81c?s=96&d=mm&r=g\",\"url\":\"https:\\\/\\\/secure.gravatar.com\\\/avatar\\\/b6992f131dc8d30ab0dff15446e9d346d9dbd95992de0fef795073f5ea83a81c?s=96&d=mm&r=g\",\"contentUrl\":\"https:\\\/\\\/secure.gravatar.com\\\/avatar\\\/b6992f131dc8d30ab0dff15446e9d346d9dbd95992de0fef795073f5ea83a81c?s=96&d=mm&r=g\",\"caption\":\"La Gu\u00eda de Pamplona\"}}]}<\/script>\n<!-- \/ Yoast SEO plugin. -->","yoast_head_json":{"title":"Los fosos de la Media Luna permitir\u00e1n a ni\u00f1os y adolescentes hasta 14 a\u00f1os iniciarse en la pr\u00e1ctica deportiva durante Sanfermines","description":"El espacio deportivo SportKids, gestado con la colaboraci\u00f3n de 17 federaciones, estar\u00e1 abierto del 7 al 14 de julio en horario de ma\u00f1ana y tarde","robots":{"index":"index","follow":"follow","max-snippet":"max-snippet:-1","max-image-preview":"max-image-preview:large","max-video-preview":"max-video-preview:-1"},"canonical":"https:\/\/www.laguiadepamplona.com\/actualidad\/los-fosos-de-la-media-luna-permitiran-a-ninos-y-adolescentes-hasta-14-anos-iniciarse-en-la-practica-deportiva-durante-sanfermines\/","og_locale":"es_ES","og_type":"article","og_title":"Los fosos de la Media Luna permitir\u00e1n a ni\u00f1os y adolescentes hasta 14 a\u00f1os iniciarse en la pr\u00e1ctica deportiva durante Sanfermines","og_description":"El espacio deportivo SportKids, gestado con la colaboraci\u00f3n de 17 federaciones, estar\u00e1 abierto del 7 al 14 de julio en horario de ma\u00f1ana y tarde","og_url":"https:\/\/www.laguiadepamplona.com\/actualidad\/los-fosos-de-la-media-luna-permitiran-a-ninos-y-adolescentes-hasta-14-anos-iniciarse-en-la-practica-deportiva-durante-sanfermines\/","og_site_name":"La Gu\u00eda de Pamplona","article_publisher":"https:\/\/www.facebook.com\/laguiadepamplonacom-133175176762273\/?ref=hl","article_published_time":"2022-06-29T13:32:54+00:00","article_modified_time":"2023-04-11T09:47:58+00:00","og_image":[{"width":1920,"height":1280,"url":"https:\/\/www.laguiadepamplona.com\/actualidad\/wp-content\/uploads\/2022\/06\/reunfederacionessportkidssfee5a7489.webp","type":"image\/webp"}],"author":"La Gu\u00eda de Pamplona","twitter_card":"summary_large_image","twitter_creator":"@LaGuiadPamplona","twitter_site":"@LaGuiadPamplona","twitter_misc":{"Escrito por":"La Gu\u00eda de Pamplona","Tiempo de lectura":"3 minutos"},"schema":{"@context":"https:\/\/schema.org","@graph":[{"@type":"Article","@id":"https:\/\/www.laguiadepamplona.com\/actualidad\/los-fosos-de-la-media-luna-permitiran-a-ninos-y-adolescentes-hasta-14-anos-iniciarse-en-la-practica-deportiva-durante-sanfermines\/#article","isPartOf":{"@id":"https:\/\/www.laguiadepamplona.com\/actualidad\/los-fosos-de-la-media-luna-permitiran-a-ninos-y-adolescentes-hasta-14-anos-iniciarse-en-la-practica-deportiva-durante-sanfermines\/"},"author":{"name":"La Gu\u00eda de Pamplona","@id":"https:\/\/www.laguiadepamplona.com\/actualidad\/#\/schema\/person\/efe887376f0213d4657c93adc50b1fdb"},"headline":"Los fosos de la Media Luna permitir\u00e1n a ni\u00f1os y adolescentes hasta 14 a\u00f1os iniciarse en la pr\u00e1ctica deportiva durante Sanfermines","datePublished":"2022-06-29T13:32:54+00:00","dateModified":"2023-04-11T09:47:58+00:00","mainEntityOfPage":{"@id":"https:\/\/www.laguiadepamplona.com\/actualidad\/los-fosos-de-la-media-luna-permitiran-a-ninos-y-adolescentes-hasta-14-anos-iniciarse-en-la-practica-deportiva-durante-sanfermines\/"},"wordCount":678,"commentCount":0,"publisher":{"@id":"https:\/\/www.laguiadepamplona.com\/actualidad\/#organization"},"image":{"@id":"https:\/\/www.laguiadepamplona.com\/actualidad\/los-fosos-de-la-media-luna-permitiran-a-ninos-y-adolescentes-hasta-14-anos-iniciarse-en-la-practica-deportiva-durante-sanfermines\/#primaryimage"},"thumbnailUrl":"https:\/\/www.laguiadepamplona.com\/actualidad\/wp-content\/uploads\/2022\/06\/reunfederacionessportkidssfee5a7489.webp","articleSection":["Ayto Pamplona","San Ferm\u00edn"],"inLanguage":"es","potentialAction":[{"@type":"CommentAction","name":"Comment","target":["https:\/\/www.laguiadepamplona.com\/actualidad\/los-fosos-de-la-media-luna-permitiran-a-ninos-y-adolescentes-hasta-14-anos-iniciarse-en-la-practica-deportiva-durante-sanfermines\/#respond"]}]},{"@type":"WebPage","@id":"https:\/\/www.laguiadepamplona.com\/actualidad\/los-fosos-de-la-media-luna-permitiran-a-ninos-y-adolescentes-hasta-14-anos-iniciarse-en-la-practica-deportiva-durante-sanfermines\/","url":"https:\/\/www.laguiadepamplona.com\/actualidad\/los-fosos-de-la-media-luna-permitiran-a-ninos-y-adolescentes-hasta-14-anos-iniciarse-en-la-practica-deportiva-durante-sanfermines\/","name":"Los fosos de la Media Luna permitir\u00e1n a ni\u00f1os y adolescentes hasta 14 a\u00f1os iniciarse en la pr\u00e1ctica deportiva durante Sanfermines","isPartOf":{"@id":"https:\/\/www.laguiadepamplona.com\/actualidad\/#website"},"primaryImageOfPage":{"@id":"https:\/\/www.laguiadepamplona.com\/actualidad\/los-fosos-de-la-media-luna-permitiran-a-ninos-y-adolescentes-hasta-14-anos-iniciarse-en-la-practica-deportiva-durante-sanfermines\/#primaryimage"},"image":{"@id":"https:\/\/www.laguiadepamplona.com\/actualidad\/los-fosos-de-la-media-luna-permitiran-a-ninos-y-adolescentes-hasta-14-anos-iniciarse-en-la-practica-deportiva-durante-sanfermines\/#primaryimage"},"thumbnailUrl":"https:\/\/www.laguiadepamplona.com\/actualidad\/wp-content\/uploads\/2022\/06\/reunfederacionessportkidssfee5a7489.webp","datePublished":"2022-06-29T13:32:54+00:00","dateModified":"2023-04-11T09:47:58+00:00","description":"El espacio deportivo SportKids, gestado con la colaboraci\u00f3n de 17 federaciones, estar\u00e1 abierto del 7 al 14 de julio en horario de ma\u00f1ana y tarde","breadcrumb":{"@id":"https:\/\/www.laguiadepamplona.com\/actualidad\/los-fosos-de-la-media-luna-permitiran-a-ninos-y-adolescentes-hasta-14-anos-iniciarse-en-la-practica-deportiva-durante-sanfermines\/#breadcrumb"},"inLanguage":"es","potentialAction":[{"@type":"ReadAction","target":["https:\/\/www.laguiadepamplona.com\/actualidad\/los-fosos-de-la-media-luna-permitiran-a-ninos-y-adolescentes-hasta-14-anos-iniciarse-en-la-practica-deportiva-durante-sanfermines\/"]}]},{"@type":"ImageObject","inLanguage":"es","@id":"https:\/\/www.laguiadepamplona.com\/actualidad\/los-fosos-de-la-media-luna-permitiran-a-ninos-y-adolescentes-hasta-14-anos-iniciarse-en-la-practica-deportiva-durante-sanfermines\/#primaryimage","url":"https:\/\/www.laguiadepamplona.com\/actualidad\/wp-content\/uploads\/2022\/06\/reunfederacionessportkidssfee5a7489.webp","contentUrl":"https:\/\/www.laguiadepamplona.com\/actualidad\/wp-content\/uploads\/2022\/06\/reunfederacionessportkidssfee5a7489.webp","width":1920,"height":1280},{"@type":"BreadcrumbList","@id":"https:\/\/www.laguiadepamplona.com\/actualidad\/los-fosos-de-la-media-luna-permitiran-a-ninos-y-adolescentes-hasta-14-anos-iniciarse-en-la-practica-deportiva-durante-sanfermines\/#breadcrumb","itemListElement":[{"@type":"ListItem","position":1,"name":"Portada","item":"https:\/\/www.laguiadepamplona.com\/actualidad\/"},{"@type":"ListItem","position":2,"name":"Los fosos de la Media Luna permitir\u00e1n a ni\u00f1os y adolescentes hasta 14 a\u00f1os iniciarse en la pr\u00e1ctica deportiva durante Sanfermines"}]},{"@type":"WebSite","@id":"https:\/\/www.laguiadepamplona.com\/actualidad\/#website","url":"https:\/\/www.laguiadepamplona.com\/actualidad\/","name":"La gu\u00eda de Pamplona","description":"Noticias de Pamplona","publisher":{"@id":"https:\/\/www.laguiadepamplona.com\/actualidad\/#organization"},"potentialAction":[{"@type":"SearchAction","target":{"@type":"EntryPoint","urlTemplate":"https:\/\/www.laguiadepamplona.com\/actualidad\/?s={search_term_string}"},"query-input":{"@type":"PropertyValueSpecification","valueRequired":true,"valueName":"search_term_string"}}],"inLanguage":"es"},{"@type":"Organization","@id":"https:\/\/www.laguiadepamplona.com\/actualidad\/#organization","name":"La Gu\u00eda de Pamplona \/ Noticias","url":"https:\/\/www.laguiadepamplona.com\/actualidad\/","logo":{"@type":"ImageObject","inLanguage":"es","@id":"https:\/\/www.laguiadepamplona.com\/actualidad\/#\/schema\/logo\/image\/","url":"https:\/\/www.laguiadepamplona.com\/actualidad\/wp-content\/uploads\/2018\/11\/logo-laguiadepamplona18-web1.png","contentUrl":"https:\/\/www.laguiadepamplona.com\/actualidad\/wp-content\/uploads\/2018\/11\/logo-laguiadepamplona18-web1.png","width":600,"height":196,"caption":"La Gu\u00eda de Pamplona \/ Noticias"},"image":{"@id":"https:\/\/www.laguiadepamplona.com\/actualidad\/#\/schema\/logo\/image\/"},"sameAs":["https:\/\/www.facebook.com\/laguiadepamplonacom-133175176762273\/?ref=hl","https:\/\/x.com\/LaGuiadPamplona","https:\/\/www.instagram.com\/la_guia_de_pamplona\/","https:\/\/www.youtube.com\/user\/laguiadepamplona"]},{"@type":"Person","@id":"https:\/\/www.laguiadepamplona.com\/actualidad\/#\/schema\/person\/efe887376f0213d4657c93adc50b1fdb","name":"La Gu\u00eda de Pamplona","image":{"@type":"ImageObject","inLanguage":"es","@id":"https:\/\/secure.gravatar.com\/avatar\/b6992f131dc8d30ab0dff15446e9d346d9dbd95992de0fef795073f5ea83a81c?s=96&d=mm&r=g","url":"https:\/\/secure.gravatar.com\/avatar\/b6992f131dc8d30ab0dff15446e9d346d9dbd95992de0fef795073f5ea83a81c?s=96&d=mm&r=g","contentUrl":"https:\/\/secure.gravatar.com\/avatar\/b6992f131dc8d30ab0dff15446e9d346d9dbd95992de0fef795073f5ea83a81c?s=96&d=mm&r=g","caption":"La Gu\u00eda de Pamplona"}}]}},"post_mailing_queue_ids":[],"_links":{"self":[{"href":"https:\/\/www.laguiadepamplona.com\/actualidad\/wp-json\/wp\/v2\/posts\/41078","targetHints":{"allow":["GET"]}}],"collection":[{"href":"https:\/\/www.laguiadepamplona.com\/actualidad\/wp-json\/wp\/v2\/posts"}],"about":[{"href":"https:\/\/www.laguiadepamplona.com\/actualidad\/wp-json\/wp\/v2\/types\/post"}],"author":[{"embeddable":true,"href":"https:\/\/www.laguiadepamplona.com\/actualidad\/wp-json\/wp\/v2\/users\/1"}],"replies":[{"embeddable":true,"href":"https:\/\/www.laguiadepamplona.com\/actualidad\/wp-json\/wp\/v2\/comments?post=41078"}],"version-history":[{"count":0,"href":"https:\/\/www.laguiadepamplona.com\/actualidad\/wp-json\/wp\/v2\/posts\/41078\/revisions"}],"wp:featuredmedia":[{"embeddable":true,"href":"https:\/\/www.laguiadepamplona.com\/actualidad\/wp-json\/wp\/v2\/media\/41079"}],"wp:attachment":[{"href":"https:\/\/www.laguiadepamplona.com\/actualidad\/wp-json\/wp\/v2\/media?parent=41078"}],"wp:term":[{"taxonomy":"category","embeddable":true,"href":"https:\/\/www.laguiadepamplona.com\/actualidad\/wp-json\/wp\/v2\/categories?post=41078"},{"taxonomy":"post_tag","embeddable":true,"href":"https:\/\/www.laguiadepamplona.com\/actualidad\/wp-json\/wp\/v2\/tags?post=41078"}],"curies":[{"name":"wp","href":"https:\/\/api.w.org\/{rel}","templated":true}]}}