{"id":41076,"date":"2022-06-29T13:06:11","date_gmt":"2022-06-29T11:06:11","guid":{"rendered":"https:\/\/www.laguiadepamplona.com\/actualidad\/?p=41076"},"modified":"2023-04-11T11:47:59","modified_gmt":"2023-04-11T09:47:59","slug":"pamplona-se-suma-este-miercoles-al-dia-mundial-de-la-esclerodermia-con-la-iluminacion-de-la-fachada-de-la-casa-consistorial-en-color-verde","status":"publish","type":"post","link":"https:\/\/www.laguiadepamplona.com\/actualidad\/pamplona-se-suma-este-miercoles-al-dia-mundial-de-la-esclerodermia-con-la-iluminacion-de-la-fachada-de-la-casa-consistorial-en-color-verde\/","title":{"rendered":"Pamplona se suma este mi\u00e9rcoles al D\u00eda Mundial de la Esclerodermia con la iluminaci\u00f3n de la fachada de la Casa Consistorial en color verde"},"content":{"rendered":"<p><!--more--><\/p>\n<p>Este mi\u00e9rcoles se celebrar el D\u00eda Mundial de la Esclerodermia, una enfermedad cr\u00f3nica y autoinmune, incluida dentro de las enfermedades reum\u00e1ticas. El Ayuntamiento de Pamplona se une a esta efem\u00e9ride visualizando y dando a conocer la enfermedad a trav\u00e9s de la iluminaci\u00f3n en color verde de la fachada de la Casa Consistorial. La solicitud ha llegado desde la Asociaci\u00f3n Espa\u00f1ola de Esclerodermia.<br \/>\n<script async src=\"\/\/pagead2.googlesyndication.com\/pagead\/js\/adsbygoogle.js\"><\/script><br \/>\n<!-- Noticias La Guia de Pamplona --><br \/>\n<ins class=\"adsbygoogle\"\nstyle=\"display:block\"\ndata-ad-client=\"ca-pub-6943679897239327\"\ndata-ad-slot=\"7048180777\"\ndata-ad-format=\"auto\"><\/ins><br \/>\n<script>\n(adsbygoogle = window.adsbygoogle || []).push({});\n<\/script><\/p>\n<p>La esclerodermia se engloba en las llamadas enfermedades raras debido a su baja prevalencia, pues afecta a\u00a03 por cada 10.000 habitantes. Es m\u00e1s frecuente en mujeres en una proporci\u00f3n de 4 a 1. La edad de aparici\u00f3n m\u00e1s propensa se sit\u00faa entre los 30 y los 50 a\u00f1os, aunque puede darse a cualquier edad. Su causa se desconoce, pero los estudios actuales apuntan a un origen multifactorial en el que se ven implicados tanto factores gen\u00e9ticos como ambientales. En su desarrollo hay alteraci\u00f3n a tres niveles: afectaci\u00f3n vascular, cambios inflamatorios y alteraci\u00f3n autoinmune, presencia en suero de autoanticuerpos. La alteraci\u00f3n en estos tres niveles es lo que determina el desarrollo de los diferentes s\u00edntomas que pueden aparecer.<\/p>\n<p>A pesar de la variabilidad existente, a grandes rasgos se diferencian dos tipos: esclerodermia localizada (afecta solamente a piel) y esclerodermia sist\u00e9mica (afecta a \u00f3rganos internos). Esta \u00faltima tiene tambi\u00e9n dos tipos, limitado o difusa. Existe la posibilidad de que no haya afectaci\u00f3n cut\u00e1nea (llamada esclerodermia sin esclerodermia). Adem\u00e1s, como en otras enfermedades autoinmunes, se pueden juntar m\u00e1s de una, por ejemplo, el s\u00edndrome de Sjogren se da en un 20% de los casos de esclerodermia<\/p>\n","protected":false},"excerpt":{"rendered":"","protected":false},"author":1,"featured_media":33755,"comment_status":"open","ping_status":"closed","sticky":false,"template":"","format":"standard","meta":{"footnotes":""},"categories":[2],"tags":[],"class_list":["post-41076","post","type-post","status-publish","format-standard","has-post-thumbnail","hentry","category-ayuntamiento-pamplona"],"yoast_head":"<!-- This site is optimized with the Yoast SEO plugin v27.3 - https:\/\/yoast.com\/product\/yoast-seo-wordpress\/ -->\n<title>Pamplona se suma este mi\u00e9rcoles al D\u00eda Mundial de la Esclerodermia con la iluminaci\u00f3n de la fachada de la Casa Consistorial en color verde<\/title>\n<meta name=\"description\" content=\"La esclerodermia se engloba en las llamadas enfermedades raras debido a su baja prevalencia, pues afecta a\u00a03 por cada 10.000 habitantes.\" \/>\n<meta name=\"robots\" content=\"index, follow, max-snippet:-1, max-image-preview:large, max-video-preview:-1\" \/>\n<link rel=\"canonical\" href=\"https:\/\/www.laguiadepamplona.com\/actualidad\/pamplona-se-suma-este-miercoles-al-dia-mundial-de-la-esclerodermia-con-la-iluminacion-de-la-fachada-de-la-casa-consistorial-en-color-verde\/\" \/>\n<meta property=\"og:locale\" content=\"es_ES\" \/>\n<meta property=\"og:type\" content=\"article\" \/>\n<meta property=\"og:title\" content=\"Pamplona se suma este mi\u00e9rcoles al D\u00eda Mundial de la Esclerodermia con la iluminaci\u00f3n de la fachada de la Casa Consistorial en color verde\" \/>\n<meta property=\"og:description\" content=\"La esclerodermia se engloba en las llamadas enfermedades raras debido a su baja prevalencia, pues afecta a\u00a03 por cada 10.000 habitantes.\" \/>\n<meta property=\"og:url\" content=\"https:\/\/www.laguiadepamplona.com\/actualidad\/pamplona-se-suma-este-miercoles-al-dia-mundial-de-la-esclerodermia-con-la-iluminacion-de-la-fachada-de-la-casa-consistorial-en-color-verde\/\" \/>\n<meta property=\"og:site_name\" content=\"La Gu\u00eda de Pamplona\" \/>\n<meta property=\"article:publisher\" content=\"https:\/\/www.facebook.com\/laguiadepamplonacom-133175176762273\/?ref=hl\" \/>\n<meta property=\"article:published_time\" content=\"2022-06-29T11:06:11+00:00\" \/>\n<meta property=\"article:modified_time\" content=\"2023-04-11T09:47:59+00:00\" \/>\n<meta property=\"og:image\" content=\"https:\/\/www.laguiadepamplona.com\/actualidad\/wp-content\/uploads\/2021\/03\/aytoverde_JGV1123.jpg\" \/>\n\t<meta property=\"og:image:width\" content=\"1920\" \/>\n\t<meta property=\"og:image:height\" content=\"1280\" \/>\n\t<meta property=\"og:image:type\" content=\"image\/jpeg\" \/>\n<meta name=\"author\" content=\"La Gu\u00eda de Pamplona\" \/>\n<meta name=\"twitter:card\" content=\"summary_large_image\" \/>\n<meta name=\"twitter:creator\" content=\"@LaGuiadPamplona\" \/>\n<meta name=\"twitter:site\" content=\"@LaGuiadPamplona\" \/>\n<meta name=\"twitter:label1\" content=\"Escrito por\" \/>\n\t<meta name=\"twitter:data1\" content=\"La Gu\u00eda de Pamplona\" \/>\n\t<meta name=\"twitter:label2\" content=\"Tiempo de lectura\" \/>\n\t<meta name=\"twitter:data2\" content=\"2 minutos\" \/>\n<script type=\"application\/ld+json\" class=\"yoast-schema-graph\">{\"@context\":\"https:\\\/\\\/schema.org\",\"@graph\":[{\"@type\":\"Article\",\"@id\":\"https:\\\/\\\/www.laguiadepamplona.com\\\/actualidad\\\/pamplona-se-suma-este-miercoles-al-dia-mundial-de-la-esclerodermia-con-la-iluminacion-de-la-fachada-de-la-casa-consistorial-en-color-verde\\\/#article\",\"isPartOf\":{\"@id\":\"https:\\\/\\\/www.laguiadepamplona.com\\\/actualidad\\\/pamplona-se-suma-este-miercoles-al-dia-mundial-de-la-esclerodermia-con-la-iluminacion-de-la-fachada-de-la-casa-consistorial-en-color-verde\\\/\"},\"author\":{\"name\":\"La Gu\u00eda de Pamplona\",\"@id\":\"https:\\\/\\\/www.laguiadepamplona.com\\\/actualidad\\\/#\\\/schema\\\/person\\\/efe887376f0213d4657c93adc50b1fdb\"},\"headline\":\"Pamplona se suma este mi\u00e9rcoles al D\u00eda Mundial de la Esclerodermia con la iluminaci\u00f3n de la fachada de la Casa Consistorial en color verde\",\"datePublished\":\"2022-06-29T11:06:11+00:00\",\"dateModified\":\"2023-04-11T09:47:59+00:00\",\"mainEntityOfPage\":{\"@id\":\"https:\\\/\\\/www.laguiadepamplona.com\\\/actualidad\\\/pamplona-se-suma-este-miercoles-al-dia-mundial-de-la-esclerodermia-con-la-iluminacion-de-la-fachada-de-la-casa-consistorial-en-color-verde\\\/\"},\"wordCount\":304,\"commentCount\":0,\"publisher\":{\"@id\":\"https:\\\/\\\/www.laguiadepamplona.com\\\/actualidad\\\/#organization\"},\"image\":{\"@id\":\"https:\\\/\\\/www.laguiadepamplona.com\\\/actualidad\\\/pamplona-se-suma-este-miercoles-al-dia-mundial-de-la-esclerodermia-con-la-iluminacion-de-la-fachada-de-la-casa-consistorial-en-color-verde\\\/#primaryimage\"},\"thumbnailUrl\":\"https:\\\/\\\/www.laguiadepamplona.com\\\/actualidad\\\/wp-content\\\/uploads\\\/2021\\\/03\\\/aytoverde_JGV1123.jpg\",\"articleSection\":[\"Ayto Pamplona\"],\"inLanguage\":\"es\",\"potentialAction\":[{\"@type\":\"CommentAction\",\"name\":\"Comment\",\"target\":[\"https:\\\/\\\/www.laguiadepamplona.com\\\/actualidad\\\/pamplona-se-suma-este-miercoles-al-dia-mundial-de-la-esclerodermia-con-la-iluminacion-de-la-fachada-de-la-casa-consistorial-en-color-verde\\\/#respond\"]}]},{\"@type\":\"WebPage\",\"@id\":\"https:\\\/\\\/www.laguiadepamplona.com\\\/actualidad\\\/pamplona-se-suma-este-miercoles-al-dia-mundial-de-la-esclerodermia-con-la-iluminacion-de-la-fachada-de-la-casa-consistorial-en-color-verde\\\/\",\"url\":\"https:\\\/\\\/www.laguiadepamplona.com\\\/actualidad\\\/pamplona-se-suma-este-miercoles-al-dia-mundial-de-la-esclerodermia-con-la-iluminacion-de-la-fachada-de-la-casa-consistorial-en-color-verde\\\/\",\"name\":\"Pamplona se suma este mi\u00e9rcoles al D\u00eda Mundial de la Esclerodermia con la iluminaci\u00f3n de la fachada de la Casa Consistorial en color verde\",\"isPartOf\":{\"@id\":\"https:\\\/\\\/www.laguiadepamplona.com\\\/actualidad\\\/#website\"},\"primaryImageOfPage\":{\"@id\":\"https:\\\/\\\/www.laguiadepamplona.com\\\/actualidad\\\/pamplona-se-suma-este-miercoles-al-dia-mundial-de-la-esclerodermia-con-la-iluminacion-de-la-fachada-de-la-casa-consistorial-en-color-verde\\\/#primaryimage\"},\"image\":{\"@id\":\"https:\\\/\\\/www.laguiadepamplona.com\\\/actualidad\\\/pamplona-se-suma-este-miercoles-al-dia-mundial-de-la-esclerodermia-con-la-iluminacion-de-la-fachada-de-la-casa-consistorial-en-color-verde\\\/#primaryimage\"},\"thumbnailUrl\":\"https:\\\/\\\/www.laguiadepamplona.com\\\/actualidad\\\/wp-content\\\/uploads\\\/2021\\\/03\\\/aytoverde_JGV1123.jpg\",\"datePublished\":\"2022-06-29T11:06:11+00:00\",\"dateModified\":\"2023-04-11T09:47:59+00:00\",\"description\":\"La esclerodermia se engloba en las llamadas enfermedades raras debido a su baja prevalencia, pues afecta a\u00a03 por cada 10.000 habitantes.\",\"breadcrumb\":{\"@id\":\"https:\\\/\\\/www.laguiadepamplona.com\\\/actualidad\\\/pamplona-se-suma-este-miercoles-al-dia-mundial-de-la-esclerodermia-con-la-iluminacion-de-la-fachada-de-la-casa-consistorial-en-color-verde\\\/#breadcrumb\"},\"inLanguage\":\"es\",\"potentialAction\":[{\"@type\":\"ReadAction\",\"target\":[\"https:\\\/\\\/www.laguiadepamplona.com\\\/actualidad\\\/pamplona-se-suma-este-miercoles-al-dia-mundial-de-la-esclerodermia-con-la-iluminacion-de-la-fachada-de-la-casa-consistorial-en-color-verde\\\/\"]}]},{\"@type\":\"ImageObject\",\"inLanguage\":\"es\",\"@id\":\"https:\\\/\\\/www.laguiadepamplona.com\\\/actualidad\\\/pamplona-se-suma-este-miercoles-al-dia-mundial-de-la-esclerodermia-con-la-iluminacion-de-la-fachada-de-la-casa-consistorial-en-color-verde\\\/#primaryimage\",\"url\":\"https:\\\/\\\/www.laguiadepamplona.com\\\/actualidad\\\/wp-content\\\/uploads\\\/2021\\\/03\\\/aytoverde_JGV1123.jpg\",\"contentUrl\":\"https:\\\/\\\/www.laguiadepamplona.com\\\/actualidad\\\/wp-content\\\/uploads\\\/2021\\\/03\\\/aytoverde_JGV1123.jpg\",\"width\":1920,\"height\":1280,\"caption\":\"A* Jes\u00fas Garzaron F* 2020_11_19 T* Fachada del Ayuntamiento iluminada de verde L* Ayuntamiento de Pamplona\"},{\"@type\":\"BreadcrumbList\",\"@id\":\"https:\\\/\\\/www.laguiadepamplona.com\\\/actualidad\\\/pamplona-se-suma-este-miercoles-al-dia-mundial-de-la-esclerodermia-con-la-iluminacion-de-la-fachada-de-la-casa-consistorial-en-color-verde\\\/#breadcrumb\",\"itemListElement\":[{\"@type\":\"ListItem\",\"position\":1,\"name\":\"Portada\",\"item\":\"https:\\\/\\\/www.laguiadepamplona.com\\\/actualidad\\\/\"},{\"@type\":\"ListItem\",\"position\":2,\"name\":\"Pamplona se suma este mi\u00e9rcoles al D\u00eda Mundial de la Esclerodermia con la iluminaci\u00f3n de la fachada de la Casa Consistorial en color verde\"}]},{\"@type\":\"WebSite\",\"@id\":\"https:\\\/\\\/www.laguiadepamplona.com\\\/actualidad\\\/#website\",\"url\":\"https:\\\/\\\/www.laguiadepamplona.com\\\/actualidad\\\/\",\"name\":\"La gu\u00eda de Pamplona\",\"description\":\"Noticias de Pamplona\",\"publisher\":{\"@id\":\"https:\\\/\\\/www.laguiadepamplona.com\\\/actualidad\\\/#organization\"},\"potentialAction\":[{\"@type\":\"SearchAction\",\"target\":{\"@type\":\"EntryPoint\",\"urlTemplate\":\"https:\\\/\\\/www.laguiadepamplona.com\\\/actualidad\\\/?s={search_term_string}\"},\"query-input\":{\"@type\":\"PropertyValueSpecification\",\"valueRequired\":true,\"valueName\":\"search_term_string\"}}],\"inLanguage\":\"es\"},{\"@type\":\"Organization\",\"@id\":\"https:\\\/\\\/www.laguiadepamplona.com\\\/actualidad\\\/#organization\",\"name\":\"La Gu\u00eda de Pamplona \\\/ Noticias\",\"url\":\"https:\\\/\\\/www.laguiadepamplona.com\\\/actualidad\\\/\",\"logo\":{\"@type\":\"ImageObject\",\"inLanguage\":\"es\",\"@id\":\"https:\\\/\\\/www.laguiadepamplona.com\\\/actualidad\\\/#\\\/schema\\\/logo\\\/image\\\/\",\"url\":\"https:\\\/\\\/www.laguiadepamplona.com\\\/actualidad\\\/wp-content\\\/uploads\\\/2018\\\/11\\\/logo-laguiadepamplona18-web1.png\",\"contentUrl\":\"https:\\\/\\\/www.laguiadepamplona.com\\\/actualidad\\\/wp-content\\\/uploads\\\/2018\\\/11\\\/logo-laguiadepamplona18-web1.png\",\"width\":600,\"height\":196,\"caption\":\"La Gu\u00eda de Pamplona \\\/ Noticias\"},\"image\":{\"@id\":\"https:\\\/\\\/www.laguiadepamplona.com\\\/actualidad\\\/#\\\/schema\\\/logo\\\/image\\\/\"},\"sameAs\":[\"https:\\\/\\\/www.facebook.com\\\/laguiadepamplonacom-133175176762273\\\/?ref=hl\",\"https:\\\/\\\/x.com\\\/LaGuiadPamplona\",\"https:\\\/\\\/www.instagram.com\\\/la_guia_de_pamplona\\\/\",\"https:\\\/\\\/www.youtube.com\\\/user\\\/laguiadepamplona\"]},{\"@type\":\"Person\",\"@id\":\"https:\\\/\\\/www.laguiadepamplona.com\\\/actualidad\\\/#\\\/schema\\\/person\\\/efe887376f0213d4657c93adc50b1fdb\",\"name\":\"La Gu\u00eda de Pamplona\",\"image\":{\"@type\":\"ImageObject\",\"inLanguage\":\"es\",\"@id\":\"https:\\\/\\\/secure.gravatar.com\\\/avatar\\\/b6992f131dc8d30ab0dff15446e9d346d9dbd95992de0fef795073f5ea83a81c?s=96&d=mm&r=g\",\"url\":\"https:\\\/\\\/secure.gravatar.com\\\/avatar\\\/b6992f131dc8d30ab0dff15446e9d346d9dbd95992de0fef795073f5ea83a81c?s=96&d=mm&r=g\",\"contentUrl\":\"https:\\\/\\\/secure.gravatar.com\\\/avatar\\\/b6992f131dc8d30ab0dff15446e9d346d9dbd95992de0fef795073f5ea83a81c?s=96&d=mm&r=g\",\"caption\":\"La Gu\u00eda de Pamplona\"}}]}<\/script>\n<!-- \/ Yoast SEO plugin. -->","yoast_head_json":{"title":"Pamplona se suma este mi\u00e9rcoles al D\u00eda Mundial de la Esclerodermia con la iluminaci\u00f3n de la fachada de la Casa Consistorial en color verde","description":"La esclerodermia se engloba en las llamadas enfermedades raras debido a su baja prevalencia, pues afecta a\u00a03 por cada 10.000 habitantes.","robots":{"index":"index","follow":"follow","max-snippet":"max-snippet:-1","max-image-preview":"max-image-preview:large","max-video-preview":"max-video-preview:-1"},"canonical":"https:\/\/www.laguiadepamplona.com\/actualidad\/pamplona-se-suma-este-miercoles-al-dia-mundial-de-la-esclerodermia-con-la-iluminacion-de-la-fachada-de-la-casa-consistorial-en-color-verde\/","og_locale":"es_ES","og_type":"article","og_title":"Pamplona se suma este mi\u00e9rcoles al D\u00eda Mundial de la Esclerodermia con la iluminaci\u00f3n de la fachada de la Casa Consistorial en color verde","og_description":"La esclerodermia se engloba en las llamadas enfermedades raras debido a su baja prevalencia, pues afecta a\u00a03 por cada 10.000 habitantes.","og_url":"https:\/\/www.laguiadepamplona.com\/actualidad\/pamplona-se-suma-este-miercoles-al-dia-mundial-de-la-esclerodermia-con-la-iluminacion-de-la-fachada-de-la-casa-consistorial-en-color-verde\/","og_site_name":"La Gu\u00eda de Pamplona","article_publisher":"https:\/\/www.facebook.com\/laguiadepamplonacom-133175176762273\/?ref=hl","article_published_time":"2022-06-29T11:06:11+00:00","article_modified_time":"2023-04-11T09:47:59+00:00","og_image":[{"width":1920,"height":1280,"url":"https:\/\/www.laguiadepamplona.com\/actualidad\/wp-content\/uploads\/2021\/03\/aytoverde_JGV1123.jpg","type":"image\/jpeg"}],"author":"La Gu\u00eda de Pamplona","twitter_card":"summary_large_image","twitter_creator":"@LaGuiadPamplona","twitter_site":"@LaGuiadPamplona","twitter_misc":{"Escrito por":"La Gu\u00eda de Pamplona","Tiempo de lectura":"2 minutos"},"schema":{"@context":"https:\/\/schema.org","@graph":[{"@type":"Article","@id":"https:\/\/www.laguiadepamplona.com\/actualidad\/pamplona-se-suma-este-miercoles-al-dia-mundial-de-la-esclerodermia-con-la-iluminacion-de-la-fachada-de-la-casa-consistorial-en-color-verde\/#article","isPartOf":{"@id":"https:\/\/www.laguiadepamplona.com\/actualidad\/pamplona-se-suma-este-miercoles-al-dia-mundial-de-la-esclerodermia-con-la-iluminacion-de-la-fachada-de-la-casa-consistorial-en-color-verde\/"},"author":{"name":"La Gu\u00eda de Pamplona","@id":"https:\/\/www.laguiadepamplona.com\/actualidad\/#\/schema\/person\/efe887376f0213d4657c93adc50b1fdb"},"headline":"Pamplona se suma este mi\u00e9rcoles al D\u00eda Mundial de la Esclerodermia con la iluminaci\u00f3n de la fachada de la Casa Consistorial en color verde","datePublished":"2022-06-29T11:06:11+00:00","dateModified":"2023-04-11T09:47:59+00:00","mainEntityOfPage":{"@id":"https:\/\/www.laguiadepamplona.com\/actualidad\/pamplona-se-suma-este-miercoles-al-dia-mundial-de-la-esclerodermia-con-la-iluminacion-de-la-fachada-de-la-casa-consistorial-en-color-verde\/"},"wordCount":304,"commentCount":0,"publisher":{"@id":"https:\/\/www.laguiadepamplona.com\/actualidad\/#organization"},"image":{"@id":"https:\/\/www.laguiadepamplona.com\/actualidad\/pamplona-se-suma-este-miercoles-al-dia-mundial-de-la-esclerodermia-con-la-iluminacion-de-la-fachada-de-la-casa-consistorial-en-color-verde\/#primaryimage"},"thumbnailUrl":"https:\/\/www.laguiadepamplona.com\/actualidad\/wp-content\/uploads\/2021\/03\/aytoverde_JGV1123.jpg","articleSection":["Ayto Pamplona"],"inLanguage":"es","potentialAction":[{"@type":"CommentAction","name":"Comment","target":["https:\/\/www.laguiadepamplona.com\/actualidad\/pamplona-se-suma-este-miercoles-al-dia-mundial-de-la-esclerodermia-con-la-iluminacion-de-la-fachada-de-la-casa-consistorial-en-color-verde\/#respond"]}]},{"@type":"WebPage","@id":"https:\/\/www.laguiadepamplona.com\/actualidad\/pamplona-se-suma-este-miercoles-al-dia-mundial-de-la-esclerodermia-con-la-iluminacion-de-la-fachada-de-la-casa-consistorial-en-color-verde\/","url":"https:\/\/www.laguiadepamplona.com\/actualidad\/pamplona-se-suma-este-miercoles-al-dia-mundial-de-la-esclerodermia-con-la-iluminacion-de-la-fachada-de-la-casa-consistorial-en-color-verde\/","name":"Pamplona se suma este mi\u00e9rcoles al D\u00eda Mundial de la Esclerodermia con la iluminaci\u00f3n de la fachada de la Casa Consistorial en color verde","isPartOf":{"@id":"https:\/\/www.laguiadepamplona.com\/actualidad\/#website"},"primaryImageOfPage":{"@id":"https:\/\/www.laguiadepamplona.com\/actualidad\/pamplona-se-suma-este-miercoles-al-dia-mundial-de-la-esclerodermia-con-la-iluminacion-de-la-fachada-de-la-casa-consistorial-en-color-verde\/#primaryimage"},"image":{"@id":"https:\/\/www.laguiadepamplona.com\/actualidad\/pamplona-se-suma-este-miercoles-al-dia-mundial-de-la-esclerodermia-con-la-iluminacion-de-la-fachada-de-la-casa-consistorial-en-color-verde\/#primaryimage"},"thumbnailUrl":"https:\/\/www.laguiadepamplona.com\/actualidad\/wp-content\/uploads\/2021\/03\/aytoverde_JGV1123.jpg","datePublished":"2022-06-29T11:06:11+00:00","dateModified":"2023-04-11T09:47:59+00:00","description":"La esclerodermia se engloba en las llamadas enfermedades raras debido a su baja prevalencia, pues afecta a\u00a03 por cada 10.000 habitantes.","breadcrumb":{"@id":"https:\/\/www.laguiadepamplona.com\/actualidad\/pamplona-se-suma-este-miercoles-al-dia-mundial-de-la-esclerodermia-con-la-iluminacion-de-la-fachada-de-la-casa-consistorial-en-color-verde\/#breadcrumb"},"inLanguage":"es","potentialAction":[{"@type":"ReadAction","target":["https:\/\/www.laguiadepamplona.com\/actualidad\/pamplona-se-suma-este-miercoles-al-dia-mundial-de-la-esclerodermia-con-la-iluminacion-de-la-fachada-de-la-casa-consistorial-en-color-verde\/"]}]},{"@type":"ImageObject","inLanguage":"es","@id":"https:\/\/www.laguiadepamplona.com\/actualidad\/pamplona-se-suma-este-miercoles-al-dia-mundial-de-la-esclerodermia-con-la-iluminacion-de-la-fachada-de-la-casa-consistorial-en-color-verde\/#primaryimage","url":"https:\/\/www.laguiadepamplona.com\/actualidad\/wp-content\/uploads\/2021\/03\/aytoverde_JGV1123.jpg","contentUrl":"https:\/\/www.laguiadepamplona.com\/actualidad\/wp-content\/uploads\/2021\/03\/aytoverde_JGV1123.jpg","width":1920,"height":1280,"caption":"A* Jes\u00fas Garzaron F* 2020_11_19 T* Fachada del Ayuntamiento iluminada de verde L* Ayuntamiento de Pamplona"},{"@type":"BreadcrumbList","@id":"https:\/\/www.laguiadepamplona.com\/actualidad\/pamplona-se-suma-este-miercoles-al-dia-mundial-de-la-esclerodermia-con-la-iluminacion-de-la-fachada-de-la-casa-consistorial-en-color-verde\/#breadcrumb","itemListElement":[{"@type":"ListItem","position":1,"name":"Portada","item":"https:\/\/www.laguiadepamplona.com\/actualidad\/"},{"@type":"ListItem","position":2,"name":"Pamplona se suma este mi\u00e9rcoles al D\u00eda Mundial de la Esclerodermia con la iluminaci\u00f3n de la fachada de la Casa Consistorial en color verde"}]},{"@type":"WebSite","@id":"https:\/\/www.laguiadepamplona.com\/actualidad\/#website","url":"https:\/\/www.laguiadepamplona.com\/actualidad\/","name":"La gu\u00eda de Pamplona","description":"Noticias de Pamplona","publisher":{"@id":"https:\/\/www.laguiadepamplona.com\/actualidad\/#organization"},"potentialAction":[{"@type":"SearchAction","target":{"@type":"EntryPoint","urlTemplate":"https:\/\/www.laguiadepamplona.com\/actualidad\/?s={search_term_string}"},"query-input":{"@type":"PropertyValueSpecification","valueRequired":true,"valueName":"search_term_string"}}],"inLanguage":"es"},{"@type":"Organization","@id":"https:\/\/www.laguiadepamplona.com\/actualidad\/#organization","name":"La Gu\u00eda de Pamplona \/ Noticias","url":"https:\/\/www.laguiadepamplona.com\/actualidad\/","logo":{"@type":"ImageObject","inLanguage":"es","@id":"https:\/\/www.laguiadepamplona.com\/actualidad\/#\/schema\/logo\/image\/","url":"https:\/\/www.laguiadepamplona.com\/actualidad\/wp-content\/uploads\/2018\/11\/logo-laguiadepamplona18-web1.png","contentUrl":"https:\/\/www.laguiadepamplona.com\/actualidad\/wp-content\/uploads\/2018\/11\/logo-laguiadepamplona18-web1.png","width":600,"height":196,"caption":"La Gu\u00eda de Pamplona \/ Noticias"},"image":{"@id":"https:\/\/www.laguiadepamplona.com\/actualidad\/#\/schema\/logo\/image\/"},"sameAs":["https:\/\/www.facebook.com\/laguiadepamplonacom-133175176762273\/?ref=hl","https:\/\/x.com\/LaGuiadPamplona","https:\/\/www.instagram.com\/la_guia_de_pamplona\/","https:\/\/www.youtube.com\/user\/laguiadepamplona"]},{"@type":"Person","@id":"https:\/\/www.laguiadepamplona.com\/actualidad\/#\/schema\/person\/efe887376f0213d4657c93adc50b1fdb","name":"La Gu\u00eda de Pamplona","image":{"@type":"ImageObject","inLanguage":"es","@id":"https:\/\/secure.gravatar.com\/avatar\/b6992f131dc8d30ab0dff15446e9d346d9dbd95992de0fef795073f5ea83a81c?s=96&d=mm&r=g","url":"https:\/\/secure.gravatar.com\/avatar\/b6992f131dc8d30ab0dff15446e9d346d9dbd95992de0fef795073f5ea83a81c?s=96&d=mm&r=g","contentUrl":"https:\/\/secure.gravatar.com\/avatar\/b6992f131dc8d30ab0dff15446e9d346d9dbd95992de0fef795073f5ea83a81c?s=96&d=mm&r=g","caption":"La Gu\u00eda de Pamplona"}}]}},"post_mailing_queue_ids":[],"_links":{"self":[{"href":"https:\/\/www.laguiadepamplona.com\/actualidad\/wp-json\/wp\/v2\/posts\/41076","targetHints":{"allow":["GET"]}}],"collection":[{"href":"https:\/\/www.laguiadepamplona.com\/actualidad\/wp-json\/wp\/v2\/posts"}],"about":[{"href":"https:\/\/www.laguiadepamplona.com\/actualidad\/wp-json\/wp\/v2\/types\/post"}],"author":[{"embeddable":true,"href":"https:\/\/www.laguiadepamplona.com\/actualidad\/wp-json\/wp\/v2\/users\/1"}],"replies":[{"embeddable":true,"href":"https:\/\/www.laguiadepamplona.com\/actualidad\/wp-json\/wp\/v2\/comments?post=41076"}],"version-history":[{"count":0,"href":"https:\/\/www.laguiadepamplona.com\/actualidad\/wp-json\/wp\/v2\/posts\/41076\/revisions"}],"wp:featuredmedia":[{"embeddable":true,"href":"https:\/\/www.laguiadepamplona.com\/actualidad\/wp-json\/wp\/v2\/media\/33755"}],"wp:attachment":[{"href":"https:\/\/www.laguiadepamplona.com\/actualidad\/wp-json\/wp\/v2\/media?parent=41076"}],"wp:term":[{"taxonomy":"category","embeddable":true,"href":"https:\/\/www.laguiadepamplona.com\/actualidad\/wp-json\/wp\/v2\/categories?post=41076"},{"taxonomy":"post_tag","embeddable":true,"href":"https:\/\/www.laguiadepamplona.com\/actualidad\/wp-json\/wp\/v2\/tags?post=41076"}],"curies":[{"name":"wp","href":"https:\/\/api.w.org\/{rel}","templated":true}]}}