{"id":41072,"date":"2022-06-29T13:05:02","date_gmt":"2022-06-29T11:05:02","guid":{"rendered":"https:\/\/www.laguiadepamplona.com\/actualidad\/?p=41072"},"modified":"2023-04-11T11:47:59","modified_gmt":"2023-04-11T09:47:59","slug":"el-xxxii-certamen-literario-en-euskera-para-autoria-novel-abre-hasta-el-28-de-octubre-el-plazo-de-presentacion-de-obras-en-las-modalidades-de-poesia-o-narracion","status":"publish","type":"post","link":"https:\/\/www.laguiadepamplona.com\/actualidad\/el-xxxii-certamen-literario-en-euskera-para-autoria-novel-abre-hasta-el-28-de-octubre-el-plazo-de-presentacion-de-obras-en-las-modalidades-de-poesia-o-narracion\/","title":{"rendered":"El XXXII Certamen Literario en euskera para autor\u00eda novel abre hasta el 28 de octubre el plazo de presentaci\u00f3n de obras en las modalidades de poes\u00eda o narraci\u00f3n"},"content":{"rendered":"<h5>Autoras y autores navarros o con domicilio en Navarra podr\u00e1n presentar obras de tema libre, redactadas en euskera, originales y no publicadas<\/h5>\n<p><!--more--><\/p>\n<p>El Ayuntamiento de Pamplona convoca un a\u00f1o m\u00e1s el Certamen Literario en euskera para autor\u00eda novel, que cumple ya su trig\u00e9simo segunda edici\u00f3n. El 28 de octubre finaliza el plazo de presentaci\u00f3n de obras en las dos modalidades previstas, poes\u00eda y narraci\u00f3n. Pueden participar autoras o autores navarros o, quienes sin serlo, tengan establecido su domicilio en Navarra. El pasado a\u00f1o se presentaron 24 obras.<br \/>\n<script async src=\"\/\/pagead2.googlesyndication.com\/pagead\/js\/adsbygoogle.js\"><\/script><br \/>\n<!-- Noticias La Guia de Pamplona --><br \/>\n<ins class=\"adsbygoogle\"\nstyle=\"display:block\"\ndata-ad-client=\"ca-pub-6943679897239327\"\ndata-ad-slot=\"7048180777\"\ndata-ad-format=\"auto\"><\/ins><br \/>\n<script>\n(adsbygoogle = window.adsbygoogle || []).push({});\n<\/script><\/p>\n<p>El certamen tiene como objetivo fomentar y promover la creaci\u00f3n literaria en euskera realizada por autor\u00eda novel. Cada autor o autora podr\u00e1 presentar un \u00fanico trabajo por modalidad, trabajos que ser\u00e1n de tema libre, redactados en euskera, originales y no publicados. No podr\u00e1n presentar obras quienes hayan publicado a nivel individual m\u00e1s de un libro de car\u00e1cter literario. No forman parte de esta limitaci\u00f3n las participaciones o colaboraciones literarias realizadas en revistas, medios period\u00edsticos o publicaciones de car\u00e1cter colectivo, ni tampoco las traducciones de obras literarias. Asimismo, las personas que hayan obtenido el primer premio en la misma modalidad en dos ediciones anteriores de este concurso no podr\u00e1n volver a presentarse a esa modalidad.<\/p>\n<p>En la modalidad de poes\u00eda, los trabajos tendr\u00e1n una extensi\u00f3n m\u00ednima de 200 versos; en narraci\u00f3n, la extensi\u00f3n m\u00ednima ser\u00e1 de 15 p\u00e1ginas. Las bases de la convocatoria establecen un primer premio de 2.500 euros, un segundo premio de 1.000 euros y un tercer premio de 500 euros, adem\u00e1s de la posibilidad de conceder cuatro menciones, dotadas con 250 euros, a otros tantos trabajos, sin tener en cuenta la modalidad a la que hayan sido presentados.<br \/>\n<script async src=\"\/\/pagead2.googlesyndication.com\/pagead\/js\/adsbygoogle.js\"><\/script><br \/>\n<!-- Noticias La Guia de Pamplona --><br \/>\n<ins class=\"adsbygoogle\"\nstyle=\"display:block\"\ndata-ad-client=\"ca-pub-6943679897239327\"\ndata-ad-slot=\"7048180777\"\ndata-ad-format=\"auto\"><\/ins><br \/>\n<script>\n(adsbygoogle = window.adsbygoogle || []).push({});\n<\/script><\/p>\n<p><strong>C\u00f3mo presentar los trabajos<\/strong><\/p>\n<p>Los trabajos se podr\u00e1n presentar de forma online en <a href=\"http:\/\/www.irunakulturada.eus\" target=\"_blank\" rel=\"noopener\">www.irunakulturada.eus<\/a> o <a href=\"http:\/\/www.pamplonaescultura.es\" target=\"_blank\" rel=\"noopener\">www.pamplonaescultura.es<\/a> o de forma presencial en los registros municipales. La convocatoria incluye un apartado de explicaci\u00f3n para la <a href=\"https:\/\/www.pamplonaescultura.es\/concursos\/xxxii-certamen-literario-en-euskera-para-autoria-novel-2022\/\" target=\"_blank\" rel=\"noopener\">presentaci\u00f3n online<\/a> de las obras, a trav\u00e9s de un enlace en las webs municipales de Cultura. El formulario online se cumplimenta con los datos personales del autor o autora, con la elecci\u00f3n de la modalidad y adjuntando el archivo en PDF del trabajo. Ni en el t\u00edtulo ni en el archivo se podr\u00e1n hacer menci\u00f3n alguna a la identidad del autor o autora o a sus datos personales. Se deber\u00e1 clicar tambi\u00e9n en las declaraciones para confirmar la autor\u00eda de la obra y que este es in\u00e9dita y original, antes de validar los datos y de que el sistema genera un n\u00famero de plica de referencia.<br \/>\n<script async src=\"\/\/pagead2.googlesyndication.com\/pagead\/js\/adsbygoogle.js\"><\/script><br \/>\n<!-- Noticias La Guia de Pamplona --><br \/>\n<ins class=\"adsbygoogle\"\nstyle=\"display:block\"\ndata-ad-client=\"ca-pub-6943679897239327\"\ndata-ad-slot=\"7048180777\"\ndata-ad-format=\"auto\"><\/ins><br \/>\n<script>\n(adsbygoogle = window.adsbygoogle || []).push({});\n<\/script><\/p>\n<p>Asimismo, la presentaci\u00f3n de trabajos se puede realizar a trav\u00e9s del Registro General del Ayuntamiento o de los registros auxiliares. Las personas interesadas presentar\u00e1n un sobre cerrado en el que se incluir\u00e1 una copia del trabajo. El sobre estar\u00e1 rotulado con \u2018Certamen literario en euskera para autor\u00eda novel. Modalidad correspondiente y t\u00edtulo de trabajo. En el interior se incluir\u00e1 un segundo rotulado con el t\u00edtulo del trabajo y que incluir\u00e1 nombre y apellidos de la persona autora, fecha y lugar de nacimiento, direcci\u00f3n, tel\u00e9fono y correo electr\u00f3nico.<\/p>\n<p>El jurado del certamen est\u00e1 presidido por la concejala delegada de Cultura e Igualdad y compuesto por tres personas expertas en Literatura y el t\u00e9cnico de programaci\u00f3n cultural en euskera del Ayuntamiento de Pamplona que actuar\u00e1 como secretario.<\/p>\n<p>&nbsp;<br \/>\n[qodef_button size=\u00bblarge\u00bb type=\u00bb\u00bb text=\u00bbBases del concurso.pdf\u00bb custom_class=\u00bb\u00bb icon_pack=\u00bbfont_elegant\u00bb fa_icon=\u00bbicon_download\u00bb link=\u00bbhttps:\/\/www.laguiadepamplona.com\/actualidad\/wp-content\/uploads\/2022\/06\/22.06.29_bases_concurso_autoria_novel.pdf\u00bb target=\u00bb_blank\u00bb color=\u00bbffffff\u00bb hover_color=\u00bb\u00bb background_color=\u00bb\u00bb hover_background_color=\u00bb\u00bb border_color=\u00bb\u00bb hover_border_color=\u00bb\u00bb font_size=\u00bb\u00bb font_weight=\u00bb\u00bb margin=\u00bb\u00bb]\n","protected":false},"excerpt":{"rendered":"<p>Autoras y autores navarros o con domicilio en Navarra podr\u00e1n presentar obras de tema libre, redactadas en euskera, originales y no publicadas<\/p>\n","protected":false},"author":1,"featured_media":41074,"comment_status":"open","ping_status":"closed","sticky":false,"template":"","format":"standard","meta":{"footnotes":""},"categories":[2],"tags":[],"class_list":["post-41072","post","type-post","status-publish","format-standard","has-post-thumbnail","hentry","category-ayuntamiento-pamplona"],"yoast_head":"<!-- This site is optimized with the Yoast SEO plugin v27.3 - https:\/\/yoast.com\/product\/yoast-seo-wordpress\/ -->\n<title>El XXXII Certamen Literario en euskera para autor\u00eda novel abre hasta el 28 de octubre el plazo de presentaci\u00f3n de obras en las modalidades de poes\u00eda o narraci\u00f3n<\/title>\n<meta name=\"description\" content=\"Autoras y autores navarros o con domicilio en Navarra podr\u00e1n presentar obras de tema libre, redactadas en euskera, originales y no publicadas\" \/>\n<meta name=\"robots\" content=\"index, follow, max-snippet:-1, max-image-preview:large, max-video-preview:-1\" \/>\n<link rel=\"canonical\" href=\"https:\/\/www.laguiadepamplona.com\/actualidad\/el-xxxii-certamen-literario-en-euskera-para-autoria-novel-abre-hasta-el-28-de-octubre-el-plazo-de-presentacion-de-obras-en-las-modalidades-de-poesia-o-narracion\/\" \/>\n<meta property=\"og:locale\" content=\"es_ES\" \/>\n<meta property=\"og:type\" content=\"article\" \/>\n<meta property=\"og:title\" content=\"El XXXII Certamen Literario en euskera para autor\u00eda novel abre hasta el 28 de octubre el plazo de presentaci\u00f3n de obras en las modalidades de poes\u00eda o narraci\u00f3n\" \/>\n<meta property=\"og:description\" content=\"Autoras y autores navarros o con domicilio en Navarra podr\u00e1n presentar obras de tema libre, redactadas en euskera, originales y no publicadas\" \/>\n<meta property=\"og:url\" content=\"https:\/\/www.laguiadepamplona.com\/actualidad\/el-xxxii-certamen-literario-en-euskera-para-autoria-novel-abre-hasta-el-28-de-octubre-el-plazo-de-presentacion-de-obras-en-las-modalidades-de-poesia-o-narracion\/\" \/>\n<meta property=\"og:site_name\" content=\"La Gu\u00eda de Pamplona\" \/>\n<meta property=\"article:publisher\" content=\"https:\/\/www.facebook.com\/laguiadepamplonacom-133175176762273\/?ref=hl\" \/>\n<meta property=\"article:published_time\" content=\"2022-06-29T11:05:02+00:00\" \/>\n<meta property=\"article:modified_time\" content=\"2023-04-11T09:47:59+00:00\" \/>\n<meta property=\"og:image\" content=\"https:\/\/www.laguiadepamplona.com\/actualidad\/wp-content\/uploads\/2022\/06\/Autoria-Nobel_-Egile-Berriak_Cas.-870x480-1.jpg\" \/>\n\t<meta property=\"og:image:width\" content=\"870\" \/>\n\t<meta property=\"og:image:height\" content=\"480\" \/>\n\t<meta property=\"og:image:type\" content=\"image\/jpeg\" \/>\n<meta name=\"author\" content=\"La Gu\u00eda de Pamplona\" \/>\n<meta name=\"twitter:card\" content=\"summary_large_image\" \/>\n<meta name=\"twitter:creator\" content=\"@LaGuiadPamplona\" \/>\n<meta name=\"twitter:site\" content=\"@LaGuiadPamplona\" \/>\n<meta name=\"twitter:label1\" content=\"Escrito por\" \/>\n\t<meta name=\"twitter:data1\" content=\"La Gu\u00eda de Pamplona\" \/>\n\t<meta name=\"twitter:label2\" content=\"Tiempo de lectura\" \/>\n\t<meta name=\"twitter:data2\" content=\"3 minutos\" \/>\n<script type=\"application\/ld+json\" class=\"yoast-schema-graph\">{\"@context\":\"https:\\\/\\\/schema.org\",\"@graph\":[{\"@type\":\"Article\",\"@id\":\"https:\\\/\\\/www.laguiadepamplona.com\\\/actualidad\\\/el-xxxii-certamen-literario-en-euskera-para-autoria-novel-abre-hasta-el-28-de-octubre-el-plazo-de-presentacion-de-obras-en-las-modalidades-de-poesia-o-narracion\\\/#article\",\"isPartOf\":{\"@id\":\"https:\\\/\\\/www.laguiadepamplona.com\\\/actualidad\\\/el-xxxii-certamen-literario-en-euskera-para-autoria-novel-abre-hasta-el-28-de-octubre-el-plazo-de-presentacion-de-obras-en-las-modalidades-de-poesia-o-narracion\\\/\"},\"author\":{\"name\":\"La Gu\u00eda de Pamplona\",\"@id\":\"https:\\\/\\\/www.laguiadepamplona.com\\\/actualidad\\\/#\\\/schema\\\/person\\\/efe887376f0213d4657c93adc50b1fdb\"},\"headline\":\"El XXXII Certamen Literario en euskera para autor\u00eda novel abre hasta el 28 de octubre el plazo de presentaci\u00f3n de obras en las modalidades de poes\u00eda o narraci\u00f3n\",\"datePublished\":\"2022-06-29T11:05:02+00:00\",\"dateModified\":\"2023-04-11T09:47:59+00:00\",\"mainEntityOfPage\":{\"@id\":\"https:\\\/\\\/www.laguiadepamplona.com\\\/actualidad\\\/el-xxxii-certamen-literario-en-euskera-para-autoria-novel-abre-hasta-el-28-de-octubre-el-plazo-de-presentacion-de-obras-en-las-modalidades-de-poesia-o-narracion\\\/\"},\"wordCount\":676,\"commentCount\":0,\"publisher\":{\"@id\":\"https:\\\/\\\/www.laguiadepamplona.com\\\/actualidad\\\/#organization\"},\"image\":{\"@id\":\"https:\\\/\\\/www.laguiadepamplona.com\\\/actualidad\\\/el-xxxii-certamen-literario-en-euskera-para-autoria-novel-abre-hasta-el-28-de-octubre-el-plazo-de-presentacion-de-obras-en-las-modalidades-de-poesia-o-narracion\\\/#primaryimage\"},\"thumbnailUrl\":\"https:\\\/\\\/www.laguiadepamplona.com\\\/actualidad\\\/wp-content\\\/uploads\\\/2022\\\/06\\\/Autoria-Nobel_-Egile-Berriak_Cas.-870x480-1.jpg\",\"articleSection\":[\"Ayto Pamplona\"],\"inLanguage\":\"es\",\"potentialAction\":[{\"@type\":\"CommentAction\",\"name\":\"Comment\",\"target\":[\"https:\\\/\\\/www.laguiadepamplona.com\\\/actualidad\\\/el-xxxii-certamen-literario-en-euskera-para-autoria-novel-abre-hasta-el-28-de-octubre-el-plazo-de-presentacion-de-obras-en-las-modalidades-de-poesia-o-narracion\\\/#respond\"]}]},{\"@type\":\"WebPage\",\"@id\":\"https:\\\/\\\/www.laguiadepamplona.com\\\/actualidad\\\/el-xxxii-certamen-literario-en-euskera-para-autoria-novel-abre-hasta-el-28-de-octubre-el-plazo-de-presentacion-de-obras-en-las-modalidades-de-poesia-o-narracion\\\/\",\"url\":\"https:\\\/\\\/www.laguiadepamplona.com\\\/actualidad\\\/el-xxxii-certamen-literario-en-euskera-para-autoria-novel-abre-hasta-el-28-de-octubre-el-plazo-de-presentacion-de-obras-en-las-modalidades-de-poesia-o-narracion\\\/\",\"name\":\"El XXXII Certamen Literario en euskera para autor\u00eda novel abre hasta el 28 de octubre el plazo de presentaci\u00f3n de obras en las modalidades de poes\u00eda o narraci\u00f3n\",\"isPartOf\":{\"@id\":\"https:\\\/\\\/www.laguiadepamplona.com\\\/actualidad\\\/#website\"},\"primaryImageOfPage\":{\"@id\":\"https:\\\/\\\/www.laguiadepamplona.com\\\/actualidad\\\/el-xxxii-certamen-literario-en-euskera-para-autoria-novel-abre-hasta-el-28-de-octubre-el-plazo-de-presentacion-de-obras-en-las-modalidades-de-poesia-o-narracion\\\/#primaryimage\"},\"image\":{\"@id\":\"https:\\\/\\\/www.laguiadepamplona.com\\\/actualidad\\\/el-xxxii-certamen-literario-en-euskera-para-autoria-novel-abre-hasta-el-28-de-octubre-el-plazo-de-presentacion-de-obras-en-las-modalidades-de-poesia-o-narracion\\\/#primaryimage\"},\"thumbnailUrl\":\"https:\\\/\\\/www.laguiadepamplona.com\\\/actualidad\\\/wp-content\\\/uploads\\\/2022\\\/06\\\/Autoria-Nobel_-Egile-Berriak_Cas.-870x480-1.jpg\",\"datePublished\":\"2022-06-29T11:05:02+00:00\",\"dateModified\":\"2023-04-11T09:47:59+00:00\",\"description\":\"Autoras y autores navarros o con domicilio en Navarra podr\u00e1n presentar obras de tema libre, redactadas en euskera, originales y no publicadas\",\"breadcrumb\":{\"@id\":\"https:\\\/\\\/www.laguiadepamplona.com\\\/actualidad\\\/el-xxxii-certamen-literario-en-euskera-para-autoria-novel-abre-hasta-el-28-de-octubre-el-plazo-de-presentacion-de-obras-en-las-modalidades-de-poesia-o-narracion\\\/#breadcrumb\"},\"inLanguage\":\"es\",\"potentialAction\":[{\"@type\":\"ReadAction\",\"target\":[\"https:\\\/\\\/www.laguiadepamplona.com\\\/actualidad\\\/el-xxxii-certamen-literario-en-euskera-para-autoria-novel-abre-hasta-el-28-de-octubre-el-plazo-de-presentacion-de-obras-en-las-modalidades-de-poesia-o-narracion\\\/\"]}]},{\"@type\":\"ImageObject\",\"inLanguage\":\"es\",\"@id\":\"https:\\\/\\\/www.laguiadepamplona.com\\\/actualidad\\\/el-xxxii-certamen-literario-en-euskera-para-autoria-novel-abre-hasta-el-28-de-octubre-el-plazo-de-presentacion-de-obras-en-las-modalidades-de-poesia-o-narracion\\\/#primaryimage\",\"url\":\"https:\\\/\\\/www.laguiadepamplona.com\\\/actualidad\\\/wp-content\\\/uploads\\\/2022\\\/06\\\/Autoria-Nobel_-Egile-Berriak_Cas.-870x480-1.jpg\",\"contentUrl\":\"https:\\\/\\\/www.laguiadepamplona.com\\\/actualidad\\\/wp-content\\\/uploads\\\/2022\\\/06\\\/Autoria-Nobel_-Egile-Berriak_Cas.-870x480-1.jpg\",\"width\":870,\"height\":480},{\"@type\":\"BreadcrumbList\",\"@id\":\"https:\\\/\\\/www.laguiadepamplona.com\\\/actualidad\\\/el-xxxii-certamen-literario-en-euskera-para-autoria-novel-abre-hasta-el-28-de-octubre-el-plazo-de-presentacion-de-obras-en-las-modalidades-de-poesia-o-narracion\\\/#breadcrumb\",\"itemListElement\":[{\"@type\":\"ListItem\",\"position\":1,\"name\":\"Portada\",\"item\":\"https:\\\/\\\/www.laguiadepamplona.com\\\/actualidad\\\/\"},{\"@type\":\"ListItem\",\"position\":2,\"name\":\"El XXXII Certamen Literario en euskera para autor\u00eda novel abre hasta el 28 de octubre el plazo de presentaci\u00f3n de obras en las modalidades de poes\u00eda o narraci\u00f3n\"}]},{\"@type\":\"WebSite\",\"@id\":\"https:\\\/\\\/www.laguiadepamplona.com\\\/actualidad\\\/#website\",\"url\":\"https:\\\/\\\/www.laguiadepamplona.com\\\/actualidad\\\/\",\"name\":\"La gu\u00eda de Pamplona\",\"description\":\"Noticias de Pamplona\",\"publisher\":{\"@id\":\"https:\\\/\\\/www.laguiadepamplona.com\\\/actualidad\\\/#organization\"},\"potentialAction\":[{\"@type\":\"SearchAction\",\"target\":{\"@type\":\"EntryPoint\",\"urlTemplate\":\"https:\\\/\\\/www.laguiadepamplona.com\\\/actualidad\\\/?s={search_term_string}\"},\"query-input\":{\"@type\":\"PropertyValueSpecification\",\"valueRequired\":true,\"valueName\":\"search_term_string\"}}],\"inLanguage\":\"es\"},{\"@type\":\"Organization\",\"@id\":\"https:\\\/\\\/www.laguiadepamplona.com\\\/actualidad\\\/#organization\",\"name\":\"La Gu\u00eda de Pamplona \\\/ Noticias\",\"url\":\"https:\\\/\\\/www.laguiadepamplona.com\\\/actualidad\\\/\",\"logo\":{\"@type\":\"ImageObject\",\"inLanguage\":\"es\",\"@id\":\"https:\\\/\\\/www.laguiadepamplona.com\\\/actualidad\\\/#\\\/schema\\\/logo\\\/image\\\/\",\"url\":\"https:\\\/\\\/www.laguiadepamplona.com\\\/actualidad\\\/wp-content\\\/uploads\\\/2018\\\/11\\\/logo-laguiadepamplona18-web1.png\",\"contentUrl\":\"https:\\\/\\\/www.laguiadepamplona.com\\\/actualidad\\\/wp-content\\\/uploads\\\/2018\\\/11\\\/logo-laguiadepamplona18-web1.png\",\"width\":600,\"height\":196,\"caption\":\"La Gu\u00eda de Pamplona \\\/ Noticias\"},\"image\":{\"@id\":\"https:\\\/\\\/www.laguiadepamplona.com\\\/actualidad\\\/#\\\/schema\\\/logo\\\/image\\\/\"},\"sameAs\":[\"https:\\\/\\\/www.facebook.com\\\/laguiadepamplonacom-133175176762273\\\/?ref=hl\",\"https:\\\/\\\/x.com\\\/LaGuiadPamplona\",\"https:\\\/\\\/www.instagram.com\\\/la_guia_de_pamplona\\\/\",\"https:\\\/\\\/www.youtube.com\\\/user\\\/laguiadepamplona\"]},{\"@type\":\"Person\",\"@id\":\"https:\\\/\\\/www.laguiadepamplona.com\\\/actualidad\\\/#\\\/schema\\\/person\\\/efe887376f0213d4657c93adc50b1fdb\",\"name\":\"La Gu\u00eda de Pamplona\",\"image\":{\"@type\":\"ImageObject\",\"inLanguage\":\"es\",\"@id\":\"https:\\\/\\\/secure.gravatar.com\\\/avatar\\\/b6992f131dc8d30ab0dff15446e9d346d9dbd95992de0fef795073f5ea83a81c?s=96&d=mm&r=g\",\"url\":\"https:\\\/\\\/secure.gravatar.com\\\/avatar\\\/b6992f131dc8d30ab0dff15446e9d346d9dbd95992de0fef795073f5ea83a81c?s=96&d=mm&r=g\",\"contentUrl\":\"https:\\\/\\\/secure.gravatar.com\\\/avatar\\\/b6992f131dc8d30ab0dff15446e9d346d9dbd95992de0fef795073f5ea83a81c?s=96&d=mm&r=g\",\"caption\":\"La Gu\u00eda de Pamplona\"}}]}<\/script>\n<!-- \/ Yoast SEO plugin. -->","yoast_head_json":{"title":"El XXXII Certamen Literario en euskera para autor\u00eda novel abre hasta el 28 de octubre el plazo de presentaci\u00f3n de obras en las modalidades de poes\u00eda o narraci\u00f3n","description":"Autoras y autores navarros o con domicilio en Navarra podr\u00e1n presentar obras de tema libre, redactadas en euskera, originales y no publicadas","robots":{"index":"index","follow":"follow","max-snippet":"max-snippet:-1","max-image-preview":"max-image-preview:large","max-video-preview":"max-video-preview:-1"},"canonical":"https:\/\/www.laguiadepamplona.com\/actualidad\/el-xxxii-certamen-literario-en-euskera-para-autoria-novel-abre-hasta-el-28-de-octubre-el-plazo-de-presentacion-de-obras-en-las-modalidades-de-poesia-o-narracion\/","og_locale":"es_ES","og_type":"article","og_title":"El XXXII Certamen Literario en euskera para autor\u00eda novel abre hasta el 28 de octubre el plazo de presentaci\u00f3n de obras en las modalidades de poes\u00eda o narraci\u00f3n","og_description":"Autoras y autores navarros o con domicilio en Navarra podr\u00e1n presentar obras de tema libre, redactadas en euskera, originales y no publicadas","og_url":"https:\/\/www.laguiadepamplona.com\/actualidad\/el-xxxii-certamen-literario-en-euskera-para-autoria-novel-abre-hasta-el-28-de-octubre-el-plazo-de-presentacion-de-obras-en-las-modalidades-de-poesia-o-narracion\/","og_site_name":"La Gu\u00eda de Pamplona","article_publisher":"https:\/\/www.facebook.com\/laguiadepamplonacom-133175176762273\/?ref=hl","article_published_time":"2022-06-29T11:05:02+00:00","article_modified_time":"2023-04-11T09:47:59+00:00","og_image":[{"width":870,"height":480,"url":"https:\/\/www.laguiadepamplona.com\/actualidad\/wp-content\/uploads\/2022\/06\/Autoria-Nobel_-Egile-Berriak_Cas.-870x480-1.jpg","type":"image\/jpeg"}],"author":"La Gu\u00eda de Pamplona","twitter_card":"summary_large_image","twitter_creator":"@LaGuiadPamplona","twitter_site":"@LaGuiadPamplona","twitter_misc":{"Escrito por":"La Gu\u00eda de Pamplona","Tiempo de lectura":"3 minutos"},"schema":{"@context":"https:\/\/schema.org","@graph":[{"@type":"Article","@id":"https:\/\/www.laguiadepamplona.com\/actualidad\/el-xxxii-certamen-literario-en-euskera-para-autoria-novel-abre-hasta-el-28-de-octubre-el-plazo-de-presentacion-de-obras-en-las-modalidades-de-poesia-o-narracion\/#article","isPartOf":{"@id":"https:\/\/www.laguiadepamplona.com\/actualidad\/el-xxxii-certamen-literario-en-euskera-para-autoria-novel-abre-hasta-el-28-de-octubre-el-plazo-de-presentacion-de-obras-en-las-modalidades-de-poesia-o-narracion\/"},"author":{"name":"La Gu\u00eda de Pamplona","@id":"https:\/\/www.laguiadepamplona.com\/actualidad\/#\/schema\/person\/efe887376f0213d4657c93adc50b1fdb"},"headline":"El XXXII Certamen Literario en euskera para autor\u00eda novel abre hasta el 28 de octubre el plazo de presentaci\u00f3n de obras en las modalidades de poes\u00eda o narraci\u00f3n","datePublished":"2022-06-29T11:05:02+00:00","dateModified":"2023-04-11T09:47:59+00:00","mainEntityOfPage":{"@id":"https:\/\/www.laguiadepamplona.com\/actualidad\/el-xxxii-certamen-literario-en-euskera-para-autoria-novel-abre-hasta-el-28-de-octubre-el-plazo-de-presentacion-de-obras-en-las-modalidades-de-poesia-o-narracion\/"},"wordCount":676,"commentCount":0,"publisher":{"@id":"https:\/\/www.laguiadepamplona.com\/actualidad\/#organization"},"image":{"@id":"https:\/\/www.laguiadepamplona.com\/actualidad\/el-xxxii-certamen-literario-en-euskera-para-autoria-novel-abre-hasta-el-28-de-octubre-el-plazo-de-presentacion-de-obras-en-las-modalidades-de-poesia-o-narracion\/#primaryimage"},"thumbnailUrl":"https:\/\/www.laguiadepamplona.com\/actualidad\/wp-content\/uploads\/2022\/06\/Autoria-Nobel_-Egile-Berriak_Cas.-870x480-1.jpg","articleSection":["Ayto Pamplona"],"inLanguage":"es","potentialAction":[{"@type":"CommentAction","name":"Comment","target":["https:\/\/www.laguiadepamplona.com\/actualidad\/el-xxxii-certamen-literario-en-euskera-para-autoria-novel-abre-hasta-el-28-de-octubre-el-plazo-de-presentacion-de-obras-en-las-modalidades-de-poesia-o-narracion\/#respond"]}]},{"@type":"WebPage","@id":"https:\/\/www.laguiadepamplona.com\/actualidad\/el-xxxii-certamen-literario-en-euskera-para-autoria-novel-abre-hasta-el-28-de-octubre-el-plazo-de-presentacion-de-obras-en-las-modalidades-de-poesia-o-narracion\/","url":"https:\/\/www.laguiadepamplona.com\/actualidad\/el-xxxii-certamen-literario-en-euskera-para-autoria-novel-abre-hasta-el-28-de-octubre-el-plazo-de-presentacion-de-obras-en-las-modalidades-de-poesia-o-narracion\/","name":"El XXXII Certamen Literario en euskera para autor\u00eda novel abre hasta el 28 de octubre el plazo de presentaci\u00f3n de obras en las modalidades de poes\u00eda o narraci\u00f3n","isPartOf":{"@id":"https:\/\/www.laguiadepamplona.com\/actualidad\/#website"},"primaryImageOfPage":{"@id":"https:\/\/www.laguiadepamplona.com\/actualidad\/el-xxxii-certamen-literario-en-euskera-para-autoria-novel-abre-hasta-el-28-de-octubre-el-plazo-de-presentacion-de-obras-en-las-modalidades-de-poesia-o-narracion\/#primaryimage"},"image":{"@id":"https:\/\/www.laguiadepamplona.com\/actualidad\/el-xxxii-certamen-literario-en-euskera-para-autoria-novel-abre-hasta-el-28-de-octubre-el-plazo-de-presentacion-de-obras-en-las-modalidades-de-poesia-o-narracion\/#primaryimage"},"thumbnailUrl":"https:\/\/www.laguiadepamplona.com\/actualidad\/wp-content\/uploads\/2022\/06\/Autoria-Nobel_-Egile-Berriak_Cas.-870x480-1.jpg","datePublished":"2022-06-29T11:05:02+00:00","dateModified":"2023-04-11T09:47:59+00:00","description":"Autoras y autores navarros o con domicilio en Navarra podr\u00e1n presentar obras de tema libre, redactadas en euskera, originales y no publicadas","breadcrumb":{"@id":"https:\/\/www.laguiadepamplona.com\/actualidad\/el-xxxii-certamen-literario-en-euskera-para-autoria-novel-abre-hasta-el-28-de-octubre-el-plazo-de-presentacion-de-obras-en-las-modalidades-de-poesia-o-narracion\/#breadcrumb"},"inLanguage":"es","potentialAction":[{"@type":"ReadAction","target":["https:\/\/www.laguiadepamplona.com\/actualidad\/el-xxxii-certamen-literario-en-euskera-para-autoria-novel-abre-hasta-el-28-de-octubre-el-plazo-de-presentacion-de-obras-en-las-modalidades-de-poesia-o-narracion\/"]}]},{"@type":"ImageObject","inLanguage":"es","@id":"https:\/\/www.laguiadepamplona.com\/actualidad\/el-xxxii-certamen-literario-en-euskera-para-autoria-novel-abre-hasta-el-28-de-octubre-el-plazo-de-presentacion-de-obras-en-las-modalidades-de-poesia-o-narracion\/#primaryimage","url":"https:\/\/www.laguiadepamplona.com\/actualidad\/wp-content\/uploads\/2022\/06\/Autoria-Nobel_-Egile-Berriak_Cas.-870x480-1.jpg","contentUrl":"https:\/\/www.laguiadepamplona.com\/actualidad\/wp-content\/uploads\/2022\/06\/Autoria-Nobel_-Egile-Berriak_Cas.-870x480-1.jpg","width":870,"height":480},{"@type":"BreadcrumbList","@id":"https:\/\/www.laguiadepamplona.com\/actualidad\/el-xxxii-certamen-literario-en-euskera-para-autoria-novel-abre-hasta-el-28-de-octubre-el-plazo-de-presentacion-de-obras-en-las-modalidades-de-poesia-o-narracion\/#breadcrumb","itemListElement":[{"@type":"ListItem","position":1,"name":"Portada","item":"https:\/\/www.laguiadepamplona.com\/actualidad\/"},{"@type":"ListItem","position":2,"name":"El XXXII Certamen Literario en euskera para autor\u00eda novel abre hasta el 28 de octubre el plazo de presentaci\u00f3n de obras en las modalidades de poes\u00eda o narraci\u00f3n"}]},{"@type":"WebSite","@id":"https:\/\/www.laguiadepamplona.com\/actualidad\/#website","url":"https:\/\/www.laguiadepamplona.com\/actualidad\/","name":"La gu\u00eda de Pamplona","description":"Noticias de Pamplona","publisher":{"@id":"https:\/\/www.laguiadepamplona.com\/actualidad\/#organization"},"potentialAction":[{"@type":"SearchAction","target":{"@type":"EntryPoint","urlTemplate":"https:\/\/www.laguiadepamplona.com\/actualidad\/?s={search_term_string}"},"query-input":{"@type":"PropertyValueSpecification","valueRequired":true,"valueName":"search_term_string"}}],"inLanguage":"es"},{"@type":"Organization","@id":"https:\/\/www.laguiadepamplona.com\/actualidad\/#organization","name":"La Gu\u00eda de Pamplona \/ Noticias","url":"https:\/\/www.laguiadepamplona.com\/actualidad\/","logo":{"@type":"ImageObject","inLanguage":"es","@id":"https:\/\/www.laguiadepamplona.com\/actualidad\/#\/schema\/logo\/image\/","url":"https:\/\/www.laguiadepamplona.com\/actualidad\/wp-content\/uploads\/2018\/11\/logo-laguiadepamplona18-web1.png","contentUrl":"https:\/\/www.laguiadepamplona.com\/actualidad\/wp-content\/uploads\/2018\/11\/logo-laguiadepamplona18-web1.png","width":600,"height":196,"caption":"La Gu\u00eda de Pamplona \/ Noticias"},"image":{"@id":"https:\/\/www.laguiadepamplona.com\/actualidad\/#\/schema\/logo\/image\/"},"sameAs":["https:\/\/www.facebook.com\/laguiadepamplonacom-133175176762273\/?ref=hl","https:\/\/x.com\/LaGuiadPamplona","https:\/\/www.instagram.com\/la_guia_de_pamplona\/","https:\/\/www.youtube.com\/user\/laguiadepamplona"]},{"@type":"Person","@id":"https:\/\/www.laguiadepamplona.com\/actualidad\/#\/schema\/person\/efe887376f0213d4657c93adc50b1fdb","name":"La Gu\u00eda de Pamplona","image":{"@type":"ImageObject","inLanguage":"es","@id":"https:\/\/secure.gravatar.com\/avatar\/b6992f131dc8d30ab0dff15446e9d346d9dbd95992de0fef795073f5ea83a81c?s=96&d=mm&r=g","url":"https:\/\/secure.gravatar.com\/avatar\/b6992f131dc8d30ab0dff15446e9d346d9dbd95992de0fef795073f5ea83a81c?s=96&d=mm&r=g","contentUrl":"https:\/\/secure.gravatar.com\/avatar\/b6992f131dc8d30ab0dff15446e9d346d9dbd95992de0fef795073f5ea83a81c?s=96&d=mm&r=g","caption":"La Gu\u00eda de Pamplona"}}]}},"post_mailing_queue_ids":[],"_links":{"self":[{"href":"https:\/\/www.laguiadepamplona.com\/actualidad\/wp-json\/wp\/v2\/posts\/41072","targetHints":{"allow":["GET"]}}],"collection":[{"href":"https:\/\/www.laguiadepamplona.com\/actualidad\/wp-json\/wp\/v2\/posts"}],"about":[{"href":"https:\/\/www.laguiadepamplona.com\/actualidad\/wp-json\/wp\/v2\/types\/post"}],"author":[{"embeddable":true,"href":"https:\/\/www.laguiadepamplona.com\/actualidad\/wp-json\/wp\/v2\/users\/1"}],"replies":[{"embeddable":true,"href":"https:\/\/www.laguiadepamplona.com\/actualidad\/wp-json\/wp\/v2\/comments?post=41072"}],"version-history":[{"count":0,"href":"https:\/\/www.laguiadepamplona.com\/actualidad\/wp-json\/wp\/v2\/posts\/41072\/revisions"}],"wp:featuredmedia":[{"embeddable":true,"href":"https:\/\/www.laguiadepamplona.com\/actualidad\/wp-json\/wp\/v2\/media\/41074"}],"wp:attachment":[{"href":"https:\/\/www.laguiadepamplona.com\/actualidad\/wp-json\/wp\/v2\/media?parent=41072"}],"wp:term":[{"taxonomy":"category","embeddable":true,"href":"https:\/\/www.laguiadepamplona.com\/actualidad\/wp-json\/wp\/v2\/categories?post=41072"},{"taxonomy":"post_tag","embeddable":true,"href":"https:\/\/www.laguiadepamplona.com\/actualidad\/wp-json\/wp\/v2\/tags?post=41072"}],"curies":[{"name":"wp","href":"https:\/\/api.w.org\/{rel}","templated":true}]}}