{"id":41069,"date":"2022-06-29T12:10:46","date_gmt":"2022-06-29T10:10:46","guid":{"rendered":"https:\/\/www.laguiadepamplona.com\/actualidad\/?p=41069"},"modified":"2023-04-11T11:47:59","modified_gmt":"2023-04-11T09:47:59","slug":"abre-al-publico-el-nuevo-fronton-de-mendillorri-ubicado-en-la-calle-concejo-de-sarriguren-junto-al-centro-comunitario-antzara","status":"publish","type":"post","link":"https:\/\/www.laguiadepamplona.com\/actualidad\/abre-al-publico-el-nuevo-fronton-de-mendillorri-ubicado-en-la-calle-concejo-de-sarriguren-junto-al-centro-comunitario-antzara\/","title":{"rendered":"Abre al p\u00fablico el nuevo front\u00f3n de Mendillorri, ubicado en la calle Concejo de Sarriguren, junto al Centro Comunitario Antzara"},"content":{"rendered":"<h5>El presupuesto de esta nueva infraestructura deportiva en la ciudad ha sido de 302.895,75 euros y se ha ejecutado en cinco meses<\/h5>\n<p><!--more--><\/p>\n<p>La Gerencia y la Comisi\u00f3n de Urbanismo han visitado esta ma\u00f1ana el nuevo front\u00f3n infanto-juvenil construido por el Ayuntamiento de Pamplona en el barrio de Mendillorri. Se ubica en la calle Concejo de Sarriguren, junto al Centro Comunitario Antzara, en la misma v\u00eda que otras dotaciones p\u00fablicas como el civivox, la biblioteca, el centro de salud o el polideportivo \u2013 trinquete de Mendillorri. La inversi\u00f3n ha ascendido a 302.895,75 euros y las obras se han desarrollado en los \u00faltimos cinco meses.<br \/>\n<script async src=\"\/\/pagead2.googlesyndication.com\/pagead\/js\/adsbygoogle.js\"><\/script><br \/>\n<!-- Noticias La Guia de Pamplona --><br \/>\n<ins class=\"adsbygoogle\"\nstyle=\"display:block\"\ndata-ad-client=\"ca-pub-6943679897239327\"\ndata-ad-slot=\"7048180777\"\ndata-ad-format=\"auto\"><\/ins><br \/>\n<script>\n(adsbygoogle = window.adsbygoogle || []).push({});\n<\/script><\/p>\n<p>La idea de construir un front\u00f3n en el barrio de Mendillorri surge de la demanda vecinal. En 2012 se hace un estudio de la ubicaci\u00f3n y el presupuesto necesario para la ejecuci\u00f3n de un front\u00f3n reglamentario con gradas, iluminaci\u00f3n, cuadro el\u00e9ctrico para su utilizaci\u00f3n para eventos y previsi\u00f3n de cubrici\u00f3n del front\u00f3n. Sin embargo, este proyecto no se llev\u00f3 adelante. Durante el pasado a\u00f1o se retom\u00f3 la idea, aunque con un proyecto menos ambicioso debido al presupuesto disponible para ejecutarlo.<\/p>\n<p>El front\u00f3n se ha levantado en una parcela hasta ahora sin edificar, que se estaba utilizando como zona de esparcimiento canino. La nueva instalaci\u00f3n tiene una pared lateral de 25 metros de largo y un frontis de 15 metros de ancho, de los que 11 se corresponden con la zona de juego. La altura de ese frontis es de 13,20 metros, incluida una red de protecci\u00f3n en la parte superior. Con esas dimensiones, su uso previsto es el deportivo para juego de front\u00f3n de menores y j\u00f3venes, sin cumplir con las medidas necesarias para su uso reglado.<br \/>\n<script async src=\"\/\/pagead2.googlesyndication.com\/pagead\/js\/adsbygoogle.js\"><\/script><br \/>\n<!-- Noticias La Guia de Pamplona --><br \/>\n<ins class=\"adsbygoogle\"\nstyle=\"display:block\"\ndata-ad-client=\"ca-pub-6943679897239327\"\ndata-ad-slot=\"7048180777\"\ndata-ad-format=\"auto\"><\/ins><br \/>\n<script>\n(adsbygoogle = window.adsbygoogle || []).push({});\n<\/script><\/p>\n<p>El front\u00f3n se ha construido descubierto y algo soterrado, por debajo del nivel de la acera debido al desnivel del terreno. Desde la calle Concejo de Sarriguren, la zona de juego queda resguardada, ya que desde la acera se ve solo la trasera de la pared lateral. Se ha aprovechado para adecuar e iluminar el entorno, pues al no estar urbanizada la parcela no hab\u00eda otros elementos de edificaci\u00f3n o instalaciones. Se accede al front\u00f3n mediante un camino habilitado por detr\u00e1s del frontis, con su consiguiente alumbrado. Se completa la obra con la acometida de abastecimiento para una fuente y la consiguiente estructura para la recogida de aguas y su vertido a la red general de saneamiento.<\/p>\n","protected":false},"excerpt":{"rendered":"<p>El presupuesto de esta nueva infraestructura deportiva en la ciudad ha sido de 302.895,75 euros y se ha ejecutado en cinco meses<\/p>\n","protected":false},"author":1,"featured_media":41070,"comment_status":"open","ping_status":"closed","sticky":false,"template":"","format":"standard","meta":{"footnotes":""},"categories":[2],"tags":[],"class_list":["post-41069","post","type-post","status-publish","format-standard","has-post-thumbnail","hentry","category-ayuntamiento-pamplona"],"yoast_head":"<!-- This site is optimized with the Yoast SEO plugin v27.3 - https:\/\/yoast.com\/product\/yoast-seo-wordpress\/ -->\n<title>Abre al p\u00fablico el nuevo front\u00f3n de Mendillorri, ubicado en la calle Concejo de Sarriguren, junto al Centro Comunitario Antzara<\/title>\n<meta name=\"description\" content=\"El presupuesto de esta nueva infraestructura deportiva en la ciudad ha sido de 302.895,75 euros y se ha ejecutado en cinco meses\" \/>\n<meta name=\"robots\" content=\"index, follow, max-snippet:-1, max-image-preview:large, max-video-preview:-1\" \/>\n<link rel=\"canonical\" href=\"https:\/\/www.laguiadepamplona.com\/actualidad\/abre-al-publico-el-nuevo-fronton-de-mendillorri-ubicado-en-la-calle-concejo-de-sarriguren-junto-al-centro-comunitario-antzara\/\" \/>\n<meta property=\"og:locale\" content=\"es_ES\" \/>\n<meta property=\"og:type\" content=\"article\" \/>\n<meta property=\"og:title\" content=\"Abre al p\u00fablico el nuevo front\u00f3n de Mendillorri, ubicado en la calle Concejo de Sarriguren, junto al Centro Comunitario Antzara\" \/>\n<meta property=\"og:description\" content=\"El presupuesto de esta nueva infraestructura deportiva en la ciudad ha sido de 302.895,75 euros y se ha ejecutado en cinco meses\" \/>\n<meta property=\"og:url\" content=\"https:\/\/www.laguiadepamplona.com\/actualidad\/abre-al-publico-el-nuevo-fronton-de-mendillorri-ubicado-en-la-calle-concejo-de-sarriguren-junto-al-centro-comunitario-antzara\/\" \/>\n<meta property=\"og:site_name\" content=\"La Gu\u00eda de Pamplona\" \/>\n<meta property=\"article:publisher\" content=\"https:\/\/www.facebook.com\/laguiadepamplonacom-133175176762273\/?ref=hl\" \/>\n<meta property=\"article:published_time\" content=\"2022-06-29T10:10:46+00:00\" \/>\n<meta property=\"article:modified_time\" content=\"2023-04-11T09:47:59+00:00\" \/>\n<meta property=\"og:image\" content=\"https:\/\/www.laguiadepamplona.com\/actualidad\/wp-content\/uploads\/2022\/06\/fronton-mendillorri.webp\" \/>\n\t<meta property=\"og:image:width\" content=\"1920\" \/>\n\t<meta property=\"og:image:height\" content=\"1281\" \/>\n\t<meta property=\"og:image:type\" content=\"image\/webp\" \/>\n<meta name=\"author\" content=\"La Gu\u00eda de Pamplona\" \/>\n<meta name=\"twitter:card\" content=\"summary_large_image\" \/>\n<meta name=\"twitter:creator\" content=\"@LaGuiadPamplona\" \/>\n<meta name=\"twitter:site\" content=\"@LaGuiadPamplona\" \/>\n<meta name=\"twitter:label1\" content=\"Escrito por\" \/>\n\t<meta name=\"twitter:data1\" content=\"La Gu\u00eda de Pamplona\" \/>\n\t<meta name=\"twitter:label2\" content=\"Tiempo de lectura\" \/>\n\t<meta name=\"twitter:data2\" content=\"2 minutos\" \/>\n<script type=\"application\/ld+json\" class=\"yoast-schema-graph\">{\"@context\":\"https:\\\/\\\/schema.org\",\"@graph\":[{\"@type\":\"Article\",\"@id\":\"https:\\\/\\\/www.laguiadepamplona.com\\\/actualidad\\\/abre-al-publico-el-nuevo-fronton-de-mendillorri-ubicado-en-la-calle-concejo-de-sarriguren-junto-al-centro-comunitario-antzara\\\/#article\",\"isPartOf\":{\"@id\":\"https:\\\/\\\/www.laguiadepamplona.com\\\/actualidad\\\/abre-al-publico-el-nuevo-fronton-de-mendillorri-ubicado-en-la-calle-concejo-de-sarriguren-junto-al-centro-comunitario-antzara\\\/\"},\"author\":{\"name\":\"La Gu\u00eda de Pamplona\",\"@id\":\"https:\\\/\\\/www.laguiadepamplona.com\\\/actualidad\\\/#\\\/schema\\\/person\\\/efe887376f0213d4657c93adc50b1fdb\"},\"headline\":\"Abre al p\u00fablico el nuevo front\u00f3n de Mendillorri, ubicado en la calle Concejo de Sarriguren, junto al Centro Comunitario Antzara\",\"datePublished\":\"2022-06-29T10:10:46+00:00\",\"dateModified\":\"2023-04-11T09:47:59+00:00\",\"mainEntityOfPage\":{\"@id\":\"https:\\\/\\\/www.laguiadepamplona.com\\\/actualidad\\\/abre-al-publico-el-nuevo-fronton-de-mendillorri-ubicado-en-la-calle-concejo-de-sarriguren-junto-al-centro-comunitario-antzara\\\/\"},\"wordCount\":438,\"commentCount\":0,\"publisher\":{\"@id\":\"https:\\\/\\\/www.laguiadepamplona.com\\\/actualidad\\\/#organization\"},\"image\":{\"@id\":\"https:\\\/\\\/www.laguiadepamplona.com\\\/actualidad\\\/abre-al-publico-el-nuevo-fronton-de-mendillorri-ubicado-en-la-calle-concejo-de-sarriguren-junto-al-centro-comunitario-antzara\\\/#primaryimage\"},\"thumbnailUrl\":\"https:\\\/\\\/www.laguiadepamplona.com\\\/actualidad\\\/wp-content\\\/uploads\\\/2022\\\/06\\\/fronton-mendillorri.webp\",\"articleSection\":[\"Ayto Pamplona\"],\"inLanguage\":\"es\",\"potentialAction\":[{\"@type\":\"CommentAction\",\"name\":\"Comment\",\"target\":[\"https:\\\/\\\/www.laguiadepamplona.com\\\/actualidad\\\/abre-al-publico-el-nuevo-fronton-de-mendillorri-ubicado-en-la-calle-concejo-de-sarriguren-junto-al-centro-comunitario-antzara\\\/#respond\"]}]},{\"@type\":\"WebPage\",\"@id\":\"https:\\\/\\\/www.laguiadepamplona.com\\\/actualidad\\\/abre-al-publico-el-nuevo-fronton-de-mendillorri-ubicado-en-la-calle-concejo-de-sarriguren-junto-al-centro-comunitario-antzara\\\/\",\"url\":\"https:\\\/\\\/www.laguiadepamplona.com\\\/actualidad\\\/abre-al-publico-el-nuevo-fronton-de-mendillorri-ubicado-en-la-calle-concejo-de-sarriguren-junto-al-centro-comunitario-antzara\\\/\",\"name\":\"Abre al p\u00fablico el nuevo front\u00f3n de Mendillorri, ubicado en la calle Concejo de Sarriguren, junto al Centro Comunitario Antzara\",\"isPartOf\":{\"@id\":\"https:\\\/\\\/www.laguiadepamplona.com\\\/actualidad\\\/#website\"},\"primaryImageOfPage\":{\"@id\":\"https:\\\/\\\/www.laguiadepamplona.com\\\/actualidad\\\/abre-al-publico-el-nuevo-fronton-de-mendillorri-ubicado-en-la-calle-concejo-de-sarriguren-junto-al-centro-comunitario-antzara\\\/#primaryimage\"},\"image\":{\"@id\":\"https:\\\/\\\/www.laguiadepamplona.com\\\/actualidad\\\/abre-al-publico-el-nuevo-fronton-de-mendillorri-ubicado-en-la-calle-concejo-de-sarriguren-junto-al-centro-comunitario-antzara\\\/#primaryimage\"},\"thumbnailUrl\":\"https:\\\/\\\/www.laguiadepamplona.com\\\/actualidad\\\/wp-content\\\/uploads\\\/2022\\\/06\\\/fronton-mendillorri.webp\",\"datePublished\":\"2022-06-29T10:10:46+00:00\",\"dateModified\":\"2023-04-11T09:47:59+00:00\",\"description\":\"El presupuesto de esta nueva infraestructura deportiva en la ciudad ha sido de 302.895,75 euros y se ha ejecutado en cinco meses\",\"breadcrumb\":{\"@id\":\"https:\\\/\\\/www.laguiadepamplona.com\\\/actualidad\\\/abre-al-publico-el-nuevo-fronton-de-mendillorri-ubicado-en-la-calle-concejo-de-sarriguren-junto-al-centro-comunitario-antzara\\\/#breadcrumb\"},\"inLanguage\":\"es\",\"potentialAction\":[{\"@type\":\"ReadAction\",\"target\":[\"https:\\\/\\\/www.laguiadepamplona.com\\\/actualidad\\\/abre-al-publico-el-nuevo-fronton-de-mendillorri-ubicado-en-la-calle-concejo-de-sarriguren-junto-al-centro-comunitario-antzara\\\/\"]}]},{\"@type\":\"ImageObject\",\"inLanguage\":\"es\",\"@id\":\"https:\\\/\\\/www.laguiadepamplona.com\\\/actualidad\\\/abre-al-publico-el-nuevo-fronton-de-mendillorri-ubicado-en-la-calle-concejo-de-sarriguren-junto-al-centro-comunitario-antzara\\\/#primaryimage\",\"url\":\"https:\\\/\\\/www.laguiadepamplona.com\\\/actualidad\\\/wp-content\\\/uploads\\\/2022\\\/06\\\/fronton-mendillorri.webp\",\"contentUrl\":\"https:\\\/\\\/www.laguiadepamplona.com\\\/actualidad\\\/wp-content\\\/uploads\\\/2022\\\/06\\\/fronton-mendillorri.webp\",\"width\":1920,\"height\":1281},{\"@type\":\"BreadcrumbList\",\"@id\":\"https:\\\/\\\/www.laguiadepamplona.com\\\/actualidad\\\/abre-al-publico-el-nuevo-fronton-de-mendillorri-ubicado-en-la-calle-concejo-de-sarriguren-junto-al-centro-comunitario-antzara\\\/#breadcrumb\",\"itemListElement\":[{\"@type\":\"ListItem\",\"position\":1,\"name\":\"Portada\",\"item\":\"https:\\\/\\\/www.laguiadepamplona.com\\\/actualidad\\\/\"},{\"@type\":\"ListItem\",\"position\":2,\"name\":\"Abre al p\u00fablico el nuevo front\u00f3n de Mendillorri, ubicado en la calle Concejo de Sarriguren, junto al Centro Comunitario Antzara\"}]},{\"@type\":\"WebSite\",\"@id\":\"https:\\\/\\\/www.laguiadepamplona.com\\\/actualidad\\\/#website\",\"url\":\"https:\\\/\\\/www.laguiadepamplona.com\\\/actualidad\\\/\",\"name\":\"La gu\u00eda de Pamplona\",\"description\":\"Noticias de Pamplona\",\"publisher\":{\"@id\":\"https:\\\/\\\/www.laguiadepamplona.com\\\/actualidad\\\/#organization\"},\"potentialAction\":[{\"@type\":\"SearchAction\",\"target\":{\"@type\":\"EntryPoint\",\"urlTemplate\":\"https:\\\/\\\/www.laguiadepamplona.com\\\/actualidad\\\/?s={search_term_string}\"},\"query-input\":{\"@type\":\"PropertyValueSpecification\",\"valueRequired\":true,\"valueName\":\"search_term_string\"}}],\"inLanguage\":\"es\"},{\"@type\":\"Organization\",\"@id\":\"https:\\\/\\\/www.laguiadepamplona.com\\\/actualidad\\\/#organization\",\"name\":\"La Gu\u00eda de Pamplona \\\/ Noticias\",\"url\":\"https:\\\/\\\/www.laguiadepamplona.com\\\/actualidad\\\/\",\"logo\":{\"@type\":\"ImageObject\",\"inLanguage\":\"es\",\"@id\":\"https:\\\/\\\/www.laguiadepamplona.com\\\/actualidad\\\/#\\\/schema\\\/logo\\\/image\\\/\",\"url\":\"https:\\\/\\\/www.laguiadepamplona.com\\\/actualidad\\\/wp-content\\\/uploads\\\/2018\\\/11\\\/logo-laguiadepamplona18-web1.png\",\"contentUrl\":\"https:\\\/\\\/www.laguiadepamplona.com\\\/actualidad\\\/wp-content\\\/uploads\\\/2018\\\/11\\\/logo-laguiadepamplona18-web1.png\",\"width\":600,\"height\":196,\"caption\":\"La Gu\u00eda de Pamplona \\\/ Noticias\"},\"image\":{\"@id\":\"https:\\\/\\\/www.laguiadepamplona.com\\\/actualidad\\\/#\\\/schema\\\/logo\\\/image\\\/\"},\"sameAs\":[\"https:\\\/\\\/www.facebook.com\\\/laguiadepamplonacom-133175176762273\\\/?ref=hl\",\"https:\\\/\\\/x.com\\\/LaGuiadPamplona\",\"https:\\\/\\\/www.instagram.com\\\/la_guia_de_pamplona\\\/\",\"https:\\\/\\\/www.youtube.com\\\/user\\\/laguiadepamplona\"]},{\"@type\":\"Person\",\"@id\":\"https:\\\/\\\/www.laguiadepamplona.com\\\/actualidad\\\/#\\\/schema\\\/person\\\/efe887376f0213d4657c93adc50b1fdb\",\"name\":\"La Gu\u00eda de Pamplona\",\"image\":{\"@type\":\"ImageObject\",\"inLanguage\":\"es\",\"@id\":\"https:\\\/\\\/secure.gravatar.com\\\/avatar\\\/b6992f131dc8d30ab0dff15446e9d346d9dbd95992de0fef795073f5ea83a81c?s=96&d=mm&r=g\",\"url\":\"https:\\\/\\\/secure.gravatar.com\\\/avatar\\\/b6992f131dc8d30ab0dff15446e9d346d9dbd95992de0fef795073f5ea83a81c?s=96&d=mm&r=g\",\"contentUrl\":\"https:\\\/\\\/secure.gravatar.com\\\/avatar\\\/b6992f131dc8d30ab0dff15446e9d346d9dbd95992de0fef795073f5ea83a81c?s=96&d=mm&r=g\",\"caption\":\"La Gu\u00eda de Pamplona\"}}]}<\/script>\n<!-- \/ Yoast SEO plugin. -->","yoast_head_json":{"title":"Abre al p\u00fablico el nuevo front\u00f3n de Mendillorri, ubicado en la calle Concejo de Sarriguren, junto al Centro Comunitario Antzara","description":"El presupuesto de esta nueva infraestructura deportiva en la ciudad ha sido de 302.895,75 euros y se ha ejecutado en cinco meses","robots":{"index":"index","follow":"follow","max-snippet":"max-snippet:-1","max-image-preview":"max-image-preview:large","max-video-preview":"max-video-preview:-1"},"canonical":"https:\/\/www.laguiadepamplona.com\/actualidad\/abre-al-publico-el-nuevo-fronton-de-mendillorri-ubicado-en-la-calle-concejo-de-sarriguren-junto-al-centro-comunitario-antzara\/","og_locale":"es_ES","og_type":"article","og_title":"Abre al p\u00fablico el nuevo front\u00f3n de Mendillorri, ubicado en la calle Concejo de Sarriguren, junto al Centro Comunitario Antzara","og_description":"El presupuesto de esta nueva infraestructura deportiva en la ciudad ha sido de 302.895,75 euros y se ha ejecutado en cinco meses","og_url":"https:\/\/www.laguiadepamplona.com\/actualidad\/abre-al-publico-el-nuevo-fronton-de-mendillorri-ubicado-en-la-calle-concejo-de-sarriguren-junto-al-centro-comunitario-antzara\/","og_site_name":"La Gu\u00eda de Pamplona","article_publisher":"https:\/\/www.facebook.com\/laguiadepamplonacom-133175176762273\/?ref=hl","article_published_time":"2022-06-29T10:10:46+00:00","article_modified_time":"2023-04-11T09:47:59+00:00","og_image":[{"width":1920,"height":1281,"url":"https:\/\/www.laguiadepamplona.com\/actualidad\/wp-content\/uploads\/2022\/06\/fronton-mendillorri.webp","type":"image\/webp"}],"author":"La Gu\u00eda de Pamplona","twitter_card":"summary_large_image","twitter_creator":"@LaGuiadPamplona","twitter_site":"@LaGuiadPamplona","twitter_misc":{"Escrito por":"La Gu\u00eda de Pamplona","Tiempo de lectura":"2 minutos"},"schema":{"@context":"https:\/\/schema.org","@graph":[{"@type":"Article","@id":"https:\/\/www.laguiadepamplona.com\/actualidad\/abre-al-publico-el-nuevo-fronton-de-mendillorri-ubicado-en-la-calle-concejo-de-sarriguren-junto-al-centro-comunitario-antzara\/#article","isPartOf":{"@id":"https:\/\/www.laguiadepamplona.com\/actualidad\/abre-al-publico-el-nuevo-fronton-de-mendillorri-ubicado-en-la-calle-concejo-de-sarriguren-junto-al-centro-comunitario-antzara\/"},"author":{"name":"La Gu\u00eda de Pamplona","@id":"https:\/\/www.laguiadepamplona.com\/actualidad\/#\/schema\/person\/efe887376f0213d4657c93adc50b1fdb"},"headline":"Abre al p\u00fablico el nuevo front\u00f3n de Mendillorri, ubicado en la calle Concejo de Sarriguren, junto al Centro Comunitario Antzara","datePublished":"2022-06-29T10:10:46+00:00","dateModified":"2023-04-11T09:47:59+00:00","mainEntityOfPage":{"@id":"https:\/\/www.laguiadepamplona.com\/actualidad\/abre-al-publico-el-nuevo-fronton-de-mendillorri-ubicado-en-la-calle-concejo-de-sarriguren-junto-al-centro-comunitario-antzara\/"},"wordCount":438,"commentCount":0,"publisher":{"@id":"https:\/\/www.laguiadepamplona.com\/actualidad\/#organization"},"image":{"@id":"https:\/\/www.laguiadepamplona.com\/actualidad\/abre-al-publico-el-nuevo-fronton-de-mendillorri-ubicado-en-la-calle-concejo-de-sarriguren-junto-al-centro-comunitario-antzara\/#primaryimage"},"thumbnailUrl":"https:\/\/www.laguiadepamplona.com\/actualidad\/wp-content\/uploads\/2022\/06\/fronton-mendillorri.webp","articleSection":["Ayto Pamplona"],"inLanguage":"es","potentialAction":[{"@type":"CommentAction","name":"Comment","target":["https:\/\/www.laguiadepamplona.com\/actualidad\/abre-al-publico-el-nuevo-fronton-de-mendillorri-ubicado-en-la-calle-concejo-de-sarriguren-junto-al-centro-comunitario-antzara\/#respond"]}]},{"@type":"WebPage","@id":"https:\/\/www.laguiadepamplona.com\/actualidad\/abre-al-publico-el-nuevo-fronton-de-mendillorri-ubicado-en-la-calle-concejo-de-sarriguren-junto-al-centro-comunitario-antzara\/","url":"https:\/\/www.laguiadepamplona.com\/actualidad\/abre-al-publico-el-nuevo-fronton-de-mendillorri-ubicado-en-la-calle-concejo-de-sarriguren-junto-al-centro-comunitario-antzara\/","name":"Abre al p\u00fablico el nuevo front\u00f3n de Mendillorri, ubicado en la calle Concejo de Sarriguren, junto al Centro Comunitario Antzara","isPartOf":{"@id":"https:\/\/www.laguiadepamplona.com\/actualidad\/#website"},"primaryImageOfPage":{"@id":"https:\/\/www.laguiadepamplona.com\/actualidad\/abre-al-publico-el-nuevo-fronton-de-mendillorri-ubicado-en-la-calle-concejo-de-sarriguren-junto-al-centro-comunitario-antzara\/#primaryimage"},"image":{"@id":"https:\/\/www.laguiadepamplona.com\/actualidad\/abre-al-publico-el-nuevo-fronton-de-mendillorri-ubicado-en-la-calle-concejo-de-sarriguren-junto-al-centro-comunitario-antzara\/#primaryimage"},"thumbnailUrl":"https:\/\/www.laguiadepamplona.com\/actualidad\/wp-content\/uploads\/2022\/06\/fronton-mendillorri.webp","datePublished":"2022-06-29T10:10:46+00:00","dateModified":"2023-04-11T09:47:59+00:00","description":"El presupuesto de esta nueva infraestructura deportiva en la ciudad ha sido de 302.895,75 euros y se ha ejecutado en cinco meses","breadcrumb":{"@id":"https:\/\/www.laguiadepamplona.com\/actualidad\/abre-al-publico-el-nuevo-fronton-de-mendillorri-ubicado-en-la-calle-concejo-de-sarriguren-junto-al-centro-comunitario-antzara\/#breadcrumb"},"inLanguage":"es","potentialAction":[{"@type":"ReadAction","target":["https:\/\/www.laguiadepamplona.com\/actualidad\/abre-al-publico-el-nuevo-fronton-de-mendillorri-ubicado-en-la-calle-concejo-de-sarriguren-junto-al-centro-comunitario-antzara\/"]}]},{"@type":"ImageObject","inLanguage":"es","@id":"https:\/\/www.laguiadepamplona.com\/actualidad\/abre-al-publico-el-nuevo-fronton-de-mendillorri-ubicado-en-la-calle-concejo-de-sarriguren-junto-al-centro-comunitario-antzara\/#primaryimage","url":"https:\/\/www.laguiadepamplona.com\/actualidad\/wp-content\/uploads\/2022\/06\/fronton-mendillorri.webp","contentUrl":"https:\/\/www.laguiadepamplona.com\/actualidad\/wp-content\/uploads\/2022\/06\/fronton-mendillorri.webp","width":1920,"height":1281},{"@type":"BreadcrumbList","@id":"https:\/\/www.laguiadepamplona.com\/actualidad\/abre-al-publico-el-nuevo-fronton-de-mendillorri-ubicado-en-la-calle-concejo-de-sarriguren-junto-al-centro-comunitario-antzara\/#breadcrumb","itemListElement":[{"@type":"ListItem","position":1,"name":"Portada","item":"https:\/\/www.laguiadepamplona.com\/actualidad\/"},{"@type":"ListItem","position":2,"name":"Abre al p\u00fablico el nuevo front\u00f3n de Mendillorri, ubicado en la calle Concejo de Sarriguren, junto al Centro Comunitario Antzara"}]},{"@type":"WebSite","@id":"https:\/\/www.laguiadepamplona.com\/actualidad\/#website","url":"https:\/\/www.laguiadepamplona.com\/actualidad\/","name":"La gu\u00eda de Pamplona","description":"Noticias de Pamplona","publisher":{"@id":"https:\/\/www.laguiadepamplona.com\/actualidad\/#organization"},"potentialAction":[{"@type":"SearchAction","target":{"@type":"EntryPoint","urlTemplate":"https:\/\/www.laguiadepamplona.com\/actualidad\/?s={search_term_string}"},"query-input":{"@type":"PropertyValueSpecification","valueRequired":true,"valueName":"search_term_string"}}],"inLanguage":"es"},{"@type":"Organization","@id":"https:\/\/www.laguiadepamplona.com\/actualidad\/#organization","name":"La Gu\u00eda de Pamplona \/ Noticias","url":"https:\/\/www.laguiadepamplona.com\/actualidad\/","logo":{"@type":"ImageObject","inLanguage":"es","@id":"https:\/\/www.laguiadepamplona.com\/actualidad\/#\/schema\/logo\/image\/","url":"https:\/\/www.laguiadepamplona.com\/actualidad\/wp-content\/uploads\/2018\/11\/logo-laguiadepamplona18-web1.png","contentUrl":"https:\/\/www.laguiadepamplona.com\/actualidad\/wp-content\/uploads\/2018\/11\/logo-laguiadepamplona18-web1.png","width":600,"height":196,"caption":"La Gu\u00eda de Pamplona \/ Noticias"},"image":{"@id":"https:\/\/www.laguiadepamplona.com\/actualidad\/#\/schema\/logo\/image\/"},"sameAs":["https:\/\/www.facebook.com\/laguiadepamplonacom-133175176762273\/?ref=hl","https:\/\/x.com\/LaGuiadPamplona","https:\/\/www.instagram.com\/la_guia_de_pamplona\/","https:\/\/www.youtube.com\/user\/laguiadepamplona"]},{"@type":"Person","@id":"https:\/\/www.laguiadepamplona.com\/actualidad\/#\/schema\/person\/efe887376f0213d4657c93adc50b1fdb","name":"La Gu\u00eda de Pamplona","image":{"@type":"ImageObject","inLanguage":"es","@id":"https:\/\/secure.gravatar.com\/avatar\/b6992f131dc8d30ab0dff15446e9d346d9dbd95992de0fef795073f5ea83a81c?s=96&d=mm&r=g","url":"https:\/\/secure.gravatar.com\/avatar\/b6992f131dc8d30ab0dff15446e9d346d9dbd95992de0fef795073f5ea83a81c?s=96&d=mm&r=g","contentUrl":"https:\/\/secure.gravatar.com\/avatar\/b6992f131dc8d30ab0dff15446e9d346d9dbd95992de0fef795073f5ea83a81c?s=96&d=mm&r=g","caption":"La Gu\u00eda de Pamplona"}}]}},"post_mailing_queue_ids":[],"_links":{"self":[{"href":"https:\/\/www.laguiadepamplona.com\/actualidad\/wp-json\/wp\/v2\/posts\/41069","targetHints":{"allow":["GET"]}}],"collection":[{"href":"https:\/\/www.laguiadepamplona.com\/actualidad\/wp-json\/wp\/v2\/posts"}],"about":[{"href":"https:\/\/www.laguiadepamplona.com\/actualidad\/wp-json\/wp\/v2\/types\/post"}],"author":[{"embeddable":true,"href":"https:\/\/www.laguiadepamplona.com\/actualidad\/wp-json\/wp\/v2\/users\/1"}],"replies":[{"embeddable":true,"href":"https:\/\/www.laguiadepamplona.com\/actualidad\/wp-json\/wp\/v2\/comments?post=41069"}],"version-history":[{"count":0,"href":"https:\/\/www.laguiadepamplona.com\/actualidad\/wp-json\/wp\/v2\/posts\/41069\/revisions"}],"wp:featuredmedia":[{"embeddable":true,"href":"https:\/\/www.laguiadepamplona.com\/actualidad\/wp-json\/wp\/v2\/media\/41070"}],"wp:attachment":[{"href":"https:\/\/www.laguiadepamplona.com\/actualidad\/wp-json\/wp\/v2\/media?parent=41069"}],"wp:term":[{"taxonomy":"category","embeddable":true,"href":"https:\/\/www.laguiadepamplona.com\/actualidad\/wp-json\/wp\/v2\/categories?post=41069"},{"taxonomy":"post_tag","embeddable":true,"href":"https:\/\/www.laguiadepamplona.com\/actualidad\/wp-json\/wp\/v2\/tags?post=41069"}],"curies":[{"name":"wp","href":"https:\/\/api.w.org\/{rel}","templated":true}]}}