{"id":41066,"date":"2022-06-28T16:57:33","date_gmt":"2022-06-28T14:57:33","guid":{"rendered":"https:\/\/www.laguiadepamplona.com\/actualidad\/?p=41066"},"modified":"2023-04-11T11:47:59","modified_gmt":"2023-04-11T09:47:59","slug":"fotografias-de-medio-millar-de-pamploneses-y-pamplonesas-vestidos-de-blanco-y-rojo-adornaran-la-ciudad-en-las-fiestas-de-san-fermin","status":"publish","type":"post","link":"https:\/\/www.laguiadepamplona.com\/actualidad\/fotografias-de-medio-millar-de-pamploneses-y-pamplonesas-vestidos-de-blanco-y-rojo-adornaran-la-ciudad-en-las-fiestas-de-san-fermin\/","title":{"rendered":"Fotograf\u00edas de medio millar de pamploneses y pamplonesas vestidos de blanco y rojo adornar\u00e1n la ciudad en las fiestas de San Ferm\u00edn"},"content":{"rendered":"<h5>El alcalde Enrique Maya ha presentado esta campa\u00f1a que pretende dar protagonismo a la ciudadan\u00eda despu\u00e9s de dos a\u00f1os sin Sanfermines<\/h5>\n<p><!--more--><\/p>\n<p>Los rostros de 562 pamploneses y pamplonesas vestidos de blanco y rojo ser\u00e1n este a\u00f1o la imagen de las fiestas de San Ferm\u00edn. La campa\u00f1a \u2018Este a\u00f1o s\u00ed, este a\u00f1o por fin, \u00a1v\u00edvelos!\u2019 busca reconocer el papel clave e imprescindible de la ciudadan\u00eda en las fiestas y quiere convertirla en la protagonista de la celebraci\u00f3n, tras dos a\u00f1os de ausencia por la pandemia del COVID-19. El alcalde de Pamplona, Enrique Maya, ha presentado hoy esta iniciativa que llevar\u00e1 los retratos de estas personas a los principales puntos de la ciudad, trasladando una imagen amigable, familiar, divertida y alegre de Pamplona. Esas fotograf\u00edas vestir\u00e1n la ciudad en los d\u00edas de mayor proyecci\u00f3n internacional.<br \/>\n<script async src=\"\/\/pagead2.googlesyndication.com\/pagead\/js\/adsbygoogle.js\"><\/script><br \/>\n<!-- Noticias La Guia de Pamplona --><br \/>\n<ins class=\"adsbygoogle\"\nstyle=\"display:block\"\ndata-ad-client=\"ca-pub-6943679897239327\"\ndata-ad-slot=\"7048180777\"\ndata-ad-format=\"auto\"><\/ins><br \/>\n<script>\n(adsbygoogle = window.adsbygoogle || []).push({});\n<\/script><\/p>\n<p>La campa\u00f1a se nutre de las fotograf\u00edas tomadas a primeros de junio, cuando el zagu\u00e1n de la Casa Consistorial se convirti\u00f3 durante el s\u00e1bado 11 de junio en un photocall para que todas aquellas personas que quisieran se fotografiaran vestidos de blanco y con pa\u00f1uelico rojo, solos o en pareja. En apenas seis horas, un total de 562 personas de todas las edades respondieron a la llamada. Ahora sus im\u00e1genes inundar\u00e1n la ciudad. En concreto, las composiciones fotogr\u00e1ficas se colocar\u00e1n en los accesos a los aparcamientos p\u00fablicos, en el exterior de la antigua estaci\u00f3n de autobuses, en las pantallas digitales que el Ayuntamiento tiene repartidas por la ciudad y en diferentes calles, en los 52 mupis con que cuenta el Consistorio.<\/p>\n<p>Los carteles se han comenzado a colocar esta ma\u00f1ana. Las personas que han participado en esta acci\u00f3n podr\u00e1n comprobar en la web <a href=\"http:\/\/www.sanferminespamplona.es\" target=\"_blank\" rel=\"noopener\">www.sanferminespamplona.es<\/a>\u00a0 la <a href=\"https:\/\/sanferminespamplona.es\/buscate\/\" target=\"_blank\" rel=\"noopener\">ubicaci\u00f3n exacta<\/a> de su imagen, para que puedan ir a verla en persona. El alcalde ha querido agradecer a todas las personas participantes su deseo de ofrecer una imagen de la ciudad en la que la sonrisa es el elemento clave, el hilo conductor. \u201cCreo que es una iniciativa muy bonita para toda la ciudad. Con sus sonrisas vamos a ofrecer la imagen m\u00e1s bonita de nuestra ciudad a todo el mundo\u201d, ha confesado Enrique Maya.<br \/>\n<script async src=\"\/\/pagead2.googlesyndication.com\/pagead\/js\/adsbygoogle.js\"><\/script><br \/>\n<!-- Noticias La Guia de Pamplona --><br \/>\n<ins class=\"adsbygoogle\"\nstyle=\"display:block\"\ndata-ad-client=\"ca-pub-6943679897239327\"\ndata-ad-slot=\"7048180777\"\ndata-ad-format=\"auto\"><\/ins><br \/>\n<script>\n(adsbygoogle = window.adsbygoogle || []).push({});\n<\/script><\/p>\n<p>Esta iniciativa es el colof\u00f3n a dos a\u00f1os de ausencia sanferminera, en la que el mensaje #LosViviremos se convirti\u00f3 en una palabra de ilusi\u00f3n y esperanza. Ante una situaci\u00f3n sanitaria cr\u00edtica, que ha provocado 1.590 muertos en Navarra y 108.000 en toda Espa\u00f1a, la imposibilidad de celebrar las fiestas hizo que se intensificara ese sentimiento de unidad en torno a las fiestas de San Ferm\u00edn y el deseo de celebrar las fiestas. Por ello, en julio de 2020 el Ayuntamiento de Pamplona volvi\u00f3 a hacer un gui\u00f1o a la ciudadan\u00eda. En ese momento, se pidi\u00f3 a los pamploneses y pamplonesas que enviaran sus fotos vestidos de blanco y rojo. Con ellas se instal\u00f3 en la Plaza del Castillo un corp\u00f3reo con las palabras #LosViviremos. \u201cPor fin ha llegado ese d\u00eda y, como no pod\u00eda ser de otra manera, son las fotos de las pamplonesas y pamploneses las que van a vestir estas fiestas que por fin las vamos a vivir\u201d, ha recalcado el alcalde.<\/p>\n","protected":false},"excerpt":{"rendered":"<p>El alcalde Enrique Maya ha presentado esta campa\u00f1a que pretende dar protagonismo a la ciudadan\u00eda despu\u00e9s de dos a\u00f1os sin Sanfermines<\/p>\n","protected":false},"author":1,"featured_media":41067,"comment_status":"open","ping_status":"closed","sticky":false,"template":"","format":"standard","meta":{"footnotes":""},"categories":[2],"tags":[],"class_list":["post-41066","post","type-post","status-publish","format-standard","has-post-thumbnail","hentry","category-ayuntamiento-pamplona"],"yoast_head":"<!-- This site is optimized with the Yoast SEO plugin v27.3 - https:\/\/yoast.com\/product\/yoast-seo-wordpress\/ -->\n<title>Fotograf\u00edas de medio millar de pamploneses y pamplonesas vestidos de blanco y rojo adornar\u00e1n la ciudad en las fiestas de San Ferm\u00edn<\/title>\n<meta name=\"description\" content=\"El alcalde Enrique Maya ha presentado esta campa\u00f1a que pretende dar protagonismo a la ciudadan\u00eda despu\u00e9s de dos a\u00f1os sin Sanfermines\" \/>\n<meta name=\"robots\" content=\"index, follow, max-snippet:-1, max-image-preview:large, max-video-preview:-1\" \/>\n<link rel=\"canonical\" href=\"https:\/\/www.laguiadepamplona.com\/actualidad\/fotografias-de-medio-millar-de-pamploneses-y-pamplonesas-vestidos-de-blanco-y-rojo-adornaran-la-ciudad-en-las-fiestas-de-san-fermin\/\" \/>\n<meta property=\"og:locale\" content=\"es_ES\" \/>\n<meta property=\"og:type\" content=\"article\" \/>\n<meta property=\"og:title\" content=\"Fotograf\u00edas de medio millar de pamploneses y pamplonesas vestidos de blanco y rojo adornar\u00e1n la ciudad en las fiestas de San Ferm\u00edn\" \/>\n<meta property=\"og:description\" content=\"El alcalde Enrique Maya ha presentado esta campa\u00f1a que pretende dar protagonismo a la ciudadan\u00eda despu\u00e9s de dos a\u00f1os sin Sanfermines\" \/>\n<meta property=\"og:url\" content=\"https:\/\/www.laguiadepamplona.com\/actualidad\/fotografias-de-medio-millar-de-pamploneses-y-pamplonesas-vestidos-de-blanco-y-rojo-adornaran-la-ciudad-en-las-fiestas-de-san-fermin\/\" \/>\n<meta property=\"og:site_name\" content=\"La Gu\u00eda de Pamplona\" \/>\n<meta property=\"article:publisher\" content=\"https:\/\/www.facebook.com\/laguiadepamplonacom-133175176762273\/?ref=hl\" \/>\n<meta property=\"article:published_time\" content=\"2022-06-28T14:57:33+00:00\" \/>\n<meta property=\"article:modified_time\" content=\"2023-04-11T09:47:59+00:00\" \/>\n<meta property=\"og:image\" content=\"https:\/\/www.laguiadepamplona.com\/actualidad\/wp-content\/uploads\/2022\/06\/fotos-pamploneses.webp\" \/>\n\t<meta property=\"og:image:width\" content=\"1920\" \/>\n\t<meta property=\"og:image:height\" content=\"1281\" \/>\n\t<meta property=\"og:image:type\" content=\"image\/webp\" \/>\n<meta name=\"author\" content=\"La Gu\u00eda de Pamplona\" \/>\n<meta name=\"twitter:card\" content=\"summary_large_image\" \/>\n<meta name=\"twitter:creator\" content=\"@LaGuiadPamplona\" \/>\n<meta name=\"twitter:site\" content=\"@LaGuiadPamplona\" \/>\n<meta name=\"twitter:label1\" content=\"Escrito por\" \/>\n\t<meta name=\"twitter:data1\" content=\"La Gu\u00eda de Pamplona\" \/>\n\t<meta name=\"twitter:label2\" content=\"Tiempo de lectura\" \/>\n\t<meta name=\"twitter:data2\" content=\"3 minutos\" \/>\n<script type=\"application\/ld+json\" class=\"yoast-schema-graph\">{\"@context\":\"https:\\\/\\\/schema.org\",\"@graph\":[{\"@type\":\"Article\",\"@id\":\"https:\\\/\\\/www.laguiadepamplona.com\\\/actualidad\\\/fotografias-de-medio-millar-de-pamploneses-y-pamplonesas-vestidos-de-blanco-y-rojo-adornaran-la-ciudad-en-las-fiestas-de-san-fermin\\\/#article\",\"isPartOf\":{\"@id\":\"https:\\\/\\\/www.laguiadepamplona.com\\\/actualidad\\\/fotografias-de-medio-millar-de-pamploneses-y-pamplonesas-vestidos-de-blanco-y-rojo-adornaran-la-ciudad-en-las-fiestas-de-san-fermin\\\/\"},\"author\":{\"name\":\"La Gu\u00eda de Pamplona\",\"@id\":\"https:\\\/\\\/www.laguiadepamplona.com\\\/actualidad\\\/#\\\/schema\\\/person\\\/efe887376f0213d4657c93adc50b1fdb\"},\"headline\":\"Fotograf\u00edas de medio millar de pamploneses y pamplonesas vestidos de blanco y rojo adornar\u00e1n la ciudad en las fiestas de San Ferm\u00edn\",\"datePublished\":\"2022-06-28T14:57:33+00:00\",\"dateModified\":\"2023-04-11T09:47:59+00:00\",\"mainEntityOfPage\":{\"@id\":\"https:\\\/\\\/www.laguiadepamplona.com\\\/actualidad\\\/fotografias-de-medio-millar-de-pamploneses-y-pamplonesas-vestidos-de-blanco-y-rojo-adornaran-la-ciudad-en-las-fiestas-de-san-fermin\\\/\"},\"wordCount\":584,\"commentCount\":0,\"publisher\":{\"@id\":\"https:\\\/\\\/www.laguiadepamplona.com\\\/actualidad\\\/#organization\"},\"image\":{\"@id\":\"https:\\\/\\\/www.laguiadepamplona.com\\\/actualidad\\\/fotografias-de-medio-millar-de-pamploneses-y-pamplonesas-vestidos-de-blanco-y-rojo-adornaran-la-ciudad-en-las-fiestas-de-san-fermin\\\/#primaryimage\"},\"thumbnailUrl\":\"https:\\\/\\\/www.laguiadepamplona.com\\\/actualidad\\\/wp-content\\\/uploads\\\/2022\\\/06\\\/fotos-pamploneses.webp\",\"articleSection\":[\"Ayto Pamplona\"],\"inLanguage\":\"es\",\"potentialAction\":[{\"@type\":\"CommentAction\",\"name\":\"Comment\",\"target\":[\"https:\\\/\\\/www.laguiadepamplona.com\\\/actualidad\\\/fotografias-de-medio-millar-de-pamploneses-y-pamplonesas-vestidos-de-blanco-y-rojo-adornaran-la-ciudad-en-las-fiestas-de-san-fermin\\\/#respond\"]}]},{\"@type\":\"WebPage\",\"@id\":\"https:\\\/\\\/www.laguiadepamplona.com\\\/actualidad\\\/fotografias-de-medio-millar-de-pamploneses-y-pamplonesas-vestidos-de-blanco-y-rojo-adornaran-la-ciudad-en-las-fiestas-de-san-fermin\\\/\",\"url\":\"https:\\\/\\\/www.laguiadepamplona.com\\\/actualidad\\\/fotografias-de-medio-millar-de-pamploneses-y-pamplonesas-vestidos-de-blanco-y-rojo-adornaran-la-ciudad-en-las-fiestas-de-san-fermin\\\/\",\"name\":\"Fotograf\u00edas de medio millar de pamploneses y pamplonesas vestidos de blanco y rojo adornar\u00e1n la ciudad en las fiestas de San Ferm\u00edn\",\"isPartOf\":{\"@id\":\"https:\\\/\\\/www.laguiadepamplona.com\\\/actualidad\\\/#website\"},\"primaryImageOfPage\":{\"@id\":\"https:\\\/\\\/www.laguiadepamplona.com\\\/actualidad\\\/fotografias-de-medio-millar-de-pamploneses-y-pamplonesas-vestidos-de-blanco-y-rojo-adornaran-la-ciudad-en-las-fiestas-de-san-fermin\\\/#primaryimage\"},\"image\":{\"@id\":\"https:\\\/\\\/www.laguiadepamplona.com\\\/actualidad\\\/fotografias-de-medio-millar-de-pamploneses-y-pamplonesas-vestidos-de-blanco-y-rojo-adornaran-la-ciudad-en-las-fiestas-de-san-fermin\\\/#primaryimage\"},\"thumbnailUrl\":\"https:\\\/\\\/www.laguiadepamplona.com\\\/actualidad\\\/wp-content\\\/uploads\\\/2022\\\/06\\\/fotos-pamploneses.webp\",\"datePublished\":\"2022-06-28T14:57:33+00:00\",\"dateModified\":\"2023-04-11T09:47:59+00:00\",\"description\":\"El alcalde Enrique Maya ha presentado esta campa\u00f1a que pretende dar protagonismo a la ciudadan\u00eda despu\u00e9s de dos a\u00f1os sin Sanfermines\",\"breadcrumb\":{\"@id\":\"https:\\\/\\\/www.laguiadepamplona.com\\\/actualidad\\\/fotografias-de-medio-millar-de-pamploneses-y-pamplonesas-vestidos-de-blanco-y-rojo-adornaran-la-ciudad-en-las-fiestas-de-san-fermin\\\/#breadcrumb\"},\"inLanguage\":\"es\",\"potentialAction\":[{\"@type\":\"ReadAction\",\"target\":[\"https:\\\/\\\/www.laguiadepamplona.com\\\/actualidad\\\/fotografias-de-medio-millar-de-pamploneses-y-pamplonesas-vestidos-de-blanco-y-rojo-adornaran-la-ciudad-en-las-fiestas-de-san-fermin\\\/\"]}]},{\"@type\":\"ImageObject\",\"inLanguage\":\"es\",\"@id\":\"https:\\\/\\\/www.laguiadepamplona.com\\\/actualidad\\\/fotografias-de-medio-millar-de-pamploneses-y-pamplonesas-vestidos-de-blanco-y-rojo-adornaran-la-ciudad-en-las-fiestas-de-san-fermin\\\/#primaryimage\",\"url\":\"https:\\\/\\\/www.laguiadepamplona.com\\\/actualidad\\\/wp-content\\\/uploads\\\/2022\\\/06\\\/fotos-pamploneses.webp\",\"contentUrl\":\"https:\\\/\\\/www.laguiadepamplona.com\\\/actualidad\\\/wp-content\\\/uploads\\\/2022\\\/06\\\/fotos-pamploneses.webp\",\"width\":1920,\"height\":1281},{\"@type\":\"BreadcrumbList\",\"@id\":\"https:\\\/\\\/www.laguiadepamplona.com\\\/actualidad\\\/fotografias-de-medio-millar-de-pamploneses-y-pamplonesas-vestidos-de-blanco-y-rojo-adornaran-la-ciudad-en-las-fiestas-de-san-fermin\\\/#breadcrumb\",\"itemListElement\":[{\"@type\":\"ListItem\",\"position\":1,\"name\":\"Portada\",\"item\":\"https:\\\/\\\/www.laguiadepamplona.com\\\/actualidad\\\/\"},{\"@type\":\"ListItem\",\"position\":2,\"name\":\"Fotograf\u00edas de medio millar de pamploneses y pamplonesas vestidos de blanco y rojo adornar\u00e1n la ciudad en las fiestas de San Ferm\u00edn\"}]},{\"@type\":\"WebSite\",\"@id\":\"https:\\\/\\\/www.laguiadepamplona.com\\\/actualidad\\\/#website\",\"url\":\"https:\\\/\\\/www.laguiadepamplona.com\\\/actualidad\\\/\",\"name\":\"La gu\u00eda de Pamplona\",\"description\":\"Noticias de Pamplona\",\"publisher\":{\"@id\":\"https:\\\/\\\/www.laguiadepamplona.com\\\/actualidad\\\/#organization\"},\"potentialAction\":[{\"@type\":\"SearchAction\",\"target\":{\"@type\":\"EntryPoint\",\"urlTemplate\":\"https:\\\/\\\/www.laguiadepamplona.com\\\/actualidad\\\/?s={search_term_string}\"},\"query-input\":{\"@type\":\"PropertyValueSpecification\",\"valueRequired\":true,\"valueName\":\"search_term_string\"}}],\"inLanguage\":\"es\"},{\"@type\":\"Organization\",\"@id\":\"https:\\\/\\\/www.laguiadepamplona.com\\\/actualidad\\\/#organization\",\"name\":\"La Gu\u00eda de Pamplona \\\/ Noticias\",\"url\":\"https:\\\/\\\/www.laguiadepamplona.com\\\/actualidad\\\/\",\"logo\":{\"@type\":\"ImageObject\",\"inLanguage\":\"es\",\"@id\":\"https:\\\/\\\/www.laguiadepamplona.com\\\/actualidad\\\/#\\\/schema\\\/logo\\\/image\\\/\",\"url\":\"https:\\\/\\\/www.laguiadepamplona.com\\\/actualidad\\\/wp-content\\\/uploads\\\/2018\\\/11\\\/logo-laguiadepamplona18-web1.png\",\"contentUrl\":\"https:\\\/\\\/www.laguiadepamplona.com\\\/actualidad\\\/wp-content\\\/uploads\\\/2018\\\/11\\\/logo-laguiadepamplona18-web1.png\",\"width\":600,\"height\":196,\"caption\":\"La Gu\u00eda de Pamplona \\\/ Noticias\"},\"image\":{\"@id\":\"https:\\\/\\\/www.laguiadepamplona.com\\\/actualidad\\\/#\\\/schema\\\/logo\\\/image\\\/\"},\"sameAs\":[\"https:\\\/\\\/www.facebook.com\\\/laguiadepamplonacom-133175176762273\\\/?ref=hl\",\"https:\\\/\\\/x.com\\\/LaGuiadPamplona\",\"https:\\\/\\\/www.instagram.com\\\/la_guia_de_pamplona\\\/\",\"https:\\\/\\\/www.youtube.com\\\/user\\\/laguiadepamplona\"]},{\"@type\":\"Person\",\"@id\":\"https:\\\/\\\/www.laguiadepamplona.com\\\/actualidad\\\/#\\\/schema\\\/person\\\/efe887376f0213d4657c93adc50b1fdb\",\"name\":\"La Gu\u00eda de Pamplona\",\"image\":{\"@type\":\"ImageObject\",\"inLanguage\":\"es\",\"@id\":\"https:\\\/\\\/secure.gravatar.com\\\/avatar\\\/b6992f131dc8d30ab0dff15446e9d346d9dbd95992de0fef795073f5ea83a81c?s=96&d=mm&r=g\",\"url\":\"https:\\\/\\\/secure.gravatar.com\\\/avatar\\\/b6992f131dc8d30ab0dff15446e9d346d9dbd95992de0fef795073f5ea83a81c?s=96&d=mm&r=g\",\"contentUrl\":\"https:\\\/\\\/secure.gravatar.com\\\/avatar\\\/b6992f131dc8d30ab0dff15446e9d346d9dbd95992de0fef795073f5ea83a81c?s=96&d=mm&r=g\",\"caption\":\"La Gu\u00eda de Pamplona\"}}]}<\/script>\n<!-- \/ Yoast SEO plugin. -->","yoast_head_json":{"title":"Fotograf\u00edas de medio millar de pamploneses y pamplonesas vestidos de blanco y rojo adornar\u00e1n la ciudad en las fiestas de San Ferm\u00edn","description":"El alcalde Enrique Maya ha presentado esta campa\u00f1a que pretende dar protagonismo a la ciudadan\u00eda despu\u00e9s de dos a\u00f1os sin Sanfermines","robots":{"index":"index","follow":"follow","max-snippet":"max-snippet:-1","max-image-preview":"max-image-preview:large","max-video-preview":"max-video-preview:-1"},"canonical":"https:\/\/www.laguiadepamplona.com\/actualidad\/fotografias-de-medio-millar-de-pamploneses-y-pamplonesas-vestidos-de-blanco-y-rojo-adornaran-la-ciudad-en-las-fiestas-de-san-fermin\/","og_locale":"es_ES","og_type":"article","og_title":"Fotograf\u00edas de medio millar de pamploneses y pamplonesas vestidos de blanco y rojo adornar\u00e1n la ciudad en las fiestas de San Ferm\u00edn","og_description":"El alcalde Enrique Maya ha presentado esta campa\u00f1a que pretende dar protagonismo a la ciudadan\u00eda despu\u00e9s de dos a\u00f1os sin Sanfermines","og_url":"https:\/\/www.laguiadepamplona.com\/actualidad\/fotografias-de-medio-millar-de-pamploneses-y-pamplonesas-vestidos-de-blanco-y-rojo-adornaran-la-ciudad-en-las-fiestas-de-san-fermin\/","og_site_name":"La Gu\u00eda de Pamplona","article_publisher":"https:\/\/www.facebook.com\/laguiadepamplonacom-133175176762273\/?ref=hl","article_published_time":"2022-06-28T14:57:33+00:00","article_modified_time":"2023-04-11T09:47:59+00:00","og_image":[{"width":1920,"height":1281,"url":"https:\/\/www.laguiadepamplona.com\/actualidad\/wp-content\/uploads\/2022\/06\/fotos-pamploneses.webp","type":"image\/webp"}],"author":"La Gu\u00eda de Pamplona","twitter_card":"summary_large_image","twitter_creator":"@LaGuiadPamplona","twitter_site":"@LaGuiadPamplona","twitter_misc":{"Escrito por":"La Gu\u00eda de Pamplona","Tiempo de lectura":"3 minutos"},"schema":{"@context":"https:\/\/schema.org","@graph":[{"@type":"Article","@id":"https:\/\/www.laguiadepamplona.com\/actualidad\/fotografias-de-medio-millar-de-pamploneses-y-pamplonesas-vestidos-de-blanco-y-rojo-adornaran-la-ciudad-en-las-fiestas-de-san-fermin\/#article","isPartOf":{"@id":"https:\/\/www.laguiadepamplona.com\/actualidad\/fotografias-de-medio-millar-de-pamploneses-y-pamplonesas-vestidos-de-blanco-y-rojo-adornaran-la-ciudad-en-las-fiestas-de-san-fermin\/"},"author":{"name":"La Gu\u00eda de Pamplona","@id":"https:\/\/www.laguiadepamplona.com\/actualidad\/#\/schema\/person\/efe887376f0213d4657c93adc50b1fdb"},"headline":"Fotograf\u00edas de medio millar de pamploneses y pamplonesas vestidos de blanco y rojo adornar\u00e1n la ciudad en las fiestas de San Ferm\u00edn","datePublished":"2022-06-28T14:57:33+00:00","dateModified":"2023-04-11T09:47:59+00:00","mainEntityOfPage":{"@id":"https:\/\/www.laguiadepamplona.com\/actualidad\/fotografias-de-medio-millar-de-pamploneses-y-pamplonesas-vestidos-de-blanco-y-rojo-adornaran-la-ciudad-en-las-fiestas-de-san-fermin\/"},"wordCount":584,"commentCount":0,"publisher":{"@id":"https:\/\/www.laguiadepamplona.com\/actualidad\/#organization"},"image":{"@id":"https:\/\/www.laguiadepamplona.com\/actualidad\/fotografias-de-medio-millar-de-pamploneses-y-pamplonesas-vestidos-de-blanco-y-rojo-adornaran-la-ciudad-en-las-fiestas-de-san-fermin\/#primaryimage"},"thumbnailUrl":"https:\/\/www.laguiadepamplona.com\/actualidad\/wp-content\/uploads\/2022\/06\/fotos-pamploneses.webp","articleSection":["Ayto Pamplona"],"inLanguage":"es","potentialAction":[{"@type":"CommentAction","name":"Comment","target":["https:\/\/www.laguiadepamplona.com\/actualidad\/fotografias-de-medio-millar-de-pamploneses-y-pamplonesas-vestidos-de-blanco-y-rojo-adornaran-la-ciudad-en-las-fiestas-de-san-fermin\/#respond"]}]},{"@type":"WebPage","@id":"https:\/\/www.laguiadepamplona.com\/actualidad\/fotografias-de-medio-millar-de-pamploneses-y-pamplonesas-vestidos-de-blanco-y-rojo-adornaran-la-ciudad-en-las-fiestas-de-san-fermin\/","url":"https:\/\/www.laguiadepamplona.com\/actualidad\/fotografias-de-medio-millar-de-pamploneses-y-pamplonesas-vestidos-de-blanco-y-rojo-adornaran-la-ciudad-en-las-fiestas-de-san-fermin\/","name":"Fotograf\u00edas de medio millar de pamploneses y pamplonesas vestidos de blanco y rojo adornar\u00e1n la ciudad en las fiestas de San Ferm\u00edn","isPartOf":{"@id":"https:\/\/www.laguiadepamplona.com\/actualidad\/#website"},"primaryImageOfPage":{"@id":"https:\/\/www.laguiadepamplona.com\/actualidad\/fotografias-de-medio-millar-de-pamploneses-y-pamplonesas-vestidos-de-blanco-y-rojo-adornaran-la-ciudad-en-las-fiestas-de-san-fermin\/#primaryimage"},"image":{"@id":"https:\/\/www.laguiadepamplona.com\/actualidad\/fotografias-de-medio-millar-de-pamploneses-y-pamplonesas-vestidos-de-blanco-y-rojo-adornaran-la-ciudad-en-las-fiestas-de-san-fermin\/#primaryimage"},"thumbnailUrl":"https:\/\/www.laguiadepamplona.com\/actualidad\/wp-content\/uploads\/2022\/06\/fotos-pamploneses.webp","datePublished":"2022-06-28T14:57:33+00:00","dateModified":"2023-04-11T09:47:59+00:00","description":"El alcalde Enrique Maya ha presentado esta campa\u00f1a que pretende dar protagonismo a la ciudadan\u00eda despu\u00e9s de dos a\u00f1os sin Sanfermines","breadcrumb":{"@id":"https:\/\/www.laguiadepamplona.com\/actualidad\/fotografias-de-medio-millar-de-pamploneses-y-pamplonesas-vestidos-de-blanco-y-rojo-adornaran-la-ciudad-en-las-fiestas-de-san-fermin\/#breadcrumb"},"inLanguage":"es","potentialAction":[{"@type":"ReadAction","target":["https:\/\/www.laguiadepamplona.com\/actualidad\/fotografias-de-medio-millar-de-pamploneses-y-pamplonesas-vestidos-de-blanco-y-rojo-adornaran-la-ciudad-en-las-fiestas-de-san-fermin\/"]}]},{"@type":"ImageObject","inLanguage":"es","@id":"https:\/\/www.laguiadepamplona.com\/actualidad\/fotografias-de-medio-millar-de-pamploneses-y-pamplonesas-vestidos-de-blanco-y-rojo-adornaran-la-ciudad-en-las-fiestas-de-san-fermin\/#primaryimage","url":"https:\/\/www.laguiadepamplona.com\/actualidad\/wp-content\/uploads\/2022\/06\/fotos-pamploneses.webp","contentUrl":"https:\/\/www.laguiadepamplona.com\/actualidad\/wp-content\/uploads\/2022\/06\/fotos-pamploneses.webp","width":1920,"height":1281},{"@type":"BreadcrumbList","@id":"https:\/\/www.laguiadepamplona.com\/actualidad\/fotografias-de-medio-millar-de-pamploneses-y-pamplonesas-vestidos-de-blanco-y-rojo-adornaran-la-ciudad-en-las-fiestas-de-san-fermin\/#breadcrumb","itemListElement":[{"@type":"ListItem","position":1,"name":"Portada","item":"https:\/\/www.laguiadepamplona.com\/actualidad\/"},{"@type":"ListItem","position":2,"name":"Fotograf\u00edas de medio millar de pamploneses y pamplonesas vestidos de blanco y rojo adornar\u00e1n la ciudad en las fiestas de San Ferm\u00edn"}]},{"@type":"WebSite","@id":"https:\/\/www.laguiadepamplona.com\/actualidad\/#website","url":"https:\/\/www.laguiadepamplona.com\/actualidad\/","name":"La gu\u00eda de Pamplona","description":"Noticias de Pamplona","publisher":{"@id":"https:\/\/www.laguiadepamplona.com\/actualidad\/#organization"},"potentialAction":[{"@type":"SearchAction","target":{"@type":"EntryPoint","urlTemplate":"https:\/\/www.laguiadepamplona.com\/actualidad\/?s={search_term_string}"},"query-input":{"@type":"PropertyValueSpecification","valueRequired":true,"valueName":"search_term_string"}}],"inLanguage":"es"},{"@type":"Organization","@id":"https:\/\/www.laguiadepamplona.com\/actualidad\/#organization","name":"La Gu\u00eda de Pamplona \/ Noticias","url":"https:\/\/www.laguiadepamplona.com\/actualidad\/","logo":{"@type":"ImageObject","inLanguage":"es","@id":"https:\/\/www.laguiadepamplona.com\/actualidad\/#\/schema\/logo\/image\/","url":"https:\/\/www.laguiadepamplona.com\/actualidad\/wp-content\/uploads\/2018\/11\/logo-laguiadepamplona18-web1.png","contentUrl":"https:\/\/www.laguiadepamplona.com\/actualidad\/wp-content\/uploads\/2018\/11\/logo-laguiadepamplona18-web1.png","width":600,"height":196,"caption":"La Gu\u00eda de Pamplona \/ Noticias"},"image":{"@id":"https:\/\/www.laguiadepamplona.com\/actualidad\/#\/schema\/logo\/image\/"},"sameAs":["https:\/\/www.facebook.com\/laguiadepamplonacom-133175176762273\/?ref=hl","https:\/\/x.com\/LaGuiadPamplona","https:\/\/www.instagram.com\/la_guia_de_pamplona\/","https:\/\/www.youtube.com\/user\/laguiadepamplona"]},{"@type":"Person","@id":"https:\/\/www.laguiadepamplona.com\/actualidad\/#\/schema\/person\/efe887376f0213d4657c93adc50b1fdb","name":"La Gu\u00eda de Pamplona","image":{"@type":"ImageObject","inLanguage":"es","@id":"https:\/\/secure.gravatar.com\/avatar\/b6992f131dc8d30ab0dff15446e9d346d9dbd95992de0fef795073f5ea83a81c?s=96&d=mm&r=g","url":"https:\/\/secure.gravatar.com\/avatar\/b6992f131dc8d30ab0dff15446e9d346d9dbd95992de0fef795073f5ea83a81c?s=96&d=mm&r=g","contentUrl":"https:\/\/secure.gravatar.com\/avatar\/b6992f131dc8d30ab0dff15446e9d346d9dbd95992de0fef795073f5ea83a81c?s=96&d=mm&r=g","caption":"La Gu\u00eda de Pamplona"}}]}},"post_mailing_queue_ids":[],"_links":{"self":[{"href":"https:\/\/www.laguiadepamplona.com\/actualidad\/wp-json\/wp\/v2\/posts\/41066","targetHints":{"allow":["GET"]}}],"collection":[{"href":"https:\/\/www.laguiadepamplona.com\/actualidad\/wp-json\/wp\/v2\/posts"}],"about":[{"href":"https:\/\/www.laguiadepamplona.com\/actualidad\/wp-json\/wp\/v2\/types\/post"}],"author":[{"embeddable":true,"href":"https:\/\/www.laguiadepamplona.com\/actualidad\/wp-json\/wp\/v2\/users\/1"}],"replies":[{"embeddable":true,"href":"https:\/\/www.laguiadepamplona.com\/actualidad\/wp-json\/wp\/v2\/comments?post=41066"}],"version-history":[{"count":0,"href":"https:\/\/www.laguiadepamplona.com\/actualidad\/wp-json\/wp\/v2\/posts\/41066\/revisions"}],"wp:featuredmedia":[{"embeddable":true,"href":"https:\/\/www.laguiadepamplona.com\/actualidad\/wp-json\/wp\/v2\/media\/41067"}],"wp:attachment":[{"href":"https:\/\/www.laguiadepamplona.com\/actualidad\/wp-json\/wp\/v2\/media?parent=41066"}],"wp:term":[{"taxonomy":"category","embeddable":true,"href":"https:\/\/www.laguiadepamplona.com\/actualidad\/wp-json\/wp\/v2\/categories?post=41066"},{"taxonomy":"post_tag","embeddable":true,"href":"https:\/\/www.laguiadepamplona.com\/actualidad\/wp-json\/wp\/v2\/tags?post=41066"}],"curies":[{"name":"wp","href":"https:\/\/api.w.org\/{rel}","templated":true}]}}