{"id":41063,"date":"2022-06-28T16:55:31","date_gmt":"2022-06-28T14:55:31","guid":{"rendered":"https:\/\/www.laguiadepamplona.com\/actualidad\/?p=41063"},"modified":"2023-04-11T11:47:59","modified_gmt":"2023-04-11T09:47:59","slug":"santa-maria-la-real-estrena-un-local-multifuncional-de-uso-vecinal-aunando-iniciativas-publicas-privadas-y-del-tejido-asociativo","status":"publish","type":"post","link":"https:\/\/www.laguiadepamplona.com\/actualidad\/santa-maria-la-real-estrena-un-local-multifuncional-de-uso-vecinal-aunando-iniciativas-publicas-privadas-y-del-tejido-asociativo\/","title":{"rendered":"Santa Mar\u00eda la Real estrena un local multifuncional de uso vecinal, aunando iniciativas p\u00fablicas, privadas y del tejido asociativo"},"content":{"rendered":"<h5>Este local de 300 m<sup>2<\/sup> abre sus puertas como punto de encuentro y espacio de participaci\u00f3n para las 2.600 personas que habitan en esa zona de la ciudad<\/h5>\n<p><!--more--><\/p>\n<p>Santa Mar\u00eda la Real cuenta ya con un local de uso vecinal para la realizaci\u00f3n de actividades y que sirva de punto de encuentro para las m\u00e1s de 2.600 personas que habitan en ese espacio a caballo entre II Ensanche, Milagrosa y Soto de Lezkairu. Esta ma\u00f1ana la Comisi\u00f3n de Asuntos Ciudadanos ha visitado las nuevas instalaciones del Ayuntamiento de Pamplona en la calle Mutilva, 19; esta dotaci\u00f3n es el producto unas cuantas iniciativas coordinadas para llegar a una soluci\u00f3n \u00fatil para la ciudadan\u00eda. A la visita estaban invitadas las asociaciones del barrio, el Club Coronario, representantes de Ciudadan\u00eda Activa y Voluntariado Geri\u00e1trico, la parroquia, la Asociaci\u00f3n S\u00edndrome de Down, as\u00ed como los centros de salud de Ensanche y Milagrosa, la unidad de barrio de Lezkairu, y representaci\u00f3n de Civivox Milagrosa.<br \/>\n<script async src=\"\/\/pagead2.googlesyndication.com\/pagead\/js\/adsbygoogle.js\"><\/script><br \/>\n<!-- Noticias La Guia de Pamplona --><br \/>\n<ins class=\"adsbygoogle\"\nstyle=\"display:block\"\ndata-ad-client=\"ca-pub-6943679897239327\"\ndata-ad-slot=\"7048180777\"\ndata-ad-format=\"auto\"><\/ins><br \/>\n<script>\n(adsbygoogle = window.adsbygoogle || []).push({});\n<\/script><\/p>\n<p>El proyecto parti\u00f3 de una cesi\u00f3n al Consistorio de la planta baja de un edificio de viviendas realizado por la empresa Construcciones San Mart\u00edn S.A. en el \u00e1mbito de una reparcelaci\u00f3n. El \u00c1rea municipal de Proyectos realiz\u00f3 el dise\u00f1o del futuro centro y en este proyecto integral han colaborado y trabajado de forma coordinada todos los recursos de empleo del \u00e1rea de servicios sociales que realizan obra social, mediante la contrataci\u00f3n de personas de colectivos especialmente afectados por el desempleo.<\/p>\n<p>De la ejecuci\u00f3n de los trabajos, se han encargado 8 personas, hasta entonces desempleadas, contratadas dentro de la convocatoria del Servicio Navarro de Empleo para obras de inter\u00e9s general y social: una arquitecta t\u00e9cnica, un encargado, tres oficiales y tres peones. Ese grupo de trabajo ha ejecutado la distribuci\u00f3n del local de 300 m<sup>2<\/sup> y ha realizado el acondicionamiento de los espacios. Los remates finales de pintura, fontaner\u00eda etc., los han llevado a cabo los tajos de Empleo Social municipal de obras, pintura, limpiezas, soldadura y encuadernaci\u00f3n\/serigraf\u00eda y de la fabricaci\u00f3n y colocaci\u00f3n de pasamanos se ha encargado la Escuela Taller de Soldadura.<br \/>\n<script async src=\"\/\/pagead2.googlesyndication.com\/pagead\/js\/adsbygoogle.js\"><\/script><br \/>\n<!-- Noticias La Guia de Pamplona --><br \/>\n<ins class=\"adsbygoogle\"\nstyle=\"display:block\"\ndata-ad-client=\"ca-pub-6943679897239327\"\ndata-ad-slot=\"7048180777\"\ndata-ad-format=\"auto\"><\/ins><br \/>\n<script>\n(adsbygoogle = window.adsbygoogle || []).push({});\n<\/script><\/p>\n<p>El centro intergeneracional es un local que ha sido dise\u00f1ado como espacio multifuncional polivalente para permitir el desarrollo de diferentes actividades asociativas, desde reuniones, a charlas, talleres, ludoteca o jubiloteca, actividades de bienestar y salud como yoga o gimnasia, etc. Intervenido con criterios de lograr la m\u00e1xima accesibilidad de todos sus espacios, cuenta tambi\u00e9n con ba\u00f1os adaptados. La segunda quincena de julio comenzar\u00e1 a dise\u00f1arse la oferta concreta de su primera programaci\u00f3n. Las actividades que albergar\u00e1 deber\u00e1n ser gratuitas y de libre participaci\u00f3n para alcanzar el objetivo inicial del centro: mejorar la vida asociativa y fomentar la participaci\u00f3n activa.<\/p>\n<p>Aunque esta nueva dotaci\u00f3n no est\u00e1 \u00fanicamente destinada a personas mayores, la identificaci\u00f3n de esta necesidad parti\u00f3 de la Red de la persona Mayor de Santa Mar\u00eda la Real y se comunic\u00f3 al Ayuntamiento en el marco de un Foro de Barrio. En esta zona de la ciudad hay 558 personas de m\u00e1s de 65 a\u00f1os (198 hombres y 360 mujeres), lo que supone que son un 21,3% de su poblaci\u00f3n.<br \/>\n<script async src=\"\/\/pagead2.googlesyndication.com\/pagead\/js\/adsbygoogle.js\"><\/script><br \/>\n<!-- Noticias La Guia de Pamplona --><br \/>\n<ins class=\"adsbygoogle\"\nstyle=\"display:block\"\ndata-ad-client=\"ca-pub-6943679897239327\"\ndata-ad-slot=\"7048180777\"\ndata-ad-format=\"auto\"><\/ins><br \/>\n<script>\n(adsbygoogle = window.adsbygoogle || []).push({});\n<\/script><\/p>\n<p>La visita de la comisi\u00f3n coincide con la puesta en funcionamiento de esta dotaci\u00f3n que podr\u00e1 usarse de forma ordinaria de lunes a domingo de 9 a 14 horas y de 16 a 21 horas. La reciente modificaci\u00f3n presupuestaria contempla la contrataci\u00f3n de una figura t\u00e9cnica de Integraci\u00f3n Social que se encargue de la dinamizaci\u00f3n de los espacios. El \u00e1rea responsable del nuevo local es Desarrollo Comunitario.<\/p>\n","protected":false},"excerpt":{"rendered":"<p>Este local de 300 m2 abre sus puertas como punto de encuentro y espacio de participaci\u00f3n para las 2.600 personas que habitan en esa zona de la ciudad<\/p>\n","protected":false},"author":1,"featured_media":41064,"comment_status":"open","ping_status":"closed","sticky":false,"template":"","format":"standard","meta":{"footnotes":""},"categories":[2],"tags":[],"class_list":["post-41063","post","type-post","status-publish","format-standard","has-post-thumbnail","hentry","category-ayuntamiento-pamplona"],"yoast_head":"<!-- This site is optimized with the Yoast SEO plugin v27.3 - https:\/\/yoast.com\/product\/yoast-seo-wordpress\/ -->\n<title>Santa Mar\u00eda la Real estrena un local multifuncional de uso vecinal, aunando iniciativas p\u00fablicas, privadas y del tejido asociativo<\/title>\n<meta name=\"description\" content=\"Este local de 300 m2 abre sus puertas como punto de encuentro y espacio de participaci\u00f3n para las 2.600 personas que habitan en esa zona de la ciudad\" \/>\n<meta name=\"robots\" content=\"index, follow, max-snippet:-1, max-image-preview:large, max-video-preview:-1\" \/>\n<link rel=\"canonical\" href=\"https:\/\/www.laguiadepamplona.com\/actualidad\/santa-maria-la-real-estrena-un-local-multifuncional-de-uso-vecinal-aunando-iniciativas-publicas-privadas-y-del-tejido-asociativo\/\" \/>\n<meta property=\"og:locale\" content=\"es_ES\" \/>\n<meta property=\"og:type\" content=\"article\" \/>\n<meta property=\"og:title\" content=\"Santa Mar\u00eda la Real estrena un local multifuncional de uso vecinal, aunando iniciativas p\u00fablicas, privadas y del tejido asociativo\" \/>\n<meta property=\"og:description\" content=\"Este local de 300 m2 abre sus puertas como punto de encuentro y espacio de participaci\u00f3n para las 2.600 personas que habitan en esa zona de la ciudad\" \/>\n<meta property=\"og:url\" content=\"https:\/\/www.laguiadepamplona.com\/actualidad\/santa-maria-la-real-estrena-un-local-multifuncional-de-uso-vecinal-aunando-iniciativas-publicas-privadas-y-del-tejido-asociativo\/\" \/>\n<meta property=\"og:site_name\" content=\"La Gu\u00eda de Pamplona\" \/>\n<meta property=\"article:publisher\" content=\"https:\/\/www.facebook.com\/laguiadepamplonacom-133175176762273\/?ref=hl\" \/>\n<meta property=\"article:published_time\" content=\"2022-06-28T14:55:31+00:00\" \/>\n<meta property=\"article:modified_time\" content=\"2023-04-11T09:47:59+00:00\" \/>\n<meta property=\"og:image\" content=\"https:\/\/www.laguiadepamplona.com\/actualidad\/wp-content\/uploads\/2022\/06\/local-multifuncional-santa-maria-la-real.webp\" \/>\n\t<meta property=\"og:image:width\" content=\"1920\" \/>\n\t<meta property=\"og:image:height\" content=\"1281\" \/>\n\t<meta property=\"og:image:type\" content=\"image\/webp\" \/>\n<meta name=\"author\" content=\"La Gu\u00eda de Pamplona\" \/>\n<meta name=\"twitter:card\" content=\"summary_large_image\" \/>\n<meta name=\"twitter:creator\" content=\"@LaGuiadPamplona\" \/>\n<meta name=\"twitter:site\" content=\"@LaGuiadPamplona\" \/>\n<meta name=\"twitter:label1\" content=\"Escrito por\" \/>\n\t<meta name=\"twitter:data1\" content=\"La Gu\u00eda de Pamplona\" \/>\n\t<meta name=\"twitter:label2\" content=\"Tiempo de lectura\" \/>\n\t<meta name=\"twitter:data2\" content=\"3 minutos\" \/>\n<script type=\"application\/ld+json\" class=\"yoast-schema-graph\">{\"@context\":\"https:\\\/\\\/schema.org\",\"@graph\":[{\"@type\":\"Article\",\"@id\":\"https:\\\/\\\/www.laguiadepamplona.com\\\/actualidad\\\/santa-maria-la-real-estrena-un-local-multifuncional-de-uso-vecinal-aunando-iniciativas-publicas-privadas-y-del-tejido-asociativo\\\/#article\",\"isPartOf\":{\"@id\":\"https:\\\/\\\/www.laguiadepamplona.com\\\/actualidad\\\/santa-maria-la-real-estrena-un-local-multifuncional-de-uso-vecinal-aunando-iniciativas-publicas-privadas-y-del-tejido-asociativo\\\/\"},\"author\":{\"name\":\"La Gu\u00eda de Pamplona\",\"@id\":\"https:\\\/\\\/www.laguiadepamplona.com\\\/actualidad\\\/#\\\/schema\\\/person\\\/efe887376f0213d4657c93adc50b1fdb\"},\"headline\":\"Santa Mar\u00eda la Real estrena un local multifuncional de uso vecinal, aunando iniciativas p\u00fablicas, privadas y del tejido asociativo\",\"datePublished\":\"2022-06-28T14:55:31+00:00\",\"dateModified\":\"2023-04-11T09:47:59+00:00\",\"mainEntityOfPage\":{\"@id\":\"https:\\\/\\\/www.laguiadepamplona.com\\\/actualidad\\\/santa-maria-la-real-estrena-un-local-multifuncional-de-uso-vecinal-aunando-iniciativas-publicas-privadas-y-del-tejido-asociativo\\\/\"},\"wordCount\":637,\"commentCount\":0,\"publisher\":{\"@id\":\"https:\\\/\\\/www.laguiadepamplona.com\\\/actualidad\\\/#organization\"},\"image\":{\"@id\":\"https:\\\/\\\/www.laguiadepamplona.com\\\/actualidad\\\/santa-maria-la-real-estrena-un-local-multifuncional-de-uso-vecinal-aunando-iniciativas-publicas-privadas-y-del-tejido-asociativo\\\/#primaryimage\"},\"thumbnailUrl\":\"https:\\\/\\\/www.laguiadepamplona.com\\\/actualidad\\\/wp-content\\\/uploads\\\/2022\\\/06\\\/local-multifuncional-santa-maria-la-real.webp\",\"articleSection\":[\"Ayto Pamplona\"],\"inLanguage\":\"es\",\"potentialAction\":[{\"@type\":\"CommentAction\",\"name\":\"Comment\",\"target\":[\"https:\\\/\\\/www.laguiadepamplona.com\\\/actualidad\\\/santa-maria-la-real-estrena-un-local-multifuncional-de-uso-vecinal-aunando-iniciativas-publicas-privadas-y-del-tejido-asociativo\\\/#respond\"]}]},{\"@type\":\"WebPage\",\"@id\":\"https:\\\/\\\/www.laguiadepamplona.com\\\/actualidad\\\/santa-maria-la-real-estrena-un-local-multifuncional-de-uso-vecinal-aunando-iniciativas-publicas-privadas-y-del-tejido-asociativo\\\/\",\"url\":\"https:\\\/\\\/www.laguiadepamplona.com\\\/actualidad\\\/santa-maria-la-real-estrena-un-local-multifuncional-de-uso-vecinal-aunando-iniciativas-publicas-privadas-y-del-tejido-asociativo\\\/\",\"name\":\"Santa Mar\u00eda la Real estrena un local multifuncional de uso vecinal, aunando iniciativas p\u00fablicas, privadas y del tejido asociativo\",\"isPartOf\":{\"@id\":\"https:\\\/\\\/www.laguiadepamplona.com\\\/actualidad\\\/#website\"},\"primaryImageOfPage\":{\"@id\":\"https:\\\/\\\/www.laguiadepamplona.com\\\/actualidad\\\/santa-maria-la-real-estrena-un-local-multifuncional-de-uso-vecinal-aunando-iniciativas-publicas-privadas-y-del-tejido-asociativo\\\/#primaryimage\"},\"image\":{\"@id\":\"https:\\\/\\\/www.laguiadepamplona.com\\\/actualidad\\\/santa-maria-la-real-estrena-un-local-multifuncional-de-uso-vecinal-aunando-iniciativas-publicas-privadas-y-del-tejido-asociativo\\\/#primaryimage\"},\"thumbnailUrl\":\"https:\\\/\\\/www.laguiadepamplona.com\\\/actualidad\\\/wp-content\\\/uploads\\\/2022\\\/06\\\/local-multifuncional-santa-maria-la-real.webp\",\"datePublished\":\"2022-06-28T14:55:31+00:00\",\"dateModified\":\"2023-04-11T09:47:59+00:00\",\"description\":\"Este local de 300 m2 abre sus puertas como punto de encuentro y espacio de participaci\u00f3n para las 2.600 personas que habitan en esa zona de la ciudad\",\"breadcrumb\":{\"@id\":\"https:\\\/\\\/www.laguiadepamplona.com\\\/actualidad\\\/santa-maria-la-real-estrena-un-local-multifuncional-de-uso-vecinal-aunando-iniciativas-publicas-privadas-y-del-tejido-asociativo\\\/#breadcrumb\"},\"inLanguage\":\"es\",\"potentialAction\":[{\"@type\":\"ReadAction\",\"target\":[\"https:\\\/\\\/www.laguiadepamplona.com\\\/actualidad\\\/santa-maria-la-real-estrena-un-local-multifuncional-de-uso-vecinal-aunando-iniciativas-publicas-privadas-y-del-tejido-asociativo\\\/\"]}]},{\"@type\":\"ImageObject\",\"inLanguage\":\"es\",\"@id\":\"https:\\\/\\\/www.laguiadepamplona.com\\\/actualidad\\\/santa-maria-la-real-estrena-un-local-multifuncional-de-uso-vecinal-aunando-iniciativas-publicas-privadas-y-del-tejido-asociativo\\\/#primaryimage\",\"url\":\"https:\\\/\\\/www.laguiadepamplona.com\\\/actualidad\\\/wp-content\\\/uploads\\\/2022\\\/06\\\/local-multifuncional-santa-maria-la-real.webp\",\"contentUrl\":\"https:\\\/\\\/www.laguiadepamplona.com\\\/actualidad\\\/wp-content\\\/uploads\\\/2022\\\/06\\\/local-multifuncional-santa-maria-la-real.webp\",\"width\":1920,\"height\":1281},{\"@type\":\"BreadcrumbList\",\"@id\":\"https:\\\/\\\/www.laguiadepamplona.com\\\/actualidad\\\/santa-maria-la-real-estrena-un-local-multifuncional-de-uso-vecinal-aunando-iniciativas-publicas-privadas-y-del-tejido-asociativo\\\/#breadcrumb\",\"itemListElement\":[{\"@type\":\"ListItem\",\"position\":1,\"name\":\"Portada\",\"item\":\"https:\\\/\\\/www.laguiadepamplona.com\\\/actualidad\\\/\"},{\"@type\":\"ListItem\",\"position\":2,\"name\":\"Santa Mar\u00eda la Real estrena un local multifuncional de uso vecinal, aunando iniciativas p\u00fablicas, privadas y del tejido asociativo\"}]},{\"@type\":\"WebSite\",\"@id\":\"https:\\\/\\\/www.laguiadepamplona.com\\\/actualidad\\\/#website\",\"url\":\"https:\\\/\\\/www.laguiadepamplona.com\\\/actualidad\\\/\",\"name\":\"La gu\u00eda de Pamplona\",\"description\":\"Noticias de Pamplona\",\"publisher\":{\"@id\":\"https:\\\/\\\/www.laguiadepamplona.com\\\/actualidad\\\/#organization\"},\"potentialAction\":[{\"@type\":\"SearchAction\",\"target\":{\"@type\":\"EntryPoint\",\"urlTemplate\":\"https:\\\/\\\/www.laguiadepamplona.com\\\/actualidad\\\/?s={search_term_string}\"},\"query-input\":{\"@type\":\"PropertyValueSpecification\",\"valueRequired\":true,\"valueName\":\"search_term_string\"}}],\"inLanguage\":\"es\"},{\"@type\":\"Organization\",\"@id\":\"https:\\\/\\\/www.laguiadepamplona.com\\\/actualidad\\\/#organization\",\"name\":\"La Gu\u00eda de Pamplona \\\/ Noticias\",\"url\":\"https:\\\/\\\/www.laguiadepamplona.com\\\/actualidad\\\/\",\"logo\":{\"@type\":\"ImageObject\",\"inLanguage\":\"es\",\"@id\":\"https:\\\/\\\/www.laguiadepamplona.com\\\/actualidad\\\/#\\\/schema\\\/logo\\\/image\\\/\",\"url\":\"https:\\\/\\\/www.laguiadepamplona.com\\\/actualidad\\\/wp-content\\\/uploads\\\/2018\\\/11\\\/logo-laguiadepamplona18-web1.png\",\"contentUrl\":\"https:\\\/\\\/www.laguiadepamplona.com\\\/actualidad\\\/wp-content\\\/uploads\\\/2018\\\/11\\\/logo-laguiadepamplona18-web1.png\",\"width\":600,\"height\":196,\"caption\":\"La Gu\u00eda de Pamplona \\\/ Noticias\"},\"image\":{\"@id\":\"https:\\\/\\\/www.laguiadepamplona.com\\\/actualidad\\\/#\\\/schema\\\/logo\\\/image\\\/\"},\"sameAs\":[\"https:\\\/\\\/www.facebook.com\\\/laguiadepamplonacom-133175176762273\\\/?ref=hl\",\"https:\\\/\\\/x.com\\\/LaGuiadPamplona\",\"https:\\\/\\\/www.instagram.com\\\/la_guia_de_pamplona\\\/\",\"https:\\\/\\\/www.youtube.com\\\/user\\\/laguiadepamplona\"]},{\"@type\":\"Person\",\"@id\":\"https:\\\/\\\/www.laguiadepamplona.com\\\/actualidad\\\/#\\\/schema\\\/person\\\/efe887376f0213d4657c93adc50b1fdb\",\"name\":\"La Gu\u00eda de Pamplona\",\"image\":{\"@type\":\"ImageObject\",\"inLanguage\":\"es\",\"@id\":\"https:\\\/\\\/secure.gravatar.com\\\/avatar\\\/b6992f131dc8d30ab0dff15446e9d346d9dbd95992de0fef795073f5ea83a81c?s=96&d=mm&r=g\",\"url\":\"https:\\\/\\\/secure.gravatar.com\\\/avatar\\\/b6992f131dc8d30ab0dff15446e9d346d9dbd95992de0fef795073f5ea83a81c?s=96&d=mm&r=g\",\"contentUrl\":\"https:\\\/\\\/secure.gravatar.com\\\/avatar\\\/b6992f131dc8d30ab0dff15446e9d346d9dbd95992de0fef795073f5ea83a81c?s=96&d=mm&r=g\",\"caption\":\"La Gu\u00eda de Pamplona\"}}]}<\/script>\n<!-- \/ Yoast SEO plugin. -->","yoast_head_json":{"title":"Santa Mar\u00eda la Real estrena un local multifuncional de uso vecinal, aunando iniciativas p\u00fablicas, privadas y del tejido asociativo","description":"Este local de 300 m2 abre sus puertas como punto de encuentro y espacio de participaci\u00f3n para las 2.600 personas que habitan en esa zona de la ciudad","robots":{"index":"index","follow":"follow","max-snippet":"max-snippet:-1","max-image-preview":"max-image-preview:large","max-video-preview":"max-video-preview:-1"},"canonical":"https:\/\/www.laguiadepamplona.com\/actualidad\/santa-maria-la-real-estrena-un-local-multifuncional-de-uso-vecinal-aunando-iniciativas-publicas-privadas-y-del-tejido-asociativo\/","og_locale":"es_ES","og_type":"article","og_title":"Santa Mar\u00eda la Real estrena un local multifuncional de uso vecinal, aunando iniciativas p\u00fablicas, privadas y del tejido asociativo","og_description":"Este local de 300 m2 abre sus puertas como punto de encuentro y espacio de participaci\u00f3n para las 2.600 personas que habitan en esa zona de la ciudad","og_url":"https:\/\/www.laguiadepamplona.com\/actualidad\/santa-maria-la-real-estrena-un-local-multifuncional-de-uso-vecinal-aunando-iniciativas-publicas-privadas-y-del-tejido-asociativo\/","og_site_name":"La Gu\u00eda de Pamplona","article_publisher":"https:\/\/www.facebook.com\/laguiadepamplonacom-133175176762273\/?ref=hl","article_published_time":"2022-06-28T14:55:31+00:00","article_modified_time":"2023-04-11T09:47:59+00:00","og_image":[{"width":1920,"height":1281,"url":"https:\/\/www.laguiadepamplona.com\/actualidad\/wp-content\/uploads\/2022\/06\/local-multifuncional-santa-maria-la-real.webp","type":"image\/webp"}],"author":"La Gu\u00eda de Pamplona","twitter_card":"summary_large_image","twitter_creator":"@LaGuiadPamplona","twitter_site":"@LaGuiadPamplona","twitter_misc":{"Escrito por":"La Gu\u00eda de Pamplona","Tiempo de lectura":"3 minutos"},"schema":{"@context":"https:\/\/schema.org","@graph":[{"@type":"Article","@id":"https:\/\/www.laguiadepamplona.com\/actualidad\/santa-maria-la-real-estrena-un-local-multifuncional-de-uso-vecinal-aunando-iniciativas-publicas-privadas-y-del-tejido-asociativo\/#article","isPartOf":{"@id":"https:\/\/www.laguiadepamplona.com\/actualidad\/santa-maria-la-real-estrena-un-local-multifuncional-de-uso-vecinal-aunando-iniciativas-publicas-privadas-y-del-tejido-asociativo\/"},"author":{"name":"La Gu\u00eda de Pamplona","@id":"https:\/\/www.laguiadepamplona.com\/actualidad\/#\/schema\/person\/efe887376f0213d4657c93adc50b1fdb"},"headline":"Santa Mar\u00eda la Real estrena un local multifuncional de uso vecinal, aunando iniciativas p\u00fablicas, privadas y del tejido asociativo","datePublished":"2022-06-28T14:55:31+00:00","dateModified":"2023-04-11T09:47:59+00:00","mainEntityOfPage":{"@id":"https:\/\/www.laguiadepamplona.com\/actualidad\/santa-maria-la-real-estrena-un-local-multifuncional-de-uso-vecinal-aunando-iniciativas-publicas-privadas-y-del-tejido-asociativo\/"},"wordCount":637,"commentCount":0,"publisher":{"@id":"https:\/\/www.laguiadepamplona.com\/actualidad\/#organization"},"image":{"@id":"https:\/\/www.laguiadepamplona.com\/actualidad\/santa-maria-la-real-estrena-un-local-multifuncional-de-uso-vecinal-aunando-iniciativas-publicas-privadas-y-del-tejido-asociativo\/#primaryimage"},"thumbnailUrl":"https:\/\/www.laguiadepamplona.com\/actualidad\/wp-content\/uploads\/2022\/06\/local-multifuncional-santa-maria-la-real.webp","articleSection":["Ayto Pamplona"],"inLanguage":"es","potentialAction":[{"@type":"CommentAction","name":"Comment","target":["https:\/\/www.laguiadepamplona.com\/actualidad\/santa-maria-la-real-estrena-un-local-multifuncional-de-uso-vecinal-aunando-iniciativas-publicas-privadas-y-del-tejido-asociativo\/#respond"]}]},{"@type":"WebPage","@id":"https:\/\/www.laguiadepamplona.com\/actualidad\/santa-maria-la-real-estrena-un-local-multifuncional-de-uso-vecinal-aunando-iniciativas-publicas-privadas-y-del-tejido-asociativo\/","url":"https:\/\/www.laguiadepamplona.com\/actualidad\/santa-maria-la-real-estrena-un-local-multifuncional-de-uso-vecinal-aunando-iniciativas-publicas-privadas-y-del-tejido-asociativo\/","name":"Santa Mar\u00eda la Real estrena un local multifuncional de uso vecinal, aunando iniciativas p\u00fablicas, privadas y del tejido asociativo","isPartOf":{"@id":"https:\/\/www.laguiadepamplona.com\/actualidad\/#website"},"primaryImageOfPage":{"@id":"https:\/\/www.laguiadepamplona.com\/actualidad\/santa-maria-la-real-estrena-un-local-multifuncional-de-uso-vecinal-aunando-iniciativas-publicas-privadas-y-del-tejido-asociativo\/#primaryimage"},"image":{"@id":"https:\/\/www.laguiadepamplona.com\/actualidad\/santa-maria-la-real-estrena-un-local-multifuncional-de-uso-vecinal-aunando-iniciativas-publicas-privadas-y-del-tejido-asociativo\/#primaryimage"},"thumbnailUrl":"https:\/\/www.laguiadepamplona.com\/actualidad\/wp-content\/uploads\/2022\/06\/local-multifuncional-santa-maria-la-real.webp","datePublished":"2022-06-28T14:55:31+00:00","dateModified":"2023-04-11T09:47:59+00:00","description":"Este local de 300 m2 abre sus puertas como punto de encuentro y espacio de participaci\u00f3n para las 2.600 personas que habitan en esa zona de la ciudad","breadcrumb":{"@id":"https:\/\/www.laguiadepamplona.com\/actualidad\/santa-maria-la-real-estrena-un-local-multifuncional-de-uso-vecinal-aunando-iniciativas-publicas-privadas-y-del-tejido-asociativo\/#breadcrumb"},"inLanguage":"es","potentialAction":[{"@type":"ReadAction","target":["https:\/\/www.laguiadepamplona.com\/actualidad\/santa-maria-la-real-estrena-un-local-multifuncional-de-uso-vecinal-aunando-iniciativas-publicas-privadas-y-del-tejido-asociativo\/"]}]},{"@type":"ImageObject","inLanguage":"es","@id":"https:\/\/www.laguiadepamplona.com\/actualidad\/santa-maria-la-real-estrena-un-local-multifuncional-de-uso-vecinal-aunando-iniciativas-publicas-privadas-y-del-tejido-asociativo\/#primaryimage","url":"https:\/\/www.laguiadepamplona.com\/actualidad\/wp-content\/uploads\/2022\/06\/local-multifuncional-santa-maria-la-real.webp","contentUrl":"https:\/\/www.laguiadepamplona.com\/actualidad\/wp-content\/uploads\/2022\/06\/local-multifuncional-santa-maria-la-real.webp","width":1920,"height":1281},{"@type":"BreadcrumbList","@id":"https:\/\/www.laguiadepamplona.com\/actualidad\/santa-maria-la-real-estrena-un-local-multifuncional-de-uso-vecinal-aunando-iniciativas-publicas-privadas-y-del-tejido-asociativo\/#breadcrumb","itemListElement":[{"@type":"ListItem","position":1,"name":"Portada","item":"https:\/\/www.laguiadepamplona.com\/actualidad\/"},{"@type":"ListItem","position":2,"name":"Santa Mar\u00eda la Real estrena un local multifuncional de uso vecinal, aunando iniciativas p\u00fablicas, privadas y del tejido asociativo"}]},{"@type":"WebSite","@id":"https:\/\/www.laguiadepamplona.com\/actualidad\/#website","url":"https:\/\/www.laguiadepamplona.com\/actualidad\/","name":"La gu\u00eda de Pamplona","description":"Noticias de Pamplona","publisher":{"@id":"https:\/\/www.laguiadepamplona.com\/actualidad\/#organization"},"potentialAction":[{"@type":"SearchAction","target":{"@type":"EntryPoint","urlTemplate":"https:\/\/www.laguiadepamplona.com\/actualidad\/?s={search_term_string}"},"query-input":{"@type":"PropertyValueSpecification","valueRequired":true,"valueName":"search_term_string"}}],"inLanguage":"es"},{"@type":"Organization","@id":"https:\/\/www.laguiadepamplona.com\/actualidad\/#organization","name":"La Gu\u00eda de Pamplona \/ Noticias","url":"https:\/\/www.laguiadepamplona.com\/actualidad\/","logo":{"@type":"ImageObject","inLanguage":"es","@id":"https:\/\/www.laguiadepamplona.com\/actualidad\/#\/schema\/logo\/image\/","url":"https:\/\/www.laguiadepamplona.com\/actualidad\/wp-content\/uploads\/2018\/11\/logo-laguiadepamplona18-web1.png","contentUrl":"https:\/\/www.laguiadepamplona.com\/actualidad\/wp-content\/uploads\/2018\/11\/logo-laguiadepamplona18-web1.png","width":600,"height":196,"caption":"La Gu\u00eda de Pamplona \/ Noticias"},"image":{"@id":"https:\/\/www.laguiadepamplona.com\/actualidad\/#\/schema\/logo\/image\/"},"sameAs":["https:\/\/www.facebook.com\/laguiadepamplonacom-133175176762273\/?ref=hl","https:\/\/x.com\/LaGuiadPamplona","https:\/\/www.instagram.com\/la_guia_de_pamplona\/","https:\/\/www.youtube.com\/user\/laguiadepamplona"]},{"@type":"Person","@id":"https:\/\/www.laguiadepamplona.com\/actualidad\/#\/schema\/person\/efe887376f0213d4657c93adc50b1fdb","name":"La Gu\u00eda de Pamplona","image":{"@type":"ImageObject","inLanguage":"es","@id":"https:\/\/secure.gravatar.com\/avatar\/b6992f131dc8d30ab0dff15446e9d346d9dbd95992de0fef795073f5ea83a81c?s=96&d=mm&r=g","url":"https:\/\/secure.gravatar.com\/avatar\/b6992f131dc8d30ab0dff15446e9d346d9dbd95992de0fef795073f5ea83a81c?s=96&d=mm&r=g","contentUrl":"https:\/\/secure.gravatar.com\/avatar\/b6992f131dc8d30ab0dff15446e9d346d9dbd95992de0fef795073f5ea83a81c?s=96&d=mm&r=g","caption":"La Gu\u00eda de Pamplona"}}]}},"post_mailing_queue_ids":[],"_links":{"self":[{"href":"https:\/\/www.laguiadepamplona.com\/actualidad\/wp-json\/wp\/v2\/posts\/41063","targetHints":{"allow":["GET"]}}],"collection":[{"href":"https:\/\/www.laguiadepamplona.com\/actualidad\/wp-json\/wp\/v2\/posts"}],"about":[{"href":"https:\/\/www.laguiadepamplona.com\/actualidad\/wp-json\/wp\/v2\/types\/post"}],"author":[{"embeddable":true,"href":"https:\/\/www.laguiadepamplona.com\/actualidad\/wp-json\/wp\/v2\/users\/1"}],"replies":[{"embeddable":true,"href":"https:\/\/www.laguiadepamplona.com\/actualidad\/wp-json\/wp\/v2\/comments?post=41063"}],"version-history":[{"count":0,"href":"https:\/\/www.laguiadepamplona.com\/actualidad\/wp-json\/wp\/v2\/posts\/41063\/revisions"}],"wp:featuredmedia":[{"embeddable":true,"href":"https:\/\/www.laguiadepamplona.com\/actualidad\/wp-json\/wp\/v2\/media\/41064"}],"wp:attachment":[{"href":"https:\/\/www.laguiadepamplona.com\/actualidad\/wp-json\/wp\/v2\/media?parent=41063"}],"wp:term":[{"taxonomy":"category","embeddable":true,"href":"https:\/\/www.laguiadepamplona.com\/actualidad\/wp-json\/wp\/v2\/categories?post=41063"},{"taxonomy":"post_tag","embeddable":true,"href":"https:\/\/www.laguiadepamplona.com\/actualidad\/wp-json\/wp\/v2\/tags?post=41063"}],"curies":[{"name":"wp","href":"https:\/\/api.w.org\/{rel}","templated":true}]}}