{"id":41057,"date":"2022-06-28T16:47:04","date_gmt":"2022-06-28T14:47:04","guid":{"rendered":"https:\/\/www.laguiadepamplona.com\/actualidad\/?p=41057"},"modified":"2023-04-11T11:47:59","modified_gmt":"2023-04-11T09:47:59","slug":"el-alcalde-de-pamplona-recibe-a-una-representacion-de-los-equipos-femeninos-de-balonmano-de-las-categorias-infantil-y-cadete-de-helvetia-anaitasuna","status":"publish","type":"post","link":"https:\/\/www.laguiadepamplona.com\/actualidad\/el-alcalde-de-pamplona-recibe-a-una-representacion-de-los-equipos-femeninos-de-balonmano-de-las-categorias-infantil-y-cadete-de-helvetia-anaitasuna\/","title":{"rendered":"El alcalde de Pamplona recibe a una representaci\u00f3n de los equipos femeninos de balonmano de las categor\u00edas infantil y cadete de Helvetia Anaitasuna"},"content":{"rendered":"<h5>El equipo infantil se proclam\u00f3 campe\u00f3n de Espa\u00f1a por segundo a\u00f1o consecutivo y el equipo cadete logr\u00f3 la medalla de bronce<\/h5>\n<p><!--more--><\/p>\n<p>El alcalde de Pamplona, Enrique Maya, ha recibido este mediod\u00eda en la Casa Consistorial a una representaci\u00f3n del balonmano base de Helvetia Anaitasuna, personificada en los \u00e9xitos de dos de sus equipos femeninos de las categor\u00edas infantil y cadete. En sendos campeonatos de Espa\u00f1a celebrados en las \u00faltimas semanas, el equipo infantil conquist\u00f3 por segundo a\u00f1o consecutivo la medalla de oro, mientras que el equipo cadete se colg\u00f3 la medalla de bronce.<\/p>\n<p>En este encuentro han participado, adem\u00e1s del alcalde, las jugadoras del equipo infantil Eider Alonso y Leire Jaso, las jugadoras del equipo cadete Leire Vesperinas y Edurne S\u00e1inz, el entrenador cadete Pablo Gabari y el vicepresidente de Helvetia Anaitasuna, I\u00f1aki Garralda. Han asistido tambi\u00e9n la concejala delegada de Servicios Sociales, Acci\u00f3n Comunitaria y Deporte, Mar\u00eda Caballero, y el concejal especial de Juventud y Deporte, Fernando Aranguren.<br \/>\n<script async src=\"\/\/pagead2.googlesyndication.com\/pagead\/js\/adsbygoogle.js\"><\/script><br \/>\n<!-- Noticias La Guia de Pamplona --><br \/>\n<ins class=\"adsbygoogle\"\nstyle=\"display:block\"\ndata-ad-client=\"ca-pub-6943679897239327\"\ndata-ad-slot=\"7048180777\"\ndata-ad-format=\"auto\"><\/ins><br \/>\n<script>\n(adsbygoogle = window.adsbygoogle || []).push({});\n<\/script><\/p>\n<p>El equipo infantil logr\u00f3 el oro en el Campeonato de Espa\u00f1a en su casa, en Anaitasuna el pasado 19 de junio, en un fin de semana inmaculado en el que obtuvo cinco victorias contundentes ante el AEH Les Franqueses, Grupo USA H. Mislata y SPL Ti\u00f1osa \u2013 Perto del Carmen. En semifinales vencieron al BM Torrej\u00f3n. En la final, equipo infantil A de Helvetia Anaitasuna se volvi\u00f3 a imponer al Grupo USA H. Mislata valenciano por 30 goles a 13. Un triunfo que revalida el Campeonato de Espa\u00f1a que un a\u00f1o antes festejaron en Elda (Alicante).<\/p>\n<p>Forman parte del <strong>equipo<\/strong>\u00a0Leire Jaso Taberna, Irune Puncel Aizcorbe, Amaia Moreno G\u00f3mez, Milion Ceberio Fontales, Garazi Valenzuela Alvira, Elena Vives Barrera, Sof\u00eda Hern\u00e1ndez Saiu, Lorea Mari\u00f1elarena Iriarte, Uxue Mercero Loitegui, Sara Jim\u00e9nez Corona, Aroa Arrese Atares, Uxue Iriarte Valero, Nahia Jim\u00e9nez Lecumberri, Uxue Ilzarbe G\u00f3rriz, Patricia Arriaga Osc\u00e1riz, Eider Alonso Arbizu, Irune Urbeltz Otxoa e Izaro Galarza Goikoetxea. Libe Uriguen Aranguren y Maider Gonz\u00e1lez Laguardia formaron tambi\u00e9n parte del equipo en la fase sector y en la fase final. Los entrenadores del equipo son <strong>Iosu Vergara<\/strong>,<strong> Joseba Galech<\/strong>\u00a0y\u00a0<strong>Ander Mart\u00edn<\/strong>.<br \/>\n<script async src=\"\/\/pagead2.googlesyndication.com\/pagead\/js\/adsbygoogle.js\"><\/script><br \/>\n<!-- Noticias La Guia de Pamplona --><br \/>\n<ins class=\"adsbygoogle\"\nstyle=\"display:block\"\ndata-ad-client=\"ca-pub-6943679897239327\"\ndata-ad-slot=\"7048180777\"\ndata-ad-format=\"auto\"><\/ins><br \/>\n<script>\n(adsbygoogle = window.adsbygoogle || []).push({});\n<\/script><\/p>\n<p><strong>Bronce cadete en Cangas<\/strong><\/p>\n<p>Una semana antes en Cangas, las chicas del equipo cadete consiguieron la medalla de bronce en el Campeonato de Espa\u00f1a de su categor\u00eda, en una fase final con los ocho mejores combinados del pa\u00eds. Se impusieron en la final de consolaci\u00f3n al <strong>Sal\u00f3n Avil\u00e9s Balonmano Cangas<\/strong>, por 28 a 31, en un partido que se decidi\u00f3 en la pr\u00f3rroga. Durante el fin de semana \u00fanicamente perdieron un partido, ante las a la postre campeonas, el M5 Surjet Ciudad Dos Hermanas de Sevilla.<\/p>\n<p>El\u00a0<strong>equipo cadete est\u00e1 integrado <\/strong>por Naia Hualde Zarraluqui, In\u00e9s Brinco Rodr\u00edguez, Ane Garralda Soteras, Naroa Puncel Aizcorbe, Goretti Cacho Urtasun, Claudia Aldave Mart\u00ednez, Nahia J\u00e1uregui Unzu\u00e9, Iratxe Ganuza Jorge, Oihane Beperet Salinas, Lexuri Saralegui Fuertes, Naiara Hualde Braco, Leyre Vesperinas Calder\u00f3n, Naroa Baquedano Mezqu\u00edriz, Naiara Gonz\u00e1lez Ciriza, Iraia Pilart Arlegui, Marina Zaballos Viamonte, Uxue Sarobe Moracho, Lorea Iranzo Irurre, Ainhoa Busto Agorreta y Edurne Sainz Font\u00e1n. En el cuerpo t\u00e9cnico, adem\u00e1s de Pablo Gabari, trabajan\u00a0Mar\u00eda P\u00e9rez de Vi\u00f1aspre, Andr\u00e9s Garde y Jorge Pe\u00f1alva.<\/p>\n","protected":false},"excerpt":{"rendered":"<p>El equipo infantil se proclam\u00f3 campe\u00f3n de Espa\u00f1a por segundo a\u00f1o consecutivo y el equipo cadete logr\u00f3 la medalla de bronce<\/p>\n","protected":false},"author":1,"featured_media":41058,"comment_status":"open","ping_status":"closed","sticky":false,"template":"","format":"standard","meta":{"footnotes":""},"categories":[2],"tags":[],"class_list":["post-41057","post","type-post","status-publish","format-standard","has-post-thumbnail","hentry","category-ayuntamiento-pamplona"],"yoast_head":"<!-- This site is optimized with the Yoast SEO plugin v27.3 - https:\/\/yoast.com\/product\/yoast-seo-wordpress\/ -->\n<title>El alcalde de Pamplona recibe a una representaci\u00f3n de los equipos femeninos de balonmano de las categor\u00edas infantil y cadete de Helvetia Anaitasuna<\/title>\n<meta name=\"description\" content=\"El equipo infantil se proclam\u00f3 campe\u00f3n de Espa\u00f1a por segundo a\u00f1o consecutivo y el equipo cadete logr\u00f3 la medalla de bronce\" \/>\n<meta name=\"robots\" content=\"index, follow, max-snippet:-1, max-image-preview:large, max-video-preview:-1\" \/>\n<link rel=\"canonical\" href=\"https:\/\/www.laguiadepamplona.com\/actualidad\/el-alcalde-de-pamplona-recibe-a-una-representacion-de-los-equipos-femeninos-de-balonmano-de-las-categorias-infantil-y-cadete-de-helvetia-anaitasuna\/\" \/>\n<meta property=\"og:locale\" content=\"es_ES\" \/>\n<meta property=\"og:type\" content=\"article\" \/>\n<meta property=\"og:title\" content=\"El alcalde de Pamplona recibe a una representaci\u00f3n de los equipos femeninos de balonmano de las categor\u00edas infantil y cadete de Helvetia Anaitasuna\" \/>\n<meta property=\"og:description\" content=\"El equipo infantil se proclam\u00f3 campe\u00f3n de Espa\u00f1a por segundo a\u00f1o consecutivo y el equipo cadete logr\u00f3 la medalla de bronce\" \/>\n<meta property=\"og:url\" content=\"https:\/\/www.laguiadepamplona.com\/actualidad\/el-alcalde-de-pamplona-recibe-a-una-representacion-de-los-equipos-femeninos-de-balonmano-de-las-categorias-infantil-y-cadete-de-helvetia-anaitasuna\/\" \/>\n<meta property=\"og:site_name\" content=\"La Gu\u00eda de Pamplona\" \/>\n<meta property=\"article:publisher\" content=\"https:\/\/www.facebook.com\/laguiadepamplonacom-133175176762273\/?ref=hl\" \/>\n<meta property=\"article:published_time\" content=\"2022-06-28T14:47:04+00:00\" \/>\n<meta property=\"article:modified_time\" content=\"2023-04-11T09:47:59+00:00\" \/>\n<meta property=\"og:image\" content=\"https:\/\/www.laguiadepamplona.com\/actualidad\/wp-content\/uploads\/2022\/06\/balomanofemanaitasunaee5a7449_0.webp\" \/>\n\t<meta property=\"og:image:width\" content=\"1920\" \/>\n\t<meta property=\"og:image:height\" content=\"1280\" \/>\n\t<meta property=\"og:image:type\" content=\"image\/webp\" \/>\n<meta name=\"author\" content=\"La Gu\u00eda de Pamplona\" \/>\n<meta name=\"twitter:card\" content=\"summary_large_image\" \/>\n<meta name=\"twitter:creator\" content=\"@LaGuiadPamplona\" \/>\n<meta name=\"twitter:site\" content=\"@LaGuiadPamplona\" \/>\n<meta name=\"twitter:label1\" content=\"Escrito por\" \/>\n\t<meta name=\"twitter:data1\" content=\"La Gu\u00eda de Pamplona\" \/>\n\t<meta name=\"twitter:label2\" content=\"Tiempo de lectura\" \/>\n\t<meta name=\"twitter:data2\" content=\"3 minutos\" \/>\n<script type=\"application\/ld+json\" class=\"yoast-schema-graph\">{\"@context\":\"https:\\\/\\\/schema.org\",\"@graph\":[{\"@type\":\"Article\",\"@id\":\"https:\\\/\\\/www.laguiadepamplona.com\\\/actualidad\\\/el-alcalde-de-pamplona-recibe-a-una-representacion-de-los-equipos-femeninos-de-balonmano-de-las-categorias-infantil-y-cadete-de-helvetia-anaitasuna\\\/#article\",\"isPartOf\":{\"@id\":\"https:\\\/\\\/www.laguiadepamplona.com\\\/actualidad\\\/el-alcalde-de-pamplona-recibe-a-una-representacion-de-los-equipos-femeninos-de-balonmano-de-las-categorias-infantil-y-cadete-de-helvetia-anaitasuna\\\/\"},\"author\":{\"name\":\"La Gu\u00eda de Pamplona\",\"@id\":\"https:\\\/\\\/www.laguiadepamplona.com\\\/actualidad\\\/#\\\/schema\\\/person\\\/efe887376f0213d4657c93adc50b1fdb\"},\"headline\":\"El alcalde de Pamplona recibe a una representaci\u00f3n de los equipos femeninos de balonmano de las categor\u00edas infantil y cadete de Helvetia Anaitasuna\",\"datePublished\":\"2022-06-28T14:47:04+00:00\",\"dateModified\":\"2023-04-11T09:47:59+00:00\",\"mainEntityOfPage\":{\"@id\":\"https:\\\/\\\/www.laguiadepamplona.com\\\/actualidad\\\/el-alcalde-de-pamplona-recibe-a-una-representacion-de-los-equipos-femeninos-de-balonmano-de-las-categorias-infantil-y-cadete-de-helvetia-anaitasuna\\\/\"},\"wordCount\":589,\"commentCount\":0,\"publisher\":{\"@id\":\"https:\\\/\\\/www.laguiadepamplona.com\\\/actualidad\\\/#organization\"},\"image\":{\"@id\":\"https:\\\/\\\/www.laguiadepamplona.com\\\/actualidad\\\/el-alcalde-de-pamplona-recibe-a-una-representacion-de-los-equipos-femeninos-de-balonmano-de-las-categorias-infantil-y-cadete-de-helvetia-anaitasuna\\\/#primaryimage\"},\"thumbnailUrl\":\"https:\\\/\\\/www.laguiadepamplona.com\\\/actualidad\\\/wp-content\\\/uploads\\\/2022\\\/06\\\/balomanofemanaitasunaee5a7449_0.webp\",\"articleSection\":[\"Ayto Pamplona\"],\"inLanguage\":\"es\",\"potentialAction\":[{\"@type\":\"CommentAction\",\"name\":\"Comment\",\"target\":[\"https:\\\/\\\/www.laguiadepamplona.com\\\/actualidad\\\/el-alcalde-de-pamplona-recibe-a-una-representacion-de-los-equipos-femeninos-de-balonmano-de-las-categorias-infantil-y-cadete-de-helvetia-anaitasuna\\\/#respond\"]}]},{\"@type\":\"WebPage\",\"@id\":\"https:\\\/\\\/www.laguiadepamplona.com\\\/actualidad\\\/el-alcalde-de-pamplona-recibe-a-una-representacion-de-los-equipos-femeninos-de-balonmano-de-las-categorias-infantil-y-cadete-de-helvetia-anaitasuna\\\/\",\"url\":\"https:\\\/\\\/www.laguiadepamplona.com\\\/actualidad\\\/el-alcalde-de-pamplona-recibe-a-una-representacion-de-los-equipos-femeninos-de-balonmano-de-las-categorias-infantil-y-cadete-de-helvetia-anaitasuna\\\/\",\"name\":\"El alcalde de Pamplona recibe a una representaci\u00f3n de los equipos femeninos de balonmano de las categor\u00edas infantil y cadete de Helvetia Anaitasuna\",\"isPartOf\":{\"@id\":\"https:\\\/\\\/www.laguiadepamplona.com\\\/actualidad\\\/#website\"},\"primaryImageOfPage\":{\"@id\":\"https:\\\/\\\/www.laguiadepamplona.com\\\/actualidad\\\/el-alcalde-de-pamplona-recibe-a-una-representacion-de-los-equipos-femeninos-de-balonmano-de-las-categorias-infantil-y-cadete-de-helvetia-anaitasuna\\\/#primaryimage\"},\"image\":{\"@id\":\"https:\\\/\\\/www.laguiadepamplona.com\\\/actualidad\\\/el-alcalde-de-pamplona-recibe-a-una-representacion-de-los-equipos-femeninos-de-balonmano-de-las-categorias-infantil-y-cadete-de-helvetia-anaitasuna\\\/#primaryimage\"},\"thumbnailUrl\":\"https:\\\/\\\/www.laguiadepamplona.com\\\/actualidad\\\/wp-content\\\/uploads\\\/2022\\\/06\\\/balomanofemanaitasunaee5a7449_0.webp\",\"datePublished\":\"2022-06-28T14:47:04+00:00\",\"dateModified\":\"2023-04-11T09:47:59+00:00\",\"description\":\"El equipo infantil se proclam\u00f3 campe\u00f3n de Espa\u00f1a por segundo a\u00f1o consecutivo y el equipo cadete logr\u00f3 la medalla de bronce\",\"breadcrumb\":{\"@id\":\"https:\\\/\\\/www.laguiadepamplona.com\\\/actualidad\\\/el-alcalde-de-pamplona-recibe-a-una-representacion-de-los-equipos-femeninos-de-balonmano-de-las-categorias-infantil-y-cadete-de-helvetia-anaitasuna\\\/#breadcrumb\"},\"inLanguage\":\"es\",\"potentialAction\":[{\"@type\":\"ReadAction\",\"target\":[\"https:\\\/\\\/www.laguiadepamplona.com\\\/actualidad\\\/el-alcalde-de-pamplona-recibe-a-una-representacion-de-los-equipos-femeninos-de-balonmano-de-las-categorias-infantil-y-cadete-de-helvetia-anaitasuna\\\/\"]}]},{\"@type\":\"ImageObject\",\"inLanguage\":\"es\",\"@id\":\"https:\\\/\\\/www.laguiadepamplona.com\\\/actualidad\\\/el-alcalde-de-pamplona-recibe-a-una-representacion-de-los-equipos-femeninos-de-balonmano-de-las-categorias-infantil-y-cadete-de-helvetia-anaitasuna\\\/#primaryimage\",\"url\":\"https:\\\/\\\/www.laguiadepamplona.com\\\/actualidad\\\/wp-content\\\/uploads\\\/2022\\\/06\\\/balomanofemanaitasunaee5a7449_0.webp\",\"contentUrl\":\"https:\\\/\\\/www.laguiadepamplona.com\\\/actualidad\\\/wp-content\\\/uploads\\\/2022\\\/06\\\/balomanofemanaitasunaee5a7449_0.webp\",\"width\":1920,\"height\":1280},{\"@type\":\"BreadcrumbList\",\"@id\":\"https:\\\/\\\/www.laguiadepamplona.com\\\/actualidad\\\/el-alcalde-de-pamplona-recibe-a-una-representacion-de-los-equipos-femeninos-de-balonmano-de-las-categorias-infantil-y-cadete-de-helvetia-anaitasuna\\\/#breadcrumb\",\"itemListElement\":[{\"@type\":\"ListItem\",\"position\":1,\"name\":\"Portada\",\"item\":\"https:\\\/\\\/www.laguiadepamplona.com\\\/actualidad\\\/\"},{\"@type\":\"ListItem\",\"position\":2,\"name\":\"El alcalde de Pamplona recibe a una representaci\u00f3n de los equipos femeninos de balonmano de las categor\u00edas infantil y cadete de Helvetia Anaitasuna\"}]},{\"@type\":\"WebSite\",\"@id\":\"https:\\\/\\\/www.laguiadepamplona.com\\\/actualidad\\\/#website\",\"url\":\"https:\\\/\\\/www.laguiadepamplona.com\\\/actualidad\\\/\",\"name\":\"La gu\u00eda de Pamplona\",\"description\":\"Noticias de Pamplona\",\"publisher\":{\"@id\":\"https:\\\/\\\/www.laguiadepamplona.com\\\/actualidad\\\/#organization\"},\"potentialAction\":[{\"@type\":\"SearchAction\",\"target\":{\"@type\":\"EntryPoint\",\"urlTemplate\":\"https:\\\/\\\/www.laguiadepamplona.com\\\/actualidad\\\/?s={search_term_string}\"},\"query-input\":{\"@type\":\"PropertyValueSpecification\",\"valueRequired\":true,\"valueName\":\"search_term_string\"}}],\"inLanguage\":\"es\"},{\"@type\":\"Organization\",\"@id\":\"https:\\\/\\\/www.laguiadepamplona.com\\\/actualidad\\\/#organization\",\"name\":\"La Gu\u00eda de Pamplona \\\/ Noticias\",\"url\":\"https:\\\/\\\/www.laguiadepamplona.com\\\/actualidad\\\/\",\"logo\":{\"@type\":\"ImageObject\",\"inLanguage\":\"es\",\"@id\":\"https:\\\/\\\/www.laguiadepamplona.com\\\/actualidad\\\/#\\\/schema\\\/logo\\\/image\\\/\",\"url\":\"https:\\\/\\\/www.laguiadepamplona.com\\\/actualidad\\\/wp-content\\\/uploads\\\/2018\\\/11\\\/logo-laguiadepamplona18-web1.png\",\"contentUrl\":\"https:\\\/\\\/www.laguiadepamplona.com\\\/actualidad\\\/wp-content\\\/uploads\\\/2018\\\/11\\\/logo-laguiadepamplona18-web1.png\",\"width\":600,\"height\":196,\"caption\":\"La Gu\u00eda de Pamplona \\\/ Noticias\"},\"image\":{\"@id\":\"https:\\\/\\\/www.laguiadepamplona.com\\\/actualidad\\\/#\\\/schema\\\/logo\\\/image\\\/\"},\"sameAs\":[\"https:\\\/\\\/www.facebook.com\\\/laguiadepamplonacom-133175176762273\\\/?ref=hl\",\"https:\\\/\\\/x.com\\\/LaGuiadPamplona\",\"https:\\\/\\\/www.instagram.com\\\/la_guia_de_pamplona\\\/\",\"https:\\\/\\\/www.youtube.com\\\/user\\\/laguiadepamplona\"]},{\"@type\":\"Person\",\"@id\":\"https:\\\/\\\/www.laguiadepamplona.com\\\/actualidad\\\/#\\\/schema\\\/person\\\/efe887376f0213d4657c93adc50b1fdb\",\"name\":\"La Gu\u00eda de Pamplona\",\"image\":{\"@type\":\"ImageObject\",\"inLanguage\":\"es\",\"@id\":\"https:\\\/\\\/secure.gravatar.com\\\/avatar\\\/b6992f131dc8d30ab0dff15446e9d346d9dbd95992de0fef795073f5ea83a81c?s=96&d=mm&r=g\",\"url\":\"https:\\\/\\\/secure.gravatar.com\\\/avatar\\\/b6992f131dc8d30ab0dff15446e9d346d9dbd95992de0fef795073f5ea83a81c?s=96&d=mm&r=g\",\"contentUrl\":\"https:\\\/\\\/secure.gravatar.com\\\/avatar\\\/b6992f131dc8d30ab0dff15446e9d346d9dbd95992de0fef795073f5ea83a81c?s=96&d=mm&r=g\",\"caption\":\"La Gu\u00eda de Pamplona\"}}]}<\/script>\n<!-- \/ Yoast SEO plugin. -->","yoast_head_json":{"title":"El alcalde de Pamplona recibe a una representaci\u00f3n de los equipos femeninos de balonmano de las categor\u00edas infantil y cadete de Helvetia Anaitasuna","description":"El equipo infantil se proclam\u00f3 campe\u00f3n de Espa\u00f1a por segundo a\u00f1o consecutivo y el equipo cadete logr\u00f3 la medalla de bronce","robots":{"index":"index","follow":"follow","max-snippet":"max-snippet:-1","max-image-preview":"max-image-preview:large","max-video-preview":"max-video-preview:-1"},"canonical":"https:\/\/www.laguiadepamplona.com\/actualidad\/el-alcalde-de-pamplona-recibe-a-una-representacion-de-los-equipos-femeninos-de-balonmano-de-las-categorias-infantil-y-cadete-de-helvetia-anaitasuna\/","og_locale":"es_ES","og_type":"article","og_title":"El alcalde de Pamplona recibe a una representaci\u00f3n de los equipos femeninos de balonmano de las categor\u00edas infantil y cadete de Helvetia Anaitasuna","og_description":"El equipo infantil se proclam\u00f3 campe\u00f3n de Espa\u00f1a por segundo a\u00f1o consecutivo y el equipo cadete logr\u00f3 la medalla de bronce","og_url":"https:\/\/www.laguiadepamplona.com\/actualidad\/el-alcalde-de-pamplona-recibe-a-una-representacion-de-los-equipos-femeninos-de-balonmano-de-las-categorias-infantil-y-cadete-de-helvetia-anaitasuna\/","og_site_name":"La Gu\u00eda de Pamplona","article_publisher":"https:\/\/www.facebook.com\/laguiadepamplonacom-133175176762273\/?ref=hl","article_published_time":"2022-06-28T14:47:04+00:00","article_modified_time":"2023-04-11T09:47:59+00:00","og_image":[{"width":1920,"height":1280,"url":"https:\/\/www.laguiadepamplona.com\/actualidad\/wp-content\/uploads\/2022\/06\/balomanofemanaitasunaee5a7449_0.webp","type":"image\/webp"}],"author":"La Gu\u00eda de Pamplona","twitter_card":"summary_large_image","twitter_creator":"@LaGuiadPamplona","twitter_site":"@LaGuiadPamplona","twitter_misc":{"Escrito por":"La Gu\u00eda de Pamplona","Tiempo de lectura":"3 minutos"},"schema":{"@context":"https:\/\/schema.org","@graph":[{"@type":"Article","@id":"https:\/\/www.laguiadepamplona.com\/actualidad\/el-alcalde-de-pamplona-recibe-a-una-representacion-de-los-equipos-femeninos-de-balonmano-de-las-categorias-infantil-y-cadete-de-helvetia-anaitasuna\/#article","isPartOf":{"@id":"https:\/\/www.laguiadepamplona.com\/actualidad\/el-alcalde-de-pamplona-recibe-a-una-representacion-de-los-equipos-femeninos-de-balonmano-de-las-categorias-infantil-y-cadete-de-helvetia-anaitasuna\/"},"author":{"name":"La Gu\u00eda de Pamplona","@id":"https:\/\/www.laguiadepamplona.com\/actualidad\/#\/schema\/person\/efe887376f0213d4657c93adc50b1fdb"},"headline":"El alcalde de Pamplona recibe a una representaci\u00f3n de los equipos femeninos de balonmano de las categor\u00edas infantil y cadete de Helvetia Anaitasuna","datePublished":"2022-06-28T14:47:04+00:00","dateModified":"2023-04-11T09:47:59+00:00","mainEntityOfPage":{"@id":"https:\/\/www.laguiadepamplona.com\/actualidad\/el-alcalde-de-pamplona-recibe-a-una-representacion-de-los-equipos-femeninos-de-balonmano-de-las-categorias-infantil-y-cadete-de-helvetia-anaitasuna\/"},"wordCount":589,"commentCount":0,"publisher":{"@id":"https:\/\/www.laguiadepamplona.com\/actualidad\/#organization"},"image":{"@id":"https:\/\/www.laguiadepamplona.com\/actualidad\/el-alcalde-de-pamplona-recibe-a-una-representacion-de-los-equipos-femeninos-de-balonmano-de-las-categorias-infantil-y-cadete-de-helvetia-anaitasuna\/#primaryimage"},"thumbnailUrl":"https:\/\/www.laguiadepamplona.com\/actualidad\/wp-content\/uploads\/2022\/06\/balomanofemanaitasunaee5a7449_0.webp","articleSection":["Ayto Pamplona"],"inLanguage":"es","potentialAction":[{"@type":"CommentAction","name":"Comment","target":["https:\/\/www.laguiadepamplona.com\/actualidad\/el-alcalde-de-pamplona-recibe-a-una-representacion-de-los-equipos-femeninos-de-balonmano-de-las-categorias-infantil-y-cadete-de-helvetia-anaitasuna\/#respond"]}]},{"@type":"WebPage","@id":"https:\/\/www.laguiadepamplona.com\/actualidad\/el-alcalde-de-pamplona-recibe-a-una-representacion-de-los-equipos-femeninos-de-balonmano-de-las-categorias-infantil-y-cadete-de-helvetia-anaitasuna\/","url":"https:\/\/www.laguiadepamplona.com\/actualidad\/el-alcalde-de-pamplona-recibe-a-una-representacion-de-los-equipos-femeninos-de-balonmano-de-las-categorias-infantil-y-cadete-de-helvetia-anaitasuna\/","name":"El alcalde de Pamplona recibe a una representaci\u00f3n de los equipos femeninos de balonmano de las categor\u00edas infantil y cadete de Helvetia Anaitasuna","isPartOf":{"@id":"https:\/\/www.laguiadepamplona.com\/actualidad\/#website"},"primaryImageOfPage":{"@id":"https:\/\/www.laguiadepamplona.com\/actualidad\/el-alcalde-de-pamplona-recibe-a-una-representacion-de-los-equipos-femeninos-de-balonmano-de-las-categorias-infantil-y-cadete-de-helvetia-anaitasuna\/#primaryimage"},"image":{"@id":"https:\/\/www.laguiadepamplona.com\/actualidad\/el-alcalde-de-pamplona-recibe-a-una-representacion-de-los-equipos-femeninos-de-balonmano-de-las-categorias-infantil-y-cadete-de-helvetia-anaitasuna\/#primaryimage"},"thumbnailUrl":"https:\/\/www.laguiadepamplona.com\/actualidad\/wp-content\/uploads\/2022\/06\/balomanofemanaitasunaee5a7449_0.webp","datePublished":"2022-06-28T14:47:04+00:00","dateModified":"2023-04-11T09:47:59+00:00","description":"El equipo infantil se proclam\u00f3 campe\u00f3n de Espa\u00f1a por segundo a\u00f1o consecutivo y el equipo cadete logr\u00f3 la medalla de bronce","breadcrumb":{"@id":"https:\/\/www.laguiadepamplona.com\/actualidad\/el-alcalde-de-pamplona-recibe-a-una-representacion-de-los-equipos-femeninos-de-balonmano-de-las-categorias-infantil-y-cadete-de-helvetia-anaitasuna\/#breadcrumb"},"inLanguage":"es","potentialAction":[{"@type":"ReadAction","target":["https:\/\/www.laguiadepamplona.com\/actualidad\/el-alcalde-de-pamplona-recibe-a-una-representacion-de-los-equipos-femeninos-de-balonmano-de-las-categorias-infantil-y-cadete-de-helvetia-anaitasuna\/"]}]},{"@type":"ImageObject","inLanguage":"es","@id":"https:\/\/www.laguiadepamplona.com\/actualidad\/el-alcalde-de-pamplona-recibe-a-una-representacion-de-los-equipos-femeninos-de-balonmano-de-las-categorias-infantil-y-cadete-de-helvetia-anaitasuna\/#primaryimage","url":"https:\/\/www.laguiadepamplona.com\/actualidad\/wp-content\/uploads\/2022\/06\/balomanofemanaitasunaee5a7449_0.webp","contentUrl":"https:\/\/www.laguiadepamplona.com\/actualidad\/wp-content\/uploads\/2022\/06\/balomanofemanaitasunaee5a7449_0.webp","width":1920,"height":1280},{"@type":"BreadcrumbList","@id":"https:\/\/www.laguiadepamplona.com\/actualidad\/el-alcalde-de-pamplona-recibe-a-una-representacion-de-los-equipos-femeninos-de-balonmano-de-las-categorias-infantil-y-cadete-de-helvetia-anaitasuna\/#breadcrumb","itemListElement":[{"@type":"ListItem","position":1,"name":"Portada","item":"https:\/\/www.laguiadepamplona.com\/actualidad\/"},{"@type":"ListItem","position":2,"name":"El alcalde de Pamplona recibe a una representaci\u00f3n de los equipos femeninos de balonmano de las categor\u00edas infantil y cadete de Helvetia Anaitasuna"}]},{"@type":"WebSite","@id":"https:\/\/www.laguiadepamplona.com\/actualidad\/#website","url":"https:\/\/www.laguiadepamplona.com\/actualidad\/","name":"La gu\u00eda de Pamplona","description":"Noticias de Pamplona","publisher":{"@id":"https:\/\/www.laguiadepamplona.com\/actualidad\/#organization"},"potentialAction":[{"@type":"SearchAction","target":{"@type":"EntryPoint","urlTemplate":"https:\/\/www.laguiadepamplona.com\/actualidad\/?s={search_term_string}"},"query-input":{"@type":"PropertyValueSpecification","valueRequired":true,"valueName":"search_term_string"}}],"inLanguage":"es"},{"@type":"Organization","@id":"https:\/\/www.laguiadepamplona.com\/actualidad\/#organization","name":"La Gu\u00eda de Pamplona \/ Noticias","url":"https:\/\/www.laguiadepamplona.com\/actualidad\/","logo":{"@type":"ImageObject","inLanguage":"es","@id":"https:\/\/www.laguiadepamplona.com\/actualidad\/#\/schema\/logo\/image\/","url":"https:\/\/www.laguiadepamplona.com\/actualidad\/wp-content\/uploads\/2018\/11\/logo-laguiadepamplona18-web1.png","contentUrl":"https:\/\/www.laguiadepamplona.com\/actualidad\/wp-content\/uploads\/2018\/11\/logo-laguiadepamplona18-web1.png","width":600,"height":196,"caption":"La Gu\u00eda de Pamplona \/ Noticias"},"image":{"@id":"https:\/\/www.laguiadepamplona.com\/actualidad\/#\/schema\/logo\/image\/"},"sameAs":["https:\/\/www.facebook.com\/laguiadepamplonacom-133175176762273\/?ref=hl","https:\/\/x.com\/LaGuiadPamplona","https:\/\/www.instagram.com\/la_guia_de_pamplona\/","https:\/\/www.youtube.com\/user\/laguiadepamplona"]},{"@type":"Person","@id":"https:\/\/www.laguiadepamplona.com\/actualidad\/#\/schema\/person\/efe887376f0213d4657c93adc50b1fdb","name":"La Gu\u00eda de Pamplona","image":{"@type":"ImageObject","inLanguage":"es","@id":"https:\/\/secure.gravatar.com\/avatar\/b6992f131dc8d30ab0dff15446e9d346d9dbd95992de0fef795073f5ea83a81c?s=96&d=mm&r=g","url":"https:\/\/secure.gravatar.com\/avatar\/b6992f131dc8d30ab0dff15446e9d346d9dbd95992de0fef795073f5ea83a81c?s=96&d=mm&r=g","contentUrl":"https:\/\/secure.gravatar.com\/avatar\/b6992f131dc8d30ab0dff15446e9d346d9dbd95992de0fef795073f5ea83a81c?s=96&d=mm&r=g","caption":"La Gu\u00eda de Pamplona"}}]}},"post_mailing_queue_ids":[],"_links":{"self":[{"href":"https:\/\/www.laguiadepamplona.com\/actualidad\/wp-json\/wp\/v2\/posts\/41057","targetHints":{"allow":["GET"]}}],"collection":[{"href":"https:\/\/www.laguiadepamplona.com\/actualidad\/wp-json\/wp\/v2\/posts"}],"about":[{"href":"https:\/\/www.laguiadepamplona.com\/actualidad\/wp-json\/wp\/v2\/types\/post"}],"author":[{"embeddable":true,"href":"https:\/\/www.laguiadepamplona.com\/actualidad\/wp-json\/wp\/v2\/users\/1"}],"replies":[{"embeddable":true,"href":"https:\/\/www.laguiadepamplona.com\/actualidad\/wp-json\/wp\/v2\/comments?post=41057"}],"version-history":[{"count":0,"href":"https:\/\/www.laguiadepamplona.com\/actualidad\/wp-json\/wp\/v2\/posts\/41057\/revisions"}],"wp:featuredmedia":[{"embeddable":true,"href":"https:\/\/www.laguiadepamplona.com\/actualidad\/wp-json\/wp\/v2\/media\/41058"}],"wp:attachment":[{"href":"https:\/\/www.laguiadepamplona.com\/actualidad\/wp-json\/wp\/v2\/media?parent=41057"}],"wp:term":[{"taxonomy":"category","embeddable":true,"href":"https:\/\/www.laguiadepamplona.com\/actualidad\/wp-json\/wp\/v2\/categories?post=41057"},{"taxonomy":"post_tag","embeddable":true,"href":"https:\/\/www.laguiadepamplona.com\/actualidad\/wp-json\/wp\/v2\/tags?post=41057"}],"curies":[{"name":"wp","href":"https:\/\/api.w.org\/{rel}","templated":true}]}}