{"id":41022,"date":"2022-06-27T18:13:05","date_gmt":"2022-06-27T16:13:05","guid":{"rendered":"https:\/\/www.laguiadepamplona.com\/actualidad\/?p=41022"},"modified":"2023-04-11T11:47:59","modified_gmt":"2023-04-11T09:47:59","slug":"adjudicados-los-contratos-de-servicios-tecnicos-e-infraestructuras-para-las-actividades-de-san-fermin-programadas-en-sarasate-plaza-de-los-fueros-y-compania","status":"publish","type":"post","link":"https:\/\/www.laguiadepamplona.com\/actualidad\/adjudicados-los-contratos-de-servicios-tecnicos-e-infraestructuras-para-las-actividades-de-san-fermin-programadas-en-sarasate-plaza-de-los-fueros-y-compania\/","title":{"rendered":"Adjudicados los contratos de servicios t\u00e9cnicos e infraestructuras para las actividades de San Ferm\u00edn programadas en Sarasate, plaza de los Fueros y Compa\u00f1\u00eda"},"content":{"rendered":"<h5>Se ha adjudicado tambi\u00e9n el contrato para la sonorizaci\u00f3n e iluminaci\u00f3n de los conciertos de DJ y otros actos que acoger\u00e1 la Plaza del Castillo<\/h5>\n<p><!--more--><\/p>\n<p>La Junta de Gobierno Local ha aprobado la adjudicaci\u00f3n de sendos contratos que abarcan la producci\u00f3n, servicios t\u00e9cnicos e infraestructuras de los escenarios que durante los pr\u00f3ximos Sanfermines se instalar\u00e1n en el paseo de Sarasate, la plaza de los Fueros, la plaza de la Compa\u00f1\u00eda, as\u00ed como de la sonorizaci\u00f3n e iluminaci\u00f3n del escenario de la Plaza del Castillo. El Ayuntamiento de Pamplona invertir\u00e1, respectivamente, 200.376 euros y 59.290 euros.<br \/>\n<script async src=\"\/\/pagead2.googlesyndication.com\/pagead\/js\/adsbygoogle.js\"><\/script><br \/>\n<!-- Noticias La Guia de Pamplona --><br \/>\n<ins class=\"adsbygoogle\"\nstyle=\"display:block\"\ndata-ad-client=\"ca-pub-6943679897239327\"\ndata-ad-slot=\"7048180777\"\ndata-ad-format=\"auto\"><\/ins><br \/>\n<script>\n(adsbygoogle = window.adsbygoogle || []).push({});\n<\/script><\/p>\n<p>El primer contrato abarca cuatro lotes, uno por cada escenario en Sarasate, plaza de los Fueros y plaza de Compa\u00f1\u00eda, y la sonorizaci\u00f3n de actos en torno a la Plaza Consistorial y actos protocolarios del Ayuntamiento. En los tres lotes de escenarios, las tareas a llevar a cabo tienen que ver con su instalaci\u00f3n y la de los elementos que delimitan su espacio esc\u00e9nico, la realizaci\u00f3n de todas las pruebas de sonido e iluminaci\u00f3n o la seguridad durante las 24 horas del d\u00eda. \u00c1ngel Salas Soto ha resultado adjudicatario del contrato para la plaza de los Fueros con un importe de 122.815 euros y Olazar Gesti\u00f3n SL tanto del de plaza de la Compa\u00f1\u00eda como del de paseo de Sarasate por 30.855 euros y 21.175 euros.<\/p>\n<p>Este contrato incluye la sonorizaci\u00f3n de actos como el Chupinazo, los encierros y el Pobre de M\u00ed, en el entorno de la Plaza Consistorial y las calles adyacentes, as\u00ed como de los actos protocolarios que aoja el Ayuntamiento de Pamplona durante las fiestas. Un a\u00f1o m\u00e1s, se instalar\u00e1 una pantalla de televisi\u00f3n en la primera planta de Casa Seminario, con emisi\u00f3n de diferentes contenidos a lo largo del d\u00eda. Este cuarto lote se ha adjudicado a Ostiz Sistemas Audiovisuales S.L. por 25.531 euros.<br \/>\n<script async src=\"\/\/pagead2.googlesyndication.com\/pagead\/js\/adsbygoogle.js\"><\/script><br \/>\n<!-- Noticias La Guia de Pamplona --><br \/>\n<ins class=\"adsbygoogle\"\nstyle=\"display:block\"\ndata-ad-client=\"ca-pub-6943679897239327\"\ndata-ad-slot=\"7048180777\"\ndata-ad-format=\"auto\"><\/ins><br \/>\n<script>\n(adsbygoogle = window.adsbygoogle || []).push({});\n<\/script><\/p>\n<p><strong>Sonido e iluminaci\u00f3n de conciertos y actividades en la Plaza del Castillo<\/strong><\/p>\n<p>Un segundo expediente aprobado esta ma\u00f1ana recoge un gasto de 59.290 euros en la contrataci\u00f3n de los servicios t\u00e9cnicos de sonido, iluminaci\u00f3n y decoraci\u00f3n en la Plaza del Castillo para la realizaci\u00f3n de los conciertos de DJ y otras actividades programadas por el Ayuntamiento de Pamplona durante los Sanfermines.<\/p>\n<p>Para cubrir las necesidades t\u00e9cnicas que esta programaci\u00f3n, se han contratado, por un lado, las infraestructuras necesarias (escenario, vallas, casetas de camerinos, etc.) y, por otro lado, los equipos de iluminaci\u00f3n y sonido, as\u00ed como el personal t\u00e9cnico responsable de su uso. La empresa Olazar Gesti\u00f3n S.L. ha sido la adjudicataria de este contrato de iluminaci\u00f3n y sonido.<\/p>\n","protected":false},"excerpt":{"rendered":"<p>Se ha adjudicado tambi\u00e9n el contrato para la sonorizaci\u00f3n e iluminaci\u00f3n de los conciertos de DJ y otros actos que acoger\u00e1 la Plaza del Castillo<\/p>\n","protected":false},"author":1,"featured_media":41023,"comment_status":"open","ping_status":"closed","sticky":false,"template":"","format":"standard","meta":{"footnotes":""},"categories":[2,9406],"tags":[],"class_list":["post-41022","post","type-post","status-publish","format-standard","has-post-thumbnail","hentry","category-ayuntamiento-pamplona","category-san-fermin"],"yoast_head":"<!-- This site is optimized with the Yoast SEO plugin v27.3 - https:\/\/yoast.com\/product\/yoast-seo-wordpress\/ -->\n<title>Adjudicados los contratos de servicios t\u00e9cnicos e infraestructuras para las actividades de San Ferm\u00edn programadas en Sarasate, plaza de los Fueros y Compa\u00f1\u00eda<\/title>\n<meta name=\"description\" content=\"Se ha adjudicado tambi\u00e9n el contrato para la sonorizaci\u00f3n e iluminaci\u00f3n de los conciertos de DJ y otros actos que acoger\u00e1 la Plaza del Castillo\" \/>\n<meta name=\"robots\" content=\"index, follow, max-snippet:-1, max-image-preview:large, max-video-preview:-1\" \/>\n<link rel=\"canonical\" href=\"https:\/\/www.laguiadepamplona.com\/actualidad\/adjudicados-los-contratos-de-servicios-tecnicos-e-infraestructuras-para-las-actividades-de-san-fermin-programadas-en-sarasate-plaza-de-los-fueros-y-compania\/\" \/>\n<meta property=\"og:locale\" content=\"es_ES\" \/>\n<meta property=\"og:type\" content=\"article\" \/>\n<meta property=\"og:title\" content=\"Adjudicados los contratos de servicios t\u00e9cnicos e infraestructuras para las actividades de San Ferm\u00edn programadas en Sarasate, plaza de los Fueros y Compa\u00f1\u00eda\" \/>\n<meta property=\"og:description\" content=\"Se ha adjudicado tambi\u00e9n el contrato para la sonorizaci\u00f3n e iluminaci\u00f3n de los conciertos de DJ y otros actos que acoger\u00e1 la Plaza del Castillo\" \/>\n<meta property=\"og:url\" content=\"https:\/\/www.laguiadepamplona.com\/actualidad\/adjudicados-los-contratos-de-servicios-tecnicos-e-infraestructuras-para-las-actividades-de-san-fermin-programadas-en-sarasate-plaza-de-los-fueros-y-compania\/\" \/>\n<meta property=\"og:site_name\" content=\"La Gu\u00eda de Pamplona\" \/>\n<meta property=\"article:publisher\" content=\"https:\/\/www.facebook.com\/laguiadepamplonacom-133175176762273\/?ref=hl\" \/>\n<meta property=\"article:published_time\" content=\"2022-06-27T16:13:05+00:00\" \/>\n<meta property=\"article:modified_time\" content=\"2023-04-11T09:47:59+00:00\" \/>\n<meta property=\"og:image\" content=\"https:\/\/www.laguiadepamplona.com\/actualidad\/wp-content\/uploads\/2022\/06\/conciertos-plaza-fueros-copia.webp\" \/>\n\t<meta property=\"og:image:width\" content=\"1920\" \/>\n\t<meta property=\"og:image:height\" content=\"1280\" \/>\n\t<meta property=\"og:image:type\" content=\"image\/webp\" \/>\n<meta name=\"author\" content=\"La Gu\u00eda de Pamplona\" \/>\n<meta name=\"twitter:card\" content=\"summary_large_image\" \/>\n<meta name=\"twitter:creator\" content=\"@LaGuiadPamplona\" \/>\n<meta name=\"twitter:site\" content=\"@LaGuiadPamplona\" \/>\n<meta name=\"twitter:label1\" content=\"Escrito por\" \/>\n\t<meta name=\"twitter:data1\" content=\"La Gu\u00eda de Pamplona\" \/>\n\t<meta name=\"twitter:label2\" content=\"Tiempo de lectura\" \/>\n\t<meta name=\"twitter:data2\" content=\"2 minutos\" \/>\n<script type=\"application\/ld+json\" class=\"yoast-schema-graph\">{\"@context\":\"https:\\\/\\\/schema.org\",\"@graph\":[{\"@type\":\"Article\",\"@id\":\"https:\\\/\\\/www.laguiadepamplona.com\\\/actualidad\\\/adjudicados-los-contratos-de-servicios-tecnicos-e-infraestructuras-para-las-actividades-de-san-fermin-programadas-en-sarasate-plaza-de-los-fueros-y-compania\\\/#article\",\"isPartOf\":{\"@id\":\"https:\\\/\\\/www.laguiadepamplona.com\\\/actualidad\\\/adjudicados-los-contratos-de-servicios-tecnicos-e-infraestructuras-para-las-actividades-de-san-fermin-programadas-en-sarasate-plaza-de-los-fueros-y-compania\\\/\"},\"author\":{\"name\":\"La Gu\u00eda de Pamplona\",\"@id\":\"https:\\\/\\\/www.laguiadepamplona.com\\\/actualidad\\\/#\\\/schema\\\/person\\\/efe887376f0213d4657c93adc50b1fdb\"},\"headline\":\"Adjudicados los contratos de servicios t\u00e9cnicos e infraestructuras para las actividades de San Ferm\u00edn programadas en Sarasate, plaza de los Fueros y Compa\u00f1\u00eda\",\"datePublished\":\"2022-06-27T16:13:05+00:00\",\"dateModified\":\"2023-04-11T09:47:59+00:00\",\"mainEntityOfPage\":{\"@id\":\"https:\\\/\\\/www.laguiadepamplona.com\\\/actualidad\\\/adjudicados-los-contratos-de-servicios-tecnicos-e-infraestructuras-para-las-actividades-de-san-fermin-programadas-en-sarasate-plaza-de-los-fueros-y-compania\\\/\"},\"wordCount\":482,\"commentCount\":0,\"publisher\":{\"@id\":\"https:\\\/\\\/www.laguiadepamplona.com\\\/actualidad\\\/#organization\"},\"image\":{\"@id\":\"https:\\\/\\\/www.laguiadepamplona.com\\\/actualidad\\\/adjudicados-los-contratos-de-servicios-tecnicos-e-infraestructuras-para-las-actividades-de-san-fermin-programadas-en-sarasate-plaza-de-los-fueros-y-compania\\\/#primaryimage\"},\"thumbnailUrl\":\"https:\\\/\\\/www.laguiadepamplona.com\\\/actualidad\\\/wp-content\\\/uploads\\\/2022\\\/06\\\/conciertos-plaza-fueros-copia.webp\",\"articleSection\":[\"Ayto Pamplona\",\"San Ferm\u00edn\"],\"inLanguage\":\"es\",\"potentialAction\":[{\"@type\":\"CommentAction\",\"name\":\"Comment\",\"target\":[\"https:\\\/\\\/www.laguiadepamplona.com\\\/actualidad\\\/adjudicados-los-contratos-de-servicios-tecnicos-e-infraestructuras-para-las-actividades-de-san-fermin-programadas-en-sarasate-plaza-de-los-fueros-y-compania\\\/#respond\"]}]},{\"@type\":\"WebPage\",\"@id\":\"https:\\\/\\\/www.laguiadepamplona.com\\\/actualidad\\\/adjudicados-los-contratos-de-servicios-tecnicos-e-infraestructuras-para-las-actividades-de-san-fermin-programadas-en-sarasate-plaza-de-los-fueros-y-compania\\\/\",\"url\":\"https:\\\/\\\/www.laguiadepamplona.com\\\/actualidad\\\/adjudicados-los-contratos-de-servicios-tecnicos-e-infraestructuras-para-las-actividades-de-san-fermin-programadas-en-sarasate-plaza-de-los-fueros-y-compania\\\/\",\"name\":\"Adjudicados los contratos de servicios t\u00e9cnicos e infraestructuras para las actividades de San Ferm\u00edn programadas en Sarasate, plaza de los Fueros y Compa\u00f1\u00eda\",\"isPartOf\":{\"@id\":\"https:\\\/\\\/www.laguiadepamplona.com\\\/actualidad\\\/#website\"},\"primaryImageOfPage\":{\"@id\":\"https:\\\/\\\/www.laguiadepamplona.com\\\/actualidad\\\/adjudicados-los-contratos-de-servicios-tecnicos-e-infraestructuras-para-las-actividades-de-san-fermin-programadas-en-sarasate-plaza-de-los-fueros-y-compania\\\/#primaryimage\"},\"image\":{\"@id\":\"https:\\\/\\\/www.laguiadepamplona.com\\\/actualidad\\\/adjudicados-los-contratos-de-servicios-tecnicos-e-infraestructuras-para-las-actividades-de-san-fermin-programadas-en-sarasate-plaza-de-los-fueros-y-compania\\\/#primaryimage\"},\"thumbnailUrl\":\"https:\\\/\\\/www.laguiadepamplona.com\\\/actualidad\\\/wp-content\\\/uploads\\\/2022\\\/06\\\/conciertos-plaza-fueros-copia.webp\",\"datePublished\":\"2022-06-27T16:13:05+00:00\",\"dateModified\":\"2023-04-11T09:47:59+00:00\",\"description\":\"Se ha adjudicado tambi\u00e9n el contrato para la sonorizaci\u00f3n e iluminaci\u00f3n de los conciertos de DJ y otros actos que acoger\u00e1 la Plaza del Castillo\",\"breadcrumb\":{\"@id\":\"https:\\\/\\\/www.laguiadepamplona.com\\\/actualidad\\\/adjudicados-los-contratos-de-servicios-tecnicos-e-infraestructuras-para-las-actividades-de-san-fermin-programadas-en-sarasate-plaza-de-los-fueros-y-compania\\\/#breadcrumb\"},\"inLanguage\":\"es\",\"potentialAction\":[{\"@type\":\"ReadAction\",\"target\":[\"https:\\\/\\\/www.laguiadepamplona.com\\\/actualidad\\\/adjudicados-los-contratos-de-servicios-tecnicos-e-infraestructuras-para-las-actividades-de-san-fermin-programadas-en-sarasate-plaza-de-los-fueros-y-compania\\\/\"]}]},{\"@type\":\"ImageObject\",\"inLanguage\":\"es\",\"@id\":\"https:\\\/\\\/www.laguiadepamplona.com\\\/actualidad\\\/adjudicados-los-contratos-de-servicios-tecnicos-e-infraestructuras-para-las-actividades-de-san-fermin-programadas-en-sarasate-plaza-de-los-fueros-y-compania\\\/#primaryimage\",\"url\":\"https:\\\/\\\/www.laguiadepamplona.com\\\/actualidad\\\/wp-content\\\/uploads\\\/2022\\\/06\\\/conciertos-plaza-fueros-copia.webp\",\"contentUrl\":\"https:\\\/\\\/www.laguiadepamplona.com\\\/actualidad\\\/wp-content\\\/uploads\\\/2022\\\/06\\\/conciertos-plaza-fueros-copia.webp\",\"width\":1920,\"height\":1280},{\"@type\":\"BreadcrumbList\",\"@id\":\"https:\\\/\\\/www.laguiadepamplona.com\\\/actualidad\\\/adjudicados-los-contratos-de-servicios-tecnicos-e-infraestructuras-para-las-actividades-de-san-fermin-programadas-en-sarasate-plaza-de-los-fueros-y-compania\\\/#breadcrumb\",\"itemListElement\":[{\"@type\":\"ListItem\",\"position\":1,\"name\":\"Portada\",\"item\":\"https:\\\/\\\/www.laguiadepamplona.com\\\/actualidad\\\/\"},{\"@type\":\"ListItem\",\"position\":2,\"name\":\"Adjudicados los contratos de servicios t\u00e9cnicos e infraestructuras para las actividades de San Ferm\u00edn programadas en Sarasate, plaza de los Fueros y Compa\u00f1\u00eda\"}]},{\"@type\":\"WebSite\",\"@id\":\"https:\\\/\\\/www.laguiadepamplona.com\\\/actualidad\\\/#website\",\"url\":\"https:\\\/\\\/www.laguiadepamplona.com\\\/actualidad\\\/\",\"name\":\"La gu\u00eda de Pamplona\",\"description\":\"Noticias de Pamplona\",\"publisher\":{\"@id\":\"https:\\\/\\\/www.laguiadepamplona.com\\\/actualidad\\\/#organization\"},\"potentialAction\":[{\"@type\":\"SearchAction\",\"target\":{\"@type\":\"EntryPoint\",\"urlTemplate\":\"https:\\\/\\\/www.laguiadepamplona.com\\\/actualidad\\\/?s={search_term_string}\"},\"query-input\":{\"@type\":\"PropertyValueSpecification\",\"valueRequired\":true,\"valueName\":\"search_term_string\"}}],\"inLanguage\":\"es\"},{\"@type\":\"Organization\",\"@id\":\"https:\\\/\\\/www.laguiadepamplona.com\\\/actualidad\\\/#organization\",\"name\":\"La Gu\u00eda de Pamplona \\\/ Noticias\",\"url\":\"https:\\\/\\\/www.laguiadepamplona.com\\\/actualidad\\\/\",\"logo\":{\"@type\":\"ImageObject\",\"inLanguage\":\"es\",\"@id\":\"https:\\\/\\\/www.laguiadepamplona.com\\\/actualidad\\\/#\\\/schema\\\/logo\\\/image\\\/\",\"url\":\"https:\\\/\\\/www.laguiadepamplona.com\\\/actualidad\\\/wp-content\\\/uploads\\\/2018\\\/11\\\/logo-laguiadepamplona18-web1.png\",\"contentUrl\":\"https:\\\/\\\/www.laguiadepamplona.com\\\/actualidad\\\/wp-content\\\/uploads\\\/2018\\\/11\\\/logo-laguiadepamplona18-web1.png\",\"width\":600,\"height\":196,\"caption\":\"La Gu\u00eda de Pamplona \\\/ Noticias\"},\"image\":{\"@id\":\"https:\\\/\\\/www.laguiadepamplona.com\\\/actualidad\\\/#\\\/schema\\\/logo\\\/image\\\/\"},\"sameAs\":[\"https:\\\/\\\/www.facebook.com\\\/laguiadepamplonacom-133175176762273\\\/?ref=hl\",\"https:\\\/\\\/x.com\\\/LaGuiadPamplona\",\"https:\\\/\\\/www.instagram.com\\\/la_guia_de_pamplona\\\/\",\"https:\\\/\\\/www.youtube.com\\\/user\\\/laguiadepamplona\"]},{\"@type\":\"Person\",\"@id\":\"https:\\\/\\\/www.laguiadepamplona.com\\\/actualidad\\\/#\\\/schema\\\/person\\\/efe887376f0213d4657c93adc50b1fdb\",\"name\":\"La Gu\u00eda de Pamplona\",\"image\":{\"@type\":\"ImageObject\",\"inLanguage\":\"es\",\"@id\":\"https:\\\/\\\/secure.gravatar.com\\\/avatar\\\/b6992f131dc8d30ab0dff15446e9d346d9dbd95992de0fef795073f5ea83a81c?s=96&d=mm&r=g\",\"url\":\"https:\\\/\\\/secure.gravatar.com\\\/avatar\\\/b6992f131dc8d30ab0dff15446e9d346d9dbd95992de0fef795073f5ea83a81c?s=96&d=mm&r=g\",\"contentUrl\":\"https:\\\/\\\/secure.gravatar.com\\\/avatar\\\/b6992f131dc8d30ab0dff15446e9d346d9dbd95992de0fef795073f5ea83a81c?s=96&d=mm&r=g\",\"caption\":\"La Gu\u00eda de Pamplona\"}}]}<\/script>\n<!-- \/ Yoast SEO plugin. -->","yoast_head_json":{"title":"Adjudicados los contratos de servicios t\u00e9cnicos e infraestructuras para las actividades de San Ferm\u00edn programadas en Sarasate, plaza de los Fueros y Compa\u00f1\u00eda","description":"Se ha adjudicado tambi\u00e9n el contrato para la sonorizaci\u00f3n e iluminaci\u00f3n de los conciertos de DJ y otros actos que acoger\u00e1 la Plaza del Castillo","robots":{"index":"index","follow":"follow","max-snippet":"max-snippet:-1","max-image-preview":"max-image-preview:large","max-video-preview":"max-video-preview:-1"},"canonical":"https:\/\/www.laguiadepamplona.com\/actualidad\/adjudicados-los-contratos-de-servicios-tecnicos-e-infraestructuras-para-las-actividades-de-san-fermin-programadas-en-sarasate-plaza-de-los-fueros-y-compania\/","og_locale":"es_ES","og_type":"article","og_title":"Adjudicados los contratos de servicios t\u00e9cnicos e infraestructuras para las actividades de San Ferm\u00edn programadas en Sarasate, plaza de los Fueros y Compa\u00f1\u00eda","og_description":"Se ha adjudicado tambi\u00e9n el contrato para la sonorizaci\u00f3n e iluminaci\u00f3n de los conciertos de DJ y otros actos que acoger\u00e1 la Plaza del Castillo","og_url":"https:\/\/www.laguiadepamplona.com\/actualidad\/adjudicados-los-contratos-de-servicios-tecnicos-e-infraestructuras-para-las-actividades-de-san-fermin-programadas-en-sarasate-plaza-de-los-fueros-y-compania\/","og_site_name":"La Gu\u00eda de Pamplona","article_publisher":"https:\/\/www.facebook.com\/laguiadepamplonacom-133175176762273\/?ref=hl","article_published_time":"2022-06-27T16:13:05+00:00","article_modified_time":"2023-04-11T09:47:59+00:00","og_image":[{"width":1920,"height":1280,"url":"https:\/\/www.laguiadepamplona.com\/actualidad\/wp-content\/uploads\/2022\/06\/conciertos-plaza-fueros-copia.webp","type":"image\/webp"}],"author":"La Gu\u00eda de Pamplona","twitter_card":"summary_large_image","twitter_creator":"@LaGuiadPamplona","twitter_site":"@LaGuiadPamplona","twitter_misc":{"Escrito por":"La Gu\u00eda de Pamplona","Tiempo de lectura":"2 minutos"},"schema":{"@context":"https:\/\/schema.org","@graph":[{"@type":"Article","@id":"https:\/\/www.laguiadepamplona.com\/actualidad\/adjudicados-los-contratos-de-servicios-tecnicos-e-infraestructuras-para-las-actividades-de-san-fermin-programadas-en-sarasate-plaza-de-los-fueros-y-compania\/#article","isPartOf":{"@id":"https:\/\/www.laguiadepamplona.com\/actualidad\/adjudicados-los-contratos-de-servicios-tecnicos-e-infraestructuras-para-las-actividades-de-san-fermin-programadas-en-sarasate-plaza-de-los-fueros-y-compania\/"},"author":{"name":"La Gu\u00eda de Pamplona","@id":"https:\/\/www.laguiadepamplona.com\/actualidad\/#\/schema\/person\/efe887376f0213d4657c93adc50b1fdb"},"headline":"Adjudicados los contratos de servicios t\u00e9cnicos e infraestructuras para las actividades de San Ferm\u00edn programadas en Sarasate, plaza de los Fueros y Compa\u00f1\u00eda","datePublished":"2022-06-27T16:13:05+00:00","dateModified":"2023-04-11T09:47:59+00:00","mainEntityOfPage":{"@id":"https:\/\/www.laguiadepamplona.com\/actualidad\/adjudicados-los-contratos-de-servicios-tecnicos-e-infraestructuras-para-las-actividades-de-san-fermin-programadas-en-sarasate-plaza-de-los-fueros-y-compania\/"},"wordCount":482,"commentCount":0,"publisher":{"@id":"https:\/\/www.laguiadepamplona.com\/actualidad\/#organization"},"image":{"@id":"https:\/\/www.laguiadepamplona.com\/actualidad\/adjudicados-los-contratos-de-servicios-tecnicos-e-infraestructuras-para-las-actividades-de-san-fermin-programadas-en-sarasate-plaza-de-los-fueros-y-compania\/#primaryimage"},"thumbnailUrl":"https:\/\/www.laguiadepamplona.com\/actualidad\/wp-content\/uploads\/2022\/06\/conciertos-plaza-fueros-copia.webp","articleSection":["Ayto Pamplona","San Ferm\u00edn"],"inLanguage":"es","potentialAction":[{"@type":"CommentAction","name":"Comment","target":["https:\/\/www.laguiadepamplona.com\/actualidad\/adjudicados-los-contratos-de-servicios-tecnicos-e-infraestructuras-para-las-actividades-de-san-fermin-programadas-en-sarasate-plaza-de-los-fueros-y-compania\/#respond"]}]},{"@type":"WebPage","@id":"https:\/\/www.laguiadepamplona.com\/actualidad\/adjudicados-los-contratos-de-servicios-tecnicos-e-infraestructuras-para-las-actividades-de-san-fermin-programadas-en-sarasate-plaza-de-los-fueros-y-compania\/","url":"https:\/\/www.laguiadepamplona.com\/actualidad\/adjudicados-los-contratos-de-servicios-tecnicos-e-infraestructuras-para-las-actividades-de-san-fermin-programadas-en-sarasate-plaza-de-los-fueros-y-compania\/","name":"Adjudicados los contratos de servicios t\u00e9cnicos e infraestructuras para las actividades de San Ferm\u00edn programadas en Sarasate, plaza de los Fueros y Compa\u00f1\u00eda","isPartOf":{"@id":"https:\/\/www.laguiadepamplona.com\/actualidad\/#website"},"primaryImageOfPage":{"@id":"https:\/\/www.laguiadepamplona.com\/actualidad\/adjudicados-los-contratos-de-servicios-tecnicos-e-infraestructuras-para-las-actividades-de-san-fermin-programadas-en-sarasate-plaza-de-los-fueros-y-compania\/#primaryimage"},"image":{"@id":"https:\/\/www.laguiadepamplona.com\/actualidad\/adjudicados-los-contratos-de-servicios-tecnicos-e-infraestructuras-para-las-actividades-de-san-fermin-programadas-en-sarasate-plaza-de-los-fueros-y-compania\/#primaryimage"},"thumbnailUrl":"https:\/\/www.laguiadepamplona.com\/actualidad\/wp-content\/uploads\/2022\/06\/conciertos-plaza-fueros-copia.webp","datePublished":"2022-06-27T16:13:05+00:00","dateModified":"2023-04-11T09:47:59+00:00","description":"Se ha adjudicado tambi\u00e9n el contrato para la sonorizaci\u00f3n e iluminaci\u00f3n de los conciertos de DJ y otros actos que acoger\u00e1 la Plaza del Castillo","breadcrumb":{"@id":"https:\/\/www.laguiadepamplona.com\/actualidad\/adjudicados-los-contratos-de-servicios-tecnicos-e-infraestructuras-para-las-actividades-de-san-fermin-programadas-en-sarasate-plaza-de-los-fueros-y-compania\/#breadcrumb"},"inLanguage":"es","potentialAction":[{"@type":"ReadAction","target":["https:\/\/www.laguiadepamplona.com\/actualidad\/adjudicados-los-contratos-de-servicios-tecnicos-e-infraestructuras-para-las-actividades-de-san-fermin-programadas-en-sarasate-plaza-de-los-fueros-y-compania\/"]}]},{"@type":"ImageObject","inLanguage":"es","@id":"https:\/\/www.laguiadepamplona.com\/actualidad\/adjudicados-los-contratos-de-servicios-tecnicos-e-infraestructuras-para-las-actividades-de-san-fermin-programadas-en-sarasate-plaza-de-los-fueros-y-compania\/#primaryimage","url":"https:\/\/www.laguiadepamplona.com\/actualidad\/wp-content\/uploads\/2022\/06\/conciertos-plaza-fueros-copia.webp","contentUrl":"https:\/\/www.laguiadepamplona.com\/actualidad\/wp-content\/uploads\/2022\/06\/conciertos-plaza-fueros-copia.webp","width":1920,"height":1280},{"@type":"BreadcrumbList","@id":"https:\/\/www.laguiadepamplona.com\/actualidad\/adjudicados-los-contratos-de-servicios-tecnicos-e-infraestructuras-para-las-actividades-de-san-fermin-programadas-en-sarasate-plaza-de-los-fueros-y-compania\/#breadcrumb","itemListElement":[{"@type":"ListItem","position":1,"name":"Portada","item":"https:\/\/www.laguiadepamplona.com\/actualidad\/"},{"@type":"ListItem","position":2,"name":"Adjudicados los contratos de servicios t\u00e9cnicos e infraestructuras para las actividades de San Ferm\u00edn programadas en Sarasate, plaza de los Fueros y Compa\u00f1\u00eda"}]},{"@type":"WebSite","@id":"https:\/\/www.laguiadepamplona.com\/actualidad\/#website","url":"https:\/\/www.laguiadepamplona.com\/actualidad\/","name":"La gu\u00eda de Pamplona","description":"Noticias de Pamplona","publisher":{"@id":"https:\/\/www.laguiadepamplona.com\/actualidad\/#organization"},"potentialAction":[{"@type":"SearchAction","target":{"@type":"EntryPoint","urlTemplate":"https:\/\/www.laguiadepamplona.com\/actualidad\/?s={search_term_string}"},"query-input":{"@type":"PropertyValueSpecification","valueRequired":true,"valueName":"search_term_string"}}],"inLanguage":"es"},{"@type":"Organization","@id":"https:\/\/www.laguiadepamplona.com\/actualidad\/#organization","name":"La Gu\u00eda de Pamplona \/ Noticias","url":"https:\/\/www.laguiadepamplona.com\/actualidad\/","logo":{"@type":"ImageObject","inLanguage":"es","@id":"https:\/\/www.laguiadepamplona.com\/actualidad\/#\/schema\/logo\/image\/","url":"https:\/\/www.laguiadepamplona.com\/actualidad\/wp-content\/uploads\/2018\/11\/logo-laguiadepamplona18-web1.png","contentUrl":"https:\/\/www.laguiadepamplona.com\/actualidad\/wp-content\/uploads\/2018\/11\/logo-laguiadepamplona18-web1.png","width":600,"height":196,"caption":"La Gu\u00eda de Pamplona \/ Noticias"},"image":{"@id":"https:\/\/www.laguiadepamplona.com\/actualidad\/#\/schema\/logo\/image\/"},"sameAs":["https:\/\/www.facebook.com\/laguiadepamplonacom-133175176762273\/?ref=hl","https:\/\/x.com\/LaGuiadPamplona","https:\/\/www.instagram.com\/la_guia_de_pamplona\/","https:\/\/www.youtube.com\/user\/laguiadepamplona"]},{"@type":"Person","@id":"https:\/\/www.laguiadepamplona.com\/actualidad\/#\/schema\/person\/efe887376f0213d4657c93adc50b1fdb","name":"La Gu\u00eda de Pamplona","image":{"@type":"ImageObject","inLanguage":"es","@id":"https:\/\/secure.gravatar.com\/avatar\/b6992f131dc8d30ab0dff15446e9d346d9dbd95992de0fef795073f5ea83a81c?s=96&d=mm&r=g","url":"https:\/\/secure.gravatar.com\/avatar\/b6992f131dc8d30ab0dff15446e9d346d9dbd95992de0fef795073f5ea83a81c?s=96&d=mm&r=g","contentUrl":"https:\/\/secure.gravatar.com\/avatar\/b6992f131dc8d30ab0dff15446e9d346d9dbd95992de0fef795073f5ea83a81c?s=96&d=mm&r=g","caption":"La Gu\u00eda de Pamplona"}}]}},"post_mailing_queue_ids":[],"_links":{"self":[{"href":"https:\/\/www.laguiadepamplona.com\/actualidad\/wp-json\/wp\/v2\/posts\/41022","targetHints":{"allow":["GET"]}}],"collection":[{"href":"https:\/\/www.laguiadepamplona.com\/actualidad\/wp-json\/wp\/v2\/posts"}],"about":[{"href":"https:\/\/www.laguiadepamplona.com\/actualidad\/wp-json\/wp\/v2\/types\/post"}],"author":[{"embeddable":true,"href":"https:\/\/www.laguiadepamplona.com\/actualidad\/wp-json\/wp\/v2\/users\/1"}],"replies":[{"embeddable":true,"href":"https:\/\/www.laguiadepamplona.com\/actualidad\/wp-json\/wp\/v2\/comments?post=41022"}],"version-history":[{"count":0,"href":"https:\/\/www.laguiadepamplona.com\/actualidad\/wp-json\/wp\/v2\/posts\/41022\/revisions"}],"wp:featuredmedia":[{"embeddable":true,"href":"https:\/\/www.laguiadepamplona.com\/actualidad\/wp-json\/wp\/v2\/media\/41023"}],"wp:attachment":[{"href":"https:\/\/www.laguiadepamplona.com\/actualidad\/wp-json\/wp\/v2\/media?parent=41022"}],"wp:term":[{"taxonomy":"category","embeddable":true,"href":"https:\/\/www.laguiadepamplona.com\/actualidad\/wp-json\/wp\/v2\/categories?post=41022"},{"taxonomy":"post_tag","embeddable":true,"href":"https:\/\/www.laguiadepamplona.com\/actualidad\/wp-json\/wp\/v2\/tags?post=41022"}],"curies":[{"name":"wp","href":"https:\/\/api.w.org\/{rel}","templated":true}]}}