{"id":41005,"date":"2022-06-24T13:29:00","date_gmt":"2022-06-24T11:29:00","guid":{"rendered":"https:\/\/www.laguiadepamplona.com\/actualidad\/?p=41005"},"modified":"2023-04-11T11:48:00","modified_gmt":"2023-04-11T09:48:00","slug":"el-ayuntamiento-propone-una-instalacion-de-videoarte-en-la-ciudadela-como-acto-de-inicio-de-la-conmemoracion-del-50o-aniversario-de-los-llamados-encuentros-del-72","status":"publish","type":"post","link":"https:\/\/www.laguiadepamplona.com\/actualidad\/el-ayuntamiento-propone-una-instalacion-de-videoarte-en-la-ciudadela-como-acto-de-inicio-de-la-conmemoracion-del-50o-aniversario-de-los-llamados-encuentros-del-72\/","title":{"rendered":"El Ayuntamiento propone una instalaci\u00f3n de videoarte en la Ciudadela como acto de inicio de la conmemoraci\u00f3n del 50\u00ba aniversario de los llamados Encuentros del 72"},"content":{"rendered":"<h5>El mupi digital del acceso por la avenida del Ej\u00e9rcito reproducir\u00e1 hasta el 3 de julio obras de cinco creadores internacionales contempor\u00e1neos<\/h5>\n<p><!--more--><\/p>\n<p>El Ayuntamiento de Pamplona inicia esta ma\u00f1ana su programaci\u00f3n en torno a los llamados Encuentros del 72, un festival de vanguardia internacional que tuvo lugar en Pamplona en ese a\u00f1o y que fue, quiz\u00e1, el m\u00e1s amplio y significativo de los celebrados en Espa\u00f1a. La intervenci\u00f3n ten\u00eda como voluntad expresa de activar el espacio p\u00fablico. Cuando se cumple medio siglo de este evento, distintas instituciones y entidades han programado actos de conmemoraci\u00f3n de la efem\u00e9ride de un encuentro art\u00edstico que buscaba dar protagonismo a las tendencias m\u00e1s experimentales y minoritarias desde la \u00f3ptica de la interacci\u00f3n entre artistas y p\u00fablico.<br \/>\n<script async src=\"\/\/pagead2.googlesyndication.com\/pagead\/js\/adsbygoogle.js\"><\/script><br \/>\n<!-- Noticias La Guia de Pamplona --><br \/>\n<ins class=\"adsbygoogle\"\nstyle=\"display:block\"\ndata-ad-client=\"ca-pub-6943679897239327\"\ndata-ad-slot=\"7048180777\"\ndata-ad-format=\"auto\"><\/ins><br \/>\n<script>\n(adsbygoogle = window.adsbygoogle || []).push({});\n<\/script><\/p>\n<p>Desde hoy se reproducir\u00e1n cinco trabajos de videoarte encargados espec\u00edficamente para este evento a creadores internacionales contempor\u00e1neos en el mupi digital de la Ciudadela que est\u00e1 ubicado en el acceso al recinto por la avenida del ej\u00e9rcito. Los trabajos, con imagen y sonido, juegan con la est\u00e9tica, la performance y la animaci\u00f3n. Los autores son Natalie Karpushenko, Filip Custic, Mario Klingemann, Chino Moya y Juan D\u00edaz-Faes y abordan en sus obras desde la belleza de la naturaleza, hasta la Inteligencia Artificial, pasando por la distop\u00eda.<\/p>\n<p>El director del \u00c1rea de Cultura e Igualdad del Ayuntamiento de Pamplona y Jose Luis D\u00edez, t\u00e9cnico de cultura, han presentado esta oferta cultural que estar\u00e1 a disposici\u00f3n de la ciudadan\u00eda desde el 26 de junio hasta el 3 de julio, las fechas en las que en el a\u00f1o 1972 se produjeron los encuentros. Alrededor del elemento se han dispuesto sillas para permitir el c\u00f3modo visionado. Los v\u00eddeos se reproducir\u00e1n en \u201cbucle\u201d de forma que cualquier espectador pueda ver la propuesta \u00edntegra en dos horarios: por las ma\u00f1anas de 11.30 a 14.30 horas y por las tardes de 18.30 a 21.30 horas.<br \/>\n<script async src=\"\/\/pagead2.googlesyndication.com\/pagead\/js\/adsbygoogle.js\"><\/script><br \/>\n<!-- Noticias La Guia de Pamplona --><br \/>\n<ins class=\"adsbygoogle\"\nstyle=\"display:block\"\ndata-ad-client=\"ca-pub-6943679897239327\"\ndata-ad-slot=\"7048180777\"\ndata-ad-format=\"auto\"><\/ins><br \/>\n<script>\n(adsbygoogle = window.adsbygoogle || []).push({});\n<\/script><\/p>\n<p>&nbsp;<\/p>\n<h3>Videoartistas \u2013 Encuentros de pamplona<\/h3>\n<ul>\n<li><strong>Natalie Karpushenko<\/strong><\/li>\n<\/ul>\n<p>Artista, fot\u00f3grafa y ambientalista, su trabajo captura la belleza de la naturaleza. Sus ejes de creaci\u00f3n son la figura humana y el entorno, sobre todo el acu\u00e1tico, que trata de poner en relaci\u00f3n con un claro mensaje medioambiental. Sus fotograf\u00edas y video creaciones destacan por un concepto est\u00e9tico cl\u00e1sico, de una belleza rotunda y po\u00e9tica: \u201cMi trabajo es el resultado de mi deseo de reconectarnos con el mundo natural \u2013especialmente a trav\u00e9s del agua, el elemento del que todos venimos-. Mi arte es tambi\u00e9n un movimiento para mover a la apreciaci\u00f3n y a la pasi\u00f3n por el cuidado del planeta y de las personas\u201d.<\/p>\n<ul>\n<li><strong>Filip Custic<\/strong><\/li>\n<\/ul>\n<p>El artista hispano-croata est\u00e1 considerado como una de las voces m\u00e1s internacionales y destacadas de la nueva creaci\u00f3n contempor\u00e1nea espa\u00f1ola. El protagonista de su trabajo es el cuerpo humano, al que presenta envuelto en un halo de misterio, surrealismo, onirismo y contemporaneidad que busca crear una repuesta en aquel que lo contempla. Su investigaci\u00f3n fusiona artes como la fotograf\u00eda, la videocreaci\u00f3n, la performance y la escultura, creando una serie de cuadros virtuales en los que se derriban las barreras entre lo real y lo irreal.<\/p>\n<p>Su obra se ha podido ver en la Fundaci\u00f3n C\u00e9sar Manrique (Lanzarote), La T\u00e9rmica (M\u00e1laga), Caixa Forum (Barcelona), James Fuentes Gallery (Nueva York), Les Rencontres d\u2019Arles (Arles) o el Centro Cultural de Espa\u00f1a (Montevideo), adem\u00e1s de haber sido jurado del certamen Versiona Thyssen 2019, del Museo Nacional Thyssen-Bronemisza. Adem\u00e1s, ha colaborado con artistas internacionales como Lil Nas X, realizando la portada de su single \u2018Montero (Call Me By Your Name)\u2019, o el arte de \u2018El mal querer\u2019, el disco que lanz\u00f3 de manera internacional a Rosal\u00eda y por el que gan\u00f3 un Grammy Latino al mejor dise\u00f1o.<\/p>\n<ul>\n<li><strong>Mario Klingemann<\/strong><\/li>\n<\/ul>\n<p>La obra de Klingemann gira en torno a la percepci\u00f3n humana del arte y la creatividad. Reconocido internacionalmente como el introductor de la Inteligencia Artificial, las redes neuronales y el aprendizaje autom\u00e1tico en el mundo del arte, su obra se desarrolla a trav\u00e9s de algoritmos que crean im\u00e1genes inesperadas. Klingemann crea modelos de m\u00e1quinas que, tras la introducci\u00f3n de distintos rangos y tipos de datos, generan nuevas im\u00e1genes de manera aut\u00f3noma, lo que se ha denominado AI Art.<\/p>\n<p>Su obra se ha podido contemplar en el MOMA y el Metropolitan Museum of Art de Nueva York, el Museo del Hermitage, en San Petersburgo, o el Centro Pompidou de Par\u00eds, y ha recibido galardones como el British Library Las Artsitic Award, en 2016, o el Lumen Prize Gold Award, en 2018.<\/p>\n<ul>\n<li><strong>Chino Moya<\/strong><\/li>\n<\/ul>\n<p>La atracci\u00f3n que causa el mundo dist\u00f3pico que plantea este artista madrile\u00f1o afincado en Londres ha seducido a artistas como St Vincent, con quien colabor\u00f3 en 2014 en su videoclip \u2018Digital Witness\u2019, considerado por la revista Rolling Stones como uno de los 10 mejores del a\u00f1o. Moya plantea en su trabajo una reflexi\u00f3n sobre modelos fallidos de sociedad y la propia naturaleza humana. El brutalismo arquitect\u00f3nico, los p\u00e1ramos postindustriales o la arquitectura renacentista le sirven como entorno para presentar retratos de misteriosos personajes de mediana edad que repiten como m\u00e1quinas una serie de acciones sin un fin aparente. En su obra podemos encontrar v\u00ednculos con los c\u00f3mics de ciencia ficci\u00f3n de los a\u00f1os 80 o las pel\u00edculas de serie B.<\/p>\n<ul>\n<li><strong>Juan D\u00edaz-Faes<\/strong><\/li>\n<\/ul>\n<p>Nacido en Oviedo, este artista gr\u00e1fico es conocido por su trabajo en el que mezcla la iron\u00eda y el humor con formas puras geom\u00e9tricas donde demuestra su inter\u00e9s por lo mec\u00e1nico y la repetici\u00f3n. Los hilos que recorren su obra son las formas y la geometr\u00eda, los patrones y el uso del espacio, el color o su ausencia, y, sobre todo, una visi\u00f3n optimista de la realidad y el deseo de contagiarla. Sus murales se pueden encontrar en ciudades como Miami, Austin, Guangshou, Uruguay, Madrid o Santander, y ha expuesto de manera individual en centros como el Point \u00c9ph\u00e9m\u00e9re en Par\u00eds o el Conde Duque, en Madrid, y ha participado en muestras colectivas en Barcelona, Taipei o Hamburgo, y en la muestra \u2018Still Human\u2019 de, museo Espacio Solo (Madrid).<\/p>\n","protected":false},"excerpt":{"rendered":"<p>El mupi digital del acceso por la avenida del Ej\u00e9rcito reproducir\u00e1 hasta el 3 de julio obras de cinco creadores internacionales contempor\u00e1neos<\/p>\n","protected":false},"author":1,"featured_media":41006,"comment_status":"open","ping_status":"closed","sticky":false,"template":"","format":"standard","meta":{"footnotes":""},"categories":[2],"tags":[],"class_list":["post-41005","post","type-post","status-publish","format-standard","has-post-thumbnail","hentry","category-ayuntamiento-pamplona"],"yoast_head":"<!-- This site is optimized with the Yoast SEO plugin v27.3 - https:\/\/yoast.com\/product\/yoast-seo-wordpress\/ -->\n<title>El Ayuntamiento propone una instalaci\u00f3n de videoarte en la Ciudadela como acto de inicio de la conmemoraci\u00f3n del 50\u00ba aniversario de los llamados Encuentros del 72<\/title>\n<meta name=\"description\" content=\"El mupi digital del acceso por la avenida del Ej\u00e9rcito reproducir\u00e1 hasta el 3 de julio obras de cinco creadores internacionales contempor\u00e1neos\" \/>\n<meta name=\"robots\" content=\"index, follow, max-snippet:-1, max-image-preview:large, max-video-preview:-1\" \/>\n<link rel=\"canonical\" href=\"https:\/\/www.laguiadepamplona.com\/actualidad\/el-ayuntamiento-propone-una-instalacion-de-videoarte-en-la-ciudadela-como-acto-de-inicio-de-la-conmemoracion-del-50o-aniversario-de-los-llamados-encuentros-del-72\/\" \/>\n<meta property=\"og:locale\" content=\"es_ES\" \/>\n<meta property=\"og:type\" content=\"article\" \/>\n<meta property=\"og:title\" content=\"El Ayuntamiento propone una instalaci\u00f3n de videoarte en la Ciudadela como acto de inicio de la conmemoraci\u00f3n del 50\u00ba aniversario de los llamados Encuentros del 72\" \/>\n<meta property=\"og:description\" content=\"El mupi digital del acceso por la avenida del Ej\u00e9rcito reproducir\u00e1 hasta el 3 de julio obras de cinco creadores internacionales contempor\u00e1neos\" \/>\n<meta property=\"og:url\" content=\"https:\/\/www.laguiadepamplona.com\/actualidad\/el-ayuntamiento-propone-una-instalacion-de-videoarte-en-la-ciudadela-como-acto-de-inicio-de-la-conmemoracion-del-50o-aniversario-de-los-llamados-encuentros-del-72\/\" \/>\n<meta property=\"og:site_name\" content=\"La Gu\u00eda de Pamplona\" \/>\n<meta property=\"article:publisher\" content=\"https:\/\/www.facebook.com\/laguiadepamplonacom-133175176762273\/?ref=hl\" \/>\n<meta property=\"article:published_time\" content=\"2022-06-24T11:29:00+00:00\" \/>\n<meta property=\"article:modified_time\" content=\"2023-04-11T09:48:00+00:00\" \/>\n<meta property=\"og:image\" content=\"https:\/\/www.laguiadepamplona.com\/actualidad\/wp-content\/uploads\/2022\/06\/videoarte-ciudadela.jpg\" \/>\n\t<meta property=\"og:image:width\" content=\"1600\" \/>\n\t<meta property=\"og:image:height\" content=\"1200\" \/>\n\t<meta property=\"og:image:type\" content=\"image\/jpeg\" \/>\n<meta name=\"author\" content=\"La Gu\u00eda de Pamplona\" \/>\n<meta name=\"twitter:card\" content=\"summary_large_image\" \/>\n<meta name=\"twitter:creator\" content=\"@LaGuiadPamplona\" \/>\n<meta name=\"twitter:site\" content=\"@LaGuiadPamplona\" \/>\n<meta name=\"twitter:label1\" content=\"Escrito por\" \/>\n\t<meta name=\"twitter:data1\" content=\"La Gu\u00eda de Pamplona\" \/>\n\t<meta name=\"twitter:label2\" content=\"Tiempo de lectura\" \/>\n\t<meta name=\"twitter:data2\" content=\"5 minutos\" \/>\n<script type=\"application\/ld+json\" class=\"yoast-schema-graph\">{\"@context\":\"https:\\\/\\\/schema.org\",\"@graph\":[{\"@type\":\"Article\",\"@id\":\"https:\\\/\\\/www.laguiadepamplona.com\\\/actualidad\\\/el-ayuntamiento-propone-una-instalacion-de-videoarte-en-la-ciudadela-como-acto-de-inicio-de-la-conmemoracion-del-50o-aniversario-de-los-llamados-encuentros-del-72\\\/#article\",\"isPartOf\":{\"@id\":\"https:\\\/\\\/www.laguiadepamplona.com\\\/actualidad\\\/el-ayuntamiento-propone-una-instalacion-de-videoarte-en-la-ciudadela-como-acto-de-inicio-de-la-conmemoracion-del-50o-aniversario-de-los-llamados-encuentros-del-72\\\/\"},\"author\":{\"name\":\"La Gu\u00eda de Pamplona\",\"@id\":\"https:\\\/\\\/www.laguiadepamplona.com\\\/actualidad\\\/#\\\/schema\\\/person\\\/efe887376f0213d4657c93adc50b1fdb\"},\"headline\":\"El Ayuntamiento propone una instalaci\u00f3n de videoarte en la Ciudadela como acto de inicio de la conmemoraci\u00f3n del 50\u00ba aniversario de los llamados Encuentros del 72\",\"datePublished\":\"2022-06-24T11:29:00+00:00\",\"dateModified\":\"2023-04-11T09:48:00+00:00\",\"mainEntityOfPage\":{\"@id\":\"https:\\\/\\\/www.laguiadepamplona.com\\\/actualidad\\\/el-ayuntamiento-propone-una-instalacion-de-videoarte-en-la-ciudadela-como-acto-de-inicio-de-la-conmemoracion-del-50o-aniversario-de-los-llamados-encuentros-del-72\\\/\"},\"wordCount\":1096,\"commentCount\":0,\"publisher\":{\"@id\":\"https:\\\/\\\/www.laguiadepamplona.com\\\/actualidad\\\/#organization\"},\"image\":{\"@id\":\"https:\\\/\\\/www.laguiadepamplona.com\\\/actualidad\\\/el-ayuntamiento-propone-una-instalacion-de-videoarte-en-la-ciudadela-como-acto-de-inicio-de-la-conmemoracion-del-50o-aniversario-de-los-llamados-encuentros-del-72\\\/#primaryimage\"},\"thumbnailUrl\":\"https:\\\/\\\/www.laguiadepamplona.com\\\/actualidad\\\/wp-content\\\/uploads\\\/2022\\\/06\\\/videoarte-ciudadela.jpg\",\"articleSection\":[\"Ayto Pamplona\"],\"inLanguage\":\"es\",\"potentialAction\":[{\"@type\":\"CommentAction\",\"name\":\"Comment\",\"target\":[\"https:\\\/\\\/www.laguiadepamplona.com\\\/actualidad\\\/el-ayuntamiento-propone-una-instalacion-de-videoarte-en-la-ciudadela-como-acto-de-inicio-de-la-conmemoracion-del-50o-aniversario-de-los-llamados-encuentros-del-72\\\/#respond\"]}]},{\"@type\":\"WebPage\",\"@id\":\"https:\\\/\\\/www.laguiadepamplona.com\\\/actualidad\\\/el-ayuntamiento-propone-una-instalacion-de-videoarte-en-la-ciudadela-como-acto-de-inicio-de-la-conmemoracion-del-50o-aniversario-de-los-llamados-encuentros-del-72\\\/\",\"url\":\"https:\\\/\\\/www.laguiadepamplona.com\\\/actualidad\\\/el-ayuntamiento-propone-una-instalacion-de-videoarte-en-la-ciudadela-como-acto-de-inicio-de-la-conmemoracion-del-50o-aniversario-de-los-llamados-encuentros-del-72\\\/\",\"name\":\"El Ayuntamiento propone una instalaci\u00f3n de videoarte en la Ciudadela como acto de inicio de la conmemoraci\u00f3n del 50\u00ba aniversario de los llamados Encuentros del 72\",\"isPartOf\":{\"@id\":\"https:\\\/\\\/www.laguiadepamplona.com\\\/actualidad\\\/#website\"},\"primaryImageOfPage\":{\"@id\":\"https:\\\/\\\/www.laguiadepamplona.com\\\/actualidad\\\/el-ayuntamiento-propone-una-instalacion-de-videoarte-en-la-ciudadela-como-acto-de-inicio-de-la-conmemoracion-del-50o-aniversario-de-los-llamados-encuentros-del-72\\\/#primaryimage\"},\"image\":{\"@id\":\"https:\\\/\\\/www.laguiadepamplona.com\\\/actualidad\\\/el-ayuntamiento-propone-una-instalacion-de-videoarte-en-la-ciudadela-como-acto-de-inicio-de-la-conmemoracion-del-50o-aniversario-de-los-llamados-encuentros-del-72\\\/#primaryimage\"},\"thumbnailUrl\":\"https:\\\/\\\/www.laguiadepamplona.com\\\/actualidad\\\/wp-content\\\/uploads\\\/2022\\\/06\\\/videoarte-ciudadela.jpg\",\"datePublished\":\"2022-06-24T11:29:00+00:00\",\"dateModified\":\"2023-04-11T09:48:00+00:00\",\"description\":\"El mupi digital del acceso por la avenida del Ej\u00e9rcito reproducir\u00e1 hasta el 3 de julio obras de cinco creadores internacionales contempor\u00e1neos\",\"breadcrumb\":{\"@id\":\"https:\\\/\\\/www.laguiadepamplona.com\\\/actualidad\\\/el-ayuntamiento-propone-una-instalacion-de-videoarte-en-la-ciudadela-como-acto-de-inicio-de-la-conmemoracion-del-50o-aniversario-de-los-llamados-encuentros-del-72\\\/#breadcrumb\"},\"inLanguage\":\"es\",\"potentialAction\":[{\"@type\":\"ReadAction\",\"target\":[\"https:\\\/\\\/www.laguiadepamplona.com\\\/actualidad\\\/el-ayuntamiento-propone-una-instalacion-de-videoarte-en-la-ciudadela-como-acto-de-inicio-de-la-conmemoracion-del-50o-aniversario-de-los-llamados-encuentros-del-72\\\/\"]}]},{\"@type\":\"ImageObject\",\"inLanguage\":\"es\",\"@id\":\"https:\\\/\\\/www.laguiadepamplona.com\\\/actualidad\\\/el-ayuntamiento-propone-una-instalacion-de-videoarte-en-la-ciudadela-como-acto-de-inicio-de-la-conmemoracion-del-50o-aniversario-de-los-llamados-encuentros-del-72\\\/#primaryimage\",\"url\":\"https:\\\/\\\/www.laguiadepamplona.com\\\/actualidad\\\/wp-content\\\/uploads\\\/2022\\\/06\\\/videoarte-ciudadela.jpg\",\"contentUrl\":\"https:\\\/\\\/www.laguiadepamplona.com\\\/actualidad\\\/wp-content\\\/uploads\\\/2022\\\/06\\\/videoarte-ciudadela.jpg\",\"width\":1600,\"height\":1200},{\"@type\":\"BreadcrumbList\",\"@id\":\"https:\\\/\\\/www.laguiadepamplona.com\\\/actualidad\\\/el-ayuntamiento-propone-una-instalacion-de-videoarte-en-la-ciudadela-como-acto-de-inicio-de-la-conmemoracion-del-50o-aniversario-de-los-llamados-encuentros-del-72\\\/#breadcrumb\",\"itemListElement\":[{\"@type\":\"ListItem\",\"position\":1,\"name\":\"Portada\",\"item\":\"https:\\\/\\\/www.laguiadepamplona.com\\\/actualidad\\\/\"},{\"@type\":\"ListItem\",\"position\":2,\"name\":\"El Ayuntamiento propone una instalaci\u00f3n de videoarte en la Ciudadela como acto de inicio de la conmemoraci\u00f3n del 50\u00ba aniversario de los llamados Encuentros del 72\"}]},{\"@type\":\"WebSite\",\"@id\":\"https:\\\/\\\/www.laguiadepamplona.com\\\/actualidad\\\/#website\",\"url\":\"https:\\\/\\\/www.laguiadepamplona.com\\\/actualidad\\\/\",\"name\":\"La gu\u00eda de Pamplona\",\"description\":\"Noticias de Pamplona\",\"publisher\":{\"@id\":\"https:\\\/\\\/www.laguiadepamplona.com\\\/actualidad\\\/#organization\"},\"potentialAction\":[{\"@type\":\"SearchAction\",\"target\":{\"@type\":\"EntryPoint\",\"urlTemplate\":\"https:\\\/\\\/www.laguiadepamplona.com\\\/actualidad\\\/?s={search_term_string}\"},\"query-input\":{\"@type\":\"PropertyValueSpecification\",\"valueRequired\":true,\"valueName\":\"search_term_string\"}}],\"inLanguage\":\"es\"},{\"@type\":\"Organization\",\"@id\":\"https:\\\/\\\/www.laguiadepamplona.com\\\/actualidad\\\/#organization\",\"name\":\"La Gu\u00eda de Pamplona \\\/ Noticias\",\"url\":\"https:\\\/\\\/www.laguiadepamplona.com\\\/actualidad\\\/\",\"logo\":{\"@type\":\"ImageObject\",\"inLanguage\":\"es\",\"@id\":\"https:\\\/\\\/www.laguiadepamplona.com\\\/actualidad\\\/#\\\/schema\\\/logo\\\/image\\\/\",\"url\":\"https:\\\/\\\/www.laguiadepamplona.com\\\/actualidad\\\/wp-content\\\/uploads\\\/2018\\\/11\\\/logo-laguiadepamplona18-web1.png\",\"contentUrl\":\"https:\\\/\\\/www.laguiadepamplona.com\\\/actualidad\\\/wp-content\\\/uploads\\\/2018\\\/11\\\/logo-laguiadepamplona18-web1.png\",\"width\":600,\"height\":196,\"caption\":\"La Gu\u00eda de Pamplona \\\/ Noticias\"},\"image\":{\"@id\":\"https:\\\/\\\/www.laguiadepamplona.com\\\/actualidad\\\/#\\\/schema\\\/logo\\\/image\\\/\"},\"sameAs\":[\"https:\\\/\\\/www.facebook.com\\\/laguiadepamplonacom-133175176762273\\\/?ref=hl\",\"https:\\\/\\\/x.com\\\/LaGuiadPamplona\",\"https:\\\/\\\/www.instagram.com\\\/la_guia_de_pamplona\\\/\",\"https:\\\/\\\/www.youtube.com\\\/user\\\/laguiadepamplona\"]},{\"@type\":\"Person\",\"@id\":\"https:\\\/\\\/www.laguiadepamplona.com\\\/actualidad\\\/#\\\/schema\\\/person\\\/efe887376f0213d4657c93adc50b1fdb\",\"name\":\"La Gu\u00eda de Pamplona\",\"image\":{\"@type\":\"ImageObject\",\"inLanguage\":\"es\",\"@id\":\"https:\\\/\\\/secure.gravatar.com\\\/avatar\\\/b6992f131dc8d30ab0dff15446e9d346d9dbd95992de0fef795073f5ea83a81c?s=96&d=mm&r=g\",\"url\":\"https:\\\/\\\/secure.gravatar.com\\\/avatar\\\/b6992f131dc8d30ab0dff15446e9d346d9dbd95992de0fef795073f5ea83a81c?s=96&d=mm&r=g\",\"contentUrl\":\"https:\\\/\\\/secure.gravatar.com\\\/avatar\\\/b6992f131dc8d30ab0dff15446e9d346d9dbd95992de0fef795073f5ea83a81c?s=96&d=mm&r=g\",\"caption\":\"La Gu\u00eda de Pamplona\"}}]}<\/script>\n<!-- \/ Yoast SEO plugin. -->","yoast_head_json":{"title":"El Ayuntamiento propone una instalaci\u00f3n de videoarte en la Ciudadela como acto de inicio de la conmemoraci\u00f3n del 50\u00ba aniversario de los llamados Encuentros del 72","description":"El mupi digital del acceso por la avenida del Ej\u00e9rcito reproducir\u00e1 hasta el 3 de julio obras de cinco creadores internacionales contempor\u00e1neos","robots":{"index":"index","follow":"follow","max-snippet":"max-snippet:-1","max-image-preview":"max-image-preview:large","max-video-preview":"max-video-preview:-1"},"canonical":"https:\/\/www.laguiadepamplona.com\/actualidad\/el-ayuntamiento-propone-una-instalacion-de-videoarte-en-la-ciudadela-como-acto-de-inicio-de-la-conmemoracion-del-50o-aniversario-de-los-llamados-encuentros-del-72\/","og_locale":"es_ES","og_type":"article","og_title":"El Ayuntamiento propone una instalaci\u00f3n de videoarte en la Ciudadela como acto de inicio de la conmemoraci\u00f3n del 50\u00ba aniversario de los llamados Encuentros del 72","og_description":"El mupi digital del acceso por la avenida del Ej\u00e9rcito reproducir\u00e1 hasta el 3 de julio obras de cinco creadores internacionales contempor\u00e1neos","og_url":"https:\/\/www.laguiadepamplona.com\/actualidad\/el-ayuntamiento-propone-una-instalacion-de-videoarte-en-la-ciudadela-como-acto-de-inicio-de-la-conmemoracion-del-50o-aniversario-de-los-llamados-encuentros-del-72\/","og_site_name":"La Gu\u00eda de Pamplona","article_publisher":"https:\/\/www.facebook.com\/laguiadepamplonacom-133175176762273\/?ref=hl","article_published_time":"2022-06-24T11:29:00+00:00","article_modified_time":"2023-04-11T09:48:00+00:00","og_image":[{"width":1600,"height":1200,"url":"https:\/\/www.laguiadepamplona.com\/actualidad\/wp-content\/uploads\/2022\/06\/videoarte-ciudadela.jpg","type":"image\/jpeg"}],"author":"La Gu\u00eda de Pamplona","twitter_card":"summary_large_image","twitter_creator":"@LaGuiadPamplona","twitter_site":"@LaGuiadPamplona","twitter_misc":{"Escrito por":"La Gu\u00eda de Pamplona","Tiempo de lectura":"5 minutos"},"schema":{"@context":"https:\/\/schema.org","@graph":[{"@type":"Article","@id":"https:\/\/www.laguiadepamplona.com\/actualidad\/el-ayuntamiento-propone-una-instalacion-de-videoarte-en-la-ciudadela-como-acto-de-inicio-de-la-conmemoracion-del-50o-aniversario-de-los-llamados-encuentros-del-72\/#article","isPartOf":{"@id":"https:\/\/www.laguiadepamplona.com\/actualidad\/el-ayuntamiento-propone-una-instalacion-de-videoarte-en-la-ciudadela-como-acto-de-inicio-de-la-conmemoracion-del-50o-aniversario-de-los-llamados-encuentros-del-72\/"},"author":{"name":"La Gu\u00eda de Pamplona","@id":"https:\/\/www.laguiadepamplona.com\/actualidad\/#\/schema\/person\/efe887376f0213d4657c93adc50b1fdb"},"headline":"El Ayuntamiento propone una instalaci\u00f3n de videoarte en la Ciudadela como acto de inicio de la conmemoraci\u00f3n del 50\u00ba aniversario de los llamados Encuentros del 72","datePublished":"2022-06-24T11:29:00+00:00","dateModified":"2023-04-11T09:48:00+00:00","mainEntityOfPage":{"@id":"https:\/\/www.laguiadepamplona.com\/actualidad\/el-ayuntamiento-propone-una-instalacion-de-videoarte-en-la-ciudadela-como-acto-de-inicio-de-la-conmemoracion-del-50o-aniversario-de-los-llamados-encuentros-del-72\/"},"wordCount":1096,"commentCount":0,"publisher":{"@id":"https:\/\/www.laguiadepamplona.com\/actualidad\/#organization"},"image":{"@id":"https:\/\/www.laguiadepamplona.com\/actualidad\/el-ayuntamiento-propone-una-instalacion-de-videoarte-en-la-ciudadela-como-acto-de-inicio-de-la-conmemoracion-del-50o-aniversario-de-los-llamados-encuentros-del-72\/#primaryimage"},"thumbnailUrl":"https:\/\/www.laguiadepamplona.com\/actualidad\/wp-content\/uploads\/2022\/06\/videoarte-ciudadela.jpg","articleSection":["Ayto Pamplona"],"inLanguage":"es","potentialAction":[{"@type":"CommentAction","name":"Comment","target":["https:\/\/www.laguiadepamplona.com\/actualidad\/el-ayuntamiento-propone-una-instalacion-de-videoarte-en-la-ciudadela-como-acto-de-inicio-de-la-conmemoracion-del-50o-aniversario-de-los-llamados-encuentros-del-72\/#respond"]}]},{"@type":"WebPage","@id":"https:\/\/www.laguiadepamplona.com\/actualidad\/el-ayuntamiento-propone-una-instalacion-de-videoarte-en-la-ciudadela-como-acto-de-inicio-de-la-conmemoracion-del-50o-aniversario-de-los-llamados-encuentros-del-72\/","url":"https:\/\/www.laguiadepamplona.com\/actualidad\/el-ayuntamiento-propone-una-instalacion-de-videoarte-en-la-ciudadela-como-acto-de-inicio-de-la-conmemoracion-del-50o-aniversario-de-los-llamados-encuentros-del-72\/","name":"El Ayuntamiento propone una instalaci\u00f3n de videoarte en la Ciudadela como acto de inicio de la conmemoraci\u00f3n del 50\u00ba aniversario de los llamados Encuentros del 72","isPartOf":{"@id":"https:\/\/www.laguiadepamplona.com\/actualidad\/#website"},"primaryImageOfPage":{"@id":"https:\/\/www.laguiadepamplona.com\/actualidad\/el-ayuntamiento-propone-una-instalacion-de-videoarte-en-la-ciudadela-como-acto-de-inicio-de-la-conmemoracion-del-50o-aniversario-de-los-llamados-encuentros-del-72\/#primaryimage"},"image":{"@id":"https:\/\/www.laguiadepamplona.com\/actualidad\/el-ayuntamiento-propone-una-instalacion-de-videoarte-en-la-ciudadela-como-acto-de-inicio-de-la-conmemoracion-del-50o-aniversario-de-los-llamados-encuentros-del-72\/#primaryimage"},"thumbnailUrl":"https:\/\/www.laguiadepamplona.com\/actualidad\/wp-content\/uploads\/2022\/06\/videoarte-ciudadela.jpg","datePublished":"2022-06-24T11:29:00+00:00","dateModified":"2023-04-11T09:48:00+00:00","description":"El mupi digital del acceso por la avenida del Ej\u00e9rcito reproducir\u00e1 hasta el 3 de julio obras de cinco creadores internacionales contempor\u00e1neos","breadcrumb":{"@id":"https:\/\/www.laguiadepamplona.com\/actualidad\/el-ayuntamiento-propone-una-instalacion-de-videoarte-en-la-ciudadela-como-acto-de-inicio-de-la-conmemoracion-del-50o-aniversario-de-los-llamados-encuentros-del-72\/#breadcrumb"},"inLanguage":"es","potentialAction":[{"@type":"ReadAction","target":["https:\/\/www.laguiadepamplona.com\/actualidad\/el-ayuntamiento-propone-una-instalacion-de-videoarte-en-la-ciudadela-como-acto-de-inicio-de-la-conmemoracion-del-50o-aniversario-de-los-llamados-encuentros-del-72\/"]}]},{"@type":"ImageObject","inLanguage":"es","@id":"https:\/\/www.laguiadepamplona.com\/actualidad\/el-ayuntamiento-propone-una-instalacion-de-videoarte-en-la-ciudadela-como-acto-de-inicio-de-la-conmemoracion-del-50o-aniversario-de-los-llamados-encuentros-del-72\/#primaryimage","url":"https:\/\/www.laguiadepamplona.com\/actualidad\/wp-content\/uploads\/2022\/06\/videoarte-ciudadela.jpg","contentUrl":"https:\/\/www.laguiadepamplona.com\/actualidad\/wp-content\/uploads\/2022\/06\/videoarte-ciudadela.jpg","width":1600,"height":1200},{"@type":"BreadcrumbList","@id":"https:\/\/www.laguiadepamplona.com\/actualidad\/el-ayuntamiento-propone-una-instalacion-de-videoarte-en-la-ciudadela-como-acto-de-inicio-de-la-conmemoracion-del-50o-aniversario-de-los-llamados-encuentros-del-72\/#breadcrumb","itemListElement":[{"@type":"ListItem","position":1,"name":"Portada","item":"https:\/\/www.laguiadepamplona.com\/actualidad\/"},{"@type":"ListItem","position":2,"name":"El Ayuntamiento propone una instalaci\u00f3n de videoarte en la Ciudadela como acto de inicio de la conmemoraci\u00f3n del 50\u00ba aniversario de los llamados Encuentros del 72"}]},{"@type":"WebSite","@id":"https:\/\/www.laguiadepamplona.com\/actualidad\/#website","url":"https:\/\/www.laguiadepamplona.com\/actualidad\/","name":"La gu\u00eda de Pamplona","description":"Noticias de Pamplona","publisher":{"@id":"https:\/\/www.laguiadepamplona.com\/actualidad\/#organization"},"potentialAction":[{"@type":"SearchAction","target":{"@type":"EntryPoint","urlTemplate":"https:\/\/www.laguiadepamplona.com\/actualidad\/?s={search_term_string}"},"query-input":{"@type":"PropertyValueSpecification","valueRequired":true,"valueName":"search_term_string"}}],"inLanguage":"es"},{"@type":"Organization","@id":"https:\/\/www.laguiadepamplona.com\/actualidad\/#organization","name":"La Gu\u00eda de Pamplona \/ Noticias","url":"https:\/\/www.laguiadepamplona.com\/actualidad\/","logo":{"@type":"ImageObject","inLanguage":"es","@id":"https:\/\/www.laguiadepamplona.com\/actualidad\/#\/schema\/logo\/image\/","url":"https:\/\/www.laguiadepamplona.com\/actualidad\/wp-content\/uploads\/2018\/11\/logo-laguiadepamplona18-web1.png","contentUrl":"https:\/\/www.laguiadepamplona.com\/actualidad\/wp-content\/uploads\/2018\/11\/logo-laguiadepamplona18-web1.png","width":600,"height":196,"caption":"La Gu\u00eda de Pamplona \/ Noticias"},"image":{"@id":"https:\/\/www.laguiadepamplona.com\/actualidad\/#\/schema\/logo\/image\/"},"sameAs":["https:\/\/www.facebook.com\/laguiadepamplonacom-133175176762273\/?ref=hl","https:\/\/x.com\/LaGuiadPamplona","https:\/\/www.instagram.com\/la_guia_de_pamplona\/","https:\/\/www.youtube.com\/user\/laguiadepamplona"]},{"@type":"Person","@id":"https:\/\/www.laguiadepamplona.com\/actualidad\/#\/schema\/person\/efe887376f0213d4657c93adc50b1fdb","name":"La Gu\u00eda de Pamplona","image":{"@type":"ImageObject","inLanguage":"es","@id":"https:\/\/secure.gravatar.com\/avatar\/b6992f131dc8d30ab0dff15446e9d346d9dbd95992de0fef795073f5ea83a81c?s=96&d=mm&r=g","url":"https:\/\/secure.gravatar.com\/avatar\/b6992f131dc8d30ab0dff15446e9d346d9dbd95992de0fef795073f5ea83a81c?s=96&d=mm&r=g","contentUrl":"https:\/\/secure.gravatar.com\/avatar\/b6992f131dc8d30ab0dff15446e9d346d9dbd95992de0fef795073f5ea83a81c?s=96&d=mm&r=g","caption":"La Gu\u00eda de Pamplona"}}]}},"post_mailing_queue_ids":[],"_links":{"self":[{"href":"https:\/\/www.laguiadepamplona.com\/actualidad\/wp-json\/wp\/v2\/posts\/41005","targetHints":{"allow":["GET"]}}],"collection":[{"href":"https:\/\/www.laguiadepamplona.com\/actualidad\/wp-json\/wp\/v2\/posts"}],"about":[{"href":"https:\/\/www.laguiadepamplona.com\/actualidad\/wp-json\/wp\/v2\/types\/post"}],"author":[{"embeddable":true,"href":"https:\/\/www.laguiadepamplona.com\/actualidad\/wp-json\/wp\/v2\/users\/1"}],"replies":[{"embeddable":true,"href":"https:\/\/www.laguiadepamplona.com\/actualidad\/wp-json\/wp\/v2\/comments?post=41005"}],"version-history":[{"count":0,"href":"https:\/\/www.laguiadepamplona.com\/actualidad\/wp-json\/wp\/v2\/posts\/41005\/revisions"}],"wp:featuredmedia":[{"embeddable":true,"href":"https:\/\/www.laguiadepamplona.com\/actualidad\/wp-json\/wp\/v2\/media\/41006"}],"wp:attachment":[{"href":"https:\/\/www.laguiadepamplona.com\/actualidad\/wp-json\/wp\/v2\/media?parent=41005"}],"wp:term":[{"taxonomy":"category","embeddable":true,"href":"https:\/\/www.laguiadepamplona.com\/actualidad\/wp-json\/wp\/v2\/categories?post=41005"},{"taxonomy":"post_tag","embeddable":true,"href":"https:\/\/www.laguiadepamplona.com\/actualidad\/wp-json\/wp\/v2\/tags?post=41005"}],"curies":[{"name":"wp","href":"https:\/\/api.w.org\/{rel}","templated":true}]}}