{"id":41002,"date":"2022-06-24T13:23:41","date_gmt":"2022-06-24T11:23:41","guid":{"rendered":"https:\/\/www.laguiadepamplona.com\/actualidad\/?p=41002"},"modified":"2023-04-11T11:48:00","modified_gmt":"2023-04-11T09:48:00","slug":"el-ayuntamiento-de-pamplona-y-cener-colaboraran-para-desarrollar-proyectos-energeticos-e-iniciativas-de-regeneracion-urbana","status":"publish","type":"post","link":"https:\/\/www.laguiadepamplona.com\/actualidad\/el-ayuntamiento-de-pamplona-y-cener-colaboraran-para-desarrollar-proyectos-energeticos-e-iniciativas-de-regeneracion-urbana\/","title":{"rendered":"El Ayuntamiento de Pamplona y CENER colaborar\u00e1n para desarrollar proyectos energ\u00e9ticos e iniciativas de regeneraci\u00f3n urbana"},"content":{"rendered":"<h5>El convenio suscrito hoy tendr\u00e1 una vigencia de cuatro a\u00f1os prorrogables<\/h5>\n<p><!--more--><\/p>\n<p>El Ayuntamiento de Pamplona y el Centro Nacional de Energ\u00edas Renovables (CENER) trabajar\u00e1n juntos los pr\u00f3ximos cuatro a\u00f1os para desarrollar proyectos e iniciativas que reduzcan el consumo energ\u00e9tico, as\u00ed como las emisiones de CO<sub>2<\/sub> y promuevan la regeneraci\u00f3n urbana de la ciudad. As\u00ed lo han acordado hoy el alcalde Enrique Maya y el consejero de Desarrollo Econ\u00f3mico y Empresarial del Gobierno de Navarra y presidente del Patronato de la Fundaci\u00f3n CENER, Mikel Irujo, en la firma de un convenio de colaboraci\u00f3n que quiere encaminar la ciudad hacia la transici\u00f3n energ\u00e9tica y la descarbonizaci\u00f3n, e impulsar sus potencialidades como Smart City. En este acto tambi\u00e9n ha participado el director general de CENER, Pablo Ayesa.<br \/>\n<script async src=\"\/\/pagead2.googlesyndication.com\/pagead\/js\/adsbygoogle.js\"><\/script><br \/>\n<!-- Noticias La Guia de Pamplona --><br \/>\n<ins class=\"adsbygoogle\"\nstyle=\"display:block\"\ndata-ad-client=\"ca-pub-6943679897239327\"\ndata-ad-slot=\"7048180777\"\ndata-ad-format=\"auto\"><\/ins><br \/>\n<script>\n(adsbygoogle = window.adsbygoogle || []).push({});\n<\/script><\/p>\n<p>A trav\u00e9s de este acuerdo, que puede prorrogarse por periodos iguales, el Ayuntamiento contar\u00e1 con CENER como aliado estrat\u00e9gico en el desarrollo t\u00e9cnico de las actividades y proyectos municipales, adem\u00e1s de en aquellas acciones en las que se precise un soporte tecnol\u00f3gico. Adem\u00e1s, el Centro Nacional de Energ\u00edas Renovables se compromete a identificar oportunidades y convocatorias de ayudas a las que pueda concurrir la ciudad, y trabajar\u00e1 en la inclusi\u00f3n de Pamplona en consorcios en proyectos de I+D subvencionados por la Comisi\u00f3n Europea y, particularmente, dentro del programa Horizon Europe.<\/p>\n<p>De hecho, el Consistorio est\u00e1 inmerso en un proceso de transformaci\u00f3n para convertir Pamplona en una ciudad amable, sostenible y verde, en l\u00ednea con los Objetivos de Desarrollo Sostenible. Para ello, aprob\u00f3 la Estrategia 2030 \u2013 Agenda Urbana de Pamplona, documento clave en el desarrollo de la ciudad y que ordena las actuaciones que se realizan en el entorno.<\/p>\n<p>La supervisi\u00f3n del convenio ahora suscrito correr\u00e1 a cargo de una comisi\u00f3n de seguimiento, integrada por miembros tanto del Ayuntamiento como de CENER, que actuar\u00e1 como veh\u00edculo de transmisi\u00f3n de informaci\u00f3n y seguimiento de los proyectos que, a ra\u00edz de este convenio, puedan surgir. De hecho, para cada una de esas iniciativas concretas est\u00e1 prevista la firma de acuerdos espec\u00edficos, que recojan los elementos concretos de cada proyecto, como su alcance, cronograma y trabajos que debe asumir cada una de las partes.<br \/>\n<script async src=\"\/\/pagead2.googlesyndication.com\/pagead\/js\/adsbygoogle.js\"><\/script><br \/>\n<!-- Noticias La Guia de Pamplona --><br \/>\n<ins class=\"adsbygoogle\"\nstyle=\"display:block\"\ndata-ad-client=\"ca-pub-6943679897239327\"\ndata-ad-slot=\"7048180777\"\ndata-ad-format=\"auto\"><\/ins><br \/>\n<script>\n(adsbygoogle = window.adsbygoogle || []).push({});\n<\/script><\/p>\n<p><strong>Visita a CENER<\/strong><\/p>\n<p>Coincidiendo con la firma del convenio, una representaci\u00f3n del Ayuntamiento de Pamplona ha visitado las instalaciones de CENER en la Ciudad de la Innovaci\u00f3n, ubicada en Sarriguren. All\u00ed, han conocido algunos de los laboratorios del centro tecnol\u00f3gico, como el de ensayos de m\u00f3dulos y captadores solares y el de caracterizaci\u00f3n y desarrollo de procesos de valorizaci\u00f3n de biomasa, adem\u00e1s de recorrer el edificio de CENER, pionero en cuanto a construcci\u00f3n sostenible se refiere, y recibir explicaciones sobre su funcionamiento bioclim\u00e1tico y los sistemas de energ\u00edas renovables integrados en \u00e9l.<\/p>\n<p>Junto al alcalde Enrique Maya, han participado en esta visita el concejal de Proyectos Estrat\u00e9gicos, Movilidad y Sostenibilidad, Ferm\u00edn Alonso; el director de Proyectos y Obras, Movilidad y Sostenibilidad, Alejandro Astibia; y el responsable de la Agencia Energ\u00e9tica Municipal, Javier Zardoya. Por parte de CENER, adem\u00e1s del presidente de su Patronato y su director general han participado Florencio Manteca, director del Departamento de Transici\u00f3n Energ\u00e9tica en las Ciudades y Julia Elizalde, directora de Comunicaci\u00f3n y Relaciones Institucionales.<\/p>\n","protected":false},"excerpt":{"rendered":"<p>El convenio suscrito hoy tendr\u00e1 una vigencia de cuatro a\u00f1os prorrogables<\/p>\n","protected":false},"author":1,"featured_media":41003,"comment_status":"open","ping_status":"closed","sticky":false,"template":"","format":"standard","meta":{"footnotes":""},"categories":[2],"tags":[],"class_list":["post-41002","post","type-post","status-publish","format-standard","has-post-thumbnail","hentry","category-ayuntamiento-pamplona"],"yoast_head":"<!-- This site is optimized with the Yoast SEO plugin v27.3 - https:\/\/yoast.com\/product\/yoast-seo-wordpress\/ -->\n<title>El Ayuntamiento de Pamplona y CENER colaborar\u00e1n para desarrollar proyectos energ\u00e9ticos e iniciativas de regeneraci\u00f3n urbana<\/title>\n<meta name=\"description\" content=\"El convenio suscrito hoy tendr\u00e1 una vigencia de cuatro a\u00f1os prorrogables\" \/>\n<meta name=\"robots\" content=\"index, follow, max-snippet:-1, max-image-preview:large, max-video-preview:-1\" \/>\n<link rel=\"canonical\" href=\"https:\/\/www.laguiadepamplona.com\/actualidad\/el-ayuntamiento-de-pamplona-y-cener-colaboraran-para-desarrollar-proyectos-energeticos-e-iniciativas-de-regeneracion-urbana\/\" \/>\n<meta property=\"og:locale\" content=\"es_ES\" \/>\n<meta property=\"og:type\" content=\"article\" \/>\n<meta property=\"og:title\" content=\"El Ayuntamiento de Pamplona y CENER colaborar\u00e1n para desarrollar proyectos energ\u00e9ticos e iniciativas de regeneraci\u00f3n urbana\" \/>\n<meta property=\"og:description\" content=\"El convenio suscrito hoy tendr\u00e1 una vigencia de cuatro a\u00f1os prorrogables\" \/>\n<meta property=\"og:url\" content=\"https:\/\/www.laguiadepamplona.com\/actualidad\/el-ayuntamiento-de-pamplona-y-cener-colaboraran-para-desarrollar-proyectos-energeticos-e-iniciativas-de-regeneracion-urbana\/\" \/>\n<meta property=\"og:site_name\" content=\"La Gu\u00eda de Pamplona\" \/>\n<meta property=\"article:publisher\" content=\"https:\/\/www.facebook.com\/laguiadepamplonacom-133175176762273\/?ref=hl\" \/>\n<meta property=\"article:published_time\" content=\"2022-06-24T11:23:41+00:00\" \/>\n<meta property=\"article:modified_time\" content=\"2023-04-11T09:48:00+00:00\" \/>\n<meta property=\"og:image\" content=\"https:\/\/www.laguiadepamplona.com\/actualidad\/wp-content\/uploads\/2022\/06\/cener.jpg\" \/>\n\t<meta property=\"og:image:width\" content=\"870\" \/>\n\t<meta property=\"og:image:height\" content=\"423\" \/>\n\t<meta property=\"og:image:type\" content=\"image\/jpeg\" \/>\n<meta name=\"author\" content=\"La Gu\u00eda de Pamplona\" \/>\n<meta name=\"twitter:card\" content=\"summary_large_image\" \/>\n<meta name=\"twitter:creator\" content=\"@LaGuiadPamplona\" \/>\n<meta name=\"twitter:site\" content=\"@LaGuiadPamplona\" \/>\n<meta name=\"twitter:label1\" content=\"Escrito por\" \/>\n\t<meta name=\"twitter:data1\" content=\"La Gu\u00eda de Pamplona\" \/>\n\t<meta name=\"twitter:label2\" content=\"Tiempo de lectura\" \/>\n\t<meta name=\"twitter:data2\" content=\"3 minutos\" \/>\n<script type=\"application\/ld+json\" class=\"yoast-schema-graph\">{\"@context\":\"https:\\\/\\\/schema.org\",\"@graph\":[{\"@type\":\"Article\",\"@id\":\"https:\\\/\\\/www.laguiadepamplona.com\\\/actualidad\\\/el-ayuntamiento-de-pamplona-y-cener-colaboraran-para-desarrollar-proyectos-energeticos-e-iniciativas-de-regeneracion-urbana\\\/#article\",\"isPartOf\":{\"@id\":\"https:\\\/\\\/www.laguiadepamplona.com\\\/actualidad\\\/el-ayuntamiento-de-pamplona-y-cener-colaboraran-para-desarrollar-proyectos-energeticos-e-iniciativas-de-regeneracion-urbana\\\/\"},\"author\":{\"name\":\"La Gu\u00eda de Pamplona\",\"@id\":\"https:\\\/\\\/www.laguiadepamplona.com\\\/actualidad\\\/#\\\/schema\\\/person\\\/efe887376f0213d4657c93adc50b1fdb\"},\"headline\":\"El Ayuntamiento de Pamplona y CENER colaborar\u00e1n para desarrollar proyectos energ\u00e9ticos e iniciativas de regeneraci\u00f3n urbana\",\"datePublished\":\"2022-06-24T11:23:41+00:00\",\"dateModified\":\"2023-04-11T09:48:00+00:00\",\"mainEntityOfPage\":{\"@id\":\"https:\\\/\\\/www.laguiadepamplona.com\\\/actualidad\\\/el-ayuntamiento-de-pamplona-y-cener-colaboraran-para-desarrollar-proyectos-energeticos-e-iniciativas-de-regeneracion-urbana\\\/\"},\"wordCount\":591,\"commentCount\":0,\"publisher\":{\"@id\":\"https:\\\/\\\/www.laguiadepamplona.com\\\/actualidad\\\/#organization\"},\"image\":{\"@id\":\"https:\\\/\\\/www.laguiadepamplona.com\\\/actualidad\\\/el-ayuntamiento-de-pamplona-y-cener-colaboraran-para-desarrollar-proyectos-energeticos-e-iniciativas-de-regeneracion-urbana\\\/#primaryimage\"},\"thumbnailUrl\":\"https:\\\/\\\/www.laguiadepamplona.com\\\/actualidad\\\/wp-content\\\/uploads\\\/2022\\\/06\\\/cener.jpg\",\"articleSection\":[\"Ayto Pamplona\"],\"inLanguage\":\"es\",\"potentialAction\":[{\"@type\":\"CommentAction\",\"name\":\"Comment\",\"target\":[\"https:\\\/\\\/www.laguiadepamplona.com\\\/actualidad\\\/el-ayuntamiento-de-pamplona-y-cener-colaboraran-para-desarrollar-proyectos-energeticos-e-iniciativas-de-regeneracion-urbana\\\/#respond\"]}]},{\"@type\":\"WebPage\",\"@id\":\"https:\\\/\\\/www.laguiadepamplona.com\\\/actualidad\\\/el-ayuntamiento-de-pamplona-y-cener-colaboraran-para-desarrollar-proyectos-energeticos-e-iniciativas-de-regeneracion-urbana\\\/\",\"url\":\"https:\\\/\\\/www.laguiadepamplona.com\\\/actualidad\\\/el-ayuntamiento-de-pamplona-y-cener-colaboraran-para-desarrollar-proyectos-energeticos-e-iniciativas-de-regeneracion-urbana\\\/\",\"name\":\"El Ayuntamiento de Pamplona y CENER colaborar\u00e1n para desarrollar proyectos energ\u00e9ticos e iniciativas de regeneraci\u00f3n urbana\",\"isPartOf\":{\"@id\":\"https:\\\/\\\/www.laguiadepamplona.com\\\/actualidad\\\/#website\"},\"primaryImageOfPage\":{\"@id\":\"https:\\\/\\\/www.laguiadepamplona.com\\\/actualidad\\\/el-ayuntamiento-de-pamplona-y-cener-colaboraran-para-desarrollar-proyectos-energeticos-e-iniciativas-de-regeneracion-urbana\\\/#primaryimage\"},\"image\":{\"@id\":\"https:\\\/\\\/www.laguiadepamplona.com\\\/actualidad\\\/el-ayuntamiento-de-pamplona-y-cener-colaboraran-para-desarrollar-proyectos-energeticos-e-iniciativas-de-regeneracion-urbana\\\/#primaryimage\"},\"thumbnailUrl\":\"https:\\\/\\\/www.laguiadepamplona.com\\\/actualidad\\\/wp-content\\\/uploads\\\/2022\\\/06\\\/cener.jpg\",\"datePublished\":\"2022-06-24T11:23:41+00:00\",\"dateModified\":\"2023-04-11T09:48:00+00:00\",\"description\":\"El convenio suscrito hoy tendr\u00e1 una vigencia de cuatro a\u00f1os prorrogables\",\"breadcrumb\":{\"@id\":\"https:\\\/\\\/www.laguiadepamplona.com\\\/actualidad\\\/el-ayuntamiento-de-pamplona-y-cener-colaboraran-para-desarrollar-proyectos-energeticos-e-iniciativas-de-regeneracion-urbana\\\/#breadcrumb\"},\"inLanguage\":\"es\",\"potentialAction\":[{\"@type\":\"ReadAction\",\"target\":[\"https:\\\/\\\/www.laguiadepamplona.com\\\/actualidad\\\/el-ayuntamiento-de-pamplona-y-cener-colaboraran-para-desarrollar-proyectos-energeticos-e-iniciativas-de-regeneracion-urbana\\\/\"]}]},{\"@type\":\"ImageObject\",\"inLanguage\":\"es\",\"@id\":\"https:\\\/\\\/www.laguiadepamplona.com\\\/actualidad\\\/el-ayuntamiento-de-pamplona-y-cener-colaboraran-para-desarrollar-proyectos-energeticos-e-iniciativas-de-regeneracion-urbana\\\/#primaryimage\",\"url\":\"https:\\\/\\\/www.laguiadepamplona.com\\\/actualidad\\\/wp-content\\\/uploads\\\/2022\\\/06\\\/cener.jpg\",\"contentUrl\":\"https:\\\/\\\/www.laguiadepamplona.com\\\/actualidad\\\/wp-content\\\/uploads\\\/2022\\\/06\\\/cener.jpg\",\"width\":870,\"height\":423,\"caption\":\"????????????????????????????????????\"},{\"@type\":\"BreadcrumbList\",\"@id\":\"https:\\\/\\\/www.laguiadepamplona.com\\\/actualidad\\\/el-ayuntamiento-de-pamplona-y-cener-colaboraran-para-desarrollar-proyectos-energeticos-e-iniciativas-de-regeneracion-urbana\\\/#breadcrumb\",\"itemListElement\":[{\"@type\":\"ListItem\",\"position\":1,\"name\":\"Portada\",\"item\":\"https:\\\/\\\/www.laguiadepamplona.com\\\/actualidad\\\/\"},{\"@type\":\"ListItem\",\"position\":2,\"name\":\"El Ayuntamiento de Pamplona y CENER colaborar\u00e1n para desarrollar proyectos energ\u00e9ticos e iniciativas de regeneraci\u00f3n urbana\"}]},{\"@type\":\"WebSite\",\"@id\":\"https:\\\/\\\/www.laguiadepamplona.com\\\/actualidad\\\/#website\",\"url\":\"https:\\\/\\\/www.laguiadepamplona.com\\\/actualidad\\\/\",\"name\":\"La gu\u00eda de Pamplona\",\"description\":\"Noticias de Pamplona\",\"publisher\":{\"@id\":\"https:\\\/\\\/www.laguiadepamplona.com\\\/actualidad\\\/#organization\"},\"potentialAction\":[{\"@type\":\"SearchAction\",\"target\":{\"@type\":\"EntryPoint\",\"urlTemplate\":\"https:\\\/\\\/www.laguiadepamplona.com\\\/actualidad\\\/?s={search_term_string}\"},\"query-input\":{\"@type\":\"PropertyValueSpecification\",\"valueRequired\":true,\"valueName\":\"search_term_string\"}}],\"inLanguage\":\"es\"},{\"@type\":\"Organization\",\"@id\":\"https:\\\/\\\/www.laguiadepamplona.com\\\/actualidad\\\/#organization\",\"name\":\"La Gu\u00eda de Pamplona \\\/ Noticias\",\"url\":\"https:\\\/\\\/www.laguiadepamplona.com\\\/actualidad\\\/\",\"logo\":{\"@type\":\"ImageObject\",\"inLanguage\":\"es\",\"@id\":\"https:\\\/\\\/www.laguiadepamplona.com\\\/actualidad\\\/#\\\/schema\\\/logo\\\/image\\\/\",\"url\":\"https:\\\/\\\/www.laguiadepamplona.com\\\/actualidad\\\/wp-content\\\/uploads\\\/2018\\\/11\\\/logo-laguiadepamplona18-web1.png\",\"contentUrl\":\"https:\\\/\\\/www.laguiadepamplona.com\\\/actualidad\\\/wp-content\\\/uploads\\\/2018\\\/11\\\/logo-laguiadepamplona18-web1.png\",\"width\":600,\"height\":196,\"caption\":\"La Gu\u00eda de Pamplona \\\/ Noticias\"},\"image\":{\"@id\":\"https:\\\/\\\/www.laguiadepamplona.com\\\/actualidad\\\/#\\\/schema\\\/logo\\\/image\\\/\"},\"sameAs\":[\"https:\\\/\\\/www.facebook.com\\\/laguiadepamplonacom-133175176762273\\\/?ref=hl\",\"https:\\\/\\\/x.com\\\/LaGuiadPamplona\",\"https:\\\/\\\/www.instagram.com\\\/la_guia_de_pamplona\\\/\",\"https:\\\/\\\/www.youtube.com\\\/user\\\/laguiadepamplona\"]},{\"@type\":\"Person\",\"@id\":\"https:\\\/\\\/www.laguiadepamplona.com\\\/actualidad\\\/#\\\/schema\\\/person\\\/efe887376f0213d4657c93adc50b1fdb\",\"name\":\"La Gu\u00eda de Pamplona\",\"image\":{\"@type\":\"ImageObject\",\"inLanguage\":\"es\",\"@id\":\"https:\\\/\\\/secure.gravatar.com\\\/avatar\\\/b6992f131dc8d30ab0dff15446e9d346d9dbd95992de0fef795073f5ea83a81c?s=96&d=mm&r=g\",\"url\":\"https:\\\/\\\/secure.gravatar.com\\\/avatar\\\/b6992f131dc8d30ab0dff15446e9d346d9dbd95992de0fef795073f5ea83a81c?s=96&d=mm&r=g\",\"contentUrl\":\"https:\\\/\\\/secure.gravatar.com\\\/avatar\\\/b6992f131dc8d30ab0dff15446e9d346d9dbd95992de0fef795073f5ea83a81c?s=96&d=mm&r=g\",\"caption\":\"La Gu\u00eda de Pamplona\"}}]}<\/script>\n<!-- \/ Yoast SEO plugin. -->","yoast_head_json":{"title":"El Ayuntamiento de Pamplona y CENER colaborar\u00e1n para desarrollar proyectos energ\u00e9ticos e iniciativas de regeneraci\u00f3n urbana","description":"El convenio suscrito hoy tendr\u00e1 una vigencia de cuatro a\u00f1os prorrogables","robots":{"index":"index","follow":"follow","max-snippet":"max-snippet:-1","max-image-preview":"max-image-preview:large","max-video-preview":"max-video-preview:-1"},"canonical":"https:\/\/www.laguiadepamplona.com\/actualidad\/el-ayuntamiento-de-pamplona-y-cener-colaboraran-para-desarrollar-proyectos-energeticos-e-iniciativas-de-regeneracion-urbana\/","og_locale":"es_ES","og_type":"article","og_title":"El Ayuntamiento de Pamplona y CENER colaborar\u00e1n para desarrollar proyectos energ\u00e9ticos e iniciativas de regeneraci\u00f3n urbana","og_description":"El convenio suscrito hoy tendr\u00e1 una vigencia de cuatro a\u00f1os prorrogables","og_url":"https:\/\/www.laguiadepamplona.com\/actualidad\/el-ayuntamiento-de-pamplona-y-cener-colaboraran-para-desarrollar-proyectos-energeticos-e-iniciativas-de-regeneracion-urbana\/","og_site_name":"La Gu\u00eda de Pamplona","article_publisher":"https:\/\/www.facebook.com\/laguiadepamplonacom-133175176762273\/?ref=hl","article_published_time":"2022-06-24T11:23:41+00:00","article_modified_time":"2023-04-11T09:48:00+00:00","og_image":[{"width":870,"height":423,"url":"https:\/\/www.laguiadepamplona.com\/actualidad\/wp-content\/uploads\/2022\/06\/cener.jpg","type":"image\/jpeg"}],"author":"La Gu\u00eda de Pamplona","twitter_card":"summary_large_image","twitter_creator":"@LaGuiadPamplona","twitter_site":"@LaGuiadPamplona","twitter_misc":{"Escrito por":"La Gu\u00eda de Pamplona","Tiempo de lectura":"3 minutos"},"schema":{"@context":"https:\/\/schema.org","@graph":[{"@type":"Article","@id":"https:\/\/www.laguiadepamplona.com\/actualidad\/el-ayuntamiento-de-pamplona-y-cener-colaboraran-para-desarrollar-proyectos-energeticos-e-iniciativas-de-regeneracion-urbana\/#article","isPartOf":{"@id":"https:\/\/www.laguiadepamplona.com\/actualidad\/el-ayuntamiento-de-pamplona-y-cener-colaboraran-para-desarrollar-proyectos-energeticos-e-iniciativas-de-regeneracion-urbana\/"},"author":{"name":"La Gu\u00eda de Pamplona","@id":"https:\/\/www.laguiadepamplona.com\/actualidad\/#\/schema\/person\/efe887376f0213d4657c93adc50b1fdb"},"headline":"El Ayuntamiento de Pamplona y CENER colaborar\u00e1n para desarrollar proyectos energ\u00e9ticos e iniciativas de regeneraci\u00f3n urbana","datePublished":"2022-06-24T11:23:41+00:00","dateModified":"2023-04-11T09:48:00+00:00","mainEntityOfPage":{"@id":"https:\/\/www.laguiadepamplona.com\/actualidad\/el-ayuntamiento-de-pamplona-y-cener-colaboraran-para-desarrollar-proyectos-energeticos-e-iniciativas-de-regeneracion-urbana\/"},"wordCount":591,"commentCount":0,"publisher":{"@id":"https:\/\/www.laguiadepamplona.com\/actualidad\/#organization"},"image":{"@id":"https:\/\/www.laguiadepamplona.com\/actualidad\/el-ayuntamiento-de-pamplona-y-cener-colaboraran-para-desarrollar-proyectos-energeticos-e-iniciativas-de-regeneracion-urbana\/#primaryimage"},"thumbnailUrl":"https:\/\/www.laguiadepamplona.com\/actualidad\/wp-content\/uploads\/2022\/06\/cener.jpg","articleSection":["Ayto Pamplona"],"inLanguage":"es","potentialAction":[{"@type":"CommentAction","name":"Comment","target":["https:\/\/www.laguiadepamplona.com\/actualidad\/el-ayuntamiento-de-pamplona-y-cener-colaboraran-para-desarrollar-proyectos-energeticos-e-iniciativas-de-regeneracion-urbana\/#respond"]}]},{"@type":"WebPage","@id":"https:\/\/www.laguiadepamplona.com\/actualidad\/el-ayuntamiento-de-pamplona-y-cener-colaboraran-para-desarrollar-proyectos-energeticos-e-iniciativas-de-regeneracion-urbana\/","url":"https:\/\/www.laguiadepamplona.com\/actualidad\/el-ayuntamiento-de-pamplona-y-cener-colaboraran-para-desarrollar-proyectos-energeticos-e-iniciativas-de-regeneracion-urbana\/","name":"El Ayuntamiento de Pamplona y CENER colaborar\u00e1n para desarrollar proyectos energ\u00e9ticos e iniciativas de regeneraci\u00f3n urbana","isPartOf":{"@id":"https:\/\/www.laguiadepamplona.com\/actualidad\/#website"},"primaryImageOfPage":{"@id":"https:\/\/www.laguiadepamplona.com\/actualidad\/el-ayuntamiento-de-pamplona-y-cener-colaboraran-para-desarrollar-proyectos-energeticos-e-iniciativas-de-regeneracion-urbana\/#primaryimage"},"image":{"@id":"https:\/\/www.laguiadepamplona.com\/actualidad\/el-ayuntamiento-de-pamplona-y-cener-colaboraran-para-desarrollar-proyectos-energeticos-e-iniciativas-de-regeneracion-urbana\/#primaryimage"},"thumbnailUrl":"https:\/\/www.laguiadepamplona.com\/actualidad\/wp-content\/uploads\/2022\/06\/cener.jpg","datePublished":"2022-06-24T11:23:41+00:00","dateModified":"2023-04-11T09:48:00+00:00","description":"El convenio suscrito hoy tendr\u00e1 una vigencia de cuatro a\u00f1os prorrogables","breadcrumb":{"@id":"https:\/\/www.laguiadepamplona.com\/actualidad\/el-ayuntamiento-de-pamplona-y-cener-colaboraran-para-desarrollar-proyectos-energeticos-e-iniciativas-de-regeneracion-urbana\/#breadcrumb"},"inLanguage":"es","potentialAction":[{"@type":"ReadAction","target":["https:\/\/www.laguiadepamplona.com\/actualidad\/el-ayuntamiento-de-pamplona-y-cener-colaboraran-para-desarrollar-proyectos-energeticos-e-iniciativas-de-regeneracion-urbana\/"]}]},{"@type":"ImageObject","inLanguage":"es","@id":"https:\/\/www.laguiadepamplona.com\/actualidad\/el-ayuntamiento-de-pamplona-y-cener-colaboraran-para-desarrollar-proyectos-energeticos-e-iniciativas-de-regeneracion-urbana\/#primaryimage","url":"https:\/\/www.laguiadepamplona.com\/actualidad\/wp-content\/uploads\/2022\/06\/cener.jpg","contentUrl":"https:\/\/www.laguiadepamplona.com\/actualidad\/wp-content\/uploads\/2022\/06\/cener.jpg","width":870,"height":423,"caption":"????????????????????????????????????"},{"@type":"BreadcrumbList","@id":"https:\/\/www.laguiadepamplona.com\/actualidad\/el-ayuntamiento-de-pamplona-y-cener-colaboraran-para-desarrollar-proyectos-energeticos-e-iniciativas-de-regeneracion-urbana\/#breadcrumb","itemListElement":[{"@type":"ListItem","position":1,"name":"Portada","item":"https:\/\/www.laguiadepamplona.com\/actualidad\/"},{"@type":"ListItem","position":2,"name":"El Ayuntamiento de Pamplona y CENER colaborar\u00e1n para desarrollar proyectos energ\u00e9ticos e iniciativas de regeneraci\u00f3n urbana"}]},{"@type":"WebSite","@id":"https:\/\/www.laguiadepamplona.com\/actualidad\/#website","url":"https:\/\/www.laguiadepamplona.com\/actualidad\/","name":"La gu\u00eda de Pamplona","description":"Noticias de Pamplona","publisher":{"@id":"https:\/\/www.laguiadepamplona.com\/actualidad\/#organization"},"potentialAction":[{"@type":"SearchAction","target":{"@type":"EntryPoint","urlTemplate":"https:\/\/www.laguiadepamplona.com\/actualidad\/?s={search_term_string}"},"query-input":{"@type":"PropertyValueSpecification","valueRequired":true,"valueName":"search_term_string"}}],"inLanguage":"es"},{"@type":"Organization","@id":"https:\/\/www.laguiadepamplona.com\/actualidad\/#organization","name":"La Gu\u00eda de Pamplona \/ Noticias","url":"https:\/\/www.laguiadepamplona.com\/actualidad\/","logo":{"@type":"ImageObject","inLanguage":"es","@id":"https:\/\/www.laguiadepamplona.com\/actualidad\/#\/schema\/logo\/image\/","url":"https:\/\/www.laguiadepamplona.com\/actualidad\/wp-content\/uploads\/2018\/11\/logo-laguiadepamplona18-web1.png","contentUrl":"https:\/\/www.laguiadepamplona.com\/actualidad\/wp-content\/uploads\/2018\/11\/logo-laguiadepamplona18-web1.png","width":600,"height":196,"caption":"La Gu\u00eda de Pamplona \/ Noticias"},"image":{"@id":"https:\/\/www.laguiadepamplona.com\/actualidad\/#\/schema\/logo\/image\/"},"sameAs":["https:\/\/www.facebook.com\/laguiadepamplonacom-133175176762273\/?ref=hl","https:\/\/x.com\/LaGuiadPamplona","https:\/\/www.instagram.com\/la_guia_de_pamplona\/","https:\/\/www.youtube.com\/user\/laguiadepamplona"]},{"@type":"Person","@id":"https:\/\/www.laguiadepamplona.com\/actualidad\/#\/schema\/person\/efe887376f0213d4657c93adc50b1fdb","name":"La Gu\u00eda de Pamplona","image":{"@type":"ImageObject","inLanguage":"es","@id":"https:\/\/secure.gravatar.com\/avatar\/b6992f131dc8d30ab0dff15446e9d346d9dbd95992de0fef795073f5ea83a81c?s=96&d=mm&r=g","url":"https:\/\/secure.gravatar.com\/avatar\/b6992f131dc8d30ab0dff15446e9d346d9dbd95992de0fef795073f5ea83a81c?s=96&d=mm&r=g","contentUrl":"https:\/\/secure.gravatar.com\/avatar\/b6992f131dc8d30ab0dff15446e9d346d9dbd95992de0fef795073f5ea83a81c?s=96&d=mm&r=g","caption":"La Gu\u00eda de Pamplona"}}]}},"post_mailing_queue_ids":[],"_links":{"self":[{"href":"https:\/\/www.laguiadepamplona.com\/actualidad\/wp-json\/wp\/v2\/posts\/41002","targetHints":{"allow":["GET"]}}],"collection":[{"href":"https:\/\/www.laguiadepamplona.com\/actualidad\/wp-json\/wp\/v2\/posts"}],"about":[{"href":"https:\/\/www.laguiadepamplona.com\/actualidad\/wp-json\/wp\/v2\/types\/post"}],"author":[{"embeddable":true,"href":"https:\/\/www.laguiadepamplona.com\/actualidad\/wp-json\/wp\/v2\/users\/1"}],"replies":[{"embeddable":true,"href":"https:\/\/www.laguiadepamplona.com\/actualidad\/wp-json\/wp\/v2\/comments?post=41002"}],"version-history":[{"count":0,"href":"https:\/\/www.laguiadepamplona.com\/actualidad\/wp-json\/wp\/v2\/posts\/41002\/revisions"}],"wp:featuredmedia":[{"embeddable":true,"href":"https:\/\/www.laguiadepamplona.com\/actualidad\/wp-json\/wp\/v2\/media\/41003"}],"wp:attachment":[{"href":"https:\/\/www.laguiadepamplona.com\/actualidad\/wp-json\/wp\/v2\/media?parent=41002"}],"wp:term":[{"taxonomy":"category","embeddable":true,"href":"https:\/\/www.laguiadepamplona.com\/actualidad\/wp-json\/wp\/v2\/categories?post=41002"},{"taxonomy":"post_tag","embeddable":true,"href":"https:\/\/www.laguiadepamplona.com\/actualidad\/wp-json\/wp\/v2\/tags?post=41002"}],"curies":[{"name":"wp","href":"https:\/\/api.w.org\/{rel}","templated":true}]}}