{"id":41000,"date":"2022-06-24T13:21:36","date_gmt":"2022-06-24T11:21:36","guid":{"rendered":"https:\/\/www.laguiadepamplona.com\/actualidad\/?p=41000"},"modified":"2023-04-11T11:48:00","modified_gmt":"2023-04-11T09:48:00","slug":"pamplona-inicia-este-domingo-la-cuenta-atras-para-el-regreso-de-los-sanfermines-con-una-vuelta-al-mundo-a-traves-de-sus-redes-sociales","status":"publish","type":"post","link":"https:\/\/www.laguiadepamplona.com\/actualidad\/pamplona-inicia-este-domingo-la-cuenta-atras-para-el-regreso-de-los-sanfermines-con-una-vuelta-al-mundo-a-traves-de-sus-redes-sociales\/","title":{"rendered":"Pamplona inicia este domingo la cuenta atr\u00e1s para el regreso de los Sanfermines con una vuelta al mundo a trav\u00e9s de sus redes sociales"},"content":{"rendered":"<h5>En los diez \u00faltimos d\u00edas antes del Chupinazo se recordar\u00e1 desde los cinco continentes la importancia que tienen los Sanfermines en el mundo<\/h5>\n<p><!--more--><\/p>\n<p>El Ayuntamiento de Pamplona inicia este domingo a trav\u00e9s de los perfiles oficiales de los Sanfermines en redes sociales @SanferminesPamplona un viaje por los cinco continentes para realizar la cuenta atr\u00e1s para el regreso de las fiestas tras dos a\u00f1os sin haber podido celebrarlas. Ser\u00e1n diez d\u00edas en los que, desde diferentes pa\u00edses, otras tantas personas que aman las fiestas lanzar\u00e1n un mensaje desde su lugar de origen o residencia para dejar claro que las de Pamplona son unas de las fiestas m\u00e1s internacionales.<br \/>\n<script async src=\"\/\/pagead2.googlesyndication.com\/pagead\/js\/adsbygoogle.js\"><\/script><br \/>\n<!-- Noticias La Guia de Pamplona --><br \/>\n<ins class=\"adsbygoogle\"\nstyle=\"display:block\"\ndata-ad-client=\"ca-pub-6943679897239327\"\ndata-ad-slot=\"7048180777\"\ndata-ad-format=\"auto\"><\/ins><br \/>\n<script>\n(adsbygoogle = window.adsbygoogle || []).push({});\n<\/script><\/p>\n<p>Los \u2018pa\u00f1uelicos\u2019 de San Ferm\u00edn se podr\u00e1n ver durante los diez d\u00edas previos a las fiestas en rincones de todo el mundo, como Estados Unidos, M\u00e9xico, Jap\u00f3n, Australia o la India. Desde cada uno de esos lugares, personas con relaci\u00f3n con San Ferm\u00edn se encargar\u00e1n de recordar cu\u00e1ntos d\u00edas faltan para que se lance el Chupinazo desde la Casa Consistorial. El objetivo de esta iniciativa es poner en valor el reconocimiento nacional e internacional que tienen las fiestas de San Ferm\u00edn y compartir con personas de todo el mundo que \u2018Por fin, este a\u00f1o s\u00ed, los viviremos\u2019<\/p>\n<p>La idea de esta iniciativa municipal se recopila <a href=\"https:\/\/youtu.be\/2gmcIzOdrBo\" target=\"_blank\" rel=\"noopener\">en un audiovisual<\/a> que ya est\u00e1 disponible en la p\u00e1gina web municipal pamplona.es y en los perfiles de las cuentas oficiales de San Fermin @SanferminesPamplona en Instagram, Twitter y Facebook. En ellos, y tambi\u00e9n a trav\u00e9s de los diferentes perfiles en redes del Ayuntamiento de Pamplona, se ir\u00e1n mostrando cada d\u00eda hasta el 5 de julio los mensajes de los protagonistas de esta campa\u00f1a. El recorrido se inicia este domingo en la localidad de San Miguel de Allende, en M\u00e9xico, y pasar\u00e1 por Johannesburgo, Bombay, Nueva York, Tokio, Lisboa, la localidad australiana de Airlie Beach, Florencia y Chicago. La \u00faltima parada, el d\u00eda 5 de julio, a falta de horas para que se lance el Chupinazo, ser\u00e1 en la propia Plaza Consistorial de Pamplona.<br \/>\n<script async src=\"\/\/pagead2.googlesyndication.com\/pagead\/js\/adsbygoogle.js\"><\/script><br \/>\n<!-- Noticias La Guia de Pamplona --><br \/>\n<ins class=\"adsbygoogle\"\nstyle=\"display:block\"\ndata-ad-client=\"ca-pub-6943679897239327\"\ndata-ad-slot=\"7048180777\"\ndata-ad-format=\"auto\"><\/ins><br \/>\n<script>\n(adsbygoogle = window.adsbygoogle || []).push({});\n<\/script><\/p>\n<p>El Ayuntamiento de Pamplona recupera de esta manera la idea con la que el primer 6 de julio que no hubo Chupinazo debido a la pandemia del Covid-19, en el a\u00f1o 2020, cont\u00f3 desde diferentes puntos del mundo que debido a la situaci\u00f3n las fiestas ten\u00edan que esperar. Se internacionalizaba as\u00ed la promesa simb\u00f3lica de que otro a\u00f1o \u2018los vivir\u00edamos\u2019, que ya hab\u00eda calado en el p\u00fablico nacional y que en ese momento se extend\u00eda a los cinco continentes del planeta.<\/p>\n","protected":false},"excerpt":{"rendered":"<p>En los diez \u00faltimos d\u00edas antes del Chupinazo se recordar\u00e1 desde los cinco continentes la importancia que tienen los Sanfermines en el mundo<\/p>\n","protected":false},"author":1,"featured_media":40994,"comment_status":"open","ping_status":"closed","sticky":false,"template":"","format":"standard","meta":{"footnotes":""},"categories":[2,9406],"tags":[],"class_list":["post-41000","post","type-post","status-publish","format-standard","has-post-thumbnail","hentry","category-ayuntamiento-pamplona","category-san-fermin"],"yoast_head":"<!-- This site is optimized with the Yoast SEO plugin v27.5 - https:\/\/yoast.com\/product\/yoast-seo-wordpress\/ -->\n<title>Pamplona inicia este domingo la cuenta atr\u00e1s para el regreso de los Sanfermines con una vuelta al mundo a trav\u00e9s de sus redes sociales<\/title>\n<meta name=\"description\" content=\"En los diez \u00faltimos d\u00edas antes del Chupinazo se recordar\u00e1 desde los cinco continentes la importancia que tienen los Sanfermines en el mundo\" \/>\n<meta name=\"robots\" content=\"index, follow, max-snippet:-1, max-image-preview:large, max-video-preview:-1\" \/>\n<link rel=\"canonical\" href=\"https:\/\/www.laguiadepamplona.com\/actualidad\/pamplona-inicia-este-domingo-la-cuenta-atras-para-el-regreso-de-los-sanfermines-con-una-vuelta-al-mundo-a-traves-de-sus-redes-sociales\/\" \/>\n<meta property=\"og:locale\" content=\"es_ES\" \/>\n<meta property=\"og:type\" content=\"article\" \/>\n<meta property=\"og:title\" content=\"Pamplona inicia este domingo la cuenta atr\u00e1s para el regreso de los Sanfermines con una vuelta al mundo a trav\u00e9s de sus redes sociales\" \/>\n<meta property=\"og:description\" content=\"En los diez \u00faltimos d\u00edas antes del Chupinazo se recordar\u00e1 desde los cinco continentes la importancia que tienen los Sanfermines en el mundo\" \/>\n<meta property=\"og:url\" content=\"https:\/\/www.laguiadepamplona.com\/actualidad\/pamplona-inicia-este-domingo-la-cuenta-atras-para-el-regreso-de-los-sanfermines-con-una-vuelta-al-mundo-a-traves-de-sus-redes-sociales\/\" \/>\n<meta property=\"og:site_name\" content=\"La Gu\u00eda de Pamplona\" \/>\n<meta property=\"article:publisher\" content=\"https:\/\/www.facebook.com\/laguiadepamplonacom-133175176762273\/?ref=hl\" \/>\n<meta property=\"article:published_time\" content=\"2022-06-24T11:21:36+00:00\" \/>\n<meta property=\"article:modified_time\" content=\"2023-04-11T09:48:00+00:00\" \/>\n<meta property=\"og:image\" content=\"https:\/\/www.laguiadepamplona.com\/actualidad\/wp-content\/uploads\/2022\/06\/SF_encierro_estafeta.webp\" \/>\n\t<meta property=\"og:image:width\" content=\"1920\" \/>\n\t<meta property=\"og:image:height\" content=\"1280\" \/>\n\t<meta property=\"og:image:type\" content=\"image\/webp\" \/>\n<meta name=\"author\" content=\"La Gu\u00eda de Pamplona\" \/>\n<meta name=\"twitter:card\" content=\"summary_large_image\" \/>\n<meta name=\"twitter:creator\" content=\"@LaGuiadPamplona\" \/>\n<meta name=\"twitter:site\" content=\"@LaGuiadPamplona\" \/>\n<meta name=\"twitter:label1\" content=\"Escrito por\" \/>\n\t<meta name=\"twitter:data1\" content=\"La Gu\u00eda de Pamplona\" \/>\n\t<meta name=\"twitter:label2\" content=\"Tiempo de lectura\" \/>\n\t<meta name=\"twitter:data2\" content=\"2 minutos\" \/>\n<script type=\"application\/ld+json\" class=\"yoast-schema-graph\">{\"@context\":\"https:\\\/\\\/schema.org\",\"@graph\":[{\"@type\":\"Article\",\"@id\":\"https:\\\/\\\/www.laguiadepamplona.com\\\/actualidad\\\/pamplona-inicia-este-domingo-la-cuenta-atras-para-el-regreso-de-los-sanfermines-con-una-vuelta-al-mundo-a-traves-de-sus-redes-sociales\\\/#article\",\"isPartOf\":{\"@id\":\"https:\\\/\\\/www.laguiadepamplona.com\\\/actualidad\\\/pamplona-inicia-este-domingo-la-cuenta-atras-para-el-regreso-de-los-sanfermines-con-una-vuelta-al-mundo-a-traves-de-sus-redes-sociales\\\/\"},\"author\":{\"name\":\"La Gu\u00eda de Pamplona\",\"@id\":\"https:\\\/\\\/www.laguiadepamplona.com\\\/actualidad\\\/#\\\/schema\\\/person\\\/efe887376f0213d4657c93adc50b1fdb\"},\"headline\":\"Pamplona inicia este domingo la cuenta atr\u00e1s para el regreso de los Sanfermines con una vuelta al mundo a trav\u00e9s de sus redes sociales\",\"datePublished\":\"2022-06-24T11:21:36+00:00\",\"dateModified\":\"2023-04-11T09:48:00+00:00\",\"mainEntityOfPage\":{\"@id\":\"https:\\\/\\\/www.laguiadepamplona.com\\\/actualidad\\\/pamplona-inicia-este-domingo-la-cuenta-atras-para-el-regreso-de-los-sanfermines-con-una-vuelta-al-mundo-a-traves-de-sus-redes-sociales\\\/\"},\"wordCount\":479,\"commentCount\":0,\"publisher\":{\"@id\":\"https:\\\/\\\/www.laguiadepamplona.com\\\/actualidad\\\/#organization\"},\"image\":{\"@id\":\"https:\\\/\\\/www.laguiadepamplona.com\\\/actualidad\\\/pamplona-inicia-este-domingo-la-cuenta-atras-para-el-regreso-de-los-sanfermines-con-una-vuelta-al-mundo-a-traves-de-sus-redes-sociales\\\/#primaryimage\"},\"thumbnailUrl\":\"https:\\\/\\\/www.laguiadepamplona.com\\\/actualidad\\\/wp-content\\\/uploads\\\/2022\\\/06\\\/SF_encierro_estafeta.webp\",\"articleSection\":[\"Ayto Pamplona\",\"San Ferm\u00edn\"],\"inLanguage\":\"es\",\"potentialAction\":[{\"@type\":\"CommentAction\",\"name\":\"Comment\",\"target\":[\"https:\\\/\\\/www.laguiadepamplona.com\\\/actualidad\\\/pamplona-inicia-este-domingo-la-cuenta-atras-para-el-regreso-de-los-sanfermines-con-una-vuelta-al-mundo-a-traves-de-sus-redes-sociales\\\/#respond\"]}]},{\"@type\":\"WebPage\",\"@id\":\"https:\\\/\\\/www.laguiadepamplona.com\\\/actualidad\\\/pamplona-inicia-este-domingo-la-cuenta-atras-para-el-regreso-de-los-sanfermines-con-una-vuelta-al-mundo-a-traves-de-sus-redes-sociales\\\/\",\"url\":\"https:\\\/\\\/www.laguiadepamplona.com\\\/actualidad\\\/pamplona-inicia-este-domingo-la-cuenta-atras-para-el-regreso-de-los-sanfermines-con-una-vuelta-al-mundo-a-traves-de-sus-redes-sociales\\\/\",\"name\":\"Pamplona inicia este domingo la cuenta atr\u00e1s para el regreso de los Sanfermines con una vuelta al mundo a trav\u00e9s de sus redes sociales\",\"isPartOf\":{\"@id\":\"https:\\\/\\\/www.laguiadepamplona.com\\\/actualidad\\\/#website\"},\"primaryImageOfPage\":{\"@id\":\"https:\\\/\\\/www.laguiadepamplona.com\\\/actualidad\\\/pamplona-inicia-este-domingo-la-cuenta-atras-para-el-regreso-de-los-sanfermines-con-una-vuelta-al-mundo-a-traves-de-sus-redes-sociales\\\/#primaryimage\"},\"image\":{\"@id\":\"https:\\\/\\\/www.laguiadepamplona.com\\\/actualidad\\\/pamplona-inicia-este-domingo-la-cuenta-atras-para-el-regreso-de-los-sanfermines-con-una-vuelta-al-mundo-a-traves-de-sus-redes-sociales\\\/#primaryimage\"},\"thumbnailUrl\":\"https:\\\/\\\/www.laguiadepamplona.com\\\/actualidad\\\/wp-content\\\/uploads\\\/2022\\\/06\\\/SF_encierro_estafeta.webp\",\"datePublished\":\"2022-06-24T11:21:36+00:00\",\"dateModified\":\"2023-04-11T09:48:00+00:00\",\"description\":\"En los diez \u00faltimos d\u00edas antes del Chupinazo se recordar\u00e1 desde los cinco continentes la importancia que tienen los Sanfermines en el mundo\",\"breadcrumb\":{\"@id\":\"https:\\\/\\\/www.laguiadepamplona.com\\\/actualidad\\\/pamplona-inicia-este-domingo-la-cuenta-atras-para-el-regreso-de-los-sanfermines-con-una-vuelta-al-mundo-a-traves-de-sus-redes-sociales\\\/#breadcrumb\"},\"inLanguage\":\"es\",\"potentialAction\":[{\"@type\":\"ReadAction\",\"target\":[\"https:\\\/\\\/www.laguiadepamplona.com\\\/actualidad\\\/pamplona-inicia-este-domingo-la-cuenta-atras-para-el-regreso-de-los-sanfermines-con-una-vuelta-al-mundo-a-traves-de-sus-redes-sociales\\\/\"]}]},{\"@type\":\"ImageObject\",\"inLanguage\":\"es\",\"@id\":\"https:\\\/\\\/www.laguiadepamplona.com\\\/actualidad\\\/pamplona-inicia-este-domingo-la-cuenta-atras-para-el-regreso-de-los-sanfermines-con-una-vuelta-al-mundo-a-traves-de-sus-redes-sociales\\\/#primaryimage\",\"url\":\"https:\\\/\\\/www.laguiadepamplona.com\\\/actualidad\\\/wp-content\\\/uploads\\\/2022\\\/06\\\/SF_encierro_estafeta.webp\",\"contentUrl\":\"https:\\\/\\\/www.laguiadepamplona.com\\\/actualidad\\\/wp-content\\\/uploads\\\/2022\\\/06\\\/SF_encierro_estafeta.webp\",\"width\":1920,\"height\":1280},{\"@type\":\"BreadcrumbList\",\"@id\":\"https:\\\/\\\/www.laguiadepamplona.com\\\/actualidad\\\/pamplona-inicia-este-domingo-la-cuenta-atras-para-el-regreso-de-los-sanfermines-con-una-vuelta-al-mundo-a-traves-de-sus-redes-sociales\\\/#breadcrumb\",\"itemListElement\":[{\"@type\":\"ListItem\",\"position\":1,\"name\":\"Portada\",\"item\":\"https:\\\/\\\/www.laguiadepamplona.com\\\/actualidad\\\/\"},{\"@type\":\"ListItem\",\"position\":2,\"name\":\"Pamplona inicia este domingo la cuenta atr\u00e1s para el regreso de los Sanfermines con una vuelta al mundo a trav\u00e9s de sus redes sociales\"}]},{\"@type\":\"WebSite\",\"@id\":\"https:\\\/\\\/www.laguiadepamplona.com\\\/actualidad\\\/#website\",\"url\":\"https:\\\/\\\/www.laguiadepamplona.com\\\/actualidad\\\/\",\"name\":\"La gu\u00eda de Pamplona\",\"description\":\"Noticias de Pamplona\",\"publisher\":{\"@id\":\"https:\\\/\\\/www.laguiadepamplona.com\\\/actualidad\\\/#organization\"},\"potentialAction\":[{\"@type\":\"SearchAction\",\"target\":{\"@type\":\"EntryPoint\",\"urlTemplate\":\"https:\\\/\\\/www.laguiadepamplona.com\\\/actualidad\\\/?s={search_term_string}\"},\"query-input\":{\"@type\":\"PropertyValueSpecification\",\"valueRequired\":true,\"valueName\":\"search_term_string\"}}],\"inLanguage\":\"es\"},{\"@type\":\"Organization\",\"@id\":\"https:\\\/\\\/www.laguiadepamplona.com\\\/actualidad\\\/#organization\",\"name\":\"La Gu\u00eda de Pamplona \\\/ Noticias\",\"url\":\"https:\\\/\\\/www.laguiadepamplona.com\\\/actualidad\\\/\",\"logo\":{\"@type\":\"ImageObject\",\"inLanguage\":\"es\",\"@id\":\"https:\\\/\\\/www.laguiadepamplona.com\\\/actualidad\\\/#\\\/schema\\\/logo\\\/image\\\/\",\"url\":\"https:\\\/\\\/www.laguiadepamplona.com\\\/actualidad\\\/wp-content\\\/uploads\\\/2018\\\/11\\\/logo-laguiadepamplona18-web1.png\",\"contentUrl\":\"https:\\\/\\\/www.laguiadepamplona.com\\\/actualidad\\\/wp-content\\\/uploads\\\/2018\\\/11\\\/logo-laguiadepamplona18-web1.png\",\"width\":600,\"height\":196,\"caption\":\"La Gu\u00eda de Pamplona \\\/ Noticias\"},\"image\":{\"@id\":\"https:\\\/\\\/www.laguiadepamplona.com\\\/actualidad\\\/#\\\/schema\\\/logo\\\/image\\\/\"},\"sameAs\":[\"https:\\\/\\\/www.facebook.com\\\/laguiadepamplonacom-133175176762273\\\/?ref=hl\",\"https:\\\/\\\/x.com\\\/LaGuiadPamplona\",\"https:\\\/\\\/www.instagram.com\\\/la_guia_de_pamplona\\\/\",\"https:\\\/\\\/www.youtube.com\\\/user\\\/laguiadepamplona\"]},{\"@type\":\"Person\",\"@id\":\"https:\\\/\\\/www.laguiadepamplona.com\\\/actualidad\\\/#\\\/schema\\\/person\\\/efe887376f0213d4657c93adc50b1fdb\",\"name\":\"La Gu\u00eda de Pamplona\",\"image\":{\"@type\":\"ImageObject\",\"inLanguage\":\"es\",\"@id\":\"https:\\\/\\\/secure.gravatar.com\\\/avatar\\\/b6992f131dc8d30ab0dff15446e9d346d9dbd95992de0fef795073f5ea83a81c?s=96&d=mm&r=g\",\"url\":\"https:\\\/\\\/secure.gravatar.com\\\/avatar\\\/b6992f131dc8d30ab0dff15446e9d346d9dbd95992de0fef795073f5ea83a81c?s=96&d=mm&r=g\",\"contentUrl\":\"https:\\\/\\\/secure.gravatar.com\\\/avatar\\\/b6992f131dc8d30ab0dff15446e9d346d9dbd95992de0fef795073f5ea83a81c?s=96&d=mm&r=g\",\"caption\":\"La Gu\u00eda de Pamplona\"}}]}<\/script>\n<!-- \/ Yoast SEO plugin. -->","yoast_head_json":{"title":"Pamplona inicia este domingo la cuenta atr\u00e1s para el regreso de los Sanfermines con una vuelta al mundo a trav\u00e9s de sus redes sociales","description":"En los diez \u00faltimos d\u00edas antes del Chupinazo se recordar\u00e1 desde los cinco continentes la importancia que tienen los Sanfermines en el mundo","robots":{"index":"index","follow":"follow","max-snippet":"max-snippet:-1","max-image-preview":"max-image-preview:large","max-video-preview":"max-video-preview:-1"},"canonical":"https:\/\/www.laguiadepamplona.com\/actualidad\/pamplona-inicia-este-domingo-la-cuenta-atras-para-el-regreso-de-los-sanfermines-con-una-vuelta-al-mundo-a-traves-de-sus-redes-sociales\/","og_locale":"es_ES","og_type":"article","og_title":"Pamplona inicia este domingo la cuenta atr\u00e1s para el regreso de los Sanfermines con una vuelta al mundo a trav\u00e9s de sus redes sociales","og_description":"En los diez \u00faltimos d\u00edas antes del Chupinazo se recordar\u00e1 desde los cinco continentes la importancia que tienen los Sanfermines en el mundo","og_url":"https:\/\/www.laguiadepamplona.com\/actualidad\/pamplona-inicia-este-domingo-la-cuenta-atras-para-el-regreso-de-los-sanfermines-con-una-vuelta-al-mundo-a-traves-de-sus-redes-sociales\/","og_site_name":"La Gu\u00eda de Pamplona","article_publisher":"https:\/\/www.facebook.com\/laguiadepamplonacom-133175176762273\/?ref=hl","article_published_time":"2022-06-24T11:21:36+00:00","article_modified_time":"2023-04-11T09:48:00+00:00","og_image":[{"width":1920,"height":1280,"url":"https:\/\/www.laguiadepamplona.com\/actualidad\/wp-content\/uploads\/2022\/06\/SF_encierro_estafeta.webp","type":"image\/webp"}],"author":"La Gu\u00eda de Pamplona","twitter_card":"summary_large_image","twitter_creator":"@LaGuiadPamplona","twitter_site":"@LaGuiadPamplona","twitter_misc":{"Escrito por":"La Gu\u00eda de Pamplona","Tiempo de lectura":"2 minutos"},"schema":{"@context":"https:\/\/schema.org","@graph":[{"@type":"Article","@id":"https:\/\/www.laguiadepamplona.com\/actualidad\/pamplona-inicia-este-domingo-la-cuenta-atras-para-el-regreso-de-los-sanfermines-con-una-vuelta-al-mundo-a-traves-de-sus-redes-sociales\/#article","isPartOf":{"@id":"https:\/\/www.laguiadepamplona.com\/actualidad\/pamplona-inicia-este-domingo-la-cuenta-atras-para-el-regreso-de-los-sanfermines-con-una-vuelta-al-mundo-a-traves-de-sus-redes-sociales\/"},"author":{"name":"La Gu\u00eda de Pamplona","@id":"https:\/\/www.laguiadepamplona.com\/actualidad\/#\/schema\/person\/efe887376f0213d4657c93adc50b1fdb"},"headline":"Pamplona inicia este domingo la cuenta atr\u00e1s para el regreso de los Sanfermines con una vuelta al mundo a trav\u00e9s de sus redes sociales","datePublished":"2022-06-24T11:21:36+00:00","dateModified":"2023-04-11T09:48:00+00:00","mainEntityOfPage":{"@id":"https:\/\/www.laguiadepamplona.com\/actualidad\/pamplona-inicia-este-domingo-la-cuenta-atras-para-el-regreso-de-los-sanfermines-con-una-vuelta-al-mundo-a-traves-de-sus-redes-sociales\/"},"wordCount":479,"commentCount":0,"publisher":{"@id":"https:\/\/www.laguiadepamplona.com\/actualidad\/#organization"},"image":{"@id":"https:\/\/www.laguiadepamplona.com\/actualidad\/pamplona-inicia-este-domingo-la-cuenta-atras-para-el-regreso-de-los-sanfermines-con-una-vuelta-al-mundo-a-traves-de-sus-redes-sociales\/#primaryimage"},"thumbnailUrl":"https:\/\/www.laguiadepamplona.com\/actualidad\/wp-content\/uploads\/2022\/06\/SF_encierro_estafeta.webp","articleSection":["Ayto Pamplona","San Ferm\u00edn"],"inLanguage":"es","potentialAction":[{"@type":"CommentAction","name":"Comment","target":["https:\/\/www.laguiadepamplona.com\/actualidad\/pamplona-inicia-este-domingo-la-cuenta-atras-para-el-regreso-de-los-sanfermines-con-una-vuelta-al-mundo-a-traves-de-sus-redes-sociales\/#respond"]}]},{"@type":"WebPage","@id":"https:\/\/www.laguiadepamplona.com\/actualidad\/pamplona-inicia-este-domingo-la-cuenta-atras-para-el-regreso-de-los-sanfermines-con-una-vuelta-al-mundo-a-traves-de-sus-redes-sociales\/","url":"https:\/\/www.laguiadepamplona.com\/actualidad\/pamplona-inicia-este-domingo-la-cuenta-atras-para-el-regreso-de-los-sanfermines-con-una-vuelta-al-mundo-a-traves-de-sus-redes-sociales\/","name":"Pamplona inicia este domingo la cuenta atr\u00e1s para el regreso de los Sanfermines con una vuelta al mundo a trav\u00e9s de sus redes sociales","isPartOf":{"@id":"https:\/\/www.laguiadepamplona.com\/actualidad\/#website"},"primaryImageOfPage":{"@id":"https:\/\/www.laguiadepamplona.com\/actualidad\/pamplona-inicia-este-domingo-la-cuenta-atras-para-el-regreso-de-los-sanfermines-con-una-vuelta-al-mundo-a-traves-de-sus-redes-sociales\/#primaryimage"},"image":{"@id":"https:\/\/www.laguiadepamplona.com\/actualidad\/pamplona-inicia-este-domingo-la-cuenta-atras-para-el-regreso-de-los-sanfermines-con-una-vuelta-al-mundo-a-traves-de-sus-redes-sociales\/#primaryimage"},"thumbnailUrl":"https:\/\/www.laguiadepamplona.com\/actualidad\/wp-content\/uploads\/2022\/06\/SF_encierro_estafeta.webp","datePublished":"2022-06-24T11:21:36+00:00","dateModified":"2023-04-11T09:48:00+00:00","description":"En los diez \u00faltimos d\u00edas antes del Chupinazo se recordar\u00e1 desde los cinco continentes la importancia que tienen los Sanfermines en el mundo","breadcrumb":{"@id":"https:\/\/www.laguiadepamplona.com\/actualidad\/pamplona-inicia-este-domingo-la-cuenta-atras-para-el-regreso-de-los-sanfermines-con-una-vuelta-al-mundo-a-traves-de-sus-redes-sociales\/#breadcrumb"},"inLanguage":"es","potentialAction":[{"@type":"ReadAction","target":["https:\/\/www.laguiadepamplona.com\/actualidad\/pamplona-inicia-este-domingo-la-cuenta-atras-para-el-regreso-de-los-sanfermines-con-una-vuelta-al-mundo-a-traves-de-sus-redes-sociales\/"]}]},{"@type":"ImageObject","inLanguage":"es","@id":"https:\/\/www.laguiadepamplona.com\/actualidad\/pamplona-inicia-este-domingo-la-cuenta-atras-para-el-regreso-de-los-sanfermines-con-una-vuelta-al-mundo-a-traves-de-sus-redes-sociales\/#primaryimage","url":"https:\/\/www.laguiadepamplona.com\/actualidad\/wp-content\/uploads\/2022\/06\/SF_encierro_estafeta.webp","contentUrl":"https:\/\/www.laguiadepamplona.com\/actualidad\/wp-content\/uploads\/2022\/06\/SF_encierro_estafeta.webp","width":1920,"height":1280},{"@type":"BreadcrumbList","@id":"https:\/\/www.laguiadepamplona.com\/actualidad\/pamplona-inicia-este-domingo-la-cuenta-atras-para-el-regreso-de-los-sanfermines-con-una-vuelta-al-mundo-a-traves-de-sus-redes-sociales\/#breadcrumb","itemListElement":[{"@type":"ListItem","position":1,"name":"Portada","item":"https:\/\/www.laguiadepamplona.com\/actualidad\/"},{"@type":"ListItem","position":2,"name":"Pamplona inicia este domingo la cuenta atr\u00e1s para el regreso de los Sanfermines con una vuelta al mundo a trav\u00e9s de sus redes sociales"}]},{"@type":"WebSite","@id":"https:\/\/www.laguiadepamplona.com\/actualidad\/#website","url":"https:\/\/www.laguiadepamplona.com\/actualidad\/","name":"La gu\u00eda de Pamplona","description":"Noticias de Pamplona","publisher":{"@id":"https:\/\/www.laguiadepamplona.com\/actualidad\/#organization"},"potentialAction":[{"@type":"SearchAction","target":{"@type":"EntryPoint","urlTemplate":"https:\/\/www.laguiadepamplona.com\/actualidad\/?s={search_term_string}"},"query-input":{"@type":"PropertyValueSpecification","valueRequired":true,"valueName":"search_term_string"}}],"inLanguage":"es"},{"@type":"Organization","@id":"https:\/\/www.laguiadepamplona.com\/actualidad\/#organization","name":"La Gu\u00eda de Pamplona \/ Noticias","url":"https:\/\/www.laguiadepamplona.com\/actualidad\/","logo":{"@type":"ImageObject","inLanguage":"es","@id":"https:\/\/www.laguiadepamplona.com\/actualidad\/#\/schema\/logo\/image\/","url":"https:\/\/www.laguiadepamplona.com\/actualidad\/wp-content\/uploads\/2018\/11\/logo-laguiadepamplona18-web1.png","contentUrl":"https:\/\/www.laguiadepamplona.com\/actualidad\/wp-content\/uploads\/2018\/11\/logo-laguiadepamplona18-web1.png","width":600,"height":196,"caption":"La Gu\u00eda de Pamplona \/ Noticias"},"image":{"@id":"https:\/\/www.laguiadepamplona.com\/actualidad\/#\/schema\/logo\/image\/"},"sameAs":["https:\/\/www.facebook.com\/laguiadepamplonacom-133175176762273\/?ref=hl","https:\/\/x.com\/LaGuiadPamplona","https:\/\/www.instagram.com\/la_guia_de_pamplona\/","https:\/\/www.youtube.com\/user\/laguiadepamplona"]},{"@type":"Person","@id":"https:\/\/www.laguiadepamplona.com\/actualidad\/#\/schema\/person\/efe887376f0213d4657c93adc50b1fdb","name":"La Gu\u00eda de Pamplona","image":{"@type":"ImageObject","inLanguage":"es","@id":"https:\/\/secure.gravatar.com\/avatar\/b6992f131dc8d30ab0dff15446e9d346d9dbd95992de0fef795073f5ea83a81c?s=96&d=mm&r=g","url":"https:\/\/secure.gravatar.com\/avatar\/b6992f131dc8d30ab0dff15446e9d346d9dbd95992de0fef795073f5ea83a81c?s=96&d=mm&r=g","contentUrl":"https:\/\/secure.gravatar.com\/avatar\/b6992f131dc8d30ab0dff15446e9d346d9dbd95992de0fef795073f5ea83a81c?s=96&d=mm&r=g","caption":"La Gu\u00eda de Pamplona"}}]}},"post_mailing_queue_ids":[],"_links":{"self":[{"href":"https:\/\/www.laguiadepamplona.com\/actualidad\/wp-json\/wp\/v2\/posts\/41000","targetHints":{"allow":["GET"]}}],"collection":[{"href":"https:\/\/www.laguiadepamplona.com\/actualidad\/wp-json\/wp\/v2\/posts"}],"about":[{"href":"https:\/\/www.laguiadepamplona.com\/actualidad\/wp-json\/wp\/v2\/types\/post"}],"author":[{"embeddable":true,"href":"https:\/\/www.laguiadepamplona.com\/actualidad\/wp-json\/wp\/v2\/users\/1"}],"replies":[{"embeddable":true,"href":"https:\/\/www.laguiadepamplona.com\/actualidad\/wp-json\/wp\/v2\/comments?post=41000"}],"version-history":[{"count":0,"href":"https:\/\/www.laguiadepamplona.com\/actualidad\/wp-json\/wp\/v2\/posts\/41000\/revisions"}],"wp:featuredmedia":[{"embeddable":true,"href":"https:\/\/www.laguiadepamplona.com\/actualidad\/wp-json\/wp\/v2\/media\/40994"}],"wp:attachment":[{"href":"https:\/\/www.laguiadepamplona.com\/actualidad\/wp-json\/wp\/v2\/media?parent=41000"}],"wp:term":[{"taxonomy":"category","embeddable":true,"href":"https:\/\/www.laguiadepamplona.com\/actualidad\/wp-json\/wp\/v2\/categories?post=41000"},{"taxonomy":"post_tag","embeddable":true,"href":"https:\/\/www.laguiadepamplona.com\/actualidad\/wp-json\/wp\/v2\/tags?post=41000"}],"curies":[{"name":"wp","href":"https:\/\/api.w.org\/{rel}","templated":true}]}}