{"id":40996,"date":"2022-06-23T13:36:39","date_gmt":"2022-06-23T11:36:39","guid":{"rendered":"https:\/\/www.laguiadepamplona.com\/actualidad\/?p=40996"},"modified":"2023-04-11T11:48:00","modified_gmt":"2023-04-11T09:48:00","slug":"el-parque-del-orfeon-pamplones-ya-dispone-de-un-aseo-autolimpiable","status":"publish","type":"post","link":"https:\/\/www.laguiadepamplona.com\/actualidad\/el-parque-del-orfeon-pamplones-ya-dispone-de-un-aseo-autolimpiable\/","title":{"rendered":"El parque del Orfe\u00f3n Pamplon\u00e9s ya dispone de un aseo autolimpiable"},"content":{"rendered":"<h5>El Ayuntamiento ha invertido casi 80.000 euros en la adquisici\u00f3n del sanitario y la obra civil necesaria para su instalaci\u00f3n<\/h5>\n<p><!--more--><\/p>\n<p>Esta semana ha entrado en funcionamiento el aseo autolimpiable instalado por el Ayuntamiento de Pamplona en el parque del Orfe\u00f3n Pamplon\u00e9s. El sanitario, accesible para personas con discapacidad, se encuentra ubicado frente a la intersecci\u00f3n de las calles Pablo Anto\u00f1ana y Antonio Conejo Salguero. El Consistorio ha invertido la cantidad de 46.233 euros el aseo, adem\u00e1s de otros 33.054 euros en la obra civil necesaria para su instalaci\u00f3n y la conexi\u00f3n a las redes de abastecimiento.<br \/>\n<script async src=\"\/\/pagead2.googlesyndication.com\/pagead\/js\/adsbygoogle.js\"><\/script><br \/>\n<!-- Noticias La Guia de Pamplona --><br \/>\n<ins class=\"adsbygoogle\"\nstyle=\"display:block\"\ndata-ad-client=\"ca-pub-6943679897239327\"\ndata-ad-slot=\"7048180777\"\ndata-ad-format=\"auto\"><\/ins><br \/>\n<script>\n(adsbygoogle = window.adsbygoogle || []).push({});\n<\/script><\/p>\n<p>El aseo autolimpiable instalado en el parque del Orfe\u00f3n Pamplon\u00e9s es un m\u00f3dulo que cuenta con una cabina aseo, urinarios exteriores y una zona t\u00e9cnica del control de funcionamiento. Est\u00e1 fabricado en hormig\u00f3n armado y el revestimiento exterior es de material de f\u00e1cil limpieza, resistente a abrasiones. La puerta de entrada cuenta con cierre autom\u00e1tico mediante electroim\u00e1n tras la detecci\u00f3n de presencia, indic\u00e1ndose exteriormente si est\u00e1 libre u ocupado.<\/p>\n<p>El inodoro, de acero inoxidable, dispone de un sistema de limpieza, desinfecci\u00f3n y secado autom\u00e1ticos tras cada utilizaci\u00f3n. El lavado de toda la cabina se realiza con agua a presi\u00f3n provista de desinfectante y desodorante. Los urinarios exteriores cuentan con dos plazas tambi\u00e9n autolimpiables, con separador vertical entre ellas. Est\u00e1n encastrados en la estructura del aseo autolimpiable, de manera que las paredes y cubierta del mismo protegen la perspectiva desde los edificios colindantes.<br \/>\n<script async src=\"\/\/pagead2.googlesyndication.com\/pagead\/js\/adsbygoogle.js\"><\/script><br \/>\n<!-- Noticias La Guia de Pamplona --><br \/>\n<ins class=\"adsbygoogle\"\nstyle=\"display:block\"\ndata-ad-client=\"ca-pub-6943679897239327\"\ndata-ad-slot=\"7048180777\"\ndata-ad-format=\"auto\"><\/ins><br \/>\n<script>\n(adsbygoogle = window.adsbygoogle || []).push({});\n<\/script><\/p>\n<p>Esta infraestructura sanitaria recibi\u00f3 el visto bueno a finales del a\u00f1o pasado, cuando la Junta de Gobierno Local autoriz\u00f3 la adquisici\u00f3n de este sanitario, junto con otro que se ubica en el barrio de Etxabakoitz, pr\u00f3ximo al colegio p\u00fablico Nicasio Landa y el parque infantil. De esta forma se atiende a todas las personas que pasean en ambas zonas, en las que no hab\u00eda aseos p\u00fablicos cercanos.<\/p>\n","protected":false},"excerpt":{"rendered":"<p>El Ayuntamiento ha invertido casi 80.000 euros en la adquisici\u00f3n del sanitario y la obra civil necesaria para su instalaci\u00f3n<\/p>\n","protected":false},"author":1,"featured_media":36371,"comment_status":"open","ping_status":"closed","sticky":false,"template":"","format":"standard","meta":{"footnotes":""},"categories":[2],"tags":[],"class_list":["post-40996","post","type-post","status-publish","format-standard","has-post-thumbnail","hentry","category-ayuntamiento-pamplona"],"yoast_head":"<!-- This site is optimized with the Yoast SEO plugin v27.3 - https:\/\/yoast.com\/product\/yoast-seo-wordpress\/ -->\n<title>El parque del Orfe\u00f3n Pamplon\u00e9s ya dispone de un aseo autolimpiable<\/title>\n<meta name=\"description\" content=\"El Ayuntamiento ha invertido casi 80.000 euros en la adquisici\u00f3n del sanitario y la obra civil necesaria para su instalaci\u00f3n. aseo\" \/>\n<meta name=\"robots\" content=\"index, follow, max-snippet:-1, max-image-preview:large, max-video-preview:-1\" \/>\n<link rel=\"canonical\" href=\"https:\/\/www.laguiadepamplona.com\/actualidad\/el-parque-del-orfeon-pamplones-ya-dispone-de-un-aseo-autolimpiable\/\" \/>\n<meta property=\"og:locale\" content=\"es_ES\" \/>\n<meta property=\"og:type\" content=\"article\" \/>\n<meta property=\"og:title\" content=\"El parque del Orfe\u00f3n Pamplon\u00e9s ya dispone de un aseo autolimpiable\" \/>\n<meta property=\"og:description\" content=\"El Ayuntamiento ha invertido casi 80.000 euros en la adquisici\u00f3n del sanitario y la obra civil necesaria para su instalaci\u00f3n. aseo\" \/>\n<meta property=\"og:url\" content=\"https:\/\/www.laguiadepamplona.com\/actualidad\/el-parque-del-orfeon-pamplones-ya-dispone-de-un-aseo-autolimpiable\/\" \/>\n<meta property=\"og:site_name\" content=\"La Gu\u00eda de Pamplona\" \/>\n<meta property=\"article:publisher\" content=\"https:\/\/www.facebook.com\/laguiadepamplonacom-133175176762273\/?ref=hl\" \/>\n<meta property=\"article:published_time\" content=\"2022-06-23T11:36:39+00:00\" \/>\n<meta property=\"article:modified_time\" content=\"2023-04-11T09:48:00+00:00\" \/>\n<meta property=\"og:image\" content=\"https:\/\/www.laguiadepamplona.com\/actualidad\/wp-content\/uploads\/2021\/09\/banos-publicos-aseos-autolimpiables_0.jpg\" \/>\n\t<meta property=\"og:image:width\" content=\"1514\" \/>\n\t<meta property=\"og:image:height\" content=\"1136\" \/>\n\t<meta property=\"og:image:type\" content=\"image\/jpeg\" \/>\n<meta name=\"author\" content=\"La Gu\u00eda de Pamplona\" \/>\n<meta name=\"twitter:card\" content=\"summary_large_image\" \/>\n<meta name=\"twitter:creator\" content=\"@LaGuiadPamplona\" \/>\n<meta name=\"twitter:site\" content=\"@LaGuiadPamplona\" \/>\n<meta name=\"twitter:label1\" content=\"Escrito por\" \/>\n\t<meta name=\"twitter:data1\" content=\"La Gu\u00eda de Pamplona\" \/>\n\t<meta name=\"twitter:label2\" content=\"Tiempo de lectura\" \/>\n\t<meta name=\"twitter:data2\" content=\"2 minutos\" \/>\n<script type=\"application\/ld+json\" class=\"yoast-schema-graph\">{\"@context\":\"https:\\\/\\\/schema.org\",\"@graph\":[{\"@type\":\"Article\",\"@id\":\"https:\\\/\\\/www.laguiadepamplona.com\\\/actualidad\\\/el-parque-del-orfeon-pamplones-ya-dispone-de-un-aseo-autolimpiable\\\/#article\",\"isPartOf\":{\"@id\":\"https:\\\/\\\/www.laguiadepamplona.com\\\/actualidad\\\/el-parque-del-orfeon-pamplones-ya-dispone-de-un-aseo-autolimpiable\\\/\"},\"author\":{\"name\":\"La Gu\u00eda de Pamplona\",\"@id\":\"https:\\\/\\\/www.laguiadepamplona.com\\\/actualidad\\\/#\\\/schema\\\/person\\\/efe887376f0213d4657c93adc50b1fdb\"},\"headline\":\"El parque del Orfe\u00f3n Pamplon\u00e9s ya dispone de un aseo autolimpiable\",\"datePublished\":\"2022-06-23T11:36:39+00:00\",\"dateModified\":\"2023-04-11T09:48:00+00:00\",\"mainEntityOfPage\":{\"@id\":\"https:\\\/\\\/www.laguiadepamplona.com\\\/actualidad\\\/el-parque-del-orfeon-pamplones-ya-dispone-de-un-aseo-autolimpiable\\\/\"},\"wordCount\":346,\"commentCount\":0,\"publisher\":{\"@id\":\"https:\\\/\\\/www.laguiadepamplona.com\\\/actualidad\\\/#organization\"},\"image\":{\"@id\":\"https:\\\/\\\/www.laguiadepamplona.com\\\/actualidad\\\/el-parque-del-orfeon-pamplones-ya-dispone-de-un-aseo-autolimpiable\\\/#primaryimage\"},\"thumbnailUrl\":\"https:\\\/\\\/www.laguiadepamplona.com\\\/actualidad\\\/wp-content\\\/uploads\\\/2021\\\/09\\\/banos-publicos-aseos-autolimpiables_0.jpg\",\"articleSection\":[\"Ayto Pamplona\"],\"inLanguage\":\"es\",\"potentialAction\":[{\"@type\":\"CommentAction\",\"name\":\"Comment\",\"target\":[\"https:\\\/\\\/www.laguiadepamplona.com\\\/actualidad\\\/el-parque-del-orfeon-pamplones-ya-dispone-de-un-aseo-autolimpiable\\\/#respond\"]}]},{\"@type\":\"WebPage\",\"@id\":\"https:\\\/\\\/www.laguiadepamplona.com\\\/actualidad\\\/el-parque-del-orfeon-pamplones-ya-dispone-de-un-aseo-autolimpiable\\\/\",\"url\":\"https:\\\/\\\/www.laguiadepamplona.com\\\/actualidad\\\/el-parque-del-orfeon-pamplones-ya-dispone-de-un-aseo-autolimpiable\\\/\",\"name\":\"El parque del Orfe\u00f3n Pamplon\u00e9s ya dispone de un aseo autolimpiable\",\"isPartOf\":{\"@id\":\"https:\\\/\\\/www.laguiadepamplona.com\\\/actualidad\\\/#website\"},\"primaryImageOfPage\":{\"@id\":\"https:\\\/\\\/www.laguiadepamplona.com\\\/actualidad\\\/el-parque-del-orfeon-pamplones-ya-dispone-de-un-aseo-autolimpiable\\\/#primaryimage\"},\"image\":{\"@id\":\"https:\\\/\\\/www.laguiadepamplona.com\\\/actualidad\\\/el-parque-del-orfeon-pamplones-ya-dispone-de-un-aseo-autolimpiable\\\/#primaryimage\"},\"thumbnailUrl\":\"https:\\\/\\\/www.laguiadepamplona.com\\\/actualidad\\\/wp-content\\\/uploads\\\/2021\\\/09\\\/banos-publicos-aseos-autolimpiables_0.jpg\",\"datePublished\":\"2022-06-23T11:36:39+00:00\",\"dateModified\":\"2023-04-11T09:48:00+00:00\",\"description\":\"El Ayuntamiento ha invertido casi 80.000 euros en la adquisici\u00f3n del sanitario y la obra civil necesaria para su instalaci\u00f3n. aseo\",\"breadcrumb\":{\"@id\":\"https:\\\/\\\/www.laguiadepamplona.com\\\/actualidad\\\/el-parque-del-orfeon-pamplones-ya-dispone-de-un-aseo-autolimpiable\\\/#breadcrumb\"},\"inLanguage\":\"es\",\"potentialAction\":[{\"@type\":\"ReadAction\",\"target\":[\"https:\\\/\\\/www.laguiadepamplona.com\\\/actualidad\\\/el-parque-del-orfeon-pamplones-ya-dispone-de-un-aseo-autolimpiable\\\/\"]}]},{\"@type\":\"ImageObject\",\"inLanguage\":\"es\",\"@id\":\"https:\\\/\\\/www.laguiadepamplona.com\\\/actualidad\\\/el-parque-del-orfeon-pamplones-ya-dispone-de-un-aseo-autolimpiable\\\/#primaryimage\",\"url\":\"https:\\\/\\\/www.laguiadepamplona.com\\\/actualidad\\\/wp-content\\\/uploads\\\/2021\\\/09\\\/banos-publicos-aseos-autolimpiables_0.jpg\",\"contentUrl\":\"https:\\\/\\\/www.laguiadepamplona.com\\\/actualidad\\\/wp-content\\\/uploads\\\/2021\\\/09\\\/banos-publicos-aseos-autolimpiables_0.jpg\",\"width\":1514,\"height\":1136,\"caption\":\"aseos autolimpiables\"},{\"@type\":\"BreadcrumbList\",\"@id\":\"https:\\\/\\\/www.laguiadepamplona.com\\\/actualidad\\\/el-parque-del-orfeon-pamplones-ya-dispone-de-un-aseo-autolimpiable\\\/#breadcrumb\",\"itemListElement\":[{\"@type\":\"ListItem\",\"position\":1,\"name\":\"Portada\",\"item\":\"https:\\\/\\\/www.laguiadepamplona.com\\\/actualidad\\\/\"},{\"@type\":\"ListItem\",\"position\":2,\"name\":\"El parque del Orfe\u00f3n Pamplon\u00e9s ya dispone de un aseo autolimpiable\"}]},{\"@type\":\"WebSite\",\"@id\":\"https:\\\/\\\/www.laguiadepamplona.com\\\/actualidad\\\/#website\",\"url\":\"https:\\\/\\\/www.laguiadepamplona.com\\\/actualidad\\\/\",\"name\":\"La gu\u00eda de Pamplona\",\"description\":\"Noticias de Pamplona\",\"publisher\":{\"@id\":\"https:\\\/\\\/www.laguiadepamplona.com\\\/actualidad\\\/#organization\"},\"potentialAction\":[{\"@type\":\"SearchAction\",\"target\":{\"@type\":\"EntryPoint\",\"urlTemplate\":\"https:\\\/\\\/www.laguiadepamplona.com\\\/actualidad\\\/?s={search_term_string}\"},\"query-input\":{\"@type\":\"PropertyValueSpecification\",\"valueRequired\":true,\"valueName\":\"search_term_string\"}}],\"inLanguage\":\"es\"},{\"@type\":\"Organization\",\"@id\":\"https:\\\/\\\/www.laguiadepamplona.com\\\/actualidad\\\/#organization\",\"name\":\"La Gu\u00eda de Pamplona \\\/ Noticias\",\"url\":\"https:\\\/\\\/www.laguiadepamplona.com\\\/actualidad\\\/\",\"logo\":{\"@type\":\"ImageObject\",\"inLanguage\":\"es\",\"@id\":\"https:\\\/\\\/www.laguiadepamplona.com\\\/actualidad\\\/#\\\/schema\\\/logo\\\/image\\\/\",\"url\":\"https:\\\/\\\/www.laguiadepamplona.com\\\/actualidad\\\/wp-content\\\/uploads\\\/2018\\\/11\\\/logo-laguiadepamplona18-web1.png\",\"contentUrl\":\"https:\\\/\\\/www.laguiadepamplona.com\\\/actualidad\\\/wp-content\\\/uploads\\\/2018\\\/11\\\/logo-laguiadepamplona18-web1.png\",\"width\":600,\"height\":196,\"caption\":\"La Gu\u00eda de Pamplona \\\/ Noticias\"},\"image\":{\"@id\":\"https:\\\/\\\/www.laguiadepamplona.com\\\/actualidad\\\/#\\\/schema\\\/logo\\\/image\\\/\"},\"sameAs\":[\"https:\\\/\\\/www.facebook.com\\\/laguiadepamplonacom-133175176762273\\\/?ref=hl\",\"https:\\\/\\\/x.com\\\/LaGuiadPamplona\",\"https:\\\/\\\/www.instagram.com\\\/la_guia_de_pamplona\\\/\",\"https:\\\/\\\/www.youtube.com\\\/user\\\/laguiadepamplona\"]},{\"@type\":\"Person\",\"@id\":\"https:\\\/\\\/www.laguiadepamplona.com\\\/actualidad\\\/#\\\/schema\\\/person\\\/efe887376f0213d4657c93adc50b1fdb\",\"name\":\"La Gu\u00eda de Pamplona\",\"image\":{\"@type\":\"ImageObject\",\"inLanguage\":\"es\",\"@id\":\"https:\\\/\\\/secure.gravatar.com\\\/avatar\\\/b6992f131dc8d30ab0dff15446e9d346d9dbd95992de0fef795073f5ea83a81c?s=96&d=mm&r=g\",\"url\":\"https:\\\/\\\/secure.gravatar.com\\\/avatar\\\/b6992f131dc8d30ab0dff15446e9d346d9dbd95992de0fef795073f5ea83a81c?s=96&d=mm&r=g\",\"contentUrl\":\"https:\\\/\\\/secure.gravatar.com\\\/avatar\\\/b6992f131dc8d30ab0dff15446e9d346d9dbd95992de0fef795073f5ea83a81c?s=96&d=mm&r=g\",\"caption\":\"La Gu\u00eda de Pamplona\"}}]}<\/script>\n<!-- \/ Yoast SEO plugin. -->","yoast_head_json":{"title":"El parque del Orfe\u00f3n Pamplon\u00e9s ya dispone de un aseo autolimpiable","description":"El Ayuntamiento ha invertido casi 80.000 euros en la adquisici\u00f3n del sanitario y la obra civil necesaria para su instalaci\u00f3n. aseo","robots":{"index":"index","follow":"follow","max-snippet":"max-snippet:-1","max-image-preview":"max-image-preview:large","max-video-preview":"max-video-preview:-1"},"canonical":"https:\/\/www.laguiadepamplona.com\/actualidad\/el-parque-del-orfeon-pamplones-ya-dispone-de-un-aseo-autolimpiable\/","og_locale":"es_ES","og_type":"article","og_title":"El parque del Orfe\u00f3n Pamplon\u00e9s ya dispone de un aseo autolimpiable","og_description":"El Ayuntamiento ha invertido casi 80.000 euros en la adquisici\u00f3n del sanitario y la obra civil necesaria para su instalaci\u00f3n. aseo","og_url":"https:\/\/www.laguiadepamplona.com\/actualidad\/el-parque-del-orfeon-pamplones-ya-dispone-de-un-aseo-autolimpiable\/","og_site_name":"La Gu\u00eda de Pamplona","article_publisher":"https:\/\/www.facebook.com\/laguiadepamplonacom-133175176762273\/?ref=hl","article_published_time":"2022-06-23T11:36:39+00:00","article_modified_time":"2023-04-11T09:48:00+00:00","og_image":[{"width":1514,"height":1136,"url":"https:\/\/www.laguiadepamplona.com\/actualidad\/wp-content\/uploads\/2021\/09\/banos-publicos-aseos-autolimpiables_0.jpg","type":"image\/jpeg"}],"author":"La Gu\u00eda de Pamplona","twitter_card":"summary_large_image","twitter_creator":"@LaGuiadPamplona","twitter_site":"@LaGuiadPamplona","twitter_misc":{"Escrito por":"La Gu\u00eda de Pamplona","Tiempo de lectura":"2 minutos"},"schema":{"@context":"https:\/\/schema.org","@graph":[{"@type":"Article","@id":"https:\/\/www.laguiadepamplona.com\/actualidad\/el-parque-del-orfeon-pamplones-ya-dispone-de-un-aseo-autolimpiable\/#article","isPartOf":{"@id":"https:\/\/www.laguiadepamplona.com\/actualidad\/el-parque-del-orfeon-pamplones-ya-dispone-de-un-aseo-autolimpiable\/"},"author":{"name":"La Gu\u00eda de Pamplona","@id":"https:\/\/www.laguiadepamplona.com\/actualidad\/#\/schema\/person\/efe887376f0213d4657c93adc50b1fdb"},"headline":"El parque del Orfe\u00f3n Pamplon\u00e9s ya dispone de un aseo autolimpiable","datePublished":"2022-06-23T11:36:39+00:00","dateModified":"2023-04-11T09:48:00+00:00","mainEntityOfPage":{"@id":"https:\/\/www.laguiadepamplona.com\/actualidad\/el-parque-del-orfeon-pamplones-ya-dispone-de-un-aseo-autolimpiable\/"},"wordCount":346,"commentCount":0,"publisher":{"@id":"https:\/\/www.laguiadepamplona.com\/actualidad\/#organization"},"image":{"@id":"https:\/\/www.laguiadepamplona.com\/actualidad\/el-parque-del-orfeon-pamplones-ya-dispone-de-un-aseo-autolimpiable\/#primaryimage"},"thumbnailUrl":"https:\/\/www.laguiadepamplona.com\/actualidad\/wp-content\/uploads\/2021\/09\/banos-publicos-aseos-autolimpiables_0.jpg","articleSection":["Ayto Pamplona"],"inLanguage":"es","potentialAction":[{"@type":"CommentAction","name":"Comment","target":["https:\/\/www.laguiadepamplona.com\/actualidad\/el-parque-del-orfeon-pamplones-ya-dispone-de-un-aseo-autolimpiable\/#respond"]}]},{"@type":"WebPage","@id":"https:\/\/www.laguiadepamplona.com\/actualidad\/el-parque-del-orfeon-pamplones-ya-dispone-de-un-aseo-autolimpiable\/","url":"https:\/\/www.laguiadepamplona.com\/actualidad\/el-parque-del-orfeon-pamplones-ya-dispone-de-un-aseo-autolimpiable\/","name":"El parque del Orfe\u00f3n Pamplon\u00e9s ya dispone de un aseo autolimpiable","isPartOf":{"@id":"https:\/\/www.laguiadepamplona.com\/actualidad\/#website"},"primaryImageOfPage":{"@id":"https:\/\/www.laguiadepamplona.com\/actualidad\/el-parque-del-orfeon-pamplones-ya-dispone-de-un-aseo-autolimpiable\/#primaryimage"},"image":{"@id":"https:\/\/www.laguiadepamplona.com\/actualidad\/el-parque-del-orfeon-pamplones-ya-dispone-de-un-aseo-autolimpiable\/#primaryimage"},"thumbnailUrl":"https:\/\/www.laguiadepamplona.com\/actualidad\/wp-content\/uploads\/2021\/09\/banos-publicos-aseos-autolimpiables_0.jpg","datePublished":"2022-06-23T11:36:39+00:00","dateModified":"2023-04-11T09:48:00+00:00","description":"El Ayuntamiento ha invertido casi 80.000 euros en la adquisici\u00f3n del sanitario y la obra civil necesaria para su instalaci\u00f3n. aseo","breadcrumb":{"@id":"https:\/\/www.laguiadepamplona.com\/actualidad\/el-parque-del-orfeon-pamplones-ya-dispone-de-un-aseo-autolimpiable\/#breadcrumb"},"inLanguage":"es","potentialAction":[{"@type":"ReadAction","target":["https:\/\/www.laguiadepamplona.com\/actualidad\/el-parque-del-orfeon-pamplones-ya-dispone-de-un-aseo-autolimpiable\/"]}]},{"@type":"ImageObject","inLanguage":"es","@id":"https:\/\/www.laguiadepamplona.com\/actualidad\/el-parque-del-orfeon-pamplones-ya-dispone-de-un-aseo-autolimpiable\/#primaryimage","url":"https:\/\/www.laguiadepamplona.com\/actualidad\/wp-content\/uploads\/2021\/09\/banos-publicos-aseos-autolimpiables_0.jpg","contentUrl":"https:\/\/www.laguiadepamplona.com\/actualidad\/wp-content\/uploads\/2021\/09\/banos-publicos-aseos-autolimpiables_0.jpg","width":1514,"height":1136,"caption":"aseos autolimpiables"},{"@type":"BreadcrumbList","@id":"https:\/\/www.laguiadepamplona.com\/actualidad\/el-parque-del-orfeon-pamplones-ya-dispone-de-un-aseo-autolimpiable\/#breadcrumb","itemListElement":[{"@type":"ListItem","position":1,"name":"Portada","item":"https:\/\/www.laguiadepamplona.com\/actualidad\/"},{"@type":"ListItem","position":2,"name":"El parque del Orfe\u00f3n Pamplon\u00e9s ya dispone de un aseo autolimpiable"}]},{"@type":"WebSite","@id":"https:\/\/www.laguiadepamplona.com\/actualidad\/#website","url":"https:\/\/www.laguiadepamplona.com\/actualidad\/","name":"La gu\u00eda de Pamplona","description":"Noticias de Pamplona","publisher":{"@id":"https:\/\/www.laguiadepamplona.com\/actualidad\/#organization"},"potentialAction":[{"@type":"SearchAction","target":{"@type":"EntryPoint","urlTemplate":"https:\/\/www.laguiadepamplona.com\/actualidad\/?s={search_term_string}"},"query-input":{"@type":"PropertyValueSpecification","valueRequired":true,"valueName":"search_term_string"}}],"inLanguage":"es"},{"@type":"Organization","@id":"https:\/\/www.laguiadepamplona.com\/actualidad\/#organization","name":"La Gu\u00eda de Pamplona \/ Noticias","url":"https:\/\/www.laguiadepamplona.com\/actualidad\/","logo":{"@type":"ImageObject","inLanguage":"es","@id":"https:\/\/www.laguiadepamplona.com\/actualidad\/#\/schema\/logo\/image\/","url":"https:\/\/www.laguiadepamplona.com\/actualidad\/wp-content\/uploads\/2018\/11\/logo-laguiadepamplona18-web1.png","contentUrl":"https:\/\/www.laguiadepamplona.com\/actualidad\/wp-content\/uploads\/2018\/11\/logo-laguiadepamplona18-web1.png","width":600,"height":196,"caption":"La Gu\u00eda de Pamplona \/ Noticias"},"image":{"@id":"https:\/\/www.laguiadepamplona.com\/actualidad\/#\/schema\/logo\/image\/"},"sameAs":["https:\/\/www.facebook.com\/laguiadepamplonacom-133175176762273\/?ref=hl","https:\/\/x.com\/LaGuiadPamplona","https:\/\/www.instagram.com\/la_guia_de_pamplona\/","https:\/\/www.youtube.com\/user\/laguiadepamplona"]},{"@type":"Person","@id":"https:\/\/www.laguiadepamplona.com\/actualidad\/#\/schema\/person\/efe887376f0213d4657c93adc50b1fdb","name":"La Gu\u00eda de Pamplona","image":{"@type":"ImageObject","inLanguage":"es","@id":"https:\/\/secure.gravatar.com\/avatar\/b6992f131dc8d30ab0dff15446e9d346d9dbd95992de0fef795073f5ea83a81c?s=96&d=mm&r=g","url":"https:\/\/secure.gravatar.com\/avatar\/b6992f131dc8d30ab0dff15446e9d346d9dbd95992de0fef795073f5ea83a81c?s=96&d=mm&r=g","contentUrl":"https:\/\/secure.gravatar.com\/avatar\/b6992f131dc8d30ab0dff15446e9d346d9dbd95992de0fef795073f5ea83a81c?s=96&d=mm&r=g","caption":"La Gu\u00eda de Pamplona"}}]}},"post_mailing_queue_ids":[],"_links":{"self":[{"href":"https:\/\/www.laguiadepamplona.com\/actualidad\/wp-json\/wp\/v2\/posts\/40996","targetHints":{"allow":["GET"]}}],"collection":[{"href":"https:\/\/www.laguiadepamplona.com\/actualidad\/wp-json\/wp\/v2\/posts"}],"about":[{"href":"https:\/\/www.laguiadepamplona.com\/actualidad\/wp-json\/wp\/v2\/types\/post"}],"author":[{"embeddable":true,"href":"https:\/\/www.laguiadepamplona.com\/actualidad\/wp-json\/wp\/v2\/users\/1"}],"replies":[{"embeddable":true,"href":"https:\/\/www.laguiadepamplona.com\/actualidad\/wp-json\/wp\/v2\/comments?post=40996"}],"version-history":[{"count":0,"href":"https:\/\/www.laguiadepamplona.com\/actualidad\/wp-json\/wp\/v2\/posts\/40996\/revisions"}],"wp:featuredmedia":[{"embeddable":true,"href":"https:\/\/www.laguiadepamplona.com\/actualidad\/wp-json\/wp\/v2\/media\/36371"}],"wp:attachment":[{"href":"https:\/\/www.laguiadepamplona.com\/actualidad\/wp-json\/wp\/v2\/media?parent=40996"}],"wp:term":[{"taxonomy":"category","embeddable":true,"href":"https:\/\/www.laguiadepamplona.com\/actualidad\/wp-json\/wp\/v2\/categories?post=40996"},{"taxonomy":"post_tag","embeddable":true,"href":"https:\/\/www.laguiadepamplona.com\/actualidad\/wp-json\/wp\/v2\/tags?post=40996"}],"curies":[{"name":"wp","href":"https:\/\/api.w.org\/{rel}","templated":true}]}}