{"id":40993,"date":"2022-06-23T13:35:16","date_gmt":"2022-06-23T11:35:16","guid":{"rendered":"https:\/\/www.laguiadepamplona.com\/actualidad\/?p=40993"},"modified":"2023-04-11T11:48:00","modified_gmt":"2023-04-11T09:48:00","slug":"el-bando-de-san-fermin-recoge-la-excepcion-de-las-barras-de-bar-en-la-plaza-del-castillo-y-la-regulacion-del-trafico-y-el-aparcamiento-en-la-ciudad-durante-las-fiestas","status":"publish","type":"post","link":"https:\/\/www.laguiadepamplona.com\/actualidad\/el-bando-de-san-fermin-recoge-la-excepcion-de-las-barras-de-bar-en-la-plaza-del-castillo-y-la-regulacion-del-trafico-y-el-aparcamiento-en-la-ciudad-durante-las-fiestas\/","title":{"rendered":"El bando de San Ferm\u00edn recoge la excepci\u00f3n de las barras de bar en la Plaza del Castillo y la regulaci\u00f3n del tr\u00e1fico y el aparcamiento en la ciudad durante las fiestas"},"content":{"rendered":"<h5>El alcalde de Pamplona conf\u00eda en que se disfrute de la ciudad y de las fiestas \u201ccon sentido de responsabilidad\u201d<\/h5>\n<p><!--more--><\/p>\n<p>El alcalde de Pamplona \u201cconf\u00eda en el sentido c\u00edvico de los pamploneses, pamplonesas y visitantes y en su colaboraci\u00f3n para el buen desarrollo de las fiestas de San Ferm\u00edn\u201d y esperar que esos d\u00edas se disfrute de la \u201cciudad y de las fiestas con sentido de responsabilidad\u2019. As\u00ed concluye el bando de San Ferm\u00edn, firmado por el alcalde, que recoge las disposiciones que se deben cumplir para un correcto desarrollo de los pr\u00f3ximos Sanfermines en sus l\u00edneas de tradici\u00f3n y civismo.<\/p>\n<p>El Bando de San Ferm\u00edn cuenta con doce apartados que repasan los aspectos fundamentales que deben cumplirse en las fiestas, tanto referente a ordenanzas y normativa como a la organizaci\u00f3n y la participaci\u00f3n en los actos programados. As\u00ed las cosas, se regulan cuestiones que van desde el tr\u00e1fico y el aparcamiento o la seguridad de edificios hasta actos como el Chupinazo, los Encierros y Encierrillos o las vaquillas. La ubicaci\u00f3n de barras de bar en la Plaza del Castillo durante estas fiestas tiene tambi\u00e9n su reflejo en el bando. \u201cNo se permitir\u00e1n terrazas en el Casco Antiguo excepto en la Plaza del Castillo, que tendr\u00e1n el mismo horario del local al que est\u00e1n vinculadas, u otras excepciones quede forma expresa se autorizar\u00e1n por resoluci\u00f3n en la que se indicar\u00e1n los d\u00edas y horarios en los que pueden funcionar\u201d.<\/p>\n<p>Entre otras novedades respecto a las fiestas de 2019, dos relacionadas con horarios. Por una parte, se ampl\u00eda hasta las 7.30 horas el horario de cierre de los establecimientos dedicados a las actividades de discoteca y salas de fiesta. En los \u00faltimos Sanfermines ese cierre se llevaba a cabo a las 7 horas. Por otro lado, el corte temporal al tr\u00e1fico previo a los fuegos artificiales se adelanta media hora. La calle Vuelta del Castillo, desde la calle Esquiroz hasta la plaza de los Fueros, la avenida del Ej\u00e9rcito, avenida de Conde Oliveto, calle Yanguas y Miranda y avenida de Zaragoza, desde la Plaza Pr\u00edncipe de Viana hasta su cruce con la calle Sang\u00fcesa, se cerrar\u00e1n al tr\u00e1fico a partir de las 22 horas hasta la medianoche por la quema de los fuegos artificiales.<br \/>\n<script async src=\"\/\/pagead2.googlesyndication.com\/pagead\/js\/adsbygoogle.js\"><\/script><br \/>\n<!-- Noticias La Guia de Pamplona --><br \/>\n<ins class=\"adsbygoogle\"\nstyle=\"display:block\"\ndata-ad-client=\"ca-pub-6943679897239327\"\ndata-ad-slot=\"7048180777\"\ndata-ad-format=\"auto\"><\/ins><br \/>\n<script>\n(adsbygoogle = window.adsbygoogle || []).push({});\n<\/script><\/p>\n<p><strong>Zona naranja y tr\u00e1fico restringido en el centro de la ciudad<\/strong><\/p>\n<p>El bando recoge tambi\u00e9n los cambios en el estacionamiento regulado. Pamplona desde el 5 al 14 de julio, ambos inclusive, se convierte en zona naranja de aparcamiento las 24 horas al d\u00eda.\u00a0 Esa zona naranja comprende el actual sector 2 de la zona regulada (el Segundo Ensanche desde la avenida de la Baja Navarra, avenida de Conde Oliveto y avenida del Ej\u00e9rcito hacia el sur); el sector 3 con Milagrosa y Azpilaga\u00f1a; el sector 4 Iturrama; el sector 5 Ermitaga\u00f1a, Mendebaldea y Echavacoiz Norte, el sector 6 San Juan; el sector 7 aparcamiento de zona hospitalaria; el sector 8 Rochapea; el sector 9 San Jorge y el sector 10 Txantrea, estos tres \u00faltimos, novedad respecto a las fiestas de 2019.<\/p>\n<p>La zona estar\u00e1 debidamente se\u00f1alizada de forma vertical con la informaci\u00f3n del tipo de estacionamiento como zona naranja y con un tiempo m\u00e1ximo de estacionamiento de 24 horas. Los parqu\u00edmetros ubicados en esa zona tambi\u00e9n tendr\u00e1n la informaci\u00f3n correspondiente y \u00fanicamente expender\u00e1n tiques con la tarifa aplicable a la zona naranja.<\/p>\n<p>Del 5 al 14 de julio, en la zona del sector 2 no regulada como naranja y en el l\u00edmite con el sector 1 (Casco Antiguo) se podr\u00e1 estacionar en aquellos lugares donde est\u00e9 autorizado el aparcamiento y \u00fanicamente a quienes tengan tarjeta de residente del sector 1 o 2. Tambi\u00e9n ser\u00e1n zonas restringidas a residentes de esos sectores las situada junto a la sociedad Larraina, y las calles Juli\u00e1n Arteaga, Sandoval y Navas de Tolosa. El aparcamiento junto a los Corrales del Gas ser\u00e1 de uso exclusivo para residentes del Sector 1.<\/p>\n<p>El Casco Antiguo quedar\u00e1 cerrado al tr\u00e1fico desde las 8 horas del d\u00eda 5 de julio hasta las 14 horas del d\u00eda 15 de julio. En la zona de las Huertas de Santo Domingo, plaza de Santa Mar\u00eda la Real y vial de Taconera y camino del Club Nataci\u00f3n, podr\u00e1n estacionar vecinos y vecinas con tarjeta de residente del sector 1, con las limitaciones para entrar y salir derivadas de la celebraci\u00f3n de determinados actos festivos como Encierro, Encierrillo, etc. En ese mismo periodo de tiempo se suspende la aplicaci\u00f3n de las normas de acceso y circulaci\u00f3n para el Casco Antiguo.<br \/>\n<script async src=\"\/\/pagead2.googlesyndication.com\/pagead\/js\/adsbygoogle.js\"><\/script><br \/>\n<!-- Noticias La Guia de Pamplona --><br \/>\n<ins class=\"adsbygoogle\"\nstyle=\"display:block\"\ndata-ad-client=\"ca-pub-6943679897239327\"\ndata-ad-slot=\"7048180777\"\ndata-ad-format=\"auto\"><\/ins><br \/>\n<script>\n(adsbygoogle = window.adsbygoogle || []).push({});\n<\/script><\/p>\n<p><strong>Sobre el Chupinazo<\/strong><\/p>\n<p>En el apartado de seguridad de fachadas, balcones y similares, se establece como novedad respecto a fiestas anteriores que \u201clas bajeras, portales y locales comerciales situados en la Plaza del Ayuntamiento, durante el Chupinazo y 2 horas antes y despu\u00e9s del mismo, deber\u00e1n contar con la debida protecci\u00f3n\u201d. Para ello, \u201clas personas responsables propietarias y usuarias adoptar\u00e1n las medidas de seguridad adecuadas durante el transcurso del acto, con apercibimiento de que, de no hacerlo as\u00ed, no podr\u00e1n reclamar los da\u00f1os que se puedan causar en sus bienes, y responder\u00e1n de los que pudieran generarse a terceras personas\u201d.<\/p>\n<p>El bando insiste en la prohibici\u00f3n de introducir durante el Chupinazo en la Plaza Consistorial y Plaza del Castillo \u201cpalos, envases de vidrio, vasos de vidrio, latas de bebida que no est\u00e9n abiertas, banderas o telas de gran tama\u00f1o con las que se pueda cubrir a un elevado n\u00famero de participantes que puedan ocasionar movimientos de masas indeseados o cualquier otro elemento similar susceptible de originar da\u00f1os directa o indirectamente\u201d. Tampoco se podr\u00e1 acceder con \u201chuevos, globos con pintura y objetos similares susceptibles de poder arrojarse contra las fachadas ensuci\u00e1ndolas y distorsionando el acto\u201d.<br \/>\n<script async src=\"\/\/pagead2.googlesyndication.com\/pagead\/js\/adsbygoogle.js\"><\/script><br \/>\n<!-- Noticias La Guia de Pamplona --><br \/>\n<ins class=\"adsbygoogle\"\nstyle=\"display:block\"\ndata-ad-client=\"ca-pub-6943679897239327\"\ndata-ad-slot=\"7048180777\"\ndata-ad-format=\"auto\"><\/ins><br \/>\n<script>\n(adsbygoogle = window.adsbygoogle || []).push({});\n<\/script><\/p>\n<p><strong>Actitud activa frente a cualquier tipo de agresi\u00f3n contra las mujeres<\/strong><\/p>\n<p>Un a\u00f1o m\u00e1s, el Ayuntamiento de Pamplona apuesta por la estrategia \u2018Pamplona Libre de Agresiones Sexistas \/ Eraso Sexistarik Gabe, Iru\u00f1a Aske\u2019 e invita a la ciudadan\u00eda \u201ca adoptar una actitud activa frente a cualquier tipo de agresi\u00f3n contra las mujeres, y a socorrer o apoyar a la mujer agredida y aislar al agresor\u201d.<\/p>\n<p>En este sentido, se recuerda el compromiso del Ayuntamiento de no tolerar y perseguir este tipo de conductas para que los Sanfermines sean unas fiestas en las que las mujeres puedan disfrutar de forma libre, segura y en igualdad. Desde este posicionamiento de ciudad, se proh\u00edbe la venta de materiales (camisetas, chapas, etc) con mensajes y\/o lemas sexistas.<\/p>\n","protected":false},"excerpt":{"rendered":"<p>El alcalde de Pamplona conf\u00eda en que se disfrute de la ciudad y de las fiestas \u201ccon sentido de responsabilidad\u201d<\/p>\n","protected":false},"author":1,"featured_media":40994,"comment_status":"open","ping_status":"closed","sticky":false,"template":"","format":"standard","meta":{"footnotes":""},"categories":[2,9406],"tags":[],"class_list":["post-40993","post","type-post","status-publish","format-standard","has-post-thumbnail","hentry","category-ayuntamiento-pamplona","category-san-fermin"],"yoast_head":"<!-- This site is optimized with the Yoast SEO plugin v27.5 - https:\/\/yoast.com\/product\/yoast-seo-wordpress\/ -->\n<title>El bando de San Ferm\u00edn recoge la excepci\u00f3n de las barras de bar en la Plaza del Castillo y la regulaci\u00f3n del tr\u00e1fico y el aparcamiento en la ciudad durante las fiestas<\/title>\n<meta name=\"description\" content=\"El alcalde de Pamplona conf\u00eda en que se disfrute de la ciudad y de las fiestas \u201ccon sentido de responsabilidad\u201d\" \/>\n<meta name=\"robots\" content=\"index, follow, max-snippet:-1, max-image-preview:large, max-video-preview:-1\" \/>\n<link rel=\"canonical\" href=\"https:\/\/www.laguiadepamplona.com\/actualidad\/el-bando-de-san-fermin-recoge-la-excepcion-de-las-barras-de-bar-en-la-plaza-del-castillo-y-la-regulacion-del-trafico-y-el-aparcamiento-en-la-ciudad-durante-las-fiestas\/\" \/>\n<meta property=\"og:locale\" content=\"es_ES\" \/>\n<meta property=\"og:type\" content=\"article\" \/>\n<meta property=\"og:title\" content=\"El bando de San Ferm\u00edn recoge la excepci\u00f3n de las barras de bar en la Plaza del Castillo y la regulaci\u00f3n del tr\u00e1fico y el aparcamiento en la ciudad durante las fiestas\" \/>\n<meta property=\"og:description\" content=\"El alcalde de Pamplona conf\u00eda en que se disfrute de la ciudad y de las fiestas \u201ccon sentido de responsabilidad\u201d\" \/>\n<meta property=\"og:url\" content=\"https:\/\/www.laguiadepamplona.com\/actualidad\/el-bando-de-san-fermin-recoge-la-excepcion-de-las-barras-de-bar-en-la-plaza-del-castillo-y-la-regulacion-del-trafico-y-el-aparcamiento-en-la-ciudad-durante-las-fiestas\/\" \/>\n<meta property=\"og:site_name\" content=\"La Gu\u00eda de Pamplona\" \/>\n<meta property=\"article:publisher\" content=\"https:\/\/www.facebook.com\/laguiadepamplonacom-133175176762273\/?ref=hl\" \/>\n<meta property=\"article:published_time\" content=\"2022-06-23T11:35:16+00:00\" \/>\n<meta property=\"article:modified_time\" content=\"2023-04-11T09:48:00+00:00\" \/>\n<meta property=\"og:image\" content=\"https:\/\/www.laguiadepamplona.com\/actualidad\/wp-content\/uploads\/2022\/06\/SF_encierro_estafeta.webp\" \/>\n\t<meta property=\"og:image:width\" content=\"1920\" \/>\n\t<meta property=\"og:image:height\" content=\"1280\" \/>\n\t<meta property=\"og:image:type\" content=\"image\/webp\" \/>\n<meta name=\"author\" content=\"La Gu\u00eda de Pamplona\" \/>\n<meta name=\"twitter:card\" content=\"summary_large_image\" \/>\n<meta name=\"twitter:creator\" content=\"@LaGuiadPamplona\" \/>\n<meta name=\"twitter:site\" content=\"@LaGuiadPamplona\" \/>\n<meta name=\"twitter:label1\" content=\"Escrito por\" \/>\n\t<meta name=\"twitter:data1\" content=\"La Gu\u00eda de Pamplona\" \/>\n\t<meta name=\"twitter:label2\" content=\"Tiempo de lectura\" \/>\n\t<meta name=\"twitter:data2\" content=\"5 minutos\" \/>\n<script type=\"application\/ld+json\" class=\"yoast-schema-graph\">{\"@context\":\"https:\\\/\\\/schema.org\",\"@graph\":[{\"@type\":\"Article\",\"@id\":\"https:\\\/\\\/www.laguiadepamplona.com\\\/actualidad\\\/el-bando-de-san-fermin-recoge-la-excepcion-de-las-barras-de-bar-en-la-plaza-del-castillo-y-la-regulacion-del-trafico-y-el-aparcamiento-en-la-ciudad-durante-las-fiestas\\\/#article\",\"isPartOf\":{\"@id\":\"https:\\\/\\\/www.laguiadepamplona.com\\\/actualidad\\\/el-bando-de-san-fermin-recoge-la-excepcion-de-las-barras-de-bar-en-la-plaza-del-castillo-y-la-regulacion-del-trafico-y-el-aparcamiento-en-la-ciudad-durante-las-fiestas\\\/\"},\"author\":{\"name\":\"La Gu\u00eda de Pamplona\",\"@id\":\"https:\\\/\\\/www.laguiadepamplona.com\\\/actualidad\\\/#\\\/schema\\\/person\\\/efe887376f0213d4657c93adc50b1fdb\"},\"headline\":\"El bando de San Ferm\u00edn recoge la excepci\u00f3n de las barras de bar en la Plaza del Castillo y la regulaci\u00f3n del tr\u00e1fico y el aparcamiento en la ciudad durante las fiestas\",\"datePublished\":\"2022-06-23T11:35:16+00:00\",\"dateModified\":\"2023-04-11T09:48:00+00:00\",\"mainEntityOfPage\":{\"@id\":\"https:\\\/\\\/www.laguiadepamplona.com\\\/actualidad\\\/el-bando-de-san-fermin-recoge-la-excepcion-de-las-barras-de-bar-en-la-plaza-del-castillo-y-la-regulacion-del-trafico-y-el-aparcamiento-en-la-ciudad-durante-las-fiestas\\\/\"},\"wordCount\":1148,\"commentCount\":0,\"publisher\":{\"@id\":\"https:\\\/\\\/www.laguiadepamplona.com\\\/actualidad\\\/#organization\"},\"image\":{\"@id\":\"https:\\\/\\\/www.laguiadepamplona.com\\\/actualidad\\\/el-bando-de-san-fermin-recoge-la-excepcion-de-las-barras-de-bar-en-la-plaza-del-castillo-y-la-regulacion-del-trafico-y-el-aparcamiento-en-la-ciudad-durante-las-fiestas\\\/#primaryimage\"},\"thumbnailUrl\":\"https:\\\/\\\/www.laguiadepamplona.com\\\/actualidad\\\/wp-content\\\/uploads\\\/2022\\\/06\\\/SF_encierro_estafeta.webp\",\"articleSection\":[\"Ayto Pamplona\",\"San Ferm\u00edn\"],\"inLanguage\":\"es\",\"potentialAction\":[{\"@type\":\"CommentAction\",\"name\":\"Comment\",\"target\":[\"https:\\\/\\\/www.laguiadepamplona.com\\\/actualidad\\\/el-bando-de-san-fermin-recoge-la-excepcion-de-las-barras-de-bar-en-la-plaza-del-castillo-y-la-regulacion-del-trafico-y-el-aparcamiento-en-la-ciudad-durante-las-fiestas\\\/#respond\"]}]},{\"@type\":\"WebPage\",\"@id\":\"https:\\\/\\\/www.laguiadepamplona.com\\\/actualidad\\\/el-bando-de-san-fermin-recoge-la-excepcion-de-las-barras-de-bar-en-la-plaza-del-castillo-y-la-regulacion-del-trafico-y-el-aparcamiento-en-la-ciudad-durante-las-fiestas\\\/\",\"url\":\"https:\\\/\\\/www.laguiadepamplona.com\\\/actualidad\\\/el-bando-de-san-fermin-recoge-la-excepcion-de-las-barras-de-bar-en-la-plaza-del-castillo-y-la-regulacion-del-trafico-y-el-aparcamiento-en-la-ciudad-durante-las-fiestas\\\/\",\"name\":\"El bando de San Ferm\u00edn recoge la excepci\u00f3n de las barras de bar en la Plaza del Castillo y la regulaci\u00f3n del tr\u00e1fico y el aparcamiento en la ciudad durante las fiestas\",\"isPartOf\":{\"@id\":\"https:\\\/\\\/www.laguiadepamplona.com\\\/actualidad\\\/#website\"},\"primaryImageOfPage\":{\"@id\":\"https:\\\/\\\/www.laguiadepamplona.com\\\/actualidad\\\/el-bando-de-san-fermin-recoge-la-excepcion-de-las-barras-de-bar-en-la-plaza-del-castillo-y-la-regulacion-del-trafico-y-el-aparcamiento-en-la-ciudad-durante-las-fiestas\\\/#primaryimage\"},\"image\":{\"@id\":\"https:\\\/\\\/www.laguiadepamplona.com\\\/actualidad\\\/el-bando-de-san-fermin-recoge-la-excepcion-de-las-barras-de-bar-en-la-plaza-del-castillo-y-la-regulacion-del-trafico-y-el-aparcamiento-en-la-ciudad-durante-las-fiestas\\\/#primaryimage\"},\"thumbnailUrl\":\"https:\\\/\\\/www.laguiadepamplona.com\\\/actualidad\\\/wp-content\\\/uploads\\\/2022\\\/06\\\/SF_encierro_estafeta.webp\",\"datePublished\":\"2022-06-23T11:35:16+00:00\",\"dateModified\":\"2023-04-11T09:48:00+00:00\",\"description\":\"El alcalde de Pamplona conf\u00eda en que se disfrute de la ciudad y de las fiestas \u201ccon sentido de responsabilidad\u201d\",\"breadcrumb\":{\"@id\":\"https:\\\/\\\/www.laguiadepamplona.com\\\/actualidad\\\/el-bando-de-san-fermin-recoge-la-excepcion-de-las-barras-de-bar-en-la-plaza-del-castillo-y-la-regulacion-del-trafico-y-el-aparcamiento-en-la-ciudad-durante-las-fiestas\\\/#breadcrumb\"},\"inLanguage\":\"es\",\"potentialAction\":[{\"@type\":\"ReadAction\",\"target\":[\"https:\\\/\\\/www.laguiadepamplona.com\\\/actualidad\\\/el-bando-de-san-fermin-recoge-la-excepcion-de-las-barras-de-bar-en-la-plaza-del-castillo-y-la-regulacion-del-trafico-y-el-aparcamiento-en-la-ciudad-durante-las-fiestas\\\/\"]}]},{\"@type\":\"ImageObject\",\"inLanguage\":\"es\",\"@id\":\"https:\\\/\\\/www.laguiadepamplona.com\\\/actualidad\\\/el-bando-de-san-fermin-recoge-la-excepcion-de-las-barras-de-bar-en-la-plaza-del-castillo-y-la-regulacion-del-trafico-y-el-aparcamiento-en-la-ciudad-durante-las-fiestas\\\/#primaryimage\",\"url\":\"https:\\\/\\\/www.laguiadepamplona.com\\\/actualidad\\\/wp-content\\\/uploads\\\/2022\\\/06\\\/SF_encierro_estafeta.webp\",\"contentUrl\":\"https:\\\/\\\/www.laguiadepamplona.com\\\/actualidad\\\/wp-content\\\/uploads\\\/2022\\\/06\\\/SF_encierro_estafeta.webp\",\"width\":1920,\"height\":1280},{\"@type\":\"BreadcrumbList\",\"@id\":\"https:\\\/\\\/www.laguiadepamplona.com\\\/actualidad\\\/el-bando-de-san-fermin-recoge-la-excepcion-de-las-barras-de-bar-en-la-plaza-del-castillo-y-la-regulacion-del-trafico-y-el-aparcamiento-en-la-ciudad-durante-las-fiestas\\\/#breadcrumb\",\"itemListElement\":[{\"@type\":\"ListItem\",\"position\":1,\"name\":\"Portada\",\"item\":\"https:\\\/\\\/www.laguiadepamplona.com\\\/actualidad\\\/\"},{\"@type\":\"ListItem\",\"position\":2,\"name\":\"El bando de San Ferm\u00edn recoge la excepci\u00f3n de las barras de bar en la Plaza del Castillo y la regulaci\u00f3n del tr\u00e1fico y el aparcamiento en la ciudad durante las fiestas\"}]},{\"@type\":\"WebSite\",\"@id\":\"https:\\\/\\\/www.laguiadepamplona.com\\\/actualidad\\\/#website\",\"url\":\"https:\\\/\\\/www.laguiadepamplona.com\\\/actualidad\\\/\",\"name\":\"La gu\u00eda de Pamplona\",\"description\":\"Noticias de Pamplona\",\"publisher\":{\"@id\":\"https:\\\/\\\/www.laguiadepamplona.com\\\/actualidad\\\/#organization\"},\"potentialAction\":[{\"@type\":\"SearchAction\",\"target\":{\"@type\":\"EntryPoint\",\"urlTemplate\":\"https:\\\/\\\/www.laguiadepamplona.com\\\/actualidad\\\/?s={search_term_string}\"},\"query-input\":{\"@type\":\"PropertyValueSpecification\",\"valueRequired\":true,\"valueName\":\"search_term_string\"}}],\"inLanguage\":\"es\"},{\"@type\":\"Organization\",\"@id\":\"https:\\\/\\\/www.laguiadepamplona.com\\\/actualidad\\\/#organization\",\"name\":\"La Gu\u00eda de Pamplona \\\/ Noticias\",\"url\":\"https:\\\/\\\/www.laguiadepamplona.com\\\/actualidad\\\/\",\"logo\":{\"@type\":\"ImageObject\",\"inLanguage\":\"es\",\"@id\":\"https:\\\/\\\/www.laguiadepamplona.com\\\/actualidad\\\/#\\\/schema\\\/logo\\\/image\\\/\",\"url\":\"https:\\\/\\\/www.laguiadepamplona.com\\\/actualidad\\\/wp-content\\\/uploads\\\/2018\\\/11\\\/logo-laguiadepamplona18-web1.png\",\"contentUrl\":\"https:\\\/\\\/www.laguiadepamplona.com\\\/actualidad\\\/wp-content\\\/uploads\\\/2018\\\/11\\\/logo-laguiadepamplona18-web1.png\",\"width\":600,\"height\":196,\"caption\":\"La Gu\u00eda de Pamplona \\\/ Noticias\"},\"image\":{\"@id\":\"https:\\\/\\\/www.laguiadepamplona.com\\\/actualidad\\\/#\\\/schema\\\/logo\\\/image\\\/\"},\"sameAs\":[\"https:\\\/\\\/www.facebook.com\\\/laguiadepamplonacom-133175176762273\\\/?ref=hl\",\"https:\\\/\\\/x.com\\\/LaGuiadPamplona\",\"https:\\\/\\\/www.instagram.com\\\/la_guia_de_pamplona\\\/\",\"https:\\\/\\\/www.youtube.com\\\/user\\\/laguiadepamplona\"]},{\"@type\":\"Person\",\"@id\":\"https:\\\/\\\/www.laguiadepamplona.com\\\/actualidad\\\/#\\\/schema\\\/person\\\/efe887376f0213d4657c93adc50b1fdb\",\"name\":\"La Gu\u00eda de Pamplona\",\"image\":{\"@type\":\"ImageObject\",\"inLanguage\":\"es\",\"@id\":\"https:\\\/\\\/secure.gravatar.com\\\/avatar\\\/b6992f131dc8d30ab0dff15446e9d346d9dbd95992de0fef795073f5ea83a81c?s=96&d=mm&r=g\",\"url\":\"https:\\\/\\\/secure.gravatar.com\\\/avatar\\\/b6992f131dc8d30ab0dff15446e9d346d9dbd95992de0fef795073f5ea83a81c?s=96&d=mm&r=g\",\"contentUrl\":\"https:\\\/\\\/secure.gravatar.com\\\/avatar\\\/b6992f131dc8d30ab0dff15446e9d346d9dbd95992de0fef795073f5ea83a81c?s=96&d=mm&r=g\",\"caption\":\"La Gu\u00eda de Pamplona\"}}]}<\/script>\n<!-- \/ Yoast SEO plugin. -->","yoast_head_json":{"title":"El bando de San Ferm\u00edn recoge la excepci\u00f3n de las barras de bar en la Plaza del Castillo y la regulaci\u00f3n del tr\u00e1fico y el aparcamiento en la ciudad durante las fiestas","description":"El alcalde de Pamplona conf\u00eda en que se disfrute de la ciudad y de las fiestas \u201ccon sentido de responsabilidad\u201d","robots":{"index":"index","follow":"follow","max-snippet":"max-snippet:-1","max-image-preview":"max-image-preview:large","max-video-preview":"max-video-preview:-1"},"canonical":"https:\/\/www.laguiadepamplona.com\/actualidad\/el-bando-de-san-fermin-recoge-la-excepcion-de-las-barras-de-bar-en-la-plaza-del-castillo-y-la-regulacion-del-trafico-y-el-aparcamiento-en-la-ciudad-durante-las-fiestas\/","og_locale":"es_ES","og_type":"article","og_title":"El bando de San Ferm\u00edn recoge la excepci\u00f3n de las barras de bar en la Plaza del Castillo y la regulaci\u00f3n del tr\u00e1fico y el aparcamiento en la ciudad durante las fiestas","og_description":"El alcalde de Pamplona conf\u00eda en que se disfrute de la ciudad y de las fiestas \u201ccon sentido de responsabilidad\u201d","og_url":"https:\/\/www.laguiadepamplona.com\/actualidad\/el-bando-de-san-fermin-recoge-la-excepcion-de-las-barras-de-bar-en-la-plaza-del-castillo-y-la-regulacion-del-trafico-y-el-aparcamiento-en-la-ciudad-durante-las-fiestas\/","og_site_name":"La Gu\u00eda de Pamplona","article_publisher":"https:\/\/www.facebook.com\/laguiadepamplonacom-133175176762273\/?ref=hl","article_published_time":"2022-06-23T11:35:16+00:00","article_modified_time":"2023-04-11T09:48:00+00:00","og_image":[{"width":1920,"height":1280,"url":"https:\/\/www.laguiadepamplona.com\/actualidad\/wp-content\/uploads\/2022\/06\/SF_encierro_estafeta.webp","type":"image\/webp"}],"author":"La Gu\u00eda de Pamplona","twitter_card":"summary_large_image","twitter_creator":"@LaGuiadPamplona","twitter_site":"@LaGuiadPamplona","twitter_misc":{"Escrito por":"La Gu\u00eda de Pamplona","Tiempo de lectura":"5 minutos"},"schema":{"@context":"https:\/\/schema.org","@graph":[{"@type":"Article","@id":"https:\/\/www.laguiadepamplona.com\/actualidad\/el-bando-de-san-fermin-recoge-la-excepcion-de-las-barras-de-bar-en-la-plaza-del-castillo-y-la-regulacion-del-trafico-y-el-aparcamiento-en-la-ciudad-durante-las-fiestas\/#article","isPartOf":{"@id":"https:\/\/www.laguiadepamplona.com\/actualidad\/el-bando-de-san-fermin-recoge-la-excepcion-de-las-barras-de-bar-en-la-plaza-del-castillo-y-la-regulacion-del-trafico-y-el-aparcamiento-en-la-ciudad-durante-las-fiestas\/"},"author":{"name":"La Gu\u00eda de Pamplona","@id":"https:\/\/www.laguiadepamplona.com\/actualidad\/#\/schema\/person\/efe887376f0213d4657c93adc50b1fdb"},"headline":"El bando de San Ferm\u00edn recoge la excepci\u00f3n de las barras de bar en la Plaza del Castillo y la regulaci\u00f3n del tr\u00e1fico y el aparcamiento en la ciudad durante las fiestas","datePublished":"2022-06-23T11:35:16+00:00","dateModified":"2023-04-11T09:48:00+00:00","mainEntityOfPage":{"@id":"https:\/\/www.laguiadepamplona.com\/actualidad\/el-bando-de-san-fermin-recoge-la-excepcion-de-las-barras-de-bar-en-la-plaza-del-castillo-y-la-regulacion-del-trafico-y-el-aparcamiento-en-la-ciudad-durante-las-fiestas\/"},"wordCount":1148,"commentCount":0,"publisher":{"@id":"https:\/\/www.laguiadepamplona.com\/actualidad\/#organization"},"image":{"@id":"https:\/\/www.laguiadepamplona.com\/actualidad\/el-bando-de-san-fermin-recoge-la-excepcion-de-las-barras-de-bar-en-la-plaza-del-castillo-y-la-regulacion-del-trafico-y-el-aparcamiento-en-la-ciudad-durante-las-fiestas\/#primaryimage"},"thumbnailUrl":"https:\/\/www.laguiadepamplona.com\/actualidad\/wp-content\/uploads\/2022\/06\/SF_encierro_estafeta.webp","articleSection":["Ayto Pamplona","San Ferm\u00edn"],"inLanguage":"es","potentialAction":[{"@type":"CommentAction","name":"Comment","target":["https:\/\/www.laguiadepamplona.com\/actualidad\/el-bando-de-san-fermin-recoge-la-excepcion-de-las-barras-de-bar-en-la-plaza-del-castillo-y-la-regulacion-del-trafico-y-el-aparcamiento-en-la-ciudad-durante-las-fiestas\/#respond"]}]},{"@type":"WebPage","@id":"https:\/\/www.laguiadepamplona.com\/actualidad\/el-bando-de-san-fermin-recoge-la-excepcion-de-las-barras-de-bar-en-la-plaza-del-castillo-y-la-regulacion-del-trafico-y-el-aparcamiento-en-la-ciudad-durante-las-fiestas\/","url":"https:\/\/www.laguiadepamplona.com\/actualidad\/el-bando-de-san-fermin-recoge-la-excepcion-de-las-barras-de-bar-en-la-plaza-del-castillo-y-la-regulacion-del-trafico-y-el-aparcamiento-en-la-ciudad-durante-las-fiestas\/","name":"El bando de San Ferm\u00edn recoge la excepci\u00f3n de las barras de bar en la Plaza del Castillo y la regulaci\u00f3n del tr\u00e1fico y el aparcamiento en la ciudad durante las fiestas","isPartOf":{"@id":"https:\/\/www.laguiadepamplona.com\/actualidad\/#website"},"primaryImageOfPage":{"@id":"https:\/\/www.laguiadepamplona.com\/actualidad\/el-bando-de-san-fermin-recoge-la-excepcion-de-las-barras-de-bar-en-la-plaza-del-castillo-y-la-regulacion-del-trafico-y-el-aparcamiento-en-la-ciudad-durante-las-fiestas\/#primaryimage"},"image":{"@id":"https:\/\/www.laguiadepamplona.com\/actualidad\/el-bando-de-san-fermin-recoge-la-excepcion-de-las-barras-de-bar-en-la-plaza-del-castillo-y-la-regulacion-del-trafico-y-el-aparcamiento-en-la-ciudad-durante-las-fiestas\/#primaryimage"},"thumbnailUrl":"https:\/\/www.laguiadepamplona.com\/actualidad\/wp-content\/uploads\/2022\/06\/SF_encierro_estafeta.webp","datePublished":"2022-06-23T11:35:16+00:00","dateModified":"2023-04-11T09:48:00+00:00","description":"El alcalde de Pamplona conf\u00eda en que se disfrute de la ciudad y de las fiestas \u201ccon sentido de responsabilidad\u201d","breadcrumb":{"@id":"https:\/\/www.laguiadepamplona.com\/actualidad\/el-bando-de-san-fermin-recoge-la-excepcion-de-las-barras-de-bar-en-la-plaza-del-castillo-y-la-regulacion-del-trafico-y-el-aparcamiento-en-la-ciudad-durante-las-fiestas\/#breadcrumb"},"inLanguage":"es","potentialAction":[{"@type":"ReadAction","target":["https:\/\/www.laguiadepamplona.com\/actualidad\/el-bando-de-san-fermin-recoge-la-excepcion-de-las-barras-de-bar-en-la-plaza-del-castillo-y-la-regulacion-del-trafico-y-el-aparcamiento-en-la-ciudad-durante-las-fiestas\/"]}]},{"@type":"ImageObject","inLanguage":"es","@id":"https:\/\/www.laguiadepamplona.com\/actualidad\/el-bando-de-san-fermin-recoge-la-excepcion-de-las-barras-de-bar-en-la-plaza-del-castillo-y-la-regulacion-del-trafico-y-el-aparcamiento-en-la-ciudad-durante-las-fiestas\/#primaryimage","url":"https:\/\/www.laguiadepamplona.com\/actualidad\/wp-content\/uploads\/2022\/06\/SF_encierro_estafeta.webp","contentUrl":"https:\/\/www.laguiadepamplona.com\/actualidad\/wp-content\/uploads\/2022\/06\/SF_encierro_estafeta.webp","width":1920,"height":1280},{"@type":"BreadcrumbList","@id":"https:\/\/www.laguiadepamplona.com\/actualidad\/el-bando-de-san-fermin-recoge-la-excepcion-de-las-barras-de-bar-en-la-plaza-del-castillo-y-la-regulacion-del-trafico-y-el-aparcamiento-en-la-ciudad-durante-las-fiestas\/#breadcrumb","itemListElement":[{"@type":"ListItem","position":1,"name":"Portada","item":"https:\/\/www.laguiadepamplona.com\/actualidad\/"},{"@type":"ListItem","position":2,"name":"El bando de San Ferm\u00edn recoge la excepci\u00f3n de las barras de bar en la Plaza del Castillo y la regulaci\u00f3n del tr\u00e1fico y el aparcamiento en la ciudad durante las fiestas"}]},{"@type":"WebSite","@id":"https:\/\/www.laguiadepamplona.com\/actualidad\/#website","url":"https:\/\/www.laguiadepamplona.com\/actualidad\/","name":"La gu\u00eda de Pamplona","description":"Noticias de Pamplona","publisher":{"@id":"https:\/\/www.laguiadepamplona.com\/actualidad\/#organization"},"potentialAction":[{"@type":"SearchAction","target":{"@type":"EntryPoint","urlTemplate":"https:\/\/www.laguiadepamplona.com\/actualidad\/?s={search_term_string}"},"query-input":{"@type":"PropertyValueSpecification","valueRequired":true,"valueName":"search_term_string"}}],"inLanguage":"es"},{"@type":"Organization","@id":"https:\/\/www.laguiadepamplona.com\/actualidad\/#organization","name":"La Gu\u00eda de Pamplona \/ Noticias","url":"https:\/\/www.laguiadepamplona.com\/actualidad\/","logo":{"@type":"ImageObject","inLanguage":"es","@id":"https:\/\/www.laguiadepamplona.com\/actualidad\/#\/schema\/logo\/image\/","url":"https:\/\/www.laguiadepamplona.com\/actualidad\/wp-content\/uploads\/2018\/11\/logo-laguiadepamplona18-web1.png","contentUrl":"https:\/\/www.laguiadepamplona.com\/actualidad\/wp-content\/uploads\/2018\/11\/logo-laguiadepamplona18-web1.png","width":600,"height":196,"caption":"La Gu\u00eda de Pamplona \/ Noticias"},"image":{"@id":"https:\/\/www.laguiadepamplona.com\/actualidad\/#\/schema\/logo\/image\/"},"sameAs":["https:\/\/www.facebook.com\/laguiadepamplonacom-133175176762273\/?ref=hl","https:\/\/x.com\/LaGuiadPamplona","https:\/\/www.instagram.com\/la_guia_de_pamplona\/","https:\/\/www.youtube.com\/user\/laguiadepamplona"]},{"@type":"Person","@id":"https:\/\/www.laguiadepamplona.com\/actualidad\/#\/schema\/person\/efe887376f0213d4657c93adc50b1fdb","name":"La Gu\u00eda de Pamplona","image":{"@type":"ImageObject","inLanguage":"es","@id":"https:\/\/secure.gravatar.com\/avatar\/b6992f131dc8d30ab0dff15446e9d346d9dbd95992de0fef795073f5ea83a81c?s=96&d=mm&r=g","url":"https:\/\/secure.gravatar.com\/avatar\/b6992f131dc8d30ab0dff15446e9d346d9dbd95992de0fef795073f5ea83a81c?s=96&d=mm&r=g","contentUrl":"https:\/\/secure.gravatar.com\/avatar\/b6992f131dc8d30ab0dff15446e9d346d9dbd95992de0fef795073f5ea83a81c?s=96&d=mm&r=g","caption":"La Gu\u00eda de Pamplona"}}]}},"post_mailing_queue_ids":[],"_links":{"self":[{"href":"https:\/\/www.laguiadepamplona.com\/actualidad\/wp-json\/wp\/v2\/posts\/40993","targetHints":{"allow":["GET"]}}],"collection":[{"href":"https:\/\/www.laguiadepamplona.com\/actualidad\/wp-json\/wp\/v2\/posts"}],"about":[{"href":"https:\/\/www.laguiadepamplona.com\/actualidad\/wp-json\/wp\/v2\/types\/post"}],"author":[{"embeddable":true,"href":"https:\/\/www.laguiadepamplona.com\/actualidad\/wp-json\/wp\/v2\/users\/1"}],"replies":[{"embeddable":true,"href":"https:\/\/www.laguiadepamplona.com\/actualidad\/wp-json\/wp\/v2\/comments?post=40993"}],"version-history":[{"count":0,"href":"https:\/\/www.laguiadepamplona.com\/actualidad\/wp-json\/wp\/v2\/posts\/40993\/revisions"}],"wp:featuredmedia":[{"embeddable":true,"href":"https:\/\/www.laguiadepamplona.com\/actualidad\/wp-json\/wp\/v2\/media\/40994"}],"wp:attachment":[{"href":"https:\/\/www.laguiadepamplona.com\/actualidad\/wp-json\/wp\/v2\/media?parent=40993"}],"wp:term":[{"taxonomy":"category","embeddable":true,"href":"https:\/\/www.laguiadepamplona.com\/actualidad\/wp-json\/wp\/v2\/categories?post=40993"},{"taxonomy":"post_tag","embeddable":true,"href":"https:\/\/www.laguiadepamplona.com\/actualidad\/wp-json\/wp\/v2\/tags?post=40993"}],"curies":[{"name":"wp","href":"https:\/\/api.w.org\/{rel}","templated":true}]}}