{"id":40990,"date":"2022-06-23T13:32:57","date_gmt":"2022-06-23T11:32:57","guid":{"rendered":"https:\/\/www.laguiadepamplona.com\/actualidad\/?p=40990"},"modified":"2023-04-11T11:48:00","modified_gmt":"2023-04-11T09:48:00","slug":"la-trastienda-de-los-churros-de-la-manueta-centro-de-una-exposicion-de-fotografias-realizadas-por-pio-guerendiain","status":"publish","type":"post","link":"https:\/\/www.laguiadepamplona.com\/actualidad\/la-trastienda-de-los-churros-de-la-manueta-centro-de-una-exposicion-de-fotografias-realizadas-por-pio-guerendiain\/","title":{"rendered":"La trastienda de los churros de La Ma\u00f1ueta, centro de una exposici\u00f3n de fotograf\u00edas realizadas por P\u00edo Guerendi\u00e1in"},"content":{"rendered":"<h5>Condestable acoger\u00e1 hasta agosto este trabajo de documentaci\u00f3n de un oficio que en Pamplona est\u00e1 ligado a las ma\u00f1anas sanfermineras<\/h5>\n<p><!--more--><\/p>\n<p>Condestable acoge, desde hoy jueves 23 de junio y hasta el 20 de agosto una colecci\u00f3n fotogr\u00e1fica de uno de momentos tradicionales de la vida diaria de Pamplona: la labor de la Churrer\u00eda de la calle Ma\u00f1ueta, y un establecimiento que tiene el mismo nombre que la v\u00eda en la que se ubica. La propuesta art\u00edstica del mismo nombre. \u2018La fragua de Vulcano (Churrer\u00eda La Ma\u00f1ueta)\u2019 es del fot\u00f3grafo pamplon\u00e9s P\u00edo Gerendiain y esta ma\u00f1ana la han presentado p\u00fablicamente el autor y el director del \u00c1rea de Cultura e Igualdad del Ayuntamiento de Pamplona, Jorge Urd\u00e1noz.<\/p>\n<p>Alude el t\u00edtulo al taller de Vulcano, dios romano del fuego, y en el pante\u00f3n cl\u00e1sico patr\u00f3n de los oficios relacionados con los hornos. Guerendi\u00e1in ofrece al p\u00fablico 40 instant\u00e1neas de la trastienda de la churrer\u00eda, una \u201cfragua alimenticia\u201d en la que el artista \u2013como los art\u00edfices de este alimento- se mueve entre aceite, humo, le\u00f1a y calor. La cita con los tan castizos churros, es un momento esperado en fechas se\u00f1aladas ya que esta \u201cfragua\u201d se pone en marcha unos pocos d\u00edas al a\u00f1o para mantener la tradici\u00f3n familiar.<br \/>\n<script async src=\"\/\/pagead2.googlesyndication.com\/pagead\/js\/adsbygoogle.js\"><\/script><br \/>\n<!-- Noticias La Guia de Pamplona --><br \/>\n<ins class=\"adsbygoogle\"\nstyle=\"display:block\"\ndata-ad-client=\"ca-pub-6943679897239327\"\ndata-ad-slot=\"7048180777\"\ndata-ad-format=\"auto\"><\/ins><br \/>\n<script>\n(adsbygoogle = window.adsbygoogle || []).push({});\n<\/script><\/p>\n<p>Y frente a este oficio tradicional de resabio popular, la apuesta del fot\u00f3grafo por la nueva tecnolog\u00eda fotogr\u00e1fica, tambi\u00e9n muy querida por el gran p\u00fablico: las instant\u00e1neas realizadas con el m\u00f3vil. La sensibilidad de las c\u00e1maras de los tel\u00e9fonos inteligentes ha permitido a Guerendi\u00e1in recoger im\u00e1genes de dif\u00edcil producci\u00f3n, dadas las condiciones de contraste de luz en las cocinas. Como segundo reto personal, el autor se plante\u00f3 salir de su apuesta habitual por el \u00abblanco y negro\u00bb, una querencia que ha quedado plasmada en instant\u00e1neas de todo tipo, desde motivos taurinos a citas como los Encuentros de Arte de Pamplona de 1972. En \u2018La fragua de Vulcano (Churrer\u00eda La Ma\u00f1ueta)\u2019el fot\u00f3grafo apuesta por el color.<\/p>\n<p>Guerendi\u00e1in es cliente habitual de este establecimiento. En Sanfermines, antes de fotografiar el encierro desde su famosa \u201cgatera\u201d en Estafeta 1, encargaba diariamente lo que en la trastienda llamaban \u201cLa rosca de P\u00edo\u201d, una rosca normal, un poco tostada. Esa relaci\u00f3n frecuente con los churreros le hizo testigo de excepci\u00f3n de un oficio que la ciudadan\u00eda puede ahora contemplar en sus instant\u00e1neas. La exposici\u00f3n se puede visitar en torno al patio en de la planta 1 hasta el 30 junio y durante los meses de julio y agosto en horario de lunes a viernes, de 9 a 14 y de 17 a 21 horas. Los s\u00e1bados estar\u00e1 abierta de 9 a 14 horas. Durante las fiestas de San Fermin el horario de visita ser\u00e1 del 9 al 14 de julio, de 11 a 14 horas.<br \/>\n<script async src=\"\/\/pagead2.googlesyndication.com\/pagead\/js\/adsbygoogle.js\"><\/script><br \/>\n<!-- Noticias La Guia de Pamplona --><br \/>\n<ins class=\"adsbygoogle\"\nstyle=\"display:block\"\ndata-ad-client=\"ca-pub-6943679897239327\"\ndata-ad-slot=\"7048180777\"\ndata-ad-format=\"auto\"><\/ins><br \/>\n<script>\n(adsbygoogle = window.adsbygoogle || []).push({});\n<\/script><\/p>\n<p><strong>El autor<\/strong><\/p>\n<p>P\u00edo Guerendi\u00e1in Casta\u00f1os (Pamplona, 1946) se inicia en la fotograf\u00eda en 1963 al integrarse en la Agrupaci\u00f3n Fotogr\u00e1fica y Cinematogr\u00e1fica de Navarra (ACFN) que ahora preside. Es la d\u00e9cimo cuarta vez que sus obras protagonizan una exposici\u00f3n individual entre espacios de Navarra, Madrid, Catalu\u00f1a o Guip\u00fazcoa. Adem\u00e1s, ha participado en m\u00e1s de 60 exposiciones colectivas, la \u00faltima de ellas \u201cMirar otra vez\u201d, Colecci\u00f3n Julio Alvarez Sotos en la Sala de Armas Ciudadela (2014).<\/p>\n<p>El autor tiene obra en distintos centros del pa\u00eds como el Museo de Navarra; el Museo Nacional Centro de Arte Reina Sof\u00eda, el Photomuseum Argazki Euskal Museoa (Zarauz) o el Institut Valenci\u00e1 d\u00b4Art Modern IVAM. Sus instant\u00e1neas han rebasado fronteras y poseen originales de Gerendiain otras entidades como Gabinet des Estampes de la Bibliotheque Nationale (Par\u00eds), Galerie Municipale du Ch\u00e2teau d&#8217;Eau. Toulouse. (Francia) o la Universidad de Tucson (Arizona, EEUU).<br \/>\n<script async src=\"\/\/pagead2.googlesyndication.com\/pagead\/js\/adsbygoogle.js\"><\/script><br \/>\n<!-- Noticias La Guia de Pamplona --><br \/>\n<ins class=\"adsbygoogle\"\nstyle=\"display:block\"\ndata-ad-client=\"ca-pub-6943679897239327\"\ndata-ad-slot=\"7048180777\"\ndata-ad-format=\"auto\"><\/ins><br \/>\n<script>\n(adsbygoogle = window.adsbygoogle || []).push({});\n<\/script><\/p>\n<p>Presidente de Honor de la AFCN, desde 1991, ha dirigido la Galer\u00eda Contraluz de Pamplona y ejercido como director de los Talleres de Fotograf\u00eda Avanzada de la AFCN. Premiado con el NEGTOR en 1972 y en 1978 y primer premio de Sal\u00f3n San Ferm\u00edn Internacional en 1976, Guerendi\u00e1in ha coprotagonizado el galardonado cortometraje \u201cNotes on the Other\u201d de Sergio Oksman y fue autor del cartel anunciador de la Feria del Toro 2016 de Pamplona.<\/p>\n","protected":false},"excerpt":{"rendered":"<p>Condestable acoger\u00e1 hasta agosto este trabajo de documentaci\u00f3n de un oficio que en Pamplona est\u00e1 ligado a las ma\u00f1anas sanfermineras<\/p>\n","protected":false},"author":1,"featured_media":40991,"comment_status":"open","ping_status":"closed","sticky":false,"template":"","format":"standard","meta":{"footnotes":""},"categories":[2],"tags":[],"class_list":["post-40990","post","type-post","status-publish","format-standard","has-post-thumbnail","hentry","category-ayuntamiento-pamplona"],"yoast_head":"<!-- This site is optimized with the Yoast SEO plugin v27.5 - https:\/\/yoast.com\/product\/yoast-seo-wordpress\/ -->\n<title>La trastienda de los churros de La Ma\u00f1ueta, centro de una exposici\u00f3n de fotograf\u00edas realizadas por P\u00edo Guerendi\u00e1in<\/title>\n<meta name=\"description\" content=\"Condestable acoger\u00e1 hasta agosto este trabajo de documentaci\u00f3n de un oficio que en Pamplona est\u00e1 ligado a las ma\u00f1anas sanfermineras\" \/>\n<meta name=\"robots\" content=\"index, follow, max-snippet:-1, max-image-preview:large, max-video-preview:-1\" \/>\n<link rel=\"canonical\" href=\"https:\/\/www.laguiadepamplona.com\/actualidad\/la-trastienda-de-los-churros-de-la-manueta-centro-de-una-exposicion-de-fotografias-realizadas-por-pio-guerendiain\/\" \/>\n<meta property=\"og:locale\" content=\"es_ES\" \/>\n<meta property=\"og:type\" content=\"article\" \/>\n<meta property=\"og:title\" content=\"La trastienda de los churros de La Ma\u00f1ueta, centro de una exposici\u00f3n de fotograf\u00edas realizadas por P\u00edo Guerendi\u00e1in\" \/>\n<meta property=\"og:description\" content=\"Condestable acoger\u00e1 hasta agosto este trabajo de documentaci\u00f3n de un oficio que en Pamplona est\u00e1 ligado a las ma\u00f1anas sanfermineras\" \/>\n<meta property=\"og:url\" content=\"https:\/\/www.laguiadepamplona.com\/actualidad\/la-trastienda-de-los-churros-de-la-manueta-centro-de-una-exposicion-de-fotografias-realizadas-por-pio-guerendiain\/\" \/>\n<meta property=\"og:site_name\" content=\"La Gu\u00eda de Pamplona\" \/>\n<meta property=\"article:publisher\" content=\"https:\/\/www.facebook.com\/laguiadepamplonacom-133175176762273\/?ref=hl\" \/>\n<meta property=\"article:published_time\" content=\"2022-06-23T11:32:57+00:00\" \/>\n<meta property=\"article:modified_time\" content=\"2023-04-11T09:48:00+00:00\" \/>\n<meta property=\"og:image\" content=\"https:\/\/www.laguiadepamplona.com\/actualidad\/wp-content\/uploads\/2022\/06\/exposicion-churreria-manueta.webp\" \/>\n\t<meta property=\"og:image:width\" content=\"1920\" \/>\n\t<meta property=\"og:image:height\" content=\"1451\" \/>\n\t<meta property=\"og:image:type\" content=\"image\/webp\" \/>\n<meta name=\"author\" content=\"La Gu\u00eda de Pamplona\" \/>\n<meta name=\"twitter:card\" content=\"summary_large_image\" \/>\n<meta name=\"twitter:creator\" content=\"@LaGuiadPamplona\" \/>\n<meta name=\"twitter:site\" content=\"@LaGuiadPamplona\" \/>\n<meta name=\"twitter:label1\" content=\"Escrito por\" \/>\n\t<meta name=\"twitter:data1\" content=\"La Gu\u00eda de Pamplona\" \/>\n\t<meta name=\"twitter:label2\" content=\"Tiempo de lectura\" \/>\n\t<meta name=\"twitter:data2\" content=\"4 minutos\" \/>\n<script type=\"application\/ld+json\" class=\"yoast-schema-graph\">{\"@context\":\"https:\\\/\\\/schema.org\",\"@graph\":[{\"@type\":\"Article\",\"@id\":\"https:\\\/\\\/www.laguiadepamplona.com\\\/actualidad\\\/la-trastienda-de-los-churros-de-la-manueta-centro-de-una-exposicion-de-fotografias-realizadas-por-pio-guerendiain\\\/#article\",\"isPartOf\":{\"@id\":\"https:\\\/\\\/www.laguiadepamplona.com\\\/actualidad\\\/la-trastienda-de-los-churros-de-la-manueta-centro-de-una-exposicion-de-fotografias-realizadas-por-pio-guerendiain\\\/\"},\"author\":{\"name\":\"La Gu\u00eda de Pamplona\",\"@id\":\"https:\\\/\\\/www.laguiadepamplona.com\\\/actualidad\\\/#\\\/schema\\\/person\\\/efe887376f0213d4657c93adc50b1fdb\"},\"headline\":\"La trastienda de los churros de La Ma\u00f1ueta, centro de una exposici\u00f3n de fotograf\u00edas realizadas por P\u00edo Guerendi\u00e1in\",\"datePublished\":\"2022-06-23T11:32:57+00:00\",\"dateModified\":\"2023-04-11T09:48:00+00:00\",\"mainEntityOfPage\":{\"@id\":\"https:\\\/\\\/www.laguiadepamplona.com\\\/actualidad\\\/la-trastienda-de-los-churros-de-la-manueta-centro-de-una-exposicion-de-fotografias-realizadas-por-pio-guerendiain\\\/\"},\"wordCount\":754,\"commentCount\":0,\"publisher\":{\"@id\":\"https:\\\/\\\/www.laguiadepamplona.com\\\/actualidad\\\/#organization\"},\"image\":{\"@id\":\"https:\\\/\\\/www.laguiadepamplona.com\\\/actualidad\\\/la-trastienda-de-los-churros-de-la-manueta-centro-de-una-exposicion-de-fotografias-realizadas-por-pio-guerendiain\\\/#primaryimage\"},\"thumbnailUrl\":\"https:\\\/\\\/www.laguiadepamplona.com\\\/actualidad\\\/wp-content\\\/uploads\\\/2022\\\/06\\\/exposicion-churreria-manueta.webp\",\"articleSection\":[\"Ayto Pamplona\"],\"inLanguage\":\"es\",\"potentialAction\":[{\"@type\":\"CommentAction\",\"name\":\"Comment\",\"target\":[\"https:\\\/\\\/www.laguiadepamplona.com\\\/actualidad\\\/la-trastienda-de-los-churros-de-la-manueta-centro-de-una-exposicion-de-fotografias-realizadas-por-pio-guerendiain\\\/#respond\"]}]},{\"@type\":\"WebPage\",\"@id\":\"https:\\\/\\\/www.laguiadepamplona.com\\\/actualidad\\\/la-trastienda-de-los-churros-de-la-manueta-centro-de-una-exposicion-de-fotografias-realizadas-por-pio-guerendiain\\\/\",\"url\":\"https:\\\/\\\/www.laguiadepamplona.com\\\/actualidad\\\/la-trastienda-de-los-churros-de-la-manueta-centro-de-una-exposicion-de-fotografias-realizadas-por-pio-guerendiain\\\/\",\"name\":\"La trastienda de los churros de La Ma\u00f1ueta, centro de una exposici\u00f3n de fotograf\u00edas realizadas por P\u00edo Guerendi\u00e1in\",\"isPartOf\":{\"@id\":\"https:\\\/\\\/www.laguiadepamplona.com\\\/actualidad\\\/#website\"},\"primaryImageOfPage\":{\"@id\":\"https:\\\/\\\/www.laguiadepamplona.com\\\/actualidad\\\/la-trastienda-de-los-churros-de-la-manueta-centro-de-una-exposicion-de-fotografias-realizadas-por-pio-guerendiain\\\/#primaryimage\"},\"image\":{\"@id\":\"https:\\\/\\\/www.laguiadepamplona.com\\\/actualidad\\\/la-trastienda-de-los-churros-de-la-manueta-centro-de-una-exposicion-de-fotografias-realizadas-por-pio-guerendiain\\\/#primaryimage\"},\"thumbnailUrl\":\"https:\\\/\\\/www.laguiadepamplona.com\\\/actualidad\\\/wp-content\\\/uploads\\\/2022\\\/06\\\/exposicion-churreria-manueta.webp\",\"datePublished\":\"2022-06-23T11:32:57+00:00\",\"dateModified\":\"2023-04-11T09:48:00+00:00\",\"description\":\"Condestable acoger\u00e1 hasta agosto este trabajo de documentaci\u00f3n de un oficio que en Pamplona est\u00e1 ligado a las ma\u00f1anas sanfermineras\",\"breadcrumb\":{\"@id\":\"https:\\\/\\\/www.laguiadepamplona.com\\\/actualidad\\\/la-trastienda-de-los-churros-de-la-manueta-centro-de-una-exposicion-de-fotografias-realizadas-por-pio-guerendiain\\\/#breadcrumb\"},\"inLanguage\":\"es\",\"potentialAction\":[{\"@type\":\"ReadAction\",\"target\":[\"https:\\\/\\\/www.laguiadepamplona.com\\\/actualidad\\\/la-trastienda-de-los-churros-de-la-manueta-centro-de-una-exposicion-de-fotografias-realizadas-por-pio-guerendiain\\\/\"]}]},{\"@type\":\"ImageObject\",\"inLanguage\":\"es\",\"@id\":\"https:\\\/\\\/www.laguiadepamplona.com\\\/actualidad\\\/la-trastienda-de-los-churros-de-la-manueta-centro-de-una-exposicion-de-fotografias-realizadas-por-pio-guerendiain\\\/#primaryimage\",\"url\":\"https:\\\/\\\/www.laguiadepamplona.com\\\/actualidad\\\/wp-content\\\/uploads\\\/2022\\\/06\\\/exposicion-churreria-manueta.webp\",\"contentUrl\":\"https:\\\/\\\/www.laguiadepamplona.com\\\/actualidad\\\/wp-content\\\/uploads\\\/2022\\\/06\\\/exposicion-churreria-manueta.webp\",\"width\":1920,\"height\":1451},{\"@type\":\"BreadcrumbList\",\"@id\":\"https:\\\/\\\/www.laguiadepamplona.com\\\/actualidad\\\/la-trastienda-de-los-churros-de-la-manueta-centro-de-una-exposicion-de-fotografias-realizadas-por-pio-guerendiain\\\/#breadcrumb\",\"itemListElement\":[{\"@type\":\"ListItem\",\"position\":1,\"name\":\"Portada\",\"item\":\"https:\\\/\\\/www.laguiadepamplona.com\\\/actualidad\\\/\"},{\"@type\":\"ListItem\",\"position\":2,\"name\":\"La trastienda de los churros de La Ma\u00f1ueta, centro de una exposici\u00f3n de fotograf\u00edas realizadas por P\u00edo Guerendi\u00e1in\"}]},{\"@type\":\"WebSite\",\"@id\":\"https:\\\/\\\/www.laguiadepamplona.com\\\/actualidad\\\/#website\",\"url\":\"https:\\\/\\\/www.laguiadepamplona.com\\\/actualidad\\\/\",\"name\":\"La gu\u00eda de Pamplona\",\"description\":\"Noticias de Pamplona\",\"publisher\":{\"@id\":\"https:\\\/\\\/www.laguiadepamplona.com\\\/actualidad\\\/#organization\"},\"potentialAction\":[{\"@type\":\"SearchAction\",\"target\":{\"@type\":\"EntryPoint\",\"urlTemplate\":\"https:\\\/\\\/www.laguiadepamplona.com\\\/actualidad\\\/?s={search_term_string}\"},\"query-input\":{\"@type\":\"PropertyValueSpecification\",\"valueRequired\":true,\"valueName\":\"search_term_string\"}}],\"inLanguage\":\"es\"},{\"@type\":\"Organization\",\"@id\":\"https:\\\/\\\/www.laguiadepamplona.com\\\/actualidad\\\/#organization\",\"name\":\"La Gu\u00eda de Pamplona \\\/ Noticias\",\"url\":\"https:\\\/\\\/www.laguiadepamplona.com\\\/actualidad\\\/\",\"logo\":{\"@type\":\"ImageObject\",\"inLanguage\":\"es\",\"@id\":\"https:\\\/\\\/www.laguiadepamplona.com\\\/actualidad\\\/#\\\/schema\\\/logo\\\/image\\\/\",\"url\":\"https:\\\/\\\/www.laguiadepamplona.com\\\/actualidad\\\/wp-content\\\/uploads\\\/2018\\\/11\\\/logo-laguiadepamplona18-web1.png\",\"contentUrl\":\"https:\\\/\\\/www.laguiadepamplona.com\\\/actualidad\\\/wp-content\\\/uploads\\\/2018\\\/11\\\/logo-laguiadepamplona18-web1.png\",\"width\":600,\"height\":196,\"caption\":\"La Gu\u00eda de Pamplona \\\/ Noticias\"},\"image\":{\"@id\":\"https:\\\/\\\/www.laguiadepamplona.com\\\/actualidad\\\/#\\\/schema\\\/logo\\\/image\\\/\"},\"sameAs\":[\"https:\\\/\\\/www.facebook.com\\\/laguiadepamplonacom-133175176762273\\\/?ref=hl\",\"https:\\\/\\\/x.com\\\/LaGuiadPamplona\",\"https:\\\/\\\/www.instagram.com\\\/la_guia_de_pamplona\\\/\",\"https:\\\/\\\/www.youtube.com\\\/user\\\/laguiadepamplona\"]},{\"@type\":\"Person\",\"@id\":\"https:\\\/\\\/www.laguiadepamplona.com\\\/actualidad\\\/#\\\/schema\\\/person\\\/efe887376f0213d4657c93adc50b1fdb\",\"name\":\"La Gu\u00eda de Pamplona\",\"image\":{\"@type\":\"ImageObject\",\"inLanguage\":\"es\",\"@id\":\"https:\\\/\\\/secure.gravatar.com\\\/avatar\\\/b6992f131dc8d30ab0dff15446e9d346d9dbd95992de0fef795073f5ea83a81c?s=96&d=mm&r=g\",\"url\":\"https:\\\/\\\/secure.gravatar.com\\\/avatar\\\/b6992f131dc8d30ab0dff15446e9d346d9dbd95992de0fef795073f5ea83a81c?s=96&d=mm&r=g\",\"contentUrl\":\"https:\\\/\\\/secure.gravatar.com\\\/avatar\\\/b6992f131dc8d30ab0dff15446e9d346d9dbd95992de0fef795073f5ea83a81c?s=96&d=mm&r=g\",\"caption\":\"La Gu\u00eda de Pamplona\"}}]}<\/script>\n<!-- \/ Yoast SEO plugin. -->","yoast_head_json":{"title":"La trastienda de los churros de La Ma\u00f1ueta, centro de una exposici\u00f3n de fotograf\u00edas realizadas por P\u00edo Guerendi\u00e1in","description":"Condestable acoger\u00e1 hasta agosto este trabajo de documentaci\u00f3n de un oficio que en Pamplona est\u00e1 ligado a las ma\u00f1anas sanfermineras","robots":{"index":"index","follow":"follow","max-snippet":"max-snippet:-1","max-image-preview":"max-image-preview:large","max-video-preview":"max-video-preview:-1"},"canonical":"https:\/\/www.laguiadepamplona.com\/actualidad\/la-trastienda-de-los-churros-de-la-manueta-centro-de-una-exposicion-de-fotografias-realizadas-por-pio-guerendiain\/","og_locale":"es_ES","og_type":"article","og_title":"La trastienda de los churros de La Ma\u00f1ueta, centro de una exposici\u00f3n de fotograf\u00edas realizadas por P\u00edo Guerendi\u00e1in","og_description":"Condestable acoger\u00e1 hasta agosto este trabajo de documentaci\u00f3n de un oficio que en Pamplona est\u00e1 ligado a las ma\u00f1anas sanfermineras","og_url":"https:\/\/www.laguiadepamplona.com\/actualidad\/la-trastienda-de-los-churros-de-la-manueta-centro-de-una-exposicion-de-fotografias-realizadas-por-pio-guerendiain\/","og_site_name":"La Gu\u00eda de Pamplona","article_publisher":"https:\/\/www.facebook.com\/laguiadepamplonacom-133175176762273\/?ref=hl","article_published_time":"2022-06-23T11:32:57+00:00","article_modified_time":"2023-04-11T09:48:00+00:00","og_image":[{"width":1920,"height":1451,"url":"https:\/\/www.laguiadepamplona.com\/actualidad\/wp-content\/uploads\/2022\/06\/exposicion-churreria-manueta.webp","type":"image\/webp"}],"author":"La Gu\u00eda de Pamplona","twitter_card":"summary_large_image","twitter_creator":"@LaGuiadPamplona","twitter_site":"@LaGuiadPamplona","twitter_misc":{"Escrito por":"La Gu\u00eda de Pamplona","Tiempo de lectura":"4 minutos"},"schema":{"@context":"https:\/\/schema.org","@graph":[{"@type":"Article","@id":"https:\/\/www.laguiadepamplona.com\/actualidad\/la-trastienda-de-los-churros-de-la-manueta-centro-de-una-exposicion-de-fotografias-realizadas-por-pio-guerendiain\/#article","isPartOf":{"@id":"https:\/\/www.laguiadepamplona.com\/actualidad\/la-trastienda-de-los-churros-de-la-manueta-centro-de-una-exposicion-de-fotografias-realizadas-por-pio-guerendiain\/"},"author":{"name":"La Gu\u00eda de Pamplona","@id":"https:\/\/www.laguiadepamplona.com\/actualidad\/#\/schema\/person\/efe887376f0213d4657c93adc50b1fdb"},"headline":"La trastienda de los churros de La Ma\u00f1ueta, centro de una exposici\u00f3n de fotograf\u00edas realizadas por P\u00edo Guerendi\u00e1in","datePublished":"2022-06-23T11:32:57+00:00","dateModified":"2023-04-11T09:48:00+00:00","mainEntityOfPage":{"@id":"https:\/\/www.laguiadepamplona.com\/actualidad\/la-trastienda-de-los-churros-de-la-manueta-centro-de-una-exposicion-de-fotografias-realizadas-por-pio-guerendiain\/"},"wordCount":754,"commentCount":0,"publisher":{"@id":"https:\/\/www.laguiadepamplona.com\/actualidad\/#organization"},"image":{"@id":"https:\/\/www.laguiadepamplona.com\/actualidad\/la-trastienda-de-los-churros-de-la-manueta-centro-de-una-exposicion-de-fotografias-realizadas-por-pio-guerendiain\/#primaryimage"},"thumbnailUrl":"https:\/\/www.laguiadepamplona.com\/actualidad\/wp-content\/uploads\/2022\/06\/exposicion-churreria-manueta.webp","articleSection":["Ayto Pamplona"],"inLanguage":"es","potentialAction":[{"@type":"CommentAction","name":"Comment","target":["https:\/\/www.laguiadepamplona.com\/actualidad\/la-trastienda-de-los-churros-de-la-manueta-centro-de-una-exposicion-de-fotografias-realizadas-por-pio-guerendiain\/#respond"]}]},{"@type":"WebPage","@id":"https:\/\/www.laguiadepamplona.com\/actualidad\/la-trastienda-de-los-churros-de-la-manueta-centro-de-una-exposicion-de-fotografias-realizadas-por-pio-guerendiain\/","url":"https:\/\/www.laguiadepamplona.com\/actualidad\/la-trastienda-de-los-churros-de-la-manueta-centro-de-una-exposicion-de-fotografias-realizadas-por-pio-guerendiain\/","name":"La trastienda de los churros de La Ma\u00f1ueta, centro de una exposici\u00f3n de fotograf\u00edas realizadas por P\u00edo Guerendi\u00e1in","isPartOf":{"@id":"https:\/\/www.laguiadepamplona.com\/actualidad\/#website"},"primaryImageOfPage":{"@id":"https:\/\/www.laguiadepamplona.com\/actualidad\/la-trastienda-de-los-churros-de-la-manueta-centro-de-una-exposicion-de-fotografias-realizadas-por-pio-guerendiain\/#primaryimage"},"image":{"@id":"https:\/\/www.laguiadepamplona.com\/actualidad\/la-trastienda-de-los-churros-de-la-manueta-centro-de-una-exposicion-de-fotografias-realizadas-por-pio-guerendiain\/#primaryimage"},"thumbnailUrl":"https:\/\/www.laguiadepamplona.com\/actualidad\/wp-content\/uploads\/2022\/06\/exposicion-churreria-manueta.webp","datePublished":"2022-06-23T11:32:57+00:00","dateModified":"2023-04-11T09:48:00+00:00","description":"Condestable acoger\u00e1 hasta agosto este trabajo de documentaci\u00f3n de un oficio que en Pamplona est\u00e1 ligado a las ma\u00f1anas sanfermineras","breadcrumb":{"@id":"https:\/\/www.laguiadepamplona.com\/actualidad\/la-trastienda-de-los-churros-de-la-manueta-centro-de-una-exposicion-de-fotografias-realizadas-por-pio-guerendiain\/#breadcrumb"},"inLanguage":"es","potentialAction":[{"@type":"ReadAction","target":["https:\/\/www.laguiadepamplona.com\/actualidad\/la-trastienda-de-los-churros-de-la-manueta-centro-de-una-exposicion-de-fotografias-realizadas-por-pio-guerendiain\/"]}]},{"@type":"ImageObject","inLanguage":"es","@id":"https:\/\/www.laguiadepamplona.com\/actualidad\/la-trastienda-de-los-churros-de-la-manueta-centro-de-una-exposicion-de-fotografias-realizadas-por-pio-guerendiain\/#primaryimage","url":"https:\/\/www.laguiadepamplona.com\/actualidad\/wp-content\/uploads\/2022\/06\/exposicion-churreria-manueta.webp","contentUrl":"https:\/\/www.laguiadepamplona.com\/actualidad\/wp-content\/uploads\/2022\/06\/exposicion-churreria-manueta.webp","width":1920,"height":1451},{"@type":"BreadcrumbList","@id":"https:\/\/www.laguiadepamplona.com\/actualidad\/la-trastienda-de-los-churros-de-la-manueta-centro-de-una-exposicion-de-fotografias-realizadas-por-pio-guerendiain\/#breadcrumb","itemListElement":[{"@type":"ListItem","position":1,"name":"Portada","item":"https:\/\/www.laguiadepamplona.com\/actualidad\/"},{"@type":"ListItem","position":2,"name":"La trastienda de los churros de La Ma\u00f1ueta, centro de una exposici\u00f3n de fotograf\u00edas realizadas por P\u00edo Guerendi\u00e1in"}]},{"@type":"WebSite","@id":"https:\/\/www.laguiadepamplona.com\/actualidad\/#website","url":"https:\/\/www.laguiadepamplona.com\/actualidad\/","name":"La gu\u00eda de Pamplona","description":"Noticias de Pamplona","publisher":{"@id":"https:\/\/www.laguiadepamplona.com\/actualidad\/#organization"},"potentialAction":[{"@type":"SearchAction","target":{"@type":"EntryPoint","urlTemplate":"https:\/\/www.laguiadepamplona.com\/actualidad\/?s={search_term_string}"},"query-input":{"@type":"PropertyValueSpecification","valueRequired":true,"valueName":"search_term_string"}}],"inLanguage":"es"},{"@type":"Organization","@id":"https:\/\/www.laguiadepamplona.com\/actualidad\/#organization","name":"La Gu\u00eda de Pamplona \/ Noticias","url":"https:\/\/www.laguiadepamplona.com\/actualidad\/","logo":{"@type":"ImageObject","inLanguage":"es","@id":"https:\/\/www.laguiadepamplona.com\/actualidad\/#\/schema\/logo\/image\/","url":"https:\/\/www.laguiadepamplona.com\/actualidad\/wp-content\/uploads\/2018\/11\/logo-laguiadepamplona18-web1.png","contentUrl":"https:\/\/www.laguiadepamplona.com\/actualidad\/wp-content\/uploads\/2018\/11\/logo-laguiadepamplona18-web1.png","width":600,"height":196,"caption":"La Gu\u00eda de Pamplona \/ Noticias"},"image":{"@id":"https:\/\/www.laguiadepamplona.com\/actualidad\/#\/schema\/logo\/image\/"},"sameAs":["https:\/\/www.facebook.com\/laguiadepamplonacom-133175176762273\/?ref=hl","https:\/\/x.com\/LaGuiadPamplona","https:\/\/www.instagram.com\/la_guia_de_pamplona\/","https:\/\/www.youtube.com\/user\/laguiadepamplona"]},{"@type":"Person","@id":"https:\/\/www.laguiadepamplona.com\/actualidad\/#\/schema\/person\/efe887376f0213d4657c93adc50b1fdb","name":"La Gu\u00eda de Pamplona","image":{"@type":"ImageObject","inLanguage":"es","@id":"https:\/\/secure.gravatar.com\/avatar\/b6992f131dc8d30ab0dff15446e9d346d9dbd95992de0fef795073f5ea83a81c?s=96&d=mm&r=g","url":"https:\/\/secure.gravatar.com\/avatar\/b6992f131dc8d30ab0dff15446e9d346d9dbd95992de0fef795073f5ea83a81c?s=96&d=mm&r=g","contentUrl":"https:\/\/secure.gravatar.com\/avatar\/b6992f131dc8d30ab0dff15446e9d346d9dbd95992de0fef795073f5ea83a81c?s=96&d=mm&r=g","caption":"La Gu\u00eda de Pamplona"}}]}},"post_mailing_queue_ids":[],"_links":{"self":[{"href":"https:\/\/www.laguiadepamplona.com\/actualidad\/wp-json\/wp\/v2\/posts\/40990","targetHints":{"allow":["GET"]}}],"collection":[{"href":"https:\/\/www.laguiadepamplona.com\/actualidad\/wp-json\/wp\/v2\/posts"}],"about":[{"href":"https:\/\/www.laguiadepamplona.com\/actualidad\/wp-json\/wp\/v2\/types\/post"}],"author":[{"embeddable":true,"href":"https:\/\/www.laguiadepamplona.com\/actualidad\/wp-json\/wp\/v2\/users\/1"}],"replies":[{"embeddable":true,"href":"https:\/\/www.laguiadepamplona.com\/actualidad\/wp-json\/wp\/v2\/comments?post=40990"}],"version-history":[{"count":0,"href":"https:\/\/www.laguiadepamplona.com\/actualidad\/wp-json\/wp\/v2\/posts\/40990\/revisions"}],"wp:featuredmedia":[{"embeddable":true,"href":"https:\/\/www.laguiadepamplona.com\/actualidad\/wp-json\/wp\/v2\/media\/40991"}],"wp:attachment":[{"href":"https:\/\/www.laguiadepamplona.com\/actualidad\/wp-json\/wp\/v2\/media?parent=40990"}],"wp:term":[{"taxonomy":"category","embeddable":true,"href":"https:\/\/www.laguiadepamplona.com\/actualidad\/wp-json\/wp\/v2\/categories?post=40990"},{"taxonomy":"post_tag","embeddable":true,"href":"https:\/\/www.laguiadepamplona.com\/actualidad\/wp-json\/wp\/v2\/tags?post=40990"}],"curies":[{"name":"wp","href":"https:\/\/api.w.org\/{rel}","templated":true}]}}