{"id":40987,"date":"2022-06-23T13:30:36","date_gmt":"2022-06-23T11:30:36","guid":{"rendered":"https:\/\/www.laguiadepamplona.com\/actualidad\/?p=40987"},"modified":"2023-04-11T11:48:00","modified_gmt":"2023-04-11T09:48:00","slug":"una-gran-bandera-de-navarra-ondea-en-la-plaza-de-los-fueros-a-mas-de-30-metros-de-altura-como-simbolo-de-unidad-y-pluralidad","status":"publish","type":"post","link":"https:\/\/www.laguiadepamplona.com\/actualidad\/una-gran-bandera-de-navarra-ondea-en-la-plaza-de-los-fueros-a-mas-de-30-metros-de-altura-como-simbolo-de-unidad-y-pluralidad\/","title":{"rendered":"Una gran bandera de Navarra ondea en la plaza de los Fueros a m\u00e1s de 30 metros de altura como s\u00edmbolo de unidad y pluralidad"},"content":{"rendered":"<h5>El acto de izado de la bandera ha contado con la presencia del alcalde de Pamplona y el vicepresidente del Gobierno de Navarra<\/h5>\n<p><!--more--><\/p>\n<p>Un m\u00e1stil de m\u00e1s de 30 metros de altura sustenta desde este jueves en la plaza de los Fueros una gran bandera de Navarra de 8 x 12 metros. Esta ma\u00f1ana ha tenido lugar el acto de izado de la bandera, con presencia del alcalde de Pamplona, Enrique Maya, del vicepresidente del Gobierno de Navarra, Javier Rem\u00edrez, y de miembros de la Corporaci\u00f3n municipal. Esta bandera se concibe como un elemento de unidad y pluralidad y como expresi\u00f3n del sentimiento navarro de la ciudad.<\/p>\n<p>El acto ha comenzado con el izado de la bandera mientras La Pamplonesa interpretaba el himno de Navarra. En su intervenci\u00f3n, el alcalde de Pamplona se ha referido a la simbolog\u00eda de la bandera y del lugar en el que se ubica. \u201cA partir de hoy, y en gran formato, nuestra bandera, la bandera de Navarra, lucir\u00e1 en un lugar tan significativo de Pamplona (y de Navarra) como lo es la plaza de los Fueros, la plaza de mayor tama\u00f1o de Pamplona y de Navarra. Un lugar magn\u00edfico, que simboliza la importancia y la vigencia de nuestro r\u00e9gimen foral\u201d.<br \/>\n<script async src=\"\/\/pagead2.googlesyndication.com\/pagead\/js\/adsbygoogle.js\"><\/script><br \/>\n<!-- Noticias La Guia de Pamplona --><br \/>\n<ins class=\"adsbygoogle\"\nstyle=\"display:block\"\ndata-ad-client=\"ca-pub-6943679897239327\"\ndata-ad-slot=\"7048180777\"\ndata-ad-format=\"auto\"><\/ins><br \/>\n<script>\n(adsbygoogle = window.adsbygoogle || []).push({});\n<\/script><\/p>\n<p>Durante el acto tambi\u00e9n han intervenido el vicepresidente del Gobierno, Javier Rem\u00edrez, y el historiador Juan Jos\u00e9 Martinena, que ha glosado la historia de la bandera de Navarra. Han asistido al acto representantes de los cuerpos policiales y de las fuerzas de seguridad de Navarra, como el comandante de la Guardia Civil en Navarra, Jos\u00e9 Santiago Mart\u00edn, el coronel jefe del RICZM Am\u00e9rica 66, Ignacio Jos\u00e9 Boudet Mar\u00edn, el jefe superior de la Polic\u00eda Nacional en Navarra, Jos\u00e9 Mar\u00eda Borja, y el jefe de la Polic\u00eda Municipal de Pamplona, Javier Goya. Asimismo, han acudido representantes de las diferentes universidades y de la sociedad civil.<\/p>\n<p>La banda municipal de m\u00fasica La Pamplonesa ha amenizado el acto con la interpretaci\u00f3n de varias piezas de diferentes autores navarros de las distintas merindades, en un programa que ha querido mostrar la diversidad musical de esta tierra. Se han podido escuchar el \u2018Riau \u2013 Riau de Olite\u2019 de J.A. Jaime (Olite), la \u2018Marcha de San Andr\u00e9s\u2019 de S. Pe\u00f1as Echeverr\u00eda (Estella), la jota \u2018La estudiantina\u2019 de autor desconocido (Sang\u00fcesa), \u2018Santa Ana\u2019 de los maestros Vila y Gaztambide (Tudela) y \u2018\u00a1Viva Pamplona! \u00a1Gora Iru\u00f1a!\u2019 de Manuel Turrillas (Pamplona). La Pamplonesa ha estado dirigida por J. Vicent Egea.<br \/>\n<script async src=\"\/\/pagead2.googlesyndication.com\/pagead\/js\/adsbygoogle.js\"><\/script><br \/>\n<!-- Noticias La Guia de Pamplona --><br \/>\n<ins class=\"adsbygoogle\"\nstyle=\"display:block\"\ndata-ad-client=\"ca-pub-6943679897239327\"\ndata-ad-slot=\"7048180777\"\ndata-ad-format=\"auto\"><\/ins><br \/>\n<script>\n(adsbygoogle = window.adsbygoogle || []).push({});\n<\/script><\/p>\n<p><strong>Sistema motorizado para el izado y arriado<\/strong><\/p>\n<p>La bandera est\u00e1 ubicada en un extremo de la plaza de los Fueros pr\u00f3ximo a la avenida de Zaragoza, hacia la plaza de Pr\u00edncipe de Viana. El m\u00e1stil es de acero al carbono galvanizado y lacado y cuenta con una driza interna motorizada para el izado y arriado de la bandera. En la parte superior cuenta con luz de obst\u00e1culo de aviaci\u00f3n y pararrayos. El soporte de la cimentaci\u00f3n se ha llevado a cabo mediante la mejora de las condiciones del terreno, lo que se ha obtenido con la implantaci\u00f3n\u00a0de un ligero micropilotaje. La base del m\u00e1stil dispone, adicionalmente, de proyectores de iluminaci\u00f3n para la bandera.<\/p>\n<p>Los trabajos relativos al m\u00e1stil y a la bandera los ha ejecutado la empresa Iberti, especialista en este tipo de instalaciones. Las labores de asentamiento del terreno para la cimentaci\u00f3n y la base han corrido a cargo del propio Servicio de Obras del Ayuntamiento de Pamplona. El presupuesto del m\u00e1stil, la bandera, el transporte, la instalaci\u00f3n y el proyecto de fabricaci\u00f3n e instalaci\u00f3n visado por el colegio oficial correspondiente ha ascendido a 75.000 euros, a los que se suman unos 25.000 euros de gastos derivados de las labores de cimentaci\u00f3n. En total, el presupuesto para esta bandera ronda los 100.000 euros.<\/p>\n","protected":false},"excerpt":{"rendered":"<p>El acto de izado de la bandera ha contado con la presencia del alcalde de Pamplona y el vicepresidente del Gobierno de Navarra<\/p>\n","protected":false},"author":1,"featured_media":40988,"comment_status":"open","ping_status":"closed","sticky":false,"template":"","format":"standard","meta":{"footnotes":""},"categories":[2],"tags":[],"class_list":["post-40987","post","type-post","status-publish","format-standard","has-post-thumbnail","hentry","category-ayuntamiento-pamplona"],"yoast_head":"<!-- This site is optimized with the Yoast SEO plugin v27.5 - https:\/\/yoast.com\/product\/yoast-seo-wordpress\/ -->\n<title>Una gran bandera de Navarra ondea en la plaza de los Fueros a m\u00e1s de 30 metros de altura como s\u00edmbolo de unidad y pluralidad<\/title>\n<meta name=\"description\" content=\"El acto de izado de la bandera ha contado con la presencia del alcalde de Pamplona y el vicepresidente del Gobierno de Navarra\" \/>\n<meta name=\"robots\" content=\"index, follow, max-snippet:-1, max-image-preview:large, max-video-preview:-1\" \/>\n<link rel=\"canonical\" href=\"https:\/\/www.laguiadepamplona.com\/actualidad\/una-gran-bandera-de-navarra-ondea-en-la-plaza-de-los-fueros-a-mas-de-30-metros-de-altura-como-simbolo-de-unidad-y-pluralidad\/\" \/>\n<meta property=\"og:locale\" content=\"es_ES\" \/>\n<meta property=\"og:type\" content=\"article\" \/>\n<meta property=\"og:title\" content=\"Una gran bandera de Navarra ondea en la plaza de los Fueros a m\u00e1s de 30 metros de altura como s\u00edmbolo de unidad y pluralidad\" \/>\n<meta property=\"og:description\" content=\"El acto de izado de la bandera ha contado con la presencia del alcalde de Pamplona y el vicepresidente del Gobierno de Navarra\" \/>\n<meta property=\"og:url\" content=\"https:\/\/www.laguiadepamplona.com\/actualidad\/una-gran-bandera-de-navarra-ondea-en-la-plaza-de-los-fueros-a-mas-de-30-metros-de-altura-como-simbolo-de-unidad-y-pluralidad\/\" \/>\n<meta property=\"og:site_name\" content=\"La Gu\u00eda de Pamplona\" \/>\n<meta property=\"article:publisher\" content=\"https:\/\/www.facebook.com\/laguiadepamplonacom-133175176762273\/?ref=hl\" \/>\n<meta property=\"article:published_time\" content=\"2022-06-23T11:30:36+00:00\" \/>\n<meta property=\"article:modified_time\" content=\"2023-04-11T09:48:00+00:00\" \/>\n<meta property=\"og:image\" content=\"https:\/\/www.laguiadepamplona.com\/actualidad\/wp-content\/uploads\/2022\/06\/gran-bandera-navarra.webp\" \/>\n\t<meta property=\"og:image:width\" content=\"1920\" \/>\n\t<meta property=\"og:image:height\" content=\"1281\" \/>\n\t<meta property=\"og:image:type\" content=\"image\/webp\" \/>\n<meta name=\"author\" content=\"La Gu\u00eda de Pamplona\" \/>\n<meta name=\"twitter:card\" content=\"summary_large_image\" \/>\n<meta name=\"twitter:creator\" content=\"@LaGuiadPamplona\" \/>\n<meta name=\"twitter:site\" content=\"@LaGuiadPamplona\" \/>\n<meta name=\"twitter:label1\" content=\"Escrito por\" \/>\n\t<meta name=\"twitter:data1\" content=\"La Gu\u00eda de Pamplona\" \/>\n\t<meta name=\"twitter:label2\" content=\"Tiempo de lectura\" \/>\n\t<meta name=\"twitter:data2\" content=\"3 minutos\" \/>\n<script type=\"application\/ld+json\" class=\"yoast-schema-graph\">{\"@context\":\"https:\\\/\\\/schema.org\",\"@graph\":[{\"@type\":\"Article\",\"@id\":\"https:\\\/\\\/www.laguiadepamplona.com\\\/actualidad\\\/una-gran-bandera-de-navarra-ondea-en-la-plaza-de-los-fueros-a-mas-de-30-metros-de-altura-como-simbolo-de-unidad-y-pluralidad\\\/#article\",\"isPartOf\":{\"@id\":\"https:\\\/\\\/www.laguiadepamplona.com\\\/actualidad\\\/una-gran-bandera-de-navarra-ondea-en-la-plaza-de-los-fueros-a-mas-de-30-metros-de-altura-como-simbolo-de-unidad-y-pluralidad\\\/\"},\"author\":{\"name\":\"La Gu\u00eda de Pamplona\",\"@id\":\"https:\\\/\\\/www.laguiadepamplona.com\\\/actualidad\\\/#\\\/schema\\\/person\\\/efe887376f0213d4657c93adc50b1fdb\"},\"headline\":\"Una gran bandera de Navarra ondea en la plaza de los Fueros a m\u00e1s de 30 metros de altura como s\u00edmbolo de unidad y pluralidad\",\"datePublished\":\"2022-06-23T11:30:36+00:00\",\"dateModified\":\"2023-04-11T09:48:00+00:00\",\"mainEntityOfPage\":{\"@id\":\"https:\\\/\\\/www.laguiadepamplona.com\\\/actualidad\\\/una-gran-bandera-de-navarra-ondea-en-la-plaza-de-los-fueros-a-mas-de-30-metros-de-altura-como-simbolo-de-unidad-y-pluralidad\\\/\"},\"wordCount\":683,\"commentCount\":0,\"publisher\":{\"@id\":\"https:\\\/\\\/www.laguiadepamplona.com\\\/actualidad\\\/#organization\"},\"image\":{\"@id\":\"https:\\\/\\\/www.laguiadepamplona.com\\\/actualidad\\\/una-gran-bandera-de-navarra-ondea-en-la-plaza-de-los-fueros-a-mas-de-30-metros-de-altura-como-simbolo-de-unidad-y-pluralidad\\\/#primaryimage\"},\"thumbnailUrl\":\"https:\\\/\\\/www.laguiadepamplona.com\\\/actualidad\\\/wp-content\\\/uploads\\\/2022\\\/06\\\/gran-bandera-navarra.webp\",\"articleSection\":[\"Ayto Pamplona\"],\"inLanguage\":\"es\",\"potentialAction\":[{\"@type\":\"CommentAction\",\"name\":\"Comment\",\"target\":[\"https:\\\/\\\/www.laguiadepamplona.com\\\/actualidad\\\/una-gran-bandera-de-navarra-ondea-en-la-plaza-de-los-fueros-a-mas-de-30-metros-de-altura-como-simbolo-de-unidad-y-pluralidad\\\/#respond\"]}]},{\"@type\":\"WebPage\",\"@id\":\"https:\\\/\\\/www.laguiadepamplona.com\\\/actualidad\\\/una-gran-bandera-de-navarra-ondea-en-la-plaza-de-los-fueros-a-mas-de-30-metros-de-altura-como-simbolo-de-unidad-y-pluralidad\\\/\",\"url\":\"https:\\\/\\\/www.laguiadepamplona.com\\\/actualidad\\\/una-gran-bandera-de-navarra-ondea-en-la-plaza-de-los-fueros-a-mas-de-30-metros-de-altura-como-simbolo-de-unidad-y-pluralidad\\\/\",\"name\":\"Una gran bandera de Navarra ondea en la plaza de los Fueros a m\u00e1s de 30 metros de altura como s\u00edmbolo de unidad y pluralidad\",\"isPartOf\":{\"@id\":\"https:\\\/\\\/www.laguiadepamplona.com\\\/actualidad\\\/#website\"},\"primaryImageOfPage\":{\"@id\":\"https:\\\/\\\/www.laguiadepamplona.com\\\/actualidad\\\/una-gran-bandera-de-navarra-ondea-en-la-plaza-de-los-fueros-a-mas-de-30-metros-de-altura-como-simbolo-de-unidad-y-pluralidad\\\/#primaryimage\"},\"image\":{\"@id\":\"https:\\\/\\\/www.laguiadepamplona.com\\\/actualidad\\\/una-gran-bandera-de-navarra-ondea-en-la-plaza-de-los-fueros-a-mas-de-30-metros-de-altura-como-simbolo-de-unidad-y-pluralidad\\\/#primaryimage\"},\"thumbnailUrl\":\"https:\\\/\\\/www.laguiadepamplona.com\\\/actualidad\\\/wp-content\\\/uploads\\\/2022\\\/06\\\/gran-bandera-navarra.webp\",\"datePublished\":\"2022-06-23T11:30:36+00:00\",\"dateModified\":\"2023-04-11T09:48:00+00:00\",\"description\":\"El acto de izado de la bandera ha contado con la presencia del alcalde de Pamplona y el vicepresidente del Gobierno de Navarra\",\"breadcrumb\":{\"@id\":\"https:\\\/\\\/www.laguiadepamplona.com\\\/actualidad\\\/una-gran-bandera-de-navarra-ondea-en-la-plaza-de-los-fueros-a-mas-de-30-metros-de-altura-como-simbolo-de-unidad-y-pluralidad\\\/#breadcrumb\"},\"inLanguage\":\"es\",\"potentialAction\":[{\"@type\":\"ReadAction\",\"target\":[\"https:\\\/\\\/www.laguiadepamplona.com\\\/actualidad\\\/una-gran-bandera-de-navarra-ondea-en-la-plaza-de-los-fueros-a-mas-de-30-metros-de-altura-como-simbolo-de-unidad-y-pluralidad\\\/\"]}]},{\"@type\":\"ImageObject\",\"inLanguage\":\"es\",\"@id\":\"https:\\\/\\\/www.laguiadepamplona.com\\\/actualidad\\\/una-gran-bandera-de-navarra-ondea-en-la-plaza-de-los-fueros-a-mas-de-30-metros-de-altura-como-simbolo-de-unidad-y-pluralidad\\\/#primaryimage\",\"url\":\"https:\\\/\\\/www.laguiadepamplona.com\\\/actualidad\\\/wp-content\\\/uploads\\\/2022\\\/06\\\/gran-bandera-navarra.webp\",\"contentUrl\":\"https:\\\/\\\/www.laguiadepamplona.com\\\/actualidad\\\/wp-content\\\/uploads\\\/2022\\\/06\\\/gran-bandera-navarra.webp\",\"width\":1920,\"height\":1281},{\"@type\":\"BreadcrumbList\",\"@id\":\"https:\\\/\\\/www.laguiadepamplona.com\\\/actualidad\\\/una-gran-bandera-de-navarra-ondea-en-la-plaza-de-los-fueros-a-mas-de-30-metros-de-altura-como-simbolo-de-unidad-y-pluralidad\\\/#breadcrumb\",\"itemListElement\":[{\"@type\":\"ListItem\",\"position\":1,\"name\":\"Portada\",\"item\":\"https:\\\/\\\/www.laguiadepamplona.com\\\/actualidad\\\/\"},{\"@type\":\"ListItem\",\"position\":2,\"name\":\"Una gran bandera de Navarra ondea en la plaza de los Fueros a m\u00e1s de 30 metros de altura como s\u00edmbolo de unidad y pluralidad\"}]},{\"@type\":\"WebSite\",\"@id\":\"https:\\\/\\\/www.laguiadepamplona.com\\\/actualidad\\\/#website\",\"url\":\"https:\\\/\\\/www.laguiadepamplona.com\\\/actualidad\\\/\",\"name\":\"La gu\u00eda de Pamplona\",\"description\":\"Noticias de Pamplona\",\"publisher\":{\"@id\":\"https:\\\/\\\/www.laguiadepamplona.com\\\/actualidad\\\/#organization\"},\"potentialAction\":[{\"@type\":\"SearchAction\",\"target\":{\"@type\":\"EntryPoint\",\"urlTemplate\":\"https:\\\/\\\/www.laguiadepamplona.com\\\/actualidad\\\/?s={search_term_string}\"},\"query-input\":{\"@type\":\"PropertyValueSpecification\",\"valueRequired\":true,\"valueName\":\"search_term_string\"}}],\"inLanguage\":\"es\"},{\"@type\":\"Organization\",\"@id\":\"https:\\\/\\\/www.laguiadepamplona.com\\\/actualidad\\\/#organization\",\"name\":\"La Gu\u00eda de Pamplona \\\/ Noticias\",\"url\":\"https:\\\/\\\/www.laguiadepamplona.com\\\/actualidad\\\/\",\"logo\":{\"@type\":\"ImageObject\",\"inLanguage\":\"es\",\"@id\":\"https:\\\/\\\/www.laguiadepamplona.com\\\/actualidad\\\/#\\\/schema\\\/logo\\\/image\\\/\",\"url\":\"https:\\\/\\\/www.laguiadepamplona.com\\\/actualidad\\\/wp-content\\\/uploads\\\/2018\\\/11\\\/logo-laguiadepamplona18-web1.png\",\"contentUrl\":\"https:\\\/\\\/www.laguiadepamplona.com\\\/actualidad\\\/wp-content\\\/uploads\\\/2018\\\/11\\\/logo-laguiadepamplona18-web1.png\",\"width\":600,\"height\":196,\"caption\":\"La Gu\u00eda de Pamplona \\\/ Noticias\"},\"image\":{\"@id\":\"https:\\\/\\\/www.laguiadepamplona.com\\\/actualidad\\\/#\\\/schema\\\/logo\\\/image\\\/\"},\"sameAs\":[\"https:\\\/\\\/www.facebook.com\\\/laguiadepamplonacom-133175176762273\\\/?ref=hl\",\"https:\\\/\\\/x.com\\\/LaGuiadPamplona\",\"https:\\\/\\\/www.instagram.com\\\/la_guia_de_pamplona\\\/\",\"https:\\\/\\\/www.youtube.com\\\/user\\\/laguiadepamplona\"]},{\"@type\":\"Person\",\"@id\":\"https:\\\/\\\/www.laguiadepamplona.com\\\/actualidad\\\/#\\\/schema\\\/person\\\/efe887376f0213d4657c93adc50b1fdb\",\"name\":\"La Gu\u00eda de Pamplona\",\"image\":{\"@type\":\"ImageObject\",\"inLanguage\":\"es\",\"@id\":\"https:\\\/\\\/secure.gravatar.com\\\/avatar\\\/b6992f131dc8d30ab0dff15446e9d346d9dbd95992de0fef795073f5ea83a81c?s=96&d=mm&r=g\",\"url\":\"https:\\\/\\\/secure.gravatar.com\\\/avatar\\\/b6992f131dc8d30ab0dff15446e9d346d9dbd95992de0fef795073f5ea83a81c?s=96&d=mm&r=g\",\"contentUrl\":\"https:\\\/\\\/secure.gravatar.com\\\/avatar\\\/b6992f131dc8d30ab0dff15446e9d346d9dbd95992de0fef795073f5ea83a81c?s=96&d=mm&r=g\",\"caption\":\"La Gu\u00eda de Pamplona\"}}]}<\/script>\n<!-- \/ Yoast SEO plugin. -->","yoast_head_json":{"title":"Una gran bandera de Navarra ondea en la plaza de los Fueros a m\u00e1s de 30 metros de altura como s\u00edmbolo de unidad y pluralidad","description":"El acto de izado de la bandera ha contado con la presencia del alcalde de Pamplona y el vicepresidente del Gobierno de Navarra","robots":{"index":"index","follow":"follow","max-snippet":"max-snippet:-1","max-image-preview":"max-image-preview:large","max-video-preview":"max-video-preview:-1"},"canonical":"https:\/\/www.laguiadepamplona.com\/actualidad\/una-gran-bandera-de-navarra-ondea-en-la-plaza-de-los-fueros-a-mas-de-30-metros-de-altura-como-simbolo-de-unidad-y-pluralidad\/","og_locale":"es_ES","og_type":"article","og_title":"Una gran bandera de Navarra ondea en la plaza de los Fueros a m\u00e1s de 30 metros de altura como s\u00edmbolo de unidad y pluralidad","og_description":"El acto de izado de la bandera ha contado con la presencia del alcalde de Pamplona y el vicepresidente del Gobierno de Navarra","og_url":"https:\/\/www.laguiadepamplona.com\/actualidad\/una-gran-bandera-de-navarra-ondea-en-la-plaza-de-los-fueros-a-mas-de-30-metros-de-altura-como-simbolo-de-unidad-y-pluralidad\/","og_site_name":"La Gu\u00eda de Pamplona","article_publisher":"https:\/\/www.facebook.com\/laguiadepamplonacom-133175176762273\/?ref=hl","article_published_time":"2022-06-23T11:30:36+00:00","article_modified_time":"2023-04-11T09:48:00+00:00","og_image":[{"width":1920,"height":1281,"url":"https:\/\/www.laguiadepamplona.com\/actualidad\/wp-content\/uploads\/2022\/06\/gran-bandera-navarra.webp","type":"image\/webp"}],"author":"La Gu\u00eda de Pamplona","twitter_card":"summary_large_image","twitter_creator":"@LaGuiadPamplona","twitter_site":"@LaGuiadPamplona","twitter_misc":{"Escrito por":"La Gu\u00eda de Pamplona","Tiempo de lectura":"3 minutos"},"schema":{"@context":"https:\/\/schema.org","@graph":[{"@type":"Article","@id":"https:\/\/www.laguiadepamplona.com\/actualidad\/una-gran-bandera-de-navarra-ondea-en-la-plaza-de-los-fueros-a-mas-de-30-metros-de-altura-como-simbolo-de-unidad-y-pluralidad\/#article","isPartOf":{"@id":"https:\/\/www.laguiadepamplona.com\/actualidad\/una-gran-bandera-de-navarra-ondea-en-la-plaza-de-los-fueros-a-mas-de-30-metros-de-altura-como-simbolo-de-unidad-y-pluralidad\/"},"author":{"name":"La Gu\u00eda de Pamplona","@id":"https:\/\/www.laguiadepamplona.com\/actualidad\/#\/schema\/person\/efe887376f0213d4657c93adc50b1fdb"},"headline":"Una gran bandera de Navarra ondea en la plaza de los Fueros a m\u00e1s de 30 metros de altura como s\u00edmbolo de unidad y pluralidad","datePublished":"2022-06-23T11:30:36+00:00","dateModified":"2023-04-11T09:48:00+00:00","mainEntityOfPage":{"@id":"https:\/\/www.laguiadepamplona.com\/actualidad\/una-gran-bandera-de-navarra-ondea-en-la-plaza-de-los-fueros-a-mas-de-30-metros-de-altura-como-simbolo-de-unidad-y-pluralidad\/"},"wordCount":683,"commentCount":0,"publisher":{"@id":"https:\/\/www.laguiadepamplona.com\/actualidad\/#organization"},"image":{"@id":"https:\/\/www.laguiadepamplona.com\/actualidad\/una-gran-bandera-de-navarra-ondea-en-la-plaza-de-los-fueros-a-mas-de-30-metros-de-altura-como-simbolo-de-unidad-y-pluralidad\/#primaryimage"},"thumbnailUrl":"https:\/\/www.laguiadepamplona.com\/actualidad\/wp-content\/uploads\/2022\/06\/gran-bandera-navarra.webp","articleSection":["Ayto Pamplona"],"inLanguage":"es","potentialAction":[{"@type":"CommentAction","name":"Comment","target":["https:\/\/www.laguiadepamplona.com\/actualidad\/una-gran-bandera-de-navarra-ondea-en-la-plaza-de-los-fueros-a-mas-de-30-metros-de-altura-como-simbolo-de-unidad-y-pluralidad\/#respond"]}]},{"@type":"WebPage","@id":"https:\/\/www.laguiadepamplona.com\/actualidad\/una-gran-bandera-de-navarra-ondea-en-la-plaza-de-los-fueros-a-mas-de-30-metros-de-altura-como-simbolo-de-unidad-y-pluralidad\/","url":"https:\/\/www.laguiadepamplona.com\/actualidad\/una-gran-bandera-de-navarra-ondea-en-la-plaza-de-los-fueros-a-mas-de-30-metros-de-altura-como-simbolo-de-unidad-y-pluralidad\/","name":"Una gran bandera de Navarra ondea en la plaza de los Fueros a m\u00e1s de 30 metros de altura como s\u00edmbolo de unidad y pluralidad","isPartOf":{"@id":"https:\/\/www.laguiadepamplona.com\/actualidad\/#website"},"primaryImageOfPage":{"@id":"https:\/\/www.laguiadepamplona.com\/actualidad\/una-gran-bandera-de-navarra-ondea-en-la-plaza-de-los-fueros-a-mas-de-30-metros-de-altura-como-simbolo-de-unidad-y-pluralidad\/#primaryimage"},"image":{"@id":"https:\/\/www.laguiadepamplona.com\/actualidad\/una-gran-bandera-de-navarra-ondea-en-la-plaza-de-los-fueros-a-mas-de-30-metros-de-altura-como-simbolo-de-unidad-y-pluralidad\/#primaryimage"},"thumbnailUrl":"https:\/\/www.laguiadepamplona.com\/actualidad\/wp-content\/uploads\/2022\/06\/gran-bandera-navarra.webp","datePublished":"2022-06-23T11:30:36+00:00","dateModified":"2023-04-11T09:48:00+00:00","description":"El acto de izado de la bandera ha contado con la presencia del alcalde de Pamplona y el vicepresidente del Gobierno de Navarra","breadcrumb":{"@id":"https:\/\/www.laguiadepamplona.com\/actualidad\/una-gran-bandera-de-navarra-ondea-en-la-plaza-de-los-fueros-a-mas-de-30-metros-de-altura-como-simbolo-de-unidad-y-pluralidad\/#breadcrumb"},"inLanguage":"es","potentialAction":[{"@type":"ReadAction","target":["https:\/\/www.laguiadepamplona.com\/actualidad\/una-gran-bandera-de-navarra-ondea-en-la-plaza-de-los-fueros-a-mas-de-30-metros-de-altura-como-simbolo-de-unidad-y-pluralidad\/"]}]},{"@type":"ImageObject","inLanguage":"es","@id":"https:\/\/www.laguiadepamplona.com\/actualidad\/una-gran-bandera-de-navarra-ondea-en-la-plaza-de-los-fueros-a-mas-de-30-metros-de-altura-como-simbolo-de-unidad-y-pluralidad\/#primaryimage","url":"https:\/\/www.laguiadepamplona.com\/actualidad\/wp-content\/uploads\/2022\/06\/gran-bandera-navarra.webp","contentUrl":"https:\/\/www.laguiadepamplona.com\/actualidad\/wp-content\/uploads\/2022\/06\/gran-bandera-navarra.webp","width":1920,"height":1281},{"@type":"BreadcrumbList","@id":"https:\/\/www.laguiadepamplona.com\/actualidad\/una-gran-bandera-de-navarra-ondea-en-la-plaza-de-los-fueros-a-mas-de-30-metros-de-altura-como-simbolo-de-unidad-y-pluralidad\/#breadcrumb","itemListElement":[{"@type":"ListItem","position":1,"name":"Portada","item":"https:\/\/www.laguiadepamplona.com\/actualidad\/"},{"@type":"ListItem","position":2,"name":"Una gran bandera de Navarra ondea en la plaza de los Fueros a m\u00e1s de 30 metros de altura como s\u00edmbolo de unidad y pluralidad"}]},{"@type":"WebSite","@id":"https:\/\/www.laguiadepamplona.com\/actualidad\/#website","url":"https:\/\/www.laguiadepamplona.com\/actualidad\/","name":"La gu\u00eda de Pamplona","description":"Noticias de Pamplona","publisher":{"@id":"https:\/\/www.laguiadepamplona.com\/actualidad\/#organization"},"potentialAction":[{"@type":"SearchAction","target":{"@type":"EntryPoint","urlTemplate":"https:\/\/www.laguiadepamplona.com\/actualidad\/?s={search_term_string}"},"query-input":{"@type":"PropertyValueSpecification","valueRequired":true,"valueName":"search_term_string"}}],"inLanguage":"es"},{"@type":"Organization","@id":"https:\/\/www.laguiadepamplona.com\/actualidad\/#organization","name":"La Gu\u00eda de Pamplona \/ Noticias","url":"https:\/\/www.laguiadepamplona.com\/actualidad\/","logo":{"@type":"ImageObject","inLanguage":"es","@id":"https:\/\/www.laguiadepamplona.com\/actualidad\/#\/schema\/logo\/image\/","url":"https:\/\/www.laguiadepamplona.com\/actualidad\/wp-content\/uploads\/2018\/11\/logo-laguiadepamplona18-web1.png","contentUrl":"https:\/\/www.laguiadepamplona.com\/actualidad\/wp-content\/uploads\/2018\/11\/logo-laguiadepamplona18-web1.png","width":600,"height":196,"caption":"La Gu\u00eda de Pamplona \/ Noticias"},"image":{"@id":"https:\/\/www.laguiadepamplona.com\/actualidad\/#\/schema\/logo\/image\/"},"sameAs":["https:\/\/www.facebook.com\/laguiadepamplonacom-133175176762273\/?ref=hl","https:\/\/x.com\/LaGuiadPamplona","https:\/\/www.instagram.com\/la_guia_de_pamplona\/","https:\/\/www.youtube.com\/user\/laguiadepamplona"]},{"@type":"Person","@id":"https:\/\/www.laguiadepamplona.com\/actualidad\/#\/schema\/person\/efe887376f0213d4657c93adc50b1fdb","name":"La Gu\u00eda de Pamplona","image":{"@type":"ImageObject","inLanguage":"es","@id":"https:\/\/secure.gravatar.com\/avatar\/b6992f131dc8d30ab0dff15446e9d346d9dbd95992de0fef795073f5ea83a81c?s=96&d=mm&r=g","url":"https:\/\/secure.gravatar.com\/avatar\/b6992f131dc8d30ab0dff15446e9d346d9dbd95992de0fef795073f5ea83a81c?s=96&d=mm&r=g","contentUrl":"https:\/\/secure.gravatar.com\/avatar\/b6992f131dc8d30ab0dff15446e9d346d9dbd95992de0fef795073f5ea83a81c?s=96&d=mm&r=g","caption":"La Gu\u00eda de Pamplona"}}]}},"post_mailing_queue_ids":[],"_links":{"self":[{"href":"https:\/\/www.laguiadepamplona.com\/actualidad\/wp-json\/wp\/v2\/posts\/40987","targetHints":{"allow":["GET"]}}],"collection":[{"href":"https:\/\/www.laguiadepamplona.com\/actualidad\/wp-json\/wp\/v2\/posts"}],"about":[{"href":"https:\/\/www.laguiadepamplona.com\/actualidad\/wp-json\/wp\/v2\/types\/post"}],"author":[{"embeddable":true,"href":"https:\/\/www.laguiadepamplona.com\/actualidad\/wp-json\/wp\/v2\/users\/1"}],"replies":[{"embeddable":true,"href":"https:\/\/www.laguiadepamplona.com\/actualidad\/wp-json\/wp\/v2\/comments?post=40987"}],"version-history":[{"count":0,"href":"https:\/\/www.laguiadepamplona.com\/actualidad\/wp-json\/wp\/v2\/posts\/40987\/revisions"}],"wp:featuredmedia":[{"embeddable":true,"href":"https:\/\/www.laguiadepamplona.com\/actualidad\/wp-json\/wp\/v2\/media\/40988"}],"wp:attachment":[{"href":"https:\/\/www.laguiadepamplona.com\/actualidad\/wp-json\/wp\/v2\/media?parent=40987"}],"wp:term":[{"taxonomy":"category","embeddable":true,"href":"https:\/\/www.laguiadepamplona.com\/actualidad\/wp-json\/wp\/v2\/categories?post=40987"},{"taxonomy":"post_tag","embeddable":true,"href":"https:\/\/www.laguiadepamplona.com\/actualidad\/wp-json\/wp\/v2\/tags?post=40987"}],"curies":[{"name":"wp","href":"https:\/\/api.w.org\/{rel}","templated":true}]}}