{"id":40984,"date":"2022-06-22T16:46:55","date_gmt":"2022-06-22T14:46:55","guid":{"rendered":"https:\/\/www.laguiadepamplona.com\/actualidad\/?p=40984"},"modified":"2023-04-11T11:48:00","modified_gmt":"2023-04-11T09:48:00","slug":"la-nueva-ordenacion-del-segundo-ensanche-prioriza-el-transito-peatonal-y-contempla-4-400-nuevas-plazas-de-aparcamiento-subterraneas","status":"publish","type":"post","link":"https:\/\/www.laguiadepamplona.com\/actualidad\/la-nueva-ordenacion-del-segundo-ensanche-prioriza-el-transito-peatonal-y-contempla-4-400-nuevas-plazas-de-aparcamiento-subterraneas\/","title":{"rendered":"La nueva ordenaci\u00f3n del Segundo Ensanche prioriza el tr\u00e1nsito peatonal y contempla 4.400 nuevas plazas de aparcamiento subterr\u00e1neas"},"content":{"rendered":"<h5>El Plan Especial de Actuaci\u00f3n Urbana prev\u00e9 actuar en siete \u00e1reas clave como la antigua estaci\u00f3n de autobuses, la plaza de la Libertad o Blanca de Navarra<\/h5>\n<p><!--more--><\/p>\n<p>Reordenar los usos del viario p\u00fabico, dando prioridad al peat\u00f3n y generando nuevos espacios libres, es el objetivo que persigue el Plan Especial de Actuaci\u00f3n Urbana (PEAU) del Segundo Ensanche. Para ello, se prev\u00e9 reurbanizar varias calles y crear 4.400 plazas de aparcamiento subterr\u00e1neas nuevas, resultantes de aparcamientos p\u00fablicos en la antigua estaci\u00f3n de autobuses, en la calle Olite, la plaza de la Cruz, la avenida Carlos III y la avenida Galicia. \u00c9stas se sumar\u00edan a las 6.578 actuales y a unas 3.500 plazas de iniciativas privadas bajo edificaci\u00f3n residencial existentes, por lo que la capacidad de aparcamientos bajo rasante del II Ensanche ascender\u00e1 hasta 14.400 plazas.<\/p>\n<p>\u00c9sta es una de las acciones previstas en el nuevo PEAU, que el equipo redactor ha presentado hoy a la Comisi\u00f3n de Urbanismo del Ayuntamiento de Pamplona. El documento, que todav\u00eda debe ser aprobado, contempla la necesidad de actuar en siete \u00e1reas prioritarias. Uno de ellos ser\u00e1 la plaza de Merindades, que en un futuro podr\u00eda suprimir su rotonda actual alargando aceras y conectando m\u00e1s los dos tramos de Carlos II. Esto requerir\u00eda trasladar la circulaci\u00f3n al eje central de la avenida y la fuente ornamental se desplaza ligeramente hacia la parte alta de Carlos III.<\/p>\n<p>Adem\u00e1s, entre esas \u00e1reas prioritarias, se han marcado como espacios de oportunidad la antigua estaci\u00f3n de autobuses y la plaza de La Paz, la plaza de la Libertad, la manzana del Mercado y las calles colindantes, la plaza Blanca de Navarra, la zona del Seminario y la de Telef\u00f3nica y Misioneras. Las actuaciones en estos \u00e1mbitos buscan, por un lado, consolidar la red de equipamientos, tanto p\u00fablicos como privados, y, por otro, recuperar y crear espacios libres, zonas verdes y \u00e1reas de estancia en el Ensanche. Todo ello, prestando especial atenci\u00f3n a la protecci\u00f3n y conservaci\u00f3n del patrimonio edificado y la singular planificaci\u00f3n del barrio.<br \/>\n<script async src=\"\/\/pagead2.googlesyndication.com\/pagead\/js\/adsbygoogle.js\"><\/script><br \/>\n<!-- Noticias La Guia de Pamplona --><br \/>\n<ins class=\"adsbygoogle\"\nstyle=\"display:block\"\ndata-ad-client=\"ca-pub-6943679897239327\"\ndata-ad-slot=\"7048180777\"\ndata-ad-format=\"auto\"><\/ins><br \/>\n<script>\n(adsbygoogle = window.adsbygoogle || []).push({});\n<\/script><\/p>\n<p><strong>Siete \u00e1reas de oportunidad<\/strong><\/p>\n<p>En lo que respecta a la plaza de La Paz y la antigua estaci\u00f3n de autobuses, el documento prev\u00e9 un uso dotacional p\u00fablico del inmueble. No obstante, contempla dos alternativas: el mantenimiento del edificio actual o su sustituci\u00f3n por otro edificio emblem\u00e1tico. En este caso, el nuevo inmueble deber\u00e1 permitir la permeabilidad de la manzana y su integraci\u00f3n en el espacio urbano circundante.<\/p>\n<p>En la plaza de la Libertad se prev\u00e9 una reurbanizaci\u00f3n completa, reconfigurando el espacio y eliminando las barreras arquitect\u00f3nicas de los accesos, que suponen un freno importante al tr\u00e1nsito y la conectividad del Ensanche con Lezkairu. En la proximidad a este espacio, tambi\u00e9n se contempla como \u00e1rea clave el entorno del edificio de Tel\u00e9fonica y de las Misioneras. La reurbanizaci\u00f3n de esta \u00faltima zona, que ha sido aprobada recientemente, supondr\u00e1 dar continuidad a la calle Amaya creando una nueva calle peatonal. Adem\u00e1s, se prev\u00e9 una nueva plaza como remate a la calle Olite y la creaci\u00f3n de nuevos espacios p\u00fablicos. El edificio de Telef\u00f3nica pasar\u00e1 a ser residencial, tal y como lo plantea el Plan Municipal.<br \/>\n<script async src=\"\/\/pagead2.googlesyndication.com\/pagead\/js\/adsbygoogle.js\"><\/script><br \/>\n<!-- Noticias La Guia de Pamplona --><br \/>\n<ins class=\"adsbygoogle\"\nstyle=\"display:block\"\ndata-ad-client=\"ca-pub-6943679897239327\"\ndata-ad-slot=\"7048180777\"\ndata-ad-format=\"auto\"><\/ins><br \/>\n<script>\n(adsbygoogle = window.adsbygoogle || []).push({});\n<\/script><\/p>\n<p>El Plan plantea tambi\u00e9n la necesidad de rehabilitar la manzana del Mercado, con una reforma integral para mejorar la eficiencia, pero preservando la singularidad del inmueble y su actividad. Estas acciones se complementar\u00e1n con la reurbanizaci\u00f3n de las calles colindantes (calle Amaya, Felipe de Gorriti y Tafalla), de forma que se obtenga una mayor zona peatonal alrededor del Mercado. Otra de las actuaciones clave ser\u00e1 en la plaza Blanca de Navarra, donde se plantea la posibilidad de renovar una de las manzanas.<\/p>\n<p>Asimismo, se baraja como \u00e1rea de oportunidad la manzana del Seminario, en el extremo este del Ensanche. En ella, se plantea segregar la parcela que se ubica junto a la actual gasolinera (ubicada en la carretera Badost\u00e1in, en la trasera del Seminario) para destinarla a uso comercial y de oficinas, que no supere las dos alturas.<\/p>\n<p>A todo ello se suman tambi\u00e9n otras actuaciones pensadas para revitalizar o transformar otros puntos del Ensanche como la plaza de la Cruz, el entorno de la calle Teobaldos-Plaza de Toros y parque de la Media Luna, la calle San Ferm\u00edn y los \u00e1mbitos de las colonias en el entorno de la Media Luna y calle Valle de Roncal. En ellas se plantean ensanchamientos de aceras, implementaci\u00f3n de arbolado, ampliaci\u00f3n de zonas peatonales o de preferencia peatonal, y nuevos espacios de encuentro.<br \/>\n<script async src=\"\/\/pagead2.googlesyndication.com\/pagead\/js\/adsbygoogle.js\"><\/script><br \/>\n<!-- Noticias La Guia de Pamplona --><br \/>\n<ins class=\"adsbygoogle\"\nstyle=\"display:block\"\ndata-ad-client=\"ca-pub-6943679897239327\"\ndata-ad-slot=\"7048180777\"\ndata-ad-format=\"auto\"><\/ins><br \/>\n<script>\n(adsbygoogle = window.adsbygoogle || []).push({});\n<\/script><\/p>\n<p><strong>Sobre el Segundo Ensanche<\/strong><\/p>\n<p>El Segundo Ensanche cuenta con un parque residencial de viviendas cifrado en 10.102, incluyendo las promociones actualmente en construcci\u00f3n de Maristas, Salesianos y los antiguos cines Saide. El parque de viviendas no utilizadas llega a las 1.000, un 8%. Esa oferta residencial es amplia y diversificada, en cuanto a tama\u00f1o, tipo y precio de la vivienda, con entre 80 y 450 metros cuadrados, pisos o viviendas unifamiliares. El PERI de 2007 preve\u00eda su ampliaci\u00f3n hasta las 10.811 viviendas. No obstante, el PEAU ahora en tramitaci\u00f3n fija en 10.512 la capacidad m\u00e1xima del barrio.<\/p>\n<p>Aunque en los \u00faltimos a\u00f1os se ha reducido el \u00edndice de envejecimiento del barrio, un 23% de las personas que viven en el Segundo Ensanche tiene m\u00e1s de 65 a\u00f1os y un 63,6% tiene la consideraci\u00f3n de inactiva, ya que a esas personas mayores se une una fuerte presencia de menores de 15 a\u00f1os en la zona.<\/p>\n<p>El barrio se reafirma como un centro de servicios profesionales y empresariales de prestigio, en el que se entremezclan la tradici\u00f3n y la modernidad. La actividad productiva est\u00e1 articulada por una red de m\u00e1s de 5.200 centros de trabajo, una parte importante ubicada en oficinas establecidas en edificios residenciales y otra tambi\u00e9n significativa en locales a pie de calle. Un tercio de esos locales, unos 1.950 (37%) se ubican en los ejes urbanos principales del Segundo Ensanche (plaza de Merindades, plaza de la Libertad, Carlos III o paseo de Sarasate). La din\u00e1mica residencial se apoya en el cambio de usos terciarios a uso residencial y en la divisi\u00f3n de viviendas de gran tama\u00f1o en unidades de vivienda m\u00e1s asequibles.<\/p>\n","protected":false},"excerpt":{"rendered":"<p>El Plan Especial de Actuaci\u00f3n Urbana prev\u00e9 actuar en siete \u00e1reas clave como la antigua estaci\u00f3n de autobuses, la plaza de la Libertad o Blanca de Navarra<\/p>\n","protected":false},"author":1,"featured_media":40985,"comment_status":"open","ping_status":"closed","sticky":false,"template":"","format":"standard","meta":{"footnotes":""},"categories":[2],"tags":[],"class_list":["post-40984","post","type-post","status-publish","format-standard","has-post-thumbnail","hentry","category-ayuntamiento-pamplona"],"yoast_head":"<!-- This site is optimized with the Yoast SEO plugin v27.3 - https:\/\/yoast.com\/product\/yoast-seo-wordpress\/ -->\n<title>La nueva ordenaci\u00f3n del Segundo Ensanche prioriza el tr\u00e1nsito peatonal y contempla 4.400 nuevas plazas de aparcamiento subterr\u00e1neas<\/title>\n<meta name=\"description\" content=\"El Plan Especial de Actuaci\u00f3n Urbana prev\u00e9 actuar en siete \u00e1reas clave como la antigua estaci\u00f3n de autobuses, la plaza de la Libertad o Blanca de Navarra\" \/>\n<meta name=\"robots\" content=\"index, follow, max-snippet:-1, max-image-preview:large, max-video-preview:-1\" \/>\n<link rel=\"canonical\" href=\"https:\/\/www.laguiadepamplona.com\/actualidad\/la-nueva-ordenacion-del-segundo-ensanche-prioriza-el-transito-peatonal-y-contempla-4-400-nuevas-plazas-de-aparcamiento-subterraneas\/\" \/>\n<meta property=\"og:locale\" content=\"es_ES\" \/>\n<meta property=\"og:type\" content=\"article\" \/>\n<meta property=\"og:title\" content=\"La nueva ordenaci\u00f3n del Segundo Ensanche prioriza el tr\u00e1nsito peatonal y contempla 4.400 nuevas plazas de aparcamiento subterr\u00e1neas\" \/>\n<meta property=\"og:description\" content=\"El Plan Especial de Actuaci\u00f3n Urbana prev\u00e9 actuar en siete \u00e1reas clave como la antigua estaci\u00f3n de autobuses, la plaza de la Libertad o Blanca de Navarra\" \/>\n<meta property=\"og:url\" content=\"https:\/\/www.laguiadepamplona.com\/actualidad\/la-nueva-ordenacion-del-segundo-ensanche-prioriza-el-transito-peatonal-y-contempla-4-400-nuevas-plazas-de-aparcamiento-subterraneas\/\" \/>\n<meta property=\"og:site_name\" content=\"La Gu\u00eda de Pamplona\" \/>\n<meta property=\"article:publisher\" content=\"https:\/\/www.facebook.com\/laguiadepamplonacom-133175176762273\/?ref=hl\" \/>\n<meta property=\"article:published_time\" content=\"2022-06-22T14:46:55+00:00\" \/>\n<meta property=\"article:modified_time\" content=\"2023-04-11T09:48:00+00:00\" \/>\n<meta property=\"og:image\" content=\"https:\/\/www.laguiadepamplona.com\/actualidad\/wp-content\/uploads\/2022\/06\/22.06.22_peau_segundo_ensanche.webp\" \/>\n\t<meta property=\"og:image:width\" content=\"1524\" \/>\n\t<meta property=\"og:image:height\" content=\"859\" \/>\n\t<meta property=\"og:image:type\" content=\"image\/webp\" \/>\n<meta name=\"author\" content=\"La Gu\u00eda de Pamplona\" \/>\n<meta name=\"twitter:card\" content=\"summary_large_image\" \/>\n<meta name=\"twitter:creator\" content=\"@LaGuiadPamplona\" \/>\n<meta name=\"twitter:site\" content=\"@LaGuiadPamplona\" \/>\n<meta name=\"twitter:label1\" content=\"Escrito por\" \/>\n\t<meta name=\"twitter:data1\" content=\"La Gu\u00eda de Pamplona\" \/>\n\t<meta name=\"twitter:label2\" content=\"Tiempo de lectura\" \/>\n\t<meta name=\"twitter:data2\" content=\"5 minutos\" \/>\n<script type=\"application\/ld+json\" class=\"yoast-schema-graph\">{\"@context\":\"https:\\\/\\\/schema.org\",\"@graph\":[{\"@type\":\"Article\",\"@id\":\"https:\\\/\\\/www.laguiadepamplona.com\\\/actualidad\\\/la-nueva-ordenacion-del-segundo-ensanche-prioriza-el-transito-peatonal-y-contempla-4-400-nuevas-plazas-de-aparcamiento-subterraneas\\\/#article\",\"isPartOf\":{\"@id\":\"https:\\\/\\\/www.laguiadepamplona.com\\\/actualidad\\\/la-nueva-ordenacion-del-segundo-ensanche-prioriza-el-transito-peatonal-y-contempla-4-400-nuevas-plazas-de-aparcamiento-subterraneas\\\/\"},\"author\":{\"name\":\"La Gu\u00eda de Pamplona\",\"@id\":\"https:\\\/\\\/www.laguiadepamplona.com\\\/actualidad\\\/#\\\/schema\\\/person\\\/efe887376f0213d4657c93adc50b1fdb\"},\"headline\":\"La nueva ordenaci\u00f3n del Segundo Ensanche prioriza el tr\u00e1nsito peatonal y contempla 4.400 nuevas plazas de aparcamiento subterr\u00e1neas\",\"datePublished\":\"2022-06-22T14:46:55+00:00\",\"dateModified\":\"2023-04-11T09:48:00+00:00\",\"mainEntityOfPage\":{\"@id\":\"https:\\\/\\\/www.laguiadepamplona.com\\\/actualidad\\\/la-nueva-ordenacion-del-segundo-ensanche-prioriza-el-transito-peatonal-y-contempla-4-400-nuevas-plazas-de-aparcamiento-subterraneas\\\/\"},\"wordCount\":1077,\"commentCount\":0,\"publisher\":{\"@id\":\"https:\\\/\\\/www.laguiadepamplona.com\\\/actualidad\\\/#organization\"},\"image\":{\"@id\":\"https:\\\/\\\/www.laguiadepamplona.com\\\/actualidad\\\/la-nueva-ordenacion-del-segundo-ensanche-prioriza-el-transito-peatonal-y-contempla-4-400-nuevas-plazas-de-aparcamiento-subterraneas\\\/#primaryimage\"},\"thumbnailUrl\":\"https:\\\/\\\/www.laguiadepamplona.com\\\/actualidad\\\/wp-content\\\/uploads\\\/2022\\\/06\\\/22.06.22_peau_segundo_ensanche.webp\",\"articleSection\":[\"Ayto Pamplona\"],\"inLanguage\":\"es\",\"potentialAction\":[{\"@type\":\"CommentAction\",\"name\":\"Comment\",\"target\":[\"https:\\\/\\\/www.laguiadepamplona.com\\\/actualidad\\\/la-nueva-ordenacion-del-segundo-ensanche-prioriza-el-transito-peatonal-y-contempla-4-400-nuevas-plazas-de-aparcamiento-subterraneas\\\/#respond\"]}]},{\"@type\":\"WebPage\",\"@id\":\"https:\\\/\\\/www.laguiadepamplona.com\\\/actualidad\\\/la-nueva-ordenacion-del-segundo-ensanche-prioriza-el-transito-peatonal-y-contempla-4-400-nuevas-plazas-de-aparcamiento-subterraneas\\\/\",\"url\":\"https:\\\/\\\/www.laguiadepamplona.com\\\/actualidad\\\/la-nueva-ordenacion-del-segundo-ensanche-prioriza-el-transito-peatonal-y-contempla-4-400-nuevas-plazas-de-aparcamiento-subterraneas\\\/\",\"name\":\"La nueva ordenaci\u00f3n del Segundo Ensanche prioriza el tr\u00e1nsito peatonal y contempla 4.400 nuevas plazas de aparcamiento subterr\u00e1neas\",\"isPartOf\":{\"@id\":\"https:\\\/\\\/www.laguiadepamplona.com\\\/actualidad\\\/#website\"},\"primaryImageOfPage\":{\"@id\":\"https:\\\/\\\/www.laguiadepamplona.com\\\/actualidad\\\/la-nueva-ordenacion-del-segundo-ensanche-prioriza-el-transito-peatonal-y-contempla-4-400-nuevas-plazas-de-aparcamiento-subterraneas\\\/#primaryimage\"},\"image\":{\"@id\":\"https:\\\/\\\/www.laguiadepamplona.com\\\/actualidad\\\/la-nueva-ordenacion-del-segundo-ensanche-prioriza-el-transito-peatonal-y-contempla-4-400-nuevas-plazas-de-aparcamiento-subterraneas\\\/#primaryimage\"},\"thumbnailUrl\":\"https:\\\/\\\/www.laguiadepamplona.com\\\/actualidad\\\/wp-content\\\/uploads\\\/2022\\\/06\\\/22.06.22_peau_segundo_ensanche.webp\",\"datePublished\":\"2022-06-22T14:46:55+00:00\",\"dateModified\":\"2023-04-11T09:48:00+00:00\",\"description\":\"El Plan Especial de Actuaci\u00f3n Urbana prev\u00e9 actuar en siete \u00e1reas clave como la antigua estaci\u00f3n de autobuses, la plaza de la Libertad o Blanca de Navarra\",\"breadcrumb\":{\"@id\":\"https:\\\/\\\/www.laguiadepamplona.com\\\/actualidad\\\/la-nueva-ordenacion-del-segundo-ensanche-prioriza-el-transito-peatonal-y-contempla-4-400-nuevas-plazas-de-aparcamiento-subterraneas\\\/#breadcrumb\"},\"inLanguage\":\"es\",\"potentialAction\":[{\"@type\":\"ReadAction\",\"target\":[\"https:\\\/\\\/www.laguiadepamplona.com\\\/actualidad\\\/la-nueva-ordenacion-del-segundo-ensanche-prioriza-el-transito-peatonal-y-contempla-4-400-nuevas-plazas-de-aparcamiento-subterraneas\\\/\"]}]},{\"@type\":\"ImageObject\",\"inLanguage\":\"es\",\"@id\":\"https:\\\/\\\/www.laguiadepamplona.com\\\/actualidad\\\/la-nueva-ordenacion-del-segundo-ensanche-prioriza-el-transito-peatonal-y-contempla-4-400-nuevas-plazas-de-aparcamiento-subterraneas\\\/#primaryimage\",\"url\":\"https:\\\/\\\/www.laguiadepamplona.com\\\/actualidad\\\/wp-content\\\/uploads\\\/2022\\\/06\\\/22.06.22_peau_segundo_ensanche.webp\",\"contentUrl\":\"https:\\\/\\\/www.laguiadepamplona.com\\\/actualidad\\\/wp-content\\\/uploads\\\/2022\\\/06\\\/22.06.22_peau_segundo_ensanche.webp\",\"width\":1524,\"height\":859},{\"@type\":\"BreadcrumbList\",\"@id\":\"https:\\\/\\\/www.laguiadepamplona.com\\\/actualidad\\\/la-nueva-ordenacion-del-segundo-ensanche-prioriza-el-transito-peatonal-y-contempla-4-400-nuevas-plazas-de-aparcamiento-subterraneas\\\/#breadcrumb\",\"itemListElement\":[{\"@type\":\"ListItem\",\"position\":1,\"name\":\"Portada\",\"item\":\"https:\\\/\\\/www.laguiadepamplona.com\\\/actualidad\\\/\"},{\"@type\":\"ListItem\",\"position\":2,\"name\":\"La nueva ordenaci\u00f3n del Segundo Ensanche prioriza el tr\u00e1nsito peatonal y contempla 4.400 nuevas plazas de aparcamiento subterr\u00e1neas\"}]},{\"@type\":\"WebSite\",\"@id\":\"https:\\\/\\\/www.laguiadepamplona.com\\\/actualidad\\\/#website\",\"url\":\"https:\\\/\\\/www.laguiadepamplona.com\\\/actualidad\\\/\",\"name\":\"La gu\u00eda de Pamplona\",\"description\":\"Noticias de Pamplona\",\"publisher\":{\"@id\":\"https:\\\/\\\/www.laguiadepamplona.com\\\/actualidad\\\/#organization\"},\"potentialAction\":[{\"@type\":\"SearchAction\",\"target\":{\"@type\":\"EntryPoint\",\"urlTemplate\":\"https:\\\/\\\/www.laguiadepamplona.com\\\/actualidad\\\/?s={search_term_string}\"},\"query-input\":{\"@type\":\"PropertyValueSpecification\",\"valueRequired\":true,\"valueName\":\"search_term_string\"}}],\"inLanguage\":\"es\"},{\"@type\":\"Organization\",\"@id\":\"https:\\\/\\\/www.laguiadepamplona.com\\\/actualidad\\\/#organization\",\"name\":\"La Gu\u00eda de Pamplona \\\/ Noticias\",\"url\":\"https:\\\/\\\/www.laguiadepamplona.com\\\/actualidad\\\/\",\"logo\":{\"@type\":\"ImageObject\",\"inLanguage\":\"es\",\"@id\":\"https:\\\/\\\/www.laguiadepamplona.com\\\/actualidad\\\/#\\\/schema\\\/logo\\\/image\\\/\",\"url\":\"https:\\\/\\\/www.laguiadepamplona.com\\\/actualidad\\\/wp-content\\\/uploads\\\/2018\\\/11\\\/logo-laguiadepamplona18-web1.png\",\"contentUrl\":\"https:\\\/\\\/www.laguiadepamplona.com\\\/actualidad\\\/wp-content\\\/uploads\\\/2018\\\/11\\\/logo-laguiadepamplona18-web1.png\",\"width\":600,\"height\":196,\"caption\":\"La Gu\u00eda de Pamplona \\\/ Noticias\"},\"image\":{\"@id\":\"https:\\\/\\\/www.laguiadepamplona.com\\\/actualidad\\\/#\\\/schema\\\/logo\\\/image\\\/\"},\"sameAs\":[\"https:\\\/\\\/www.facebook.com\\\/laguiadepamplonacom-133175176762273\\\/?ref=hl\",\"https:\\\/\\\/x.com\\\/LaGuiadPamplona\",\"https:\\\/\\\/www.instagram.com\\\/la_guia_de_pamplona\\\/\",\"https:\\\/\\\/www.youtube.com\\\/user\\\/laguiadepamplona\"]},{\"@type\":\"Person\",\"@id\":\"https:\\\/\\\/www.laguiadepamplona.com\\\/actualidad\\\/#\\\/schema\\\/person\\\/efe887376f0213d4657c93adc50b1fdb\",\"name\":\"La Gu\u00eda de Pamplona\",\"image\":{\"@type\":\"ImageObject\",\"inLanguage\":\"es\",\"@id\":\"https:\\\/\\\/secure.gravatar.com\\\/avatar\\\/b6992f131dc8d30ab0dff15446e9d346d9dbd95992de0fef795073f5ea83a81c?s=96&d=mm&r=g\",\"url\":\"https:\\\/\\\/secure.gravatar.com\\\/avatar\\\/b6992f131dc8d30ab0dff15446e9d346d9dbd95992de0fef795073f5ea83a81c?s=96&d=mm&r=g\",\"contentUrl\":\"https:\\\/\\\/secure.gravatar.com\\\/avatar\\\/b6992f131dc8d30ab0dff15446e9d346d9dbd95992de0fef795073f5ea83a81c?s=96&d=mm&r=g\",\"caption\":\"La Gu\u00eda de Pamplona\"}}]}<\/script>\n<!-- \/ Yoast SEO plugin. -->","yoast_head_json":{"title":"La nueva ordenaci\u00f3n del Segundo Ensanche prioriza el tr\u00e1nsito peatonal y contempla 4.400 nuevas plazas de aparcamiento subterr\u00e1neas","description":"El Plan Especial de Actuaci\u00f3n Urbana prev\u00e9 actuar en siete \u00e1reas clave como la antigua estaci\u00f3n de autobuses, la plaza de la Libertad o Blanca de Navarra","robots":{"index":"index","follow":"follow","max-snippet":"max-snippet:-1","max-image-preview":"max-image-preview:large","max-video-preview":"max-video-preview:-1"},"canonical":"https:\/\/www.laguiadepamplona.com\/actualidad\/la-nueva-ordenacion-del-segundo-ensanche-prioriza-el-transito-peatonal-y-contempla-4-400-nuevas-plazas-de-aparcamiento-subterraneas\/","og_locale":"es_ES","og_type":"article","og_title":"La nueva ordenaci\u00f3n del Segundo Ensanche prioriza el tr\u00e1nsito peatonal y contempla 4.400 nuevas plazas de aparcamiento subterr\u00e1neas","og_description":"El Plan Especial de Actuaci\u00f3n Urbana prev\u00e9 actuar en siete \u00e1reas clave como la antigua estaci\u00f3n de autobuses, la plaza de la Libertad o Blanca de Navarra","og_url":"https:\/\/www.laguiadepamplona.com\/actualidad\/la-nueva-ordenacion-del-segundo-ensanche-prioriza-el-transito-peatonal-y-contempla-4-400-nuevas-plazas-de-aparcamiento-subterraneas\/","og_site_name":"La Gu\u00eda de Pamplona","article_publisher":"https:\/\/www.facebook.com\/laguiadepamplonacom-133175176762273\/?ref=hl","article_published_time":"2022-06-22T14:46:55+00:00","article_modified_time":"2023-04-11T09:48:00+00:00","og_image":[{"width":1524,"height":859,"url":"https:\/\/www.laguiadepamplona.com\/actualidad\/wp-content\/uploads\/2022\/06\/22.06.22_peau_segundo_ensanche.webp","type":"image\/webp"}],"author":"La Gu\u00eda de Pamplona","twitter_card":"summary_large_image","twitter_creator":"@LaGuiadPamplona","twitter_site":"@LaGuiadPamplona","twitter_misc":{"Escrito por":"La Gu\u00eda de Pamplona","Tiempo de lectura":"5 minutos"},"schema":{"@context":"https:\/\/schema.org","@graph":[{"@type":"Article","@id":"https:\/\/www.laguiadepamplona.com\/actualidad\/la-nueva-ordenacion-del-segundo-ensanche-prioriza-el-transito-peatonal-y-contempla-4-400-nuevas-plazas-de-aparcamiento-subterraneas\/#article","isPartOf":{"@id":"https:\/\/www.laguiadepamplona.com\/actualidad\/la-nueva-ordenacion-del-segundo-ensanche-prioriza-el-transito-peatonal-y-contempla-4-400-nuevas-plazas-de-aparcamiento-subterraneas\/"},"author":{"name":"La Gu\u00eda de Pamplona","@id":"https:\/\/www.laguiadepamplona.com\/actualidad\/#\/schema\/person\/efe887376f0213d4657c93adc50b1fdb"},"headline":"La nueva ordenaci\u00f3n del Segundo Ensanche prioriza el tr\u00e1nsito peatonal y contempla 4.400 nuevas plazas de aparcamiento subterr\u00e1neas","datePublished":"2022-06-22T14:46:55+00:00","dateModified":"2023-04-11T09:48:00+00:00","mainEntityOfPage":{"@id":"https:\/\/www.laguiadepamplona.com\/actualidad\/la-nueva-ordenacion-del-segundo-ensanche-prioriza-el-transito-peatonal-y-contempla-4-400-nuevas-plazas-de-aparcamiento-subterraneas\/"},"wordCount":1077,"commentCount":0,"publisher":{"@id":"https:\/\/www.laguiadepamplona.com\/actualidad\/#organization"},"image":{"@id":"https:\/\/www.laguiadepamplona.com\/actualidad\/la-nueva-ordenacion-del-segundo-ensanche-prioriza-el-transito-peatonal-y-contempla-4-400-nuevas-plazas-de-aparcamiento-subterraneas\/#primaryimage"},"thumbnailUrl":"https:\/\/www.laguiadepamplona.com\/actualidad\/wp-content\/uploads\/2022\/06\/22.06.22_peau_segundo_ensanche.webp","articleSection":["Ayto Pamplona"],"inLanguage":"es","potentialAction":[{"@type":"CommentAction","name":"Comment","target":["https:\/\/www.laguiadepamplona.com\/actualidad\/la-nueva-ordenacion-del-segundo-ensanche-prioriza-el-transito-peatonal-y-contempla-4-400-nuevas-plazas-de-aparcamiento-subterraneas\/#respond"]}]},{"@type":"WebPage","@id":"https:\/\/www.laguiadepamplona.com\/actualidad\/la-nueva-ordenacion-del-segundo-ensanche-prioriza-el-transito-peatonal-y-contempla-4-400-nuevas-plazas-de-aparcamiento-subterraneas\/","url":"https:\/\/www.laguiadepamplona.com\/actualidad\/la-nueva-ordenacion-del-segundo-ensanche-prioriza-el-transito-peatonal-y-contempla-4-400-nuevas-plazas-de-aparcamiento-subterraneas\/","name":"La nueva ordenaci\u00f3n del Segundo Ensanche prioriza el tr\u00e1nsito peatonal y contempla 4.400 nuevas plazas de aparcamiento subterr\u00e1neas","isPartOf":{"@id":"https:\/\/www.laguiadepamplona.com\/actualidad\/#website"},"primaryImageOfPage":{"@id":"https:\/\/www.laguiadepamplona.com\/actualidad\/la-nueva-ordenacion-del-segundo-ensanche-prioriza-el-transito-peatonal-y-contempla-4-400-nuevas-plazas-de-aparcamiento-subterraneas\/#primaryimage"},"image":{"@id":"https:\/\/www.laguiadepamplona.com\/actualidad\/la-nueva-ordenacion-del-segundo-ensanche-prioriza-el-transito-peatonal-y-contempla-4-400-nuevas-plazas-de-aparcamiento-subterraneas\/#primaryimage"},"thumbnailUrl":"https:\/\/www.laguiadepamplona.com\/actualidad\/wp-content\/uploads\/2022\/06\/22.06.22_peau_segundo_ensanche.webp","datePublished":"2022-06-22T14:46:55+00:00","dateModified":"2023-04-11T09:48:00+00:00","description":"El Plan Especial de Actuaci\u00f3n Urbana prev\u00e9 actuar en siete \u00e1reas clave como la antigua estaci\u00f3n de autobuses, la plaza de la Libertad o Blanca de Navarra","breadcrumb":{"@id":"https:\/\/www.laguiadepamplona.com\/actualidad\/la-nueva-ordenacion-del-segundo-ensanche-prioriza-el-transito-peatonal-y-contempla-4-400-nuevas-plazas-de-aparcamiento-subterraneas\/#breadcrumb"},"inLanguage":"es","potentialAction":[{"@type":"ReadAction","target":["https:\/\/www.laguiadepamplona.com\/actualidad\/la-nueva-ordenacion-del-segundo-ensanche-prioriza-el-transito-peatonal-y-contempla-4-400-nuevas-plazas-de-aparcamiento-subterraneas\/"]}]},{"@type":"ImageObject","inLanguage":"es","@id":"https:\/\/www.laguiadepamplona.com\/actualidad\/la-nueva-ordenacion-del-segundo-ensanche-prioriza-el-transito-peatonal-y-contempla-4-400-nuevas-plazas-de-aparcamiento-subterraneas\/#primaryimage","url":"https:\/\/www.laguiadepamplona.com\/actualidad\/wp-content\/uploads\/2022\/06\/22.06.22_peau_segundo_ensanche.webp","contentUrl":"https:\/\/www.laguiadepamplona.com\/actualidad\/wp-content\/uploads\/2022\/06\/22.06.22_peau_segundo_ensanche.webp","width":1524,"height":859},{"@type":"BreadcrumbList","@id":"https:\/\/www.laguiadepamplona.com\/actualidad\/la-nueva-ordenacion-del-segundo-ensanche-prioriza-el-transito-peatonal-y-contempla-4-400-nuevas-plazas-de-aparcamiento-subterraneas\/#breadcrumb","itemListElement":[{"@type":"ListItem","position":1,"name":"Portada","item":"https:\/\/www.laguiadepamplona.com\/actualidad\/"},{"@type":"ListItem","position":2,"name":"La nueva ordenaci\u00f3n del Segundo Ensanche prioriza el tr\u00e1nsito peatonal y contempla 4.400 nuevas plazas de aparcamiento subterr\u00e1neas"}]},{"@type":"WebSite","@id":"https:\/\/www.laguiadepamplona.com\/actualidad\/#website","url":"https:\/\/www.laguiadepamplona.com\/actualidad\/","name":"La gu\u00eda de Pamplona","description":"Noticias de Pamplona","publisher":{"@id":"https:\/\/www.laguiadepamplona.com\/actualidad\/#organization"},"potentialAction":[{"@type":"SearchAction","target":{"@type":"EntryPoint","urlTemplate":"https:\/\/www.laguiadepamplona.com\/actualidad\/?s={search_term_string}"},"query-input":{"@type":"PropertyValueSpecification","valueRequired":true,"valueName":"search_term_string"}}],"inLanguage":"es"},{"@type":"Organization","@id":"https:\/\/www.laguiadepamplona.com\/actualidad\/#organization","name":"La Gu\u00eda de Pamplona \/ Noticias","url":"https:\/\/www.laguiadepamplona.com\/actualidad\/","logo":{"@type":"ImageObject","inLanguage":"es","@id":"https:\/\/www.laguiadepamplona.com\/actualidad\/#\/schema\/logo\/image\/","url":"https:\/\/www.laguiadepamplona.com\/actualidad\/wp-content\/uploads\/2018\/11\/logo-laguiadepamplona18-web1.png","contentUrl":"https:\/\/www.laguiadepamplona.com\/actualidad\/wp-content\/uploads\/2018\/11\/logo-laguiadepamplona18-web1.png","width":600,"height":196,"caption":"La Gu\u00eda de Pamplona \/ Noticias"},"image":{"@id":"https:\/\/www.laguiadepamplona.com\/actualidad\/#\/schema\/logo\/image\/"},"sameAs":["https:\/\/www.facebook.com\/laguiadepamplonacom-133175176762273\/?ref=hl","https:\/\/x.com\/LaGuiadPamplona","https:\/\/www.instagram.com\/la_guia_de_pamplona\/","https:\/\/www.youtube.com\/user\/laguiadepamplona"]},{"@type":"Person","@id":"https:\/\/www.laguiadepamplona.com\/actualidad\/#\/schema\/person\/efe887376f0213d4657c93adc50b1fdb","name":"La Gu\u00eda de Pamplona","image":{"@type":"ImageObject","inLanguage":"es","@id":"https:\/\/secure.gravatar.com\/avatar\/b6992f131dc8d30ab0dff15446e9d346d9dbd95992de0fef795073f5ea83a81c?s=96&d=mm&r=g","url":"https:\/\/secure.gravatar.com\/avatar\/b6992f131dc8d30ab0dff15446e9d346d9dbd95992de0fef795073f5ea83a81c?s=96&d=mm&r=g","contentUrl":"https:\/\/secure.gravatar.com\/avatar\/b6992f131dc8d30ab0dff15446e9d346d9dbd95992de0fef795073f5ea83a81c?s=96&d=mm&r=g","caption":"La Gu\u00eda de Pamplona"}}]}},"post_mailing_queue_ids":[],"_links":{"self":[{"href":"https:\/\/www.laguiadepamplona.com\/actualidad\/wp-json\/wp\/v2\/posts\/40984","targetHints":{"allow":["GET"]}}],"collection":[{"href":"https:\/\/www.laguiadepamplona.com\/actualidad\/wp-json\/wp\/v2\/posts"}],"about":[{"href":"https:\/\/www.laguiadepamplona.com\/actualidad\/wp-json\/wp\/v2\/types\/post"}],"author":[{"embeddable":true,"href":"https:\/\/www.laguiadepamplona.com\/actualidad\/wp-json\/wp\/v2\/users\/1"}],"replies":[{"embeddable":true,"href":"https:\/\/www.laguiadepamplona.com\/actualidad\/wp-json\/wp\/v2\/comments?post=40984"}],"version-history":[{"count":0,"href":"https:\/\/www.laguiadepamplona.com\/actualidad\/wp-json\/wp\/v2\/posts\/40984\/revisions"}],"wp:featuredmedia":[{"embeddable":true,"href":"https:\/\/www.laguiadepamplona.com\/actualidad\/wp-json\/wp\/v2\/media\/40985"}],"wp:attachment":[{"href":"https:\/\/www.laguiadepamplona.com\/actualidad\/wp-json\/wp\/v2\/media?parent=40984"}],"wp:term":[{"taxonomy":"category","embeddable":true,"href":"https:\/\/www.laguiadepamplona.com\/actualidad\/wp-json\/wp\/v2\/categories?post=40984"},{"taxonomy":"post_tag","embeddable":true,"href":"https:\/\/www.laguiadepamplona.com\/actualidad\/wp-json\/wp\/v2\/tags?post=40984"}],"curies":[{"name":"wp","href":"https:\/\/api.w.org\/{rel}","templated":true}]}}