{"id":40982,"date":"2022-06-22T15:44:55","date_gmt":"2022-06-22T13:44:55","guid":{"rendered":"https:\/\/www.laguiadepamplona.com\/actualidad\/?p=40982"},"modified":"2023-04-11T11:48:00","modified_gmt":"2023-04-11T09:48:00","slug":"aprobadas-tres-modificaciones-presupuestarias-por-valor-de-11-millones-de-euros-relacionadas-principalmente-con-los-fondos-next-generation-eu","status":"publish","type":"post","link":"https:\/\/www.laguiadepamplona.com\/actualidad\/aprobadas-tres-modificaciones-presupuestarias-por-valor-de-11-millones-de-euros-relacionadas-principalmente-con-los-fondos-next-generation-eu\/","title":{"rendered":"Aprobadas tres modificaciones presupuestarias por valor de 1,1 millones de euros relacionadas, principalmente, con los fondos Next Generation EU"},"content":{"rendered":"<h5>Una de las modificaciones completa una partida ya aprobada para crear dos paradas de villavesa avanzadas en la avenida del Ej\u00e9rcito en San Ferm\u00edn<\/h5>\n<p><!--more--><\/p>\n<p>El Pleno del Ayuntamiento de Pamplona ha aprobado tres modificaciones al presupuesto prorrogado de 2022 por importe de 1,1 millones de euros. Dos de los expedientes de modificaci\u00f3n presupuestaria est\u00e1n vinculados a ayudas de los fondos Next Generation EU y el tercero ampl\u00eda un concepto de la anterior modificaci\u00f3n presupuestaria, aprobada a principios de junio, relacionado con seguridad y carriles bici para incluir dos paradas avanzadas del transporte urbano comarcal en la avenida del Ej\u00e9rcito.<br \/>\n<script async src=\"\/\/pagead2.googlesyndication.com\/pagead\/js\/adsbygoogle.js\"><\/script><br \/>\n<!-- Noticias La Guia de Pamplona --><br \/>\n<ins class=\"adsbygoogle\"\nstyle=\"display:block\"\ndata-ad-client=\"ca-pub-6943679897239327\"\ndata-ad-slot=\"7048180777\"\ndata-ad-format=\"auto\"><\/ins><br \/>\n<script>\n(adsbygoogle = window.adsbygoogle || []).push({});\n<\/script><\/p>\n<p>El pasado 20 de mayo se firm\u00f3 el convenio regulador de la subvenci\u00f3n que concede el Gobierno de Navarra al Ayuntamiento Pamplona para ejecutar el proyecto \u2018Plan de Sostenibilidad Tur\u00edstica en Destino Pamplona SF365\u2019, en el marco del Plan de Recuperaci\u00f3n, Transformaci\u00f3n y Resiliencia (PRTR), financiado con fondos Next Generation EU. El presupuesto del proyecto es de 5.492.500 euros, con un horizonte de ejecuci\u00f3n 2022-2024. El gasto previsto para este a\u00f1o asciende a 600.608,30 euros y es necesario generar ese cr\u00e9dito a trav\u00e9s de la aprobaci\u00f3n de una modificaci\u00f3n presupuestaria.<\/p>\n<p>Este proyecto busca desarrollar un modelo tur\u00edstico de ciudad basado en la sostenibilidad medioambiental, socioecon\u00f3mica y territorial, de tal modo que se extiendan a toda la sociedad los beneficios que reporta el turismo. El plan se estructura en torno a 4 ejes y 13 actuaciones. Entre otras acciones, se llevar\u00e1n a cabo actuaciones relacionadas con sanfermines sostenibles, aparcamientos para cicloturismo, econom\u00eda circular en servicios tur\u00edsticos municipales, transici\u00f3n digital, eficiencia energ\u00e9tica o movilidad sostenible y caminabilidad. El nivel de cofinanciaci\u00f3n es pr\u00e1cticamente del 100 % de los proyectos, que comprenden gasto de funcionamiento e inversiones (no se financia el IVA recuperable).<br \/>\n<script async src=\"\/\/pagead2.googlesyndication.com\/pagead\/js\/adsbygoogle.js\"><\/script><br \/>\n<!-- Noticias La Guia de Pamplona --><br \/>\n<ins class=\"adsbygoogle\"\nstyle=\"display:block\"\ndata-ad-client=\"ca-pub-6943679897239327\"\ndata-ad-slot=\"7048180777\"\ndata-ad-format=\"auto\"><\/ins><br \/>\n<script>\n(adsbygoogle = window.adsbygoogle || []).push({});\n<\/script><\/p>\n<p><strong>Digitalizaci\u00f3n y movilidad<\/strong><\/p>\n<p>Pamplona ha recibido 758.000 de fondos Next Generation EU destinados a proyectos de modernizaci\u00f3n y digitalizaci\u00f3n de las entidades locales para su transformaci\u00f3n digital. Su objetivo es que se incorporen tecnolog\u00edas de informaci\u00f3n, digitalizaci\u00f3n de procedimientos administrativos o la adaptaci\u00f3n de la gesti\u00f3n al uso de medios digitales, entre otros aspectos. Los tres proyectos subvencionados son un centro de operaciones de ciberseguridad (200.000 euros), una cabina de datos y renovaci\u00f3n de PC y software (238.000 euros) y la modernizaci\u00f3n de los servicios de atenci\u00f3n ciudadana (320.000 euros). La segunda modificaci\u00f3n presupuestaria aprueba 533.148,88 euros para la financiaci\u00f3n de estos proyectos, que deben ejecutarse en 2022, ya que parte de la necesidad de cr\u00e9dito ya estaba incluida en el encargo a la empresa p\u00fablica ANIMSA. El nivel de cofinanciaci\u00f3n es pr\u00e1cticamente del 100 % de la inversi\u00f3n.<\/p>\n<p>El tercer expediente aprobado completa el destino de una de las modificaciones ya aprobadas en el pleno del pasado 2 de junio v\u00eda enmienda. En la partida destinada a movilidad, a mantenimiento, seguridad y conexiones de carriles bici, dotada con 108.000 euros, se ha incluido la creaci\u00f3n tambi\u00e9n de dos paradas avanzadas de bus en el carril bici de la avenida del Ej\u00e9rcito para los recorridos alternativos con motivo de los Sanfermines que realiza el transporte urbano comarcal por esa v\u00eda. Estas dos paradas se suman a las otras dos fijas que ya existen en la avenida del Ej\u00e9rcito y cuentan con un presupuesto de 10.182,56 euros. Estas nuevas paradas facilitar\u00e1n el acceso al centro de la ciudad con el servicio de transporte p\u00fablico y con garant\u00edas de seguridad para las personas usuarias.<\/p>\n","protected":false},"excerpt":{"rendered":"<p>Una de las modificaciones completa una partida ya aprobada para crear dos paradas de villavesa avanzadas en la avenida del Ej\u00e9rcito en San Ferm\u00edn<\/p>\n","protected":false},"author":1,"featured_media":36074,"comment_status":"open","ping_status":"closed","sticky":false,"template":"","format":"standard","meta":{"footnotes":""},"categories":[2],"tags":[],"class_list":["post-40982","post","type-post","status-publish","format-standard","has-post-thumbnail","hentry","category-ayuntamiento-pamplona"],"yoast_head":"<!-- This site is optimized with the Yoast SEO plugin v27.3 - https:\/\/yoast.com\/product\/yoast-seo-wordpress\/ -->\n<title>Aprobadas tres modificaciones presupuestarias por valor de 1,1 millones de euros relacionadas, principalmente, con los fondos Next Generation EU<\/title>\n<meta name=\"description\" content=\"Una de las modificaciones completa una partida ya aprobada para crear dos paradas de villavesa avanzadas en la avenida del Ej\u00e9rcito en San Ferm\u00edn\" \/>\n<meta name=\"robots\" content=\"index, follow, max-snippet:-1, max-image-preview:large, max-video-preview:-1\" \/>\n<link rel=\"canonical\" href=\"https:\/\/www.laguiadepamplona.com\/actualidad\/aprobadas-tres-modificaciones-presupuestarias-por-valor-de-11-millones-de-euros-relacionadas-principalmente-con-los-fondos-next-generation-eu\/\" \/>\n<meta property=\"og:locale\" content=\"es_ES\" \/>\n<meta property=\"og:type\" content=\"article\" \/>\n<meta property=\"og:title\" content=\"Aprobadas tres modificaciones presupuestarias por valor de 1,1 millones de euros relacionadas, principalmente, con los fondos Next Generation EU\" \/>\n<meta property=\"og:description\" content=\"Una de las modificaciones completa una partida ya aprobada para crear dos paradas de villavesa avanzadas en la avenida del Ej\u00e9rcito en San Ferm\u00edn\" \/>\n<meta property=\"og:url\" content=\"https:\/\/www.laguiadepamplona.com\/actualidad\/aprobadas-tres-modificaciones-presupuestarias-por-valor-de-11-millones-de-euros-relacionadas-principalmente-con-los-fondos-next-generation-eu\/\" \/>\n<meta property=\"og:site_name\" content=\"La Gu\u00eda de Pamplona\" \/>\n<meta property=\"article:publisher\" content=\"https:\/\/www.facebook.com\/laguiadepamplonacom-133175176762273\/?ref=hl\" \/>\n<meta property=\"article:published_time\" content=\"2022-06-22T13:44:55+00:00\" \/>\n<meta property=\"article:modified_time\" content=\"2023-04-11T09:48:00+00:00\" \/>\n<meta property=\"og:image\" content=\"https:\/\/www.laguiadepamplona.com\/actualidad\/wp-content\/uploads\/2021\/08\/ayuntamiento-pamplona2.jpg\" \/>\n\t<meta property=\"og:image:width\" content=\"1920\" \/>\n\t<meta property=\"og:image:height\" content=\"1080\" \/>\n\t<meta property=\"og:image:type\" content=\"image\/jpeg\" \/>\n<meta name=\"author\" content=\"La Gu\u00eda de Pamplona\" \/>\n<meta name=\"twitter:card\" content=\"summary_large_image\" \/>\n<meta name=\"twitter:creator\" content=\"@LaGuiadPamplona\" \/>\n<meta name=\"twitter:site\" content=\"@LaGuiadPamplona\" \/>\n<meta name=\"twitter:label1\" content=\"Escrito por\" \/>\n\t<meta name=\"twitter:data1\" content=\"La Gu\u00eda de Pamplona\" \/>\n\t<meta name=\"twitter:label2\" content=\"Tiempo de lectura\" \/>\n\t<meta name=\"twitter:data2\" content=\"3 minutos\" \/>\n<script type=\"application\/ld+json\" class=\"yoast-schema-graph\">{\"@context\":\"https:\\\/\\\/schema.org\",\"@graph\":[{\"@type\":\"Article\",\"@id\":\"https:\\\/\\\/www.laguiadepamplona.com\\\/actualidad\\\/aprobadas-tres-modificaciones-presupuestarias-por-valor-de-11-millones-de-euros-relacionadas-principalmente-con-los-fondos-next-generation-eu\\\/#article\",\"isPartOf\":{\"@id\":\"https:\\\/\\\/www.laguiadepamplona.com\\\/actualidad\\\/aprobadas-tres-modificaciones-presupuestarias-por-valor-de-11-millones-de-euros-relacionadas-principalmente-con-los-fondos-next-generation-eu\\\/\"},\"author\":{\"name\":\"La Gu\u00eda de Pamplona\",\"@id\":\"https:\\\/\\\/www.laguiadepamplona.com\\\/actualidad\\\/#\\\/schema\\\/person\\\/efe887376f0213d4657c93adc50b1fdb\"},\"headline\":\"Aprobadas tres modificaciones presupuestarias por valor de 1,1 millones de euros relacionadas, principalmente, con los fondos Next Generation EU\",\"datePublished\":\"2022-06-22T13:44:55+00:00\",\"dateModified\":\"2023-04-11T09:48:00+00:00\",\"mainEntityOfPage\":{\"@id\":\"https:\\\/\\\/www.laguiadepamplona.com\\\/actualidad\\\/aprobadas-tres-modificaciones-presupuestarias-por-valor-de-11-millones-de-euros-relacionadas-principalmente-con-los-fondos-next-generation-eu\\\/\"},\"wordCount\":613,\"commentCount\":0,\"publisher\":{\"@id\":\"https:\\\/\\\/www.laguiadepamplona.com\\\/actualidad\\\/#organization\"},\"image\":{\"@id\":\"https:\\\/\\\/www.laguiadepamplona.com\\\/actualidad\\\/aprobadas-tres-modificaciones-presupuestarias-por-valor-de-11-millones-de-euros-relacionadas-principalmente-con-los-fondos-next-generation-eu\\\/#primaryimage\"},\"thumbnailUrl\":\"https:\\\/\\\/www.laguiadepamplona.com\\\/actualidad\\\/wp-content\\\/uploads\\\/2021\\\/08\\\/ayuntamiento-pamplona2.jpg\",\"articleSection\":[\"Ayto Pamplona\"],\"inLanguage\":\"es\",\"potentialAction\":[{\"@type\":\"CommentAction\",\"name\":\"Comment\",\"target\":[\"https:\\\/\\\/www.laguiadepamplona.com\\\/actualidad\\\/aprobadas-tres-modificaciones-presupuestarias-por-valor-de-11-millones-de-euros-relacionadas-principalmente-con-los-fondos-next-generation-eu\\\/#respond\"]}]},{\"@type\":\"WebPage\",\"@id\":\"https:\\\/\\\/www.laguiadepamplona.com\\\/actualidad\\\/aprobadas-tres-modificaciones-presupuestarias-por-valor-de-11-millones-de-euros-relacionadas-principalmente-con-los-fondos-next-generation-eu\\\/\",\"url\":\"https:\\\/\\\/www.laguiadepamplona.com\\\/actualidad\\\/aprobadas-tres-modificaciones-presupuestarias-por-valor-de-11-millones-de-euros-relacionadas-principalmente-con-los-fondos-next-generation-eu\\\/\",\"name\":\"Aprobadas tres modificaciones presupuestarias por valor de 1,1 millones de euros relacionadas, principalmente, con los fondos Next Generation EU\",\"isPartOf\":{\"@id\":\"https:\\\/\\\/www.laguiadepamplona.com\\\/actualidad\\\/#website\"},\"primaryImageOfPage\":{\"@id\":\"https:\\\/\\\/www.laguiadepamplona.com\\\/actualidad\\\/aprobadas-tres-modificaciones-presupuestarias-por-valor-de-11-millones-de-euros-relacionadas-principalmente-con-los-fondos-next-generation-eu\\\/#primaryimage\"},\"image\":{\"@id\":\"https:\\\/\\\/www.laguiadepamplona.com\\\/actualidad\\\/aprobadas-tres-modificaciones-presupuestarias-por-valor-de-11-millones-de-euros-relacionadas-principalmente-con-los-fondos-next-generation-eu\\\/#primaryimage\"},\"thumbnailUrl\":\"https:\\\/\\\/www.laguiadepamplona.com\\\/actualidad\\\/wp-content\\\/uploads\\\/2021\\\/08\\\/ayuntamiento-pamplona2.jpg\",\"datePublished\":\"2022-06-22T13:44:55+00:00\",\"dateModified\":\"2023-04-11T09:48:00+00:00\",\"description\":\"Una de las modificaciones completa una partida ya aprobada para crear dos paradas de villavesa avanzadas en la avenida del Ej\u00e9rcito en San Ferm\u00edn\",\"breadcrumb\":{\"@id\":\"https:\\\/\\\/www.laguiadepamplona.com\\\/actualidad\\\/aprobadas-tres-modificaciones-presupuestarias-por-valor-de-11-millones-de-euros-relacionadas-principalmente-con-los-fondos-next-generation-eu\\\/#breadcrumb\"},\"inLanguage\":\"es\",\"potentialAction\":[{\"@type\":\"ReadAction\",\"target\":[\"https:\\\/\\\/www.laguiadepamplona.com\\\/actualidad\\\/aprobadas-tres-modificaciones-presupuestarias-por-valor-de-11-millones-de-euros-relacionadas-principalmente-con-los-fondos-next-generation-eu\\\/\"]}]},{\"@type\":\"ImageObject\",\"inLanguage\":\"es\",\"@id\":\"https:\\\/\\\/www.laguiadepamplona.com\\\/actualidad\\\/aprobadas-tres-modificaciones-presupuestarias-por-valor-de-11-millones-de-euros-relacionadas-principalmente-con-los-fondos-next-generation-eu\\\/#primaryimage\",\"url\":\"https:\\\/\\\/www.laguiadepamplona.com\\\/actualidad\\\/wp-content\\\/uploads\\\/2021\\\/08\\\/ayuntamiento-pamplona2.jpg\",\"contentUrl\":\"https:\\\/\\\/www.laguiadepamplona.com\\\/actualidad\\\/wp-content\\\/uploads\\\/2021\\\/08\\\/ayuntamiento-pamplona2.jpg\",\"width\":1920,\"height\":1080,\"caption\":\"ayuntamiento pamplona\"},{\"@type\":\"BreadcrumbList\",\"@id\":\"https:\\\/\\\/www.laguiadepamplona.com\\\/actualidad\\\/aprobadas-tres-modificaciones-presupuestarias-por-valor-de-11-millones-de-euros-relacionadas-principalmente-con-los-fondos-next-generation-eu\\\/#breadcrumb\",\"itemListElement\":[{\"@type\":\"ListItem\",\"position\":1,\"name\":\"Portada\",\"item\":\"https:\\\/\\\/www.laguiadepamplona.com\\\/actualidad\\\/\"},{\"@type\":\"ListItem\",\"position\":2,\"name\":\"Aprobadas tres modificaciones presupuestarias por valor de 1,1 millones de euros relacionadas, principalmente, con los fondos Next Generation EU\"}]},{\"@type\":\"WebSite\",\"@id\":\"https:\\\/\\\/www.laguiadepamplona.com\\\/actualidad\\\/#website\",\"url\":\"https:\\\/\\\/www.laguiadepamplona.com\\\/actualidad\\\/\",\"name\":\"La gu\u00eda de Pamplona\",\"description\":\"Noticias de Pamplona\",\"publisher\":{\"@id\":\"https:\\\/\\\/www.laguiadepamplona.com\\\/actualidad\\\/#organization\"},\"potentialAction\":[{\"@type\":\"SearchAction\",\"target\":{\"@type\":\"EntryPoint\",\"urlTemplate\":\"https:\\\/\\\/www.laguiadepamplona.com\\\/actualidad\\\/?s={search_term_string}\"},\"query-input\":{\"@type\":\"PropertyValueSpecification\",\"valueRequired\":true,\"valueName\":\"search_term_string\"}}],\"inLanguage\":\"es\"},{\"@type\":\"Organization\",\"@id\":\"https:\\\/\\\/www.laguiadepamplona.com\\\/actualidad\\\/#organization\",\"name\":\"La Gu\u00eda de Pamplona \\\/ Noticias\",\"url\":\"https:\\\/\\\/www.laguiadepamplona.com\\\/actualidad\\\/\",\"logo\":{\"@type\":\"ImageObject\",\"inLanguage\":\"es\",\"@id\":\"https:\\\/\\\/www.laguiadepamplona.com\\\/actualidad\\\/#\\\/schema\\\/logo\\\/image\\\/\",\"url\":\"https:\\\/\\\/www.laguiadepamplona.com\\\/actualidad\\\/wp-content\\\/uploads\\\/2018\\\/11\\\/logo-laguiadepamplona18-web1.png\",\"contentUrl\":\"https:\\\/\\\/www.laguiadepamplona.com\\\/actualidad\\\/wp-content\\\/uploads\\\/2018\\\/11\\\/logo-laguiadepamplona18-web1.png\",\"width\":600,\"height\":196,\"caption\":\"La Gu\u00eda de Pamplona \\\/ Noticias\"},\"image\":{\"@id\":\"https:\\\/\\\/www.laguiadepamplona.com\\\/actualidad\\\/#\\\/schema\\\/logo\\\/image\\\/\"},\"sameAs\":[\"https:\\\/\\\/www.facebook.com\\\/laguiadepamplonacom-133175176762273\\\/?ref=hl\",\"https:\\\/\\\/x.com\\\/LaGuiadPamplona\",\"https:\\\/\\\/www.instagram.com\\\/la_guia_de_pamplona\\\/\",\"https:\\\/\\\/www.youtube.com\\\/user\\\/laguiadepamplona\"]},{\"@type\":\"Person\",\"@id\":\"https:\\\/\\\/www.laguiadepamplona.com\\\/actualidad\\\/#\\\/schema\\\/person\\\/efe887376f0213d4657c93adc50b1fdb\",\"name\":\"La Gu\u00eda de Pamplona\",\"image\":{\"@type\":\"ImageObject\",\"inLanguage\":\"es\",\"@id\":\"https:\\\/\\\/secure.gravatar.com\\\/avatar\\\/b6992f131dc8d30ab0dff15446e9d346d9dbd95992de0fef795073f5ea83a81c?s=96&d=mm&r=g\",\"url\":\"https:\\\/\\\/secure.gravatar.com\\\/avatar\\\/b6992f131dc8d30ab0dff15446e9d346d9dbd95992de0fef795073f5ea83a81c?s=96&d=mm&r=g\",\"contentUrl\":\"https:\\\/\\\/secure.gravatar.com\\\/avatar\\\/b6992f131dc8d30ab0dff15446e9d346d9dbd95992de0fef795073f5ea83a81c?s=96&d=mm&r=g\",\"caption\":\"La Gu\u00eda de Pamplona\"}}]}<\/script>\n<!-- \/ Yoast SEO plugin. -->","yoast_head_json":{"title":"Aprobadas tres modificaciones presupuestarias por valor de 1,1 millones de euros relacionadas, principalmente, con los fondos Next Generation EU","description":"Una de las modificaciones completa una partida ya aprobada para crear dos paradas de villavesa avanzadas en la avenida del Ej\u00e9rcito en San Ferm\u00edn","robots":{"index":"index","follow":"follow","max-snippet":"max-snippet:-1","max-image-preview":"max-image-preview:large","max-video-preview":"max-video-preview:-1"},"canonical":"https:\/\/www.laguiadepamplona.com\/actualidad\/aprobadas-tres-modificaciones-presupuestarias-por-valor-de-11-millones-de-euros-relacionadas-principalmente-con-los-fondos-next-generation-eu\/","og_locale":"es_ES","og_type":"article","og_title":"Aprobadas tres modificaciones presupuestarias por valor de 1,1 millones de euros relacionadas, principalmente, con los fondos Next Generation EU","og_description":"Una de las modificaciones completa una partida ya aprobada para crear dos paradas de villavesa avanzadas en la avenida del Ej\u00e9rcito en San Ferm\u00edn","og_url":"https:\/\/www.laguiadepamplona.com\/actualidad\/aprobadas-tres-modificaciones-presupuestarias-por-valor-de-11-millones-de-euros-relacionadas-principalmente-con-los-fondos-next-generation-eu\/","og_site_name":"La Gu\u00eda de Pamplona","article_publisher":"https:\/\/www.facebook.com\/laguiadepamplonacom-133175176762273\/?ref=hl","article_published_time":"2022-06-22T13:44:55+00:00","article_modified_time":"2023-04-11T09:48:00+00:00","og_image":[{"width":1920,"height":1080,"url":"https:\/\/www.laguiadepamplona.com\/actualidad\/wp-content\/uploads\/2021\/08\/ayuntamiento-pamplona2.jpg","type":"image\/jpeg"}],"author":"La Gu\u00eda de Pamplona","twitter_card":"summary_large_image","twitter_creator":"@LaGuiadPamplona","twitter_site":"@LaGuiadPamplona","twitter_misc":{"Escrito por":"La Gu\u00eda de Pamplona","Tiempo de lectura":"3 minutos"},"schema":{"@context":"https:\/\/schema.org","@graph":[{"@type":"Article","@id":"https:\/\/www.laguiadepamplona.com\/actualidad\/aprobadas-tres-modificaciones-presupuestarias-por-valor-de-11-millones-de-euros-relacionadas-principalmente-con-los-fondos-next-generation-eu\/#article","isPartOf":{"@id":"https:\/\/www.laguiadepamplona.com\/actualidad\/aprobadas-tres-modificaciones-presupuestarias-por-valor-de-11-millones-de-euros-relacionadas-principalmente-con-los-fondos-next-generation-eu\/"},"author":{"name":"La Gu\u00eda de Pamplona","@id":"https:\/\/www.laguiadepamplona.com\/actualidad\/#\/schema\/person\/efe887376f0213d4657c93adc50b1fdb"},"headline":"Aprobadas tres modificaciones presupuestarias por valor de 1,1 millones de euros relacionadas, principalmente, con los fondos Next Generation EU","datePublished":"2022-06-22T13:44:55+00:00","dateModified":"2023-04-11T09:48:00+00:00","mainEntityOfPage":{"@id":"https:\/\/www.laguiadepamplona.com\/actualidad\/aprobadas-tres-modificaciones-presupuestarias-por-valor-de-11-millones-de-euros-relacionadas-principalmente-con-los-fondos-next-generation-eu\/"},"wordCount":613,"commentCount":0,"publisher":{"@id":"https:\/\/www.laguiadepamplona.com\/actualidad\/#organization"},"image":{"@id":"https:\/\/www.laguiadepamplona.com\/actualidad\/aprobadas-tres-modificaciones-presupuestarias-por-valor-de-11-millones-de-euros-relacionadas-principalmente-con-los-fondos-next-generation-eu\/#primaryimage"},"thumbnailUrl":"https:\/\/www.laguiadepamplona.com\/actualidad\/wp-content\/uploads\/2021\/08\/ayuntamiento-pamplona2.jpg","articleSection":["Ayto Pamplona"],"inLanguage":"es","potentialAction":[{"@type":"CommentAction","name":"Comment","target":["https:\/\/www.laguiadepamplona.com\/actualidad\/aprobadas-tres-modificaciones-presupuestarias-por-valor-de-11-millones-de-euros-relacionadas-principalmente-con-los-fondos-next-generation-eu\/#respond"]}]},{"@type":"WebPage","@id":"https:\/\/www.laguiadepamplona.com\/actualidad\/aprobadas-tres-modificaciones-presupuestarias-por-valor-de-11-millones-de-euros-relacionadas-principalmente-con-los-fondos-next-generation-eu\/","url":"https:\/\/www.laguiadepamplona.com\/actualidad\/aprobadas-tres-modificaciones-presupuestarias-por-valor-de-11-millones-de-euros-relacionadas-principalmente-con-los-fondos-next-generation-eu\/","name":"Aprobadas tres modificaciones presupuestarias por valor de 1,1 millones de euros relacionadas, principalmente, con los fondos Next Generation EU","isPartOf":{"@id":"https:\/\/www.laguiadepamplona.com\/actualidad\/#website"},"primaryImageOfPage":{"@id":"https:\/\/www.laguiadepamplona.com\/actualidad\/aprobadas-tres-modificaciones-presupuestarias-por-valor-de-11-millones-de-euros-relacionadas-principalmente-con-los-fondos-next-generation-eu\/#primaryimage"},"image":{"@id":"https:\/\/www.laguiadepamplona.com\/actualidad\/aprobadas-tres-modificaciones-presupuestarias-por-valor-de-11-millones-de-euros-relacionadas-principalmente-con-los-fondos-next-generation-eu\/#primaryimage"},"thumbnailUrl":"https:\/\/www.laguiadepamplona.com\/actualidad\/wp-content\/uploads\/2021\/08\/ayuntamiento-pamplona2.jpg","datePublished":"2022-06-22T13:44:55+00:00","dateModified":"2023-04-11T09:48:00+00:00","description":"Una de las modificaciones completa una partida ya aprobada para crear dos paradas de villavesa avanzadas en la avenida del Ej\u00e9rcito en San Ferm\u00edn","breadcrumb":{"@id":"https:\/\/www.laguiadepamplona.com\/actualidad\/aprobadas-tres-modificaciones-presupuestarias-por-valor-de-11-millones-de-euros-relacionadas-principalmente-con-los-fondos-next-generation-eu\/#breadcrumb"},"inLanguage":"es","potentialAction":[{"@type":"ReadAction","target":["https:\/\/www.laguiadepamplona.com\/actualidad\/aprobadas-tres-modificaciones-presupuestarias-por-valor-de-11-millones-de-euros-relacionadas-principalmente-con-los-fondos-next-generation-eu\/"]}]},{"@type":"ImageObject","inLanguage":"es","@id":"https:\/\/www.laguiadepamplona.com\/actualidad\/aprobadas-tres-modificaciones-presupuestarias-por-valor-de-11-millones-de-euros-relacionadas-principalmente-con-los-fondos-next-generation-eu\/#primaryimage","url":"https:\/\/www.laguiadepamplona.com\/actualidad\/wp-content\/uploads\/2021\/08\/ayuntamiento-pamplona2.jpg","contentUrl":"https:\/\/www.laguiadepamplona.com\/actualidad\/wp-content\/uploads\/2021\/08\/ayuntamiento-pamplona2.jpg","width":1920,"height":1080,"caption":"ayuntamiento pamplona"},{"@type":"BreadcrumbList","@id":"https:\/\/www.laguiadepamplona.com\/actualidad\/aprobadas-tres-modificaciones-presupuestarias-por-valor-de-11-millones-de-euros-relacionadas-principalmente-con-los-fondos-next-generation-eu\/#breadcrumb","itemListElement":[{"@type":"ListItem","position":1,"name":"Portada","item":"https:\/\/www.laguiadepamplona.com\/actualidad\/"},{"@type":"ListItem","position":2,"name":"Aprobadas tres modificaciones presupuestarias por valor de 1,1 millones de euros relacionadas, principalmente, con los fondos Next Generation EU"}]},{"@type":"WebSite","@id":"https:\/\/www.laguiadepamplona.com\/actualidad\/#website","url":"https:\/\/www.laguiadepamplona.com\/actualidad\/","name":"La gu\u00eda de Pamplona","description":"Noticias de Pamplona","publisher":{"@id":"https:\/\/www.laguiadepamplona.com\/actualidad\/#organization"},"potentialAction":[{"@type":"SearchAction","target":{"@type":"EntryPoint","urlTemplate":"https:\/\/www.laguiadepamplona.com\/actualidad\/?s={search_term_string}"},"query-input":{"@type":"PropertyValueSpecification","valueRequired":true,"valueName":"search_term_string"}}],"inLanguage":"es"},{"@type":"Organization","@id":"https:\/\/www.laguiadepamplona.com\/actualidad\/#organization","name":"La Gu\u00eda de Pamplona \/ Noticias","url":"https:\/\/www.laguiadepamplona.com\/actualidad\/","logo":{"@type":"ImageObject","inLanguage":"es","@id":"https:\/\/www.laguiadepamplona.com\/actualidad\/#\/schema\/logo\/image\/","url":"https:\/\/www.laguiadepamplona.com\/actualidad\/wp-content\/uploads\/2018\/11\/logo-laguiadepamplona18-web1.png","contentUrl":"https:\/\/www.laguiadepamplona.com\/actualidad\/wp-content\/uploads\/2018\/11\/logo-laguiadepamplona18-web1.png","width":600,"height":196,"caption":"La Gu\u00eda de Pamplona \/ Noticias"},"image":{"@id":"https:\/\/www.laguiadepamplona.com\/actualidad\/#\/schema\/logo\/image\/"},"sameAs":["https:\/\/www.facebook.com\/laguiadepamplonacom-133175176762273\/?ref=hl","https:\/\/x.com\/LaGuiadPamplona","https:\/\/www.instagram.com\/la_guia_de_pamplona\/","https:\/\/www.youtube.com\/user\/laguiadepamplona"]},{"@type":"Person","@id":"https:\/\/www.laguiadepamplona.com\/actualidad\/#\/schema\/person\/efe887376f0213d4657c93adc50b1fdb","name":"La Gu\u00eda de Pamplona","image":{"@type":"ImageObject","inLanguage":"es","@id":"https:\/\/secure.gravatar.com\/avatar\/b6992f131dc8d30ab0dff15446e9d346d9dbd95992de0fef795073f5ea83a81c?s=96&d=mm&r=g","url":"https:\/\/secure.gravatar.com\/avatar\/b6992f131dc8d30ab0dff15446e9d346d9dbd95992de0fef795073f5ea83a81c?s=96&d=mm&r=g","contentUrl":"https:\/\/secure.gravatar.com\/avatar\/b6992f131dc8d30ab0dff15446e9d346d9dbd95992de0fef795073f5ea83a81c?s=96&d=mm&r=g","caption":"La Gu\u00eda de Pamplona"}}]}},"post_mailing_queue_ids":[],"_links":{"self":[{"href":"https:\/\/www.laguiadepamplona.com\/actualidad\/wp-json\/wp\/v2\/posts\/40982","targetHints":{"allow":["GET"]}}],"collection":[{"href":"https:\/\/www.laguiadepamplona.com\/actualidad\/wp-json\/wp\/v2\/posts"}],"about":[{"href":"https:\/\/www.laguiadepamplona.com\/actualidad\/wp-json\/wp\/v2\/types\/post"}],"author":[{"embeddable":true,"href":"https:\/\/www.laguiadepamplona.com\/actualidad\/wp-json\/wp\/v2\/users\/1"}],"replies":[{"embeddable":true,"href":"https:\/\/www.laguiadepamplona.com\/actualidad\/wp-json\/wp\/v2\/comments?post=40982"}],"version-history":[{"count":0,"href":"https:\/\/www.laguiadepamplona.com\/actualidad\/wp-json\/wp\/v2\/posts\/40982\/revisions"}],"wp:featuredmedia":[{"embeddable":true,"href":"https:\/\/www.laguiadepamplona.com\/actualidad\/wp-json\/wp\/v2\/media\/36074"}],"wp:attachment":[{"href":"https:\/\/www.laguiadepamplona.com\/actualidad\/wp-json\/wp\/v2\/media?parent=40982"}],"wp:term":[{"taxonomy":"category","embeddable":true,"href":"https:\/\/www.laguiadepamplona.com\/actualidad\/wp-json\/wp\/v2\/categories?post=40982"},{"taxonomy":"post_tag","embeddable":true,"href":"https:\/\/www.laguiadepamplona.com\/actualidad\/wp-json\/wp\/v2\/tags?post=40982"}],"curies":[{"name":"wp","href":"https:\/\/api.w.org\/{rel}","templated":true}]}}