{"id":40980,"date":"2022-06-22T15:39:42","date_gmt":"2022-06-22T13:39:42","guid":{"rendered":"https:\/\/www.laguiadepamplona.com\/actualidad\/?p=40980"},"modified":"2023-04-11T11:48:00","modified_gmt":"2023-04-11T09:48:00","slug":"la-plaza-de-santa-ana-acoge-este-jueves-el-tradicional-baile-de-la-soka-dantza-interpretado-por-duguna-folklore-taldea","status":"publish","type":"post","link":"https:\/\/www.laguiadepamplona.com\/actualidad\/la-plaza-de-santa-ana-acoge-este-jueves-el-tradicional-baile-de-la-soka-dantza-interpretado-por-duguna-folklore-taldea\/","title":{"rendered":"La plaza de Santa Ana acoge este jueves el tradicional baile de la soka-dantza interpretado por Duguna Folklore Taldea"},"content":{"rendered":"<h5>La actuaci\u00f3n tendr\u00e1 lugar a partir de las 19.30 horas y est\u00e1 abierta a la participaci\u00f3n<\/h5>\n<p><!--more--><\/p>\n<p>Coincidiendo con el solsticio de verano, y en v\u00edsperas de San Juan, Duguna Folklore Taldea <strong>interpretar\u00e1 ma\u00f1ana jueves en la plaza de Santa Ana la soka-dantza. <\/strong>La cita ser\u00e1 a las 19.30 horas y est\u00e1 abierta a la participaci\u00f3n. Esta \u2018danza de cuerda\u2019 se baila dos veces al a\u00f1o, el 3 de febrero, d\u00eda de San Blas, y el 23 de junio, v\u00edspera de san Juan, para celebrar y festejar las fiestas de invierno de la ciudad y la llegada del sol y la luz en torno al inicio del verano, respectivamente.<br \/>\n<script async src=\"\/\/pagead2.googlesyndication.com\/pagead\/js\/adsbygoogle.js\"><\/script><br \/>\n<!-- Noticias La Guia de Pamplona --><br \/>\n<ins class=\"adsbygoogle\"\nstyle=\"display:block\"\ndata-ad-client=\"ca-pub-6943679897239327\"\ndata-ad-slot=\"7048180777\"\ndata-ad-format=\"auto\"><\/ins><br \/>\n<script>\n(adsbygoogle = window.adsbygoogle || []).push({});\n<\/script><\/p>\n<p>Esta soka-dantza de la v\u00edspera de San Juan fue presentada por el grupo de danza Duguna por primera vez en 2013. En su origen, esta danza fue creada recordando la costumbre de los mayordomos de la Rochapea de iniciar mediante un baile las fiestas del barrio. Con el tiempo, la danza ha sufrido algunas adaptaciones a su estructura coreogr\u00e1fica y a su funci\u00f3n simb\u00f3lica. Se denomina soka-dantza a la cuerda o cadena bailada que forman los dantzaris uniendo sus manos.<\/p>\n<p>La estructura b\u00e1sica de la danza, repetida en infinidad de rincones del mundo y momentos de la historia, ha sido hasta hace poco la danza principal de plazas y romer\u00edas y, hoy en d\u00eda, se sigue interpretando en muchas localidades. Aunque es imposible decir desde cu\u00e1ndo se ha bailado la soka-dantza en Pamplona, est\u00e1 documentada por el historiador Jimeno Jurio y el folklorista Patxi Arrar\u00e1s. Adem\u00e1s, aparece en un cuadro realizado por el pintor Juan Bautista Mazo tras una visita a Pamplona en 1646 con el rey Felipe IV.<br \/>\n<script async src=\"\/\/pagead2.googlesyndication.com\/pagead\/js\/adsbygoogle.js\"><\/script><br \/>\n<!-- Noticias La Guia de Pamplona --><br \/>\n<ins class=\"adsbygoogle\"\nstyle=\"display:block\"\ndata-ad-client=\"ca-pub-6943679897239327\"\ndata-ad-slot=\"7048180777\"\ndata-ad-format=\"auto\"><\/ins><br \/>\n<script>\n(adsbygoogle = window.adsbygoogle || []).push({});\n<\/script><\/p>\n<p><strong>Pr\u00f3rroga del contrato con Duguna Iru\u00f1eko Dantzariak<\/strong><\/p>\n<p>Este baile coincide con la aprobaci\u00f3n el pasado lunes de la primera pr\u00f3rroga del contrato con Duguna Iru\u00f1eko Dantzariak \/ Dantzaris de Pamplona para la realizaci\u00f3n de diferentes actuaciones acompa\u00f1ando al cortejo municipal y otras actividades. El presupuesto del contrato asciende a 31.800 euros y su vigencia abarca el periodo comprendido entre el 18 de junio de este 2022 hasta el 17 de junio de 2023.<\/p>\n<p>El contrato detalla los actos protocolarios en los que deben participar los dantzaris como desfiles en cuerpo de ciudad y procesiones el d\u00eda de San Ferm\u00edn, en la Octava de San Ferm\u00edn, en la festividad de San Saturnino o con motivo del Privilegio de la Uni\u00f3n. Se incluyen tambi\u00e9n los bailes el d\u00eda de San Blas, en torno al d\u00eda de San Juan, la participaci\u00f3n en actos de San Ferm\u00edn de Aldapa o dos actuaciones m\u00e1s, por determinar, que contar\u00e1n al menos con 16 dantzaris.<\/p>\n","protected":false},"excerpt":{"rendered":"<p>La actuaci\u00f3n tendr\u00e1 lugar a partir de las 19.30 horas y est\u00e1 abierta a la participaci\u00f3n<\/p>\n","protected":false},"author":1,"featured_media":35466,"comment_status":"open","ping_status":"closed","sticky":false,"template":"","format":"standard","meta":{"footnotes":""},"categories":[2],"tags":[],"class_list":["post-40980","post","type-post","status-publish","format-standard","has-post-thumbnail","hentry","category-ayuntamiento-pamplona"],"yoast_head":"<!-- This site is optimized with the Yoast SEO plugin v27.3 - https:\/\/yoast.com\/product\/yoast-seo-wordpress\/ -->\n<title>La plaza de Santa Ana acoge este jueves el tradicional baile de la soka-dantza interpretado por Duguna Folklore Taldea<\/title>\n<meta name=\"description\" content=\"La actuaci\u00f3n tendr\u00e1 lugar a partir de las 19.30 horas y est\u00e1 abierta a la participaci\u00f3n\" \/>\n<meta name=\"robots\" content=\"index, follow, max-snippet:-1, max-image-preview:large, max-video-preview:-1\" \/>\n<link rel=\"canonical\" href=\"https:\/\/www.laguiadepamplona.com\/actualidad\/la-plaza-de-santa-ana-acoge-este-jueves-el-tradicional-baile-de-la-soka-dantza-interpretado-por-duguna-folklore-taldea\/\" \/>\n<meta property=\"og:locale\" content=\"es_ES\" \/>\n<meta property=\"og:type\" content=\"article\" \/>\n<meta property=\"og:title\" content=\"La plaza de Santa Ana acoge este jueves el tradicional baile de la soka-dantza interpretado por Duguna Folklore Taldea\" \/>\n<meta property=\"og:description\" content=\"La actuaci\u00f3n tendr\u00e1 lugar a partir de las 19.30 horas y est\u00e1 abierta a la participaci\u00f3n\" \/>\n<meta property=\"og:url\" content=\"https:\/\/www.laguiadepamplona.com\/actualidad\/la-plaza-de-santa-ana-acoge-este-jueves-el-tradicional-baile-de-la-soka-dantza-interpretado-por-duguna-folklore-taldea\/\" \/>\n<meta property=\"og:site_name\" content=\"La Gu\u00eda de Pamplona\" \/>\n<meta property=\"article:publisher\" content=\"https:\/\/www.facebook.com\/laguiadepamplonacom-133175176762273\/?ref=hl\" \/>\n<meta property=\"article:published_time\" content=\"2022-06-22T13:39:42+00:00\" \/>\n<meta property=\"article:modified_time\" content=\"2023-04-11T09:48:00+00:00\" \/>\n<meta property=\"og:image\" content=\"https:\/\/www.laguiadepamplona.com\/actualidad\/wp-content\/uploads\/2021\/06\/grupo-duguna.jpg\" \/>\n\t<meta property=\"og:image:width\" content=\"1920\" \/>\n\t<meta property=\"og:image:height\" content=\"1279\" \/>\n\t<meta property=\"og:image:type\" content=\"image\/jpeg\" \/>\n<meta name=\"author\" content=\"La Gu\u00eda de Pamplona\" \/>\n<meta name=\"twitter:card\" content=\"summary_large_image\" \/>\n<meta name=\"twitter:creator\" content=\"@LaGuiadPamplona\" \/>\n<meta name=\"twitter:site\" content=\"@LaGuiadPamplona\" \/>\n<meta name=\"twitter:label1\" content=\"Escrito por\" \/>\n\t<meta name=\"twitter:data1\" content=\"La Gu\u00eda de Pamplona\" \/>\n\t<meta name=\"twitter:label2\" content=\"Tiempo de lectura\" \/>\n\t<meta name=\"twitter:data2\" content=\"2 minutos\" \/>\n<script type=\"application\/ld+json\" class=\"yoast-schema-graph\">{\"@context\":\"https:\\\/\\\/schema.org\",\"@graph\":[{\"@type\":\"Article\",\"@id\":\"https:\\\/\\\/www.laguiadepamplona.com\\\/actualidad\\\/la-plaza-de-santa-ana-acoge-este-jueves-el-tradicional-baile-de-la-soka-dantza-interpretado-por-duguna-folklore-taldea\\\/#article\",\"isPartOf\":{\"@id\":\"https:\\\/\\\/www.laguiadepamplona.com\\\/actualidad\\\/la-plaza-de-santa-ana-acoge-este-jueves-el-tradicional-baile-de-la-soka-dantza-interpretado-por-duguna-folklore-taldea\\\/\"},\"author\":{\"name\":\"La Gu\u00eda de Pamplona\",\"@id\":\"https:\\\/\\\/www.laguiadepamplona.com\\\/actualidad\\\/#\\\/schema\\\/person\\\/efe887376f0213d4657c93adc50b1fdb\"},\"headline\":\"La plaza de Santa Ana acoge este jueves el tradicional baile de la soka-dantza interpretado por Duguna Folklore Taldea\",\"datePublished\":\"2022-06-22T13:39:42+00:00\",\"dateModified\":\"2023-04-11T09:48:00+00:00\",\"mainEntityOfPage\":{\"@id\":\"https:\\\/\\\/www.laguiadepamplona.com\\\/actualidad\\\/la-plaza-de-santa-ana-acoge-este-jueves-el-tradicional-baile-de-la-soka-dantza-interpretado-por-duguna-folklore-taldea\\\/\"},\"wordCount\":477,\"commentCount\":0,\"publisher\":{\"@id\":\"https:\\\/\\\/www.laguiadepamplona.com\\\/actualidad\\\/#organization\"},\"image\":{\"@id\":\"https:\\\/\\\/www.laguiadepamplona.com\\\/actualidad\\\/la-plaza-de-santa-ana-acoge-este-jueves-el-tradicional-baile-de-la-soka-dantza-interpretado-por-duguna-folklore-taldea\\\/#primaryimage\"},\"thumbnailUrl\":\"https:\\\/\\\/www.laguiadepamplona.com\\\/actualidad\\\/wp-content\\\/uploads\\\/2021\\\/06\\\/grupo-duguna.jpg\",\"articleSection\":[\"Ayto Pamplona\"],\"inLanguage\":\"es\",\"potentialAction\":[{\"@type\":\"CommentAction\",\"name\":\"Comment\",\"target\":[\"https:\\\/\\\/www.laguiadepamplona.com\\\/actualidad\\\/la-plaza-de-santa-ana-acoge-este-jueves-el-tradicional-baile-de-la-soka-dantza-interpretado-por-duguna-folklore-taldea\\\/#respond\"]}]},{\"@type\":\"WebPage\",\"@id\":\"https:\\\/\\\/www.laguiadepamplona.com\\\/actualidad\\\/la-plaza-de-santa-ana-acoge-este-jueves-el-tradicional-baile-de-la-soka-dantza-interpretado-por-duguna-folklore-taldea\\\/\",\"url\":\"https:\\\/\\\/www.laguiadepamplona.com\\\/actualidad\\\/la-plaza-de-santa-ana-acoge-este-jueves-el-tradicional-baile-de-la-soka-dantza-interpretado-por-duguna-folklore-taldea\\\/\",\"name\":\"La plaza de Santa Ana acoge este jueves el tradicional baile de la soka-dantza interpretado por Duguna Folklore Taldea\",\"isPartOf\":{\"@id\":\"https:\\\/\\\/www.laguiadepamplona.com\\\/actualidad\\\/#website\"},\"primaryImageOfPage\":{\"@id\":\"https:\\\/\\\/www.laguiadepamplona.com\\\/actualidad\\\/la-plaza-de-santa-ana-acoge-este-jueves-el-tradicional-baile-de-la-soka-dantza-interpretado-por-duguna-folklore-taldea\\\/#primaryimage\"},\"image\":{\"@id\":\"https:\\\/\\\/www.laguiadepamplona.com\\\/actualidad\\\/la-plaza-de-santa-ana-acoge-este-jueves-el-tradicional-baile-de-la-soka-dantza-interpretado-por-duguna-folklore-taldea\\\/#primaryimage\"},\"thumbnailUrl\":\"https:\\\/\\\/www.laguiadepamplona.com\\\/actualidad\\\/wp-content\\\/uploads\\\/2021\\\/06\\\/grupo-duguna.jpg\",\"datePublished\":\"2022-06-22T13:39:42+00:00\",\"dateModified\":\"2023-04-11T09:48:00+00:00\",\"description\":\"La actuaci\u00f3n tendr\u00e1 lugar a partir de las 19.30 horas y est\u00e1 abierta a la participaci\u00f3n\",\"breadcrumb\":{\"@id\":\"https:\\\/\\\/www.laguiadepamplona.com\\\/actualidad\\\/la-plaza-de-santa-ana-acoge-este-jueves-el-tradicional-baile-de-la-soka-dantza-interpretado-por-duguna-folklore-taldea\\\/#breadcrumb\"},\"inLanguage\":\"es\",\"potentialAction\":[{\"@type\":\"ReadAction\",\"target\":[\"https:\\\/\\\/www.laguiadepamplona.com\\\/actualidad\\\/la-plaza-de-santa-ana-acoge-este-jueves-el-tradicional-baile-de-la-soka-dantza-interpretado-por-duguna-folklore-taldea\\\/\"]}]},{\"@type\":\"ImageObject\",\"inLanguage\":\"es\",\"@id\":\"https:\\\/\\\/www.laguiadepamplona.com\\\/actualidad\\\/la-plaza-de-santa-ana-acoge-este-jueves-el-tradicional-baile-de-la-soka-dantza-interpretado-por-duguna-folklore-taldea\\\/#primaryimage\",\"url\":\"https:\\\/\\\/www.laguiadepamplona.com\\\/actualidad\\\/wp-content\\\/uploads\\\/2021\\\/06\\\/grupo-duguna.jpg\",\"contentUrl\":\"https:\\\/\\\/www.laguiadepamplona.com\\\/actualidad\\\/wp-content\\\/uploads\\\/2021\\\/06\\\/grupo-duguna.jpg\",\"width\":1920,\"height\":1279,\"caption\":\"duguna\"},{\"@type\":\"BreadcrumbList\",\"@id\":\"https:\\\/\\\/www.laguiadepamplona.com\\\/actualidad\\\/la-plaza-de-santa-ana-acoge-este-jueves-el-tradicional-baile-de-la-soka-dantza-interpretado-por-duguna-folklore-taldea\\\/#breadcrumb\",\"itemListElement\":[{\"@type\":\"ListItem\",\"position\":1,\"name\":\"Portada\",\"item\":\"https:\\\/\\\/www.laguiadepamplona.com\\\/actualidad\\\/\"},{\"@type\":\"ListItem\",\"position\":2,\"name\":\"La plaza de Santa Ana acoge este jueves el tradicional baile de la soka-dantza interpretado por Duguna Folklore Taldea\"}]},{\"@type\":\"WebSite\",\"@id\":\"https:\\\/\\\/www.laguiadepamplona.com\\\/actualidad\\\/#website\",\"url\":\"https:\\\/\\\/www.laguiadepamplona.com\\\/actualidad\\\/\",\"name\":\"La gu\u00eda de Pamplona\",\"description\":\"Noticias de Pamplona\",\"publisher\":{\"@id\":\"https:\\\/\\\/www.laguiadepamplona.com\\\/actualidad\\\/#organization\"},\"potentialAction\":[{\"@type\":\"SearchAction\",\"target\":{\"@type\":\"EntryPoint\",\"urlTemplate\":\"https:\\\/\\\/www.laguiadepamplona.com\\\/actualidad\\\/?s={search_term_string}\"},\"query-input\":{\"@type\":\"PropertyValueSpecification\",\"valueRequired\":true,\"valueName\":\"search_term_string\"}}],\"inLanguage\":\"es\"},{\"@type\":\"Organization\",\"@id\":\"https:\\\/\\\/www.laguiadepamplona.com\\\/actualidad\\\/#organization\",\"name\":\"La Gu\u00eda de Pamplona \\\/ Noticias\",\"url\":\"https:\\\/\\\/www.laguiadepamplona.com\\\/actualidad\\\/\",\"logo\":{\"@type\":\"ImageObject\",\"inLanguage\":\"es\",\"@id\":\"https:\\\/\\\/www.laguiadepamplona.com\\\/actualidad\\\/#\\\/schema\\\/logo\\\/image\\\/\",\"url\":\"https:\\\/\\\/www.laguiadepamplona.com\\\/actualidad\\\/wp-content\\\/uploads\\\/2018\\\/11\\\/logo-laguiadepamplona18-web1.png\",\"contentUrl\":\"https:\\\/\\\/www.laguiadepamplona.com\\\/actualidad\\\/wp-content\\\/uploads\\\/2018\\\/11\\\/logo-laguiadepamplona18-web1.png\",\"width\":600,\"height\":196,\"caption\":\"La Gu\u00eda de Pamplona \\\/ Noticias\"},\"image\":{\"@id\":\"https:\\\/\\\/www.laguiadepamplona.com\\\/actualidad\\\/#\\\/schema\\\/logo\\\/image\\\/\"},\"sameAs\":[\"https:\\\/\\\/www.facebook.com\\\/laguiadepamplonacom-133175176762273\\\/?ref=hl\",\"https:\\\/\\\/x.com\\\/LaGuiadPamplona\",\"https:\\\/\\\/www.instagram.com\\\/la_guia_de_pamplona\\\/\",\"https:\\\/\\\/www.youtube.com\\\/user\\\/laguiadepamplona\"]},{\"@type\":\"Person\",\"@id\":\"https:\\\/\\\/www.laguiadepamplona.com\\\/actualidad\\\/#\\\/schema\\\/person\\\/efe887376f0213d4657c93adc50b1fdb\",\"name\":\"La Gu\u00eda de Pamplona\",\"image\":{\"@type\":\"ImageObject\",\"inLanguage\":\"es\",\"@id\":\"https:\\\/\\\/secure.gravatar.com\\\/avatar\\\/b6992f131dc8d30ab0dff15446e9d346d9dbd95992de0fef795073f5ea83a81c?s=96&d=mm&r=g\",\"url\":\"https:\\\/\\\/secure.gravatar.com\\\/avatar\\\/b6992f131dc8d30ab0dff15446e9d346d9dbd95992de0fef795073f5ea83a81c?s=96&d=mm&r=g\",\"contentUrl\":\"https:\\\/\\\/secure.gravatar.com\\\/avatar\\\/b6992f131dc8d30ab0dff15446e9d346d9dbd95992de0fef795073f5ea83a81c?s=96&d=mm&r=g\",\"caption\":\"La Gu\u00eda de Pamplona\"}}]}<\/script>\n<!-- \/ Yoast SEO plugin. -->","yoast_head_json":{"title":"La plaza de Santa Ana acoge este jueves el tradicional baile de la soka-dantza interpretado por Duguna Folklore Taldea","description":"La actuaci\u00f3n tendr\u00e1 lugar a partir de las 19.30 horas y est\u00e1 abierta a la participaci\u00f3n","robots":{"index":"index","follow":"follow","max-snippet":"max-snippet:-1","max-image-preview":"max-image-preview:large","max-video-preview":"max-video-preview:-1"},"canonical":"https:\/\/www.laguiadepamplona.com\/actualidad\/la-plaza-de-santa-ana-acoge-este-jueves-el-tradicional-baile-de-la-soka-dantza-interpretado-por-duguna-folklore-taldea\/","og_locale":"es_ES","og_type":"article","og_title":"La plaza de Santa Ana acoge este jueves el tradicional baile de la soka-dantza interpretado por Duguna Folklore Taldea","og_description":"La actuaci\u00f3n tendr\u00e1 lugar a partir de las 19.30 horas y est\u00e1 abierta a la participaci\u00f3n","og_url":"https:\/\/www.laguiadepamplona.com\/actualidad\/la-plaza-de-santa-ana-acoge-este-jueves-el-tradicional-baile-de-la-soka-dantza-interpretado-por-duguna-folklore-taldea\/","og_site_name":"La Gu\u00eda de Pamplona","article_publisher":"https:\/\/www.facebook.com\/laguiadepamplonacom-133175176762273\/?ref=hl","article_published_time":"2022-06-22T13:39:42+00:00","article_modified_time":"2023-04-11T09:48:00+00:00","og_image":[{"width":1920,"height":1279,"url":"https:\/\/www.laguiadepamplona.com\/actualidad\/wp-content\/uploads\/2021\/06\/grupo-duguna.jpg","type":"image\/jpeg"}],"author":"La Gu\u00eda de Pamplona","twitter_card":"summary_large_image","twitter_creator":"@LaGuiadPamplona","twitter_site":"@LaGuiadPamplona","twitter_misc":{"Escrito por":"La Gu\u00eda de Pamplona","Tiempo de lectura":"2 minutos"},"schema":{"@context":"https:\/\/schema.org","@graph":[{"@type":"Article","@id":"https:\/\/www.laguiadepamplona.com\/actualidad\/la-plaza-de-santa-ana-acoge-este-jueves-el-tradicional-baile-de-la-soka-dantza-interpretado-por-duguna-folklore-taldea\/#article","isPartOf":{"@id":"https:\/\/www.laguiadepamplona.com\/actualidad\/la-plaza-de-santa-ana-acoge-este-jueves-el-tradicional-baile-de-la-soka-dantza-interpretado-por-duguna-folklore-taldea\/"},"author":{"name":"La Gu\u00eda de Pamplona","@id":"https:\/\/www.laguiadepamplona.com\/actualidad\/#\/schema\/person\/efe887376f0213d4657c93adc50b1fdb"},"headline":"La plaza de Santa Ana acoge este jueves el tradicional baile de la soka-dantza interpretado por Duguna Folklore Taldea","datePublished":"2022-06-22T13:39:42+00:00","dateModified":"2023-04-11T09:48:00+00:00","mainEntityOfPage":{"@id":"https:\/\/www.laguiadepamplona.com\/actualidad\/la-plaza-de-santa-ana-acoge-este-jueves-el-tradicional-baile-de-la-soka-dantza-interpretado-por-duguna-folklore-taldea\/"},"wordCount":477,"commentCount":0,"publisher":{"@id":"https:\/\/www.laguiadepamplona.com\/actualidad\/#organization"},"image":{"@id":"https:\/\/www.laguiadepamplona.com\/actualidad\/la-plaza-de-santa-ana-acoge-este-jueves-el-tradicional-baile-de-la-soka-dantza-interpretado-por-duguna-folklore-taldea\/#primaryimage"},"thumbnailUrl":"https:\/\/www.laguiadepamplona.com\/actualidad\/wp-content\/uploads\/2021\/06\/grupo-duguna.jpg","articleSection":["Ayto Pamplona"],"inLanguage":"es","potentialAction":[{"@type":"CommentAction","name":"Comment","target":["https:\/\/www.laguiadepamplona.com\/actualidad\/la-plaza-de-santa-ana-acoge-este-jueves-el-tradicional-baile-de-la-soka-dantza-interpretado-por-duguna-folklore-taldea\/#respond"]}]},{"@type":"WebPage","@id":"https:\/\/www.laguiadepamplona.com\/actualidad\/la-plaza-de-santa-ana-acoge-este-jueves-el-tradicional-baile-de-la-soka-dantza-interpretado-por-duguna-folklore-taldea\/","url":"https:\/\/www.laguiadepamplona.com\/actualidad\/la-plaza-de-santa-ana-acoge-este-jueves-el-tradicional-baile-de-la-soka-dantza-interpretado-por-duguna-folklore-taldea\/","name":"La plaza de Santa Ana acoge este jueves el tradicional baile de la soka-dantza interpretado por Duguna Folklore Taldea","isPartOf":{"@id":"https:\/\/www.laguiadepamplona.com\/actualidad\/#website"},"primaryImageOfPage":{"@id":"https:\/\/www.laguiadepamplona.com\/actualidad\/la-plaza-de-santa-ana-acoge-este-jueves-el-tradicional-baile-de-la-soka-dantza-interpretado-por-duguna-folklore-taldea\/#primaryimage"},"image":{"@id":"https:\/\/www.laguiadepamplona.com\/actualidad\/la-plaza-de-santa-ana-acoge-este-jueves-el-tradicional-baile-de-la-soka-dantza-interpretado-por-duguna-folklore-taldea\/#primaryimage"},"thumbnailUrl":"https:\/\/www.laguiadepamplona.com\/actualidad\/wp-content\/uploads\/2021\/06\/grupo-duguna.jpg","datePublished":"2022-06-22T13:39:42+00:00","dateModified":"2023-04-11T09:48:00+00:00","description":"La actuaci\u00f3n tendr\u00e1 lugar a partir de las 19.30 horas y est\u00e1 abierta a la participaci\u00f3n","breadcrumb":{"@id":"https:\/\/www.laguiadepamplona.com\/actualidad\/la-plaza-de-santa-ana-acoge-este-jueves-el-tradicional-baile-de-la-soka-dantza-interpretado-por-duguna-folklore-taldea\/#breadcrumb"},"inLanguage":"es","potentialAction":[{"@type":"ReadAction","target":["https:\/\/www.laguiadepamplona.com\/actualidad\/la-plaza-de-santa-ana-acoge-este-jueves-el-tradicional-baile-de-la-soka-dantza-interpretado-por-duguna-folklore-taldea\/"]}]},{"@type":"ImageObject","inLanguage":"es","@id":"https:\/\/www.laguiadepamplona.com\/actualidad\/la-plaza-de-santa-ana-acoge-este-jueves-el-tradicional-baile-de-la-soka-dantza-interpretado-por-duguna-folklore-taldea\/#primaryimage","url":"https:\/\/www.laguiadepamplona.com\/actualidad\/wp-content\/uploads\/2021\/06\/grupo-duguna.jpg","contentUrl":"https:\/\/www.laguiadepamplona.com\/actualidad\/wp-content\/uploads\/2021\/06\/grupo-duguna.jpg","width":1920,"height":1279,"caption":"duguna"},{"@type":"BreadcrumbList","@id":"https:\/\/www.laguiadepamplona.com\/actualidad\/la-plaza-de-santa-ana-acoge-este-jueves-el-tradicional-baile-de-la-soka-dantza-interpretado-por-duguna-folklore-taldea\/#breadcrumb","itemListElement":[{"@type":"ListItem","position":1,"name":"Portada","item":"https:\/\/www.laguiadepamplona.com\/actualidad\/"},{"@type":"ListItem","position":2,"name":"La plaza de Santa Ana acoge este jueves el tradicional baile de la soka-dantza interpretado por Duguna Folklore Taldea"}]},{"@type":"WebSite","@id":"https:\/\/www.laguiadepamplona.com\/actualidad\/#website","url":"https:\/\/www.laguiadepamplona.com\/actualidad\/","name":"La gu\u00eda de Pamplona","description":"Noticias de Pamplona","publisher":{"@id":"https:\/\/www.laguiadepamplona.com\/actualidad\/#organization"},"potentialAction":[{"@type":"SearchAction","target":{"@type":"EntryPoint","urlTemplate":"https:\/\/www.laguiadepamplona.com\/actualidad\/?s={search_term_string}"},"query-input":{"@type":"PropertyValueSpecification","valueRequired":true,"valueName":"search_term_string"}}],"inLanguage":"es"},{"@type":"Organization","@id":"https:\/\/www.laguiadepamplona.com\/actualidad\/#organization","name":"La Gu\u00eda de Pamplona \/ Noticias","url":"https:\/\/www.laguiadepamplona.com\/actualidad\/","logo":{"@type":"ImageObject","inLanguage":"es","@id":"https:\/\/www.laguiadepamplona.com\/actualidad\/#\/schema\/logo\/image\/","url":"https:\/\/www.laguiadepamplona.com\/actualidad\/wp-content\/uploads\/2018\/11\/logo-laguiadepamplona18-web1.png","contentUrl":"https:\/\/www.laguiadepamplona.com\/actualidad\/wp-content\/uploads\/2018\/11\/logo-laguiadepamplona18-web1.png","width":600,"height":196,"caption":"La Gu\u00eda de Pamplona \/ Noticias"},"image":{"@id":"https:\/\/www.laguiadepamplona.com\/actualidad\/#\/schema\/logo\/image\/"},"sameAs":["https:\/\/www.facebook.com\/laguiadepamplonacom-133175176762273\/?ref=hl","https:\/\/x.com\/LaGuiadPamplona","https:\/\/www.instagram.com\/la_guia_de_pamplona\/","https:\/\/www.youtube.com\/user\/laguiadepamplona"]},{"@type":"Person","@id":"https:\/\/www.laguiadepamplona.com\/actualidad\/#\/schema\/person\/efe887376f0213d4657c93adc50b1fdb","name":"La Gu\u00eda de Pamplona","image":{"@type":"ImageObject","inLanguage":"es","@id":"https:\/\/secure.gravatar.com\/avatar\/b6992f131dc8d30ab0dff15446e9d346d9dbd95992de0fef795073f5ea83a81c?s=96&d=mm&r=g","url":"https:\/\/secure.gravatar.com\/avatar\/b6992f131dc8d30ab0dff15446e9d346d9dbd95992de0fef795073f5ea83a81c?s=96&d=mm&r=g","contentUrl":"https:\/\/secure.gravatar.com\/avatar\/b6992f131dc8d30ab0dff15446e9d346d9dbd95992de0fef795073f5ea83a81c?s=96&d=mm&r=g","caption":"La Gu\u00eda de Pamplona"}}]}},"post_mailing_queue_ids":[],"_links":{"self":[{"href":"https:\/\/www.laguiadepamplona.com\/actualidad\/wp-json\/wp\/v2\/posts\/40980","targetHints":{"allow":["GET"]}}],"collection":[{"href":"https:\/\/www.laguiadepamplona.com\/actualidad\/wp-json\/wp\/v2\/posts"}],"about":[{"href":"https:\/\/www.laguiadepamplona.com\/actualidad\/wp-json\/wp\/v2\/types\/post"}],"author":[{"embeddable":true,"href":"https:\/\/www.laguiadepamplona.com\/actualidad\/wp-json\/wp\/v2\/users\/1"}],"replies":[{"embeddable":true,"href":"https:\/\/www.laguiadepamplona.com\/actualidad\/wp-json\/wp\/v2\/comments?post=40980"}],"version-history":[{"count":0,"href":"https:\/\/www.laguiadepamplona.com\/actualidad\/wp-json\/wp\/v2\/posts\/40980\/revisions"}],"wp:featuredmedia":[{"embeddable":true,"href":"https:\/\/www.laguiadepamplona.com\/actualidad\/wp-json\/wp\/v2\/media\/35466"}],"wp:attachment":[{"href":"https:\/\/www.laguiadepamplona.com\/actualidad\/wp-json\/wp\/v2\/media?parent=40980"}],"wp:term":[{"taxonomy":"category","embeddable":true,"href":"https:\/\/www.laguiadepamplona.com\/actualidad\/wp-json\/wp\/v2\/categories?post=40980"},{"taxonomy":"post_tag","embeddable":true,"href":"https:\/\/www.laguiadepamplona.com\/actualidad\/wp-json\/wp\/v2\/tags?post=40980"}],"curies":[{"name":"wp","href":"https:\/\/api.w.org\/{rel}","templated":true}]}}