{"id":40977,"date":"2022-06-22T15:38:10","date_gmt":"2022-06-22T13:38:10","guid":{"rendered":"https:\/\/www.laguiadepamplona.com\/actualidad\/?p=40977"},"modified":"2023-04-11T11:48:00","modified_gmt":"2023-04-11T09:48:00","slug":"las-piscinas-exteriores-de-aquavox-san-jorge-abren-este-miercoles-la-temporada-de-verano-que-se-desarrollara-hasta-el-proximo-14-de-septiembre","status":"publish","type":"post","link":"https:\/\/www.laguiadepamplona.com\/actualidad\/las-piscinas-exteriores-de-aquavox-san-jorge-abren-este-miercoles-la-temporada-de-verano-que-se-desarrollara-hasta-el-proximo-14-de-septiembre\/","title":{"rendered":"Las piscinas exteriores de Aquavox San Jorge abren este mi\u00e9rcoles la temporada de verano, que se desarrollar\u00e1 hasta el pr\u00f3ximo 14 de septiembre"},"content":{"rendered":"<h5>La instalaci\u00f3n abrir\u00e1 todos los d\u00edas, de 10 a 20.30 horas, sin ning\u00fan tipo de restricci\u00f3n despu\u00e9s de dos a\u00f1os con limitaciones derivadas del coronavirus<\/h5>\n<p><!--more--><\/p>\n<p>Aquavox San Jorge ha abierto este mi\u00e9rcoles al p\u00fablico sus piscinas exteriores. Comienza la temporada de verano, que se desarrollar\u00e1 hasta el 14 de septiembre, con horario de aperturas todos los d\u00edas, de 10 a 20.30 horas (los vestuarios cierran a las 20.45 horas. Se completa as\u00ed la oferta municipal de piscinas para la temporada de verano, tras la apertura de los vasos exteriores del Complejo Deportivo Aranzadi el pasado d\u00eda 15 de junio.<br \/>\n<script async src=\"\/\/pagead2.googlesyndication.com\/pagead\/js\/adsbygoogle.js\"><\/script><br \/>\n<!-- Noticias La Guia de Pamplona --><br \/>\n<ins class=\"adsbygoogle\"\nstyle=\"display:block\"\ndata-ad-client=\"ca-pub-6943679897239327\"\ndata-ad-slot=\"7048180777\"\ndata-ad-format=\"auto\"><\/ins><br \/>\n<script>\n(adsbygoogle = window.adsbygoogle || []).push({});\n<\/script><\/p>\n<p>La principal novedad tiene que ver con la ausencia de restricciones derivadas de la pandemia de la COVID-19, tras dos a\u00f1os con medidas de aforo, obligaci\u00f3n de mascarilla en diferentes espacios y dem\u00e1s limitaciones impuestas por la crisis sanitaria. Las instalaciones de Aquavox San Jorge cuentan con piscina ol\u00edmpica de 50 x 25 metros, piscina de recreo con chorros y jacuzzi, piscina de chapoteo, zona de asadores previa reserva, \u00e1rea de juegos infantiles, sala de usos m\u00faltiples y cafeter\u00eda \u2013 restaurante.<\/p>\n<p>La zona de balneario permanecer\u00e1 cerrada durante la temporada de verano y retomar\u00e1 su actividad a partir de mediados del mes de septiembre. El gimnasio de Aquavox San Jorge permanecer\u00e1 abierto, excepto del 6 al 14 de julio, que cerrar\u00e1 coincidiendo con las fiestas de San Ferm\u00edn. El Ayuntamiento de Pamplona recuerda la obligatoriedad de cumplir el <a href=\"https:\/\/www.pamplona.es\/sites\/default\/files\/2019-01\/1_1_1_3_Reglamento_uso_inst_deps_municipales.pdf\" target=\"_blank\" rel=\"noopener\">Reglamento de uso de las instalaciones<\/a>, as\u00ed como las instrucciones de uso de los asadores.<br \/>\n<script async src=\"\/\/pagead2.googlesyndication.com\/pagead\/js\/adsbygoogle.js\"><\/script><br \/>\n<!-- Noticias La Guia de Pamplona --><br \/>\n<ins class=\"adsbygoogle\"\nstyle=\"display:block\"\ndata-ad-client=\"ca-pub-6943679897239327\"\ndata-ad-slot=\"7048180777\"\ndata-ad-format=\"auto\"><\/ins><br \/>\n<script>\n(adsbygoogle = window.adsbygoogle || []).push({});\n<\/script><\/p>\n<p><strong>Abonos y entradas diarias<\/strong><\/p>\n<p>Sigue abierta la posibilidad de adquirir abonos para la temporada de verano, as\u00ed como la compra de entradas diarias, tanto para las instalaciones de Aranzadi como para San Jorge. Se pueden adquirir de forma online en <a href=\"https:\/\/aranzadi.provis.es\" target=\"_blank\" rel=\"noopener\">https:\/\/aranzadi.provis.es<\/a>. El abono de verano para personas entre 25 y 64 a\u00f1os tiene un precio de 80,75 euros; para j\u00f3venes entre 14 y 24 a\u00f1os cuesta 60,50 euros; y para mayores de 65 a\u00f1os y menores de 13 el precio es de 40,30 euros.<\/p>\n<p>De forma online, en ese mismo enlace, se podr\u00e1n adquirir tambi\u00e9n las entradas diarias, que igualmente han mantenido el mismo precio que en 2021. La entrada diaria para personas entre 25 y 64 a\u00f1os cuesta 4,45 euros (5,50 euros domingos y festivos), para personas entre 14 y 24 a\u00f1os 3,05 euros (3,90 euros domingos y festivos) y para mayores de 65 a\u00f1os y menores de 13 a\u00f1os el precio es de 2,70 euros cualquier d\u00eda, ya sea laborable, domingo o festivo.<br \/>\n<script async src=\"\/\/pagead2.googlesyndication.com\/pagead\/js\/adsbygoogle.js\"><\/script><br \/>\n<!-- Noticias La Guia de Pamplona --><br \/>\n<ins class=\"adsbygoogle\"\nstyle=\"display:block\"\ndata-ad-client=\"ca-pub-6943679897239327\"\ndata-ad-slot=\"7048180777\"\ndata-ad-format=\"auto\"><\/ins><br \/>\n<script>\n(adsbygoogle = window.adsbygoogle || []).push({});\n<\/script><\/p>\n<p>Las personas con derecho a descuentos deber\u00e1n hacer el tr\u00e1mite previo de enviar la documentaci\u00f3n necesaria para acreditar el derecho a esa tarifa a los correos electr\u00f3nicos <a href=\"mailto:descuentossanjorge@sedena.es\">descuentossanjorge@sedena.es<\/a> o <a href=\"mailto:descuentosaranzadi@serveo.com\">descuentosaranzadi@serveo.com<\/a>.<\/p>\n","protected":false},"excerpt":{"rendered":"<p>La instalaci\u00f3n abrir\u00e1 todos los d\u00edas, de 10 a 20.30 horas, sin ning\u00fan tipo de restricci\u00f3n despu\u00e9s de dos a\u00f1os con limitaciones derivadas del coronavirus<\/p>\n","protected":false},"author":1,"featured_media":32747,"comment_status":"open","ping_status":"closed","sticky":false,"template":"","format":"standard","meta":{"footnotes":""},"categories":[2],"tags":[],"class_list":["post-40977","post","type-post","status-publish","format-standard","has-post-thumbnail","hentry","category-ayuntamiento-pamplona"],"yoast_head":"<!-- This site is optimized with the Yoast SEO plugin v27.3 - https:\/\/yoast.com\/product\/yoast-seo-wordpress\/ -->\n<title>Las piscinas exteriores de Aquavox San Jorge abren este mi\u00e9rcoles la temporada de verano, que se desarrollar\u00e1 hasta el pr\u00f3ximo 14 de septiembre<\/title>\n<meta name=\"description\" content=\"La instalaci\u00f3n abrir\u00e1 todos los d\u00edas, de 10 a 20.30 horas, sin ning\u00fan tipo de restricci\u00f3n despu\u00e9s de dos a\u00f1os con limitaciones derivadas del coronavirus\" \/>\n<meta name=\"robots\" content=\"index, follow, max-snippet:-1, max-image-preview:large, max-video-preview:-1\" \/>\n<link rel=\"canonical\" href=\"https:\/\/www.laguiadepamplona.com\/actualidad\/las-piscinas-exteriores-de-aquavox-san-jorge-abren-este-miercoles-la-temporada-de-verano-que-se-desarrollara-hasta-el-proximo-14-de-septiembre\/\" \/>\n<meta property=\"og:locale\" content=\"es_ES\" \/>\n<meta property=\"og:type\" content=\"article\" \/>\n<meta property=\"og:title\" content=\"Las piscinas exteriores de Aquavox San Jorge abren este mi\u00e9rcoles la temporada de verano, que se desarrollar\u00e1 hasta el pr\u00f3ximo 14 de septiembre\" \/>\n<meta property=\"og:description\" content=\"La instalaci\u00f3n abrir\u00e1 todos los d\u00edas, de 10 a 20.30 horas, sin ning\u00fan tipo de restricci\u00f3n despu\u00e9s de dos a\u00f1os con limitaciones derivadas del coronavirus\" \/>\n<meta property=\"og:url\" content=\"https:\/\/www.laguiadepamplona.com\/actualidad\/las-piscinas-exteriores-de-aquavox-san-jorge-abren-este-miercoles-la-temporada-de-verano-que-se-desarrollara-hasta-el-proximo-14-de-septiembre\/\" \/>\n<meta property=\"og:site_name\" content=\"La Gu\u00eda de Pamplona\" \/>\n<meta property=\"article:publisher\" content=\"https:\/\/www.facebook.com\/laguiadepamplonacom-133175176762273\/?ref=hl\" \/>\n<meta property=\"article:published_time\" content=\"2022-06-22T13:38:10+00:00\" \/>\n<meta property=\"article:modified_time\" content=\"2023-04-11T09:48:00+00:00\" \/>\n<meta property=\"og:image\" content=\"https:\/\/www.laguiadepamplona.com\/actualidad\/wp-content\/uploads\/2021\/01\/aquavox-san-jorge.jpg\" \/>\n\t<meta property=\"og:image:width\" content=\"1920\" \/>\n\t<meta property=\"og:image:height\" content=\"1219\" \/>\n\t<meta property=\"og:image:type\" content=\"image\/jpeg\" \/>\n<meta name=\"author\" content=\"La Gu\u00eda de Pamplona\" \/>\n<meta name=\"twitter:card\" content=\"summary_large_image\" \/>\n<meta name=\"twitter:creator\" content=\"@LaGuiadPamplona\" \/>\n<meta name=\"twitter:site\" content=\"@LaGuiadPamplona\" \/>\n<meta name=\"twitter:label1\" content=\"Escrito por\" \/>\n\t<meta name=\"twitter:data1\" content=\"La Gu\u00eda de Pamplona\" \/>\n\t<meta name=\"twitter:label2\" content=\"Tiempo de lectura\" \/>\n\t<meta name=\"twitter:data2\" content=\"3 minutos\" \/>\n<script type=\"application\/ld+json\" class=\"yoast-schema-graph\">{\"@context\":\"https:\\\/\\\/schema.org\",\"@graph\":[{\"@type\":\"Article\",\"@id\":\"https:\\\/\\\/www.laguiadepamplona.com\\\/actualidad\\\/las-piscinas-exteriores-de-aquavox-san-jorge-abren-este-miercoles-la-temporada-de-verano-que-se-desarrollara-hasta-el-proximo-14-de-septiembre\\\/#article\",\"isPartOf\":{\"@id\":\"https:\\\/\\\/www.laguiadepamplona.com\\\/actualidad\\\/las-piscinas-exteriores-de-aquavox-san-jorge-abren-este-miercoles-la-temporada-de-verano-que-se-desarrollara-hasta-el-proximo-14-de-septiembre\\\/\"},\"author\":{\"name\":\"La Gu\u00eda de Pamplona\",\"@id\":\"https:\\\/\\\/www.laguiadepamplona.com\\\/actualidad\\\/#\\\/schema\\\/person\\\/efe887376f0213d4657c93adc50b1fdb\"},\"headline\":\"Las piscinas exteriores de Aquavox San Jorge abren este mi\u00e9rcoles la temporada de verano, que se desarrollar\u00e1 hasta el pr\u00f3ximo 14 de septiembre\",\"datePublished\":\"2022-06-22T13:38:10+00:00\",\"dateModified\":\"2023-04-11T09:48:00+00:00\",\"mainEntityOfPage\":{\"@id\":\"https:\\\/\\\/www.laguiadepamplona.com\\\/actualidad\\\/las-piscinas-exteriores-de-aquavox-san-jorge-abren-este-miercoles-la-temporada-de-verano-que-se-desarrollara-hasta-el-proximo-14-de-septiembre\\\/\"},\"wordCount\":477,\"commentCount\":0,\"publisher\":{\"@id\":\"https:\\\/\\\/www.laguiadepamplona.com\\\/actualidad\\\/#organization\"},\"image\":{\"@id\":\"https:\\\/\\\/www.laguiadepamplona.com\\\/actualidad\\\/las-piscinas-exteriores-de-aquavox-san-jorge-abren-este-miercoles-la-temporada-de-verano-que-se-desarrollara-hasta-el-proximo-14-de-septiembre\\\/#primaryimage\"},\"thumbnailUrl\":\"https:\\\/\\\/www.laguiadepamplona.com\\\/actualidad\\\/wp-content\\\/uploads\\\/2021\\\/01\\\/aquavox-san-jorge.jpg\",\"articleSection\":[\"Ayto Pamplona\"],\"inLanguage\":\"es\",\"potentialAction\":[{\"@type\":\"CommentAction\",\"name\":\"Comment\",\"target\":[\"https:\\\/\\\/www.laguiadepamplona.com\\\/actualidad\\\/las-piscinas-exteriores-de-aquavox-san-jorge-abren-este-miercoles-la-temporada-de-verano-que-se-desarrollara-hasta-el-proximo-14-de-septiembre\\\/#respond\"]}]},{\"@type\":\"WebPage\",\"@id\":\"https:\\\/\\\/www.laguiadepamplona.com\\\/actualidad\\\/las-piscinas-exteriores-de-aquavox-san-jorge-abren-este-miercoles-la-temporada-de-verano-que-se-desarrollara-hasta-el-proximo-14-de-septiembre\\\/\",\"url\":\"https:\\\/\\\/www.laguiadepamplona.com\\\/actualidad\\\/las-piscinas-exteriores-de-aquavox-san-jorge-abren-este-miercoles-la-temporada-de-verano-que-se-desarrollara-hasta-el-proximo-14-de-septiembre\\\/\",\"name\":\"Las piscinas exteriores de Aquavox San Jorge abren este mi\u00e9rcoles la temporada de verano, que se desarrollar\u00e1 hasta el pr\u00f3ximo 14 de septiembre\",\"isPartOf\":{\"@id\":\"https:\\\/\\\/www.laguiadepamplona.com\\\/actualidad\\\/#website\"},\"primaryImageOfPage\":{\"@id\":\"https:\\\/\\\/www.laguiadepamplona.com\\\/actualidad\\\/las-piscinas-exteriores-de-aquavox-san-jorge-abren-este-miercoles-la-temporada-de-verano-que-se-desarrollara-hasta-el-proximo-14-de-septiembre\\\/#primaryimage\"},\"image\":{\"@id\":\"https:\\\/\\\/www.laguiadepamplona.com\\\/actualidad\\\/las-piscinas-exteriores-de-aquavox-san-jorge-abren-este-miercoles-la-temporada-de-verano-que-se-desarrollara-hasta-el-proximo-14-de-septiembre\\\/#primaryimage\"},\"thumbnailUrl\":\"https:\\\/\\\/www.laguiadepamplona.com\\\/actualidad\\\/wp-content\\\/uploads\\\/2021\\\/01\\\/aquavox-san-jorge.jpg\",\"datePublished\":\"2022-06-22T13:38:10+00:00\",\"dateModified\":\"2023-04-11T09:48:00+00:00\",\"description\":\"La instalaci\u00f3n abrir\u00e1 todos los d\u00edas, de 10 a 20.30 horas, sin ning\u00fan tipo de restricci\u00f3n despu\u00e9s de dos a\u00f1os con limitaciones derivadas del coronavirus\",\"breadcrumb\":{\"@id\":\"https:\\\/\\\/www.laguiadepamplona.com\\\/actualidad\\\/las-piscinas-exteriores-de-aquavox-san-jorge-abren-este-miercoles-la-temporada-de-verano-que-se-desarrollara-hasta-el-proximo-14-de-septiembre\\\/#breadcrumb\"},\"inLanguage\":\"es\",\"potentialAction\":[{\"@type\":\"ReadAction\",\"target\":[\"https:\\\/\\\/www.laguiadepamplona.com\\\/actualidad\\\/las-piscinas-exteriores-de-aquavox-san-jorge-abren-este-miercoles-la-temporada-de-verano-que-se-desarrollara-hasta-el-proximo-14-de-septiembre\\\/\"]}]},{\"@type\":\"ImageObject\",\"inLanguage\":\"es\",\"@id\":\"https:\\\/\\\/www.laguiadepamplona.com\\\/actualidad\\\/las-piscinas-exteriores-de-aquavox-san-jorge-abren-este-miercoles-la-temporada-de-verano-que-se-desarrollara-hasta-el-proximo-14-de-septiembre\\\/#primaryimage\",\"url\":\"https:\\\/\\\/www.laguiadepamplona.com\\\/actualidad\\\/wp-content\\\/uploads\\\/2021\\\/01\\\/aquavox-san-jorge.jpg\",\"contentUrl\":\"https:\\\/\\\/www.laguiadepamplona.com\\\/actualidad\\\/wp-content\\\/uploads\\\/2021\\\/01\\\/aquavox-san-jorge.jpg\",\"width\":1920,\"height\":1219},{\"@type\":\"BreadcrumbList\",\"@id\":\"https:\\\/\\\/www.laguiadepamplona.com\\\/actualidad\\\/las-piscinas-exteriores-de-aquavox-san-jorge-abren-este-miercoles-la-temporada-de-verano-que-se-desarrollara-hasta-el-proximo-14-de-septiembre\\\/#breadcrumb\",\"itemListElement\":[{\"@type\":\"ListItem\",\"position\":1,\"name\":\"Portada\",\"item\":\"https:\\\/\\\/www.laguiadepamplona.com\\\/actualidad\\\/\"},{\"@type\":\"ListItem\",\"position\":2,\"name\":\"Las piscinas exteriores de Aquavox San Jorge abren este mi\u00e9rcoles la temporada de verano, que se desarrollar\u00e1 hasta el pr\u00f3ximo 14 de septiembre\"}]},{\"@type\":\"WebSite\",\"@id\":\"https:\\\/\\\/www.laguiadepamplona.com\\\/actualidad\\\/#website\",\"url\":\"https:\\\/\\\/www.laguiadepamplona.com\\\/actualidad\\\/\",\"name\":\"La gu\u00eda de Pamplona\",\"description\":\"Noticias de Pamplona\",\"publisher\":{\"@id\":\"https:\\\/\\\/www.laguiadepamplona.com\\\/actualidad\\\/#organization\"},\"potentialAction\":[{\"@type\":\"SearchAction\",\"target\":{\"@type\":\"EntryPoint\",\"urlTemplate\":\"https:\\\/\\\/www.laguiadepamplona.com\\\/actualidad\\\/?s={search_term_string}\"},\"query-input\":{\"@type\":\"PropertyValueSpecification\",\"valueRequired\":true,\"valueName\":\"search_term_string\"}}],\"inLanguage\":\"es\"},{\"@type\":\"Organization\",\"@id\":\"https:\\\/\\\/www.laguiadepamplona.com\\\/actualidad\\\/#organization\",\"name\":\"La Gu\u00eda de Pamplona \\\/ Noticias\",\"url\":\"https:\\\/\\\/www.laguiadepamplona.com\\\/actualidad\\\/\",\"logo\":{\"@type\":\"ImageObject\",\"inLanguage\":\"es\",\"@id\":\"https:\\\/\\\/www.laguiadepamplona.com\\\/actualidad\\\/#\\\/schema\\\/logo\\\/image\\\/\",\"url\":\"https:\\\/\\\/www.laguiadepamplona.com\\\/actualidad\\\/wp-content\\\/uploads\\\/2018\\\/11\\\/logo-laguiadepamplona18-web1.png\",\"contentUrl\":\"https:\\\/\\\/www.laguiadepamplona.com\\\/actualidad\\\/wp-content\\\/uploads\\\/2018\\\/11\\\/logo-laguiadepamplona18-web1.png\",\"width\":600,\"height\":196,\"caption\":\"La Gu\u00eda de Pamplona \\\/ Noticias\"},\"image\":{\"@id\":\"https:\\\/\\\/www.laguiadepamplona.com\\\/actualidad\\\/#\\\/schema\\\/logo\\\/image\\\/\"},\"sameAs\":[\"https:\\\/\\\/www.facebook.com\\\/laguiadepamplonacom-133175176762273\\\/?ref=hl\",\"https:\\\/\\\/x.com\\\/LaGuiadPamplona\",\"https:\\\/\\\/www.instagram.com\\\/la_guia_de_pamplona\\\/\",\"https:\\\/\\\/www.youtube.com\\\/user\\\/laguiadepamplona\"]},{\"@type\":\"Person\",\"@id\":\"https:\\\/\\\/www.laguiadepamplona.com\\\/actualidad\\\/#\\\/schema\\\/person\\\/efe887376f0213d4657c93adc50b1fdb\",\"name\":\"La Gu\u00eda de Pamplona\",\"image\":{\"@type\":\"ImageObject\",\"inLanguage\":\"es\",\"@id\":\"https:\\\/\\\/secure.gravatar.com\\\/avatar\\\/b6992f131dc8d30ab0dff15446e9d346d9dbd95992de0fef795073f5ea83a81c?s=96&d=mm&r=g\",\"url\":\"https:\\\/\\\/secure.gravatar.com\\\/avatar\\\/b6992f131dc8d30ab0dff15446e9d346d9dbd95992de0fef795073f5ea83a81c?s=96&d=mm&r=g\",\"contentUrl\":\"https:\\\/\\\/secure.gravatar.com\\\/avatar\\\/b6992f131dc8d30ab0dff15446e9d346d9dbd95992de0fef795073f5ea83a81c?s=96&d=mm&r=g\",\"caption\":\"La Gu\u00eda de Pamplona\"}}]}<\/script>\n<!-- \/ Yoast SEO plugin. -->","yoast_head_json":{"title":"Las piscinas exteriores de Aquavox San Jorge abren este mi\u00e9rcoles la temporada de verano, que se desarrollar\u00e1 hasta el pr\u00f3ximo 14 de septiembre","description":"La instalaci\u00f3n abrir\u00e1 todos los d\u00edas, de 10 a 20.30 horas, sin ning\u00fan tipo de restricci\u00f3n despu\u00e9s de dos a\u00f1os con limitaciones derivadas del coronavirus","robots":{"index":"index","follow":"follow","max-snippet":"max-snippet:-1","max-image-preview":"max-image-preview:large","max-video-preview":"max-video-preview:-1"},"canonical":"https:\/\/www.laguiadepamplona.com\/actualidad\/las-piscinas-exteriores-de-aquavox-san-jorge-abren-este-miercoles-la-temporada-de-verano-que-se-desarrollara-hasta-el-proximo-14-de-septiembre\/","og_locale":"es_ES","og_type":"article","og_title":"Las piscinas exteriores de Aquavox San Jorge abren este mi\u00e9rcoles la temporada de verano, que se desarrollar\u00e1 hasta el pr\u00f3ximo 14 de septiembre","og_description":"La instalaci\u00f3n abrir\u00e1 todos los d\u00edas, de 10 a 20.30 horas, sin ning\u00fan tipo de restricci\u00f3n despu\u00e9s de dos a\u00f1os con limitaciones derivadas del coronavirus","og_url":"https:\/\/www.laguiadepamplona.com\/actualidad\/las-piscinas-exteriores-de-aquavox-san-jorge-abren-este-miercoles-la-temporada-de-verano-que-se-desarrollara-hasta-el-proximo-14-de-septiembre\/","og_site_name":"La Gu\u00eda de Pamplona","article_publisher":"https:\/\/www.facebook.com\/laguiadepamplonacom-133175176762273\/?ref=hl","article_published_time":"2022-06-22T13:38:10+00:00","article_modified_time":"2023-04-11T09:48:00+00:00","og_image":[{"width":1920,"height":1219,"url":"https:\/\/www.laguiadepamplona.com\/actualidad\/wp-content\/uploads\/2021\/01\/aquavox-san-jorge.jpg","type":"image\/jpeg"}],"author":"La Gu\u00eda de Pamplona","twitter_card":"summary_large_image","twitter_creator":"@LaGuiadPamplona","twitter_site":"@LaGuiadPamplona","twitter_misc":{"Escrito por":"La Gu\u00eda de Pamplona","Tiempo de lectura":"3 minutos"},"schema":{"@context":"https:\/\/schema.org","@graph":[{"@type":"Article","@id":"https:\/\/www.laguiadepamplona.com\/actualidad\/las-piscinas-exteriores-de-aquavox-san-jorge-abren-este-miercoles-la-temporada-de-verano-que-se-desarrollara-hasta-el-proximo-14-de-septiembre\/#article","isPartOf":{"@id":"https:\/\/www.laguiadepamplona.com\/actualidad\/las-piscinas-exteriores-de-aquavox-san-jorge-abren-este-miercoles-la-temporada-de-verano-que-se-desarrollara-hasta-el-proximo-14-de-septiembre\/"},"author":{"name":"La Gu\u00eda de Pamplona","@id":"https:\/\/www.laguiadepamplona.com\/actualidad\/#\/schema\/person\/efe887376f0213d4657c93adc50b1fdb"},"headline":"Las piscinas exteriores de Aquavox San Jorge abren este mi\u00e9rcoles la temporada de verano, que se desarrollar\u00e1 hasta el pr\u00f3ximo 14 de septiembre","datePublished":"2022-06-22T13:38:10+00:00","dateModified":"2023-04-11T09:48:00+00:00","mainEntityOfPage":{"@id":"https:\/\/www.laguiadepamplona.com\/actualidad\/las-piscinas-exteriores-de-aquavox-san-jorge-abren-este-miercoles-la-temporada-de-verano-que-se-desarrollara-hasta-el-proximo-14-de-septiembre\/"},"wordCount":477,"commentCount":0,"publisher":{"@id":"https:\/\/www.laguiadepamplona.com\/actualidad\/#organization"},"image":{"@id":"https:\/\/www.laguiadepamplona.com\/actualidad\/las-piscinas-exteriores-de-aquavox-san-jorge-abren-este-miercoles-la-temporada-de-verano-que-se-desarrollara-hasta-el-proximo-14-de-septiembre\/#primaryimage"},"thumbnailUrl":"https:\/\/www.laguiadepamplona.com\/actualidad\/wp-content\/uploads\/2021\/01\/aquavox-san-jorge.jpg","articleSection":["Ayto Pamplona"],"inLanguage":"es","potentialAction":[{"@type":"CommentAction","name":"Comment","target":["https:\/\/www.laguiadepamplona.com\/actualidad\/las-piscinas-exteriores-de-aquavox-san-jorge-abren-este-miercoles-la-temporada-de-verano-que-se-desarrollara-hasta-el-proximo-14-de-septiembre\/#respond"]}]},{"@type":"WebPage","@id":"https:\/\/www.laguiadepamplona.com\/actualidad\/las-piscinas-exteriores-de-aquavox-san-jorge-abren-este-miercoles-la-temporada-de-verano-que-se-desarrollara-hasta-el-proximo-14-de-septiembre\/","url":"https:\/\/www.laguiadepamplona.com\/actualidad\/las-piscinas-exteriores-de-aquavox-san-jorge-abren-este-miercoles-la-temporada-de-verano-que-se-desarrollara-hasta-el-proximo-14-de-septiembre\/","name":"Las piscinas exteriores de Aquavox San Jorge abren este mi\u00e9rcoles la temporada de verano, que se desarrollar\u00e1 hasta el pr\u00f3ximo 14 de septiembre","isPartOf":{"@id":"https:\/\/www.laguiadepamplona.com\/actualidad\/#website"},"primaryImageOfPage":{"@id":"https:\/\/www.laguiadepamplona.com\/actualidad\/las-piscinas-exteriores-de-aquavox-san-jorge-abren-este-miercoles-la-temporada-de-verano-que-se-desarrollara-hasta-el-proximo-14-de-septiembre\/#primaryimage"},"image":{"@id":"https:\/\/www.laguiadepamplona.com\/actualidad\/las-piscinas-exteriores-de-aquavox-san-jorge-abren-este-miercoles-la-temporada-de-verano-que-se-desarrollara-hasta-el-proximo-14-de-septiembre\/#primaryimage"},"thumbnailUrl":"https:\/\/www.laguiadepamplona.com\/actualidad\/wp-content\/uploads\/2021\/01\/aquavox-san-jorge.jpg","datePublished":"2022-06-22T13:38:10+00:00","dateModified":"2023-04-11T09:48:00+00:00","description":"La instalaci\u00f3n abrir\u00e1 todos los d\u00edas, de 10 a 20.30 horas, sin ning\u00fan tipo de restricci\u00f3n despu\u00e9s de dos a\u00f1os con limitaciones derivadas del coronavirus","breadcrumb":{"@id":"https:\/\/www.laguiadepamplona.com\/actualidad\/las-piscinas-exteriores-de-aquavox-san-jorge-abren-este-miercoles-la-temporada-de-verano-que-se-desarrollara-hasta-el-proximo-14-de-septiembre\/#breadcrumb"},"inLanguage":"es","potentialAction":[{"@type":"ReadAction","target":["https:\/\/www.laguiadepamplona.com\/actualidad\/las-piscinas-exteriores-de-aquavox-san-jorge-abren-este-miercoles-la-temporada-de-verano-que-se-desarrollara-hasta-el-proximo-14-de-septiembre\/"]}]},{"@type":"ImageObject","inLanguage":"es","@id":"https:\/\/www.laguiadepamplona.com\/actualidad\/las-piscinas-exteriores-de-aquavox-san-jorge-abren-este-miercoles-la-temporada-de-verano-que-se-desarrollara-hasta-el-proximo-14-de-septiembre\/#primaryimage","url":"https:\/\/www.laguiadepamplona.com\/actualidad\/wp-content\/uploads\/2021\/01\/aquavox-san-jorge.jpg","contentUrl":"https:\/\/www.laguiadepamplona.com\/actualidad\/wp-content\/uploads\/2021\/01\/aquavox-san-jorge.jpg","width":1920,"height":1219},{"@type":"BreadcrumbList","@id":"https:\/\/www.laguiadepamplona.com\/actualidad\/las-piscinas-exteriores-de-aquavox-san-jorge-abren-este-miercoles-la-temporada-de-verano-que-se-desarrollara-hasta-el-proximo-14-de-septiembre\/#breadcrumb","itemListElement":[{"@type":"ListItem","position":1,"name":"Portada","item":"https:\/\/www.laguiadepamplona.com\/actualidad\/"},{"@type":"ListItem","position":2,"name":"Las piscinas exteriores de Aquavox San Jorge abren este mi\u00e9rcoles la temporada de verano, que se desarrollar\u00e1 hasta el pr\u00f3ximo 14 de septiembre"}]},{"@type":"WebSite","@id":"https:\/\/www.laguiadepamplona.com\/actualidad\/#website","url":"https:\/\/www.laguiadepamplona.com\/actualidad\/","name":"La gu\u00eda de Pamplona","description":"Noticias de Pamplona","publisher":{"@id":"https:\/\/www.laguiadepamplona.com\/actualidad\/#organization"},"potentialAction":[{"@type":"SearchAction","target":{"@type":"EntryPoint","urlTemplate":"https:\/\/www.laguiadepamplona.com\/actualidad\/?s={search_term_string}"},"query-input":{"@type":"PropertyValueSpecification","valueRequired":true,"valueName":"search_term_string"}}],"inLanguage":"es"},{"@type":"Organization","@id":"https:\/\/www.laguiadepamplona.com\/actualidad\/#organization","name":"La Gu\u00eda de Pamplona \/ Noticias","url":"https:\/\/www.laguiadepamplona.com\/actualidad\/","logo":{"@type":"ImageObject","inLanguage":"es","@id":"https:\/\/www.laguiadepamplona.com\/actualidad\/#\/schema\/logo\/image\/","url":"https:\/\/www.laguiadepamplona.com\/actualidad\/wp-content\/uploads\/2018\/11\/logo-laguiadepamplona18-web1.png","contentUrl":"https:\/\/www.laguiadepamplona.com\/actualidad\/wp-content\/uploads\/2018\/11\/logo-laguiadepamplona18-web1.png","width":600,"height":196,"caption":"La Gu\u00eda de Pamplona \/ Noticias"},"image":{"@id":"https:\/\/www.laguiadepamplona.com\/actualidad\/#\/schema\/logo\/image\/"},"sameAs":["https:\/\/www.facebook.com\/laguiadepamplonacom-133175176762273\/?ref=hl","https:\/\/x.com\/LaGuiadPamplona","https:\/\/www.instagram.com\/la_guia_de_pamplona\/","https:\/\/www.youtube.com\/user\/laguiadepamplona"]},{"@type":"Person","@id":"https:\/\/www.laguiadepamplona.com\/actualidad\/#\/schema\/person\/efe887376f0213d4657c93adc50b1fdb","name":"La Gu\u00eda de Pamplona","image":{"@type":"ImageObject","inLanguage":"es","@id":"https:\/\/secure.gravatar.com\/avatar\/b6992f131dc8d30ab0dff15446e9d346d9dbd95992de0fef795073f5ea83a81c?s=96&d=mm&r=g","url":"https:\/\/secure.gravatar.com\/avatar\/b6992f131dc8d30ab0dff15446e9d346d9dbd95992de0fef795073f5ea83a81c?s=96&d=mm&r=g","contentUrl":"https:\/\/secure.gravatar.com\/avatar\/b6992f131dc8d30ab0dff15446e9d346d9dbd95992de0fef795073f5ea83a81c?s=96&d=mm&r=g","caption":"La Gu\u00eda de Pamplona"}}]}},"post_mailing_queue_ids":[],"_links":{"self":[{"href":"https:\/\/www.laguiadepamplona.com\/actualidad\/wp-json\/wp\/v2\/posts\/40977","targetHints":{"allow":["GET"]}}],"collection":[{"href":"https:\/\/www.laguiadepamplona.com\/actualidad\/wp-json\/wp\/v2\/posts"}],"about":[{"href":"https:\/\/www.laguiadepamplona.com\/actualidad\/wp-json\/wp\/v2\/types\/post"}],"author":[{"embeddable":true,"href":"https:\/\/www.laguiadepamplona.com\/actualidad\/wp-json\/wp\/v2\/users\/1"}],"replies":[{"embeddable":true,"href":"https:\/\/www.laguiadepamplona.com\/actualidad\/wp-json\/wp\/v2\/comments?post=40977"}],"version-history":[{"count":0,"href":"https:\/\/www.laguiadepamplona.com\/actualidad\/wp-json\/wp\/v2\/posts\/40977\/revisions"}],"wp:featuredmedia":[{"embeddable":true,"href":"https:\/\/www.laguiadepamplona.com\/actualidad\/wp-json\/wp\/v2\/media\/32747"}],"wp:attachment":[{"href":"https:\/\/www.laguiadepamplona.com\/actualidad\/wp-json\/wp\/v2\/media?parent=40977"}],"wp:term":[{"taxonomy":"category","embeddable":true,"href":"https:\/\/www.laguiadepamplona.com\/actualidad\/wp-json\/wp\/v2\/categories?post=40977"},{"taxonomy":"post_tag","embeddable":true,"href":"https:\/\/www.laguiadepamplona.com\/actualidad\/wp-json\/wp\/v2\/tags?post=40977"}],"curies":[{"name":"wp","href":"https:\/\/api.w.org\/{rel}","templated":true}]}}