{"id":40970,"date":"2022-06-22T12:08:11","date_gmt":"2022-06-22T10:08:11","guid":{"rendered":"https:\/\/www.laguiadepamplona.com\/actualidad\/?p=40970"},"modified":"2023-04-11T11:48:00","modified_gmt":"2023-04-11T09:48:00","slug":"pamplona-culmina-la-recuperacion-de-su-perimetro-fortificado-con-la-rehabilitacion-del-baluarte-de-parma-y-de-su-bateria-baja","status":"publish","type":"post","link":"https:\/\/www.laguiadepamplona.com\/actualidad\/pamplona-culmina-la-recuperacion-de-su-perimetro-fortificado-con-la-rehabilitacion-del-baluarte-de-parma-y-de-su-bateria-baja\/","title":{"rendered":"Pamplona culmina la recuperaci\u00f3n de su per\u00edmetro fortificado con la rehabilitaci\u00f3n del baluarte de Parma y de su bater\u00eda baja"},"content":{"rendered":"<h5>La intervenci\u00f3n permite recuperar la continuidad visual del trazado amurallado y muestra el elemento m\u00e1s desconocido para la ciudadan\u00eda<\/h5>\n<p><!--more--><\/p>\n<p>El alcalde de Pamplona, Enrique Maya, junto con el resto de miembros de la Comisi\u00f3n de Urbanismo, ha visitado esta ma\u00f1ana el baluarte de Parma y su bater\u00eda baja. Con el fin de la restauraci\u00f3n de este elemento, se ha certificado el final de las actuaciones de recuperaci\u00f3n del recinto fortificado de Pamplona que comenzaron hace casi dos d\u00e9cadas. Esta intervenci\u00f3n supone que, finalmente, la ciudad ha recuperado la continuidad visual de su per\u00edmetro defensivo. Aunque la continuidad f\u00edsica est\u00e1 cortada por la Cuesta de Santo Domingo, desde la terraza superior, la visualizaci\u00f3n clara del entronque del baluarte con los paseos de ronda que le flanquean, permite apreciar la configuraci\u00f3n real de lo que convirti\u00f3 a Pamplona durante dos siglos en una \u2018plaza fuerte\u2019. Lo mismo sucede con su visi\u00f3n desde el parque fluvial, desde el que se aprecia su imponente masa y altura.<\/p>\n<p>Estas obras tienen de presupuesto 904.225 euros de los que el Ministerio de Transportes Movilidad y Agenda Urbana se hace cargo de 646.375 euros (65% del total) a trav\u00e9s del programa de ayudas \u201c1,5% Cultural\u201d. Este programa ha sufragado a lo largo de los a\u00f1os una parte importante de intervenciones en las murallas desde que en 2005 el Consistorio encargara la redacci\u00f3n de un Plan de Actuaci\u00f3n para la Restauraci\u00f3n de las Fortificaciones de Pamplona, que tambi\u00e9n es el origen de la conversi\u00f3n, en 2011, del fort\u00edn avanzado de San Bartolom\u00e9 en un centro de interpretaci\u00f3n.<\/p>\n<p>El recinto amurallado y el Casco Antiguo est\u00e1n calificados como \u201cConjunto hist\u00f3rico-art\u00edstico\u201d desde abril de 1968, y concretamente las murallas, son bien patrimonial del Consistorio con categor\u00eda de Bien de Inter\u00e9s Cultural (BIC) seg\u00fan el Plan Municipal. Los arquitectos Marta y Miguel Monreal Vidal se han encargado de la redacci\u00f3n del proyecto y de la direcci\u00f3n de la obra de esta intervenci\u00f3n y los trabajos, que comenzaron el pasado septiembre, han sido ejecutados por Construcciones Leache. Esta restauraci\u00f3n es parte de los objetivos del Plan estrat\u00e9gico de ciudad (Estrategia 2030) ya que, adem\u00e1s de la recuperaci\u00f3n y conservaci\u00f3n del patrimonio cultural de la ciudad, incidir\u00e1 en la mejora del paisaje urbano y, m\u00e1s concretamente, del Casco Antiguo y del Parque Fluvial y en el posicionamiento tur\u00edstico de la ciudad, con el correspondiente resultado en el crecimiento del empleo en el sector.<br \/>\n<script async src=\"\/\/pagead2.googlesyndication.com\/pagead\/js\/adsbygoogle.js\"><\/script><br \/>\n<!-- Noticias La Guia de Pamplona --><br \/>\n<ins class=\"adsbygoogle\"\nstyle=\"display:block\"\ndata-ad-client=\"ca-pub-6943679897239327\"\ndata-ad-slot=\"7048180777\"\ndata-ad-format=\"auto\"><\/ins><br \/>\n<script>\n(adsbygoogle = window.adsbygoogle || []).push({});\n<\/script><\/p>\n<p><strong>Cuando una muralla \u201chabla\u201d<\/strong><\/p>\n<p>La recuperaci\u00f3n de este baluarte, adem\u00e1s de tener importancia simb\u00f3lica como elemento de cierre del proceso de intervenciones de restauraci\u00f3n y, aparte de su valor intr\u00ednseco como estructura del patrimonio fortificado de la ciudad, tiene m\u00e1s vectores de importancia. Por un lado, permite una mejor comprensi\u00f3n de la estructura de la muralla moderna. El hallazgo del arco de ladrillo del \u00faltimo tramo del \u201cpuente durmiente\u201d (estructura fija que se eleva sobre el foso y se cimenta sobre el terreno) del Portal de Rochapea; derribado en 1915, permite confirmar su ubicaci\u00f3n y su configuraci\u00f3n \u201cgemela\u201d al Portal de Francia, as\u00ed como el funcionamiento de las puertas de la ciudad. El escudo de Carlos V, original de esa puerta, se traslad\u00f3 en su momento y hoy se puede apreciar en el Portal Nuevo que realiz\u00f3 en 1950 V\u00edctor Eusa.<\/p>\n<p>Por otro lado, la intervenci\u00f3n ha permitido el saneamiento de un elemento de intrahistoria que en la vida diaria de los pamploneses de anta\u00f1o se conoc\u00eda como \u2018el (r\u00edo de) minetas\u2019, una salida de aguas de la ciudad que los ni\u00f1os del entorno usaban para ba\u00f1arse. El agua, pluviales y fecales, que flu\u00eda a trav\u00e9s de esta conducci\u00f3n permanente procedente del barranco de la Ma\u00f1ueta, desaguaba a varios metros de altura sobre la base de la muralla atravesando uno de los lienzos del baluarte. Precisamente, para la construcci\u00f3n de este baluarte fue necesario rellenar los barrancos de Ma\u00f1ueta y Santo Domingo que separaban los burgos medievales de Navarrer\u00eda y San Cernin.<\/p>\n<p>El cuerpo de guardia que se encuentra cercano a la bater\u00eda baja (actuales corralillos de Santo Domingo) del baluarte de Parma es el \u00fanico que subsiste de los seis que lleg\u00f3 a tener la ciudad (uno por cada Portal). El cuerpo de guardia era lo primero que ve\u00eda el visitante al entrar en Pamplona y el que le mostraba que estaba entrando en una Plaza Fuerte de primer orden. Pr\u00f3ximamente el Consistorio acometer\u00e1 la restauraci\u00f3n de este singular elemento con la ayuda de los fondos Next Generation EU.<br \/>\n<script async src=\"\/\/pagead2.googlesyndication.com\/pagead\/js\/adsbygoogle.js\"><\/script><br \/>\n<!-- Noticias La Guia de Pamplona --><br \/>\n<ins class=\"adsbygoogle\"\nstyle=\"display:block\"\ndata-ad-client=\"ca-pub-6943679897239327\"\ndata-ad-slot=\"7048180777\"\ndata-ad-format=\"auto\"><\/ins><br \/>\n<script>\n(adsbygoogle = window.adsbygoogle || []).push({});\n<\/script><\/p>\n<p><strong>El baluarte m\u00e1s desconocido<\/strong><\/p>\n<p>El estado de este elemento hasta la fecha lo convert\u00eda en el m\u00e1s desconocido del per\u00edmetro fortificado. La restauraci\u00f3n ha permitido reconstruir con t\u00e9cnicas modernas, aunque respetuosas con la construcci\u00f3n original, los parapetos, las escarpas, el foso, las ocho ca\u00f1oneras del baluarte de Parma y las cinco de su bater\u00eda baja (corralillos de Santo Domingo) junto con sus respectivos merlones, cuyos vestigios se encontraban ocultos bajo una importante cantidad de vegetaci\u00f3n. Asimismo, se ha despejado de vegetaci\u00f3n la gran base que sustenta el elemento sobre el r\u00edo Arga.<\/p>\n<p>La visi\u00f3n m\u00e1s clara de la estructura fortificada se obtiene desde una altura un poco superior: desde las garitas de la esquina el Archivo Real y General de Navarra y la que se ubica en el paseo de ronda que domina la cuesta de Santo Domingo. Para la zona anexa a los parapetos del baluarte, la decisi\u00f3n del Consistorio ha sido despejar de veh\u00edculos el entorno de los lienzos con el objetivo de posibilitar un nuevo paseo peatonal para uso y disfrute de la ciudadan\u00eda. Este espacio libre permite, adem\u00e1s, que se aprecie de forma clara el conjunto fortificado de Parma y que se pueda bordear sin obst\u00e1culos la parte superior. En su base, la limpieza de las escarpas (zona de lienzos del baluarte que dan al exterior del elemento), ahora permite a los paseantes apreciar la monumentalidad del elemento desde el parque fluvial, uno de los tramos m\u00e1s desconocidos por la ciudadan\u00eda.<br \/>\n<script async src=\"\/\/pagead2.googlesyndication.com\/pagead\/js\/adsbygoogle.js\"><\/script><br \/>\n<!-- Noticias La Guia de Pamplona --><br \/>\n<ins class=\"adsbygoogle\"\nstyle=\"display:block\"\ndata-ad-client=\"ca-pub-6943679897239327\"\ndata-ad-slot=\"7048180777\"\ndata-ad-format=\"auto\"><\/ins><br \/>\n<script>\n(adsbygoogle = window.adsbygoogle || []).push({});\n<\/script><\/p>\n<p><strong>Conservar y poner en valor lo restaurado<\/strong><\/p>\n<p>Toda la operaci\u00f3n en el baluarte de Parma y su bater\u00eda baja ha sido precedida de un exhaustivo estudio de planos y bocetos de distintos archivos hist\u00f3ricos del Ministerio de Defensa, as\u00ed como de la ingente documentaci\u00f3n fotogr\u00e1fica que obra en el Archivo Municipal de Pamplona. El conjunto fortificado de Pamplona, construido entre los siglos XVI y XVIII, es uno de los recintos abaluartados mejor conservados de toda Europa y su potencia se comparaba con La bastilla (Par\u00eds).<\/p>\n<p>Su ocaso se produjo en el siglo XIX, al devenir en ineficaz por los avances de la artiller\u00eda y ser factor de insalubridad por al gran crecimiento demogr\u00e1fico, que exig\u00eda una ampliaci\u00f3n de la trama urbana que se encontraba encorsetada por las murallas. Pamplona celebr\u00f3 como un \u201cD\u00eda de j\u00fabilo extraordinario\u201d (Diario de Navarra, 25 de julio de 1915) el derribo de una parte de sus murallas que comenz\u00f3 en 1915 y se extendi\u00f3 hasta 1921.<\/p>\n<p>Con la finalizaci\u00f3n de este elemento Pamplona recupera en el siglo XXI la integridad de las murallas que subsistieron a ese momento hist\u00f3rico. Lo ha hecho en un proceso continuo de restauraci\u00f3n acometido bajo los mismos criterios t\u00e9cnicos de intervenci\u00f3n, lo que ha dado coherencia a todas las intervenciones acometidas en los \u00faltimos 17 a\u00f1os. La ciudad seguir\u00e1 ahora con el mantenimiento habitual de todo este patrimonio a trav\u00e9s de un contrato que, con ese contenido, ejecuta de forma continua tareas programadas de limpieza y revisi\u00f3n a lo largo del a\u00f1o. Adem\u00e1s, las escuelas taller municipales colaboran de forma habitual en este mantenimiento con trabajos de peque\u00f1as reparaciones y reposiciones de piedra.<\/p>\n<p>El Ayuntamiento, adem\u00e1s, realiza la puesta en valor de estos elementos desde la programaci\u00f3n habitual de actividades culturales y ofertas tur\u00edsticas en el entorno de las murallas y en el interior del moderno castillo que es la Ciudadela y su anillo verde, de forma que los usos de este patrimonio fortificado se integren en la vida diaria de pamploneses y pamplonesas y se conviertan en parte viva de la ciudad.<\/p>\n","protected":false},"excerpt":{"rendered":"<p>La intervenci\u00f3n permite recuperar la continuidad visual del trazado amurallado y muestra el elemento m\u00e1s desconocido para la ciudadan\u00eda<\/p>\n","protected":false},"author":1,"featured_media":40971,"comment_status":"open","ping_status":"closed","sticky":false,"template":"","format":"standard","meta":{"footnotes":""},"categories":[2,9406],"tags":[],"class_list":["post-40970","post","type-post","status-publish","format-standard","has-post-thumbnail","hentry","category-ayuntamiento-pamplona","category-san-fermin"],"yoast_head":"<!-- This site is optimized with the Yoast SEO plugin v27.3 - https:\/\/yoast.com\/product\/yoast-seo-wordpress\/ -->\n<title>Pamplona culmina la recuperaci\u00f3n de su per\u00edmetro fortificado con la rehabilitaci\u00f3n del baluarte de Parma y de su bater\u00eda baja<\/title>\n<meta name=\"description\" content=\"La intervenci\u00f3n permite recuperar la continuidad visual del trazado amurallado y muestra el elemento m\u00e1s desconocido para la ciudadan\u00eda\" \/>\n<meta name=\"robots\" content=\"index, follow, max-snippet:-1, max-image-preview:large, max-video-preview:-1\" \/>\n<link rel=\"canonical\" href=\"https:\/\/www.laguiadepamplona.com\/actualidad\/pamplona-culmina-la-recuperacion-de-su-perimetro-fortificado-con-la-rehabilitacion-del-baluarte-de-parma-y-de-su-bateria-baja\/\" \/>\n<meta property=\"og:locale\" content=\"es_ES\" \/>\n<meta property=\"og:type\" content=\"article\" \/>\n<meta property=\"og:title\" content=\"Pamplona culmina la recuperaci\u00f3n de su per\u00edmetro fortificado con la rehabilitaci\u00f3n del baluarte de Parma y de su bater\u00eda baja\" \/>\n<meta property=\"og:description\" content=\"La intervenci\u00f3n permite recuperar la continuidad visual del trazado amurallado y muestra el elemento m\u00e1s desconocido para la ciudadan\u00eda\" \/>\n<meta property=\"og:url\" content=\"https:\/\/www.laguiadepamplona.com\/actualidad\/pamplona-culmina-la-recuperacion-de-su-perimetro-fortificado-con-la-rehabilitacion-del-baluarte-de-parma-y-de-su-bateria-baja\/\" \/>\n<meta property=\"og:site_name\" content=\"La Gu\u00eda de Pamplona\" \/>\n<meta property=\"article:publisher\" content=\"https:\/\/www.facebook.com\/laguiadepamplonacom-133175176762273\/?ref=hl\" \/>\n<meta property=\"article:published_time\" content=\"2022-06-22T10:08:11+00:00\" \/>\n<meta property=\"article:modified_time\" content=\"2023-04-11T09:48:00+00:00\" \/>\n<meta property=\"og:image\" content=\"https:\/\/www.laguiadepamplona.com\/actualidad\/wp-content\/uploads\/2022\/06\/fortinparmafinobraee5a6619_0.webp\" \/>\n\t<meta property=\"og:image:width\" content=\"1920\" \/>\n\t<meta property=\"og:image:height\" content=\"1280\" \/>\n\t<meta property=\"og:image:type\" content=\"image\/webp\" \/>\n<meta name=\"author\" content=\"La Gu\u00eda de Pamplona\" \/>\n<meta name=\"twitter:card\" content=\"summary_large_image\" \/>\n<meta name=\"twitter:creator\" content=\"@LaGuiadPamplona\" \/>\n<meta name=\"twitter:site\" content=\"@LaGuiadPamplona\" \/>\n<meta name=\"twitter:label1\" content=\"Escrito por\" \/>\n\t<meta name=\"twitter:data1\" content=\"La Gu\u00eda de Pamplona\" \/>\n\t<meta name=\"twitter:label2\" content=\"Tiempo de lectura\" \/>\n\t<meta name=\"twitter:data2\" content=\"7 minutos\" \/>\n<script type=\"application\/ld+json\" class=\"yoast-schema-graph\">{\"@context\":\"https:\\\/\\\/schema.org\",\"@graph\":[{\"@type\":\"Article\",\"@id\":\"https:\\\/\\\/www.laguiadepamplona.com\\\/actualidad\\\/pamplona-culmina-la-recuperacion-de-su-perimetro-fortificado-con-la-rehabilitacion-del-baluarte-de-parma-y-de-su-bateria-baja\\\/#article\",\"isPartOf\":{\"@id\":\"https:\\\/\\\/www.laguiadepamplona.com\\\/actualidad\\\/pamplona-culmina-la-recuperacion-de-su-perimetro-fortificado-con-la-rehabilitacion-del-baluarte-de-parma-y-de-su-bateria-baja\\\/\"},\"author\":{\"name\":\"La Gu\u00eda de Pamplona\",\"@id\":\"https:\\\/\\\/www.laguiadepamplona.com\\\/actualidad\\\/#\\\/schema\\\/person\\\/efe887376f0213d4657c93adc50b1fdb\"},\"headline\":\"Pamplona culmina la recuperaci\u00f3n de su per\u00edmetro fortificado con la rehabilitaci\u00f3n del baluarte de Parma y de su bater\u00eda baja\",\"datePublished\":\"2022-06-22T10:08:11+00:00\",\"dateModified\":\"2023-04-11T09:48:00+00:00\",\"mainEntityOfPage\":{\"@id\":\"https:\\\/\\\/www.laguiadepamplona.com\\\/actualidad\\\/pamplona-culmina-la-recuperacion-de-su-perimetro-fortificado-con-la-rehabilitacion-del-baluarte-de-parma-y-de-su-bateria-baja\\\/\"},\"wordCount\":1451,\"commentCount\":0,\"publisher\":{\"@id\":\"https:\\\/\\\/www.laguiadepamplona.com\\\/actualidad\\\/#organization\"},\"image\":{\"@id\":\"https:\\\/\\\/www.laguiadepamplona.com\\\/actualidad\\\/pamplona-culmina-la-recuperacion-de-su-perimetro-fortificado-con-la-rehabilitacion-del-baluarte-de-parma-y-de-su-bateria-baja\\\/#primaryimage\"},\"thumbnailUrl\":\"https:\\\/\\\/www.laguiadepamplona.com\\\/actualidad\\\/wp-content\\\/uploads\\\/2022\\\/06\\\/fortinparmafinobraee5a6619_0.webp\",\"articleSection\":[\"Ayto Pamplona\",\"San Ferm\u00edn\"],\"inLanguage\":\"es\",\"potentialAction\":[{\"@type\":\"CommentAction\",\"name\":\"Comment\",\"target\":[\"https:\\\/\\\/www.laguiadepamplona.com\\\/actualidad\\\/pamplona-culmina-la-recuperacion-de-su-perimetro-fortificado-con-la-rehabilitacion-del-baluarte-de-parma-y-de-su-bateria-baja\\\/#respond\"]}]},{\"@type\":\"WebPage\",\"@id\":\"https:\\\/\\\/www.laguiadepamplona.com\\\/actualidad\\\/pamplona-culmina-la-recuperacion-de-su-perimetro-fortificado-con-la-rehabilitacion-del-baluarte-de-parma-y-de-su-bateria-baja\\\/\",\"url\":\"https:\\\/\\\/www.laguiadepamplona.com\\\/actualidad\\\/pamplona-culmina-la-recuperacion-de-su-perimetro-fortificado-con-la-rehabilitacion-del-baluarte-de-parma-y-de-su-bateria-baja\\\/\",\"name\":\"Pamplona culmina la recuperaci\u00f3n de su per\u00edmetro fortificado con la rehabilitaci\u00f3n del baluarte de Parma y de su bater\u00eda baja\",\"isPartOf\":{\"@id\":\"https:\\\/\\\/www.laguiadepamplona.com\\\/actualidad\\\/#website\"},\"primaryImageOfPage\":{\"@id\":\"https:\\\/\\\/www.laguiadepamplona.com\\\/actualidad\\\/pamplona-culmina-la-recuperacion-de-su-perimetro-fortificado-con-la-rehabilitacion-del-baluarte-de-parma-y-de-su-bateria-baja\\\/#primaryimage\"},\"image\":{\"@id\":\"https:\\\/\\\/www.laguiadepamplona.com\\\/actualidad\\\/pamplona-culmina-la-recuperacion-de-su-perimetro-fortificado-con-la-rehabilitacion-del-baluarte-de-parma-y-de-su-bateria-baja\\\/#primaryimage\"},\"thumbnailUrl\":\"https:\\\/\\\/www.laguiadepamplona.com\\\/actualidad\\\/wp-content\\\/uploads\\\/2022\\\/06\\\/fortinparmafinobraee5a6619_0.webp\",\"datePublished\":\"2022-06-22T10:08:11+00:00\",\"dateModified\":\"2023-04-11T09:48:00+00:00\",\"description\":\"La intervenci\u00f3n permite recuperar la continuidad visual del trazado amurallado y muestra el elemento m\u00e1s desconocido para la ciudadan\u00eda\",\"breadcrumb\":{\"@id\":\"https:\\\/\\\/www.laguiadepamplona.com\\\/actualidad\\\/pamplona-culmina-la-recuperacion-de-su-perimetro-fortificado-con-la-rehabilitacion-del-baluarte-de-parma-y-de-su-bateria-baja\\\/#breadcrumb\"},\"inLanguage\":\"es\",\"potentialAction\":[{\"@type\":\"ReadAction\",\"target\":[\"https:\\\/\\\/www.laguiadepamplona.com\\\/actualidad\\\/pamplona-culmina-la-recuperacion-de-su-perimetro-fortificado-con-la-rehabilitacion-del-baluarte-de-parma-y-de-su-bateria-baja\\\/\"]}]},{\"@type\":\"ImageObject\",\"inLanguage\":\"es\",\"@id\":\"https:\\\/\\\/www.laguiadepamplona.com\\\/actualidad\\\/pamplona-culmina-la-recuperacion-de-su-perimetro-fortificado-con-la-rehabilitacion-del-baluarte-de-parma-y-de-su-bateria-baja\\\/#primaryimage\",\"url\":\"https:\\\/\\\/www.laguiadepamplona.com\\\/actualidad\\\/wp-content\\\/uploads\\\/2022\\\/06\\\/fortinparmafinobraee5a6619_0.webp\",\"contentUrl\":\"https:\\\/\\\/www.laguiadepamplona.com\\\/actualidad\\\/wp-content\\\/uploads\\\/2022\\\/06\\\/fortinparmafinobraee5a6619_0.webp\",\"width\":1920,\"height\":1280},{\"@type\":\"BreadcrumbList\",\"@id\":\"https:\\\/\\\/www.laguiadepamplona.com\\\/actualidad\\\/pamplona-culmina-la-recuperacion-de-su-perimetro-fortificado-con-la-rehabilitacion-del-baluarte-de-parma-y-de-su-bateria-baja\\\/#breadcrumb\",\"itemListElement\":[{\"@type\":\"ListItem\",\"position\":1,\"name\":\"Portada\",\"item\":\"https:\\\/\\\/www.laguiadepamplona.com\\\/actualidad\\\/\"},{\"@type\":\"ListItem\",\"position\":2,\"name\":\"Pamplona culmina la recuperaci\u00f3n de su per\u00edmetro fortificado con la rehabilitaci\u00f3n del baluarte de Parma y de su bater\u00eda baja\"}]},{\"@type\":\"WebSite\",\"@id\":\"https:\\\/\\\/www.laguiadepamplona.com\\\/actualidad\\\/#website\",\"url\":\"https:\\\/\\\/www.laguiadepamplona.com\\\/actualidad\\\/\",\"name\":\"La gu\u00eda de Pamplona\",\"description\":\"Noticias de Pamplona\",\"publisher\":{\"@id\":\"https:\\\/\\\/www.laguiadepamplona.com\\\/actualidad\\\/#organization\"},\"potentialAction\":[{\"@type\":\"SearchAction\",\"target\":{\"@type\":\"EntryPoint\",\"urlTemplate\":\"https:\\\/\\\/www.laguiadepamplona.com\\\/actualidad\\\/?s={search_term_string}\"},\"query-input\":{\"@type\":\"PropertyValueSpecification\",\"valueRequired\":true,\"valueName\":\"search_term_string\"}}],\"inLanguage\":\"es\"},{\"@type\":\"Organization\",\"@id\":\"https:\\\/\\\/www.laguiadepamplona.com\\\/actualidad\\\/#organization\",\"name\":\"La Gu\u00eda de Pamplona \\\/ Noticias\",\"url\":\"https:\\\/\\\/www.laguiadepamplona.com\\\/actualidad\\\/\",\"logo\":{\"@type\":\"ImageObject\",\"inLanguage\":\"es\",\"@id\":\"https:\\\/\\\/www.laguiadepamplona.com\\\/actualidad\\\/#\\\/schema\\\/logo\\\/image\\\/\",\"url\":\"https:\\\/\\\/www.laguiadepamplona.com\\\/actualidad\\\/wp-content\\\/uploads\\\/2018\\\/11\\\/logo-laguiadepamplona18-web1.png\",\"contentUrl\":\"https:\\\/\\\/www.laguiadepamplona.com\\\/actualidad\\\/wp-content\\\/uploads\\\/2018\\\/11\\\/logo-laguiadepamplona18-web1.png\",\"width\":600,\"height\":196,\"caption\":\"La Gu\u00eda de Pamplona \\\/ Noticias\"},\"image\":{\"@id\":\"https:\\\/\\\/www.laguiadepamplona.com\\\/actualidad\\\/#\\\/schema\\\/logo\\\/image\\\/\"},\"sameAs\":[\"https:\\\/\\\/www.facebook.com\\\/laguiadepamplonacom-133175176762273\\\/?ref=hl\",\"https:\\\/\\\/x.com\\\/LaGuiadPamplona\",\"https:\\\/\\\/www.instagram.com\\\/la_guia_de_pamplona\\\/\",\"https:\\\/\\\/www.youtube.com\\\/user\\\/laguiadepamplona\"]},{\"@type\":\"Person\",\"@id\":\"https:\\\/\\\/www.laguiadepamplona.com\\\/actualidad\\\/#\\\/schema\\\/person\\\/efe887376f0213d4657c93adc50b1fdb\",\"name\":\"La Gu\u00eda de Pamplona\",\"image\":{\"@type\":\"ImageObject\",\"inLanguage\":\"es\",\"@id\":\"https:\\\/\\\/secure.gravatar.com\\\/avatar\\\/b6992f131dc8d30ab0dff15446e9d346d9dbd95992de0fef795073f5ea83a81c?s=96&d=mm&r=g\",\"url\":\"https:\\\/\\\/secure.gravatar.com\\\/avatar\\\/b6992f131dc8d30ab0dff15446e9d346d9dbd95992de0fef795073f5ea83a81c?s=96&d=mm&r=g\",\"contentUrl\":\"https:\\\/\\\/secure.gravatar.com\\\/avatar\\\/b6992f131dc8d30ab0dff15446e9d346d9dbd95992de0fef795073f5ea83a81c?s=96&d=mm&r=g\",\"caption\":\"La Gu\u00eda de Pamplona\"}}]}<\/script>\n<!-- \/ Yoast SEO plugin. -->","yoast_head_json":{"title":"Pamplona culmina la recuperaci\u00f3n de su per\u00edmetro fortificado con la rehabilitaci\u00f3n del baluarte de Parma y de su bater\u00eda baja","description":"La intervenci\u00f3n permite recuperar la continuidad visual del trazado amurallado y muestra el elemento m\u00e1s desconocido para la ciudadan\u00eda","robots":{"index":"index","follow":"follow","max-snippet":"max-snippet:-1","max-image-preview":"max-image-preview:large","max-video-preview":"max-video-preview:-1"},"canonical":"https:\/\/www.laguiadepamplona.com\/actualidad\/pamplona-culmina-la-recuperacion-de-su-perimetro-fortificado-con-la-rehabilitacion-del-baluarte-de-parma-y-de-su-bateria-baja\/","og_locale":"es_ES","og_type":"article","og_title":"Pamplona culmina la recuperaci\u00f3n de su per\u00edmetro fortificado con la rehabilitaci\u00f3n del baluarte de Parma y de su bater\u00eda baja","og_description":"La intervenci\u00f3n permite recuperar la continuidad visual del trazado amurallado y muestra el elemento m\u00e1s desconocido para la ciudadan\u00eda","og_url":"https:\/\/www.laguiadepamplona.com\/actualidad\/pamplona-culmina-la-recuperacion-de-su-perimetro-fortificado-con-la-rehabilitacion-del-baluarte-de-parma-y-de-su-bateria-baja\/","og_site_name":"La Gu\u00eda de Pamplona","article_publisher":"https:\/\/www.facebook.com\/laguiadepamplonacom-133175176762273\/?ref=hl","article_published_time":"2022-06-22T10:08:11+00:00","article_modified_time":"2023-04-11T09:48:00+00:00","og_image":[{"width":1920,"height":1280,"url":"https:\/\/www.laguiadepamplona.com\/actualidad\/wp-content\/uploads\/2022\/06\/fortinparmafinobraee5a6619_0.webp","type":"image\/webp"}],"author":"La Gu\u00eda de Pamplona","twitter_card":"summary_large_image","twitter_creator":"@LaGuiadPamplona","twitter_site":"@LaGuiadPamplona","twitter_misc":{"Escrito por":"La Gu\u00eda de Pamplona","Tiempo de lectura":"7 minutos"},"schema":{"@context":"https:\/\/schema.org","@graph":[{"@type":"Article","@id":"https:\/\/www.laguiadepamplona.com\/actualidad\/pamplona-culmina-la-recuperacion-de-su-perimetro-fortificado-con-la-rehabilitacion-del-baluarte-de-parma-y-de-su-bateria-baja\/#article","isPartOf":{"@id":"https:\/\/www.laguiadepamplona.com\/actualidad\/pamplona-culmina-la-recuperacion-de-su-perimetro-fortificado-con-la-rehabilitacion-del-baluarte-de-parma-y-de-su-bateria-baja\/"},"author":{"name":"La Gu\u00eda de Pamplona","@id":"https:\/\/www.laguiadepamplona.com\/actualidad\/#\/schema\/person\/efe887376f0213d4657c93adc50b1fdb"},"headline":"Pamplona culmina la recuperaci\u00f3n de su per\u00edmetro fortificado con la rehabilitaci\u00f3n del baluarte de Parma y de su bater\u00eda baja","datePublished":"2022-06-22T10:08:11+00:00","dateModified":"2023-04-11T09:48:00+00:00","mainEntityOfPage":{"@id":"https:\/\/www.laguiadepamplona.com\/actualidad\/pamplona-culmina-la-recuperacion-de-su-perimetro-fortificado-con-la-rehabilitacion-del-baluarte-de-parma-y-de-su-bateria-baja\/"},"wordCount":1451,"commentCount":0,"publisher":{"@id":"https:\/\/www.laguiadepamplona.com\/actualidad\/#organization"},"image":{"@id":"https:\/\/www.laguiadepamplona.com\/actualidad\/pamplona-culmina-la-recuperacion-de-su-perimetro-fortificado-con-la-rehabilitacion-del-baluarte-de-parma-y-de-su-bateria-baja\/#primaryimage"},"thumbnailUrl":"https:\/\/www.laguiadepamplona.com\/actualidad\/wp-content\/uploads\/2022\/06\/fortinparmafinobraee5a6619_0.webp","articleSection":["Ayto Pamplona","San Ferm\u00edn"],"inLanguage":"es","potentialAction":[{"@type":"CommentAction","name":"Comment","target":["https:\/\/www.laguiadepamplona.com\/actualidad\/pamplona-culmina-la-recuperacion-de-su-perimetro-fortificado-con-la-rehabilitacion-del-baluarte-de-parma-y-de-su-bateria-baja\/#respond"]}]},{"@type":"WebPage","@id":"https:\/\/www.laguiadepamplona.com\/actualidad\/pamplona-culmina-la-recuperacion-de-su-perimetro-fortificado-con-la-rehabilitacion-del-baluarte-de-parma-y-de-su-bateria-baja\/","url":"https:\/\/www.laguiadepamplona.com\/actualidad\/pamplona-culmina-la-recuperacion-de-su-perimetro-fortificado-con-la-rehabilitacion-del-baluarte-de-parma-y-de-su-bateria-baja\/","name":"Pamplona culmina la recuperaci\u00f3n de su per\u00edmetro fortificado con la rehabilitaci\u00f3n del baluarte de Parma y de su bater\u00eda baja","isPartOf":{"@id":"https:\/\/www.laguiadepamplona.com\/actualidad\/#website"},"primaryImageOfPage":{"@id":"https:\/\/www.laguiadepamplona.com\/actualidad\/pamplona-culmina-la-recuperacion-de-su-perimetro-fortificado-con-la-rehabilitacion-del-baluarte-de-parma-y-de-su-bateria-baja\/#primaryimage"},"image":{"@id":"https:\/\/www.laguiadepamplona.com\/actualidad\/pamplona-culmina-la-recuperacion-de-su-perimetro-fortificado-con-la-rehabilitacion-del-baluarte-de-parma-y-de-su-bateria-baja\/#primaryimage"},"thumbnailUrl":"https:\/\/www.laguiadepamplona.com\/actualidad\/wp-content\/uploads\/2022\/06\/fortinparmafinobraee5a6619_0.webp","datePublished":"2022-06-22T10:08:11+00:00","dateModified":"2023-04-11T09:48:00+00:00","description":"La intervenci\u00f3n permite recuperar la continuidad visual del trazado amurallado y muestra el elemento m\u00e1s desconocido para la ciudadan\u00eda","breadcrumb":{"@id":"https:\/\/www.laguiadepamplona.com\/actualidad\/pamplona-culmina-la-recuperacion-de-su-perimetro-fortificado-con-la-rehabilitacion-del-baluarte-de-parma-y-de-su-bateria-baja\/#breadcrumb"},"inLanguage":"es","potentialAction":[{"@type":"ReadAction","target":["https:\/\/www.laguiadepamplona.com\/actualidad\/pamplona-culmina-la-recuperacion-de-su-perimetro-fortificado-con-la-rehabilitacion-del-baluarte-de-parma-y-de-su-bateria-baja\/"]}]},{"@type":"ImageObject","inLanguage":"es","@id":"https:\/\/www.laguiadepamplona.com\/actualidad\/pamplona-culmina-la-recuperacion-de-su-perimetro-fortificado-con-la-rehabilitacion-del-baluarte-de-parma-y-de-su-bateria-baja\/#primaryimage","url":"https:\/\/www.laguiadepamplona.com\/actualidad\/wp-content\/uploads\/2022\/06\/fortinparmafinobraee5a6619_0.webp","contentUrl":"https:\/\/www.laguiadepamplona.com\/actualidad\/wp-content\/uploads\/2022\/06\/fortinparmafinobraee5a6619_0.webp","width":1920,"height":1280},{"@type":"BreadcrumbList","@id":"https:\/\/www.laguiadepamplona.com\/actualidad\/pamplona-culmina-la-recuperacion-de-su-perimetro-fortificado-con-la-rehabilitacion-del-baluarte-de-parma-y-de-su-bateria-baja\/#breadcrumb","itemListElement":[{"@type":"ListItem","position":1,"name":"Portada","item":"https:\/\/www.laguiadepamplona.com\/actualidad\/"},{"@type":"ListItem","position":2,"name":"Pamplona culmina la recuperaci\u00f3n de su per\u00edmetro fortificado con la rehabilitaci\u00f3n del baluarte de Parma y de su bater\u00eda baja"}]},{"@type":"WebSite","@id":"https:\/\/www.laguiadepamplona.com\/actualidad\/#website","url":"https:\/\/www.laguiadepamplona.com\/actualidad\/","name":"La gu\u00eda de Pamplona","description":"Noticias de Pamplona","publisher":{"@id":"https:\/\/www.laguiadepamplona.com\/actualidad\/#organization"},"potentialAction":[{"@type":"SearchAction","target":{"@type":"EntryPoint","urlTemplate":"https:\/\/www.laguiadepamplona.com\/actualidad\/?s={search_term_string}"},"query-input":{"@type":"PropertyValueSpecification","valueRequired":true,"valueName":"search_term_string"}}],"inLanguage":"es"},{"@type":"Organization","@id":"https:\/\/www.laguiadepamplona.com\/actualidad\/#organization","name":"La Gu\u00eda de Pamplona \/ Noticias","url":"https:\/\/www.laguiadepamplona.com\/actualidad\/","logo":{"@type":"ImageObject","inLanguage":"es","@id":"https:\/\/www.laguiadepamplona.com\/actualidad\/#\/schema\/logo\/image\/","url":"https:\/\/www.laguiadepamplona.com\/actualidad\/wp-content\/uploads\/2018\/11\/logo-laguiadepamplona18-web1.png","contentUrl":"https:\/\/www.laguiadepamplona.com\/actualidad\/wp-content\/uploads\/2018\/11\/logo-laguiadepamplona18-web1.png","width":600,"height":196,"caption":"La Gu\u00eda de Pamplona \/ Noticias"},"image":{"@id":"https:\/\/www.laguiadepamplona.com\/actualidad\/#\/schema\/logo\/image\/"},"sameAs":["https:\/\/www.facebook.com\/laguiadepamplonacom-133175176762273\/?ref=hl","https:\/\/x.com\/LaGuiadPamplona","https:\/\/www.instagram.com\/la_guia_de_pamplona\/","https:\/\/www.youtube.com\/user\/laguiadepamplona"]},{"@type":"Person","@id":"https:\/\/www.laguiadepamplona.com\/actualidad\/#\/schema\/person\/efe887376f0213d4657c93adc50b1fdb","name":"La Gu\u00eda de Pamplona","image":{"@type":"ImageObject","inLanguage":"es","@id":"https:\/\/secure.gravatar.com\/avatar\/b6992f131dc8d30ab0dff15446e9d346d9dbd95992de0fef795073f5ea83a81c?s=96&d=mm&r=g","url":"https:\/\/secure.gravatar.com\/avatar\/b6992f131dc8d30ab0dff15446e9d346d9dbd95992de0fef795073f5ea83a81c?s=96&d=mm&r=g","contentUrl":"https:\/\/secure.gravatar.com\/avatar\/b6992f131dc8d30ab0dff15446e9d346d9dbd95992de0fef795073f5ea83a81c?s=96&d=mm&r=g","caption":"La Gu\u00eda de Pamplona"}}]}},"post_mailing_queue_ids":[],"_links":{"self":[{"href":"https:\/\/www.laguiadepamplona.com\/actualidad\/wp-json\/wp\/v2\/posts\/40970","targetHints":{"allow":["GET"]}}],"collection":[{"href":"https:\/\/www.laguiadepamplona.com\/actualidad\/wp-json\/wp\/v2\/posts"}],"about":[{"href":"https:\/\/www.laguiadepamplona.com\/actualidad\/wp-json\/wp\/v2\/types\/post"}],"author":[{"embeddable":true,"href":"https:\/\/www.laguiadepamplona.com\/actualidad\/wp-json\/wp\/v2\/users\/1"}],"replies":[{"embeddable":true,"href":"https:\/\/www.laguiadepamplona.com\/actualidad\/wp-json\/wp\/v2\/comments?post=40970"}],"version-history":[{"count":0,"href":"https:\/\/www.laguiadepamplona.com\/actualidad\/wp-json\/wp\/v2\/posts\/40970\/revisions"}],"wp:featuredmedia":[{"embeddable":true,"href":"https:\/\/www.laguiadepamplona.com\/actualidad\/wp-json\/wp\/v2\/media\/40971"}],"wp:attachment":[{"href":"https:\/\/www.laguiadepamplona.com\/actualidad\/wp-json\/wp\/v2\/media?parent=40970"}],"wp:term":[{"taxonomy":"category","embeddable":true,"href":"https:\/\/www.laguiadepamplona.com\/actualidad\/wp-json\/wp\/v2\/categories?post=40970"},{"taxonomy":"post_tag","embeddable":true,"href":"https:\/\/www.laguiadepamplona.com\/actualidad\/wp-json\/wp\/v2\/tags?post=40970"}],"curies":[{"name":"wp","href":"https:\/\/api.w.org\/{rel}","templated":true}]}}