{"id":40945,"date":"2022-06-21T19:30:06","date_gmt":"2022-06-21T17:30:06","guid":{"rendered":"https:\/\/www.laguiadepamplona.com\/actualidad\/?p=40945"},"modified":"2023-04-11T11:48:01","modified_gmt":"2023-04-11T09:48:01","slug":"entregados-los-premios-del-xxxii-certamen-literario-para-jovenes-de-pamplona","status":"publish","type":"post","link":"https:\/\/www.laguiadepamplona.com\/actualidad\/entregados-los-premios-del-xxxii-certamen-literario-para-jovenes-de-pamplona\/","title":{"rendered":"Entregados los premios del XXXII Certamen Literario para J\u00f3venes de Pamplona"},"content":{"rendered":"<h5>En esta edici\u00f3n, dotada con 6.800 euros, se han presentado un total de 166 trabajos de narrativa y poes\u00eda, en castellano y euskera<\/h5>\n<p><!--more--><\/p>\n<p>La Casa de la Juventud ha acogido esta tarde la entrega de premios del Certamen Literario para J\u00f3venes, que el Ayuntamiento de Pamplona ha organizado por trig\u00e9simo segundo a\u00f1o para animar a j\u00f3venes y adolescentes a adentrarse en el mundo de la escritura. El concejal delegado de Educaci\u00f3n, Participaci\u00f3n Ciudadana y Juventud, Fernando Sesma, y el concejal especial de Juventud, Fernando Aranguren, han participado en esta entrega de premios, acompa\u00f1ados por miembros de la corporaci\u00f3n municipal. En esta ocasi\u00f3n han sido veinte los trabajos galardonados, adem\u00e1s de ocho acc\u00e9sits.<br \/>\n<script async src=\"\/\/pagead2.googlesyndication.com\/pagead\/js\/adsbygoogle.js\"><\/script><br \/>\n<!-- Noticias La Guia de Pamplona --><br \/>\n<ins class=\"adsbygoogle\"\nstyle=\"display:block\"\ndata-ad-client=\"ca-pub-6943679897239327\"\ndata-ad-slot=\"7048180777\"\ndata-ad-format=\"auto\"><\/ins><br \/>\n<script>\n(adsbygoogle = window.adsbygoogle || []).push({});\n<\/script><\/p>\n<p>El certamen, dirigido expresamente a j\u00f3venes de 14 a 18 a\u00f1os, se organiza en dos franjas de edad (de 14 a 16 y de 17 a 18) y en dos modalidades distintas, narrativa breve y poes\u00eda, tanto en castellano como en euskera. En esta edici\u00f3n se han recibido un total de 166 trabajos, de los que 148 son en castellano y otros 18 en euskera. La modalidad con m\u00e1s participantes ha sido la narrativa en castellano, a la que han concurrido 89 trabajos (un 53,61% del total de presentados). Dentro de esta modalidad, las obras de j\u00f3venes entre 14 y 16 a\u00f1os ha duplicado en n\u00famero a la franja de 17 y 18 a\u00f1os (62 trabajos frente a 27). Tambi\u00e9n ha sido mayor la participaci\u00f3n de los m\u00e1s j\u00f3venes en la modalidad de poes\u00eda en castellano, a la que han concurrido 59 trabajos (un 35,5% del total). En este caso, han concurrido 33 trabajos de personas de entre 14 y 16 a\u00f1os, frente a 26 de autores de 17 y 18 a\u00f1os. En euskera, la participaci\u00f3n ha sido sensiblemente inferior. Se han presentado 5 trabajos de poes\u00eda (3 de entre 14 a 16 a\u00f1os y 2 de 17 a 18 a\u00f1os) y 13 de narrativa breve (con 7 y 6 obras presentadas en las dos franjas de edad detalladas).<\/p>\n<p>Los primeros premios de poes\u00eda en castellano han reca\u00eddo en Natalia Lusarreta Garc\u00eda (de 14 a 16 a\u00f1os) por su obra \u2018\u00bfQu\u00e9 har\u00e1s si te digo?\u2019 y en Ferm\u00edn Pascual Salinas (de 17 a 18 a\u00f1os) por \u2018El desromance de una prisionera\u2019. En narrativa en castellano los primeros galardones han sido para Eloy Red\u00edn Viedma por \u2018Todos\u2019 y para Adriana Mateo Larrainzar, por \u2018Al final de la v\u00eda\u2019, en las dos modalidades de edad. En euskera, los primeros premios de poes\u00eda han sido para Lizar Sevillano Chocarro por su obra \u2018Guiztiengandik hurbil\u2019 y para Lorea Guembe Otxotorena, por \u2018Noraezean\u2019, en las franjas de edad de 14 a 16 y de 17 a 18 a\u00f1os, respectivamente. En narrativa, las ganadoras han sido Aiora Avila Larrageta con su trabajo \u2018Gure istorioa\u2019 y Oihane Garc\u00eda R\u00edpodas, por \u2018Ezkutuan\u2019.<br \/>\n<script async src=\"\/\/pagead2.googlesyndication.com\/pagead\/js\/adsbygoogle.js\"><\/script><br \/>\n<!-- Noticias La Guia de Pamplona --><br \/>\n<ins class=\"adsbygoogle\"\nstyle=\"display:block\"\ndata-ad-client=\"ca-pub-6943679897239327\"\ndata-ad-slot=\"7048180777\"\ndata-ad-format=\"auto\"><\/ins><br \/>\n<script>\n(adsbygoogle = window.adsbygoogle || []).push({});\n<\/script><\/p>\n<p><strong>6.800 euros en premios<\/strong><\/p>\n<p>El Ayuntamiento de Pamplona hab\u00eda previsto un total de 6.800 euros en premios para esta edici\u00f3n. De esta forma, se ha reconocido con 300 euros los primeros premios, y se han dotado de 200 y 150 euros los segundos y terceros clasificados respectivamente. Adem\u00e1s, los acc\u00e9sit est\u00e1n dotados con 100 euros. El jurado, presidido por el concejal delegado, ha estado compuesto por dos docentes de Lengua y Literatura, una persona experta en Literatura y un t\u00e9cnico de Juventud. Para la modalidad de euskera ha participado tambi\u00e9n una persona del Servicio de Euskera.<\/p>\n<p>Todas las obras ganadoras se podr\u00e1n leer en <a href=\"http:\/\/www.letrajoven.com\" target=\"_blank\" rel=\"noopener\">www.letrajoven.com<\/a> \/ <a href=\"http:\/\/www.letragaztea.com\" target=\"_blank\" rel=\"noopener\">www.letragaztea.com<\/a>, un espacio digital que funciona a modo de repositorio de j\u00f3venes creaciones literarias y que tambi\u00e9n recoge los trabajos galardonados en las dos anteriores ediciones del concurso municipal. Las obras son imprimibles y descargables en formato PDF para que puedan ser usadas, por ejemplo, en las aulas, y est\u00e1n publicadas en abierto bajo una licencia Creative Commons, que permite la utilizaci\u00f3n de la obra siempre y cuando se reconozca su autor\u00eda, no se comercialice y no genere obras derivadas.<br \/>\n<script async src=\"\/\/pagead2.googlesyndication.com\/pagead\/js\/adsbygoogle.js\"><\/script><br \/>\n<!-- Noticias La Guia de Pamplona --><br \/>\n<ins class=\"adsbygoogle\"\nstyle=\"display:block\"\ndata-ad-client=\"ca-pub-6943679897239327\"\ndata-ad-slot=\"7048180777\"\ndata-ad-format=\"auto\"><\/ins><br \/>\n<script>\n(adsbygoogle = window.adsbygoogle || []).push({});\n<\/script><\/p>\n<p>&nbsp;<\/p>\n<h3>Relaci\u00f3n de personas premiadas<\/h3>\n<p><span style=\"color: #ff0000;\"><u>CASTELLANO<\/u><\/span><\/p>\n<p><span style=\"color: #ff0000;\"><strong>NARRATIVA<\/strong><\/span><\/p>\n<p>De 14 a 16 a\u00f1os:<\/p>\n<table>\n<tbody>\n<tr>\n<td width=\"142\"><strong>\u00a0<\/strong><\/td>\n<td width=\"247\"><strong>T\u00edtulo<\/strong><\/td>\n<td width=\"247\"><strong>Autor\/a<\/strong><\/td>\n<\/tr>\n<tr>\n<td width=\"142\"><strong>Primer premio<\/strong><\/td>\n<td width=\"247\">Todos<\/td>\n<td width=\"247\">Eloy Red\u00edn Viedma<\/td>\n<\/tr>\n<tr>\n<td width=\"142\"><strong>Segundo premio:<\/strong><\/td>\n<td width=\"247\">Salvado por la campana<\/td>\n<td width=\"247\">Adri\u00e1n Serra Blanco<\/td>\n<\/tr>\n<tr>\n<td width=\"142\"><strong>Tercer premio:<\/strong><\/td>\n<td width=\"247\">Silencio, calma, quietud<\/td>\n<td width=\"247\">Alejandro Garc\u00eda Olza<\/td>\n<\/tr>\n<tr>\n<td width=\"142\"><strong>Primer acc\u00e9sit:<\/strong><\/td>\n<td width=\"247\">Me llamo Hart Frik<\/td>\n<td width=\"247\">Enrique Ruiz Garc\u00eda<\/td>\n<\/tr>\n<tr>\n<td width=\"142\"><strong>Segundo acc\u00e9sit:<\/strong><\/td>\n<td width=\"247\">Memorias de un autob\u00fas<\/td>\n<td width=\"247\">Yasmin Bouguetoch Echaabani<\/td>\n<\/tr>\n<\/tbody>\n<\/table>\n<p>&nbsp;<\/p>\n<p>&nbsp;<\/p>\n<p>De 17 a 18 a\u00f1os:<\/p>\n<table>\n<tbody>\n<tr>\n<td width=\"142\"><strong>\u00a0<\/strong><\/td>\n<td width=\"247\"><strong>T\u00edtulo<\/strong><\/td>\n<td width=\"247\"><strong>Autor\/a<\/strong><\/td>\n<\/tr>\n<tr>\n<td width=\"142\"><strong>Primer premio<\/strong><\/td>\n<td width=\"247\">Al final de la v\u00eda<\/td>\n<td width=\"247\">Adriana Mateo Larrainzar<\/td>\n<\/tr>\n<tr>\n<td width=\"142\"><strong>Segundo premio<\/strong><\/td>\n<td width=\"247\">Marvin<\/td>\n<td width=\"247\">Yelco Mac\u00edas Asio<\/td>\n<\/tr>\n<tr>\n<td width=\"142\"><strong>Tercer premio<\/strong><\/td>\n<td width=\"247\">Archivado por M\u00eda<\/td>\n<td width=\"247\">Ilargi \u00c1vila Larrageta<\/td>\n<\/tr>\n<tr>\n<td width=\"142\"><strong>Primer acc\u00e9sit<\/strong><\/td>\n<td width=\"247\">M\u00faltiples sentidos<\/td>\n<td width=\"247\">Malena Sarasola Saavedra<\/td>\n<\/tr>\n<tr>\n<td width=\"142\"><strong>Segundo acc\u00e9sit<\/strong><\/td>\n<td width=\"247\">Adi\u00f3s, hermano<\/td>\n<td width=\"247\">Sof\u00eda Santos Hermoso de Mendoza<\/td>\n<\/tr>\n<\/tbody>\n<\/table>\n<p>&nbsp;<\/p>\n<p><span style=\"color: #ff0000;\"><strong>POES\u00cdA<\/strong><\/span><\/p>\n<p>De 14 a 16 a\u00f1os:<\/p>\n<table>\n<tbody>\n<tr>\n<td width=\"142\"><strong>\u00a0<\/strong><\/td>\n<td width=\"247\"><strong>T\u00edtulo<\/strong><\/td>\n<td width=\"247\"><strong>Autor\/a<\/strong><\/td>\n<\/tr>\n<tr>\n<td width=\"142\"><strong>Primer premio<\/strong><\/td>\n<td width=\"247\">\u00bfQu\u00e9 har\u00e1s si te digo?<\/td>\n<td width=\"247\">Natalia Lusarreta Garc\u00eda<\/td>\n<\/tr>\n<tr>\n<td width=\"142\"><strong>Segundo premio<\/strong><\/td>\n<td width=\"247\">Ars Moriendi<\/td>\n<td width=\"247\">Juan Felipe Pineda Granobles<\/td>\n<\/tr>\n<tr>\n<td width=\"142\"><strong>Tercer premio<\/strong><\/td>\n<td width=\"247\">Tic-tac<\/td>\n<td width=\"247\">Aitziber Otero Urteaga<\/td>\n<\/tr>\n<tr>\n<td width=\"142\"><strong>Primer acc\u00e9sit<\/strong><\/td>\n<td width=\"247\">Tempus Fugit<\/td>\n<td width=\"247\">\u00c1lvaro Garc\u00eda Dur\u00e1n<\/td>\n<\/tr>\n<tr>\n<td width=\"142\"><strong>Segundo acc\u00e9sit<\/strong><\/td>\n<td width=\"247\">La vida en copa fr\u00eda<\/td>\n<td width=\"247\">Jon Alday Alonso<\/td>\n<\/tr>\n<\/tbody>\n<\/table>\n<p>&nbsp;<\/p>\n<p>&nbsp;<\/p>\n<p>De 17 a 18 a\u00f1os:<\/p>\n<table>\n<tbody>\n<tr>\n<td width=\"142\"><strong>\u00a0<\/strong><\/td>\n<td width=\"247\"><strong>T\u00edtulo<\/strong><\/td>\n<td width=\"247\"><strong>Autor\/a<\/strong><\/td>\n<\/tr>\n<tr>\n<td width=\"142\"><\/td>\n<td width=\"247\"><\/td>\n<td width=\"247\"><\/td>\n<\/tr>\n<tr>\n<td width=\"142\"><strong>Primer premio<\/strong><\/td>\n<td width=\"247\">El desromance de una prisionera<\/td>\n<td width=\"247\">Ferm\u00edn Pascual Salinas<\/td>\n<\/tr>\n<tr>\n<td width=\"142\"><strong>Segundo premio<\/strong><\/td>\n<td width=\"247\">El instante<\/td>\n<td width=\"247\">Juan Salinas Verano<\/td>\n<\/tr>\n<tr>\n<td width=\"142\"><strong>Tercer premio<\/strong><\/td>\n<td width=\"247\">Ya no<\/td>\n<td width=\"247\">Lorea Guembe Otxotorena<\/td>\n<\/tr>\n<tr>\n<td width=\"142\"><strong>Primer acc\u00e9sit<\/strong><\/td>\n<td width=\"247\">Para mi corona de espinas<\/td>\n<td width=\"247\">Haizea Burguete Rengifo<\/td>\n<\/tr>\n<tr>\n<td width=\"142\"><strong>Segundo acc\u00e9sit<\/strong><\/td>\n<td width=\"247\">La verg\u00fcenza de ser m\u00eda<\/td>\n<td width=\"247\">Mar\u00eda Villa Avello<\/td>\n<\/tr>\n<\/tbody>\n<\/table>\n<p>&nbsp;<\/p>\n<p><span style=\"color: #ff0000;\"><u>EUSKERA<\/u><\/span><\/p>\n<p><span style=\"color: #ff0000;\"><strong>NARRATIVA<\/strong><\/span><\/p>\n<p>De 14 a 16 a\u00f1os:<\/p>\n<table>\n<tbody>\n<tr>\n<td colspan=\"2\" width=\"142\"><strong>\u00a0<\/strong><\/td>\n<td width=\"247\"><strong>T\u00edtulo<\/strong><\/td>\n<td colspan=\"2\" width=\"247\"><strong>Autor\/a<\/strong><\/td>\n<td width=\"4\"><\/td>\n<\/tr>\n<tr>\n<td colspan=\"2\" width=\"142\"><strong>Primer premio<\/strong><\/td>\n<td width=\"247\">Gure istorioa<\/td>\n<td colspan=\"2\" width=\"247\">Aiora Avila Larrageta<\/td>\n<td width=\"4\"><\/td>\n<\/tr>\n<tr>\n<td colspan=\"2\" width=\"142\"><strong>Segundo premio:<\/strong><\/td>\n<td width=\"247\">Ikusi ezin diren koloreak. Itsu baten bizipenak<\/td>\n<td colspan=\"2\" width=\"247\">Oihana Abasolo P\u00e9rez<\/td>\n<td width=\"4\"><\/td>\n<\/tr>\n<tr>\n<td colspan=\"2\" width=\"142\"><strong>Tercer premio:<\/strong><\/td>\n<td width=\"247\">Pantaila baten atzean<\/td>\n<td colspan=\"2\" width=\"247\">In\u00e9s Cuevas Aparicio<\/td>\n<td width=\"4\"><\/td>\n<\/tr>\n<tr>\n<td width=\"121\"><\/td>\n<td colspan=\"3\" width=\"296\"><\/td>\n<td colspan=\"2\" width=\"223\"><\/td>\n<\/tr>\n<tr>\n<td width=\"121\"><\/td>\n<td width=\"20\"><\/td>\n<td width=\"247\"><\/td>\n<td width=\"28\"><\/td>\n<td width=\"219\"><\/td>\n<td width=\"4\"><\/td>\n<\/tr>\n<\/tbody>\n<\/table>\n<p>De 17 a 18 a\u00f1os:<\/p>\n<table>\n<tbody>\n<tr>\n<td width=\"142\"><strong>\u00a0<\/strong><\/td>\n<td width=\"247\"><strong>T\u00edtulo<\/strong><\/td>\n<td width=\"247\"><strong>Autor\/a<\/strong><\/td>\n<\/tr>\n<tr>\n<td width=\"142\"><strong>Primer premio<\/strong><\/td>\n<td width=\"247\">Ezkutuan<\/td>\n<td width=\"247\">Oihane Garc\u00eda R\u00edpodas<\/td>\n<\/tr>\n<tr>\n<td width=\"142\"><strong>Segundo premio<\/strong><\/td>\n<td width=\"247\">Zoriontasuna hori zen<\/td>\n<td width=\"247\">Lorea Guembe Otxotorena<\/td>\n<\/tr>\n<tr>\n<td width=\"142\"><strong>Tercer premio<\/strong><\/td>\n<td width=\"247\">Nire egunerokoa<\/td>\n<td width=\"247\">Maia Campion Lezaun<\/td>\n<\/tr>\n<\/tbody>\n<\/table>\n<p>&nbsp;<\/p>\n<p><span style=\"color: #ff0000;\"><strong>POES\u00cdA<\/strong><\/span><\/p>\n<p>De 14 a 16 a\u00f1os:<\/p>\n<table>\n<tbody>\n<tr>\n<td width=\"142\"><strong>\u00a0<\/strong><\/td>\n<td width=\"247\"><strong>T\u00edtulo<\/strong><\/td>\n<td width=\"247\"><strong>Autor\/a<\/strong><\/td>\n<\/tr>\n<tr>\n<td width=\"142\"><strong>Primer premio<\/strong><\/td>\n<td width=\"247\">Guztiengandik hurbil<\/td>\n<td width=\"247\">Lizar Sevillano Chocarro<\/td>\n<\/tr>\n<tr>\n<td width=\"142\"><strong>Segundo premio:<\/strong><\/td>\n<td width=\"247\">Desierto<\/td>\n<td width=\"247\"><\/td>\n<\/tr>\n<tr>\n<td width=\"142\"><strong>Tercer premio:<\/strong><\/td>\n<td width=\"247\">Desierto<\/td>\n<td width=\"247\"><\/td>\n<\/tr>\n<\/tbody>\n<\/table>\n<p>&nbsp;<\/p>\n<p>De 17 a 18 a\u00f1os:<\/p>\n<table>\n<tbody>\n<tr>\n<td width=\"142\"><strong>\u00a0<\/strong><\/td>\n<td width=\"247\"><strong>T\u00edtulo<\/strong><\/td>\n<td width=\"247\"><strong>Autor\/a<\/strong><\/td>\n<\/tr>\n<tr>\n<td width=\"142\"><strong>Primer premio<\/strong><\/td>\n<td width=\"247\">Noraezean<\/td>\n<td width=\"247\">Lorea Guembe Otxotorena<\/td>\n<\/tr>\n<tr>\n<td width=\"142\"><strong>Segundo premio:<\/strong><\/td>\n<td width=\"247\">Desierto<\/td>\n<td width=\"247\"><\/td>\n<\/tr>\n<tr>\n<td width=\"142\"><strong>Tercer premio:<\/strong><\/td>\n<td width=\"247\">Desierto<\/td>\n<td width=\"247\"><\/td>\n<\/tr>\n<\/tbody>\n<\/table>\n","protected":false},"excerpt":{"rendered":"<p>En esta edici\u00f3n, dotada con 6.800 euros, se han presentado un total de 166 trabajos de narrativa y poes\u00eda, en castellano y euskera<\/p>\n","protected":false},"author":1,"featured_media":39506,"comment_status":"open","ping_status":"closed","sticky":false,"template":"","format":"standard","meta":{"footnotes":""},"categories":[2],"tags":[],"class_list":["post-40945","post","type-post","status-publish","format-standard","has-post-thumbnail","hentry","category-ayuntamiento-pamplona"],"yoast_head":"<!-- This site is optimized with the Yoast SEO plugin v27.3 - https:\/\/yoast.com\/product\/yoast-seo-wordpress\/ -->\n<title>Entregados los premios del XXXII Certamen Literario para J\u00f3venes de Pamplona<\/title>\n<meta name=\"robots\" content=\"index, follow, max-snippet:-1, max-image-preview:large, max-video-preview:-1\" \/>\n<link rel=\"canonical\" href=\"https:\/\/www.laguiadepamplona.com\/actualidad\/entregados-los-premios-del-xxxii-certamen-literario-para-jovenes-de-pamplona\/\" \/>\n<meta property=\"og:locale\" content=\"es_ES\" \/>\n<meta property=\"og:type\" content=\"article\" \/>\n<meta property=\"og:title\" content=\"Entregados los premios del XXXII Certamen Literario para J\u00f3venes de Pamplona\" \/>\n<meta property=\"og:description\" content=\"En esta edici\u00f3n, dotada con 6.800 euros, se han presentado un total de 166 trabajos de narrativa y poes\u00eda, en castellano y euskera\" \/>\n<meta property=\"og:url\" content=\"https:\/\/www.laguiadepamplona.com\/actualidad\/entregados-los-premios-del-xxxii-certamen-literario-para-jovenes-de-pamplona\/\" \/>\n<meta property=\"og:site_name\" content=\"La Gu\u00eda de Pamplona\" \/>\n<meta property=\"article:publisher\" content=\"https:\/\/www.facebook.com\/laguiadepamplonacom-133175176762273\/?ref=hl\" \/>\n<meta property=\"article:published_time\" content=\"2022-06-21T17:30:06+00:00\" \/>\n<meta property=\"article:modified_time\" content=\"2023-04-11T09:48:01+00:00\" \/>\n<meta property=\"og:image\" content=\"https:\/\/www.laguiadepamplona.com\/actualidad\/wp-content\/uploads\/2022\/03\/concurso-literario-joven.png\" \/>\n\t<meta property=\"og:image:width\" content=\"798\" \/>\n\t<meta property=\"og:image:height\" content=\"707\" \/>\n\t<meta property=\"og:image:type\" content=\"image\/png\" \/>\n<meta name=\"author\" content=\"La Gu\u00eda de Pamplona\" \/>\n<meta name=\"twitter:card\" content=\"summary_large_image\" \/>\n<meta name=\"twitter:creator\" content=\"@LaGuiadPamplona\" \/>\n<meta name=\"twitter:site\" content=\"@LaGuiadPamplona\" \/>\n<meta name=\"twitter:label1\" content=\"Escrito por\" \/>\n\t<meta name=\"twitter:data1\" content=\"La Gu\u00eda de Pamplona\" \/>\n\t<meta name=\"twitter:label2\" content=\"Tiempo de lectura\" \/>\n\t<meta name=\"twitter:data2\" content=\"5 minutos\" \/>\n<script type=\"application\/ld+json\" class=\"yoast-schema-graph\">{\"@context\":\"https:\\\/\\\/schema.org\",\"@graph\":[{\"@type\":\"Article\",\"@id\":\"https:\\\/\\\/www.laguiadepamplona.com\\\/actualidad\\\/entregados-los-premios-del-xxxii-certamen-literario-para-jovenes-de-pamplona\\\/#article\",\"isPartOf\":{\"@id\":\"https:\\\/\\\/www.laguiadepamplona.com\\\/actualidad\\\/entregados-los-premios-del-xxxii-certamen-literario-para-jovenes-de-pamplona\\\/\"},\"author\":{\"name\":\"La Gu\u00eda de Pamplona\",\"@id\":\"https:\\\/\\\/www.laguiadepamplona.com\\\/actualidad\\\/#\\\/schema\\\/person\\\/efe887376f0213d4657c93adc50b1fdb\"},\"headline\":\"Entregados los premios del XXXII Certamen Literario para J\u00f3venes de Pamplona\",\"datePublished\":\"2022-06-21T17:30:06+00:00\",\"dateModified\":\"2023-04-11T09:48:01+00:00\",\"mainEntityOfPage\":{\"@id\":\"https:\\\/\\\/www.laguiadepamplona.com\\\/actualidad\\\/entregados-los-premios-del-xxxii-certamen-literario-para-jovenes-de-pamplona\\\/\"},\"wordCount\":1032,\"commentCount\":0,\"publisher\":{\"@id\":\"https:\\\/\\\/www.laguiadepamplona.com\\\/actualidad\\\/#organization\"},\"image\":{\"@id\":\"https:\\\/\\\/www.laguiadepamplona.com\\\/actualidad\\\/entregados-los-premios-del-xxxii-certamen-literario-para-jovenes-de-pamplona\\\/#primaryimage\"},\"thumbnailUrl\":\"https:\\\/\\\/www.laguiadepamplona.com\\\/actualidad\\\/wp-content\\\/uploads\\\/2022\\\/03\\\/concurso-literario-joven.png\",\"articleSection\":[\"Ayto Pamplona\"],\"inLanguage\":\"es\",\"potentialAction\":[{\"@type\":\"CommentAction\",\"name\":\"Comment\",\"target\":[\"https:\\\/\\\/www.laguiadepamplona.com\\\/actualidad\\\/entregados-los-premios-del-xxxii-certamen-literario-para-jovenes-de-pamplona\\\/#respond\"]}]},{\"@type\":\"WebPage\",\"@id\":\"https:\\\/\\\/www.laguiadepamplona.com\\\/actualidad\\\/entregados-los-premios-del-xxxii-certamen-literario-para-jovenes-de-pamplona\\\/\",\"url\":\"https:\\\/\\\/www.laguiadepamplona.com\\\/actualidad\\\/entregados-los-premios-del-xxxii-certamen-literario-para-jovenes-de-pamplona\\\/\",\"name\":\"Entregados los premios del XXXII Certamen Literario para J\u00f3venes de Pamplona\",\"isPartOf\":{\"@id\":\"https:\\\/\\\/www.laguiadepamplona.com\\\/actualidad\\\/#website\"},\"primaryImageOfPage\":{\"@id\":\"https:\\\/\\\/www.laguiadepamplona.com\\\/actualidad\\\/entregados-los-premios-del-xxxii-certamen-literario-para-jovenes-de-pamplona\\\/#primaryimage\"},\"image\":{\"@id\":\"https:\\\/\\\/www.laguiadepamplona.com\\\/actualidad\\\/entregados-los-premios-del-xxxii-certamen-literario-para-jovenes-de-pamplona\\\/#primaryimage\"},\"thumbnailUrl\":\"https:\\\/\\\/www.laguiadepamplona.com\\\/actualidad\\\/wp-content\\\/uploads\\\/2022\\\/03\\\/concurso-literario-joven.png\",\"datePublished\":\"2022-06-21T17:30:06+00:00\",\"dateModified\":\"2023-04-11T09:48:01+00:00\",\"breadcrumb\":{\"@id\":\"https:\\\/\\\/www.laguiadepamplona.com\\\/actualidad\\\/entregados-los-premios-del-xxxii-certamen-literario-para-jovenes-de-pamplona\\\/#breadcrumb\"},\"inLanguage\":\"es\",\"potentialAction\":[{\"@type\":\"ReadAction\",\"target\":[\"https:\\\/\\\/www.laguiadepamplona.com\\\/actualidad\\\/entregados-los-premios-del-xxxii-certamen-literario-para-jovenes-de-pamplona\\\/\"]}]},{\"@type\":\"ImageObject\",\"inLanguage\":\"es\",\"@id\":\"https:\\\/\\\/www.laguiadepamplona.com\\\/actualidad\\\/entregados-los-premios-del-xxxii-certamen-literario-para-jovenes-de-pamplona\\\/#primaryimage\",\"url\":\"https:\\\/\\\/www.laguiadepamplona.com\\\/actualidad\\\/wp-content\\\/uploads\\\/2022\\\/03\\\/concurso-literario-joven.png\",\"contentUrl\":\"https:\\\/\\\/www.laguiadepamplona.com\\\/actualidad\\\/wp-content\\\/uploads\\\/2022\\\/03\\\/concurso-literario-joven.png\",\"width\":798,\"height\":707},{\"@type\":\"BreadcrumbList\",\"@id\":\"https:\\\/\\\/www.laguiadepamplona.com\\\/actualidad\\\/entregados-los-premios-del-xxxii-certamen-literario-para-jovenes-de-pamplona\\\/#breadcrumb\",\"itemListElement\":[{\"@type\":\"ListItem\",\"position\":1,\"name\":\"Portada\",\"item\":\"https:\\\/\\\/www.laguiadepamplona.com\\\/actualidad\\\/\"},{\"@type\":\"ListItem\",\"position\":2,\"name\":\"Entregados los premios del XXXII Certamen Literario para J\u00f3venes de Pamplona\"}]},{\"@type\":\"WebSite\",\"@id\":\"https:\\\/\\\/www.laguiadepamplona.com\\\/actualidad\\\/#website\",\"url\":\"https:\\\/\\\/www.laguiadepamplona.com\\\/actualidad\\\/\",\"name\":\"La gu\u00eda de Pamplona\",\"description\":\"Noticias de Pamplona\",\"publisher\":{\"@id\":\"https:\\\/\\\/www.laguiadepamplona.com\\\/actualidad\\\/#organization\"},\"potentialAction\":[{\"@type\":\"SearchAction\",\"target\":{\"@type\":\"EntryPoint\",\"urlTemplate\":\"https:\\\/\\\/www.laguiadepamplona.com\\\/actualidad\\\/?s={search_term_string}\"},\"query-input\":{\"@type\":\"PropertyValueSpecification\",\"valueRequired\":true,\"valueName\":\"search_term_string\"}}],\"inLanguage\":\"es\"},{\"@type\":\"Organization\",\"@id\":\"https:\\\/\\\/www.laguiadepamplona.com\\\/actualidad\\\/#organization\",\"name\":\"La Gu\u00eda de Pamplona \\\/ Noticias\",\"url\":\"https:\\\/\\\/www.laguiadepamplona.com\\\/actualidad\\\/\",\"logo\":{\"@type\":\"ImageObject\",\"inLanguage\":\"es\",\"@id\":\"https:\\\/\\\/www.laguiadepamplona.com\\\/actualidad\\\/#\\\/schema\\\/logo\\\/image\\\/\",\"url\":\"https:\\\/\\\/www.laguiadepamplona.com\\\/actualidad\\\/wp-content\\\/uploads\\\/2018\\\/11\\\/logo-laguiadepamplona18-web1.png\",\"contentUrl\":\"https:\\\/\\\/www.laguiadepamplona.com\\\/actualidad\\\/wp-content\\\/uploads\\\/2018\\\/11\\\/logo-laguiadepamplona18-web1.png\",\"width\":600,\"height\":196,\"caption\":\"La Gu\u00eda de Pamplona \\\/ Noticias\"},\"image\":{\"@id\":\"https:\\\/\\\/www.laguiadepamplona.com\\\/actualidad\\\/#\\\/schema\\\/logo\\\/image\\\/\"},\"sameAs\":[\"https:\\\/\\\/www.facebook.com\\\/laguiadepamplonacom-133175176762273\\\/?ref=hl\",\"https:\\\/\\\/x.com\\\/LaGuiadPamplona\",\"https:\\\/\\\/www.instagram.com\\\/la_guia_de_pamplona\\\/\",\"https:\\\/\\\/www.youtube.com\\\/user\\\/laguiadepamplona\"]},{\"@type\":\"Person\",\"@id\":\"https:\\\/\\\/www.laguiadepamplona.com\\\/actualidad\\\/#\\\/schema\\\/person\\\/efe887376f0213d4657c93adc50b1fdb\",\"name\":\"La Gu\u00eda de Pamplona\",\"image\":{\"@type\":\"ImageObject\",\"inLanguage\":\"es\",\"@id\":\"https:\\\/\\\/secure.gravatar.com\\\/avatar\\\/b6992f131dc8d30ab0dff15446e9d346d9dbd95992de0fef795073f5ea83a81c?s=96&d=mm&r=g\",\"url\":\"https:\\\/\\\/secure.gravatar.com\\\/avatar\\\/b6992f131dc8d30ab0dff15446e9d346d9dbd95992de0fef795073f5ea83a81c?s=96&d=mm&r=g\",\"contentUrl\":\"https:\\\/\\\/secure.gravatar.com\\\/avatar\\\/b6992f131dc8d30ab0dff15446e9d346d9dbd95992de0fef795073f5ea83a81c?s=96&d=mm&r=g\",\"caption\":\"La Gu\u00eda de Pamplona\"}}]}<\/script>\n<!-- \/ Yoast SEO plugin. -->","yoast_head_json":{"title":"Entregados los premios del XXXII Certamen Literario para J\u00f3venes de Pamplona","robots":{"index":"index","follow":"follow","max-snippet":"max-snippet:-1","max-image-preview":"max-image-preview:large","max-video-preview":"max-video-preview:-1"},"canonical":"https:\/\/www.laguiadepamplona.com\/actualidad\/entregados-los-premios-del-xxxii-certamen-literario-para-jovenes-de-pamplona\/","og_locale":"es_ES","og_type":"article","og_title":"Entregados los premios del XXXII Certamen Literario para J\u00f3venes de Pamplona","og_description":"En esta edici\u00f3n, dotada con 6.800 euros, se han presentado un total de 166 trabajos de narrativa y poes\u00eda, en castellano y euskera","og_url":"https:\/\/www.laguiadepamplona.com\/actualidad\/entregados-los-premios-del-xxxii-certamen-literario-para-jovenes-de-pamplona\/","og_site_name":"La Gu\u00eda de Pamplona","article_publisher":"https:\/\/www.facebook.com\/laguiadepamplonacom-133175176762273\/?ref=hl","article_published_time":"2022-06-21T17:30:06+00:00","article_modified_time":"2023-04-11T09:48:01+00:00","og_image":[{"width":798,"height":707,"url":"https:\/\/www.laguiadepamplona.com\/actualidad\/wp-content\/uploads\/2022\/03\/concurso-literario-joven.png","type":"image\/png"}],"author":"La Gu\u00eda de Pamplona","twitter_card":"summary_large_image","twitter_creator":"@LaGuiadPamplona","twitter_site":"@LaGuiadPamplona","twitter_misc":{"Escrito por":"La Gu\u00eda de Pamplona","Tiempo de lectura":"5 minutos"},"schema":{"@context":"https:\/\/schema.org","@graph":[{"@type":"Article","@id":"https:\/\/www.laguiadepamplona.com\/actualidad\/entregados-los-premios-del-xxxii-certamen-literario-para-jovenes-de-pamplona\/#article","isPartOf":{"@id":"https:\/\/www.laguiadepamplona.com\/actualidad\/entregados-los-premios-del-xxxii-certamen-literario-para-jovenes-de-pamplona\/"},"author":{"name":"La Gu\u00eda de Pamplona","@id":"https:\/\/www.laguiadepamplona.com\/actualidad\/#\/schema\/person\/efe887376f0213d4657c93adc50b1fdb"},"headline":"Entregados los premios del XXXII Certamen Literario para J\u00f3venes de Pamplona","datePublished":"2022-06-21T17:30:06+00:00","dateModified":"2023-04-11T09:48:01+00:00","mainEntityOfPage":{"@id":"https:\/\/www.laguiadepamplona.com\/actualidad\/entregados-los-premios-del-xxxii-certamen-literario-para-jovenes-de-pamplona\/"},"wordCount":1032,"commentCount":0,"publisher":{"@id":"https:\/\/www.laguiadepamplona.com\/actualidad\/#organization"},"image":{"@id":"https:\/\/www.laguiadepamplona.com\/actualidad\/entregados-los-premios-del-xxxii-certamen-literario-para-jovenes-de-pamplona\/#primaryimage"},"thumbnailUrl":"https:\/\/www.laguiadepamplona.com\/actualidad\/wp-content\/uploads\/2022\/03\/concurso-literario-joven.png","articleSection":["Ayto Pamplona"],"inLanguage":"es","potentialAction":[{"@type":"CommentAction","name":"Comment","target":["https:\/\/www.laguiadepamplona.com\/actualidad\/entregados-los-premios-del-xxxii-certamen-literario-para-jovenes-de-pamplona\/#respond"]}]},{"@type":"WebPage","@id":"https:\/\/www.laguiadepamplona.com\/actualidad\/entregados-los-premios-del-xxxii-certamen-literario-para-jovenes-de-pamplona\/","url":"https:\/\/www.laguiadepamplona.com\/actualidad\/entregados-los-premios-del-xxxii-certamen-literario-para-jovenes-de-pamplona\/","name":"Entregados los premios del XXXII Certamen Literario para J\u00f3venes de Pamplona","isPartOf":{"@id":"https:\/\/www.laguiadepamplona.com\/actualidad\/#website"},"primaryImageOfPage":{"@id":"https:\/\/www.laguiadepamplona.com\/actualidad\/entregados-los-premios-del-xxxii-certamen-literario-para-jovenes-de-pamplona\/#primaryimage"},"image":{"@id":"https:\/\/www.laguiadepamplona.com\/actualidad\/entregados-los-premios-del-xxxii-certamen-literario-para-jovenes-de-pamplona\/#primaryimage"},"thumbnailUrl":"https:\/\/www.laguiadepamplona.com\/actualidad\/wp-content\/uploads\/2022\/03\/concurso-literario-joven.png","datePublished":"2022-06-21T17:30:06+00:00","dateModified":"2023-04-11T09:48:01+00:00","breadcrumb":{"@id":"https:\/\/www.laguiadepamplona.com\/actualidad\/entregados-los-premios-del-xxxii-certamen-literario-para-jovenes-de-pamplona\/#breadcrumb"},"inLanguage":"es","potentialAction":[{"@type":"ReadAction","target":["https:\/\/www.laguiadepamplona.com\/actualidad\/entregados-los-premios-del-xxxii-certamen-literario-para-jovenes-de-pamplona\/"]}]},{"@type":"ImageObject","inLanguage":"es","@id":"https:\/\/www.laguiadepamplona.com\/actualidad\/entregados-los-premios-del-xxxii-certamen-literario-para-jovenes-de-pamplona\/#primaryimage","url":"https:\/\/www.laguiadepamplona.com\/actualidad\/wp-content\/uploads\/2022\/03\/concurso-literario-joven.png","contentUrl":"https:\/\/www.laguiadepamplona.com\/actualidad\/wp-content\/uploads\/2022\/03\/concurso-literario-joven.png","width":798,"height":707},{"@type":"BreadcrumbList","@id":"https:\/\/www.laguiadepamplona.com\/actualidad\/entregados-los-premios-del-xxxii-certamen-literario-para-jovenes-de-pamplona\/#breadcrumb","itemListElement":[{"@type":"ListItem","position":1,"name":"Portada","item":"https:\/\/www.laguiadepamplona.com\/actualidad\/"},{"@type":"ListItem","position":2,"name":"Entregados los premios del XXXII Certamen Literario para J\u00f3venes de Pamplona"}]},{"@type":"WebSite","@id":"https:\/\/www.laguiadepamplona.com\/actualidad\/#website","url":"https:\/\/www.laguiadepamplona.com\/actualidad\/","name":"La gu\u00eda de Pamplona","description":"Noticias de Pamplona","publisher":{"@id":"https:\/\/www.laguiadepamplona.com\/actualidad\/#organization"},"potentialAction":[{"@type":"SearchAction","target":{"@type":"EntryPoint","urlTemplate":"https:\/\/www.laguiadepamplona.com\/actualidad\/?s={search_term_string}"},"query-input":{"@type":"PropertyValueSpecification","valueRequired":true,"valueName":"search_term_string"}}],"inLanguage":"es"},{"@type":"Organization","@id":"https:\/\/www.laguiadepamplona.com\/actualidad\/#organization","name":"La Gu\u00eda de Pamplona \/ Noticias","url":"https:\/\/www.laguiadepamplona.com\/actualidad\/","logo":{"@type":"ImageObject","inLanguage":"es","@id":"https:\/\/www.laguiadepamplona.com\/actualidad\/#\/schema\/logo\/image\/","url":"https:\/\/www.laguiadepamplona.com\/actualidad\/wp-content\/uploads\/2018\/11\/logo-laguiadepamplona18-web1.png","contentUrl":"https:\/\/www.laguiadepamplona.com\/actualidad\/wp-content\/uploads\/2018\/11\/logo-laguiadepamplona18-web1.png","width":600,"height":196,"caption":"La Gu\u00eda de Pamplona \/ Noticias"},"image":{"@id":"https:\/\/www.laguiadepamplona.com\/actualidad\/#\/schema\/logo\/image\/"},"sameAs":["https:\/\/www.facebook.com\/laguiadepamplonacom-133175176762273\/?ref=hl","https:\/\/x.com\/LaGuiadPamplona","https:\/\/www.instagram.com\/la_guia_de_pamplona\/","https:\/\/www.youtube.com\/user\/laguiadepamplona"]},{"@type":"Person","@id":"https:\/\/www.laguiadepamplona.com\/actualidad\/#\/schema\/person\/efe887376f0213d4657c93adc50b1fdb","name":"La Gu\u00eda de Pamplona","image":{"@type":"ImageObject","inLanguage":"es","@id":"https:\/\/secure.gravatar.com\/avatar\/b6992f131dc8d30ab0dff15446e9d346d9dbd95992de0fef795073f5ea83a81c?s=96&d=mm&r=g","url":"https:\/\/secure.gravatar.com\/avatar\/b6992f131dc8d30ab0dff15446e9d346d9dbd95992de0fef795073f5ea83a81c?s=96&d=mm&r=g","contentUrl":"https:\/\/secure.gravatar.com\/avatar\/b6992f131dc8d30ab0dff15446e9d346d9dbd95992de0fef795073f5ea83a81c?s=96&d=mm&r=g","caption":"La Gu\u00eda de Pamplona"}}]}},"post_mailing_queue_ids":[],"_links":{"self":[{"href":"https:\/\/www.laguiadepamplona.com\/actualidad\/wp-json\/wp\/v2\/posts\/40945","targetHints":{"allow":["GET"]}}],"collection":[{"href":"https:\/\/www.laguiadepamplona.com\/actualidad\/wp-json\/wp\/v2\/posts"}],"about":[{"href":"https:\/\/www.laguiadepamplona.com\/actualidad\/wp-json\/wp\/v2\/types\/post"}],"author":[{"embeddable":true,"href":"https:\/\/www.laguiadepamplona.com\/actualidad\/wp-json\/wp\/v2\/users\/1"}],"replies":[{"embeddable":true,"href":"https:\/\/www.laguiadepamplona.com\/actualidad\/wp-json\/wp\/v2\/comments?post=40945"}],"version-history":[{"count":0,"href":"https:\/\/www.laguiadepamplona.com\/actualidad\/wp-json\/wp\/v2\/posts\/40945\/revisions"}],"wp:featuredmedia":[{"embeddable":true,"href":"https:\/\/www.laguiadepamplona.com\/actualidad\/wp-json\/wp\/v2\/media\/39506"}],"wp:attachment":[{"href":"https:\/\/www.laguiadepamplona.com\/actualidad\/wp-json\/wp\/v2\/media?parent=40945"}],"wp:term":[{"taxonomy":"category","embeddable":true,"href":"https:\/\/www.laguiadepamplona.com\/actualidad\/wp-json\/wp\/v2\/categories?post=40945"},{"taxonomy":"post_tag","embeddable":true,"href":"https:\/\/www.laguiadepamplona.com\/actualidad\/wp-json\/wp\/v2\/tags?post=40945"}],"curies":[{"name":"wp","href":"https:\/\/api.w.org\/{rel}","templated":true}]}}