{"id":40934,"date":"2022-06-21T13:31:15","date_gmt":"2022-06-21T11:31:15","guid":{"rendered":"https:\/\/www.laguiadepamplona.com\/actualidad\/?p=40934"},"modified":"2023-04-11T11:48:01","modified_gmt":"2023-04-11T09:48:01","slug":"el-colegio-publico-de-ermitagana-estrenara-pistas-polideportivas-cubiertas-el-proximo-curso","status":"publish","type":"post","link":"https:\/\/www.laguiadepamplona.com\/actualidad\/el-colegio-publico-de-ermitagana-estrenara-pistas-polideportivas-cubiertas-el-proximo-curso\/","title":{"rendered":"El colegio p\u00fablico de Ermitaga\u00f1a estrenar\u00e1 pistas polideportivas cubiertas el pr\u00f3ximo curso"},"content":{"rendered":"<h5>El Ayuntamiento de Pamplona ha concluido ya la instalaci\u00f3n de la cubierta, que permitir\u00e1 maximizar el uso de este espacio exterior<\/h5>\n<p><!--more--><\/p>\n<p>El colegio p\u00fablico Ermitaga\u00f1a contar\u00e1 el pr\u00f3ximo curso con pistas polideportivas exteriores cubiertas. El Ayuntamiento de Pamplona acaba de concluir las obras de instalaci\u00f3n de la cubierta, una demanda de la comunidad educativa de este centro de Infantil y Primaria para poder hacer uso de la zona exterior a pesar de la lluvia o el sol. La Comisi\u00f3n de Asuntos Ciudadanos ha acudido hoy al recinto escolar para comprobar in situ la obra realizada, y que ha supuesto una inversi\u00f3n final de 768.490 euros.<br \/>\n<script async src=\"\/\/pagead2.googlesyndication.com\/pagead\/js\/adsbygoogle.js\"><\/script><br \/>\n<!-- Noticias La Guia de Pamplona --><br \/>\n<ins class=\"adsbygoogle\"\nstyle=\"display:block\"\ndata-ad-client=\"ca-pub-6943679897239327\"\ndata-ad-slot=\"7048180777\"\ndata-ad-format=\"auto\"><\/ins><br \/>\n<script>\n(adsbygoogle = window.adsbygoogle || []).push({});\n<\/script><\/p>\n<p>El proyecto inicial ha sufrido algunas modificaciones, atendiendo a la demanda vecinal de alejar la nueva estructura de los edificios de viviendas colindantes. En un primer momento, se contemplaba su construcci\u00f3n en torno al arbolado existente. No obstante, se detect\u00f3 que en torno a 16 ejemplares estaban enfermos, por lo que se decidi\u00f3 talarlos y plantar nuevos \u00e1rboles en otras zonas del patio. Esto permiti\u00f3, adem\u00e1s, alejar la estructura de las viviendas alrededor de 3 metros m\u00e1s de los inicialmente previstos<\/p>\n<p>Con esta actuaci\u00f3n, el Ayuntamiento ha podido cubrir la pista deportiva de balonmano \/ futbol sala que se encuentra en el acceso al recinto escolar, por la plaza P\u00edo Baroja, adem\u00e1s de otras dos pistas de minibasket, que se disponen en su sentido trasversal. Para ello, se ha utilizado una estructura de madera laminada a dos aguas, con unas dimensiones de 48,5 por 27,5 metros. Adem\u00e1s, se ha procedido a renovar las redes de saneamiento de pluviales, alumbrado y riego y se ha pavimentado la nueva superficie.<br \/>\n<script async src=\"\/\/pagead2.googlesyndication.com\/pagead\/js\/adsbygoogle.js\"><\/script><br \/>\n<!-- Noticias La Guia de Pamplona --><br \/>\n<ins class=\"adsbygoogle\"\nstyle=\"display:block\"\ndata-ad-client=\"ca-pub-6943679897239327\"\ndata-ad-slot=\"7048180777\"\ndata-ad-format=\"auto\"><\/ins><br \/>\n<script>\n(adsbygoogle = window.adsbygoogle || []).push({});\n<\/script><\/p>\n<p>El reformado patio contar\u00e1, adem\u00e1s, con una zona ajardinada de nueva creaci\u00f3n, mediante dos parterres que suman 600 metros cuadrados de jard\u00edn, para delimitar el acceso a las pistas desde el propio patio.<\/p>\n<p>Las obras, que se han prolongado durante 6 meses, han incluido tambi\u00e9n la colocaci\u00f3n de un vallado, a petici\u00f3n vecinal, para delimitar la zona polideportiva de la zona de paso que se habilita dentro del patio para facilitar el tr\u00e1nsito peatonal entre la Plaza P\u00edo Baroja y calle Bartolom\u00e9 de Carranza, al terminar el horario escolar.<\/p>\n","protected":false},"excerpt":{"rendered":"<p>El Ayuntamiento de Pamplona ha concluido ya la instalaci\u00f3n de la cubierta, que permitir\u00e1 maximizar el uso de este espacio exterior<\/p>\n","protected":false},"author":1,"featured_media":40935,"comment_status":"open","ping_status":"closed","sticky":false,"template":"","format":"standard","meta":{"footnotes":""},"categories":[2],"tags":[],"class_list":["post-40934","post","type-post","status-publish","format-standard","has-post-thumbnail","hentry","category-ayuntamiento-pamplona"],"yoast_head":"<!-- This site is optimized with the Yoast SEO plugin v27.3 - https:\/\/yoast.com\/product\/yoast-seo-wordpress\/ -->\n<title>El colegio p\u00fablico de Ermitaga\u00f1a estrenar\u00e1 pistas polideportivas cubiertas el pr\u00f3ximo curso<\/title>\n<meta name=\"description\" content=\"El Ayuntamiento de Pamplona ha concluido ya la instalaci\u00f3n de la cubierta, que permitir\u00e1 maximizar el uso de este espacio exterior\" \/>\n<meta name=\"robots\" content=\"index, follow, max-snippet:-1, max-image-preview:large, max-video-preview:-1\" \/>\n<link rel=\"canonical\" href=\"https:\/\/www.laguiadepamplona.com\/actualidad\/el-colegio-publico-de-ermitagana-estrenara-pistas-polideportivas-cubiertas-el-proximo-curso\/\" \/>\n<meta property=\"og:locale\" content=\"es_ES\" \/>\n<meta property=\"og:type\" content=\"article\" \/>\n<meta property=\"og:title\" content=\"El colegio p\u00fablico de Ermitaga\u00f1a estrenar\u00e1 pistas polideportivas cubiertas el pr\u00f3ximo curso\" \/>\n<meta property=\"og:description\" content=\"El Ayuntamiento de Pamplona ha concluido ya la instalaci\u00f3n de la cubierta, que permitir\u00e1 maximizar el uso de este espacio exterior\" \/>\n<meta property=\"og:url\" content=\"https:\/\/www.laguiadepamplona.com\/actualidad\/el-colegio-publico-de-ermitagana-estrenara-pistas-polideportivas-cubiertas-el-proximo-curso\/\" \/>\n<meta property=\"og:site_name\" content=\"La Gu\u00eda de Pamplona\" \/>\n<meta property=\"article:publisher\" content=\"https:\/\/www.facebook.com\/laguiadepamplonacom-133175176762273\/?ref=hl\" \/>\n<meta property=\"article:published_time\" content=\"2022-06-21T11:31:15+00:00\" \/>\n<meta property=\"article:modified_time\" content=\"2023-04-11T09:48:01+00:00\" \/>\n<meta property=\"og:image\" content=\"https:\/\/www.laguiadepamplona.com\/actualidad\/wp-content\/uploads\/2022\/06\/comisionpabelloncolgpublicoermitaganaee5a6444.webp\" \/>\n\t<meta property=\"og:image:width\" content=\"1920\" \/>\n\t<meta property=\"og:image:height\" content=\"1280\" \/>\n\t<meta property=\"og:image:type\" content=\"image\/webp\" \/>\n<meta name=\"author\" content=\"La Gu\u00eda de Pamplona\" \/>\n<meta name=\"twitter:card\" content=\"summary_large_image\" \/>\n<meta name=\"twitter:creator\" content=\"@LaGuiadPamplona\" \/>\n<meta name=\"twitter:site\" content=\"@LaGuiadPamplona\" \/>\n<meta name=\"twitter:label1\" content=\"Escrito por\" \/>\n\t<meta name=\"twitter:data1\" content=\"La Gu\u00eda de Pamplona\" \/>\n\t<meta name=\"twitter:label2\" content=\"Tiempo de lectura\" \/>\n\t<meta name=\"twitter:data2\" content=\"2 minutos\" \/>\n<script type=\"application\/ld+json\" class=\"yoast-schema-graph\">{\"@context\":\"https:\\\/\\\/schema.org\",\"@graph\":[{\"@type\":\"Article\",\"@id\":\"https:\\\/\\\/www.laguiadepamplona.com\\\/actualidad\\\/el-colegio-publico-de-ermitagana-estrenara-pistas-polideportivas-cubiertas-el-proximo-curso\\\/#article\",\"isPartOf\":{\"@id\":\"https:\\\/\\\/www.laguiadepamplona.com\\\/actualidad\\\/el-colegio-publico-de-ermitagana-estrenara-pistas-polideportivas-cubiertas-el-proximo-curso\\\/\"},\"author\":{\"name\":\"La Gu\u00eda de Pamplona\",\"@id\":\"https:\\\/\\\/www.laguiadepamplona.com\\\/actualidad\\\/#\\\/schema\\\/person\\\/efe887376f0213d4657c93adc50b1fdb\"},\"headline\":\"El colegio p\u00fablico de Ermitaga\u00f1a estrenar\u00e1 pistas polideportivas cubiertas el pr\u00f3ximo curso\",\"datePublished\":\"2022-06-21T11:31:15+00:00\",\"dateModified\":\"2023-04-11T09:48:01+00:00\",\"mainEntityOfPage\":{\"@id\":\"https:\\\/\\\/www.laguiadepamplona.com\\\/actualidad\\\/el-colegio-publico-de-ermitagana-estrenara-pistas-polideportivas-cubiertas-el-proximo-curso\\\/\"},\"wordCount\":391,\"commentCount\":0,\"publisher\":{\"@id\":\"https:\\\/\\\/www.laguiadepamplona.com\\\/actualidad\\\/#organization\"},\"image\":{\"@id\":\"https:\\\/\\\/www.laguiadepamplona.com\\\/actualidad\\\/el-colegio-publico-de-ermitagana-estrenara-pistas-polideportivas-cubiertas-el-proximo-curso\\\/#primaryimage\"},\"thumbnailUrl\":\"https:\\\/\\\/www.laguiadepamplona.com\\\/actualidad\\\/wp-content\\\/uploads\\\/2022\\\/06\\\/comisionpabelloncolgpublicoermitaganaee5a6444.webp\",\"articleSection\":[\"Ayto Pamplona\"],\"inLanguage\":\"es\",\"potentialAction\":[{\"@type\":\"CommentAction\",\"name\":\"Comment\",\"target\":[\"https:\\\/\\\/www.laguiadepamplona.com\\\/actualidad\\\/el-colegio-publico-de-ermitagana-estrenara-pistas-polideportivas-cubiertas-el-proximo-curso\\\/#respond\"]}]},{\"@type\":\"WebPage\",\"@id\":\"https:\\\/\\\/www.laguiadepamplona.com\\\/actualidad\\\/el-colegio-publico-de-ermitagana-estrenara-pistas-polideportivas-cubiertas-el-proximo-curso\\\/\",\"url\":\"https:\\\/\\\/www.laguiadepamplona.com\\\/actualidad\\\/el-colegio-publico-de-ermitagana-estrenara-pistas-polideportivas-cubiertas-el-proximo-curso\\\/\",\"name\":\"El colegio p\u00fablico de Ermitaga\u00f1a estrenar\u00e1 pistas polideportivas cubiertas el pr\u00f3ximo curso\",\"isPartOf\":{\"@id\":\"https:\\\/\\\/www.laguiadepamplona.com\\\/actualidad\\\/#website\"},\"primaryImageOfPage\":{\"@id\":\"https:\\\/\\\/www.laguiadepamplona.com\\\/actualidad\\\/el-colegio-publico-de-ermitagana-estrenara-pistas-polideportivas-cubiertas-el-proximo-curso\\\/#primaryimage\"},\"image\":{\"@id\":\"https:\\\/\\\/www.laguiadepamplona.com\\\/actualidad\\\/el-colegio-publico-de-ermitagana-estrenara-pistas-polideportivas-cubiertas-el-proximo-curso\\\/#primaryimage\"},\"thumbnailUrl\":\"https:\\\/\\\/www.laguiadepamplona.com\\\/actualidad\\\/wp-content\\\/uploads\\\/2022\\\/06\\\/comisionpabelloncolgpublicoermitaganaee5a6444.webp\",\"datePublished\":\"2022-06-21T11:31:15+00:00\",\"dateModified\":\"2023-04-11T09:48:01+00:00\",\"description\":\"El Ayuntamiento de Pamplona ha concluido ya la instalaci\u00f3n de la cubierta, que permitir\u00e1 maximizar el uso de este espacio exterior\",\"breadcrumb\":{\"@id\":\"https:\\\/\\\/www.laguiadepamplona.com\\\/actualidad\\\/el-colegio-publico-de-ermitagana-estrenara-pistas-polideportivas-cubiertas-el-proximo-curso\\\/#breadcrumb\"},\"inLanguage\":\"es\",\"potentialAction\":[{\"@type\":\"ReadAction\",\"target\":[\"https:\\\/\\\/www.laguiadepamplona.com\\\/actualidad\\\/el-colegio-publico-de-ermitagana-estrenara-pistas-polideportivas-cubiertas-el-proximo-curso\\\/\"]}]},{\"@type\":\"ImageObject\",\"inLanguage\":\"es\",\"@id\":\"https:\\\/\\\/www.laguiadepamplona.com\\\/actualidad\\\/el-colegio-publico-de-ermitagana-estrenara-pistas-polideportivas-cubiertas-el-proximo-curso\\\/#primaryimage\",\"url\":\"https:\\\/\\\/www.laguiadepamplona.com\\\/actualidad\\\/wp-content\\\/uploads\\\/2022\\\/06\\\/comisionpabelloncolgpublicoermitaganaee5a6444.webp\",\"contentUrl\":\"https:\\\/\\\/www.laguiadepamplona.com\\\/actualidad\\\/wp-content\\\/uploads\\\/2022\\\/06\\\/comisionpabelloncolgpublicoermitaganaee5a6444.webp\",\"width\":1920,\"height\":1280},{\"@type\":\"BreadcrumbList\",\"@id\":\"https:\\\/\\\/www.laguiadepamplona.com\\\/actualidad\\\/el-colegio-publico-de-ermitagana-estrenara-pistas-polideportivas-cubiertas-el-proximo-curso\\\/#breadcrumb\",\"itemListElement\":[{\"@type\":\"ListItem\",\"position\":1,\"name\":\"Portada\",\"item\":\"https:\\\/\\\/www.laguiadepamplona.com\\\/actualidad\\\/\"},{\"@type\":\"ListItem\",\"position\":2,\"name\":\"El colegio p\u00fablico de Ermitaga\u00f1a estrenar\u00e1 pistas polideportivas cubiertas el pr\u00f3ximo curso\"}]},{\"@type\":\"WebSite\",\"@id\":\"https:\\\/\\\/www.laguiadepamplona.com\\\/actualidad\\\/#website\",\"url\":\"https:\\\/\\\/www.laguiadepamplona.com\\\/actualidad\\\/\",\"name\":\"La gu\u00eda de Pamplona\",\"description\":\"Noticias de Pamplona\",\"publisher\":{\"@id\":\"https:\\\/\\\/www.laguiadepamplona.com\\\/actualidad\\\/#organization\"},\"potentialAction\":[{\"@type\":\"SearchAction\",\"target\":{\"@type\":\"EntryPoint\",\"urlTemplate\":\"https:\\\/\\\/www.laguiadepamplona.com\\\/actualidad\\\/?s={search_term_string}\"},\"query-input\":{\"@type\":\"PropertyValueSpecification\",\"valueRequired\":true,\"valueName\":\"search_term_string\"}}],\"inLanguage\":\"es\"},{\"@type\":\"Organization\",\"@id\":\"https:\\\/\\\/www.laguiadepamplona.com\\\/actualidad\\\/#organization\",\"name\":\"La Gu\u00eda de Pamplona \\\/ Noticias\",\"url\":\"https:\\\/\\\/www.laguiadepamplona.com\\\/actualidad\\\/\",\"logo\":{\"@type\":\"ImageObject\",\"inLanguage\":\"es\",\"@id\":\"https:\\\/\\\/www.laguiadepamplona.com\\\/actualidad\\\/#\\\/schema\\\/logo\\\/image\\\/\",\"url\":\"https:\\\/\\\/www.laguiadepamplona.com\\\/actualidad\\\/wp-content\\\/uploads\\\/2018\\\/11\\\/logo-laguiadepamplona18-web1.png\",\"contentUrl\":\"https:\\\/\\\/www.laguiadepamplona.com\\\/actualidad\\\/wp-content\\\/uploads\\\/2018\\\/11\\\/logo-laguiadepamplona18-web1.png\",\"width\":600,\"height\":196,\"caption\":\"La Gu\u00eda de Pamplona \\\/ Noticias\"},\"image\":{\"@id\":\"https:\\\/\\\/www.laguiadepamplona.com\\\/actualidad\\\/#\\\/schema\\\/logo\\\/image\\\/\"},\"sameAs\":[\"https:\\\/\\\/www.facebook.com\\\/laguiadepamplonacom-133175176762273\\\/?ref=hl\",\"https:\\\/\\\/x.com\\\/LaGuiadPamplona\",\"https:\\\/\\\/www.instagram.com\\\/la_guia_de_pamplona\\\/\",\"https:\\\/\\\/www.youtube.com\\\/user\\\/laguiadepamplona\"]},{\"@type\":\"Person\",\"@id\":\"https:\\\/\\\/www.laguiadepamplona.com\\\/actualidad\\\/#\\\/schema\\\/person\\\/efe887376f0213d4657c93adc50b1fdb\",\"name\":\"La Gu\u00eda de Pamplona\",\"image\":{\"@type\":\"ImageObject\",\"inLanguage\":\"es\",\"@id\":\"https:\\\/\\\/secure.gravatar.com\\\/avatar\\\/b6992f131dc8d30ab0dff15446e9d346d9dbd95992de0fef795073f5ea83a81c?s=96&d=mm&r=g\",\"url\":\"https:\\\/\\\/secure.gravatar.com\\\/avatar\\\/b6992f131dc8d30ab0dff15446e9d346d9dbd95992de0fef795073f5ea83a81c?s=96&d=mm&r=g\",\"contentUrl\":\"https:\\\/\\\/secure.gravatar.com\\\/avatar\\\/b6992f131dc8d30ab0dff15446e9d346d9dbd95992de0fef795073f5ea83a81c?s=96&d=mm&r=g\",\"caption\":\"La Gu\u00eda de Pamplona\"}}]}<\/script>\n<!-- \/ Yoast SEO plugin. -->","yoast_head_json":{"title":"El colegio p\u00fablico de Ermitaga\u00f1a estrenar\u00e1 pistas polideportivas cubiertas el pr\u00f3ximo curso","description":"El Ayuntamiento de Pamplona ha concluido ya la instalaci\u00f3n de la cubierta, que permitir\u00e1 maximizar el uso de este espacio exterior","robots":{"index":"index","follow":"follow","max-snippet":"max-snippet:-1","max-image-preview":"max-image-preview:large","max-video-preview":"max-video-preview:-1"},"canonical":"https:\/\/www.laguiadepamplona.com\/actualidad\/el-colegio-publico-de-ermitagana-estrenara-pistas-polideportivas-cubiertas-el-proximo-curso\/","og_locale":"es_ES","og_type":"article","og_title":"El colegio p\u00fablico de Ermitaga\u00f1a estrenar\u00e1 pistas polideportivas cubiertas el pr\u00f3ximo curso","og_description":"El Ayuntamiento de Pamplona ha concluido ya la instalaci\u00f3n de la cubierta, que permitir\u00e1 maximizar el uso de este espacio exterior","og_url":"https:\/\/www.laguiadepamplona.com\/actualidad\/el-colegio-publico-de-ermitagana-estrenara-pistas-polideportivas-cubiertas-el-proximo-curso\/","og_site_name":"La Gu\u00eda de Pamplona","article_publisher":"https:\/\/www.facebook.com\/laguiadepamplonacom-133175176762273\/?ref=hl","article_published_time":"2022-06-21T11:31:15+00:00","article_modified_time":"2023-04-11T09:48:01+00:00","og_image":[{"width":1920,"height":1280,"url":"https:\/\/www.laguiadepamplona.com\/actualidad\/wp-content\/uploads\/2022\/06\/comisionpabelloncolgpublicoermitaganaee5a6444.webp","type":"image\/webp"}],"author":"La Gu\u00eda de Pamplona","twitter_card":"summary_large_image","twitter_creator":"@LaGuiadPamplona","twitter_site":"@LaGuiadPamplona","twitter_misc":{"Escrito por":"La Gu\u00eda de Pamplona","Tiempo de lectura":"2 minutos"},"schema":{"@context":"https:\/\/schema.org","@graph":[{"@type":"Article","@id":"https:\/\/www.laguiadepamplona.com\/actualidad\/el-colegio-publico-de-ermitagana-estrenara-pistas-polideportivas-cubiertas-el-proximo-curso\/#article","isPartOf":{"@id":"https:\/\/www.laguiadepamplona.com\/actualidad\/el-colegio-publico-de-ermitagana-estrenara-pistas-polideportivas-cubiertas-el-proximo-curso\/"},"author":{"name":"La Gu\u00eda de Pamplona","@id":"https:\/\/www.laguiadepamplona.com\/actualidad\/#\/schema\/person\/efe887376f0213d4657c93adc50b1fdb"},"headline":"El colegio p\u00fablico de Ermitaga\u00f1a estrenar\u00e1 pistas polideportivas cubiertas el pr\u00f3ximo curso","datePublished":"2022-06-21T11:31:15+00:00","dateModified":"2023-04-11T09:48:01+00:00","mainEntityOfPage":{"@id":"https:\/\/www.laguiadepamplona.com\/actualidad\/el-colegio-publico-de-ermitagana-estrenara-pistas-polideportivas-cubiertas-el-proximo-curso\/"},"wordCount":391,"commentCount":0,"publisher":{"@id":"https:\/\/www.laguiadepamplona.com\/actualidad\/#organization"},"image":{"@id":"https:\/\/www.laguiadepamplona.com\/actualidad\/el-colegio-publico-de-ermitagana-estrenara-pistas-polideportivas-cubiertas-el-proximo-curso\/#primaryimage"},"thumbnailUrl":"https:\/\/www.laguiadepamplona.com\/actualidad\/wp-content\/uploads\/2022\/06\/comisionpabelloncolgpublicoermitaganaee5a6444.webp","articleSection":["Ayto Pamplona"],"inLanguage":"es","potentialAction":[{"@type":"CommentAction","name":"Comment","target":["https:\/\/www.laguiadepamplona.com\/actualidad\/el-colegio-publico-de-ermitagana-estrenara-pistas-polideportivas-cubiertas-el-proximo-curso\/#respond"]}]},{"@type":"WebPage","@id":"https:\/\/www.laguiadepamplona.com\/actualidad\/el-colegio-publico-de-ermitagana-estrenara-pistas-polideportivas-cubiertas-el-proximo-curso\/","url":"https:\/\/www.laguiadepamplona.com\/actualidad\/el-colegio-publico-de-ermitagana-estrenara-pistas-polideportivas-cubiertas-el-proximo-curso\/","name":"El colegio p\u00fablico de Ermitaga\u00f1a estrenar\u00e1 pistas polideportivas cubiertas el pr\u00f3ximo curso","isPartOf":{"@id":"https:\/\/www.laguiadepamplona.com\/actualidad\/#website"},"primaryImageOfPage":{"@id":"https:\/\/www.laguiadepamplona.com\/actualidad\/el-colegio-publico-de-ermitagana-estrenara-pistas-polideportivas-cubiertas-el-proximo-curso\/#primaryimage"},"image":{"@id":"https:\/\/www.laguiadepamplona.com\/actualidad\/el-colegio-publico-de-ermitagana-estrenara-pistas-polideportivas-cubiertas-el-proximo-curso\/#primaryimage"},"thumbnailUrl":"https:\/\/www.laguiadepamplona.com\/actualidad\/wp-content\/uploads\/2022\/06\/comisionpabelloncolgpublicoermitaganaee5a6444.webp","datePublished":"2022-06-21T11:31:15+00:00","dateModified":"2023-04-11T09:48:01+00:00","description":"El Ayuntamiento de Pamplona ha concluido ya la instalaci\u00f3n de la cubierta, que permitir\u00e1 maximizar el uso de este espacio exterior","breadcrumb":{"@id":"https:\/\/www.laguiadepamplona.com\/actualidad\/el-colegio-publico-de-ermitagana-estrenara-pistas-polideportivas-cubiertas-el-proximo-curso\/#breadcrumb"},"inLanguage":"es","potentialAction":[{"@type":"ReadAction","target":["https:\/\/www.laguiadepamplona.com\/actualidad\/el-colegio-publico-de-ermitagana-estrenara-pistas-polideportivas-cubiertas-el-proximo-curso\/"]}]},{"@type":"ImageObject","inLanguage":"es","@id":"https:\/\/www.laguiadepamplona.com\/actualidad\/el-colegio-publico-de-ermitagana-estrenara-pistas-polideportivas-cubiertas-el-proximo-curso\/#primaryimage","url":"https:\/\/www.laguiadepamplona.com\/actualidad\/wp-content\/uploads\/2022\/06\/comisionpabelloncolgpublicoermitaganaee5a6444.webp","contentUrl":"https:\/\/www.laguiadepamplona.com\/actualidad\/wp-content\/uploads\/2022\/06\/comisionpabelloncolgpublicoermitaganaee5a6444.webp","width":1920,"height":1280},{"@type":"BreadcrumbList","@id":"https:\/\/www.laguiadepamplona.com\/actualidad\/el-colegio-publico-de-ermitagana-estrenara-pistas-polideportivas-cubiertas-el-proximo-curso\/#breadcrumb","itemListElement":[{"@type":"ListItem","position":1,"name":"Portada","item":"https:\/\/www.laguiadepamplona.com\/actualidad\/"},{"@type":"ListItem","position":2,"name":"El colegio p\u00fablico de Ermitaga\u00f1a estrenar\u00e1 pistas polideportivas cubiertas el pr\u00f3ximo curso"}]},{"@type":"WebSite","@id":"https:\/\/www.laguiadepamplona.com\/actualidad\/#website","url":"https:\/\/www.laguiadepamplona.com\/actualidad\/","name":"La gu\u00eda de Pamplona","description":"Noticias de Pamplona","publisher":{"@id":"https:\/\/www.laguiadepamplona.com\/actualidad\/#organization"},"potentialAction":[{"@type":"SearchAction","target":{"@type":"EntryPoint","urlTemplate":"https:\/\/www.laguiadepamplona.com\/actualidad\/?s={search_term_string}"},"query-input":{"@type":"PropertyValueSpecification","valueRequired":true,"valueName":"search_term_string"}}],"inLanguage":"es"},{"@type":"Organization","@id":"https:\/\/www.laguiadepamplona.com\/actualidad\/#organization","name":"La Gu\u00eda de Pamplona \/ Noticias","url":"https:\/\/www.laguiadepamplona.com\/actualidad\/","logo":{"@type":"ImageObject","inLanguage":"es","@id":"https:\/\/www.laguiadepamplona.com\/actualidad\/#\/schema\/logo\/image\/","url":"https:\/\/www.laguiadepamplona.com\/actualidad\/wp-content\/uploads\/2018\/11\/logo-laguiadepamplona18-web1.png","contentUrl":"https:\/\/www.laguiadepamplona.com\/actualidad\/wp-content\/uploads\/2018\/11\/logo-laguiadepamplona18-web1.png","width":600,"height":196,"caption":"La Gu\u00eda de Pamplona \/ Noticias"},"image":{"@id":"https:\/\/www.laguiadepamplona.com\/actualidad\/#\/schema\/logo\/image\/"},"sameAs":["https:\/\/www.facebook.com\/laguiadepamplonacom-133175176762273\/?ref=hl","https:\/\/x.com\/LaGuiadPamplona","https:\/\/www.instagram.com\/la_guia_de_pamplona\/","https:\/\/www.youtube.com\/user\/laguiadepamplona"]},{"@type":"Person","@id":"https:\/\/www.laguiadepamplona.com\/actualidad\/#\/schema\/person\/efe887376f0213d4657c93adc50b1fdb","name":"La Gu\u00eda de Pamplona","image":{"@type":"ImageObject","inLanguage":"es","@id":"https:\/\/secure.gravatar.com\/avatar\/b6992f131dc8d30ab0dff15446e9d346d9dbd95992de0fef795073f5ea83a81c?s=96&d=mm&r=g","url":"https:\/\/secure.gravatar.com\/avatar\/b6992f131dc8d30ab0dff15446e9d346d9dbd95992de0fef795073f5ea83a81c?s=96&d=mm&r=g","contentUrl":"https:\/\/secure.gravatar.com\/avatar\/b6992f131dc8d30ab0dff15446e9d346d9dbd95992de0fef795073f5ea83a81c?s=96&d=mm&r=g","caption":"La Gu\u00eda de Pamplona"}}]}},"post_mailing_queue_ids":[],"_links":{"self":[{"href":"https:\/\/www.laguiadepamplona.com\/actualidad\/wp-json\/wp\/v2\/posts\/40934","targetHints":{"allow":["GET"]}}],"collection":[{"href":"https:\/\/www.laguiadepamplona.com\/actualidad\/wp-json\/wp\/v2\/posts"}],"about":[{"href":"https:\/\/www.laguiadepamplona.com\/actualidad\/wp-json\/wp\/v2\/types\/post"}],"author":[{"embeddable":true,"href":"https:\/\/www.laguiadepamplona.com\/actualidad\/wp-json\/wp\/v2\/users\/1"}],"replies":[{"embeddable":true,"href":"https:\/\/www.laguiadepamplona.com\/actualidad\/wp-json\/wp\/v2\/comments?post=40934"}],"version-history":[{"count":0,"href":"https:\/\/www.laguiadepamplona.com\/actualidad\/wp-json\/wp\/v2\/posts\/40934\/revisions"}],"wp:featuredmedia":[{"embeddable":true,"href":"https:\/\/www.laguiadepamplona.com\/actualidad\/wp-json\/wp\/v2\/media\/40935"}],"wp:attachment":[{"href":"https:\/\/www.laguiadepamplona.com\/actualidad\/wp-json\/wp\/v2\/media?parent=40934"}],"wp:term":[{"taxonomy":"category","embeddable":true,"href":"https:\/\/www.laguiadepamplona.com\/actualidad\/wp-json\/wp\/v2\/categories?post=40934"},{"taxonomy":"post_tag","embeddable":true,"href":"https:\/\/www.laguiadepamplona.com\/actualidad\/wp-json\/wp\/v2\/tags?post=40934"}],"curies":[{"name":"wp","href":"https:\/\/api.w.org\/{rel}","templated":true}]}}