{"id":40928,"date":"2022-06-21T11:54:54","date_gmt":"2022-06-21T09:54:54","guid":{"rendered":"https:\/\/www.laguiadepamplona.com\/actualidad\/?p=40928"},"modified":"2023-04-11T11:48:01","modified_gmt":"2023-04-11T09:48:01","slug":"el-programa-oficial-de-san-fermin-2022-ofrece-532-citas-pensadas-para-que-ciudadania-de-todas-las-edades-disfrute-las-fiestas","status":"publish","type":"post","link":"https:\/\/www.laguiadepamplona.com\/actualidad\/el-programa-oficial-de-san-fermin-2022-ofrece-532-citas-pensadas-para-que-ciudadania-de-todas-las-edades-disfrute-las-fiestas\/","title":{"rendered":"El programa oficial de San Ferm\u00edn 2022 ofrece 532 citas pensadas para que ciudadan\u00eda de todas las edades disfrute las fiestas"},"content":{"rendered":"<h5>Programaci\u00f3n en Condestable, visitas literarias, m\u00e1s propuestas para mayores y familias y el 12 de julio como \u2018D\u00eda de la Jota\u2019, algunas novedades<\/h5>\n<p><!--more--><\/p>\n<p>El Ayuntamiento de Pamplona ha programado 532 actos para las fiestas San Ferm\u00edn 2022. Esta ma\u00f1ana el alcalde, Enrique Maya y la concejala delegada de Cultura e Igualdad, Mar\u00eda Garc\u00eda-Barberena, han detallado las novedades y los principales actos del programa que durante nueve d\u00edas ofrecer\u00e1 un amplio repertorio de conciertos, verbenas, fuegos artificiales, exposiciones, animaci\u00f3n de calle y actividades infantiles y familiares para el disfrute de la ciudadan\u00eda y visitantes. Adem\u00e1s, no faltaran las citas tradicionales como los encierros, la Procesi\u00f3n, las V\u00edsperas o la Octava y, como cada a\u00f1o, la ciudad tendr\u00e1 una cita con el Chupinazo y el Pobre de M\u00ed los d\u00edas 6 y 14, respectivamente.<\/p>\n<p>El alcalde Enrique Maya insist\u00eda en un mensaje de cuidado: unos Samfermines vividos por tres, pero desde el respeto a la ciudad y a los dem\u00e1s, cuidando una fiesta que es el principal atractivo tur\u00edstico y de proyecci\u00f3n internacional de Pamplona. El presupuesto total destinado en las fiestas a la programaci\u00f3n cultural en 2022 asciende a m\u00e1s de 1.700.000 euros y ha sido reforzado por una modificaci\u00f3n presupuestaria por el incremento de gasto relacionado en la contrataci\u00f3n, infraestructuras y servicios.<br \/>\n<script async src=\"\/\/pagead2.googlesyndication.com\/pagead\/js\/adsbygoogle.js\"><\/script><br \/>\n<!-- Noticias La Guia de Pamplona --><br \/>\n<ins class=\"adsbygoogle\"\nstyle=\"display:block\"\ndata-ad-client=\"ca-pub-6943679897239327\"\ndata-ad-slot=\"7048180777\"\ndata-ad-format=\"auto\"><\/ins><br \/>\n<script>\n(adsbygoogle = window.adsbygoogle || []).push({});\n<\/script><\/p>\n<p>La relaci\u00f3n de actos se ha recogido en un programa biling\u00fce del que han sido editados 10.000 ejemplares en papel que se pondr\u00e1n a la venta a lo largo de esta semana en la T\u00f3mbola, las librer\u00edas de la ciudad y la Oficina de Turismo. Tendr\u00e1 un precio simb\u00f3lico de 1 euro. Para facilitar el transporte de la programaci\u00f3n en formato impreso, tambi\u00e9n se podr\u00e1n a disposici\u00f3n del p\u00fablico 63.000 folletos de bolsillo en cinco idiomas (castellano, euskera, ingl\u00e9s, alem\u00e1n y franc\u00e9s). El programa, cuyo dise\u00f1o versa en torno a los balcones de la ciudad y su especial vinculaci\u00f3n al imaginario colectivo estos dos a\u00f1os, ha sido realizado por Villa McLuhan Comunicaci\u00f3n, con acuarelas de Mar\u00eda Victoria Fuentes Galindo, y cuenta con el saludo del alcalde y el pr\u00f3logo de Vanesa Garde, la primera mujer compositora que ha dirigido la Pamplonesa.<\/p>\n<p>Como es habitual, se mantienen los d\u00edas dedicados a distintas efem\u00e9rides: el D\u00eda de Bayona y las Ciudades hermanas (d\u00eda 8 de julio); el D\u00eda Infantil (11 de julio) y el D\u00eda de las Personas Mayores (13 de julio). Este a\u00f1o, adem\u00e1s, a solicitud de la Mesa de los Sanfermines, surge una nueva dedicatoria, el D\u00eda de la Jota que se celebrar\u00e1 el 12 de julio en el paseo de Sarasate y en las calles del Casco Antiguo.<\/p>\n<p>Hay m\u00e1s novedades, desde la animaci\u00f3n con t\u00edteres y toros de carretilla en los descansos de la Comparsa, a la programaci\u00f3n de DJ\u2019s en la plaza del Castillo en sesiones de \u2018tardeo\u2019 y de noche, pasando por las rutas literarias sobre referentes sanfermineros en la literatura universal o la apertura durante la segunda mitad de las fiestas de un nuevo espacio cultural en Civivox Condestable. Volver\u00e1n la m\u00fasica a los espacios m\u00e1s c\u00e9ntricos y las zonas infantiles a la plaza de la Libertad y la Media Luna; en Fueros se mantiene la zona joven, con programaci\u00f3n diaria, y el deporte rural, y se vuelve a apostar por uno de los espect\u00e1culos m\u00e1s concurridos de las fiestas, el disparo de colecciones de fuegos artificiales desde la Ciudadela.<br \/>\n<script async src=\"\/\/pagead2.googlesyndication.com\/pagead\/js\/adsbygoogle.js\"><\/script><br \/>\n<!-- Noticias La Guia de Pamplona --><br \/>\n<ins class=\"adsbygoogle\"\nstyle=\"display:block\"\ndata-ad-client=\"ca-pub-6943679897239327\"\ndata-ad-slot=\"7048180777\"\ndata-ad-format=\"auto\"><\/ins><br \/>\n<script>\n(adsbygoogle = window.adsbygoogle || []).push({});\n<\/script><\/p>\n<p><strong>Novedades de este 2022<\/strong><\/p>\n<p>A propuesta de la mesa de Sanfermines, se celebrar\u00e1 el d\u00eda de la Jota (12 de julio) con una programaci\u00f3n espec\u00edfica para esa jornada. El Paseo de Sarasate centralizar\u00e1 las actividades en torno a esta celebraci\u00f3n, en la que el Ayuntamiento ha programado actuaciones de ma\u00f1ana y tarde. Adem\u00e1s de las actuaciones diarias de jotas, habr\u00e1 una actuaci\u00f3n de la Asociaci\u00f3n de Mujeres Discapacitadas de Navarra (AMUDISNA), adem\u00e1s de tres rondas joteras con la participaci\u00f3n de las asociaciones de jotas de Pamplona y una concentraci\u00f3n de joteros de Navarra y La Rioja organizado por la Asociaci\u00f3n Navarjota.<\/p>\n<p>En el D\u00eda de las Personas Mayores (13 de julio) en el Paseo Sarasate se ha programado el espect\u00e1culo \u2018El ba\u00fal de los 70\u2019 con Seraf\u00edn Zubiri, Mikel Herzog y la banda de Artajona. Con este concierto se duplica la oferta de m\u00fasica y baile dedicada a las personas mayores, puesto que tambi\u00e9n se mantienen las tradicionales verbenas de la Plaza de la Cruz con orquestas de m\u00fasica con diferentes g\u00e9neros musicales.<\/p>\n<p>Para los m\u00e1s peque\u00f1os y como refuerzo de programaci\u00f3n para las familias que salen cada d\u00eda acompa\u00f1ado a los gigantes y cabezudos, el Consistorio ha organizado una serie de actuaciones de animaci\u00f3n de 11:00 a 12:00 con t\u00edteres y toros de carretilla, que entretendr\u00e1n a los peque\u00f1os y peque\u00f1as durante el descanso de la Comparsa que por primera vez, se ha fijado previamente (menos el d\u00eda 7 y el d\u00eda 14, que dependen de la duraci\u00f3n de los oficios) para facilitar la organizaci\u00f3n y la espera de las personas asistentes a este multitudinario evento. Se podr\u00e1n disfrutar a diario.<br \/>\n<script async src=\"\/\/pagead2.googlesyndication.com\/pagead\/js\/adsbygoogle.js\"><\/script><br \/>\n<!-- Noticias La Guia de Pamplona --><br \/>\n<ins class=\"adsbygoogle\"\nstyle=\"display:block\"\ndata-ad-client=\"ca-pub-6943679897239327\"\ndata-ad-slot=\"7048180777\"\ndata-ad-format=\"auto\"><\/ins><br \/>\n<script>\n(adsbygoogle = window.adsbygoogle || []).push({});\n<\/script><\/p>\n<p>Y entre las ofertas culturales, se estrenan durante San Ferm\u00edn las rutas literarias. Esta propuesta mostrar\u00e1 la visi\u00f3n y la presencia de los Sanfermines en distintas obras de la literatura. Se programaron el verano pasado como gui\u00f1o a las fiestas suspendidas y debido a su buena acogida, se ha optado por su inclusi\u00f3n en el programa oficial este a\u00f1o. Adem\u00e1s, en 2022, a partir del d\u00eda 9, se abre en Civivox Condestable un nuevo espacio cultural para las tardes. En \u00e9l se ofrecer\u00e1n espect\u00e1culos musicales, gratuitos, de peque\u00f1o y medio formato en los que se buscan crear nuevas experiencias l\u00fadicas diferentes a las habituales de fiesta en calle.<\/p>\n<p>Las verbenas amenizadas por orquestas y DJ\u2019s vuelven a ser las protagonistas en Antoniutti, un espacio al que tambi\u00e9n regresan los puestos de feria gastron\u00f3micos. Su horario ser\u00e1 de 19:00 a 22:00 y de 23:30 a 3:00 horas.<\/p>\n<p>Este a\u00f1o las fiestas comenzar\u00e1n al ritmo de la Biribilketa de Gainza, que ser\u00e1 interpretada tras el Chupinazo en la Plaza Consistorial por La Pamplonesa y los txistularis. Esta composici\u00f3n es la primera pieza musical que suena inmediatamente despu\u00e9s del cohete, pero desde hace m\u00e1s de 40 a\u00f1os se interpreta dentro del zagu\u00e1n del ayuntamiento debido a la gran concurrencia de p\u00fablico en la plaza. En 2022 esta tradicional pieza musical volver\u00e1 a ser escuchada en el exterior para el disfrute de toda la gente.<br \/>\n<script async src=\"\/\/pagead2.googlesyndication.com\/pagead\/js\/adsbygoogle.js\"><\/script><br \/>\n<!-- Noticias La Guia de Pamplona --><br \/>\n<ins class=\"adsbygoogle\"\nstyle=\"display:block\"\ndata-ad-client=\"ca-pub-6943679897239327\"\ndata-ad-slot=\"7048180777\"\ndata-ad-format=\"auto\"><\/ins><br \/>\n<script>\n(adsbygoogle = window.adsbygoogle || []).push({});\n<\/script><\/p>\n<p><strong>M\u00fasica: DJ\u2019s en la Plaza del Castillo<\/strong><\/p>\n<p>La Plaza del Castillo renueva tambi\u00e9n este a\u00f1o su programaci\u00f3n musical. Por las tardes, ser\u00e1 el momento del \u2018Tardeo\u2019 en este ic\u00f3nico espacio de la ciudad. Desde las 19 horas hasta las 20:50 una selecci\u00f3n de DJ\u2019s locales se encargar\u00e1n de pinchar m\u00fasica de fiesta para, despu\u00e9s de los fuegos, dar paso a otros DJ\u2019s nacionales, en el espacio denominado \u2018Sound Fermin\u2019. Desde las 23:30 la plaza contar\u00e1, entre otros, con la propuesta de DJ\u2019s de los programas musicales referentes de las radios a nivel nacional, adem\u00e1s de artistas como ELYELLA, Mickey Pav\u00f3n e Innmir, considerados entre los m\u00e1s destacados del pa\u00eds. La presencia de DJ\u00b4s en la programaci\u00f3n sanferminera tambi\u00e9n fue uno de los puntos aprobados por la Mesa de los Sanfermines. En ese mismo espacio hay destacar tambi\u00e9n la sesi\u00f3n que el DJ Carlos Jean ofrecer\u00e1 el 6 de julio, una hora despu\u00e9s del Chupinazo.<\/p>\n<p>La m\u00fasica y las oportunidades de bailar seguir\u00e1n presentes durante las fiestas en multitud de espacios. Lola \u00cdndigo, La Oreja de Van Gogh, La M.O.D.A. o Camela, est\u00e1n entre los artistas que amenizar\u00e1n las noches de San Ferm\u00edn en la plaza de los Fueros. En la plaza Compa\u00f1\u00eda, por otra parte, se volver\u00e1 a apostar por el jazz y las m\u00fasicas del mundo. Siete artistas de pa\u00edses muy diversos \u2013como Estados Unidos, Gran Breta\u00f1a o Cuba- conviven en el cartel otras visiones de la m\u00fasica m\u00e1s cercanas a nuestra tierra, entre las que encontramos un Homenaje a Pedro Iturralde, saxofonista navarro fallecido en 2020.<br \/>\n<script async src=\"\/\/pagead2.googlesyndication.com\/pagead\/js\/adsbygoogle.js\"><\/script><br \/>\n<!-- Noticias La Guia de Pamplona --><br \/>\n<ins class=\"adsbygoogle\"\nstyle=\"display:block\"\ndata-ad-client=\"ca-pub-6943679897239327\"\ndata-ad-slot=\"7048180777\"\ndata-ad-format=\"auto\"><\/ins><br \/>\n<script>\n(adsbygoogle = window.adsbygoogle || []).push({});\n<\/script><\/p>\n<p>La Plaza de la Cruz acoger\u00e1 por las ma\u00f1anas la m\u00fasica de bandas a partir de las 13 horas. La banda de Bayona y otras de Navarra, como la de Tudela, Olite o Fusti\u00f1ana, se encargar\u00e1n de poner el toque m\u00e1s tradicional a este espacio, que comparten con las dobles verbenas de las 20:00 y las 23:30 horas.<\/p>\n<p>El paseo de Sarasate se presenta este a\u00f1o como la sede de nuestro folclore m\u00e1s tradicional, con la presencia de jotas en sus distintas variantes por la ma\u00f1ana (12 horas) y actuaciones de bertsolaris y dantzaris por la tarde (19 horas). Adem\u00e1s, este a\u00f1o seguir\u00e1 habiendo bailables de txistu y gaita, los gaiteros saldr\u00e1n por las calles del centro y se mantendr\u00e1n las diversas modalidades de m\u00fasica de ambientaci\u00f3n. Al espacio de Sarasate se traslada tambi\u00e9n este a\u00f1o el 63\u00ba Alarde de Txistularis de Pamplona, que tendr\u00e1 lugar el domingo 10 a las 12:00 horas y que en esta edici\u00f3n y con el t\u00edtulo \u2018R\u00edos\/Ibaiak\u2019, destaca la importancia de los r\u00edos en el devenir de nuestra historia.<br \/>\n<script async src=\"\/\/pagead2.googlesyndication.com\/pagead\/js\/adsbygoogle.js\"><\/script><br \/>\n<!-- Noticias La Guia de Pamplona --><br \/>\n<ins class=\"adsbygoogle\"\nstyle=\"display:block\"\ndata-ad-client=\"ca-pub-6943679897239327\"\ndata-ad-slot=\"7048180777\"\ndata-ad-format=\"auto\"><\/ins><br \/>\n<script>\n(adsbygoogle = window.adsbygoogle || []).push({});\n<\/script><\/p>\n<p><strong>Menores y familias<\/strong><\/p>\n<p>El programa de San Ferm\u00edn 2022 reedita las tres zonas de ocio infantil y juvenil en la Plaza de la Libertad (\u2018Menudas Fiestas\u2019), Taconera (\u2018JuegoRejuego) y Media Luna (\u2018Sports Kids\u2019), as\u00ed como los encierros infantiles (ma\u00f1ana y tarde) y los teatros pasacalles que cada tarde-noche llega a Carlos III. Tambi\u00e9n se mantienen los espect\u00e1culos de marionetas en euskera y castellano en la plaza de la Libertad todos los d\u00edas a las 20 horas. Adem\u00e1s, tambi\u00e9n \u2018saldr\u00e1\u2019 el toro de fuego, todos los d\u00edas a las 21:45 horas desde la Cuesta de Santo Domingo.<\/p>\n<p>\u2018Menudas fiestas\u2019 estar\u00e1 abierto del 6 al 14 de julio, en horario de ma\u00f1ana, de 11.30 a 14 horas (menos el d\u00eda 6), y de tarde, de 18 a 21 horas, con juegos de aventura, talleres, hinchables y en general, actividades pensadas para p\u00fablicos diversos hasta los 17 a\u00f1os y segmentados por franjas de edad. El parque de la Taconera volver\u00e1 a contar estos pr\u00f3ximos Sanfermines con programaci\u00f3n dirigida a p\u00fablico infantil. \u2018JuegoRejuego\u2019 es un programa que a\u00fana la reutilizaci\u00f3n y el reciclaje con la creatividad y la imaginaci\u00f3n, y se ubicar\u00e1 en la zona m\u00e1s cercana a Larraina con la escenograf\u00eda de un gran espect\u00e1culo teatral. En Media Luna, \u2018Sports Kids\u2019 reeditar\u00e1 la colaboraci\u00f3n con las federaciones deportivas de Navarra y ofrecer\u00e1 a p\u00fablico de entre 6 y 14 a\u00f1os la oportunidad de debutar o practicar hasta 17 modalidades de deportes diferentes, como por ejemplo el tiro con arco, la esgrima, el baloncesto o el voleibol y el rugby (nuevas este a\u00f1o). Su horario ser\u00e1 de 11 a 13:30 horas y de 18 hasta las 20:30 horas.<br \/>\n<script async src=\"\/\/pagead2.googlesyndication.com\/pagead\/js\/adsbygoogle.js\"><\/script><br \/>\n<!-- Noticias La Guia de Pamplona --><br \/>\n<ins class=\"adsbygoogle\"\nstyle=\"display:block\"\ndata-ad-client=\"ca-pub-6943679897239327\"\ndata-ad-slot=\"7048180777\"\ndata-ad-format=\"auto\"><\/ins><br \/>\n<script>\n(adsbygoogle = window.adsbygoogle || []).push({});\n<\/script><\/p>\n<p><strong>J\u00f3venes y adolescentes<\/strong><\/p>\n<p>Para los adolescentes, y ya es una cita consolidada, estos Sanfermines vuelve la Zona Joven a la plaza de los Fueros. Este espacio de ocio con vertiente educativa destinado a p\u00fablico de 12 a 17 a\u00f1os, ofrecer\u00e1 del 7 al 14 de julio, entre las 19 y las 22.45 horas, talleres, masterclasses, hinchables, DJ, y actuaciones de j\u00f3venes. La apertura del espacio estar\u00e1 a cargo del d\u00fao bilbaino Bocabeats Comedia que, en formato Stand Up Comedy, ofrecer\u00e1 un show de improvisaci\u00f3n y parodias musicales hechas con beatbox, una t\u00e9cnica en la que el int\u00e9rprete imita con la voz los sonidos y ritmos de distintos instrumentos musicales; para el cierre del 14 de julio, la propuesta ser\u00e1 una degustaci\u00f3n de cocteler\u00eda sin alcohol, juegos de agua y las actuaciones del grupo local Nakama Planet y el artista catal\u00e1n Ram\u00f3n Mirabet.<\/p>\n<p>En este marco f\u00edsico, el Ayuntamiento impulsar\u00e1, adem\u00e1s, la campa\u00f1a \u2018Disfruta con cabeza\u2019, un mensaje que quiere poner el acento en la responsabilidad individual a la hora de vivir las fiestas de forma sana y responsable, evitando el consumo de alcohol y otras drogas e incidiendo en la necesaria seguridad a la hora de enfocar las relaciones sexuales.<br \/>\n<script async src=\"\/\/pagead2.googlesyndication.com\/pagead\/js\/adsbygoogle.js\"><\/script><br \/>\n<!-- Noticias La Guia de Pamplona --><br \/>\n<ins class=\"adsbygoogle\"\nstyle=\"display:block\"\ndata-ad-client=\"ca-pub-6943679897239327\"\ndata-ad-slot=\"7048180777\"\ndata-ad-format=\"auto\"><\/ins><br \/>\n<script>\n(adsbygoogle = window.adsbygoogle || []).push({});\n<\/script><\/p>\n<p><strong>Los fuegos: la cita m\u00e1s multitudinaria de cada a\u00f1o<\/strong><\/p>\n<p>En 2022 se vuelve a reivindicar la figura del autor en los fuegos artificiales. Los dise\u00f1adores de las colecciones pirot\u00e9cnicas ser\u00e1n el centro del XXI Concurso Internacional de Fuegos Artificiales de San Ferm\u00edn, dedicado por cuarto a\u00f1o a los \u2018fuegos de autor\u2019. En \u00e9l participar\u00e1n nueve creadores de cinco pa\u00edses (Espa\u00f1a, Portugal, Italia, Francia y Suecia). Adem\u00e1s, el concurso de estas fiestas contar\u00e1 con tres novedades: la opci\u00f3n de premontaje, en la que Pamplona ser\u00e1 pionera en Espa\u00f1a, la incorporaci\u00f3n de artistas pl\u00e1sticos al jurado y la presentaci\u00f3n del primer logotipo del concurso.<\/p>\n<p>Las colecciones han sido dise\u00f1adas espec\u00edficamente para los Sanfermines por creadores pirot\u00e9cnicos de primer nivel nacional e internacional y se disparar\u00e1n desde el interior de la Ciudadela, del 6 al 14 de julio a las 23 horas. El p\u00fablico asistente tendr\u00e1 voz en los premios, ya que continua el premio del p\u00fablico que se realiza por votaci\u00f3n popular, que se suma al San Ferm\u00edn de Oro, San Ferm\u00edn de Plata y San Ferm\u00edn de Bronce que otorga el jurado del concurso.<br \/>\n<script async src=\"\/\/pagead2.googlesyndication.com\/pagead\/js\/adsbygoogle.js\"><\/script><br \/>\n<!-- Noticias La Guia de Pamplona --><br \/>\n<ins class=\"adsbygoogle\"\nstyle=\"display:block\"\ndata-ad-client=\"ca-pub-6943679897239327\"\ndata-ad-slot=\"7048180777\"\ndata-ad-format=\"auto\"><\/ins><br \/>\n<script>\n(adsbygoogle = window.adsbygoogle || []).push({});\n<\/script><\/p>\n<p><strong>Deporte rural, alarde y kalejira<\/strong><\/p>\n<p>Un a\u00f1o m\u00e1s, la plaza de los Fueros acoger\u00e1 el d\u00eda 6 de julio a las 13.30 el festival folkl\u00f3rico y, del 8 al 14 de julio, los campeonatos y exhibiciones de deporte rural habituales en los mediod\u00edas de fiestas con tronza, aizkora, txingas, sokatira o levantamiento de piedra, as\u00ed como exhibiciones de otras modalidades de deporte tradicional.<\/p>\n<p>El folklore internacional ser\u00e1 el protagonista adem\u00e1s de una nueva edici\u00f3n de la \u2018Kalejira de las culturas\u2019, un espect\u00e1culo en el que participan decenas de grupos y entidades de Pamplona provenientes de diferentes or\u00edgenes geogr\u00e1ficos y culturas. La cita ser\u00e1 el domingo 14 de julio a las 18 horas en la calle Descalzos\/San Lorenzo, desde donde partir\u00e1, para terminar en la Plaza el Castillo a las 20.30 horas.<\/p>\n<p><strong>Subvenci\u00f3n pe\u00f1as<\/strong><\/p>\n<p>Como todos los a\u00f1os, la actividad de calle se complementa con la subvenci\u00f3n a las Pe\u00f1as que animan las calles de Pamplona durante todo el d\u00eda. Su importe en 2022 ha sido de 81.750 euros.<br \/>\n<script async src=\"\/\/pagead2.googlesyndication.com\/pagead\/js\/adsbygoogle.js\"><\/script><br \/>\n<!-- Noticias La Guia de Pamplona --><br \/>\n<ins class=\"adsbygoogle\"\nstyle=\"display:block\"\ndata-ad-client=\"ca-pub-6943679897239327\"\ndata-ad-slot=\"7048180777\"\ndata-ad-format=\"auto\"><\/ins><br \/>\n<script>\n(adsbygoogle = window.adsbygoogle || []).push({});\n<\/script><\/p>\n<p><strong>Los Sanfermines de los balcones<\/strong><\/p>\n<p>El folleto de este a\u00f1o se ha ilustrado en torno a un elemento de relaci\u00f3n con la calle: el balc\u00f3n. Ese espacio, que en el confinamiento serv\u00eda de puente hacia los dem\u00e1s, hoy se abre sobre una Pamplona totalmente diferente. Esa es la idea que maneja en su pr\u00f3logo del programa Vanesa Garde, la primera mujer compositora que ha dirigido la Pamplonesa.<\/p>\n<p>La agencia Villa McLuhan Comunicaci\u00f3n, con ilustraciones de Mar\u00eda Victoria Fuentes Galindo en t\u00e9cnica de acuarela, ha dise\u00f1ado el folleto del Ayuntamiento de Pamplona cuyos 10.000 ejemplares vender\u00e1n a partir de esta semana al precio simb\u00f3lico de un euro en la T\u00f3mbola, las librer\u00edas de la ciudad y la Oficina de Turismo. De tama\u00f1o 15,5 x 28 cm, con 68 p\u00e1ginas a color, adem\u00e1s de la programaci\u00f3n diaria de actividades organizadas por el Consistorio, informa tambi\u00e9n sobre otras actividades que organizan diversos colectivos o entidades pamplonesas, el recorrido de la comparsa de gigantes y cabezudos, las normas para correr en el encierro, la Feria del Toro, un plano ilustrado que muestra los lugares relevantes de la fiesta y por \u00faltimo, tel\u00e9fonos y lugares de inter\u00e9s. El programa tambi\u00e9n se hace eco de las campa\u00f1as que ha desarrollado el consistorio para tener unas fiestas tranquilas, armoniosas y respetuosas tanto con los protagonistas de la fiesta, la ciudadan\u00eda, y el medio ambiente. En \u00e9l tienen presencia tambi\u00e9n la campa\u00f1a contra las agresiones sexistas, la campa\u00f1a sobre el vaso reutilizable, la campa\u00f1a sobre responsabilidad dirigida a j\u00f3venes y la campa\u00f1a \u2018Los viviremos\u2019.<\/p>\n<p>Tambi\u00e9n se repartir\u00e1n gratuitamente, un total de 63.000 folletos de bolsillo (tama\u00f1o plegado de 70 x 105 mm) con la programaci\u00f3n sanferminera: 35.000 en castellano, 17.000 en euskera, 7.000 en ingl\u00e9s, 2.500 en franc\u00e9s y 1.500 en alem\u00e1n. Tambi\u00e9n se repartir\u00e1n 15.000 folletos de bolsillo con los recorridos de la comparsa en castellano y en euskera.<\/p>\n<p>&nbsp;<br \/>\n[qodef_button size=\u00bblarge\u00bb type=\u00bb\u00bb text=\u00bbPrograma San Ferm\u00edn 2022.pdf\u00bb custom_class=\u00bb\u00bb icon_pack=\u00bbfont_elegant\u00bb fa_icon=\u00bbicon_download\u00bb link=\u00bbhttps:\/\/www.pamplona.es\/sites\/default\/files\/2022-06\/programa-san-fermin-2022.pdf\u00bb target=\u00bb_blank\u00bb color=\u00bbffffff\u00bb hover_color=\u00bb\u00bb background_color=\u00bb\u00bb hover_background_color=\u00bb\u00bb border_color=\u00bb\u00bb hover_border_color=\u00bb\u00bb font_size=\u00bb\u00bb font_weight=\u00bb\u00bb margin=\u00bb\u00bb]\n&nbsp;<\/p>\n","protected":false},"excerpt":{"rendered":"<p>Programaci\u00f3n en Condestable, visitas literarias, m\u00e1s propuestas para mayores y familias y el 12 de julio como \u2018D\u00eda de la Jota\u2019, algunas novedades<\/p>\n","protected":false},"author":1,"featured_media":40929,"comment_status":"open","ping_status":"closed","sticky":false,"template":"","format":"standard","meta":{"footnotes":""},"categories":[2,9406],"tags":[],"class_list":["post-40928","post","type-post","status-publish","format-standard","has-post-thumbnail","hentry","category-ayuntamiento-pamplona","category-san-fermin"],"yoast_head":"<!-- This site is optimized with the Yoast SEO plugin v27.3 - https:\/\/yoast.com\/product\/yoast-seo-wordpress\/ -->\n<title>El programa oficial de San Ferm\u00edn 2022 ofrece 532 citas pensadas para que ciudadan\u00eda de todas las edades disfrute las fiestas<\/title>\n<meta name=\"description\" content=\"Programaci\u00f3n en Condestable, visitas literarias, m\u00e1s propuestas para mayores y familias y el 12 de julio como \u2018D\u00eda de la Jota\u2019, algunas novedades\" \/>\n<meta name=\"robots\" content=\"index, follow, max-snippet:-1, max-image-preview:large, max-video-preview:-1\" \/>\n<link rel=\"canonical\" href=\"https:\/\/www.laguiadepamplona.com\/actualidad\/el-programa-oficial-de-san-fermin-2022-ofrece-532-citas-pensadas-para-que-ciudadania-de-todas-las-edades-disfrute-las-fiestas\/\" \/>\n<meta property=\"og:locale\" content=\"es_ES\" \/>\n<meta property=\"og:type\" content=\"article\" \/>\n<meta property=\"og:title\" content=\"El programa oficial de San Ferm\u00edn 2022 ofrece 532 citas pensadas para que ciudadan\u00eda de todas las edades disfrute las fiestas\" \/>\n<meta property=\"og:description\" content=\"Programaci\u00f3n en Condestable, visitas literarias, m\u00e1s propuestas para mayores y familias y el 12 de julio como \u2018D\u00eda de la Jota\u2019, algunas novedades\" \/>\n<meta property=\"og:url\" content=\"https:\/\/www.laguiadepamplona.com\/actualidad\/el-programa-oficial-de-san-fermin-2022-ofrece-532-citas-pensadas-para-que-ciudadania-de-todas-las-edades-disfrute-las-fiestas\/\" \/>\n<meta property=\"og:site_name\" content=\"La Gu\u00eda de Pamplona\" \/>\n<meta property=\"article:publisher\" content=\"https:\/\/www.facebook.com\/laguiadepamplonacom-133175176762273\/?ref=hl\" \/>\n<meta property=\"article:published_time\" content=\"2022-06-21T09:54:54+00:00\" \/>\n<meta property=\"article:modified_time\" content=\"2023-04-11T09:48:01+00:00\" \/>\n<meta property=\"og:image\" content=\"https:\/\/www.laguiadepamplona.com\/actualidad\/wp-content\/uploads\/2022\/06\/beti-bezala-cartel-sf22.webp\" \/>\n\t<meta property=\"og:image:width\" content=\"1433\" \/>\n\t<meta property=\"og:image:height\" content=\"612\" \/>\n\t<meta property=\"og:image:type\" content=\"image\/webp\" \/>\n<meta name=\"author\" content=\"La Gu\u00eda de Pamplona\" \/>\n<meta name=\"twitter:card\" content=\"summary_large_image\" \/>\n<meta name=\"twitter:creator\" content=\"@LaGuiadPamplona\" \/>\n<meta name=\"twitter:site\" content=\"@LaGuiadPamplona\" \/>\n<meta name=\"twitter:label1\" content=\"Escrito por\" \/>\n\t<meta name=\"twitter:data1\" content=\"La Gu\u00eda de Pamplona\" \/>\n\t<meta name=\"twitter:label2\" content=\"Tiempo de lectura\" \/>\n\t<meta name=\"twitter:data2\" content=\"13 minutos\" \/>\n<script type=\"application\/ld+json\" class=\"yoast-schema-graph\">{\"@context\":\"https:\\\/\\\/schema.org\",\"@graph\":[{\"@type\":\"Article\",\"@id\":\"https:\\\/\\\/www.laguiadepamplona.com\\\/actualidad\\\/el-programa-oficial-de-san-fermin-2022-ofrece-532-citas-pensadas-para-que-ciudadania-de-todas-las-edades-disfrute-las-fiestas\\\/#article\",\"isPartOf\":{\"@id\":\"https:\\\/\\\/www.laguiadepamplona.com\\\/actualidad\\\/el-programa-oficial-de-san-fermin-2022-ofrece-532-citas-pensadas-para-que-ciudadania-de-todas-las-edades-disfrute-las-fiestas\\\/\"},\"author\":{\"name\":\"La Gu\u00eda de Pamplona\",\"@id\":\"https:\\\/\\\/www.laguiadepamplona.com\\\/actualidad\\\/#\\\/schema\\\/person\\\/efe887376f0213d4657c93adc50b1fdb\"},\"headline\":\"El programa oficial de San Ferm\u00edn 2022 ofrece 532 citas pensadas para que ciudadan\u00eda de todas las edades disfrute las fiestas\",\"datePublished\":\"2022-06-21T09:54:54+00:00\",\"dateModified\":\"2023-04-11T09:48:01+00:00\",\"mainEntityOfPage\":{\"@id\":\"https:\\\/\\\/www.laguiadepamplona.com\\\/actualidad\\\/el-programa-oficial-de-san-fermin-2022-ofrece-532-citas-pensadas-para-que-ciudadania-de-todas-las-edades-disfrute-las-fiestas\\\/\"},\"wordCount\":2913,\"commentCount\":0,\"publisher\":{\"@id\":\"https:\\\/\\\/www.laguiadepamplona.com\\\/actualidad\\\/#organization\"},\"image\":{\"@id\":\"https:\\\/\\\/www.laguiadepamplona.com\\\/actualidad\\\/el-programa-oficial-de-san-fermin-2022-ofrece-532-citas-pensadas-para-que-ciudadania-de-todas-las-edades-disfrute-las-fiestas\\\/#primaryimage\"},\"thumbnailUrl\":\"https:\\\/\\\/www.laguiadepamplona.com\\\/actualidad\\\/wp-content\\\/uploads\\\/2022\\\/06\\\/beti-bezala-cartel-sf22.webp\",\"articleSection\":[\"Ayto Pamplona\",\"San Ferm\u00edn\"],\"inLanguage\":\"es\",\"potentialAction\":[{\"@type\":\"CommentAction\",\"name\":\"Comment\",\"target\":[\"https:\\\/\\\/www.laguiadepamplona.com\\\/actualidad\\\/el-programa-oficial-de-san-fermin-2022-ofrece-532-citas-pensadas-para-que-ciudadania-de-todas-las-edades-disfrute-las-fiestas\\\/#respond\"]}]},{\"@type\":\"WebPage\",\"@id\":\"https:\\\/\\\/www.laguiadepamplona.com\\\/actualidad\\\/el-programa-oficial-de-san-fermin-2022-ofrece-532-citas-pensadas-para-que-ciudadania-de-todas-las-edades-disfrute-las-fiestas\\\/\",\"url\":\"https:\\\/\\\/www.laguiadepamplona.com\\\/actualidad\\\/el-programa-oficial-de-san-fermin-2022-ofrece-532-citas-pensadas-para-que-ciudadania-de-todas-las-edades-disfrute-las-fiestas\\\/\",\"name\":\"El programa oficial de San Ferm\u00edn 2022 ofrece 532 citas pensadas para que ciudadan\u00eda de todas las edades disfrute las fiestas\",\"isPartOf\":{\"@id\":\"https:\\\/\\\/www.laguiadepamplona.com\\\/actualidad\\\/#website\"},\"primaryImageOfPage\":{\"@id\":\"https:\\\/\\\/www.laguiadepamplona.com\\\/actualidad\\\/el-programa-oficial-de-san-fermin-2022-ofrece-532-citas-pensadas-para-que-ciudadania-de-todas-las-edades-disfrute-las-fiestas\\\/#primaryimage\"},\"image\":{\"@id\":\"https:\\\/\\\/www.laguiadepamplona.com\\\/actualidad\\\/el-programa-oficial-de-san-fermin-2022-ofrece-532-citas-pensadas-para-que-ciudadania-de-todas-las-edades-disfrute-las-fiestas\\\/#primaryimage\"},\"thumbnailUrl\":\"https:\\\/\\\/www.laguiadepamplona.com\\\/actualidad\\\/wp-content\\\/uploads\\\/2022\\\/06\\\/beti-bezala-cartel-sf22.webp\",\"datePublished\":\"2022-06-21T09:54:54+00:00\",\"dateModified\":\"2023-04-11T09:48:01+00:00\",\"description\":\"Programaci\u00f3n en Condestable, visitas literarias, m\u00e1s propuestas para mayores y familias y el 12 de julio como \u2018D\u00eda de la Jota\u2019, algunas novedades\",\"breadcrumb\":{\"@id\":\"https:\\\/\\\/www.laguiadepamplona.com\\\/actualidad\\\/el-programa-oficial-de-san-fermin-2022-ofrece-532-citas-pensadas-para-que-ciudadania-de-todas-las-edades-disfrute-las-fiestas\\\/#breadcrumb\"},\"inLanguage\":\"es\",\"potentialAction\":[{\"@type\":\"ReadAction\",\"target\":[\"https:\\\/\\\/www.laguiadepamplona.com\\\/actualidad\\\/el-programa-oficial-de-san-fermin-2022-ofrece-532-citas-pensadas-para-que-ciudadania-de-todas-las-edades-disfrute-las-fiestas\\\/\"]}]},{\"@type\":\"ImageObject\",\"inLanguage\":\"es\",\"@id\":\"https:\\\/\\\/www.laguiadepamplona.com\\\/actualidad\\\/el-programa-oficial-de-san-fermin-2022-ofrece-532-citas-pensadas-para-que-ciudadania-de-todas-las-edades-disfrute-las-fiestas\\\/#primaryimage\",\"url\":\"https:\\\/\\\/www.laguiadepamplona.com\\\/actualidad\\\/wp-content\\\/uploads\\\/2022\\\/06\\\/beti-bezala-cartel-sf22.webp\",\"contentUrl\":\"https:\\\/\\\/www.laguiadepamplona.com\\\/actualidad\\\/wp-content\\\/uploads\\\/2022\\\/06\\\/beti-bezala-cartel-sf22.webp\",\"width\":1433,\"height\":612},{\"@type\":\"BreadcrumbList\",\"@id\":\"https:\\\/\\\/www.laguiadepamplona.com\\\/actualidad\\\/el-programa-oficial-de-san-fermin-2022-ofrece-532-citas-pensadas-para-que-ciudadania-de-todas-las-edades-disfrute-las-fiestas\\\/#breadcrumb\",\"itemListElement\":[{\"@type\":\"ListItem\",\"position\":1,\"name\":\"Portada\",\"item\":\"https:\\\/\\\/www.laguiadepamplona.com\\\/actualidad\\\/\"},{\"@type\":\"ListItem\",\"position\":2,\"name\":\"El programa oficial de San Ferm\u00edn 2022 ofrece 532 citas pensadas para que ciudadan\u00eda de todas las edades disfrute las fiestas\"}]},{\"@type\":\"WebSite\",\"@id\":\"https:\\\/\\\/www.laguiadepamplona.com\\\/actualidad\\\/#website\",\"url\":\"https:\\\/\\\/www.laguiadepamplona.com\\\/actualidad\\\/\",\"name\":\"La gu\u00eda de Pamplona\",\"description\":\"Noticias de Pamplona\",\"publisher\":{\"@id\":\"https:\\\/\\\/www.laguiadepamplona.com\\\/actualidad\\\/#organization\"},\"potentialAction\":[{\"@type\":\"SearchAction\",\"target\":{\"@type\":\"EntryPoint\",\"urlTemplate\":\"https:\\\/\\\/www.laguiadepamplona.com\\\/actualidad\\\/?s={search_term_string}\"},\"query-input\":{\"@type\":\"PropertyValueSpecification\",\"valueRequired\":true,\"valueName\":\"search_term_string\"}}],\"inLanguage\":\"es\"},{\"@type\":\"Organization\",\"@id\":\"https:\\\/\\\/www.laguiadepamplona.com\\\/actualidad\\\/#organization\",\"name\":\"La Gu\u00eda de Pamplona \\\/ Noticias\",\"url\":\"https:\\\/\\\/www.laguiadepamplona.com\\\/actualidad\\\/\",\"logo\":{\"@type\":\"ImageObject\",\"inLanguage\":\"es\",\"@id\":\"https:\\\/\\\/www.laguiadepamplona.com\\\/actualidad\\\/#\\\/schema\\\/logo\\\/image\\\/\",\"url\":\"https:\\\/\\\/www.laguiadepamplona.com\\\/actualidad\\\/wp-content\\\/uploads\\\/2018\\\/11\\\/logo-laguiadepamplona18-web1.png\",\"contentUrl\":\"https:\\\/\\\/www.laguiadepamplona.com\\\/actualidad\\\/wp-content\\\/uploads\\\/2018\\\/11\\\/logo-laguiadepamplona18-web1.png\",\"width\":600,\"height\":196,\"caption\":\"La Gu\u00eda de Pamplona \\\/ Noticias\"},\"image\":{\"@id\":\"https:\\\/\\\/www.laguiadepamplona.com\\\/actualidad\\\/#\\\/schema\\\/logo\\\/image\\\/\"},\"sameAs\":[\"https:\\\/\\\/www.facebook.com\\\/laguiadepamplonacom-133175176762273\\\/?ref=hl\",\"https:\\\/\\\/x.com\\\/LaGuiadPamplona\",\"https:\\\/\\\/www.instagram.com\\\/la_guia_de_pamplona\\\/\",\"https:\\\/\\\/www.youtube.com\\\/user\\\/laguiadepamplona\"]},{\"@type\":\"Person\",\"@id\":\"https:\\\/\\\/www.laguiadepamplona.com\\\/actualidad\\\/#\\\/schema\\\/person\\\/efe887376f0213d4657c93adc50b1fdb\",\"name\":\"La Gu\u00eda de Pamplona\",\"image\":{\"@type\":\"ImageObject\",\"inLanguage\":\"es\",\"@id\":\"https:\\\/\\\/secure.gravatar.com\\\/avatar\\\/b6992f131dc8d30ab0dff15446e9d346d9dbd95992de0fef795073f5ea83a81c?s=96&d=mm&r=g\",\"url\":\"https:\\\/\\\/secure.gravatar.com\\\/avatar\\\/b6992f131dc8d30ab0dff15446e9d346d9dbd95992de0fef795073f5ea83a81c?s=96&d=mm&r=g\",\"contentUrl\":\"https:\\\/\\\/secure.gravatar.com\\\/avatar\\\/b6992f131dc8d30ab0dff15446e9d346d9dbd95992de0fef795073f5ea83a81c?s=96&d=mm&r=g\",\"caption\":\"La Gu\u00eda de Pamplona\"}}]}<\/script>\n<!-- \/ Yoast SEO plugin. -->","yoast_head_json":{"title":"El programa oficial de San Ferm\u00edn 2022 ofrece 532 citas pensadas para que ciudadan\u00eda de todas las edades disfrute las fiestas","description":"Programaci\u00f3n en Condestable, visitas literarias, m\u00e1s propuestas para mayores y familias y el 12 de julio como \u2018D\u00eda de la Jota\u2019, algunas novedades","robots":{"index":"index","follow":"follow","max-snippet":"max-snippet:-1","max-image-preview":"max-image-preview:large","max-video-preview":"max-video-preview:-1"},"canonical":"https:\/\/www.laguiadepamplona.com\/actualidad\/el-programa-oficial-de-san-fermin-2022-ofrece-532-citas-pensadas-para-que-ciudadania-de-todas-las-edades-disfrute-las-fiestas\/","og_locale":"es_ES","og_type":"article","og_title":"El programa oficial de San Ferm\u00edn 2022 ofrece 532 citas pensadas para que ciudadan\u00eda de todas las edades disfrute las fiestas","og_description":"Programaci\u00f3n en Condestable, visitas literarias, m\u00e1s propuestas para mayores y familias y el 12 de julio como \u2018D\u00eda de la Jota\u2019, algunas novedades","og_url":"https:\/\/www.laguiadepamplona.com\/actualidad\/el-programa-oficial-de-san-fermin-2022-ofrece-532-citas-pensadas-para-que-ciudadania-de-todas-las-edades-disfrute-las-fiestas\/","og_site_name":"La Gu\u00eda de Pamplona","article_publisher":"https:\/\/www.facebook.com\/laguiadepamplonacom-133175176762273\/?ref=hl","article_published_time":"2022-06-21T09:54:54+00:00","article_modified_time":"2023-04-11T09:48:01+00:00","og_image":[{"width":1433,"height":612,"url":"https:\/\/www.laguiadepamplona.com\/actualidad\/wp-content\/uploads\/2022\/06\/beti-bezala-cartel-sf22.webp","type":"image\/webp"}],"author":"La Gu\u00eda de Pamplona","twitter_card":"summary_large_image","twitter_creator":"@LaGuiadPamplona","twitter_site":"@LaGuiadPamplona","twitter_misc":{"Escrito por":"La Gu\u00eda de Pamplona","Tiempo de lectura":"13 minutos"},"schema":{"@context":"https:\/\/schema.org","@graph":[{"@type":"Article","@id":"https:\/\/www.laguiadepamplona.com\/actualidad\/el-programa-oficial-de-san-fermin-2022-ofrece-532-citas-pensadas-para-que-ciudadania-de-todas-las-edades-disfrute-las-fiestas\/#article","isPartOf":{"@id":"https:\/\/www.laguiadepamplona.com\/actualidad\/el-programa-oficial-de-san-fermin-2022-ofrece-532-citas-pensadas-para-que-ciudadania-de-todas-las-edades-disfrute-las-fiestas\/"},"author":{"name":"La Gu\u00eda de Pamplona","@id":"https:\/\/www.laguiadepamplona.com\/actualidad\/#\/schema\/person\/efe887376f0213d4657c93adc50b1fdb"},"headline":"El programa oficial de San Ferm\u00edn 2022 ofrece 532 citas pensadas para que ciudadan\u00eda de todas las edades disfrute las fiestas","datePublished":"2022-06-21T09:54:54+00:00","dateModified":"2023-04-11T09:48:01+00:00","mainEntityOfPage":{"@id":"https:\/\/www.laguiadepamplona.com\/actualidad\/el-programa-oficial-de-san-fermin-2022-ofrece-532-citas-pensadas-para-que-ciudadania-de-todas-las-edades-disfrute-las-fiestas\/"},"wordCount":2913,"commentCount":0,"publisher":{"@id":"https:\/\/www.laguiadepamplona.com\/actualidad\/#organization"},"image":{"@id":"https:\/\/www.laguiadepamplona.com\/actualidad\/el-programa-oficial-de-san-fermin-2022-ofrece-532-citas-pensadas-para-que-ciudadania-de-todas-las-edades-disfrute-las-fiestas\/#primaryimage"},"thumbnailUrl":"https:\/\/www.laguiadepamplona.com\/actualidad\/wp-content\/uploads\/2022\/06\/beti-bezala-cartel-sf22.webp","articleSection":["Ayto Pamplona","San Ferm\u00edn"],"inLanguage":"es","potentialAction":[{"@type":"CommentAction","name":"Comment","target":["https:\/\/www.laguiadepamplona.com\/actualidad\/el-programa-oficial-de-san-fermin-2022-ofrece-532-citas-pensadas-para-que-ciudadania-de-todas-las-edades-disfrute-las-fiestas\/#respond"]}]},{"@type":"WebPage","@id":"https:\/\/www.laguiadepamplona.com\/actualidad\/el-programa-oficial-de-san-fermin-2022-ofrece-532-citas-pensadas-para-que-ciudadania-de-todas-las-edades-disfrute-las-fiestas\/","url":"https:\/\/www.laguiadepamplona.com\/actualidad\/el-programa-oficial-de-san-fermin-2022-ofrece-532-citas-pensadas-para-que-ciudadania-de-todas-las-edades-disfrute-las-fiestas\/","name":"El programa oficial de San Ferm\u00edn 2022 ofrece 532 citas pensadas para que ciudadan\u00eda de todas las edades disfrute las fiestas","isPartOf":{"@id":"https:\/\/www.laguiadepamplona.com\/actualidad\/#website"},"primaryImageOfPage":{"@id":"https:\/\/www.laguiadepamplona.com\/actualidad\/el-programa-oficial-de-san-fermin-2022-ofrece-532-citas-pensadas-para-que-ciudadania-de-todas-las-edades-disfrute-las-fiestas\/#primaryimage"},"image":{"@id":"https:\/\/www.laguiadepamplona.com\/actualidad\/el-programa-oficial-de-san-fermin-2022-ofrece-532-citas-pensadas-para-que-ciudadania-de-todas-las-edades-disfrute-las-fiestas\/#primaryimage"},"thumbnailUrl":"https:\/\/www.laguiadepamplona.com\/actualidad\/wp-content\/uploads\/2022\/06\/beti-bezala-cartel-sf22.webp","datePublished":"2022-06-21T09:54:54+00:00","dateModified":"2023-04-11T09:48:01+00:00","description":"Programaci\u00f3n en Condestable, visitas literarias, m\u00e1s propuestas para mayores y familias y el 12 de julio como \u2018D\u00eda de la Jota\u2019, algunas novedades","breadcrumb":{"@id":"https:\/\/www.laguiadepamplona.com\/actualidad\/el-programa-oficial-de-san-fermin-2022-ofrece-532-citas-pensadas-para-que-ciudadania-de-todas-las-edades-disfrute-las-fiestas\/#breadcrumb"},"inLanguage":"es","potentialAction":[{"@type":"ReadAction","target":["https:\/\/www.laguiadepamplona.com\/actualidad\/el-programa-oficial-de-san-fermin-2022-ofrece-532-citas-pensadas-para-que-ciudadania-de-todas-las-edades-disfrute-las-fiestas\/"]}]},{"@type":"ImageObject","inLanguage":"es","@id":"https:\/\/www.laguiadepamplona.com\/actualidad\/el-programa-oficial-de-san-fermin-2022-ofrece-532-citas-pensadas-para-que-ciudadania-de-todas-las-edades-disfrute-las-fiestas\/#primaryimage","url":"https:\/\/www.laguiadepamplona.com\/actualidad\/wp-content\/uploads\/2022\/06\/beti-bezala-cartel-sf22.webp","contentUrl":"https:\/\/www.laguiadepamplona.com\/actualidad\/wp-content\/uploads\/2022\/06\/beti-bezala-cartel-sf22.webp","width":1433,"height":612},{"@type":"BreadcrumbList","@id":"https:\/\/www.laguiadepamplona.com\/actualidad\/el-programa-oficial-de-san-fermin-2022-ofrece-532-citas-pensadas-para-que-ciudadania-de-todas-las-edades-disfrute-las-fiestas\/#breadcrumb","itemListElement":[{"@type":"ListItem","position":1,"name":"Portada","item":"https:\/\/www.laguiadepamplona.com\/actualidad\/"},{"@type":"ListItem","position":2,"name":"El programa oficial de San Ferm\u00edn 2022 ofrece 532 citas pensadas para que ciudadan\u00eda de todas las edades disfrute las fiestas"}]},{"@type":"WebSite","@id":"https:\/\/www.laguiadepamplona.com\/actualidad\/#website","url":"https:\/\/www.laguiadepamplona.com\/actualidad\/","name":"La gu\u00eda de Pamplona","description":"Noticias de Pamplona","publisher":{"@id":"https:\/\/www.laguiadepamplona.com\/actualidad\/#organization"},"potentialAction":[{"@type":"SearchAction","target":{"@type":"EntryPoint","urlTemplate":"https:\/\/www.laguiadepamplona.com\/actualidad\/?s={search_term_string}"},"query-input":{"@type":"PropertyValueSpecification","valueRequired":true,"valueName":"search_term_string"}}],"inLanguage":"es"},{"@type":"Organization","@id":"https:\/\/www.laguiadepamplona.com\/actualidad\/#organization","name":"La Gu\u00eda de Pamplona \/ Noticias","url":"https:\/\/www.laguiadepamplona.com\/actualidad\/","logo":{"@type":"ImageObject","inLanguage":"es","@id":"https:\/\/www.laguiadepamplona.com\/actualidad\/#\/schema\/logo\/image\/","url":"https:\/\/www.laguiadepamplona.com\/actualidad\/wp-content\/uploads\/2018\/11\/logo-laguiadepamplona18-web1.png","contentUrl":"https:\/\/www.laguiadepamplona.com\/actualidad\/wp-content\/uploads\/2018\/11\/logo-laguiadepamplona18-web1.png","width":600,"height":196,"caption":"La Gu\u00eda de Pamplona \/ Noticias"},"image":{"@id":"https:\/\/www.laguiadepamplona.com\/actualidad\/#\/schema\/logo\/image\/"},"sameAs":["https:\/\/www.facebook.com\/laguiadepamplonacom-133175176762273\/?ref=hl","https:\/\/x.com\/LaGuiadPamplona","https:\/\/www.instagram.com\/la_guia_de_pamplona\/","https:\/\/www.youtube.com\/user\/laguiadepamplona"]},{"@type":"Person","@id":"https:\/\/www.laguiadepamplona.com\/actualidad\/#\/schema\/person\/efe887376f0213d4657c93adc50b1fdb","name":"La Gu\u00eda de Pamplona","image":{"@type":"ImageObject","inLanguage":"es","@id":"https:\/\/secure.gravatar.com\/avatar\/b6992f131dc8d30ab0dff15446e9d346d9dbd95992de0fef795073f5ea83a81c?s=96&d=mm&r=g","url":"https:\/\/secure.gravatar.com\/avatar\/b6992f131dc8d30ab0dff15446e9d346d9dbd95992de0fef795073f5ea83a81c?s=96&d=mm&r=g","contentUrl":"https:\/\/secure.gravatar.com\/avatar\/b6992f131dc8d30ab0dff15446e9d346d9dbd95992de0fef795073f5ea83a81c?s=96&d=mm&r=g","caption":"La Gu\u00eda de Pamplona"}}]}},"post_mailing_queue_ids":[],"_links":{"self":[{"href":"https:\/\/www.laguiadepamplona.com\/actualidad\/wp-json\/wp\/v2\/posts\/40928","targetHints":{"allow":["GET"]}}],"collection":[{"href":"https:\/\/www.laguiadepamplona.com\/actualidad\/wp-json\/wp\/v2\/posts"}],"about":[{"href":"https:\/\/www.laguiadepamplona.com\/actualidad\/wp-json\/wp\/v2\/types\/post"}],"author":[{"embeddable":true,"href":"https:\/\/www.laguiadepamplona.com\/actualidad\/wp-json\/wp\/v2\/users\/1"}],"replies":[{"embeddable":true,"href":"https:\/\/www.laguiadepamplona.com\/actualidad\/wp-json\/wp\/v2\/comments?post=40928"}],"version-history":[{"count":0,"href":"https:\/\/www.laguiadepamplona.com\/actualidad\/wp-json\/wp\/v2\/posts\/40928\/revisions"}],"wp:featuredmedia":[{"embeddable":true,"href":"https:\/\/www.laguiadepamplona.com\/actualidad\/wp-json\/wp\/v2\/media\/40929"}],"wp:attachment":[{"href":"https:\/\/www.laguiadepamplona.com\/actualidad\/wp-json\/wp\/v2\/media?parent=40928"}],"wp:term":[{"taxonomy":"category","embeddable":true,"href":"https:\/\/www.laguiadepamplona.com\/actualidad\/wp-json\/wp\/v2\/categories?post=40928"},{"taxonomy":"post_tag","embeddable":true,"href":"https:\/\/www.laguiadepamplona.com\/actualidad\/wp-json\/wp\/v2\/tags?post=40928"}],"curies":[{"name":"wp","href":"https:\/\/api.w.org\/{rel}","templated":true}]}}