{"id":40918,"date":"2022-06-20T13:29:05","date_gmt":"2022-06-20T11:29:05","guid":{"rendered":"https:\/\/www.laguiadepamplona.com\/actualidad\/?p=40918"},"modified":"2023-04-11T11:48:01","modified_gmt":"2023-04-11T09:48:01","slug":"pamplona-abre-la-convocatoria-de-subvenciones-para-entidades-culturales-y-artisticas-que-este-ano-esta-dotada-con-309-850-euros","status":"publish","type":"post","link":"https:\/\/www.laguiadepamplona.com\/actualidad\/pamplona-abre-la-convocatoria-de-subvenciones-para-entidades-culturales-y-artisticas-que-este-ano-esta-dotada-con-309-850-euros\/","title":{"rendered":"Pamplona abre la convocatoria de subvenciones para entidades culturales y art\u00edsticas que este a\u00f1o est\u00e1 dotada con 309.850 euros"},"content":{"rendered":"<h5>El 9 de julio concluye el plazo para la presentaci\u00f3n telem\u00e1tica de propuestas que, seg\u00fan su presupuesto, optar\u00e1n a una de las tres categor\u00edas de ayudas<\/h5>\n<p><!--more--><\/p>\n<p>El Ayuntamiento ha convocado las subvenciones dirigidas a entidades privadas sin \u00e1nimo de lucro que trabajen por la promoci\u00f3n y difusi\u00f3n de la cultura, que programen y\/o realicen actividades culturales y art\u00edsticas en el t\u00e9rmino municipal de Pamplona. La convocatoria reparte 309.850 euros destinados a proyectos que se ejecuten \u00edntegramente en este a\u00f1o 2022. El plazo de presentaci\u00f3n de solicitudes concluye el pr\u00f3ximo 9 de julio.<\/p>\n<p>Estas ayudas se dividen en tres categor\u00edas, seg\u00fan el presupuesto aceptado de cada proyecto. Un total de 238.850 euros se destinar\u00e1n a proyectos con un presupuesto igual o superior a 70.000. La cantidad m\u00e1xima que podr\u00e1 recibir cada entidad es de 32.000 euros. Una segunda categor\u00eda, con 54.000 euros para repartir, engloba proyectos con presupuestos que oscilan entre los 70.000 y 22.000 euros, con un m\u00e1ximo de 12.000 euros a cada proyecto. Por \u00faltimo, hay una partida de 42.000 euros para proyectos que tengan un presupuesto menor de 22.000 euros. Cada asociaci\u00f3n podr\u00e1 obtener un m\u00e1ximo de 5.000 euros.<br \/>\n<script async src=\"\/\/pagead2.googlesyndication.com\/pagead\/js\/adsbygoogle.js\"><\/script><br \/>\n<!-- Noticias La Guia de Pamplona --><br \/>\n<ins class=\"adsbygoogle\"\nstyle=\"display:block\"\ndata-ad-client=\"ca-pub-6943679897239327\"\ndata-ad-slot=\"7048180777\"\ndata-ad-format=\"auto\"><\/ins><br \/>\n<script>\n(adsbygoogle = window.adsbygoogle || []).push({});\n<\/script><\/p>\n<p>Esas actividades culturales y art\u00edsticas a las que hace referencia la convocatoria tienen que ver con festivales, recitales, ciclos, encuentros y\/o cert\u00e1menes de artes esc\u00e9nicas; ciclos y\/o encuentros de m\u00fasica; jornadas y talleres; festivales, ciclos de conferencias, proyecciones audiovisuales y cinef\u00f3rums; proyectos de investigaci\u00f3n, intervenci\u00f3n, o difusi\u00f3n cultural que fomenten la conservaci\u00f3n y la divulgaci\u00f3n del patrimonio hist\u00f3rico, material e inmaterial de la ciudad; o actividades de promoci\u00f3n del libro, la lectura y la literatura, en cualquiera de sus especialidades y soportes, y cualquier otra actividad que pueda ser considerada de car\u00e1cter cultural y art\u00edstico, exceptuando la edici\u00f3n.<\/p>\n<p>La finalidad de esta convocatoria es facilitar el desarrollo de proyectos e iniciativas culturales y art\u00edsticas, estimulando la creaci\u00f3n, producci\u00f3n, divulgaci\u00f3n, conservaci\u00f3n y gesti\u00f3n de la cultura local, su libre expresi\u00f3n y diversidad y su acercamiento a la ciudadan\u00eda, entre otros aspectos. Asimismo, se busca el mantenimiento de las estructuras de gesti\u00f3n de las personas y entidades que impulsan dichos proyectos, contribuyendo a desarrollar una econom\u00eda de la cultura. De esta forma se alcanza una mayor diversificaci\u00f3n y calidad de la oferta cultural, que deriva en un amplio impacto y beneficio para la ciudadan\u00eda.<\/p>\n<p>Las subvenciones se deber\u00e1n presentar de forma telem\u00e1tica, a trav\u00e9s del tr\u00e1mite \u2018<a href=\"https:\/\/sedeelectronica.pamplona.es\/FichaTramite.aspx?id=229967TA&amp;idioma=1\" target=\"_blank\" rel=\"noopener\">Solicitud electr\u00f3nica de subvenciones para personas jur\u00eddicas<\/a>\u2019, publicado en la Sede Electr\u00f3nica del Ayuntamiento de Pamplona. Las bases de la convocatoria se pueden consultar en el <a href=\"https:\/\/bon.navarra.es\/es\/anuncio\/-\/texto\/2022\/109\/35\" target=\"_blank\" rel=\"noopener\">Bolet\u00edn Oficial de Navarra n\u00famero 109<\/a> de 2 de junio y en la web municipal, en el apartado de \u2018<a href=\"https:\/\/sedeelectronica.pamplona.es\/FichaTramite.aspx?id=PL2000079&amp;idioma=1\" target=\"_blank\" rel=\"noopener\">ayudas y subvenciones<\/a>\u2019.<br \/>\n<script async src=\"\/\/pagead2.googlesyndication.com\/pagead\/js\/adsbygoogle.js\"><\/script><br \/>\n<!-- Noticias La Guia de Pamplona --><br \/>\n<ins class=\"adsbygoogle\"\nstyle=\"display:block\"\ndata-ad-client=\"ca-pub-6943679897239327\"\ndata-ad-slot=\"7048180777\"\ndata-ad-format=\"auto\"><\/ins><br \/>\n<script>\n(adsbygoogle = window.adsbygoogle || []).push({});\n<\/script><\/p>\n<p><strong>Sobre las entidades que se presenten a la convocatoria<\/strong><\/p>\n<p>Los proyectos y\/o actividades que opten a estas ayudas deben estar vinculados al desarrollo de alg\u00fan objetivo de car\u00e1cter cultural y\/o art\u00edstico. Adem\u00e1s, deben tener car\u00e1cter abierto y sin limitaciones de entrada. Las actividades deben realizarse en Pamplona. Si un mismo proyecto contiene actividades que no se realicen en el t\u00e9rmino municipal de Pamplona, no deber\u00e1n aparecer en el proyecto ni en su presupuesto.<\/p>\n<p>Las entidades concurrentes deben ser personas jur\u00eddicas legalmente constituidas e inscritas en el registro correspondiente, con objetivos en sus estatutos para la realizaci\u00f3n de actividades relacionadas con el objeto de esta convocatoria (realizaci\u00f3n de actividades de difusi\u00f3n cultural y art\u00edstica) o realizar habitualmente actividades culturales o de promoci\u00f3n, puesta en valor y salvaguarda de la cultura y el patrimonio. Deben carecer de \u00e1nimo de lucro y tener domicilio fiscal y social en Pamplona.\u00a0 En el caso excepcional de entidades de fuera de Pamplona, deber\u00e1n justificar que el proyecto se har\u00e1 en un 80% en la ciudad.<br \/>\n<script async src=\"\/\/pagead2.googlesyndication.com\/pagead\/js\/adsbygoogle.js\"><\/script><br \/>\n<!-- Noticias La Guia de Pamplona --><br \/>\n<ins class=\"adsbygoogle\"\nstyle=\"display:block\"\ndata-ad-client=\"ca-pub-6943679897239327\"\ndata-ad-slot=\"7048180777\"\ndata-ad-format=\"auto\"><\/ins><br \/>\n<script>\n(adsbygoogle = window.adsbygoogle || []).push({});\n<\/script><\/p>\n<p>Asimismo, las entidades deben estar al corriente en el cumplimiento de las obligaciones tributarias con el Ayuntamiento de Pamplona, al corriente en el cumplimiento de sus obligaciones tributarias y frente a la Seguridad Social y no tener pendiente de justificar subvenciones anteriores concedidas por el Consistorio cuyo plazo de justificaci\u00f3n hubiera finalizado. Por \u00faltimo, no podr\u00e1n tener suscrito un convenio de colaboraci\u00f3n, o un contrato con el Ayuntamiento de Pamplona respecto al programa, proyecto, actividad o actuaciones para las que se solicita subvenci\u00f3n.<\/p>\n","protected":false},"excerpt":{"rendered":"<p>El 9 de julio concluye el plazo para la presentaci\u00f3n telem\u00e1tica de propuestas que, seg\u00fan su presupuesto, optar\u00e1n a una de las tres categor\u00edas de ayudas<\/p>\n","protected":false},"author":1,"featured_media":40922,"comment_status":"open","ping_status":"closed","sticky":false,"template":"","format":"standard","meta":{"footnotes":""},"categories":[2],"tags":[],"class_list":["post-40918","post","type-post","status-publish","format-standard","has-post-thumbnail","hentry","category-ayuntamiento-pamplona"],"yoast_head":"<!-- This site is optimized with the Yoast SEO plugin v27.3 - https:\/\/yoast.com\/product\/yoast-seo-wordpress\/ -->\n<title>Pamplona abre la convocatoria de subvenciones para entidades culturales y art\u00edsticas que este a\u00f1o est\u00e1 dotada con 309.850 euros<\/title>\n<meta name=\"description\" content=\"El 9 de julio concluye el plazo para la presentaci\u00f3n telem\u00e1tica de propuestas que, seg\u00fan su presupuesto, optar\u00e1n a una de las tres categor\u00edas de ayudas\" \/>\n<meta name=\"robots\" content=\"index, follow, max-snippet:-1, max-image-preview:large, max-video-preview:-1\" \/>\n<link rel=\"canonical\" href=\"https:\/\/www.laguiadepamplona.com\/actualidad\/pamplona-abre-la-convocatoria-de-subvenciones-para-entidades-culturales-y-artisticas-que-este-ano-esta-dotada-con-309-850-euros\/\" \/>\n<meta property=\"og:locale\" content=\"es_ES\" \/>\n<meta property=\"og:type\" content=\"article\" \/>\n<meta property=\"og:title\" content=\"Pamplona abre la convocatoria de subvenciones para entidades culturales y art\u00edsticas que este a\u00f1o est\u00e1 dotada con 309.850 euros\" \/>\n<meta property=\"og:description\" content=\"El 9 de julio concluye el plazo para la presentaci\u00f3n telem\u00e1tica de propuestas que, seg\u00fan su presupuesto, optar\u00e1n a una de las tres categor\u00edas de ayudas\" \/>\n<meta property=\"og:url\" content=\"https:\/\/www.laguiadepamplona.com\/actualidad\/pamplona-abre-la-convocatoria-de-subvenciones-para-entidades-culturales-y-artisticas-que-este-ano-esta-dotada-con-309-850-euros\/\" \/>\n<meta property=\"og:site_name\" content=\"La Gu\u00eda de Pamplona\" \/>\n<meta property=\"article:publisher\" content=\"https:\/\/www.facebook.com\/laguiadepamplonacom-133175176762273\/?ref=hl\" \/>\n<meta property=\"article:published_time\" content=\"2022-06-20T11:29:05+00:00\" \/>\n<meta property=\"article:modified_time\" content=\"2023-04-11T09:48:01+00:00\" \/>\n<meta property=\"og:image\" content=\"https:\/\/www.laguiadepamplona.com\/actualidad\/wp-content\/uploads\/2022\/06\/musica_concierto_guitarra-electrica_0.webp\" \/>\n\t<meta property=\"og:image:width\" content=\"1920\" \/>\n\t<meta property=\"og:image:height\" content=\"1280\" \/>\n\t<meta property=\"og:image:type\" content=\"image\/webp\" \/>\n<meta name=\"author\" content=\"La Gu\u00eda de Pamplona\" \/>\n<meta name=\"twitter:card\" content=\"summary_large_image\" \/>\n<meta name=\"twitter:creator\" content=\"@LaGuiadPamplona\" \/>\n<meta name=\"twitter:site\" content=\"@LaGuiadPamplona\" \/>\n<meta name=\"twitter:label1\" content=\"Escrito por\" \/>\n\t<meta name=\"twitter:data1\" content=\"La Gu\u00eda de Pamplona\" \/>\n\t<meta name=\"twitter:label2\" content=\"Tiempo de lectura\" \/>\n\t<meta name=\"twitter:data2\" content=\"4 minutos\" \/>\n<script type=\"application\/ld+json\" class=\"yoast-schema-graph\">{\"@context\":\"https:\\\/\\\/schema.org\",\"@graph\":[{\"@type\":\"Article\",\"@id\":\"https:\\\/\\\/www.laguiadepamplona.com\\\/actualidad\\\/pamplona-abre-la-convocatoria-de-subvenciones-para-entidades-culturales-y-artisticas-que-este-ano-esta-dotada-con-309-850-euros\\\/#article\",\"isPartOf\":{\"@id\":\"https:\\\/\\\/www.laguiadepamplona.com\\\/actualidad\\\/pamplona-abre-la-convocatoria-de-subvenciones-para-entidades-culturales-y-artisticas-que-este-ano-esta-dotada-con-309-850-euros\\\/\"},\"author\":{\"name\":\"La Gu\u00eda de Pamplona\",\"@id\":\"https:\\\/\\\/www.laguiadepamplona.com\\\/actualidad\\\/#\\\/schema\\\/person\\\/efe887376f0213d4657c93adc50b1fdb\"},\"headline\":\"Pamplona abre la convocatoria de subvenciones para entidades culturales y art\u00edsticas que este a\u00f1o est\u00e1 dotada con 309.850 euros\",\"datePublished\":\"2022-06-20T11:29:05+00:00\",\"dateModified\":\"2023-04-11T09:48:01+00:00\",\"mainEntityOfPage\":{\"@id\":\"https:\\\/\\\/www.laguiadepamplona.com\\\/actualidad\\\/pamplona-abre-la-convocatoria-de-subvenciones-para-entidades-culturales-y-artisticas-que-este-ano-esta-dotada-con-309-850-euros\\\/\"},\"wordCount\":777,\"commentCount\":0,\"publisher\":{\"@id\":\"https:\\\/\\\/www.laguiadepamplona.com\\\/actualidad\\\/#organization\"},\"image\":{\"@id\":\"https:\\\/\\\/www.laguiadepamplona.com\\\/actualidad\\\/pamplona-abre-la-convocatoria-de-subvenciones-para-entidades-culturales-y-artisticas-que-este-ano-esta-dotada-con-309-850-euros\\\/#primaryimage\"},\"thumbnailUrl\":\"https:\\\/\\\/www.laguiadepamplona.com\\\/actualidad\\\/wp-content\\\/uploads\\\/2022\\\/06\\\/musica_concierto_guitarra-electrica_0.webp\",\"articleSection\":[\"Ayto Pamplona\"],\"inLanguage\":\"es\",\"potentialAction\":[{\"@type\":\"CommentAction\",\"name\":\"Comment\",\"target\":[\"https:\\\/\\\/www.laguiadepamplona.com\\\/actualidad\\\/pamplona-abre-la-convocatoria-de-subvenciones-para-entidades-culturales-y-artisticas-que-este-ano-esta-dotada-con-309-850-euros\\\/#respond\"]}]},{\"@type\":\"WebPage\",\"@id\":\"https:\\\/\\\/www.laguiadepamplona.com\\\/actualidad\\\/pamplona-abre-la-convocatoria-de-subvenciones-para-entidades-culturales-y-artisticas-que-este-ano-esta-dotada-con-309-850-euros\\\/\",\"url\":\"https:\\\/\\\/www.laguiadepamplona.com\\\/actualidad\\\/pamplona-abre-la-convocatoria-de-subvenciones-para-entidades-culturales-y-artisticas-que-este-ano-esta-dotada-con-309-850-euros\\\/\",\"name\":\"Pamplona abre la convocatoria de subvenciones para entidades culturales y art\u00edsticas que este a\u00f1o est\u00e1 dotada con 309.850 euros\",\"isPartOf\":{\"@id\":\"https:\\\/\\\/www.laguiadepamplona.com\\\/actualidad\\\/#website\"},\"primaryImageOfPage\":{\"@id\":\"https:\\\/\\\/www.laguiadepamplona.com\\\/actualidad\\\/pamplona-abre-la-convocatoria-de-subvenciones-para-entidades-culturales-y-artisticas-que-este-ano-esta-dotada-con-309-850-euros\\\/#primaryimage\"},\"image\":{\"@id\":\"https:\\\/\\\/www.laguiadepamplona.com\\\/actualidad\\\/pamplona-abre-la-convocatoria-de-subvenciones-para-entidades-culturales-y-artisticas-que-este-ano-esta-dotada-con-309-850-euros\\\/#primaryimage\"},\"thumbnailUrl\":\"https:\\\/\\\/www.laguiadepamplona.com\\\/actualidad\\\/wp-content\\\/uploads\\\/2022\\\/06\\\/musica_concierto_guitarra-electrica_0.webp\",\"datePublished\":\"2022-06-20T11:29:05+00:00\",\"dateModified\":\"2023-04-11T09:48:01+00:00\",\"description\":\"El 9 de julio concluye el plazo para la presentaci\u00f3n telem\u00e1tica de propuestas que, seg\u00fan su presupuesto, optar\u00e1n a una de las tres categor\u00edas de ayudas\",\"breadcrumb\":{\"@id\":\"https:\\\/\\\/www.laguiadepamplona.com\\\/actualidad\\\/pamplona-abre-la-convocatoria-de-subvenciones-para-entidades-culturales-y-artisticas-que-este-ano-esta-dotada-con-309-850-euros\\\/#breadcrumb\"},\"inLanguage\":\"es\",\"potentialAction\":[{\"@type\":\"ReadAction\",\"target\":[\"https:\\\/\\\/www.laguiadepamplona.com\\\/actualidad\\\/pamplona-abre-la-convocatoria-de-subvenciones-para-entidades-culturales-y-artisticas-que-este-ano-esta-dotada-con-309-850-euros\\\/\"]}]},{\"@type\":\"ImageObject\",\"inLanguage\":\"es\",\"@id\":\"https:\\\/\\\/www.laguiadepamplona.com\\\/actualidad\\\/pamplona-abre-la-convocatoria-de-subvenciones-para-entidades-culturales-y-artisticas-que-este-ano-esta-dotada-con-309-850-euros\\\/#primaryimage\",\"url\":\"https:\\\/\\\/www.laguiadepamplona.com\\\/actualidad\\\/wp-content\\\/uploads\\\/2022\\\/06\\\/musica_concierto_guitarra-electrica_0.webp\",\"contentUrl\":\"https:\\\/\\\/www.laguiadepamplona.com\\\/actualidad\\\/wp-content\\\/uploads\\\/2022\\\/06\\\/musica_concierto_guitarra-electrica_0.webp\",\"width\":1920,\"height\":1280,\"caption\":\"m\u00fasica grupos\"},{\"@type\":\"BreadcrumbList\",\"@id\":\"https:\\\/\\\/www.laguiadepamplona.com\\\/actualidad\\\/pamplona-abre-la-convocatoria-de-subvenciones-para-entidades-culturales-y-artisticas-que-este-ano-esta-dotada-con-309-850-euros\\\/#breadcrumb\",\"itemListElement\":[{\"@type\":\"ListItem\",\"position\":1,\"name\":\"Portada\",\"item\":\"https:\\\/\\\/www.laguiadepamplona.com\\\/actualidad\\\/\"},{\"@type\":\"ListItem\",\"position\":2,\"name\":\"Pamplona abre la convocatoria de subvenciones para entidades culturales y art\u00edsticas que este a\u00f1o est\u00e1 dotada con 309.850 euros\"}]},{\"@type\":\"WebSite\",\"@id\":\"https:\\\/\\\/www.laguiadepamplona.com\\\/actualidad\\\/#website\",\"url\":\"https:\\\/\\\/www.laguiadepamplona.com\\\/actualidad\\\/\",\"name\":\"La gu\u00eda de Pamplona\",\"description\":\"Noticias de Pamplona\",\"publisher\":{\"@id\":\"https:\\\/\\\/www.laguiadepamplona.com\\\/actualidad\\\/#organization\"},\"potentialAction\":[{\"@type\":\"SearchAction\",\"target\":{\"@type\":\"EntryPoint\",\"urlTemplate\":\"https:\\\/\\\/www.laguiadepamplona.com\\\/actualidad\\\/?s={search_term_string}\"},\"query-input\":{\"@type\":\"PropertyValueSpecification\",\"valueRequired\":true,\"valueName\":\"search_term_string\"}}],\"inLanguage\":\"es\"},{\"@type\":\"Organization\",\"@id\":\"https:\\\/\\\/www.laguiadepamplona.com\\\/actualidad\\\/#organization\",\"name\":\"La Gu\u00eda de Pamplona \\\/ Noticias\",\"url\":\"https:\\\/\\\/www.laguiadepamplona.com\\\/actualidad\\\/\",\"logo\":{\"@type\":\"ImageObject\",\"inLanguage\":\"es\",\"@id\":\"https:\\\/\\\/www.laguiadepamplona.com\\\/actualidad\\\/#\\\/schema\\\/logo\\\/image\\\/\",\"url\":\"https:\\\/\\\/www.laguiadepamplona.com\\\/actualidad\\\/wp-content\\\/uploads\\\/2018\\\/11\\\/logo-laguiadepamplona18-web1.png\",\"contentUrl\":\"https:\\\/\\\/www.laguiadepamplona.com\\\/actualidad\\\/wp-content\\\/uploads\\\/2018\\\/11\\\/logo-laguiadepamplona18-web1.png\",\"width\":600,\"height\":196,\"caption\":\"La Gu\u00eda de Pamplona \\\/ Noticias\"},\"image\":{\"@id\":\"https:\\\/\\\/www.laguiadepamplona.com\\\/actualidad\\\/#\\\/schema\\\/logo\\\/image\\\/\"},\"sameAs\":[\"https:\\\/\\\/www.facebook.com\\\/laguiadepamplonacom-133175176762273\\\/?ref=hl\",\"https:\\\/\\\/x.com\\\/LaGuiadPamplona\",\"https:\\\/\\\/www.instagram.com\\\/la_guia_de_pamplona\\\/\",\"https:\\\/\\\/www.youtube.com\\\/user\\\/laguiadepamplona\"]},{\"@type\":\"Person\",\"@id\":\"https:\\\/\\\/www.laguiadepamplona.com\\\/actualidad\\\/#\\\/schema\\\/person\\\/efe887376f0213d4657c93adc50b1fdb\",\"name\":\"La Gu\u00eda de Pamplona\",\"image\":{\"@type\":\"ImageObject\",\"inLanguage\":\"es\",\"@id\":\"https:\\\/\\\/secure.gravatar.com\\\/avatar\\\/b6992f131dc8d30ab0dff15446e9d346d9dbd95992de0fef795073f5ea83a81c?s=96&d=mm&r=g\",\"url\":\"https:\\\/\\\/secure.gravatar.com\\\/avatar\\\/b6992f131dc8d30ab0dff15446e9d346d9dbd95992de0fef795073f5ea83a81c?s=96&d=mm&r=g\",\"contentUrl\":\"https:\\\/\\\/secure.gravatar.com\\\/avatar\\\/b6992f131dc8d30ab0dff15446e9d346d9dbd95992de0fef795073f5ea83a81c?s=96&d=mm&r=g\",\"caption\":\"La Gu\u00eda de Pamplona\"}}]}<\/script>\n<!-- \/ Yoast SEO plugin. -->","yoast_head_json":{"title":"Pamplona abre la convocatoria de subvenciones para entidades culturales y art\u00edsticas que este a\u00f1o est\u00e1 dotada con 309.850 euros","description":"El 9 de julio concluye el plazo para la presentaci\u00f3n telem\u00e1tica de propuestas que, seg\u00fan su presupuesto, optar\u00e1n a una de las tres categor\u00edas de ayudas","robots":{"index":"index","follow":"follow","max-snippet":"max-snippet:-1","max-image-preview":"max-image-preview:large","max-video-preview":"max-video-preview:-1"},"canonical":"https:\/\/www.laguiadepamplona.com\/actualidad\/pamplona-abre-la-convocatoria-de-subvenciones-para-entidades-culturales-y-artisticas-que-este-ano-esta-dotada-con-309-850-euros\/","og_locale":"es_ES","og_type":"article","og_title":"Pamplona abre la convocatoria de subvenciones para entidades culturales y art\u00edsticas que este a\u00f1o est\u00e1 dotada con 309.850 euros","og_description":"El 9 de julio concluye el plazo para la presentaci\u00f3n telem\u00e1tica de propuestas que, seg\u00fan su presupuesto, optar\u00e1n a una de las tres categor\u00edas de ayudas","og_url":"https:\/\/www.laguiadepamplona.com\/actualidad\/pamplona-abre-la-convocatoria-de-subvenciones-para-entidades-culturales-y-artisticas-que-este-ano-esta-dotada-con-309-850-euros\/","og_site_name":"La Gu\u00eda de Pamplona","article_publisher":"https:\/\/www.facebook.com\/laguiadepamplonacom-133175176762273\/?ref=hl","article_published_time":"2022-06-20T11:29:05+00:00","article_modified_time":"2023-04-11T09:48:01+00:00","og_image":[{"width":1920,"height":1280,"url":"https:\/\/www.laguiadepamplona.com\/actualidad\/wp-content\/uploads\/2022\/06\/musica_concierto_guitarra-electrica_0.webp","type":"image\/webp"}],"author":"La Gu\u00eda de Pamplona","twitter_card":"summary_large_image","twitter_creator":"@LaGuiadPamplona","twitter_site":"@LaGuiadPamplona","twitter_misc":{"Escrito por":"La Gu\u00eda de Pamplona","Tiempo de lectura":"4 minutos"},"schema":{"@context":"https:\/\/schema.org","@graph":[{"@type":"Article","@id":"https:\/\/www.laguiadepamplona.com\/actualidad\/pamplona-abre-la-convocatoria-de-subvenciones-para-entidades-culturales-y-artisticas-que-este-ano-esta-dotada-con-309-850-euros\/#article","isPartOf":{"@id":"https:\/\/www.laguiadepamplona.com\/actualidad\/pamplona-abre-la-convocatoria-de-subvenciones-para-entidades-culturales-y-artisticas-que-este-ano-esta-dotada-con-309-850-euros\/"},"author":{"name":"La Gu\u00eda de Pamplona","@id":"https:\/\/www.laguiadepamplona.com\/actualidad\/#\/schema\/person\/efe887376f0213d4657c93adc50b1fdb"},"headline":"Pamplona abre la convocatoria de subvenciones para entidades culturales y art\u00edsticas que este a\u00f1o est\u00e1 dotada con 309.850 euros","datePublished":"2022-06-20T11:29:05+00:00","dateModified":"2023-04-11T09:48:01+00:00","mainEntityOfPage":{"@id":"https:\/\/www.laguiadepamplona.com\/actualidad\/pamplona-abre-la-convocatoria-de-subvenciones-para-entidades-culturales-y-artisticas-que-este-ano-esta-dotada-con-309-850-euros\/"},"wordCount":777,"commentCount":0,"publisher":{"@id":"https:\/\/www.laguiadepamplona.com\/actualidad\/#organization"},"image":{"@id":"https:\/\/www.laguiadepamplona.com\/actualidad\/pamplona-abre-la-convocatoria-de-subvenciones-para-entidades-culturales-y-artisticas-que-este-ano-esta-dotada-con-309-850-euros\/#primaryimage"},"thumbnailUrl":"https:\/\/www.laguiadepamplona.com\/actualidad\/wp-content\/uploads\/2022\/06\/musica_concierto_guitarra-electrica_0.webp","articleSection":["Ayto Pamplona"],"inLanguage":"es","potentialAction":[{"@type":"CommentAction","name":"Comment","target":["https:\/\/www.laguiadepamplona.com\/actualidad\/pamplona-abre-la-convocatoria-de-subvenciones-para-entidades-culturales-y-artisticas-que-este-ano-esta-dotada-con-309-850-euros\/#respond"]}]},{"@type":"WebPage","@id":"https:\/\/www.laguiadepamplona.com\/actualidad\/pamplona-abre-la-convocatoria-de-subvenciones-para-entidades-culturales-y-artisticas-que-este-ano-esta-dotada-con-309-850-euros\/","url":"https:\/\/www.laguiadepamplona.com\/actualidad\/pamplona-abre-la-convocatoria-de-subvenciones-para-entidades-culturales-y-artisticas-que-este-ano-esta-dotada-con-309-850-euros\/","name":"Pamplona abre la convocatoria de subvenciones para entidades culturales y art\u00edsticas que este a\u00f1o est\u00e1 dotada con 309.850 euros","isPartOf":{"@id":"https:\/\/www.laguiadepamplona.com\/actualidad\/#website"},"primaryImageOfPage":{"@id":"https:\/\/www.laguiadepamplona.com\/actualidad\/pamplona-abre-la-convocatoria-de-subvenciones-para-entidades-culturales-y-artisticas-que-este-ano-esta-dotada-con-309-850-euros\/#primaryimage"},"image":{"@id":"https:\/\/www.laguiadepamplona.com\/actualidad\/pamplona-abre-la-convocatoria-de-subvenciones-para-entidades-culturales-y-artisticas-que-este-ano-esta-dotada-con-309-850-euros\/#primaryimage"},"thumbnailUrl":"https:\/\/www.laguiadepamplona.com\/actualidad\/wp-content\/uploads\/2022\/06\/musica_concierto_guitarra-electrica_0.webp","datePublished":"2022-06-20T11:29:05+00:00","dateModified":"2023-04-11T09:48:01+00:00","description":"El 9 de julio concluye el plazo para la presentaci\u00f3n telem\u00e1tica de propuestas que, seg\u00fan su presupuesto, optar\u00e1n a una de las tres categor\u00edas de ayudas","breadcrumb":{"@id":"https:\/\/www.laguiadepamplona.com\/actualidad\/pamplona-abre-la-convocatoria-de-subvenciones-para-entidades-culturales-y-artisticas-que-este-ano-esta-dotada-con-309-850-euros\/#breadcrumb"},"inLanguage":"es","potentialAction":[{"@type":"ReadAction","target":["https:\/\/www.laguiadepamplona.com\/actualidad\/pamplona-abre-la-convocatoria-de-subvenciones-para-entidades-culturales-y-artisticas-que-este-ano-esta-dotada-con-309-850-euros\/"]}]},{"@type":"ImageObject","inLanguage":"es","@id":"https:\/\/www.laguiadepamplona.com\/actualidad\/pamplona-abre-la-convocatoria-de-subvenciones-para-entidades-culturales-y-artisticas-que-este-ano-esta-dotada-con-309-850-euros\/#primaryimage","url":"https:\/\/www.laguiadepamplona.com\/actualidad\/wp-content\/uploads\/2022\/06\/musica_concierto_guitarra-electrica_0.webp","contentUrl":"https:\/\/www.laguiadepamplona.com\/actualidad\/wp-content\/uploads\/2022\/06\/musica_concierto_guitarra-electrica_0.webp","width":1920,"height":1280,"caption":"m\u00fasica grupos"},{"@type":"BreadcrumbList","@id":"https:\/\/www.laguiadepamplona.com\/actualidad\/pamplona-abre-la-convocatoria-de-subvenciones-para-entidades-culturales-y-artisticas-que-este-ano-esta-dotada-con-309-850-euros\/#breadcrumb","itemListElement":[{"@type":"ListItem","position":1,"name":"Portada","item":"https:\/\/www.laguiadepamplona.com\/actualidad\/"},{"@type":"ListItem","position":2,"name":"Pamplona abre la convocatoria de subvenciones para entidades culturales y art\u00edsticas que este a\u00f1o est\u00e1 dotada con 309.850 euros"}]},{"@type":"WebSite","@id":"https:\/\/www.laguiadepamplona.com\/actualidad\/#website","url":"https:\/\/www.laguiadepamplona.com\/actualidad\/","name":"La gu\u00eda de Pamplona","description":"Noticias de Pamplona","publisher":{"@id":"https:\/\/www.laguiadepamplona.com\/actualidad\/#organization"},"potentialAction":[{"@type":"SearchAction","target":{"@type":"EntryPoint","urlTemplate":"https:\/\/www.laguiadepamplona.com\/actualidad\/?s={search_term_string}"},"query-input":{"@type":"PropertyValueSpecification","valueRequired":true,"valueName":"search_term_string"}}],"inLanguage":"es"},{"@type":"Organization","@id":"https:\/\/www.laguiadepamplona.com\/actualidad\/#organization","name":"La Gu\u00eda de Pamplona \/ Noticias","url":"https:\/\/www.laguiadepamplona.com\/actualidad\/","logo":{"@type":"ImageObject","inLanguage":"es","@id":"https:\/\/www.laguiadepamplona.com\/actualidad\/#\/schema\/logo\/image\/","url":"https:\/\/www.laguiadepamplona.com\/actualidad\/wp-content\/uploads\/2018\/11\/logo-laguiadepamplona18-web1.png","contentUrl":"https:\/\/www.laguiadepamplona.com\/actualidad\/wp-content\/uploads\/2018\/11\/logo-laguiadepamplona18-web1.png","width":600,"height":196,"caption":"La Gu\u00eda de Pamplona \/ Noticias"},"image":{"@id":"https:\/\/www.laguiadepamplona.com\/actualidad\/#\/schema\/logo\/image\/"},"sameAs":["https:\/\/www.facebook.com\/laguiadepamplonacom-133175176762273\/?ref=hl","https:\/\/x.com\/LaGuiadPamplona","https:\/\/www.instagram.com\/la_guia_de_pamplona\/","https:\/\/www.youtube.com\/user\/laguiadepamplona"]},{"@type":"Person","@id":"https:\/\/www.laguiadepamplona.com\/actualidad\/#\/schema\/person\/efe887376f0213d4657c93adc50b1fdb","name":"La Gu\u00eda de Pamplona","image":{"@type":"ImageObject","inLanguage":"es","@id":"https:\/\/secure.gravatar.com\/avatar\/b6992f131dc8d30ab0dff15446e9d346d9dbd95992de0fef795073f5ea83a81c?s=96&d=mm&r=g","url":"https:\/\/secure.gravatar.com\/avatar\/b6992f131dc8d30ab0dff15446e9d346d9dbd95992de0fef795073f5ea83a81c?s=96&d=mm&r=g","contentUrl":"https:\/\/secure.gravatar.com\/avatar\/b6992f131dc8d30ab0dff15446e9d346d9dbd95992de0fef795073f5ea83a81c?s=96&d=mm&r=g","caption":"La Gu\u00eda de Pamplona"}}]}},"post_mailing_queue_ids":[],"_links":{"self":[{"href":"https:\/\/www.laguiadepamplona.com\/actualidad\/wp-json\/wp\/v2\/posts\/40918","targetHints":{"allow":["GET"]}}],"collection":[{"href":"https:\/\/www.laguiadepamplona.com\/actualidad\/wp-json\/wp\/v2\/posts"}],"about":[{"href":"https:\/\/www.laguiadepamplona.com\/actualidad\/wp-json\/wp\/v2\/types\/post"}],"author":[{"embeddable":true,"href":"https:\/\/www.laguiadepamplona.com\/actualidad\/wp-json\/wp\/v2\/users\/1"}],"replies":[{"embeddable":true,"href":"https:\/\/www.laguiadepamplona.com\/actualidad\/wp-json\/wp\/v2\/comments?post=40918"}],"version-history":[{"count":0,"href":"https:\/\/www.laguiadepamplona.com\/actualidad\/wp-json\/wp\/v2\/posts\/40918\/revisions"}],"wp:featuredmedia":[{"embeddable":true,"href":"https:\/\/www.laguiadepamplona.com\/actualidad\/wp-json\/wp\/v2\/media\/40922"}],"wp:attachment":[{"href":"https:\/\/www.laguiadepamplona.com\/actualidad\/wp-json\/wp\/v2\/media?parent=40918"}],"wp:term":[{"taxonomy":"category","embeddable":true,"href":"https:\/\/www.laguiadepamplona.com\/actualidad\/wp-json\/wp\/v2\/categories?post=40918"},{"taxonomy":"post_tag","embeddable":true,"href":"https:\/\/www.laguiadepamplona.com\/actualidad\/wp-json\/wp\/v2\/tags?post=40918"}],"curies":[{"name":"wp","href":"https:\/\/api.w.org\/{rel}","templated":true}]}}