{"id":40907,"date":"2022-06-17T18:54:30","date_gmt":"2022-06-17T16:54:30","guid":{"rendered":"https:\/\/www.laguiadepamplona.com\/actualidad\/?p=40907"},"modified":"2023-04-11T11:48:01","modified_gmt":"2023-04-11T09:48:01","slug":"el-parque-del-tren-de-trinitarios-abre-sus-puertas-al-publico-este-sabado-con-un-circuito-en-una-locomotora-de-vapor","status":"publish","type":"post","link":"https:\/\/www.laguiadepamplona.com\/actualidad\/el-parque-del-tren-de-trinitarios-abre-sus-puertas-al-publico-este-sabado-con-un-circuito-en-una-locomotora-de-vapor\/","title":{"rendered":"El parque del tren de Trinitarios abre sus puertas al p\u00fablico este s\u00e1bado, con un circuito en una locomotora de vapor"},"content":{"rendered":"<h5>El alcalde de Pamplona ha inaugurado hoy este recinto, impulsado en colaboraci\u00f3n con la Asociaci\u00f3n Navarra de Amigos del Ferrocarril<\/h5>\n<p><!--more--><\/p>\n<p>El Centro de Interpretaci\u00f3n del Ferrocarril y de las V\u00edas Verdes de Trinitarios, m\u00e1s conocido como el \u2018parque del tren\u2019, abrir\u00e1 sus puertas al p\u00fablico ma\u00f1ana, d\u00eda 18, ofreciendo a los visitantes un recorrido por el circuito confeccionado en el recinto, en vagones y una locomotora de vapor, reproducci\u00f3n exacta de la de \u00e9poca. Hoy, el alcalde de Pamplona, Enrique Maya, ha inaugurado este recinto, que se ha desarrollado en colaboraci\u00f3n con la Asociaci\u00f3n Navarra de Amigos del Ferrocarril. Su presidente, \u00c1ngel Os\u00e1car, ha explicado las instalaciones y la maquinaria al alcalde y los miembros de la corporaci\u00f3n que han acudido a conocer el parque.<\/p>\n<p>De esta forma, se pone en marcha un parque que pretende acercar a la ciudadan\u00eda la historia del ferrocarril en Navarra, prestando especial atenci\u00f3n a las v\u00edas verdes que recorr\u00edan las Comunidad foral y que ten\u00edan en Pamplona su punto neur\u00e1lgico. El parque estar\u00e1 abierto desde este s\u00e1bado hasta el 11 de septiembre, de martes a domingo, de 18 a 20 horas. Los visitantes podr\u00e1n realizar un recorrido en un tren real de vapor en los primeros d\u00edas, y en tres m\u00e1s actuales despu\u00e9s. La experiencia, abierta a todos los p\u00fablicos, llevar\u00e1 a los viajeros a trav\u00e9s de t\u00faneles, puentes y taludes durante unos cinco minutos. El coste de la entrada es de 1,5 euros para menores acompa\u00f1ados y 2,5 euros para el resto.<br \/>\n<script async src=\"\/\/pagead2.googlesyndication.com\/pagead\/js\/adsbygoogle.js\"><\/script><br \/>\n<!-- Noticias La Guia de Pamplona --><br \/>\n<ins class=\"adsbygoogle\"\nstyle=\"display:block\"\ndata-ad-client=\"ca-pub-6943679897239327\"\ndata-ad-slot=\"7048180777\"\ndata-ad-format=\"auto\"><\/ins><br \/>\n<script>\n(adsbygoogle = window.adsbygoogle || []).push({});\n<\/script><\/p>\n<p>La Asociaci\u00f3n Navarra de Amigos del Ferrocarril, responsable del parque por concesi\u00f3n administrativa, cuenta con diez maquinistas para conducir los trenes que circular\u00e1n por el recorrido. \u00c9sta es la primera fase del parque, que tiene previsto poder abrir en septiembre una biblioteca especializada en trenes y, de cara a Navidad, una sala de exposiciones.<\/p>\n<p>De hecho, el parque, de 6.740 metros cuadrados, dispone no solo de un circuito ambientado con elementos decorativos (vallas de madera, se\u00f1ales, marmitas, desv\u00edos y sem\u00e1foros), sino tambi\u00e9n de un edificio de cocheras, para guardar las locomotoras, y un edificio principal, simulando la estaci\u00f3n, donde se ubicar\u00e1 la zona expositiva, la biblioteca y un espacio multiusos, donde se prev\u00e9 dar charlas a los escolares que acudan a visitar el parque del tren.\u00a0 El recinto cuenta, adem\u00e1s, con una zona de plato giratorio, donde poder ver distintas locomotoras, el\u00e9ctricas, de vapor, de gasolina y hasta una quitanieves, todas en uso y que llevar\u00e1n a los visitantes por el circuito ferroviario en las distintas \u00e9pocas del a\u00f1o.<br \/>\n<script async src=\"\/\/pagead2.googlesyndication.com\/pagead\/js\/adsbygoogle.js\"><\/script><br \/>\n<!-- Noticias La Guia de Pamplona --><br \/>\n<ins class=\"adsbygoogle\"\nstyle=\"display:block\"\ndata-ad-client=\"ca-pub-6943679897239327\"\ndata-ad-slot=\"7048180777\"\ndata-ad-format=\"auto\"><\/ins><br \/>\n<script>\n(adsbygoogle = window.adsbygoogle || []).push({});\n<\/script><\/p>\n<p><strong>Concesi\u00f3n administrativa<\/strong><\/p>\n<p>El Ayuntamiento de Pamplona firm\u00f3 en noviembre del a\u00f1o pasado un documento administrativo con la Asociaci\u00f3n Navarra de Amigos del Ferrocarril (ANAF) por el que se formaliza la concesi\u00f3n administrativa para convertir el parque del tren en un Centro de Interpretaci\u00f3n del Ferrocarril y las V\u00edas Verdes de Navarra. El plazo de concesi\u00f3n es de 15 a\u00f1os improrrogables, con una aportaci\u00f3n econ\u00f3mica anual por parte del Ayuntamiento de 16.600 euros, con los que ANAF se comprometi\u00f3 a ejecutar diferentes obras y edificaciones para completar el nuevo centro de interpretaci\u00f3n. Entre ellas, el edificio de la estaci\u00f3n, un inmueble de 196,8 metros cuadrados organizados en dos vol\u00famenes, conectados por una cubierta de 401,60 m\u00b2.<\/p>\n<p>Adem\u00e1s de recrear una estaci\u00f3n de tren con sus taquillas y sala de espera, el edificio acoger\u00e1 tambi\u00e9n una biblioteca ferroviaria con m\u00e1s de 1.000 ejemplares y se habilitar\u00e1 una zona para la realizaci\u00f3n de actividades de difusi\u00f3n y conocimiento del tren y, en concreto, de las cinco v\u00edas verdes existentes en Navarra: Plazaola, Irati, Tarazonica, Vasconavarro y Bidasoa. Entre otras actividades, se prev\u00e9 organizar cursos de conducci\u00f3n de maquinista, exposiciones de maquetas modulares, cursos de restauraci\u00f3n de material ferroviario, cursos de maquetismo, digitalizaci\u00f3n y electricidad, o charlas especializadas.<br \/>\n<script async src=\"\/\/pagead2.googlesyndication.com\/pagead\/js\/adsbygoogle.js\"><\/script><br \/>\n<!-- Noticias La Guia de Pamplona --><br \/>\n<ins class=\"adsbygoogle\"\nstyle=\"display:block\"\ndata-ad-client=\"ca-pub-6943679897239327\"\ndata-ad-slot=\"7048180777\"\ndata-ad-format=\"auto\"><\/ins><br \/>\n<script>\n(adsbygoogle = window.adsbygoogle || []).push({});\n<\/script><\/p>\n<p>Seg\u00fan ha anunciado ANAF, el parque abrir\u00e1 de abril a octubre, adem\u00e1s de en Navidad. Se prev\u00e9n dos horarios diferentes. Habr\u00e1 un horario de verano, del 18 de junio al 11 de septiembre, en el que el parque abrir\u00e1 de martes a domingo, de 18 a 20 horas. El resto de meses (abril, mayo, mediados de junio, la segunda quincena de septiembre y octubre) abrir\u00e1 \u00fanicamente los fines de semana, en horario de ma\u00f1ana, de 11.30 a 13.30 horas. En Navidad, se mantendr\u00e1 ese mismo horario. En cualquier caso, las horas de apertura podr\u00e1n incrementarse en funci\u00f3n de la afluencia.<\/p>\n<p>La Asociaci\u00f3n Navarra de Amigos del Ferrocarril, que ech\u00f3 a andar en 1959, conf\u00eda en que el Centro de Interpretaci\u00f3n del Ferrocarril y de las V\u00edas Verdes se convierta en un punto de divulgaci\u00f3n y conocimiento sobre la historia de Navarra vinculada al tren, para estudiantes y mayores.<\/p>\n","protected":false},"excerpt":{"rendered":"<p>El alcalde de Pamplona ha inaugurado hoy este recinto, impulsado en colaboraci\u00f3n con la Asociaci\u00f3n Navarra de Amigos del Ferrocarril<\/p>\n","protected":false},"author":1,"featured_media":40908,"comment_status":"open","ping_status":"closed","sticky":false,"template":"","format":"standard","meta":{"footnotes":""},"categories":[2],"tags":[],"class_list":["post-40907","post","type-post","status-publish","format-standard","has-post-thumbnail","hentry","category-ayuntamiento-pamplona"],"yoast_head":"<!-- This site is optimized with the Yoast SEO plugin v27.3 - https:\/\/yoast.com\/product\/yoast-seo-wordpress\/ -->\n<title>El parque del tren de Trinitarios abre sus puertas al p\u00fablico este s\u00e1bado, con un circuito en una locomotora de vapor<\/title>\n<meta name=\"description\" content=\"El alcalde de Pamplona ha inaugurado hoy este recinto, impulsado en colaboraci\u00f3n con la Asociaci\u00f3n Navarra de Amigos del Ferrocarril\" \/>\n<meta name=\"robots\" content=\"index, follow, max-snippet:-1, max-image-preview:large, max-video-preview:-1\" \/>\n<link rel=\"canonical\" href=\"https:\/\/www.laguiadepamplona.com\/actualidad\/el-parque-del-tren-de-trinitarios-abre-sus-puertas-al-publico-este-sabado-con-un-circuito-en-una-locomotora-de-vapor\/\" \/>\n<meta property=\"og:locale\" content=\"es_ES\" \/>\n<meta property=\"og:type\" content=\"article\" \/>\n<meta property=\"og:title\" content=\"El parque del tren de Trinitarios abre sus puertas al p\u00fablico este s\u00e1bado, con un circuito en una locomotora de vapor\" \/>\n<meta property=\"og:description\" content=\"El alcalde de Pamplona ha inaugurado hoy este recinto, impulsado en colaboraci\u00f3n con la Asociaci\u00f3n Navarra de Amigos del Ferrocarril\" \/>\n<meta property=\"og:url\" content=\"https:\/\/www.laguiadepamplona.com\/actualidad\/el-parque-del-tren-de-trinitarios-abre-sus-puertas-al-publico-este-sabado-con-un-circuito-en-una-locomotora-de-vapor\/\" \/>\n<meta property=\"og:site_name\" content=\"La Gu\u00eda de Pamplona\" \/>\n<meta property=\"article:publisher\" content=\"https:\/\/www.facebook.com\/laguiadepamplonacom-133175176762273\/?ref=hl\" \/>\n<meta property=\"article:published_time\" content=\"2022-06-17T16:54:30+00:00\" \/>\n<meta property=\"article:modified_time\" content=\"2023-04-11T09:48:01+00:00\" \/>\n<meta property=\"og:image\" content=\"https:\/\/www.laguiadepamplona.com\/actualidad\/wp-content\/uploads\/2022\/06\/tren-trinitarios.webp\" \/>\n\t<meta property=\"og:image:width\" content=\"1920\" \/>\n\t<meta property=\"og:image:height\" content=\"1281\" \/>\n\t<meta property=\"og:image:type\" content=\"image\/webp\" \/>\n<meta name=\"author\" content=\"La Gu\u00eda de Pamplona\" \/>\n<meta name=\"twitter:card\" content=\"summary_large_image\" \/>\n<meta name=\"twitter:creator\" content=\"@LaGuiadPamplona\" \/>\n<meta name=\"twitter:site\" content=\"@LaGuiadPamplona\" \/>\n<meta name=\"twitter:label1\" content=\"Escrito por\" \/>\n\t<meta name=\"twitter:data1\" content=\"La Gu\u00eda de Pamplona\" \/>\n\t<meta name=\"twitter:label2\" content=\"Tiempo de lectura\" \/>\n\t<meta name=\"twitter:data2\" content=\"4 minutos\" \/>\n<script type=\"application\/ld+json\" class=\"yoast-schema-graph\">{\"@context\":\"https:\\\/\\\/schema.org\",\"@graph\":[{\"@type\":\"Article\",\"@id\":\"https:\\\/\\\/www.laguiadepamplona.com\\\/actualidad\\\/el-parque-del-tren-de-trinitarios-abre-sus-puertas-al-publico-este-sabado-con-un-circuito-en-una-locomotora-de-vapor\\\/#article\",\"isPartOf\":{\"@id\":\"https:\\\/\\\/www.laguiadepamplona.com\\\/actualidad\\\/el-parque-del-tren-de-trinitarios-abre-sus-puertas-al-publico-este-sabado-con-un-circuito-en-una-locomotora-de-vapor\\\/\"},\"author\":{\"name\":\"La Gu\u00eda de Pamplona\",\"@id\":\"https:\\\/\\\/www.laguiadepamplona.com\\\/actualidad\\\/#\\\/schema\\\/person\\\/efe887376f0213d4657c93adc50b1fdb\"},\"headline\":\"El parque del tren de Trinitarios abre sus puertas al p\u00fablico este s\u00e1bado, con un circuito en una locomotora de vapor\",\"datePublished\":\"2022-06-17T16:54:30+00:00\",\"dateModified\":\"2023-04-11T09:48:01+00:00\",\"mainEntityOfPage\":{\"@id\":\"https:\\\/\\\/www.laguiadepamplona.com\\\/actualidad\\\/el-parque-del-tren-de-trinitarios-abre-sus-puertas-al-publico-este-sabado-con-un-circuito-en-una-locomotora-de-vapor\\\/\"},\"wordCount\":848,\"commentCount\":0,\"publisher\":{\"@id\":\"https:\\\/\\\/www.laguiadepamplona.com\\\/actualidad\\\/#organization\"},\"image\":{\"@id\":\"https:\\\/\\\/www.laguiadepamplona.com\\\/actualidad\\\/el-parque-del-tren-de-trinitarios-abre-sus-puertas-al-publico-este-sabado-con-un-circuito-en-una-locomotora-de-vapor\\\/#primaryimage\"},\"thumbnailUrl\":\"https:\\\/\\\/www.laguiadepamplona.com\\\/actualidad\\\/wp-content\\\/uploads\\\/2022\\\/06\\\/tren-trinitarios.webp\",\"articleSection\":[\"Ayto Pamplona\"],\"inLanguage\":\"es\",\"potentialAction\":[{\"@type\":\"CommentAction\",\"name\":\"Comment\",\"target\":[\"https:\\\/\\\/www.laguiadepamplona.com\\\/actualidad\\\/el-parque-del-tren-de-trinitarios-abre-sus-puertas-al-publico-este-sabado-con-un-circuito-en-una-locomotora-de-vapor\\\/#respond\"]}]},{\"@type\":\"WebPage\",\"@id\":\"https:\\\/\\\/www.laguiadepamplona.com\\\/actualidad\\\/el-parque-del-tren-de-trinitarios-abre-sus-puertas-al-publico-este-sabado-con-un-circuito-en-una-locomotora-de-vapor\\\/\",\"url\":\"https:\\\/\\\/www.laguiadepamplona.com\\\/actualidad\\\/el-parque-del-tren-de-trinitarios-abre-sus-puertas-al-publico-este-sabado-con-un-circuito-en-una-locomotora-de-vapor\\\/\",\"name\":\"El parque del tren de Trinitarios abre sus puertas al p\u00fablico este s\u00e1bado, con un circuito en una locomotora de vapor\",\"isPartOf\":{\"@id\":\"https:\\\/\\\/www.laguiadepamplona.com\\\/actualidad\\\/#website\"},\"primaryImageOfPage\":{\"@id\":\"https:\\\/\\\/www.laguiadepamplona.com\\\/actualidad\\\/el-parque-del-tren-de-trinitarios-abre-sus-puertas-al-publico-este-sabado-con-un-circuito-en-una-locomotora-de-vapor\\\/#primaryimage\"},\"image\":{\"@id\":\"https:\\\/\\\/www.laguiadepamplona.com\\\/actualidad\\\/el-parque-del-tren-de-trinitarios-abre-sus-puertas-al-publico-este-sabado-con-un-circuito-en-una-locomotora-de-vapor\\\/#primaryimage\"},\"thumbnailUrl\":\"https:\\\/\\\/www.laguiadepamplona.com\\\/actualidad\\\/wp-content\\\/uploads\\\/2022\\\/06\\\/tren-trinitarios.webp\",\"datePublished\":\"2022-06-17T16:54:30+00:00\",\"dateModified\":\"2023-04-11T09:48:01+00:00\",\"description\":\"El alcalde de Pamplona ha inaugurado hoy este recinto, impulsado en colaboraci\u00f3n con la Asociaci\u00f3n Navarra de Amigos del Ferrocarril\",\"breadcrumb\":{\"@id\":\"https:\\\/\\\/www.laguiadepamplona.com\\\/actualidad\\\/el-parque-del-tren-de-trinitarios-abre-sus-puertas-al-publico-este-sabado-con-un-circuito-en-una-locomotora-de-vapor\\\/#breadcrumb\"},\"inLanguage\":\"es\",\"potentialAction\":[{\"@type\":\"ReadAction\",\"target\":[\"https:\\\/\\\/www.laguiadepamplona.com\\\/actualidad\\\/el-parque-del-tren-de-trinitarios-abre-sus-puertas-al-publico-este-sabado-con-un-circuito-en-una-locomotora-de-vapor\\\/\"]}]},{\"@type\":\"ImageObject\",\"inLanguage\":\"es\",\"@id\":\"https:\\\/\\\/www.laguiadepamplona.com\\\/actualidad\\\/el-parque-del-tren-de-trinitarios-abre-sus-puertas-al-publico-este-sabado-con-un-circuito-en-una-locomotora-de-vapor\\\/#primaryimage\",\"url\":\"https:\\\/\\\/www.laguiadepamplona.com\\\/actualidad\\\/wp-content\\\/uploads\\\/2022\\\/06\\\/tren-trinitarios.webp\",\"contentUrl\":\"https:\\\/\\\/www.laguiadepamplona.com\\\/actualidad\\\/wp-content\\\/uploads\\\/2022\\\/06\\\/tren-trinitarios.webp\",\"width\":1920,\"height\":1281},{\"@type\":\"BreadcrumbList\",\"@id\":\"https:\\\/\\\/www.laguiadepamplona.com\\\/actualidad\\\/el-parque-del-tren-de-trinitarios-abre-sus-puertas-al-publico-este-sabado-con-un-circuito-en-una-locomotora-de-vapor\\\/#breadcrumb\",\"itemListElement\":[{\"@type\":\"ListItem\",\"position\":1,\"name\":\"Portada\",\"item\":\"https:\\\/\\\/www.laguiadepamplona.com\\\/actualidad\\\/\"},{\"@type\":\"ListItem\",\"position\":2,\"name\":\"El parque del tren de Trinitarios abre sus puertas al p\u00fablico este s\u00e1bado, con un circuito en una locomotora de vapor\"}]},{\"@type\":\"WebSite\",\"@id\":\"https:\\\/\\\/www.laguiadepamplona.com\\\/actualidad\\\/#website\",\"url\":\"https:\\\/\\\/www.laguiadepamplona.com\\\/actualidad\\\/\",\"name\":\"La gu\u00eda de Pamplona\",\"description\":\"Noticias de Pamplona\",\"publisher\":{\"@id\":\"https:\\\/\\\/www.laguiadepamplona.com\\\/actualidad\\\/#organization\"},\"potentialAction\":[{\"@type\":\"SearchAction\",\"target\":{\"@type\":\"EntryPoint\",\"urlTemplate\":\"https:\\\/\\\/www.laguiadepamplona.com\\\/actualidad\\\/?s={search_term_string}\"},\"query-input\":{\"@type\":\"PropertyValueSpecification\",\"valueRequired\":true,\"valueName\":\"search_term_string\"}}],\"inLanguage\":\"es\"},{\"@type\":\"Organization\",\"@id\":\"https:\\\/\\\/www.laguiadepamplona.com\\\/actualidad\\\/#organization\",\"name\":\"La Gu\u00eda de Pamplona \\\/ Noticias\",\"url\":\"https:\\\/\\\/www.laguiadepamplona.com\\\/actualidad\\\/\",\"logo\":{\"@type\":\"ImageObject\",\"inLanguage\":\"es\",\"@id\":\"https:\\\/\\\/www.laguiadepamplona.com\\\/actualidad\\\/#\\\/schema\\\/logo\\\/image\\\/\",\"url\":\"https:\\\/\\\/www.laguiadepamplona.com\\\/actualidad\\\/wp-content\\\/uploads\\\/2018\\\/11\\\/logo-laguiadepamplona18-web1.png\",\"contentUrl\":\"https:\\\/\\\/www.laguiadepamplona.com\\\/actualidad\\\/wp-content\\\/uploads\\\/2018\\\/11\\\/logo-laguiadepamplona18-web1.png\",\"width\":600,\"height\":196,\"caption\":\"La Gu\u00eda de Pamplona \\\/ Noticias\"},\"image\":{\"@id\":\"https:\\\/\\\/www.laguiadepamplona.com\\\/actualidad\\\/#\\\/schema\\\/logo\\\/image\\\/\"},\"sameAs\":[\"https:\\\/\\\/www.facebook.com\\\/laguiadepamplonacom-133175176762273\\\/?ref=hl\",\"https:\\\/\\\/x.com\\\/LaGuiadPamplona\",\"https:\\\/\\\/www.instagram.com\\\/la_guia_de_pamplona\\\/\",\"https:\\\/\\\/www.youtube.com\\\/user\\\/laguiadepamplona\"]},{\"@type\":\"Person\",\"@id\":\"https:\\\/\\\/www.laguiadepamplona.com\\\/actualidad\\\/#\\\/schema\\\/person\\\/efe887376f0213d4657c93adc50b1fdb\",\"name\":\"La Gu\u00eda de Pamplona\",\"image\":{\"@type\":\"ImageObject\",\"inLanguage\":\"es\",\"@id\":\"https:\\\/\\\/secure.gravatar.com\\\/avatar\\\/b6992f131dc8d30ab0dff15446e9d346d9dbd95992de0fef795073f5ea83a81c?s=96&d=mm&r=g\",\"url\":\"https:\\\/\\\/secure.gravatar.com\\\/avatar\\\/b6992f131dc8d30ab0dff15446e9d346d9dbd95992de0fef795073f5ea83a81c?s=96&d=mm&r=g\",\"contentUrl\":\"https:\\\/\\\/secure.gravatar.com\\\/avatar\\\/b6992f131dc8d30ab0dff15446e9d346d9dbd95992de0fef795073f5ea83a81c?s=96&d=mm&r=g\",\"caption\":\"La Gu\u00eda de Pamplona\"}}]}<\/script>\n<!-- \/ Yoast SEO plugin. -->","yoast_head_json":{"title":"El parque del tren de Trinitarios abre sus puertas al p\u00fablico este s\u00e1bado, con un circuito en una locomotora de vapor","description":"El alcalde de Pamplona ha inaugurado hoy este recinto, impulsado en colaboraci\u00f3n con la Asociaci\u00f3n Navarra de Amigos del Ferrocarril","robots":{"index":"index","follow":"follow","max-snippet":"max-snippet:-1","max-image-preview":"max-image-preview:large","max-video-preview":"max-video-preview:-1"},"canonical":"https:\/\/www.laguiadepamplona.com\/actualidad\/el-parque-del-tren-de-trinitarios-abre-sus-puertas-al-publico-este-sabado-con-un-circuito-en-una-locomotora-de-vapor\/","og_locale":"es_ES","og_type":"article","og_title":"El parque del tren de Trinitarios abre sus puertas al p\u00fablico este s\u00e1bado, con un circuito en una locomotora de vapor","og_description":"El alcalde de Pamplona ha inaugurado hoy este recinto, impulsado en colaboraci\u00f3n con la Asociaci\u00f3n Navarra de Amigos del Ferrocarril","og_url":"https:\/\/www.laguiadepamplona.com\/actualidad\/el-parque-del-tren-de-trinitarios-abre-sus-puertas-al-publico-este-sabado-con-un-circuito-en-una-locomotora-de-vapor\/","og_site_name":"La Gu\u00eda de Pamplona","article_publisher":"https:\/\/www.facebook.com\/laguiadepamplonacom-133175176762273\/?ref=hl","article_published_time":"2022-06-17T16:54:30+00:00","article_modified_time":"2023-04-11T09:48:01+00:00","og_image":[{"width":1920,"height":1281,"url":"https:\/\/www.laguiadepamplona.com\/actualidad\/wp-content\/uploads\/2022\/06\/tren-trinitarios.webp","type":"image\/webp"}],"author":"La Gu\u00eda de Pamplona","twitter_card":"summary_large_image","twitter_creator":"@LaGuiadPamplona","twitter_site":"@LaGuiadPamplona","twitter_misc":{"Escrito por":"La Gu\u00eda de Pamplona","Tiempo de lectura":"4 minutos"},"schema":{"@context":"https:\/\/schema.org","@graph":[{"@type":"Article","@id":"https:\/\/www.laguiadepamplona.com\/actualidad\/el-parque-del-tren-de-trinitarios-abre-sus-puertas-al-publico-este-sabado-con-un-circuito-en-una-locomotora-de-vapor\/#article","isPartOf":{"@id":"https:\/\/www.laguiadepamplona.com\/actualidad\/el-parque-del-tren-de-trinitarios-abre-sus-puertas-al-publico-este-sabado-con-un-circuito-en-una-locomotora-de-vapor\/"},"author":{"name":"La Gu\u00eda de Pamplona","@id":"https:\/\/www.laguiadepamplona.com\/actualidad\/#\/schema\/person\/efe887376f0213d4657c93adc50b1fdb"},"headline":"El parque del tren de Trinitarios abre sus puertas al p\u00fablico este s\u00e1bado, con un circuito en una locomotora de vapor","datePublished":"2022-06-17T16:54:30+00:00","dateModified":"2023-04-11T09:48:01+00:00","mainEntityOfPage":{"@id":"https:\/\/www.laguiadepamplona.com\/actualidad\/el-parque-del-tren-de-trinitarios-abre-sus-puertas-al-publico-este-sabado-con-un-circuito-en-una-locomotora-de-vapor\/"},"wordCount":848,"commentCount":0,"publisher":{"@id":"https:\/\/www.laguiadepamplona.com\/actualidad\/#organization"},"image":{"@id":"https:\/\/www.laguiadepamplona.com\/actualidad\/el-parque-del-tren-de-trinitarios-abre-sus-puertas-al-publico-este-sabado-con-un-circuito-en-una-locomotora-de-vapor\/#primaryimage"},"thumbnailUrl":"https:\/\/www.laguiadepamplona.com\/actualidad\/wp-content\/uploads\/2022\/06\/tren-trinitarios.webp","articleSection":["Ayto Pamplona"],"inLanguage":"es","potentialAction":[{"@type":"CommentAction","name":"Comment","target":["https:\/\/www.laguiadepamplona.com\/actualidad\/el-parque-del-tren-de-trinitarios-abre-sus-puertas-al-publico-este-sabado-con-un-circuito-en-una-locomotora-de-vapor\/#respond"]}]},{"@type":"WebPage","@id":"https:\/\/www.laguiadepamplona.com\/actualidad\/el-parque-del-tren-de-trinitarios-abre-sus-puertas-al-publico-este-sabado-con-un-circuito-en-una-locomotora-de-vapor\/","url":"https:\/\/www.laguiadepamplona.com\/actualidad\/el-parque-del-tren-de-trinitarios-abre-sus-puertas-al-publico-este-sabado-con-un-circuito-en-una-locomotora-de-vapor\/","name":"El parque del tren de Trinitarios abre sus puertas al p\u00fablico este s\u00e1bado, con un circuito en una locomotora de vapor","isPartOf":{"@id":"https:\/\/www.laguiadepamplona.com\/actualidad\/#website"},"primaryImageOfPage":{"@id":"https:\/\/www.laguiadepamplona.com\/actualidad\/el-parque-del-tren-de-trinitarios-abre-sus-puertas-al-publico-este-sabado-con-un-circuito-en-una-locomotora-de-vapor\/#primaryimage"},"image":{"@id":"https:\/\/www.laguiadepamplona.com\/actualidad\/el-parque-del-tren-de-trinitarios-abre-sus-puertas-al-publico-este-sabado-con-un-circuito-en-una-locomotora-de-vapor\/#primaryimage"},"thumbnailUrl":"https:\/\/www.laguiadepamplona.com\/actualidad\/wp-content\/uploads\/2022\/06\/tren-trinitarios.webp","datePublished":"2022-06-17T16:54:30+00:00","dateModified":"2023-04-11T09:48:01+00:00","description":"El alcalde de Pamplona ha inaugurado hoy este recinto, impulsado en colaboraci\u00f3n con la Asociaci\u00f3n Navarra de Amigos del Ferrocarril","breadcrumb":{"@id":"https:\/\/www.laguiadepamplona.com\/actualidad\/el-parque-del-tren-de-trinitarios-abre-sus-puertas-al-publico-este-sabado-con-un-circuito-en-una-locomotora-de-vapor\/#breadcrumb"},"inLanguage":"es","potentialAction":[{"@type":"ReadAction","target":["https:\/\/www.laguiadepamplona.com\/actualidad\/el-parque-del-tren-de-trinitarios-abre-sus-puertas-al-publico-este-sabado-con-un-circuito-en-una-locomotora-de-vapor\/"]}]},{"@type":"ImageObject","inLanguage":"es","@id":"https:\/\/www.laguiadepamplona.com\/actualidad\/el-parque-del-tren-de-trinitarios-abre-sus-puertas-al-publico-este-sabado-con-un-circuito-en-una-locomotora-de-vapor\/#primaryimage","url":"https:\/\/www.laguiadepamplona.com\/actualidad\/wp-content\/uploads\/2022\/06\/tren-trinitarios.webp","contentUrl":"https:\/\/www.laguiadepamplona.com\/actualidad\/wp-content\/uploads\/2022\/06\/tren-trinitarios.webp","width":1920,"height":1281},{"@type":"BreadcrumbList","@id":"https:\/\/www.laguiadepamplona.com\/actualidad\/el-parque-del-tren-de-trinitarios-abre-sus-puertas-al-publico-este-sabado-con-un-circuito-en-una-locomotora-de-vapor\/#breadcrumb","itemListElement":[{"@type":"ListItem","position":1,"name":"Portada","item":"https:\/\/www.laguiadepamplona.com\/actualidad\/"},{"@type":"ListItem","position":2,"name":"El parque del tren de Trinitarios abre sus puertas al p\u00fablico este s\u00e1bado, con un circuito en una locomotora de vapor"}]},{"@type":"WebSite","@id":"https:\/\/www.laguiadepamplona.com\/actualidad\/#website","url":"https:\/\/www.laguiadepamplona.com\/actualidad\/","name":"La gu\u00eda de Pamplona","description":"Noticias de Pamplona","publisher":{"@id":"https:\/\/www.laguiadepamplona.com\/actualidad\/#organization"},"potentialAction":[{"@type":"SearchAction","target":{"@type":"EntryPoint","urlTemplate":"https:\/\/www.laguiadepamplona.com\/actualidad\/?s={search_term_string}"},"query-input":{"@type":"PropertyValueSpecification","valueRequired":true,"valueName":"search_term_string"}}],"inLanguage":"es"},{"@type":"Organization","@id":"https:\/\/www.laguiadepamplona.com\/actualidad\/#organization","name":"La Gu\u00eda de Pamplona \/ Noticias","url":"https:\/\/www.laguiadepamplona.com\/actualidad\/","logo":{"@type":"ImageObject","inLanguage":"es","@id":"https:\/\/www.laguiadepamplona.com\/actualidad\/#\/schema\/logo\/image\/","url":"https:\/\/www.laguiadepamplona.com\/actualidad\/wp-content\/uploads\/2018\/11\/logo-laguiadepamplona18-web1.png","contentUrl":"https:\/\/www.laguiadepamplona.com\/actualidad\/wp-content\/uploads\/2018\/11\/logo-laguiadepamplona18-web1.png","width":600,"height":196,"caption":"La Gu\u00eda de Pamplona \/ Noticias"},"image":{"@id":"https:\/\/www.laguiadepamplona.com\/actualidad\/#\/schema\/logo\/image\/"},"sameAs":["https:\/\/www.facebook.com\/laguiadepamplonacom-133175176762273\/?ref=hl","https:\/\/x.com\/LaGuiadPamplona","https:\/\/www.instagram.com\/la_guia_de_pamplona\/","https:\/\/www.youtube.com\/user\/laguiadepamplona"]},{"@type":"Person","@id":"https:\/\/www.laguiadepamplona.com\/actualidad\/#\/schema\/person\/efe887376f0213d4657c93adc50b1fdb","name":"La Gu\u00eda de Pamplona","image":{"@type":"ImageObject","inLanguage":"es","@id":"https:\/\/secure.gravatar.com\/avatar\/b6992f131dc8d30ab0dff15446e9d346d9dbd95992de0fef795073f5ea83a81c?s=96&d=mm&r=g","url":"https:\/\/secure.gravatar.com\/avatar\/b6992f131dc8d30ab0dff15446e9d346d9dbd95992de0fef795073f5ea83a81c?s=96&d=mm&r=g","contentUrl":"https:\/\/secure.gravatar.com\/avatar\/b6992f131dc8d30ab0dff15446e9d346d9dbd95992de0fef795073f5ea83a81c?s=96&d=mm&r=g","caption":"La Gu\u00eda de Pamplona"}}]}},"post_mailing_queue_ids":[],"_links":{"self":[{"href":"https:\/\/www.laguiadepamplona.com\/actualidad\/wp-json\/wp\/v2\/posts\/40907","targetHints":{"allow":["GET"]}}],"collection":[{"href":"https:\/\/www.laguiadepamplona.com\/actualidad\/wp-json\/wp\/v2\/posts"}],"about":[{"href":"https:\/\/www.laguiadepamplona.com\/actualidad\/wp-json\/wp\/v2\/types\/post"}],"author":[{"embeddable":true,"href":"https:\/\/www.laguiadepamplona.com\/actualidad\/wp-json\/wp\/v2\/users\/1"}],"replies":[{"embeddable":true,"href":"https:\/\/www.laguiadepamplona.com\/actualidad\/wp-json\/wp\/v2\/comments?post=40907"}],"version-history":[{"count":0,"href":"https:\/\/www.laguiadepamplona.com\/actualidad\/wp-json\/wp\/v2\/posts\/40907\/revisions"}],"wp:featuredmedia":[{"embeddable":true,"href":"https:\/\/www.laguiadepamplona.com\/actualidad\/wp-json\/wp\/v2\/media\/40908"}],"wp:attachment":[{"href":"https:\/\/www.laguiadepamplona.com\/actualidad\/wp-json\/wp\/v2\/media?parent=40907"}],"wp:term":[{"taxonomy":"category","embeddable":true,"href":"https:\/\/www.laguiadepamplona.com\/actualidad\/wp-json\/wp\/v2\/categories?post=40907"},{"taxonomy":"post_tag","embeddable":true,"href":"https:\/\/www.laguiadepamplona.com\/actualidad\/wp-json\/wp\/v2\/tags?post=40907"}],"curies":[{"name":"wp","href":"https:\/\/api.w.org\/{rel}","templated":true}]}}