{"id":40903,"date":"2022-06-17T18:51:14","date_gmt":"2022-06-17T16:51:14","guid":{"rendered":"https:\/\/www.laguiadepamplona.com\/actualidad\/?p=40903"},"modified":"2023-04-11T11:48:02","modified_gmt":"2023-04-11T09:48:02","slug":"escuela-municipal-de-artes-y-oficios-catalina-de-oscariz-prepara-un-fin-de-curso-de-arte-en-directo-el-proximo-miercoles","status":"publish","type":"post","link":"https:\/\/www.laguiadepamplona.com\/actualidad\/escuela-municipal-de-artes-y-oficios-catalina-de-oscariz-prepara-un-fin-de-curso-de-arte-en-directo-el-proximo-miercoles\/","title":{"rendered":"Escuela Municipal de Artes y Oficios Catalina de Oscariz prepara un fin de curso de arte en directo el pr\u00f3ximo mi\u00e9rcoles"},"content":{"rendered":"<h5>Quienes asistan podr\u00e1n ver en directo, y tambi\u00e9n participar, en talleres de dibujo, estampaci\u00f3n japonesa, marmoleado, Suminagashi o \u2018apunte libre\u2019<\/h5>\n<p><!--more--><\/p>\n<p>Escuela Municipal de Artes y Oficios Catalina de Oscariz abre este mi\u00e9rcoles 22 de junio sus puertas a la ciudan\u00eda para celebrar su fin de curso con talleres de dibujo, estampaci\u00f3n japonesa, marmoleado, Suminagashi y \u2018apunte libre\u2019, entre otros. Adem\u00e1s, dentro de la escuela se exhibir\u00e1 una peque\u00f1a muestra de obras realizadas este curso por el alumnado, tanto de los cursos monogr\u00e1ficos de dibujo y pintura, como de los talleres trimestrales.<\/p>\n<p>La idea es que la ciudadan\u00eda pueda interactuar con los distintos \u00e1mbitos de educaci\u00f3n art\u00edstica que ofrece centro, en una jornada que se desarrollar\u00e1 de 17 a 21 horas. La participaci\u00f3n ser\u00e1 libre. Estas actividades se realizar\u00e1n en el patio de la Escuela, aunque si llueve se podr\u00e1n hacer en la zona cubierta que est\u00e1 en la entrada. Los materiales para ejecutar estas propuestas art\u00edsticas los aportar\u00e1 la escuela, y quienes se animen a probar su creatividad y su habilidad junto a alumnado y profesorado del centro, podr\u00e1n llevarse a casa los originales realizados.<br \/>\n<script async src=\"\/\/pagead2.googlesyndication.com\/pagead\/js\/adsbygoogle.js\"><\/script><br \/>\n<!-- Noticias La Guia de Pamplona --><br \/>\n<ins class=\"adsbygoogle\"\nstyle=\"display:block\"\ndata-ad-client=\"ca-pub-6943679897239327\"\ndata-ad-slot=\"7048180777\"\ndata-ad-format=\"auto\"><\/ins><br \/>\n<script>\n(adsbygoogle = window.adsbygoogle || []).push({});\n<\/script><\/p>\n<p>La Escuela Municipal de Artes y Oficios Catalina de Osc\u00e1riz es un centro de ense\u00f1anzas no regladas dedicado a estudios cl\u00e1sicos de dibujo y pintura a partir de los 16 a\u00f1os. Est\u00e1 situada en el antiguo colegio Jos\u00e9 Vila Marqu\u00e9s. El nombre de la escuela rinde un homenaje a Catalina de Osc\u00e1riz, una pintora pamplonesa del segundo tercio del siglo XVI que formaba parte del reducid\u00edsimo grupo de pintoras renacentistas del que ha quedado constancia, en este caso, por el hallazgo de documentaci\u00f3n sobre un pleito sostenido por la pintora con la viuda de su hermano por la herencia del taller familiar.<\/p>\n<p>Con inscripci\u00f3n habitual en el mes de septiembre, durante el a\u00f1o el centro municipal imparte Cursos Monogr\u00e1ficos de dibujo (2) y Pintura (2) con 350 horas lectivas cada uno y tambi\u00e9n talleres de dibujo y pintura, de car\u00e1cter trimestral que buscan profundizar en cada uno de los aspectos trabajados en los cursos monogr\u00e1ficos: retrato, figura humana, tintas, paisaje rural y urbano, pintura r\u00e1pida, acuarela, etc.). El profesorado de la escuela se compone de una profesora de Dibujo, una profesora de Pintura y un profesor de Talleres.<br \/>\n<script async src=\"\/\/pagead2.googlesyndication.com\/pagead\/js\/adsbygoogle.js\"><\/script><br \/>\n<!-- Noticias La Guia de Pamplona --><br \/>\n<ins class=\"adsbygoogle\"\nstyle=\"display:block\"\ndata-ad-client=\"ca-pub-6943679897239327\"\ndata-ad-slot=\"7048180777\"\ndata-ad-format=\"auto\"><\/ins><br \/>\n<script>\n(adsbygoogle = window.adsbygoogle || []).push({});\n<\/script><\/p>\n<p><strong>Ver y\/o probar t\u00e9cnicas y modalidades art\u00edsticas<\/strong><\/p>\n<p>Hay varias propuestas que se impulsan desde la asignatura de Dibujo. Desde el primer curso se har\u00e1 una sesi\u00f3n de apunte r\u00e1pido de figura humana vestida; ser\u00e1 un buen momento para probar a trazar esbozos del natural con t\u00e9cnica libre, desde l\u00e1pices, hasta tintas, carboncillo, etc. sobre papel para esbozo. En el taller, adem\u00e1s de alumnado, podr\u00e1n participar todos los visitantes que lo deseen.<\/p>\n<p>El segundo curso de esta modalidad art\u00edstica plantea la participaci\u00f3n en un taller de estampaci\u00f3n japonesa, aplicando la t\u00e9cnica del <em>Gyotaku<\/em>, una denominaci\u00f3n que procede de las palabras \u2018gyo\u2019 (pez) y \u2018taku\u2019 (frotar). En esta modalidad art\u00edstica las tintas u otros pigmentos naturales se aplican directamente en hojas u otros objetos relativamente planos con el fin de obtener una imagen con formas y texturas variadas. Ambos lados del pez se recubren con tinta y se coloca dentro de una hoja doblada o entre dos hojas de papel. As\u00ed, cuando se frota con la mano queda plasmada la imagen. La huella original casi siempre hecha con tinta negra puede recibir algunos retoques de color por parte del artista. Otro modo es realizar una serie de impresiones aplicando un color cada vez, lo que da una apariencia m\u00e1s realista.<br \/>\n<script async src=\"\/\/pagead2.googlesyndication.com\/pagead\/js\/adsbygoogle.js\"><\/script><br \/>\n<!-- Noticias La Guia de Pamplona --><br \/>\n<ins class=\"adsbygoogle\"\nstyle=\"display:block\"\ndata-ad-client=\"ca-pub-6943679897239327\"\ndata-ad-slot=\"7048180777\"\ndata-ad-format=\"auto\"><\/ins><br \/>\n<script>\n(adsbygoogle = window.adsbygoogle || []).push({});\n<\/script><\/p>\n<p>La asignatura de Pintura propone realizar una aproximaci\u00f3n a la t\u00e9cnica de marmoleado y <em>Suminagashi.<\/em> Ser\u00e1 una forma de acercarse a unas t\u00e9cnicas de estampaci\u00f3n en las que \u00abse pinta sobre el agua\u00bb, logrando una serie de formas abstractas que se transfieren a un papel absorbente. Al finalizar, cada participante se podr\u00e1 llevar su peque\u00f1a pr\u00e1ctica de estampaci\u00f3n.<\/p>\n<p>Pero adem\u00e1s de los cursos monogr\u00e1ficos, la escuela oferta talleres trimestrales de diversos contenidos. Desde la direcci\u00f3n de esta \u00e1rea docente la propuesta es realizar apuntes r\u00e1pidos del entorno arquitect\u00f3nico, ejercicios de perspectiva c\u00f3nica, a modo de Urban Sketchers, con t\u00e9cnica libre, grafito, carboncillo, etc. El alumnado de dibujo realizar\u00e1 esta misma actividad la realizar\u00e1n los alumnos del taller de pintura empleando la t\u00e9cnica <em>Alla prima<\/em> con \u00f3leo, trabajos r\u00e1pidos centrados en la reproducci\u00f3n de elementos con caracter\u00edsticas pict\u00f3ricas del entorno.<\/p>\n","protected":false},"excerpt":{"rendered":"<p>Quienes asistan podr\u00e1n ver en directo, y tambi\u00e9n participar, en talleres de dibujo, estampaci\u00f3n japonesa, marmoleado, Suminagashi o \u2018apunte libre\u2019<\/p>\n","protected":false},"author":1,"featured_media":33450,"comment_status":"open","ping_status":"closed","sticky":false,"template":"","format":"standard","meta":{"footnotes":""},"categories":[2],"tags":[],"class_list":["post-40903","post","type-post","status-publish","format-standard","has-post-thumbnail","hentry","category-ayuntamiento-pamplona"],"yoast_head":"<!-- This site is optimized with the Yoast SEO plugin v27.3 - https:\/\/yoast.com\/product\/yoast-seo-wordpress\/ -->\n<title>Escuela Municipal de Artes y Oficios Catalina de Oscariz prepara un fin de curso de arte en directo el pr\u00f3ximo mi\u00e9rcoles<\/title>\n<meta name=\"robots\" content=\"index, follow, max-snippet:-1, max-image-preview:large, max-video-preview:-1\" \/>\n<link rel=\"canonical\" href=\"https:\/\/www.laguiadepamplona.com\/actualidad\/escuela-municipal-de-artes-y-oficios-catalina-de-oscariz-prepara-un-fin-de-curso-de-arte-en-directo-el-proximo-miercoles\/\" \/>\n<meta property=\"og:locale\" content=\"es_ES\" \/>\n<meta property=\"og:type\" content=\"article\" \/>\n<meta property=\"og:title\" content=\"Escuela Municipal de Artes y Oficios Catalina de Oscariz prepara un fin de curso de arte en directo el pr\u00f3ximo mi\u00e9rcoles\" \/>\n<meta property=\"og:description\" content=\"Quienes asistan podr\u00e1n ver en directo, y tambi\u00e9n participar, en talleres de dibujo, estampaci\u00f3n japonesa, marmoleado, Suminagashi o \u2018apunte libre\u2019\" \/>\n<meta property=\"og:url\" content=\"https:\/\/www.laguiadepamplona.com\/actualidad\/escuela-municipal-de-artes-y-oficios-catalina-de-oscariz-prepara-un-fin-de-curso-de-arte-en-directo-el-proximo-miercoles\/\" \/>\n<meta property=\"og:site_name\" content=\"La Gu\u00eda de Pamplona\" \/>\n<meta property=\"article:publisher\" content=\"https:\/\/www.facebook.com\/laguiadepamplonacom-133175176762273\/?ref=hl\" \/>\n<meta property=\"article:published_time\" content=\"2022-06-17T16:51:14+00:00\" \/>\n<meta property=\"article:modified_time\" content=\"2023-04-11T09:48:02+00:00\" \/>\n<meta property=\"og:image\" content=\"https:\/\/www.laguiadepamplona.com\/actualidad\/wp-content\/uploads\/2021\/03\/Escuela_Municipal_Artes_Oficios_Catalina_Oscariz.jpg\" \/>\n\t<meta property=\"og:image:width\" content=\"1920\" \/>\n\t<meta property=\"og:image:height\" content=\"1242\" \/>\n\t<meta property=\"og:image:type\" content=\"image\/jpeg\" \/>\n<meta name=\"author\" content=\"La Gu\u00eda de Pamplona\" \/>\n<meta name=\"twitter:card\" content=\"summary_large_image\" \/>\n<meta name=\"twitter:creator\" content=\"@LaGuiadPamplona\" \/>\n<meta name=\"twitter:site\" content=\"@LaGuiadPamplona\" \/>\n<meta name=\"twitter:label1\" content=\"Escrito por\" \/>\n\t<meta name=\"twitter:data1\" content=\"La Gu\u00eda de Pamplona\" \/>\n\t<meta name=\"twitter:label2\" content=\"Tiempo de lectura\" \/>\n\t<meta name=\"twitter:data2\" content=\"4 minutos\" \/>\n<script type=\"application\/ld+json\" class=\"yoast-schema-graph\">{\"@context\":\"https:\\\/\\\/schema.org\",\"@graph\":[{\"@type\":\"Article\",\"@id\":\"https:\\\/\\\/www.laguiadepamplona.com\\\/actualidad\\\/escuela-municipal-de-artes-y-oficios-catalina-de-oscariz-prepara-un-fin-de-curso-de-arte-en-directo-el-proximo-miercoles\\\/#article\",\"isPartOf\":{\"@id\":\"https:\\\/\\\/www.laguiadepamplona.com\\\/actualidad\\\/escuela-municipal-de-artes-y-oficios-catalina-de-oscariz-prepara-un-fin-de-curso-de-arte-en-directo-el-proximo-miercoles\\\/\"},\"author\":{\"name\":\"La Gu\u00eda de Pamplona\",\"@id\":\"https:\\\/\\\/www.laguiadepamplona.com\\\/actualidad\\\/#\\\/schema\\\/person\\\/efe887376f0213d4657c93adc50b1fdb\"},\"headline\":\"Escuela Municipal de Artes y Oficios Catalina de Oscariz prepara un fin de curso de arte en directo el pr\u00f3ximo mi\u00e9rcoles\",\"datePublished\":\"2022-06-17T16:51:14+00:00\",\"dateModified\":\"2023-04-11T09:48:02+00:00\",\"mainEntityOfPage\":{\"@id\":\"https:\\\/\\\/www.laguiadepamplona.com\\\/actualidad\\\/escuela-municipal-de-artes-y-oficios-catalina-de-oscariz-prepara-un-fin-de-curso-de-arte-en-directo-el-proximo-miercoles\\\/\"},\"wordCount\":804,\"commentCount\":0,\"publisher\":{\"@id\":\"https:\\\/\\\/www.laguiadepamplona.com\\\/actualidad\\\/#organization\"},\"image\":{\"@id\":\"https:\\\/\\\/www.laguiadepamplona.com\\\/actualidad\\\/escuela-municipal-de-artes-y-oficios-catalina-de-oscariz-prepara-un-fin-de-curso-de-arte-en-directo-el-proximo-miercoles\\\/#primaryimage\"},\"thumbnailUrl\":\"https:\\\/\\\/www.laguiadepamplona.com\\\/actualidad\\\/wp-content\\\/uploads\\\/2021\\\/03\\\/Escuela_Municipal_Artes_Oficios_Catalina_Oscariz.jpg\",\"articleSection\":[\"Ayto Pamplona\"],\"inLanguage\":\"es\",\"potentialAction\":[{\"@type\":\"CommentAction\",\"name\":\"Comment\",\"target\":[\"https:\\\/\\\/www.laguiadepamplona.com\\\/actualidad\\\/escuela-municipal-de-artes-y-oficios-catalina-de-oscariz-prepara-un-fin-de-curso-de-arte-en-directo-el-proximo-miercoles\\\/#respond\"]}]},{\"@type\":\"WebPage\",\"@id\":\"https:\\\/\\\/www.laguiadepamplona.com\\\/actualidad\\\/escuela-municipal-de-artes-y-oficios-catalina-de-oscariz-prepara-un-fin-de-curso-de-arte-en-directo-el-proximo-miercoles\\\/\",\"url\":\"https:\\\/\\\/www.laguiadepamplona.com\\\/actualidad\\\/escuela-municipal-de-artes-y-oficios-catalina-de-oscariz-prepara-un-fin-de-curso-de-arte-en-directo-el-proximo-miercoles\\\/\",\"name\":\"Escuela Municipal de Artes y Oficios Catalina de Oscariz prepara un fin de curso de arte en directo el pr\u00f3ximo mi\u00e9rcoles\",\"isPartOf\":{\"@id\":\"https:\\\/\\\/www.laguiadepamplona.com\\\/actualidad\\\/#website\"},\"primaryImageOfPage\":{\"@id\":\"https:\\\/\\\/www.laguiadepamplona.com\\\/actualidad\\\/escuela-municipal-de-artes-y-oficios-catalina-de-oscariz-prepara-un-fin-de-curso-de-arte-en-directo-el-proximo-miercoles\\\/#primaryimage\"},\"image\":{\"@id\":\"https:\\\/\\\/www.laguiadepamplona.com\\\/actualidad\\\/escuela-municipal-de-artes-y-oficios-catalina-de-oscariz-prepara-un-fin-de-curso-de-arte-en-directo-el-proximo-miercoles\\\/#primaryimage\"},\"thumbnailUrl\":\"https:\\\/\\\/www.laguiadepamplona.com\\\/actualidad\\\/wp-content\\\/uploads\\\/2021\\\/03\\\/Escuela_Municipal_Artes_Oficios_Catalina_Oscariz.jpg\",\"datePublished\":\"2022-06-17T16:51:14+00:00\",\"dateModified\":\"2023-04-11T09:48:02+00:00\",\"breadcrumb\":{\"@id\":\"https:\\\/\\\/www.laguiadepamplona.com\\\/actualidad\\\/escuela-municipal-de-artes-y-oficios-catalina-de-oscariz-prepara-un-fin-de-curso-de-arte-en-directo-el-proximo-miercoles\\\/#breadcrumb\"},\"inLanguage\":\"es\",\"potentialAction\":[{\"@type\":\"ReadAction\",\"target\":[\"https:\\\/\\\/www.laguiadepamplona.com\\\/actualidad\\\/escuela-municipal-de-artes-y-oficios-catalina-de-oscariz-prepara-un-fin-de-curso-de-arte-en-directo-el-proximo-miercoles\\\/\"]}]},{\"@type\":\"ImageObject\",\"inLanguage\":\"es\",\"@id\":\"https:\\\/\\\/www.laguiadepamplona.com\\\/actualidad\\\/escuela-municipal-de-artes-y-oficios-catalina-de-oscariz-prepara-un-fin-de-curso-de-arte-en-directo-el-proximo-miercoles\\\/#primaryimage\",\"url\":\"https:\\\/\\\/www.laguiadepamplona.com\\\/actualidad\\\/wp-content\\\/uploads\\\/2021\\\/03\\\/Escuela_Municipal_Artes_Oficios_Catalina_Oscariz.jpg\",\"contentUrl\":\"https:\\\/\\\/www.laguiadepamplona.com\\\/actualidad\\\/wp-content\\\/uploads\\\/2021\\\/03\\\/Escuela_Municipal_Artes_Oficios_Catalina_Oscariz.jpg\",\"width\":1920,\"height\":1242},{\"@type\":\"BreadcrumbList\",\"@id\":\"https:\\\/\\\/www.laguiadepamplona.com\\\/actualidad\\\/escuela-municipal-de-artes-y-oficios-catalina-de-oscariz-prepara-un-fin-de-curso-de-arte-en-directo-el-proximo-miercoles\\\/#breadcrumb\",\"itemListElement\":[{\"@type\":\"ListItem\",\"position\":1,\"name\":\"Portada\",\"item\":\"https:\\\/\\\/www.laguiadepamplona.com\\\/actualidad\\\/\"},{\"@type\":\"ListItem\",\"position\":2,\"name\":\"Escuela Municipal de Artes y Oficios Catalina de Oscariz prepara un fin de curso de arte en directo el pr\u00f3ximo mi\u00e9rcoles\"}]},{\"@type\":\"WebSite\",\"@id\":\"https:\\\/\\\/www.laguiadepamplona.com\\\/actualidad\\\/#website\",\"url\":\"https:\\\/\\\/www.laguiadepamplona.com\\\/actualidad\\\/\",\"name\":\"La gu\u00eda de Pamplona\",\"description\":\"Noticias de Pamplona\",\"publisher\":{\"@id\":\"https:\\\/\\\/www.laguiadepamplona.com\\\/actualidad\\\/#organization\"},\"potentialAction\":[{\"@type\":\"SearchAction\",\"target\":{\"@type\":\"EntryPoint\",\"urlTemplate\":\"https:\\\/\\\/www.laguiadepamplona.com\\\/actualidad\\\/?s={search_term_string}\"},\"query-input\":{\"@type\":\"PropertyValueSpecification\",\"valueRequired\":true,\"valueName\":\"search_term_string\"}}],\"inLanguage\":\"es\"},{\"@type\":\"Organization\",\"@id\":\"https:\\\/\\\/www.laguiadepamplona.com\\\/actualidad\\\/#organization\",\"name\":\"La Gu\u00eda de Pamplona \\\/ Noticias\",\"url\":\"https:\\\/\\\/www.laguiadepamplona.com\\\/actualidad\\\/\",\"logo\":{\"@type\":\"ImageObject\",\"inLanguage\":\"es\",\"@id\":\"https:\\\/\\\/www.laguiadepamplona.com\\\/actualidad\\\/#\\\/schema\\\/logo\\\/image\\\/\",\"url\":\"https:\\\/\\\/www.laguiadepamplona.com\\\/actualidad\\\/wp-content\\\/uploads\\\/2018\\\/11\\\/logo-laguiadepamplona18-web1.png\",\"contentUrl\":\"https:\\\/\\\/www.laguiadepamplona.com\\\/actualidad\\\/wp-content\\\/uploads\\\/2018\\\/11\\\/logo-laguiadepamplona18-web1.png\",\"width\":600,\"height\":196,\"caption\":\"La Gu\u00eda de Pamplona \\\/ Noticias\"},\"image\":{\"@id\":\"https:\\\/\\\/www.laguiadepamplona.com\\\/actualidad\\\/#\\\/schema\\\/logo\\\/image\\\/\"},\"sameAs\":[\"https:\\\/\\\/www.facebook.com\\\/laguiadepamplonacom-133175176762273\\\/?ref=hl\",\"https:\\\/\\\/x.com\\\/LaGuiadPamplona\",\"https:\\\/\\\/www.instagram.com\\\/la_guia_de_pamplona\\\/\",\"https:\\\/\\\/www.youtube.com\\\/user\\\/laguiadepamplona\"]},{\"@type\":\"Person\",\"@id\":\"https:\\\/\\\/www.laguiadepamplona.com\\\/actualidad\\\/#\\\/schema\\\/person\\\/efe887376f0213d4657c93adc50b1fdb\",\"name\":\"La Gu\u00eda de Pamplona\",\"image\":{\"@type\":\"ImageObject\",\"inLanguage\":\"es\",\"@id\":\"https:\\\/\\\/secure.gravatar.com\\\/avatar\\\/b6992f131dc8d30ab0dff15446e9d346d9dbd95992de0fef795073f5ea83a81c?s=96&d=mm&r=g\",\"url\":\"https:\\\/\\\/secure.gravatar.com\\\/avatar\\\/b6992f131dc8d30ab0dff15446e9d346d9dbd95992de0fef795073f5ea83a81c?s=96&d=mm&r=g\",\"contentUrl\":\"https:\\\/\\\/secure.gravatar.com\\\/avatar\\\/b6992f131dc8d30ab0dff15446e9d346d9dbd95992de0fef795073f5ea83a81c?s=96&d=mm&r=g\",\"caption\":\"La Gu\u00eda de Pamplona\"}}]}<\/script>\n<!-- \/ Yoast SEO plugin. -->","yoast_head_json":{"title":"Escuela Municipal de Artes y Oficios Catalina de Oscariz prepara un fin de curso de arte en directo el pr\u00f3ximo mi\u00e9rcoles","robots":{"index":"index","follow":"follow","max-snippet":"max-snippet:-1","max-image-preview":"max-image-preview:large","max-video-preview":"max-video-preview:-1"},"canonical":"https:\/\/www.laguiadepamplona.com\/actualidad\/escuela-municipal-de-artes-y-oficios-catalina-de-oscariz-prepara-un-fin-de-curso-de-arte-en-directo-el-proximo-miercoles\/","og_locale":"es_ES","og_type":"article","og_title":"Escuela Municipal de Artes y Oficios Catalina de Oscariz prepara un fin de curso de arte en directo el pr\u00f3ximo mi\u00e9rcoles","og_description":"Quienes asistan podr\u00e1n ver en directo, y tambi\u00e9n participar, en talleres de dibujo, estampaci\u00f3n japonesa, marmoleado, Suminagashi o \u2018apunte libre\u2019","og_url":"https:\/\/www.laguiadepamplona.com\/actualidad\/escuela-municipal-de-artes-y-oficios-catalina-de-oscariz-prepara-un-fin-de-curso-de-arte-en-directo-el-proximo-miercoles\/","og_site_name":"La Gu\u00eda de Pamplona","article_publisher":"https:\/\/www.facebook.com\/laguiadepamplonacom-133175176762273\/?ref=hl","article_published_time":"2022-06-17T16:51:14+00:00","article_modified_time":"2023-04-11T09:48:02+00:00","og_image":[{"width":1920,"height":1242,"url":"https:\/\/www.laguiadepamplona.com\/actualidad\/wp-content\/uploads\/2021\/03\/Escuela_Municipal_Artes_Oficios_Catalina_Oscariz.jpg","type":"image\/jpeg"}],"author":"La Gu\u00eda de Pamplona","twitter_card":"summary_large_image","twitter_creator":"@LaGuiadPamplona","twitter_site":"@LaGuiadPamplona","twitter_misc":{"Escrito por":"La Gu\u00eda de Pamplona","Tiempo de lectura":"4 minutos"},"schema":{"@context":"https:\/\/schema.org","@graph":[{"@type":"Article","@id":"https:\/\/www.laguiadepamplona.com\/actualidad\/escuela-municipal-de-artes-y-oficios-catalina-de-oscariz-prepara-un-fin-de-curso-de-arte-en-directo-el-proximo-miercoles\/#article","isPartOf":{"@id":"https:\/\/www.laguiadepamplona.com\/actualidad\/escuela-municipal-de-artes-y-oficios-catalina-de-oscariz-prepara-un-fin-de-curso-de-arte-en-directo-el-proximo-miercoles\/"},"author":{"name":"La Gu\u00eda de Pamplona","@id":"https:\/\/www.laguiadepamplona.com\/actualidad\/#\/schema\/person\/efe887376f0213d4657c93adc50b1fdb"},"headline":"Escuela Municipal de Artes y Oficios Catalina de Oscariz prepara un fin de curso de arte en directo el pr\u00f3ximo mi\u00e9rcoles","datePublished":"2022-06-17T16:51:14+00:00","dateModified":"2023-04-11T09:48:02+00:00","mainEntityOfPage":{"@id":"https:\/\/www.laguiadepamplona.com\/actualidad\/escuela-municipal-de-artes-y-oficios-catalina-de-oscariz-prepara-un-fin-de-curso-de-arte-en-directo-el-proximo-miercoles\/"},"wordCount":804,"commentCount":0,"publisher":{"@id":"https:\/\/www.laguiadepamplona.com\/actualidad\/#organization"},"image":{"@id":"https:\/\/www.laguiadepamplona.com\/actualidad\/escuela-municipal-de-artes-y-oficios-catalina-de-oscariz-prepara-un-fin-de-curso-de-arte-en-directo-el-proximo-miercoles\/#primaryimage"},"thumbnailUrl":"https:\/\/www.laguiadepamplona.com\/actualidad\/wp-content\/uploads\/2021\/03\/Escuela_Municipal_Artes_Oficios_Catalina_Oscariz.jpg","articleSection":["Ayto Pamplona"],"inLanguage":"es","potentialAction":[{"@type":"CommentAction","name":"Comment","target":["https:\/\/www.laguiadepamplona.com\/actualidad\/escuela-municipal-de-artes-y-oficios-catalina-de-oscariz-prepara-un-fin-de-curso-de-arte-en-directo-el-proximo-miercoles\/#respond"]}]},{"@type":"WebPage","@id":"https:\/\/www.laguiadepamplona.com\/actualidad\/escuela-municipal-de-artes-y-oficios-catalina-de-oscariz-prepara-un-fin-de-curso-de-arte-en-directo-el-proximo-miercoles\/","url":"https:\/\/www.laguiadepamplona.com\/actualidad\/escuela-municipal-de-artes-y-oficios-catalina-de-oscariz-prepara-un-fin-de-curso-de-arte-en-directo-el-proximo-miercoles\/","name":"Escuela Municipal de Artes y Oficios Catalina de Oscariz prepara un fin de curso de arte en directo el pr\u00f3ximo mi\u00e9rcoles","isPartOf":{"@id":"https:\/\/www.laguiadepamplona.com\/actualidad\/#website"},"primaryImageOfPage":{"@id":"https:\/\/www.laguiadepamplona.com\/actualidad\/escuela-municipal-de-artes-y-oficios-catalina-de-oscariz-prepara-un-fin-de-curso-de-arte-en-directo-el-proximo-miercoles\/#primaryimage"},"image":{"@id":"https:\/\/www.laguiadepamplona.com\/actualidad\/escuela-municipal-de-artes-y-oficios-catalina-de-oscariz-prepara-un-fin-de-curso-de-arte-en-directo-el-proximo-miercoles\/#primaryimage"},"thumbnailUrl":"https:\/\/www.laguiadepamplona.com\/actualidad\/wp-content\/uploads\/2021\/03\/Escuela_Municipal_Artes_Oficios_Catalina_Oscariz.jpg","datePublished":"2022-06-17T16:51:14+00:00","dateModified":"2023-04-11T09:48:02+00:00","breadcrumb":{"@id":"https:\/\/www.laguiadepamplona.com\/actualidad\/escuela-municipal-de-artes-y-oficios-catalina-de-oscariz-prepara-un-fin-de-curso-de-arte-en-directo-el-proximo-miercoles\/#breadcrumb"},"inLanguage":"es","potentialAction":[{"@type":"ReadAction","target":["https:\/\/www.laguiadepamplona.com\/actualidad\/escuela-municipal-de-artes-y-oficios-catalina-de-oscariz-prepara-un-fin-de-curso-de-arte-en-directo-el-proximo-miercoles\/"]}]},{"@type":"ImageObject","inLanguage":"es","@id":"https:\/\/www.laguiadepamplona.com\/actualidad\/escuela-municipal-de-artes-y-oficios-catalina-de-oscariz-prepara-un-fin-de-curso-de-arte-en-directo-el-proximo-miercoles\/#primaryimage","url":"https:\/\/www.laguiadepamplona.com\/actualidad\/wp-content\/uploads\/2021\/03\/Escuela_Municipal_Artes_Oficios_Catalina_Oscariz.jpg","contentUrl":"https:\/\/www.laguiadepamplona.com\/actualidad\/wp-content\/uploads\/2021\/03\/Escuela_Municipal_Artes_Oficios_Catalina_Oscariz.jpg","width":1920,"height":1242},{"@type":"BreadcrumbList","@id":"https:\/\/www.laguiadepamplona.com\/actualidad\/escuela-municipal-de-artes-y-oficios-catalina-de-oscariz-prepara-un-fin-de-curso-de-arte-en-directo-el-proximo-miercoles\/#breadcrumb","itemListElement":[{"@type":"ListItem","position":1,"name":"Portada","item":"https:\/\/www.laguiadepamplona.com\/actualidad\/"},{"@type":"ListItem","position":2,"name":"Escuela Municipal de Artes y Oficios Catalina de Oscariz prepara un fin de curso de arte en directo el pr\u00f3ximo mi\u00e9rcoles"}]},{"@type":"WebSite","@id":"https:\/\/www.laguiadepamplona.com\/actualidad\/#website","url":"https:\/\/www.laguiadepamplona.com\/actualidad\/","name":"La gu\u00eda de Pamplona","description":"Noticias de Pamplona","publisher":{"@id":"https:\/\/www.laguiadepamplona.com\/actualidad\/#organization"},"potentialAction":[{"@type":"SearchAction","target":{"@type":"EntryPoint","urlTemplate":"https:\/\/www.laguiadepamplona.com\/actualidad\/?s={search_term_string}"},"query-input":{"@type":"PropertyValueSpecification","valueRequired":true,"valueName":"search_term_string"}}],"inLanguage":"es"},{"@type":"Organization","@id":"https:\/\/www.laguiadepamplona.com\/actualidad\/#organization","name":"La Gu\u00eda de Pamplona \/ Noticias","url":"https:\/\/www.laguiadepamplona.com\/actualidad\/","logo":{"@type":"ImageObject","inLanguage":"es","@id":"https:\/\/www.laguiadepamplona.com\/actualidad\/#\/schema\/logo\/image\/","url":"https:\/\/www.laguiadepamplona.com\/actualidad\/wp-content\/uploads\/2018\/11\/logo-laguiadepamplona18-web1.png","contentUrl":"https:\/\/www.laguiadepamplona.com\/actualidad\/wp-content\/uploads\/2018\/11\/logo-laguiadepamplona18-web1.png","width":600,"height":196,"caption":"La Gu\u00eda de Pamplona \/ Noticias"},"image":{"@id":"https:\/\/www.laguiadepamplona.com\/actualidad\/#\/schema\/logo\/image\/"},"sameAs":["https:\/\/www.facebook.com\/laguiadepamplonacom-133175176762273\/?ref=hl","https:\/\/x.com\/LaGuiadPamplona","https:\/\/www.instagram.com\/la_guia_de_pamplona\/","https:\/\/www.youtube.com\/user\/laguiadepamplona"]},{"@type":"Person","@id":"https:\/\/www.laguiadepamplona.com\/actualidad\/#\/schema\/person\/efe887376f0213d4657c93adc50b1fdb","name":"La Gu\u00eda de Pamplona","image":{"@type":"ImageObject","inLanguage":"es","@id":"https:\/\/secure.gravatar.com\/avatar\/b6992f131dc8d30ab0dff15446e9d346d9dbd95992de0fef795073f5ea83a81c?s=96&d=mm&r=g","url":"https:\/\/secure.gravatar.com\/avatar\/b6992f131dc8d30ab0dff15446e9d346d9dbd95992de0fef795073f5ea83a81c?s=96&d=mm&r=g","contentUrl":"https:\/\/secure.gravatar.com\/avatar\/b6992f131dc8d30ab0dff15446e9d346d9dbd95992de0fef795073f5ea83a81c?s=96&d=mm&r=g","caption":"La Gu\u00eda de Pamplona"}}]}},"post_mailing_queue_ids":[],"_links":{"self":[{"href":"https:\/\/www.laguiadepamplona.com\/actualidad\/wp-json\/wp\/v2\/posts\/40903","targetHints":{"allow":["GET"]}}],"collection":[{"href":"https:\/\/www.laguiadepamplona.com\/actualidad\/wp-json\/wp\/v2\/posts"}],"about":[{"href":"https:\/\/www.laguiadepamplona.com\/actualidad\/wp-json\/wp\/v2\/types\/post"}],"author":[{"embeddable":true,"href":"https:\/\/www.laguiadepamplona.com\/actualidad\/wp-json\/wp\/v2\/users\/1"}],"replies":[{"embeddable":true,"href":"https:\/\/www.laguiadepamplona.com\/actualidad\/wp-json\/wp\/v2\/comments?post=40903"}],"version-history":[{"count":0,"href":"https:\/\/www.laguiadepamplona.com\/actualidad\/wp-json\/wp\/v2\/posts\/40903\/revisions"}],"wp:featuredmedia":[{"embeddable":true,"href":"https:\/\/www.laguiadepamplona.com\/actualidad\/wp-json\/wp\/v2\/media\/33450"}],"wp:attachment":[{"href":"https:\/\/www.laguiadepamplona.com\/actualidad\/wp-json\/wp\/v2\/media?parent=40903"}],"wp:term":[{"taxonomy":"category","embeddable":true,"href":"https:\/\/www.laguiadepamplona.com\/actualidad\/wp-json\/wp\/v2\/categories?post=40903"},{"taxonomy":"post_tag","embeddable":true,"href":"https:\/\/www.laguiadepamplona.com\/actualidad\/wp-json\/wp\/v2\/tags?post=40903"}],"curies":[{"name":"wp","href":"https:\/\/api.w.org\/{rel}","templated":true}]}}