{"id":40899,"date":"2022-06-17T18:28:23","date_gmt":"2022-06-17T16:28:23","guid":{"rendered":"https:\/\/www.laguiadepamplona.com\/actualidad\/?p=40899"},"modified":"2023-04-11T11:48:02","modified_gmt":"2023-04-11T09:48:02","slug":"el-ayuntamiento-cierra-el-llamamiento-extraordinario-de-naranjitos-al-cubrir-las-necesidades-en-menos-de-24-horas","status":"publish","type":"post","link":"https:\/\/www.laguiadepamplona.com\/actualidad\/el-ayuntamiento-cierra-el-llamamiento-extraordinario-de-naranjitos-al-cubrir-las-necesidades-en-menos-de-24-horas\/","title":{"rendered":"El Ayuntamiento cierra el llamamiento extraordinario de \u2018naranjitos\u2019 al cubrir las necesidades en menos de 24 horas"},"content":{"rendered":"<h5>M\u00e1s de 400 personas se han inscrito para realizar labores de orientaci\u00f3n e informaci\u00f3n durante las fiestas de San Ferm\u00edn<\/h5>\n<p><!--more--><\/p>\n<p>El Ayuntamiento de Pamplona ha cubierto ya las necesidades de personal para cubrir las vacantes de auxiliar de Protecci\u00f3n Civil durante los pr\u00f3ximos Sanfermines, por lo que ha dado por cerrado el llamamiento extraordinario que lanz\u00f3 ayer. En menos de 24 horas se han inscrito m\u00e1s de 400 personas, cifra que supera con creces las necesidades previstas. El Ayuntamiento ha querido agradecer la respuesta ciudadana para afrontar estas labores de atenci\u00f3n tanto a locales como extranjeros.<br \/>\n<script async src=\"\/\/pagead2.googlesyndication.com\/pagead\/js\/adsbygoogle.js\"><\/script><br \/>\n<!-- Noticias La Guia de Pamplona --><br \/>\n<ins class=\"adsbygoogle\"\nstyle=\"display:block\"\ndata-ad-client=\"ca-pub-6943679897239327\"\ndata-ad-slot=\"7048180777\"\ndata-ad-format=\"auto\"><\/ins><br \/>\n<script>\n(adsbygoogle = window.adsbygoogle || []).push({});\n<\/script><\/p>\n<p>En el d\u00eda de ayer, el Consistorio habilit\u00f3 un llamamiento extraordinario para contratar auxiliares de Protecci\u00f3n Civil, popularmente llamados \u2018naranjitos\u2019. En los d\u00edas de San Ferm\u00edn, Pamplona contrata a unas 200 personas para estas tareas a trav\u00e9s de procedimientos selectivos. Tras la cancelaci\u00f3n de las fiestas de los \u00faltimos dos a\u00f1os, el Ayuntamiento realiz\u00f3 unas pruebas selectivas en septiembre, con las personas inscritas en la convocatoria de 2020 que hubo que aplazar y con las apuntadas en 2021, tras abrir un nuevo procedimiento. La lista definitiva de aprobados se public\u00f3 en marzo. Sin embargo, al hacer ahora los llamamientos, muchas de estas personas ya no estaban disponibles. De ah\u00ed, el llamamiento urgente. A diferencia de otras ocasiones, en esta ocasi\u00f3n no ser\u00e1 necesarios superar ninguna prueba. La selecci\u00f3n se realiza por orden de inscripci\u00f3n.<\/p>\n<p>En un primer momento, se preve\u00eda mantener la inscripci\u00f3n a trav\u00e9s de la web municipal <a href=\"http:\/\/www.pamplona.es\" target=\"_blank\" rel=\"noopener\">www.pamplona.es<\/a> hasta el domingo a las 23.59 horas. Sin embargo, ante la gran respuesta, el Ayuntamiento ha decidido cerrarla ya.<br \/>\n<script async src=\"\/\/pagead2.googlesyndication.com\/pagead\/js\/adsbygoogle.js\"><\/script><br \/>\n<!-- Noticias La Guia de Pamplona --><br \/>\n<ins class=\"adsbygoogle\"\nstyle=\"display:block\"\ndata-ad-client=\"ca-pub-6943679897239327\"\ndata-ad-slot=\"7048180777\"\ndata-ad-format=\"auto\"><\/ins><br \/>\n<script>\n(adsbygoogle = window.adsbygoogle || []).push({});\n<\/script><\/p>\n<p>Las personas inscritas ser\u00e1n contactadas v\u00eda email o sms para convocarlas a una reuni\u00f3n para la elecci\u00f3n de plazas, que se realizar\u00e1 por orden de inscripci\u00f3n. Las personas seleccionadas suscribir\u00e1n un contrato laboral del 5 al 15 de julio.<\/p>\n","protected":false},"excerpt":{"rendered":"<p>M\u00e1s de 400 personas se han inscrito para realizar labores de orientaci\u00f3n e informaci\u00f3n durante las fiestas de San Ferm\u00edn<\/p>\n","protected":false},"author":1,"featured_media":40894,"comment_status":"open","ping_status":"closed","sticky":false,"template":"","format":"standard","meta":{"footnotes":""},"categories":[2,9406],"tags":[],"class_list":["post-40899","post","type-post","status-publish","format-standard","has-post-thumbnail","hentry","category-ayuntamiento-pamplona","category-san-fermin"],"yoast_head":"<!-- This site is optimized with the Yoast SEO plugin v27.3 - https:\/\/yoast.com\/product\/yoast-seo-wordpress\/ -->\n<title>El Ayuntamiento cierra el llamamiento extraordinario de \u2018naranjitos\u2019 al cubrir las necesidades en menos de 24 horas<\/title>\n<meta name=\"description\" content=\"M\u00e1s de 400 personas se han inscrito para realizar labores de orientaci\u00f3n e informaci\u00f3n durante las fiestas de San Ferm\u00edn\" \/>\n<meta name=\"robots\" content=\"index, follow, max-snippet:-1, max-image-preview:large, max-video-preview:-1\" \/>\n<link rel=\"canonical\" href=\"https:\/\/www.laguiadepamplona.com\/actualidad\/el-ayuntamiento-cierra-el-llamamiento-extraordinario-de-naranjitos-al-cubrir-las-necesidades-en-menos-de-24-horas\/\" \/>\n<meta property=\"og:locale\" content=\"es_ES\" \/>\n<meta property=\"og:type\" content=\"article\" \/>\n<meta property=\"og:title\" content=\"El Ayuntamiento cierra el llamamiento extraordinario de \u2018naranjitos\u2019 al cubrir las necesidades en menos de 24 horas\" \/>\n<meta property=\"og:description\" content=\"M\u00e1s de 400 personas se han inscrito para realizar labores de orientaci\u00f3n e informaci\u00f3n durante las fiestas de San Ferm\u00edn\" \/>\n<meta property=\"og:url\" content=\"https:\/\/www.laguiadepamplona.com\/actualidad\/el-ayuntamiento-cierra-el-llamamiento-extraordinario-de-naranjitos-al-cubrir-las-necesidades-en-menos-de-24-horas\/\" \/>\n<meta property=\"og:site_name\" content=\"La Gu\u00eda de Pamplona\" \/>\n<meta property=\"article:publisher\" content=\"https:\/\/www.facebook.com\/laguiadepamplonacom-133175176762273\/?ref=hl\" \/>\n<meta property=\"article:published_time\" content=\"2022-06-17T16:28:23+00:00\" \/>\n<meta property=\"article:modified_time\" content=\"2023-04-11T09:48:02+00:00\" \/>\n<meta property=\"og:image\" content=\"https:\/\/www.laguiadepamplona.com\/actualidad\/wp-content\/uploads\/2022\/06\/naranjitos.webp\" \/>\n\t<meta property=\"og:image:width\" content=\"1920\" \/>\n\t<meta property=\"og:image:height\" content=\"1440\" \/>\n\t<meta property=\"og:image:type\" content=\"image\/webp\" \/>\n<meta name=\"author\" content=\"La Gu\u00eda de Pamplona\" \/>\n<meta name=\"twitter:card\" content=\"summary_large_image\" \/>\n<meta name=\"twitter:creator\" content=\"@LaGuiadPamplona\" \/>\n<meta name=\"twitter:site\" content=\"@LaGuiadPamplona\" \/>\n<meta name=\"twitter:label1\" content=\"Escrito por\" \/>\n\t<meta name=\"twitter:data1\" content=\"La Gu\u00eda de Pamplona\" \/>\n\t<meta name=\"twitter:label2\" content=\"Tiempo de lectura\" \/>\n\t<meta name=\"twitter:data2\" content=\"2 minutos\" \/>\n<script type=\"application\/ld+json\" class=\"yoast-schema-graph\">{\"@context\":\"https:\\\/\\\/schema.org\",\"@graph\":[{\"@type\":\"Article\",\"@id\":\"https:\\\/\\\/www.laguiadepamplona.com\\\/actualidad\\\/el-ayuntamiento-cierra-el-llamamiento-extraordinario-de-naranjitos-al-cubrir-las-necesidades-en-menos-de-24-horas\\\/#article\",\"isPartOf\":{\"@id\":\"https:\\\/\\\/www.laguiadepamplona.com\\\/actualidad\\\/el-ayuntamiento-cierra-el-llamamiento-extraordinario-de-naranjitos-al-cubrir-las-necesidades-en-menos-de-24-horas\\\/\"},\"author\":{\"name\":\"La Gu\u00eda de Pamplona\",\"@id\":\"https:\\\/\\\/www.laguiadepamplona.com\\\/actualidad\\\/#\\\/schema\\\/person\\\/efe887376f0213d4657c93adc50b1fdb\"},\"headline\":\"El Ayuntamiento cierra el llamamiento extraordinario de \u2018naranjitos\u2019 al cubrir las necesidades en menos de 24 horas\",\"datePublished\":\"2022-06-17T16:28:23+00:00\",\"dateModified\":\"2023-04-11T09:48:02+00:00\",\"mainEntityOfPage\":{\"@id\":\"https:\\\/\\\/www.laguiadepamplona.com\\\/actualidad\\\/el-ayuntamiento-cierra-el-llamamiento-extraordinario-de-naranjitos-al-cubrir-las-necesidades-en-menos-de-24-horas\\\/\"},\"wordCount\":340,\"commentCount\":0,\"publisher\":{\"@id\":\"https:\\\/\\\/www.laguiadepamplona.com\\\/actualidad\\\/#organization\"},\"image\":{\"@id\":\"https:\\\/\\\/www.laguiadepamplona.com\\\/actualidad\\\/el-ayuntamiento-cierra-el-llamamiento-extraordinario-de-naranjitos-al-cubrir-las-necesidades-en-menos-de-24-horas\\\/#primaryimage\"},\"thumbnailUrl\":\"https:\\\/\\\/www.laguiadepamplona.com\\\/actualidad\\\/wp-content\\\/uploads\\\/2022\\\/06\\\/naranjitos.webp\",\"articleSection\":[\"Ayto Pamplona\",\"San Ferm\u00edn\"],\"inLanguage\":\"es\",\"potentialAction\":[{\"@type\":\"CommentAction\",\"name\":\"Comment\",\"target\":[\"https:\\\/\\\/www.laguiadepamplona.com\\\/actualidad\\\/el-ayuntamiento-cierra-el-llamamiento-extraordinario-de-naranjitos-al-cubrir-las-necesidades-en-menos-de-24-horas\\\/#respond\"]}]},{\"@type\":\"WebPage\",\"@id\":\"https:\\\/\\\/www.laguiadepamplona.com\\\/actualidad\\\/el-ayuntamiento-cierra-el-llamamiento-extraordinario-de-naranjitos-al-cubrir-las-necesidades-en-menos-de-24-horas\\\/\",\"url\":\"https:\\\/\\\/www.laguiadepamplona.com\\\/actualidad\\\/el-ayuntamiento-cierra-el-llamamiento-extraordinario-de-naranjitos-al-cubrir-las-necesidades-en-menos-de-24-horas\\\/\",\"name\":\"El Ayuntamiento cierra el llamamiento extraordinario de \u2018naranjitos\u2019 al cubrir las necesidades en menos de 24 horas\",\"isPartOf\":{\"@id\":\"https:\\\/\\\/www.laguiadepamplona.com\\\/actualidad\\\/#website\"},\"primaryImageOfPage\":{\"@id\":\"https:\\\/\\\/www.laguiadepamplona.com\\\/actualidad\\\/el-ayuntamiento-cierra-el-llamamiento-extraordinario-de-naranjitos-al-cubrir-las-necesidades-en-menos-de-24-horas\\\/#primaryimage\"},\"image\":{\"@id\":\"https:\\\/\\\/www.laguiadepamplona.com\\\/actualidad\\\/el-ayuntamiento-cierra-el-llamamiento-extraordinario-de-naranjitos-al-cubrir-las-necesidades-en-menos-de-24-horas\\\/#primaryimage\"},\"thumbnailUrl\":\"https:\\\/\\\/www.laguiadepamplona.com\\\/actualidad\\\/wp-content\\\/uploads\\\/2022\\\/06\\\/naranjitos.webp\",\"datePublished\":\"2022-06-17T16:28:23+00:00\",\"dateModified\":\"2023-04-11T09:48:02+00:00\",\"description\":\"M\u00e1s de 400 personas se han inscrito para realizar labores de orientaci\u00f3n e informaci\u00f3n durante las fiestas de San Ferm\u00edn\",\"breadcrumb\":{\"@id\":\"https:\\\/\\\/www.laguiadepamplona.com\\\/actualidad\\\/el-ayuntamiento-cierra-el-llamamiento-extraordinario-de-naranjitos-al-cubrir-las-necesidades-en-menos-de-24-horas\\\/#breadcrumb\"},\"inLanguage\":\"es\",\"potentialAction\":[{\"@type\":\"ReadAction\",\"target\":[\"https:\\\/\\\/www.laguiadepamplona.com\\\/actualidad\\\/el-ayuntamiento-cierra-el-llamamiento-extraordinario-de-naranjitos-al-cubrir-las-necesidades-en-menos-de-24-horas\\\/\"]}]},{\"@type\":\"ImageObject\",\"inLanguage\":\"es\",\"@id\":\"https:\\\/\\\/www.laguiadepamplona.com\\\/actualidad\\\/el-ayuntamiento-cierra-el-llamamiento-extraordinario-de-naranjitos-al-cubrir-las-necesidades-en-menos-de-24-horas\\\/#primaryimage\",\"url\":\"https:\\\/\\\/www.laguiadepamplona.com\\\/actualidad\\\/wp-content\\\/uploads\\\/2022\\\/06\\\/naranjitos.webp\",\"contentUrl\":\"https:\\\/\\\/www.laguiadepamplona.com\\\/actualidad\\\/wp-content\\\/uploads\\\/2022\\\/06\\\/naranjitos.webp\",\"width\":1920,\"height\":1440,\"caption\":\"naranjitos\"},{\"@type\":\"BreadcrumbList\",\"@id\":\"https:\\\/\\\/www.laguiadepamplona.com\\\/actualidad\\\/el-ayuntamiento-cierra-el-llamamiento-extraordinario-de-naranjitos-al-cubrir-las-necesidades-en-menos-de-24-horas\\\/#breadcrumb\",\"itemListElement\":[{\"@type\":\"ListItem\",\"position\":1,\"name\":\"Portada\",\"item\":\"https:\\\/\\\/www.laguiadepamplona.com\\\/actualidad\\\/\"},{\"@type\":\"ListItem\",\"position\":2,\"name\":\"El Ayuntamiento cierra el llamamiento extraordinario de \u2018naranjitos\u2019 al cubrir las necesidades en menos de 24 horas\"}]},{\"@type\":\"WebSite\",\"@id\":\"https:\\\/\\\/www.laguiadepamplona.com\\\/actualidad\\\/#website\",\"url\":\"https:\\\/\\\/www.laguiadepamplona.com\\\/actualidad\\\/\",\"name\":\"La gu\u00eda de Pamplona\",\"description\":\"Noticias de Pamplona\",\"publisher\":{\"@id\":\"https:\\\/\\\/www.laguiadepamplona.com\\\/actualidad\\\/#organization\"},\"potentialAction\":[{\"@type\":\"SearchAction\",\"target\":{\"@type\":\"EntryPoint\",\"urlTemplate\":\"https:\\\/\\\/www.laguiadepamplona.com\\\/actualidad\\\/?s={search_term_string}\"},\"query-input\":{\"@type\":\"PropertyValueSpecification\",\"valueRequired\":true,\"valueName\":\"search_term_string\"}}],\"inLanguage\":\"es\"},{\"@type\":\"Organization\",\"@id\":\"https:\\\/\\\/www.laguiadepamplona.com\\\/actualidad\\\/#organization\",\"name\":\"La Gu\u00eda de Pamplona \\\/ Noticias\",\"url\":\"https:\\\/\\\/www.laguiadepamplona.com\\\/actualidad\\\/\",\"logo\":{\"@type\":\"ImageObject\",\"inLanguage\":\"es\",\"@id\":\"https:\\\/\\\/www.laguiadepamplona.com\\\/actualidad\\\/#\\\/schema\\\/logo\\\/image\\\/\",\"url\":\"https:\\\/\\\/www.laguiadepamplona.com\\\/actualidad\\\/wp-content\\\/uploads\\\/2018\\\/11\\\/logo-laguiadepamplona18-web1.png\",\"contentUrl\":\"https:\\\/\\\/www.laguiadepamplona.com\\\/actualidad\\\/wp-content\\\/uploads\\\/2018\\\/11\\\/logo-laguiadepamplona18-web1.png\",\"width\":600,\"height\":196,\"caption\":\"La Gu\u00eda de Pamplona \\\/ Noticias\"},\"image\":{\"@id\":\"https:\\\/\\\/www.laguiadepamplona.com\\\/actualidad\\\/#\\\/schema\\\/logo\\\/image\\\/\"},\"sameAs\":[\"https:\\\/\\\/www.facebook.com\\\/laguiadepamplonacom-133175176762273\\\/?ref=hl\",\"https:\\\/\\\/x.com\\\/LaGuiadPamplona\",\"https:\\\/\\\/www.instagram.com\\\/la_guia_de_pamplona\\\/\",\"https:\\\/\\\/www.youtube.com\\\/user\\\/laguiadepamplona\"]},{\"@type\":\"Person\",\"@id\":\"https:\\\/\\\/www.laguiadepamplona.com\\\/actualidad\\\/#\\\/schema\\\/person\\\/efe887376f0213d4657c93adc50b1fdb\",\"name\":\"La Gu\u00eda de Pamplona\",\"image\":{\"@type\":\"ImageObject\",\"inLanguage\":\"es\",\"@id\":\"https:\\\/\\\/secure.gravatar.com\\\/avatar\\\/b6992f131dc8d30ab0dff15446e9d346d9dbd95992de0fef795073f5ea83a81c?s=96&d=mm&r=g\",\"url\":\"https:\\\/\\\/secure.gravatar.com\\\/avatar\\\/b6992f131dc8d30ab0dff15446e9d346d9dbd95992de0fef795073f5ea83a81c?s=96&d=mm&r=g\",\"contentUrl\":\"https:\\\/\\\/secure.gravatar.com\\\/avatar\\\/b6992f131dc8d30ab0dff15446e9d346d9dbd95992de0fef795073f5ea83a81c?s=96&d=mm&r=g\",\"caption\":\"La Gu\u00eda de Pamplona\"}}]}<\/script>\n<!-- \/ Yoast SEO plugin. -->","yoast_head_json":{"title":"El Ayuntamiento cierra el llamamiento extraordinario de \u2018naranjitos\u2019 al cubrir las necesidades en menos de 24 horas","description":"M\u00e1s de 400 personas se han inscrito para realizar labores de orientaci\u00f3n e informaci\u00f3n durante las fiestas de San Ferm\u00edn","robots":{"index":"index","follow":"follow","max-snippet":"max-snippet:-1","max-image-preview":"max-image-preview:large","max-video-preview":"max-video-preview:-1"},"canonical":"https:\/\/www.laguiadepamplona.com\/actualidad\/el-ayuntamiento-cierra-el-llamamiento-extraordinario-de-naranjitos-al-cubrir-las-necesidades-en-menos-de-24-horas\/","og_locale":"es_ES","og_type":"article","og_title":"El Ayuntamiento cierra el llamamiento extraordinario de \u2018naranjitos\u2019 al cubrir las necesidades en menos de 24 horas","og_description":"M\u00e1s de 400 personas se han inscrito para realizar labores de orientaci\u00f3n e informaci\u00f3n durante las fiestas de San Ferm\u00edn","og_url":"https:\/\/www.laguiadepamplona.com\/actualidad\/el-ayuntamiento-cierra-el-llamamiento-extraordinario-de-naranjitos-al-cubrir-las-necesidades-en-menos-de-24-horas\/","og_site_name":"La Gu\u00eda de Pamplona","article_publisher":"https:\/\/www.facebook.com\/laguiadepamplonacom-133175176762273\/?ref=hl","article_published_time":"2022-06-17T16:28:23+00:00","article_modified_time":"2023-04-11T09:48:02+00:00","og_image":[{"width":1920,"height":1440,"url":"https:\/\/www.laguiadepamplona.com\/actualidad\/wp-content\/uploads\/2022\/06\/naranjitos.webp","type":"image\/webp"}],"author":"La Gu\u00eda de Pamplona","twitter_card":"summary_large_image","twitter_creator":"@LaGuiadPamplona","twitter_site":"@LaGuiadPamplona","twitter_misc":{"Escrito por":"La Gu\u00eda de Pamplona","Tiempo de lectura":"2 minutos"},"schema":{"@context":"https:\/\/schema.org","@graph":[{"@type":"Article","@id":"https:\/\/www.laguiadepamplona.com\/actualidad\/el-ayuntamiento-cierra-el-llamamiento-extraordinario-de-naranjitos-al-cubrir-las-necesidades-en-menos-de-24-horas\/#article","isPartOf":{"@id":"https:\/\/www.laguiadepamplona.com\/actualidad\/el-ayuntamiento-cierra-el-llamamiento-extraordinario-de-naranjitos-al-cubrir-las-necesidades-en-menos-de-24-horas\/"},"author":{"name":"La Gu\u00eda de Pamplona","@id":"https:\/\/www.laguiadepamplona.com\/actualidad\/#\/schema\/person\/efe887376f0213d4657c93adc50b1fdb"},"headline":"El Ayuntamiento cierra el llamamiento extraordinario de \u2018naranjitos\u2019 al cubrir las necesidades en menos de 24 horas","datePublished":"2022-06-17T16:28:23+00:00","dateModified":"2023-04-11T09:48:02+00:00","mainEntityOfPage":{"@id":"https:\/\/www.laguiadepamplona.com\/actualidad\/el-ayuntamiento-cierra-el-llamamiento-extraordinario-de-naranjitos-al-cubrir-las-necesidades-en-menos-de-24-horas\/"},"wordCount":340,"commentCount":0,"publisher":{"@id":"https:\/\/www.laguiadepamplona.com\/actualidad\/#organization"},"image":{"@id":"https:\/\/www.laguiadepamplona.com\/actualidad\/el-ayuntamiento-cierra-el-llamamiento-extraordinario-de-naranjitos-al-cubrir-las-necesidades-en-menos-de-24-horas\/#primaryimage"},"thumbnailUrl":"https:\/\/www.laguiadepamplona.com\/actualidad\/wp-content\/uploads\/2022\/06\/naranjitos.webp","articleSection":["Ayto Pamplona","San Ferm\u00edn"],"inLanguage":"es","potentialAction":[{"@type":"CommentAction","name":"Comment","target":["https:\/\/www.laguiadepamplona.com\/actualidad\/el-ayuntamiento-cierra-el-llamamiento-extraordinario-de-naranjitos-al-cubrir-las-necesidades-en-menos-de-24-horas\/#respond"]}]},{"@type":"WebPage","@id":"https:\/\/www.laguiadepamplona.com\/actualidad\/el-ayuntamiento-cierra-el-llamamiento-extraordinario-de-naranjitos-al-cubrir-las-necesidades-en-menos-de-24-horas\/","url":"https:\/\/www.laguiadepamplona.com\/actualidad\/el-ayuntamiento-cierra-el-llamamiento-extraordinario-de-naranjitos-al-cubrir-las-necesidades-en-menos-de-24-horas\/","name":"El Ayuntamiento cierra el llamamiento extraordinario de \u2018naranjitos\u2019 al cubrir las necesidades en menos de 24 horas","isPartOf":{"@id":"https:\/\/www.laguiadepamplona.com\/actualidad\/#website"},"primaryImageOfPage":{"@id":"https:\/\/www.laguiadepamplona.com\/actualidad\/el-ayuntamiento-cierra-el-llamamiento-extraordinario-de-naranjitos-al-cubrir-las-necesidades-en-menos-de-24-horas\/#primaryimage"},"image":{"@id":"https:\/\/www.laguiadepamplona.com\/actualidad\/el-ayuntamiento-cierra-el-llamamiento-extraordinario-de-naranjitos-al-cubrir-las-necesidades-en-menos-de-24-horas\/#primaryimage"},"thumbnailUrl":"https:\/\/www.laguiadepamplona.com\/actualidad\/wp-content\/uploads\/2022\/06\/naranjitos.webp","datePublished":"2022-06-17T16:28:23+00:00","dateModified":"2023-04-11T09:48:02+00:00","description":"M\u00e1s de 400 personas se han inscrito para realizar labores de orientaci\u00f3n e informaci\u00f3n durante las fiestas de San Ferm\u00edn","breadcrumb":{"@id":"https:\/\/www.laguiadepamplona.com\/actualidad\/el-ayuntamiento-cierra-el-llamamiento-extraordinario-de-naranjitos-al-cubrir-las-necesidades-en-menos-de-24-horas\/#breadcrumb"},"inLanguage":"es","potentialAction":[{"@type":"ReadAction","target":["https:\/\/www.laguiadepamplona.com\/actualidad\/el-ayuntamiento-cierra-el-llamamiento-extraordinario-de-naranjitos-al-cubrir-las-necesidades-en-menos-de-24-horas\/"]}]},{"@type":"ImageObject","inLanguage":"es","@id":"https:\/\/www.laguiadepamplona.com\/actualidad\/el-ayuntamiento-cierra-el-llamamiento-extraordinario-de-naranjitos-al-cubrir-las-necesidades-en-menos-de-24-horas\/#primaryimage","url":"https:\/\/www.laguiadepamplona.com\/actualidad\/wp-content\/uploads\/2022\/06\/naranjitos.webp","contentUrl":"https:\/\/www.laguiadepamplona.com\/actualidad\/wp-content\/uploads\/2022\/06\/naranjitos.webp","width":1920,"height":1440,"caption":"naranjitos"},{"@type":"BreadcrumbList","@id":"https:\/\/www.laguiadepamplona.com\/actualidad\/el-ayuntamiento-cierra-el-llamamiento-extraordinario-de-naranjitos-al-cubrir-las-necesidades-en-menos-de-24-horas\/#breadcrumb","itemListElement":[{"@type":"ListItem","position":1,"name":"Portada","item":"https:\/\/www.laguiadepamplona.com\/actualidad\/"},{"@type":"ListItem","position":2,"name":"El Ayuntamiento cierra el llamamiento extraordinario de \u2018naranjitos\u2019 al cubrir las necesidades en menos de 24 horas"}]},{"@type":"WebSite","@id":"https:\/\/www.laguiadepamplona.com\/actualidad\/#website","url":"https:\/\/www.laguiadepamplona.com\/actualidad\/","name":"La gu\u00eda de Pamplona","description":"Noticias de Pamplona","publisher":{"@id":"https:\/\/www.laguiadepamplona.com\/actualidad\/#organization"},"potentialAction":[{"@type":"SearchAction","target":{"@type":"EntryPoint","urlTemplate":"https:\/\/www.laguiadepamplona.com\/actualidad\/?s={search_term_string}"},"query-input":{"@type":"PropertyValueSpecification","valueRequired":true,"valueName":"search_term_string"}}],"inLanguage":"es"},{"@type":"Organization","@id":"https:\/\/www.laguiadepamplona.com\/actualidad\/#organization","name":"La Gu\u00eda de Pamplona \/ Noticias","url":"https:\/\/www.laguiadepamplona.com\/actualidad\/","logo":{"@type":"ImageObject","inLanguage":"es","@id":"https:\/\/www.laguiadepamplona.com\/actualidad\/#\/schema\/logo\/image\/","url":"https:\/\/www.laguiadepamplona.com\/actualidad\/wp-content\/uploads\/2018\/11\/logo-laguiadepamplona18-web1.png","contentUrl":"https:\/\/www.laguiadepamplona.com\/actualidad\/wp-content\/uploads\/2018\/11\/logo-laguiadepamplona18-web1.png","width":600,"height":196,"caption":"La Gu\u00eda de Pamplona \/ Noticias"},"image":{"@id":"https:\/\/www.laguiadepamplona.com\/actualidad\/#\/schema\/logo\/image\/"},"sameAs":["https:\/\/www.facebook.com\/laguiadepamplonacom-133175176762273\/?ref=hl","https:\/\/x.com\/LaGuiadPamplona","https:\/\/www.instagram.com\/la_guia_de_pamplona\/","https:\/\/www.youtube.com\/user\/laguiadepamplona"]},{"@type":"Person","@id":"https:\/\/www.laguiadepamplona.com\/actualidad\/#\/schema\/person\/efe887376f0213d4657c93adc50b1fdb","name":"La Gu\u00eda de Pamplona","image":{"@type":"ImageObject","inLanguage":"es","@id":"https:\/\/secure.gravatar.com\/avatar\/b6992f131dc8d30ab0dff15446e9d346d9dbd95992de0fef795073f5ea83a81c?s=96&d=mm&r=g","url":"https:\/\/secure.gravatar.com\/avatar\/b6992f131dc8d30ab0dff15446e9d346d9dbd95992de0fef795073f5ea83a81c?s=96&d=mm&r=g","contentUrl":"https:\/\/secure.gravatar.com\/avatar\/b6992f131dc8d30ab0dff15446e9d346d9dbd95992de0fef795073f5ea83a81c?s=96&d=mm&r=g","caption":"La Gu\u00eda de Pamplona"}}]}},"post_mailing_queue_ids":[],"_links":{"self":[{"href":"https:\/\/www.laguiadepamplona.com\/actualidad\/wp-json\/wp\/v2\/posts\/40899","targetHints":{"allow":["GET"]}}],"collection":[{"href":"https:\/\/www.laguiadepamplona.com\/actualidad\/wp-json\/wp\/v2\/posts"}],"about":[{"href":"https:\/\/www.laguiadepamplona.com\/actualidad\/wp-json\/wp\/v2\/types\/post"}],"author":[{"embeddable":true,"href":"https:\/\/www.laguiadepamplona.com\/actualidad\/wp-json\/wp\/v2\/users\/1"}],"replies":[{"embeddable":true,"href":"https:\/\/www.laguiadepamplona.com\/actualidad\/wp-json\/wp\/v2\/comments?post=40899"}],"version-history":[{"count":0,"href":"https:\/\/www.laguiadepamplona.com\/actualidad\/wp-json\/wp\/v2\/posts\/40899\/revisions"}],"wp:featuredmedia":[{"embeddable":true,"href":"https:\/\/www.laguiadepamplona.com\/actualidad\/wp-json\/wp\/v2\/media\/40894"}],"wp:attachment":[{"href":"https:\/\/www.laguiadepamplona.com\/actualidad\/wp-json\/wp\/v2\/media?parent=40899"}],"wp:term":[{"taxonomy":"category","embeddable":true,"href":"https:\/\/www.laguiadepamplona.com\/actualidad\/wp-json\/wp\/v2\/categories?post=40899"},{"taxonomy":"post_tag","embeddable":true,"href":"https:\/\/www.laguiadepamplona.com\/actualidad\/wp-json\/wp\/v2\/tags?post=40899"}],"curies":[{"name":"wp","href":"https:\/\/api.w.org\/{rel}","templated":true}]}}