{"id":40896,"date":"2022-06-16T16:53:33","date_gmt":"2022-06-16T14:53:33","guid":{"rendered":"https:\/\/www.laguiadepamplona.com\/actualidad\/?p=40896"},"modified":"2023-04-11T11:48:02","modified_gmt":"2023-04-11T09:48:02","slug":"el-color-verde-este-viernes-la-fachada-con-motivo-del-dia-del-trastorno-de-deficiencia-de-cdkl5","status":"publish","type":"post","link":"https:\/\/www.laguiadepamplona.com\/actualidad\/el-color-verde-este-viernes-la-fachada-con-motivo-del-dia-del-trastorno-de-deficiencia-de-cdkl5\/","title":{"rendered":"El color verde te\u00f1ir\u00e1 este viernes la fachada de la Casa Consistorial con motivo del D\u00eda de Concienciaci\u00f3n del Trastorno de Deficiencia de CDKL5"},"content":{"rendered":"<p><!--more--><\/p>\n<p>El Ayuntamiento de Pamplona se suma este viernes al D\u00eda de Concienciaci\u00f3n del Trastorno de Deficiencia CDKL5. La fachada de la Casa Consistorial se iluminar\u00e1 de color verde tras la solicitud realizada por la Asociaci\u00f3n de Afectados CDKL5. La campa\u00f1a de sensibilizaci\u00f3n de ese d\u00eda se mover\u00e1 en redes sociales con los hashtags #cdkl5, #UnidosEnLaEsperanza y #ChocaEsos5AmigoCDKL5.<br \/>\n<script async src=\"\/\/pagead2.googlesyndication.com\/pagead\/js\/adsbygoogle.js\"><\/script><br \/>\n<!-- Noticias La Guia de Pamplona --><br \/>\n<ins class=\"adsbygoogle\"\nstyle=\"display:block\"\ndata-ad-client=\"ca-pub-6943679897239327\"\ndata-ad-slot=\"7048180777\"\ndata-ad-format=\"auto\"><\/ins><br \/>\n<script>\n(adsbygoogle = window.adsbygoogle || []).push({});\n<\/script><\/p>\n<p>El S\u00edndrome por deficiencia CDKL5 es una enfermedad gen\u00e9tica rara. Est\u00e1 causada por alteraciones en el gen CDKL5 (cyclin-dependent kinase-like 5), que es el que proporciona las instrucciones para generar una prote\u00edna que es esencial para el desarrollo del cerebro y sus neuronas. Una mutaci\u00f3n o deleci\u00f3n de ese gen provoca una producci\u00f3n err\u00f3nea de la prote\u00edna, que se traduce en un funcionamiento alterado del cerebro.<\/p>\n<p>Esta patolog\u00eda se identific\u00f3 por primera vez en 2004, pens\u00e1ndome originalmente que era una variante del S\u00edndrome Rett. Aunque se han identificado m\u00faltiples casos en varones, debido a la localizaci\u00f3n del gen en el cromosoma X, este s\u00edndrome es 4 veces m\u00e1s frecuente en el g\u00e9nero femenino. Se calcula que 1 de cada 42.000 personas nacidas en el mundo padecen esta alteraci\u00f3n gen\u00e9tica. Sin embargo, menos de un 10% tienen un diagn\u00f3stico correcto, por lo que se encuentra muy infradiagnosticada.<\/p>\n","protected":false},"excerpt":{"rendered":"","protected":false},"author":1,"featured_media":33755,"comment_status":"open","ping_status":"closed","sticky":false,"template":"","format":"standard","meta":{"footnotes":""},"categories":[2],"tags":[],"class_list":["post-40896","post","type-post","status-publish","format-standard","has-post-thumbnail","hentry","category-ayuntamiento-pamplona"],"yoast_head":"<!-- This site is optimized with the Yoast SEO plugin v27.3 - https:\/\/yoast.com\/product\/yoast-seo-wordpress\/ -->\n<title>El color verde te\u00f1ir\u00e1 este viernes la fachada de la Casa Consistorial con motivo del D\u00eda de Concienciaci\u00f3n del Trastorno de Deficiencia de CDKL5<\/title>\n<meta name=\"description\" content=\"El S\u00edndrome por deficiencia CDKL5 es una enfermedad gen\u00e9tica rara. Est\u00e1 causada por alteraciones en el gen CDKL5\" \/>\n<meta name=\"robots\" content=\"index, follow, max-snippet:-1, max-image-preview:large, max-video-preview:-1\" \/>\n<link rel=\"canonical\" href=\"https:\/\/www.laguiadepamplona.com\/actualidad\/el-color-verde-este-viernes-la-fachada-con-motivo-del-dia-del-trastorno-de-deficiencia-de-cdkl5\/\" \/>\n<meta property=\"og:locale\" content=\"es_ES\" \/>\n<meta property=\"og:type\" content=\"article\" \/>\n<meta property=\"og:title\" content=\"El color verde te\u00f1ir\u00e1 este viernes la fachada de la Casa Consistorial con motivo del D\u00eda de Concienciaci\u00f3n del Trastorno de Deficiencia de CDKL5\" \/>\n<meta property=\"og:description\" content=\"El S\u00edndrome por deficiencia CDKL5 es una enfermedad gen\u00e9tica rara. Est\u00e1 causada por alteraciones en el gen CDKL5\" \/>\n<meta property=\"og:url\" content=\"https:\/\/www.laguiadepamplona.com\/actualidad\/el-color-verde-este-viernes-la-fachada-con-motivo-del-dia-del-trastorno-de-deficiencia-de-cdkl5\/\" \/>\n<meta property=\"og:site_name\" content=\"La Gu\u00eda de Pamplona\" \/>\n<meta property=\"article:publisher\" content=\"https:\/\/www.facebook.com\/laguiadepamplonacom-133175176762273\/?ref=hl\" \/>\n<meta property=\"article:published_time\" content=\"2022-06-16T14:53:33+00:00\" \/>\n<meta property=\"article:modified_time\" content=\"2023-04-11T09:48:02+00:00\" \/>\n<meta property=\"og:image\" content=\"https:\/\/www.laguiadepamplona.com\/actualidad\/wp-content\/uploads\/2021\/03\/aytoverde_JGV1123.jpg\" \/>\n\t<meta property=\"og:image:width\" content=\"1920\" \/>\n\t<meta property=\"og:image:height\" content=\"1280\" \/>\n\t<meta property=\"og:image:type\" content=\"image\/jpeg\" \/>\n<meta name=\"author\" content=\"La Gu\u00eda de Pamplona\" \/>\n<meta name=\"twitter:card\" content=\"summary_large_image\" \/>\n<meta name=\"twitter:creator\" content=\"@LaGuiadPamplona\" \/>\n<meta name=\"twitter:site\" content=\"@LaGuiadPamplona\" \/>\n<meta name=\"twitter:label1\" content=\"Escrito por\" \/>\n\t<meta name=\"twitter:data1\" content=\"La Gu\u00eda de Pamplona\" \/>\n\t<meta name=\"twitter:label2\" content=\"Tiempo de lectura\" \/>\n\t<meta name=\"twitter:data2\" content=\"1 minuto\" \/>\n<script type=\"application\/ld+json\" class=\"yoast-schema-graph\">{\"@context\":\"https:\\\/\\\/schema.org\",\"@graph\":[{\"@type\":\"Article\",\"@id\":\"https:\\\/\\\/www.laguiadepamplona.com\\\/actualidad\\\/el-color-verde-este-viernes-la-fachada-con-motivo-del-dia-del-trastorno-de-deficiencia-de-cdkl5\\\/#article\",\"isPartOf\":{\"@id\":\"https:\\\/\\\/www.laguiadepamplona.com\\\/actualidad\\\/el-color-verde-este-viernes-la-fachada-con-motivo-del-dia-del-trastorno-de-deficiencia-de-cdkl5\\\/\"},\"author\":{\"name\":\"La Gu\u00eda de Pamplona\",\"@id\":\"https:\\\/\\\/www.laguiadepamplona.com\\\/actualidad\\\/#\\\/schema\\\/person\\\/efe887376f0213d4657c93adc50b1fdb\"},\"headline\":\"El color verde te\u00f1ir\u00e1 este viernes la fachada de la Casa Consistorial con motivo del D\u00eda de Concienciaci\u00f3n del Trastorno de Deficiencia de CDKL5\",\"datePublished\":\"2022-06-16T14:53:33+00:00\",\"dateModified\":\"2023-04-11T09:48:02+00:00\",\"mainEntityOfPage\":{\"@id\":\"https:\\\/\\\/www.laguiadepamplona.com\\\/actualidad\\\/el-color-verde-este-viernes-la-fachada-con-motivo-del-dia-del-trastorno-de-deficiencia-de-cdkl5\\\/\"},\"wordCount\":250,\"commentCount\":0,\"publisher\":{\"@id\":\"https:\\\/\\\/www.laguiadepamplona.com\\\/actualidad\\\/#organization\"},\"image\":{\"@id\":\"https:\\\/\\\/www.laguiadepamplona.com\\\/actualidad\\\/el-color-verde-este-viernes-la-fachada-con-motivo-del-dia-del-trastorno-de-deficiencia-de-cdkl5\\\/#primaryimage\"},\"thumbnailUrl\":\"https:\\\/\\\/www.laguiadepamplona.com\\\/actualidad\\\/wp-content\\\/uploads\\\/2021\\\/03\\\/aytoverde_JGV1123.jpg\",\"articleSection\":[\"Ayto Pamplona\"],\"inLanguage\":\"es\",\"potentialAction\":[{\"@type\":\"CommentAction\",\"name\":\"Comment\",\"target\":[\"https:\\\/\\\/www.laguiadepamplona.com\\\/actualidad\\\/el-color-verde-este-viernes-la-fachada-con-motivo-del-dia-del-trastorno-de-deficiencia-de-cdkl5\\\/#respond\"]}]},{\"@type\":\"WebPage\",\"@id\":\"https:\\\/\\\/www.laguiadepamplona.com\\\/actualidad\\\/el-color-verde-este-viernes-la-fachada-con-motivo-del-dia-del-trastorno-de-deficiencia-de-cdkl5\\\/\",\"url\":\"https:\\\/\\\/www.laguiadepamplona.com\\\/actualidad\\\/el-color-verde-este-viernes-la-fachada-con-motivo-del-dia-del-trastorno-de-deficiencia-de-cdkl5\\\/\",\"name\":\"El color verde te\u00f1ir\u00e1 este viernes la fachada de la Casa Consistorial con motivo del D\u00eda de Concienciaci\u00f3n del Trastorno de Deficiencia de CDKL5\",\"isPartOf\":{\"@id\":\"https:\\\/\\\/www.laguiadepamplona.com\\\/actualidad\\\/#website\"},\"primaryImageOfPage\":{\"@id\":\"https:\\\/\\\/www.laguiadepamplona.com\\\/actualidad\\\/el-color-verde-este-viernes-la-fachada-con-motivo-del-dia-del-trastorno-de-deficiencia-de-cdkl5\\\/#primaryimage\"},\"image\":{\"@id\":\"https:\\\/\\\/www.laguiadepamplona.com\\\/actualidad\\\/el-color-verde-este-viernes-la-fachada-con-motivo-del-dia-del-trastorno-de-deficiencia-de-cdkl5\\\/#primaryimage\"},\"thumbnailUrl\":\"https:\\\/\\\/www.laguiadepamplona.com\\\/actualidad\\\/wp-content\\\/uploads\\\/2021\\\/03\\\/aytoverde_JGV1123.jpg\",\"datePublished\":\"2022-06-16T14:53:33+00:00\",\"dateModified\":\"2023-04-11T09:48:02+00:00\",\"description\":\"El S\u00edndrome por deficiencia CDKL5 es una enfermedad gen\u00e9tica rara. Est\u00e1 causada por alteraciones en el gen CDKL5\",\"breadcrumb\":{\"@id\":\"https:\\\/\\\/www.laguiadepamplona.com\\\/actualidad\\\/el-color-verde-este-viernes-la-fachada-con-motivo-del-dia-del-trastorno-de-deficiencia-de-cdkl5\\\/#breadcrumb\"},\"inLanguage\":\"es\",\"potentialAction\":[{\"@type\":\"ReadAction\",\"target\":[\"https:\\\/\\\/www.laguiadepamplona.com\\\/actualidad\\\/el-color-verde-este-viernes-la-fachada-con-motivo-del-dia-del-trastorno-de-deficiencia-de-cdkl5\\\/\"]}]},{\"@type\":\"ImageObject\",\"inLanguage\":\"es\",\"@id\":\"https:\\\/\\\/www.laguiadepamplona.com\\\/actualidad\\\/el-color-verde-este-viernes-la-fachada-con-motivo-del-dia-del-trastorno-de-deficiencia-de-cdkl5\\\/#primaryimage\",\"url\":\"https:\\\/\\\/www.laguiadepamplona.com\\\/actualidad\\\/wp-content\\\/uploads\\\/2021\\\/03\\\/aytoverde_JGV1123.jpg\",\"contentUrl\":\"https:\\\/\\\/www.laguiadepamplona.com\\\/actualidad\\\/wp-content\\\/uploads\\\/2021\\\/03\\\/aytoverde_JGV1123.jpg\",\"width\":1920,\"height\":1280,\"caption\":\"A* Jes\u00fas Garzaron F* 2020_11_19 T* Fachada del Ayuntamiento iluminada de verde L* Ayuntamiento de Pamplona\"},{\"@type\":\"BreadcrumbList\",\"@id\":\"https:\\\/\\\/www.laguiadepamplona.com\\\/actualidad\\\/el-color-verde-este-viernes-la-fachada-con-motivo-del-dia-del-trastorno-de-deficiencia-de-cdkl5\\\/#breadcrumb\",\"itemListElement\":[{\"@type\":\"ListItem\",\"position\":1,\"name\":\"Portada\",\"item\":\"https:\\\/\\\/www.laguiadepamplona.com\\\/actualidad\\\/\"},{\"@type\":\"ListItem\",\"position\":2,\"name\":\"El color verde te\u00f1ir\u00e1 este viernes la fachada de la Casa Consistorial con motivo del D\u00eda de Concienciaci\u00f3n del Trastorno de Deficiencia de CDKL5\"}]},{\"@type\":\"WebSite\",\"@id\":\"https:\\\/\\\/www.laguiadepamplona.com\\\/actualidad\\\/#website\",\"url\":\"https:\\\/\\\/www.laguiadepamplona.com\\\/actualidad\\\/\",\"name\":\"La gu\u00eda de Pamplona\",\"description\":\"Noticias de Pamplona\",\"publisher\":{\"@id\":\"https:\\\/\\\/www.laguiadepamplona.com\\\/actualidad\\\/#organization\"},\"potentialAction\":[{\"@type\":\"SearchAction\",\"target\":{\"@type\":\"EntryPoint\",\"urlTemplate\":\"https:\\\/\\\/www.laguiadepamplona.com\\\/actualidad\\\/?s={search_term_string}\"},\"query-input\":{\"@type\":\"PropertyValueSpecification\",\"valueRequired\":true,\"valueName\":\"search_term_string\"}}],\"inLanguage\":\"es\"},{\"@type\":\"Organization\",\"@id\":\"https:\\\/\\\/www.laguiadepamplona.com\\\/actualidad\\\/#organization\",\"name\":\"La Gu\u00eda de Pamplona \\\/ Noticias\",\"url\":\"https:\\\/\\\/www.laguiadepamplona.com\\\/actualidad\\\/\",\"logo\":{\"@type\":\"ImageObject\",\"inLanguage\":\"es\",\"@id\":\"https:\\\/\\\/www.laguiadepamplona.com\\\/actualidad\\\/#\\\/schema\\\/logo\\\/image\\\/\",\"url\":\"https:\\\/\\\/www.laguiadepamplona.com\\\/actualidad\\\/wp-content\\\/uploads\\\/2018\\\/11\\\/logo-laguiadepamplona18-web1.png\",\"contentUrl\":\"https:\\\/\\\/www.laguiadepamplona.com\\\/actualidad\\\/wp-content\\\/uploads\\\/2018\\\/11\\\/logo-laguiadepamplona18-web1.png\",\"width\":600,\"height\":196,\"caption\":\"La Gu\u00eda de Pamplona \\\/ Noticias\"},\"image\":{\"@id\":\"https:\\\/\\\/www.laguiadepamplona.com\\\/actualidad\\\/#\\\/schema\\\/logo\\\/image\\\/\"},\"sameAs\":[\"https:\\\/\\\/www.facebook.com\\\/laguiadepamplonacom-133175176762273\\\/?ref=hl\",\"https:\\\/\\\/x.com\\\/LaGuiadPamplona\",\"https:\\\/\\\/www.instagram.com\\\/la_guia_de_pamplona\\\/\",\"https:\\\/\\\/www.youtube.com\\\/user\\\/laguiadepamplona\"]},{\"@type\":\"Person\",\"@id\":\"https:\\\/\\\/www.laguiadepamplona.com\\\/actualidad\\\/#\\\/schema\\\/person\\\/efe887376f0213d4657c93adc50b1fdb\",\"name\":\"La Gu\u00eda de Pamplona\",\"image\":{\"@type\":\"ImageObject\",\"inLanguage\":\"es\",\"@id\":\"https:\\\/\\\/secure.gravatar.com\\\/avatar\\\/b6992f131dc8d30ab0dff15446e9d346d9dbd95992de0fef795073f5ea83a81c?s=96&d=mm&r=g\",\"url\":\"https:\\\/\\\/secure.gravatar.com\\\/avatar\\\/b6992f131dc8d30ab0dff15446e9d346d9dbd95992de0fef795073f5ea83a81c?s=96&d=mm&r=g\",\"contentUrl\":\"https:\\\/\\\/secure.gravatar.com\\\/avatar\\\/b6992f131dc8d30ab0dff15446e9d346d9dbd95992de0fef795073f5ea83a81c?s=96&d=mm&r=g\",\"caption\":\"La Gu\u00eda de Pamplona\"}}]}<\/script>\n<!-- \/ Yoast SEO plugin. -->","yoast_head_json":{"title":"El color verde te\u00f1ir\u00e1 este viernes la fachada de la Casa Consistorial con motivo del D\u00eda de Concienciaci\u00f3n del Trastorno de Deficiencia de CDKL5","description":"El S\u00edndrome por deficiencia CDKL5 es una enfermedad gen\u00e9tica rara. Est\u00e1 causada por alteraciones en el gen CDKL5","robots":{"index":"index","follow":"follow","max-snippet":"max-snippet:-1","max-image-preview":"max-image-preview:large","max-video-preview":"max-video-preview:-1"},"canonical":"https:\/\/www.laguiadepamplona.com\/actualidad\/el-color-verde-este-viernes-la-fachada-con-motivo-del-dia-del-trastorno-de-deficiencia-de-cdkl5\/","og_locale":"es_ES","og_type":"article","og_title":"El color verde te\u00f1ir\u00e1 este viernes la fachada de la Casa Consistorial con motivo del D\u00eda de Concienciaci\u00f3n del Trastorno de Deficiencia de CDKL5","og_description":"El S\u00edndrome por deficiencia CDKL5 es una enfermedad gen\u00e9tica rara. Est\u00e1 causada por alteraciones en el gen CDKL5","og_url":"https:\/\/www.laguiadepamplona.com\/actualidad\/el-color-verde-este-viernes-la-fachada-con-motivo-del-dia-del-trastorno-de-deficiencia-de-cdkl5\/","og_site_name":"La Gu\u00eda de Pamplona","article_publisher":"https:\/\/www.facebook.com\/laguiadepamplonacom-133175176762273\/?ref=hl","article_published_time":"2022-06-16T14:53:33+00:00","article_modified_time":"2023-04-11T09:48:02+00:00","og_image":[{"width":1920,"height":1280,"url":"https:\/\/www.laguiadepamplona.com\/actualidad\/wp-content\/uploads\/2021\/03\/aytoverde_JGV1123.jpg","type":"image\/jpeg"}],"author":"La Gu\u00eda de Pamplona","twitter_card":"summary_large_image","twitter_creator":"@LaGuiadPamplona","twitter_site":"@LaGuiadPamplona","twitter_misc":{"Escrito por":"La Gu\u00eda de Pamplona","Tiempo de lectura":"1 minuto"},"schema":{"@context":"https:\/\/schema.org","@graph":[{"@type":"Article","@id":"https:\/\/www.laguiadepamplona.com\/actualidad\/el-color-verde-este-viernes-la-fachada-con-motivo-del-dia-del-trastorno-de-deficiencia-de-cdkl5\/#article","isPartOf":{"@id":"https:\/\/www.laguiadepamplona.com\/actualidad\/el-color-verde-este-viernes-la-fachada-con-motivo-del-dia-del-trastorno-de-deficiencia-de-cdkl5\/"},"author":{"name":"La Gu\u00eda de Pamplona","@id":"https:\/\/www.laguiadepamplona.com\/actualidad\/#\/schema\/person\/efe887376f0213d4657c93adc50b1fdb"},"headline":"El color verde te\u00f1ir\u00e1 este viernes la fachada de la Casa Consistorial con motivo del D\u00eda de Concienciaci\u00f3n del Trastorno de Deficiencia de CDKL5","datePublished":"2022-06-16T14:53:33+00:00","dateModified":"2023-04-11T09:48:02+00:00","mainEntityOfPage":{"@id":"https:\/\/www.laguiadepamplona.com\/actualidad\/el-color-verde-este-viernes-la-fachada-con-motivo-del-dia-del-trastorno-de-deficiencia-de-cdkl5\/"},"wordCount":250,"commentCount":0,"publisher":{"@id":"https:\/\/www.laguiadepamplona.com\/actualidad\/#organization"},"image":{"@id":"https:\/\/www.laguiadepamplona.com\/actualidad\/el-color-verde-este-viernes-la-fachada-con-motivo-del-dia-del-trastorno-de-deficiencia-de-cdkl5\/#primaryimage"},"thumbnailUrl":"https:\/\/www.laguiadepamplona.com\/actualidad\/wp-content\/uploads\/2021\/03\/aytoverde_JGV1123.jpg","articleSection":["Ayto Pamplona"],"inLanguage":"es","potentialAction":[{"@type":"CommentAction","name":"Comment","target":["https:\/\/www.laguiadepamplona.com\/actualidad\/el-color-verde-este-viernes-la-fachada-con-motivo-del-dia-del-trastorno-de-deficiencia-de-cdkl5\/#respond"]}]},{"@type":"WebPage","@id":"https:\/\/www.laguiadepamplona.com\/actualidad\/el-color-verde-este-viernes-la-fachada-con-motivo-del-dia-del-trastorno-de-deficiencia-de-cdkl5\/","url":"https:\/\/www.laguiadepamplona.com\/actualidad\/el-color-verde-este-viernes-la-fachada-con-motivo-del-dia-del-trastorno-de-deficiencia-de-cdkl5\/","name":"El color verde te\u00f1ir\u00e1 este viernes la fachada de la Casa Consistorial con motivo del D\u00eda de Concienciaci\u00f3n del Trastorno de Deficiencia de CDKL5","isPartOf":{"@id":"https:\/\/www.laguiadepamplona.com\/actualidad\/#website"},"primaryImageOfPage":{"@id":"https:\/\/www.laguiadepamplona.com\/actualidad\/el-color-verde-este-viernes-la-fachada-con-motivo-del-dia-del-trastorno-de-deficiencia-de-cdkl5\/#primaryimage"},"image":{"@id":"https:\/\/www.laguiadepamplona.com\/actualidad\/el-color-verde-este-viernes-la-fachada-con-motivo-del-dia-del-trastorno-de-deficiencia-de-cdkl5\/#primaryimage"},"thumbnailUrl":"https:\/\/www.laguiadepamplona.com\/actualidad\/wp-content\/uploads\/2021\/03\/aytoverde_JGV1123.jpg","datePublished":"2022-06-16T14:53:33+00:00","dateModified":"2023-04-11T09:48:02+00:00","description":"El S\u00edndrome por deficiencia CDKL5 es una enfermedad gen\u00e9tica rara. Est\u00e1 causada por alteraciones en el gen CDKL5","breadcrumb":{"@id":"https:\/\/www.laguiadepamplona.com\/actualidad\/el-color-verde-este-viernes-la-fachada-con-motivo-del-dia-del-trastorno-de-deficiencia-de-cdkl5\/#breadcrumb"},"inLanguage":"es","potentialAction":[{"@type":"ReadAction","target":["https:\/\/www.laguiadepamplona.com\/actualidad\/el-color-verde-este-viernes-la-fachada-con-motivo-del-dia-del-trastorno-de-deficiencia-de-cdkl5\/"]}]},{"@type":"ImageObject","inLanguage":"es","@id":"https:\/\/www.laguiadepamplona.com\/actualidad\/el-color-verde-este-viernes-la-fachada-con-motivo-del-dia-del-trastorno-de-deficiencia-de-cdkl5\/#primaryimage","url":"https:\/\/www.laguiadepamplona.com\/actualidad\/wp-content\/uploads\/2021\/03\/aytoverde_JGV1123.jpg","contentUrl":"https:\/\/www.laguiadepamplona.com\/actualidad\/wp-content\/uploads\/2021\/03\/aytoverde_JGV1123.jpg","width":1920,"height":1280,"caption":"A* Jes\u00fas Garzaron F* 2020_11_19 T* Fachada del Ayuntamiento iluminada de verde L* Ayuntamiento de Pamplona"},{"@type":"BreadcrumbList","@id":"https:\/\/www.laguiadepamplona.com\/actualidad\/el-color-verde-este-viernes-la-fachada-con-motivo-del-dia-del-trastorno-de-deficiencia-de-cdkl5\/#breadcrumb","itemListElement":[{"@type":"ListItem","position":1,"name":"Portada","item":"https:\/\/www.laguiadepamplona.com\/actualidad\/"},{"@type":"ListItem","position":2,"name":"El color verde te\u00f1ir\u00e1 este viernes la fachada de la Casa Consistorial con motivo del D\u00eda de Concienciaci\u00f3n del Trastorno de Deficiencia de CDKL5"}]},{"@type":"WebSite","@id":"https:\/\/www.laguiadepamplona.com\/actualidad\/#website","url":"https:\/\/www.laguiadepamplona.com\/actualidad\/","name":"La gu\u00eda de Pamplona","description":"Noticias de Pamplona","publisher":{"@id":"https:\/\/www.laguiadepamplona.com\/actualidad\/#organization"},"potentialAction":[{"@type":"SearchAction","target":{"@type":"EntryPoint","urlTemplate":"https:\/\/www.laguiadepamplona.com\/actualidad\/?s={search_term_string}"},"query-input":{"@type":"PropertyValueSpecification","valueRequired":true,"valueName":"search_term_string"}}],"inLanguage":"es"},{"@type":"Organization","@id":"https:\/\/www.laguiadepamplona.com\/actualidad\/#organization","name":"La Gu\u00eda de Pamplona \/ Noticias","url":"https:\/\/www.laguiadepamplona.com\/actualidad\/","logo":{"@type":"ImageObject","inLanguage":"es","@id":"https:\/\/www.laguiadepamplona.com\/actualidad\/#\/schema\/logo\/image\/","url":"https:\/\/www.laguiadepamplona.com\/actualidad\/wp-content\/uploads\/2018\/11\/logo-laguiadepamplona18-web1.png","contentUrl":"https:\/\/www.laguiadepamplona.com\/actualidad\/wp-content\/uploads\/2018\/11\/logo-laguiadepamplona18-web1.png","width":600,"height":196,"caption":"La Gu\u00eda de Pamplona \/ Noticias"},"image":{"@id":"https:\/\/www.laguiadepamplona.com\/actualidad\/#\/schema\/logo\/image\/"},"sameAs":["https:\/\/www.facebook.com\/laguiadepamplonacom-133175176762273\/?ref=hl","https:\/\/x.com\/LaGuiadPamplona","https:\/\/www.instagram.com\/la_guia_de_pamplona\/","https:\/\/www.youtube.com\/user\/laguiadepamplona"]},{"@type":"Person","@id":"https:\/\/www.laguiadepamplona.com\/actualidad\/#\/schema\/person\/efe887376f0213d4657c93adc50b1fdb","name":"La Gu\u00eda de Pamplona","image":{"@type":"ImageObject","inLanguage":"es","@id":"https:\/\/secure.gravatar.com\/avatar\/b6992f131dc8d30ab0dff15446e9d346d9dbd95992de0fef795073f5ea83a81c?s=96&d=mm&r=g","url":"https:\/\/secure.gravatar.com\/avatar\/b6992f131dc8d30ab0dff15446e9d346d9dbd95992de0fef795073f5ea83a81c?s=96&d=mm&r=g","contentUrl":"https:\/\/secure.gravatar.com\/avatar\/b6992f131dc8d30ab0dff15446e9d346d9dbd95992de0fef795073f5ea83a81c?s=96&d=mm&r=g","caption":"La Gu\u00eda de Pamplona"}}]}},"post_mailing_queue_ids":[],"_links":{"self":[{"href":"https:\/\/www.laguiadepamplona.com\/actualidad\/wp-json\/wp\/v2\/posts\/40896","targetHints":{"allow":["GET"]}}],"collection":[{"href":"https:\/\/www.laguiadepamplona.com\/actualidad\/wp-json\/wp\/v2\/posts"}],"about":[{"href":"https:\/\/www.laguiadepamplona.com\/actualidad\/wp-json\/wp\/v2\/types\/post"}],"author":[{"embeddable":true,"href":"https:\/\/www.laguiadepamplona.com\/actualidad\/wp-json\/wp\/v2\/users\/1"}],"replies":[{"embeddable":true,"href":"https:\/\/www.laguiadepamplona.com\/actualidad\/wp-json\/wp\/v2\/comments?post=40896"}],"version-history":[{"count":0,"href":"https:\/\/www.laguiadepamplona.com\/actualidad\/wp-json\/wp\/v2\/posts\/40896\/revisions"}],"wp:featuredmedia":[{"embeddable":true,"href":"https:\/\/www.laguiadepamplona.com\/actualidad\/wp-json\/wp\/v2\/media\/33755"}],"wp:attachment":[{"href":"https:\/\/www.laguiadepamplona.com\/actualidad\/wp-json\/wp\/v2\/media?parent=40896"}],"wp:term":[{"taxonomy":"category","embeddable":true,"href":"https:\/\/www.laguiadepamplona.com\/actualidad\/wp-json\/wp\/v2\/categories?post=40896"},{"taxonomy":"post_tag","embeddable":true,"href":"https:\/\/www.laguiadepamplona.com\/actualidad\/wp-json\/wp\/v2\/tags?post=40896"}],"curies":[{"name":"wp","href":"https:\/\/api.w.org\/{rel}","templated":true}]}}